{"id":477785,"date":"2025-10-30T05:58:04","date_gmt":"2025-10-30T04:58:04","guid":{"rendered":"https:\/\/www.radiopiu.net\/wordpress\/?p=477785"},"modified":"2025-10-30T08:24:45","modified_gmt":"2025-10-30T07:24:45","slug":"giornale-radiopiu-30-ottobre-2025-direttore-mirko-mezzacasa","status":"publish","type":"post","link":"https:\/\/www.radiopiu.net\/wordpress\/giornale-radiopiu-30-ottobre-2025-direttore-mirko-mezzacasa\/","title":{"rendered":"GIORNALE RADIOPIU 30 OTTOBRE 2025 DIRETTORE MIRKO MEZZACASA"},"content":{"rendered":"<p>********<\/p>\n<blockquote>\n<p data-start=\"0\" data-end=\"81\"><strong data-start=\"0\" data-end=\"79\"><a class=\"dt-pswp-item\" href=\"https:\/\/www.radiopiu.net\/wordpress\/wp-content\/uploads\/2025\/10\/Senza-nome-58.png\" data-dt-img-description=\"\" data-large_image_width=\"269\" data-large_image_height=\"153\"><img loading=\"lazy\" decoding=\"async\" class=\"size-full wp-image-478043 alignleft\" src=\"https:\/\/www.radiopiu.net\/wordpress\/wp-content\/uploads\/2025\/10\/Senza-nome-58.png\" alt=\"\" width=\"269\" height=\"153\" \/><\/a>TRAGEDIA A PIAVON DI ODERZO: MUORE 85ENNE SENZA PATENTE, FERITI 15 STUDENTI<\/strong><\/p>\n<\/blockquote>\n<p data-start=\"83\" data-end=\"310\">Gravissimo incidente ieri mattina a Piavon di Oderzo: un bus scolastico Atvo si \u00e8 ribaltato dopo lo scontro frontale con una Hyundai Tucson guidata da Germano De Luca, 85 anni, di Fregona, morto sul colpo. Sul bus viaggiavano una cinquantina di studenti tra i 14 e i 18 anni: quindici sono rimasti feriti in modo non grave e portati negli ospedali di Oderzo e San Don\u00e0. Secondo le indagini, De Luca aveva la patente revocata dal giorno prima e potrebbe essere stato colto da un malore. La Procura di Treviso ha aperto un\u2019inchiesta e disposto l\u2019autopsia. I soccorritori: \u00abSolo il fossato ha evitato una strage\u00bb. (FOTO corriere delle alpi L&#8217;AUTISTA ATVO\u00a0 ANGELO LUPOLI)<br \/>\n<a class=\"dt-pswp-item\" href=\"https:\/\/www.radiopiu.net\/wordpress\/wp-content\/uploads\/2025\/10\/Senza-nome-59.png\" data-dt-img-description=\"\" data-large_image_width=\"526\" data-large_image_height=\"283\"><img loading=\"lazy\" decoding=\"async\" class=\"alignnone size-medium wp-image-478044\" src=\"https:\/\/www.radiopiu.net\/wordpress\/wp-content\/uploads\/2025\/10\/Senza-nome-59-300x161.png\" alt=\"\" width=\"300\" height=\"161\" srcset=\"https:\/\/www.radiopiu.net\/wordpress\/wp-content\/uploads\/2025\/10\/Senza-nome-59-300x161.png 300w, https:\/\/www.radiopiu.net\/wordpress\/wp-content\/uploads\/2025\/10\/Senza-nome-59.png 526w\" sizes=\"auto, (max-width: 300px) 100vw, 300px\" \/><\/a><\/p>\n<h1 class=\"_title post-title entry-title\">VIGILI DEL FUOCO: \u00abSE IL FOSSATO FOSSE STATO PIU\u2019 PROFONDO SAREBBE STATA UNA STRAGE\u00bb<\/h1>\n<p>Intervistati FRANCESCO CICIRELLO (Funzionario Tecnico Vigili del Fuoco di Treviso), STEFANO CERCHIER (Presidente Atvo) (Servizio di\u00a0<a href=\"https:\/\/antennatre.medianordest.it\/redazione\/Francesca-Bozza\/\">Francesca Bozza<\/a>)<\/p>\n<p><iframe loading=\"lazy\" title=\"VIGILI DEL FUOCO: \u00abSE IL FOSSATO FOSSE STATO PIU&#039; PROFONDO SAREBBE STATA UNA STRAGE\u00bb | 29\/10\/2025\" width=\"1200\" height=\"675\" src=\"https:\/\/www.youtube.com\/embed\/rc3lc2eO3Qw?feature=oembed\" frameborder=\"0\" allow=\"accelerometer; autoplay; clipboard-write; encrypted-media; gyroscope; picture-in-picture; web-share\" referrerpolicy=\"strict-origin-when-cross-origin\" allowfullscreen><\/iframe><\/p>\n<p>&nbsp;<\/p>\n<hr \/>\n<p>&nbsp;<\/p>\n<p><em><span style=\"color: #ff0000;\"><a class=\"dt-pswp-item\" href=\"https:\/\/www.radiopiu.net\/wordpress\/wp-content\/uploads\/2024\/10\/Senza-nome-8.png\" data-dt-img-description=\"\" data-large_image_width=\"343\" data-large_image_height=\"303\"><img loading=\"lazy\" decoding=\"async\" class=\"wp-image-412130 alignleft\" src=\"https:\/\/www.radiopiu.net\/wordpress\/wp-content\/uploads\/2024\/10\/Senza-nome-8-300x265.png\" alt=\"\" width=\"105\" height=\"93\" srcset=\"https:\/\/www.radiopiu.net\/wordpress\/wp-content\/uploads\/2024\/10\/Senza-nome-8-300x265.png 300w, https:\/\/www.radiopiu.net\/wordpress\/wp-content\/uploads\/2024\/10\/Senza-nome-8.png 343w\" sizes=\"auto, (max-width: 105px) 100vw, 105px\" \/><\/a><\/span><\/em><strong><em><span style=\"color: #ff0000;\"> LA\u00a0 APP PER IOS-IPHONE di Nicola Vettorello<\/span><\/em><\/strong><\/p>\n<p><strong><span style=\"color: #0000ff;\"><a style=\"color: #0000ff;\" href=\"https:\/\/apps.apple.com\/it\/app\/radio-pi%C3%B9-emittente-agordina\/id1515939845\">https:\/\/apps.apple.com\/it\/app\/radio-pi%C3%B9-emittente-agordina\/id1515939845<\/a><\/span><\/strong><\/p>\n<p><strong><em style=\"color: #ff0000;\">LA\u00a0 APP RADIO\u00a0 PER ANDROID di Nicola Vettorello<\/em><\/strong><\/p>\n<p><strong><span style=\"color: #0000ff;\"><a style=\"color: #0000ff;\" href=\"https:\/\/play.google.com\/store\/apps\/details?id=net.radiopiu.iniko\" target=\"_blank\" rel=\"noopener noreferrer\">https:\/\/<\/a><a style=\"color: #0000ff;\" href=\"https:\/\/play.google.com\/store\/apps\/details?id=net.radiopiu.iniko\" target=\"_blank\" rel=\"noopener noreferrer\">play.google.com\/store\/apps\/details?id=net.radiopiu.iniko\u00a0\u00a0\u00a0\u00a0\u00a0<\/a><\/span><\/strong><\/p>\n<p>&nbsp;<\/p>\n<p>&nbsp;<\/p>\n<hr \/>\n<p>&nbsp;<\/p>\n<blockquote>\n<div class=\"mceTemp\">\n<h1 data-start=\"0\" data-end=\"60\"><strong data-start=\"0\" data-end=\"60\">OGGI SU RADIOPI\u00d9: <span style=\"color: #000000;\">MUSICA, informazione\u00a0<\/span> e dirette\u00a0\u00a0<\/strong><\/h1>\n<\/div>\n<\/blockquote>\n<p><strong class=\"photoswipe-wrapper\"><a class=\"dt-pswp-item\" href=\"https:\/\/www.radiopiu.net\/wordpress\/wp-content\/uploads\/2025\/10\/0061c0b7-c990-466f-b2ac-c4741d2f1328.jpg\" data-dt-img-description=\"\" data-large_image_width=\"1138\" data-large_image_height=\"1600\"><img loading=\"lazy\" decoding=\"async\" class=\" wp-image-477972 alignleft\" src=\"https:\/\/www.radiopiu.net\/wordpress\/wp-content\/uploads\/2025\/10\/0061c0b7-c990-466f-b2ac-c4741d2f1328-213x300.jpg\" alt=\"\" width=\"133\" height=\"187\" srcset=\"https:\/\/www.radiopiu.net\/wordpress\/wp-content\/uploads\/2025\/10\/0061c0b7-c990-466f-b2ac-c4741d2f1328-213x300.jpg 213w, https:\/\/www.radiopiu.net\/wordpress\/wp-content\/uploads\/2025\/10\/0061c0b7-c990-466f-b2ac-c4741d2f1328-728x1024.jpg 728w, https:\/\/www.radiopiu.net\/wordpress\/wp-content\/uploads\/2025\/10\/0061c0b7-c990-466f-b2ac-c4741d2f1328-768x1080.jpg 768w, https:\/\/www.radiopiu.net\/wordpress\/wp-content\/uploads\/2025\/10\/0061c0b7-c990-466f-b2ac-c4741d2f1328-1092x1536.jpg 1092w, https:\/\/www.radiopiu.net\/wordpress\/wp-content\/uploads\/2025\/10\/0061c0b7-c990-466f-b2ac-c4741d2f1328.jpg 1138w\" sizes=\"auto, (max-width: 133px) 100vw, 133px\" \/><\/a>ALLE 8.05 LA RASSEGNA STAMPA LOCALE 8.25 PIU SIAMO, DI MARINA DONA&#8217; 900\u00a0 \u00a0 la musica country di alex nascinben 9.40 OGGI COME IERI, CON SILVIA BALDO <\/strong><strong>10.10\u00a0 \u00a0 sei in radio se&#8230; da facebook con Marina Don\u00e0 10.30 i colori della mia terra, il libro di Giuliana Da Ronch 10.40\u00a0 \u00a0DALLO STAND DELL&#8217;APPIA AD ARREDAMONT, LONGARONE LE INTERVISE PER LE TRE RADIO\u00a0 11.00 arcade show di elia casagrande 12 LISCIO NON TI LASCIO DI MIRCO BENVICENNI\u00a0 13.10 TRE PER DUE PER TE&#8230; CON MARINA DONA&#8217;\u00a0 13.20\u00a0 collage operazione nostalgia, con loris scussel\u00a0 14.00 foglie e castagne musica d&#8217;autunno\u00a0 14.30 GOLDEN CLASSIC CON MARCO EDELVAIS<\/strong><strong> 15.00 UEEEB\u00a0 LA STORICA VOCE DI NINO FIABANE AL SECOLO MAURIZIO SALINBENI CON MARINA DONA&#8217; <\/strong><strong>16 45 LE HIT STORICHE DI MIRCO BENCIVENNI<\/strong> <strong>19.05 LE ANTICIPAZIONI DAL TG DI ANTENNA 3 DA UN\u2019IDEA DI TIZIANA BOLOGNANI\u00a0<\/strong><\/p>\n<p>&nbsp;<\/p>\n<p>&nbsp;<\/p>\n<hr \/>\n<p>&nbsp;<\/p>\n<div class=\"x11i5rnm xat24cr x1mh8g0r x1vvkbs xtlvy1s x126k92a\">\n<blockquote>\n<h1><strong><a class=\"dt-pswp-item\" href=\"https:\/\/www.radiopiu.net\/wordpress\/wp-content\/uploads\/2024\/10\/629301fd-708d-4f53-95c2-d28cbefd500f.jpg\" data-dt-img-description=\"\" data-large_image_width=\"1600\" data-large_image_height=\"1322\"><img loading=\"lazy\" decoding=\"async\" class=\"wp-image-413782 alignright\" src=\"https:\/\/www.radiopiu.net\/wordpress\/wp-content\/uploads\/2024\/10\/629301fd-708d-4f53-95c2-d28cbefd500f-300x248.jpg\" alt=\"\" width=\"106\" height=\"88\" srcset=\"https:\/\/www.radiopiu.net\/wordpress\/wp-content\/uploads\/2024\/10\/629301fd-708d-4f53-95c2-d28cbefd500f-300x248.jpg 300w, https:\/\/www.radiopiu.net\/wordpress\/wp-content\/uploads\/2024\/10\/629301fd-708d-4f53-95c2-d28cbefd500f-1024x846.jpg 1024w, https:\/\/www.radiopiu.net\/wordpress\/wp-content\/uploads\/2024\/10\/629301fd-708d-4f53-95c2-d28cbefd500f-768x635.jpg 768w, https:\/\/www.radiopiu.net\/wordpress\/wp-content\/uploads\/2024\/10\/629301fd-708d-4f53-95c2-d28cbefd500f-1536x1269.jpg 1536w, https:\/\/www.radiopiu.net\/wordpress\/wp-content\/uploads\/2024\/10\/629301fd-708d-4f53-95c2-d28cbefd500f.jpg 1600w\" sizes=\"auto, (max-width: 106px) 100vw, 106px\" \/><\/a><\/strong><\/h1>\n<h1><strong><a class=\"dt-pswp-item\" href=\"https:\/\/www.radiopiu.net\/wordpress\/wp-content\/uploads\/2024\/11\/th-18.jpg\" data-dt-img-description=\"\" data-large_image_width=\"156\" data-large_image_height=\"180\"><img loading=\"lazy\" decoding=\"async\" class=\"size-full wp-image-421611 alignleft\" src=\"https:\/\/www.radiopiu.net\/wordpress\/wp-content\/uploads\/2024\/11\/th-18.jpg\" alt=\"\" width=\"156\" height=\"180\" \/><\/a><\/strong><\/h1>\n<h1><strong>N di parom &#8211; L Almanach de la nosta jent<\/strong><\/h1>\n<\/blockquote>\n<p>&nbsp;<\/p>\n<p>Le voci: Davide Conedera, Agordo, Michela Dell&#8217;Osbel, La Valle Agordina Simone Ganz, Falcade Veronica Lezuo, Colle Santa Lucia. La voce nella sigla \u00e8 di Giorgia Taio<\/p>\n<p><strong>LA PUNTATA DI OGGI, 30 OTTOBRE 2025<\/strong><\/p>\n<p>&nbsp;<\/p>\n<audio class=\"wp-audio-shortcode\" id=\"audio-477785-1\" preload=\"none\" style=\"width: 100%;\" controls=\"controls\"><source type=\"audio\/mpeg\" src=\"https:\/\/www.radiopiu.net\/wordpress\/wp-content\/uploads\/2025\/10\/AL4-3.mp3?_=1\" \/><a href=\"https:\/\/www.radiopiu.net\/wordpress\/wp-content\/uploads\/2025\/10\/AL4-3.mp3\">https:\/\/www.radiopiu.net\/wordpress\/wp-content\/uploads\/2025\/10\/AL4-3.mp3<\/a><\/audio>\n<p>&nbsp;<\/p>\n<\/div>\n<hr \/>\n<p>&nbsp;<\/p>\n<p>&nbsp;<\/p>\n<div class=\"x11i5rnm xat24cr x1mh8g0r x1vvkbs xtlvy1s x126k92a\">\n<div dir=\"auto\">\n<div dir=\"auto\">\n<p><strong><a class=\"dt-pswp-item\" href=\"https:\/\/www.radiopiu.net\/wordpress\/wp-content\/uploads\/2025\/09\/file-4.jpg\" data-dt-img-description=\"\" data-large_image_width=\"640\" data-large_image_height=\"641\"><img loading=\"lazy\" decoding=\"async\" class=\"wp-image-471370 alignleft\" src=\"https:\/\/www.radiopiu.net\/wordpress\/wp-content\/uploads\/2025\/09\/file-4-300x300.jpg\" alt=\"\" width=\"170\" height=\"170\" srcset=\"https:\/\/www.radiopiu.net\/wordpress\/wp-content\/uploads\/2025\/09\/file-4-300x300.jpg 300w, https:\/\/www.radiopiu.net\/wordpress\/wp-content\/uploads\/2025\/09\/file-4-150x150.jpg 150w, https:\/\/www.radiopiu.net\/wordpress\/wp-content\/uploads\/2025\/09\/file-4.jpg 640w\" sizes=\"auto, (max-width: 170px) 100vw, 170px\" \/><\/a>EL BAL DEL FIOR, DI GIULIANA DA RONCH, 30 OTTOBRE<\/strong><strong>\u00a02025<\/strong><\/p>\n<\/div>\n<\/div>\n<div dir=\"auto\">\n<div dir=\"auto\">\n<p>&nbsp;<\/p>\n<\/div>\n<\/div>\n<\/div>\n<div class=\"x11i5rnm xat24cr x1mh8g0r x1vvkbs xtlvy1s x126k92a\">\n<div dir=\"auto\">\n<p>&nbsp;<\/p>\n<p>&nbsp;<\/p>\n<audio class=\"wp-audio-shortcode\" id=\"audio-477785-2\" preload=\"none\" style=\"width: 100%;\" controls=\"controls\"><source type=\"audio\/mpeg\" src=\"https:\/\/www.radiopiu.net\/wordpress\/wp-content\/uploads\/2025\/10\/GGI-3.mp3?_=2\" \/><a href=\"https:\/\/www.radiopiu.net\/wordpress\/wp-content\/uploads\/2025\/10\/GGI-3.mp3\">https:\/\/www.radiopiu.net\/wordpress\/wp-content\/uploads\/2025\/10\/GGI-3.mp3<\/a><\/audio>\n<p>&nbsp;<\/p>\n<hr \/>\n<\/div>\n<\/div>\n<blockquote>\n<blockquote>\n<h1><span style=\"color: #ff0000;\">\u00a0<\/span><\/h1>\n<h1><span style=\"color: #ff0000;\">I podcast informativi del mattino &#8211; audio &#8211;\u00a0\u00a0<\/span><\/h1>\n<\/blockquote>\n<p><strong><a class=\"dt-pswp-item\" href=\"https:\/\/www.radiopiu.net\/wordpress\/wp-content\/uploads\/2024\/11\/6.jpg\" data-dt-img-description=\"\" data-large_image_width=\"177\" data-large_image_height=\"180\"><img loading=\"lazy\" decoding=\"async\" class=\"size-full wp-image-417911 alignleft\" src=\"https:\/\/www.radiopiu.net\/wordpress\/wp-content\/uploads\/2024\/11\/6.jpg\" alt=\"\" width=\"177\" height=\"180\" \/><\/a>LA RASSEGNA STAMPA NAZIONALE ALLA RADIO, OGNI GIORNO ALLE 5 E ALLE 6 DEL MATTINO <span style=\"color: #0000ff;\">viene pubblicata alle 6.00 <span style=\"color: #ff0000;\">DIRETTA RADIO\u00a0 \u00a0\u00a0<\/span><\/span><\/strong><\/p><\/blockquote>\n<h1><strong>NOTIZIE DELLA NOTTE\u00a0 \u00a0<\/strong><\/h1>\n<p data-start=\"452\" data-end=\"740\"><strong data-start=\"452\" data-end=\"460\">CUBA<\/strong> \u2013 Dopo il passaggio devastante dell\u2019uragano Melissa, l\u2019intera isola \u00e8 al buio: infrastrutture distrutte, migliaia di famiglie isolate e gravi danni alle colture. Le autorit\u00e0 parlano di una crisi senza precedenti e di tempi lunghi per il ripristino della rete elettrica.<\/p>\n<p data-start=\"742\" data-end=\"1116\"><strong data-start=\"742\" data-end=\"759\">COREA DEL SUD<\/strong> \u2013 Si \u00e8 concluso dopo meno di due ore l\u2019atteso incontro tra Donald Trump e Xi Jinping, primo faccia a faccia dopo mesi di tensioni. \u201cPu\u00f2 darsi che firmeremo un accordo\u201d, ha dichiarato Trump, mentre dalla Casa Bianca arriva la conferma che gli Stati Uniti intendono riprendere i test nucleari, segnale che accresce le preoccupazioni internazionali.<\/p>\n<p data-start=\"1118\" data-end=\"1274\"><strong data-start=\"1118\" data-end=\"1130\">PACIFICO<\/strong> \u2013 Il Pentagono ha confermato un nuovo attacco contro una nave della droga: intercettato un carico di oltre tre tonnellate di cocaina.<\/p>\n<p data-start=\"1276\" data-end=\"1467\"><strong data-start=\"1276\" data-end=\"1292\">ITALIA \/ ONU<\/strong> \u2013 Bufera su Francesca Albanese, relatrice ONU, dopo le sue parole: \u201cL\u2019Italia tra i complici del genocidio\u201d. Il governo valuta una risposta ufficiale alla dichiarazione.<\/p>\n<p data-start=\"1469\" data-end=\"1595\"><strong data-start=\"1469\" data-end=\"1481\">ECONOMIA<\/strong> \u2013 Apertura in ribasso per la Borsa di Tokyo (-0,39%), in scia alle incertezze globali sui mercati asiatici.<\/p>\n<p data-start=\"1597\" data-end=\"1732\"><strong data-start=\"1597\" data-end=\"1607\">OLANDA<\/strong> \u2013 Dopo le elezioni, il leader centrista Rob Jetten commenta: \u201cGli olandesi hanno detto addio alla politica dell\u2019odio<\/p>\n<h1>IL GIORNALE DELLE SEI DEL MATTINO<\/h1>\n<audio class=\"wp-audio-shortcode\" id=\"audio-477785-3\" preload=\"none\" style=\"width: 100%;\" controls=\"controls\"><source type=\"audio\/mpeg\" src=\"https:\/\/www.radiopiu.net\/wordpress\/wp-content\/uploads\/2025\/10\/GIORNALEDELLESEI-26.mp3?_=3\" \/><a href=\"https:\/\/www.radiopiu.net\/wordpress\/wp-content\/uploads\/2025\/10\/GIORNALEDELLESEI-26.mp3\">https:\/\/www.radiopiu.net\/wordpress\/wp-content\/uploads\/2025\/10\/GIORNALEDELLESEI-26.mp3<\/a><\/audio>\n<p>&nbsp;<\/p>\n<p>&nbsp;<\/p>\n<hr \/>\n<p>&nbsp;<\/p>\n<h1 style=\"text-align: center;\"><span style=\"color: #ff0000;\"><a class=\"dt-pswp-item\" href=\"https:\/\/www.radiopiu.net\/wordpress\/wp-content\/uploads\/2024\/11\/7.jpg\" data-dt-img-description=\"\" data-large_image_width=\"180\" data-large_image_height=\"180\"><img loading=\"lazy\" decoding=\"async\" class=\"size-full wp-image-417912 alignleft\" src=\"https:\/\/www.radiopiu.net\/wordpress\/wp-content\/uploads\/2024\/11\/7.jpg\" alt=\"\" width=\"180\" height=\"180\" srcset=\"https:\/\/www.radiopiu.net\/wordpress\/wp-content\/uploads\/2024\/11\/7.jpg 180w, https:\/\/www.radiopiu.net\/wordpress\/wp-content\/uploads\/2024\/11\/7-150x150.jpg 150w\" sizes=\"auto, (max-width: 180px) 100vw, 180px\" \/><\/a>I podcast informativi del mattino &#8211; audio &#8211;\u00a0<\/span><\/h1>\n<p><strong>OGNI GIORNO ALLE SETTE DEL MATTINO, LA RASSEGNA STAMPA LOCALE FLASH&#8230; PER CHI VA IN FRETTA. I TITOLI DAI GIORNALI E DAL SITO WWW.RADIOPIU.NET <span style=\"color: #0000ff;\">viene pubblicato alle 7.00<\/span> <span style=\"color: #ff0000;\">DIRETTA RADIO\u00a0<\/span><\/strong><\/p>\n<p><em><span style=\"color: #ff0000;\">per chi va in fretta&#8230; tante notizie in pochi minuti. L&#8217;informazione locale alla radio, ogni ora dalle 7 del mattino alle 19 della sera.\u00a0\u00a0<\/span><\/em><\/p>\n<p><strong data-start=\"0\" data-end=\"62\">Notizie locali dal Bellunese: tra cronaca, eventi e novit\u00e0<\/strong><\/p>\n<div class=\"flex flex-1 grow basis-auto flex-col overflow-hidden\">\n<div class=\"relative h-full\">\n<div class=\"flex h-full flex-col overflow-y-auto [scrollbar-gutter:stable]\">\n<div class=\"mt-1.5 flex flex-col text-sm @thread-xl\/thread:pt-header-height md:pb-9\">\n<article class=\"group\/turn w-full text-token-text-primary focus-visible:outline-none\" dir=\"auto\" tabindex=\"-1\" data-testid=\"conversation-turn-2\" data-scroll-anchor=\"true\">\n<div class=\"text-base my-auto mx-auto py-5 px-6\">\n<div class=\"mx-auto flex flex-1 text-base gap-4 md:gap-5 lg:gap-6 md:max-w-3xl\">\n<div class=\"group\/conversation-turn relative flex w-full min-w-0 flex-col agent-turn @xs\/thread:px-0 @sm\/thread:px-1.5 @md\/thread:px-4\">\n<div class=\"relative flex-col gap-1 md:gap-3\">\n<div class=\"flex max-w-full flex-col flex-grow\">\n<div class=\"min-h-8 text-message relative flex w-full flex-col items-end gap-2 whitespace-normal break-words text-start [.text-message+&amp;]:mt-5\" dir=\"auto\" data-message-author-role=\"assistant\" data-message-id=\"bff05fc0-dc7c-4ab7-9b20-d3eec753127b\" data-message-model-slug=\"gpt-4o-mini\">\n<div class=\"flex w-full flex-col gap-1 empty:hidden first:pt-[3px]\">\n<div class=\"markdown prose w-full break-words dark:prose-invert dark\">\n<p class=\"\" data-start=\"64\" data-end=\"329\"><em><strong>Radio Pi\u00f9 offre una panoramica sui principali eventi e notizie in provincia di Belluno, accompagnata dalla programmazione radiofonica. Tra le principali notizie<\/strong><\/em><\/p>\n<\/div>\n<\/div>\n<\/div>\n<\/div>\n<\/div>\n<\/div>\n<\/div>\n<\/div>\n<\/article>\n<\/div>\n<\/div>\n<\/div>\n<\/div>\n<h1>AUDIO dalle 7 del mattino<\/h1>\n<audio class=\"wp-audio-shortcode\" id=\"audio-477785-4\" preload=\"none\" style=\"width: 100%;\" controls=\"controls\"><source type=\"audio\/mpeg\" src=\"https:\/\/www.radiopiu.net\/wordpress\/wp-content\/uploads\/2025\/10\/GF07-25.mp3?_=4\" \/><a href=\"https:\/\/www.radiopiu.net\/wordpress\/wp-content\/uploads\/2025\/10\/GF07-25.mp3\">https:\/\/www.radiopiu.net\/wordpress\/wp-content\/uploads\/2025\/10\/GF07-25.mp3<\/a><\/audio>\n<p>&nbsp;<\/p>\n<p>&nbsp;<\/p>\n<hr \/>\n<p>&nbsp;<\/p>\n<h1><\/h1>\n<h1 style=\"text-align: center;\"><span style=\"color: #ff0000;\"><a class=\"dt-pswp-item\" href=\"https:\/\/www.radiopiu.net\/wordpress\/wp-content\/uploads\/2024\/11\/th.jpg\" data-dt-img-description=\"\" data-large_image_width=\"148\" data-large_image_height=\"179\"><img loading=\"lazy\" decoding=\"async\" class=\" wp-image-417913 alignleft\" src=\"https:\/\/www.radiopiu.net\/wordpress\/wp-content\/uploads\/2024\/11\/th.jpg\" alt=\"\" width=\"66\" height=\"80\" \/><\/a>I podcast informativi del mattino &#8211; audio &#8211;\u00a0<\/span><\/h1>\n<blockquote><p><strong>GIORNALE RADIO NAZIONALE, EDIZIONE DELLE SETTE <span style=\"color: #0000ff;\">viene pubblicato alle 7.05 <span style=\"color: #ff0000;\">DIRETTA RADIO\u00a0<\/span><\/span><\/strong><\/p><\/blockquote>\n<p><strong>il giornale radionazionale e&#8217; in onda ogni ora, dalle sette del mattino alle venti della sera\u00a0 \u00a0\u00a0<\/strong><\/p>\n<blockquote>\n<h2><em><a class=\"dt-pswp-item\" href=\"https:\/\/www.radiopiu.net\/wordpress\/wp-content\/uploads\/2025\/02\/download-7.jpg\" data-dt-img-description=\"\" data-large_image_width=\"211\" data-large_image_height=\"239\"><img loading=\"lazy\" decoding=\"async\" class=\" wp-image-435553 alignleft\" src=\"https:\/\/www.radiopiu.net\/wordpress\/wp-content\/uploads\/2025\/02\/download-7.jpg\" alt=\"\" width=\"186\" height=\"211\" \/><\/a><span style=\"color: #ff0000;\">RADIOPI\u00d9<\/span> \u2013 La voce del territorio, lo sguardo sul Paese.\u00a0<\/em><\/h2>\n<\/blockquote>\n<div class=\"flex basis-auto flex-col -mb-(--composer-overlap-px) [--composer-overlap-px:55px] grow overflow-hidden\">\n<div class=\"relative h-full\">\n<div class=\"flex h-full flex-col overflow-y-auto [scrollbar-gutter:stable_both-edges] @[84rem]\/thread:pt-(--header-height)\">\n<div class=\"@thread-xl\/thread:pt-header-height flex flex-col text-sm pb-25\">\n<article class=\"text-token-text-primary w-full focus:outline-none scroll-mt-[calc(var(--header-height)+min(200px,max(70px,20svh)))]\" dir=\"auto\" tabindex=\"-1\" data-testid=\"conversation-turn-68\" data-scroll-anchor=\"true\" data-turn=\"assistant\">\n<div class=\"text-base my-auto mx-auto pb-10 [--thread-content-margin:--spacing(4)] @[37rem]:[--thread-content-margin:--spacing(6)] @[72rem]:[--thread-content-margin:--spacing(16)] px-(--thread-content-margin)\">\n<div class=\"[--thread-content-max-width:32rem] @[34rem]:[--thread-content-max-width:40rem] @[64rem]:[--thread-content-max-width:48rem] mx-auto max-w-(--thread-content-max-width) flex-1 group\/turn-messages focus-visible:outline-hidden relative flex w-full min-w-0 flex-col agent-turn\" tabindex=\"-1\">\n<div class=\"flex max-w-full flex-col grow\">\n<div class=\"min-h-8 text-message relative flex w-full flex-col items-end gap-2 text-start break-words whitespace-normal [.text-message+&amp;]:mt-5\" dir=\"auto\" data-message-author-role=\"assistant\" data-message-id=\"44b2bab2-310d-4a9e-8ff2-f21a32a7d5b3\" data-message-model-slug=\"gpt-4-1-mini\">\n<div class=\"flex w-full flex-col gap-1 empty:hidden first:pt-[3px]\">\n<div class=\"markdown prose dark:prose-invert w-full break-words dark\">\n<div class=\"pointer-events-none h-px w-px\" aria-hidden=\"true\" data-edge=\"true\">\n<p>&nbsp;<\/p>\n<\/div>\n<div aria-hidden=\"true\" data-edge=\"true\">\n<article class=\"text-token-text-primary w-full focus:outline-none scroll-mt-[calc(var(--header-height)+min(200px,max(70px,20svh)))]\" dir=\"auto\" tabindex=\"-1\" data-turn-id=\"request-WEB:f41a0c73-8d43-4ed6-8953-1fa5b0f7900f-45\" data-testid=\"conversation-turn-24\" data-scroll-anchor=\"true\" data-turn=\"assistant\">\n<div class=\"text-base my-auto mx-auto pb-10 [--thread-content-margin:--spacing(4)] thread-sm:[--thread-content-margin:--spacing(6)] thread-lg:[--thread-content-margin:--spacing(16)] px-(--thread-content-margin)\">\n<div class=\"[--thread-content-max-width:40rem] thread-lg:[--thread-content-max-width:48rem] mx-auto max-w-(--thread-content-max-width) flex-1 group\/turn-messages focus-visible:outline-hidden relative flex w-full min-w-0 flex-col agent-turn\" tabindex=\"-1\">\n<div class=\"flex min-h-[46px] justify-start\">\n<p><strong>CASSINO<\/strong> \u2013 Assoluzione definitiva per Alex Cotoia, il giovane che nel 2020 uccise il padre per difendere la madre durante una lite familiare. La Cassazione ha confermato la sentenza che riconosce la legittima difesa.<\/p>\n<p><strong>CUNEO<\/strong> \u2013 Due arresti per maltrattamenti e umiliazioni su ospiti disabili nel centro diurno \u201cPer Mano\u201d. Le indagini hanno rivelato violenze fisiche e psicologiche ripetute.<\/p>\n<p><strong>GENOVA \u2013<\/strong> Ore di apprensione per un sub disperso durante un\u2019immersione vicino a un relitto al largo del porto. In corso le ricerche di Capitaneria e Vigili del fuoco.<\/p>\n<p><strong>ROMA<\/strong> \u2013 Il pm ha chiesto l\u2019ergastolo per Giandavide De Pau, accusato del triplice femminicidio nel quartiere Prati. Attesa la sentenza a novembre.<\/p>\n<p><strong>MODENA<\/strong> \u2013 Lutto per la morte di Evan Oscar Delogu, 18 anni, fratello della conduttrice Andrea Delogu, deceduto in un incidente in moto.<\/p>\n<p><strong>VIENNA<\/strong> \u2013 Riaperte le indagini sulla morte della hostess siciliana Aurora Maniscalco, trovata senza vita nel 2022. La famiglia contesta l\u2019ipotesi di suicidio.<\/p>\n<p><strong>SALERNO<\/strong> \u2013 Tragedia sul lavoro: operaio di 67 anni folgorato dall\u2019alta tensione mentre operava su un traliccio. Accertamenti sul rispetto delle norme di sicurezza.<\/p>\n<p><strong>NAPOLI<\/strong> \u2013 Emergenza incendi in Campania, dove nel 2025 sono andati in fumo oltre 6.100 ettari di bosco, +13% rispetto all\u2019anno precedente.<\/p>\n<p><strong>ROMA \/ OSTIA<\/strong> \u2013 Cinquant\u2019anni fa l\u2019omicidio di Pier Paolo Pasolini: in tutto il Paese commemorazioni e iniziative per ricordare l\u2019intellettuale.<\/p>\n<p><strong>BIBBIANO (REGGIO EMILIA)<\/strong> \u2013 Le suore del convento locale organizzano un corso di autodifesa contro la violenza di genere: \u201cVogliamo educare alla fiducia e alla sicurezza\u201d.<\/p>\n<p><strong>MILANO<\/strong> \u2013 Confermata in appello bis la condanna a un anno e tre mesi per Piercamillo Davigo, che far\u00e0 ricorso in Cassazione.<\/p>\n<\/div>\n<\/div>\n<\/div>\n<\/article>\n<div class=\"pointer-events-none h-px w-px\" aria-hidden=\"true\" data-edge=\"true\"><\/div>\n<\/div>\n<\/div>\n<\/div>\n<\/div>\n<\/div>\n<\/div>\n<\/div>\n<\/article>\n<\/div>\n<\/div>\n<\/div>\n<\/div>\n<article class=\"text-token-text-primary w-full focus:outline-none scroll-mt-[calc(var(--header-height)+min(200px,max(70px,20svh)))]\" dir=\"auto\" tabindex=\"-1\" data-testid=\"conversation-turn-72\" data-scroll-anchor=\"true\" data-turn=\"assistant\">\n<div class=\"text-base my-auto mx-auto pb-10 [--thread-content-margin:--spacing(4)] @[37rem]:[--thread-content-margin:--spacing(6)] @[72rem]:[--thread-content-margin:--spacing(16)] px-(--thread-content-margin)\">\n<div class=\"[--thread-content-max-width:32rem] @[34rem]:[--thread-content-max-width:40rem] @[64rem]:[--thread-content-max-width:48rem] mx-auto max-w-(--thread-content-max-width) flex-1 group\/turn-messages focus-visible:outline-hidden relative flex w-full min-w-0 flex-col agent-turn\" tabindex=\"-1\">\n<div class=\"flex max-w-full flex-col grow\">\n<div class=\"min-h-8 text-message relative flex w-full flex-col items-end gap-2 text-start break-words whitespace-normal [.text-message+&amp;]:mt-5\" dir=\"auto\" data-message-author-role=\"assistant\" data-message-id=\"6ad35c52-e3d0-4186-88d9-35bb4972681f\" data-message-model-slug=\"gpt-4o\">\n<div class=\"flex w-full flex-col gap-1 empty:hidden first:pt-[3px]\">\n<div class=\"markdown prose dark:prose-invert w-full break-words dark\">\n<article class=\"text-token-text-primary w-full\" dir=\"auto\" data-testid=\"conversation-turn-163\" data-scroll-anchor=\"true\">\n<div class=\"text-base my-auto mx-auto pb-10 [--thread-content-margin:--spacing(4)] @[37rem]:[--thread-content-margin:--spacing(6)] @[72rem]:[--thread-content-margin:--spacing(16)] px-(--thread-content-margin)\">\n<div class=\"[--thread-content-max-width:32rem] @[34rem]:[--thread-content-max-width:40rem] @[64rem]:[--thread-content-max-width:48rem] mx-auto flex max-w-(--thread-content-max-width) flex-1 text-base gap-4 md:gap-5 lg:gap-6 group\/turn-messages focus-visible:outline-hidden\" tabindex=\"-1\">\n<div class=\"group\/conversation-turn relative flex w-full min-w-0 flex-col agent-turn\">\n<div class=\"relative flex-col gap-1 md:gap-3\">\n<div class=\"flex max-w-full flex-col grow\">\n<div class=\"min-h-8 text-message relative flex w-full flex-col items-end gap-2 text-start break-words whitespace-normal [.text-message+&amp;]:mt-5\" dir=\"auto\" data-message-author-role=\"assistant\" data-message-id=\"efdea043-c36a-42e6-8e01-aec593793ec1\" data-message-model-slug=\"gpt-4o\">\n<div class=\"flex w-full flex-col gap-1 empty:hidden first:pt-[3px]\">\n<div class=\"markdown prose dark:prose-invert w-full break-words dark\">\n<article class=\"text-token-text-primary w-full focus:outline-none scroll-mt-[calc(var(--header-height)+min(200px,max(70px,20svh)))]\" dir=\"auto\" tabindex=\"-1\" data-testid=\"conversation-turn-162\" data-scroll-anchor=\"true\" data-turn=\"assistant\">\n<div class=\"text-base my-auto mx-auto pb-10 [--thread-content-margin:--spacing(4)] @[37rem]:[--thread-content-margin:--spacing(6)] @[72rem]:[--thread-content-margin:--spacing(16)] px-(--thread-content-margin)\">\n<div class=\"[--thread-content-max-width:32rem] @[34rem]:[--thread-content-max-width:40rem] @[64rem]:[--thread-content-max-width:48rem] mx-auto max-w-(--thread-content-max-width) flex-1 group\/turn-messages focus-visible:outline-hidden relative flex w-full min-w-0 flex-col agent-turn\" tabindex=\"-1\">\n<div class=\"flex max-w-full flex-col grow\">\n<div class=\"min-h-8 text-message relative flex w-full flex-col items-end gap-2 text-start break-words whitespace-normal [.text-message+&amp;]:mt-5\" dir=\"auto\" data-message-author-role=\"assistant\" data-message-id=\"842efa5e-0b6b-4c68-b1eb-9dd894bae6c3\" data-message-model-slug=\"gpt-4o\">\n<div class=\"flex w-full flex-col gap-1 empty:hidden first:pt-[3px]\">\n<div class=\"markdown prose dark:prose-invert w-full break-words dark\">\n<div class=\"flex basis-auto flex-col -mb-(--composer-overlap-px) [--composer-overlap-px:55px] grow overflow-hidden\">\n<div class=\"relative h-full\">\n<div class=\"flex h-full flex-col overflow-y-auto [scrollbar-gutter:stable_both-edges] @[84rem]\/thread:pt-(--header-height)\">\n<div class=\"@thread-xl\/thread:pt-header-height flex flex-col text-sm pb-25\">\n<article class=\"text-token-text-primary w-full focus:outline-none scroll-mt-[calc(var(--header-height)+min(200px,max(70px,20svh)))]\" dir=\"auto\" tabindex=\"-1\" data-testid=\"conversation-turn-18\" data-scroll-anchor=\"true\" data-turn=\"assistant\">\n<div class=\"text-base my-auto mx-auto pb-10 [--thread-content-margin:--spacing(4)] @[37rem]:[--thread-content-margin:--spacing(6)] @[72rem]:[--thread-content-margin:--spacing(16)] px-(--thread-content-margin)\">\n<div class=\"[--thread-content-max-width:32rem] @[34rem]:[--thread-content-max-width:40rem] @[64rem]:[--thread-content-max-width:48rem] mx-auto max-w-(--thread-content-max-width) flex-1 group\/turn-messages focus-visible:outline-hidden relative flex w-full min-w-0 flex-col agent-turn\" tabindex=\"-1\">\n<div class=\"flex max-w-full flex-col grow\">\n<div class=\"min-h-8 text-message relative flex w-full flex-col items-end gap-2 text-start break-words whitespace-normal [.text-message+&amp;]:mt-5\" dir=\"auto\" data-message-author-role=\"assistant\" data-message-id=\"10a6d749-a0ed-478c-a66e-5f27b47e163c\" data-message-model-slug=\"gpt-5\">\n<div class=\"flex w-full flex-col gap-1 empty:hidden first:pt-[3px]\">\n<div class=\"markdown prose dark:prose-invert w-full break-words dark\">\n<hr data-start=\"1055\" data-end=\"1058\" \/>\n<\/div>\n<\/div>\n<\/div>\n<\/div>\n<\/div>\n<\/div>\n<\/article>\n<\/div>\n<\/div>\n<\/div>\n<\/div>\n<div id=\"thread-bottom-container\" class=\"content-fade relative isolate z-10 w-full basis-auto has-data-has-thread-error:pt-2 has-data-has-thread-error:[box-shadow:var(--sharp-edge-bottom-shadow)] md:border-transparent md:pt-0 dark:border-white\/20 md:dark:border-transparent flex flex-col\">\n<div id=\"thread-bottom\">\n<div class=\"text-base mx-auto [--thread-content-margin:--spacing(4)] @[37rem]:[--thread-content-margin:--spacing(6)] @[72rem]:[--thread-content-margin:--spacing(16)] px-(--thread-content-margin)\">\n<div class=\"[--thread-content-max-width:32rem] @[34rem]:[--thread-content-max-width:40rem] @[64rem]:[--thread-content-max-width:48rem] mx-auto max-w-(--thread-content-max-width) flex-1\">\n<div class=\"max-xs:[--force-hide-label:none] relative z-1 flex h-full max-w-full flex-1 flex-col\">\n<form class=\"w-full [view-transition-name:var(--vt-composer)]\" data-type=\"unified-composer\">\n<div class=\"bg-token-bg-primary shadow-short flex w-full cursor-text flex-col items-center justify-center overflow-clip bg-clip-padding contain-inline-size dark:bg-[#303030] rounded-[28px]\">\n<div class=\"relative flex min-h-14 w-full items-end\">\n<div class=\"relative flex w-full flex-auto flex-col\">\n<div class=\"relative mx-5 flex min-h-14 flex-auto bg-transparent items-start\">\n<div class=\"_prosemirror-parent_276o5_2 text-token-text-primary max-h-[25dvh] max-h-52 flex-1 overflow-auto [scrollbar-width:thin] default-browser vertical-scroll-fade-mask\">\n<div id=\"prompt-textarea\" class=\"ProseMirror\" contenteditable=\"true\" translate=\"no\" data-virtualkeyboard=\"true\"><\/div>\n<\/div>\n<\/div>\n<\/div>\n<\/div>\n<\/div>\n<\/form>\n<\/div>\n<\/div>\n<\/div>\n<\/div>\n<\/div>\n<\/div>\n<\/div>\n<\/div>\n<\/div>\n<\/div>\n<\/div>\n<\/article>\n<\/div>\n<\/div>\n<\/div>\n<\/div>\n<\/div>\n<\/div>\n<\/div>\n<\/div>\n<\/article>\n<\/div>\n<\/div>\n<\/div>\n<\/div>\n<\/div>\n<\/div>\n<\/article>\n<article class=\"text-token-text-primary w-full focus:outline-none scroll-mt-[calc(var(--header-height)+min(200px,max(70px,20svh)))]\" dir=\"auto\" tabindex=\"-1\" data-testid=\"conversation-turn-72\" data-scroll-anchor=\"true\" data-turn=\"assistant\">\n<div class=\"text-base my-auto mx-auto pb-10 [--thread-content-margin:--spacing(4)] @[37rem]:[--thread-content-margin:--spacing(6)] @[72rem]:[--thread-content-margin:--spacing(16)] px-(--thread-content-margin)\">\n<div class=\"[--thread-content-max-width:32rem] @[34rem]:[--thread-content-max-width:40rem] @[64rem]:[--thread-content-max-width:48rem] mx-auto max-w-(--thread-content-max-width) flex-1 group\/turn-messages focus-visible:outline-hidden relative flex w-full min-w-0 flex-col agent-turn\" tabindex=\"-1\">\n<div class=\"flex max-w-full flex-col grow\">\n<div class=\"min-h-8 text-message relative flex w-full flex-col items-end gap-2 text-start break-words whitespace-normal [.text-message+&amp;]:mt-5\" dir=\"auto\" data-message-author-role=\"assistant\" data-message-id=\"6ad35c52-e3d0-4186-88d9-35bb4972681f\" data-message-model-slug=\"gpt-4o\">\n<div class=\"flex w-full flex-col gap-1 empty:hidden first:pt-[3px]\">\n<div class=\"markdown prose dark:prose-invert w-full break-words dark\">\n<article class=\"text-token-text-primary w-full\" dir=\"auto\" data-testid=\"conversation-turn-163\" data-scroll-anchor=\"true\">\n<div class=\"text-base my-auto mx-auto pb-10 [--thread-content-margin:--spacing(4)] @[37rem]:[--thread-content-margin:--spacing(6)] @[72rem]:[--thread-content-margin:--spacing(16)] px-(--thread-content-margin)\">\n<div class=\"[--thread-content-max-width:32rem] @[34rem]:[--thread-content-max-width:40rem] @[64rem]:[--thread-content-max-width:48rem] mx-auto flex max-w-(--thread-content-max-width) flex-1 text-base gap-4 md:gap-5 lg:gap-6 group\/turn-messages focus-visible:outline-hidden\" tabindex=\"-1\">\n<div class=\"group\/conversation-turn relative flex w-full min-w-0 flex-col agent-turn\">\n<div class=\"flex items-center justify-center\"><\/div>\n<\/div>\n<\/div>\n<\/div>\n<\/article>\n<\/div>\n<\/div>\n<\/div>\n<\/div>\n<\/div>\n<\/div>\n<\/article>\n<blockquote>\n<h2><span style=\"color: #ff0000;\"><strong><a class=\"dt-pswp-item\" href=\"https:\/\/www.radiopiu.net\/wordpress\/wp-content\/uploads\/2025\/02\/download-3.jpg\" data-dt-img-description=\"\" data-large_image_width=\"223\" data-large_image_height=\"226\"><img loading=\"lazy\" decoding=\"async\" class=\"size-full wp-image-434732 alignleft\" src=\"https:\/\/www.radiopiu.net\/wordpress\/wp-content\/uploads\/2025\/02\/download-3.jpg\" alt=\"\" width=\"223\" height=\"226\" \/><\/a><\/strong>RADIOPI\u00d9<\/span> \u2013 Dalle Dolomiti alla pianura, i fatti che segnano la Regione.<\/h2>\n<\/blockquote>\n<article class=\"text-token-text-primary w-full focus:outline-none scroll-mt-[calc(var(--header-height)+min(200px,max(70px,20svh)))]\" dir=\"auto\" tabindex=\"-1\" data-testid=\"conversation-turn-112\" data-scroll-anchor=\"true\" data-turn=\"assistant\">\n<div class=\"text-base my-auto mx-auto pb-10 [--thread-content-margin:--spacing(4)] @[37rem]:[--thread-content-margin:--spacing(6)] @[72rem]:[--thread-content-margin:--spacing(16)] px-(--thread-content-margin)\">\n<div class=\"[--thread-content-max-width:32rem] @[34rem]:[--thread-content-max-width:40rem] @[64rem]:[--thread-content-max-width:48rem] mx-auto max-w-(--thread-content-max-width) flex-1 group\/turn-messages focus-visible:outline-hidden relative flex w-full min-w-0 flex-col agent-turn\" tabindex=\"-1\">\n<div class=\"flex max-w-full flex-col grow\">\n<div class=\"min-h-8 text-message relative flex w-full flex-col items-end gap-2 text-start break-words whitespace-normal [.text-message+&amp;]:mt-5\" dir=\"auto\" data-message-author-role=\"assistant\" data-message-id=\"74820017-8765-4ccc-b0c7-da916c45f87f\" data-message-model-slug=\"gpt-5\">\n<div class=\"flex w-full flex-col gap-1 empty:hidden first:pt-[3px]\">\n<div class=\"markdown prose dark:prose-invert w-full break-words dark\">\n<p data-start=\"1485\" data-end=\"1693\" data-is-last-node=\"\" data-is-only-node=\"\"><strong data-start=\"0\" data-end=\"11\">TREVISO<\/strong> \u2013 Tragedia sfiorata a Piavon di Oderzo, dove un\u2019auto ha centrato un bus con a bordo 50 studenti diretti a scuola. Nell\u2019impatto \u00e8 morto Germano De Luca, 85 anni di Fregona, che si trovava alla guida del Suv, mentre una quindicina di ragazzi sono rimasti feriti in modo lieve. L\u2019uomo, privo di patente \u2013 revocata il giorno prima \u2013 potrebbe essere stato colto da un malore. La Procura di Treviso ha disposto l\u2019autopsia.<\/p>\n<p data-start=\"1485\" data-end=\"1693\" data-is-last-node=\"\" data-is-only-node=\"\"><strong>ROVIGO<\/strong> \u2013 Dopo 27 anni, riaperto il cold case del duplice omicidio di madre e figlia uccise in un bar del Rodigino: un uomo finisce a processo per omicidio volontario.<\/p>\n<p><strong>VERONA \/ VICENZA<\/strong> \u2013 Si \u00e8 costituito il consuocero ricercato da settimane per l\u2019omicidio di una donna uccisa e abbandonata nelle campagne venete. L\u2019uomo si \u00e8 consegnato spontaneamente ai carabinieri, ponendo fine a una lunga fuga.<\/p>\n<p><strong>ROVIGO<\/strong> \u2013 La Procura ha chiesto il giudizio immediato per sei indagati accusati di aver ucciso un giovane con un coccio di bottiglia durante una lite. L\u2019episodio risale alla scorsa estate.<\/p>\n<p><strong>CHIOGGIA<\/strong> \u2013 La Guardia Costiera ha sequestrato un quintale di capesante sottomisura, del valore di circa 1.500 euro. I molluschi, lunghi meno di 10 cm, sono stati reimmessi in mare.<\/p>\n<p><strong>VERONA \u2013<\/strong> Domani a Castelnuovo del Garda la cerimonia in ricordo di Jessica Mantovani, vittima di femminicidio: la Procura conferir\u00e0 l\u2019incarico per l\u2019autopsia.<\/p>\n<p><strong>PADOVA<\/strong> \u2013 Commozione per la cerimonia in memoria di Giovanni Falcone all\u2019Universit\u00e0, dove Tina Montinaro ha incontrato gli studenti portando la Fiat Croma blindata del giudice come simbolo di legalit\u00e0.<\/p>\n<p><strong>VICENZA \u2013<\/strong> Spettacolare incidente in citt\u00e0: un automobilista si \u00e8 schiantato contro una dimora storica, illeso per miracolo. Una statua precipitata ha sfondato il parabrezza della vettura.<\/p>\n<p><strong>VERONA<\/strong> \u2013 Presentata la 127\u00aa edizione di Fieracavalli, in programma dal 6 al 9 novembre: nuovi spazi espositivi e attenzione alla sostenibilit\u00e0 del settore equestre.<\/p>\n<\/div>\n<\/div>\n<\/div>\n<\/div>\n<\/div>\n<\/div>\n<\/article>\n<h1><span style=\"color: #ff0000;\"><span style=\"color: #0000ff;\">ULTIM&#8217;ORA<\/span> <span style=\"color: #000000;\">AUDIO dalle sette del mattino, ogni ora alla radio EDIZIONE DELLE SETTE<\/span><\/span><\/h1>\n<audio class=\"wp-audio-shortcode\" id=\"audio-477785-5\" preload=\"none\" style=\"width: 100%;\" controls=\"controls\"><source type=\"audio\/mpeg\" src=\"https:\/\/www.radiopiu.net\/wordpress\/wp-content\/uploads\/2025\/10\/giornale07-28.mp3?_=5\" \/><a href=\"https:\/\/www.radiopiu.net\/wordpress\/wp-content\/uploads\/2025\/10\/giornale07-28.mp3\">https:\/\/www.radiopiu.net\/wordpress\/wp-content\/uploads\/2025\/10\/giornale07-28.mp3<\/a><\/audio>\n<p>&nbsp;<\/p>\n<p>&nbsp;<\/p>\n<hr \/>\n<p>&nbsp;<\/p>\n<h1><span style=\"color: #ff0000;\"><a class=\"dt-pswp-item\" href=\"https:\/\/www.radiopiu.net\/wordpress\/wp-content\/uploads\/2024\/11\/8.jpg\" data-dt-img-description=\"\" data-large_image_width=\"180\" data-large_image_height=\"180\"><img loading=\"lazy\" decoding=\"async\" class=\"size-full wp-image-417910 alignleft\" src=\"https:\/\/www.radiopiu.net\/wordpress\/wp-content\/uploads\/2024\/11\/8.jpg\" alt=\"\" width=\"180\" height=\"180\" srcset=\"https:\/\/www.radiopiu.net\/wordpress\/wp-content\/uploads\/2024\/11\/8.jpg 180w, https:\/\/www.radiopiu.net\/wordpress\/wp-content\/uploads\/2024\/11\/8-150x150.jpg 150w\" sizes=\"auto, (max-width: 180px) 100vw, 180px\" \/><\/a>I podcast informativi del mattino &#8211; video &#8211;\u00a0<\/span><\/h1>\n<h2 style=\"text-align: left;\"><strong>RASSEGNA STAMPA LOCALE, ORE OTTO<\/strong><\/h2>\n<h2><strong> <span style=\"color: #0000ff;\">viene\u00a0 <\/span><\/strong><strong><span style=\"color: #0000ff;\">pubblicata alle 8.05 <span style=\"color: #ff0000;\">DIRETTA RADIO\u00a0 \u00a0<\/span><\/span><\/strong><strong>DI MIRKO MEZZACASA<\/strong><\/h2>\n<h1><span style=\"color: #ff0000;\"><strong>VIDEO\u00a0 \u00a0in diretta AGGIORNAMENTO\u00a0 dalle 8 del mattino\u00a0 \u00a0<\/strong><\/span><\/h1>\n<div class=\"page-title-head hgroup\"><\/div>\n<div><\/div>\n<div>\n\n\t\t\t<style type='text\/css'>\n\t\t\t\t#gallery-1 {\n\t\t\t\t\tmargin: auto;\n\t\t\t\t}\n\t\t\t\t#gallery-1 .gallery-item {\n\t\t\t\t\tfloat: left;\n\t\t\t\t\tmargin-top: 10px;\n\t\t\t\t\ttext-align: center;\n\t\t\t\t\twidth: 33%;\n\t\t\t\t}\n\t\t\t\t#gallery-1 img {\n\t\t\t\t\tborder: 2px solid #cfcfcf;\n\t\t\t\t}\n\t\t\t\t#gallery-1 .gallery-caption {\n\t\t\t\t\tmargin-left: 0;\n\t\t\t\t}\n\t\t\t\t\/* see gallery_shortcode() in wp-includes\/media.php *\/\n\t\t\t<\/style>\n\t\t<div id='gallery-1' class='dt-gallery-container gallery galleryid-477785 gallery-columns-3 gallery-size-thumbnail'><dl class='gallery-item'>\n\t\t\t\t<dt class='gallery-icon landscape'>\n\t\t\t\t\t<a class=\"rollover rollover-zoom dt-pswp-item\" title=\"C1\" data-dt-img-description=\"\" data-large_image_width=\"579\" data-large_image_height=\"348\"href='https:\/\/www.radiopiu.net\/wordpress\/wp-content\/uploads\/2025\/10\/C1-2.png'><img loading=\"lazy\" decoding=\"async\" width=\"150\" height=\"150\" src=\"https:\/\/www.radiopiu.net\/wordpress\/wp-content\/uploads\/2025\/10\/C1-2-150x150.png\" class=\"attachment-thumbnail size-thumbnail\" alt=\"\" \/><\/a>\n\t\t\t\t<\/dt><\/dl><dl class='gallery-item'>\n\t\t\t\t<dt class='gallery-icon landscape'>\n\t\t\t\t\t<a class=\"rollover rollover-zoom dt-pswp-item\" title=\"C2\" data-dt-img-description=\"\" data-large_image_width=\"629\" data-large_image_height=\"361\"href='https:\/\/www.radiopiu.net\/wordpress\/wp-content\/uploads\/2025\/10\/C2-2.png'><img loading=\"lazy\" decoding=\"async\" width=\"150\" height=\"150\" src=\"https:\/\/www.radiopiu.net\/wordpress\/wp-content\/uploads\/2025\/10\/C2-2-150x150.png\" class=\"attachment-thumbnail size-thumbnail\" alt=\"\" \/><\/a>\n\t\t\t\t<\/dt><\/dl><dl class='gallery-item'>\n\t\t\t\t<dt class='gallery-icon landscape'>\n\t\t\t\t\t<a class=\"rollover rollover-zoom dt-pswp-item\" title=\"C3\" data-dt-img-description=\"\" data-large_image_width=\"580\" data-large_image_height=\"260\"href='https:\/\/www.radiopiu.net\/wordpress\/wp-content\/uploads\/2025\/10\/C3-2.png'><img loading=\"lazy\" decoding=\"async\" width=\"150\" height=\"150\" src=\"https:\/\/www.radiopiu.net\/wordpress\/wp-content\/uploads\/2025\/10\/C3-2-150x150.png\" class=\"attachment-thumbnail size-thumbnail\" alt=\"\" \/><\/a>\n\t\t\t\t<\/dt><\/dl><br style=\"clear: both\" \/>\n\t\t\t<\/div>\n\n<\/div>\n<div><\/div>\n<div>\n<p><iframe loading=\"lazy\" title=\"DAL 1983 LA RASSEGNA STAMPA LOCALE di mirko mezzacasa. L&#039;ORIGINALE\" width=\"1200\" height=\"675\" src=\"https:\/\/www.youtube.com\/embed\/wDHlqLb_P74?feature=oembed\" frameborder=\"0\" allow=\"accelerometer; autoplay; clipboard-write; encrypted-media; gyroscope; picture-in-picture; web-share\" referrerpolicy=\"strict-origin-when-cross-origin\" allowfullscreen><\/iframe><\/p>\n<\/div>\n<div class=\"page-title-breadcrumbs\"><\/div>\n<hr \/>\n<p>&nbsp;<\/p>\n<p><strong><a class=\"dt-pswp-item\" href=\"https:\/\/www.radiopiu.net\/wordpress\/wp-content\/uploads\/2023\/12\/ANTENNA.png\" data-dt-img-description=\"\" data-large_image_width=\"300\" data-large_image_height=\"166\"><img loading=\"lazy\" decoding=\"async\" class=\"wp-image-366306 alignright\" src=\"https:\/\/www.radiopiu.net\/wordpress\/wp-content\/uploads\/2023\/12\/ANTENNA.png\" alt=\"\" width=\"101\" height=\"56\" \/><\/a><a class=\"dt-pswp-item\" href=\"https:\/\/www.radiopiu.net\/wordpress\/wp-content\/uploads\/2024\/11\/th-17.jpg\" data-dt-img-description=\"\" data-large_image_width=\"224\" data-large_image_height=\"180\"><img loading=\"lazy\" decoding=\"async\" class=\" wp-image-421610 alignleft\" src=\"https:\/\/www.radiopiu.net\/wordpress\/wp-content\/uploads\/2024\/11\/th-17.jpg\" alt=\"\" width=\"167\" height=\"134\" \/><\/a>ogni sera alle 19 le anticipazioni alla radio, quello che poi seguirete nel TELEGIORNALE BELLUNESE\u00a0 in onda alle 19.30 sul CANALE 10 del digitale terrestre.\u00a0\u00a0<\/strong><\/p>\n<p><b>\u00a0<\/b><\/p>\n<p>&nbsp;<\/p>\n<p>&nbsp;<\/p>\n<blockquote>\n<h2><span style=\"color: #ff0000;\">ANTICIPAZIONI, DI\u00a0 FABIO FIORAVANZI<\/span><\/h2>\n<audio class=\"wp-audio-shortcode\" id=\"audio-477785-6\" preload=\"none\" style=\"width: 100%;\" controls=\"controls\"><source type=\"audio\/mpeg\" src=\"https:\/\/www.radiopiu.net\/wordpress\/wp-content\/uploads\/2025\/10\/ANTENNA3-23.mp3?_=6\" \/><a href=\"https:\/\/www.radiopiu.net\/wordpress\/wp-content\/uploads\/2025\/10\/ANTENNA3-23.mp3\">https:\/\/www.radiopiu.net\/wordpress\/wp-content\/uploads\/2025\/10\/ANTENNA3-23.mp3<\/a><\/audio><\/blockquote>\n<p>&nbsp;<\/p>\n<hr \/>\n<p>&nbsp;<\/p>\n<blockquote>\n<h3><a class=\"dt-pswp-item\" href=\"https:\/\/www.radiopiu.net\/wordpress\/wp-content\/uploads\/2025\/09\/6cd00d19-fcc3-41ef-b687-64ff8c1c22e1.jpg\" data-dt-img-description=\"\" data-large_image_width=\"2016\" data-large_image_height=\"1216\"><img loading=\"lazy\" decoding=\"async\" class=\" wp-image-471071 alignleft\" src=\"https:\/\/www.radiopiu.net\/wordpress\/wp-content\/uploads\/2025\/09\/6cd00d19-fcc3-41ef-b687-64ff8c1c22e1-300x181.jpg\" alt=\"\" width=\"234\" height=\"141\" srcset=\"https:\/\/www.radiopiu.net\/wordpress\/wp-content\/uploads\/2025\/09\/6cd00d19-fcc3-41ef-b687-64ff8c1c22e1-300x181.jpg 300w, https:\/\/www.radiopiu.net\/wordpress\/wp-content\/uploads\/2025\/09\/6cd00d19-fcc3-41ef-b687-64ff8c1c22e1-1024x618.jpg 1024w, https:\/\/www.radiopiu.net\/wordpress\/wp-content\/uploads\/2025\/09\/6cd00d19-fcc3-41ef-b687-64ff8c1c22e1-768x463.jpg 768w, https:\/\/www.radiopiu.net\/wordpress\/wp-content\/uploads\/2025\/09\/6cd00d19-fcc3-41ef-b687-64ff8c1c22e1-1536x926.jpg 1536w, https:\/\/www.radiopiu.net\/wordpress\/wp-content\/uploads\/2025\/09\/6cd00d19-fcc3-41ef-b687-64ff8c1c22e1.jpg 2016w\" sizes=\"auto, (max-width: 234px) 100vw, 234px\" \/><\/a>PASSO FEDAIA CHIUSO LATO TRENTINO ALTO ADIGE<\/h3>\n<\/blockquote>\n<p><strong>REDAZIONE<\/strong> Fino al 31 ottobre 2025 la Strada Statale 641 del Passo Fedaia rester\u00e0 chiusa al traffico lato da Canazei al Passo Nessun problema tra Rocca Pietore e la diga, si transita regolarmente<\/p>\n<p>&nbsp;<\/p>\n<p>&nbsp;<\/p>\n<p>&nbsp;<\/p>\n<p>&nbsp;<\/p>\n<hr \/>\n<p>&nbsp;<\/p>\n<blockquote>\n<h3><a class=\"dt-pswp-item\" href=\"https:\/\/www.radiopiu.net\/wordpress\/wp-content\/uploads\/2024\/10\/ANAS.jpg\" data-dt-img-description=\"\" data-large_image_width=\"842\" data-large_image_height=\"595\"><img loading=\"lazy\" decoding=\"async\" class=\" wp-image-414157 alignleft\" src=\"https:\/\/www.radiopiu.net\/wordpress\/wp-content\/uploads\/2024\/10\/ANAS-300x212.jpg\" alt=\"\" width=\"166\" height=\"117\" srcset=\"https:\/\/www.radiopiu.net\/wordpress\/wp-content\/uploads\/2024\/10\/ANAS-300x212.jpg 300w, https:\/\/www.radiopiu.net\/wordpress\/wp-content\/uploads\/2024\/10\/ANAS-768x543.jpg 768w, https:\/\/www.radiopiu.net\/wordpress\/wp-content\/uploads\/2024\/10\/ANAS.jpg 842w\" sizes=\"auto, (max-width: 166px) 100vw, 166px\" \/><\/a>LAVORI DI MANUTENZIONE SUL PONTE DI RIO VALBONA A OSPITALE DI CADORE<\/h3>\n<\/blockquote>\n<p><strong>VENEZIA<\/strong>\u00a0 I veicoli sotto le 3,5 tonnellate saranno deviati su via Roma, mentre rester\u00e0 garantito l\u2019accesso a residenti,\u00a0 Per i mezzi pesanti oltre 3,5 tonnellate scatter\u00e0 il divieto di transito con deviazione sulla SS 51.<\/p>\n<p>&nbsp;<\/p>\n<blockquote>\n<p data-start=\"0\" data-end=\"91\"><strong data-start=\"0\" data-end=\"89\">REVOCATA L\u2019ORDINANZA DI CHIUSURA DEL PONTE GIGION, MA RESTANO LIMITAZIONI AL TRAFFICO<\/strong><\/p>\n<\/blockquote>\n<p data-start=\"93\" data-end=\"278\"><strong>GOSALDO<\/strong> Il Comune ha revocato l\u2019ordinanza n. 14 del 24 giugno 2025 che disponeva la chiusura al traffico del Ponte Gigion in localit\u00e0 Titele, emanata per motivi di sicurezza pubblica. Il ponte \u00e8 ora riaperto alla circolazione, ma con nuove limitazioni: divieto di transito ai mezzi con massa superiore a 35 quintali, velocit\u00e0 massima di 20 km\/h<\/p>\n<blockquote>\n<h3><strong data-start=\"0\" data-end=\"74\">CHIUSURA A FASCE ORARIE DELLA SS51 PER LAVORI ALLA ROCCA DI BOTESTAGNO<\/strong><\/h3>\n<\/blockquote>\n<p>Dal 13 al 31 ottobre la SS51 \u201cdi Alemagna\u201d sar\u00e0 chiusa al traffico tra il km 109,100 e il km 111,200 per interventi di messa in sicurezza della parete rocciosa presso la Rocca di Botestagno. La chiusura totale sar\u00e0 attiva dal luned\u00ec al venerd\u00ec nelle fasce 09:00-13:00 e 14:00-18:00. Durante questi orari, il traffico tra Cortina e Dobbiaco\/Carbonin sar\u00e0 deviato lungo la SR48 e la SP49 attraverso il lago di Misurina.<\/p>\n<p>&nbsp;<\/p>\n<hr \/>\n<p>&nbsp;<\/p>\n<blockquote>\n<h3>SP 25 \u201cPASSO VALLES\u201d: CHIUSURE TEMPORANEE A FALCADE<\/h3>\n<\/blockquote>\n<p><strong>SEDICO <\/strong>Veneto Strade comunica che sulla S.P. 25 \u201cPasso Valles\u201d, nel tratto tra il Bivio Valles e Caverson, nel comune di Falcade, fino al 28 novembre, la strada sar\u00e0 soggetta a chiusure temporanee per lavori di taglio di piante pericolanti. Le interruzioni, regolate da movieri, avverranno nei giorni feriali dalle ore 8 alle 12 e dalle 13 alle 16, con chiusure di massimo 30 minuti. I sabati, le domeniche e i festivi infrasettimanali non sono interessati dai lavori.<\/p>\n<p>&nbsp;<\/p>\n<hr \/>\n<p>&nbsp;<\/p>\n<blockquote>\n<h3>LAVORI A COL CAVALIER DI BELLUNO<\/h3>\n<\/blockquote>\n<p><strong>BELLUNO<\/strong> Fino al 23 dicembre 2025 a Belluno: senso unico alternato in via Col Cavalier, divieto di accesso a via Castelet vicino al cantiere, limite 30 km\/h e divieto di sorpasso nelle aree di lavori.<\/p>\n<p>&nbsp;<\/p>\n<p>&nbsp;<\/p>\n<hr \/>\n<p>&nbsp;<\/p>\n<blockquote>\n<h3>ACQUA NON POTABILE IN DUE ZONE DI LIVINALLONGO<\/h3>\n<\/blockquote>\n<p><strong><a class=\"dt-pswp-item\" href=\"https:\/\/www.radiopiu.net\/wordpress\/wp-content\/uploads\/2022\/05\/acqua.jpg\" data-dt-img-description=\"\" data-large_image_width=\"1920\" data-large_image_height=\"1275\"><img loading=\"lazy\" decoding=\"async\" class=\" wp-image-274889 alignleft\" src=\"https:\/\/www.radiopiu.net\/wordpress\/wp-content\/uploads\/2022\/05\/acqua-300x199.jpg\" alt=\"\" width=\"106\" height=\"70\" srcset=\"https:\/\/www.radiopiu.net\/wordpress\/wp-content\/uploads\/2022\/05\/acqua-300x199.jpg 300w, https:\/\/www.radiopiu.net\/wordpress\/wp-content\/uploads\/2022\/05\/acqua-1024x680.jpg 1024w, https:\/\/www.radiopiu.net\/wordpress\/wp-content\/uploads\/2022\/05\/acqua-768x510.jpg 768w, https:\/\/www.radiopiu.net\/wordpress\/wp-content\/uploads\/2022\/05\/acqua-1536x1020.jpg 1536w, https:\/\/www.radiopiu.net\/wordpress\/wp-content\/uploads\/2022\/05\/acqua.jpg 1920w\" sizes=\"auto, (max-width: 106px) 100vw, 106px\" \/><\/a>LIVINALLONGO<\/strong> Servizi Integrati Bellunesi informa che a LIvinallongo Del\u00a0 Col Di Lana nelle localit\u00e0 Larzonei e Collaz l&#8217;acqua erogata dall&#8217;acquedotto non \u00e8 potabile e pu\u00f2 essere usata per scopi alimentari solo previa bollitura. Verr\u00e0 effettuato servizio sostitutivo con consegna di acqua in bottiglia presso le utenze interessate. SIB ha, comunque, gi\u00e0 adottato le necessarie misure di pulizia e disinfezione dell&#8217;acqua presente nei serbatoi e nella rete idrica.<\/p>\n<p>&nbsp;<\/p>\n<hr \/>\n<p>&nbsp;<\/p>\n<blockquote>\n<h3>INTERVENTI SUEM: SOCCORSI TRA TRAUMI, INCIDENTI E MALORI NEL BELLUNESE<\/h3>\n<\/blockquote>\n<p><span data-start=\"155\" data-end=\"188\"><img loading=\"lazy\" decoding=\"async\" class=\"alignleft\" src=\"https:\/\/www.radiopiu.net\/wordpress\/wp-content\/uploads\/2023\/08\/suem.png\" width=\"202\" height=\"94\" \/>Il <\/span>SUEM 118 dell\u2019ULSS 1 Dolomiti ha gestito due\u00a0 interventi in provincia di Belluno. A Belluno citt\u00e0, una donna di 71 anni \u00e8 stata soccorsa per un trauma e trasportata in ambulanza in codice giallo all\u2019ospedale San Martino. A Tambre, invece, un uomo di 87 anni \u00e8 rimasto ferito in seguito a una caduta: sul posto \u00e8 intervenuto l\u2019elicottero Falco, che lo ha elitrasportato al pronto soccorso di Belluno.<\/p>\n<p>&nbsp;<\/p>\n<p>&nbsp;<\/p>\n<hr \/>\n<p>&nbsp;<\/p>\n<blockquote>\n<p data-start=\"0\" data-end=\"69\"><strong data-start=\"0\" data-end=\"67\"><a class=\"dt-pswp-item\" href=\"https:\/\/www.radiopiu.net\/wordpress\/wp-content\/uploads\/2025\/10\/Senza-nome-60.png\" data-dt-img-description=\"\" data-large_image_width=\"118\" data-large_image_height=\"126\"><img loading=\"lazy\" decoding=\"async\" class=\"size-full wp-image-478045 alignleft\" src=\"https:\/\/www.radiopiu.net\/wordpress\/wp-content\/uploads\/2025\/10\/Senza-nome-60.png\" alt=\"\" width=\"118\" height=\"126\" \/><\/a>ADDIO A ROMANA SEGATI, STORICA ONCOLOGA DELL\u2019OSPEDALE DI FELTRE<\/strong><\/p>\n<\/blockquote>\n<p data-start=\"71\" data-end=\"378\"><strong>FELTRE<\/strong> Profondo cordoglio\u00a0per la scomparsa di Romana Segati, oncologa di grande umanit\u00e0 e gi\u00e0 responsabile dell\u2019unit\u00e0 operativa di Oncologia del Santa Maria del Prato. Aveva 70 anni ed era in pensione dal 2022, dopo 25 anni di servizio dedicati ai pazienti con passione e competenza. L\u2019Ulss Dolomiti la ricorda come \u00abun punto di riferimento per colleghi e malati, capace di unire professionalit\u00e0 e calore umano\u00bb. A lei si deve l\u2019avvio e la crescita del servizio oncologico feltrino, prima inesistente sul territorio. I funerali si terranno domani alle 15.30 nella chiesa di Sant\u2019Ambrogio di Fiera, con sepoltura al cimitero di San Lazzaro.<\/p>\n<p>&nbsp;<\/p>\n<hr \/>\n<p><strong>COMELICO<\/strong><\/p>\n<blockquote>\n<p data-start=\"0\" data-end=\"63\"><strong data-start=\"0\" data-end=\"61\">ADDIO AL DOTTOR ALDO VIANELLO, DECANO DELLA SANIT\u00c0 VENETA<br \/>\nFu medico condotto, tra le famiglie dei paesi Cadorini, in particolare a Santo Stefano di Cadore.<br \/>\n<\/strong><\/p>\n<\/blockquote>\n<p data-start=\"65\" data-end=\"463\"><a class=\"dt-pswp-item\" href=\"https:\/\/www.radiopiu.net\/wordpress\/wp-content\/uploads\/2025\/10\/Senza-nome-62.png\" data-dt-img-description=\"\" data-large_image_width=\"84\" data-large_image_height=\"87\"><img loading=\"lazy\" decoding=\"async\" class=\"size-full wp-image-478052 alignleft\" src=\"https:\/\/www.radiopiu.net\/wordpress\/wp-content\/uploads\/2025\/10\/Senza-nome-62.png\" alt=\"\" width=\"84\" height=\"87\" \/><\/a>Si \u00e8 spento a 101 anni il dottor Aldo Vianello, storico primario dell\u2019ospedale di Oderzo e figura di riferimento per la sanit\u00e0 veneta. Nato a Venezia nel 1924, Vianello inizi\u00f2 come medico condotto in Cadore, poi lavor\u00f2 a San Vito al Tagliamento, Auronzo, Noale e Treviso, fino al trasferimento a Oderzo nel 1976, dove diresse la Chirurgia fino al 1989. Medico per vocazione, torn\u00f2 a esercitare anche dopo la pensione. Profondamente cattolico, amava la montagna, l\u2019arte e la scrittura. Lascia la moglie Carla e le figlie Monica e Chiara. I funerali si celebrano oggi alle 15.30 nel Duomo di Oderzo.<\/p>\n<p>&nbsp;<\/p>\n<hr \/>\n<p>&nbsp;<\/p>\n<article class=\"text-token-text-primary w-full focus:outline-none [--shadow-height:45px] has-data-writing-block:pointer-events-none has-data-writing-block:-mt-(--shadow-height) has-data-writing-block:pt-(--shadow-height) [&amp;:has([data-writing-block])&gt;*]:pointer-events-auto [content-visibility:auto] supports-[content-visibility:auto]:[contain-intrinsic-size:auto_100lvh] scroll-mt-[calc(var(--header-height)+min(200px,max(70px,20svh)))]\" dir=\"auto\" tabindex=\"-1\" data-turn-id=\"request-6901964b-13e4-832e-9139-dbe167c29db9-22\" data-testid=\"conversation-turn-88\" data-scroll-anchor=\"true\" data-turn=\"assistant\">\n<div class=\"text-base my-auto mx-auto pb-10 [--thread-content-margin:--spacing(4)] thread-sm:[--thread-content-margin:--spacing(6)] thread-lg:[--thread-content-margin:--spacing(16)] px-(--thread-content-margin)\">\n<div class=\"[--thread-content-max-width:40rem] thread-lg:[--thread-content-max-width:48rem] mx-auto max-w-(--thread-content-max-width) flex-1 group\/turn-messages focus-visible:outline-hidden relative flex w-full min-w-0 flex-col agent-turn\" tabindex=\"-1\">\n<div class=\"flex max-w-full flex-col grow\">\n<div class=\"min-h-8 text-message relative flex w-full flex-col items-end gap-2 text-start break-words whitespace-normal [.text-message+&amp;]:mt-1\" dir=\"auto\" data-message-author-role=\"assistant\" data-message-id=\"54870e8e-4461-4ac9-b561-d62bb53f0fc4\" data-message-model-slug=\"gpt-5\">\n<div class=\"flex w-full flex-col gap-1 empty:hidden first:pt-[1px]\">\n<div class=\"markdown prose dark:prose-invert w-full break-words dark markdown-new-styling\">\n<blockquote>\n<p data-start=\"0\" data-end=\"52\"><strong data-start=\"0\" data-end=\"50\"><a class=\"dt-pswp-item\" href=\"https:\/\/www.radiopiu.net\/wordpress\/wp-content\/uploads\/2025\/10\/Senza-nome-57.png\" data-dt-img-description=\"\" data-large_image_width=\"324\" data-large_image_height=\"367\"><img loading=\"lazy\" decoding=\"async\" class=\"wp-image-478041 alignleft\" src=\"https:\/\/www.radiopiu.net\/wordpress\/wp-content\/uploads\/2025\/10\/Senza-nome-57-265x300.png\" alt=\"\" width=\"126\" height=\"143\" srcset=\"https:\/\/www.radiopiu.net\/wordpress\/wp-content\/uploads\/2025\/10\/Senza-nome-57-265x300.png 265w, https:\/\/www.radiopiu.net\/wordpress\/wp-content\/uploads\/2025\/10\/Senza-nome-57.png 324w\" sizes=\"auto, (max-width: 126px) 100vw, 126px\" \/><\/a>AUTOPSIA PER IL BOSCAIOLO MORTO A LIVINALLONGO<\/strong><\/p>\n<\/blockquote>\n<p data-start=\"54\" data-end=\"296\"><strong>BELLUNO<\/strong> La Procura ha disposto l\u2019autopsia sulla salma di Tony Facchin, 42 anni, di Pederobba, morto sabato scorso dopo una caduta lungo la forestale di Livinallongo, dove stava installando reti paramassi con altri operai. L\u2019uomo sarebbe precipitato, battendo violentemente la testa e il torace. I colleghi avevano tentato di portarlo all\u2019ospedale, ma Facchin ha perso conoscenza poco dopo. L\u2019esame, affidato al medico legale Antonello Cirnelli, chiarir\u00e0 se il decesso sia dovuto alle ferite o ad altre cause. Aperto un fascicolo per omicidio colposo a carico di ignoti<\/p>\n<\/div>\n<\/div>\n<\/div>\n<\/div>\n<\/div>\n<\/div>\n<\/article>\n<blockquote>\n<h3><\/h3>\n<h3 class=\"entry-title\">INCIDENTE SUL LAVORO A LIVINALLONGO, FLAI CGIL: \u201cSERVONO PI\u00d9 CONTROLLI\u201d<\/h3>\n<\/blockquote>\n<p><strong><a class=\"dt-pswp-item\" href=\"https:\/\/www.radiopiu.net\/wordpress\/wp-content\/uploads\/2025\/10\/Screenshot-2025-10-29-105604.png\" data-dt-img-description=\"\" data-large_image_width=\"160\" data-large_image_height=\"178\"><img loading=\"lazy\" decoding=\"async\" class=\" wp-image-477957 alignleft\" src=\"https:\/\/www.radiopiu.net\/wordpress\/wp-content\/uploads\/2025\/10\/Screenshot-2025-10-29-105604.png\" alt=\"\" width=\"123\" height=\"137\" \/><\/a>LIVINALLONGO\/PEDEROBBA<\/strong> Dopo la morte dell\u2019operaio Tony Facchin, la FLAI CGIL di Belluno, con il segretario Daniele Girardi, esprime dolore e chiede un cambiamento radicale nella vigilanza delle condizioni di lavoro, soprattutto in montagna, dove i rischi sono elevati. Non \u00e8 ancora chiaro se l\u2019impresa coinvolta fosse edile o forestale, ma per il sindacato la priorit\u00e0 \u00e8 la prevenzione: servono controlli pi\u00f9 severi sulle dotazioni di sicurezza, formazione adeguata e verifiche preventive prima dell\u2019affidamento dei lavori. Girardi richiama il tavolo permanente sulla sicurezza nei cantieri boschivi, istituito con la Prefettura e le autorit\u00e0 di vigilanza, che ha gi\u00e0 dato risultati positivi, e chiede una riunione straordinaria per rafforzare le misure di tutela. Dalla Segreteria regionale della FLAI CGIL del Veneto, Sebastiano Grosselle sottolinea che ogni morte sul lavoro rappresenta una sconfitta collettiva e ribadisce la necessit\u00e0 di agire con pi\u00f9 controlli e cultura della sicurezza.<\/p>\n<p>&nbsp;<\/p>\n<p>&nbsp;<\/p>\n<hr \/>\n<p>&nbsp;<\/p>\n<div class=\"page-title-head hgroup\">\n<blockquote>\n<h3 class=\"entry-title\">ARABBA IN LUTTO PER LARA DE CASSAN, QUESTA SERA LA VEGLIA DI PREGHIERA<\/h3>\n<\/blockquote>\n<\/div>\n<div class=\"page-title-breadcrumbs\">\n<p><strong class=\"photoswipe-wrapper\"><a class=\"dt-pswp-item pspw-wrap-ready\" href=\"https:\/\/www.radiopiu.net\/wordpress\/wp-content\/uploads\/2025\/10\/Senza-nome-56-e1761796723106.png\" data-dt-img-description=\"\" data-large_image_width=\"283\" data-large_image_height=\"219\"><img loading=\"lazy\" decoding=\"async\" class=\" wp-image-478038 alignleft\" src=\"https:\/\/www.radiopiu.net\/wordpress\/wp-content\/uploads\/2025\/10\/Senza-nome-56-e1761796723106.png\" alt=\"\" width=\"226\" height=\"175\" \/><\/a>LIVINALLONGO<\/strong><\/p>\n<p data-start=\"78\" data-end=\"314\">Un dolore profondo attraversa la comunit\u00e0 di Arabba, unita nel cordoglio per la scomparsa di Lara De Cassan, 37 anni, morta mprovvisamente per un infarto mentre si trovava in vacanza con la famiglia a Sharm el-Sheikh. Il marito Simon Grones e i tre figli sono rientrati a casa, mentre la salma della giovane albergatrice \u00e8 attesa per la prossima settimana. La famiglia decider\u00e0 nei prossimi giorni se richiedere o meno l\u2019autopsia. In segno di vicinanza e preghiera, questa sera alle 20 nella chiesa parrocchiale di Arabba si terr\u00e0 una veglia in ricordo di Lara, conosciuta e amata per il suo sorriso, la sua energia e il suo impegno nell\u2019accoglienza turistica del paese. L\u2019intera vallata si stringe attorno ai suoi cari in un abbraccio di affetto e silenzio.<\/p>\n<\/div>\n<p data-start=\"78\" data-end=\"314\"><strong>di Lorenzo Soratroi\u00a0<\/strong><\/p>\n<audio class=\"wp-audio-shortcode\" id=\"audio-477785-7\" preload=\"none\" style=\"width: 100%;\" controls=\"controls\"><source type=\"audio\/mpeg\" src=\"https:\/\/www.radiopiu.net\/wordpress\/wp-content\/uploads\/2025\/10\/LORENZO-LARA.mp3?_=7\" \/><a href=\"https:\/\/www.radiopiu.net\/wordpress\/wp-content\/uploads\/2025\/10\/LORENZO-LARA.mp3\">https:\/\/www.radiopiu.net\/wordpress\/wp-content\/uploads\/2025\/10\/LORENZO-LARA.mp3<\/a><\/audio>\n<div class=\"page-title-breadcrumbs\">\n<p>&nbsp;<\/p>\n<p data-start=\"0\" data-end=\"72\"><strong data-start=\"0\" data-end=\"70\"><a class=\"dt-pswp-item\" href=\"https:\/\/www.radiopiu.net\/wordpress\/wp-content\/uploads\/2025\/10\/Senza-nome-61.png\" data-dt-img-description=\"\" data-large_image_width=\"151\" data-large_image_height=\"94\"><img loading=\"lazy\" decoding=\"async\" class=\"size-full wp-image-478050 alignleft\" src=\"https:\/\/www.radiopiu.net\/wordpress\/wp-content\/uploads\/2025\/10\/Senza-nome-61.png\" alt=\"\" width=\"151\" height=\"94\" \/><\/a>ARABBA RICORDA LARA DE CASSAN: \u201cLA SUA LUCE CONTINUER\u00c0 A BRILLARE\u201d<\/strong><\/p>\n<p data-start=\"74\" data-end=\"255\">Ad Arabba, il dolore per la morte di Lara De Cassan, scomparsa a 37 anni durante una vacanza a Sharm el-Sheikh, si accompagna al ricordo affettuoso di chi l\u2019ha conosciuta. \u00abEra altruista, positiva, sempre sorridente\u00bb, racconta Marilena Dander, coordinatrice del gruppo Insieme si pu\u00f2 Fodom, di cui Lara faceva parte da anni. Sempre pronta ad aiutare, trasmetteva ai figli l\u2019amore per la solidariet\u00e0 e il sostegno ai pi\u00f9 fragili. Dopo la tragedia, il gruppo ha deciso di dedicare a lei un progetto per un pozzo d\u2019acqua potabile in Uganda, trasformando il dolore in speranza. Lara era stata anche \u201cs\u00e1ntola\u201d della Banda da Fodom, e il suo nome rester\u00e0 inciso sulla bandiera del gruppo musicale, simbolo della sua generosit\u00e0 e del suo impegno verso la comunit\u00e0.<\/p>\n<p data-start=\"74\" data-end=\"255\">\n<\/div>\n<p>&nbsp;<\/p>\n<hr \/>\n<p>&nbsp;<\/p>\n<div class=\"page-title-head hgroup\">\n<blockquote>\n<h2 class=\"entry-title\">SICUREZZA SUL LAVORO: SOSPESE QUATTRO IMPRESE EDILI NEL BELLUNESE<\/h2>\n<\/blockquote>\n<\/div>\n<blockquote><p><em>Sanzioni per oltre 100mila euro dopo i controlli dei Carabinieri del Nucleo Tutela Lavoro<\/em><\/p><\/blockquote>\n<p><strong class=\"photoswipe-wrapper\"><a class=\"dt-pswp-item pspw-wrap-ready\" href=\"https:\/\/www.radiopiu.net\/wordpress\/wp-content\/uploads\/2025\/10\/2025-9-FOTO-Com.stampa-N.o.-VE-Belluno-edilizia-alberghier-23.10.2025.jpg\" data-dt-img-description=\"\" data-large_image_width=\"852\" data-large_image_height=\"768\"><img loading=\"lazy\" decoding=\"async\" class=\"size-medium wp-image-477952 alignleft\" src=\"https:\/\/www.radiopiu.net\/wordpress\/wp-content\/uploads\/2025\/10\/2025-9-FOTO-Com.stampa-N.o.-VE-Belluno-edilizia-alberghier-23.10.2025-300x270.jpg\" sizes=\"auto, (max-width: 300px) 100vw, 300px\" srcset=\"https:\/\/www.radiopiu.net\/wordpress\/wp-content\/uploads\/2025\/10\/2025-9-FOTO-Com.stampa-N.o.-VE-Belluno-edilizia-alberghier-23.10.2025-300x270.jpg 300w, https:\/\/www.radiopiu.net\/wordpress\/wp-content\/uploads\/2025\/10\/2025-9-FOTO-Com.stampa-N.o.-VE-Belluno-edilizia-alberghier-23.10.2025-768x692.jpg 768w, https:\/\/www.radiopiu.net\/wordpress\/wp-content\/uploads\/2025\/10\/2025-9-FOTO-Com.stampa-N.o.-VE-Belluno-edilizia-alberghier-23.10.2025.jpg 852w\" alt=\"\" width=\"300\" height=\"270\" \/><\/a>BELLUNO<\/strong>\u00a0Proseguono con ritmo serrato le verifiche dei Carabinieri del Nucleo Operativo del Gruppo Tutela Lavoro di Venezia, in collaborazione con il Nucleo Ispettorato del Lavoro (NIL) di Belluno e con il supporto delle Compagnie dell\u2019Arma di Feltre e Cortina d\u2019Ampezzo, su tutto il territorio provinciale. L\u2019obiettivo \u00e8 accertare la regolarit\u00e0 dei rapporti di lavoro e garantire il rispetto delle normative in materia di salute e sicurezza nei luoghi di lavoro. Le ispezioni, che hanno riguardato in particolare i settori edile, ristorazione e alberghiero, hanno portato a diverse sanzioni e sospensioni. Nel Centro Cadore, un\u2019impresa edile \u00e8 stata sospesa per gravi violazioni delle norme di sicurezza: mancavano parapetti e impalcature idonee, e i ponteggi risultavano inadeguati, con un concreto rischio di caduta dall\u2019alto per i lavoratori. A Feltre, invece, in un altro cantiere sono state sospese tre imprese edili. Le verifiche hanno accertato l\u2019utilizzo di ponteggi non a norma, con aperture verso il vuoto e passerelle precarie, condizioni tali da mettere in serio pericolo l\u2019incolumit\u00e0 degli operai. Sono inoltre emerse carenze nella gestione documentale del cantiere, con difformit\u00e0 nel P.I.M.U.S. (Piano di montaggio, uso e smontaggio dei ponteggi) e nel P.O.S. (Piano operativo di sicurezza), documenti fondamentali per la corretta conduzione dei lavori. Sanzioni sono state inflitte anche al CSE \u2013 Coordinatore per la Sicurezza in fase di Esecuzione \u2013 per mancata vigilanza sull\u2019osservanza delle norme da parte delle ditte presenti. Sempre nel Feltrino, i controlli hanno interessato anche una struttura alberghiera e un locale di gastronomia etnica. Nel primo caso sono emerse carenze nella rete e nell\u2019impianto elettrico, con la necessit\u00e0 di interventi di manutenzione per prevenire il rischio di folgorazione; nel secondo, le violazioni hanno riguardato la mancata formazione del personale, l\u2019assenza del medico competente e insufficienze nell\u2019organizzazione delle emergenze, a causa del numero ridotto di addetti antincendio e di pronto soccorso. A fronte delle irregolarit\u00e0 riscontrate, sono state comminate sanzioni e ammende per un importo complessivo superiore ai 100.000 euro. L\u2019attivit\u00e0 ispettiva proseguir\u00e0 anche nei prossimi giorni, con l\u2019obiettivo di rafforzare la cultura della sicurezza nei luoghi di lavoro e contrastare ogni forma di sfruttamento o negligenza a danno dei lavoratori.<\/p>\n<p>&nbsp;<\/p>\n<hr \/>\n<p>&nbsp;<\/p>\n<blockquote>\n<h2>CITTADINANZE IURE SANGUINIS: IL PARADOSSO DELLE CARTOLINE FINO IN GUATEMALA<\/h2>\n<\/blockquote>\n<p data-start=\"0\" data-end=\"81\"><strong>VAL DI ZOLDO<\/strong><\/p>\n<p data-start=\"83\" data-end=\"319\">Tra gli effetti pi\u00f9 curiosi \u2013 e costosi \u2013 del fenomeno delle cittadinanze \u201ciure sanguinis\u201d c\u2019\u00e8 anche l\u2019invio di materiale elettorale a cittadini che, pur iscritti nelle liste elettorali italiane, vivono dall\u2019altra parte del mondo. \u00c8 il caso delle cartoline per le agevolazioni di viaggio destinate agli aventi diritto al voto per le prossime elezioni regionali, spedite perfino in Guatemala per raggiungere elettori formalmente residenti nel territorio del seggio di Val di Zoldo. Un\u2019operazione che ha richiesto oltre 3.500 euro di spese postali e bolli, oltre all\u2019impegno di tre collaboratori per apporre timbri ed etichette su centinaia di invii che, nella maggior parte dei casi, torneranno indietro con la dicitura \u201cnon recapitato\u201d. Un episodio che evidenzia i paradossi burocratici di un sistema che spesso non distingue tra presenza reale e residenza solo formale, con un dispendio di risorse pubbliche e di energie amministrative sempre pi\u00f9 difficile da giustificare.<\/p>\n<p><strong>IL SINDACO CAMILLO DE PELLEGRIN<\/strong><\/p>\n<div style=\"width: 480px;\" class=\"wp-video\"><video class=\"wp-video-shortcode\" id=\"video-477785-1\" width=\"480\" height=\"848\" preload=\"metadata\" controls=\"controls\"><source type=\"video\/mp4\" src=\"https:\/\/www.radiopiu.net\/wordpress\/wp-content\/uploads\/2025\/10\/WhatsApp-Video-2025-10-30-at-05.44.09.mp4?_=1\" \/><a href=\"https:\/\/www.radiopiu.net\/wordpress\/wp-content\/uploads\/2025\/10\/WhatsApp-Video-2025-10-30-at-05.44.09.mp4\">https:\/\/www.radiopiu.net\/wordpress\/wp-content\/uploads\/2025\/10\/WhatsApp-Video-2025-10-30-at-05.44.09.mp4<\/a><\/video><\/div>\n<p>&nbsp;<\/p>\n<hr \/>\n<p>&nbsp;<\/p>\n<blockquote>\n<h3>NOGAR\u00c8, TOPPE SULL\u2019ASFALTO MA I RESIDENTI CHIEDONO IL RIFACIMENTO TOTALE<\/h3>\n<\/blockquote>\n<p><strong><a class=\"dt-pswp-item\" href=\"https:\/\/www.radiopiu.net\/wordpress\/wp-content\/uploads\/2025\/10\/1000182486.jpg\" data-dt-img-description=\"\" data-large_image_width=\"2048\" data-large_image_height=\"1536\"><img loading=\"lazy\" decoding=\"async\" class=\" wp-image-477978 alignleft\" src=\"https:\/\/www.radiopiu.net\/wordpress\/wp-content\/uploads\/2025\/10\/1000182486-300x225.jpg\" alt=\"\" width=\"160\" height=\"120\" srcset=\"https:\/\/www.radiopiu.net\/wordpress\/wp-content\/uploads\/2025\/10\/1000182486-300x225.jpg 300w, https:\/\/www.radiopiu.net\/wordpress\/wp-content\/uploads\/2025\/10\/1000182486-1024x768.jpg 1024w, https:\/\/www.radiopiu.net\/wordpress\/wp-content\/uploads\/2025\/10\/1000182486-768x576.jpg 768w, https:\/\/www.radiopiu.net\/wordpress\/wp-content\/uploads\/2025\/10\/1000182486-1536x1152.jpg 1536w, https:\/\/www.radiopiu.net\/wordpress\/wp-content\/uploads\/2025\/10\/1000182486.jpg 2048w\" sizes=\"auto, (max-width: 160px) 100vw, 160px\" \/><\/a>BELLUNO<\/strong> Dopo mesi di segnalazioni, sono iniziati i primi interventi in via per Nogar\u00e8: un operaio ha colmato con catrame alcune buche, tra cui una profonda 7 centimetri davanti alla pensilina dell\u2019autobus. I lavori arrivano dopo le insistenti richieste del Comitato Baldenich24, che denuncia da tempo asfalto dissestato, segnaletica scolorita e velocit\u00e0 eccessive. \u00abFinalmente qualcosa si muove, ma servono interventi strutturali, non rattoppi\u00bb, commenta il capofrazione Luigi Filippo Daniele. Nell\u2019assemblea del 9 ottobre i cittadini hanno approvato all\u2019unanimit\u00e0 un pacchetto di opere: asfaltatura completa di via per Nogar\u00e8 e via Calbo, nuova segnaletica, dosso rallentatore e telecamera per il controllo velocit\u00e0. Votata anche la richiesta di un incontro sul progetto del nuovo Stadio Polisportivo e la manutenzione dei parchi cittadini. Il 7 novembre Daniele incontrer\u00e0 il sindaco De Pellegrin per consegnare un dossier di 12 pagine con proposte e segnalazioni.<\/p>\n<p>&nbsp;<\/p>\n<hr \/>\n<p>&nbsp;<\/p>\n<blockquote>\n<h2>DILLO A RADIOPIU&#8230;.DOPO VAIA, IL RIFLESSO DELLA SPERANZA<\/h2>\n<\/blockquote>\n<p data-start=\"190\" data-end=\"458\"><a class=\"dt-pswp-item\" href=\"https:\/\/www.radiopiu.net\/wordpress\/wp-content\/uploads\/2025\/10\/DSCN5553-scaled.jpg\" data-dt-img-description=\"\" data-large_image_width=\"2560\" data-large_image_height=\"1920\"><img loading=\"lazy\" decoding=\"async\" class=\"wp-image-477946 alignleft\" src=\"https:\/\/www.radiopiu.net\/wordpress\/wp-content\/uploads\/2025\/10\/DSCN5553-scaled.jpg\" alt=\"\" width=\"267\" height=\"200\" srcset=\"https:\/\/www.radiopiu.net\/wordpress\/wp-content\/uploads\/2025\/10\/DSCN5553-scaled.jpg 2560w, https:\/\/www.radiopiu.net\/wordpress\/wp-content\/uploads\/2025\/10\/DSCN5553-300x225.jpg 300w, https:\/\/www.radiopiu.net\/wordpress\/wp-content\/uploads\/2025\/10\/DSCN5553-1024x768.jpg 1024w, https:\/\/www.radiopiu.net\/wordpress\/wp-content\/uploads\/2025\/10\/DSCN5553-768x576.jpg 768w, https:\/\/www.radiopiu.net\/wordpress\/wp-content\/uploads\/2025\/10\/DSCN5553-1536x1152.jpg 1536w, https:\/\/www.radiopiu.net\/wordpress\/wp-content\/uploads\/2025\/10\/DSCN5553-2048x1536.jpg 2048w\" sizes=\"auto, (max-width: 267px) 100vw, 267px\" \/><\/a>Una foto scattata dopo Vaia: tutt\u2019intorno la desolazione, gli alberi abbattuti, il silenzio irreale di un paesaggio ferito. Eppure, nel cuore di quella ferita, le Pale di San Lucano si specchiano tranquille nel laghetto delle Peschiere. Come se niente fosse. Davanti a quello specchio d\u2019acqua, immobile e limpido, ho pensato che forse era un segno: la natura e la storia andavano avanti, nonostante tutto. E che anche noi dovevamo fare lo stesso, pur con la paura che ritorna ogni volta che piove o che il vento ricomincia a soffiare pi\u00f9 forte del solito.<\/p>\n<p data-start=\"764\" data-end=\"1150\">Il pomeriggio e la notte di Vaia ero al lavoro. Ricordo ancora quelle ore spaventose, l\u2019impotenza e l\u2019angoscia di fronte a una forza cos\u00ec devastante. Eppure, tra le macerie e la paura, qualcosa \u00e8 cambiato. Vaia ha mostrato anche un volto nascosto della montagna, svelando scorci nuovi e sorprendenti, bellezze celate dalla vegetazione fitta, che solo la tempesta ha reso visibili. In quei giorni difficili, RadioPi\u00f9 \u00e8 stata pi\u00f9 che mai un punto di riferimento: una voce amica, una presenza costante che ci ha accompagnato e rassicurato quando tutto sembrava perduto, \u00a0un pensiero rivolto a chi, come allora, continua a credere nella forza della comunit\u00e0. Perch\u00e9 anche nelle difficolt\u00e0, a volte basta uno sguardo \u2013 come quello delle Pale riflesse nel lago \u2013 per ricordarci che la vita, nonostante tutto, va avanti.<\/p>\n<blockquote class=\"wp-embedded-content\" data-secret=\"voBITK7XuJ\"><p><a href=\"https:\/\/www.radiopiu.net\/wordpress\/vaia-sette-anni-dopo-n\/\">VAIA, SETTE ANNI DOPO. NEGLI SCATTI DI PAOLO DECIMA &#8211; FOTO E VIDEO<\/a><\/p><\/blockquote>\n<p><iframe loading=\"lazy\" class=\"wp-embedded-content\" sandbox=\"allow-scripts\" security=\"restricted\" style=\"position: absolute; visibility: hidden;\" title=\"&#8220;VAIA, SETTE ANNI DOPO. NEGLI SCATTI DI PAOLO DECIMA &#8211; FOTO E VIDEO&#8221; &#8212; Radio Pi\u00f9\" src=\"https:\/\/www.radiopiu.net\/wordpress\/vaia-sette-anni-dopo-n\/embed\/#?secret=kglwPwCMKT#?secret=voBITK7XuJ\" data-secret=\"voBITK7XuJ\" width=\"600\" height=\"338\" frameborder=\"0\" marginwidth=\"0\" marginheight=\"0\" scrolling=\"no\"><\/iframe><\/p>\n<p>&nbsp;<\/p>\n<hr \/>\n<p><span style=\"color: #ff0000;\"><strong>OGGI LA GIUDIZIARIA<\/strong><\/span><br \/>\n<span style=\"color: #ff0000;\"><strong>SINTESI DAL CORRIERE DELLE ALPI<\/strong><\/span><br \/>\n<span style=\"color: #ff0000;\"><strong>GIGI SOSSO<\/strong><\/span><\/p>\n<blockquote>\n<p data-start=\"0\" data-end=\"83\"><strong data-start=\"0\" data-end=\"81\">PROCESSO A QUERO PER MALTRATTAMENTI E VIOLENZA: CHIESTI OTTO ANNI E NOVE MESI<\/strong><\/p>\n<\/blockquote>\n<p data-start=\"85\" data-end=\"330\"><strong>QUERO<\/strong> Una donna \u00a0ha denunciato anni di maltrattamenti, insulti, botte e rapporti forzati da parte dell\u2019ex marito, che ora rischia una condanna a otto anni e nove mesi di carcere e al pagamento di 20 mila euro di risarcimento. L\u2019uomo, difeso dagli avvocati Davide Fent e Giuseppe Fantauzzi, avrebbe controllato la moglie, insultandola e picchiandola, anche davanti alla figlia. Gli episodi pi\u00f9 gravi risalirebbero al 2021, dopo il tentativo della donna di salvare il matrimonio. Il pm Alberto Primavera ha chiesto la condanna piena, mentre la difesa contesta la violenza sessuale e la procedibilit\u00e0 delle lesioni. La sentenza \u00e8 attesa il 26 novembre.<\/p>\n<blockquote>\n<p data-start=\"0\" data-end=\"75\"><strong data-start=\"0\" data-end=\"73\">RAPINA IN VILLA A SANTA GIUSTINA: DOPO SETTE ANNI IL PROCESSO RIPARTE<\/strong><\/p>\n<\/blockquote>\n<p data-start=\"77\" data-end=\"328\"><strong>SANTA GIUSTINA<\/strong> A sette anni dalla rapina in una villa, il processo a carico dei kosovari Mentor Zenelaj e Muse Morina \u00e8 ripartito al tribunale di Belluno davanti al nuovo collegio presieduto dal giudice Silvia Ferrari. Nel primo procedimento Zenelaj era stato assolto, mentre Morina condannato a cinque anni e un mese. La vittima, Liliana Tessaro, era stata chiusa in un vano scale e minacciata con pistola e coltello, subendo il furto di denaro, gioielli e documenti. Le indagini dei Carabinieri di Feltre avevano portato agli arresti grazie a telecamere, intercettazioni e celle telefoniche. Nuove udienze sono fissate per il 19 novembre e il 28 gennaio.<\/p>\n<p>&nbsp;<\/p>\n<hr \/>\n<p>&nbsp;<\/p>\n<blockquote>\n<h3>CONFCOMMERCIO BELLUNO CHIEDE CHIAREZZA SULL\u2019ORGANIZZAZIONE DELLE OLIMPIADI<\/h3>\n<\/blockquote>\n<p><strong><a class=\"dt-pswp-item\" href=\"https:\/\/www.radiopiu.net\/wordpress\/wp-content\/uploads\/2021\/07\/th-21.jpg\" data-dt-img-description=\"\" data-large_image_width=\"286\" data-large_image_height=\"161\"><img loading=\"lazy\" decoding=\"async\" class=\"size-full wp-image-225158 alignleft\" src=\"https:\/\/www.radiopiu.net\/wordpress\/wp-content\/uploads\/2021\/07\/th-21.jpg\" alt=\"\" width=\"286\" height=\"161\" \/><\/a>BELLUNO<\/strong> A cento giorni dall&#8217;apertura dei Giochi olimpici di Milano Cortina 2026, da Confcommercio Belluno torna forte l&#8217;appello a fare chiarezza sull&#8217;organizzazione di un evento che porter\u00e0 visibilit\u00e0 mondiale alla provincia di Belluno.<\/p>\n<p><strong>DI DANIELE DALVIT<\/strong><\/p>\n<audio class=\"wp-audio-shortcode\" id=\"audio-477785-8\" preload=\"none\" style=\"width: 100%;\" controls=\"controls\"><source type=\"audio\/mpeg\" src=\"https:\/\/www.radiopiu.net\/wordpress\/wp-content\/uploads\/2025\/10\/Servizio-Doglioni-Olimpiadi-cento-giorni.mp3?_=8\" \/><a href=\"https:\/\/www.radiopiu.net\/wordpress\/wp-content\/uploads\/2025\/10\/Servizio-Doglioni-Olimpiadi-cento-giorni.mp3\">https:\/\/www.radiopiu.net\/wordpress\/wp-content\/uploads\/2025\/10\/Servizio-Doglioni-Olimpiadi-cento-giorni.mp3<\/a><\/audio>\n<p>&nbsp;<\/p>\n<hr \/>\n<p>&nbsp;<\/p>\n<blockquote>\n<h3>APPIA CNA BELLUNO PREMIATA CON IL BOLLINO CASSA EDILE AWARDS 2025<\/h3>\n<\/blockquote>\n<p><strong><a class=\"dt-pswp-item\" href=\"https:\/\/www.radiopiu.net\/wordpress\/wp-content\/uploads\/2025\/10\/Andrea-Cerentin-Presidente-Appia-CNA-Belluno-scaled.jpg\" data-dt-img-description=\"\" data-large_image_width=\"2560\" data-large_image_height=\"1707\"><img loading=\"lazy\" decoding=\"async\" class=\" wp-image-478006 alignleft\" src=\"https:\/\/www.radiopiu.net\/wordpress\/wp-content\/uploads\/2025\/10\/Andrea-Cerentin-Presidente-Appia-CNA-Belluno-300x200.jpg\" alt=\"\" width=\"179\" height=\"119\" srcset=\"https:\/\/www.radiopiu.net\/wordpress\/wp-content\/uploads\/2025\/10\/Andrea-Cerentin-Presidente-Appia-CNA-Belluno-300x200.jpg 300w, https:\/\/www.radiopiu.net\/wordpress\/wp-content\/uploads\/2025\/10\/Andrea-Cerentin-Presidente-Appia-CNA-Belluno-1024x683.jpg 1024w, https:\/\/www.radiopiu.net\/wordpress\/wp-content\/uploads\/2025\/10\/Andrea-Cerentin-Presidente-Appia-CNA-Belluno-768x512.jpg 768w, https:\/\/www.radiopiu.net\/wordpress\/wp-content\/uploads\/2025\/10\/Andrea-Cerentin-Presidente-Appia-CNA-Belluno-1536x1024.jpg 1536w, https:\/\/www.radiopiu.net\/wordpress\/wp-content\/uploads\/2025\/10\/Andrea-Cerentin-Presidente-Appia-CNA-Belluno-2048x1366.jpg 2048w\" sizes=\"auto, (max-width: 179px) 100vw, 179px\" \/><\/a>BELLUNO <\/strong>Appia CNA Belluno \u00e8 tra i vincitori del Bollino Cassa Edile Awards 2025, riconoscimento nazionale assegnato a Bari dalla Commissione Paritetica per le Casse Edili. La Cassa Edile di Belluno ha segnalato lo studio per il suo comportamento virtuoso, che gli \u00e8 valso due premi: Endurance, per la continuit\u00e0 nelle denunce senza sospensioni, e Top Player, per le maggiori ore lavorate. L\u2019attestato valorizza i consulenti che promuovono legalit\u00e0 e correttezza nei rapporti di lavoro. \u201cSiamo onorati di questo riconoscimento che certifica la qualit\u00e0 e la trasparenza del nostro operato\u201d, afferma il presidente Andrea Cerentin, sottolineando l\u2019impegno di Appia CNA Belluno nel sostenere un\u2019edilizia pi\u00f9 sicura, giusta e rispettosa delle regole.<\/p>\n<p>&nbsp;<\/p>\n<p>&nbsp;<\/p>\n<hr \/>\n<p>&nbsp;<\/p>\n<blockquote>\n<h3>UN NUOVO PATTO PER UNA MONTAGNA SICURA, VIVA E SOSTENIBILE<\/h3>\n<\/blockquote>\n<p><strong><a class=\"dt-pswp-item\" href=\"https:\/\/www.radiopiu.net\/wordpress\/wp-content\/uploads\/2025\/04\/LORRAINE-BERTON-2025-scaled.jpg\" data-dt-img-description=\"\" data-large_image_width=\"2560\" data-large_image_height=\"1938\"><img loading=\"lazy\" decoding=\"async\" class=\" wp-image-444482 alignleft\" src=\"https:\/\/www.radiopiu.net\/wordpress\/wp-content\/uploads\/2025\/04\/LORRAINE-BERTON-2025-300x227.jpg\" alt=\"\" width=\"167\" height=\"126\" srcset=\"https:\/\/www.radiopiu.net\/wordpress\/wp-content\/uploads\/2025\/04\/LORRAINE-BERTON-2025-300x227.jpg 300w, https:\/\/www.radiopiu.net\/wordpress\/wp-content\/uploads\/2025\/04\/LORRAINE-BERTON-2025-1024x775.jpg 1024w, https:\/\/www.radiopiu.net\/wordpress\/wp-content\/uploads\/2025\/04\/LORRAINE-BERTON-2025-768x581.jpg 768w, https:\/\/www.radiopiu.net\/wordpress\/wp-content\/uploads\/2025\/04\/LORRAINE-BERTON-2025-1536x1163.jpg 1536w, https:\/\/www.radiopiu.net\/wordpress\/wp-content\/uploads\/2025\/04\/LORRAINE-BERTON-2025-2048x1550.jpg 2048w\" sizes=\"auto, (max-width: 167px) 100vw, 167px\" \/><\/a>BELLUNO <\/strong>A sette anni dalla tempesta Vaia e a cento giorni dalle Olimpiadi Milano Cortina 2026, Lorraine Berton, presidente di Confindustria Belluno Dolomiti, richiama istituzioni e candidati alle regionali a un impegno concreto per la montagna veneta. \u201cLa montagna non \u00e8 un\u2019area da risarcire, ma un territorio strategico\u201d, afferma, chiedendo l\u2019istituzione di un Assessorato regionale dedicato. Il richiamo \u00e8 a politiche efficaci, capaci di garantire sicurezza, sviluppo e sostenibilit\u00e0. Vaia ha mostrato la vulnerabilit\u00e0 del territorio, mentre le Olimpiadi rappresentano l\u2019occasione per valorizzarlo e attrarre investimenti basati su innovazione e autonomia. \u201cUna montagna in salute \u00e8 una ricchezza per tutti i veneti\u201d, conclude Berton, invitando a gestire con lungimiranza l\u2019eredit\u00e0 olimpica.<\/p>\n<p>&nbsp;<\/p>\n<p>&nbsp;<\/p>\n<hr \/>\n<p>&nbsp;<\/p>\n<blockquote>\n<h3>VALORIZZAZIONE DELLE MINORANZE LINGUISTICHE<\/h3>\n<\/blockquote>\n<p><strong><img loading=\"lazy\" decoding=\"async\" class=\"alignleft\" src=\"https:\/\/www.radiopiu.net\/wordpress\/wp-content\/uploads\/2025\/10\/Senza-nome-54.png\" width=\"409\" height=\"122\" \/>ROMA<\/strong> A Palazzo Cornaro a Roma si \u00e8 tenuto un incontro tra il Dipartimento per gli Affari Regionali e l\u2019Associazione Articolo 6, che rappresenta le dodici minoranze linguistiche storiche italiane. L\u2019obiettivo \u00e8 rafforzare il coordinamento nazionale e promuovere progetti comuni di tutela e valorizzazione culturale. L\u2019Associazione, nata il 15 settembre 2025, riunisce comunit\u00e0 albanesi, catalane, germaniche, greche, slovene, croate, francesi, franco-provenzali, friulane, ladine, occitane e sarde. Si propone come punto di riferimento stabile per tutte le realt\u00e0 minoritarie, con un approccio unitario e partecipativo che coinvolge enti pubblici, associazioni e cooperative. Dal confronto \u00e8 emersa la volont\u00e0 di costruire una rete duratura tra istituzioni e comunit\u00e0 per preservare e trasmettere le tradizioni linguistiche italiane.<\/p>\n<p>&nbsp;<\/p>\n<p>&nbsp;<\/p>\n<hr \/>\n<p>&nbsp;<\/p>\n<blockquote>\n<h3>GAL ALTO BELLUNESE: PUBBLICATI I BANDI ISL04<\/h3>\n<\/blockquote>\n<p><strong><a class=\"dt-pswp-item\" href=\"https:\/\/www.radiopiu.net\/wordpress\/wp-content\/uploads\/2024\/11\/MAURO-SOPPELSA.png\" data-dt-img-description=\"\" data-large_image_width=\"642\" data-large_image_height=\"494\"><img loading=\"lazy\" decoding=\"async\" class=\" wp-image-420843 alignleft\" src=\"https:\/\/www.radiopiu.net\/wordpress\/wp-content\/uploads\/2024\/11\/MAURO-SOPPELSA-300x231.png\" alt=\"\" width=\"173\" height=\"133\" srcset=\"https:\/\/www.radiopiu.net\/wordpress\/wp-content\/uploads\/2024\/11\/MAURO-SOPPELSA-300x231.png 300w, https:\/\/www.radiopiu.net\/wordpress\/wp-content\/uploads\/2024\/11\/MAURO-SOPPELSA.png 642w\" sizes=\"auto, (max-width: 173px) 100vw, 173px\" \/><\/a>BELLUNO <\/strong>Sul sito del GAL Alto Bellunese sono pubblicati tre nuovi bandi relativi all\u2019intervento ISL04 \u2013 Investimenti non produttivi nelle aree rurali, parte del Programma di Sviluppo Locale <em>TRACCE 2023-2027<\/em> e della <em>Strategia Nazionale delle Aree Interne<\/em>. I finanziamenti, destinati a enti pubblici, fondazioni e associazioni senza scopo di lucro, coprono il 100% delle spese ammissibili (da 10.000 a 150.000 euro) e mirano a rafforzare i servizi di base nelle aree rurali, inclusi quelli alla persona, culturali e ricreativi. Le domande possono essere presentate fino al 26 gennaio 2026. Il presidente del GAL, Mauro Soppelsa (FOTO), evidenzia come questi bandi rappresentino un\u2019importante opportunit\u00e0 per migliorare la qualit\u00e0 della vita nell\u2019Alto Bellunese, valorizzando il patrimonio locale e favorendo la coesione territoriale.<\/p>\n<p>&nbsp;<\/p>\n<hr \/>\n<blockquote>\n<h3>ROCCA PIETORE E SELVA DI CADORE UNITI CONTRO LE TRUFFE<\/h3>\n<\/blockquote>\n<p><img loading=\"lazy\" decoding=\"async\" class=\"alignleft\" src=\"https:\/\/www.radiopiu.net\/wordpress\/wp-content\/uploads\/2025\/10\/Screenshot-2025-10-30-053431.png\" width=\"264\" height=\"143\" \/><\/p>\n<p data-start=\"106\" data-end=\"371\">Le amministrazioni comunali di <strong data-start=\"137\" data-end=\"154\">Rocca Pietore<\/strong> e <strong data-start=\"157\" data-end=\"176\">Selva di Cadore<\/strong>, in collaborazione con il <strong data-start=\"203\" data-end=\"246\">Comando Stazione Carabinieri di Caprile<\/strong>, promuovono una serie di <strong data-start=\"272\" data-end=\"331\">incontri pubblici di sensibilizzazione contro le truffe<\/strong>, rivolti in particolare agli anziani. Le serate avranno l\u2019obiettivo di informare i cittadini sui principali raggiri e sui comportamenti da adottare per <strong data-start=\"487\" data-end=\"557\">difendersi da chi tenta di approfittarsi delle persone pi\u00f9 fragili<\/strong>. <em>\u00abConfidiamo che la partecipazione sia ampia \u2013 sottolineano le amministrazioni \u2013 perch\u00e9 la prevenzione \u00e8 la prima difesa contro chi agisce con inganno\u00bb.<\/em><\/p>\n<p>&nbsp;<\/p>\n<hr \/>\n<p>&nbsp;<\/p>\n<blockquote>\n<h3>DILLO A RADIO PIU&#8230; QUANDO INTERNET PARLA SEMPRE PIU&#8217; CON LE MACCHINE<\/h3>\n<\/blockquote>\n<p><strong><img loading=\"lazy\" decoding=\"async\" class=\"alignleft\" src=\"https:\/\/www.radiopiu.net\/wordpress\/wp-content\/uploads\/2025\/10\/Senza-nome-55.png\" width=\"225\" height=\"200\" \/>REDAZIONE<\/strong> Negli ultimi anni il web sta vivendo una trasformazione profonda: i visitatori \u201cumani\u201d stanno diminuendo, mentre crescono rapidamente i bot, ossia agenti digitali automatizzati. Secondo i dati internazionali, nel 2024 oltre il 51% del traffico online mondiale \u00e8 generato da sistemi automatici, contro il 37% del 2019. Non si tratta solo di bot malevoli, ma anche di programmi basati su intelligenza artificiale che leggono i siti per raccogliere informazioni, generare contenuti o addestrare modelli linguistici. Questo cambiamento impone una nuova consapevolezza: i siti web devono adattarsi a un pubblico che non \u00e8 pi\u00f9 solo umano, ma anche digitale. Bloccare gli agenti automatici rischia di rendere invisibili i contenuti online. Il web sta evolvendo in un ecosistema condiviso tra persone e intelligenze artificiali: comprenderlo \u00e8 la chiave per restare visibili e competitivi.<\/p>\n<p>&nbsp;<\/p>\n<p><strong>L&#8217;ARTICOLO COMPLETO<\/strong><\/p>\n<blockquote class=\"wp-embedded-content\" data-secret=\"mcTS85xlhm\"><p><a href=\"https:\/\/www.radiopiu.net\/wordpress\/dillo-a-radio-piu-quando-internet-parla-sempre-piu-con-le-macchine\/\">DILLO A RADIO PIU&#8230; QUANDO INTERNET PARLA SEMPRE PIU&#8217; CON LE MACCHINE<\/a><\/p><\/blockquote>\n<p><iframe loading=\"lazy\" class=\"wp-embedded-content\" sandbox=\"allow-scripts\" security=\"restricted\" style=\"position: absolute; visibility: hidden;\" title=\"&#8220;DILLO A RADIO PIU&#8230; QUANDO INTERNET PARLA SEMPRE PIU&#8217; CON LE MACCHINE&#8221; &#8212; Radio Pi\u00f9\" src=\"https:\/\/www.radiopiu.net\/wordpress\/dillo-a-radio-piu-quando-internet-parla-sempre-piu-con-le-macchine\/embed\/#?secret=7uX6Uirfez#?secret=mcTS85xlhm\" data-secret=\"mcTS85xlhm\" width=\"600\" height=\"338\" frameborder=\"0\" marginwidth=\"0\" marginheight=\"0\" scrolling=\"no\"><\/iframe><\/p>\n<p>&nbsp;<\/p>\n<hr \/>\n<p>&nbsp;<\/p>\n<blockquote>\n<p data-start=\"0\" data-end=\"71\"><strong data-start=\"0\" data-end=\"69\"><a class=\"dt-pswp-item\" href=\"https:\/\/www.radiopiu.net\/wordpress\/wp-content\/uploads\/2021\/11\/QUESTURA-BELLUNO.png\" data-dt-img-description=\"\" data-large_image_width=\"1912\" data-large_image_height=\"1384\"><img loading=\"lazy\" decoding=\"async\" class=\"wp-image-244040 alignleft\" src=\"https:\/\/www.radiopiu.net\/wordpress\/wp-content\/uploads\/2021\/11\/QUESTURA-BELLUNO-300x217.png\" alt=\"\" width=\"124\" height=\"90\" srcset=\"https:\/\/www.radiopiu.net\/wordpress\/wp-content\/uploads\/2021\/11\/QUESTURA-BELLUNO-300x217.png 300w, https:\/\/www.radiopiu.net\/wordpress\/wp-content\/uploads\/2021\/11\/QUESTURA-BELLUNO-1024x741.png 1024w, https:\/\/www.radiopiu.net\/wordpress\/wp-content\/uploads\/2021\/11\/QUESTURA-BELLUNO-768x556.png 768w, https:\/\/www.radiopiu.net\/wordpress\/wp-content\/uploads\/2021\/11\/QUESTURA-BELLUNO-1536x1112.png 1536w, https:\/\/www.radiopiu.net\/wordpress\/wp-content\/uploads\/2021\/11\/QUESTURA-BELLUNO.png 1912w\" sizes=\"auto, (max-width: 124px) 100vw, 124px\" \/><\/a>QUESTURA DI BELLUNO E DESPAR INSIEME CONTRO LA VIOLENZA DI GENERE<\/strong><\/p>\n<\/blockquote>\n<p data-start=\"73\" data-end=\"337\"><strong>BELLUNO<\/strong> Oggi \u00a0alle 11, la Questura di Belluno presenter\u00e0 una nuova campagna di sensibilizzazione contro la violenza di genere, realizzata in collaborazione con il Gruppo Despar\u00a0e approvata dal Ministero dell\u2019Interno. L\u2019iniziativa coinvolger\u00e0 i punti vendita Despar, \u00a0della provincia, dove saranno diffusi materiali informativi e messaggi di prevenzione. Nella stessa mattinata, operatrici specializzate della Polizia di Stato saranno presenti\u00a0 in \u00a0Viale Europa per incontrare i cittadini e fornire consigli utili su come riconoscere, prevenire e segnalare situazioni di violenza.<\/p>\n<p>&nbsp;<\/p>\n<hr \/>\n<p>&nbsp;<\/p>\n<blockquote>\n<h3>TRAFFICO AEREO INTENSO SOPRA VOLTAGO: 272 AEREI IN POCHE ORE<\/h3>\n<\/blockquote>\n<p><strong>VOLTAGO<\/strong> Cielo affollato sopra la valle Agordina. Dalle rilevazioni effettuate ieri mattina alle 10.30, risultano 272 aerei transitati nel raggio di circa cinquanta miglia nautiche sopra Voltago e dintorni. Un dato che conferma l\u2019intensit\u00e0 del traffico aereo registrata negli ultimi giorni, visibile anche a occhio nudo con le numerose scie bianche che attraversano il cielo. Le statistiche, aggiornate in tempo reale, mostrano non solo il numero dei voli ma anche la provenienza e la direzione delle rotte. Dai grafici settimanali si nota una costante crescita del numero di velivoli in transito. Un fenomeno che continua a incuriosire gli abitanti della zona e a sollevare domande sul suo impatto visivo e ambientale, ma che, secondo gli esperti, rientra nella normale attivit\u00e0 di sorvolo .<\/p>\n\n\t\t\t<style type='text\/css'>\n\t\t\t\t#gallery-2 {\n\t\t\t\t\tmargin: auto;\n\t\t\t\t}\n\t\t\t\t#gallery-2 .gallery-item {\n\t\t\t\t\tfloat: left;\n\t\t\t\t\tmargin-top: 10px;\n\t\t\t\t\ttext-align: center;\n\t\t\t\t\twidth: 33%;\n\t\t\t\t}\n\t\t\t\t#gallery-2 img {\n\t\t\t\t\tborder: 2px solid #cfcfcf;\n\t\t\t\t}\n\t\t\t\t#gallery-2 .gallery-caption {\n\t\t\t\t\tmargin-left: 0;\n\t\t\t\t}\n\t\t\t\t\/* see gallery_shortcode() in wp-includes\/media.php *\/\n\t\t\t<\/style>\n\t\t<div id='gallery-2' class='dt-gallery-container gallery galleryid-477785 gallery-columns-3 gallery-size-medium'><dl class='gallery-item'>\n\t\t\t\t<dt class='gallery-icon landscape'>\n\t\t\t\t\t<a class=\"rollover rollover-zoom dt-pswp-item\" title=\"9c2ed591-0889-492b-bbfe-dd00d7f38340\" data-dt-img-description=\"\" data-large_image_width=\"1157\" data-large_image_height=\"921\"href='https:\/\/www.radiopiu.net\/wordpress\/wp-content\/uploads\/2025\/10\/9c2ed591-0889-492b-bbfe-dd00d7f38340.jpg'><img loading=\"lazy\" decoding=\"async\" width=\"300\" height=\"239\" src=\"https:\/\/www.radiopiu.net\/wordpress\/wp-content\/uploads\/2025\/10\/9c2ed591-0889-492b-bbfe-dd00d7f38340-300x239.jpg\" class=\"attachment-medium size-medium\" alt=\"\" srcset=\"https:\/\/www.radiopiu.net\/wordpress\/wp-content\/uploads\/2025\/10\/9c2ed591-0889-492b-bbfe-dd00d7f38340-300x239.jpg 300w, https:\/\/www.radiopiu.net\/wordpress\/wp-content\/uploads\/2025\/10\/9c2ed591-0889-492b-bbfe-dd00d7f38340-1024x815.jpg 1024w, https:\/\/www.radiopiu.net\/wordpress\/wp-content\/uploads\/2025\/10\/9c2ed591-0889-492b-bbfe-dd00d7f38340-768x611.jpg 768w, https:\/\/www.radiopiu.net\/wordpress\/wp-content\/uploads\/2025\/10\/9c2ed591-0889-492b-bbfe-dd00d7f38340.jpg 1157w\" sizes=\"auto, (max-width: 300px) 100vw, 300px\" \/><\/a>\n\t\t\t\t<\/dt><\/dl><dl class='gallery-item'>\n\t\t\t\t<dt class='gallery-icon landscape'>\n\t\t\t\t\t<a class=\"rollover rollover-zoom dt-pswp-item\" title=\"07b4810c-4780-4fb9-a808-c3f2b7d96ed9\" data-dt-img-description=\"\" data-large_image_width=\"1144\" data-large_image_height=\"641\"href='https:\/\/www.radiopiu.net\/wordpress\/wp-content\/uploads\/2025\/10\/07b4810c-4780-4fb9-a808-c3f2b7d96ed9.jpg'><img loading=\"lazy\" decoding=\"async\" width=\"300\" height=\"168\" src=\"https:\/\/www.radiopiu.net\/wordpress\/wp-content\/uploads\/2025\/10\/07b4810c-4780-4fb9-a808-c3f2b7d96ed9-300x168.jpg\" class=\"attachment-medium size-medium\" alt=\"\" srcset=\"https:\/\/www.radiopiu.net\/wordpress\/wp-content\/uploads\/2025\/10\/07b4810c-4780-4fb9-a808-c3f2b7d96ed9-300x168.jpg 300w, https:\/\/www.radiopiu.net\/wordpress\/wp-content\/uploads\/2025\/10\/07b4810c-4780-4fb9-a808-c3f2b7d96ed9-1024x574.jpg 1024w, https:\/\/www.radiopiu.net\/wordpress\/wp-content\/uploads\/2025\/10\/07b4810c-4780-4fb9-a808-c3f2b7d96ed9-768x430.jpg 768w, https:\/\/www.radiopiu.net\/wordpress\/wp-content\/uploads\/2025\/10\/07b4810c-4780-4fb9-a808-c3f2b7d96ed9.jpg 1144w\" sizes=\"auto, (max-width: 300px) 100vw, 300px\" \/><\/a>\n\t\t\t\t<\/dt><\/dl><dl class='gallery-item'>\n\t\t\t\t<dt class='gallery-icon landscape'>\n\t\t\t\t\t<a class=\"rollover rollover-zoom dt-pswp-item\" title=\"a62cd51e-1fce-4c32-8715-82631dd2df12\" data-dt-img-description=\"\" data-large_image_width=\"1144\" data-large_image_height=\"733\"href='https:\/\/www.radiopiu.net\/wordpress\/wp-content\/uploads\/2025\/10\/a62cd51e-1fce-4c32-8715-82631dd2df12.jpg'><img loading=\"lazy\" decoding=\"async\" width=\"300\" height=\"192\" src=\"https:\/\/www.radiopiu.net\/wordpress\/wp-content\/uploads\/2025\/10\/a62cd51e-1fce-4c32-8715-82631dd2df12-300x192.jpg\" class=\"attachment-medium size-medium\" alt=\"\" srcset=\"https:\/\/www.radiopiu.net\/wordpress\/wp-content\/uploads\/2025\/10\/a62cd51e-1fce-4c32-8715-82631dd2df12-300x192.jpg 300w, https:\/\/www.radiopiu.net\/wordpress\/wp-content\/uploads\/2025\/10\/a62cd51e-1fce-4c32-8715-82631dd2df12-1024x656.jpg 1024w, https:\/\/www.radiopiu.net\/wordpress\/wp-content\/uploads\/2025\/10\/a62cd51e-1fce-4c32-8715-82631dd2df12-768x492.jpg 768w, https:\/\/www.radiopiu.net\/wordpress\/wp-content\/uploads\/2025\/10\/a62cd51e-1fce-4c32-8715-82631dd2df12.jpg 1144w\" sizes=\"auto, (max-width: 300px) 100vw, 300px\" \/><\/a>\n\t\t\t\t<\/dt><\/dl><br style=\"clear: both\" \/>\n\t\t\t<\/div>\n\n<p>&nbsp;<\/p>\n<hr \/>\n<p>&nbsp;<\/p>\n<h2><span style=\"color: #ff0000;\">CONSIGLI COMUNALI IN AGORDINO<\/span><\/h2>\n<p><strong>SAN TOMASO<\/strong> Consiglio comunale convocato per domani alle 19. Si discuter\u00e0 di una variante al piano degli interventi comunale e la presa d&#8217;atto di un verbale di fine settembre relativo alle risultanze dei controlli interni<\/p>\n<p>&nbsp;<\/p>\n<p>&nbsp;<\/p>\n<hr \/>\n<p>&nbsp;<\/p>\n<blockquote>\n<h3>NOVEMBRE \u00c8 IL MESE DELLA PREVENZIONE DEI TUMORI MASCHILI<\/h3>\n<\/blockquote>\n<p><strong><a class=\"dt-pswp-item\" href=\"https:\/\/www.radiopiu.net\/wordpress\/wp-content\/uploads\/2025\/03\/LILT.jpg\" data-dt-img-description=\"\" data-large_image_width=\"768\" data-large_image_height=\"433\"><img loading=\"lazy\" decoding=\"async\" class=\" wp-image-440668 alignleft\" src=\"https:\/\/www.radiopiu.net\/wordpress\/wp-content\/uploads\/2025\/03\/LILT-300x169.jpg\" alt=\"\" width=\"181\" height=\"102\" srcset=\"https:\/\/www.radiopiu.net\/wordpress\/wp-content\/uploads\/2025\/03\/LILT-300x169.jpg 300w, https:\/\/www.radiopiu.net\/wordpress\/wp-content\/uploads\/2025\/03\/LILT.jpg 768w\" sizes=\"auto, (max-width: 181px) 100vw, 181px\" \/><\/a>BELLUNO <\/strong>La L.I.L.T. &#8211; Sezione Provinciale di Belluno promuove per novembre 2025 la campagna \u201cNon perdere il filo della prevenzione, contro i tumori maschili \u00e8 la tua prima alleata\u201d, dedicata alla salute maschile. Gli uomini tra i 50 e i 70 anni possono prenotare gratuitamente il prelievo per il dosaggio del PSA e una visita urologica di prevenzione con la Dott.ssa Maria Cristina Camuffo. Le prenotazioni si effettuano telefonando alla Segreteria della L.I.L.T. di Belluno al numero 0437-1841362, il marted\u00ec e mercoled\u00ec dalle ore 10.00 alle 12.00. Un\u2019occasione importante per prendersi cura di s\u00e9 e prevenire i tumori maschili.<\/p>\n<p>&nbsp;<\/p>\n<p>&nbsp;<\/p>\n<hr \/>\n<p>&nbsp;<\/p>\n<p><img loading=\"lazy\" decoding=\"async\" class=\" wp-image-477197 alignleft\" src=\"https:\/\/www.radiopiu.net\/wordpress\/wp-content\/uploads\/2025\/10\/d0f070e2-8055-4e24-86da-988127132caa-212x300.jpg\" sizes=\"auto, (max-width: 140px) 100vw, 140px\" srcset=\"https:\/\/www.radiopiu.net\/wordpress\/wp-content\/uploads\/2025\/10\/d0f070e2-8055-4e24-86da-988127132caa-212x300.jpg 212w, https:\/\/www.radiopiu.net\/wordpress\/wp-content\/uploads\/2025\/10\/d0f070e2-8055-4e24-86da-988127132caa-723x1024.jpg 723w, https:\/\/www.radiopiu.net\/wordpress\/wp-content\/uploads\/2025\/10\/d0f070e2-8055-4e24-86da-988127132caa-768x1087.jpg 768w, https:\/\/www.radiopiu.net\/wordpress\/wp-content\/uploads\/2025\/10\/d0f070e2-8055-4e24-86da-988127132caa.jpg 904w\" alt=\"\" width=\"140\" height=\"199\" \/><\/p>\n<blockquote>\n<h3>A VOLTAGO INCONTRO FORMATIVO CON I CARABINIERI SULLA PREVENZIONE DELLE TRUFFE AGLI ANZIANI<\/h3>\n<\/blockquote>\n<p><strong>VOLTAGO\u00a0<\/strong>Il Comune di Voltago Agordino organizza un incontro pubblico dedicato alla prevenzione delle truffe agli anziani, in collaborazione con l\u2019Arma dei Carabinieri. L\u2019appuntamento \u00e8 fissato per domani alle 17, presso la Sala Maestro Gianni De Col. Interverr\u00e0 il Maggiore Giovanni Meriano, che illustrer\u00e0 le tecniche pi\u00f9 diffuse utilizzate dai truffatori e fornir\u00e0 consigli pratici per riconoscere e prevenire i raggiri. L\u2019iniziativa, intitolata \u201cTruffe agli anziani, come prevenirle?\u201d, mira a sensibilizzare la popolazione e a diffondere una maggiore cultura della prudenza. L\u2019amministrazione comunale invita cittadini e famiglie a partecipare, per imparare a proteggersi e ad aiutare chi \u00e8 pi\u00f9 esposto a tentativi di frode.<\/p>\n<p>&nbsp;<\/p>\n<p>&nbsp;<\/p>\n<hr \/>\n<p>&nbsp;<\/p>\n<blockquote>\n<p data-start=\"0\" data-end=\"96\"><strong data-start=\"0\" data-end=\"94\">ARREDAMONT ENTRA NEL VIVO: DESIGN, ARTIGIANATO E FUTURO AL CENTRO DELLA GIORNATA DI DOMANI<\/strong><\/p>\n<\/blockquote>\n<p data-start=\"98\" data-end=\"324\"><strong><a class=\"dt-pswp-item\" href=\"https:\/\/www.radiopiu.net\/wordpress\/wp-content\/uploads\/2025\/10\/Arredamont-2025-realizzati-con-il-cuore.jpg\" data-dt-img-description=\"\" data-large_image_width=\"2048\" data-large_image_height=\"1365\"><img loading=\"lazy\" decoding=\"async\" class=\" wp-image-477988 alignleft\" src=\"https:\/\/www.radiopiu.net\/wordpress\/wp-content\/uploads\/2025\/10\/Arredamont-2025-realizzati-con-il-cuore-300x200.jpg\" alt=\"\" width=\"233\" height=\"155\" srcset=\"https:\/\/www.radiopiu.net\/wordpress\/wp-content\/uploads\/2025\/10\/Arredamont-2025-realizzati-con-il-cuore-300x200.jpg 300w, https:\/\/www.radiopiu.net\/wordpress\/wp-content\/uploads\/2025\/10\/Arredamont-2025-realizzati-con-il-cuore-1024x683.jpg 1024w, https:\/\/www.radiopiu.net\/wordpress\/wp-content\/uploads\/2025\/10\/Arredamont-2025-realizzati-con-il-cuore-768x512.jpg 768w, https:\/\/www.radiopiu.net\/wordpress\/wp-content\/uploads\/2025\/10\/Arredamont-2025-realizzati-con-il-cuore-1536x1024.jpg 1536w, https:\/\/www.radiopiu.net\/wordpress\/wp-content\/uploads\/2025\/10\/Arredamont-2025-realizzati-con-il-cuore.jpg 2048w\" sizes=\"auto, (max-width: 233px) 100vw, 233px\" \/><\/a>LONGARONE <\/strong>Dopo un weekend di grande successo, Arredamont \u2013 la Mostra nazionale dell\u2019arredare in montagna in corso a Longarone Fiere Dolomiti \u2013 entra nel vivo con tre appuntamenti di rilievo in programma oggi. Alle 15, nello stand Appia CNA, spazio al workshop tecnico \u201cLavorazioni e coperture metalliche\u201d con Cerentin Lattoneria e Prefa. Alle 16, Confartigianato Imprese Belluno propone \u201cMatching Artigiano\u201d, per favorire il dialogo tra imprese artigiane e architetti. Alle 18, incontro clou \u201cDolomiti da abitare \u2013 Il futuro prende forma\u201d, con la designer e conduttrice Ida De Filippo, insieme a Ambra Piccin e Federico Della Puppa. Arredamont conferma cos\u00ec la sua forza: unire tradizione e innovazione per valorizzare il design e l\u2019artigianato d\u2019eccellenza legato alla montagna. La mostra rester\u00e0 aperta fino a domenica 2 novembre.<\/p>\n<p>&nbsp;<\/p>\n<p>&nbsp;<\/p>\n<hr \/>\n<p>&nbsp;<\/p>\n<blockquote>\n<h3>INFORMAZIONE E GUERRA: LUCA STEINMANN A BELLUNO CON LE SCUOLE IN RETE<\/h3>\n<\/blockquote>\n<p><strong><a class=\"dt-pswp-item\" href=\"https:\/\/www.radiopiu.net\/wordpress\/wp-content\/uploads\/2025\/10\/Senza-titolo.png\" data-dt-img-description=\"\" data-large_image_width=\"644\" data-large_image_height=\"488\"><img loading=\"lazy\" decoding=\"async\" class=\" wp-image-477398 alignleft\" src=\"https:\/\/www.radiopiu.net\/wordpress\/wp-content\/uploads\/2025\/10\/Senza-titolo-300x227.png\" alt=\"\" width=\"153\" height=\"116\" srcset=\"https:\/\/www.radiopiu.net\/wordpress\/wp-content\/uploads\/2025\/10\/Senza-titolo-300x227.png 300w, https:\/\/www.radiopiu.net\/wordpress\/wp-content\/uploads\/2025\/10\/Senza-titolo.png 644w\" sizes=\"auto, (max-width: 153px) 100vw, 153px\" \/><\/a>BELLUNO <\/strong>Raccontare la guerra significa affrontare la complessit\u00e0 dell\u2019informazione. Le Scuole in Rete, insieme all\u2019Associazione Amici delle Scuole in Rete e all\u2019APS Gianni Ballerio, ospitano a Belluno il giornalista e docente Luca Steinmann, autore de <em>Il fronte russo<\/em>. Reporter con esperienza diretta nei principali teatri di guerra, Steinmann \u00e8 oggi l\u2019unico giornalista occidentale con un punto di vista interno al fronte russo. L\u2019incontro \u201cInformazione e guerra: notizie dal fronte\u201d si terr\u00e0 domani, con dialoghi mattutini per gli studenti e un appuntamento serale alle 20:30 al Liceo Lollino.<\/p>\n<p>&nbsp;<\/p>\n<p>&nbsp;<\/p>\n<hr \/>\n<p>&nbsp;<\/p>\n<blockquote>\n<p data-start=\"0\" data-end=\"89\"><strong data-start=\"0\" data-end=\"87\">CHIES E LE SUE MONTAGNE, UNA RASSEGNA SEMPRE PI\u00d9 RICCA TRA SPORT, CULTURA E MEMORIA<\/strong><\/p>\n<\/blockquote>\n<p data-start=\"91\" data-end=\"497\"><strong>CHIES<\/strong>\u00a0 La 24\u00aa edizione di <em data-start=\"110\" data-end=\"137\">\u201cChies e le sue montagne\u201d<\/em> si conferma un grande evento che unisce sport, natura e riflessione. Dalla corsa <em data-start=\"219\" data-end=\"242\">Super Vertical Olimpo<\/em> con le vittorie di Enrico Bonati e Alba De Silvestro, agli incontri con speleologi e soccorritori alpini, fino al viaggio-studio a Stava per gli studenti di Chies e Tambre, la rassegna ha offerto momenti di crescita e consapevolezza civica. Tra i momenti pi\u00f9 sentiti, la Messa in quota \u201cMontagna meraviglia del creato\u201d a forcella Dolada e il racconto di viaggio del velista Antonio Sanson. Ultimo appuntamento domani\u00a0 con l\u2019evento dedicato alla Val Salatis, alla sua biodiversit\u00e0 e geologia, presso il Museo di Storia Naturale di Chies.<\/p>\n<p>&nbsp;<\/p>\n\n\t\t\t<style type='text\/css'>\n\t\t\t\t#gallery-3 {\n\t\t\t\t\tmargin: auto;\n\t\t\t\t}\n\t\t\t\t#gallery-3 .gallery-item {\n\t\t\t\t\tfloat: left;\n\t\t\t\t\tmargin-top: 10px;\n\t\t\t\t\ttext-align: center;\n\t\t\t\t\twidth: 16%;\n\t\t\t\t}\n\t\t\t\t#gallery-3 img {\n\t\t\t\t\tborder: 2px solid #cfcfcf;\n\t\t\t\t}\n\t\t\t\t#gallery-3 .gallery-caption {\n\t\t\t\t\tmargin-left: 0;\n\t\t\t\t}\n\t\t\t\t\/* see gallery_shortcode() in wp-includes\/media.php *\/\n\t\t\t<\/style>\n\t\t<div id='gallery-3' class='dt-gallery-container gallery galleryid-477785 gallery-columns-6 gallery-size-thumbnail'><dl class='gallery-item'>\n\t\t\t\t<dt class='gallery-icon landscape'>\n\t\t\t\t\t<a class=\"rollover rollover-zoom dt-pswp-item\" title=\"25_Messa_05\" data-dt-img-description=\"\" data-large_image_width=\"1600\" data-large_image_height=\"1200\"href='https:\/\/www.radiopiu.net\/wordpress\/wp-content\/uploads\/2025\/10\/25_Messa_05.jpg'><img loading=\"lazy\" decoding=\"async\" width=\"150\" height=\"150\" src=\"https:\/\/www.radiopiu.net\/wordpress\/wp-content\/uploads\/2025\/10\/25_Messa_05-150x150.jpg\" class=\"attachment-thumbnail size-thumbnail\" alt=\"\" \/><\/a>\n\t\t\t\t<\/dt><\/dl><dl class='gallery-item'>\n\t\t\t\t<dt class='gallery-icon landscape'>\n\t\t\t\t\t<a class=\"rollover rollover-zoom dt-pswp-item\" title=\"25_Messa_08\" data-dt-img-description=\"\" data-large_image_width=\"1600\" data-large_image_height=\"1200\"href='https:\/\/www.radiopiu.net\/wordpress\/wp-content\/uploads\/2025\/10\/25_Messa_08.jpg'><img loading=\"lazy\" decoding=\"async\" width=\"150\" height=\"150\" src=\"https:\/\/www.radiopiu.net\/wordpress\/wp-content\/uploads\/2025\/10\/25_Messa_08-150x150.jpg\" class=\"attachment-thumbnail size-thumbnail\" alt=\"\" \/><\/a>\n\t\t\t\t<\/dt><\/dl><dl class='gallery-item'>\n\t\t\t\t<dt class='gallery-icon landscape'>\n\t\t\t\t\t<a class=\"rollover rollover-zoom dt-pswp-item\" title=\"In 100 a Stava con Chies e le sue montagne\" data-dt-img-description=\"\" data-large_image_width=\"1600\" data-large_image_height=\"1200\"href='https:\/\/www.radiopiu.net\/wordpress\/wp-content\/uploads\/2025\/10\/In-100-a-Stava-con-Chies-e-le-sue-montagne.jpg'><img loading=\"lazy\" decoding=\"async\" width=\"150\" height=\"150\" src=\"https:\/\/www.radiopiu.net\/wordpress\/wp-content\/uploads\/2025\/10\/In-100-a-Stava-con-Chies-e-le-sue-montagne-150x150.jpg\" class=\"attachment-thumbnail size-thumbnail\" alt=\"\" \/><\/a>\n\t\t\t\t<\/dt><\/dl><dl class='gallery-item'>\n\t\t\t\t<dt class='gallery-icon landscape'>\n\t\t\t\t\t<a class=\"rollover rollover-zoom dt-pswp-item\" title=\"25_Messa_03\" data-dt-img-description=\"\" data-large_image_width=\"1600\" data-large_image_height=\"900\"href='https:\/\/www.radiopiu.net\/wordpress\/wp-content\/uploads\/2025\/10\/25_Messa_03.jpg'><img loading=\"lazy\" decoding=\"async\" width=\"150\" height=\"150\" src=\"https:\/\/www.radiopiu.net\/wordpress\/wp-content\/uploads\/2025\/10\/25_Messa_03-150x150.jpg\" class=\"attachment-thumbnail size-thumbnail\" alt=\"\" \/><\/a>\n\t\t\t\t<\/dt><\/dl><dl class='gallery-item'>\n\t\t\t\t<dt class='gallery-icon landscape'>\n\t\t\t\t\t<a class=\"rollover rollover-zoom dt-pswp-item\" title=\"FOTO_10_31_VAL_SALATIS_05\" data-dt-img-description=\"\" data-large_image_width=\"1024\" data-large_image_height=\"768\"href='https:\/\/www.radiopiu.net\/wordpress\/wp-content\/uploads\/2025\/10\/FOTO_10_31_VAL_SALATIS_05.jpg'><img loading=\"lazy\" decoding=\"async\" width=\"150\" height=\"150\" src=\"https:\/\/www.radiopiu.net\/wordpress\/wp-content\/uploads\/2025\/10\/FOTO_10_31_VAL_SALATIS_05-150x150.jpg\" class=\"attachment-thumbnail size-thumbnail\" alt=\"\" \/><\/a>\n\t\t\t\t<\/dt><\/dl><dl class='gallery-item'>\n\t\t\t\t<dt class='gallery-icon landscape'>\n\t\t\t\t\t<a class=\"rollover rollover-zoom dt-pswp-item\" title=\"FOTO_10_31_VAL_SALATIS_03\" data-dt-img-description=\"\" data-large_image_width=\"1600\" data-large_image_height=\"1066\"href='https:\/\/www.radiopiu.net\/wordpress\/wp-content\/uploads\/2025\/10\/FOTO_10_31_VAL_SALATIS_03.jpg'><img loading=\"lazy\" decoding=\"async\" width=\"150\" height=\"150\" src=\"https:\/\/www.radiopiu.net\/wordpress\/wp-content\/uploads\/2025\/10\/FOTO_10_31_VAL_SALATIS_03-150x150.jpg\" class=\"attachment-thumbnail size-thumbnail\" alt=\"\" \/><\/a>\n\t\t\t\t<\/dt><\/dl><br style=\"clear: both\" \/>\n\t\t\t<\/div>\n\n<p>&nbsp;<\/p>\n<p>&nbsp;<\/p>\n<hr \/>\n<p>&nbsp;<\/p>\n<blockquote>\n<h3>FALCADE RICORDA I CADUTI E LE VITTIME DELL\u2019ALLUVIONE DEL 1966<\/h3>\n<\/blockquote>\n<p><strong><a class=\"dt-pswp-item\" href=\"https:\/\/www.radiopiu.net\/wordpress\/wp-content\/uploads\/2022\/12\/MUNICIPIO-FALCADE.png\" data-dt-img-description=\"\" data-large_image_width=\"941\" data-large_image_height=\"655\"><img loading=\"lazy\" decoding=\"async\" class=\" wp-image-314065 alignleft\" src=\"https:\/\/www.radiopiu.net\/wordpress\/wp-content\/uploads\/2022\/12\/MUNICIPIO-FALCADE-300x209.png\" alt=\"\" width=\"175\" height=\"122\" srcset=\"https:\/\/www.radiopiu.net\/wordpress\/wp-content\/uploads\/2022\/12\/MUNICIPIO-FALCADE-300x209.png 300w, https:\/\/www.radiopiu.net\/wordpress\/wp-content\/uploads\/2022\/12\/MUNICIPIO-FALCADE-768x535.png 768w, https:\/\/www.radiopiu.net\/wordpress\/wp-content\/uploads\/2022\/12\/MUNICIPIO-FALCADE.png 941w\" sizes=\"auto, (max-width: 175px) 100vw, 175px\" \/><\/a>FALCADE <\/strong>Il Comune di Falcade, con il Sindaco e l\u2019Amministrazione comunale, invita la cittadinanza a partecipare alle celebrazioni in memoria dei caduti in guerra e delle vittime dell\u2019alluvione del 1966. Marted\u00ec 4 novembre 2025, alle 14, si terr\u00e0 una Santa Messa in Piazza di Somor, in ricordo dei concittadini scomparsi; in caso di maltempo, la funzione sar\u00e0 celebrata nella Chiesa di Falcade Alto. Domenica 9 novembre, alle\u00a0 10.30, si svolger\u00e0 la Messa per la Festa dell\u2019Unit\u00e0 Nazionale e delle Forze Armate, seguita dalla deposizione di corone ai monumenti ai caduti. L\u2019Amministrazione ringrazia i gruppi A.N.A. locali per la collaborazione e invita tutti a difendere ogni giorno pace e libert\u00e0.<\/p>\n<p>&nbsp;<\/p>\n<p>&nbsp;<\/p>\n<p>&nbsp;<\/p>\n<hr \/>\n<blockquote>\n<h3><\/h3>\n<h3>DANILO GIORDANO PRESENTA IL SUO NUOVO LIBRO \u201cMA LE DOLOMITI, COSA SONO?\u201d<\/h3>\n<\/blockquote>\n<p><strong><a class=\"dt-pswp-item\" href=\"https:\/\/www.radiopiu.net\/wordpress\/wp-content\/uploads\/2025\/10\/giordano.jpg\" data-dt-img-description=\"\" data-large_image_width=\"432\" data-large_image_height=\"608\"><img loading=\"lazy\" decoding=\"async\" class=\" wp-image-476881 alignleft\" src=\"https:\/\/www.radiopiu.net\/wordpress\/wp-content\/uploads\/2025\/10\/giordano-213x300.jpg\" alt=\"\" width=\"91\" height=\"128\" srcset=\"https:\/\/www.radiopiu.net\/wordpress\/wp-content\/uploads\/2025\/10\/giordano-213x300.jpg 213w, https:\/\/www.radiopiu.net\/wordpress\/wp-content\/uploads\/2025\/10\/giordano.jpg 432w\" sizes=\"auto, (max-width: 91px) 100vw, 91px\" \/><\/a>AGORDO <\/strong>L\u2019Associazione Amici dei Minerari APS invita il pubblico alla presentazione del nuovo libro di Danilo Giordano, intitolato <em data-start=\"203\" data-end=\"322\">\u201cMa le Dolomiti, cosa sono? Una interpretazione geologica degli scritti di Dino Buzzati ispirata a Bruno Castiglioni\u201d<\/em>. L\u2019evento si terr\u00e0 venerd\u00ec 7 novembre 2025 alle ore 18 presso la Sala \u00abDon Tamis\u00bb di Agordo. L\u2019opera, ottavo volume della collana <em data-start=\"459\" data-end=\"488\">Memorie Geologiche Agordine<\/em>, propone un affascinante viaggio tra scienza e letteratura, esplorando le Dolomiti attraverso lo sguardo poetico di Dino Buzzati e l\u2019approccio scientifico di Bruno Castiglioni. Giordano intreccia geologia e narrativa, restituendo al lettore una visione unica delle montagne patrimonio dell\u2019umanit\u00e0.<\/p>\n<p>&nbsp;<\/p>\n<p>&nbsp;<\/p>\n<hr \/>\n<p>&nbsp;<\/p>\n<blockquote>\n<h3>&#8220;LA<a class=\"dt-pswp-item\" href=\"https:\/\/www.radiopiu.net\/wordpress\/wp-content\/uploads\/2025\/10\/AntoniaFedon_LaCreazione-particolare.jpeg\" data-dt-img-description=\"\" data-large_image_width=\"961\" data-large_image_height=\"1002\"><img loading=\"lazy\" decoding=\"async\" class=\" wp-image-476857 alignleft\" src=\"https:\/\/www.radiopiu.net\/wordpress\/wp-content\/uploads\/2025\/10\/AntoniaFedon_LaCreazione-particolare-288x300.jpeg\" alt=\"\" width=\"101\" height=\"106\" srcset=\"https:\/\/www.radiopiu.net\/wordpress\/wp-content\/uploads\/2025\/10\/AntoniaFedon_LaCreazione-particolare-288x300.jpeg 288w, https:\/\/www.radiopiu.net\/wordpress\/wp-content\/uploads\/2025\/10\/AntoniaFedon_LaCreazione-particolare-768x801.jpeg 768w, https:\/\/www.radiopiu.net\/wordpress\/wp-content\/uploads\/2025\/10\/AntoniaFedon_LaCreazione-particolare.jpeg 961w\" sizes=\"auto, (max-width: 101px) 100vw, 101px\" \/><\/a> CREAZIONE&#8221; DI MARIA ANTONIA FEDON AL TEATRO DINO BUZZATI<\/h3>\n<\/blockquote>\n<p><strong>BELLUNO <\/strong>Venerd\u00ec 7 novembre, alle 17, al Teatro Dino Buzzati di Belluno verr\u00e0 inaugurata &#8220;La Creazione&#8221;, opera dell&#8217;artista bellunese Maria Antonia Fedon dedicata allo scrittore e giornalista bellunese Dino Buzzati, che il Comune di Belluno ha deciso di esporre permanentemente all&#8217;interno del teatro, nell&#8217;antisala dell&#8217;ingresso.<\/p>\n<p>&nbsp;<\/p>\n<p>&nbsp;<\/p>\n<hr \/>\n<p>&nbsp;<\/p>\n<blockquote>\n<h3>AD AGORDO LA PRIMA PRESENTAZIONE DEL SAGGIO SULLA LINGUA LADINA<\/h3>\n<\/blockquote>\n<p><strong><a class=\"dt-pswp-item\" href=\"https:\/\/www.radiopiu.net\/wordpress\/wp-content\/uploads\/2025\/10\/musla.jpg\" data-dt-img-description=\"\" data-large_image_width=\"428\" data-large_image_height=\"609\"><img loading=\"lazy\" decoding=\"async\" class=\" wp-image-476877 alignleft\" src=\"https:\/\/www.radiopiu.net\/wordpress\/wp-content\/uploads\/2025\/10\/musla-211x300.jpg\" alt=\"\" width=\"101\" height=\"144\" srcset=\"https:\/\/www.radiopiu.net\/wordpress\/wp-content\/uploads\/2025\/10\/musla-211x300.jpg 211w, https:\/\/www.radiopiu.net\/wordpress\/wp-content\/uploads\/2025\/10\/musla.jpg 428w\" sizes=\"auto, (max-width: 101px) 100vw, 101px\" \/><\/a>AGORDO <\/strong>Agordo si prepara a ospitare un evento culturale di grande rilievo: il 22 novembre sar\u00e0 presentato il saggio <em data-start=\"269\" data-end=\"323\">\u201cNormalizzazione linguistica in Agordino e in Zoldo\u201d<\/em>, frutto del lavoro dell\u2019Istituto Bellunese di Ricerche Sociali e Culturali (IBRSC). Il libro, scritto a pi\u00f9 mani, \u00e8 stato realizzato in collaborazione con MUSLA, Federazione Ladina del Veneto, Unioni Ladine dell\u2019Agordino e Provincia di Belluno. La presentazione si svolger\u00e0 nella Sala Convegni Don Tamis, in Via 27 Aprile 10, a partire dalle ore 18:00. La serata prevede due momenti: la presentazione del volume e una tavola rotonda aperta al pubblico e agli ospiti invitati, per discutere delle sfide e delle opportunit\u00e0 della lingua ladina nella regione. Al termine dell\u2019incontro sar\u00e0 offerto un rinfresco, occasione per confrontarsi e approfondire i temi trattati.<\/p>\n<p>&nbsp;<\/p>\n<p>&nbsp;<\/p>\n<hr \/>\n<p>&nbsp;<\/p>\n<p>&nbsp;<\/p>\n<blockquote>\n<h3>Domani con la Ulss1 e il mondo del Rugby<\/h3>\n<\/blockquote>\n<p><strong>BELLUNO<\/strong> Domani\u00a0 alle 11.00 nella sala riunioni del V piano blocco medico dell&#8217;ospedale San Martino.\u00a0 Ci sar\u00e0 un incontro con gli organizzatori di Movember per spiegare l&#8217;iniziativa di prevenzione verso i tumori alla prostata e al testicolo, proposta dall&#8217;ulss Dolomiti in collaborazione con gli Spingitori liberi e le societ\u00e0 di Rugby della provincia.<\/p>\n<p>&nbsp;<\/p>\n<p>&nbsp;<\/p>\n<hr \/>\n<blockquote>\n<h3>L&#8217;ultimo appuntamento con Synlab<\/h3>\n<\/blockquote>\n<article class=\"text-token-text-primary w-full focus:outline-none [--shadow-height:45px] has-data-writing-block:pointer-events-none has-data-writing-block:-mt-(--shadow-height) has-data-writing-block:pt-(--shadow-height) [&amp;:has([data-writing-block])&gt;*]:pointer-events-auto [content-visibility:auto] supports-[content-visibility:auto]:[contain-intrinsic-size:auto_100lvh] scroll-mt-[calc(var(--header-height)+min(200px,max(70px,20svh)))]\" dir=\"auto\" tabindex=\"-1\" data-turn-id=\"request-6901964b-13e4-832e-9139-dbe167c29db9-16\" data-testid=\"conversation-turn-76\" data-scroll-anchor=\"true\" data-turn=\"assistant\">\n<div class=\"text-base my-auto mx-auto pb-10 [--thread-content-margin:--spacing(4)] thread-sm:[--thread-content-margin:--spacing(6)] thread-lg:[--thread-content-margin:--spacing(16)] px-(--thread-content-margin)\">\n<div class=\"[--thread-content-max-width:40rem] thread-lg:[--thread-content-max-width:48rem] mx-auto max-w-(--thread-content-max-width) flex-1 group\/turn-messages focus-visible:outline-hidden relative flex w-full min-w-0 flex-col agent-turn\" tabindex=\"-1\">\n<div class=\"flex max-w-full flex-col grow\">\n<div class=\"min-h-8 text-message relative flex w-full flex-col items-end gap-2 text-start break-words whitespace-normal [.text-message+&amp;]:mt-1\" dir=\"auto\" data-message-author-role=\"assistant\" data-message-id=\"7a1c9790-7ac6-4d48-b34e-c74955036e47\" data-message-model-slug=\"gpt-5\">\n<div class=\"flex w-full flex-col gap-1 empty:hidden first:pt-[1px]\">\n<p class=\"markdown prose dark:prose-invert w-full break-words dark markdown-new-styling\"><strong>BELLUNO<\/strong> Si chiude domani\u00a0 alle 17.30 alla Sala Bianchi di Belluno la rassegna <em data-start=\"89\" data-end=\"106\">\u201cTu come stai?\u201d<\/em>, promossa da SYNLAB Belluno con il patrocinio del Comune. L\u2019incontro finale sar\u00e0 dedicato ai disturbi vaghi e aspecifici, i cosiddetti <em data-start=\"250\" data-end=\"255\">MUS<\/em>, come stanchezza o battito irregolare, che possono avere una causa comune da indagare. Interverranno il professor Giuseppe Lauria Pinter e il dottor Massimo Boaretto. Ingresso libero, con prenotazione consigliata.<\/p>\n<p>&nbsp;<\/p>\n<\/div>\n<\/div>\n<\/div>\n<\/div>\n<\/div>\n<\/article>\n<hr \/>\n<h1><span style=\"color: #ff6600;\">\u00a0<\/span><\/h1>\n<h1><span style=\"color: #ff6600;\">IERI ALLA RADIO<\/span><\/h1>\n<h2><span style=\"color: #99cc00;\">DALLO STAND APPIA, ARREDAMONT 2025 &#8211; LONGARONE FIERE<\/span><\/h2>\n<p><strong>LONGARONE<\/strong> Appia CNA Belluno \u00e8 protagonista ad Arredamont 2025 con un programma dedicato al valore e alla modernit\u00e0 dell\u2019artigianato locale. Nel Padiglione B, lo stand dell\u2019associazione diventer\u00e0 un laboratorio a cielo aperto con il progetto <em data-start=\"242\" data-end=\"292\">\u201cL\u2019artigiano in Fiera 2025 \u2013 Un\u2019arte per lavoro\u201d<\/em>, tra dimostrazioni, workshop e incontri sui mestieri del territorio. Ogni giorno artigiani di vari settori \u2013 dall\u2019occhialeria al design, dalla meccanica al tessile \u2013 mostreranno come tradizione e innovazione possano convivere. Tra gli eventi spiccano la prova dell\u2019esoscheletro Wurth, i laboratori di stampa 3D e CAD e l\u2019incontro <em data-start=\"627\" data-end=\"649\">\u201cMeccanica e design\u201d<\/em>. Completa il programma la mostra <em data-start=\"683\" data-end=\"712\">\u201c80 anni di Libera Impresa\u201d<\/em> e, il 2 novembre, uno spettacolo teatrale celebrativo.<\/p>\n<p><strong>PUNTATA 03 &#8211; 29 OTTOBRE 2025<\/strong><\/p>\n<p><iframe loading=\"lazy\" title=\"03 Appia Arredamont Le tre Radio   29 10 2025\" width=\"1200\" height=\"675\" src=\"https:\/\/www.youtube.com\/embed\/Yia4gWRGpA0?feature=oembed\" frameborder=\"0\" allow=\"accelerometer; autoplay; clipboard-write; encrypted-media; gyroscope; picture-in-picture; web-share\" referrerpolicy=\"strict-origin-when-cross-origin\" allowfullscreen><\/iframe><\/p>\n<p>&nbsp;<\/p>\n<h2><strong>LA RACCOLTA COMPLETA <a href=\"https:\/\/www.radiopiu.net\/wordpress\/dallo-stand-appia-arredamont-2025-longarone-fiere-raccolta-completa\/\"><span style=\"color: #3366ff;\">CLICCA QUI<\/span><\/a><\/strong><\/h2>\n<p>&nbsp;<\/p>\n<hr \/>\n<p>&nbsp;<\/p>\n<h2><span style=\"color: #cc99ff;\"><a class=\"dt-pswp-item\" href=\"https:\/\/www.radiopiu.net\/wordpress\/wp-content\/uploads\/2025\/07\/primo-piano-gli-studenti-che-scrivono-e-leggono-gli-fogli-di-risposta-degli-esami-di-esercitazione-in-aula-della-scuola-con-lo-stress_73622-858-300x200-1.jpg\" data-dt-img-description=\"\" data-large_image_width=\"300\" data-large_image_height=\"200\"><img loading=\"lazy\" decoding=\"async\" class=\" wp-image-458570 alignleft\" src=\"https:\/\/www.radiopiu.net\/wordpress\/wp-content\/uploads\/2025\/07\/primo-piano-gli-studenti-che-scrivono-e-leggono-gli-fogli-di-risposta-degli-esami-di-esercitazione-in-aula-della-scuola-con-lo-stress_73622-858-300x200-1.jpg\" alt=\"\" width=\"165\" height=\"110\" \/><\/a>SE NON LA SMETTI TI MANDO DAL PRESIDE<\/span><\/h2>\n<p><strong>DI MIRKO MEZZACASA<\/strong><\/p>\n<p>CON LA PROF MARIA ROSA SALMAZO<\/p>\n<p><strong>PUNTATA DEL 29 OTTOBRE 2025<\/strong><\/p>\n<audio class=\"wp-audio-shortcode\" id=\"audio-477785-9\" preload=\"none\" style=\"width: 100%;\" controls=\"controls\"><source type=\"audio\/mpeg\" src=\"https:\/\/www.radiopiu.net\/wordpress\/wp-content\/uploads\/2025\/10\/PRESIDE-4.mp3?_=9\" \/><a href=\"https:\/\/www.radiopiu.net\/wordpress\/wp-content\/uploads\/2025\/10\/PRESIDE-4.mp3\">https:\/\/www.radiopiu.net\/wordpress\/wp-content\/uploads\/2025\/10\/PRESIDE-4.mp3<\/a><\/audio>\n<p>&nbsp;<\/p>\n<hr \/>\n<p>&nbsp;<\/p>\n<h2><span style=\"color: #ff00ff;\">LIBER&#8230; SULLE ORME DI LIANA CAVALLET<\/span><\/h2>\n<p><span style=\"color: #ff0000;\"><strong><a class=\"dt-pswp-item\" href=\"https:\/\/www.radiopiu.net\/wordpress\/wp-content\/uploads\/2025\/10\/9788835743132.jpg\" data-dt-img-description=\"\" data-large_image_width=\"536\" data-large_image_height=\"817\"><img loading=\"lazy\" decoding=\"async\" class=\" wp-image-478015 alignleft\" src=\"https:\/\/www.radiopiu.net\/wordpress\/wp-content\/uploads\/2025\/10\/9788835743132-197x300.jpg\" alt=\"\" width=\"110\" height=\"168\" srcset=\"https:\/\/www.radiopiu.net\/wordpress\/wp-content\/uploads\/2025\/10\/9788835743132-197x300.jpg 197w, https:\/\/www.radiopiu.net\/wordpress\/wp-content\/uploads\/2025\/10\/9788835743132.jpg 536w\" sizes=\"auto, (max-width: 110px) 100vw, 110px\" \/><\/a>PUNTATA 05 <strong class=\"photoswipe-wrapper\">Elena De Zaiacomo,\u00a0 \u201cIl leggendario tesoro di Hell Gate\u201d di Davide Morosinotto<\/strong><\/strong><\/span><\/p>\n<audio class=\"wp-audio-shortcode\" id=\"audio-477785-10\" preload=\"none\" style=\"width: 100%;\" controls=\"controls\"><source type=\"audio\/mpeg\" src=\"https:\/\/www.radiopiu.net\/wordpress\/wp-content\/uploads\/2025\/10\/LIANA-4.mp3?_=10\" \/><a href=\"https:\/\/www.radiopiu.net\/wordpress\/wp-content\/uploads\/2025\/10\/LIANA-4.mp3\">https:\/\/www.radiopiu.net\/wordpress\/wp-content\/uploads\/2025\/10\/LIANA-4.mp3<\/a><\/audio>\n<p>&nbsp;<\/p>\n<h2><strong>LA RACCOLTA COMPLETA <a href=\"https:\/\/www.radiopiu.net\/wordpress\/liber2025\/\"><span style=\"color: #3366ff;\">CLICCA QUI<\/span><\/a><\/strong><\/h2>\n<p>&nbsp;<\/p>\n<hr \/>\n<p>&nbsp;<\/p>\n<h2><span style=\"color: #00ccff;\">AMAZING CALENDAR, CON MICHELA E MARINA<\/span><\/h2>\n<p><span style=\"color: #0000ff;\"><strong><a class=\"dt-pswp-item\" href=\"https:\/\/www.radiopiu.net\/wordpress\/wp-content\/uploads\/2021\/04\/VALIGIA.jpg\" data-dt-img-description=\"\" data-large_image_width=\"1920\" data-large_image_height=\"1280\"><img loading=\"lazy\" decoding=\"async\" class=\" wp-image-200911 alignleft\" src=\"https:\/\/www.radiopiu.net\/wordpress\/wp-content\/uploads\/2021\/04\/VALIGIA-300x200.jpg\" alt=\"\" width=\"155\" height=\"103\" srcset=\"https:\/\/www.radiopiu.net\/wordpress\/wp-content\/uploads\/2021\/04\/VALIGIA-300x200.jpg 300w, https:\/\/www.radiopiu.net\/wordpress\/wp-content\/uploads\/2021\/04\/VALIGIA-1024x683.jpg 1024w, https:\/\/www.radiopiu.net\/wordpress\/wp-content\/uploads\/2021\/04\/VALIGIA-768x512.jpg 768w, https:\/\/www.radiopiu.net\/wordpress\/wp-content\/uploads\/2021\/04\/VALIGIA-1536x1024.jpg 1536w, https:\/\/www.radiopiu.net\/wordpress\/wp-content\/uploads\/2021\/04\/VALIGIA.jpg 1920w\" sizes=\"auto, (max-width: 155px) 100vw, 155px\" \/><\/a>27a PUNTATA &#8211; PARTE UNO<\/strong><\/span><\/p>\n<audio class=\"wp-audio-shortcode\" id=\"audio-477785-11\" preload=\"none\" style=\"width: 100%;\" controls=\"controls\"><source type=\"audio\/mpeg\" src=\"https:\/\/www.radiopiu.net\/wordpress\/wp-content\/uploads\/2025\/10\/AMAZING-CALENDAR-28-PUNTATA-1.mp3?_=11\" \/><a href=\"https:\/\/www.radiopiu.net\/wordpress\/wp-content\/uploads\/2025\/10\/AMAZING-CALENDAR-28-PUNTATA-1.mp3\">https:\/\/www.radiopiu.net\/wordpress\/wp-content\/uploads\/2025\/10\/AMAZING-CALENDAR-28-PUNTATA-1.mp3<\/a><\/audio>\n<p><span style=\"color: #0000ff;\">\u00a0<\/span><\/p>\n<p><span style=\"color: #0000ff;\"><strong>PARTE DUE<\/strong><\/span><\/p>\n<audio class=\"wp-audio-shortcode\" id=\"audio-477785-12\" preload=\"none\" style=\"width: 100%;\" controls=\"controls\"><source type=\"audio\/mpeg\" src=\"https:\/\/www.radiopiu.net\/wordpress\/wp-content\/uploads\/2025\/10\/AMAZING-CALENDAR-28-PUNTATA-2.mp3?_=12\" \/><a href=\"https:\/\/www.radiopiu.net\/wordpress\/wp-content\/uploads\/2025\/10\/AMAZING-CALENDAR-28-PUNTATA-2.mp3\">https:\/\/www.radiopiu.net\/wordpress\/wp-content\/uploads\/2025\/10\/AMAZING-CALENDAR-28-PUNTATA-2.mp3<\/a><\/audio>\n<p><span style=\"color: #0000ff;\">\u00a0<\/span><\/p>\n<p><span style=\"color: #0000ff;\"><strong>PARTE TRE<\/strong><\/span><\/p>\n<audio class=\"wp-audio-shortcode\" id=\"audio-477785-13\" preload=\"none\" style=\"width: 100%;\" controls=\"controls\"><source type=\"audio\/mpeg\" src=\"https:\/\/www.radiopiu.net\/wordpress\/wp-content\/uploads\/2025\/10\/AMAZING-CALENDAR-28-PUNTATA-3.mp3?_=13\" \/><a href=\"https:\/\/www.radiopiu.net\/wordpress\/wp-content\/uploads\/2025\/10\/AMAZING-CALENDAR-28-PUNTATA-3.mp3\">https:\/\/www.radiopiu.net\/wordpress\/wp-content\/uploads\/2025\/10\/AMAZING-CALENDAR-28-PUNTATA-3.mp3<\/a><\/audio>\n<p>&nbsp;<\/p>\n<h2><strong>LA RACCOLTA COMPLETA <a href=\"https:\/\/www.radiopiu.net\/wordpress\/amazing-calendar-con-michela-e-marina-la-raccolta\/\"><span style=\"color: #3366ff;\">CLICCA QUI<\/span><\/a><\/strong><\/h2>\n<p>&nbsp;<\/p>\n<hr \/>\n<p>&nbsp;<\/p>\n<h2><span style=\"color: #800080;\">I CONSIGLI DI GIANLUCA&#8230;DA DOLOMITI BEER &amp; WINE SHOP<\/span><\/h2>\n<p><img loading=\"lazy\" decoding=\"async\" class=\"alignleft\" src=\"https:\/\/www.radiopiu.net\/wordpress\/wp-content\/uploads\/2025\/10\/Designer-14.png\" width=\"113\" height=\"170\" \/>29 OTTOBRE DOMAINE LA NAVICELLE &#8211; PROVENZA DOVE IL MARE INCONTRA LA VIGNA<\/p>\n<p><span style=\"font-family: Times New Roman, serif;\"><span style=\"font-size: medium;\">Sui pendii della <\/span><\/span><span style=\"font-family: Times New Roman, serif;\"><span style=\"font-size: medium;\"><b>Colle Noire<\/b><\/span><\/span><span style=\"font-family: Times New Roman, serif;\"><span style=\"font-size: medium;\">, a <\/span><\/span><span style=\"font-family: Times New Roman, serif;\"><span style=\"font-size: medium;\"><b>Le Pradet<\/b><\/span><\/span><span style=\"font-family: Times New Roman, serif;\"><span style=\"font-size: medium;\">, venti ettari di vigna respirano il Mediterraneo. Qui, la natura detta i tempi: <\/span><\/span><span style=\"font-family: Times New Roman, serif;\"><span style=\"font-size: medium;\"><b>agricoltura biologica<\/b><\/span><\/span><span style=\"font-family: Times New Roman, serif;\"><span style=\"font-size: medium;\">, principi <\/span><\/span><span style=\"font-family: Times New Roman, serif;\"><span style=\"font-size: medium;\"><b>biodinamici<\/b><\/span><\/span><span style=\"font-family: Times New Roman, serif;\"><span style=\"font-size: medium;\">, biodiversit\u00e0 protetta tra ulivi, macchia mediterranea e pietraie che custodiscono freschezza e identit\u00e0. <\/span><\/span><span style=\"font-family: Times New Roman, serif;\"><span style=\"font-size: medium;\">Nel calice, la Provenza autentica:<br \/>\n\u2022 <\/span><\/span><span style=\"font-family: Times New Roman, serif;\"><span style=\"font-size: medium;\"><b>Ros\u00e9<\/b><\/span><\/span><span style=\"font-family: Times New Roman, serif;\"><span style=\"font-size: medium;\"> tesi e sapidi (Grenache, <\/span><\/span><span style=\"font-family: Times New Roman, serif;\"><span style=\"font-size: medium;\"><b>Tibouren<\/b><\/span><\/span><span style=\"font-family: Times New Roman, serif;\"><span style=\"font-size: medium;\">, Cinsault, Mourv\u00e8dre) \u2022 <\/span><\/span><span style=\"font-family: Times New Roman, serif;\"><span style=\"font-size: medium;\"><b>Bianchi<\/b><\/span><\/span><span style=\"font-family: Times New Roman, serif;\"><span style=\"font-size: medium;\"> luminosi e salini (Rolle\/Vermentino, Clairette) \u2022 <\/span><\/span><span style=\"font-family: Times New Roman, serif;\"><span style=\"font-size: medium;\"><b>Rossi<\/b><\/span><\/span><span style=\"font-family: Times New Roman, serif;\"><span style=\"font-size: medium;\"> eleganti e mediterranei (Grenache, Syrah, Mourv\u00e8dre) <\/span><\/span><span style=\"font-family: Times New Roman, serif;\"><span style=\"font-size: medium;\">Vini di <\/span><\/span><span style=\"font-family: Times New Roman, serif;\"><span style=\"font-size: medium;\"><b>finezza marina<\/b><\/span><\/span><span style=\"font-family: Times New Roman, serif;\"><span style=\"font-size: medium;\">, con una firma salina che racconta vento, luce e suolo. Da <\/span><\/span><span style=\"font-family: Times New Roman, serif;\"><span style=\"font-size: medium;\"><b>Dafrom<\/b><\/span><\/span><span style=\"font-family: Times New Roman, serif;\"><span style=\"font-size: medium;\"> e nei <\/span><\/span><span style=\"font-family: Times New Roman, serif;\"><span style=\"font-size: medium;\"><b>Dolomiti Beer &amp; Wine Shop<\/b><\/span><\/span><span style=\"font-family: Times New Roman, serif;\"><span style=\"font-size: medium;\"> scegliamo produttori <\/span><\/span><span style=\"font-family: Times New Roman, serif;\"><span style=\"font-size: medium;\"><b>piccoli, originali e alternativi<\/b><\/span><\/span><span style=\"font-family: Times New Roman, serif;\"><span style=\"font-size: medium;\"> ai grandi marchi: La Navicelle \u00e8 una di quelle storie da scoprire, calice dopo calice.<\/span><\/span><\/p>\n<p><span style=\"font-family: Times New Roman, serif;\"><span style=\"font-size: medium;\"><b>Parola di Gianluca.<br \/>\nAUDIO<br \/>\n<\/b><\/span><\/span><\/p>\n<audio class=\"wp-audio-shortcode\" id=\"audio-477785-14\" preload=\"none\" style=\"width: 100%;\" controls=\"controls\"><source type=\"audio\/mpeg\" src=\"https:\/\/www.radiopiu.net\/wordpress\/wp-content\/uploads\/2025\/10\/ElevenLabs_2025-09-10T09_22_22_gianluca_pvc_sp94_s50_sb75_se27_b_m2.mp3?_=14\" \/><a href=\"https:\/\/www.radiopiu.net\/wordpress\/wp-content\/uploads\/2025\/10\/ElevenLabs_2025-09-10T09_22_22_gianluca_pvc_sp94_s50_sb75_se27_b_m2.mp3\">https:\/\/www.radiopiu.net\/wordpress\/wp-content\/uploads\/2025\/10\/ElevenLabs_2025-09-10T09_22_22_gianluca_pvc_sp94_s50_sb75_se27_b_m2.mp3<\/a><\/audio>\n<p>&nbsp;<\/p>\n<h2><strong>LA RACCOLTA COMPLETA <a href=\"https:\/\/www.radiopiu.net\/wordpress\/parola-di-gianluca-27\/\"><span style=\"color: #3366ff;\">CLICCA QUI<\/span><\/a><\/strong><\/h2>\n<p>&nbsp;<\/p>\n<h2><span style=\"color: #ff9900;\">OGGI AL DOLOMITI BEER &amp; WINE SHOP DI FELTRE GLI ORANGE WINE<\/span><\/h2>\n<p><strong><a class=\"dt-pswp-item\" href=\"https:\/\/www.radiopiu.net\/wordpress\/wp-content\/uploads\/2025\/10\/7cb468c4-87f0-4d42-8c0a-be01ae73a28b.jpg\" data-dt-img-description=\"\" data-large_image_width=\"1080\" data-large_image_height=\"1080\"><img loading=\"lazy\" decoding=\"async\" class=\" wp-image-477737 alignleft\" src=\"https:\/\/www.radiopiu.net\/wordpress\/wp-content\/uploads\/2025\/10\/7cb468c4-87f0-4d42-8c0a-be01ae73a28b-300x300.jpg\" alt=\"\" width=\"137\" height=\"137\" srcset=\"https:\/\/www.radiopiu.net\/wordpress\/wp-content\/uploads\/2025\/10\/7cb468c4-87f0-4d42-8c0a-be01ae73a28b-300x300.jpg 300w, https:\/\/www.radiopiu.net\/wordpress\/wp-content\/uploads\/2025\/10\/7cb468c4-87f0-4d42-8c0a-be01ae73a28b-1024x1024.jpg 1024w, https:\/\/www.radiopiu.net\/wordpress\/wp-content\/uploads\/2025\/10\/7cb468c4-87f0-4d42-8c0a-be01ae73a28b-150x150.jpg 150w, https:\/\/www.radiopiu.net\/wordpress\/wp-content\/uploads\/2025\/10\/7cb468c4-87f0-4d42-8c0a-be01ae73a28b-768x768.jpg 768w, https:\/\/www.radiopiu.net\/wordpress\/wp-content\/uploads\/2025\/10\/7cb468c4-87f0-4d42-8c0a-be01ae73a28b.jpg 1080w\" sizes=\"auto, (max-width: 137px) 100vw, 137px\" \/><\/a>FELTRE<\/strong> Continuano gli appuntamenti con le degustazioni di Dolomiti Beer &amp; Wine Shop. Oggi a Feltre, dalle 17 alle 19:30, la degustazione gratuita di Orange Wine.<\/p>\n<p><strong>LO SPOT ALLA RADIO<\/strong><\/p>\n<audio class=\"wp-audio-shortcode\" id=\"audio-477785-15\" preload=\"none\" style=\"width: 100%;\" controls=\"controls\"><source type=\"audio\/mpeg\" src=\"https:\/\/www.radiopiu.net\/wordpress\/wp-content\/uploads\/2025\/10\/giovedi-30-ottobre.mp3?_=15\" \/><a href=\"https:\/\/www.radiopiu.net\/wordpress\/wp-content\/uploads\/2025\/10\/giovedi-30-ottobre.mp3\">https:\/\/www.radiopiu.net\/wordpress\/wp-content\/uploads\/2025\/10\/giovedi-30-ottobre.mp3<\/a><\/audio>\n<p>&nbsp;<\/p>\n<hr \/>\n<p>&nbsp;<\/p>\n<h2><span style=\"color: #ff0000;\"><a class=\"dt-pswp-item\" href=\"https:\/\/www.radiopiu.net\/wordpress\/wp-content\/uploads\/2018\/09\/appuntamenti.jpeg\" data-dt-img-description=\"\" data-large_image_width=\"800\" data-large_image_height=\"100\"><img loading=\"lazy\" decoding=\"async\" class=\"wp-image-61958 size-full aligncenter\" src=\"https:\/\/www.radiopiu.net\/wordpress\/wp-content\/uploads\/2018\/09\/appuntamenti.jpeg\" alt=\"\" width=\"800\" height=\"100\" srcset=\"https:\/\/www.radiopiu.net\/wordpress\/wp-content\/uploads\/2018\/09\/appuntamenti.jpeg 800w, https:\/\/www.radiopiu.net\/wordpress\/wp-content\/uploads\/2018\/09\/appuntamenti-300x38.jpeg 300w, https:\/\/www.radiopiu.net\/wordpress\/wp-content\/uploads\/2018\/09\/appuntamenti-768x96.jpeg 768w\" sizes=\"auto, (max-width: 800px) 100vw, 800px\" \/><\/a><\/span><\/h2>\n<p>&nbsp;<\/p>\n\n\t\t\t<style type='text\/css'>\n\t\t\t\t#gallery-4 {\n\t\t\t\t\tmargin: auto;\n\t\t\t\t}\n\t\t\t\t#gallery-4 .gallery-item {\n\t\t\t\t\tfloat: left;\n\t\t\t\t\tmargin-top: 10px;\n\t\t\t\t\ttext-align: center;\n\t\t\t\t\twidth: 20%;\n\t\t\t\t}\n\t\t\t\t#gallery-4 img {\n\t\t\t\t\tborder: 2px solid #cfcfcf;\n\t\t\t\t}\n\t\t\t\t#gallery-4 .gallery-caption {\n\t\t\t\t\tmargin-left: 0;\n\t\t\t\t}\n\t\t\t\t\/* see gallery_shortcode() in wp-includes\/media.php *\/\n\t\t\t<\/style>\n\t\t<div id='gallery-4' class='dt-gallery-container gallery galleryid-477785 gallery-columns-5 gallery-size-thumbnail'><dl class='gallery-item'>\n\t\t\t\t<dt class='gallery-icon portrait'>\n\t\t\t\t\t<a class=\"rollover rollover-zoom dt-pswp-item\" title=\"87dc020f-6cc3-41db-b532-ca50fd7a9a52\" data-dt-img-description=\"\" data-large_image_width=\"1080\" data-large_image_height=\"1480\"href='https:\/\/www.radiopiu.net\/wordpress\/wp-content\/uploads\/2025\/10\/87dc020f-6cc3-41db-b532-ca50fd7a9a52.jpg'><img loading=\"lazy\" decoding=\"async\" width=\"150\" height=\"150\" src=\"https:\/\/www.radiopiu.net\/wordpress\/wp-content\/uploads\/2025\/10\/87dc020f-6cc3-41db-b532-ca50fd7a9a52-150x150.jpg\" class=\"attachment-thumbnail size-thumbnail\" alt=\"\" \/><\/a>\n\t\t\t\t<\/dt><\/dl><dl class='gallery-item'>\n\t\t\t\t<dt class='gallery-icon portrait'>\n\t\t\t\t\t<a class=\"rollover rollover-zoom dt-pswp-item\" title=\"2e6ac4e6-1d7d-41ac-9068-0e0f9e3bffcc\" data-dt-img-description=\"\" data-large_image_width=\"1029\" data-large_image_height=\"1456\"href='https:\/\/www.radiopiu.net\/wordpress\/wp-content\/uploads\/2025\/10\/2e6ac4e6-1d7d-41ac-9068-0e0f9e3bffcc.jpg'><img loading=\"lazy\" decoding=\"async\" width=\"150\" height=\"150\" src=\"https:\/\/www.radiopiu.net\/wordpress\/wp-content\/uploads\/2025\/10\/2e6ac4e6-1d7d-41ac-9068-0e0f9e3bffcc-150x150.jpg\" class=\"attachment-thumbnail size-thumbnail\" alt=\"\" \/><\/a>\n\t\t\t\t<\/dt><\/dl><dl class='gallery-item'>\n\t\t\t\t<dt class='gallery-icon portrait'>\n\t\t\t\t\t<a class=\"rollover rollover-zoom dt-pswp-item\" title=\"LOCANDINA CONFERENZA CANE A LIMANA\" data-dt-img-description=\"\" data-large_image_width=\"1165\" data-large_image_height=\"1654\"href='https:\/\/www.radiopiu.net\/wordpress\/wp-content\/uploads\/2025\/10\/LOCANDINA-CONFERENZA-CANE-A-LIMANA.jpg'><img loading=\"lazy\" decoding=\"async\" width=\"150\" height=\"150\" src=\"https:\/\/www.radiopiu.net\/wordpress\/wp-content\/uploads\/2025\/10\/LOCANDINA-CONFERENZA-CANE-A-LIMANA-150x150.jpg\" class=\"attachment-thumbnail size-thumbnail\" alt=\"\" \/><\/a>\n\t\t\t\t<\/dt><\/dl><dl class='gallery-item'>\n\t\t\t\t<dt class='gallery-icon portrait'>\n\t\t\t\t\t<a class=\"rollover rollover-zoom dt-pswp-item\" title=\"Dove nuotano i caprioli\" data-dt-img-description=\"\" data-large_image_width=\"1754\" data-large_image_height=\"2481\"href='https:\/\/www.radiopiu.net\/wordpress\/wp-content\/uploads\/2025\/10\/Dove-nuotano-i-caprioli.jpg'><img loading=\"lazy\" decoding=\"async\" width=\"150\" height=\"150\" src=\"https:\/\/www.radiopiu.net\/wordpress\/wp-content\/uploads\/2025\/10\/Dove-nuotano-i-caprioli-150x150.jpg\" class=\"attachment-thumbnail size-thumbnail\" alt=\"\" \/><\/a>\n\t\t\t\t<\/dt><\/dl><dl class='gallery-item'>\n\t\t\t\t<dt class='gallery-icon portrait'>\n\t\t\t\t\t<a class=\"rollover rollover-zoom dt-pswp-item\" title=\"d0f070e2-8055-4e24-86da-988127132caa\" data-dt-img-description=\"\" data-large_image_width=\"904\" data-large_image_height=\"1280\"href='https:\/\/www.radiopiu.net\/wordpress\/wp-content\/uploads\/2025\/10\/d0f070e2-8055-4e24-86da-988127132caa.jpg'><img loading=\"lazy\" decoding=\"async\" width=\"150\" height=\"150\" src=\"https:\/\/www.radiopiu.net\/wordpress\/wp-content\/uploads\/2025\/10\/d0f070e2-8055-4e24-86da-988127132caa-150x150.jpg\" class=\"attachment-thumbnail size-thumbnail\" alt=\"\" \/><\/a>\n\t\t\t\t<\/dt><\/dl><br style=\"clear: both\" \/><dl class='gallery-item'>\n\t\t\t\t<dt class='gallery-icon portrait'>\n\t\t\t\t\t<a class=\"rollover rollover-zoom dt-pswp-item\" title=\"LOCAND\" data-dt-img-description=\"\" data-large_image_width=\"429\" data-large_image_height=\"605\"href='https:\/\/www.radiopiu.net\/wordpress\/wp-content\/uploads\/2025\/10\/LOCAND.jpg'><img loading=\"lazy\" decoding=\"async\" width=\"150\" height=\"150\" src=\"https:\/\/www.radiopiu.net\/wordpress\/wp-content\/uploads\/2025\/10\/LOCAND-150x150.jpg\" class=\"attachment-thumbnail size-thumbnail\" alt=\"\" \/><\/a>\n\t\t\t\t<\/dt><\/dl><dl class='gallery-item'>\n\t\t\t\t<dt class='gallery-icon landscape'>\n\t\t\t\t\t<a class=\"rollover rollover-zoom dt-pswp-item\" title=\"563612389_1219539743553039_1535719683077900500_n\" data-dt-img-description=\"\" data-large_image_width=\"1080\" data-large_image_height=\"1080\"href='https:\/\/www.radiopiu.net\/wordpress\/wp-content\/uploads\/2025\/10\/563612389_1219539743553039_1535719683077900500_n.jpg'><img loading=\"lazy\" decoding=\"async\" width=\"150\" height=\"150\" src=\"https:\/\/www.radiopiu.net\/wordpress\/wp-content\/uploads\/2025\/10\/563612389_1219539743553039_1535719683077900500_n-150x150.jpg\" class=\"attachment-thumbnail size-thumbnail\" alt=\"\" srcset=\"https:\/\/www.radiopiu.net\/wordpress\/wp-content\/uploads\/2025\/10\/563612389_1219539743553039_1535719683077900500_n-150x150.jpg 150w, https:\/\/www.radiopiu.net\/wordpress\/wp-content\/uploads\/2025\/10\/563612389_1219539743553039_1535719683077900500_n-300x300.jpg 300w, https:\/\/www.radiopiu.net\/wordpress\/wp-content\/uploads\/2025\/10\/563612389_1219539743553039_1535719683077900500_n-1024x1024.jpg 1024w, https:\/\/www.radiopiu.net\/wordpress\/wp-content\/uploads\/2025\/10\/563612389_1219539743553039_1535719683077900500_n-768x768.jpg 768w, https:\/\/www.radiopiu.net\/wordpress\/wp-content\/uploads\/2025\/10\/563612389_1219539743553039_1535719683077900500_n.jpg 1080w\" sizes=\"auto, (max-width: 150px) 100vw, 150px\" \/><\/a>\n\t\t\t\t<\/dt><\/dl><dl class='gallery-item'>\n\t\t\t\t<dt class='gallery-icon portrait'>\n\t\t\t\t\t<a class=\"rollover rollover-zoom dt-pswp-item\" title=\"2e565432-df60-4322-b0a1-1fdbb189e3e2\" data-dt-img-description=\"\" data-large_image_width=\"1138\" data-large_image_height=\"1600\"href='https:\/\/www.radiopiu.net\/wordpress\/wp-content\/uploads\/2025\/10\/2e565432-df60-4322-b0a1-1fdbb189e3e2.jpg'><img loading=\"lazy\" decoding=\"async\" width=\"150\" height=\"150\" src=\"https:\/\/www.radiopiu.net\/wordpress\/wp-content\/uploads\/2025\/10\/2e565432-df60-4322-b0a1-1fdbb189e3e2-150x150.jpg\" class=\"attachment-thumbnail size-thumbnail\" alt=\"\" \/><\/a>\n\t\t\t\t<\/dt><\/dl><dl class='gallery-item'>\n\t\t\t\t<dt class='gallery-icon portrait'>\n\t\t\t\t\t<a class=\"rollover rollover-zoom dt-pswp-item\" title=\"giordano\" data-dt-img-description=\"\" data-large_image_width=\"432\" data-large_image_height=\"608\"href='https:\/\/www.radiopiu.net\/wordpress\/wp-content\/uploads\/2025\/10\/giordano.jpg'><img loading=\"lazy\" decoding=\"async\" width=\"150\" height=\"150\" src=\"https:\/\/www.radiopiu.net\/wordpress\/wp-content\/uploads\/2025\/10\/giordano-150x150.jpg\" class=\"attachment-thumbnail size-thumbnail\" alt=\"\" \/><\/a>\n\t\t\t\t<\/dt><\/dl><dl class='gallery-item'>\n\t\t\t\t<dt class='gallery-icon portrait'>\n\t\t\t\t\t<a class=\"rollover rollover-zoom dt-pswp-item\" title=\"cde32a2a-6720-4581-b60b-6cbc68dd5afa\" data-dt-img-description=\"\" data-large_image_width=\"966\" data-large_image_height=\"2048\"href='https:\/\/www.radiopiu.net\/wordpress\/wp-content\/uploads\/2025\/10\/cde32a2a-6720-4581-b60b-6cbc68dd5afa.jpg'><img loading=\"lazy\" decoding=\"async\" width=\"150\" height=\"150\" src=\"https:\/\/www.radiopiu.net\/wordpress\/wp-content\/uploads\/2025\/10\/cde32a2a-6720-4581-b60b-6cbc68dd5afa-150x150.jpg\" class=\"attachment-thumbnail size-thumbnail\" alt=\"\" \/><\/a>\n\t\t\t\t<\/dt><\/dl><br style=\"clear: both\" \/><dl class='gallery-item'>\n\t\t\t\t<dt class='gallery-icon landscape'>\n\t\t\t\t\t<a class=\"rollover rollover-zoom dt-pswp-item\" title=\"542759768_1187692263404454_707530732478693509_n\" data-dt-img-description=\"\" data-large_image_width=\"1440\" data-large_image_height=\"1440\"href='https:\/\/www.radiopiu.net\/wordpress\/wp-content\/uploads\/2025\/10\/542759768_1187692263404454_707530732478693509_n.jpg'><img loading=\"lazy\" decoding=\"async\" width=\"150\" height=\"150\" src=\"https:\/\/www.radiopiu.net\/wordpress\/wp-content\/uploads\/2025\/10\/542759768_1187692263404454_707530732478693509_n-150x150.jpg\" class=\"attachment-thumbnail size-thumbnail\" alt=\"\" srcset=\"https:\/\/www.radiopiu.net\/wordpress\/wp-content\/uploads\/2025\/10\/542759768_1187692263404454_707530732478693509_n-150x150.jpg 150w, https:\/\/www.radiopiu.net\/wordpress\/wp-content\/uploads\/2025\/10\/542759768_1187692263404454_707530732478693509_n-300x300.jpg 300w, https:\/\/www.radiopiu.net\/wordpress\/wp-content\/uploads\/2025\/10\/542759768_1187692263404454_707530732478693509_n-1024x1024.jpg 1024w, https:\/\/www.radiopiu.net\/wordpress\/wp-content\/uploads\/2025\/10\/542759768_1187692263404454_707530732478693509_n-768x768.jpg 768w, https:\/\/www.radiopiu.net\/wordpress\/wp-content\/uploads\/2025\/10\/542759768_1187692263404454_707530732478693509_n.jpg 1440w\" sizes=\"auto, (max-width: 150px) 100vw, 150px\" \/><\/a>\n\t\t\t\t<\/dt><\/dl><dl class='gallery-item'>\n\t\t\t\t<dt class='gallery-icon portrait'>\n\t\t\t\t\t<a class=\"rollover rollover-zoom dt-pswp-item\" title=\"e58f3ae7-93bd-41d1-9398-2938c3c13a83\" data-dt-img-description=\"\" data-large_image_width=\"1131\" data-large_image_height=\"1600\"href='https:\/\/www.radiopiu.net\/wordpress\/wp-content\/uploads\/2025\/10\/e58f3ae7-93bd-41d1-9398-2938c3c13a83.jpg'><img loading=\"lazy\" decoding=\"async\" width=\"150\" height=\"150\" src=\"https:\/\/www.radiopiu.net\/wordpress\/wp-content\/uploads\/2025\/10\/e58f3ae7-93bd-41d1-9398-2938c3c13a83-150x150.jpg\" class=\"attachment-thumbnail size-thumbnail\" alt=\"\" \/><\/a>\n\t\t\t\t<\/dt><\/dl><dl class='gallery-item'>\n\t\t\t\t<dt class='gallery-icon portrait'>\n\t\t\t\t\t<a class=\"rollover rollover-zoom dt-pswp-item\" title=\"musla\" data-dt-img-description=\"\" data-large_image_width=\"428\" data-large_image_height=\"609\"href='https:\/\/www.radiopiu.net\/wordpress\/wp-content\/uploads\/2025\/10\/musla.jpg'><img loading=\"lazy\" decoding=\"async\" width=\"150\" height=\"150\" src=\"https:\/\/www.radiopiu.net\/wordpress\/wp-content\/uploads\/2025\/10\/musla-150x150.jpg\" class=\"attachment-thumbnail size-thumbnail\" alt=\"\" \/><\/a>\n\t\t\t\t<\/dt><\/dl>\n\t\t\t\t<br style='clear: both' \/>\n\t\t\t<\/div>\n\n<h2><\/h2>\n<hr \/>\n<p>&nbsp;<\/p>\n<p class=\"mceTemp\"><a class=\"dt-pswp-item\" href=\"https:\/\/www.radiopiu.net\/wordpress\/wp-content\/uploads\/2018\/09\/WhatsApp-Image-2018-09-20-at-16.04.06.jpeg\" data-dt-img-description=\"\" data-large_image_width=\"800\" data-large_image_height=\"100\"><img loading=\"lazy\" decoding=\"async\" class=\"wp-image-61378 size-full aligncenter\" src=\"https:\/\/www.radiopiu.net\/wordpress\/wp-content\/uploads\/2018\/09\/WhatsApp-Image-2018-09-20-at-16.04.06.jpeg\" alt=\"\" width=\"800\" height=\"100\" srcset=\"https:\/\/www.radiopiu.net\/wordpress\/wp-content\/uploads\/2018\/09\/WhatsApp-Image-2018-09-20-at-16.04.06.jpeg 800w, https:\/\/www.radiopiu.net\/wordpress\/wp-content\/uploads\/2018\/09\/WhatsApp-Image-2018-09-20-at-16.04.06-300x38.jpeg 300w, https:\/\/www.radiopiu.net\/wordpress\/wp-content\/uploads\/2018\/09\/WhatsApp-Image-2018-09-20-at-16.04.06-768x96.jpeg 768w\" sizes=\"auto, (max-width: 800px) 100vw, 800px\" \/><\/a><\/p>\n<p>&nbsp;<\/p>\n<p><center><\/center><center><b>OGGI<\/b><\/center>Cielo coperto al mattino. Dal mezzogiorno schiarite a partire da Dolomiti nord via via pi\u00f9 ampia nel pomeriggio e in estensione a Prealpi verso sera. <b>Precipitazioni: <\/b>Tra notte e fino a met\u00e0 mattino deboli precipitazioni diffuse su Prealpi, con qualche rovescio\u00a0 molto deboli intermittenti su Dolomiti<\/p>\n<hr \/>\n<p><center><b>DOMANI<\/b><\/center>Al mattino nuvoloso con qualche schiarita pi\u00f9 probabile su Dolomiti e in alta quota. Nel pomeriggio nuvolosit\u00e0 variabile, pi\u00f9 presente su Prealpi, mentre qualche schiarita sar\u00e0 pi\u00f9 probabile su Dolomiti. <b>Precipitazioni: <\/b>Generalmente assenti, al pi\u00f9 qualche breve pioviggine o goccia qua e l\u00e0 specie al mattino e su Prealpi.\u00a0 <b>Temperature: <\/b>Temperature in lieve aumento.<\/p>\n<p>&nbsp;<\/p>\n<hr \/>\n<p><center><b>SABATO\u00a0<\/b><\/center>Cielo per lo pi\u00f9 nuvoloso con qualche irregolare schiarita in alta quota. In questo contesto umido e uggioso non \u00e8 esclusa qualche goccia o breve pioviggine qua e l\u00e0. Temperature in generale lieve aumento.<\/p>\n<hr \/>\n<p><center><b>DOMENICA\u00a0<\/b><\/center>Molto nuvoloso o coperto. In giornata aumento della probabilit\u00e0 di precipitazioni fino a divenire alta dal pomeriggio. Molto deboli e sparse entro il mezzogiorno, ad iniziare da Prealpi ovest in estensione a Dolomiti fino divenire diffuse in serata. Limite neve a 2300-2500 in giornata in calo in serata su Dolomiti. Temperature in calo.<\/p>\n<hr \/>\n<p>&nbsp;<\/p>\n<p class=\"mceTemp\"><a class=\"dt-pswp-item\" href=\"https:\/\/www.radiopiu.net\/wordpress\/wp-content\/uploads\/2018\/09\/sport.jpg\" data-dt-img-description=\"\" data-large_image_width=\"800\" data-large_image_height=\"100\"><img loading=\"lazy\" decoding=\"async\" class=\"aligncenter wp-image-60761 size-full\" src=\"https:\/\/www.radiopiu.net\/wordpress\/wp-content\/uploads\/2018\/09\/sport.jpg\" alt=\"\" width=\"800\" height=\"100\" srcset=\"https:\/\/www.radiopiu.net\/wordpress\/wp-content\/uploads\/2018\/09\/sport.jpg 800w, https:\/\/www.radiopiu.net\/wordpress\/wp-content\/uploads\/2018\/09\/sport-300x38.jpg 300w, https:\/\/www.radiopiu.net\/wordpress\/wp-content\/uploads\/2018\/09\/sport-768x96.jpg 768w\" sizes=\"auto, (max-width: 800px) 100vw, 800px\" \/> <\/a><\/p>\n<p>&nbsp;<\/p>\n<p><span style=\"color: #3366ff;\"><strong>HOCKEY SU GHIACCIO<\/strong><\/span><\/p>\n<blockquote>\n<h3>TEMPO DI DERBY AD ALLEGHE. AL DE TONI ARRIVANO I PICCHI DI FELTRE<\/h3>\n<\/blockquote>\n<p><strong><a class=\"dt-pswp-item\" href=\"https:\/\/www.radiopiu.net\/wordpress\/wp-content\/uploads\/2025\/10\/cd7291a3-8fbc-48b4-beb2-6de5d866f532.jpg\" data-dt-img-description=\"\" data-large_image_width=\"1200\" data-large_image_height=\"628\"><img loading=\"lazy\" decoding=\"async\" class=\" wp-image-477787 alignleft\" src=\"https:\/\/www.radiopiu.net\/wordpress\/wp-content\/uploads\/2025\/10\/cd7291a3-8fbc-48b4-beb2-6de5d866f532-300x157.jpg\" alt=\"\" width=\"218\" height=\"114\" srcset=\"https:\/\/www.radiopiu.net\/wordpress\/wp-content\/uploads\/2025\/10\/cd7291a3-8fbc-48b4-beb2-6de5d866f532-300x157.jpg 300w, https:\/\/www.radiopiu.net\/wordpress\/wp-content\/uploads\/2025\/10\/cd7291a3-8fbc-48b4-beb2-6de5d866f532-1024x536.jpg 1024w, https:\/\/www.radiopiu.net\/wordpress\/wp-content\/uploads\/2025\/10\/cd7291a3-8fbc-48b4-beb2-6de5d866f532-768x402.jpg 768w, https:\/\/www.radiopiu.net\/wordpress\/wp-content\/uploads\/2025\/10\/cd7291a3-8fbc-48b4-beb2-6de5d866f532.jpg 1200w\" sizes=\"auto, (max-width: 218px) 100vw, 218px\" \/><\/a>DI ROBERTO MIANA, PORTAVOCE DELL&#8217;ALLEGHE HOCKEY<\/strong><\/p>\n<p>Ottava giornata del campionato IHL di hockey su ghiaccio. Gioved\u00ec 30 Ottobre alle 20:30 le Civette ospitano i Picchi di Feltre. Nel precedente turno di campionato l\u2019Alleghe ha espugnato con autorit\u00e0 4-1 il difficile ghiaccio di Pergine disputando una buona prova di squadra, dimostrando disciplina ed intelligenza tattica. Nel primo tempo la gara \u00e8 stata fin da subito intensa con un gioco veloce e occasioni su entrambi i fronti, senza per\u00f2 che il risultato si sia sbloccato. Nei primi minuti del secondo parziale le Civette hanno messo la freccia piazzando due zampate vincenti, prima con Atte Huhtela e poi con Nicol\u00f2 Fontanive. Terzo drittel con gli Alleghesi cinici che, ancora in apertura di frazione, hanno realizzato la terza rete con Giacomo Alessio. Padroni di casa che hanno preso d\u2019assedio la porta Agordina difesa per\u00f2 da un insuperabile e superlativo Mathias De Nardin che solo ad una ottantina di secondi dal termine della gara \u00e8 stato costretto a capitolare, concedendo la rete della bandiera alle Linci. Nel finale c\u2019\u00e8 stato ancora tempo per il poker di Patrick Isiguzo che ha sancito l\u2019importante e meritata vittoria per le Civette. Dopo sette giornate l\u2019Alleghe \u00e8 terzo in classifica con 16 punti. Preceduto da Aosta a 18 e Caldaro a 17 e seguito da Varese a 14 ed Appiano a 13 punti. I Picchi, trionfatori nell&#8217;ultima Coppa Italia, hanno confermato buona parte dei giocatori dello scorso anno, aggiungendo gli italiani Vignoli e Zampieri e sostituendo due stranieri come Korkiakoski e Atamanchuk con Mraz e Sysak. Importantissime invece le conferme degli attaccanti Kadlec e Foltin, giocatori di categoria superiore in grado di fare la differenza in qualsiasi momento. Picchi che sono reduci dalla sconfitta casalinga 4-6 contro il Fassa e da una serie negativa di quattro gare senza vittorie. Al momento occupano l\u2019ottavo posto in classifica con 7 punti. Sono 18 i precedenti derby giocati nel campionato IHL tra Alleghe e Feltre. Il bilancio pende nettamente a favore delle Civette con 15 successi contro i 3 dei Picchi. L\u2019ultima gara disputata al \u201cDe Toni\u201d, il 22 febbraio di quest\u2019anno, ha visto l\u2019affermazione 7-2 degli Agordini. Mentre l\u2019unica storica vittoria dei Feltrini ad Alleghe \u00e8 il 4-1 datato 19 dicembre 2024.<br \/>\n<strong>ALLEGHE HOCKEY &#8211; HC FELTRE <\/strong>Gioved\u00ec 30 Ottobre ore 20:30 &#8211; Palaghiaccio Alvise De Toni di Alleghe (BL). Arbitri: Fabio Tirelli e Omar Pini\u00e8 con giudici di linea Gabriel Farkas e Lorenzo Dell&#8217;amico. Collegamenti in DIRETTA RADIOFONICA su Radio Pi\u00f9 (www.radiopiu.net) con \u201chockey al punto giusto\u201d, in studio Marco Gaz e da Alleghe interventi di Federico Paganin<\/p>\n<p>&nbsp;<\/p>\n<p>&nbsp;<\/p>\n<p>&nbsp;<\/p>\n<p>&nbsp;<\/p>\n<p>&nbsp;<\/p>\n","protected":false},"excerpt":{"rendered":"<p>******** TRAGEDIA A PIAVON DI ODERZO: MUORE 85ENNE SENZA PATENTE, FERITI 15 STUDENTI Gravissimo incidente ieri mattina a Piavon di Oderzo: un bus scolastico Atvo si \u00e8 ribaltato dopo lo scontro frontale con una Hyundai Tucson guidata da Germano De Luca, 85 anni, di Fregona, morto sul colpo. Sul bus viaggiavano una cinquantina di studenti&hellip;<\/p>\n","protected":false},"author":4,"featured_media":478044,"comment_status":"closed","ping_status":"closed","sticky":false,"template":"","format":"standard","meta":{"_monsterinsights_skip_tracking":false,"_monsterinsights_sitenote_active":false,"_monsterinsights_sitenote_note":"","_monsterinsights_sitenote_category":0,"footnotes":""},"categories":[51,86,49],"tags":[],"class_list":["post-477785","post","type-post","status-publish","format-standard","has-post-thumbnail","hentry","category-evidenza-top","category-gr","category-news-18","category-51","category-86","category-49","description-off"],"img_url":"https:\/\/www.radiopiu.net\/wordpress\/wp-content\/uploads\/2025\/10\/Senza-nome-59.png","_links":{"self":[{"href":"https:\/\/www.radiopiu.net\/wordpress\/wp-json\/wp\/v2\/posts\/477785","targetHints":{"allow":["GET"]}}],"collection":[{"href":"https:\/\/www.radiopiu.net\/wordpress\/wp-json\/wp\/v2\/posts"}],"about":[{"href":"https:\/\/www.radiopiu.net\/wordpress\/wp-json\/wp\/v2\/types\/post"}],"author":[{"embeddable":true,"href":"https:\/\/www.radiopiu.net\/wordpress\/wp-json\/wp\/v2\/users\/4"}],"replies":[{"embeddable":true,"href":"https:\/\/www.radiopiu.net\/wordpress\/wp-json\/wp\/v2\/comments?post=477785"}],"version-history":[{"count":26,"href":"https:\/\/www.radiopiu.net\/wordpress\/wp-json\/wp\/v2\/posts\/477785\/revisions"}],"predecessor-version":[{"id":478074,"href":"https:\/\/www.radiopiu.net\/wordpress\/wp-json\/wp\/v2\/posts\/477785\/revisions\/478074"}],"wp:featuredmedia":[{"embeddable":true,"href":"https:\/\/www.radiopiu.net\/wordpress\/wp-json\/wp\/v2\/media\/478044"}],"wp:attachment":[{"href":"https:\/\/www.radiopiu.net\/wordpress\/wp-json\/wp\/v2\/media?parent=477785"}],"wp:term":[{"taxonomy":"category","embeddable":true,"href":"https:\/\/www.radiopiu.net\/wordpress\/wp-json\/wp\/v2\/categories?post=477785"},{"taxonomy":"post_tag","embeddable":true,"href":"https:\/\/www.radiopiu.net\/wordpress\/wp-json\/wp\/v2\/tags?post=477785"}],"curies":[{"name":"wp","href":"https:\/\/api.w.org\/{rel}","templated":true}]}}