{"id":477949,"date":"2025-10-29T10:01:53","date_gmt":"2025-10-29T09:01:53","guid":{"rendered":"https:\/\/www.radiopiu.net\/wordpress\/?p=477949"},"modified":"2025-10-29T10:16:04","modified_gmt":"2025-10-29T09:16:04","slug":"dillo-a-radiopiu-dopo-vaia-il-riflesso-della-speranza","status":"publish","type":"post","link":"https:\/\/www.radiopiu.net\/wordpress\/dillo-a-radiopiu-dopo-vaia-il-riflesso-della-speranza\/","title":{"rendered":"DILLO A RADIOPIU&#8230;.DOPO VAIA, IL RIFLESSO DELLA SPERANZA"},"content":{"rendered":"<p>**<\/p>\n<p>&nbsp;<\/p>\n<p data-start=\"190\" data-end=\"458\">Una foto scattata dopo Vaia: tutt\u2019intorno la desolazione, gli alberi abbattuti, il silenzio irreale di un paesaggio ferito. Eppure, nel cuore di quella ferita, le Pale di San Lucano si specchiano tranquille nel laghetto delle Peschiere. Come se niente fosse. Davanti a quello specchio d\u2019acqua, immobile e limpido, ho pensato che forse era un segno: la natura e la storia andavano avanti, nonostante tutto. E che anche noi dovevamo fare lo stesso, pur con la paura che ritorna ogni volta che piove o che il vento ricomincia a soffiare pi\u00f9 forte del solito.<\/p>\n<p data-start=\"764\" data-end=\"1150\">Il pomeriggio e la notte di Vaia ero al lavoro. Ricordo ancora quelle ore spaventose, l\u2019impotenza e l\u2019angoscia di fronte a una forza cos\u00ec devastante. Eppure, tra le macerie e la paura, qualcosa \u00e8 cambiato. Vaia ha mostrato anche un volto nascosto della montagna, svelando scorci nuovi e sorprendenti, bellezze celate dalla vegetazione fitta, che solo la tempesta ha reso visibili.<\/p>\n<p data-start=\"1152\" data-end=\"1343\">In quei giorni difficili, RadioPi\u00f9 \u00e8 stata pi\u00f9 che mai un punto di riferimento: una voce amica, una presenza costante che ci ha accompagnato e rassicurato quando tutto sembrava perduto, \u00a0un pensiero rivolto a chi, come allora, continua a credere nella forza della comunit\u00e0. Perch\u00e9 anche nelle difficolt\u00e0, a volte basta uno sguardo \u2013 come quello delle Pale riflesse nel lago \u2013 per ricordarci che la vita, nonostante tutto, va avanti.<\/p>\n<p data-start=\"190\" data-end=\"458\"><a class=\"dt-pswp-item\" href=\"https:\/\/www.radiopiu.net\/wordpress\/wp-content\/uploads\/2025\/10\/DSCN5553-scaled.jpg\" data-dt-img-description=\"\" data-large_image_width=\"2560\" data-large_image_height=\"1920\"><img loading=\"lazy\" decoding=\"async\" class=\"alignnone wp-image-477946 size-full\" src=\"https:\/\/www.radiopiu.net\/wordpress\/wp-content\/uploads\/2025\/10\/DSCN5553-scaled.jpg\" alt=\"\" width=\"2560\" height=\"1920\" srcset=\"https:\/\/www.radiopiu.net\/wordpress\/wp-content\/uploads\/2025\/10\/DSCN5553-scaled.jpg 2560w, https:\/\/www.radiopiu.net\/wordpress\/wp-content\/uploads\/2025\/10\/DSCN5553-300x225.jpg 300w, https:\/\/www.radiopiu.net\/wordpress\/wp-content\/uploads\/2025\/10\/DSCN5553-1024x768.jpg 1024w, https:\/\/www.radiopiu.net\/wordpress\/wp-content\/uploads\/2025\/10\/DSCN5553-768x576.jpg 768w, https:\/\/www.radiopiu.net\/wordpress\/wp-content\/uploads\/2025\/10\/DSCN5553-1536x1152.jpg 1536w, https:\/\/www.radiopiu.net\/wordpress\/wp-content\/uploads\/2025\/10\/DSCN5553-2048x1536.jpg 2048w\" sizes=\"auto, (max-width: 2560px) 100vw, 2560px\" \/><\/a><\/p>\n<p data-start=\"1152\" data-end=\"1343\">___<\/p>\n","protected":false},"excerpt":{"rendered":"<p>** &nbsp; Una foto scattata dopo Vaia: tutt\u2019intorno la desolazione, gli alberi abbattuti, il silenzio irreale di un paesaggio ferito. Eppure, nel cuore di quella ferita, le Pale di San Lucano si specchiano tranquille nel laghetto delle Peschiere. Come se niente fosse. Davanti a quello specchio d\u2019acqua, immobile e limpido, ho pensato che forse era&hellip;<\/p>\n","protected":false},"author":4,"featured_media":477946,"comment_status":"closed","ping_status":"closed","sticky":false,"template":"","format":"standard","meta":{"_monsterinsights_skip_tracking":false,"_monsterinsights_sitenote_active":false,"_monsterinsights_sitenote_note":"","_monsterinsights_sitenote_category":0,"footnotes":""},"categories":[104,49],"tags":[],"class_list":["post-477949","post","type-post","status-publish","format-standard","has-post-thumbnail","hentry","category-evidenza_3","category-news-18","category-104","category-49","description-off"],"img_url":"https:\/\/www.radiopiu.net\/wordpress\/wp-content\/uploads\/2025\/10\/DSCN5553-scaled.jpg","_links":{"self":[{"href":"https:\/\/www.radiopiu.net\/wordpress\/wp-json\/wp\/v2\/posts\/477949","targetHints":{"allow":["GET"]}}],"collection":[{"href":"https:\/\/www.radiopiu.net\/wordpress\/wp-json\/wp\/v2\/posts"}],"about":[{"href":"https:\/\/www.radiopiu.net\/wordpress\/wp-json\/wp\/v2\/types\/post"}],"author":[{"embeddable":true,"href":"https:\/\/www.radiopiu.net\/wordpress\/wp-json\/wp\/v2\/users\/4"}],"replies":[{"embeddable":true,"href":"https:\/\/www.radiopiu.net\/wordpress\/wp-json\/wp\/v2\/comments?post=477949"}],"version-history":[{"count":2,"href":"https:\/\/www.radiopiu.net\/wordpress\/wp-json\/wp\/v2\/posts\/477949\/revisions"}],"predecessor-version":[{"id":477954,"href":"https:\/\/www.radiopiu.net\/wordpress\/wp-json\/wp\/v2\/posts\/477949\/revisions\/477954"}],"wp:featuredmedia":[{"embeddable":true,"href":"https:\/\/www.radiopiu.net\/wordpress\/wp-json\/wp\/v2\/media\/477946"}],"wp:attachment":[{"href":"https:\/\/www.radiopiu.net\/wordpress\/wp-json\/wp\/v2\/media?parent=477949"}],"wp:term":[{"taxonomy":"category","embeddable":true,"href":"https:\/\/www.radiopiu.net\/wordpress\/wp-json\/wp\/v2\/categories?post=477949"},{"taxonomy":"post_tag","embeddable":true,"href":"https:\/\/www.radiopiu.net\/wordpress\/wp-json\/wp\/v2\/tags?post=477949"}],"curies":[{"name":"wp","href":"https:\/\/api.w.org\/{rel}","templated":true}]}}