{"id":477956,"date":"2025-10-30T05:55:25","date_gmt":"2025-10-30T04:55:25","guid":{"rendered":"https:\/\/www.radiopiu.net\/wordpress\/?p=477956"},"modified":"2025-10-30T06:05:05","modified_gmt":"2025-10-30T05:05:05","slug":"incidente-sul-lavoro-3","status":"publish","type":"post","link":"https:\/\/www.radiopiu.net\/wordpress\/incidente-sul-lavoro-3\/","title":{"rendered":"AUTOPSIA PER IL BOSCAIOLO MORTO A LIVINALLONGO"},"content":{"rendered":"<p>**<\/p>\n<blockquote>\n<p data-start=\"0\" data-end=\"52\">\n<\/blockquote>\n<p data-start=\"54\" data-end=\"296\"><strong>BELLUNO<\/strong> La Procura ha disposto l\u2019autopsia sulla salma di Tony Facchin, 42 anni, di Pederobba, morto sabato scorso dopo una caduta lungo la forestale di Livinallongo, dove stava installando reti paramassi con altri operai. L\u2019uomo sarebbe precipitato, battendo violentemente la testa e il torace. I colleghi avevano tentato di portarlo all\u2019ospedale, ma Facchin ha perso conoscenza poco dopo. L\u2019esame, affidato al medico legale Antonello Cirnelli, chiarir\u00e0 se il decesso sia dovuto alle ferite o ad altre cause. Aperto un fascicolo per omicidio colposo a carico di ignoti<\/p>\n<blockquote>\n<h3 style=\"text-align: center;\">INCIDENTE SUL LAVORO A LIVINALLONGO, FLAI CGIL: \u201cSERVONO PI\u00d9 CONTROLLI\u201d<\/h3>\n<\/blockquote>\n<p><strong><a class=\"dt-pswp-item\" href=\"https:\/\/www.radiopiu.net\/wordpress\/wp-content\/uploads\/2025\/10\/Screenshot-2025-10-29-105604.png\" data-dt-img-description=\"\" data-large_image_width=\"160\" data-large_image_height=\"178\"><img loading=\"lazy\" decoding=\"async\" class=\" wp-image-477957 alignleft\" src=\"https:\/\/www.radiopiu.net\/wordpress\/wp-content\/uploads\/2025\/10\/Screenshot-2025-10-29-105604.png\" alt=\"\" width=\"82\" height=\"91\" \/><\/a>LIVINALLONGO-PEDEROBBA<\/strong> Dopo l&#8217;infortunio mortale all&#8217;operaio Tony Facchin la FLAI CGIL di Belluno, con il segretario Daniele Girardi, esprime dolore e preoccupazione per l\u2019ennesima tragedia che coinvolge un lavoratore. \u00ab<em>Serve un cambio di passo radicale sulla vigilanza delle condizioni di lavoro, soprattutto in contesti come quelli montani, dove i rischi sono elevati\u00bb,<\/em> afferma il sindacato. Non \u00e8 ancora chiaro se l\u2019impresa fosse edile o forestale, ma per la FLAI CGIL la priorit\u00e0 resta la prevenzione: controlli pi\u00f9 rigorosi sulle dotazioni di sicurezza, formazione adeguata e verifiche preventive prima dell\u2019affidamento dei lavori. Girardi ricorda il tavolo permanente sulla sicurezza nei cantieri boschivi, istituito con la Prefettura di Belluno e le autorit\u00e0 di vigilanza, che in passato ha portato risultati concreti<em>. \u00abChiederemo una riunione straordinaria del tavolo \u2013 aggiunge \u2013 per analizzare l\u2019accaduto e rafforzare ulteriormente le misure di tutela\u00bb. <\/em>Per la Segreteria regionale della FLAI CGIL del Veneto, Sebastiano Grosselle ribadisce<em>: \u00abOgni morte sul lavoro \u00e8 una sconfitta collettiva. \u00c8 necessario agire prima, non dopo, con pi\u00f9 controlli e pi\u00f9 cultura della sicurezza\u00bb.<\/em><\/p>\n<p>&nbsp;<\/p>\n<p>&nbsp;<\/p>\n<hr \/>\n<p>&nbsp;<\/p>\n","protected":false},"excerpt":{"rendered":"<p>** BELLUNO La Procura ha disposto l\u2019autopsia sulla salma di Tony Facchin, 42 anni, di Pederobba, morto sabato scorso dopo una caduta lungo la forestale di Livinallongo, dove stava installando reti paramassi con altri operai. L\u2019uomo sarebbe precipitato, battendo violentemente la testa e il torace. I colleghi avevano tentato di portarlo all\u2019ospedale, ma Facchin ha&hellip;<\/p>\n","protected":false},"author":4,"featured_media":478041,"comment_status":"closed","ping_status":"closed","sticky":false,"template":"","format":"standard","meta":{"_monsterinsights_skip_tracking":false,"_monsterinsights_sitenote_active":false,"_monsterinsights_sitenote_note":"","_monsterinsights_sitenote_category":0,"footnotes":""},"categories":[51,49],"tags":[],"class_list":["post-477956","post","type-post","status-publish","format-standard","has-post-thumbnail","hentry","category-evidenza-top","category-news-18","category-51","category-49","description-off"],"img_url":"https:\/\/www.radiopiu.net\/wordpress\/wp-content\/uploads\/2025\/10\/Senza-nome-57.png","_links":{"self":[{"href":"https:\/\/www.radiopiu.net\/wordpress\/wp-json\/wp\/v2\/posts\/477956","targetHints":{"allow":["GET"]}}],"collection":[{"href":"https:\/\/www.radiopiu.net\/wordpress\/wp-json\/wp\/v2\/posts"}],"about":[{"href":"https:\/\/www.radiopiu.net\/wordpress\/wp-json\/wp\/v2\/types\/post"}],"author":[{"embeddable":true,"href":"https:\/\/www.radiopiu.net\/wordpress\/wp-json\/wp\/v2\/users\/4"}],"replies":[{"embeddable":true,"href":"https:\/\/www.radiopiu.net\/wordpress\/wp-json\/wp\/v2\/comments?post=477956"}],"version-history":[{"count":3,"href":"https:\/\/www.radiopiu.net\/wordpress\/wp-json\/wp\/v2\/posts\/477956\/revisions"}],"predecessor-version":[{"id":478042,"href":"https:\/\/www.radiopiu.net\/wordpress\/wp-json\/wp\/v2\/posts\/477956\/revisions\/478042"}],"wp:featuredmedia":[{"embeddable":true,"href":"https:\/\/www.radiopiu.net\/wordpress\/wp-json\/wp\/v2\/media\/478041"}],"wp:attachment":[{"href":"https:\/\/www.radiopiu.net\/wordpress\/wp-json\/wp\/v2\/media?parent=477956"}],"wp:term":[{"taxonomy":"category","embeddable":true,"href":"https:\/\/www.radiopiu.net\/wordpress\/wp-json\/wp\/v2\/categories?post=477956"},{"taxonomy":"post_tag","embeddable":true,"href":"https:\/\/www.radiopiu.net\/wordpress\/wp-json\/wp\/v2\/tags?post=477956"}],"curies":[{"name":"wp","href":"https:\/\/api.w.org\/{rel}","templated":true}]}}