{"id":477966,"date":"2025-10-29T15:12:17","date_gmt":"2025-10-29T14:12:17","guid":{"rendered":"https:\/\/www.radiopiu.net\/wordpress\/?p=477966"},"modified":"2025-10-30T06:08:02","modified_gmt":"2025-10-30T05:08:02","slug":"valorizzazione-delle-minoranze-linguistiche","status":"publish","type":"post","link":"https:\/\/www.radiopiu.net\/wordpress\/valorizzazione-delle-minoranze-linguistiche\/","title":{"rendered":"VALORIZZAZIONE DELLE MINORANZE LINGUISTICHE:"},"content":{"rendered":"<p>**<\/p>\n<blockquote>\n<p data-start=\"0\" data-end=\"139\"><em><strong data-start=\"0\" data-end=\"137\">\u00a0INCONTRO A ROMA TRA L\u2019ASSOCIAZIONE ARTICOLO 6 E IL DIPARTIMENTO PER GLI AFFARI REGIONALI<\/strong><\/em><\/p>\n<\/blockquote>\n<p data-start=\"141\" data-end=\"593\"><strong><img loading=\"lazy\" decoding=\"async\" class=\"alignleft\" src=\"https:\/\/www.radiopiu.net\/wordpress\/wp-content\/uploads\/2025\/10\/Senza-nome-54.png\" width=\"409\" height=\"122\" \/>ROMA<\/strong> Si \u00e8 svolto a Palazzo Cornaro un incontro tra il Dipartimento per gli Affari Regionali e le Autonomie e l\u2019Associazione Articolo 6, che rappresenta le dodici minoranze linguistiche storiche riconosciute in Italia. La riunione si \u00e8 tenuta in un clima di dialogo e collaborazione, con l\u2019obiettivo di rafforzare il coordinamento nazionale tra le diverse comunit\u00e0 e di promuovere progetti condivisi di valorizzazione culturale e linguistica. L\u2019Associazione Articolo 6 ha proposto di diventare un punto di riferimento stabile per tutte le realt\u00e0 minoritarie, favorendo un approccio unitario e concreto nelle politiche di tutela e sviluppo. Dal confronto \u00e8 emersa la volont\u00e0 comune di costruire un percorso duraturo che unisca istituzioni, enti locali e comunit\u00e0 linguistiche in una rete capace di preservare e trasmettere le tradizioni, rendendole protagoniste attive del futuro.<\/p>\n<blockquote>\n<p data-start=\"141\" data-end=\"593\"><em>L&#8217;Associazione Articolo 6,\u00a0 dal 15 settembre 2025 riunisce tutte le 12 minoranze linguistiche storiche (albanesi, catalani, germanici, greci, sloveni, croati, francesi, franco-provenzali, friulani, ladini, occitani e sardi), si pone come un movimento dal basso, democratico e partecipativo, che coinvolge associazioni, enti pubblici, cooperative sociali e imprese in un progetto di valorizzazione condivisa del patrimonio linguistico italiano.<\/em><\/p>\n<p>__<\/p>\n<\/blockquote>\n","protected":false},"excerpt":{"rendered":"<p>** \u00a0INCONTRO A ROMA TRA L\u2019ASSOCIAZIONE ARTICOLO 6 E IL DIPARTIMENTO PER GLI AFFARI REGIONALI ROMA Si \u00e8 svolto a Palazzo Cornaro un incontro tra il Dipartimento per gli Affari Regionali e le Autonomie e l\u2019Associazione Articolo 6, che rappresenta le dodici minoranze linguistiche storiche riconosciute in Italia. La riunione si \u00e8 tenuta in un&hellip;<\/p>\n","protected":false},"author":4,"featured_media":477967,"comment_status":"closed","ping_status":"closed","sticky":false,"template":"","format":"standard","meta":{"_monsterinsights_skip_tracking":false,"_monsterinsights_sitenote_active":false,"_monsterinsights_sitenote_note":"","_monsterinsights_sitenote_category":0,"footnotes":""},"categories":[104,49],"tags":[],"class_list":["post-477966","post","type-post","status-publish","format-standard","has-post-thumbnail","hentry","category-evidenza_3","category-news-18","category-104","category-49","description-off"],"img_url":"https:\/\/www.radiopiu.net\/wordpress\/wp-content\/uploads\/2025\/10\/Senza-nome-54.png","_links":{"self":[{"href":"https:\/\/www.radiopiu.net\/wordpress\/wp-json\/wp\/v2\/posts\/477966","targetHints":{"allow":["GET"]}}],"collection":[{"href":"https:\/\/www.radiopiu.net\/wordpress\/wp-json\/wp\/v2\/posts"}],"about":[{"href":"https:\/\/www.radiopiu.net\/wordpress\/wp-json\/wp\/v2\/types\/post"}],"author":[{"embeddable":true,"href":"https:\/\/www.radiopiu.net\/wordpress\/wp-json\/wp\/v2\/users\/4"}],"replies":[{"embeddable":true,"href":"https:\/\/www.radiopiu.net\/wordpress\/wp-json\/wp\/v2\/comments?post=477966"}],"version-history":[{"count":1,"href":"https:\/\/www.radiopiu.net\/wordpress\/wp-json\/wp\/v2\/posts\/477966\/revisions"}],"predecessor-version":[{"id":477968,"href":"https:\/\/www.radiopiu.net\/wordpress\/wp-json\/wp\/v2\/posts\/477966\/revisions\/477968"}],"wp:featuredmedia":[{"embeddable":true,"href":"https:\/\/www.radiopiu.net\/wordpress\/wp-json\/wp\/v2\/media\/477967"}],"wp:attachment":[{"href":"https:\/\/www.radiopiu.net\/wordpress\/wp-json\/wp\/v2\/media?parent=477966"}],"wp:term":[{"taxonomy":"category","embeddable":true,"href":"https:\/\/www.radiopiu.net\/wordpress\/wp-json\/wp\/v2\/categories?post=477966"},{"taxonomy":"post_tag","embeddable":true,"href":"https:\/\/www.radiopiu.net\/wordpress\/wp-json\/wp\/v2\/tags?post=477966"}],"curies":[{"name":"wp","href":"https:\/\/api.w.org\/{rel}","templated":true}]}}