{"id":478030,"date":"2025-10-31T06:04:31","date_gmt":"2025-10-31T05:04:31","guid":{"rendered":"https:\/\/www.radiopiu.net\/wordpress\/?p=478030"},"modified":"2025-10-31T08:45:40","modified_gmt":"2025-10-31T07:45:40","slug":"giornale-radiopiu-31-ottobre-2025-direttore-mirko-mezzacasa","status":"publish","type":"post","link":"https:\/\/www.radiopiu.net\/wordpress\/giornale-radiopiu-31-ottobre-2025-direttore-mirko-mezzacasa\/","title":{"rendered":"GIORNALE RADIOPIU 31 OTTOBRE 2025 DIRETTORE MIRKO MEZZACASA"},"content":{"rendered":"<p>********<\/p>\n<p>&nbsp;<\/p>\n<p><em><span style=\"color: #ff0000;\"><a class=\"dt-pswp-item\" href=\"https:\/\/www.radiopiu.net\/wordpress\/wp-content\/uploads\/2024\/10\/Senza-nome-8.png\" data-dt-img-description=\"\" data-large_image_width=\"343\" data-large_image_height=\"303\"><img loading=\"lazy\" decoding=\"async\" class=\"wp-image-412130 alignleft\" src=\"https:\/\/www.radiopiu.net\/wordpress\/wp-content\/uploads\/2024\/10\/Senza-nome-8-300x265.png\" alt=\"\" width=\"105\" height=\"93\" srcset=\"https:\/\/www.radiopiu.net\/wordpress\/wp-content\/uploads\/2024\/10\/Senza-nome-8-300x265.png 300w, https:\/\/www.radiopiu.net\/wordpress\/wp-content\/uploads\/2024\/10\/Senza-nome-8.png 343w\" sizes=\"auto, (max-width: 105px) 100vw, 105px\" \/><\/a><\/span><\/em><strong><em><span style=\"color: #ff0000;\"> LA\u00a0 APP PER IOS-IPHONE di Nicola Vettorello<\/span><\/em><\/strong><\/p>\n<p><strong><span style=\"color: #0000ff;\"><a style=\"color: #0000ff;\" href=\"https:\/\/apps.apple.com\/it\/app\/radio-pi%C3%B9-emittente-agordina\/id1515939845\">https:\/\/apps.apple.com\/it\/app\/radio-pi%C3%B9-emittente-agordina\/id1515939845<\/a><\/span><\/strong><\/p>\n<p><strong><em style=\"color: #ff0000;\">LA\u00a0 APP RADIO\u00a0 PER ANDROID di Nicola Vettorello<\/em><\/strong><\/p>\n<p><strong><span style=\"color: #0000ff;\"><a style=\"color: #0000ff;\" href=\"https:\/\/play.google.com\/store\/apps\/details?id=net.radiopiu.iniko\" target=\"_blank\" rel=\"noopener noreferrer\">https:\/\/<\/a><a style=\"color: #0000ff;\" href=\"https:\/\/play.google.com\/store\/apps\/details?id=net.radiopiu.iniko\" target=\"_blank\" rel=\"noopener noreferrer\">play.google.com\/store\/apps\/details?id=net.radiopiu.iniko\u00a0\u00a0\u00a0\u00a0\u00a0<\/a><\/span><\/strong><\/p>\n<p>&nbsp;<\/p>\n<p>&nbsp;<\/p>\n<hr \/>\n<p>&nbsp;<\/p>\n<blockquote>\n<div class=\"mceTemp\">\n<h1 data-start=\"0\" data-end=\"60\"><strong data-start=\"0\" data-end=\"60\">OGGI SU RADIOPI\u00d9: <span style=\"color: #000000;\">MUSICA, informazione\u00a0<\/span> e dirette\u00a0\u00a0<\/strong><\/h1>\n<\/div>\n<\/blockquote>\n<p><strong class=\"photoswipe-wrapper\"><a class=\"dt-pswp-item\" href=\"https:\/\/www.radiopiu.net\/wordpress\/wp-content\/uploads\/2025\/10\/Senza-nome-63.png\" data-dt-img-description=\"\" data-large_image_width=\"479\" data-large_image_height=\"287\"><img loading=\"lazy\" decoding=\"async\" class=\"size-medium wp-image-478099 alignleft\" src=\"https:\/\/www.radiopiu.net\/wordpress\/wp-content\/uploads\/2025\/10\/Senza-nome-63-300x180.png\" alt=\"\" width=\"300\" height=\"180\" srcset=\"https:\/\/www.radiopiu.net\/wordpress\/wp-content\/uploads\/2025\/10\/Senza-nome-63-300x180.png 300w, https:\/\/www.radiopiu.net\/wordpress\/wp-content\/uploads\/2025\/10\/Senza-nome-63.png 479w\" sizes=\"auto, (max-width: 300px) 100vw, 300px\" \/><\/a>ALLE 8.05 LA RASSEGNA STAMPA LOCALE 8.25 PIU SIAMO, DI MARINA DONA&#8217; 900\u00a0 \u00a0PREMIER LE NOVITA&#8217; MUSICALI CON MARCO GAZ 940 LA MUSICA DEGLI ANNI OTTANTA, LE SELESIONI DI MONICA FONTANIVE <\/strong><strong>10.30 LE INTERVISTE DAL POLIAMBULATORIO AGORDINO, OSPITE IL DOTTOR BRUNO BORIN_GINECOLOGO (FOTO)\u00a0 10.40\u00a0 \u00a0DALLO STAND DELL&#8217;APPIA AD ARREDAMONT, LONGARONE LE INTERVISTE PER LE TRE RADIO\u00a0 11.00 BATTICINQUE IL PROGRAMMA DELLA NUOVA GENERAZIONE CON ALESSIO E MARINA\u00a0 13.10 TRE PER DUE PER TE&#8230; CON MARINA DONA&#8217;\u00a0 13.20\u00a0 collage operazione nostalgia, con loris scussel\u00a0 14.00 MUSIC ABC CON DAVID BEN E MARINA DONA&#8217; 15.00 WEEK END MARINA C&#8217;E&#8217;\u00a0 <\/strong><strong>16 45 LE HIT STORICHE DI MIRCO BENCIVENNI<\/strong> <strong>19.05 LE ANTICIPAZIONI DAL TG DI ANTENNA 3 DA UN\u2019IDEA DI TIZIANA BOLOGNANI 19.20 IL LIBRO DI GIULIANA DA RONCH, L&#8217;INTERVISTA DI MIRKO MEZZACASA\u00a0<\/strong><\/p>\n<p>&nbsp;<\/p>\n<hr \/>\n<p>&nbsp;<\/p>\n<div class=\"x11i5rnm xat24cr x1mh8g0r x1vvkbs xtlvy1s x126k92a\">\n<blockquote>\n<h1><strong><a class=\"dt-pswp-item\" href=\"https:\/\/www.radiopiu.net\/wordpress\/wp-content\/uploads\/2024\/10\/629301fd-708d-4f53-95c2-d28cbefd500f.jpg\" data-dt-img-description=\"\" data-large_image_width=\"1600\" data-large_image_height=\"1322\"><img loading=\"lazy\" decoding=\"async\" class=\"wp-image-413782 alignright\" src=\"https:\/\/www.radiopiu.net\/wordpress\/wp-content\/uploads\/2024\/10\/629301fd-708d-4f53-95c2-d28cbefd500f-300x248.jpg\" alt=\"\" width=\"106\" height=\"88\" srcset=\"https:\/\/www.radiopiu.net\/wordpress\/wp-content\/uploads\/2024\/10\/629301fd-708d-4f53-95c2-d28cbefd500f-300x248.jpg 300w, https:\/\/www.radiopiu.net\/wordpress\/wp-content\/uploads\/2024\/10\/629301fd-708d-4f53-95c2-d28cbefd500f-1024x846.jpg 1024w, https:\/\/www.radiopiu.net\/wordpress\/wp-content\/uploads\/2024\/10\/629301fd-708d-4f53-95c2-d28cbefd500f-768x635.jpg 768w, https:\/\/www.radiopiu.net\/wordpress\/wp-content\/uploads\/2024\/10\/629301fd-708d-4f53-95c2-d28cbefd500f-1536x1269.jpg 1536w, https:\/\/www.radiopiu.net\/wordpress\/wp-content\/uploads\/2024\/10\/629301fd-708d-4f53-95c2-d28cbefd500f.jpg 1600w\" sizes=\"auto, (max-width: 106px) 100vw, 106px\" \/><\/a><\/strong><\/h1>\n<h1><strong><a class=\"dt-pswp-item\" href=\"https:\/\/www.radiopiu.net\/wordpress\/wp-content\/uploads\/2024\/11\/th-18.jpg\" data-dt-img-description=\"\" data-large_image_width=\"156\" data-large_image_height=\"180\"><img loading=\"lazy\" decoding=\"async\" class=\"size-full wp-image-421611 alignleft\" src=\"https:\/\/www.radiopiu.net\/wordpress\/wp-content\/uploads\/2024\/11\/th-18.jpg\" alt=\"\" width=\"156\" height=\"180\" \/><\/a><\/strong><\/h1>\n<h1><strong>N di parom &#8211; L Almanach de la nosta jent<\/strong><\/h1>\n<\/blockquote>\n<p>&nbsp;<\/p>\n<p>Le voci: Davide Conedera, Agordo, Michela Dell&#8217;Osbel, La Valle Agordina Simone Ganz, Falcade Veronica Lezuo, Colle Santa Lucia. La voce nella sigla \u00e8 di Giorgia Taio<\/p>\n<p><strong>LA PUNTATA DI OGGI, 31 OTTOBRE 2025<\/strong><\/p>\n<p>&nbsp;<\/p>\n<audio class=\"wp-audio-shortcode\" id=\"audio-478030-1\" preload=\"none\" style=\"width: 100%;\" controls=\"controls\"><source type=\"audio\/mpeg\" src=\"https:\/\/www.radiopiu.net\/wordpress\/wp-content\/uploads\/2025\/10\/AL5-3.mp3?_=1\" \/><a href=\"https:\/\/www.radiopiu.net\/wordpress\/wp-content\/uploads\/2025\/10\/AL5-3.mp3\">https:\/\/www.radiopiu.net\/wordpress\/wp-content\/uploads\/2025\/10\/AL5-3.mp3<\/a><\/audio>\n<p>&nbsp;<\/p>\n<\/div>\n<hr \/>\n<p>&nbsp;<\/p>\n<p>&nbsp;<\/p>\n<div class=\"x11i5rnm xat24cr x1mh8g0r x1vvkbs xtlvy1s x126k92a\">\n<div dir=\"auto\">\n<div dir=\"auto\">\n<p><strong><a class=\"dt-pswp-item\" href=\"https:\/\/www.radiopiu.net\/wordpress\/wp-content\/uploads\/2025\/09\/file-4.jpg\" data-dt-img-description=\"\" data-large_image_width=\"640\" data-large_image_height=\"641\"><img loading=\"lazy\" decoding=\"async\" class=\"wp-image-471370 alignleft\" src=\"https:\/\/www.radiopiu.net\/wordpress\/wp-content\/uploads\/2025\/09\/file-4-300x300.jpg\" alt=\"\" width=\"170\" height=\"170\" srcset=\"https:\/\/www.radiopiu.net\/wordpress\/wp-content\/uploads\/2025\/09\/file-4-300x300.jpg 300w, https:\/\/www.radiopiu.net\/wordpress\/wp-content\/uploads\/2025\/09\/file-4-150x150.jpg 150w, https:\/\/www.radiopiu.net\/wordpress\/wp-content\/uploads\/2025\/09\/file-4.jpg 640w\" sizes=\"auto, (max-width: 170px) 100vw, 170px\" \/><\/a>EL BAL DEL FIOR, DI GIULIANA DA RONCH, 31 OTTOBRE<\/strong><strong>\u00a02025<\/strong><\/p>\n<\/div>\n<\/div>\n<div dir=\"auto\">\n<div dir=\"auto\">\n<p>&nbsp;<\/p>\n<\/div>\n<\/div>\n<\/div>\n<div class=\"x11i5rnm xat24cr x1mh8g0r x1vvkbs xtlvy1s x126k92a\">\n<div dir=\"auto\">\n<p>&nbsp;<\/p>\n<p>&nbsp;<\/p>\n<audio class=\"wp-audio-shortcode\" id=\"audio-478030-2\" preload=\"none\" style=\"width: 100%;\" controls=\"controls\"><source type=\"audio\/mpeg\" src=\"https:\/\/www.radiopiu.net\/wordpress\/wp-content\/uploads\/2025\/10\/GVE-3.mp3?_=2\" \/><a href=\"https:\/\/www.radiopiu.net\/wordpress\/wp-content\/uploads\/2025\/10\/GVE-3.mp3\">https:\/\/www.radiopiu.net\/wordpress\/wp-content\/uploads\/2025\/10\/GVE-3.mp3<\/a><\/audio>\n<p>&nbsp;<\/p>\n<hr \/>\n<\/div>\n<\/div>\n<blockquote>\n<blockquote>\n<h1><span style=\"color: #ff0000;\">\u00a0<\/span><\/h1>\n<h1><span style=\"color: #ff0000;\">I podcast informativi del mattino &#8211; audio &#8211;\u00a0\u00a0<\/span><\/h1>\n<\/blockquote>\n<p><strong><a class=\"dt-pswp-item\" href=\"https:\/\/www.radiopiu.net\/wordpress\/wp-content\/uploads\/2024\/11\/6.jpg\" data-dt-img-description=\"\" data-large_image_width=\"177\" data-large_image_height=\"180\"><img loading=\"lazy\" decoding=\"async\" class=\"size-full wp-image-417911 alignleft\" src=\"https:\/\/www.radiopiu.net\/wordpress\/wp-content\/uploads\/2024\/11\/6.jpg\" alt=\"\" width=\"177\" height=\"180\" \/><\/a>LA RASSEGNA STAMPA NAZIONALE ALLA RADIO, OGNI GIORNO ALLE 5 E ALLE 6 DEL MATTINO <span style=\"color: #0000ff;\">viene pubblicata alle 6.00 <span style=\"color: #ff0000;\">DIRETTA RADIO\u00a0 \u00a0\u00a0<\/span><\/span><\/strong><\/p><\/blockquote>\n<h1><strong>NOTIZIE DELLA NOTTE\u00a0 \u00a0<\/strong><\/h1>\n<p>&nbsp;<\/p>\n<p><strong>GIAMAICA<\/strong> \u2013 L\u2019uragano Melissa devasta l\u2019isola caraibica: il bilancio sale ad almeno 19 vittime, mentre proseguono le operazioni di soccorso tra intere aree isolate e gravissimi danni alle infrastrutture.<\/p>\n<p><strong>ITALIA \u2013<\/strong> Dopo la bocciatura sul progetto del Ponte sullo Stretto, il governo rassicura: \u00abRisponderemo alla Corte dei Conti\u00bb, ha dichiarato il ministro Matteo Salvini, ribadendo la volont\u00e0 di andare avanti con l\u2019opera.<\/p>\n<p><strong>ROMA<\/strong> \u2013 \u00c8 indagata per interferenze private la giornalista Maria Rosaria Boccia nell\u2019ambito dell\u2019inchiesta sull\u2019audio del ministro della Cultura Gennaro Sangiuliano. La Procura prosegue gli accertamenti sul caso.<\/p>\n<p><strong>BRESCIA<\/strong> \u2013 Paura sull\u2019autostrada A21: un casello \u00e8 andato in fiamme all\u2019altezza di Brescia Sud, causando la chiusura del tratto e gravi disagi al traffico.<\/p>\n<p><strong>SPAGNA<\/strong> \u2013 La Sagrada Familia di Barcellona diventa ufficialmente la chiesa pi\u00f9 alta del mondo, superando in altezza il Duomo di Ulm, in Germania.<\/p>\n<p><strong>USA<\/strong> \u2013 Il presidente Donald Trump e la first lady Melania hanno celebrato Halloween con il tradizionale \u201cDolcetto o scherzetto\u201d alla Casa Bianca.<\/p>\n<p><strong>COLOMBIA<\/strong> \u2013 Identificati e arrestati i killer del biologo italiano ucciso nel Paese sudamericano: la polizia parla di \u201cindagine chiusa\u201d.<\/p>\n<p><strong>VENEZUELA<\/strong> \u2013 Secondo il Wall Street Journal, gli Stati Uniti starebbero valutando raid mirati anche su obiettivi militari in territorio venezuelano.<\/p>\n<p><strong>BRASILE \u2013<\/strong> L\u2019ONU chiede un\u2019indagine immediata sul violento raid della polizia nelle favelas di Rio de Janeiro, dove si contano numerose vittime civili.<\/p>\n<h1>IL GIORNALE DELLE SEI DEL MATTINO<\/h1>\n<audio class=\"wp-audio-shortcode\" id=\"audio-478030-3\" preload=\"none\" style=\"width: 100%;\" controls=\"controls\"><source type=\"audio\/mpeg\" src=\"https:\/\/www.radiopiu.net\/wordpress\/wp-content\/uploads\/2025\/10\/GIORNALEDELLESEI-27.mp3?_=3\" \/><a href=\"https:\/\/www.radiopiu.net\/wordpress\/wp-content\/uploads\/2025\/10\/GIORNALEDELLESEI-27.mp3\">https:\/\/www.radiopiu.net\/wordpress\/wp-content\/uploads\/2025\/10\/GIORNALEDELLESEI-27.mp3<\/a><\/audio>\n<p>&nbsp;<\/p>\n<hr \/>\n<p>&nbsp;<\/p>\n<h1 style=\"text-align: center;\"><span style=\"color: #ff0000;\"><a class=\"dt-pswp-item\" href=\"https:\/\/www.radiopiu.net\/wordpress\/wp-content\/uploads\/2024\/11\/7.jpg\" data-dt-img-description=\"\" data-large_image_width=\"180\" data-large_image_height=\"180\"><img loading=\"lazy\" decoding=\"async\" class=\"size-full wp-image-417912 alignleft\" src=\"https:\/\/www.radiopiu.net\/wordpress\/wp-content\/uploads\/2024\/11\/7.jpg\" alt=\"\" width=\"180\" height=\"180\" srcset=\"https:\/\/www.radiopiu.net\/wordpress\/wp-content\/uploads\/2024\/11\/7.jpg 180w, https:\/\/www.radiopiu.net\/wordpress\/wp-content\/uploads\/2024\/11\/7-150x150.jpg 150w\" sizes=\"auto, (max-width: 180px) 100vw, 180px\" \/><\/a>I podcast informativi del mattino &#8211; audio &#8211;\u00a0<\/span><\/h1>\n<p><strong>OGNI GIORNO ALLE SETTE DEL MATTINO, LA RASSEGNA STAMPA LOCALE FLASH&#8230; PER CHI VA IN FRETTA. I TITOLI DAI GIORNALI E DAL SITO WWW.RADIOPIU.NET <span style=\"color: #0000ff;\">viene pubblicato alle 7.00<\/span> <span style=\"color: #ff0000;\">DIRETTA RADIO\u00a0<\/span><\/strong><\/p>\n<p><em><span style=\"color: #ff0000;\">per chi va in fretta&#8230; tante notizie in pochi minuti. L&#8217;informazione locale alla radio, ogni ora dalle 7 del mattino alle 19 della sera.\u00a0\u00a0<\/span><\/em><\/p>\n<p><strong data-start=\"0\" data-end=\"62\">Notizie locali dal Bellunese: tra cronaca, eventi e novit\u00e0<\/strong><\/p>\n<div class=\"flex flex-1 grow basis-auto flex-col overflow-hidden\">\n<div class=\"relative h-full\">\n<div class=\"flex h-full flex-col overflow-y-auto [scrollbar-gutter:stable]\">\n<div class=\"mt-1.5 flex flex-col text-sm @thread-xl\/thread:pt-header-height md:pb-9\">\n<article class=\"group\/turn w-full text-token-text-primary focus-visible:outline-none\" dir=\"auto\" tabindex=\"-1\" data-testid=\"conversation-turn-2\" data-scroll-anchor=\"true\">\n<div class=\"text-base my-auto mx-auto py-5 px-6\">\n<div class=\"mx-auto flex flex-1 text-base gap-4 md:gap-5 lg:gap-6 md:max-w-3xl\">\n<div class=\"group\/conversation-turn relative flex w-full min-w-0 flex-col agent-turn @xs\/thread:px-0 @sm\/thread:px-1.5 @md\/thread:px-4\">\n<div class=\"relative flex-col gap-1 md:gap-3\">\n<div class=\"flex max-w-full flex-col flex-grow\">\n<div class=\"min-h-8 text-message relative flex w-full flex-col items-end gap-2 whitespace-normal break-words text-start [.text-message+&amp;]:mt-5\" dir=\"auto\" data-message-author-role=\"assistant\" data-message-id=\"bff05fc0-dc7c-4ab7-9b20-d3eec753127b\" data-message-model-slug=\"gpt-4o-mini\">\n<div class=\"flex w-full flex-col gap-1 empty:hidden first:pt-[3px]\">\n<div class=\"markdown prose w-full break-words dark:prose-invert dark\">\n<p class=\"\" data-start=\"64\" data-end=\"329\"><em><strong>Radio Pi\u00f9 offre una panoramica sui principali eventi e notizie in provincia di Belluno, accompagnata dalla programmazione radiofonica. Tra le principali notizie<\/strong><\/em><\/p>\n<\/div>\n<\/div>\n<\/div>\n<\/div>\n<\/div>\n<\/div>\n<\/div>\n<\/div>\n<\/article>\n<\/div>\n<\/div>\n<\/div>\n<\/div>\n<h1>AUDIO dalle 7 del mattino<\/h1>\n<audio class=\"wp-audio-shortcode\" id=\"audio-478030-4\" preload=\"none\" style=\"width: 100%;\" controls=\"controls\"><source type=\"audio\/mpeg\" src=\"https:\/\/www.radiopiu.net\/wordpress\/wp-content\/uploads\/2025\/10\/giornale07-29.mp3?_=4\" \/><a href=\"https:\/\/www.radiopiu.net\/wordpress\/wp-content\/uploads\/2025\/10\/giornale07-29.mp3\">https:\/\/www.radiopiu.net\/wordpress\/wp-content\/uploads\/2025\/10\/giornale07-29.mp3<\/a><\/audio>\n<p>&nbsp;<\/p>\n<hr \/>\n<p>&nbsp;<\/p>\n<h1><\/h1>\n<h1 style=\"text-align: center;\"><span style=\"color: #ff0000;\"><a class=\"dt-pswp-item\" href=\"https:\/\/www.radiopiu.net\/wordpress\/wp-content\/uploads\/2024\/11\/th.jpg\" data-dt-img-description=\"\" data-large_image_width=\"148\" data-large_image_height=\"179\"><img loading=\"lazy\" decoding=\"async\" class=\" wp-image-417913 alignleft\" src=\"https:\/\/www.radiopiu.net\/wordpress\/wp-content\/uploads\/2024\/11\/th.jpg\" alt=\"\" width=\"66\" height=\"80\" \/><\/a>I podcast informativi del mattino &#8211; audio &#8211;\u00a0<\/span><\/h1>\n<blockquote><p><strong>GIORNALE RADIO NAZIONALE, EDIZIONE DELLE SETTE <span style=\"color: #0000ff;\">viene pubblicato alle 7.05 <span style=\"color: #ff0000;\">DIRETTA RADIO\u00a0<\/span><\/span><\/strong><\/p><\/blockquote>\n<p><strong>il giornale radionazionale e&#8217; in onda ogni ora, dalle sette del mattino alle venti della sera\u00a0 \u00a0\u00a0<\/strong><\/p>\n<blockquote>\n<h2><em><a class=\"dt-pswp-item\" href=\"https:\/\/www.radiopiu.net\/wordpress\/wp-content\/uploads\/2025\/02\/download-7.jpg\" data-dt-img-description=\"\" data-large_image_width=\"211\" data-large_image_height=\"239\"><img loading=\"lazy\" decoding=\"async\" class=\" wp-image-435553 alignleft\" src=\"https:\/\/www.radiopiu.net\/wordpress\/wp-content\/uploads\/2025\/02\/download-7.jpg\" alt=\"\" width=\"186\" height=\"211\" \/><\/a><span style=\"color: #ff0000;\">RADIOPI\u00d9<\/span> \u2013 La voce del territorio, lo sguardo sul Paese.\u00a0<\/em><\/h2>\n<\/blockquote>\n<div class=\"flex basis-auto flex-col -mb-(--composer-overlap-px) [--composer-overlap-px:55px] grow overflow-hidden\">\n<div class=\"relative h-full\">\n<div class=\"flex h-full flex-col overflow-y-auto [scrollbar-gutter:stable_both-edges] @[84rem]\/thread:pt-(--header-height)\">\n<div class=\"@thread-xl\/thread:pt-header-height flex flex-col text-sm pb-25\">\n<article class=\"text-token-text-primary w-full focus:outline-none scroll-mt-[calc(var(--header-height)+min(200px,max(70px,20svh)))]\" dir=\"auto\" tabindex=\"-1\" data-testid=\"conversation-turn-68\" data-scroll-anchor=\"true\" data-turn=\"assistant\">\n<div class=\"text-base my-auto mx-auto pb-10 [--thread-content-margin:--spacing(4)] @[37rem]:[--thread-content-margin:--spacing(6)] @[72rem]:[--thread-content-margin:--spacing(16)] px-(--thread-content-margin)\">\n<div class=\"[--thread-content-max-width:32rem] @[34rem]:[--thread-content-max-width:40rem] @[64rem]:[--thread-content-max-width:48rem] mx-auto max-w-(--thread-content-max-width) flex-1 group\/turn-messages focus-visible:outline-hidden relative flex w-full min-w-0 flex-col agent-turn\" tabindex=\"-1\">\n<div class=\"flex max-w-full flex-col grow\">\n<div class=\"min-h-8 text-message relative flex w-full flex-col items-end gap-2 text-start break-words whitespace-normal [.text-message+&amp;]:mt-5\" dir=\"auto\" data-message-author-role=\"assistant\" data-message-id=\"44b2bab2-310d-4a9e-8ff2-f21a32a7d5b3\" data-message-model-slug=\"gpt-4-1-mini\">\n<div class=\"flex w-full flex-col gap-1 empty:hidden first:pt-[3px]\">\n<div class=\"markdown prose dark:prose-invert w-full break-words dark\">\n<div class=\"pointer-events-none h-px w-px\" aria-hidden=\"true\" data-edge=\"true\">\n<p><strong>ALTO ADIGE<\/strong> \u2013 Ci sono due indagati per la morte di Matilde Lorenzi,\u00a0 deceduta in un incidente sulla neve. La Procura ha disposto un incidente probatorio per accertare le cause della tragedia e le condizioni di sicurezza della pista.<\/p>\n<p><strong>L\u2019AQUILA \u2013<\/strong> Un uomo \u00e8 accusato di aver spiato i condomini con webcam nascoste negli appartamenti che affittava. Le telecamere erano installate tra prese e oggetti d\u2019arredo: un\u2019inquietante violazione della privacy scoperta dagli inquilini.<\/p>\n<p><strong>SIENA<\/strong> \u2013 Giallo sulla scomparsa di una ragazza, la cui ultima traccia porta a piazza del Campo. La famiglia diffonde la foto di Miriam Oliviero, nella speranza di ricevere segnalazioni.<\/p>\n<p><strong>NAPOLI<\/strong> \u2013 \u00c8 stata assolta in appello la maestra che era stata condannata per presunti video a sfondo sessuale con minori: i giudici hanno ritenuto insussistenti le accuse.<\/p>\n<p><strong>PALERMO<\/strong> \u2013 Restano in carcere i tre giovani accusati di abusi su una dodicenne: il tribunale ha respinto le richieste di arresti domiciliari.<\/p>\n<p><strong>BARI<\/strong> \u2013 Due incidenti sul lavoro nel Barese: a Molfetta e Putignano due operai sono caduti da ponteggi e scale; uno \u00e8 in condizioni gravi.<\/p>\n<p><strong>ROMA \u2013<\/strong> Papa Leone celebrer\u00e0 una messa al cimitero del Verano il 2 novembre, in occasione della commemorazione dei defunti.<\/p>\n<p><strong>TORINO<\/strong> \u2013 Momenti di tensione alla stazione di Porta Susa, dove un gruppo pro-Palestina ha tentato di entrare nell\u2019area ferroviaria: la polizia ha risposto con una carica dopo un lancio di sassi.<\/p>\n<p><strong>LIVORNO<\/strong> \u2013 Durante un controllo su un cargo, due migranti si sono gettati in mare: uno \u00e8 morto, mentre sono ancora in corso le ricerche del secondo disperso.<\/p>\n<p><strong>BRESCIA<\/strong> \u2013 In fiamme un casello sull\u2019A21, all\u2019altezza di Brescia Sud: l\u2019incendio, partito da un camion carico di gomme, ha portato alla chiusura del tratto autostradale, ma non si registrano feriti.<\/p>\n<p><strong>BRESCIA \u2013<\/strong> \u00c8 indagato per corruzione Giuseppe Sempio, padre di Andrea Sempio: avrebbe versato tra 20 e 30mila euro all\u2019ex procuratore Venditti per ottenere l\u2019archiviazione del figlio.<\/p>\n<p><strong>MILANO<\/strong> \u2013 Archiviata la posizione di Leonardo La Russa, figlio del presidente del Senato: il Gip ha stabilito che la ragazza fosse \u201csincera ma non costretta\u201d, escludendo la violenza sessuale.<\/p>\n<\/div>\n<div aria-hidden=\"true\" data-edge=\"true\">\n<article class=\"text-token-text-primary w-full focus:outline-none scroll-mt-[calc(var(--header-height)+min(200px,max(70px,20svh)))]\" dir=\"auto\" tabindex=\"-1\" data-turn-id=\"request-WEB:f41a0c73-8d43-4ed6-8953-1fa5b0f7900f-45\" data-testid=\"conversation-turn-24\" data-scroll-anchor=\"true\" data-turn=\"assistant\">\n<div class=\"text-base my-auto mx-auto pb-10 [--thread-content-margin:--spacing(4)] thread-sm:[--thread-content-margin:--spacing(6)] thread-lg:[--thread-content-margin:--spacing(16)] px-(--thread-content-margin)\">\n<div class=\"[--thread-content-max-width:40rem] thread-lg:[--thread-content-max-width:48rem] mx-auto max-w-(--thread-content-max-width) flex-1 group\/turn-messages focus-visible:outline-hidden relative flex w-full min-w-0 flex-col agent-turn\" tabindex=\"-1\">\n<div class=\"flex min-h-[46px] justify-start\">\n<p data-start=\"874\" data-end=\"1212\" data-is-last-node=\"\" data-is-only-node=\"\">\n<\/div>\n<\/div>\n<\/div>\n<\/article>\n<\/div>\n<\/div>\n<\/div>\n<\/div>\n<\/div>\n<\/div>\n<\/div>\n<\/article>\n<\/div>\n<\/div>\n<\/div>\n<\/div>\n<article class=\"text-token-text-primary w-full focus:outline-none scroll-mt-[calc(var(--header-height)+min(200px,max(70px,20svh)))]\" dir=\"auto\" tabindex=\"-1\" data-testid=\"conversation-turn-72\" data-scroll-anchor=\"true\" data-turn=\"assistant\">\n<div class=\"text-base my-auto mx-auto pb-10 [--thread-content-margin:--spacing(4)] @[37rem]:[--thread-content-margin:--spacing(6)] @[72rem]:[--thread-content-margin:--spacing(16)] px-(--thread-content-margin)\">\n<div class=\"[--thread-content-max-width:32rem] @[34rem]:[--thread-content-max-width:40rem] @[64rem]:[--thread-content-max-width:48rem] mx-auto max-w-(--thread-content-max-width) flex-1 group\/turn-messages focus-visible:outline-hidden relative flex w-full min-w-0 flex-col agent-turn\" tabindex=\"-1\">\n<div class=\"flex max-w-full flex-col grow\">\n<div class=\"min-h-8 text-message relative flex w-full flex-col items-end gap-2 text-start break-words whitespace-normal [.text-message+&amp;]:mt-5\" dir=\"auto\" data-message-author-role=\"assistant\" data-message-id=\"6ad35c52-e3d0-4186-88d9-35bb4972681f\" data-message-model-slug=\"gpt-4o\">\n<div class=\"flex w-full flex-col gap-1 empty:hidden first:pt-[3px]\">\n<div class=\"markdown prose dark:prose-invert w-full break-words dark\">\n<article class=\"text-token-text-primary w-full\" dir=\"auto\" data-testid=\"conversation-turn-163\" data-scroll-anchor=\"true\">\n<div class=\"text-base my-auto mx-auto pb-10 [--thread-content-margin:--spacing(4)] @[37rem]:[--thread-content-margin:--spacing(6)] @[72rem]:[--thread-content-margin:--spacing(16)] px-(--thread-content-margin)\">\n<div class=\"[--thread-content-max-width:32rem] @[34rem]:[--thread-content-max-width:40rem] @[64rem]:[--thread-content-max-width:48rem] mx-auto flex max-w-(--thread-content-max-width) flex-1 text-base gap-4 md:gap-5 lg:gap-6 group\/turn-messages focus-visible:outline-hidden\" tabindex=\"-1\">\n<div class=\"group\/conversation-turn relative flex w-full min-w-0 flex-col agent-turn\">\n<div class=\"relative flex-col gap-1 md:gap-3\">\n<div class=\"flex max-w-full flex-col grow\">\n<div class=\"min-h-8 text-message relative flex w-full flex-col items-end gap-2 text-start break-words whitespace-normal [.text-message+&amp;]:mt-5\" dir=\"auto\" data-message-author-role=\"assistant\" data-message-id=\"efdea043-c36a-42e6-8e01-aec593793ec1\" data-message-model-slug=\"gpt-4o\">\n<div class=\"flex w-full flex-col gap-1 empty:hidden first:pt-[3px]\">\n<div class=\"markdown prose dark:prose-invert w-full break-words dark\">\n<article class=\"text-token-text-primary w-full focus:outline-none scroll-mt-[calc(var(--header-height)+min(200px,max(70px,20svh)))]\" dir=\"auto\" tabindex=\"-1\" data-testid=\"conversation-turn-162\" data-scroll-anchor=\"true\" data-turn=\"assistant\">\n<div class=\"text-base my-auto mx-auto pb-10 [--thread-content-margin:--spacing(4)] @[37rem]:[--thread-content-margin:--spacing(6)] @[72rem]:[--thread-content-margin:--spacing(16)] px-(--thread-content-margin)\">\n<div class=\"[--thread-content-max-width:32rem] @[34rem]:[--thread-content-max-width:40rem] @[64rem]:[--thread-content-max-width:48rem] mx-auto max-w-(--thread-content-max-width) flex-1 group\/turn-messages focus-visible:outline-hidden relative flex w-full min-w-0 flex-col agent-turn\" tabindex=\"-1\">\n<div class=\"flex max-w-full flex-col grow\">\n<div class=\"min-h-8 text-message relative flex w-full flex-col items-end gap-2 text-start break-words whitespace-normal [.text-message+&amp;]:mt-5\" dir=\"auto\" data-message-author-role=\"assistant\" data-message-id=\"842efa5e-0b6b-4c68-b1eb-9dd894bae6c3\" data-message-model-slug=\"gpt-4o\">\n<div class=\"flex w-full flex-col gap-1 empty:hidden first:pt-[3px]\">\n<div class=\"markdown prose dark:prose-invert w-full break-words dark\">\n<div class=\"flex basis-auto flex-col -mb-(--composer-overlap-px) [--composer-overlap-px:55px] grow overflow-hidden\">\n<div class=\"relative h-full\">\n<div class=\"flex h-full flex-col overflow-y-auto [scrollbar-gutter:stable_both-edges] @[84rem]\/thread:pt-(--header-height)\">\n<div class=\"@thread-xl\/thread:pt-header-height flex flex-col text-sm pb-25\">\n<article class=\"text-token-text-primary w-full focus:outline-none scroll-mt-[calc(var(--header-height)+min(200px,max(70px,20svh)))]\" dir=\"auto\" tabindex=\"-1\" data-testid=\"conversation-turn-18\" data-scroll-anchor=\"true\" data-turn=\"assistant\">\n<div class=\"text-base my-auto mx-auto pb-10 [--thread-content-margin:--spacing(4)] @[37rem]:[--thread-content-margin:--spacing(6)] @[72rem]:[--thread-content-margin:--spacing(16)] px-(--thread-content-margin)\">\n<div class=\"[--thread-content-max-width:32rem] @[34rem]:[--thread-content-max-width:40rem] @[64rem]:[--thread-content-max-width:48rem] mx-auto max-w-(--thread-content-max-width) flex-1 group\/turn-messages focus-visible:outline-hidden relative flex w-full min-w-0 flex-col agent-turn\" tabindex=\"-1\">\n<div class=\"flex max-w-full flex-col grow\">\n<div class=\"min-h-8 text-message relative flex w-full flex-col items-end gap-2 text-start break-words whitespace-normal [.text-message+&amp;]:mt-5\" dir=\"auto\" data-message-author-role=\"assistant\" data-message-id=\"10a6d749-a0ed-478c-a66e-5f27b47e163c\" data-message-model-slug=\"gpt-5\">\n<div class=\"flex w-full flex-col gap-1 empty:hidden first:pt-[3px]\">\n<div class=\"markdown prose dark:prose-invert w-full break-words dark\">\n<hr data-start=\"1055\" data-end=\"1058\" \/>\n<\/div>\n<\/div>\n<\/div>\n<\/div>\n<\/div>\n<\/div>\n<\/article>\n<\/div>\n<\/div>\n<\/div>\n<\/div>\n<div id=\"thread-bottom-container\" class=\"content-fade relative isolate z-10 w-full basis-auto has-data-has-thread-error:pt-2 has-data-has-thread-error:[box-shadow:var(--sharp-edge-bottom-shadow)] md:border-transparent md:pt-0 dark:border-white\/20 md:dark:border-transparent flex flex-col\">\n<div id=\"thread-bottom\">\n<div class=\"text-base mx-auto [--thread-content-margin:--spacing(4)] @[37rem]:[--thread-content-margin:--spacing(6)] @[72rem]:[--thread-content-margin:--spacing(16)] px-(--thread-content-margin)\">\n<div class=\"[--thread-content-max-width:32rem] @[34rem]:[--thread-content-max-width:40rem] @[64rem]:[--thread-content-max-width:48rem] mx-auto max-w-(--thread-content-max-width) flex-1\">\n<div class=\"max-xs:[--force-hide-label:none] relative z-1 flex h-full max-w-full flex-1 flex-col\">\n<form class=\"w-full [view-transition-name:var(--vt-composer)]\" data-type=\"unified-composer\">\n<div class=\"bg-token-bg-primary shadow-short flex w-full cursor-text flex-col items-center justify-center overflow-clip bg-clip-padding contain-inline-size dark:bg-[#303030] rounded-[28px]\">\n<div class=\"relative flex min-h-14 w-full items-end\">\n<div class=\"relative flex w-full flex-auto flex-col\">\n<div class=\"relative mx-5 flex min-h-14 flex-auto bg-transparent items-start\">\n<div class=\"_prosemirror-parent_276o5_2 text-token-text-primary max-h-[25dvh] max-h-52 flex-1 overflow-auto [scrollbar-width:thin] default-browser vertical-scroll-fade-mask\">\n<div id=\"prompt-textarea\" class=\"ProseMirror\" contenteditable=\"true\" translate=\"no\" data-virtualkeyboard=\"true\"><\/div>\n<\/div>\n<\/div>\n<\/div>\n<\/div>\n<\/div>\n<\/form>\n<\/div>\n<\/div>\n<\/div>\n<\/div>\n<\/div>\n<\/div>\n<\/div>\n<\/div>\n<\/div>\n<\/div>\n<\/div>\n<\/article>\n<\/div>\n<\/div>\n<\/div>\n<\/div>\n<\/div>\n<\/div>\n<\/div>\n<\/div>\n<\/article>\n<\/div>\n<\/div>\n<\/div>\n<\/div>\n<\/div>\n<\/div>\n<\/article>\n<article class=\"text-token-text-primary w-full focus:outline-none scroll-mt-[calc(var(--header-height)+min(200px,max(70px,20svh)))]\" dir=\"auto\" tabindex=\"-1\" data-testid=\"conversation-turn-72\" data-scroll-anchor=\"true\" data-turn=\"assistant\">\n<div class=\"text-base my-auto mx-auto pb-10 [--thread-content-margin:--spacing(4)] @[37rem]:[--thread-content-margin:--spacing(6)] @[72rem]:[--thread-content-margin:--spacing(16)] px-(--thread-content-margin)\">\n<div class=\"[--thread-content-max-width:32rem] @[34rem]:[--thread-content-max-width:40rem] @[64rem]:[--thread-content-max-width:48rem] mx-auto max-w-(--thread-content-max-width) flex-1 group\/turn-messages focus-visible:outline-hidden relative flex w-full min-w-0 flex-col agent-turn\" tabindex=\"-1\">\n<div class=\"flex max-w-full flex-col grow\">\n<div class=\"min-h-8 text-message relative flex w-full flex-col items-end gap-2 text-start break-words whitespace-normal [.text-message+&amp;]:mt-5\" dir=\"auto\" data-message-author-role=\"assistant\" data-message-id=\"6ad35c52-e3d0-4186-88d9-35bb4972681f\" data-message-model-slug=\"gpt-4o\">\n<div class=\"flex w-full flex-col gap-1 empty:hidden first:pt-[3px]\">\n<div class=\"markdown prose dark:prose-invert w-full break-words dark\">\n<article class=\"text-token-text-primary w-full\" dir=\"auto\" data-testid=\"conversation-turn-163\" data-scroll-anchor=\"true\">\n<div class=\"text-base my-auto mx-auto pb-10 [--thread-content-margin:--spacing(4)] @[37rem]:[--thread-content-margin:--spacing(6)] @[72rem]:[--thread-content-margin:--spacing(16)] px-(--thread-content-margin)\">\n<div class=\"[--thread-content-max-width:32rem] @[34rem]:[--thread-content-max-width:40rem] @[64rem]:[--thread-content-max-width:48rem] mx-auto flex max-w-(--thread-content-max-width) flex-1 text-base gap-4 md:gap-5 lg:gap-6 group\/turn-messages focus-visible:outline-hidden\" tabindex=\"-1\">\n<div class=\"group\/conversation-turn relative flex w-full min-w-0 flex-col agent-turn\">\n<div class=\"flex items-center justify-center\"><\/div>\n<\/div>\n<\/div>\n<\/div>\n<\/article>\n<\/div>\n<\/div>\n<\/div>\n<\/div>\n<\/div>\n<\/div>\n<\/article>\n<blockquote>\n<h2><span style=\"color: #ff0000;\"><strong><a class=\"dt-pswp-item\" href=\"https:\/\/www.radiopiu.net\/wordpress\/wp-content\/uploads\/2025\/02\/download-3.jpg\" data-dt-img-description=\"\" data-large_image_width=\"223\" data-large_image_height=\"226\"><img loading=\"lazy\" decoding=\"async\" class=\"size-full wp-image-434732 alignleft\" src=\"https:\/\/www.radiopiu.net\/wordpress\/wp-content\/uploads\/2025\/02\/download-3.jpg\" alt=\"\" width=\"223\" height=\"226\" \/><\/a><\/strong>RADIOPI\u00d9<\/span> \u2013 Dalle Dolomiti alla pianura, i fatti che segnano la Regione.<\/h2>\n<\/blockquote>\n<article class=\"text-token-text-primary w-full focus:outline-none scroll-mt-[calc(var(--header-height)+min(200px,max(70px,20svh)))]\" dir=\"auto\" tabindex=\"-1\" data-testid=\"conversation-turn-112\" data-scroll-anchor=\"true\" data-turn=\"assistant\">\n<div class=\"text-base my-auto mx-auto pb-10 [--thread-content-margin:--spacing(4)] @[37rem]:[--thread-content-margin:--spacing(6)] @[72rem]:[--thread-content-margin:--spacing(16)] px-(--thread-content-margin)\">\n<div class=\"[--thread-content-max-width:32rem] @[34rem]:[--thread-content-max-width:40rem] @[64rem]:[--thread-content-max-width:48rem] mx-auto max-w-(--thread-content-max-width) flex-1 group\/turn-messages focus-visible:outline-hidden relative flex w-full min-w-0 flex-col agent-turn\" tabindex=\"-1\">\n<div class=\"flex max-w-full flex-col grow\">\n<div class=\"min-h-8 text-message relative flex w-full flex-col items-end gap-2 text-start break-words whitespace-normal [.text-message+&amp;]:mt-5\" dir=\"auto\" data-message-author-role=\"assistant\" data-message-id=\"74820017-8765-4ccc-b0c7-da916c45f87f\" data-message-model-slug=\"gpt-5\">\n<div class=\"flex w-full flex-col gap-1 empty:hidden first:pt-[3px]\">\n<div class=\"markdown prose dark:prose-invert w-full break-words dark\">\n<p><strong>BASSANO DEL GRAPPA<\/strong> \u2013 Commozione e silenzio per la fiaccolata in memoria di Jessica Stappazzollo, la donna uccisa a coltellate dall\u2019ex compagno. Oltre 400 persone hanno partecipato, tra loro anche la madre della vittima, in un corteo di dolore e solidariet\u00e0.<\/p>\n<p><strong>PADOVA<\/strong> \u2013 I Carabinieri hanno sequestrato 21 tarantole, tra cui una specie a rischio estinzione, trovate in un\u2019abitazione privata. Gli esemplari sono stati affidati a un parco specializzato.<\/p>\n<p><strong>VERONA<\/strong> \u2013 Tragedia nel Veronese: una donna \u00e8 morta in un frontale tra un\u2019auto e un bus, illesi i passeggeri del pullman.<\/p>\n<p><strong>ROMA<\/strong> \u2013 Identificato il minorenne che aveva aggredito una troupe di Porta a Porta: il questore ha disposto per lui tre Daspo e un avviso orale.<\/p>\n<p><strong>VERONA<\/strong> \u2013 Condannati gli imputati del processo per violenze sessuali e sfruttamento della prostituzione: tra i reati anche la detenzione di armi clandestine.<\/p>\n<p><strong>VENEZIA<\/strong> \u2013 L\u2019Ottobre Rosa si chiuder\u00e0 il 31 ottobre con un evento musicale unico: sul Vaporetto Rosa risuoneranno le note di Puccini, Verdi e Bizet.<\/p>\n<p><strong>VENEZIA<\/strong> \u2013 Aperto il Ponte votivo tra Fondamente Nove e il Cimitero di San Michele, che rester\u00e0 accessibile fino al 9 novembre per la commemorazione dei defunti.<\/p>\n<p><strong>CORTINA D\u2019AMPEZZO \u2013<\/strong> Si conferma regina del turismo invernale, tra le mete pi\u00f9 amate della neve; il primato dei demani sciabili va a Madonna di Campiglio.<\/p>\n<p><strong>CAORLE\/FERRANDINA<\/strong> \u2013 La famiglia Gusso in Basilicata per riannodare i fili della memoria: un incontro simbolico tra le comunit\u00e0 di Caorle e Ferrandina.<\/p>\n<p>VENEZIA \u2013 Parte l\u2019iniziativa \u201cNovembre Donna 2025\u201d: sui bus e vaporetti del gruppo AVM compare il numero antiviolenza.<\/p>\n<p>VENEZIA \u2013 Il 4 novembre, all\u2019Universit\u00e0 Ca\u2019 Foscari, ospiti d\u2019onore saranno Anna Maria Bernini e Emanuele Fiano per un incontro dedicato al valore della memoria.<\/p>\n<\/div>\n<\/div>\n<\/div>\n<\/div>\n<\/div>\n<\/div>\n<\/article>\n<h1><span style=\"color: #ff0000;\"><span style=\"color: #0000ff;\">ULTIM&#8217;ORA<\/span> <span style=\"color: #000000;\">AUDIO dalle sette del mattino, ogni ora alla radio EDIZIONE DELLE SETTE<\/span><\/span><\/h1>\n<audio class=\"wp-audio-shortcode\" id=\"audio-478030-5\" preload=\"none\" style=\"width: 100%;\" controls=\"controls\"><source type=\"audio\/mpeg\" src=\"https:\/\/www.radiopiu.net\/wordpress\/wp-content\/uploads\/2025\/10\/GF07-26.mp3?_=5\" \/><a href=\"https:\/\/www.radiopiu.net\/wordpress\/wp-content\/uploads\/2025\/10\/GF07-26.mp3\">https:\/\/www.radiopiu.net\/wordpress\/wp-content\/uploads\/2025\/10\/GF07-26.mp3<\/a><\/audio>\n<p>&nbsp;<\/p>\n<hr \/>\n<p>&nbsp;<\/p>\n<h1><span style=\"color: #ff0000;\"><a class=\"dt-pswp-item\" href=\"https:\/\/www.radiopiu.net\/wordpress\/wp-content\/uploads\/2024\/11\/8.jpg\" data-dt-img-description=\"\" data-large_image_width=\"180\" data-large_image_height=\"180\"><img loading=\"lazy\" decoding=\"async\" class=\"size-full wp-image-417910 alignleft\" src=\"https:\/\/www.radiopiu.net\/wordpress\/wp-content\/uploads\/2024\/11\/8.jpg\" alt=\"\" width=\"180\" height=\"180\" srcset=\"https:\/\/www.radiopiu.net\/wordpress\/wp-content\/uploads\/2024\/11\/8.jpg 180w, https:\/\/www.radiopiu.net\/wordpress\/wp-content\/uploads\/2024\/11\/8-150x150.jpg 150w\" sizes=\"auto, (max-width: 180px) 100vw, 180px\" \/><\/a>I podcast informativi del mattino &#8211; video &#8211;\u00a0<\/span><\/h1>\n<h2 style=\"text-align: left;\"><strong>RASSEGNA STAMPA LOCALE, ORE OTTO<\/strong><\/h2>\n<h2><strong> <span style=\"color: #0000ff;\">viene\u00a0 <\/span><\/strong><strong><span style=\"color: #0000ff;\">pubblicata alle 8.05 <span style=\"color: #ff0000;\">DIRETTA RADIO\u00a0 \u00a0<\/span><\/span><\/strong><strong>DI MIRKO MEZZACASA<\/strong><\/h2>\n<h1><span style=\"color: #ff0000;\"><strong>VIDEO\u00a0 \u00a0in diretta AGGIORNAMENTO\u00a0 dalle 8 del mattino<\/strong><\/span><\/h1>\n<p>&nbsp;<\/p>\n<p><iframe loading=\"lazy\" title=\"DAL 1983 LA RASSEGNA STAMPA LOCALE di mirko mezzacasa. L&#039;ORIGINALE\" width=\"1200\" height=\"675\" src=\"https:\/\/www.youtube.com\/embed\/XvvFAaMqnx0?feature=oembed\" frameborder=\"0\" allow=\"accelerometer; autoplay; clipboard-write; encrypted-media; gyroscope; picture-in-picture; web-share\" referrerpolicy=\"strict-origin-when-cross-origin\" allowfullscreen><\/iframe><\/p>\n<div class=\"page-title-head hgroup\"><\/div>\n<div><\/div>\n<div><\/div>\n<div class=\"page-title-breadcrumbs\"><\/div>\n<hr \/>\n<p>&nbsp;<\/p>\n<p><strong><a class=\"dt-pswp-item\" href=\"https:\/\/www.radiopiu.net\/wordpress\/wp-content\/uploads\/2023\/12\/ANTENNA.png\" data-dt-img-description=\"\" data-large_image_width=\"300\" data-large_image_height=\"166\"><img loading=\"lazy\" decoding=\"async\" class=\"wp-image-366306 alignright\" src=\"https:\/\/www.radiopiu.net\/wordpress\/wp-content\/uploads\/2023\/12\/ANTENNA.png\" alt=\"\" width=\"101\" height=\"56\" \/><\/a><a class=\"dt-pswp-item\" href=\"https:\/\/www.radiopiu.net\/wordpress\/wp-content\/uploads\/2024\/11\/th-17.jpg\" data-dt-img-description=\"\" data-large_image_width=\"224\" data-large_image_height=\"180\"><img loading=\"lazy\" decoding=\"async\" class=\" wp-image-421610 alignleft\" src=\"https:\/\/www.radiopiu.net\/wordpress\/wp-content\/uploads\/2024\/11\/th-17.jpg\" alt=\"\" width=\"167\" height=\"134\" \/><\/a>ogni sera alle 19 le anticipazioni alla radio, quello che poi seguirete nel TELEGIORNALE BELLUNESE\u00a0 in onda alle 19.30 sul CANALE 10 del digitale terrestre.\u00a0\u00a0<\/strong><\/p>\n<p>&nbsp;<\/p>\n<blockquote>\n<h2><span style=\"color: #ff0000;\">ANTICIPAZIONI, DI\u00a0 TIZIANA BOLOGNANI<\/span><\/h2>\n<\/blockquote>\n<blockquote><audio class=\"wp-audio-shortcode\" id=\"audio-478030-6\" preload=\"none\" style=\"width: 100%;\" controls=\"controls\"><source type=\"audio\/mpeg\" src=\"https:\/\/www.radiopiu.net\/wordpress\/wp-content\/uploads\/2025\/10\/ANTENNA3-24.mp3?_=6\" \/><a href=\"https:\/\/www.radiopiu.net\/wordpress\/wp-content\/uploads\/2025\/10\/ANTENNA3-24.mp3\">https:\/\/www.radiopiu.net\/wordpress\/wp-content\/uploads\/2025\/10\/ANTENNA3-24.mp3<\/a><\/audio><\/blockquote>\n<p>&nbsp;<\/p>\n<hr \/>\n<p>&nbsp;<\/p>\n<blockquote>\n<h3><a class=\"dt-pswp-item\" href=\"https:\/\/www.radiopiu.net\/wordpress\/wp-content\/uploads\/2025\/09\/6cd00d19-fcc3-41ef-b687-64ff8c1c22e1.jpg\" data-dt-img-description=\"\" data-large_image_width=\"2016\" data-large_image_height=\"1216\"><img loading=\"lazy\" decoding=\"async\" class=\" wp-image-471071 alignleft\" src=\"https:\/\/www.radiopiu.net\/wordpress\/wp-content\/uploads\/2025\/09\/6cd00d19-fcc3-41ef-b687-64ff8c1c22e1-300x181.jpg\" alt=\"\" width=\"234\" height=\"141\" srcset=\"https:\/\/www.radiopiu.net\/wordpress\/wp-content\/uploads\/2025\/09\/6cd00d19-fcc3-41ef-b687-64ff8c1c22e1-300x181.jpg 300w, https:\/\/www.radiopiu.net\/wordpress\/wp-content\/uploads\/2025\/09\/6cd00d19-fcc3-41ef-b687-64ff8c1c22e1-1024x618.jpg 1024w, https:\/\/www.radiopiu.net\/wordpress\/wp-content\/uploads\/2025\/09\/6cd00d19-fcc3-41ef-b687-64ff8c1c22e1-768x463.jpg 768w, https:\/\/www.radiopiu.net\/wordpress\/wp-content\/uploads\/2025\/09\/6cd00d19-fcc3-41ef-b687-64ff8c1c22e1-1536x926.jpg 1536w, https:\/\/www.radiopiu.net\/wordpress\/wp-content\/uploads\/2025\/09\/6cd00d19-fcc3-41ef-b687-64ff8c1c22e1.jpg 2016w\" sizes=\"auto, (max-width: 234px) 100vw, 234px\" \/><\/a>PASSO FEDAIA CHIUSO LATO TRENTINO ALTO ADIGE<\/h3>\n<\/blockquote>\n<p><strong>REDAZIONE<\/strong> Fino al 31 ottobre 2025 la Strada Statale 641 del Passo Fedaia rester\u00e0 chiusa al traffico lato da Canazei al Passo Nessun problema tra Rocca Pietore e la diga, si transita regolarmente<\/p>\n<p>&nbsp;<\/p>\n<p>&nbsp;<\/p>\n<hr \/>\n<p>&nbsp;<\/p>\n<blockquote>\n<h3><a class=\"dt-pswp-item\" href=\"https:\/\/www.radiopiu.net\/wordpress\/wp-content\/uploads\/2024\/10\/ANAS.jpg\" data-dt-img-description=\"\" data-large_image_width=\"842\" data-large_image_height=\"595\"><img loading=\"lazy\" decoding=\"async\" class=\" wp-image-414157 alignleft\" src=\"https:\/\/www.radiopiu.net\/wordpress\/wp-content\/uploads\/2024\/10\/ANAS-300x212.jpg\" alt=\"\" width=\"166\" height=\"117\" srcset=\"https:\/\/www.radiopiu.net\/wordpress\/wp-content\/uploads\/2024\/10\/ANAS-300x212.jpg 300w, https:\/\/www.radiopiu.net\/wordpress\/wp-content\/uploads\/2024\/10\/ANAS-768x543.jpg 768w, https:\/\/www.radiopiu.net\/wordpress\/wp-content\/uploads\/2024\/10\/ANAS.jpg 842w\" sizes=\"auto, (max-width: 166px) 100vw, 166px\" \/><\/a>LAVORI DI MANUTENZIONE SUL PONTE DI RIO VALBONA A OSPITALE DI CADORE<\/h3>\n<\/blockquote>\n<p><strong>VENEZIA<\/strong>\u00a0 I veicoli sotto le 3,5 tonnellate saranno deviati su via Roma, mentre rester\u00e0 garantito l\u2019accesso a residenti,\u00a0 Per i mezzi pesanti oltre 3,5 tonnellate scatter\u00e0 il divieto di transito con deviazione sulla SS 51.<\/p>\n<blockquote>\n<h3><strong data-start=\"0\" data-end=\"74\">CHIUSURA A FASCE ORARIE DELLA SS51 PER LAVORI ALLA ROCCA DI BOTESTAGNO<\/strong><\/h3>\n<\/blockquote>\n<p>Fino al venerd\u00ec 7 novembre la SS51 \u201cdi Alemagna\u201d sar\u00e0 chiusa al traffico tra il km 109,100 e il km 111,200 per interventi di messa in sicurezza della parete rocciosa presso la Rocca di Botestagno. La chiusura totale sar\u00e0 attiva dal luned\u00ec al venerd\u00ec nelle fasce 09:00-13:00 e 14:00-18:00. Durante questi orari, il traffico tra Cortina e Dobbiaco\/Carbonin sar\u00e0 deviato lungo la SR48 e la SP49 attraverso il lago di Misurina.<\/p>\n<p>&nbsp;<\/p>\n<hr \/>\n<p>&nbsp;<\/p>\n<blockquote>\n<h3>SP 25 \u201cPASSO VALLES\u201d: CHIUSURE TEMPORANEE A FALCADE<\/h3>\n<\/blockquote>\n<p><strong>SEDICO <\/strong>Veneto Strade comunica che sulla S.P. 25 \u201cPasso Valles\u201d, nel tratto tra il Bivio Valles e Caverson, nel comune di Falcade, fino al 28 novembre, la strada sar\u00e0 soggetta a chiusure temporanee per lavori di taglio di piante pericolanti. Le interruzioni, regolate da movieri, avverranno nei giorni feriali dalle ore 8 alle 12 e dalle 13 alle 16, con chiusure di massimo 30 minuti. I sabati, le domeniche e i festivi infrasettimanali non sono interessati dai lavori.<\/p>\n<p>&nbsp;<\/p>\n<hr \/>\n<p>&nbsp;<\/p>\n<blockquote>\n<h3>LAVORI A COL CAVALIER DI BELLUNO<\/h3>\n<\/blockquote>\n<p><strong>BELLUNO<\/strong> Fino al 23 dicembre 2025 a Belluno: senso unico alternato in via Col Cavalier, divieto di accesso a via Castelet vicino al cantiere, limite 30 km\/h e divieto di sorpasso nelle aree di lavori.<\/p>\n<p>&nbsp;<\/p>\n<hr \/>\n<p>&nbsp;<\/p>\n<blockquote>\n<h3><a class=\"dt-pswp-item\" href=\"https:\/\/www.radiopiu.net\/wordpress\/wp-content\/uploads\/2023\/01\/bicchiere-acqua.png\" data-dt-img-description=\"\" data-large_image_width=\"1800\" data-large_image_height=\"1166\"><img loading=\"lazy\" decoding=\"async\" class=\" wp-image-315608 alignleft\" src=\"https:\/\/www.radiopiu.net\/wordpress\/wp-content\/uploads\/2023\/01\/bicchiere-acqua-300x194.png\" alt=\"\" width=\"121\" height=\"78\" srcset=\"https:\/\/www.radiopiu.net\/wordpress\/wp-content\/uploads\/2023\/01\/bicchiere-acqua-300x194.png 300w, https:\/\/www.radiopiu.net\/wordpress\/wp-content\/uploads\/2023\/01\/bicchiere-acqua-1024x663.png 1024w, https:\/\/www.radiopiu.net\/wordpress\/wp-content\/uploads\/2023\/01\/bicchiere-acqua-768x497.png 768w, https:\/\/www.radiopiu.net\/wordpress\/wp-content\/uploads\/2023\/01\/bicchiere-acqua-1536x995.png 1536w, https:\/\/www.radiopiu.net\/wordpress\/wp-content\/uploads\/2023\/01\/bicchiere-acqua.png 1800w\" sizes=\"auto, (max-width: 121px) 100vw, 121px\" \/><\/a>TORNA POTABILE L&#8217;ACQUA A LARZONEI DI LIVINALLONGO<\/h3>\n<\/blockquote>\n<p><strong>LIVINALLONGO<\/strong> Servizi Integrati Bellunesi informa che a Livinallongo Del Col Di Lana in localit\u00e0 Larzonei, l&#8217;acqua erogata dall&#8217;acquedotto \u00e8 di nuovo potabile e pu\u00f2 essere usata, quindi, per scopi alimentari.<\/p>\n<p>&nbsp;<\/p>\n<hr \/>\n<p>&nbsp;<\/p>\n<div class=\"page-title-head hgroup\">\n<blockquote>\n<h2 class=\"entry-title\">RADIO PI\u00d9 VICINA A WALTER E ANDREA DELOGU NEL LORO DOLORE<\/h2>\n<\/blockquote>\n<\/div>\n<p class=\"page-title-breadcrumbs\"><a class=\"dt-pswp-item pspw-wrap-ready\" href=\"https:\/\/www.radiopiu.net\/wordpress\/wp-content\/uploads\/2025\/10\/download-36.jpg\" data-dt-img-description=\"\" data-large_image_width=\"1024\" data-large_image_height=\"580\"><img loading=\"lazy\" decoding=\"async\" class=\"size-medium wp-image-478102 alignleft\" src=\"https:\/\/www.radiopiu.net\/wordpress\/wp-content\/uploads\/2025\/10\/download-36-300x170.jpg\" sizes=\"auto, (max-width: 300px) 100vw, 300px\" srcset=\"https:\/\/www.radiopiu.net\/wordpress\/wp-content\/uploads\/2025\/10\/download-36-300x170.jpg 300w, https:\/\/www.radiopiu.net\/wordpress\/wp-content\/uploads\/2025\/10\/download-36-768x435.jpg 768w, https:\/\/www.radiopiu.net\/wordpress\/wp-content\/uploads\/2025\/10\/download-36.jpg 1024w\" alt=\"\" width=\"300\" height=\"170\" \/><\/a>La redazione di Radio Pi\u00f9 si stringe con profondo affetto e sincera commozione a Walter e Andrea Delogu per la tragica scomparsa del giovane Evan, figlio e fratello amatissimo, morto a soli diciotto anni in un incidente stradale a Bellaria. Abbiamo avuto il privilegio, nel tempo, di condividere con Walter momenti di intensa umanit\u00e0 e riflessione, attraverso le sue interviste e i messaggi sempre ricchi di calore e sensibilit\u00e0. Ricordiamo con affetto anche Andrea, che pi\u00f9 volte ha preso parte ai nostri programmi con il suo entusiasmo e la sua energia, regalando a tutti noi e agli ascoltatori auguri e parole colme di luce. Oggi quella luce si spegne per lasciare spazio al silenzio del dolore, ma resta la forza di un legame che supera ogni distanza. A Walter e ad Andrea giungano l\u2019abbraccio e la vicinanza pi\u00f9 sinceri da parte di tutta la grande famiglia di Radio Pi\u00f9.\u00a0<em data-start=\"1014\" data-end=\"1120\" data-is-last-node=\"\">\u201cIl cuore a volte batte anche se \u00e8 morto\u201d \u2014 ha scritto Walter. E noi, con il cuore, siamo accanto a lui.<br \/>\n<\/em><em data-start=\"1014\" data-end=\"1120\" data-is-last-node=\"\">mirko mezzacasa<\/em><\/p>\n<p>&nbsp;<\/p>\n<hr \/>\n<blockquote>\n<p data-start=\"0\" data-end=\"66\"><strong data-start=\"0\" data-end=\"64\">\u00a0<\/strong><\/p>\n<p data-start=\"0\" data-end=\"66\"><strong data-start=\"0\" data-end=\"64\">IL CADORE PIANGE SANDRO SCHWEIGER, MEDICO E UOMO DI COMUNIT\u00c0<\/strong><\/p>\n<\/blockquote>\n<p data-start=\"68\" data-end=\"811\"><strong data-start=\"68\" data-end=\"89\"><a class=\"dt-pswp-item\" href=\"https:\/\/www.radiopiu.net\/wordpress\/wp-content\/uploads\/2025\/10\/Senza-nome-68.png\" data-dt-img-description=\"\" data-large_image_width=\"341\" data-large_image_height=\"360\"><img loading=\"lazy\" decoding=\"async\" class=\"wp-image-478234 alignleft\" src=\"https:\/\/www.radiopiu.net\/wordpress\/wp-content\/uploads\/2025\/10\/Senza-nome-68-284x300.png\" alt=\"\" width=\"122\" height=\"129\" srcset=\"https:\/\/www.radiopiu.net\/wordpress\/wp-content\/uploads\/2025\/10\/Senza-nome-68-284x300.png 284w, https:\/\/www.radiopiu.net\/wordpress\/wp-content\/uploads\/2025\/10\/Senza-nome-68.png 341w\" sizes=\"auto, (max-width: 122px) 100vw, 122px\" \/><\/a>CALALZO DI CADORE<\/strong> \u2013\u00a0 E&#8217; mancato lo storico dentista di Pieve di Cadore e figura di grande impegno sociale. Si \u00e8 spento a 90 anni, dopo una vita dedicata alla famiglia e alla comunit\u00e0.<br data-start=\"287\" data-end=\"290\" \/>Nato a Merano nel 1935, Schweiger apr\u00ec nel 1960 il primo studio odontoiatrico specializzato della provincia, distinguendosi per professionalit\u00e0 e umanit\u00e0. Fu tra i volontari nei soccorsi dopo il Vajont, presidente dei donatori di sangue e membro attivo del Lions Club. Lascia la moglie Renata Lozza, i figli Vittorio, Elena e Silvia, e tanti amici e pazienti che lo ricordano con affetto.<br data-start=\"716\" data-end=\"719\" \/>L\u2019ultimo saluto sar\u00e0 celebrato luned\u00ec alle 14.30 nella chiesa parrocchiale di Calalzo.<\/p>\n<p class=\"page-title-breadcrumbs\"><em data-start=\"1014\" data-end=\"1120\" data-is-last-node=\"\">\u00a0<\/em><\/p>\n<hr \/>\n<p>&nbsp;<\/p>\n<div class=\"page-title-head hgroup\">\n<blockquote>\n<h2 class=\"entry-title\">UNA COMUNIT\u00c0 UNIT\u00c0 NEL DOLORE<\/h2>\n<\/blockquote>\n<\/div>\n<div class=\"page-title-breadcrumbs\">\n<p><strong>di LORENZO SORATROI<\/strong><\/p>\n<audio class=\"wp-audio-shortcode\" id=\"audio-478030-7\" preload=\"none\" style=\"width: 100%;\" controls=\"controls\"><source type=\"audio\/mpeg\" src=\"https:\/\/www.radiopiu.net\/wordpress\/wp-content\/uploads\/2025\/10\/LORENZO-LARA-VEGLIA.mp3?_=7\" \/><a href=\"https:\/\/www.radiopiu.net\/wordpress\/wp-content\/uploads\/2025\/10\/LORENZO-LARA-VEGLIA.mp3\">https:\/\/www.radiopiu.net\/wordpress\/wp-content\/uploads\/2025\/10\/LORENZO-LARA-VEGLIA.mp3<\/a><\/audio>\n<p>&nbsp;<\/p>\n<p><strong class=\"photoswipe-wrapper\" data-start=\"75\" data-end=\"85\"><a class=\"dt-pswp-item pspw-wrap-ready\" href=\"https:\/\/www.radiopiu.net\/wordpress\/wp-content\/uploads\/2025\/10\/Senza-nome-65.png\" data-dt-img-description=\"\" data-large_image_width=\"495\" data-large_image_height=\"300\"><img loading=\"lazy\" decoding=\"async\" class=\" wp-image-478226 alignleft\" src=\"https:\/\/www.radiopiu.net\/wordpress\/wp-content\/uploads\/2025\/10\/Senza-nome-65-300x182.png\" sizes=\"auto, (max-width: 251px) 100vw, 251px\" srcset=\"https:\/\/www.radiopiu.net\/wordpress\/wp-content\/uploads\/2025\/10\/Senza-nome-65-300x182.png 300w, https:\/\/www.radiopiu.net\/wordpress\/wp-content\/uploads\/2025\/10\/Senza-nome-65.png 495w\" alt=\"\" width=\"251\" height=\"152\" \/><\/a>LIVINALLONGO\u00a0<\/strong>\u00a0\u2013 Chiesa gremita e profonda commozione, ieri sera, per la veglia di preghiera in suffragio di Lara De Cassan, 37 anni, madre di tre figli e albergatrice, morta improvvisamente luned\u00ec scorso a Sharm el-Sheikh durante un bagno in mare. In attesa del rimpatrio della salma dall\u2019Egitto, il marito Simon Grones, i figli e i familiari si sono stretti alla comunit\u00e0 di Arabba, che ha voluto essere presente per condividere il dolore. Il parroco don Andrea Constantini, visibilmente emozionato, ha invitato alla speranza e alla fede, ricordando le parole di San Paolo:\u00a0<em data-start=\"671\" data-end=\"712\">\u00abChi ci separer\u00e0 dall\u2019amore di Cristo?\u00bb\u00a0<\/em>La cerimonia si \u00e8 conclusa con un commosso Ave Maria di Schubert, tra lacrime, abbracci e un silenzio carico d\u2019affetto.<\/p>\n<\/div>\n<p>&nbsp;<\/p>\n<hr \/>\n<p>&nbsp;<\/p>\n<blockquote>\n<h1>FELTRE: ARRESTATO 25ENNE MENTRE CEDEVA DROGA A UN MINORE<\/h1>\n<\/blockquote>\n<p><strong>FELTRE<\/strong><\/p>\n<p><img decoding=\"async\" class=\"alignleft\" src=\"https:\/\/www.radiopiu.net\/wordpress\/wp-content\/uploads\/2025\/09\/download-26.jpg\" \/> \u00c8 stato colto sul fatto mentre consegnava alcune dosi di hashish a un minorenne, all\u2019esterno di un bar del centro storico. Nel primo pomeriggio del 27 ottobre i Carabinieri dell\u2019Aliquota Operativa della Compagnia di Feltre hanno arrestato un 25enne del posto, gi\u00e0 noto alle forze dell\u2019ordine, per spaccio di sostanze stupefacenti. L\u2019operazione rientra in una pi\u00f9 ampia attivit\u00e0 di contrasto allo spaccio avviata dai militari per arginare il consumo di droga tra i giovani della movida feltrina, anche minorenni, nei principali luoghi di ritrovo. La successiva perquisizione domiciliare ha confermato la portata dell\u2019attivit\u00e0 illecita: nella casa del giovane sono stati trovati 400 grammi di marijuana, 250 grammi di hashish, materiale per il confezionamento delle dosi e circa 14.000 euro in contanti, ritenuti provento dello spaccio. Il 25enne \u00e8 stato quindi trasferito alla casa circondariale di Belluno, in attesa dell\u2019interrogatorio di garanzia disposto dalla Procura.<br data-start=\"1152\" data-end=\"1155\" \/>Un\u2019operazione che conferma l\u2019impegno dei Carabinieri nel presidiare il territorio e contrastare con fermezza il traffico di droga tra i pi\u00f9 giovani.<\/p>\n<p>&nbsp;<\/p>\n<hr \/>\n<p>&nbsp;<\/p>\n<blockquote>\n<h3>INCIDENTE A LIVINALLONGO, COINVOLTO UN 73ENNE<\/h3>\n<\/blockquote>\n<p><strong><a class=\"dt-pswp-item\" href=\"https:\/\/www.radiopiu.net\/wordpress\/wp-content\/uploads\/2023\/08\/ambulanza-ulss-1.jpg\" data-dt-img-description=\"\" data-large_image_width=\"1591\" data-large_image_height=\"1029\"><img loading=\"lazy\" decoding=\"async\" class=\" wp-image-348787 alignleft\" src=\"https:\/\/www.radiopiu.net\/wordpress\/wp-content\/uploads\/2023\/08\/ambulanza-ulss-1-300x194.jpg\" alt=\"\" width=\"189\" height=\"122\" srcset=\"https:\/\/www.radiopiu.net\/wordpress\/wp-content\/uploads\/2023\/08\/ambulanza-ulss-1-300x194.jpg 300w, https:\/\/www.radiopiu.net\/wordpress\/wp-content\/uploads\/2023\/08\/ambulanza-ulss-1-1024x662.jpg 1024w, https:\/\/www.radiopiu.net\/wordpress\/wp-content\/uploads\/2023\/08\/ambulanza-ulss-1-768x497.jpg 768w, https:\/\/www.radiopiu.net\/wordpress\/wp-content\/uploads\/2023\/08\/ambulanza-ulss-1-1536x993.jpg 1536w, https:\/\/www.radiopiu.net\/wordpress\/wp-content\/uploads\/2023\/08\/ambulanza-ulss-1.jpg 1591w\" sizes=\"auto, (max-width: 189px) 100vw, 189px\" \/><\/a>REDAZIONE <\/strong>Suem impegnato in due incidenti. Il primo sinistro si \u00e8 verificato a Belluno, dove sono rimaste coinvolte due donne di 84 e 76 anni, entrambe residenti nel capoluogo. Le due ferite sono state soccorse dalle ambulanze del servizio di emergenza di Belluno e trasportate all\u2019ospedale cittadino. Le loro condizioni sono state giudicate di lieve gravit\u00e0. Poco dopo, un secondo intervento ha interessato Livinallongo del Col di Lana, dove un uomo di 73 anni, residente anch\u2019egli a Belluno, \u00e8 rimasto ferito in un altro incidente stradale. Sul posto \u00e8 intervenuta l\u2019ambulanza del gruppo di volontari di Livinallongo, che ha trasportato il paziente all\u2019ospedale di Agordo. In questo caso le condizioni del ferito risultano pi\u00f9 serie.<\/p>\n<p>&nbsp;<\/p>\n<hr \/>\n<p>&nbsp;<\/p>\n<blockquote>\n<h3>DEPLIANT, SCONTRINI E QR CODE: LA LOTTA ALLA VIOLENZA DI GENERE ARRIVA ANCHE AL SUPERMERCATO<\/h3>\n<\/blockquote>\n<p><strong>BELLUNO<\/strong> Depliant, scontrini e qr code: la lotta alla violenza di genere arriva anche al supermercato con la rinnovata alleanza tra Polizia di Stato e Gruppo Despar.<\/p>\n<p><strong>DI DANIELE DALVIT<\/strong><\/p>\n<audio class=\"wp-audio-shortcode\" id=\"audio-478030-8\" preload=\"none\" style=\"width: 100%;\" controls=\"controls\"><source type=\"audio\/mpeg\" src=\"https:\/\/www.radiopiu.net\/wordpress\/wp-content\/uploads\/2025\/10\/Servizio-Questura-Despar-violenza-donne.mp3?_=8\" \/><a href=\"https:\/\/www.radiopiu.net\/wordpress\/wp-content\/uploads\/2025\/10\/Servizio-Questura-Despar-violenza-donne.mp3\">https:\/\/www.radiopiu.net\/wordpress\/wp-content\/uploads\/2025\/10\/Servizio-Questura-Despar-violenza-donne.mp3<\/a><\/audio>\n<p>&nbsp;<\/p>\n\n\t\t\t<style type='text\/css'>\n\t\t\t\t#gallery-1 {\n\t\t\t\t\tmargin: auto;\n\t\t\t\t}\n\t\t\t\t#gallery-1 .gallery-item {\n\t\t\t\t\tfloat: left;\n\t\t\t\t\tmargin-top: 10px;\n\t\t\t\t\ttext-align: center;\n\t\t\t\t\twidth: 50%;\n\t\t\t\t}\n\t\t\t\t#gallery-1 img {\n\t\t\t\t\tborder: 2px solid #cfcfcf;\n\t\t\t\t}\n\t\t\t\t#gallery-1 .gallery-caption {\n\t\t\t\t\tmargin-left: 0;\n\t\t\t\t}\n\t\t\t\t\/* see gallery_shortcode() in wp-includes\/media.php *\/\n\t\t\t<\/style>\n\t\t<div id='gallery-1' class='dt-gallery-container gallery galleryid-478030 gallery-columns-2 gallery-size-medium'><dl class='gallery-item'>\n\t\t\t\t<dt class='gallery-icon landscape'>\n\t\t\t\t\t<a class=\"rollover rollover-zoom dt-pswp-item\" title=\"3920593f-5974-4a58-89db-3581aaf3a972\" data-dt-img-description=\"\" data-large_image_width=\"1600\" data-large_image_height=\"1200\"href='https:\/\/www.radiopiu.net\/wordpress\/wp-content\/uploads\/2025\/10\/3920593f-5974-4a58-89db-3581aaf3a972.jpg'><img loading=\"lazy\" decoding=\"async\" width=\"300\" height=\"225\" src=\"https:\/\/www.radiopiu.net\/wordpress\/wp-content\/uploads\/2025\/10\/3920593f-5974-4a58-89db-3581aaf3a972-300x225.jpg\" class=\"attachment-medium size-medium\" alt=\"\" srcset=\"https:\/\/www.radiopiu.net\/wordpress\/wp-content\/uploads\/2025\/10\/3920593f-5974-4a58-89db-3581aaf3a972-300x225.jpg 300w, https:\/\/www.radiopiu.net\/wordpress\/wp-content\/uploads\/2025\/10\/3920593f-5974-4a58-89db-3581aaf3a972-1024x768.jpg 1024w, https:\/\/www.radiopiu.net\/wordpress\/wp-content\/uploads\/2025\/10\/3920593f-5974-4a58-89db-3581aaf3a972-768x576.jpg 768w, https:\/\/www.radiopiu.net\/wordpress\/wp-content\/uploads\/2025\/10\/3920593f-5974-4a58-89db-3581aaf3a972-1536x1152.jpg 1536w, https:\/\/www.radiopiu.net\/wordpress\/wp-content\/uploads\/2025\/10\/3920593f-5974-4a58-89db-3581aaf3a972.jpg 1600w\" sizes=\"auto, (max-width: 300px) 100vw, 300px\" \/><\/a>\n\t\t\t\t<\/dt><\/dl><dl class='gallery-item'>\n\t\t\t\t<dt class='gallery-icon landscape'>\n\t\t\t\t\t<a class=\"rollover rollover-zoom dt-pswp-item\" title=\"f9b07dfc-59e2-4e46-b093-06646bfaba35\" data-dt-img-description=\"\" data-large_image_width=\"1600\" data-large_image_height=\"1200\"href='https:\/\/www.radiopiu.net\/wordpress\/wp-content\/uploads\/2025\/10\/f9b07dfc-59e2-4e46-b093-06646bfaba35.jpg'><img loading=\"lazy\" decoding=\"async\" width=\"300\" height=\"225\" src=\"https:\/\/www.radiopiu.net\/wordpress\/wp-content\/uploads\/2025\/10\/f9b07dfc-59e2-4e46-b093-06646bfaba35-300x225.jpg\" class=\"attachment-medium size-medium\" alt=\"\" srcset=\"https:\/\/www.radiopiu.net\/wordpress\/wp-content\/uploads\/2025\/10\/f9b07dfc-59e2-4e46-b093-06646bfaba35-300x225.jpg 300w, https:\/\/www.radiopiu.net\/wordpress\/wp-content\/uploads\/2025\/10\/f9b07dfc-59e2-4e46-b093-06646bfaba35-1024x768.jpg 1024w, https:\/\/www.radiopiu.net\/wordpress\/wp-content\/uploads\/2025\/10\/f9b07dfc-59e2-4e46-b093-06646bfaba35-768x576.jpg 768w, https:\/\/www.radiopiu.net\/wordpress\/wp-content\/uploads\/2025\/10\/f9b07dfc-59e2-4e46-b093-06646bfaba35-1536x1152.jpg 1536w, https:\/\/www.radiopiu.net\/wordpress\/wp-content\/uploads\/2025\/10\/f9b07dfc-59e2-4e46-b093-06646bfaba35.jpg 1600w\" sizes=\"auto, (max-width: 300px) 100vw, 300px\" \/><\/a>\n\t\t\t\t<\/dt><\/dl><br style=\"clear: both\" \/>\n\t\t\t<\/div>\n\n<p>&nbsp;<\/p>\n<hr \/>\n<p>&nbsp;<\/p>\n<div class=\"page-title-head hgroup\">\n<blockquote>\n<h2 class=\"entry-title\">ALLEGHE \u2014 RITORNO AL PASSATO: IL GIRO D\u2019ITALIA TORNA SOTTO IL CIVETTA<\/h2>\n<p><strong>FOTO https:\/\/sportspoetssociety.blogspot.com\/<\/strong><\/p><\/blockquote>\n<\/div>\n<div class=\"page-title-breadcrumbs\">\n<p data-start=\"77\" data-end=\"696\"><strong><img loading=\"lazy\" decoding=\"async\" class=\"alignleft\" src=\"https:\/\/www.radiopiu.net\/wordpress\/wp-content\/uploads\/2025\/10\/20240130_201125.jpg\" width=\"311\" height=\"233\" \/>ALLEGHE<\/strong>\u00a0Domani come allora. L\u2019eco del passato torna a vibrare tra le montagne dell\u2019Agordino, dove la grande passione per il ciclismo \u00e8 di casa. Negli anni Novanta, grazie all\u2019impegno del dottor Fiorendo Dalla C\u00e0, allora assessore allo sport, le strade di queste vallate accolsero i corridori del Giro d\u2019Italia dilettanti. Tra loro c\u2019era un giovane dal talento straordinario destinato a entrare nella leggenda: Marco Pantani. L\u2019arrivo ad Agordo e la salita verso i Piani di Pezz\u00e8, sotto le pareti maestose del Civetta, restano impressi nella memoria collettiva come pagine di sport e di emozione autentica.<\/p>\n<p data-start=\"698\" data-end=\"1060\">Oggi, a distanza di trent\u2019anni, la storia si ripete. A maggio il Giro d\u2019Italia 2026 riporter\u00e0 il grande ciclismo sulle stesse strade. La tappa Feltre\u2013Piani di Pezz\u00e8 sar\u00e0 un vero e proprio omaggio al territorio bellunese: un percorso affascinante e impegnativo che attraverser\u00e0 l\u2019intera provincia, unendo in un solo respiro Dolomiti e passione sportiva. L\u2019arrivo ad Alleghe, ai Piani di Pezz\u00e8, rappresenter\u00e0 uno dei momenti clou della 109\u00aa edizione della corsa rosa. Un tappone di montagna che potrebbe risultare decisivo per la classifica generale, con pendenze e scenari capaci di esaltare il pubblico e mettere alla prova anche i pi\u00f9 forti. Per l\u2019Agordino sar\u00e0 molto pi\u00f9 di un evento sportivo: un ritorno alle radici, alla memoria di giornate che hanno fatto la storia e all\u2019orgoglio di un territorio che continua a credere nella forza dello sport come motore di comunit\u00e0, turismo e identit\u00e0. Come allora, il Civetta far\u00e0 da sfondo e da simbolo. E come allora, Alleghe si preparer\u00e0 a tingersi di rosa. Mentre il Tour de France ha gi\u00e0 presentato ufficialmente il suo percorso per l\u2019edizione 2026, il\u00a0Giro d\u2019Italia scoprir\u00e0 definitivamente le sue carte solo tra qualche settimana. Non risultano ancora ufficialmente pubblicati il percorso dettagliato delle tappe della Giro d\u2019Italia 2026, n\u00e9 i tracciati completi. Ecco comunque le informazioni finora disponibili: Le date dell\u2019edizione 2026 sono dal 9 al 31 maggio 2026. \u00c8 confermato che la partenza (Grande D\u00e9part) sar\u00e0 per la prima volta in Bulgaria. I dettagli delle singole tappe, percorsi e sedi intermedie verranno svelati pi\u00f9 avanti.<\/p>\n<\/div>\n<p data-start=\"1371\" data-end=\"1733\" data-is-last-node=\"\" data-is-only-node=\"\"><span style=\"color: #ff0000;\"><strong>DAL SITO: https:\/\/it.blastingnews.com\/<\/strong><\/span><\/p>\n<p>Nell&#8217;ultima settimana \u00e8 previsto l&#8217;arrivo sul Passo San Marco, nel bergamasco, una salita non molto frequentata dal Giro, ma lunga e impegnativa. Il gran finale dovrebbe prevedere una tappa mista con la conclusione sul Muro di C\u00e0 del Poggio, in Veneto, l&#8217;arrivo in salita ai Piani di Pezz\u00e8 e un altro in Friuli, tra Piancavallo e Zoncolan. Piani di Pezz\u00e8 \u00e8 una salita inedita per il Giro d&#8217;Italia dei professionisti, ma con un illustre precedente in quello dei dilettanti. Nell&#8217;edizione &#8217;92, Marco Pantani vinse qui al termine di una lunga fuga solitaria, in un Giro che poi lo avrebbe visto in maglia rosa fino al termine. A Radiocorsa, Beppe Conti ha confermato che l&#8217;arrivo del Giro d&#8217;Italia 2026 sar\u00e0 ancora a Roma.<\/p>\n<blockquote><p>&nbsp;<\/p><\/blockquote>\n<hr \/>\n<p>&nbsp;<\/p>\n<blockquote>\n<h3>RIVAMONTE \u2013 UNA CORRIERA PER TUTTA LA VALLE: STUDENTI AMMASSATI E NESSUN POSTO LIBERO<\/h3>\n<\/blockquote>\n<p data-start=\"93\" data-end=\"351\"><img loading=\"lazy\" decoding=\"async\" class=\"alignleft\" src=\"https:\/\/www.radiopiu.net\/wordpress\/wp-content\/uploads\/2025\/10\/aaaaaaaaaaaa.png\" width=\"342\" height=\"210\" \/>L\u2019immagine parla da sola: ogni centimetro della corriera \u00e8 occupato, studenti in piedi, zaini stretti tra le braccia, visi stanchi e finestre appannate. \u00c8 la corsa delle\u00a013.10, l\u2019unica disponibile da La Valle a\u00a0Rivamonte\u00a0quando termina la scuola. La scena, ormai quotidiana, mostra chiaramente una situazione che non \u00e8 pi\u00f9 sostenibile. Decine di ragazzi salgono insieme sullo stesso mezzo, costretti a viaggiare in condizioni di evidente sovraffollamento. La foto ritrae il disagio e la precariet\u00e0 di un servizio che, in un territorio montano, rappresenta l\u2019unico collegamento tra scuola e casa.<\/p>\n<p data-start=\"705\" data-end=\"961\">Genitori e studenti lamentano da tempo la mancanza di corse aggiuntive, soprattutto nelle ore di punta.<em> \u00abNon si tratta solo di scomodit\u00e0 \u2014 commentano \u2014 ma anche di\u00a0sicurezza: in caso di frenata improvvisa o maltempo, la situazione diventa rischiosa\u00bb<\/em>. Il problema \u00e8 noto e si ripete ogni anno: una sola corriera per un\u2019intera valle non basta pi\u00f9. Servono\u00a0soluzioni rapide e concrete, magari con un potenziamento delle corse pomeridiane o un mezzo aggiuntivo nei giorni di maggior affluenza. La foto, scattata ieri, \u00e8 il simbolo di un disagio che merita attenzione: perch\u00e9 il diritto a tornare a casa in sicurezza non dovrebbe mai essere un lusso, ma un servizio garantito \u2014 soprattutto per i pi\u00f9 giovani.<\/p>\n<p>&nbsp;<\/p>\n<hr \/>\n<p>&nbsp;<\/p>\n<p><span style=\"color: #ff0000;\"><strong>LA GIUDIZIARIA OGGI<\/strong><\/span><br \/>\n<span style=\"color: #ff0000;\"><strong>DAL CORRIERE DELLE ALPI<\/strong><\/span><br \/>\n<span style=\"color: #ff0000;\"><strong>GIGI SOSSO<\/strong><\/span><\/p>\n<blockquote>\n<p data-start=\"0\" data-end=\"72\"><strong data-start=\"0\" data-end=\"70\">HASHISH NELL\u2019INTIMO ED EROINA IN BORSETTA: ASSOLTA PER FATTO TENUE<\/strong><\/p>\n<\/blockquote>\n<p data-start=\"74\" data-end=\"710\"><strong data-start=\"74\" data-end=\"85\">BELLUNO<\/strong> \u2013 \u00c8 stata assolta per la particolare tenuit\u00e0 del fatto\u00a0 la cittadina ceca accusata di detenzione ai fini di spaccio di sostanze stupefacenti. La donna era stata trovata con circa dieci grammi di hashish nascosti nella biancheria intima e tre di eroina in borsetta. Il pubblico ministero Giuseppe Gulli aveva chiesto otto mesi di reclusione e mille euro di multa, ma il giudice Paolo Velo ha accolto la linea difensiva dell\u2019avvocato Gino Sperandio, riconoscendo la lieve entit\u00e0 della vicenda. A casa della donna, solo un bilancino: un dettaglio che ha contribuito alla decisione di assolverla.<\/p>\n<blockquote>\n<p data-start=\"0\" data-end=\"98\"><strong data-start=\"0\" data-end=\"96\">GI\u00c0 CONDANNATO PER VIOLENZA: ORA RISCHIA PER FURTO E CIRCONVENZIONE<\/strong><\/p>\n<\/blockquote>\n<p data-start=\"100\" data-end=\"848\"><strong data-start=\"100\" data-end=\"111\">BELLUNO<\/strong> \u2013 Gi\u00e0 condannato a sei anni e dieci mesi per violenza sessuale, atti persecutori, maltrattamenti e tentata estorsione, il cittadino marocchino A.H. torna davanti al giudice. \u00c8 ora imputato per circonvenzione d\u2019incapace e furto, con vittima la stessa ex moglie. Secondo l\u2019accusa, nel 2019 le avrebbe fatto firmare due assegni a suo nome per 3.000 euro complessivi, approfittando della fragilit\u00e0 della donna, ricoverata in ospedale. Nel 2023, poi, avrebbe rubato gioielli d\u2019oro dall\u2019abitazione dell\u2019ex coniuge, oggetti di grande valore anche affettivo. Difeso dall\u2019avvocato Giorgio Pietramala, A.H. \u00e8 detenuto a Baldenich. La sentenza \u00e8 attesa il 13 novembre, davanti alla giudice Silvia Ferrari.<\/p>\n<blockquote>\n<p data-start=\"0\" data-end=\"75\"><strong data-start=\"0\" data-end=\"73\">OMICIDIO STRADALE, CHIESTO IL RINVIO A GIUDIZIO PER MAVIS SAFO OKYERE<\/strong><\/p>\n<\/blockquote>\n<p data-start=\"77\" data-end=\"879\"><strong data-start=\"77\" data-end=\"98\">BELLUNO \u2013 TREVISO<\/strong> \u2013 La Procura di Treviso ha chiesto il rinvio a giudizio per la cittadina ghanese di Belluno, accusata di omicidio stradale per la morte della figlia di quattro anni e di lesioni gravissime ai familiari, a un\u2019amica e a un automobilista. L\u2019incidente risale al 23 febbraio sulla statale 51 di Alemagna, nei pressi del ponte Botteon: la donna, al volante di una Volkswagen Touran, avrebbe sorpassato un caravan in un tratto con linea continua, scontrandosi frontalmente con una Golf. Il GUP Piera De Stefani ha fissato l\u2019udienza preliminare per il 2 dicembre.<\/p>\n<blockquote>\n<p data-start=\"0\" data-end=\"80\"><strong data-start=\"0\" data-end=\"78\">DOPPIO INVESTIMENTO SULL\u2019AGORDINA: MESSA ALLA PROVA PER GABRIELI<\/strong><\/p>\n<\/blockquote>\n<p data-start=\"82\" data-end=\"871\"><b>ROCCA PIETORE<\/b>\u2013 Sar\u00e0 affidato ai lavori di pubblica utilit\u00e0 Gilberto Gabrieli, imputato per lesioni stradali e rifiuto dell\u2019alcoltest dopo un doppio investimento con omissione di soccorso sulla regionale 203 Agordina. Nel 2022, alla guida di un SUV Toyota azzurro, l\u2019uomo avrebbe travolto prima una turista moldava, Virginia Verebceanu, e poco dopo la portalettere Ivana Crepaz, ferendole entrambe. Non si era fermato a prestare aiuto, ed era stato individuato ore dopo dai carabinieri di Caprile. Dopo il risarcimento dei danni, in parte coperto dall\u2019assicurazione, il giudice Paolo Velo ha disposto la messa alla prova.<\/p>\n<p>&nbsp;<\/p>\n<hr \/>\n<p>&nbsp;<\/p>\n<blockquote>\n<h3>LA PROVINCIA DI BELLUNO SI PREPARA AI GIOCHI OLIMPICI: EVENTI, CULTURA E INCONTRI<\/h3>\n<\/blockquote>\n<p><strong><a class=\"dt-pswp-item\" href=\"https:\/\/www.radiopiu.net\/wordpress\/wp-content\/uploads\/2020\/06\/palazzo_piloni_belluno.jpg\" data-dt-img-description=\"\" data-large_image_width=\"1000\" data-large_image_height=\"667\"><img loading=\"lazy\" decoding=\"async\" class=\" wp-image-144771 alignleft\" src=\"https:\/\/www.radiopiu.net\/wordpress\/wp-content\/uploads\/2020\/06\/palazzo_piloni_belluno-300x200.jpg\" alt=\"\" width=\"189\" height=\"126\" srcset=\"https:\/\/www.radiopiu.net\/wordpress\/wp-content\/uploads\/2020\/06\/palazzo_piloni_belluno-300x200.jpg 300w, https:\/\/www.radiopiu.net\/wordpress\/wp-content\/uploads\/2020\/06\/palazzo_piloni_belluno-768x512.jpg 768w, https:\/\/www.radiopiu.net\/wordpress\/wp-content\/uploads\/2020\/06\/palazzo_piloni_belluno.jpg 1000w\" sizes=\"auto, (max-width: 189px) 100vw, 189px\" \/><\/a>BELLUNO <\/strong>A 99 giorni dall\u2019avvio delle Olimpiadi invernali Milano Cortina 2026, la Provincia di Belluno lancia un ricco calendario di iniziative per diffondere lo spirito olimpico in tutto il territorio. Lo ha annunciato il presidente della provincia di Belluno, insieme alla consigliera al Turismo, dopo un incontro con Regione Veneto, Fondazione Cortina e Dmo Dolomiti. Quest\u2019ultima sar\u00e0 il soggetto attuatore del Fondo Grandi Eventi, destinato a sostenere appuntamenti culturali e sportivi nei mesi di novembre, dicembre e gennaio. Previsti incontri con atleti, eventi dedicati agli sport invernali e momenti di confronto con la popolazione. Tra i progetti, un grande evento a Belluno con Fondazione Milano Cortina per raccontare il viaggio della fiaccola olimpica.<\/p>\n<p>&nbsp;<\/p>\n<hr \/>\n<p>&nbsp;<\/p>\n<blockquote>\n<h3>AL VIA I LAVORI DI SIB TRA VENA D\u2019ORO, SAGROGNA E VIA MEASSA<\/h3>\n<\/blockquote>\n<p><strong><a class=\"dt-pswp-item\" href=\"https:\/\/www.radiopiu.net\/wordpress\/wp-content\/uploads\/2025\/10\/COLHS.jpg\" data-dt-img-description=\"\" data-large_image_width=\"900\" data-large_image_height=\"492\"><img loading=\"lazy\" decoding=\"async\" class=\" wp-image-478161 alignleft\" src=\"https:\/\/www.radiopiu.net\/wordpress\/wp-content\/uploads\/2025\/10\/COLHS-300x164.jpg\" alt=\"\" width=\"165\" height=\"90\" srcset=\"https:\/\/www.radiopiu.net\/wordpress\/wp-content\/uploads\/2025\/10\/COLHS-300x164.jpg 300w, https:\/\/www.radiopiu.net\/wordpress\/wp-content\/uploads\/2025\/10\/COLHS-768x420.jpg 768w, https:\/\/www.radiopiu.net\/wordpress\/wp-content\/uploads\/2025\/10\/COLHS.jpg 900w\" sizes=\"auto, (max-width: 165px) 100vw, 165px\" \/><\/a>BELLUNO <\/strong>Servizi Integrati Bellunesi (SIB) prosegue con determinazione il piano di ammodernamento delle reti idriche per ridurre le perdite e migliorare la gestione della pressione. A Belluno \u00e8 partito un nuovo cantiere per la posa di 1,7 km di condotte in ghisa e acciaio tra il serbatoio della Vena d\u2019Oro, Sagrogna e via Meassa. L\u2019opera, articolata in tre interventi, permetter\u00e0 di suddividere la rete in distretti autonomi, migliorando l\u2019efficienza e la distribuzione dell\u2019acqua fino a Pedecastello. I lavori, parte del maxi-progetto PNRR da 25,6 milioni di euro, prevedono anche la sostituzione di condotte e allacciamenti e il ripristino delle aree di scavo. Fino al 30 gennaio 2026 sar\u00e0 in vigore un senso unico alternato su via Meassa nelle fasce 9-17. \u201cIntervento strategico per risolvere criticit\u00e0 storiche e ridurre i costi energetici\u201d, spiega il presidente Attilio Sommavilla, annunciando altri sette cantieri entro marzo 2026.<\/p>\n<p>&nbsp;<\/p>\n<hr \/>\n<p>&nbsp;<\/p>\n<article class=\"text-token-text-primary w-full focus:outline-none [--shadow-height:45px] has-data-writing-block:pointer-events-none has-data-writing-block:-mt-(--shadow-height) has-data-writing-block:pt-(--shadow-height) [&amp;:has([data-writing-block])&gt;*]:pointer-events-auto [content-visibility:auto] supports-[content-visibility:auto]:[contain-intrinsic-size:auto_100lvh] scroll-mt-[calc(var(--header-height)+min(200px,max(70px,20svh)))]\" dir=\"auto\" tabindex=\"-1\" data-turn-id=\"request-WEB:ac3c84ad-e31f-465c-adf9-d951d1ce911d-1\" data-testid=\"conversation-turn-4\" data-scroll-anchor=\"true\" data-turn=\"assistant\">\n<div class=\"text-base my-auto mx-auto pb-10 [--thread-content-margin:--spacing(4)] thread-sm:[--thread-content-margin:--spacing(6)] thread-lg:[--thread-content-margin:--spacing(16)] px-(--thread-content-margin)\">\n<div class=\"[--thread-content-max-width:40rem] thread-lg:[--thread-content-max-width:48rem] mx-auto max-w-(--thread-content-max-width) flex-1 group\/turn-messages focus-visible:outline-hidden relative flex w-full min-w-0 flex-col agent-turn\" tabindex=\"-1\">\n<div class=\"flex max-w-full flex-col grow\">\n<div class=\"min-h-8 text-message relative flex w-full flex-col items-end gap-2 text-start break-words whitespace-normal [.text-message+&amp;]:mt-1\" dir=\"auto\" data-message-author-role=\"assistant\" data-message-id=\"61d8f8cd-4e49-49d9-89d3-0c5e8b88ff08\" data-message-model-slug=\"gpt-5\">\n<div class=\"flex w-full flex-col gap-1 empty:hidden first:pt-[1px]\">\n<div class=\"markdown prose dark:prose-invert w-full break-words dark markdown-new-styling\">\n<blockquote>\n<h3 data-start=\"0\" data-end=\"72\"><a class=\"dt-pswp-item\" href=\"https:\/\/www.radiopiu.net\/wordpress\/wp-content\/uploads\/2025\/10\/Untitled-850-x-550-px-1.png\" data-dt-img-description=\"\" data-large_image_width=\"850\" data-large_image_height=\"550\"><img loading=\"lazy\" decoding=\"async\" class=\"wp-image-478096 alignleft\" src=\"https:\/\/www.radiopiu.net\/wordpress\/wp-content\/uploads\/2025\/10\/Untitled-850-x-550-px-1-300x194.png\" alt=\"\" width=\"210\" height=\"136\" srcset=\"https:\/\/www.radiopiu.net\/wordpress\/wp-content\/uploads\/2025\/10\/Untitled-850-x-550-px-1-300x194.png 300w, https:\/\/www.radiopiu.net\/wordpress\/wp-content\/uploads\/2025\/10\/Untitled-850-x-550-px-1-768x497.png 768w, https:\/\/www.radiopiu.net\/wordpress\/wp-content\/uploads\/2025\/10\/Untitled-850-x-550-px-1.png 850w\" sizes=\"auto, (max-width: 210px) 100vw, 210px\" \/><\/a>TRILLO, NUOVO MEZZO A BELLUNO PER IL SERVIZIO A CHIAMATA DI DOLOMITI BUS<\/h3>\n<\/blockquote>\n<\/div>\n<\/div>\n<\/div>\n<\/div>\n<div class=\"z-0 flex min-h-[46px] justify-start\"><strong>BELLUNO<\/strong> Dolomiti Bus potenzia il servizio a chiamata Trillo nell\u2019area di Belluno con l\u2019arrivo di un nuovo mezzo operativo da novembre 2025. Il servizio, in costante crescita, ha trasportato oltre 34.000 passeggeri a Belluno e quasi 8.000 a Feltre nei primi dieci mesi dell\u2019anno, con un gradimento medio di 4,6 su 5. Tra le novit\u00e0 introdotte: orari estesi fino alle 20.30, prenotazioni ridotte a 30 minuti e nuovi titoli di viaggio. Il direttore Operations Gabriele Mariani parla di un modello di mobilit\u00e0 flessibile e innovativo, in linea con le esigenze del territorio. Dal giugno 2024 il servizio ha inoltre permesso di risparmiare circa 130 tonnellate di CO\u2082, pari all\u2019azione di oltre 6.500 alberi.<\/div>\n<\/div>\n<\/div>\n<\/article>\n<p>&nbsp;<\/p>\n<hr \/>\n<p>&nbsp;<\/p>\n<div class=\"page-title-head hgroup\">\n<blockquote>\n<h2 class=\"entry-title\">\u00a0UNA VITA DEDICATA ALL\u2019UNIVERSIT\u00c0 ADULTI\/ANZIANI<\/h2>\n<\/blockquote>\n<\/div>\n<p><strong>di GIANNI SANTOMASO<br \/>\n<\/strong><\/p>\n<audio class=\"wp-audio-shortcode\" id=\"audio-478030-9\" preload=\"none\" style=\"width: 100%;\" controls=\"controls\"><source type=\"audio\/mpeg\" src=\"https:\/\/www.radiopiu.net\/wordpress\/wp-content\/uploads\/2025\/10\/gianni-bernardi.mp3?_=9\" \/><a href=\"https:\/\/www.radiopiu.net\/wordpress\/wp-content\/uploads\/2025\/10\/gianni-bernardi.mp3\">https:\/\/www.radiopiu.net\/wordpress\/wp-content\/uploads\/2025\/10\/gianni-bernardi.mp3<\/a><\/audio>\n<p>&nbsp;<\/p>\n<p><strong class=\"photoswipe-wrapper\" data-start=\"94\" data-end=\"104\"><a class=\"dt-pswp-item pspw-wrap-ready\" href=\"https:\/\/www.radiopiu.net\/wordpress\/wp-content\/uploads\/2025\/10\/Senza-nome-67.png\" data-dt-img-description=\"\" data-large_image_width=\"169\" data-large_image_height=\"190\"><img loading=\"lazy\" decoding=\"async\" class=\"size-full wp-image-478231 alignleft\" src=\"https:\/\/www.radiopiu.net\/wordpress\/wp-content\/uploads\/2025\/10\/Senza-nome-67.png\" alt=\"\" width=\"169\" height=\"190\" \/><\/a>AGORDO<\/strong>\u00a0\u2013 Un applauso caloroso e un riconoscimento speciale per Gabriele Bernardi, da quasi trent\u2019anni anima dell\u2019Universit\u00e0 adulti\/anziani di Agordo. Dal 1996 membro del comitato e dal 2009 coordinatore, Bernardi ha guidato l\u2019attivit\u00e0 culturale con impegno e passione, raccogliendo l\u2019eredit\u00e0 di monsignor Lino Mottes. Ora, per motivi di salute, lascia l\u2019incarico, ma la comunit\u00e0 non ha dimenticato il suo contributo: prima delle lezioni, Fiorella Candiani e Italo Schena gli hanno consegnato un\u2019opera dell\u2019artista Laura Ballis, in segno di gratitudine. Parole di stima sono arrivate anche dal sindaco Roberto Chissal\u00e8 e dal presidente provinciale Emilio Isotton. L\u2019Universit\u00e0 continua con 230 iscritti e le lezioni del marted\u00ec in sala Don Tamis.<\/p>\n<p>&nbsp;<\/p>\n<p>&nbsp;<\/p>\n<hr \/>\n<p>&nbsp;<\/p>\n<blockquote>\n<div class=\"page-title-head hgroup\">\n<h1 class=\"entry-title\"><a class=\"dt-pswp-item\" href=\"https:\/\/www.radiopiu.net\/wordpress\/wp-content\/uploads\/2025\/10\/5f6c3692-b029-4807-8707-c240497f95ea-1.jpg\" data-dt-img-description=\"\" data-large_image_width=\"1600\" data-large_image_height=\"720\"><img loading=\"lazy\" decoding=\"async\" class=\"size-medium wp-image-478222 alignleft\" src=\"https:\/\/www.radiopiu.net\/wordpress\/wp-content\/uploads\/2025\/10\/5f6c3692-b029-4807-8707-c240497f95ea-1-300x135.jpg\" alt=\"\" width=\"300\" height=\"135\" srcset=\"https:\/\/www.radiopiu.net\/wordpress\/wp-content\/uploads\/2025\/10\/5f6c3692-b029-4807-8707-c240497f95ea-1-300x135.jpg 300w, https:\/\/www.radiopiu.net\/wordpress\/wp-content\/uploads\/2025\/10\/5f6c3692-b029-4807-8707-c240497f95ea-1-1024x461.jpg 1024w, https:\/\/www.radiopiu.net\/wordpress\/wp-content\/uploads\/2025\/10\/5f6c3692-b029-4807-8707-c240497f95ea-1-768x346.jpg 768w, https:\/\/www.radiopiu.net\/wordpress\/wp-content\/uploads\/2025\/10\/5f6c3692-b029-4807-8707-c240497f95ea-1-1536x691.jpg 1536w, https:\/\/www.radiopiu.net\/wordpress\/wp-content\/uploads\/2025\/10\/5f6c3692-b029-4807-8707-c240497f95ea-1.jpg 1600w\" sizes=\"auto, (max-width: 300px) 100vw, 300px\" \/><\/a>UN RAGGIO DI SOLE TRA LE NUVOLE: IL RICORDO DI SILVIO E WALTER<\/h1>\n<\/div>\n<div class=\"page-title-breadcrumbs\">Una scena che parla al cuore: nel tramonto di ieri, tra le nuvole, un raggio di sole ha illuminato per un istante i monti, accendendo di luce calda un paesaggio carico di emozione. Un momento semplice e profondo, che diventa simbolo di presenza, di memoria e di affetto che non si spegne. \u00c8 cos\u00ec che, anche oggi, Silvio e Walter sembrano esserci ancora \u2014 nei colori del cielo, nel respiro della montagna, nella luce che attraversa le nuvole come un pensiero gentile. Le immagini, firmate da John Francis Della Pietra, raccontano con la forza del silenzio ci\u00f2 che le parole non riescono a dire: la bellezza di un ricordo che continua a brillare.<\/div>\n<\/blockquote>\n<p>&nbsp;<\/p>\n<hr \/>\n<p>&nbsp;<\/p>\n<blockquote>\n<h3>L&#8217;UOMO DELLA VAL ROSNA, UN SUCCESSO A CENCENIGHE<\/h3>\n<\/blockquote>\n<p><strong>CENENIGHE<\/strong><\/p>\n<p><strong>DI MATTEO MANFROI<\/strong><\/p>\n<p>OSPITE: Orietta Scardanzan<\/p>\n<audio class=\"wp-audio-shortcode\" id=\"audio-478030-10\" preload=\"none\" style=\"width: 100%;\" controls=\"controls\"><source type=\"audio\/mpeg\" src=\"https:\/\/www.radiopiu.net\/wordpress\/wp-content\/uploads\/2025\/10\/MATTEO.mp3?_=10\" \/><a href=\"https:\/\/www.radiopiu.net\/wordpress\/wp-content\/uploads\/2025\/10\/MATTEO.mp3\">https:\/\/www.radiopiu.net\/wordpress\/wp-content\/uploads\/2025\/10\/MATTEO.mp3<\/a><\/audio>\n<p>&nbsp;<\/p>\n\n\t\t\t<style type='text\/css'>\n\t\t\t\t#gallery-2 {\n\t\t\t\t\tmargin: auto;\n\t\t\t\t}\n\t\t\t\t#gallery-2 .gallery-item {\n\t\t\t\t\tfloat: left;\n\t\t\t\t\tmargin-top: 10px;\n\t\t\t\t\ttext-align: center;\n\t\t\t\t\twidth: 50%;\n\t\t\t\t}\n\t\t\t\t#gallery-2 img {\n\t\t\t\t\tborder: 2px solid #cfcfcf;\n\t\t\t\t}\n\t\t\t\t#gallery-2 .gallery-caption {\n\t\t\t\t\tmargin-left: 0;\n\t\t\t\t}\n\t\t\t\t\/* see gallery_shortcode() in wp-includes\/media.php *\/\n\t\t\t<\/style>\n\t\t<div id='gallery-2' class='dt-gallery-container gallery galleryid-478030 gallery-columns-2 gallery-size-medium'><dl class='gallery-item'>\n\t\t\t\t<dt class='gallery-icon landscape'>\n\t\t\t\t\t<a class=\"rollover rollover-zoom dt-pswp-item\" title=\"ffdd63e6-89c9-478b-b0c9-c3506b794a5a\" data-dt-img-description=\"\" data-large_image_width=\"2048\" data-large_image_height=\"1536\"href='https:\/\/www.radiopiu.net\/wordpress\/wp-content\/uploads\/2025\/10\/ffdd63e6-89c9-478b-b0c9-c3506b794a5a.jpg'><img loading=\"lazy\" decoding=\"async\" width=\"300\" height=\"225\" src=\"https:\/\/www.radiopiu.net\/wordpress\/wp-content\/uploads\/2025\/10\/ffdd63e6-89c9-478b-b0c9-c3506b794a5a-300x225.jpg\" class=\"attachment-medium size-medium\" alt=\"\" srcset=\"https:\/\/www.radiopiu.net\/wordpress\/wp-content\/uploads\/2025\/10\/ffdd63e6-89c9-478b-b0c9-c3506b794a5a-300x225.jpg 300w, https:\/\/www.radiopiu.net\/wordpress\/wp-content\/uploads\/2025\/10\/ffdd63e6-89c9-478b-b0c9-c3506b794a5a-1024x768.jpg 1024w, https:\/\/www.radiopiu.net\/wordpress\/wp-content\/uploads\/2025\/10\/ffdd63e6-89c9-478b-b0c9-c3506b794a5a-768x576.jpg 768w, https:\/\/www.radiopiu.net\/wordpress\/wp-content\/uploads\/2025\/10\/ffdd63e6-89c9-478b-b0c9-c3506b794a5a-1536x1152.jpg 1536w, https:\/\/www.radiopiu.net\/wordpress\/wp-content\/uploads\/2025\/10\/ffdd63e6-89c9-478b-b0c9-c3506b794a5a.jpg 2048w\" sizes=\"auto, (max-width: 300px) 100vw, 300px\" \/><\/a>\n\t\t\t\t<\/dt><\/dl><dl class='gallery-item'>\n\t\t\t\t<dt class='gallery-icon landscape'>\n\t\t\t\t\t<a class=\"rollover rollover-zoom dt-pswp-item\" title=\"0b5818cd-d12e-4ae9-8c3b-56fbb5a6455b\" data-dt-img-description=\"\" data-large_image_width=\"1600\" data-large_image_height=\"1200\"href='https:\/\/www.radiopiu.net\/wordpress\/wp-content\/uploads\/2025\/10\/0b5818cd-d12e-4ae9-8c3b-56fbb5a6455b.jpg'><img loading=\"lazy\" decoding=\"async\" width=\"300\" height=\"225\" src=\"https:\/\/www.radiopiu.net\/wordpress\/wp-content\/uploads\/2025\/10\/0b5818cd-d12e-4ae9-8c3b-56fbb5a6455b-300x225.jpg\" class=\"attachment-medium size-medium\" alt=\"\" srcset=\"https:\/\/www.radiopiu.net\/wordpress\/wp-content\/uploads\/2025\/10\/0b5818cd-d12e-4ae9-8c3b-56fbb5a6455b-300x225.jpg 300w, https:\/\/www.radiopiu.net\/wordpress\/wp-content\/uploads\/2025\/10\/0b5818cd-d12e-4ae9-8c3b-56fbb5a6455b-1024x768.jpg 1024w, https:\/\/www.radiopiu.net\/wordpress\/wp-content\/uploads\/2025\/10\/0b5818cd-d12e-4ae9-8c3b-56fbb5a6455b-768x576.jpg 768w, https:\/\/www.radiopiu.net\/wordpress\/wp-content\/uploads\/2025\/10\/0b5818cd-d12e-4ae9-8c3b-56fbb5a6455b-1536x1152.jpg 1536w, https:\/\/www.radiopiu.net\/wordpress\/wp-content\/uploads\/2025\/10\/0b5818cd-d12e-4ae9-8c3b-56fbb5a6455b.jpg 1600w\" sizes=\"auto, (max-width: 300px) 100vw, 300px\" \/><\/a>\n\t\t\t\t<\/dt><\/dl><br style=\"clear: both\" \/>\n\t\t\t<\/div>\n\n<p>&nbsp;<\/p>\n<hr \/>\n<p>&nbsp;<\/p>\n<blockquote>\n<h3>L\u2019ABVS DI CENCENIGHE FESTEGGIA 70 ANNI DI SOLIDARIET\u00c0 E IMPEGNO<\/h3>\n<\/blockquote>\n<p><strong>CENCENIGHE<\/strong> Sabato 25 ottobre la sezione ABVS di Cencenighe ha celebrato la tradizionale cena sociale, quest\u2019anno resa speciale dal 70\u00b0 anniversario della fondazione. La serata \u00e8 iniziata con la Santa Messa in ricordo dei donatori defunti, alla presenza dei rappresentanti di cinque sezioni limitrofe, simbolo di unit\u00e0 e collaborazione. Durante la cena, il neo presidente provinciale Roberto Maraga ha illustrato i risultati ottenuti e le sfide future, in particolare quella del ricambio generazionale, ribadendo il valore del dono del sangue. Una torta commemorativa e la musica dal vivo hanno reso l\u2019atmosfera festosa e partecipata. L\u2019incontro ha rinnovato lo spirito di amicizia e solidariet\u00e0 che da settant\u2019anni anima l\u2019associazione e i suoi volontari.<\/p>\n\n\t\t\t<style type='text\/css'>\n\t\t\t\t#gallery-3 {\n\t\t\t\t\tmargin: auto;\n\t\t\t\t}\n\t\t\t\t#gallery-3 .gallery-item {\n\t\t\t\t\tfloat: left;\n\t\t\t\t\tmargin-top: 10px;\n\t\t\t\t\ttext-align: center;\n\t\t\t\t\twidth: 33%;\n\t\t\t\t}\n\t\t\t\t#gallery-3 img {\n\t\t\t\t\tborder: 2px solid #cfcfcf;\n\t\t\t\t}\n\t\t\t\t#gallery-3 .gallery-caption {\n\t\t\t\t\tmargin-left: 0;\n\t\t\t\t}\n\t\t\t\t\/* see gallery_shortcode() in wp-includes\/media.php *\/\n\t\t\t<\/style>\n\t\t<div id='gallery-3' class='dt-gallery-container gallery galleryid-478030 gallery-columns-3 gallery-size-medium'><dl class='gallery-item'>\n\t\t\t\t<dt class='gallery-icon landscape'>\n\t\t\t\t\t<a class=\"rollover rollover-zoom dt-pswp-item\" title=\"2430ad92-3b51-4d06-b6ea-f51a396fd83a\" data-dt-img-description=\"\" data-large_image_width=\"1242\" data-large_image_height=\"1106\"href='https:\/\/www.radiopiu.net\/wordpress\/wp-content\/uploads\/2025\/10\/2430ad92-3b51-4d06-b6ea-f51a396fd83a.jpg'><img loading=\"lazy\" decoding=\"async\" width=\"300\" height=\"267\" src=\"https:\/\/www.radiopiu.net\/wordpress\/wp-content\/uploads\/2025\/10\/2430ad92-3b51-4d06-b6ea-f51a396fd83a-300x267.jpg\" class=\"attachment-medium size-medium\" alt=\"\" srcset=\"https:\/\/www.radiopiu.net\/wordpress\/wp-content\/uploads\/2025\/10\/2430ad92-3b51-4d06-b6ea-f51a396fd83a-300x267.jpg 300w, https:\/\/www.radiopiu.net\/wordpress\/wp-content\/uploads\/2025\/10\/2430ad92-3b51-4d06-b6ea-f51a396fd83a-1024x912.jpg 1024w, https:\/\/www.radiopiu.net\/wordpress\/wp-content\/uploads\/2025\/10\/2430ad92-3b51-4d06-b6ea-f51a396fd83a-768x684.jpg 768w, https:\/\/www.radiopiu.net\/wordpress\/wp-content\/uploads\/2025\/10\/2430ad92-3b51-4d06-b6ea-f51a396fd83a.jpg 1242w\" sizes=\"auto, (max-width: 300px) 100vw, 300px\" \/><\/a>\n\t\t\t\t<\/dt><\/dl><dl class='gallery-item'>\n\t\t\t\t<dt class='gallery-icon landscape'>\n\t\t\t\t\t<a class=\"rollover rollover-zoom dt-pswp-item\" title=\"089ea549-7191-46e0-891f-082d20fbe74a\" data-dt-img-description=\"\" data-large_image_width=\"1600\" data-large_image_height=\"1066\"href='https:\/\/www.radiopiu.net\/wordpress\/wp-content\/uploads\/2025\/10\/089ea549-7191-46e0-891f-082d20fbe74a.jpg'><img loading=\"lazy\" decoding=\"async\" width=\"300\" height=\"200\" src=\"https:\/\/www.radiopiu.net\/wordpress\/wp-content\/uploads\/2025\/10\/089ea549-7191-46e0-891f-082d20fbe74a-300x200.jpg\" class=\"attachment-medium size-medium\" alt=\"\" srcset=\"https:\/\/www.radiopiu.net\/wordpress\/wp-content\/uploads\/2025\/10\/089ea549-7191-46e0-891f-082d20fbe74a-300x200.jpg 300w, https:\/\/www.radiopiu.net\/wordpress\/wp-content\/uploads\/2025\/10\/089ea549-7191-46e0-891f-082d20fbe74a-1024x682.jpg 1024w, https:\/\/www.radiopiu.net\/wordpress\/wp-content\/uploads\/2025\/10\/089ea549-7191-46e0-891f-082d20fbe74a-768x512.jpg 768w, https:\/\/www.radiopiu.net\/wordpress\/wp-content\/uploads\/2025\/10\/089ea549-7191-46e0-891f-082d20fbe74a-1536x1023.jpg 1536w, https:\/\/www.radiopiu.net\/wordpress\/wp-content\/uploads\/2025\/10\/089ea549-7191-46e0-891f-082d20fbe74a.jpg 1600w\" sizes=\"auto, (max-width: 300px) 100vw, 300px\" \/><\/a>\n\t\t\t\t<\/dt><\/dl><dl class='gallery-item'>\n\t\t\t\t<dt class='gallery-icon landscape'>\n\t\t\t\t\t<a class=\"rollover rollover-zoom dt-pswp-item\" title=\"49d2c620-49ad-489f-b538-7b0689b6e108\" data-dt-img-description=\"\" data-large_image_width=\"1600\" data-large_image_height=\"1066\"href='https:\/\/www.radiopiu.net\/wordpress\/wp-content\/uploads\/2025\/10\/49d2c620-49ad-489f-b538-7b0689b6e108.jpg'><img loading=\"lazy\" decoding=\"async\" width=\"300\" height=\"200\" src=\"https:\/\/www.radiopiu.net\/wordpress\/wp-content\/uploads\/2025\/10\/49d2c620-49ad-489f-b538-7b0689b6e108-300x200.jpg\" class=\"attachment-medium size-medium\" alt=\"\" srcset=\"https:\/\/www.radiopiu.net\/wordpress\/wp-content\/uploads\/2025\/10\/49d2c620-49ad-489f-b538-7b0689b6e108-300x200.jpg 300w, https:\/\/www.radiopiu.net\/wordpress\/wp-content\/uploads\/2025\/10\/49d2c620-49ad-489f-b538-7b0689b6e108-1024x682.jpg 1024w, https:\/\/www.radiopiu.net\/wordpress\/wp-content\/uploads\/2025\/10\/49d2c620-49ad-489f-b538-7b0689b6e108-768x512.jpg 768w, https:\/\/www.radiopiu.net\/wordpress\/wp-content\/uploads\/2025\/10\/49d2c620-49ad-489f-b538-7b0689b6e108-1536x1023.jpg 1536w, https:\/\/www.radiopiu.net\/wordpress\/wp-content\/uploads\/2025\/10\/49d2c620-49ad-489f-b538-7b0689b6e108.jpg 1600w\" sizes=\"auto, (max-width: 300px) 100vw, 300px\" \/><\/a>\n\t\t\t\t<\/dt><\/dl><br style=\"clear: both\" \/>\n\t\t\t<\/div>\n\n<p>&nbsp;<\/p>\n<hr \/>\n<p>&nbsp;<\/p>\n<h2><span style=\"color: #ff0000;\">CONSIGLI COMUNALI IN AGORDINO<\/span><\/h2>\n<p><strong>LIVINALLONGO<\/strong> Consiglio comunali gioved\u00ec alle 20:30. Sei i punti da discutere tra cui la presentazione del Documento Unico di programmazione 2026-28, la nomina del revisore dei conti dell&#8217;azienda Fodom Servizi, il rilascio di tessere agevolate per il trasporto pubblico locale, la nomina del revisore dei conti e l&#8217;approvazione del rendiconto di ASCA per il 2024.<\/p>\n<p>&nbsp;<\/p>\n<hr \/>\n<p>&nbsp;<\/p>\n<blockquote>\n<h3>NOVEMBRE \u00c8 IL MESE DELLA PREVENZIONE DEI TUMORI MASCHILI<\/h3>\n<\/blockquote>\n<p><strong><a class=\"dt-pswp-item\" href=\"https:\/\/www.radiopiu.net\/wordpress\/wp-content\/uploads\/2025\/03\/LILT.jpg\" data-dt-img-description=\"\" data-large_image_width=\"768\" data-large_image_height=\"433\"><img loading=\"lazy\" decoding=\"async\" class=\" wp-image-440668 alignleft\" src=\"https:\/\/www.radiopiu.net\/wordpress\/wp-content\/uploads\/2025\/03\/LILT-300x169.jpg\" alt=\"\" width=\"181\" height=\"102\" srcset=\"https:\/\/www.radiopiu.net\/wordpress\/wp-content\/uploads\/2025\/03\/LILT-300x169.jpg 300w, https:\/\/www.radiopiu.net\/wordpress\/wp-content\/uploads\/2025\/03\/LILT.jpg 768w\" sizes=\"auto, (max-width: 181px) 100vw, 181px\" \/><\/a>BELLUNO <\/strong>La L.I.L.T. &#8211; Sezione Provinciale di Belluno promuove per novembre 2025 la campagna \u201cNon perdere il filo della prevenzione, contro i tumori maschili \u00e8 la tua prima alleata\u201d, dedicata alla salute maschile. Gli uomini tra i 50 e i 70 anni possono prenotare gratuitamente il prelievo per il dosaggio del PSA e una visita urologica di prevenzione con la Dott.ssa Maria Cristina Camuffo. Le prenotazioni si effettuano telefonando alla Segreteria della L.I.L.T. di Belluno al numero 0437-1841362, il marted\u00ec e mercoled\u00ec dalle ore 10.00 alle 12.00. Un\u2019occasione importante per prendersi cura di s\u00e9 e prevenire i tumori maschili.<\/p>\n<p>&nbsp;<\/p>\n<hr \/>\n<p>&nbsp;<\/p>\n<p><img loading=\"lazy\" decoding=\"async\" class=\" wp-image-477197 alignleft\" src=\"https:\/\/www.radiopiu.net\/wordpress\/wp-content\/uploads\/2025\/10\/d0f070e2-8055-4e24-86da-988127132caa-212x300.jpg\" sizes=\"auto, (max-width: 140px) 100vw, 140px\" srcset=\"https:\/\/www.radiopiu.net\/wordpress\/wp-content\/uploads\/2025\/10\/d0f070e2-8055-4e24-86da-988127132caa-212x300.jpg 212w, https:\/\/www.radiopiu.net\/wordpress\/wp-content\/uploads\/2025\/10\/d0f070e2-8055-4e24-86da-988127132caa-723x1024.jpg 723w, https:\/\/www.radiopiu.net\/wordpress\/wp-content\/uploads\/2025\/10\/d0f070e2-8055-4e24-86da-988127132caa-768x1087.jpg 768w, https:\/\/www.radiopiu.net\/wordpress\/wp-content\/uploads\/2025\/10\/d0f070e2-8055-4e24-86da-988127132caa.jpg 904w\" alt=\"\" width=\"140\" height=\"199\" \/><\/p>\n<blockquote>\n<h3>A VOLTAGO INCONTRO FORMATIVO CON I CARABINIERI SULLA PREVENZIONE DELLE TRUFFE AGLI ANZIANI<\/h3>\n<\/blockquote>\n<p><strong>VOLTAGO\u00a0<\/strong>Il Comune di Voltago Agordino organizza un incontro pubblico dedicato alla prevenzione delle truffe agli anziani, in collaborazione con l\u2019Arma dei Carabinieri. L\u2019appuntamento \u00e8 fissato per oggi alle 17, presso la Sala Maestro Gianni De Col. Interverr\u00e0 il Maggiore Giovanni Meriano, che illustrer\u00e0 le tecniche pi\u00f9 diffuse utilizzate dai truffatori e fornir\u00e0 consigli pratici per riconoscere e prevenire i raggiri. L\u2019iniziativa, intitolata \u201cTruffe agli anziani, come prevenirle?\u201d, mira a sensibilizzare la popolazione e a diffondere una maggiore cultura della prudenza. L\u2019amministrazione comunale invita cittadini e famiglie a partecipare, per imparare a proteggersi e ad aiutare chi \u00e8 pi\u00f9 esposto a tentativi di frode.<\/p>\n<p>&nbsp;<\/p>\n<hr \/>\n<blockquote>\n<h3><\/h3>\n<\/blockquote>\n<blockquote>\n<h3>FALCADE RICORDA I CADUTI E LE VITTIME DELL\u2019ALLUVIONE DEL 1966<\/h3>\n<\/blockquote>\n<p><strong><a class=\"dt-pswp-item\" href=\"https:\/\/www.radiopiu.net\/wordpress\/wp-content\/uploads\/2022\/12\/MUNICIPIO-FALCADE.png\" data-dt-img-description=\"\" data-large_image_width=\"941\" data-large_image_height=\"655\"><img loading=\"lazy\" decoding=\"async\" class=\" wp-image-314065 alignleft\" src=\"https:\/\/www.radiopiu.net\/wordpress\/wp-content\/uploads\/2022\/12\/MUNICIPIO-FALCADE-300x209.png\" alt=\"\" width=\"175\" height=\"122\" srcset=\"https:\/\/www.radiopiu.net\/wordpress\/wp-content\/uploads\/2022\/12\/MUNICIPIO-FALCADE-300x209.png 300w, https:\/\/www.radiopiu.net\/wordpress\/wp-content\/uploads\/2022\/12\/MUNICIPIO-FALCADE-768x535.png 768w, https:\/\/www.radiopiu.net\/wordpress\/wp-content\/uploads\/2022\/12\/MUNICIPIO-FALCADE.png 941w\" sizes=\"auto, (max-width: 175px) 100vw, 175px\" \/><\/a>FALCADE <\/strong>Il Comune di Falcade, con il Sindaco e l\u2019Amministrazione comunale, invita la cittadinanza a partecipare alle celebrazioni in memoria dei caduti in guerra e delle vittime dell\u2019alluvione del 1966. Marted\u00ec 4 novembre 2025, alle 14, si terr\u00e0 una Santa Messa in Piazza di Somor, in ricordo dei concittadini scomparsi; in caso di maltempo, la funzione sar\u00e0 celebrata nella Chiesa di Falcade Alto. Domenica 9 novembre, alle\u00a0 10.30, si svolger\u00e0 la Messa per la Festa dell\u2019Unit\u00e0 Nazionale e delle Forze Armate, seguita dalla deposizione di corone ai monumenti ai caduti. L\u2019Amministrazione ringrazia i gruppi A.N.A. locali per la collaborazione e invita tutti a difendere ogni giorno pace e libert\u00e0.<\/p>\n<p>&nbsp;<\/p>\n<hr \/>\n<blockquote>\n<h3><\/h3>\n<h3>DANILO GIORDANO PRESENTA IL SUO NUOVO LIBRO \u201cMA LE DOLOMITI, COSA SONO?\u201d<\/h3>\n<\/blockquote>\n<p><strong><a class=\"dt-pswp-item\" href=\"https:\/\/www.radiopiu.net\/wordpress\/wp-content\/uploads\/2025\/10\/giordano.jpg\" data-dt-img-description=\"\" data-large_image_width=\"432\" data-large_image_height=\"608\"><img loading=\"lazy\" decoding=\"async\" class=\" wp-image-476881 alignleft\" src=\"https:\/\/www.radiopiu.net\/wordpress\/wp-content\/uploads\/2025\/10\/giordano-213x300.jpg\" alt=\"\" width=\"91\" height=\"128\" srcset=\"https:\/\/www.radiopiu.net\/wordpress\/wp-content\/uploads\/2025\/10\/giordano-213x300.jpg 213w, https:\/\/www.radiopiu.net\/wordpress\/wp-content\/uploads\/2025\/10\/giordano.jpg 432w\" sizes=\"auto, (max-width: 91px) 100vw, 91px\" \/><\/a>AGORDO <\/strong>L\u2019Associazione Amici dei Minerari APS invita il pubblico alla presentazione del nuovo libro di Danilo Giordano, intitolato <em data-start=\"203\" data-end=\"322\">\u201cMa le Dolomiti, cosa sono? Una interpretazione geologica degli scritti di Dino Buzzati ispirata a Bruno Castiglioni\u201d<\/em>. L\u2019evento si terr\u00e0 venerd\u00ec 7 novembre alle 18 presso la Sala \u00abDon Tamis\u00bb di Agordo. L\u2019opera, ottavo volume della collana <em data-start=\"459\" data-end=\"488\">Memorie Geologiche Agordine<\/em>, propone un affascinante viaggio tra scienza e letteratura, esplorando le Dolomiti attraverso lo sguardo poetico di Dino Buzzati e l\u2019approccio scientifico di Bruno Castiglioni. Giordano intreccia geologia e narrativa, restituendo al lettore una visione unica delle montagne patrimonio dell\u2019umanit\u00e0.<\/p>\n<p>&nbsp;<\/p>\n<hr \/>\n<p>&nbsp;<\/p>\n<blockquote>\n<h3>&#8220;LA<a class=\"dt-pswp-item\" href=\"https:\/\/www.radiopiu.net\/wordpress\/wp-content\/uploads\/2025\/10\/AntoniaFedon_LaCreazione-particolare.jpeg\" data-dt-img-description=\"\" data-large_image_width=\"961\" data-large_image_height=\"1002\"><img loading=\"lazy\" decoding=\"async\" class=\" wp-image-476857 alignleft\" src=\"https:\/\/www.radiopiu.net\/wordpress\/wp-content\/uploads\/2025\/10\/AntoniaFedon_LaCreazione-particolare-288x300.jpeg\" alt=\"\" width=\"101\" height=\"106\" srcset=\"https:\/\/www.radiopiu.net\/wordpress\/wp-content\/uploads\/2025\/10\/AntoniaFedon_LaCreazione-particolare-288x300.jpeg 288w, https:\/\/www.radiopiu.net\/wordpress\/wp-content\/uploads\/2025\/10\/AntoniaFedon_LaCreazione-particolare-768x801.jpeg 768w, https:\/\/www.radiopiu.net\/wordpress\/wp-content\/uploads\/2025\/10\/AntoniaFedon_LaCreazione-particolare.jpeg 961w\" sizes=\"auto, (max-width: 101px) 100vw, 101px\" \/><\/a> CREAZIONE&#8221; DI MARIA ANTONIA FEDON AL TEATRO DINO BUZZATI<\/h3>\n<\/blockquote>\n<p><strong>BELLUNO <\/strong>Venerd\u00ec 7 novembre, alle 17, al Teatro Dino Buzzati di Belluno verr\u00e0 inaugurata &#8220;La Creazione&#8221;, opera dell&#8217;artista bellunese Maria Antonia Fedon dedicata allo scrittore e giornalista bellunese Dino Buzzati, che il Comune di Belluno ha deciso di esporre permanentemente all&#8217;interno del teatro, nell&#8217;antisala dell&#8217;ingresso.<\/p>\n<p>&nbsp;<\/p>\n<hr \/>\n<p>&nbsp;<\/p>\n<blockquote>\n<h3>AD AGORDO LA PRIMA PRESENTAZIONE DEL SAGGIO SULLA LINGUA LADINA<\/h3>\n<\/blockquote>\n<p><strong><a class=\"dt-pswp-item\" href=\"https:\/\/www.radiopiu.net\/wordpress\/wp-content\/uploads\/2025\/10\/musla.jpg\" data-dt-img-description=\"\" data-large_image_width=\"428\" data-large_image_height=\"609\"><img loading=\"lazy\" decoding=\"async\" class=\" wp-image-476877 alignleft\" src=\"https:\/\/www.radiopiu.net\/wordpress\/wp-content\/uploads\/2025\/10\/musla-211x300.jpg\" alt=\"\" width=\"101\" height=\"144\" srcset=\"https:\/\/www.radiopiu.net\/wordpress\/wp-content\/uploads\/2025\/10\/musla-211x300.jpg 211w, https:\/\/www.radiopiu.net\/wordpress\/wp-content\/uploads\/2025\/10\/musla.jpg 428w\" sizes=\"auto, (max-width: 101px) 100vw, 101px\" \/><\/a>AGORDO <\/strong>Agordo si prepara a ospitare un evento culturale di grande rilievo: il 22 novembre sar\u00e0 presentato il saggio <em data-start=\"269\" data-end=\"323\">\u201cNormalizzazione linguistica in Agordino e in Zoldo\u201d<\/em>, frutto del lavoro dell\u2019Istituto Bellunese di Ricerche Sociali e Culturali (IBRSC). Il libro, scritto a pi\u00f9 mani, \u00e8 stato realizzato in collaborazione con MUSLA, Federazione Ladina del Veneto, Unioni Ladine dell\u2019Agordino e Provincia di Belluno. La presentazione si svolger\u00e0 nella Sala Convegni Don Tamis, in Via 27 Aprile 10, a partire dalle ore 18:00. La serata prevede due momenti: la presentazione del volume e una tavola rotonda aperta al pubblico e agli ospiti invitati, per discutere delle sfide e delle opportunit\u00e0 della lingua ladina nella regione. Al termine dell\u2019incontro sar\u00e0 offerto un rinfresco, occasione per confrontarsi e approfondire i temi trattati.<\/p>\n<p>&nbsp;<\/p>\n<hr \/>\n<p>&nbsp;<\/p>\n<p>&nbsp;<\/p>\n<blockquote>\n<h3>Oggi con la Ulss1 e il mondo del Rugby<\/h3>\n<\/blockquote>\n<p><strong>BELLUNO<\/strong> Oggi\u00a0 alle 11.00 nella sala riunioni del V piano blocco medico dell&#8217;ospedale San Martino.\u00a0 Ci sar\u00e0 un incontro con gli organizzatori di Movember per spiegare l&#8217;iniziativa di prevenzione verso i tumori alla prostata e al testicolo, proposta dall&#8217;ulss Dolomiti in collaborazione con gli Spingitori liberi e le societ\u00e0 di Rugby della provincia.<\/p>\n<p>&nbsp;<\/p>\n<hr \/>\n<blockquote>\n<h3>L&#8217;ultimo appuntamento con Synlab<\/h3>\n<\/blockquote>\n<article class=\"text-token-text-primary w-full focus:outline-none [--shadow-height:45px] has-data-writing-block:pointer-events-none has-data-writing-block:-mt-(--shadow-height) has-data-writing-block:pt-(--shadow-height) [&amp;:has([data-writing-block])&gt;*]:pointer-events-auto [content-visibility:auto] supports-[content-visibility:auto]:[contain-intrinsic-size:auto_100lvh] scroll-mt-[calc(var(--header-height)+min(200px,max(70px,20svh)))]\" dir=\"auto\" tabindex=\"-1\" data-turn-id=\"request-6901964b-13e4-832e-9139-dbe167c29db9-16\" data-testid=\"conversation-turn-76\" data-scroll-anchor=\"true\" data-turn=\"assistant\">\n<div class=\"text-base my-auto mx-auto pb-10 [--thread-content-margin:--spacing(4)] thread-sm:[--thread-content-margin:--spacing(6)] thread-lg:[--thread-content-margin:--spacing(16)] px-(--thread-content-margin)\">\n<div class=\"[--thread-content-max-width:40rem] thread-lg:[--thread-content-max-width:48rem] mx-auto max-w-(--thread-content-max-width) flex-1 group\/turn-messages focus-visible:outline-hidden relative flex w-full min-w-0 flex-col agent-turn\" tabindex=\"-1\">\n<div class=\"flex max-w-full flex-col grow\">\n<div class=\"min-h-8 text-message relative flex w-full flex-col items-end gap-2 text-start break-words whitespace-normal [.text-message+&amp;]:mt-1\" dir=\"auto\" data-message-author-role=\"assistant\" data-message-id=\"7a1c9790-7ac6-4d48-b34e-c74955036e47\" data-message-model-slug=\"gpt-5\">\n<div class=\"flex w-full flex-col gap-1 empty:hidden first:pt-[1px]\">\n<p class=\"markdown prose dark:prose-invert w-full break-words dark markdown-new-styling\"><strong>BELLUNO<\/strong> Si chiude oggi\u00a0 alle 17.30 alla Sala Bianchi di Belluno la rassegna <em data-start=\"89\" data-end=\"106\">\u201cTu come stai?\u201d<\/em>, promossa da SYNLAB Belluno con il patrocinio del Comune. L\u2019incontro finale sar\u00e0 dedicato ai disturbi vaghi e aspecifici, i cosiddetti <em data-start=\"250\" data-end=\"255\">MUS<\/em>, come stanchezza o battito irregolare, che possono avere una causa comune da indagare. Interverranno il professor Giuseppe Lauria Pinter e il dottor Massimo Boaretto. Ingresso libero, con prenotazione consigliata.<\/p>\n<\/div>\n<\/div>\n<p>&nbsp;<\/p>\n<hr \/>\n<p>&nbsp;<\/p>\n<blockquote class=\"wp-embedded-content\" data-secret=\"Zvw4GjJEI6\"><p><a href=\"https:\/\/www.radiopiu.net\/wordpress\/puntata-15\/\">FRANCO FIABANE, L\u2019ARTE CHE UNISCE TRADIZIONE E MODERNIT\u00c0<\/a><\/p><\/blockquote>\n<p><iframe loading=\"lazy\" class=\"wp-embedded-content\" sandbox=\"allow-scripts\" security=\"restricted\" style=\"position: absolute; visibility: hidden;\" title=\"&#8220;FRANCO FIABANE, L\u2019ARTE CHE UNISCE TRADIZIONE E MODERNIT\u00c0&#8221; &#8212; Radio Pi\u00f9\" src=\"https:\/\/www.radiopiu.net\/wordpress\/puntata-15\/embed\/#?secret=aYg6Dvgi22#?secret=Zvw4GjJEI6\" data-secret=\"Zvw4GjJEI6\" width=\"600\" height=\"338\" frameborder=\"0\" marginwidth=\"0\" marginheight=\"0\" scrolling=\"no\"><\/iframe><\/p>\n<p>&nbsp;<\/p>\n<\/div>\n<\/div>\n<\/div>\n<\/article>\n<hr \/>\n<h1><span style=\"color: #ff6600;\">\u00a0<\/span><\/h1>\n<h1><span style=\"color: #ff6600;\">IERI ALLA RADIO<\/span><\/h1>\n<h2><span style=\"color: #99cc00;\">DALLO STAND APPIA, ARREDAMONT 2025 &#8211; LONGARONE FIERE<\/span><\/h2>\n<p><strong>LONGARONE<\/strong> Appia CNA Belluno \u00e8 protagonista ad Arredamont 2025 con un programma dedicato al valore e alla modernit\u00e0 dell\u2019artigianato locale. Nel Padiglione B, lo stand dell\u2019associazione diventer\u00e0 un laboratorio a cielo aperto con il progetto <em data-start=\"242\" data-end=\"292\">\u201cL\u2019artigiano in Fiera 2025 \u2013 Un\u2019arte per lavoro\u201d<\/em>, tra dimostrazioni, workshop e incontri sui mestieri del territorio. Ogni giorno artigiani di vari settori \u2013 dall\u2019occhialeria al design, dalla meccanica al tessile \u2013 mostreranno come tradizione e innovazione possano convivere. Tra gli eventi spiccano la prova dell\u2019esoscheletro Wurth, i laboratori di stampa 3D e CAD e l\u2019incontro <em data-start=\"627\" data-end=\"649\">\u201cMeccanica e design\u201d<\/em>. Completa il programma la mostra <em data-start=\"683\" data-end=\"712\">\u201c80 anni di Libera Impresa\u201d<\/em> e, il 2 novembre, uno spettacolo teatrale celebrativo.<\/p>\n<p><strong>PUNTATA 04 &#8211; 30 OTTOBRE 2025<\/strong><\/p>\n<p><iframe loading=\"lazy\" title=\"04 Appia Arredamont Le tre Radio   30 10 2025\" width=\"1200\" height=\"675\" src=\"https:\/\/www.youtube.com\/embed\/V0dE17WWJh4?feature=oembed\" frameborder=\"0\" allow=\"accelerometer; autoplay; clipboard-write; encrypted-media; gyroscope; picture-in-picture; web-share\" referrerpolicy=\"strict-origin-when-cross-origin\" allowfullscreen><\/iframe><\/p>\n<p>&nbsp;<\/p>\n<h2><strong>LA RACCOLTA COMPLETA <a href=\"https:\/\/www.radiopiu.net\/wordpress\/dallo-stand-appia-arredamont-2025-longarone-fiere-raccolta-completa\/\"><span style=\"color: #3366ff;\">CLICCA QUI<\/span><\/a><\/strong><\/h2>\n<p>&nbsp;<\/p>\n<hr \/>\n<p>&nbsp;<\/p>\n<h2><span style=\"color: #339966;\">I COLORI DELLA MIA TERRA, IL LIBRO DI GIULIANA DA RONCH<\/span><\/h2>\n<p><strong><a class=\"dt-pswp-item\" href=\"https:\/\/www.radiopiu.net\/wordpress\/wp-content\/uploads\/2025\/10\/2e565432-df60-4322-b0a1-1fdbb189e3e2.jpg\" data-dt-img-description=\"\" data-large_image_width=\"1138\" data-large_image_height=\"1600\"><img loading=\"lazy\" decoding=\"async\" class=\" wp-image-476696 alignleft\" src=\"https:\/\/www.radiopiu.net\/wordpress\/wp-content\/uploads\/2025\/10\/2e565432-df60-4322-b0a1-1fdbb189e3e2-213x300.jpg\" alt=\"\" width=\"138\" height=\"194\" srcset=\"https:\/\/www.radiopiu.net\/wordpress\/wp-content\/uploads\/2025\/10\/2e565432-df60-4322-b0a1-1fdbb189e3e2-213x300.jpg 213w, https:\/\/www.radiopiu.net\/wordpress\/wp-content\/uploads\/2025\/10\/2e565432-df60-4322-b0a1-1fdbb189e3e2-728x1024.jpg 728w, https:\/\/www.radiopiu.net\/wordpress\/wp-content\/uploads\/2025\/10\/2e565432-df60-4322-b0a1-1fdbb189e3e2-768x1080.jpg 768w, https:\/\/www.radiopiu.net\/wordpress\/wp-content\/uploads\/2025\/10\/2e565432-df60-4322-b0a1-1fdbb189e3e2-1092x1536.jpg 1092w, https:\/\/www.radiopiu.net\/wordpress\/wp-content\/uploads\/2025\/10\/2e565432-df60-4322-b0a1-1fdbb189e3e2.jpg 1138w\" sizes=\"auto, (max-width: 138px) 100vw, 138px\" \/><\/a>DI MIRKO MEZZACASA<\/strong><\/p>\n<p>OSPITE: Giuliana Da Ronch<\/p>\n<audio class=\"wp-audio-shortcode\" id=\"audio-478030-11\" preload=\"none\" style=\"width: 100%;\" controls=\"controls\"><source type=\"audio\/mpeg\" src=\"https:\/\/www.radiopiu.net\/wordpress\/wp-content\/uploads\/2025\/10\/giuliana-da-ronch-PRESENTAZIONE-LIBRO.mp3?_=11\" \/><a href=\"https:\/\/www.radiopiu.net\/wordpress\/wp-content\/uploads\/2025\/10\/giuliana-da-ronch-PRESENTAZIONE-LIBRO.mp3\">https:\/\/www.radiopiu.net\/wordpress\/wp-content\/uploads\/2025\/10\/giuliana-da-ronch-PRESENTAZIONE-LIBRO.mp3<\/a><\/audio>\n<p>&nbsp;<\/p>\n<hr \/>\n<p>&nbsp;<\/p>\n<h2><span style=\"color: #cc99ff;\">OGGI COME IERI, TERZO ANNO. CON SILVIA BALDO<\/span><\/h2>\n<p><strong><a class=\"dt-pswp-item\" href=\"https:\/\/www.radiopiu.net\/wordpress\/wp-content\/uploads\/2025\/10\/GUEMON.jpg\" data-dt-img-description=\"\" data-large_image_width=\"428\" data-large_image_height=\"255\"><img loading=\"lazy\" decoding=\"async\" class=\" wp-image-478129 alignleft\" src=\"https:\/\/www.radiopiu.net\/wordpress\/wp-content\/uploads\/2025\/10\/GUEMON-300x179.jpg\" alt=\"\" width=\"168\" height=\"100\" srcset=\"https:\/\/www.radiopiu.net\/wordpress\/wp-content\/uploads\/2025\/10\/GUEMON-300x179.jpg 300w, https:\/\/www.radiopiu.net\/wordpress\/wp-content\/uploads\/2025\/10\/GUEMON.jpg 428w\" sizes=\"auto, (max-width: 168px) 100vw, 168px\" \/><\/a>30 OTTOBRE<\/strong><\/p>\n<audio class=\"wp-audio-shortcode\" id=\"audio-478030-12\" preload=\"none\" style=\"width: 100%;\" controls=\"controls\"><source type=\"audio\/mpeg\" src=\"https:\/\/www.radiopiu.net\/wordpress\/wp-content\/uploads\/2025\/10\/SIBI3-2.mp3?_=12\" \/><a href=\"https:\/\/www.radiopiu.net\/wordpress\/wp-content\/uploads\/2025\/10\/SIBI3-2.mp3\">https:\/\/www.radiopiu.net\/wordpress\/wp-content\/uploads\/2025\/10\/SIBI3-2.mp3<\/a><\/audio>\n<p>&nbsp;<\/p>\n<h2><strong>LA RACCOLTA COMPLETA <a href=\"https:\/\/www.radiopiu.net\/wordpress\/oggi-come-otto30\/\"><span style=\"color: #3366ff;\">CLICCA QUI<\/span><\/a><\/strong><\/h2>\n<p>&nbsp;<\/p>\n<hr \/>\n<p>&nbsp;<\/p>\n<h2><span style=\"color: #ff99cc;\">SEI IN RADIO&#8230; SE di MARINA DONA&#8217;<\/span><\/h2>\n<p><strong>PUNTATA 30\u00a0 \u00a0 \u00a0 \u00a0 \u00a0 \u00a0 AUDIO<\/strong><br \/>\n<span style=\"color: #ff0000;\"><strong> \u00a0 \u00a0 \u00a0DA&#8230; PHOTOCANSIGLIO<\/strong><\/span><\/p>\n<audio class=\"wp-audio-shortcode\" id=\"audio-478030-13\" preload=\"none\" style=\"width: 100%;\" controls=\"controls\"><source type=\"audio\/mpeg\" src=\"https:\/\/www.radiopiu.net\/wordpress\/wp-content\/uploads\/2025\/10\/SEISE-3.mp3?_=13\" \/><a href=\"https:\/\/www.radiopiu.net\/wordpress\/wp-content\/uploads\/2025\/10\/SEISE-3.mp3\">https:\/\/www.radiopiu.net\/wordpress\/wp-content\/uploads\/2025\/10\/SEISE-3.mp3<\/a><\/audio>\n<p>&nbsp;<\/p>\n<p><strong><a class=\"dt-pswp-item\" href=\"https:\/\/www.radiopiu.net\/wordpress\/wp-content\/uploads\/2025\/10\/3c5e0849-ed26-44f4-8f8f-562833115f93.jpg\" data-dt-img-description=\"\" data-large_image_width=\"1043\" data-large_image_height=\"1600\"><img loading=\"lazy\" decoding=\"async\" class=\"size-medium wp-image-478133 aligncenter\" src=\"https:\/\/www.radiopiu.net\/wordpress\/wp-content\/uploads\/2025\/10\/3c5e0849-ed26-44f4-8f8f-562833115f93-196x300.jpg\" alt=\"\" width=\"196\" height=\"300\" srcset=\"https:\/\/www.radiopiu.net\/wordpress\/wp-content\/uploads\/2025\/10\/3c5e0849-ed26-44f4-8f8f-562833115f93-196x300.jpg 196w, https:\/\/www.radiopiu.net\/wordpress\/wp-content\/uploads\/2025\/10\/3c5e0849-ed26-44f4-8f8f-562833115f93-668x1024.jpg 668w, https:\/\/www.radiopiu.net\/wordpress\/wp-content\/uploads\/2025\/10\/3c5e0849-ed26-44f4-8f8f-562833115f93-768x1178.jpg 768w, https:\/\/www.radiopiu.net\/wordpress\/wp-content\/uploads\/2025\/10\/3c5e0849-ed26-44f4-8f8f-562833115f93-1001x1536.jpg 1001w, https:\/\/www.radiopiu.net\/wordpress\/wp-content\/uploads\/2025\/10\/3c5e0849-ed26-44f4-8f8f-562833115f93.jpg 1043w\" sizes=\"auto, (max-width: 196px) 100vw, 196px\" \/><\/a><\/strong><\/p>\n<p><strong>\u00a0\u00a0<\/strong><\/p>\n<p>&nbsp;<\/p>\n<h2><strong>LA RACCOLTA COMPLETA <a href=\"https:\/\/www.radiopiu.net\/wordpress\/sei-in-radio-se-30-ott\/\"><span style=\"color: #3366ff;\">CLICCA QUI<\/span><\/a><\/strong><\/h2>\n<p>&nbsp;<\/p>\n<hr \/>\n<p>&nbsp;<\/p>\n<h2><span style=\"color: #ff0000;\">ARCADE SHOW..ELIA ALLA RADIO<\/span><\/h2>\n<p align=\"JUSTIFY\"><a class=\"dt-pswp-item\" href=\"https:\/\/www.radiopiu.net\/wordpress\/wp-content\/uploads\/2025\/02\/LOGO-ELIA.png\" data-dt-img-description=\"\" data-large_image_width=\"851\" data-large_image_height=\"774\"><img loading=\"lazy\" decoding=\"async\" class=\"size-medium wp-image-436960 aligncenter\" src=\"https:\/\/www.radiopiu.net\/wordpress\/wp-content\/uploads\/2025\/02\/LOGO-ELIA-300x273.png\" alt=\"\" width=\"300\" height=\"273\" srcset=\"https:\/\/www.radiopiu.net\/wordpress\/wp-content\/uploads\/2025\/02\/LOGO-ELIA-300x273.png 300w, https:\/\/www.radiopiu.net\/wordpress\/wp-content\/uploads\/2025\/02\/LOGO-ELIA-768x699.png 768w, https:\/\/www.radiopiu.net\/wordpress\/wp-content\/uploads\/2025\/02\/LOGO-ELIA.png 851w\" sizes=\"auto, (max-width: 300px) 100vw, 300px\" \/><\/a><\/p>\n<p align=\"JUSTIFY\">Arcade show, Entra nella sala giochi ufficiale di RadioPi\u00f9! Inserisci la moneta e gioca insieme a noi! Attualit\u00e0, cinema, sport, social, spensieratezza e soprattutto musica! Il primo show like a game radiofonico in italia, condotto da Elia.<\/p>\n<p align=\"JUSTIFY\"><strong>PUNTATA 33\/1<\/strong><\/p>\n<audio class=\"wp-audio-shortcode\" id=\"audio-478030-14\" preload=\"none\" style=\"width: 100%;\" controls=\"controls\"><source type=\"audio\/mpeg\" src=\"https:\/\/www.radiopiu.net\/wordpress\/wp-content\/uploads\/2025\/10\/ELIA1-2.mp3?_=14\" \/><a href=\"https:\/\/www.radiopiu.net\/wordpress\/wp-content\/uploads\/2025\/10\/ELIA1-2.mp3\">https:\/\/www.radiopiu.net\/wordpress\/wp-content\/uploads\/2025\/10\/ELIA1-2.mp3<\/a><\/audio>\n<p>&nbsp;<\/p>\n<p align=\"JUSTIFY\"><strong>PUNTATA 33\/2<\/strong><\/p>\n<audio class=\"wp-audio-shortcode\" id=\"audio-478030-15\" preload=\"none\" style=\"width: 100%;\" controls=\"controls\"><source type=\"audio\/mpeg\" src=\"https:\/\/www.radiopiu.net\/wordpress\/wp-content\/uploads\/2025\/10\/ELIA2-2.mp3?_=15\" \/><a href=\"https:\/\/www.radiopiu.net\/wordpress\/wp-content\/uploads\/2025\/10\/ELIA2-2.mp3\">https:\/\/www.radiopiu.net\/wordpress\/wp-content\/uploads\/2025\/10\/ELIA2-2.mp3<\/a><\/audio>\n<p>&nbsp;<\/p>\n<p align=\"JUSTIFY\"><strong>PUNTATA 33\/3<\/strong><\/p>\n<audio class=\"wp-audio-shortcode\" id=\"audio-478030-16\" preload=\"none\" style=\"width: 100%;\" controls=\"controls\"><source type=\"audio\/mpeg\" src=\"https:\/\/www.radiopiu.net\/wordpress\/wp-content\/uploads\/2025\/10\/ELIA3-2.mp3?_=16\" \/><a href=\"https:\/\/www.radiopiu.net\/wordpress\/wp-content\/uploads\/2025\/10\/ELIA3-2.mp3\">https:\/\/www.radiopiu.net\/wordpress\/wp-content\/uploads\/2025\/10\/ELIA3-2.mp3<\/a><\/audio>\n<p>&nbsp;<\/p>\n<h2><strong>LA RACCOLTA COMPLETA <a href=\"https:\/\/www.radiopiu.net\/wordpress\/arcade-show-elia-alla-radio\/\"><span style=\"color: #3366ff;\">CLICCA QUI<\/span><\/a><\/strong><\/h2>\n<p>&nbsp;<\/p>\n<hr \/>\n<p>&nbsp;<\/p>\n<h2><span style=\"color: #ff00ff;\">UEB&#8230;CON MARINA DONA&#8217; E ANTONIO FIABANE<\/span><\/h2>\n<p><strong><a class=\"dt-pswp-item\" href=\"https:\/\/www.radiopiu.net\/wordpress\/wp-content\/uploads\/2025\/02\/20dc0fef-0481-4aa9-ad8a-7e742e4ef644.jpg\" data-dt-img-description=\"\" data-large_image_width=\"1080\" data-large_image_height=\"636\"><img loading=\"lazy\" decoding=\"async\" class=\" wp-image-437007 alignleft\" src=\"https:\/\/www.radiopiu.net\/wordpress\/wp-content\/uploads\/2025\/02\/20dc0fef-0481-4aa9-ad8a-7e742e4ef644-300x177.jpg\" alt=\"\" width=\"241\" height=\"142\" srcset=\"https:\/\/www.radiopiu.net\/wordpress\/wp-content\/uploads\/2025\/02\/20dc0fef-0481-4aa9-ad8a-7e742e4ef644-300x177.jpg 300w, https:\/\/www.radiopiu.net\/wordpress\/wp-content\/uploads\/2025\/02\/20dc0fef-0481-4aa9-ad8a-7e742e4ef644-1024x603.jpg 1024w, https:\/\/www.radiopiu.net\/wordpress\/wp-content\/uploads\/2025\/02\/20dc0fef-0481-4aa9-ad8a-7e742e4ef644-768x452.jpg 768w, https:\/\/www.radiopiu.net\/wordpress\/wp-content\/uploads\/2025\/02\/20dc0fef-0481-4aa9-ad8a-7e742e4ef644.jpg 1080w\" sizes=\"auto, (max-width: 241px) 100vw, 241px\" \/><\/a>UN PROGRAMMA DI MARINA DONA&#8217; E ANTONIO FIABANE<\/strong><\/p>\n<p>&nbsp;<\/p>\n<p>&nbsp;<\/p>\n<p>&nbsp;<\/p>\n<p>&nbsp;<\/p>\n<p><span style=\"color: #ff0000;\"><strong>PUNTATA DEL 30 OTTOBRE 2025 &#8211; PRIMA PARTE<\/strong><\/span><\/p>\n<audio class=\"wp-audio-shortcode\" id=\"audio-478030-17\" preload=\"none\" style=\"width: 100%;\" controls=\"controls\"><source type=\"audio\/mpeg\" src=\"https:\/\/www.radiopiu.net\/wordpress\/wp-content\/uploads\/2025\/09\/TIME1-4.mp3?_=17\" \/><a href=\"https:\/\/www.radiopiu.net\/wordpress\/wp-content\/uploads\/2025\/09\/TIME1-4.mp3\">https:\/\/www.radiopiu.net\/wordpress\/wp-content\/uploads\/2025\/09\/TIME1-4.mp3<\/a><\/audio>\n<p><span style=\"color: #ff0000;\">\u00a0<\/span><\/p>\n<p><span style=\"color: #ff0000;\"><strong>SECONDA PARTE<\/strong><\/span><\/p>\n<audio class=\"wp-audio-shortcode\" id=\"audio-478030-18\" preload=\"none\" style=\"width: 100%;\" controls=\"controls\"><source type=\"audio\/mpeg\" src=\"https:\/\/www.radiopiu.net\/wordpress\/wp-content\/uploads\/2025\/09\/TIME2-3.mp3?_=18\" \/><a href=\"https:\/\/www.radiopiu.net\/wordpress\/wp-content\/uploads\/2025\/09\/TIME2-3.mp3\">https:\/\/www.radiopiu.net\/wordpress\/wp-content\/uploads\/2025\/09\/TIME2-3.mp3<\/a><\/audio>\n<p><span style=\"color: #ff0000;\">\u00a0<\/span><\/p>\n<p><span style=\"color: #ff0000;\"><strong>TERZA PARTE<\/strong><\/span><\/p>\n<audio class=\"wp-audio-shortcode\" id=\"audio-478030-19\" preload=\"none\" style=\"width: 100%;\" controls=\"controls\"><source type=\"audio\/mpeg\" src=\"https:\/\/www.radiopiu.net\/wordpress\/wp-content\/uploads\/2025\/09\/TIME3-3.mp3?_=19\" \/><a href=\"https:\/\/www.radiopiu.net\/wordpress\/wp-content\/uploads\/2025\/09\/TIME3-3.mp3\">https:\/\/www.radiopiu.net\/wordpress\/wp-content\/uploads\/2025\/09\/TIME3-3.mp3<\/a><\/audio>\n<p>&nbsp;<\/p>\n<h2><strong>LA RACCOLTA COMPLETA <a href=\"https:\/\/www.radiopiu.net\/wordpress\/ueb-con-marina-dona-e-antonio-fiabane-la-raccolta\/\"><span style=\"color: #3366ff;\">CLICCA QUI<\/span><\/a><\/strong><\/h2>\n<p>&nbsp;<\/p>\n<hr \/>\n<p>&nbsp;<\/p>\n<h2><span style=\"color: #800080;\">I CONSIGLI DI GIANLUCA&#8230;DA DOLOMITI BEER &amp; WINE SHOP<\/span><\/h2>\n<p><a class=\"dt-pswp-item\" href=\"https:\/\/www.radiopiu.net\/wordpress\/wp-content\/uploads\/2025\/10\/file-2.jpg\" data-dt-img-description=\"\" data-large_image_width=\"640\" data-large_image_height=\"640\"><img loading=\"lazy\" decoding=\"async\" class=\"wp-image-478069 alignleft\" src=\"https:\/\/www.radiopiu.net\/wordpress\/wp-content\/uploads\/2025\/10\/file-2-300x300.jpg\" alt=\"\" width=\"152\" height=\"152\" srcset=\"https:\/\/www.radiopiu.net\/wordpress\/wp-content\/uploads\/2025\/10\/file-2-300x300.jpg 300w, https:\/\/www.radiopiu.net\/wordpress\/wp-content\/uploads\/2025\/10\/file-2-150x150.jpg 150w, https:\/\/www.radiopiu.net\/wordpress\/wp-content\/uploads\/2025\/10\/file-2.jpg 640w\" sizes=\"auto, (max-width: 152px) 100vw, 152px\" \/><\/a>PAROLA DI GIANLUCA,\u00a0 E&#8217; LA RUBRICA IN ONDA SU RADIOPIU OGNI GIORNO ALLE 7.10, 18.10, 21.50&#8230;NOTIZIE CONSIGLI E MOLTA CORDIALIT\u00e0 NEGLI INTERVENTI DI GIANLUCA DAI PUNTI VENDITA DI TAIBON, SEDICO E FELTRE<\/p>\n<p><strong>30 OTTOBRE 2025<\/strong><\/p>\n<audio class=\"wp-audio-shortcode\" id=\"audio-478030-20\" preload=\"none\" style=\"width: 100%;\" controls=\"controls\"><source type=\"audio\/mpeg\" src=\"https:\/\/www.radiopiu.net\/wordpress\/wp-content\/uploads\/2025\/10\/GWINE1A-10.mp3?_=20\" \/><a href=\"https:\/\/www.radiopiu.net\/wordpress\/wp-content\/uploads\/2025\/10\/GWINE1A-10.mp3\">https:\/\/www.radiopiu.net\/wordpress\/wp-content\/uploads\/2025\/10\/GWINE1A-10.mp3<\/a><\/audio>\n<p><strong>\u00a0<\/strong><\/p>\n<h2><strong>LA RACCOLTA COMPLETA <a href=\"https:\/\/www.radiopiu.net\/wordpress\/parola-di-gianluca-27\/\"><span style=\"color: #3366ff;\">CLICCA QUI<\/span><\/a><\/strong><\/h2>\n<p>&nbsp;<\/p>\n<hr \/>\n<p>&nbsp;<\/p>\n<h2><span style=\"color: #ff0000;\"><a class=\"dt-pswp-item\" href=\"https:\/\/www.radiopiu.net\/wordpress\/wp-content\/uploads\/2018\/09\/appuntamenti.jpeg\" data-dt-img-description=\"\" data-large_image_width=\"800\" data-large_image_height=\"100\"><img loading=\"lazy\" decoding=\"async\" class=\"wp-image-61958 size-full aligncenter\" src=\"https:\/\/www.radiopiu.net\/wordpress\/wp-content\/uploads\/2018\/09\/appuntamenti.jpeg\" alt=\"\" width=\"800\" height=\"100\" srcset=\"https:\/\/www.radiopiu.net\/wordpress\/wp-content\/uploads\/2018\/09\/appuntamenti.jpeg 800w, https:\/\/www.radiopiu.net\/wordpress\/wp-content\/uploads\/2018\/09\/appuntamenti-300x38.jpeg 300w, https:\/\/www.radiopiu.net\/wordpress\/wp-content\/uploads\/2018\/09\/appuntamenti-768x96.jpeg 768w\" sizes=\"auto, (max-width: 800px) 100vw, 800px\" \/><\/a><\/span><\/h2>\n<p>&nbsp;<\/p>\n\n\t\t\t<style type='text\/css'>\n\t\t\t\t#gallery-4 {\n\t\t\t\t\tmargin: auto;\n\t\t\t\t}\n\t\t\t\t#gallery-4 .gallery-item {\n\t\t\t\t\tfloat: left;\n\t\t\t\t\tmargin-top: 10px;\n\t\t\t\t\ttext-align: center;\n\t\t\t\t\twidth: 20%;\n\t\t\t\t}\n\t\t\t\t#gallery-4 img {\n\t\t\t\t\tborder: 2px solid #cfcfcf;\n\t\t\t\t}\n\t\t\t\t#gallery-4 .gallery-caption {\n\t\t\t\t\tmargin-left: 0;\n\t\t\t\t}\n\t\t\t\t\/* see gallery_shortcode() in wp-includes\/media.php *\/\n\t\t\t<\/style>\n\t\t<div id='gallery-4' class='dt-gallery-container gallery galleryid-478030 gallery-columns-5 gallery-size-thumbnail'><dl class='gallery-item'>\n\t\t\t\t<dt class='gallery-icon portrait'>\n\t\t\t\t\t<a class=\"rollover rollover-zoom dt-pswp-item\" title=\"87dc020f-6cc3-41db-b532-ca50fd7a9a52\" data-dt-img-description=\"\" data-large_image_width=\"1080\" data-large_image_height=\"1480\"href='https:\/\/www.radiopiu.net\/wordpress\/wp-content\/uploads\/2025\/10\/87dc020f-6cc3-41db-b532-ca50fd7a9a52.jpg'><img loading=\"lazy\" decoding=\"async\" width=\"150\" height=\"150\" src=\"https:\/\/www.radiopiu.net\/wordpress\/wp-content\/uploads\/2025\/10\/87dc020f-6cc3-41db-b532-ca50fd7a9a52-150x150.jpg\" class=\"attachment-thumbnail size-thumbnail\" alt=\"\" \/><\/a>\n\t\t\t\t<\/dt><\/dl><dl class='gallery-item'>\n\t\t\t\t<dt class='gallery-icon portrait'>\n\t\t\t\t\t<a class=\"rollover rollover-zoom dt-pswp-item\" title=\"d0f070e2-8055-4e24-86da-988127132caa\" data-dt-img-description=\"\" data-large_image_width=\"904\" data-large_image_height=\"1280\"href='https:\/\/www.radiopiu.net\/wordpress\/wp-content\/uploads\/2025\/10\/d0f070e2-8055-4e24-86da-988127132caa.jpg'><img loading=\"lazy\" decoding=\"async\" width=\"150\" height=\"150\" src=\"https:\/\/www.radiopiu.net\/wordpress\/wp-content\/uploads\/2025\/10\/d0f070e2-8055-4e24-86da-988127132caa-150x150.jpg\" class=\"attachment-thumbnail size-thumbnail\" alt=\"\" \/><\/a>\n\t\t\t\t<\/dt><\/dl><dl class='gallery-item'>\n\t\t\t\t<dt class='gallery-icon portrait'>\n\t\t\t\t\t<a class=\"rollover rollover-zoom dt-pswp-item\" title=\"LOCAND\" data-dt-img-description=\"\" data-large_image_width=\"429\" data-large_image_height=\"605\"href='https:\/\/www.radiopiu.net\/wordpress\/wp-content\/uploads\/2025\/10\/LOCAND.jpg'><img loading=\"lazy\" decoding=\"async\" width=\"150\" height=\"150\" src=\"https:\/\/www.radiopiu.net\/wordpress\/wp-content\/uploads\/2025\/10\/LOCAND-150x150.jpg\" class=\"attachment-thumbnail size-thumbnail\" alt=\"\" \/><\/a>\n\t\t\t\t<\/dt><\/dl><dl class='gallery-item'>\n\t\t\t\t<dt class='gallery-icon portrait'>\n\t\t\t\t\t<a class=\"rollover rollover-zoom dt-pswp-item\" title=\"2d42ba49-9725-4c16-8c43-e344e4324cd2\" data-dt-img-description=\"\" data-large_image_width=\"1279\" data-large_image_height=\"1600\"href='https:\/\/www.radiopiu.net\/wordpress\/wp-content\/uploads\/2025\/10\/2d42ba49-9725-4c16-8c43-e344e4324cd2.jpg'><img loading=\"lazy\" decoding=\"async\" width=\"150\" height=\"150\" src=\"https:\/\/www.radiopiu.net\/wordpress\/wp-content\/uploads\/2025\/10\/2d42ba49-9725-4c16-8c43-e344e4324cd2-150x150.jpg\" class=\"attachment-thumbnail size-thumbnail\" alt=\"\" \/><\/a>\n\t\t\t\t<\/dt><\/dl><dl class='gallery-item'>\n\t\t\t\t<dt class='gallery-icon landscape'>\n\t\t\t\t\t<a class=\"rollover rollover-zoom dt-pswp-item\" title=\"563612389_1219539743553039_1535719683077900500_n\" data-dt-img-description=\"\" data-large_image_width=\"1080\" data-large_image_height=\"1080\"href='https:\/\/www.radiopiu.net\/wordpress\/wp-content\/uploads\/2025\/10\/563612389_1219539743553039_1535719683077900500_n.jpg'><img loading=\"lazy\" decoding=\"async\" width=\"150\" height=\"150\" src=\"https:\/\/www.radiopiu.net\/wordpress\/wp-content\/uploads\/2025\/10\/563612389_1219539743553039_1535719683077900500_n-150x150.jpg\" class=\"attachment-thumbnail size-thumbnail\" alt=\"\" srcset=\"https:\/\/www.radiopiu.net\/wordpress\/wp-content\/uploads\/2025\/10\/563612389_1219539743553039_1535719683077900500_n-150x150.jpg 150w, https:\/\/www.radiopiu.net\/wordpress\/wp-content\/uploads\/2025\/10\/563612389_1219539743553039_1535719683077900500_n-300x300.jpg 300w, https:\/\/www.radiopiu.net\/wordpress\/wp-content\/uploads\/2025\/10\/563612389_1219539743553039_1535719683077900500_n-1024x1024.jpg 1024w, https:\/\/www.radiopiu.net\/wordpress\/wp-content\/uploads\/2025\/10\/563612389_1219539743553039_1535719683077900500_n-768x768.jpg 768w, https:\/\/www.radiopiu.net\/wordpress\/wp-content\/uploads\/2025\/10\/563612389_1219539743553039_1535719683077900500_n.jpg 1080w\" sizes=\"auto, (max-width: 150px) 100vw, 150px\" \/><\/a>\n\t\t\t\t<\/dt><\/dl><br style=\"clear: both\" \/><dl class='gallery-item'>\n\t\t\t\t<dt class='gallery-icon portrait'>\n\t\t\t\t\t<a class=\"rollover rollover-zoom dt-pswp-item\" title=\"2e565432-df60-4322-b0a1-1fdbb189e3e2\" data-dt-img-description=\"\" data-large_image_width=\"1138\" data-large_image_height=\"1600\"href='https:\/\/www.radiopiu.net\/wordpress\/wp-content\/uploads\/2025\/10\/2e565432-df60-4322-b0a1-1fdbb189e3e2.jpg'><img loading=\"lazy\" decoding=\"async\" width=\"150\" height=\"150\" src=\"https:\/\/www.radiopiu.net\/wordpress\/wp-content\/uploads\/2025\/10\/2e565432-df60-4322-b0a1-1fdbb189e3e2-150x150.jpg\" class=\"attachment-thumbnail size-thumbnail\" alt=\"\" \/><\/a>\n\t\t\t\t<\/dt><\/dl><dl class='gallery-item'>\n\t\t\t\t<dt class='gallery-icon portrait'>\n\t\t\t\t\t<a class=\"rollover rollover-zoom dt-pswp-item\" title=\"giordano\" data-dt-img-description=\"\" data-large_image_width=\"432\" data-large_image_height=\"608\"href='https:\/\/www.radiopiu.net\/wordpress\/wp-content\/uploads\/2025\/10\/giordano.jpg'><img loading=\"lazy\" decoding=\"async\" width=\"150\" height=\"150\" src=\"https:\/\/www.radiopiu.net\/wordpress\/wp-content\/uploads\/2025\/10\/giordano-150x150.jpg\" class=\"attachment-thumbnail size-thumbnail\" alt=\"\" \/><\/a>\n\t\t\t\t<\/dt><\/dl><dl class='gallery-item'>\n\t\t\t\t<dt class='gallery-icon portrait'>\n\t\t\t\t\t<a class=\"rollover rollover-zoom dt-pswp-item\" title=\"locandina fabio mancini\" data-dt-img-description=\"\" data-large_image_width=\"595\" data-large_image_height=\"841\"href='https:\/\/www.radiopiu.net\/wordpress\/wp-content\/uploads\/2025\/10\/locandina-fabio-mancini.jpg'><img loading=\"lazy\" decoding=\"async\" width=\"150\" height=\"150\" src=\"https:\/\/www.radiopiu.net\/wordpress\/wp-content\/uploads\/2025\/10\/locandina-fabio-mancini-150x150.jpg\" class=\"attachment-thumbnail size-thumbnail\" alt=\"\" \/><\/a>\n\t\t\t\t<\/dt><\/dl><dl class='gallery-item'>\n\t\t\t\t<dt class='gallery-icon portrait'>\n\t\t\t\t\t<a class=\"rollover rollover-zoom dt-pswp-item\" title=\"cde32a2a-6720-4581-b60b-6cbc68dd5afa\" data-dt-img-description=\"\" data-large_image_width=\"966\" data-large_image_height=\"2048\"href='https:\/\/www.radiopiu.net\/wordpress\/wp-content\/uploads\/2025\/10\/cde32a2a-6720-4581-b60b-6cbc68dd5afa.jpg'><img loading=\"lazy\" decoding=\"async\" width=\"150\" height=\"150\" src=\"https:\/\/www.radiopiu.net\/wordpress\/wp-content\/uploads\/2025\/10\/cde32a2a-6720-4581-b60b-6cbc68dd5afa-150x150.jpg\" class=\"attachment-thumbnail size-thumbnail\" alt=\"\" \/><\/a>\n\t\t\t\t<\/dt><\/dl><dl class='gallery-item'>\n\t\t\t\t<dt class='gallery-icon landscape'>\n\t\t\t\t\t<a class=\"rollover rollover-zoom dt-pswp-item\" title=\"542759768_1187692263404454_707530732478693509_n\" data-dt-img-description=\"\" data-large_image_width=\"1440\" data-large_image_height=\"1440\"href='https:\/\/www.radiopiu.net\/wordpress\/wp-content\/uploads\/2025\/10\/542759768_1187692263404454_707530732478693509_n.jpg'><img loading=\"lazy\" decoding=\"async\" width=\"150\" height=\"150\" src=\"https:\/\/www.radiopiu.net\/wordpress\/wp-content\/uploads\/2025\/10\/542759768_1187692263404454_707530732478693509_n-150x150.jpg\" class=\"attachment-thumbnail size-thumbnail\" alt=\"\" srcset=\"https:\/\/www.radiopiu.net\/wordpress\/wp-content\/uploads\/2025\/10\/542759768_1187692263404454_707530732478693509_n-150x150.jpg 150w, https:\/\/www.radiopiu.net\/wordpress\/wp-content\/uploads\/2025\/10\/542759768_1187692263404454_707530732478693509_n-300x300.jpg 300w, https:\/\/www.radiopiu.net\/wordpress\/wp-content\/uploads\/2025\/10\/542759768_1187692263404454_707530732478693509_n-1024x1024.jpg 1024w, https:\/\/www.radiopiu.net\/wordpress\/wp-content\/uploads\/2025\/10\/542759768_1187692263404454_707530732478693509_n-768x768.jpg 768w, https:\/\/www.radiopiu.net\/wordpress\/wp-content\/uploads\/2025\/10\/542759768_1187692263404454_707530732478693509_n.jpg 1440w\" sizes=\"auto, (max-width: 150px) 100vw, 150px\" \/><\/a>\n\t\t\t\t<\/dt><\/dl><br style=\"clear: both\" \/><dl class='gallery-item'>\n\t\t\t\t<dt class='gallery-icon portrait'>\n\t\t\t\t\t<a class=\"rollover rollover-zoom dt-pswp-item\" title=\"e58f3ae7-93bd-41d1-9398-2938c3c13a83\" data-dt-img-description=\"\" data-large_image_width=\"1131\" data-large_image_height=\"1600\"href='https:\/\/www.radiopiu.net\/wordpress\/wp-content\/uploads\/2025\/10\/e58f3ae7-93bd-41d1-9398-2938c3c13a83.jpg'><img loading=\"lazy\" decoding=\"async\" width=\"150\" height=\"150\" src=\"https:\/\/www.radiopiu.net\/wordpress\/wp-content\/uploads\/2025\/10\/e58f3ae7-93bd-41d1-9398-2938c3c13a83-150x150.jpg\" class=\"attachment-thumbnail size-thumbnail\" alt=\"\" \/><\/a>\n\t\t\t\t<\/dt><\/dl><dl class='gallery-item'>\n\t\t\t\t<dt class='gallery-icon portrait'>\n\t\t\t\t\t<a class=\"rollover rollover-zoom dt-pswp-item\" title=\"musla\" data-dt-img-description=\"\" data-large_image_width=\"428\" data-large_image_height=\"609\"href='https:\/\/www.radiopiu.net\/wordpress\/wp-content\/uploads\/2025\/10\/musla.jpg'><img loading=\"lazy\" decoding=\"async\" width=\"150\" height=\"150\" src=\"https:\/\/www.radiopiu.net\/wordpress\/wp-content\/uploads\/2025\/10\/musla-150x150.jpg\" class=\"attachment-thumbnail size-thumbnail\" alt=\"\" \/><\/a>\n\t\t\t\t<\/dt><\/dl><dl class='gallery-item'>\n\t\t\t\t<dt class='gallery-icon portrait'>\n\t\t\t\t\t<a class=\"rollover rollover-zoom dt-pswp-item\" title=\"le orme natale\" data-dt-img-description=\"\" data-large_image_width=\"455\" data-large_image_height=\"645\"href='https:\/\/www.radiopiu.net\/wordpress\/wp-content\/uploads\/2025\/10\/le-orme-natale.jpg'><img loading=\"lazy\" decoding=\"async\" width=\"150\" height=\"150\" src=\"https:\/\/www.radiopiu.net\/wordpress\/wp-content\/uploads\/2025\/10\/le-orme-natale-150x150.jpg\" class=\"attachment-thumbnail size-thumbnail\" alt=\"\" \/><\/a>\n\t\t\t\t<\/dt><\/dl>\n\t\t\t\t<br style='clear: both' \/>\n\t\t\t<\/div>\n\n<h2><\/h2>\n<hr \/>\n<p>&nbsp;<\/p>\n<p class=\"mceTemp\"><a class=\"dt-pswp-item\" href=\"https:\/\/www.radiopiu.net\/wordpress\/wp-content\/uploads\/2018\/09\/WhatsApp-Image-2018-09-20-at-16.04.06.jpeg\" data-dt-img-description=\"\" data-large_image_width=\"800\" data-large_image_height=\"100\"><img loading=\"lazy\" decoding=\"async\" class=\"wp-image-61378 size-full aligncenter\" src=\"https:\/\/www.radiopiu.net\/wordpress\/wp-content\/uploads\/2018\/09\/WhatsApp-Image-2018-09-20-at-16.04.06.jpeg\" alt=\"\" width=\"800\" height=\"100\" srcset=\"https:\/\/www.radiopiu.net\/wordpress\/wp-content\/uploads\/2018\/09\/WhatsApp-Image-2018-09-20-at-16.04.06.jpeg 800w, https:\/\/www.radiopiu.net\/wordpress\/wp-content\/uploads\/2018\/09\/WhatsApp-Image-2018-09-20-at-16.04.06-300x38.jpeg 300w, https:\/\/www.radiopiu.net\/wordpress\/wp-content\/uploads\/2018\/09\/WhatsApp-Image-2018-09-20-at-16.04.06-768x96.jpeg 768w\" sizes=\"auto, (max-width: 800px) 100vw, 800px\" \/><\/a><\/p>\n<p>&nbsp;<\/p>\n<p><center><b>OGGI<\/b><\/center>Al mattino nuvoloso o molto nuvoloso con qualche schiarita pi\u00f9 probabile su Dolomiti nord e in alta quota. Nel pomeriggio nuvolosit\u00e0 variabile, con qualche schiarita a tratti anche ampia possibile. Dalla sera nuovo generale aumento delle nubi ovunque. <b>Precipitazioni: <\/b>Assenti su Dolomiti, al pi\u00f9 qualche breve pioviggine o goccia qua e l\u00e0 al mattino su Prealpi.\u00a0 <b>Temperature: <\/b>Temperature in lieve aumento.<\/p>\n<hr \/>\n<p><center><b>DOMANI<\/b><\/center>Cielo per lo pi\u00f9 nuvoloso o molto nuvoloso con qualche irregolare schiarita a tratti su Dolomiti durante le ore centrali.<br \/>\n<b>Precipitazioni: <\/b>In questo contesto umido e uggioso non \u00e8 esclusa qualche goccia o breve pioviggine qua e l\u00e0 specie su Prealpi (10-20%)<br \/>\n<b>Temperature: <\/b>Temperature in generale lieve aumento.<\/p>\n<hr \/>\n<p><center><b>DOMENICA<\/b><\/center>Molto nuvoloso o coperto. Aumento della probabilit\u00e0 di precipitazioni fino a divenire alta dal pomeriggio. Molto deboli e sparse possibili gi\u00e0 al mattino, ad iniziare da Prealpi ovest in estensione a Dolomiti fino a divenire diffuse e moderate nel pomeriggio\/sera, anche con qualche rovescio. Limite neve a 2400-2600 m in giornata in calo in serata su Dolomiti fin sui 1600-2000 m a fine evento. Temperature in calo.<\/p>\n<hr \/>\n<p><center><b>LUNEDI<\/b><\/center>Durante la notte e fino a parte del mattino nuvolosit\u00e0 residua con ultimi deboli fenomeni specie su Dolomiti. Dal mezzogiorno ampie schiarite ovunque fino a sereno o poco nuvoloso. Temperature in calo in quota, nelle valli massime in aumento.<\/p>\n<p>&nbsp;<\/p>\n<hr \/>\n<p>&nbsp;<\/p>\n<p class=\"mceTemp\"><a class=\"dt-pswp-item\" href=\"https:\/\/www.radiopiu.net\/wordpress\/wp-content\/uploads\/2018\/09\/sport.jpg\" data-dt-img-description=\"\" data-large_image_width=\"800\" data-large_image_height=\"100\"><img loading=\"lazy\" decoding=\"async\" class=\"aligncenter wp-image-60761 size-full\" src=\"https:\/\/www.radiopiu.net\/wordpress\/wp-content\/uploads\/2018\/09\/sport.jpg\" alt=\"\" width=\"800\" height=\"100\" srcset=\"https:\/\/www.radiopiu.net\/wordpress\/wp-content\/uploads\/2018\/09\/sport.jpg 800w, https:\/\/www.radiopiu.net\/wordpress\/wp-content\/uploads\/2018\/09\/sport-300x38.jpg 300w, https:\/\/www.radiopiu.net\/wordpress\/wp-content\/uploads\/2018\/09\/sport-768x96.jpg 768w\" sizes=\"auto, (max-width: 800px) 100vw, 800px\" \/> <\/a><\/p>\n<p>&nbsp;<\/p>\n<blockquote>\n<h2>ALLEGHE IN FESTA, BIANCOROSSI AL SECONDO POSTO AD UN PUNTO DALLA CAPOLISTA<\/h2>\n<\/blockquote>\n\n\t\t\t<style type='text\/css'>\n\t\t\t\t#gallery-5 {\n\t\t\t\t\tmargin: auto;\n\t\t\t\t}\n\t\t\t\t#gallery-5 .gallery-item {\n\t\t\t\t\tfloat: left;\n\t\t\t\t\tmargin-top: 10px;\n\t\t\t\t\ttext-align: center;\n\t\t\t\t\twidth: 50%;\n\t\t\t\t}\n\t\t\t\t#gallery-5 img {\n\t\t\t\t\tborder: 2px solid #cfcfcf;\n\t\t\t\t}\n\t\t\t\t#gallery-5 .gallery-caption {\n\t\t\t\t\tmargin-left: 0;\n\t\t\t\t}\n\t\t\t\t\/* see gallery_shortcode() in wp-includes\/media.php *\/\n\t\t\t<\/style>\n\t\t<div id='gallery-5' class='dt-gallery-container gallery galleryid-478030 gallery-columns-2 gallery-size-medium'><dl class='gallery-item'>\n\t\t\t\t<dt class='gallery-icon landscape'>\n\t\t\t\t\t<a class=\"rollover rollover-zoom dt-pswp-item\" title=\"coop3\" data-dt-img-description=\"\" data-large_image_width=\"705\" data-large_image_height=\"443\"href='https:\/\/www.radiopiu.net\/wordpress\/wp-content\/uploads\/2025\/10\/coop3-6.png'><img loading=\"lazy\" decoding=\"async\" width=\"300\" height=\"189\" src=\"https:\/\/www.radiopiu.net\/wordpress\/wp-content\/uploads\/2025\/10\/coop3-6-300x189.png\" class=\"attachment-medium size-medium\" alt=\"\" srcset=\"https:\/\/www.radiopiu.net\/wordpress\/wp-content\/uploads\/2025\/10\/coop3-6-300x189.png 300w, https:\/\/www.radiopiu.net\/wordpress\/wp-content\/uploads\/2025\/10\/coop3-6.png 705w\" sizes=\"auto, (max-width: 300px) 100vw, 300px\" \/><\/a>\n\t\t\t\t<\/dt><\/dl><dl class='gallery-item'>\n\t\t\t\t<dt class='gallery-icon landscape'>\n\t\t\t\t\t<a class=\"rollover rollover-zoom dt-pswp-item\" title=\"eb82ff1d-5578-464d-a909-41546900ef8c\" data-dt-img-description=\"\" data-large_image_width=\"1170\" data-large_image_height=\"1036\"href='https:\/\/www.radiopiu.net\/wordpress\/wp-content\/uploads\/2025\/10\/eb82ff1d-5578-464d-a909-41546900ef8c.jpg'><img loading=\"lazy\" decoding=\"async\" width=\"300\" height=\"266\" src=\"https:\/\/www.radiopiu.net\/wordpress\/wp-content\/uploads\/2025\/10\/eb82ff1d-5578-464d-a909-41546900ef8c-300x266.jpg\" class=\"attachment-medium size-medium\" alt=\"\" srcset=\"https:\/\/www.radiopiu.net\/wordpress\/wp-content\/uploads\/2025\/10\/eb82ff1d-5578-464d-a909-41546900ef8c-300x266.jpg 300w, https:\/\/www.radiopiu.net\/wordpress\/wp-content\/uploads\/2025\/10\/eb82ff1d-5578-464d-a909-41546900ef8c-1024x907.jpg 1024w, https:\/\/www.radiopiu.net\/wordpress\/wp-content\/uploads\/2025\/10\/eb82ff1d-5578-464d-a909-41546900ef8c-768x680.jpg 768w, https:\/\/www.radiopiu.net\/wordpress\/wp-content\/uploads\/2025\/10\/eb82ff1d-5578-464d-a909-41546900ef8c.jpg 1170w\" sizes=\"auto, (max-width: 300px) 100vw, 300px\" \/><\/a>\n\t\t\t\t<\/dt><\/dl><br style=\"clear: both\" \/>\n\t\t\t<\/div>\n\n<p>&nbsp;<\/p>\n<hr \/>\n<p>&nbsp;<\/p>\n<p><span style=\"color: #0000ff;\"><strong>HOCKEY SU GHIACCIO<\/strong><\/span><\/p>\n<blockquote>\n<h3>IL DERBY BELLUNESE DI IHL E&#8217; DELL&#8217;ALLEGHE<\/h3>\n<\/blockquote>\n<p><strong>DI MARCO GAZ<\/strong><\/p>\n<p><span style=\"color: #ff0000;\"><strong>IHL \u2013 8\u00b0 GIORNATA<\/strong><\/span><\/p>\n<p><strong>ALLEGHE \u2013 FELTRE 7-2<\/strong><\/p>\n<p>PARZIALI: 3-1, 2-0, 2-1<\/p>\n<p>GOL: pt. 3\u201957\u201d Marcazzan, 7\u201958\u201d e 8\u201915\u201d De Toni, 18\u201905\u201d D. Iori. st. 3\u201938\u201d Isiguzo, 15\u201931\u201d D. Iori. tt. 2\u201928\u201d Huhtela, 3\u201928\u201d Cortese, 5\u201913\u201d De Toni<\/p>\n<p>Il primo derby bellunese della stagione va all\u2019Alleghe. Al De Toni le civette fanno la voce grossa e portano a casa il bottino pieno, 3 punti importati che lanciano gli agordini al secondo posto in classifica. I biancorossi vincono e convincono contro un Feltre che fatica a farsi vedere e subisce dei gol evitabili. Una bella prestazione degli di fronte agli 895 paganti della serata. Sabato di nuovo in campo: l\u2019Alleghe in trasferta contro l\u2019Aosta mentre il Feltre giocher\u00e0 in casa con il Bressanone. Primi istanti di gara molto equilibrata. Le squadre si studiano a lungo e non si scoprono pi\u00f9 di tanto. Al primo vero affondo, il feltre passa in vantaggio. Azione individuale di Marcazzan che tira in porta e batte il golie alleghese. Le civette provano subito la reazione e pareggiano i conti poco dopo. Ci pensa Edgar De Toni che coglie un assist d\u2019oro per spedire il puck in fondo al sacco. Lo stesso De Toni va di nuovo a segno 17\u201d dopo. Svarione difensivo dei picchi e l\u2019attaccante alleghese non sbaglia. Gli agordini gestiscono il vantaggio anche se il Feltre si rende pericoloso in qualche occasione. Diego Iori intanto va a segno e porta a due le lunghezze dagli avversari. Nel secondo tempo gli alleghesi superano indenni un powerplay a sfavore. Alessio si divora un gol ma a rimediare ci pensa Isiguzo che cala il poker per i padroni di casa. Continuano a premere le civette che provano a sfruttare un momento di difficolt\u00e0 dei picchi. Agordini indiavolati che vanno di nuovo a segno. Penalit\u00e0 a favore e gol di Diego Iori che mette la firma sulla doppietta personale. Non mollano i biancorossi che si avvicinano al sesto gol ma la conclusione di Isisguzo si spegne sul palo. Il terzo drittel inizia con due reti in rapida successione. Prima sono i padroni di casa a siglare il sesto gol agordino con Huhtela, 60\u201d dopo il Feltre accorcia le distanze con Cortese. A chiudere definitivamente la gara ci pensa De Toni, tripletta per l\u2019alleghese. Continuano a macinare gioco gli agordini che insistono. Al Feltre non resta che difendersi per evitare ulteriori reti.<\/p>\n<p><strong>LE FOTO DI MATTEO FLORIDIA<\/strong><\/p>\n\n\t\t\t<style type='text\/css'>\n\t\t\t\t#gallery-6 {\n\t\t\t\t\tmargin: auto;\n\t\t\t\t}\n\t\t\t\t#gallery-6 .gallery-item {\n\t\t\t\t\tfloat: left;\n\t\t\t\t\tmargin-top: 10px;\n\t\t\t\t\ttext-align: center;\n\t\t\t\t\twidth: 25%;\n\t\t\t\t}\n\t\t\t\t#gallery-6 img {\n\t\t\t\t\tborder: 2px solid #cfcfcf;\n\t\t\t\t}\n\t\t\t\t#gallery-6 .gallery-caption {\n\t\t\t\t\tmargin-left: 0;\n\t\t\t\t}\n\t\t\t\t\/* see gallery_shortcode() in wp-includes\/media.php *\/\n\t\t\t<\/style>\n\t\t<div id='gallery-6' class='dt-gallery-container gallery galleryid-478030 gallery-columns-4 gallery-size-medium'><dl class='gallery-item'>\n\t\t\t\t<dt class='gallery-icon landscape'>\n\t\t\t\t\t<a class=\"rollover rollover-zoom dt-pswp-item\" title=\"0455386b-b5d6-4999-9922-ac7e5a948246\" data-dt-img-description=\"\" data-large_image_width=\"1600\" data-large_image_height=\"1035\"href='https:\/\/www.radiopiu.net\/wordpress\/wp-content\/uploads\/2025\/10\/0455386b-b5d6-4999-9922-ac7e5a948246.jpg'><img loading=\"lazy\" decoding=\"async\" width=\"300\" height=\"194\" src=\"https:\/\/www.radiopiu.net\/wordpress\/wp-content\/uploads\/2025\/10\/0455386b-b5d6-4999-9922-ac7e5a948246-300x194.jpg\" class=\"attachment-medium size-medium\" alt=\"\" srcset=\"https:\/\/www.radiopiu.net\/wordpress\/wp-content\/uploads\/2025\/10\/0455386b-b5d6-4999-9922-ac7e5a948246-300x194.jpg 300w, https:\/\/www.radiopiu.net\/wordpress\/wp-content\/uploads\/2025\/10\/0455386b-b5d6-4999-9922-ac7e5a948246-1024x662.jpg 1024w, https:\/\/www.radiopiu.net\/wordpress\/wp-content\/uploads\/2025\/10\/0455386b-b5d6-4999-9922-ac7e5a948246-768x497.jpg 768w, https:\/\/www.radiopiu.net\/wordpress\/wp-content\/uploads\/2025\/10\/0455386b-b5d6-4999-9922-ac7e5a948246-1536x994.jpg 1536w, https:\/\/www.radiopiu.net\/wordpress\/wp-content\/uploads\/2025\/10\/0455386b-b5d6-4999-9922-ac7e5a948246.jpg 1600w\" sizes=\"auto, (max-width: 300px) 100vw, 300px\" \/><\/a>\n\t\t\t\t<\/dt><\/dl><dl class='gallery-item'>\n\t\t\t\t<dt class='gallery-icon landscape'>\n\t\t\t\t\t<a class=\"rollover rollover-zoom dt-pswp-item\" title=\"5ee95add-32cd-4473-83e8-a1756024d864\" data-dt-img-description=\"\" data-large_image_width=\"1600\" data-large_image_height=\"977\"href='https:\/\/www.radiopiu.net\/wordpress\/wp-content\/uploads\/2025\/10\/5ee95add-32cd-4473-83e8-a1756024d864.jpg'><img loading=\"lazy\" decoding=\"async\" width=\"300\" height=\"183\" src=\"https:\/\/www.radiopiu.net\/wordpress\/wp-content\/uploads\/2025\/10\/5ee95add-32cd-4473-83e8-a1756024d864-300x183.jpg\" class=\"attachment-medium size-medium\" alt=\"\" srcset=\"https:\/\/www.radiopiu.net\/wordpress\/wp-content\/uploads\/2025\/10\/5ee95add-32cd-4473-83e8-a1756024d864-300x183.jpg 300w, https:\/\/www.radiopiu.net\/wordpress\/wp-content\/uploads\/2025\/10\/5ee95add-32cd-4473-83e8-a1756024d864-1024x625.jpg 1024w, https:\/\/www.radiopiu.net\/wordpress\/wp-content\/uploads\/2025\/10\/5ee95add-32cd-4473-83e8-a1756024d864-768x469.jpg 768w, https:\/\/www.radiopiu.net\/wordpress\/wp-content\/uploads\/2025\/10\/5ee95add-32cd-4473-83e8-a1756024d864-1536x938.jpg 1536w, https:\/\/www.radiopiu.net\/wordpress\/wp-content\/uploads\/2025\/10\/5ee95add-32cd-4473-83e8-a1756024d864.jpg 1600w\" sizes=\"auto, (max-width: 300px) 100vw, 300px\" \/><\/a>\n\t\t\t\t<\/dt><\/dl><dl class='gallery-item'>\n\t\t\t\t<dt class='gallery-icon landscape'>\n\t\t\t\t\t<a class=\"rollover rollover-zoom dt-pswp-item\" title=\"9d287e31-fabd-49ed-b802-4e465116cef0\" data-dt-img-description=\"\" data-large_image_width=\"1600\" data-large_image_height=\"1044\"href='https:\/\/www.radiopiu.net\/wordpress\/wp-content\/uploads\/2025\/10\/9d287e31-fabd-49ed-b802-4e465116cef0.jpg'><img loading=\"lazy\" decoding=\"async\" width=\"300\" height=\"196\" src=\"https:\/\/www.radiopiu.net\/wordpress\/wp-content\/uploads\/2025\/10\/9d287e31-fabd-49ed-b802-4e465116cef0-300x196.jpg\" class=\"attachment-medium size-medium\" alt=\"\" srcset=\"https:\/\/www.radiopiu.net\/wordpress\/wp-content\/uploads\/2025\/10\/9d287e31-fabd-49ed-b802-4e465116cef0-300x196.jpg 300w, https:\/\/www.radiopiu.net\/wordpress\/wp-content\/uploads\/2025\/10\/9d287e31-fabd-49ed-b802-4e465116cef0-1024x668.jpg 1024w, https:\/\/www.radiopiu.net\/wordpress\/wp-content\/uploads\/2025\/10\/9d287e31-fabd-49ed-b802-4e465116cef0-768x501.jpg 768w, https:\/\/www.radiopiu.net\/wordpress\/wp-content\/uploads\/2025\/10\/9d287e31-fabd-49ed-b802-4e465116cef0-1536x1002.jpg 1536w, https:\/\/www.radiopiu.net\/wordpress\/wp-content\/uploads\/2025\/10\/9d287e31-fabd-49ed-b802-4e465116cef0.jpg 1600w\" sizes=\"auto, (max-width: 300px) 100vw, 300px\" \/><\/a>\n\t\t\t\t<\/dt><\/dl><dl class='gallery-item'>\n\t\t\t\t<dt class='gallery-icon landscape'>\n\t\t\t\t\t<a class=\"rollover rollover-zoom dt-pswp-item\" title=\"d9bb042f-88b1-41d4-8fc8-29a6b5e59f7e\" data-dt-img-description=\"\" data-large_image_width=\"1600\" data-large_image_height=\"1044\"href='https:\/\/www.radiopiu.net\/wordpress\/wp-content\/uploads\/2025\/10\/d9bb042f-88b1-41d4-8fc8-29a6b5e59f7e.jpg'><img loading=\"lazy\" decoding=\"async\" width=\"300\" height=\"196\" src=\"https:\/\/www.radiopiu.net\/wordpress\/wp-content\/uploads\/2025\/10\/d9bb042f-88b1-41d4-8fc8-29a6b5e59f7e-300x196.jpg\" class=\"attachment-medium size-medium\" alt=\"\" srcset=\"https:\/\/www.radiopiu.net\/wordpress\/wp-content\/uploads\/2025\/10\/d9bb042f-88b1-41d4-8fc8-29a6b5e59f7e-300x196.jpg 300w, https:\/\/www.radiopiu.net\/wordpress\/wp-content\/uploads\/2025\/10\/d9bb042f-88b1-41d4-8fc8-29a6b5e59f7e-1024x668.jpg 1024w, https:\/\/www.radiopiu.net\/wordpress\/wp-content\/uploads\/2025\/10\/d9bb042f-88b1-41d4-8fc8-29a6b5e59f7e-768x501.jpg 768w, https:\/\/www.radiopiu.net\/wordpress\/wp-content\/uploads\/2025\/10\/d9bb042f-88b1-41d4-8fc8-29a6b5e59f7e-1536x1002.jpg 1536w, https:\/\/www.radiopiu.net\/wordpress\/wp-content\/uploads\/2025\/10\/d9bb042f-88b1-41d4-8fc8-29a6b5e59f7e.jpg 1600w\" sizes=\"auto, (max-width: 300px) 100vw, 300px\" \/><\/a>\n\t\t\t\t<\/dt><\/dl><br style=\"clear: both\" \/><dl class='gallery-item'>\n\t\t\t\t<dt class='gallery-icon landscape'>\n\t\t\t\t\t<a class=\"rollover rollover-zoom dt-pswp-item\" title=\"4eb4ffa2-2934-4aa9-aba5-86777cd3f1ae\" data-dt-img-description=\"\" data-large_image_width=\"1600\" data-large_image_height=\"1070\"href='https:\/\/www.radiopiu.net\/wordpress\/wp-content\/uploads\/2025\/10\/4eb4ffa2-2934-4aa9-aba5-86777cd3f1ae.jpg'><img loading=\"lazy\" decoding=\"async\" width=\"300\" height=\"201\" src=\"https:\/\/www.radiopiu.net\/wordpress\/wp-content\/uploads\/2025\/10\/4eb4ffa2-2934-4aa9-aba5-86777cd3f1ae-300x201.jpg\" class=\"attachment-medium size-medium\" alt=\"\" srcset=\"https:\/\/www.radiopiu.net\/wordpress\/wp-content\/uploads\/2025\/10\/4eb4ffa2-2934-4aa9-aba5-86777cd3f1ae-300x201.jpg 300w, https:\/\/www.radiopiu.net\/wordpress\/wp-content\/uploads\/2025\/10\/4eb4ffa2-2934-4aa9-aba5-86777cd3f1ae-1024x685.jpg 1024w, https:\/\/www.radiopiu.net\/wordpress\/wp-content\/uploads\/2025\/10\/4eb4ffa2-2934-4aa9-aba5-86777cd3f1ae-768x514.jpg 768w, https:\/\/www.radiopiu.net\/wordpress\/wp-content\/uploads\/2025\/10\/4eb4ffa2-2934-4aa9-aba5-86777cd3f1ae-1536x1027.jpg 1536w, https:\/\/www.radiopiu.net\/wordpress\/wp-content\/uploads\/2025\/10\/4eb4ffa2-2934-4aa9-aba5-86777cd3f1ae.jpg 1600w\" sizes=\"auto, (max-width: 300px) 100vw, 300px\" \/><\/a>\n\t\t\t\t<\/dt><\/dl><dl class='gallery-item'>\n\t\t\t\t<dt class='gallery-icon landscape'>\n\t\t\t\t\t<a class=\"rollover rollover-zoom dt-pswp-item\" title=\"564990e5-1327-4bca-803d-7c3e24753ae5\" data-dt-img-description=\"\" data-large_image_width=\"1600\" data-large_image_height=\"1064\"href='https:\/\/www.radiopiu.net\/wordpress\/wp-content\/uploads\/2025\/10\/564990e5-1327-4bca-803d-7c3e24753ae5.jpg'><img loading=\"lazy\" decoding=\"async\" width=\"300\" height=\"200\" src=\"https:\/\/www.radiopiu.net\/wordpress\/wp-content\/uploads\/2025\/10\/564990e5-1327-4bca-803d-7c3e24753ae5-300x200.jpg\" class=\"attachment-medium size-medium\" alt=\"\" srcset=\"https:\/\/www.radiopiu.net\/wordpress\/wp-content\/uploads\/2025\/10\/564990e5-1327-4bca-803d-7c3e24753ae5-300x200.jpg 300w, https:\/\/www.radiopiu.net\/wordpress\/wp-content\/uploads\/2025\/10\/564990e5-1327-4bca-803d-7c3e24753ae5-1024x681.jpg 1024w, https:\/\/www.radiopiu.net\/wordpress\/wp-content\/uploads\/2025\/10\/564990e5-1327-4bca-803d-7c3e24753ae5-768x511.jpg 768w, https:\/\/www.radiopiu.net\/wordpress\/wp-content\/uploads\/2025\/10\/564990e5-1327-4bca-803d-7c3e24753ae5-1536x1021.jpg 1536w, https:\/\/www.radiopiu.net\/wordpress\/wp-content\/uploads\/2025\/10\/564990e5-1327-4bca-803d-7c3e24753ae5.jpg 1600w\" sizes=\"auto, (max-width: 300px) 100vw, 300px\" \/><\/a>\n\t\t\t\t<\/dt><\/dl><dl class='gallery-item'>\n\t\t\t\t<dt class='gallery-icon landscape'>\n\t\t\t\t\t<a class=\"rollover rollover-zoom dt-pswp-item\" title=\"eb7b5e1c-1a9e-48d6-a752-64a66ffb0d15\" data-dt-img-description=\"\" data-large_image_width=\"1600\" data-large_image_height=\"1124\"href='https:\/\/www.radiopiu.net\/wordpress\/wp-content\/uploads\/2025\/10\/eb7b5e1c-1a9e-48d6-a752-64a66ffb0d15.jpg'><img loading=\"lazy\" decoding=\"async\" width=\"300\" height=\"211\" src=\"https:\/\/www.radiopiu.net\/wordpress\/wp-content\/uploads\/2025\/10\/eb7b5e1c-1a9e-48d6-a752-64a66ffb0d15-300x211.jpg\" class=\"attachment-medium size-medium\" alt=\"\" srcset=\"https:\/\/www.radiopiu.net\/wordpress\/wp-content\/uploads\/2025\/10\/eb7b5e1c-1a9e-48d6-a752-64a66ffb0d15-300x211.jpg 300w, https:\/\/www.radiopiu.net\/wordpress\/wp-content\/uploads\/2025\/10\/eb7b5e1c-1a9e-48d6-a752-64a66ffb0d15-1024x719.jpg 1024w, https:\/\/www.radiopiu.net\/wordpress\/wp-content\/uploads\/2025\/10\/eb7b5e1c-1a9e-48d6-a752-64a66ffb0d15-768x540.jpg 768w, https:\/\/www.radiopiu.net\/wordpress\/wp-content\/uploads\/2025\/10\/eb7b5e1c-1a9e-48d6-a752-64a66ffb0d15-1536x1079.jpg 1536w, https:\/\/www.radiopiu.net\/wordpress\/wp-content\/uploads\/2025\/10\/eb7b5e1c-1a9e-48d6-a752-64a66ffb0d15.jpg 1600w\" sizes=\"auto, (max-width: 300px) 100vw, 300px\" \/><\/a>\n\t\t\t\t<\/dt><\/dl><dl class='gallery-item'>\n\t\t\t\t<dt class='gallery-icon landscape'>\n\t\t\t\t\t<a class=\"rollover rollover-zoom dt-pswp-item\" title=\"39bc8f42-dd8a-41c5-bb67-98233672fd94\" data-dt-img-description=\"\" data-large_image_width=\"1600\" data-large_image_height=\"1064\"href='https:\/\/www.radiopiu.net\/wordpress\/wp-content\/uploads\/2025\/10\/39bc8f42-dd8a-41c5-bb67-98233672fd94.jpg'><img loading=\"lazy\" decoding=\"async\" width=\"300\" height=\"200\" src=\"https:\/\/www.radiopiu.net\/wordpress\/wp-content\/uploads\/2025\/10\/39bc8f42-dd8a-41c5-bb67-98233672fd94-300x200.jpg\" class=\"attachment-medium size-medium\" alt=\"\" srcset=\"https:\/\/www.radiopiu.net\/wordpress\/wp-content\/uploads\/2025\/10\/39bc8f42-dd8a-41c5-bb67-98233672fd94-300x200.jpg 300w, https:\/\/www.radiopiu.net\/wordpress\/wp-content\/uploads\/2025\/10\/39bc8f42-dd8a-41c5-bb67-98233672fd94-1024x681.jpg 1024w, https:\/\/www.radiopiu.net\/wordpress\/wp-content\/uploads\/2025\/10\/39bc8f42-dd8a-41c5-bb67-98233672fd94-768x511.jpg 768w, https:\/\/www.radiopiu.net\/wordpress\/wp-content\/uploads\/2025\/10\/39bc8f42-dd8a-41c5-bb67-98233672fd94-1536x1021.jpg 1536w, https:\/\/www.radiopiu.net\/wordpress\/wp-content\/uploads\/2025\/10\/39bc8f42-dd8a-41c5-bb67-98233672fd94.jpg 1600w\" sizes=\"auto, (max-width: 300px) 100vw, 300px\" \/><\/a>\n\t\t\t\t<\/dt><\/dl><br style=\"clear: both\" \/>\n\t\t\t<\/div>\n\n<p>&nbsp;<\/p>\n<p><span style=\"color: #0000ff;\"><strong>NUOTO<\/strong><\/span><\/p>\n<blockquote>\n<h3><a class=\"dt-pswp-item\" href=\"https:\/\/www.radiopiu.net\/wordpress\/wp-content\/uploads\/2025\/10\/IMG_7431.jpeg\" data-dt-img-description=\"\" data-large_image_width=\"2048\" data-large_image_height=\"1536\"><img loading=\"lazy\" decoding=\"async\" class=\" wp-image-478209 alignleft\" src=\"https:\/\/www.radiopiu.net\/wordpress\/wp-content\/uploads\/2025\/10\/IMG_7431-300x225.jpeg\" alt=\"\" width=\"260\" height=\"195\" srcset=\"https:\/\/www.radiopiu.net\/wordpress\/wp-content\/uploads\/2025\/10\/IMG_7431-300x225.jpeg 300w, https:\/\/www.radiopiu.net\/wordpress\/wp-content\/uploads\/2025\/10\/IMG_7431-1024x768.jpeg 1024w, https:\/\/www.radiopiu.net\/wordpress\/wp-content\/uploads\/2025\/10\/IMG_7431-768x576.jpeg 768w, https:\/\/www.radiopiu.net\/wordpress\/wp-content\/uploads\/2025\/10\/IMG_7431-1536x1152.jpeg 1536w, https:\/\/www.radiopiu.net\/wordpress\/wp-content\/uploads\/2025\/10\/IMG_7431.jpeg 2048w\" sizes=\"auto, (max-width: 260px) 100vw, 260px\" \/><\/a>LO SPORT BELLUNESE BRILLA NELLE VASCHE E NELLE PISCINE<\/h3>\n<\/blockquote>\n<p>Un incontro speciale ha celebrato le atlete e gli atleti che stanno portando in alto il nome di Belluno nel nuoto agonistico, artistico, nella pallanuoto e nel nuoto paralimpico. I nuotatori hanno partecipato ai Campionati Italiani e Regionali, mentre le squadre di nuoto artistico Junior e Ragazze si sono classificate prime assolute nelle Coreografie Libere del Regionale Lombardia UISP. La pallanuoto continua a crescere con ottimi risultati nei Campionati Juniores, Promozione e Allievi. Il gruppo paralimpico, protagonista ai Campionati Assoluti Invernali di Lignano, ha mostrato straordinari miglioramenti, esprimendo inclusione, impegno e passione. Un riconoscimento al valore dello sport bellunese e al lavoro delle societ\u00e0 che lo rendono possibile.<\/p>\n<p>&nbsp;<\/p>\n<p>__<\/p>\n","protected":false},"excerpt":{"rendered":"<p>******** &nbsp; LA\u00a0 APP PER IOS-IPHONE di Nicola Vettorello https:\/\/apps.apple.com\/it\/app\/radio-pi%C3%B9-emittente-agordina\/id1515939845 LA\u00a0 APP RADIO\u00a0 PER ANDROID di Nicola Vettorello https:\/\/play.google.com\/store\/apps\/details?id=net.radiopiu.iniko\u00a0\u00a0\u00a0\u00a0\u00a0 &nbsp; &nbsp; &nbsp; OGGI SU RADIOPI\u00d9: MUSICA, informazione\u00a0 e dirette\u00a0\u00a0 ALLE 8.05 LA RASSEGNA STAMPA LOCALE 8.25 PIU SIAMO, DI MARINA DONA&#8217; 900\u00a0 \u00a0PREMIER LE NOVITA&#8217; MUSICALI CON MARCO GAZ 940 LA MUSICA DEGLI ANNI OTTANTA,&hellip;<\/p>\n","protected":false},"author":4,"featured_media":478116,"comment_status":"closed","ping_status":"closed","sticky":false,"template":"","format":"standard","meta":{"_monsterinsights_skip_tracking":false,"_monsterinsights_sitenote_active":false,"_monsterinsights_sitenote_note":"","_monsterinsights_sitenote_category":0,"footnotes":""},"categories":[51,86,49],"tags":[],"class_list":["post-478030","post","type-post","status-publish","format-standard","has-post-thumbnail","hentry","category-evidenza-top","category-gr","category-news-18","category-51","category-86","category-49","description-off"],"img_url":"https:\/\/www.radiopiu.net\/wordpress\/wp-content\/uploads\/2025\/10\/f9b07dfc-59e2-4e46-b093-06646bfaba35.jpg","_links":{"self":[{"href":"https:\/\/www.radiopiu.net\/wordpress\/wp-json\/wp\/v2\/posts\/478030","targetHints":{"allow":["GET"]}}],"collection":[{"href":"https:\/\/www.radiopiu.net\/wordpress\/wp-json\/wp\/v2\/posts"}],"about":[{"href":"https:\/\/www.radiopiu.net\/wordpress\/wp-json\/wp\/v2\/types\/post"}],"author":[{"embeddable":true,"href":"https:\/\/www.radiopiu.net\/wordpress\/wp-json\/wp\/v2\/users\/4"}],"replies":[{"embeddable":true,"href":"https:\/\/www.radiopiu.net\/wordpress\/wp-json\/wp\/v2\/comments?post=478030"}],"version-history":[{"count":41,"href":"https:\/\/www.radiopiu.net\/wordpress\/wp-json\/wp\/v2\/posts\/478030\/revisions"}],"predecessor-version":[{"id":478278,"href":"https:\/\/www.radiopiu.net\/wordpress\/wp-json\/wp\/v2\/posts\/478030\/revisions\/478278"}],"wp:featuredmedia":[{"embeddable":true,"href":"https:\/\/www.radiopiu.net\/wordpress\/wp-json\/wp\/v2\/media\/478116"}],"wp:attachment":[{"href":"https:\/\/www.radiopiu.net\/wordpress\/wp-json\/wp\/v2\/media?parent=478030"}],"wp:term":[{"taxonomy":"category","embeddable":true,"href":"https:\/\/www.radiopiu.net\/wordpress\/wp-json\/wp\/v2\/categories?post=478030"},{"taxonomy":"post_tag","embeddable":true,"href":"https:\/\/www.radiopiu.net\/wordpress\/wp-json\/wp\/v2\/tags?post=478030"}],"curies":[{"name":"wp","href":"https:\/\/api.w.org\/{rel}","templated":true}]}}