{"id":478036,"date":"2025-10-30T05:57:17","date_gmt":"2025-10-30T04:57:17","guid":{"rendered":"https:\/\/www.radiopiu.net\/wordpress\/?p=478036"},"modified":"2025-10-30T07:06:51","modified_gmt":"2025-10-30T06:06:51","slug":"arabba-in-lutto-per-lara-de-cassan-questa-sera-la-veglia-di-preghiera","status":"publish","type":"post","link":"https:\/\/www.radiopiu.net\/wordpress\/arabba-in-lutto-per-lara-de-cassan-questa-sera-la-veglia-di-preghiera\/","title":{"rendered":"ARABBA IN LUTTO PER LARA DE CASSAN, QUESTA SERA LA VEGLIA DI PREGHIERA"},"content":{"rendered":"<p>**<\/p>\n<p><strong><a class=\"dt-pswp-item\" href=\"https:\/\/www.radiopiu.net\/wordpress\/wp-content\/uploads\/2025\/10\/Senza-nome-56-e1761796723106.png\" data-dt-img-description=\"\" data-large_image_width=\"283\" data-large_image_height=\"219\"><img loading=\"lazy\" decoding=\"async\" class=\" wp-image-478038 alignleft\" src=\"https:\/\/www.radiopiu.net\/wordpress\/wp-content\/uploads\/2025\/10\/Senza-nome-56-e1761796723106.png\" alt=\"\" width=\"226\" height=\"175\" \/><\/a>LIVINALLONGO<\/strong><\/p>\n<p data-start=\"78\" data-end=\"314\">Un dolore profondo attraversa la comunit\u00e0 di Arabba, unita nel cordoglio per la scomparsa di Lara De Cassan, 37 anni, morta mprovvisamente per un infarto mentre si trovava in vacanza con la famiglia a Sharm el-Sheikh. Il marito Simon Grones e i tre figli sono rientrati a casa, mentre la salma della giovane albergatrice \u00e8 attesa per la prossima settimana. La famiglia decider\u00e0 nei prossimi giorni se richiedere o meno l\u2019autopsia. In segno di vicinanza e preghiera, questa sera alle 20 nella chiesa parrocchiale di Arabba si terr\u00e0 una veglia in ricordo di Lara, conosciuta e amata per il suo sorriso, la sua energia e il suo impegno nell\u2019accoglienza turistica del paese. L\u2019intera vallata si stringe attorno ai suoi cari in un abbraccio di affetto e silenzio.<\/p>\n<p data-start=\"78\" data-end=\"314\"><strong>di Lorenzo Soratroi\u00a0<\/strong><\/p>\n<audio class=\"wp-audio-shortcode\" id=\"audio-478036-1\" preload=\"none\" style=\"width: 100%;\" controls=\"controls\"><source type=\"audio\/mpeg\" src=\"https:\/\/www.radiopiu.net\/wordpress\/wp-content\/uploads\/2025\/10\/LORENZO-LARA.mp3?_=1\" \/><a href=\"https:\/\/www.radiopiu.net\/wordpress\/wp-content\/uploads\/2025\/10\/LORENZO-LARA.mp3\">https:\/\/www.radiopiu.net\/wordpress\/wp-content\/uploads\/2025\/10\/LORENZO-LARA.mp3<\/a><\/audio>\n<div class=\"page-title-breadcrumbs\">\n<p data-start=\"0\" data-end=\"72\">\n<\/div>\n<p data-start=\"0\" data-end=\"72\"><strong data-start=\"0\" data-end=\"70\"><a class=\"dt-pswp-item\" href=\"https:\/\/www.radiopiu.net\/wordpress\/wp-content\/uploads\/2025\/10\/Senza-nome-61.png\" data-dt-img-description=\"\" data-large_image_width=\"151\" data-large_image_height=\"94\"><img loading=\"lazy\" decoding=\"async\" class=\"size-full wp-image-478050 alignleft\" src=\"https:\/\/www.radiopiu.net\/wordpress\/wp-content\/uploads\/2025\/10\/Senza-nome-61.png\" alt=\"\" width=\"151\" height=\"94\" \/><\/a>ARABBA RICORDA LARA DE CASSAN: \u201cLA SUA LUCE CONTINUER\u00c0 A BRILLARE\u201d<\/strong><\/p>\n<p data-start=\"74\" data-end=\"255\">Ad Arabba, il dolore per la morte di Lara De Cassan, scomparsa a 37 anni durante una vacanza a Sharm el-Sheikh, si accompagna al ricordo affettuoso di chi l\u2019ha conosciuta. \u00abEra altruista, positiva, sempre sorridente\u00bb, racconta Marilena Dander, coordinatrice del gruppo Insieme si pu\u00f2 Fodom, di cui Lara faceva parte da anni. Sempre pronta ad aiutare, trasmetteva ai figli l\u2019amore per la solidariet\u00e0 e il sostegno ai pi\u00f9 fragili. Dopo la tragedia, il gruppo ha deciso di dedicare a lei un progetto per un pozzo d\u2019acqua potabile in Uganda, trasformando il dolore in speranza. Lara era stata anche \u201cs\u00e1ntola\u201d della Banda da Fodom, e il suo nome rester\u00e0 inciso sulla bandiera del gruppo musicale, simbolo della sua generosit\u00e0 e del suo impegno verso la comunit\u00e0.<\/p>\n<p>__<\/p>\n<p>&nbsp;<\/p>\n<p>&nbsp;<\/p>\n","protected":false},"excerpt":{"rendered":"<p>** LIVINALLONGO Un dolore profondo attraversa la comunit\u00e0 di Arabba, unita nel cordoglio per la scomparsa di Lara De Cassan, 37 anni, morta mprovvisamente per un infarto mentre si trovava in vacanza con la famiglia a Sharm el-Sheikh. Il marito Simon Grones e i tre figli sono rientrati a casa, mentre la salma della giovane&hellip;<\/p>\n","protected":false},"author":4,"featured_media":478038,"comment_status":"closed","ping_status":"closed","sticky":false,"template":"","format":"standard","meta":{"_monsterinsights_skip_tracking":false,"_monsterinsights_sitenote_active":false,"_monsterinsights_sitenote_note":"","_monsterinsights_sitenote_category":0,"footnotes":""},"categories":[51,49],"tags":[],"class_list":["post-478036","post","type-post","status-publish","format-standard","has-post-thumbnail","hentry","category-evidenza-top","category-news-18","category-51","category-49","description-off"],"img_url":"https:\/\/www.radiopiu.net\/wordpress\/wp-content\/uploads\/2025\/10\/Senza-nome-56-e1761796723106.png","_links":{"self":[{"href":"https:\/\/www.radiopiu.net\/wordpress\/wp-json\/wp\/v2\/posts\/478036","targetHints":{"allow":["GET"]}}],"collection":[{"href":"https:\/\/www.radiopiu.net\/wordpress\/wp-json\/wp\/v2\/posts"}],"about":[{"href":"https:\/\/www.radiopiu.net\/wordpress\/wp-json\/wp\/v2\/types\/post"}],"author":[{"embeddable":true,"href":"https:\/\/www.radiopiu.net\/wordpress\/wp-json\/wp\/v2\/users\/4"}],"replies":[{"embeddable":true,"href":"https:\/\/www.radiopiu.net\/wordpress\/wp-json\/wp\/v2\/comments?post=478036"}],"version-history":[{"count":5,"href":"https:\/\/www.radiopiu.net\/wordpress\/wp-json\/wp\/v2\/posts\/478036\/revisions"}],"predecessor-version":[{"id":478082,"href":"https:\/\/www.radiopiu.net\/wordpress\/wp-json\/wp\/v2\/posts\/478036\/revisions\/478082"}],"wp:featuredmedia":[{"embeddable":true,"href":"https:\/\/www.radiopiu.net\/wordpress\/wp-json\/wp\/v2\/media\/478038"}],"wp:attachment":[{"href":"https:\/\/www.radiopiu.net\/wordpress\/wp-json\/wp\/v2\/media?parent=478036"}],"wp:term":[{"taxonomy":"category","embeddable":true,"href":"https:\/\/www.radiopiu.net\/wordpress\/wp-json\/wp\/v2\/categories?post=478036"},{"taxonomy":"post_tag","embeddable":true,"href":"https:\/\/www.radiopiu.net\/wordpress\/wp-json\/wp\/v2\/tags?post=478036"}],"curies":[{"name":"wp","href":"https:\/\/api.w.org\/{rel}","templated":true}]}}