{"id":478101,"date":"2025-10-30T14:20:44","date_gmt":"2025-10-30T13:20:44","guid":{"rendered":"https:\/\/www.radiopiu.net\/wordpress\/?p=478101"},"modified":"2025-10-30T14:22:16","modified_gmt":"2025-10-30T13:22:16","slug":"radio-piu-vicina-a-walter-e-andrea-delogu-nel-loro-dolore","status":"publish","type":"post","link":"https:\/\/www.radiopiu.net\/wordpress\/radio-piu-vicina-a-walter-e-andrea-delogu-nel-loro-dolore\/","title":{"rendered":"RADIO PI\u00d9 VICINA A WALTER E ANDREA DELOGU NEL LORO DOLORE"},"content":{"rendered":"<p>***<\/p>\n<p data-start=\"109\" data-end=\"367\"><a class=\"dt-pswp-item\" href=\"https:\/\/www.radiopiu.net\/wordpress\/wp-content\/uploads\/2025\/10\/download-36.jpg\" data-dt-img-description=\"\" data-large_image_width=\"1024\" data-large_image_height=\"580\"><img loading=\"lazy\" decoding=\"async\" class=\"size-medium wp-image-478102 alignleft\" src=\"https:\/\/www.radiopiu.net\/wordpress\/wp-content\/uploads\/2025\/10\/download-36-300x170.jpg\" alt=\"\" width=\"300\" height=\"170\" srcset=\"https:\/\/www.radiopiu.net\/wordpress\/wp-content\/uploads\/2025\/10\/download-36-300x170.jpg 300w, https:\/\/www.radiopiu.net\/wordpress\/wp-content\/uploads\/2025\/10\/download-36-768x435.jpg 768w, https:\/\/www.radiopiu.net\/wordpress\/wp-content\/uploads\/2025\/10\/download-36.jpg 1024w\" sizes=\"auto, (max-width: 300px) 100vw, 300px\" \/><\/a>La redazione di Radio Pi\u00f9 si stringe con profondo affetto e sincera commozione a Walter e Andrea Delogu per la tragica scomparsa del giovane Evan, figlio e fratello amatissimo, morto a soli diciotto anni in un incidente stradale a Bellaria. Abbiamo avuto il privilegio, nel tempo, di condividere con Walter momenti di intensa umanit\u00e0 e riflessione, attraverso le sue interviste e i messaggi sempre ricchi di calore e sensibilit\u00e0. Ricordiamo con affetto anche Andrea, che pi\u00f9 volte ha preso parte ai nostri programmi con il suo entusiasmo e la sua energia, regalando a tutti noi e agli ascoltatori auguri e parole colme di luce. Oggi quella luce si spegne per lasciare spazio al silenzio del dolore, ma resta la forza di un legame che supera ogni distanza. A Walter e ad Andrea giungano l\u2019abbraccio e la vicinanza pi\u00f9 sinceri da parte di tutta la grande famiglia di Radio Pi\u00f9. <em data-start=\"1014\" data-end=\"1120\" data-is-last-node=\"\">\u201cIl cuore a volte batte anche se \u00e8 morto\u201d \u2014<\/em> ha scritto Walter. E noi, con il cuore, siamo accanto a lui.<\/p>\n<p>mirko mezzacasa<\/p>\n<p data-start=\"109\" data-end=\"367\">__<\/p>\n","protected":false},"excerpt":{"rendered":"<p>*** La redazione di Radio Pi\u00f9 si stringe con profondo affetto e sincera commozione a Walter e Andrea Delogu per la tragica scomparsa del giovane Evan, figlio e fratello amatissimo, morto a soli diciotto anni in un incidente stradale a Bellaria. Abbiamo avuto il privilegio, nel tempo, di condividere con Walter momenti di intensa umanit\u00e0&hellip;<\/p>\n","protected":false},"author":4,"featured_media":478102,"comment_status":"closed","ping_status":"closed","sticky":false,"template":"","format":"standard","meta":{"_monsterinsights_skip_tracking":false,"_monsterinsights_sitenote_active":false,"_monsterinsights_sitenote_note":"","_monsterinsights_sitenote_category":0,"footnotes":""},"categories":[51,49],"tags":[],"class_list":["post-478101","post","type-post","status-publish","format-standard","has-post-thumbnail","hentry","category-evidenza-top","category-news-18","category-51","category-49","description-off"],"img_url":"https:\/\/www.radiopiu.net\/wordpress\/wp-content\/uploads\/2025\/10\/download-36.jpg","_links":{"self":[{"href":"https:\/\/www.radiopiu.net\/wordpress\/wp-json\/wp\/v2\/posts\/478101","targetHints":{"allow":["GET"]}}],"collection":[{"href":"https:\/\/www.radiopiu.net\/wordpress\/wp-json\/wp\/v2\/posts"}],"about":[{"href":"https:\/\/www.radiopiu.net\/wordpress\/wp-json\/wp\/v2\/types\/post"}],"author":[{"embeddable":true,"href":"https:\/\/www.radiopiu.net\/wordpress\/wp-json\/wp\/v2\/users\/4"}],"replies":[{"embeddable":true,"href":"https:\/\/www.radiopiu.net\/wordpress\/wp-json\/wp\/v2\/comments?post=478101"}],"version-history":[{"count":2,"href":"https:\/\/www.radiopiu.net\/wordpress\/wp-json\/wp\/v2\/posts\/478101\/revisions"}],"predecessor-version":[{"id":478104,"href":"https:\/\/www.radiopiu.net\/wordpress\/wp-json\/wp\/v2\/posts\/478101\/revisions\/478104"}],"wp:featuredmedia":[{"embeddable":true,"href":"https:\/\/www.radiopiu.net\/wordpress\/wp-json\/wp\/v2\/media\/478102"}],"wp:attachment":[{"href":"https:\/\/www.radiopiu.net\/wordpress\/wp-json\/wp\/v2\/media?parent=478101"}],"wp:term":[{"taxonomy":"category","embeddable":true,"href":"https:\/\/www.radiopiu.net\/wordpress\/wp-json\/wp\/v2\/categories?post=478101"},{"taxonomy":"post_tag","embeddable":true,"href":"https:\/\/www.radiopiu.net\/wordpress\/wp-json\/wp\/v2\/tags?post=478101"}],"curies":[{"name":"wp","href":"https:\/\/api.w.org\/{rel}","templated":true}]}}