{"id":478181,"date":"2025-10-31T05:55:59","date_gmt":"2025-10-31T04:55:59","guid":{"rendered":"https:\/\/www.radiopiu.net\/wordpress\/?p=478181"},"modified":"2025-10-31T06:30:11","modified_gmt":"2025-10-31T05:30:11","slug":"labvs-di-cencenighe-festeggia-70-anni-di-solidarieta-e-impegno","status":"publish","type":"post","link":"https:\/\/www.radiopiu.net\/wordpress\/labvs-di-cencenighe-festeggia-70-anni-di-solidarieta-e-impegno\/","title":{"rendered":"L\u2019ABVS DI CENCENIGHE FESTEGGIA 70 ANNI DI SOLIDARIET\u00c0 E IMPEGNO"},"content":{"rendered":"<p>*******<\/p>\n<p>&nbsp;<\/p>\n<p><strong>CENCENIGHE <\/strong>Sabato 25 ottobre si \u00e8 svolta la tradizionale cena sociale annuale della sezione di Cencenighe dell\u2019ABVS, un appuntamento ormai atteso e sentito da tutti i donatori e simpatizzanti. Quest\u2019anno, per\u00f2, l\u2019occasione \u00e8 stata ancora pi\u00f9 speciale: si \u00e8 infatti festeggiato il 70\u00b0 anniversario dalla fondazione della sezione, un traguardo importante che testimonia decenni di generosit\u00e0, impegno e servizio verso il prossimo. La serata \u00e8 iniziata con la celebrazione della Santa Messa in ricordo dei donatori defunti, un momento di raccoglimento e gratitudine che ha visto la partecipazione non solo dei soci locali, ma anche dei segretari di cinque sezioni limitrofe, presenti con i rispettivi labari, a sottolineare la forte unione e collaborazione che contraddistingue il mondo dell\u2019ABVS. Durante la cena, svoltasi in un clima di festa e amicizia, ha preso la parola anche il neo eletto presidente provinciale, Roberto Maraga, che con entusiasmo ha condiviso i risultati raggiunti a livello provinciale, le novit\u00e0 in corso e le sfide che l\u2019associazione affronta quotidianamente, in particolare quella del ricambio generazionale. Il suo intervento, ricco di passione e speranza, ha rinnovato in tutti i presenti la consapevolezza dell\u2019importanza del dono del sangue come gesto concreto di solidariet\u00e0 e amore per la vita. Per celebrare degnamente l\u2019anniversario, \u00e8 stata preparata una magnifica torta che riportava la scritta \u201cABVS 70\u201d, accolta da un applauso generale e condivisa con gioia da tutti i presenti. La serata \u00e8 poi proseguita in allegria con la musica dal vivo di due suonatori \u2013 chitarra e fisarmonica \u2013 che hanno accompagnato la cena con canzoni popolari e momenti di convivialit\u00e0. Come sempre, ritrovarsi \u00e8 stato bello e significativo: la fraternit\u00e0, lo spirito di gruppo e il comune obiettivo di diffondere la cultura del dono del sangue hanno reso questa serata un momento speciale, capace di unire le generazioni nel segno della solidariet\u00e0. Auguri quindi all\u2019ABVS di Cencenighe per i suoi 70 anni di vita, con l\u2019auspicio di continuare ancora a lungo nel prezioso cammino del dono e del servizio verso gli altri.<\/p>\n\n\t\t\t<style type='text\/css'>\n\t\t\t\t#gallery-1 {\n\t\t\t\t\tmargin: auto;\n\t\t\t\t}\n\t\t\t\t#gallery-1 .gallery-item {\n\t\t\t\t\tfloat: left;\n\t\t\t\t\tmargin-top: 10px;\n\t\t\t\t\ttext-align: center;\n\t\t\t\t\twidth: 33%;\n\t\t\t\t}\n\t\t\t\t#gallery-1 img {\n\t\t\t\t\tborder: 2px solid #cfcfcf;\n\t\t\t\t}\n\t\t\t\t#gallery-1 .gallery-caption {\n\t\t\t\t\tmargin-left: 0;\n\t\t\t\t}\n\t\t\t\t\/* see gallery_shortcode() in wp-includes\/media.php *\/\n\t\t\t<\/style>\n\t\t<div id='gallery-1' class='dt-gallery-container gallery galleryid-478181 gallery-columns-3 gallery-size-medium'><dl class='gallery-item'>\n\t\t\t\t<dt class='gallery-icon landscape'>\n\t\t\t\t\t<a class=\"rollover rollover-zoom dt-pswp-item\" title=\"2430ad92-3b51-4d06-b6ea-f51a396fd83a\" data-dt-img-description=\"\" data-large_image_width=\"1242\" data-large_image_height=\"1106\"href='https:\/\/www.radiopiu.net\/wordpress\/wp-content\/uploads\/2025\/10\/2430ad92-3b51-4d06-b6ea-f51a396fd83a.jpg'><img loading=\"lazy\" decoding=\"async\" width=\"300\" height=\"267\" src=\"https:\/\/www.radiopiu.net\/wordpress\/wp-content\/uploads\/2025\/10\/2430ad92-3b51-4d06-b6ea-f51a396fd83a-300x267.jpg\" class=\"attachment-medium size-medium\" alt=\"\" srcset=\"https:\/\/www.radiopiu.net\/wordpress\/wp-content\/uploads\/2025\/10\/2430ad92-3b51-4d06-b6ea-f51a396fd83a-300x267.jpg 300w, https:\/\/www.radiopiu.net\/wordpress\/wp-content\/uploads\/2025\/10\/2430ad92-3b51-4d06-b6ea-f51a396fd83a-1024x912.jpg 1024w, https:\/\/www.radiopiu.net\/wordpress\/wp-content\/uploads\/2025\/10\/2430ad92-3b51-4d06-b6ea-f51a396fd83a-768x684.jpg 768w, https:\/\/www.radiopiu.net\/wordpress\/wp-content\/uploads\/2025\/10\/2430ad92-3b51-4d06-b6ea-f51a396fd83a.jpg 1242w\" sizes=\"auto, (max-width: 300px) 100vw, 300px\" \/><\/a>\n\t\t\t\t<\/dt><\/dl><dl class='gallery-item'>\n\t\t\t\t<dt class='gallery-icon landscape'>\n\t\t\t\t\t<a class=\"rollover rollover-zoom dt-pswp-item\" title=\"089ea549-7191-46e0-891f-082d20fbe74a\" data-dt-img-description=\"\" data-large_image_width=\"1600\" data-large_image_height=\"1066\"href='https:\/\/www.radiopiu.net\/wordpress\/wp-content\/uploads\/2025\/10\/089ea549-7191-46e0-891f-082d20fbe74a.jpg'><img loading=\"lazy\" decoding=\"async\" width=\"300\" height=\"200\" src=\"https:\/\/www.radiopiu.net\/wordpress\/wp-content\/uploads\/2025\/10\/089ea549-7191-46e0-891f-082d20fbe74a-300x200.jpg\" class=\"attachment-medium size-medium\" alt=\"\" srcset=\"https:\/\/www.radiopiu.net\/wordpress\/wp-content\/uploads\/2025\/10\/089ea549-7191-46e0-891f-082d20fbe74a-300x200.jpg 300w, https:\/\/www.radiopiu.net\/wordpress\/wp-content\/uploads\/2025\/10\/089ea549-7191-46e0-891f-082d20fbe74a-1024x682.jpg 1024w, https:\/\/www.radiopiu.net\/wordpress\/wp-content\/uploads\/2025\/10\/089ea549-7191-46e0-891f-082d20fbe74a-768x512.jpg 768w, https:\/\/www.radiopiu.net\/wordpress\/wp-content\/uploads\/2025\/10\/089ea549-7191-46e0-891f-082d20fbe74a-1536x1023.jpg 1536w, https:\/\/www.radiopiu.net\/wordpress\/wp-content\/uploads\/2025\/10\/089ea549-7191-46e0-891f-082d20fbe74a.jpg 1600w\" sizes=\"auto, (max-width: 300px) 100vw, 300px\" \/><\/a>\n\t\t\t\t<\/dt><\/dl><dl class='gallery-item'>\n\t\t\t\t<dt class='gallery-icon landscape'>\n\t\t\t\t\t<a class=\"rollover rollover-zoom dt-pswp-item\" title=\"49d2c620-49ad-489f-b538-7b0689b6e108\" data-dt-img-description=\"\" data-large_image_width=\"1600\" data-large_image_height=\"1066\"href='https:\/\/www.radiopiu.net\/wordpress\/wp-content\/uploads\/2025\/10\/49d2c620-49ad-489f-b538-7b0689b6e108.jpg'><img loading=\"lazy\" decoding=\"async\" width=\"300\" height=\"200\" src=\"https:\/\/www.radiopiu.net\/wordpress\/wp-content\/uploads\/2025\/10\/49d2c620-49ad-489f-b538-7b0689b6e108-300x200.jpg\" class=\"attachment-medium size-medium\" alt=\"\" srcset=\"https:\/\/www.radiopiu.net\/wordpress\/wp-content\/uploads\/2025\/10\/49d2c620-49ad-489f-b538-7b0689b6e108-300x200.jpg 300w, https:\/\/www.radiopiu.net\/wordpress\/wp-content\/uploads\/2025\/10\/49d2c620-49ad-489f-b538-7b0689b6e108-1024x682.jpg 1024w, https:\/\/www.radiopiu.net\/wordpress\/wp-content\/uploads\/2025\/10\/49d2c620-49ad-489f-b538-7b0689b6e108-768x512.jpg 768w, https:\/\/www.radiopiu.net\/wordpress\/wp-content\/uploads\/2025\/10\/49d2c620-49ad-489f-b538-7b0689b6e108-1536x1023.jpg 1536w, https:\/\/www.radiopiu.net\/wordpress\/wp-content\/uploads\/2025\/10\/49d2c620-49ad-489f-b538-7b0689b6e108.jpg 1600w\" sizes=\"auto, (max-width: 300px) 100vw, 300px\" \/><\/a>\n\t\t\t\t<\/dt><\/dl><br style=\"clear: both\" \/>\n\t\t\t<\/div>\n\n<p>&nbsp;<\/p>\n<p>&nbsp;<\/p>\n<p>&nbsp;<\/p>\n<p>&nbsp;<\/p>\n<p>&nbsp;<\/p>\n<p>********<\/p>\n","protected":false},"excerpt":{"rendered":"<p>******* &nbsp; CENCENIGHE Sabato 25 ottobre si \u00e8 svolta la tradizionale cena sociale annuale della sezione di Cencenighe dell\u2019ABVS, un appuntamento ormai atteso e sentito da tutti i donatori e simpatizzanti. Quest\u2019anno, per\u00f2, l\u2019occasione \u00e8 stata ancora pi\u00f9 speciale: si \u00e8 infatti festeggiato il 70\u00b0 anniversario dalla fondazione della sezione, un traguardo importante che testimonia&hellip;<\/p>\n","protected":false},"author":4,"featured_media":478184,"comment_status":"closed","ping_status":"closed","sticky":false,"template":"","format":"standard","meta":{"_monsterinsights_skip_tracking":false,"_monsterinsights_sitenote_active":false,"_monsterinsights_sitenote_note":"","_monsterinsights_sitenote_category":0,"footnotes":""},"categories":[51,49],"tags":[],"class_list":["post-478181","post","type-post","status-publish","format-standard","has-post-thumbnail","hentry","category-evidenza-top","category-news-18","category-51","category-49","description-off"],"img_url":"https:\/\/www.radiopiu.net\/wordpress\/wp-content\/uploads\/2025\/10\/089ea549-7191-46e0-891f-082d20fbe74a.jpg","_links":{"self":[{"href":"https:\/\/www.radiopiu.net\/wordpress\/wp-json\/wp\/v2\/posts\/478181","targetHints":{"allow":["GET"]}}],"collection":[{"href":"https:\/\/www.radiopiu.net\/wordpress\/wp-json\/wp\/v2\/posts"}],"about":[{"href":"https:\/\/www.radiopiu.net\/wordpress\/wp-json\/wp\/v2\/types\/post"}],"author":[{"embeddable":true,"href":"https:\/\/www.radiopiu.net\/wordpress\/wp-json\/wp\/v2\/users\/4"}],"replies":[{"embeddable":true,"href":"https:\/\/www.radiopiu.net\/wordpress\/wp-json\/wp\/v2\/comments?post=478181"}],"version-history":[{"count":2,"href":"https:\/\/www.radiopiu.net\/wordpress\/wp-json\/wp\/v2\/posts\/478181\/revisions"}],"predecessor-version":[{"id":478192,"href":"https:\/\/www.radiopiu.net\/wordpress\/wp-json\/wp\/v2\/posts\/478181\/revisions\/478192"}],"wp:featuredmedia":[{"embeddable":true,"href":"https:\/\/www.radiopiu.net\/wordpress\/wp-json\/wp\/v2\/media\/478184"}],"wp:attachment":[{"href":"https:\/\/www.radiopiu.net\/wordpress\/wp-json\/wp\/v2\/media?parent=478181"}],"wp:term":[{"taxonomy":"category","embeddable":true,"href":"https:\/\/www.radiopiu.net\/wordpress\/wp-json\/wp\/v2\/categories?post=478181"},{"taxonomy":"post_tag","embeddable":true,"href":"https:\/\/www.radiopiu.net\/wordpress\/wp-json\/wp\/v2\/tags?post=478181"}],"curies":[{"name":"wp","href":"https:\/\/api.w.org\/{rel}","templated":true}]}}