{"id":478189,"date":"2025-11-01T05:53:15","date_gmt":"2025-11-01T04:53:15","guid":{"rendered":"https:\/\/www.radiopiu.net\/wordpress\/?p=478189"},"modified":"2025-11-01T09:09:17","modified_gmt":"2025-11-01T08:09:17","slug":"giornale-radiopiu-01-novembre-2025-direttore-mirko-mezzacasa","status":"publish","type":"post","link":"https:\/\/www.radiopiu.net\/wordpress\/giornale-radiopiu-01-novembre-2025-direttore-mirko-mezzacasa\/","title":{"rendered":"GIORNALE RADIOPIU 01 NOVEMBRE 2025 DIRETTORE MIRKO MEZZACASA"},"content":{"rendered":"<p>********<\/p>\n<p>&nbsp;<\/p>\n<p><strong><a class=\"dt-pswp-item\" href=\"https:\/\/www.radiopiu.net\/wordpress\/wp-content\/uploads\/2025\/11\/e7f70607-5d48-4bb6-8060-6002514a0528.png\" data-dt-img-description=\"\" data-large_image_width=\"1979\" data-large_image_height=\"980\"><img loading=\"lazy\" decoding=\"async\" class=\" wp-image-478429 alignleft\" src=\"https:\/\/www.radiopiu.net\/wordpress\/wp-content\/uploads\/2025\/11\/e7f70607-5d48-4bb6-8060-6002514a0528-300x149.png\" alt=\"\" width=\"411\" height=\"204\" srcset=\"https:\/\/www.radiopiu.net\/wordpress\/wp-content\/uploads\/2025\/11\/e7f70607-5d48-4bb6-8060-6002514a0528-300x149.png 300w, https:\/\/www.radiopiu.net\/wordpress\/wp-content\/uploads\/2025\/11\/e7f70607-5d48-4bb6-8060-6002514a0528-1024x507.png 1024w, https:\/\/www.radiopiu.net\/wordpress\/wp-content\/uploads\/2025\/11\/e7f70607-5d48-4bb6-8060-6002514a0528-768x380.png 768w, https:\/\/www.radiopiu.net\/wordpress\/wp-content\/uploads\/2025\/11\/e7f70607-5d48-4bb6-8060-6002514a0528-1536x761.png 1536w, https:\/\/www.radiopiu.net\/wordpress\/wp-content\/uploads\/2025\/11\/e7f70607-5d48-4bb6-8060-6002514a0528.png 1979w\" sizes=\"auto, (max-width: 411px) 100vw, 411px\" \/><\/a>REDAZIONE<\/strong> Il giornale Radio Piu\u2019, che ogni giorno dal lunedi al sabato viene pubblicato su tutti i canali di RADIO PIU alle 6 del mattino negli ultimi tre mesi (90 giorni) \u00e8 stato visualizzato da 97.589 lettori, con una media pari a 3753 lettori al giorno. A questi si sommano gli ascolti della RADIO in provincia di Belluno (frequenze FM) in Veneto (DAB PLUS) nel mondo (streaming www.radiopiu.net)<br \/>\nA tutti grazie<\/p>\n<p><strong>mirko mezzacasa e la redazione\u00a0<\/strong><\/p>\n<p>&nbsp;<\/p>\n<p data-start=\"0\" data-end=\"90\">Ecco il grafico dell\u2019andamento mensile dei valori da\u00a0<strong data-start=\"53\" data-end=\"85\">gennaio 2023 a febbraio 2025<\/strong> Si nota una crescita costante e regolare, con lievi oscillazioni ma un trend complessivamente in aumento. il grafico aggiornato con la\u00a0<strong data-start=\"34\" data-end=\"55\">linea di tendenza<\/strong>\u00a0rossa. Il trend mostra una crescita costante e regolare nel tempo.\u00a0<strong data-start=\"131\" data-end=\"166\">Media della variazione mensile:<\/strong>\u00a0circa\u00a0<strong data-start=\"173\" data-end=\"183\">+2,56%<\/strong>\u00a0\u2014 segno di un aumento stabile mese dopo mese.<\/p>\n<p>&nbsp;<\/p>\n<hr \/>\n<div class=\"page-title-head hgroup\">\n<blockquote>\n<h1 class=\"entry-title\"><a class=\"dt-pswp-item\" href=\"https:\/\/www.radiopiu.net\/wordpress\/wp-content\/uploads\/2025\/11\/ae5186ab-9d13-4cd9-877c-7e98787dec2d.jpg\" data-dt-img-description=\"\" data-large_image_width=\"1075\" data-large_image_height=\"910\"><img loading=\"lazy\" decoding=\"async\" class=\"size-medium wp-image-478434 alignleft\" src=\"https:\/\/www.radiopiu.net\/wordpress\/wp-content\/uploads\/2025\/11\/ae5186ab-9d13-4cd9-877c-7e98787dec2d-300x254.jpg\" alt=\"\" width=\"300\" height=\"254\" srcset=\"https:\/\/www.radiopiu.net\/wordpress\/wp-content\/uploads\/2025\/11\/ae5186ab-9d13-4cd9-877c-7e98787dec2d-300x254.jpg 300w, https:\/\/www.radiopiu.net\/wordpress\/wp-content\/uploads\/2025\/11\/ae5186ab-9d13-4cd9-877c-7e98787dec2d-1024x867.jpg 1024w, https:\/\/www.radiopiu.net\/wordpress\/wp-content\/uploads\/2025\/11\/ae5186ab-9d13-4cd9-877c-7e98787dec2d-768x650.jpg 768w, https:\/\/www.radiopiu.net\/wordpress\/wp-content\/uploads\/2025\/11\/ae5186ab-9d13-4cd9-877c-7e98787dec2d.jpg 1075w\" sizes=\"auto, (max-width: 300px) 100vw, 300px\" \/><\/a>LE CARRIERE SI SEPARANO\u2026 MA SOLO NELLA QUOTIDIANIT\u00c0<\/h1>\n<\/blockquote>\n<\/div>\n<div class=\"page-title-breadcrumbs\"><\/div>\n<p>La vignetta di Pieraldo Vignazia \u201cVip\u201d, dal titolo\u00a0<em data-start=\"55\" data-end=\"71\">\u201cQuotidianit\u00e0\u201d<\/em>, gioca con arguzia sull\u2019attualit\u00e0 e sulla vita domestica. Davanti al televisore, un uomo esclama: \u00abLe carriere si separano!\u00bb, alludendo al dibattito politico sulla separazione delle carriere in magistratura. La moglie, impegnata a pulire, risponde disincantata: \u00abIn che bidone vanno?\u00bb, trasformando l\u2019espressione istituzionale in un gesto di ordinaria raccolta differenziata. Con il suo tratto semplice e ironico, Vignazia riesce ancora una volta a mettere in luce il divario tra il linguaggio della politica e la concretezza della vita di tutti i giorni \u2014 dove le \u201ccarriere\u201d da separare sono quelle della televisione e del sacco dell\u2019immondizia. Una satira sottile che invita a sorridere, ma anche a riflettere sul senso pratico (e disincantato) della gente comune.<\/p>\n<p>&nbsp;<\/p>\n<p>&nbsp;<\/p>\n<p>&nbsp;<\/p>\n<hr \/>\n<p>&nbsp;<\/p>\n<p>&nbsp;<\/p>\n<p><em><span style=\"color: #ff0000;\"><a class=\"dt-pswp-item\" href=\"https:\/\/www.radiopiu.net\/wordpress\/wp-content\/uploads\/2024\/10\/Senza-nome-8.png\" data-dt-img-description=\"\" data-large_image_width=\"343\" data-large_image_height=\"303\"><img loading=\"lazy\" decoding=\"async\" class=\"wp-image-412130 alignleft\" src=\"https:\/\/www.radiopiu.net\/wordpress\/wp-content\/uploads\/2024\/10\/Senza-nome-8-300x265.png\" alt=\"\" width=\"105\" height=\"93\" srcset=\"https:\/\/www.radiopiu.net\/wordpress\/wp-content\/uploads\/2024\/10\/Senza-nome-8-300x265.png 300w, https:\/\/www.radiopiu.net\/wordpress\/wp-content\/uploads\/2024\/10\/Senza-nome-8.png 343w\" sizes=\"auto, (max-width: 105px) 100vw, 105px\" \/><\/a><\/span><\/em><strong><em><span style=\"color: #ff0000;\"> LA\u00a0 APP PER IOS-IPHONE di Nicola Vettorello<\/span><\/em><\/strong><\/p>\n<p><strong><span style=\"color: #0000ff;\"><a style=\"color: #0000ff;\" href=\"https:\/\/apps.apple.com\/it\/app\/radio-pi%C3%B9-emittente-agordina\/id1515939845\">https:\/\/apps.apple.com\/it\/app\/radio-pi%C3%B9-emittente-agordina\/id1515939845<\/a><\/span><\/strong><\/p>\n<p><strong><em style=\"color: #ff0000;\">LA\u00a0 APP RADIO\u00a0 PER ANDROID di Nicola Vettorello<\/em><\/strong><\/p>\n<p><strong><span style=\"color: #0000ff;\"><a style=\"color: #0000ff;\" href=\"https:\/\/play.google.com\/store\/apps\/details?id=net.radiopiu.iniko\" target=\"_blank\" rel=\"noopener noreferrer\">https:\/\/<\/a><a style=\"color: #0000ff;\" href=\"https:\/\/play.google.com\/store\/apps\/details?id=net.radiopiu.iniko\" target=\"_blank\" rel=\"noopener noreferrer\">play.google.com\/store\/apps\/details?id=net.radiopiu.iniko\u00a0\u00a0\u00a0\u00a0\u00a0<\/a><\/span><\/strong><\/p>\n<p>&nbsp;<\/p>\n<p>&nbsp;<\/p>\n<hr \/>\n<p>&nbsp;<\/p>\n<blockquote>\n<div class=\"mceTemp\">\n<h1 data-start=\"0\" data-end=\"60\"><strong data-start=\"0\" data-end=\"60\">OGGI SU RADIOPI\u00d9: <span style=\"color: #000000;\">MUSICA, informazione\u00a0<\/span> e dirette\u00a0\u00a0<\/strong><\/h1>\n<\/div>\n<\/blockquote>\n<p><strong class=\"photoswipe-wrapper\"><a class=\"dt-pswp-item\" href=\"https:\/\/www.radiopiu.net\/wordpress\/wp-content\/uploads\/2025\/11\/c8a7e2bc-5227-43cf-acdb-533dba154dff.png\" data-dt-img-description=\"\" data-large_image_width=\"1024\" data-large_image_height=\"1536\"><img loading=\"lazy\" decoding=\"async\" class=\"size-medium wp-image-478421 alignleft\" src=\"https:\/\/www.radiopiu.net\/wordpress\/wp-content\/uploads\/2025\/11\/c8a7e2bc-5227-43cf-acdb-533dba154dff-200x300.png\" alt=\"\" width=\"200\" height=\"300\" srcset=\"https:\/\/www.radiopiu.net\/wordpress\/wp-content\/uploads\/2025\/11\/c8a7e2bc-5227-43cf-acdb-533dba154dff-200x300.png 200w, https:\/\/www.radiopiu.net\/wordpress\/wp-content\/uploads\/2025\/11\/c8a7e2bc-5227-43cf-acdb-533dba154dff-683x1024.png 683w, https:\/\/www.radiopiu.net\/wordpress\/wp-content\/uploads\/2025\/11\/c8a7e2bc-5227-43cf-acdb-533dba154dff-768x1152.png 768w, https:\/\/www.radiopiu.net\/wordpress\/wp-content\/uploads\/2025\/11\/c8a7e2bc-5227-43cf-acdb-533dba154dff.png 1024w\" sizes=\"auto, (max-width: 200px) 100vw, 200px\" \/><\/a>ALLE 8.05 LA RASSEGNA STAMPA LOCALE 8.25 week end marina c&#8217;e&#8217; 900\u00a0 \u00a0PREMIER LE NOVITA&#8217; MUSICALI CON MARCO GAZ 940 <\/strong><strong>10.30\u00a0 la rassegna stampa da l&#8217;amico del popolo di gianni santomaso\u00a0 10.40\u00a0 \u00a0DALLO STAND DELL&#8217;APPIA AD ARREDAMONT, LONGARONE LE INTERVISTE PER LE TRE RADIO\u00a0 11.00 arcade show con elia casagrande\u00a0 \u00a0 13.20\u00a0 collage operazione nostalgia, con loris scussel\u00a0 14.00 elettrochoc con dj jack 15.00 la classifica ufficiale di radiopiu\u00a0 <\/strong><strong>16 45 LE HIT STORICHE DI MIRCO BENCIVENNI<\/strong> <strong>19.05 LE ANTICIPAZIONI DAL TG DI ANTENNA 3 DA UN\u2019IDEA DI TIZIANA BOLOGNANI\u00a0<\/strong><\/p>\n<p>&nbsp;<\/p>\n<p>&nbsp;<\/p>\n<p>&nbsp;<\/p>\n<p>&nbsp;<\/p>\n<p>&nbsp;<\/p>\n<p>&nbsp;<\/p>\n<p>&nbsp;<\/p>\n<hr \/>\n<p>&nbsp;<\/p>\n<div class=\"x11i5rnm xat24cr x1mh8g0r x1vvkbs xtlvy1s x126k92a\">\n<blockquote>\n<h1><strong><a class=\"dt-pswp-item\" href=\"https:\/\/www.radiopiu.net\/wordpress\/wp-content\/uploads\/2024\/10\/629301fd-708d-4f53-95c2-d28cbefd500f.jpg\" data-dt-img-description=\"\" data-large_image_width=\"1600\" data-large_image_height=\"1322\"><img loading=\"lazy\" decoding=\"async\" class=\"wp-image-413782 alignright\" src=\"https:\/\/www.radiopiu.net\/wordpress\/wp-content\/uploads\/2024\/10\/629301fd-708d-4f53-95c2-d28cbefd500f-300x248.jpg\" alt=\"\" width=\"106\" height=\"88\" srcset=\"https:\/\/www.radiopiu.net\/wordpress\/wp-content\/uploads\/2024\/10\/629301fd-708d-4f53-95c2-d28cbefd500f-300x248.jpg 300w, https:\/\/www.radiopiu.net\/wordpress\/wp-content\/uploads\/2024\/10\/629301fd-708d-4f53-95c2-d28cbefd500f-1024x846.jpg 1024w, https:\/\/www.radiopiu.net\/wordpress\/wp-content\/uploads\/2024\/10\/629301fd-708d-4f53-95c2-d28cbefd500f-768x635.jpg 768w, https:\/\/www.radiopiu.net\/wordpress\/wp-content\/uploads\/2024\/10\/629301fd-708d-4f53-95c2-d28cbefd500f-1536x1269.jpg 1536w, https:\/\/www.radiopiu.net\/wordpress\/wp-content\/uploads\/2024\/10\/629301fd-708d-4f53-95c2-d28cbefd500f.jpg 1600w\" sizes=\"auto, (max-width: 106px) 100vw, 106px\" \/><\/a><\/strong><\/h1>\n<h1><strong><a class=\"dt-pswp-item\" href=\"https:\/\/www.radiopiu.net\/wordpress\/wp-content\/uploads\/2024\/11\/th-18.jpg\" data-dt-img-description=\"\" data-large_image_width=\"156\" data-large_image_height=\"180\"><img loading=\"lazy\" decoding=\"async\" class=\"size-full wp-image-421611 alignleft\" src=\"https:\/\/www.radiopiu.net\/wordpress\/wp-content\/uploads\/2024\/11\/th-18.jpg\" alt=\"\" width=\"156\" height=\"180\" \/><\/a><\/strong><\/h1>\n<h1><strong>N di parom &#8211; L Almanach de la nosta jent<\/strong><\/h1>\n<\/blockquote>\n<p>&nbsp;<\/p>\n<p>Le voci: Davide Conedera, Agordo, Michela Dell&#8217;Osbel, La Valle Agordina Simone Ganz, Falcade Veronica Lezuo, Colle Santa Lucia. La voce nella sigla \u00e8 di Giorgia Taio<\/p>\n<p><strong>LA PUNTATA DI OGGI, 01 NOVEMBRE 2025<\/strong><\/p>\n<p>&nbsp;<\/p>\n<audio class=\"wp-audio-shortcode\" id=\"audio-478189-1\" preload=\"none\" style=\"width: 100%;\" controls=\"controls\"><source type=\"audio\/mpeg\" src=\"https:\/\/www.radiopiu.net\/wordpress\/wp-content\/uploads\/2025\/10\/AL6-3.mp3?_=1\" \/><a href=\"https:\/\/www.radiopiu.net\/wordpress\/wp-content\/uploads\/2025\/10\/AL6-3.mp3\">https:\/\/www.radiopiu.net\/wordpress\/wp-content\/uploads\/2025\/10\/AL6-3.mp3<\/a><\/audio>\n<p>&nbsp;<\/p>\n<\/div>\n<hr \/>\n<p>&nbsp;<\/p>\n<p>&nbsp;<\/p>\n<div class=\"x11i5rnm xat24cr x1mh8g0r x1vvkbs xtlvy1s x126k92a\">\n<div dir=\"auto\">\n<div dir=\"auto\">\n<p><strong><a class=\"dt-pswp-item\" href=\"https:\/\/www.radiopiu.net\/wordpress\/wp-content\/uploads\/2025\/09\/file-4.jpg\" data-dt-img-description=\"\" data-large_image_width=\"640\" data-large_image_height=\"641\"><img loading=\"lazy\" decoding=\"async\" class=\"wp-image-471370 alignleft\" src=\"https:\/\/www.radiopiu.net\/wordpress\/wp-content\/uploads\/2025\/09\/file-4-300x300.jpg\" alt=\"\" width=\"170\" height=\"170\" srcset=\"https:\/\/www.radiopiu.net\/wordpress\/wp-content\/uploads\/2025\/09\/file-4-300x300.jpg 300w, https:\/\/www.radiopiu.net\/wordpress\/wp-content\/uploads\/2025\/09\/file-4-150x150.jpg 150w, https:\/\/www.radiopiu.net\/wordpress\/wp-content\/uploads\/2025\/09\/file-4.jpg 640w\" sizes=\"auto, (max-width: 170px) 100vw, 170px\" \/><\/a>EL BAL DEL FIOR, DI GIULIANA DA RONCH, 01 NOVEMBRE<\/strong><strong>\u00a02025<\/strong><\/p>\n<\/div>\n<\/div>\n<div dir=\"auto\">\n<div dir=\"auto\">\n<p>&nbsp;<\/p>\n<\/div>\n<\/div>\n<\/div>\n<div class=\"x11i5rnm xat24cr x1mh8g0r x1vvkbs xtlvy1s x126k92a\">\n<div dir=\"auto\">\n<p>&nbsp;<\/p>\n<p>&nbsp;<\/p>\n<audio class=\"wp-audio-shortcode\" id=\"audio-478189-2\" preload=\"none\" style=\"width: 100%;\" controls=\"controls\"><source type=\"audio\/mpeg\" src=\"https:\/\/www.radiopiu.net\/wordpress\/wp-content\/uploads\/2025\/10\/GSA-3.mp3?_=2\" \/><a href=\"https:\/\/www.radiopiu.net\/wordpress\/wp-content\/uploads\/2025\/10\/GSA-3.mp3\">https:\/\/www.radiopiu.net\/wordpress\/wp-content\/uploads\/2025\/10\/GSA-3.mp3<\/a><\/audio>\n<p>&nbsp;<\/p>\n<hr \/>\n<\/div>\n<\/div>\n<blockquote>\n<blockquote>\n<h1><span style=\"color: #ff0000;\">\u00a0<\/span><\/h1>\n<h1><span style=\"color: #ff0000;\">I podcast informativi del mattino &#8211; audio &#8211;\u00a0\u00a0<\/span><\/h1>\n<\/blockquote>\n<p><strong><a class=\"dt-pswp-item\" href=\"https:\/\/www.radiopiu.net\/wordpress\/wp-content\/uploads\/2024\/11\/6.jpg\" data-dt-img-description=\"\" data-large_image_width=\"177\" data-large_image_height=\"180\"><img loading=\"lazy\" decoding=\"async\" class=\"size-full wp-image-417911 alignleft\" src=\"https:\/\/www.radiopiu.net\/wordpress\/wp-content\/uploads\/2024\/11\/6.jpg\" alt=\"\" width=\"177\" height=\"180\" \/><\/a>LA RASSEGNA STAMPA NAZIONALE ALLA RADIO, OGNI GIORNO ALLE 5 E ALLE 6 DEL MATTINO <span style=\"color: #0000ff;\">viene pubblicata alle 6.00 <span style=\"color: #ff0000;\">DIRETTA RADIO\u00a0 \u00a0\u00a0<\/span><\/span><\/strong><\/p><\/blockquote>\n<h1><strong>NOTIZIE DELLA NOTTE\u00a0 \u00a0<\/strong><\/h1>\n<p data-start=\"0\" data-end=\"251\"><strong>NAPOLI<\/strong> \u2013 Tragedia nella notte: un poliziotto \u00e8 morto in un incidente stradale mentre era a bordo della volante di servizio. Il sinistro \u00e8 avvenuto nel Napoletano; inutili i soccorsi. Ancora in corso le indagini per chiarire la dinamica dell\u2019impatto.<\/p>\n<p data-start=\"253\" data-end=\"480\"><strong>BERLINO<\/strong> \u2013 Allarme droni all\u2019aeroporto della capitale tedesca: voli sospesi per circa due ore, con decine di cancellazioni e ritardi. Le autorit\u00e0 hanno ripristinato la piena operativit\u00e0 dopo aver accertato la fine del rischio.<\/p>\n<p data-start=\"482\" data-end=\"662\"><strong>ROMA<\/strong> \u2013 Blitz alle porte della capitale dopo le minacce rivolte al sindaco Roberto Gualtieri sui social. Le forze dell\u2019ordine hanno individuato l\u2019autore dei messaggi intimidatori.<\/p>\n<p data-start=\"664\" data-end=\"852\"><strong>NEW YORK<\/strong> \u2013 Lo shutdown paralizza temporaneamente il traffico aereo al JFK: stop ai voli e disagi per centinaia di passeggeri, mentre il governo tenta un accordo in extremis sul bilancio.<\/p>\n<p data-start=\"854\" data-end=\"991\"><strong>WASHINGTON<\/strong> \u2013 La Casa Bianca limita l\u2019accesso dei giornalisti alla West Wing, misura legata a nuove regole di sicurezza e spazi ridotti.<\/p>\n<p data-start=\"1176\" data-end=\"1318\"><strong>GAZA CITY<\/strong> \u2013 Gli Stati Uniti offrono ad Hamas un passaggio sicuro all\u2019interno della Striscia per favorire i negoziati e la tregua umanitaria.<\/p>\n<p data-start=\"1320\" data-end=\"1445\"><strong>PECHINO<\/strong> \u2013 La Cina riapre parzialmente all\u2019export di alcuni chip Nexperia, allentando le restrizioni per le aziende europee.<\/p>\n<h1>IL GIORNALE DELLE SEI DEL MATTINO<\/h1>\n<audio class=\"wp-audio-shortcode\" id=\"audio-478189-3\" preload=\"none\" style=\"width: 100%;\" controls=\"controls\"><source type=\"audio\/mpeg\" src=\"https:\/\/www.radiopiu.net\/wordpress\/wp-content\/uploads\/2025\/11\/GIORNALEDELLESEI.mp3?_=3\" \/><a href=\"https:\/\/www.radiopiu.net\/wordpress\/wp-content\/uploads\/2025\/11\/GIORNALEDELLESEI.mp3\">https:\/\/www.radiopiu.net\/wordpress\/wp-content\/uploads\/2025\/11\/GIORNALEDELLESEI.mp3<\/a><\/audio>\n<p>&nbsp;<\/p>\n<hr \/>\n<p>&nbsp;<\/p>\n<h1 style=\"text-align: center;\"><span style=\"color: #ff0000;\"><a class=\"dt-pswp-item\" href=\"https:\/\/www.radiopiu.net\/wordpress\/wp-content\/uploads\/2024\/11\/7.jpg\" data-dt-img-description=\"\" data-large_image_width=\"180\" data-large_image_height=\"180\"><img loading=\"lazy\" decoding=\"async\" class=\"size-full wp-image-417912 alignleft\" src=\"https:\/\/www.radiopiu.net\/wordpress\/wp-content\/uploads\/2024\/11\/7.jpg\" alt=\"\" width=\"180\" height=\"180\" srcset=\"https:\/\/www.radiopiu.net\/wordpress\/wp-content\/uploads\/2024\/11\/7.jpg 180w, https:\/\/www.radiopiu.net\/wordpress\/wp-content\/uploads\/2024\/11\/7-150x150.jpg 150w\" sizes=\"auto, (max-width: 180px) 100vw, 180px\" \/><\/a>I podcast informativi del mattino &#8211; audio &#8211;\u00a0<\/span><\/h1>\n<p><strong>OGNI GIORNO ALLE SETTE DEL MATTINO, LA RASSEGNA STAMPA LOCALE FLASH&#8230; PER CHI VA IN FRETTA. I TITOLI DAI GIORNALI E DAL SITO WWW.RADIOPIU.NET <span style=\"color: #0000ff;\">viene pubblicato alle 7.00<\/span> <span style=\"color: #ff0000;\">DIRETTA RADIO\u00a0<\/span><\/strong><\/p>\n<p><em><span style=\"color: #ff0000;\">per chi va in fretta&#8230; tante notizie in pochi minuti. L&#8217;informazione locale alla radio, ogni ora dalle 7 del mattino alle 19 della sera.\u00a0\u00a0<\/span><\/em><\/p>\n<p><strong data-start=\"0\" data-end=\"62\">Notizie locali dal Bellunese: tra cronaca, eventi e novit\u00e0<\/strong><\/p>\n<div class=\"flex flex-1 grow basis-auto flex-col overflow-hidden\">\n<div class=\"relative h-full\">\n<div class=\"flex h-full flex-col overflow-y-auto [scrollbar-gutter:stable]\">\n<div class=\"mt-1.5 flex flex-col text-sm @thread-xl\/thread:pt-header-height md:pb-9\">\n<article class=\"group\/turn w-full text-token-text-primary focus-visible:outline-none\" dir=\"auto\" tabindex=\"-1\" data-testid=\"conversation-turn-2\" data-scroll-anchor=\"true\">\n<div class=\"text-base my-auto mx-auto py-5 px-6\">\n<div class=\"mx-auto flex flex-1 text-base gap-4 md:gap-5 lg:gap-6 md:max-w-3xl\">\n<div class=\"group\/conversation-turn relative flex w-full min-w-0 flex-col agent-turn @xs\/thread:px-0 @sm\/thread:px-1.5 @md\/thread:px-4\">\n<div class=\"relative flex-col gap-1 md:gap-3\">\n<div class=\"flex max-w-full flex-col flex-grow\">\n<div class=\"min-h-8 text-message relative flex w-full flex-col items-end gap-2 whitespace-normal break-words text-start [.text-message+&amp;]:mt-5\" dir=\"auto\" data-message-author-role=\"assistant\" data-message-id=\"bff05fc0-dc7c-4ab7-9b20-d3eec753127b\" data-message-model-slug=\"gpt-4o-mini\">\n<div class=\"flex w-full flex-col gap-1 empty:hidden first:pt-[3px]\">\n<div class=\"markdown prose w-full break-words dark:prose-invert dark\">\n<p class=\"\" data-start=\"64\" data-end=\"329\"><em><strong>Radio Pi\u00f9 offre una panoramica sui principali eventi e notizie in provincia di Belluno, accompagnata dalla programmazione radiofonica. Tra le principali notizie<\/strong><\/em><\/p>\n<\/div>\n<\/div>\n<\/div>\n<\/div>\n<\/div>\n<\/div>\n<\/div>\n<\/div>\n<\/article>\n<\/div>\n<\/div>\n<\/div>\n<\/div>\n<h1>AUDIO dalle 7 del mattino<\/h1>\n<audio class=\"wp-audio-shortcode\" id=\"audio-478189-4\" preload=\"none\" style=\"width: 100%;\" controls=\"controls\"><source type=\"audio\/mpeg\" src=\"https:\/\/www.radiopiu.net\/wordpress\/wp-content\/uploads\/2025\/11\/GF07.mp3?_=4\" \/><a href=\"https:\/\/www.radiopiu.net\/wordpress\/wp-content\/uploads\/2025\/11\/GF07.mp3\">https:\/\/www.radiopiu.net\/wordpress\/wp-content\/uploads\/2025\/11\/GF07.mp3<\/a><\/audio>\n<p>&nbsp;<\/p>\n<hr \/>\n<p>&nbsp;<\/p>\n<h1><\/h1>\n<h1 style=\"text-align: center;\"><span style=\"color: #ff0000;\"><a class=\"dt-pswp-item\" href=\"https:\/\/www.radiopiu.net\/wordpress\/wp-content\/uploads\/2024\/11\/th.jpg\" data-dt-img-description=\"\" data-large_image_width=\"148\" data-large_image_height=\"179\"><img loading=\"lazy\" decoding=\"async\" class=\" wp-image-417913 alignleft\" src=\"https:\/\/www.radiopiu.net\/wordpress\/wp-content\/uploads\/2024\/11\/th.jpg\" alt=\"\" width=\"66\" height=\"80\" \/><\/a>I podcast informativi del mattino &#8211; audio &#8211;\u00a0<\/span><\/h1>\n<blockquote><p><strong>GIORNALE RADIO NAZIONALE, EDIZIONE DELLE SETTE <span style=\"color: #0000ff;\">viene pubblicato alle 7.05 <span style=\"color: #ff0000;\">DIRETTA RADIO\u00a0<\/span><\/span><\/strong><\/p><\/blockquote>\n<p><strong>il giornale radionazionale e&#8217; in onda ogni ora, dalle sette del mattino alle venti della sera\u00a0 \u00a0\u00a0<\/strong><\/p>\n<blockquote>\n<h2><em><a class=\"dt-pswp-item\" href=\"https:\/\/www.radiopiu.net\/wordpress\/wp-content\/uploads\/2025\/02\/download-7.jpg\" data-dt-img-description=\"\" data-large_image_width=\"211\" data-large_image_height=\"239\"><img loading=\"lazy\" decoding=\"async\" class=\" wp-image-435553 alignleft\" src=\"https:\/\/www.radiopiu.net\/wordpress\/wp-content\/uploads\/2025\/02\/download-7.jpg\" alt=\"\" width=\"186\" height=\"211\" \/><\/a><span style=\"color: #ff0000;\">RADIOPI\u00d9<\/span> \u2013 La voce del territorio, lo sguardo sul Paese.\u00a0<\/em><\/h2>\n<\/blockquote>\n<div class=\"flex basis-auto flex-col -mb-(--composer-overlap-px) [--composer-overlap-px:55px] grow overflow-hidden\">\n<div class=\"relative h-full\">\n<div class=\"flex h-full flex-col overflow-y-auto [scrollbar-gutter:stable_both-edges] @[84rem]\/thread:pt-(--header-height)\">\n<div class=\"@thread-xl\/thread:pt-header-height flex flex-col text-sm pb-25\">\n<article class=\"text-token-text-primary w-full focus:outline-none scroll-mt-[calc(var(--header-height)+min(200px,max(70px,20svh)))]\" dir=\"auto\" tabindex=\"-1\" data-testid=\"conversation-turn-68\" data-scroll-anchor=\"true\" data-turn=\"assistant\">\n<div class=\"text-base my-auto mx-auto pb-10 [--thread-content-margin:--spacing(4)] @[37rem]:[--thread-content-margin:--spacing(6)] @[72rem]:[--thread-content-margin:--spacing(16)] px-(--thread-content-margin)\">\n<div class=\"[--thread-content-max-width:32rem] @[34rem]:[--thread-content-max-width:40rem] @[64rem]:[--thread-content-max-width:48rem] mx-auto max-w-(--thread-content-max-width) flex-1 group\/turn-messages focus-visible:outline-hidden relative flex w-full min-w-0 flex-col agent-turn\" tabindex=\"-1\">\n<div class=\"flex max-w-full flex-col grow\">\n<div class=\"min-h-8 text-message relative flex w-full flex-col items-end gap-2 text-start break-words whitespace-normal [.text-message+&amp;]:mt-5\" dir=\"auto\" data-message-author-role=\"assistant\" data-message-id=\"44b2bab2-310d-4a9e-8ff2-f21a32a7d5b3\" data-message-model-slug=\"gpt-4-1-mini\">\n<div class=\"flex w-full flex-col gap-1 empty:hidden first:pt-[3px]\">\n<div class=\"markdown prose dark:prose-invert w-full break-words dark\">\n<div class=\"pointer-events-none h-px w-px\" aria-hidden=\"true\" data-edge=\"true\">\n<p data-start=\"0\" data-end=\"242\"><strong>ROMA \u2013<\/strong> Blitz delle forze dell\u2019ordine alle porte della capitale dopo le minacce rivolte al sindaco Roberto Gualtieri sui social. Gli investigatori hanno individuato l\u2019area da cui partivano i messaggi, collegata ad alcune famiglie sgomberate.<\/p>\n<p data-start=\"244\" data-end=\"471\"><strong>ROMA<\/strong> \u2013 Folla e commozione ai funerali di Beatrice Bellucci, la giovane vittima dell\u2019incidente stradale che ha scosso la capitale. \u201cTutta Roma \u00e8 qui per te\u201d \u2014 hanno detto gli amici durante l\u2019ultimo saluto, tra dolore e rabbia.<\/p>\n<p data-start=\"473\" data-end=\"673\"><strong>SAN GIULIANO DI PUGLIA<\/strong> \u2013 A 23 anni dal terremoto che cost\u00f2 la vita a 27 bambini e alla loro maestra, restano ancora aperti 200 cantieri per la ricostruzione. Le famiglie chiedono di non dimenticare.<\/p>\n<p data-start=\"675\" data-end=\"847\"><strong>BIELLA<\/strong> \u2013 Condannato a un anno e tre mesi, con pena sospesa, l\u2019ex deputato Emanuele Pozzolo per lo sparo di Capodanno: \u00e8 stato ritenuto colpevole di porto illegale d\u2019arma.<\/p>\n<p data-start=\"849\" data-end=\"1024\"><strong>PERUGIA \u2013<\/strong> L\u2019ex pm del caso Meredith Kercher fa un nuovo nome legato all\u2019omicidio, ma la Procura non apre alcuna nuova indagine, ritenendo insufficienti gli elementi forniti.<\/p>\n<p data-start=\"1219\" data-end=\"1382\"><strong>NAPOLI \u2013<\/strong> Educatrice licenziata nel quartiere Pianura dopo aver legato una bambina alla sedia con una sciarpa. A Mantova sospese sette maestre per maltrattamenti.<\/p>\n<p data-start=\"1525\" data-end=\"1688\"><strong>MILANO \u2013<\/strong> Truffa da 80 milioni nel fotovoltaico: raggirate circa seimila persone con la promessa di alti guadagni da investimenti in pannelli solari galleggianti.<\/p>\n<p data-start=\"1690\" data-end=\"1878\" data-is-last-node=\"\" data-is-only-node=\"\"><strong>MONZA<\/strong> \u2013 Sequestro da 1,2 miliardi di euro in azioni della Davide Campari: la Guardia di Finanza blocca i titoli della holding lussemburghese Lagfin per mancato versamento della \u201cexit tax\u201d.<\/p>\n<p data-start=\"1690\" data-end=\"1878\" data-is-last-node=\"\" data-is-only-node=\"\">\n<\/div>\n<\/div>\n<\/div>\n<\/div>\n<\/div>\n<\/div>\n<\/div>\n<\/article>\n<\/div>\n<\/div>\n<\/div>\n<\/div>\n<article class=\"text-token-text-primary w-full focus:outline-none scroll-mt-[calc(var(--header-height)+min(200px,max(70px,20svh)))]\" dir=\"auto\" tabindex=\"-1\" data-testid=\"conversation-turn-72\" data-scroll-anchor=\"true\" data-turn=\"assistant\">\n<div class=\"text-base my-auto mx-auto pb-10 [--thread-content-margin:--spacing(4)] @[37rem]:[--thread-content-margin:--spacing(6)] @[72rem]:[--thread-content-margin:--spacing(16)] px-(--thread-content-margin)\">\n<div class=\"[--thread-content-max-width:32rem] @[34rem]:[--thread-content-max-width:40rem] @[64rem]:[--thread-content-max-width:48rem] mx-auto max-w-(--thread-content-max-width) flex-1 group\/turn-messages focus-visible:outline-hidden relative flex w-full min-w-0 flex-col agent-turn\" tabindex=\"-1\">\n<div class=\"flex max-w-full flex-col grow\">\n<div class=\"min-h-8 text-message relative flex w-full flex-col items-end gap-2 text-start break-words whitespace-normal [.text-message+&amp;]:mt-5\" dir=\"auto\" data-message-author-role=\"assistant\" data-message-id=\"6ad35c52-e3d0-4186-88d9-35bb4972681f\" data-message-model-slug=\"gpt-4o\">\n<div class=\"flex w-full flex-col gap-1 empty:hidden first:pt-[3px]\">\n<div class=\"markdown prose dark:prose-invert w-full break-words dark\">\n<article class=\"text-token-text-primary w-full\" dir=\"auto\" data-testid=\"conversation-turn-163\" data-scroll-anchor=\"true\">\n<div class=\"text-base my-auto mx-auto pb-10 [--thread-content-margin:--spacing(4)] @[37rem]:[--thread-content-margin:--spacing(6)] @[72rem]:[--thread-content-margin:--spacing(16)] px-(--thread-content-margin)\">\n<div class=\"[--thread-content-max-width:32rem] @[34rem]:[--thread-content-max-width:40rem] @[64rem]:[--thread-content-max-width:48rem] mx-auto flex max-w-(--thread-content-max-width) flex-1 text-base gap-4 md:gap-5 lg:gap-6 group\/turn-messages focus-visible:outline-hidden\" tabindex=\"-1\">\n<div class=\"group\/conversation-turn relative flex w-full min-w-0 flex-col agent-turn\">\n<div class=\"relative flex-col gap-1 md:gap-3\">\n<div class=\"flex max-w-full flex-col grow\">\n<div class=\"min-h-8 text-message relative flex w-full flex-col items-end gap-2 text-start break-words whitespace-normal [.text-message+&amp;]:mt-5\" dir=\"auto\" data-message-author-role=\"assistant\" data-message-id=\"efdea043-c36a-42e6-8e01-aec593793ec1\" data-message-model-slug=\"gpt-4o\">\n<div class=\"flex w-full flex-col gap-1 empty:hidden first:pt-[3px]\">\n<div class=\"markdown prose dark:prose-invert w-full break-words dark\">\n<article class=\"text-token-text-primary w-full focus:outline-none scroll-mt-[calc(var(--header-height)+min(200px,max(70px,20svh)))]\" dir=\"auto\" tabindex=\"-1\" data-testid=\"conversation-turn-162\" data-scroll-anchor=\"true\" data-turn=\"assistant\">\n<div class=\"text-base my-auto mx-auto pb-10 [--thread-content-margin:--spacing(4)] @[37rem]:[--thread-content-margin:--spacing(6)] @[72rem]:[--thread-content-margin:--spacing(16)] px-(--thread-content-margin)\">\n<div class=\"[--thread-content-max-width:32rem] @[34rem]:[--thread-content-max-width:40rem] @[64rem]:[--thread-content-max-width:48rem] mx-auto max-w-(--thread-content-max-width) flex-1 group\/turn-messages focus-visible:outline-hidden relative flex w-full min-w-0 flex-col agent-turn\" tabindex=\"-1\">\n<div class=\"flex max-w-full flex-col grow\">\n<div class=\"min-h-8 text-message relative flex w-full flex-col items-end gap-2 text-start break-words whitespace-normal [.text-message+&amp;]:mt-5\" dir=\"auto\" data-message-author-role=\"assistant\" data-message-id=\"842efa5e-0b6b-4c68-b1eb-9dd894bae6c3\" data-message-model-slug=\"gpt-4o\">\n<div class=\"flex w-full flex-col gap-1 empty:hidden first:pt-[3px]\">\n<div class=\"markdown prose dark:prose-invert w-full break-words dark\">\n<div class=\"flex basis-auto flex-col -mb-(--composer-overlap-px) [--composer-overlap-px:55px] grow overflow-hidden\">\n<div class=\"relative h-full\">\n<div class=\"flex h-full flex-col overflow-y-auto [scrollbar-gutter:stable_both-edges] @[84rem]\/thread:pt-(--header-height)\">\n<div class=\"@thread-xl\/thread:pt-header-height flex flex-col text-sm pb-25\">\n<article class=\"text-token-text-primary w-full focus:outline-none scroll-mt-[calc(var(--header-height)+min(200px,max(70px,20svh)))]\" dir=\"auto\" tabindex=\"-1\" data-testid=\"conversation-turn-18\" data-scroll-anchor=\"true\" data-turn=\"assistant\">\n<div class=\"text-base my-auto mx-auto pb-10 [--thread-content-margin:--spacing(4)] @[37rem]:[--thread-content-margin:--spacing(6)] @[72rem]:[--thread-content-margin:--spacing(16)] px-(--thread-content-margin)\">\n<div class=\"[--thread-content-max-width:32rem] @[34rem]:[--thread-content-max-width:40rem] @[64rem]:[--thread-content-max-width:48rem] mx-auto max-w-(--thread-content-max-width) flex-1 group\/turn-messages focus-visible:outline-hidden relative flex w-full min-w-0 flex-col agent-turn\" tabindex=\"-1\">\n<div class=\"flex max-w-full flex-col grow\">\n<div class=\"min-h-8 text-message relative flex w-full flex-col items-end gap-2 text-start break-words whitespace-normal [.text-message+&amp;]:mt-5\" dir=\"auto\" data-message-author-role=\"assistant\" data-message-id=\"10a6d749-a0ed-478c-a66e-5f27b47e163c\" data-message-model-slug=\"gpt-5\">\n<div class=\"flex w-full flex-col gap-1 empty:hidden first:pt-[3px]\">\n<div class=\"markdown prose dark:prose-invert w-full break-words dark\">\n<hr data-start=\"1055\" data-end=\"1058\" \/>\n<\/div>\n<\/div>\n<\/div>\n<\/div>\n<\/div>\n<\/div>\n<\/article>\n<\/div>\n<\/div>\n<\/div>\n<\/div>\n<div id=\"thread-bottom-container\" class=\"content-fade relative isolate z-10 w-full basis-auto has-data-has-thread-error:pt-2 has-data-has-thread-error:[box-shadow:var(--sharp-edge-bottom-shadow)] md:border-transparent md:pt-0 dark:border-white\/20 md:dark:border-transparent flex flex-col\">\n<div id=\"thread-bottom\">\n<div class=\"text-base mx-auto [--thread-content-margin:--spacing(4)] @[37rem]:[--thread-content-margin:--spacing(6)] @[72rem]:[--thread-content-margin:--spacing(16)] px-(--thread-content-margin)\">\n<div class=\"[--thread-content-max-width:32rem] @[34rem]:[--thread-content-max-width:40rem] @[64rem]:[--thread-content-max-width:48rem] mx-auto max-w-(--thread-content-max-width) flex-1\">\n<div class=\"max-xs:[--force-hide-label:none] relative z-1 flex h-full max-w-full flex-1 flex-col\">\n<form class=\"w-full [view-transition-name:var(--vt-composer)]\" data-type=\"unified-composer\">\n<div class=\"bg-token-bg-primary shadow-short flex w-full cursor-text flex-col items-center justify-center overflow-clip bg-clip-padding contain-inline-size dark:bg-[#303030] rounded-[28px]\">\n<div class=\"relative flex min-h-14 w-full items-end\">\n<div class=\"relative flex w-full flex-auto flex-col\">\n<div class=\"relative mx-5 flex min-h-14 flex-auto bg-transparent items-start\">\n<div class=\"_prosemirror-parent_276o5_2 text-token-text-primary max-h-[25dvh] max-h-52 flex-1 overflow-auto [scrollbar-width:thin] default-browser vertical-scroll-fade-mask\">\n<div id=\"prompt-textarea\" class=\"ProseMirror\" contenteditable=\"true\" translate=\"no\" data-virtualkeyboard=\"true\"><\/div>\n<\/div>\n<\/div>\n<\/div>\n<\/div>\n<\/div>\n<\/form>\n<\/div>\n<\/div>\n<\/div>\n<\/div>\n<\/div>\n<\/div>\n<\/div>\n<\/div>\n<\/div>\n<\/div>\n<\/div>\n<\/article>\n<\/div>\n<\/div>\n<\/div>\n<\/div>\n<\/div>\n<\/div>\n<\/div>\n<\/div>\n<\/article>\n<\/div>\n<\/div>\n<\/div>\n<\/div>\n<\/div>\n<\/div>\n<\/article>\n<article class=\"text-token-text-primary w-full focus:outline-none scroll-mt-[calc(var(--header-height)+min(200px,max(70px,20svh)))]\" dir=\"auto\" tabindex=\"-1\" data-testid=\"conversation-turn-72\" data-scroll-anchor=\"true\" data-turn=\"assistant\">\n<div class=\"text-base my-auto mx-auto pb-10 [--thread-content-margin:--spacing(4)] @[37rem]:[--thread-content-margin:--spacing(6)] @[72rem]:[--thread-content-margin:--spacing(16)] px-(--thread-content-margin)\">\n<div class=\"[--thread-content-max-width:32rem] @[34rem]:[--thread-content-max-width:40rem] @[64rem]:[--thread-content-max-width:48rem] mx-auto max-w-(--thread-content-max-width) flex-1 group\/turn-messages focus-visible:outline-hidden relative flex w-full min-w-0 flex-col agent-turn\" tabindex=\"-1\">\n<div class=\"flex max-w-full flex-col grow\">\n<div class=\"min-h-8 text-message relative flex w-full flex-col items-end gap-2 text-start break-words whitespace-normal [.text-message+&amp;]:mt-5\" dir=\"auto\" data-message-author-role=\"assistant\" data-message-id=\"6ad35c52-e3d0-4186-88d9-35bb4972681f\" data-message-model-slug=\"gpt-4o\">\n<div class=\"flex w-full flex-col gap-1 empty:hidden first:pt-[3px]\">\n<div class=\"markdown prose dark:prose-invert w-full break-words dark\">\n<article class=\"text-token-text-primary w-full\" dir=\"auto\" data-testid=\"conversation-turn-163\" data-scroll-anchor=\"true\">\n<div class=\"text-base my-auto mx-auto pb-10 [--thread-content-margin:--spacing(4)] @[37rem]:[--thread-content-margin:--spacing(6)] @[72rem]:[--thread-content-margin:--spacing(16)] px-(--thread-content-margin)\">\n<div class=\"[--thread-content-max-width:32rem] @[34rem]:[--thread-content-max-width:40rem] @[64rem]:[--thread-content-max-width:48rem] mx-auto flex max-w-(--thread-content-max-width) flex-1 text-base gap-4 md:gap-5 lg:gap-6 group\/turn-messages focus-visible:outline-hidden\" tabindex=\"-1\">\n<div class=\"group\/conversation-turn relative flex w-full min-w-0 flex-col agent-turn\">\n<div class=\"flex items-center justify-center\"><\/div>\n<\/div>\n<\/div>\n<\/div>\n<\/article>\n<\/div>\n<\/div>\n<\/div>\n<\/div>\n<\/div>\n<\/div>\n<\/article>\n<blockquote>\n<h2><span style=\"color: #ff0000;\"><strong><a class=\"dt-pswp-item\" href=\"https:\/\/www.radiopiu.net\/wordpress\/wp-content\/uploads\/2025\/02\/download-3.jpg\" data-dt-img-description=\"\" data-large_image_width=\"223\" data-large_image_height=\"226\"><img loading=\"lazy\" decoding=\"async\" class=\"size-full wp-image-434732 alignleft\" src=\"https:\/\/www.radiopiu.net\/wordpress\/wp-content\/uploads\/2025\/02\/download-3.jpg\" alt=\"\" width=\"223\" height=\"226\" \/><\/a><\/strong>RADIOPI\u00d9<\/span> \u2013 Dalle Dolomiti alla pianura, i fatti che segnano la Regione.<\/h2>\n<\/blockquote>\n<article class=\"text-token-text-primary w-full focus:outline-none scroll-mt-[calc(var(--header-height)+min(200px,max(70px,20svh)))]\" dir=\"auto\" tabindex=\"-1\" data-testid=\"conversation-turn-112\" data-scroll-anchor=\"true\" data-turn=\"assistant\">\n<div class=\"text-base my-auto mx-auto pb-10 [--thread-content-margin:--spacing(4)] @[37rem]:[--thread-content-margin:--spacing(6)] @[72rem]:[--thread-content-margin:--spacing(16)] px-(--thread-content-margin)\">\n<div class=\"[--thread-content-max-width:32rem] @[34rem]:[--thread-content-max-width:40rem] @[64rem]:[--thread-content-max-width:48rem] mx-auto max-w-(--thread-content-max-width) flex-1 group\/turn-messages focus-visible:outline-hidden relative flex w-full min-w-0 flex-col agent-turn\" tabindex=\"-1\">\n<div class=\"flex max-w-full flex-col grow\">\n<div class=\"min-h-8 text-message relative flex w-full flex-col items-end gap-2 text-start break-words whitespace-normal [.text-message+&amp;]:mt-5\" dir=\"auto\" data-message-author-role=\"assistant\" data-message-id=\"74820017-8765-4ccc-b0c7-da916c45f87f\" data-message-model-slug=\"gpt-5\">\n<div class=\"flex w-full flex-col gap-1 empty:hidden first:pt-[3px]\">\n<div class=\"markdown prose dark:prose-invert w-full break-words dark\">\n<p data-start=\"0\" data-end=\"304\"><strong>BASSANO DEL GRAPPA<\/strong> \u2013 L\u2019ex compagno di Jessica Stappazzollo ha confessato il femminicidio: la donna \u00e8 stata colpita con 27 coltellate, due delle quali mortali. Il giudice ha convalidato l\u2019arresto<\/p>\n<p data-start=\"306\" data-end=\"485\"><strong>VENEZIA<\/strong> \u2013 Tre feriti non gravi in un incidente nel Veneziano: un\u2019ambulanza si \u00e8 ribaltata dopo uno scontro con un\u2019auto. Sul posto i soccorsi e la polizia stradale per i rilievi.<\/p>\n<p data-start=\"487\" data-end=\"684\"><strong>MONTE BALDO (VERONA<\/strong>) \u2013 Ricerche in corso per un esperto di costruzioni militari disperso da ore: l\u2019uomo era partito per cercare una trincea della Prima guerra mondiale e non ha pi\u00f9 fatto ritorno.<\/p>\n<p data-start=\"487\" data-end=\"684\"><strong>VICENZA<\/strong> \u2013 Donna assolta in revisione: aveva lasciato la figlia a un uomo poi condannato per abusi, ma lo fece per paura e sotto minaccia.<\/p>\n<p data-start=\"487\" data-end=\"684\"><strong>TREVISO<\/strong> \u2013 Aperta un\u2019inchiesta su una coppia che avrebbe cresciuto tre figli isolandoli nei boschi per \u201cpreservare il rapporto tra uomo e natura\u201d. La Procura valuta l\u2019affidamento dei minori.<\/p>\n<p data-start=\"487\" data-end=\"684\"><strong>VICENZA<\/strong> \u2013 Arrestato un 40enne per violenza domestica: ha picchiato la compagna nonostante fosse gi\u00e0 ai domiciliari per reati di droga.<\/p>\n<p data-start=\"1179\" data-end=\"1358\"><strong>PADOVA \u2013<\/strong> Indagini su un amministratore di sostegno accusato di aver sottratto 500 mila euro a 19 anziani, poi investiti in criptovalute. L\u2019uomo \u00e8 stato sostituito dal tribunale.<\/p>\n<p data-start=\"1702\" data-end=\"1837\" data-is-last-node=\"\" data-is-only-node=\"\"><strong>PADOVA<\/strong> \u2013 Sequestrate 21 tarantole, tra cui una specie a rischio estinzione: gli esemplari sono stati affidati a un parco specializzato.<\/p>\n<\/div>\n<\/div>\n<\/div>\n<\/div>\n<\/div>\n<\/div>\n<\/article>\n<h1><span style=\"color: #ff0000;\"><span style=\"color: #0000ff;\">ULTIM&#8217;ORA<\/span> <span style=\"color: #000000;\">AUDIO dalle sette del mattino, ogni ora alla radio EDIZIONE DELLE SETTE<\/span><\/span><\/h1>\n<audio class=\"wp-audio-shortcode\" id=\"audio-478189-5\" preload=\"none\" style=\"width: 100%;\" controls=\"controls\"><source type=\"audio\/mpeg\" src=\"https:\/\/www.radiopiu.net\/wordpress\/wp-content\/uploads\/2025\/11\/giornale07.mp3?_=5\" \/><a href=\"https:\/\/www.radiopiu.net\/wordpress\/wp-content\/uploads\/2025\/11\/giornale07.mp3\">https:\/\/www.radiopiu.net\/wordpress\/wp-content\/uploads\/2025\/11\/giornale07.mp3<\/a><\/audio>\n<p>&nbsp;<\/p>\n<hr \/>\n<p>&nbsp;<\/p>\n<h1><span style=\"color: #ff0000;\"><a class=\"dt-pswp-item\" href=\"https:\/\/www.radiopiu.net\/wordpress\/wp-content\/uploads\/2024\/11\/8.jpg\" data-dt-img-description=\"\" data-large_image_width=\"180\" data-large_image_height=\"180\"><img loading=\"lazy\" decoding=\"async\" class=\"size-full wp-image-417910 alignleft\" src=\"https:\/\/www.radiopiu.net\/wordpress\/wp-content\/uploads\/2024\/11\/8.jpg\" alt=\"\" width=\"180\" height=\"180\" srcset=\"https:\/\/www.radiopiu.net\/wordpress\/wp-content\/uploads\/2024\/11\/8.jpg 180w, https:\/\/www.radiopiu.net\/wordpress\/wp-content\/uploads\/2024\/11\/8-150x150.jpg 150w\" sizes=\"auto, (max-width: 180px) 100vw, 180px\" \/><\/a>I podcast informativi del mattino &#8211; video &#8211;\u00a0<\/span><\/h1>\n<h2 style=\"text-align: left;\"><strong>RASSEGNA STAMPA LOCALE, ORE OTTO<\/strong><\/h2>\n<h2><strong> <span style=\"color: #0000ff;\">viene\u00a0 <\/span><\/strong><strong><span style=\"color: #0000ff;\">pubblicata alle 8.05 <span style=\"color: #ff0000;\">DIRETTA RADIO\u00a0 \u00a0<\/span><\/span><\/strong><strong>DI MIRKO MEZZACASA<\/strong><\/h2>\n<h1><span style=\"color: #ff0000;\"><strong>VIDEO\u00a0 \u00a0in diretta AGGIORNAMENTO\u00a0 dalle 8 del mattino\u00a0 \u00a0<\/strong><\/span><\/h1>\n<div class=\"page-title-head hgroup\"><\/div>\n<div><a class=\"dt-pswp-item\" href=\"https:\/\/www.radiopiu.net\/wordpress\/wp-content\/uploads\/2025\/11\/Screenshot-2025-11-01-051247.png\" data-dt-img-description=\"\" data-large_image_width=\"334\" data-large_image_height=\"254\"><img loading=\"lazy\" decoding=\"async\" class=\"alignnone wp-image-478401\" src=\"https:\/\/www.radiopiu.net\/wordpress\/wp-content\/uploads\/2025\/11\/Screenshot-2025-11-01-051247-300x228.png\" alt=\"\" width=\"226\" height=\"171\" srcset=\"https:\/\/www.radiopiu.net\/wordpress\/wp-content\/uploads\/2025\/11\/Screenshot-2025-11-01-051247-300x228.png 300w, https:\/\/www.radiopiu.net\/wordpress\/wp-content\/uploads\/2025\/11\/Screenshot-2025-11-01-051247.png 334w\" sizes=\"auto, (max-width: 226px) 100vw, 226px\" \/><\/a><a class=\"dt-pswp-item\" href=\"https:\/\/www.radiopiu.net\/wordpress\/wp-content\/uploads\/2025\/11\/Screenshot-2025-11-01-051316.png\" data-dt-img-description=\"\" data-large_image_width=\"522\" data-large_image_height=\"254\"><img loading=\"lazy\" decoding=\"async\" class=\"alignnone wp-image-478402\" src=\"https:\/\/www.radiopiu.net\/wordpress\/wp-content\/uploads\/2025\/11\/Screenshot-2025-11-01-051316-300x146.png\" alt=\"\" width=\"372\" height=\"181\" srcset=\"https:\/\/www.radiopiu.net\/wordpress\/wp-content\/uploads\/2025\/11\/Screenshot-2025-11-01-051316-300x146.png 300w, https:\/\/www.radiopiu.net\/wordpress\/wp-content\/uploads\/2025\/11\/Screenshot-2025-11-01-051316.png 522w\" sizes=\"auto, (max-width: 372px) 100vw, 372px\" \/><\/a><\/div>\n<div class=\"page-title-breadcrumbs\">\n<p><iframe loading=\"lazy\" title=\"DAL 1983 LA RASSEGNA STAMPA LOCALE di mirko mezzacasa. L&#039;ORIGINALE\" width=\"1200\" height=\"675\" src=\"https:\/\/www.youtube.com\/embed\/xN4YGOiUlx8?feature=oembed\" frameborder=\"0\" allow=\"accelerometer; autoplay; clipboard-write; encrypted-media; gyroscope; picture-in-picture; web-share\" referrerpolicy=\"strict-origin-when-cross-origin\" allowfullscreen><\/iframe><\/p>\n<\/div>\n<hr \/>\n<p>&nbsp;<\/p>\n<p><strong><a class=\"dt-pswp-item\" href=\"https:\/\/www.radiopiu.net\/wordpress\/wp-content\/uploads\/2023\/12\/ANTENNA.png\" data-dt-img-description=\"\" data-large_image_width=\"300\" data-large_image_height=\"166\"><img loading=\"lazy\" decoding=\"async\" class=\"wp-image-366306 alignright\" src=\"https:\/\/www.radiopiu.net\/wordpress\/wp-content\/uploads\/2023\/12\/ANTENNA.png\" alt=\"\" width=\"101\" height=\"56\" \/><\/a><a class=\"dt-pswp-item\" href=\"https:\/\/www.radiopiu.net\/wordpress\/wp-content\/uploads\/2024\/11\/th-17.jpg\" data-dt-img-description=\"\" data-large_image_width=\"224\" data-large_image_height=\"180\"><img loading=\"lazy\" decoding=\"async\" class=\" wp-image-421610 alignleft\" src=\"https:\/\/www.radiopiu.net\/wordpress\/wp-content\/uploads\/2024\/11\/th-17.jpg\" alt=\"\" width=\"167\" height=\"134\" \/><\/a>ogni sera alle 19 le anticipazioni alla radio, quello che poi seguirete nel TELEGIORNALE BELLUNESE\u00a0 in onda alle 19.30 sul CANALE 10 del digitale terrestre.\u00a0\u00a0<\/strong><\/p>\n<p><b>\u00a0<\/b><\/p>\n<p>&nbsp;<\/p>\n<p>&nbsp;<\/p>\n<blockquote>\n<h2><span style=\"color: #ff0000;\">ANTICIPAZIONI, DI\u00a0 TIZIANA BOLOGNANI<\/span><\/h2>\n<audio class=\"wp-audio-shortcode\" id=\"audio-478189-6\" preload=\"none\" style=\"width: 100%;\" controls=\"controls\"><source type=\"audio\/mpeg\" src=\"https:\/\/www.radiopiu.net\/wordpress\/wp-content\/uploads\/2025\/11\/ANTENNA3.mp3?_=6\" \/><a href=\"https:\/\/www.radiopiu.net\/wordpress\/wp-content\/uploads\/2025\/11\/ANTENNA3.mp3\">https:\/\/www.radiopiu.net\/wordpress\/wp-content\/uploads\/2025\/11\/ANTENNA3.mp3<\/a><\/audio><\/blockquote>\n<p>&nbsp;<\/p>\n<hr \/>\n<p>&nbsp;<\/p>\n<blockquote>\n<h3><a class=\"dt-pswp-item\" href=\"https:\/\/www.radiopiu.net\/wordpress\/wp-content\/uploads\/2024\/10\/ANAS.jpg\" data-dt-img-description=\"\" data-large_image_width=\"842\" data-large_image_height=\"595\"><img loading=\"lazy\" decoding=\"async\" class=\" wp-image-414157 alignleft\" src=\"https:\/\/www.radiopiu.net\/wordpress\/wp-content\/uploads\/2024\/10\/ANAS-300x212.jpg\" alt=\"\" width=\"166\" height=\"117\" srcset=\"https:\/\/www.radiopiu.net\/wordpress\/wp-content\/uploads\/2024\/10\/ANAS-300x212.jpg 300w, https:\/\/www.radiopiu.net\/wordpress\/wp-content\/uploads\/2024\/10\/ANAS-768x543.jpg 768w, https:\/\/www.radiopiu.net\/wordpress\/wp-content\/uploads\/2024\/10\/ANAS.jpg 842w\" sizes=\"auto, (max-width: 166px) 100vw, 166px\" \/><\/a><\/h3>\n<h3><strong data-start=\"0\" data-end=\"74\">CHIUSURA A FASCE ORARIE DELLA SS51 PER LAVORI ALLA ROCCA DI BOTESTAGNO<\/strong><\/h3>\n<\/blockquote>\n<p>Fino al venerd\u00ec 7 novembre la SS51 \u201cdi Alemagna\u201d sar\u00e0 chiusa al traffico tra il km 109,100 e il km 111,200 per interventi di messa in sicurezza della parete rocciosa presso la Rocca di Botestagno. La chiusura totale sar\u00e0 attiva dal luned\u00ec al venerd\u00ec nelle fasce 09:00-13:00 e 14:00-18:00. Durante questi orari, il traffico tra Cortina e Dobbiaco\/Carbonin sar\u00e0 deviato lungo la SR48 e la SP49 attraverso il lago di Misurina.<\/p>\n<p>&nbsp;<\/p>\n<blockquote>\n<h3>VIABILIT\u00c0: CHIUSA LA RAMPA DI IMMISSIONE TRA LA SS50 BIS E LA SS47 VALSUGANA<\/h3>\n<\/blockquote>\n<p><strong>BASSANO DEL GRAPPA<\/strong> Da luned\u00ec 3 a gioved\u00ec 6 novembre sar\u00e0 chiusa al traffico la rampa di collegamento tra la SS 50 bis var \u201cdel Grappa e del Passo Rolle\u201d e la SS 47 \u201cValsugana\u201d, all\u2019altezza dell\u2019uscita della galleria San Vito, in provincia di Vicenza. Il provvedimento si \u00e8 reso necessario per consentire la posa delle nuove barriere di sicurezza bordo laterale lungo la SS 47, nel tratto compreso tra il km 57,300 e il km 73,000, garantendo la massima tutela sia per il personale impegnato nei lavori sia per gli utenti in transito. Durante la chiusura, i veicoli provenienti dalla SS 50 bis var e diretti verso Trento dovranno seguire una deviazione obbligatoria sulla SS 47 in direzione Bassano del Grappa, per poi uscire a Cismon del Grappa e rientrare successivamente sulla statale in direzione Trento.<\/p>\n<p>&nbsp;<\/p>\n<hr \/>\n<p>&nbsp;<\/p>\n<blockquote>\n<h3>LAVORI SULLA PROVINCIALE 563 DI SALESEI: CHIUSURA TOTALE<\/h3>\n<\/blockquote>\n<p><strong>LIVINALLONGO <\/strong>La strada provinciale 563 di Salesei, nel tratto compreso tra Pian di Salesei e Costa di Pian, sar\u00e0 interessata da lavori di adeguamento stradale a partire da luned\u00ec 3 novembre fino a venerd\u00ec 28 novembre 2025. Per consentire l\u2019esecuzione degli interventi in sicurezza, la circolazione sar\u00e0 interdetta in entrambi i sensi di marcia nelle fasce orarie 8.00\u201312.40 e 13.40\u201316.15, dal luned\u00ec al venerd\u00ec. La chiusura non sar\u00e0 in vigore il sabato, la domenica e nei festivi infrasettimanali, quando la viabilit\u00e0 rester\u00e0 aperta. Negli altri orari, la circolazione sar\u00e0 consentita a senso unico alternato regolato da semaforo.<\/p>\n<p>&nbsp;<\/p>\n<hr \/>\n<p>&nbsp;<\/p>\n<blockquote>\n<h3>SP 25 \u201cPASSO VALLES\u201d: CHIUSURE TEMPORANEE A FALCADE<\/h3>\n<\/blockquote>\n<p><strong>SEDICO <\/strong>Veneto Strade comunica che sulla S.P. 25 \u201cPasso Valles\u201d, nel tratto tra il Bivio Valles e Caverson, nel comune di Falcade, fino al 28 novembre, la strada sar\u00e0 soggetta a chiusure temporanee per lavori di taglio di piante pericolanti. Le interruzioni, regolate da movieri, avverranno nei giorni feriali dalle ore 8 alle 12 e dalle 13 alle 16, con chiusure di massimo 30 minuti. I sabati, le domeniche e i festivi infrasettimanali non sono interessati dai lavori.<\/p>\n<p>&nbsp;<\/p>\n<hr \/>\n<p>&nbsp;<\/p>\n<blockquote>\n<h3>LAVORI A COL CAVALIER DI BELLUNO<\/h3>\n<\/blockquote>\n<p><strong>BELLUNO<\/strong> Fino al 23 dicembre 2025 a Belluno: senso unico alternato in via Col Cavalier, divieto di accesso a via Castelet vicino al cantiere, limite 30 km\/h e divieto di sorpasso nelle aree di lavori.<\/p>\n<p>&nbsp;<\/p>\n<p>&nbsp;<\/p>\n<hr \/>\n<blockquote>\n<h3>ACQUA NON POTABILE A LIVINALLONGO<\/h3>\n<\/blockquote>\n<p><strong>LIVINALLONGO<\/strong> Servizi Integrati Bellunesi informa che a Livinallongo Del Col Di Lana nelle localit\u00e0 Pieve, Col Sotto Chiesa, Retic, Gruoppa, l&#8217;acqua erogata dall&#8217;acquedotto non \u00e8 potabile e pu\u00f2 essere usata per scopi alimentari solo previa bollitura. Verr\u00e0 effettuato servizio sostitutivo con autobotte sotto al comune.<\/p>\n<p>&nbsp;<\/p>\n<hr \/>\n<p>&nbsp;<\/p>\n<blockquote>\n<p data-start=\"0\" data-end=\"87\"><strong data-start=\"0\" data-end=\"85\">PAURA NELLA NOTTE AL SAN MARTINO: ENTRA CON UN COLTELLO<\/strong><\/p>\n<\/blockquote>\n<p><strong><a class=\"dt-pswp-item\" href=\"https:\/\/www.radiopiu.net\/wordpress\/wp-content\/uploads\/2025\/11\/download.jpg\" data-dt-img-description=\"\" data-large_image_width=\"259\" data-large_image_height=\"194\"><img loading=\"lazy\" decoding=\"async\" class=\" wp-image-478391 alignleft\" src=\"https:\/\/www.radiopiu.net\/wordpress\/wp-content\/uploads\/2025\/11\/download.jpg\" alt=\"\" width=\"184\" height=\"138\" \/><\/a>BELLUNO<\/strong> \u2013 Momenti di tensione la scorsa notte all\u2019ospedale San Martino, dove un giovane di circa 25 anni \u00e8 entrato nell\u2019atrio principale armato di un coltello da cucina, dichiarando di volersi togliere la vita. Il portinaio ha cercato di calmarlo e ha subito allertato il 112 e il personale del Suem. I carabinieri, intervenuti in pochi minuti, hanno evitato il peggio: l\u2019uomo non ha reagito, consegnando l\u2019arma e lasciandosi assistere dai sanitari. Nessun ferito. Il coltello, con lama di 40 centimetri, \u00e8 stato sequestrato. Il giovane \u00e8 stato denunciato per porto abusivo d\u2019arma e affidato ai medici per una valutazione psichiatrica. Provvidenziale la prontezza del personale e dei militari che hanno gestito la crisi con sangue freddo.<\/p>\n<p>&nbsp;<\/p>\n<hr \/>\n<p data-start=\"89\" data-end=\"827\" data-is-last-node=\"\" data-is-only-node=\"\"><strong>OGGI LA GIUDIZIARIA<\/strong><br \/>\n<strong>DAL CORRIERE DELLE ALPI<\/strong><br \/>\n<strong>SINTESI &#8211; GIGI SOSSO<\/strong><\/p>\n<blockquote>\n<p data-start=\"0\" data-end=\"104\"><strong data-start=\"0\" data-end=\"102\">MORTO PER TRAUMA TORACICO L\u2019OPERAIO CADUTO A LIVINALLONGO: INDAGINI SUI SOCCORSI E SULLA SICUREZZA<\/strong><\/p>\n<\/blockquote>\n<p><strong><a class=\"dt-pswp-item\" href=\"https:\/\/www.radiopiu.net\/wordpress\/wp-content\/uploads\/2025\/10\/Senza-nome-57.png\" data-dt-img-description=\"\" data-large_image_width=\"324\" data-large_image_height=\"367\"><img loading=\"lazy\" decoding=\"async\" class=\"wp-image-478041 alignleft\" src=\"https:\/\/www.radiopiu.net\/wordpress\/wp-content\/uploads\/2025\/10\/Senza-nome-57-265x300.png\" alt=\"\" width=\"141\" height=\"159\" srcset=\"https:\/\/www.radiopiu.net\/wordpress\/wp-content\/uploads\/2025\/10\/Senza-nome-57-265x300.png 265w, https:\/\/www.radiopiu.net\/wordpress\/wp-content\/uploads\/2025\/10\/Senza-nome-57.png 324w\" sizes=\"auto, (max-width: 141px) 100vw, 141px\" \/><\/a>LIVINALLONGO<\/strong> \u2013 L\u2019autopsia ha confermato che Tony Facchin, 42 anni, operaio di Pederobba, \u00e8 morto per un trauma toracico grave dopo la caduta avvenuta sabato scorso durante il montaggio di reti paramassi. L\u2019uomo non \u00e8 deceduto sul colpo: i colleghi lo avevano soccorso e portato fino all\u2019auto in attesa dei sanitari, ma le condizioni si sono aggravate rapidamente, risultando fatali prima dell\u2019arrivo dell\u2019ambulanza e dell\u2019elicottero del Suem. La Procura di Belluno, che ha affidato gli accertamenti al medico legale Antonello Cirnelli, attende anche i risultati tossicologici e sta verificando la tempestivit\u00e0 dei soccorsi e le condizioni di sicurezza del cantiere. Lo Spisal e i carabinieri stanno controllando l\u2019uso dei dispositivi salvavita e la formazione del personale. Facchin, appassionato di musica rock e di auto americane, era molto conosciuto tra Pederobba e Longarone, paese d\u2019origine della madre.<\/p>\n<p>&nbsp;<\/p>\n<p>&nbsp;<\/p>\n<hr \/>\n<div class=\"page-title-head hgroup\">\n<blockquote>\n<h3 class=\"entry-title\">\u00a0IL SORRISO DI \u201cROSI\u201d CHE RESTA NEL CUORE DI CAPRILE<\/h3>\n<\/blockquote>\n<\/div>\n<p><strong><img decoding=\"async\" class=\"alignleft\" src=\"https:\/\/www.radiopiu.net\/wordpress\/wp-content\/uploads\/2025\/11\/Screenshot-2025-11-01-052602.png\" \/>CAPRILE DI ALLEGHE<\/strong>\u00a0\u2013 Si \u00e8 spenta a 53 anni\u00a0Rosanna Callegari, per tutti\u00a0<em data-start=\"153\" data-end=\"159\">Rosi<\/em>, lasciando un profondo vuoto nella sua famiglia e nella comunit\u00e0 di Caprile. A darne il triste annuncio i figli Francesco ed Eleonora, i genitori, i fratelli, i cognati, i nipoti e i parenti tutti. I funerali si terranno\u00a0luned\u00ec 3 novembre alle 14.00\u00a0nella chiesa parrocchiale di Caprile; alle 13.30 la recita del Santo Rosario. Domenica 2 novembre, alle 18.00, sar\u00e0 recitato il Rosario di suffragio. Per volont\u00e0 di Rosanna, si proceder\u00e0 poi alla cremazione. La famiglia rivolge un sentito ringraziamento alle dottoresse Dannhauser e Fontanella e al personale di\u00a0<em data-start=\"732\" data-end=\"746\">Casa Tua Due<\/em>\u00a0di Belluno. Eventuali offerte saranno devolute all\u2019Associazione Cucchini.<br data-start=\"824\" data-end=\"827\" \/>\u201c<em data-start=\"828\" data-end=\"886\">Butter\u00f2 questo mio enorme cuore tra le stelle un giorno. Giuro che lo far\u00f2. E oltre l&#8217;azzurro della tenda, nell&#8217;azzurro io voler\u00f2\u2026<\/em>\u201d \u2014 recita il messaggio d\u2019addio, nel ricordo di un sorriso che continuer\u00e0 a brillare.<\/p>\n<p>&nbsp;<\/p>\n<hr \/>\n<div class=\"page-title-head hgroup\">\n<blockquote>\n<h3 class=\"entry-title\">L\u2019ADDIO A MIRKO BRIDDA \u201cCANTONI\u201d, IMPROVVISAMENTE SCOMPARSO NELLE ANTILLE FRANCESI<\/h3>\n<\/blockquote>\n<\/div>\n<p><strong><a class=\"dt-pswp-item\" href=\"https:\/\/www.radiopiu.net\/wordpress\/wp-content\/uploads\/2025\/11\/Screenshot-2025-11-01-053134.png\" data-dt-img-description=\"\" data-large_image_width=\"146\" data-large_image_height=\"154\"><img loading=\"lazy\" decoding=\"async\" class=\" wp-image-478416 alignleft\" src=\"https:\/\/www.radiopiu.net\/wordpress\/wp-content\/uploads\/2025\/11\/Screenshot-2025-11-01-053134.png\" alt=\"\" width=\"112\" height=\"118\" \/><\/a>CADOLA \u2013 PONTE NELLE ALPI\u00a0<\/strong> \u00c8 mancato improvvisamente a Saint Barth\u00e9lemy, nelle Antille Francesi, Mirko Bridda, conosciuto da tutti come <em data-start=\"216\" data-end=\"225\">Cantoni<\/em>, aveva 65 anni. A darne il triste annuncio la moglie Susi, i figli Manuel e Nicola, la sorella Giovanna, il fratello Natalino, i familiari e gli amici. Le esequie si terranno luned\u00ec 3 novembre alle ore 10.00 nella Chiesa Arcipretale di Cadola, con successiva sepoltura nel cimitero del paese. \u00c8 possibile rendere omaggio al feretro presso la Casa Funeraria De Dea Gelisio in via Sarajevo 1 a Belluno. La famiglia ringrazia la comunit\u00e0 di Saint Barth\u00e9lemy per il supporto e la collaborazione, ricordando Mirko con affetto e gratitudine per la sua vita generosa e la sua amicizia sincera.<\/p>\n<p>&nbsp;<\/p>\n<hr \/>\n<p>&nbsp;<\/p>\n<div class=\"page-title-head hgroup\">\n<blockquote>\n<h3 class=\"entry-title\">L\u2019ADDIO A CELESTE DE PRA, VOLONTARIO E PROMOTORE DELLA CAUSA DI PADRE CAPPELLO<\/h3>\n<\/blockquote>\n<\/div>\n<div class=\"page-title-breadcrumbs\"><strong class=\"photoswipe-wrapper\"><a class=\"dt-pswp-item pspw-wrap-ready\" href=\"https:\/\/www.radiopiu.net\/wordpress\/wp-content\/uploads\/2025\/11\/Screenshot-2025-11-01-052102.png\" data-dt-img-description=\"\" data-large_image_width=\"230\" data-large_image_height=\"216\"><img loading=\"lazy\" decoding=\"async\" class=\"wp-image-478407 alignleft\" src=\"https:\/\/www.radiopiu.net\/wordpress\/wp-content\/uploads\/2025\/11\/Screenshot-2025-11-01-052102.png\" alt=\"\" width=\"129\" height=\"121\" \/><\/a>FALCADE \u2013<\/strong>\u00a0Si \u00e8 spento a 78 anni Celeste De Pra, figura molto amata della comunit\u00e0 di Caviola, ricordato per il suo instancabile impegno nel volontariato e nelle attivit\u00e0 parrocchiali. Storico collaboratore del bollettino parrocchiale, \u00e8 stato tra i principali sostenitori della causa di canonizzazione di padre Felice Cappello, gesuita originario del paese e illustre giurista della Pontificia Universit\u00e0 Gregoriana. Celeste aveva promosso la nascita di un comitato per rilanciare l\u2019iter della causa, dedicandosi con passione alla memoria del \u201cConfessore di Roma\u201d. Volontario della Croce Verde Val Biois, lascia un esempio di fede, dedizione e amore per la comunit\u00e0.<\/div>\n<p>&nbsp;<\/p>\n<hr \/>\n<blockquote>\n<h3>FELTRE: ARRESTATO 25ENNE MENTRE CEDEVA DROGA A UN MINORE<\/h3>\n<\/blockquote>\n<p><strong><img loading=\"lazy\" decoding=\"async\" class=\"alignleft\" src=\"https:\/\/www.radiopiu.net\/wordpress\/wp-content\/uploads\/2025\/09\/download-26.jpg\" width=\"180\" height=\"101\" \/>FELTRE <\/strong>\u00c8 stato colto sul fatto mentre consegnava alcune dosi di hashish a un minorenne, all\u2019esterno di un bar del centro storico. Nel primo pomeriggio del 27 ottobre i Carabinieri dell\u2019Aliquota Operativa della Compagnia di Feltre hanno arrestato un 25enne del posto, gi\u00e0 noto alle forze dell\u2019ordine, per spaccio di sostanze stupefacenti. L\u2019operazione rientra in una pi\u00f9 ampia attivit\u00e0 di contrasto allo spaccio avviata dai militari per arginare il consumo di droga tra i giovani della movida feltrina, anche minorenni, nei principali luoghi di ritrovo. La successiva perquisizione domiciliare ha confermato la portata dell\u2019attivit\u00e0 illecita: nella casa del giovane sono stati trovati 400 grammi di marijuana, 250 grammi di hashish, materiale per il confezionamento delle dosi e circa 14.000 euro in contanti, ritenuti provento dello spaccio. Il 25enne \u00e8 stato quindi trasferito alla casa circondariale di Belluno, in attesa dell\u2019interrogatorio di garanzia disposto dalla Procura. Un\u2019operazione che conferma l\u2019impegno dei Carabinieri nel presidiare il territorio e contrastare con fermezza il traffico di droga tra i pi\u00f9 giovani.<\/p>\n<p>&nbsp;<\/p>\n<hr \/>\n<p>&nbsp;<\/p>\n<blockquote>\n<h3>AUTO SI CAPOVOLGE A LIVINALLONGO: FERITO IL CONDUCENTE<\/h3>\n<\/blockquote>\n<p><strong><a class=\"dt-pswp-item\" href=\"https:\/\/www.radiopiu.net\/wordpress\/wp-content\/uploads\/2025\/02\/VIGILI-FUOCO.jpeg\" data-dt-img-description=\"\" data-large_image_width=\"996\" data-large_image_height=\"634\"><img loading=\"lazy\" decoding=\"async\" class=\" wp-image-436114 alignleft\" src=\"https:\/\/www.radiopiu.net\/wordpress\/wp-content\/uploads\/2025\/02\/VIGILI-FUOCO-300x191.jpeg\" alt=\"\" width=\"180\" height=\"115\" srcset=\"https:\/\/www.radiopiu.net\/wordpress\/wp-content\/uploads\/2025\/02\/VIGILI-FUOCO-300x191.jpeg 300w, https:\/\/www.radiopiu.net\/wordpress\/wp-content\/uploads\/2025\/02\/VIGILI-FUOCO-768x489.jpeg 768w, https:\/\/www.radiopiu.net\/wordpress\/wp-content\/uploads\/2025\/02\/VIGILI-FUOCO.jpeg 996w\" sizes=\"auto, (max-width: 180px) 100vw, 180px\" \/><\/a>LIVINALLONGO <\/strong>Intervento dei Vigili del Fuoco di Agordo e dei volontari di Arabba nella serata di ieri, a seguito di un incidente stradale autonomo avvenuto lungo la Strada Provinciale 244, in localit\u00e0 Pradat. Poco dopo le 19:30, un\u2019auto si \u00e8 capovolta per cause in corso di accertamento. Il conducente, rimasto ferito, \u00e8 stato estratto dall\u2019abitacolo dai Vigili del Fuoco e affidato alle cure del personale sanitario della Croce Bianca di Arabba, che lo ha poi trasportato al pronto soccorso. Sul posto anche i Carabinieri di Arabba per i rilievi di legge e il personale di Veneto Strade per la gestione della viabilit\u00e0. Le operazioni di soccorso e messa in sicurezza del veicolo si sono concluse dopo circa due ore.<\/p>\n<p>&nbsp;<\/p>\n<hr \/>\n<p>&nbsp;<\/p>\n<blockquote>\n<h3>INCENDIO DI UN CAMINO A COLLE SANTA LUCIA<\/h3>\n<\/blockquote>\n<p><strong><a class=\"dt-pswp-item\" href=\"https:\/\/www.radiopiu.net\/wordpress\/wp-content\/uploads\/2025\/10\/SCR-20251031-qtwj.jpeg\" data-dt-img-description=\"\" data-large_image_width=\"1402\" data-large_image_height=\"1022\"><img loading=\"lazy\" decoding=\"async\" class=\" wp-image-478354 alignleft\" src=\"https:\/\/www.radiopiu.net\/wordpress\/wp-content\/uploads\/2025\/10\/SCR-20251031-qtwj-300x219.jpeg\" alt=\"\" width=\"137\" height=\"100\" srcset=\"https:\/\/www.radiopiu.net\/wordpress\/wp-content\/uploads\/2025\/10\/SCR-20251031-qtwj-300x219.jpeg 300w, https:\/\/www.radiopiu.net\/wordpress\/wp-content\/uploads\/2025\/10\/SCR-20251031-qtwj-1024x746.jpeg 1024w, https:\/\/www.radiopiu.net\/wordpress\/wp-content\/uploads\/2025\/10\/SCR-20251031-qtwj-768x560.jpeg 768w, https:\/\/www.radiopiu.net\/wordpress\/wp-content\/uploads\/2025\/10\/SCR-20251031-qtwj.jpeg 1402w\" sizes=\"auto, (max-width: 137px) 100vw, 137px\" \/><\/a>COLLE SANTA LUCIA <\/strong>I Vigili del Fuoco di Agordo, in collaborazione con i volontari di Colle Santa Lucia, sono intervenuti nella giornata di ieri in localit\u00e0 Pallua, nel Comune di Colle Santa Lucia, per un incendio che ha interessato un camino. Le squadre hanno prontamente provveduto alle operazioni di spegnimento, bonifica e messa in sicurezza della struttura coinvolta. Fortunatamente, non si registrano danni n\u00e9 persone ferite. Le operazioni di intervento si sono concluse dopo circa tre ore di lavoro.<\/p>\n<p>&nbsp;<\/p>\n<hr \/>\n<p>&nbsp;<\/p>\n<blockquote>\n<h3 class=\"_title post-title entry-title\">LA MORTE DI CHIARA ZARDO RIMANE UN GIALLO, L\u2019AUTOPSIA NON SCIOGLIE I DUBBI<\/h3>\n<\/blockquote>\n<p>Intervistati Avv. DAVIDE FAVOTTO (Legale Famiglia Zardo) (Servizio di\u00a0<a href=\"https:\/\/antennatre.medianordest.it\/redazione\/Daniela-Sitzia\/\">Daniela Sitzia<\/a>)<\/p>\n<p><iframe loading=\"lazy\" title=\"LA MORTE DI CHIARA ZARDO RIMANE UN GIALLO, L&#039;AUTOPSIA NON SCIOGLIE I DUBBI | 31\/10\/2025\" width=\"1200\" height=\"675\" src=\"https:\/\/www.youtube.com\/embed\/YS-AqNXfIN4?feature=oembed\" frameborder=\"0\" allow=\"accelerometer; autoplay; clipboard-write; encrypted-media; gyroscope; picture-in-picture; web-share\" referrerpolicy=\"strict-origin-when-cross-origin\" allowfullscreen><\/iframe><\/p>\n<p>&nbsp;<\/p>\n<hr \/>\n<p>&nbsp;<\/p>\n<blockquote>\n<h3>L\u2019AVVIO DELLA CAMPAGNA CONTRO LA VIOLENZA DI GENERE: I RISULTATI DEGLI AMMONIMENTI DEL QUESTORE<\/h3>\n<\/blockquote>\n<p><strong><a class=\"dt-pswp-item\" href=\"https:\/\/www.radiopiu.net\/wordpress\/wp-content\/uploads\/2021\/11\/QUESTURA-BELLUNO.png\" data-dt-img-description=\"\" data-large_image_width=\"1912\" data-large_image_height=\"1384\"><img loading=\"lazy\" decoding=\"async\" class=\" wp-image-244040 alignleft\" src=\"https:\/\/www.radiopiu.net\/wordpress\/wp-content\/uploads\/2021\/11\/QUESTURA-BELLUNO-300x217.png\" alt=\"\" width=\"200\" height=\"145\" srcset=\"https:\/\/www.radiopiu.net\/wordpress\/wp-content\/uploads\/2021\/11\/QUESTURA-BELLUNO-300x217.png 300w, https:\/\/www.radiopiu.net\/wordpress\/wp-content\/uploads\/2021\/11\/QUESTURA-BELLUNO-1024x741.png 1024w, https:\/\/www.radiopiu.net\/wordpress\/wp-content\/uploads\/2021\/11\/QUESTURA-BELLUNO-768x556.png 768w, https:\/\/www.radiopiu.net\/wordpress\/wp-content\/uploads\/2021\/11\/QUESTURA-BELLUNO-1536x1112.png 1536w, https:\/\/www.radiopiu.net\/wordpress\/wp-content\/uploads\/2021\/11\/QUESTURA-BELLUNO.png 1912w\" sizes=\"auto, (max-width: 200px) 100vw, 200px\" \/><\/a>BELLUNO<\/strong> L&#8217;avvio della campagna contro la violenza di genere, nata dall&#8217;alleanza tra Polizia di Stato e Gruppo Despar, \u00e8 anche l&#8217;occasione per fare il punto della situazione in provincia. Un provvedimento che sembra dare i suoi frutti \u00e8 quello dell&#8217;ammonimento da parte del Questore.<\/p>\n<p><strong>DI DANIELE DALVIT<\/strong><\/p>\n<audio class=\"wp-audio-shortcode\" id=\"audio-478189-7\" preload=\"none\" style=\"width: 100%;\" controls=\"controls\"><source type=\"audio\/mpeg\" src=\"https:\/\/www.radiopiu.net\/wordpress\/wp-content\/uploads\/2025\/10\/Servizio-Questore-situazione-ammonimenti.mp3?_=7\" \/><a href=\"https:\/\/www.radiopiu.net\/wordpress\/wp-content\/uploads\/2025\/10\/Servizio-Questore-situazione-ammonimenti.mp3\">https:\/\/www.radiopiu.net\/wordpress\/wp-content\/uploads\/2025\/10\/Servizio-Questore-situazione-ammonimenti.mp3<\/a><\/audio>\n<p>&nbsp;<\/p>\n<p>&nbsp;<\/p>\n<hr \/>\n<p>&nbsp;<\/p>\n<p>&nbsp;<\/p>\n<blockquote>\n<h3>SUCCESSO PER L\u2019INCONTRO DI VOLTAGO AGORDINO SULLA PREVENZIONE DELLE TRUFFE AGLI ANZIANI<\/h3>\n<\/blockquote>\n<p><strong>di Marina Don\u00e0<\/strong><\/p>\n<p><strong>VOLTAGO <\/strong>Grande partecipazione all\u2019incontro pubblico organizzato dal Comune di Voltago Agordino in collaborazione con l\u2019Arma dei Carabinieri, dedicato alla prevenzione delle truffe agli anziani. L\u2019evento, tenutosi presso la Sala Maestro Gianni De Col, ha visto l\u2019intervento del Maggiore Giovanni Meriano, che ha illustrato le principali tecniche utilizzate dai truffatori e fornito utili consigli per difendersi dai raggiri. L\u2019iniziativa \u201cTruffe agli anziani, come prevenirle?\u201d ha sensibilizzato cittadini e famiglie, promuovendo una maggiore consapevolezza e cultura della prudenza per tutelare le persone pi\u00f9 vulnerabili.<\/p>\n<div style=\"width: 848px;\" class=\"wp-video\"><video class=\"wp-video-shortcode\" id=\"video-478189-1\" width=\"848\" height=\"480\" preload=\"metadata\" controls=\"controls\"><source type=\"video\/mp4\" src=\"https:\/\/www.radiopiu.net\/wordpress\/wp-content\/uploads\/2025\/10\/WhatsApp-Video-2025-10-31-at-19.26.13.mp4?_=1\" \/><a href=\"https:\/\/www.radiopiu.net\/wordpress\/wp-content\/uploads\/2025\/10\/WhatsApp-Video-2025-10-31-at-19.26.13.mp4\">https:\/\/www.radiopiu.net\/wordpress\/wp-content\/uploads\/2025\/10\/WhatsApp-Video-2025-10-31-at-19.26.13.mp4<\/a><\/video><\/div>\n<p>&nbsp;<\/p>\n\n\t\t\t<style type='text\/css'>\n\t\t\t\t#gallery-1 {\n\t\t\t\t\tmargin: auto;\n\t\t\t\t}\n\t\t\t\t#gallery-1 .gallery-item {\n\t\t\t\t\tfloat: left;\n\t\t\t\t\tmargin-top: 10px;\n\t\t\t\t\ttext-align: center;\n\t\t\t\t\twidth: 16%;\n\t\t\t\t}\n\t\t\t\t#gallery-1 img {\n\t\t\t\t\tborder: 2px solid #cfcfcf;\n\t\t\t\t}\n\t\t\t\t#gallery-1 .gallery-caption {\n\t\t\t\t\tmargin-left: 0;\n\t\t\t\t}\n\t\t\t\t\/* see gallery_shortcode() in wp-includes\/media.php *\/\n\t\t\t<\/style>\n\t\t<div id='gallery-1' class='dt-gallery-container gallery galleryid-478189 gallery-columns-6 gallery-size-thumbnail'><dl class='gallery-item'>\n\t\t\t\t<dt class='gallery-icon landscape'>\n\t\t\t\t\t<a class=\"rollover rollover-zoom dt-pswp-item\" title=\"0f1bcc20-6fee-472a-bea5-7432189ad5cf\" data-dt-img-description=\"\" data-large_image_width=\"2000\" data-large_image_height=\"1500\"href='https:\/\/www.radiopiu.net\/wordpress\/wp-content\/uploads\/2025\/10\/0f1bcc20-6fee-472a-bea5-7432189ad5cf.jpg'><img loading=\"lazy\" decoding=\"async\" width=\"150\" height=\"150\" src=\"https:\/\/www.radiopiu.net\/wordpress\/wp-content\/uploads\/2025\/10\/0f1bcc20-6fee-472a-bea5-7432189ad5cf-150x150.jpg\" class=\"attachment-thumbnail size-thumbnail\" alt=\"\" \/><\/a>\n\t\t\t\t<\/dt><\/dl><dl class='gallery-item'>\n\t\t\t\t<dt class='gallery-icon landscape'>\n\t\t\t\t\t<a class=\"rollover rollover-zoom dt-pswp-item\" title=\"1f0a957c-8f73-4156-81e8-6249e67fc517\" data-dt-img-description=\"\" data-large_image_width=\"2000\" data-large_image_height=\"1500\"href='https:\/\/www.radiopiu.net\/wordpress\/wp-content\/uploads\/2025\/10\/1f0a957c-8f73-4156-81e8-6249e67fc517.jpg'><img loading=\"lazy\" decoding=\"async\" width=\"150\" height=\"150\" src=\"https:\/\/www.radiopiu.net\/wordpress\/wp-content\/uploads\/2025\/10\/1f0a957c-8f73-4156-81e8-6249e67fc517-150x150.jpg\" class=\"attachment-thumbnail size-thumbnail\" alt=\"\" \/><\/a>\n\t\t\t\t<\/dt><\/dl><dl class='gallery-item'>\n\t\t\t\t<dt class='gallery-icon landscape'>\n\t\t\t\t\t<a class=\"rollover rollover-zoom dt-pswp-item\" title=\"1007ed7d-9c63-438e-8f5e-ef0c15286b51\" data-dt-img-description=\"\" data-large_image_width=\"2000\" data-large_image_height=\"1500\"href='https:\/\/www.radiopiu.net\/wordpress\/wp-content\/uploads\/2025\/10\/1007ed7d-9c63-438e-8f5e-ef0c15286b51.jpg'><img loading=\"lazy\" decoding=\"async\" width=\"150\" height=\"150\" src=\"https:\/\/www.radiopiu.net\/wordpress\/wp-content\/uploads\/2025\/10\/1007ed7d-9c63-438e-8f5e-ef0c15286b51-150x150.jpg\" class=\"attachment-thumbnail size-thumbnail\" alt=\"\" \/><\/a>\n\t\t\t\t<\/dt><\/dl><dl class='gallery-item'>\n\t\t\t\t<dt class='gallery-icon landscape'>\n\t\t\t\t\t<a class=\"rollover rollover-zoom dt-pswp-item\" title=\"3b0d207c-ef38-4d9d-991d-8b7eaacd6173\" data-dt-img-description=\"\" data-large_image_width=\"2000\" data-large_image_height=\"1500\"href='https:\/\/www.radiopiu.net\/wordpress\/wp-content\/uploads\/2025\/10\/3b0d207c-ef38-4d9d-991d-8b7eaacd6173.jpg'><img loading=\"lazy\" decoding=\"async\" width=\"150\" height=\"150\" src=\"https:\/\/www.radiopiu.net\/wordpress\/wp-content\/uploads\/2025\/10\/3b0d207c-ef38-4d9d-991d-8b7eaacd6173-150x150.jpg\" class=\"attachment-thumbnail size-thumbnail\" alt=\"\" \/><\/a>\n\t\t\t\t<\/dt><\/dl><dl class='gallery-item'>\n\t\t\t\t<dt class='gallery-icon landscape'>\n\t\t\t\t\t<a class=\"rollover rollover-zoom dt-pswp-item\" title=\"54af6d03-ab41-4818-b457-e82540dd814c\" data-dt-img-description=\"\" data-large_image_width=\"2000\" data-large_image_height=\"1500\"href='https:\/\/www.radiopiu.net\/wordpress\/wp-content\/uploads\/2025\/10\/54af6d03-ab41-4818-b457-e82540dd814c.jpg'><img loading=\"lazy\" decoding=\"async\" width=\"150\" height=\"150\" src=\"https:\/\/www.radiopiu.net\/wordpress\/wp-content\/uploads\/2025\/10\/54af6d03-ab41-4818-b457-e82540dd814c-150x150.jpg\" class=\"attachment-thumbnail size-thumbnail\" alt=\"\" \/><\/a>\n\t\t\t\t<\/dt><\/dl><dl class='gallery-item'>\n\t\t\t\t<dt class='gallery-icon landscape'>\n\t\t\t\t\t<a class=\"rollover rollover-zoom dt-pswp-item\" title=\"e11004e4-6271-4068-a472-f04821d3d23b\" data-dt-img-description=\"\" data-large_image_width=\"2000\" data-large_image_height=\"1500\"href='https:\/\/www.radiopiu.net\/wordpress\/wp-content\/uploads\/2025\/10\/e11004e4-6271-4068-a472-f04821d3d23b.jpg'><img loading=\"lazy\" decoding=\"async\" width=\"150\" height=\"150\" src=\"https:\/\/www.radiopiu.net\/wordpress\/wp-content\/uploads\/2025\/10\/e11004e4-6271-4068-a472-f04821d3d23b-150x150.jpg\" class=\"attachment-thumbnail size-thumbnail\" alt=\"\" \/><\/a>\n\t\t\t\t<\/dt><\/dl><br style=\"clear: both\" \/>\n\t\t\t<\/div>\n\n<p>&nbsp;<\/p>\n<p>&nbsp;<\/p>\n<hr \/>\n<p>&nbsp;<\/p>\n<blockquote>\n<h3>RICORSO DI 185 FAMIGLIE CONTRO IL NUOVO ORARIO DEL FOLLADOR-DE ROSSI<\/h3>\n<\/blockquote>\n<p><strong><a class=\"dt-pswp-item\" href=\"https:\/\/www.radiopiu.net\/wordpress\/wp-content\/uploads\/2025\/10\/FOLLADOR-Esterno-1-scaled-1.jpg\" data-dt-img-description=\"\" data-large_image_width=\"2560\" data-large_image_height=\"1440\"><img loading=\"lazy\" decoding=\"async\" class=\" wp-image-475730 alignleft\" src=\"https:\/\/www.radiopiu.net\/wordpress\/wp-content\/uploads\/2025\/10\/FOLLADOR-Esterno-1-scaled-1-300x169.jpg\" alt=\"\" width=\"240\" height=\"135\" srcset=\"https:\/\/www.radiopiu.net\/wordpress\/wp-content\/uploads\/2025\/10\/FOLLADOR-Esterno-1-scaled-1-300x169.jpg 300w, https:\/\/www.radiopiu.net\/wordpress\/wp-content\/uploads\/2025\/10\/FOLLADOR-Esterno-1-scaled-1-1024x576.jpg 1024w, https:\/\/www.radiopiu.net\/wordpress\/wp-content\/uploads\/2025\/10\/FOLLADOR-Esterno-1-scaled-1-768x432.jpg 768w, https:\/\/www.radiopiu.net\/wordpress\/wp-content\/uploads\/2025\/10\/FOLLADOR-Esterno-1-scaled-1-1536x864.jpg 1536w, https:\/\/www.radiopiu.net\/wordpress\/wp-content\/uploads\/2025\/10\/FOLLADOR-Esterno-1-scaled-1-2048x1152.jpg 2048w\" sizes=\"auto, (max-width: 240px) 100vw, 240px\" \/><\/a>AGORDO<\/strong> \u00c8 stato depositato ieri al TAR Veneto il ricorso presentato da 185 famiglie di studenti dell\u2019Istituto Follador-De Rossi contro il Ministero dell\u2019Istruzione, l\u2019Ufficio scolastico regionale, la scuola e la dirigente Antonella Pacieri. Seguite dagli avvocati Andrea Rui e Livio Viel, le famiglie chiedono l\u2019annullamento dei provvedimenti con cui la dirigente ha modificato unilateralmente l\u2019orario scolastico, introducendo ore da 60 minuti, la settimana lunga e nuovi rientri pomeridiani. Secondo i legali, tali decisioni hanno causato disagi didattici, organizzativi ed economici alle famiglie, alterando un modello orario consolidato da anni e frutto di condivisione tra le componenti scolastiche. Il Follador-De Rossi, descritto come \u201cpresidio educativo di montagna\u201d e punto di riferimento per oltre 500 studenti delle vallate bellunesi, sarebbe stato penalizzato da scelte ritenute \u201cillegittime\u201d e \u201cunilaterali\u201d. Il ricorso chiede la sospensione immediata e l\u2019annullamento dei provvedimenti della dirigente, ritenuti lesivi della qualit\u00e0 didattica e dell\u2019equilibrio organizzativo dell\u2019istituto.<\/p>\n<p>&nbsp;<\/p>\n<hr \/>\n<p>&nbsp;<\/p>\n<blockquote>\n<h3>I COMUNI DI VOLTAGO E TAIBON A BRACCETTI PER TROVARE DIPENDENTI COMUNALI<\/h3>\n<\/blockquote>\n<p><strong><a class=\"dt-pswp-item\" href=\"https:\/\/www.radiopiu.net\/wordpress\/wp-content\/uploads\/2023\/07\/MUNICIPIO-VOLTAGO.jpeg\" data-dt-img-description=\"\" data-large_image_width=\"1504\" data-large_image_height=\"1116\"><img loading=\"lazy\" decoding=\"async\" class=\" wp-image-344319 alignleft\" src=\"https:\/\/www.radiopiu.net\/wordpress\/wp-content\/uploads\/2023\/07\/MUNICIPIO-VOLTAGO-300x223.jpeg\" alt=\"\" width=\"186\" height=\"138\" srcset=\"https:\/\/www.radiopiu.net\/wordpress\/wp-content\/uploads\/2023\/07\/MUNICIPIO-VOLTAGO-300x223.jpeg 300w, https:\/\/www.radiopiu.net\/wordpress\/wp-content\/uploads\/2023\/07\/MUNICIPIO-VOLTAGO-1024x760.jpeg 1024w, https:\/\/www.radiopiu.net\/wordpress\/wp-content\/uploads\/2023\/07\/MUNICIPIO-VOLTAGO-768x570.jpeg 768w, https:\/\/www.radiopiu.net\/wordpress\/wp-content\/uploads\/2023\/07\/MUNICIPIO-VOLTAGO.jpeg 1504w\" sizes=\"auto, (max-width: 186px) 100vw, 186px\" \/><\/a>VOLTAGO\/TAIBON<\/strong><\/p>\n<p>DI GIANNI SANTOMASO<\/p>\n<audio class=\"wp-audio-shortcode\" id=\"audio-478189-8\" preload=\"none\" style=\"width: 100%;\" controls=\"controls\"><source type=\"audio\/mpeg\" src=\"https:\/\/www.radiopiu.net\/wordpress\/wp-content\/uploads\/2025\/10\/GIANNI-I-COMUNI-DI-VOLTAGO-E-TAIBON-A-BRACCETTI-PER-TROVARE-DIPENDENTI-COMUNALI.mp3?_=8\" \/><a href=\"https:\/\/www.radiopiu.net\/wordpress\/wp-content\/uploads\/2025\/10\/GIANNI-I-COMUNI-DI-VOLTAGO-E-TAIBON-A-BRACCETTI-PER-TROVARE-DIPENDENTI-COMUNALI.mp3\">https:\/\/www.radiopiu.net\/wordpress\/wp-content\/uploads\/2025\/10\/GIANNI-I-COMUNI-DI-VOLTAGO-E-TAIBON-A-BRACCETTI-PER-TROVARE-DIPENDENTI-COMUNALI.mp3<\/a><\/audio>\n<p>&nbsp;<\/p>\n<hr \/>\n<p>&nbsp;<\/p>\n<blockquote>\n<h2 class=\"_title post-title entry-title\">LAGHETTO LA GRAVA, UN \u2018PASTICCIO\u2019 NE BLOCCA L\u2019USO PER NEVE ARTIFICIALE<\/h2>\n<\/blockquote>\n<p>Intervistati CLAUDIA BETTIOL (CAPOGRUPPO PD CONSIGLIO COMUNALE), OSCAR DE PELLEGRIN (SINDACO DI BELLUNO) (Servizio di\u00a0<a href=\"https:\/\/antennatre.medianordest.it\/redazione\/Tiziana-Bolognani\/\">Tiziana Bolognani<\/a>)<\/p>\n<p><iframe loading=\"lazy\" title=\"LAGHETTO LA GRAVA, UN &#039;PASTICCIO&#039; NE BLOCCA L&#039;USO PER NEVE ARTIFICIALE | 31\/10\/2025\" width=\"1200\" height=\"675\" src=\"https:\/\/www.youtube.com\/embed\/0RnZOFhBJnM?feature=oembed\" frameborder=\"0\" allow=\"accelerometer; autoplay; clipboard-write; encrypted-media; gyroscope; picture-in-picture; web-share\" referrerpolicy=\"strict-origin-when-cross-origin\" allowfullscreen><\/iframe><\/p>\n<p>&nbsp;<\/p>\n<hr \/>\n<p>&nbsp;<\/p>\n<blockquote>\n<h3>MOVEMBER: L\u2019ULSS DOLOMITI E LE SQUADRE LOCALI UNITI PER LA SALUTE MASCHILE<\/h3>\n<\/blockquote>\n<p><strong><a class=\"dt-pswp-item\" href=\"https:\/\/www.radiopiu.net\/wordpress\/wp-content\/uploads\/2025\/10\/WhatsApp-Image-2025-10-31-at-16.06.35.jpeg\" data-dt-img-description=\"\" data-large_image_width=\"2048\" data-large_image_height=\"1536\"><img loading=\"lazy\" decoding=\"async\" class=\" wp-image-478317 alignleft\" src=\"https:\/\/www.radiopiu.net\/wordpress\/wp-content\/uploads\/2025\/10\/WhatsApp-Image-2025-10-31-at-16.06.35-300x225.jpeg\" alt=\"\" width=\"212\" height=\"159\" srcset=\"https:\/\/www.radiopiu.net\/wordpress\/wp-content\/uploads\/2025\/10\/WhatsApp-Image-2025-10-31-at-16.06.35-300x225.jpeg 300w, https:\/\/www.radiopiu.net\/wordpress\/wp-content\/uploads\/2025\/10\/WhatsApp-Image-2025-10-31-at-16.06.35-1024x768.jpeg 1024w, https:\/\/www.radiopiu.net\/wordpress\/wp-content\/uploads\/2025\/10\/WhatsApp-Image-2025-10-31-at-16.06.35-768x576.jpeg 768w, https:\/\/www.radiopiu.net\/wordpress\/wp-content\/uploads\/2025\/10\/WhatsApp-Image-2025-10-31-at-16.06.35-1536x1152.jpeg 1536w, https:\/\/www.radiopiu.net\/wordpress\/wp-content\/uploads\/2025\/10\/WhatsApp-Image-2025-10-31-at-16.06.35.jpeg 2048w\" sizes=\"auto, (max-width: 212px) 100vw, 212px\" \/><\/a>BELLUNO <\/strong>L\u2019Ulss Dolomiti, insieme alle squadre di rugby e broomball e al gruppo \u201cSpingitori Inaffidabili\u201d, aderisce alla campagna mondiale <em>Movember<\/em>, dedicata alla prevenzione dei tumori maschili. L\u2019iniziativa promuove la diagnosi precoce del cancro alla prostata e ai testicoli attraverso eventi informativi e simbolici, come la crescita dei baffi durante novembre. Nel 2021, nella Ulss Dolomiti, sono stati diagnosticati 185 tumori prostatici e 6 testicolari. L\u2019azienda sanitaria garantisce un percorso diagnostico-terapeutico d\u2019eccellenza, con Risonanza Magnetica in tempi rapidi, biopsia transperineale, chirurgia robotica e supporto psicologico. Gli ospedali di Feltre e Belluno hanno ottenuto il <em>Bollino Azzurro<\/em> per la qualit\u00e0 dei servizi uro-andrologici. Le serate informative si terranno in varie localit\u00e0 bellunesi dal 4 al 25 novembre, culminando il 30 con la festa conclusiva al Rugby Feltre. Il messaggio \u00e8 chiaro: <em>occhio al baffo e alla prevenzione<\/em>.<\/p>\n<p>&nbsp;<\/p>\n<hr \/>\n<p>&nbsp;<\/p>\n<p>&nbsp;<\/p>\n<blockquote>\n<p data-start=\"0\" data-end=\"74\"><strong data-start=\"0\" data-end=\"72\">ARTE E RINASCITA: LA BODY ART CHE TRASFORMA LE CICATRICI IN BELLEZZA<\/strong><\/p>\n<\/blockquote>\n<p data-start=\"76\" data-end=\"453\"><strong><a class=\"dt-pswp-item\" href=\"https:\/\/www.radiopiu.net\/wordpress\/wp-content\/uploads\/2025\/11\/c71a97c1-94f1-4cc2-9042-1e49f30c773d-300x228-1.jpg\" data-dt-img-description=\"\" data-large_image_width=\"300\" data-large_image_height=\"228\"><img loading=\"lazy\" decoding=\"async\" class=\" wp-image-478405 alignleft\" src=\"https:\/\/www.radiopiu.net\/wordpress\/wp-content\/uploads\/2025\/11\/c71a97c1-94f1-4cc2-9042-1e49f30c773d-300x228-1.jpg\" alt=\"\" width=\"211\" height=\"160\" \/><\/a>BELLUNO<\/strong> \u2013 In occasione di <em data-start=\"102\" data-end=\"116\">Ottobre Rosa<\/em>, la Body Art Therapy Italia lancia un messaggio di forza e rinascita: la pittura sul corpo come strumento di cura e consapevolezza per le donne operate di tumore al seno. Le immagini, protagoniste del <strong data-start=\"318\" data-end=\"337\">Calendario 2026<\/strong>, mostrano corpi dipinti che si fondono con la natura, trasformando le cicatrici in simboli di armonia e coraggio.<\/p>\n<p data-start=\"455\" data-end=\"815\" data-is-last-node=\"\" data-is-only-node=\"\">Tra le partecipanti anche <strong data-start=\"481\" data-end=\"497\">Ilaria Zasso<\/strong>, che racconta l\u2019emozione di far parte del progetto: \u00ab\u00c8 stata un\u2019esperienza bellissima, che ridona alle donne la bellezza del proprio corpo\u00bb. Il calendario sostiene la prevenzione e raccoglie fondi per la lotta contro il cancro al seno. Info e prenotazioni su <a class=\"decorated-link\" href=\"http:\/\/bodyarttherapyitalia.it\" target=\"_new\" rel=\"noopener\" data-start=\"757\" data-end=\"814\">bodyarttherapyitalia.it<\/a>.<\/p>\n<p><a class=\"dt-pswp-item\" href=\"https:\/\/www.radiopiu.net\/wordpress\/wp-content\/uploads\/2025\/11\/Screenshot-2025-11-01-054853.png\" data-dt-img-description=\"\" data-large_image_width=\"547\" data-large_image_height=\"367\"><img loading=\"lazy\" decoding=\"async\" class=\"size-medium wp-image-478419 aligncenter\" src=\"https:\/\/www.radiopiu.net\/wordpress\/wp-content\/uploads\/2025\/11\/Screenshot-2025-11-01-054853-300x201.png\" alt=\"\" width=\"300\" height=\"201\" srcset=\"https:\/\/www.radiopiu.net\/wordpress\/wp-content\/uploads\/2025\/11\/Screenshot-2025-11-01-054853-300x201.png 300w, https:\/\/www.radiopiu.net\/wordpress\/wp-content\/uploads\/2025\/11\/Screenshot-2025-11-01-054853.png 547w\" sizes=\"auto, (max-width: 300px) 100vw, 300px\" \/><\/a><\/p>\n<hr \/>\n<p>&nbsp;<\/p>\n<blockquote>\n<h3>SCRIVERE A MANO: TRA MEMORIA, EDUCAZIONE E IDENTIT\u00c0 CULTURALE<\/h3>\n<\/blockquote>\n<p><strong><a class=\"dt-pswp-item\" href=\"https:\/\/www.radiopiu.net\/wordpress\/wp-content\/uploads\/2025\/10\/seminario_scrittura_abm_4.jpg\" data-dt-img-description=\"\" data-large_image_width=\"1280\" data-large_image_height=\"640\"><img loading=\"lazy\" decoding=\"async\" class=\" wp-image-478301 alignleft\" src=\"https:\/\/www.radiopiu.net\/wordpress\/wp-content\/uploads\/2025\/10\/seminario_scrittura_abm_4-300x150.jpg\" alt=\"\" width=\"210\" height=\"105\" srcset=\"https:\/\/www.radiopiu.net\/wordpress\/wp-content\/uploads\/2025\/10\/seminario_scrittura_abm_4-300x150.jpg 300w, https:\/\/www.radiopiu.net\/wordpress\/wp-content\/uploads\/2025\/10\/seminario_scrittura_abm_4-1024x512.jpg 1024w, https:\/\/www.radiopiu.net\/wordpress\/wp-content\/uploads\/2025\/10\/seminario_scrittura_abm_4-768x384.jpg 768w, https:\/\/www.radiopiu.net\/wordpress\/wp-content\/uploads\/2025\/10\/seminario_scrittura_abm_4.jpg 1280w\" sizes=\"auto, (max-width: 210px) 100vw, 210px\" \/><\/a>BELLUNO <\/strong>Sabato 25 ottobre, presso l\u2019Associazione Bellunesi nel Mondo, si \u00e8 tenuto il seminario <em>\u201cScrivere a mano: un\u2019abilit\u00e0 da mantenere\u201d<\/em>, promosso da Accademiabm.it e dalla Biblioteca delle Migrazioni \u201cDino Buzzati\u201d. L\u2019incontro ha approfondito il valore storico, educativo e relazionale della scrittura manuale, ripercorrendone l\u2019evoluzione dalle antiche civilt\u00e0 ai contesti scolastici odierni. Sono state lette lettere di emigranti, testimonianze capaci di raccontare emozioni e legami familiari, come quelle della comunit\u00e0 agordina di Kosseir in Egitto. \u00c8 stata poi illustrata l\u2019esperienza dei Laboratori Calligrafici di Lozzo di Cadore, dove gli studenti riscoprono la bellezza della scrittura antica. I relatori hanno sottolineato la necessit\u00e0 di integrare pratiche manuali e digitali, poich\u00e9 la scrittura a mano favorisce memoria, concentrazione e creativit\u00e0. In tale prospettiva si inseriscono le iniziative istituzionali e la Giornata della Scrittura a Mano, celebrata il 23 gennaio.<\/p>\n<p>&nbsp;<\/p>\n<hr \/>\n<p>&nbsp;<\/p>\n<blockquote>\n<h3><a class=\"dt-pswp-item\" href=\"https:\/\/www.radiopiu.net\/wordpress\/wp-content\/uploads\/2025\/10\/A-sinistra-V.-Munaro-e-Pres.-Toscano-scaled.jpg\" data-dt-img-description=\"\" data-large_image_width=\"1659\" data-large_image_height=\"2560\"><img loading=\"lazy\" decoding=\"async\" class=\" wp-image-478310 alignleft\" src=\"https:\/\/www.radiopiu.net\/wordpress\/wp-content\/uploads\/2025\/10\/A-sinistra-V.-Munaro-e-Pres.-Toscano-194x300.jpg\" alt=\"\" width=\"126\" height=\"195\" srcset=\"https:\/\/www.radiopiu.net\/wordpress\/wp-content\/uploads\/2025\/10\/A-sinistra-V.-Munaro-e-Pres.-Toscano-194x300.jpg 194w, https:\/\/www.radiopiu.net\/wordpress\/wp-content\/uploads\/2025\/10\/A-sinistra-V.-Munaro-e-Pres.-Toscano-663x1024.jpg 663w, https:\/\/www.radiopiu.net\/wordpress\/wp-content\/uploads\/2025\/10\/A-sinistra-V.-Munaro-e-Pres.-Toscano-768x1185.jpg 768w, https:\/\/www.radiopiu.net\/wordpress\/wp-content\/uploads\/2025\/10\/A-sinistra-V.-Munaro-e-Pres.-Toscano-995x1536.jpg 995w, https:\/\/www.radiopiu.net\/wordpress\/wp-content\/uploads\/2025\/10\/A-sinistra-V.-Munaro-e-Pres.-Toscano-1327x2048.jpg 1327w, https:\/\/www.radiopiu.net\/wordpress\/wp-content\/uploads\/2025\/10\/A-sinistra-V.-Munaro-e-Pres.-Toscano-scaled.jpg 1659w\" sizes=\"auto, (max-width: 126px) 100vw, 126px\" \/><\/a>VINCENZO MUNARO, L\u2019ARTE CHE UNISCE MONTAGNE E MARE<\/h3>\n<\/blockquote>\n<p><strong>BELLUNO <\/strong>Il Lions Club di Belluno ha ospitato l\u2019artista Vincenzo Munaro in una serata intensa di immagini, emozioni e racconti di vita. L\u2019incontro ha ripercorso la sua carriera, segnata da passione e dedizione, dagli esordi a Belluno fino alla galleria d\u2019arte di Grado. Munaro, nato a Funes di Chies d\u2019Alpago e formatosi all\u2019Accademia di Venezia, ha esposto in numerose mostre e realizzato opere pubbliche di grande valore, come gli affreschi di Grado e il pannello di San Martino in Piazza dei Martiri. Il presidente Alessandro Toscano ha espresso gratitudine a nome del Club, riconoscendo nell\u2019artista l\u2019autenticit\u00e0 e l\u2019orgoglio del carattere bellunese, capace di fondere la luce delle Dolomiti con i riflessi della laguna.<\/p>\n<p>&nbsp;<\/p>\n<hr \/>\n<p>&nbsp;<\/p>\n<blockquote>\n<h3>ARREDAMONT CELEBRA CULTURA, DESIGN E ARTIGIANATO NEL WEEKEND DI CHIUSURA<\/h3>\n<\/blockquote>\n<p><strong><a class=\"dt-pswp-item\" href=\"https:\/\/www.radiopiu.net\/wordpress\/wp-content\/uploads\/2025\/10\/Ida-Di-Filippo-e-Ambra-Piccin-ad-Arredamont-2025-con-Confartigianato-Veneto-scaled.jpg\" data-dt-img-description=\"\" data-large_image_width=\"2560\" data-large_image_height=\"1834\"><img loading=\"lazy\" decoding=\"async\" class=\" wp-image-478313 alignleft\" src=\"https:\/\/www.radiopiu.net\/wordpress\/wp-content\/uploads\/2025\/10\/Ida-Di-Filippo-e-Ambra-Piccin-ad-Arredamont-2025-con-Confartigianato-Veneto-300x215.jpg\" alt=\"\" width=\"169\" height=\"121\" srcset=\"https:\/\/www.radiopiu.net\/wordpress\/wp-content\/uploads\/2025\/10\/Ida-Di-Filippo-e-Ambra-Piccin-ad-Arredamont-2025-con-Confartigianato-Veneto-300x215.jpg 300w, https:\/\/www.radiopiu.net\/wordpress\/wp-content\/uploads\/2025\/10\/Ida-Di-Filippo-e-Ambra-Piccin-ad-Arredamont-2025-con-Confartigianato-Veneto-1024x734.jpg 1024w, https:\/\/www.radiopiu.net\/wordpress\/wp-content\/uploads\/2025\/10\/Ida-Di-Filippo-e-Ambra-Piccin-ad-Arredamont-2025-con-Confartigianato-Veneto-768x550.jpg 768w, https:\/\/www.radiopiu.net\/wordpress\/wp-content\/uploads\/2025\/10\/Ida-Di-Filippo-e-Ambra-Piccin-ad-Arredamont-2025-con-Confartigianato-Veneto-1536x1100.jpg 1536w, https:\/\/www.radiopiu.net\/wordpress\/wp-content\/uploads\/2025\/10\/Ida-Di-Filippo-e-Ambra-Piccin-ad-Arredamont-2025-con-Confartigianato-Veneto-2048x1467.jpg 2048w\" sizes=\"auto, (max-width: 169px) 100vw, 169px\" \/><\/a>LONGARONE <\/strong>Arredamont chiude in bellezza il weekend a Longarone Fiere Dolomiti, con un ricco programma dedicato alla cultura, al design e al saper fare artigiano. Sabato 1\u00b0 novembre si apre con la presentazione del volume <em>\u201cTecnica e arte della Tappezzeria\u201d<\/em> di Luigi Gallinaro, seguita dal pomeriggio con il paleontologo Jacopo Longo e il suo incontro <em>\u201cIl tempo che si tocca: storie scritte nel legno fossile\u201d<\/em>. Appia CNA sar\u00e0 protagonista con il focus <em>\u201cMeccanica e design\u201d<\/em> e due iniziative per gli 80 anni dell\u2019associazione: una mostra storica sull\u2019artigianato bellunese e lo spettacolo teatrale <em>\u201cOttant\u2019anni di libera impresa\u201d<\/em>. Proseguono anche le esposizioni collaterali, tra cui <em>\u201cScie di gloria\u201d<\/em> e <em>\u201cArte in Fiera Dolomiti\u201d<\/em>. Il convegno <em>\u201cDolomiti da abitare\u201d<\/em> ha posto l\u2019attenzione sulla riqualificazione sostenibile e il valore umano dell\u2019abitare, confermando Arredamont come evento di riferimento per creativit\u00e0 e tradizione montana.<\/p>\n<p>&nbsp;<\/p>\n<hr \/>\n<p>&nbsp;<\/p>\n<blockquote>\n<h3>LA COMUNIT\u00c0 ENERGETICA RINNOVABILE DOLOMITI: INCONTRO SU INNOVAZIONE E SOSTENIBILIT\u00c0<\/h3>\n<\/blockquote>\n<p><strong><a class=\"dt-pswp-item\" href=\"https:\/\/www.radiopiu.net\/wordpress\/wp-content\/uploads\/2025\/02\/CER-DOLOMITI.jpg\" data-dt-img-description=\"\" data-large_image_width=\"686\" data-large_image_height=\"386\"><img loading=\"lazy\" decoding=\"async\" class=\" wp-image-435176 alignleft\" src=\"https:\/\/www.radiopiu.net\/wordpress\/wp-content\/uploads\/2025\/02\/CER-DOLOMITI-300x169.jpg\" alt=\"\" width=\"206\" height=\"116\" srcset=\"https:\/\/www.radiopiu.net\/wordpress\/wp-content\/uploads\/2025\/02\/CER-DOLOMITI-300x169.jpg 300w, https:\/\/www.radiopiu.net\/wordpress\/wp-content\/uploads\/2025\/02\/CER-DOLOMITI.jpg 686w\" sizes=\"auto, (max-width: 206px) 100vw, 206px\" \/><\/a>BELLUNO <\/strong>Luned\u00ec 3 novembre, nella Sala Muccin di Belluno, si terr\u00e0 l\u2019incontro <em>\u201cLa Comunit\u00e0 Energetica Rinnovabile Dolomiti: piattaforma di innovazione e sperimentazione\u201d<\/em>, promosso dall\u2019Istituto \u201cG. Segato\u201d e dal Centro Studi Bellunese. L\u2019evento riunir\u00e0 studenti, istituzioni e imprese per approfondire il ruolo delle Comunit\u00e0 Energetiche Rinnovabili (CER) nella transizione ecologica. Dopo i saluti istituzionali, interverranno esperti e ricercatori per illustrare i vantaggi delle CER nel ridurre le emissioni, promuovere l\u2019autoconsumo e generare valore sociale. La CER Dolomiti, nata dalla collaborazione tra Consorzio BIM, Comuni e Camera di Commercio, rappresenta un laboratorio di innovazione territoriale fondato sulla partecipazione e sull\u2019uso integrato di energie rinnovabili, rafforzando il legame tra scuola, impresa e sostenibilit\u00e0.<\/p>\n<p>&nbsp;<\/p>\n<hr \/>\n<p>&nbsp;<\/p>\n<blockquote>\n<h3><a class=\"dt-pswp-item\" href=\"https:\/\/www.radiopiu.net\/wordpress\/wp-content\/uploads\/2025\/10\/a2f6aa1a-d956-41a8-aefb-d629e170cf21.jpg\" data-dt-img-description=\"\" data-large_image_width=\"1280\" data-large_image_height=\"560\"><img loading=\"lazy\" decoding=\"async\" class=\" wp-image-478308 alignleft\" src=\"https:\/\/www.radiopiu.net\/wordpress\/wp-content\/uploads\/2025\/10\/a2f6aa1a-d956-41a8-aefb-d629e170cf21-300x131.jpg\" alt=\"\" width=\"245\" height=\"107\" srcset=\"https:\/\/www.radiopiu.net\/wordpress\/wp-content\/uploads\/2025\/10\/a2f6aa1a-d956-41a8-aefb-d629e170cf21-300x131.jpg 300w, https:\/\/www.radiopiu.net\/wordpress\/wp-content\/uploads\/2025\/10\/a2f6aa1a-d956-41a8-aefb-d629e170cf21-1024x448.jpg 1024w, https:\/\/www.radiopiu.net\/wordpress\/wp-content\/uploads\/2025\/10\/a2f6aa1a-d956-41a8-aefb-d629e170cf21-768x336.jpg 768w, https:\/\/www.radiopiu.net\/wordpress\/wp-content\/uploads\/2025\/10\/a2f6aa1a-d956-41a8-aefb-d629e170cf21.jpg 1280w\" sizes=\"auto, (max-width: 245px) 100vw, 245px\" \/><\/a>VOUCHER SPORTIVI PER LE FAMIGLIE: IL COMUNE DI SEDICO RINNOVA IL SOSTEGNO AI GIOVANI ATLETI<\/h3>\n<\/blockquote>\n<p><strong>SEDICO<\/strong>\u00a0 Anche quest\u2019anno l\u2019Amministrazione comunale ha stanziato i fondi necessari per finanziare l\u2019erogazione dei voucher destinati alle famiglie dei ragazzi che praticano attivit\u00e0 sportiva. Il bando completo e il form online per la presentazione delle domande sono disponibili al link: <a href=\"https:\/\/comune.sedico.bl.it\/novita\/bando-sport-famiglie\/\">https:\/\/comune.sedico.bl.it\/novita\/bando-sport-famiglie\/<\/a>. Le richieste devono essere inoltrate entro le ore 12:00 del 6 novembre 2025. Per ulteriori informazioni \u00e8 possibile contattare il numero 0437 855610.<\/p>\n<p>&nbsp;<\/p>\n<hr \/>\n<p>&nbsp;<\/p>\n<blockquote>\n<h3>CAMPAGNA \u201cCAMPI APERTI\u201d: L\u2019ISTITUTO AGRARIO DI FELTRE PROMUOVE INNOVAZIONE E SOSTENIBILIT\u00c0<\/h3>\n<\/blockquote>\n<p><strong>FELTRE <\/strong>L\u2019Istituto Agrario \u201cA. Della Lucia\u201d di Feltre, da sempre attivo nel dialogo tra scuola e territorio, lancia l\u2019iniziativa triennale \u201cCampi Aperti\u201d, promossa dal CENTRA e finanziata dal CSR Veneto \u2013 Intervento SRH05. Il progetto mira a diffondere conoscenze e tecniche innovative in agricoltura sostenibile. La prima giornata, marted\u00ec 4 novembre presso l\u2019Azienda Agraria di Vellai, sar\u00e0 dedicata alla gestione dei suoli montani. Previsti interventi tecnici, tra cui il Dott. Agr. Marco Benetti, e dimostrazioni pratiche di macchinari agricoli. Partecipazione gratuita, con iscrizione per la sessione mattutina.<\/p>\n\n\t\t\t<style type='text\/css'>\n\t\t\t\t#gallery-2 {\n\t\t\t\t\tmargin: auto;\n\t\t\t\t}\n\t\t\t\t#gallery-2 .gallery-item {\n\t\t\t\t\tfloat: left;\n\t\t\t\t\tmargin-top: 10px;\n\t\t\t\t\ttext-align: center;\n\t\t\t\t\twidth: 50%;\n\t\t\t\t}\n\t\t\t\t#gallery-2 img {\n\t\t\t\t\tborder: 2px solid #cfcfcf;\n\t\t\t\t}\n\t\t\t\t#gallery-2 .gallery-caption {\n\t\t\t\t\tmargin-left: 0;\n\t\t\t\t}\n\t\t\t\t\/* see gallery_shortcode() in wp-includes\/media.php *\/\n\t\t\t<\/style>\n\t\t<div id='gallery-2' class='dt-gallery-container gallery galleryid-478189 gallery-columns-2 gallery-size-medium'><dl class='gallery-item'>\n\t\t\t\t<dt class='gallery-icon landscape'>\n\t\t\t\t\t<a class=\"rollover rollover-zoom dt-pswp-item\" title=\"Campi aperti 2025 - Sanson Stefano\" data-dt-img-description=\"\" data-large_image_width=\"1225\" data-large_image_height=\"919\"href='https:\/\/www.radiopiu.net\/wordpress\/wp-content\/uploads\/2025\/10\/Campi-aperti-2025-Sanson-Stefano.jpg'><img loading=\"lazy\" decoding=\"async\" width=\"300\" height=\"225\" src=\"https:\/\/www.radiopiu.net\/wordpress\/wp-content\/uploads\/2025\/10\/Campi-aperti-2025-Sanson-Stefano-300x225.jpg\" class=\"attachment-medium size-medium\" alt=\"\" srcset=\"https:\/\/www.radiopiu.net\/wordpress\/wp-content\/uploads\/2025\/10\/Campi-aperti-2025-Sanson-Stefano-300x225.jpg 300w, https:\/\/www.radiopiu.net\/wordpress\/wp-content\/uploads\/2025\/10\/Campi-aperti-2025-Sanson-Stefano-1024x768.jpg 1024w, https:\/\/www.radiopiu.net\/wordpress\/wp-content\/uploads\/2025\/10\/Campi-aperti-2025-Sanson-Stefano-768x576.jpg 768w, https:\/\/www.radiopiu.net\/wordpress\/wp-content\/uploads\/2025\/10\/Campi-aperti-2025-Sanson-Stefano.jpg 1225w\" sizes=\"auto, (max-width: 300px) 100vw, 300px\" \/><\/a>\n\t\t\t\t<\/dt><\/dl><dl class='gallery-item'>\n\t\t\t\t<dt class='gallery-icon landscape'>\n\t\t\t\t\t<a class=\"rollover rollover-zoom dt-pswp-item\" title=\"Campi aperti 2025 2 - Sanson Stefano\" data-dt-img-description=\"\" data-large_image_width=\"1225\" data-large_image_height=\"919\"href='https:\/\/www.radiopiu.net\/wordpress\/wp-content\/uploads\/2025\/10\/Campi-aperti-2025-2-Sanson-Stefano.jpg'><img loading=\"lazy\" decoding=\"async\" width=\"300\" height=\"225\" src=\"https:\/\/www.radiopiu.net\/wordpress\/wp-content\/uploads\/2025\/10\/Campi-aperti-2025-2-Sanson-Stefano-300x225.jpg\" class=\"attachment-medium size-medium\" alt=\"\" srcset=\"https:\/\/www.radiopiu.net\/wordpress\/wp-content\/uploads\/2025\/10\/Campi-aperti-2025-2-Sanson-Stefano-300x225.jpg 300w, https:\/\/www.radiopiu.net\/wordpress\/wp-content\/uploads\/2025\/10\/Campi-aperti-2025-2-Sanson-Stefano-1024x768.jpg 1024w, https:\/\/www.radiopiu.net\/wordpress\/wp-content\/uploads\/2025\/10\/Campi-aperti-2025-2-Sanson-Stefano-768x576.jpg 768w, https:\/\/www.radiopiu.net\/wordpress\/wp-content\/uploads\/2025\/10\/Campi-aperti-2025-2-Sanson-Stefano.jpg 1225w\" sizes=\"auto, (max-width: 300px) 100vw, 300px\" \/><\/a>\n\t\t\t\t<\/dt><\/dl><br style=\"clear: both\" \/>\n\t\t\t<\/div>\n\n<p>&nbsp;<\/p>\n<hr \/>\n<p>&nbsp;<\/p>\n<blockquote>\n<h3>SPORT E CULTURA PER INCLUDERE: 2 MILIONI DI EURO DA FONDAZIONE CARIVERONA PER 42 PROGETTI DEDICATI AI GIOVANI<\/h3>\n<\/blockquote>\n<p><strong><a class=\"dt-pswp-item\" href=\"https:\/\/www.radiopiu.net\/wordpress\/wp-content\/uploads\/2025\/10\/Foto-Presidente-Bruno-Giordano.jpg\" data-dt-img-description=\"\" data-large_image_width=\"1366\" data-large_image_height=\"2048\"><img loading=\"lazy\" decoding=\"async\" class=\" wp-image-478315 alignleft\" src=\"https:\/\/www.radiopiu.net\/wordpress\/wp-content\/uploads\/2025\/10\/Foto-Presidente-Bruno-Giordano-200x300.jpg\" alt=\"\" width=\"110\" height=\"165\" srcset=\"https:\/\/www.radiopiu.net\/wordpress\/wp-content\/uploads\/2025\/10\/Foto-Presidente-Bruno-Giordano-200x300.jpg 200w, https:\/\/www.radiopiu.net\/wordpress\/wp-content\/uploads\/2025\/10\/Foto-Presidente-Bruno-Giordano-683x1024.jpg 683w, https:\/\/www.radiopiu.net\/wordpress\/wp-content\/uploads\/2025\/10\/Foto-Presidente-Bruno-Giordano-768x1151.jpg 768w, https:\/\/www.radiopiu.net\/wordpress\/wp-content\/uploads\/2025\/10\/Foto-Presidente-Bruno-Giordano-1025x1536.jpg 1025w, https:\/\/www.radiopiu.net\/wordpress\/wp-content\/uploads\/2025\/10\/Foto-Presidente-Bruno-Giordano.jpg 1366w\" sizes=\"auto, (max-width: 110px) 100vw, 110px\" \/><\/a>VERONA <\/strong>La Fondazione Cariverona ha selezionato 42 progetti nelle province di Verona, Vicenza, Belluno, Mantova e Ancona, finanziandoli con 2 milioni di euro attraverso il bando <em>Sport e cultura per includere<\/em>. L\u2019obiettivo \u00e8 contrastare le nuove fragilit\u00e0 sociali che colpiscono bambini e adolescenti, offrendo loro spazi di crescita, relazione e appartenenza. Gli interventi \u2014 promossi da enti locali, scuole, associazioni sportive, cooperative e realt\u00e0 culturali \u2014 mirano a rendere accessibili attivit\u00e0 sportive e artistiche, rigenerando spazi gi\u00e0 esistenti come palestre, teatri e biblioteche. Le azioni si articolano su quattro assi: sport come inclusione, cultura come benessere, doposcuola come presidio educativo e alleanze territoriali durature. Centrale la figura dell\u2019adulto di riferimento \u2014 educatore, allenatore o tutor \u2014 che accompagna i giovani nel percorso di crescita. \u00abStare bene e trovare il proprio posto nel mondo non deve essere un privilegio\u00bb, afferma il presidente Bruno Giordano.<\/p>\n<p><strong>DI BARBARA PAOLAZZI<\/strong><\/p>\n<audio class=\"wp-audio-shortcode\" id=\"audio-478189-9\" preload=\"none\" style=\"width: 100%;\" controls=\"controls\"><source type=\"audio\/mpeg\" src=\"https:\/\/www.radiopiu.net\/wordpress\/wp-content\/uploads\/2025\/10\/PAOLAZZI-CARIVERONA.mp3?_=9\" \/><a href=\"https:\/\/www.radiopiu.net\/wordpress\/wp-content\/uploads\/2025\/10\/PAOLAZZI-CARIVERONA.mp3\">https:\/\/www.radiopiu.net\/wordpress\/wp-content\/uploads\/2025\/10\/PAOLAZZI-CARIVERONA.mp3<\/a><\/audio>\n<p>&nbsp;<\/p>\n<hr \/>\n<p>&nbsp;<\/p>\n<blockquote>\n<h3>MARTEDI CONSIGLIO PROVINCIALE A PALAZZO PILONI<\/h3>\n<\/blockquote>\n<p><strong><a class=\"dt-pswp-item\" href=\"https:\/\/www.radiopiu.net\/wordpress\/wp-content\/uploads\/2020\/06\/palazzo_piloni_belluno.jpg\" data-dt-img-description=\"\" data-large_image_width=\"1000\" data-large_image_height=\"667\"><img loading=\"lazy\" decoding=\"async\" class=\" wp-image-144771 alignleft\" src=\"https:\/\/www.radiopiu.net\/wordpress\/wp-content\/uploads\/2020\/06\/palazzo_piloni_belluno-300x200.jpg\" alt=\"\" width=\"188\" height=\"125\" srcset=\"https:\/\/www.radiopiu.net\/wordpress\/wp-content\/uploads\/2020\/06\/palazzo_piloni_belluno-300x200.jpg 300w, https:\/\/www.radiopiu.net\/wordpress\/wp-content\/uploads\/2020\/06\/palazzo_piloni_belluno-768x512.jpg 768w, https:\/\/www.radiopiu.net\/wordpress\/wp-content\/uploads\/2020\/06\/palazzo_piloni_belluno.jpg 1000w\" sizes=\"auto, (max-width: 188px) 100vw, 188px\" \/><\/a>BELLUNO<\/strong> Il Consiglio Provinciale di Belluno si riunir\u00e0 marted\u00ec 4 novembre alle 14.30 nella Sala Piloni. All\u2019ordine del giorno figurano: un\u2019interrogazione della consigliera Sindi Manushi sulla messa in sicurezza della SS51 d\u2019Alemagna in Valboite e una mozione sul futuro della linea ferroviaria Ponte nelle Alpi\u2013Calalzo di Cadore; l\u2019approvazione dei verbali della seduta del 30 settembre; la quinta variazione al bilancio di previsione 2025-2027; la terza variazione al programma triennale dei lavori pubblici; e la conferma dei contributi regionali per interventi di salvaguardia e messa in sicurezza idrogeologica.<\/p>\n<p>&nbsp;<\/p>\n<p>&nbsp;<\/p>\n<hr \/>\n<p>&nbsp;<\/p>\n<h2><span style=\"color: #ff0000;\">CONSIGLI COMUALI IN AGORDINO<\/span><\/h2>\n<p><strong>LIVINALLONGO<\/strong> Consiglio comunali gioved\u00ec alle 20:30. Sei i punti da discutere tra cui la presentazione del Documento Unico di programmazione 2026-28, la nomina del revisore dei conti dell&#8217;azienda Fodom Servizi, il rilascio di tessere agevolate per il trasporto pubblico locale, la nomina del revisore dei conti e l&#8217;approvazione del rendiconto di ASCA per il 2024.<\/p>\n<p>&nbsp;<\/p>\n<p>&nbsp;<\/p>\n<hr \/>\n<p>&nbsp;<\/p>\n<blockquote>\n<h3>NOVEMBRE \u00c8 IL MESE DELLA PREVENZIONE DEI TUMORI MASCHILI<\/h3>\n<\/blockquote>\n<p><strong><a class=\"dt-pswp-item\" href=\"https:\/\/www.radiopiu.net\/wordpress\/wp-content\/uploads\/2025\/03\/LILT.jpg\" data-dt-img-description=\"\" data-large_image_width=\"768\" data-large_image_height=\"433\"><img loading=\"lazy\" decoding=\"async\" class=\" wp-image-440668 alignleft\" src=\"https:\/\/www.radiopiu.net\/wordpress\/wp-content\/uploads\/2025\/03\/LILT-300x169.jpg\" alt=\"\" width=\"181\" height=\"102\" srcset=\"https:\/\/www.radiopiu.net\/wordpress\/wp-content\/uploads\/2025\/03\/LILT-300x169.jpg 300w, https:\/\/www.radiopiu.net\/wordpress\/wp-content\/uploads\/2025\/03\/LILT.jpg 768w\" sizes=\"auto, (max-width: 181px) 100vw, 181px\" \/><\/a>BELLUNO <\/strong>La L.I.L.T. &#8211; Sezione Provinciale di Belluno promuove per novembre 2025 la campagna \u201cNon perdere il filo della prevenzione, contro i tumori maschili \u00e8 la tua prima alleata\u201d, dedicata alla salute maschile. Gli uomini tra i 50 e i 70 anni possono prenotare gratuitamente il prelievo per il dosaggio del PSA e una visita urologica di prevenzione con la Dott.ssa Maria Cristina Camuffo. Le prenotazioni si effettuano telefonando alla Segreteria della L.I.L.T. di Belluno al numero 0437-1841362, il marted\u00ec e mercoled\u00ec dalle ore 10.00 alle 12.00. Un\u2019occasione importante per prendersi cura di s\u00e9 e prevenire i tumori maschili.<\/p>\n<p>&nbsp;<\/p>\n<hr \/>\n<p>&nbsp;<\/p>\n<blockquote>\n<h3>FALCADE RICORDA I CADUTI E LE VITTIME DELL\u2019ALLUVIONE DEL 1966<\/h3>\n<\/blockquote>\n<p><strong><a class=\"dt-pswp-item\" href=\"https:\/\/www.radiopiu.net\/wordpress\/wp-content\/uploads\/2022\/12\/MUNICIPIO-FALCADE.png\" data-dt-img-description=\"\" data-large_image_width=\"941\" data-large_image_height=\"655\"><img loading=\"lazy\" decoding=\"async\" class=\" wp-image-314065 alignleft\" src=\"https:\/\/www.radiopiu.net\/wordpress\/wp-content\/uploads\/2022\/12\/MUNICIPIO-FALCADE-300x209.png\" alt=\"\" width=\"175\" height=\"122\" srcset=\"https:\/\/www.radiopiu.net\/wordpress\/wp-content\/uploads\/2022\/12\/MUNICIPIO-FALCADE-300x209.png 300w, https:\/\/www.radiopiu.net\/wordpress\/wp-content\/uploads\/2022\/12\/MUNICIPIO-FALCADE-768x535.png 768w, https:\/\/www.radiopiu.net\/wordpress\/wp-content\/uploads\/2022\/12\/MUNICIPIO-FALCADE.png 941w\" sizes=\"auto, (max-width: 175px) 100vw, 175px\" \/><\/a>FALCADE <\/strong>Il Comune di Falcade, con il Sindaco e l\u2019Amministrazione comunale, invita la cittadinanza a partecipare alle celebrazioni in memoria dei caduti in guerra e delle vittime dell\u2019alluvione del 1966. Marted\u00ec 4 novembre 2025, alle 14, si terr\u00e0 una Santa Messa in Piazza di Somor, in ricordo dei concittadini scomparsi; in caso di maltempo, la funzione sar\u00e0 celebrata nella Chiesa di Falcade Alto. Domenica 9 novembre, alle\u00a0 10.30, si svolger\u00e0 la Messa per la Festa dell\u2019Unit\u00e0 Nazionale e delle Forze Armate, seguita dalla deposizione di corone ai monumenti ai caduti. L\u2019Amministrazione ringrazia i gruppi A.N.A. locali per la collaborazione e invita tutti a difendere ogni giorno pace e libert\u00e0.<\/p>\n<p>&nbsp;<\/p>\n<hr \/>\n<blockquote>\n<h3><\/h3>\n<h3>DANILO GIORDANO PRESENTA IL SUO NUOVO LIBRO \u201cMA LE DOLOMITI, COSA SONO?\u201d<\/h3>\n<\/blockquote>\n<p><strong><a class=\"dt-pswp-item\" href=\"https:\/\/www.radiopiu.net\/wordpress\/wp-content\/uploads\/2025\/10\/giordano.jpg\" data-dt-img-description=\"\" data-large_image_width=\"432\" data-large_image_height=\"608\"><img loading=\"lazy\" decoding=\"async\" class=\" wp-image-476881 alignleft\" src=\"https:\/\/www.radiopiu.net\/wordpress\/wp-content\/uploads\/2025\/10\/giordano-213x300.jpg\" alt=\"\" width=\"91\" height=\"128\" srcset=\"https:\/\/www.radiopiu.net\/wordpress\/wp-content\/uploads\/2025\/10\/giordano-213x300.jpg 213w, https:\/\/www.radiopiu.net\/wordpress\/wp-content\/uploads\/2025\/10\/giordano.jpg 432w\" sizes=\"auto, (max-width: 91px) 100vw, 91px\" \/><\/a>AGORDO <\/strong>L\u2019Associazione Amici dei Minerari APS invita il pubblico alla presentazione del nuovo libro di Danilo Giordano, intitolato <em data-start=\"203\" data-end=\"322\">\u201cMa le Dolomiti, cosa sono? Una interpretazione geologica degli scritti di Dino Buzzati ispirata a Bruno Castiglioni\u201d<\/em>. L\u2019evento si terr\u00e0 venerd\u00ec 7 novembre alle 18 presso la Sala \u00abDon Tamis\u00bb di Agordo. L\u2019opera, ottavo volume della collana <em data-start=\"459\" data-end=\"488\">Memorie Geologiche Agordine<\/em>, propone un affascinante viaggio tra scienza e letteratura, esplorando le Dolomiti attraverso lo sguardo poetico di Dino Buzzati e l\u2019approccio scientifico di Bruno Castiglioni. Giordano intreccia geologia e narrativa, restituendo al lettore una visione unica delle montagne patrimonio dell\u2019umanit\u00e0.<\/p>\n<p>&nbsp;<\/p>\n<hr \/>\n<p>&nbsp;<\/p>\n<blockquote>\n<h3>&#8220;LA<a class=\"dt-pswp-item\" href=\"https:\/\/www.radiopiu.net\/wordpress\/wp-content\/uploads\/2025\/10\/AntoniaFedon_LaCreazione-particolare.jpeg\" data-dt-img-description=\"\" data-large_image_width=\"961\" data-large_image_height=\"1002\"><img loading=\"lazy\" decoding=\"async\" class=\" wp-image-476857 alignleft\" src=\"https:\/\/www.radiopiu.net\/wordpress\/wp-content\/uploads\/2025\/10\/AntoniaFedon_LaCreazione-particolare-288x300.jpeg\" alt=\"\" width=\"101\" height=\"106\" srcset=\"https:\/\/www.radiopiu.net\/wordpress\/wp-content\/uploads\/2025\/10\/AntoniaFedon_LaCreazione-particolare-288x300.jpeg 288w, https:\/\/www.radiopiu.net\/wordpress\/wp-content\/uploads\/2025\/10\/AntoniaFedon_LaCreazione-particolare-768x801.jpeg 768w, https:\/\/www.radiopiu.net\/wordpress\/wp-content\/uploads\/2025\/10\/AntoniaFedon_LaCreazione-particolare.jpeg 961w\" sizes=\"auto, (max-width: 101px) 100vw, 101px\" \/><\/a> CREAZIONE&#8221; DI MARIA ANTONIA FEDON AL TEATRO DINO BUZZATI<\/h3>\n<\/blockquote>\n<p><strong>BELLUNO <\/strong>Venerd\u00ec 7 novembre, alle 17, al Teatro Dino Buzzati di Belluno verr\u00e0 inaugurata &#8220;La Creazione&#8221;, opera dell&#8217;artista bellunese Maria Antonia Fedon dedicata allo scrittore e giornalista bellunese Dino Buzzati, che il Comune di Belluno ha deciso di esporre permanentemente all&#8217;interno del teatro, nell&#8217;antisala dell&#8217;ingresso.<\/p>\n<p>&nbsp;<\/p>\n<hr \/>\n<p>&nbsp;<\/p>\n<blockquote>\n<h3>AD AGORDO LA PRIMA PRESENTAZIONE DEL SAGGIO SULLA LINGUA LADINA<\/h3>\n<\/blockquote>\n<p><strong><a class=\"dt-pswp-item\" href=\"https:\/\/www.radiopiu.net\/wordpress\/wp-content\/uploads\/2025\/10\/musla.jpg\" data-dt-img-description=\"\" data-large_image_width=\"428\" data-large_image_height=\"609\"><img loading=\"lazy\" decoding=\"async\" class=\" wp-image-476877 alignleft\" src=\"https:\/\/www.radiopiu.net\/wordpress\/wp-content\/uploads\/2025\/10\/musla-211x300.jpg\" alt=\"\" width=\"101\" height=\"144\" srcset=\"https:\/\/www.radiopiu.net\/wordpress\/wp-content\/uploads\/2025\/10\/musla-211x300.jpg 211w, https:\/\/www.radiopiu.net\/wordpress\/wp-content\/uploads\/2025\/10\/musla.jpg 428w\" sizes=\"auto, (max-width: 101px) 100vw, 101px\" \/><\/a>AGORDO <\/strong>Agordo si prepara a ospitare un evento culturale di grande rilievo: il 22 novembre sar\u00e0 presentato il saggio <em data-start=\"269\" data-end=\"323\">\u201cNormalizzazione linguistica in Agordino e in Zoldo\u201d<\/em>, frutto del lavoro dell\u2019Istituto Bellunese di Ricerche Sociali e Culturali (IBRSC). Il libro, scritto a pi\u00f9 mani, \u00e8 stato realizzato in collaborazione con MUSLA, Federazione Ladina del Veneto, Unioni Ladine dell\u2019Agordino e Provincia di Belluno. La presentazione si svolger\u00e0 nella Sala Convegni Don Tamis, in Via 27 Aprile 10, a partire dalle ore 18:00. La serata prevede due momenti: la presentazione del volume e una tavola rotonda aperta al pubblico e agli ospiti invitati, per discutere delle sfide e delle opportunit\u00e0 della lingua ladina nella regione. Al termine dell\u2019incontro sar\u00e0 offerto un rinfresco, occasione per confrontarsi e approfondire i temi trattati.<\/p>\n<p>&nbsp;<\/p>\n<hr \/>\n<p>&nbsp;<\/p>\n<blockquote class=\"wp-embedded-content\" data-secret=\"1MMfvjshO4\"><p><a href=\"https:\/\/www.radiopiu.net\/wordpress\/puntata-16\/\">FRANCO FIABANE, L\u2019ARTE CHE UNISCE TRADIZIONE E MODERNIT\u00c0<\/a><\/p><\/blockquote>\n<p><iframe loading=\"lazy\" class=\"wp-embedded-content\" sandbox=\"allow-scripts\" security=\"restricted\" style=\"position: absolute; visibility: hidden;\" title=\"&#8220;FRANCO FIABANE, L\u2019ARTE CHE UNISCE TRADIZIONE E MODERNIT\u00c0&#8221; &#8212; Radio Pi\u00f9\" src=\"https:\/\/www.radiopiu.net\/wordpress\/puntata-16\/embed\/#?secret=fhB96oBrkq#?secret=1MMfvjshO4\" data-secret=\"1MMfvjshO4\" width=\"600\" height=\"338\" frameborder=\"0\" marginwidth=\"0\" marginheight=\"0\" scrolling=\"no\"><\/iframe><\/p>\n<p>&nbsp;<\/p>\n<hr \/>\n<p>&nbsp;<\/p>\n<h1><span style=\"color: #ff6600;\">IERI ALLA RADIO<\/span><\/h1>\n<h2><span style=\"color: #99cc00;\">DALLO STAND APPIA, ARREDAMONT 2025 &#8211; LONGARONE FIERE<\/span><\/h2>\n<p><strong>LONGARONE<\/strong> Appia CNA Belluno \u00e8 protagonista ad Arredamont 2025 con un programma dedicato al valore e alla modernit\u00e0 dell\u2019artigianato locale. Nel Padiglione B, lo stand dell\u2019associazione diventer\u00e0 un laboratorio a cielo aperto con il progetto <em data-start=\"242\" data-end=\"292\">\u201cL\u2019artigiano in Fiera 2025 \u2013 Un\u2019arte per lavoro\u201d<\/em>, tra dimostrazioni, workshop e incontri sui mestieri del territorio. Ogni giorno artigiani di vari settori \u2013 dall\u2019occhialeria al design, dalla meccanica al tessile \u2013 mostreranno come tradizione e innovazione possano convivere. Tra gli eventi spiccano la prova dell\u2019esoscheletro Wurth, i laboratori di stampa 3D e CAD e l\u2019incontro <em data-start=\"627\" data-end=\"649\">\u201cMeccanica e design\u201d<\/em>. Completa il programma la mostra <em data-start=\"683\" data-end=\"712\">\u201c80 anni di Libera Impresa\u201d<\/em> e, il 2 novembre, uno spettacolo teatrale celebrativo.<\/p>\n<p><strong>PUNTATA 05 &#8211; 31 OTTOBRE 2025<\/strong><\/p>\n<p><iframe loading=\"lazy\" title=\"05 Appia Arredamont Le tre Radio   31 10 2025\" width=\"1200\" height=\"675\" src=\"https:\/\/www.youtube.com\/embed\/MWiwnM_r1Mw?feature=oembed\" frameborder=\"0\" allow=\"accelerometer; autoplay; clipboard-write; encrypted-media; gyroscope; picture-in-picture; web-share\" referrerpolicy=\"strict-origin-when-cross-origin\" allowfullscreen><\/iframe><\/p>\n<p>&nbsp;<\/p>\n<h2><strong>LA RACCOLTA COMPLETA <a href=\"https:\/\/www.radiopiu.net\/wordpress\/dallo-stand-appia-arredamont-2025-longarone-fiere-raccolta-completa\/\"><span style=\"color: #3366ff;\">CLICCA QUI<\/span><\/a><\/strong><\/h2>\n<p>&nbsp;<\/p>\n<hr \/>\n<p>&nbsp;<\/p>\n<h2><span style=\"color: #000000;\"><span style=\"color: #cc99ff;\">\u00a0&#8220;DINTORN E FORA VIA&#8221;\u00a0 IL PROGRAMMA\u00a0 A CURA DEL MUSLA\u00a0\u00a0<\/span><strong> \u00a0<\/strong><\/span><\/h2>\n<p><strong><a class=\"dt-pswp-item\" href=\"https:\/\/www.radiopiu.net\/wordpress\/wp-content\/uploads\/2024\/02\/file-e1707208139238.jpg\" data-dt-img-description=\"\" data-large_image_width=\"640\" data-large_image_height=\"640\"><img loading=\"lazy\" decoding=\"async\" class=\"wp-image-373423 alignleft\" src=\"https:\/\/www.radiopiu.net\/wordpress\/wp-content\/uploads\/2024\/02\/file-e1707208139238-300x300.jpg\" alt=\"\" width=\"103\" height=\"103\" srcset=\"https:\/\/www.radiopiu.net\/wordpress\/wp-content\/uploads\/2024\/02\/file-e1707208139238-300x300.jpg 300w, https:\/\/www.radiopiu.net\/wordpress\/wp-content\/uploads\/2024\/02\/file-e1707208139238-150x150.jpg 150w, https:\/\/www.radiopiu.net\/wordpress\/wp-content\/uploads\/2024\/02\/file-e1707208139238.jpg 640w\" sizes=\"auto, (max-width: 103px) 100vw, 103px\" \/><\/a>PUNTATA DEL 31 OTTOBRE 2025 VERONICA LEZUO<\/strong><\/p>\n<audio class=\"wp-audio-shortcode\" id=\"audio-478189-10\" preload=\"none\" style=\"width: 100%;\" controls=\"controls\"><source type=\"audio\/mpeg\" src=\"https:\/\/www.radiopiu.net\/wordpress\/wp-content\/uploads\/2025\/10\/MUSLA-10.mp3?_=10\" \/><a href=\"https:\/\/www.radiopiu.net\/wordpress\/wp-content\/uploads\/2025\/10\/MUSLA-10.mp3\">https:\/\/www.radiopiu.net\/wordpress\/wp-content\/uploads\/2025\/10\/MUSLA-10.mp3<\/a><\/audio>\n<h2><strong><br \/>\nLA RACCOLTA COMPLETA <a href=\"https:\/\/www.radiopiu.net\/wordpress\/musla\/\"><span style=\"color: #3366ff;\">CLICCA QUI<\/span><\/a><\/strong><\/h2>\n<p>&nbsp;<\/p>\n<hr \/>\n<p>&nbsp;<\/p>\n<h2><span style=\"color: #ffcc00;\">RADIO PIU&#8217; PREMIERE, LE NOVITA&#8217; MUSICALI DEL FINE SETTIMANA<\/span><\/h2>\n<p><strong>REDAZIONE<\/strong> Radio Pi\u00f9 Premiere \u00e8 il programma del fine settimana che presenta le due principali novit\u00e0 arrivate dalle case discografiche<\/p>\n<p>&nbsp;<\/p>\n<p><strong><a class=\"dt-pswp-item\" href=\"https:\/\/www.radiopiu.net\/wordpress\/wp-content\/uploads\/2025\/10\/9f410c54-0248-4846-b179-363c92433e4a.jpg\" data-dt-img-description=\"\" data-large_image_width=\"1179\" data-large_image_height=\"614\"><img loading=\"lazy\" decoding=\"async\" class=\"size-medium wp-image-478328 alignleft\" src=\"https:\/\/www.radiopiu.net\/wordpress\/wp-content\/uploads\/2025\/10\/9f410c54-0248-4846-b179-363c92433e4a-300x156.jpg\" alt=\"\" width=\"300\" height=\"156\" srcset=\"https:\/\/www.radiopiu.net\/wordpress\/wp-content\/uploads\/2025\/10\/9f410c54-0248-4846-b179-363c92433e4a-300x156.jpg 300w, https:\/\/www.radiopiu.net\/wordpress\/wp-content\/uploads\/2025\/10\/9f410c54-0248-4846-b179-363c92433e4a-1024x533.jpg 1024w, https:\/\/www.radiopiu.net\/wordpress\/wp-content\/uploads\/2025\/10\/9f410c54-0248-4846-b179-363c92433e4a-768x400.jpg 768w, https:\/\/www.radiopiu.net\/wordpress\/wp-content\/uploads\/2025\/10\/9f410c54-0248-4846-b179-363c92433e4a.jpg 1179w\" sizes=\"auto, (max-width: 300px) 100vw, 300px\" \/><\/a>PUNTATA DEL 31 OTTOBRE 2025<\/strong><\/p>\n<p>Gianni Bismark &amp; Giuliano Sangiorgi &#8211; Piove Piove<\/p>\n<p>Caleydo, Bassi Maestro &amp; Willy Peyote &#8211; La Mia Citt\u00e0<\/p>\n<audio class=\"wp-audio-shortcode\" id=\"audio-478189-11\" preload=\"none\" style=\"width: 100%;\" controls=\"controls\"><source type=\"audio\/mpeg\" src=\"https:\/\/www.radiopiu.net\/wordpress\/wp-content\/uploads\/2025\/10\/MARCONOVITA-3.mp3?_=11\" \/><a href=\"https:\/\/www.radiopiu.net\/wordpress\/wp-content\/uploads\/2025\/10\/MARCONOVITA-3.mp3\">https:\/\/www.radiopiu.net\/wordpress\/wp-content\/uploads\/2025\/10\/MARCONOVITA-3.mp3<\/a><\/audio>\n<p>&nbsp;<\/p>\n<h2><strong>LA RACCOLTA COMPLETA <a href=\"https:\/\/www.radiopiu.net\/wordpress\/radio-piu-premiere-le-novita-musicali-del-fine-settimana-il-podcast-31-ott\/\"><span style=\"color: #3366ff;\">CLICCA QUI<\/span><\/a><\/strong><\/h2>\n<p>&nbsp;<\/p>\n<hr \/>\n<p>&nbsp;<\/p>\n<h2><span style=\"color: #00ffff;\">DAL POLIAMBULATORIO AGORDINO CON IL GINECOLOGO DR. BRUNO BORIN<\/span><\/h2>\n<p><strong><a class=\"dt-pswp-item\" href=\"https:\/\/www.radiopiu.net\/wordpress\/wp-content\/uploads\/2025\/10\/Senza-nome-63.png\" data-dt-img-description=\"\" data-large_image_width=\"479\" data-large_image_height=\"287\"><img loading=\"lazy\" decoding=\"async\" class=\"size-medium wp-image-478099 alignleft\" src=\"https:\/\/www.radiopiu.net\/wordpress\/wp-content\/uploads\/2025\/10\/Senza-nome-63-300x180.png\" alt=\"\" width=\"300\" height=\"180\" srcset=\"https:\/\/www.radiopiu.net\/wordpress\/wp-content\/uploads\/2025\/10\/Senza-nome-63-300x180.png 300w, https:\/\/www.radiopiu.net\/wordpress\/wp-content\/uploads\/2025\/10\/Senza-nome-63.png 479w\" sizes=\"auto, (max-width: 300px) 100vw, 300px\" \/><\/a>PUNTATA 31 OTTOBRE 2025 &#8211; GINECOLOGIA CON IL DOTTOR BRUNO BORIN<\/strong><\/p>\n<p>Consegue la Laurea in Medicina e Chirurgia all\u2019Universit\u00e0 di Padova nel 1978. Specialista in Ostetricia e Ginecologia (Universit\u00e0 di Verona). Specialista in Patologia della Riproduzione Umana (Universit\u00e0 degli Studi di Catania). Pluriennale esperienza ospedaliera acquisita come Dirigente Medico presso l\u2019Unit\u00e0 Operativa Autonoma di Ostetricia e Ginecologia di Belluno. Attualmente impegnato in ambito lavorativo come libero professionista. I suoi campi di interesse, oltre alle attivit\u00e0 di routine inerenti la professione di Ostetrico Ginecologo, sono l\u2019ecografia ostetrica e ginecologica, la diagnosi prenatale, l\u2019endocrinologia ginecologica, la diagnosi e terapia della sterilit\u00e0 di coppia.<\/p>\n<p><strong>AUDIO<\/strong><\/p>\n<audio class=\"wp-audio-shortcode\" id=\"audio-478189-12\" preload=\"none\" style=\"width: 100%;\" controls=\"controls\"><source type=\"audio\/mpeg\" src=\"https:\/\/www.radiopiu.net\/wordpress\/wp-content\/uploads\/2025\/10\/borin-ufficiale.mp3?_=12\" \/><a href=\"https:\/\/www.radiopiu.net\/wordpress\/wp-content\/uploads\/2025\/10\/borin-ufficiale.mp3\">https:\/\/www.radiopiu.net\/wordpress\/wp-content\/uploads\/2025\/10\/borin-ufficiale.mp3<\/a><\/audio>\n<p>&nbsp;<\/p>\n<h2><strong>LA RACCOLTA COMPLETA <a href=\"https:\/\/www.radiopiu.net\/wordpress\/poliagordoraccolta\/\"><span style=\"color: #3366ff;\">CLICCA QUI<\/span><\/a><\/strong><\/h2>\n<p>&nbsp;<\/p>\n<hr \/>\n<p>&nbsp;<\/p>\n<h2><span style=\"color: #ff99cc;\">MUSIC A B C, IL MONDO DELLA MUSICA UNA LETTERA ALLA VOLTA<\/span><\/h2>\n<p><span style=\"color: #ff0000;\"><strong><a class=\"dt-pswp-item\" href=\"https:\/\/www.radiopiu.net\/wordpress\/wp-content\/uploads\/2021\/07\/microfono-radio-ok-768x448-768x448-1.jpg\" data-dt-img-description=\"\" data-large_image_width=\"768\" data-large_image_height=\"448\"><img loading=\"lazy\" decoding=\"async\" class=\" wp-image-220632 alignleft\" src=\"https:\/\/www.radiopiu.net\/wordpress\/wp-content\/uploads\/2021\/07\/microfono-radio-ok-768x448-768x448-1-300x175.jpg\" alt=\"\" width=\"148\" height=\"86\" srcset=\"https:\/\/www.radiopiu.net\/wordpress\/wp-content\/uploads\/2021\/07\/microfono-radio-ok-768x448-768x448-1-300x175.jpg 300w, https:\/\/www.radiopiu.net\/wordpress\/wp-content\/uploads\/2021\/07\/microfono-radio-ok-768x448-768x448-1.jpg 768w\" sizes=\"auto, (max-width: 148px) 100vw, 148px\" \/><\/a>CON MARINA DONA&#8217; E DAVID &#8220;ATHOS&#8221; BEN<\/strong><\/span><\/p>\n<h2><strong>STAGIONE 2025\/2026<\/strong><\/h2>\n<p><strong>PUNTATA DEL 31 OTTOBRE 2025<\/strong><\/p>\n<p><strong>PRIMA PARTE<\/strong><\/p>\n<audio class=\"wp-audio-shortcode\" id=\"audio-478189-13\" preload=\"none\" style=\"width: 100%;\" controls=\"controls\"><source type=\"audio\/mpeg\" src=\"https:\/\/www.radiopiu.net\/wordpress\/wp-content\/uploads\/2025\/10\/GOLD1-3.mp3?_=13\" \/><a href=\"https:\/\/www.radiopiu.net\/wordpress\/wp-content\/uploads\/2025\/10\/GOLD1-3.mp3\">https:\/\/www.radiopiu.net\/wordpress\/wp-content\/uploads\/2025\/10\/GOLD1-3.mp3<\/a><\/audio>\n<p>&nbsp;<\/p>\n<p><strong>SECONDA PARTE<\/strong><\/p>\n<audio class=\"wp-audio-shortcode\" id=\"audio-478189-14\" preload=\"none\" style=\"width: 100%;\" controls=\"controls\"><source type=\"audio\/mpeg\" src=\"https:\/\/www.radiopiu.net\/wordpress\/wp-content\/uploads\/2025\/10\/GOLD2-3.mp3?_=14\" \/><a href=\"https:\/\/www.radiopiu.net\/wordpress\/wp-content\/uploads\/2025\/10\/GOLD2-3.mp3\">https:\/\/www.radiopiu.net\/wordpress\/wp-content\/uploads\/2025\/10\/GOLD2-3.mp3<\/a><\/audio>\n<p>&nbsp;<\/p>\n<p><strong>TERZA PARTE<\/strong><\/p>\n<audio class=\"wp-audio-shortcode\" id=\"audio-478189-15\" preload=\"none\" style=\"width: 100%;\" controls=\"controls\"><source type=\"audio\/mpeg\" src=\"https:\/\/www.radiopiu.net\/wordpress\/wp-content\/uploads\/2025\/10\/GOLD3-3.mp3?_=15\" \/><a href=\"https:\/\/www.radiopiu.net\/wordpress\/wp-content\/uploads\/2025\/10\/GOLD3-3.mp3\">https:\/\/www.radiopiu.net\/wordpress\/wp-content\/uploads\/2025\/10\/GOLD3-3.mp3<\/a><\/audio>\n<p>&nbsp;<\/p>\n<h2><strong>LA RACCOLTA COMPLETA <a href=\"https:\/\/www.radiopiu.net\/wordpress\/music-a-b-c-il-mondo-della-musica-una-lettera-alla-volta-la-raccolta\/\"><span style=\"color: #3366ff;\">CLICCA QUI<\/span><\/a><\/strong><\/h2>\n<p>&nbsp;<\/p>\n<hr \/>\n<p>&nbsp;<\/p>\n<h2><span style=\"color: #99cc00;\">I COLORI DELLA MIA TERRA, IL LIBRO DI GIULIANA DA RONCH<\/span><\/h2>\n<p><strong><a class=\"dt-pswp-item\" href=\"https:\/\/www.radiopiu.net\/wordpress\/wp-content\/uploads\/2025\/10\/2e565432-df60-4322-b0a1-1fdbb189e3e2.jpg\" data-dt-img-description=\"\" data-large_image_width=\"1138\" data-large_image_height=\"1600\"><img loading=\"lazy\" decoding=\"async\" class=\" wp-image-476696 alignleft\" src=\"https:\/\/www.radiopiu.net\/wordpress\/wp-content\/uploads\/2025\/10\/2e565432-df60-4322-b0a1-1fdbb189e3e2-213x300.jpg\" alt=\"\" width=\"138\" height=\"194\" srcset=\"https:\/\/www.radiopiu.net\/wordpress\/wp-content\/uploads\/2025\/10\/2e565432-df60-4322-b0a1-1fdbb189e3e2-213x300.jpg 213w, https:\/\/www.radiopiu.net\/wordpress\/wp-content\/uploads\/2025\/10\/2e565432-df60-4322-b0a1-1fdbb189e3e2-728x1024.jpg 728w, https:\/\/www.radiopiu.net\/wordpress\/wp-content\/uploads\/2025\/10\/2e565432-df60-4322-b0a1-1fdbb189e3e2-768x1080.jpg 768w, https:\/\/www.radiopiu.net\/wordpress\/wp-content\/uploads\/2025\/10\/2e565432-df60-4322-b0a1-1fdbb189e3e2-1092x1536.jpg 1092w, https:\/\/www.radiopiu.net\/wordpress\/wp-content\/uploads\/2025\/10\/2e565432-df60-4322-b0a1-1fdbb189e3e2.jpg 1138w\" sizes=\"auto, (max-width: 138px) 100vw, 138px\" \/><\/a>DI MIRKO MEZZACASA<\/strong><\/p>\n<p>OSPITE: Giuliana Da Ronch<\/p>\n<audio class=\"wp-audio-shortcode\" id=\"audio-478189-16\" preload=\"none\" style=\"width: 100%;\" controls=\"controls\"><source type=\"audio\/mpeg\" src=\"https:\/\/www.radiopiu.net\/wordpress\/wp-content\/uploads\/2025\/10\/giuliana-da-ronch-PRESENTAZIONE-LIBRO.mp3?_=16\" \/><a href=\"https:\/\/www.radiopiu.net\/wordpress\/wp-content\/uploads\/2025\/10\/giuliana-da-ronch-PRESENTAZIONE-LIBRO.mp3\">https:\/\/www.radiopiu.net\/wordpress\/wp-content\/uploads\/2025\/10\/giuliana-da-ronch-PRESENTAZIONE-LIBRO.mp3<\/a><\/audio>\n<p>&nbsp;<\/p>\n<hr \/>\n<p>&nbsp;<\/p>\n<h2><span style=\"color: #800080;\">I CONSIGLI DI GIANLUCA&#8230;DA DOLOMITI BEER &amp; WINE SHOP<\/span><\/h2>\n<p><a class=\"dt-pswp-item\" href=\"https:\/\/www.radiopiu.net\/wordpress\/wp-content\/uploads\/2025\/10\/download-37.jpg\" data-dt-img-description=\"\" data-large_image_width=\"1024\" data-large_image_height=\"576\"><img loading=\"lazy\" decoding=\"async\" class=\" wp-image-478270 alignleft\" src=\"https:\/\/www.radiopiu.net\/wordpress\/wp-content\/uploads\/2025\/10\/download-37-300x169.jpg\" alt=\"\" width=\"128\" height=\"72\" srcset=\"https:\/\/www.radiopiu.net\/wordpress\/wp-content\/uploads\/2025\/10\/download-37-300x169.jpg 300w, https:\/\/www.radiopiu.net\/wordpress\/wp-content\/uploads\/2025\/10\/download-37-768x432.jpg 768w, https:\/\/www.radiopiu.net\/wordpress\/wp-content\/uploads\/2025\/10\/download-37.jpg 1024w\" sizes=\"auto, (max-width: 128px) 100vw, 128px\" \/><\/a>PAROLA DI GIANLUCA,\u00a0 E&#8217; LA RUBRICA IN ONDA SU RADIOPIU OGNI GIORNO ALLE 7.10, 18.10, 21.50&#8230;NOTIZIE CONSIGLI E MOLTA CORDIALIT\u00e0 NEGLI INTERVENTI DI GIANLUCA DAI PUNTI VENDITA DI TAIBON, SEDICO E FELTRE<\/p>\n<p><strong>31 OTTOBRE 2025<\/strong><\/p>\n<audio class=\"wp-audio-shortcode\" id=\"audio-478189-17\" preload=\"none\" style=\"width: 100%;\" controls=\"controls\"><source type=\"audio\/mpeg\" src=\"https:\/\/www.radiopiu.net\/wordpress\/wp-content\/uploads\/2025\/10\/GWINE1A-11.mp3?_=17\" \/><a href=\"https:\/\/www.radiopiu.net\/wordpress\/wp-content\/uploads\/2025\/10\/GWINE1A-11.mp3\">https:\/\/www.radiopiu.net\/wordpress\/wp-content\/uploads\/2025\/10\/GWINE1A-11.mp3<\/a><\/audio>\n<p>&nbsp;<\/p>\n<p>&nbsp;<\/p>\n<h2><strong>LA RACCOLTA COMPLETA <a href=\"https:\/\/www.radiopiu.net\/wordpress\/parola-di-gianluca-27\/\"><span style=\"color: #3366ff;\">CLICCA QUI<\/span><\/a><\/strong><\/h2>\n<p>&nbsp;<\/p>\n<p>&nbsp;<\/p>\n<hr \/>\n<p>&nbsp;<\/p>\n<h2><span style=\"color: #ff0000;\"><a class=\"dt-pswp-item\" href=\"https:\/\/www.radiopiu.net\/wordpress\/wp-content\/uploads\/2018\/09\/appuntamenti.jpeg\" data-dt-img-description=\"\" data-large_image_width=\"800\" data-large_image_height=\"100\"><img loading=\"lazy\" decoding=\"async\" class=\"wp-image-61958 size-full aligncenter\" src=\"https:\/\/www.radiopiu.net\/wordpress\/wp-content\/uploads\/2018\/09\/appuntamenti.jpeg\" alt=\"\" width=\"800\" height=\"100\" srcset=\"https:\/\/www.radiopiu.net\/wordpress\/wp-content\/uploads\/2018\/09\/appuntamenti.jpeg 800w, https:\/\/www.radiopiu.net\/wordpress\/wp-content\/uploads\/2018\/09\/appuntamenti-300x38.jpeg 300w, https:\/\/www.radiopiu.net\/wordpress\/wp-content\/uploads\/2018\/09\/appuntamenti-768x96.jpeg 768w\" sizes=\"auto, (max-width: 800px) 100vw, 800px\" \/><\/a><\/span><\/h2>\n<p>&nbsp;<\/p>\n\n\t\t\t<style type='text\/css'>\n\t\t\t\t#gallery-3 {\n\t\t\t\t\tmargin: auto;\n\t\t\t\t}\n\t\t\t\t#gallery-3 .gallery-item {\n\t\t\t\t\tfloat: left;\n\t\t\t\t\tmargin-top: 10px;\n\t\t\t\t\ttext-align: center;\n\t\t\t\t\twidth: 20%;\n\t\t\t\t}\n\t\t\t\t#gallery-3 img {\n\t\t\t\t\tborder: 2px solid #cfcfcf;\n\t\t\t\t}\n\t\t\t\t#gallery-3 .gallery-caption {\n\t\t\t\t\tmargin-left: 0;\n\t\t\t\t}\n\t\t\t\t\/* see gallery_shortcode() in wp-includes\/media.php *\/\n\t\t\t<\/style>\n\t\t<div id='gallery-3' class='dt-gallery-container gallery galleryid-478189 gallery-columns-5 gallery-size-thumbnail'><dl class='gallery-item'>\n\t\t\t\t<dt class='gallery-icon portrait'>\n\t\t\t\t\t<a class=\"rollover rollover-zoom dt-pswp-item\" title=\"87dc020f-6cc3-41db-b532-ca50fd7a9a52\" data-dt-img-description=\"\" data-large_image_width=\"1080\" data-large_image_height=\"1480\"href='https:\/\/www.radiopiu.net\/wordpress\/wp-content\/uploads\/2025\/10\/87dc020f-6cc3-41db-b532-ca50fd7a9a52.jpg'><img loading=\"lazy\" decoding=\"async\" width=\"150\" height=\"150\" src=\"https:\/\/www.radiopiu.net\/wordpress\/wp-content\/uploads\/2025\/10\/87dc020f-6cc3-41db-b532-ca50fd7a9a52-150x150.jpg\" class=\"attachment-thumbnail size-thumbnail\" alt=\"\" \/><\/a>\n\t\t\t\t<\/dt><\/dl><dl class='gallery-item'>\n\t\t\t\t<dt class='gallery-icon landscape'>\n\t\t\t\t\t<a class=\"rollover rollover-zoom dt-pswp-item\" title=\"563612389_1219539743553039_1535719683077900500_n\" data-dt-img-description=\"\" data-large_image_width=\"1080\" data-large_image_height=\"1080\"href='https:\/\/www.radiopiu.net\/wordpress\/wp-content\/uploads\/2025\/10\/563612389_1219539743553039_1535719683077900500_n.jpg'><img loading=\"lazy\" decoding=\"async\" width=\"150\" height=\"150\" src=\"https:\/\/www.radiopiu.net\/wordpress\/wp-content\/uploads\/2025\/10\/563612389_1219539743553039_1535719683077900500_n-150x150.jpg\" class=\"attachment-thumbnail size-thumbnail\" alt=\"\" srcset=\"https:\/\/www.radiopiu.net\/wordpress\/wp-content\/uploads\/2025\/10\/563612389_1219539743553039_1535719683077900500_n-150x150.jpg 150w, https:\/\/www.radiopiu.net\/wordpress\/wp-content\/uploads\/2025\/10\/563612389_1219539743553039_1535719683077900500_n-300x300.jpg 300w, https:\/\/www.radiopiu.net\/wordpress\/wp-content\/uploads\/2025\/10\/563612389_1219539743553039_1535719683077900500_n-1024x1024.jpg 1024w, https:\/\/www.radiopiu.net\/wordpress\/wp-content\/uploads\/2025\/10\/563612389_1219539743553039_1535719683077900500_n-768x768.jpg 768w, https:\/\/www.radiopiu.net\/wordpress\/wp-content\/uploads\/2025\/10\/563612389_1219539743553039_1535719683077900500_n.jpg 1080w\" sizes=\"auto, (max-width: 150px) 100vw, 150px\" \/><\/a>\n\t\t\t\t<\/dt><\/dl><dl class='gallery-item'>\n\t\t\t\t<dt class='gallery-icon portrait'>\n\t\t\t\t\t<a class=\"rollover rollover-zoom dt-pswp-item\" title=\"2e565432-df60-4322-b0a1-1fdbb189e3e2\" data-dt-img-description=\"\" data-large_image_width=\"1138\" data-large_image_height=\"1600\"href='https:\/\/www.radiopiu.net\/wordpress\/wp-content\/uploads\/2025\/10\/2e565432-df60-4322-b0a1-1fdbb189e3e2.jpg'><img loading=\"lazy\" decoding=\"async\" width=\"150\" height=\"150\" src=\"https:\/\/www.radiopiu.net\/wordpress\/wp-content\/uploads\/2025\/10\/2e565432-df60-4322-b0a1-1fdbb189e3e2-150x150.jpg\" class=\"attachment-thumbnail size-thumbnail\" alt=\"\" \/><\/a>\n\t\t\t\t<\/dt><\/dl><dl class='gallery-item'>\n\t\t\t\t<dt class='gallery-icon portrait'>\n\t\t\t\t\t<a class=\"rollover rollover-zoom dt-pswp-item\" title=\"giordano\" data-dt-img-description=\"\" data-large_image_width=\"432\" data-large_image_height=\"608\"href='https:\/\/www.radiopiu.net\/wordpress\/wp-content\/uploads\/2025\/10\/giordano.jpg'><img loading=\"lazy\" decoding=\"async\" width=\"150\" height=\"150\" src=\"https:\/\/www.radiopiu.net\/wordpress\/wp-content\/uploads\/2025\/10\/giordano-150x150.jpg\" class=\"attachment-thumbnail size-thumbnail\" alt=\"\" \/><\/a>\n\t\t\t\t<\/dt><\/dl><dl class='gallery-item'>\n\t\t\t\t<dt class='gallery-icon portrait'>\n\t\t\t\t\t<a class=\"rollover rollover-zoom dt-pswp-item\" title=\"SCR-20251101-imsb\" data-dt-img-description=\"\" data-large_image_width=\"1464\" data-large_image_height=\"1744\"href='https:\/\/www.radiopiu.net\/wordpress\/wp-content\/uploads\/2025\/11\/SCR-20251101-imsb.png'><img loading=\"lazy\" decoding=\"async\" width=\"150\" height=\"150\" src=\"https:\/\/www.radiopiu.net\/wordpress\/wp-content\/uploads\/2025\/11\/SCR-20251101-imsb-150x150.png\" class=\"attachment-thumbnail size-thumbnail\" alt=\"\" \/><\/a>\n\t\t\t\t<\/dt><\/dl><br style=\"clear: both\" \/><dl class='gallery-item'>\n\t\t\t\t<dt class='gallery-icon portrait'>\n\t\t\t\t\t<a class=\"rollover rollover-zoom dt-pswp-item\" title=\"SCR-20251101-ilkj\" data-dt-img-description=\"\" data-large_image_width=\"1190\" data-large_image_height=\"1286\"href='https:\/\/www.radiopiu.net\/wordpress\/wp-content\/uploads\/2025\/11\/SCR-20251101-ilkj.png'><img loading=\"lazy\" decoding=\"async\" width=\"150\" height=\"150\" src=\"https:\/\/www.radiopiu.net\/wordpress\/wp-content\/uploads\/2025\/11\/SCR-20251101-ilkj-150x150.png\" class=\"attachment-thumbnail size-thumbnail\" alt=\"\" \/><\/a>\n\t\t\t\t<\/dt><\/dl><dl class='gallery-item'>\n\t\t\t\t<dt class='gallery-icon portrait'>\n\t\t\t\t\t<a class=\"rollover rollover-zoom dt-pswp-item\" title=\"cde32a2a-6720-4581-b60b-6cbc68dd5afa\" data-dt-img-description=\"\" data-large_image_width=\"966\" data-large_image_height=\"2048\"href='https:\/\/www.radiopiu.net\/wordpress\/wp-content\/uploads\/2025\/10\/cde32a2a-6720-4581-b60b-6cbc68dd5afa.jpg'><img loading=\"lazy\" decoding=\"async\" width=\"150\" height=\"150\" src=\"https:\/\/www.radiopiu.net\/wordpress\/wp-content\/uploads\/2025\/10\/cde32a2a-6720-4581-b60b-6cbc68dd5afa-150x150.jpg\" class=\"attachment-thumbnail size-thumbnail\" alt=\"\" \/><\/a>\n\t\t\t\t<\/dt><\/dl><dl class='gallery-item'>\n\t\t\t\t<dt class='gallery-icon landscape'>\n\t\t\t\t\t<a class=\"rollover rollover-zoom dt-pswp-item\" title=\"542759768_1187692263404454_707530732478693509_n\" data-dt-img-description=\"\" data-large_image_width=\"1440\" data-large_image_height=\"1440\"href='https:\/\/www.radiopiu.net\/wordpress\/wp-content\/uploads\/2025\/10\/542759768_1187692263404454_707530732478693509_n.jpg'><img loading=\"lazy\" decoding=\"async\" width=\"150\" height=\"150\" src=\"https:\/\/www.radiopiu.net\/wordpress\/wp-content\/uploads\/2025\/10\/542759768_1187692263404454_707530732478693509_n-150x150.jpg\" class=\"attachment-thumbnail size-thumbnail\" alt=\"\" srcset=\"https:\/\/www.radiopiu.net\/wordpress\/wp-content\/uploads\/2025\/10\/542759768_1187692263404454_707530732478693509_n-150x150.jpg 150w, https:\/\/www.radiopiu.net\/wordpress\/wp-content\/uploads\/2025\/10\/542759768_1187692263404454_707530732478693509_n-300x300.jpg 300w, https:\/\/www.radiopiu.net\/wordpress\/wp-content\/uploads\/2025\/10\/542759768_1187692263404454_707530732478693509_n-1024x1024.jpg 1024w, https:\/\/www.radiopiu.net\/wordpress\/wp-content\/uploads\/2025\/10\/542759768_1187692263404454_707530732478693509_n-768x768.jpg 768w, https:\/\/www.radiopiu.net\/wordpress\/wp-content\/uploads\/2025\/10\/542759768_1187692263404454_707530732478693509_n.jpg 1440w\" sizes=\"auto, (max-width: 150px) 100vw, 150px\" \/><\/a>\n\t\t\t\t<\/dt><\/dl><dl class='gallery-item'>\n\t\t\t\t<dt class='gallery-icon portrait'>\n\t\t\t\t\t<a class=\"rollover rollover-zoom dt-pswp-item\" title=\"e58f3ae7-93bd-41d1-9398-2938c3c13a83\" data-dt-img-description=\"\" data-large_image_width=\"1131\" data-large_image_height=\"1600\"href='https:\/\/www.radiopiu.net\/wordpress\/wp-content\/uploads\/2025\/10\/e58f3ae7-93bd-41d1-9398-2938c3c13a83.jpg'><img loading=\"lazy\" decoding=\"async\" width=\"150\" height=\"150\" src=\"https:\/\/www.radiopiu.net\/wordpress\/wp-content\/uploads\/2025\/10\/e58f3ae7-93bd-41d1-9398-2938c3c13a83-150x150.jpg\" class=\"attachment-thumbnail size-thumbnail\" alt=\"\" \/><\/a>\n\t\t\t\t<\/dt><\/dl><dl class='gallery-item'>\n\t\t\t\t<dt class='gallery-icon portrait'>\n\t\t\t\t\t<a class=\"rollover rollover-zoom dt-pswp-item\" title=\"musla\" data-dt-img-description=\"\" data-large_image_width=\"428\" data-large_image_height=\"609\"href='https:\/\/www.radiopiu.net\/wordpress\/wp-content\/uploads\/2025\/10\/musla.jpg'><img loading=\"lazy\" decoding=\"async\" width=\"150\" height=\"150\" src=\"https:\/\/www.radiopiu.net\/wordpress\/wp-content\/uploads\/2025\/10\/musla-150x150.jpg\" class=\"attachment-thumbnail size-thumbnail\" alt=\"\" \/><\/a>\n\t\t\t\t<\/dt><\/dl><br style=\"clear: both\" \/><dl class='gallery-item'>\n\t\t\t\t<dt class='gallery-icon portrait'>\n\t\t\t\t\t<a class=\"rollover rollover-zoom dt-pswp-item\" title=\"le orme natale\" data-dt-img-description=\"\" data-large_image_width=\"455\" data-large_image_height=\"645\"href='https:\/\/www.radiopiu.net\/wordpress\/wp-content\/uploads\/2025\/10\/le-orme-natale.jpg'><img loading=\"lazy\" decoding=\"async\" width=\"150\" height=\"150\" src=\"https:\/\/www.radiopiu.net\/wordpress\/wp-content\/uploads\/2025\/10\/le-orme-natale-150x150.jpg\" class=\"attachment-thumbnail size-thumbnail\" alt=\"\" \/><\/a>\n\t\t\t\t<\/dt><\/dl>\n\t\t\t\t<br style='clear: both' \/>\n\t\t\t<\/div>\n\n<h2><\/h2>\n<hr \/>\n<p>&nbsp;<\/p>\n<p class=\"mceTemp\"><a class=\"dt-pswp-item\" href=\"https:\/\/www.radiopiu.net\/wordpress\/wp-content\/uploads\/2018\/09\/WhatsApp-Image-2018-09-20-at-16.04.06.jpeg\" data-dt-img-description=\"\" data-large_image_width=\"800\" data-large_image_height=\"100\"><img loading=\"lazy\" decoding=\"async\" class=\"wp-image-61378 size-full aligncenter\" src=\"https:\/\/www.radiopiu.net\/wordpress\/wp-content\/uploads\/2018\/09\/WhatsApp-Image-2018-09-20-at-16.04.06.jpeg\" alt=\"\" width=\"800\" height=\"100\" srcset=\"https:\/\/www.radiopiu.net\/wordpress\/wp-content\/uploads\/2018\/09\/WhatsApp-Image-2018-09-20-at-16.04.06.jpeg 800w, https:\/\/www.radiopiu.net\/wordpress\/wp-content\/uploads\/2018\/09\/WhatsApp-Image-2018-09-20-at-16.04.06-300x38.jpeg 300w, https:\/\/www.radiopiu.net\/wordpress\/wp-content\/uploads\/2018\/09\/WhatsApp-Image-2018-09-20-at-16.04.06-768x96.jpeg 768w\" sizes=\"auto, (max-width: 800px) 100vw, 800px\" \/><\/a><\/p>\n<p>&nbsp;<\/p>\n<p><center><b>OGGI<\/b><\/center>Cielo per lo pi\u00f9 nuvoloso o molto nuvoloso per nubi basse e medio basse, anche del tutto coperto sulle Prealpi, con qualche irregolare schiarita a tratti su Dolomiti durante le ore centrali. Contesto uggioso, specie sulle Prealpi, mite in quota nonostante la copertura nuvolosa.<br \/>\n<b>Precipitazioni: <\/b>In questo contesto umido e uggioso non \u00e8 esclusa qualche goccia o breve pioviggine qua e l\u00e0 specie su Prealpi<br \/>\n<b>Temperature: <\/b>Senza variazioni di rilievo nelle valli e sulle Prealpi, in lieve aumento in quota sulle Dolomiti.<\/p>\n<hr \/>\n<p><center><b>DOMANI<\/b><\/center>Molto nuvoloso o coperto tutto il giorno, con aumento della probabilit\u00e0 di precipitazioni fino a divenire alta dal pomeriggio. Contesto uggioso e inizialmente relativamente mite.<br \/>\n<b>Precipitazioni: <\/b>Deboli e sparse possibili gi\u00e0 al mattino, ad iniziare da Prealpi ovest, dove potranno divenire moderate entro met\u00e0 giornata, in estensione a Dolomiti fino a divenire diffuse e moderate nel pomeriggio\/sera, anche con qualche rovescio.<br \/>\n<b>Temperature: <\/b>In calo ovunque, pi\u00f9 significativo in quota, con minime alla sera.<\/p>\n<hr \/>\n<p><center><b>LUNEDI<\/b><\/center>Durante la notte e fino a parte del mattino nuvolosit\u00e0 residua con ultimi fenomeni specie su Dolomiti nelle primissime ore, eventualmente nevosi a 1600\/1800 m. Dal mezzogiorno ampie schiarite ovunque fino a sereno o poco nuvoloso. Temperature in calo in quota e nei valori minimi nelle valli, dove le massime saranno in aumento.<\/p>\n<hr \/>\n<p><center><b>MARTEDI<\/b><\/center>Tempo ben soleggiato e stabile, con cielo in prevalenza sereno in giornata e tendenza a modesto aumento della nuvolosit\u00e0 al pomeriggio-sera per velature. Temperature in aumento, specie in quota, eccetto le minime nelle valli, stazionarie.<\/p>\n<p>&nbsp;<\/p>\n<p>&nbsp;<\/p>\n<hr \/>\n<p>&nbsp;<\/p>\n<p class=\"mceTemp\"><a class=\"dt-pswp-item\" href=\"https:\/\/www.radiopiu.net\/wordpress\/wp-content\/uploads\/2018\/09\/sport.jpg\" data-dt-img-description=\"\" data-large_image_width=\"800\" data-large_image_height=\"100\"><img loading=\"lazy\" decoding=\"async\" class=\"aligncenter wp-image-60761 size-full\" src=\"https:\/\/www.radiopiu.net\/wordpress\/wp-content\/uploads\/2018\/09\/sport.jpg\" alt=\"\" width=\"800\" height=\"100\" srcset=\"https:\/\/www.radiopiu.net\/wordpress\/wp-content\/uploads\/2018\/09\/sport.jpg 800w, https:\/\/www.radiopiu.net\/wordpress\/wp-content\/uploads\/2018\/09\/sport-300x38.jpg 300w, https:\/\/www.radiopiu.net\/wordpress\/wp-content\/uploads\/2018\/09\/sport-768x96.jpg 768w\" sizes=\"auto, (max-width: 800px) 100vw, 800px\" \/> <\/a><\/p>\n<p>&nbsp;<\/p>\n<p><span style=\"color: #0000ff;\"><strong>HOCKEY SU GHIACCIO<\/strong><\/span><\/p>\n<blockquote>\n<h3>ALLEGHE AD AOSTA PER UNA TRASFERTA CHE VALE LA PRIMA POSIZIONE IN CLASSIFICA<\/h3>\n<\/blockquote>\n<p><strong><a class=\"dt-pswp-item\" href=\"https:\/\/www.radiopiu.net\/wordpress\/wp-content\/uploads\/2025\/10\/06e9cc42-bd6f-42b4-83a6-c3c9307d9948.jpg\" data-dt-img-description=\"\" data-large_image_width=\"753\" data-large_image_height=\"405\"><img loading=\"lazy\" decoding=\"async\" class=\" wp-image-478290 alignleft\" src=\"https:\/\/www.radiopiu.net\/wordpress\/wp-content\/uploads\/2025\/10\/06e9cc42-bd6f-42b4-83a6-c3c9307d9948-300x161.jpg\" alt=\"\" width=\"235\" height=\"126\" srcset=\"https:\/\/www.radiopiu.net\/wordpress\/wp-content\/uploads\/2025\/10\/06e9cc42-bd6f-42b4-83a6-c3c9307d9948-300x161.jpg 300w, https:\/\/www.radiopiu.net\/wordpress\/wp-content\/uploads\/2025\/10\/06e9cc42-bd6f-42b4-83a6-c3c9307d9948.jpg 753w\" sizes=\"auto, (max-width: 235px) 100vw, 235px\" \/><\/a>DI ROBERTO MIANA, PORTAVOCE DELL&#8217;ALLEGHE HOCKEY<\/strong><\/p>\n<p>Nona giornata del campionato IHL di hockey su ghiaccio. Sabato 1\u00ba Novembre alle 20:00 le Civette affrontano in trasferta l\u2019Aosta. Nel derby infrasettimanale l\u2019Alleghe ha dominato il Feltre 7-2 al termine di una prova convincente, dimostrando grande solidit\u00e0 di squadra. Civette che con il sesto successo stagionale balzano cos\u00ec al secondo posto in classifica. Il primo tempo contro i Picchi \u00e8 stato divertente ed estremamente combattuto. Il Feltre ha sbloccato subito il risultato portandosi in vantaggio. Ma l\u2019Alleghe non si \u00e8 perso d\u2019animo macinando gioco e nel giro di 17\u201d ha ribaltato il risultato con la doppietta di Edgar De Toni e nel finale di drittel ha triplicato con Diego Iori in superiorit\u00e0 numerica. La seconda frazione \u00e8 iniziata come era finita la prima, con i Biancorossi in rete, questa volta per mano di Patrick Isiguzo. Un Alleghe mai domo ha sfruttato ancora una volta una superiorit\u00e0 numerica con Diego Iori, che ha messo a segno la doppietta personale e la cinquina alleghese. Nel terzo drittel, con le Civette sempre sugli scudi, \u00e8 arrivata anche la rete di Atte Huhtela, seguita un minuto dopo dalla seconda rete dei Picchi e la pronta risposta ancora di Edgar De Toni, che con la tripletta personale ha firmato il 7-2 finale. Alla vigilia della nona giornate di campionato l\u2019Alleghe \u00e8 secondo in classifica con 19 punti, ad una sola lunghezza dal Caldaro capolista. Seguono Aosta a 18 e Varese a 17 punti. L\u2019Aosta si \u00e8 presentato ai nastri di partenza di questo campionato con un roster molto giovane, dall\u2019et\u00e0 media sotto i 22 anni. In estate sono partiti alcuni giocatori importanti come i fratelli Carmine e Christian Buono, Nathan Garau, Edgar De Toni ed Erwin De Nardin (questi ultimi tornati ad Alleghe). Il tutto nella nuova ottica societaria di affidarsi maggiormente ai prodotti del buon settore giovanile valligiano. Mentre l\u2019acquisto stagionale pi\u00f9 importante dei valdostani \u00e8 probabilmente quello del talentoso goalie ex Varese: Rocco Perla. Nei Gladiators di coach Giovinazzo la passata stagione \u00e8 arrivato anche l\u2019ex Alleghe Joshua Berger, che da quest\u2019anno \u00e8 affiancato dal fratello Noah, gi\u00e0 miglior marcatore della squadra. Nell\u2019ultimo turno i Gladiators hanno sub\u00ecto, un po\u2019 a sorpresa, una pesante battuta d\u2019arresto 2-5 contro la Valpe sul ghiaccio di Torre Pellice. Aosta che con questa sconfitta si \u00e8 fatto sorpassare in graduatoria da Caldaro ed Alleghe, in una classifica molto corta, passando in un sol colpo dalla prima alla terza posizione. Nei precedenti giocati in IHL tra Alleghe ed Aosta i Gladiators sono ancora imbattuti nei confronti delle Civette con quattro vittorie in altrettante gare. Nell\u2019ultimo incontro giocato tra le due formazioni in terra valdostana, datato 25 gennaio di quest\u2019anno, i padroni di casa si sono imposti 3-2.<\/p>\n<p><strong>HC AOSTA &#8211; ALLEGHE HOCKEY <\/strong>Sabato 1\u00ba Novembre ore 20:00 &#8211; Palaghiaccio di Aosta. Arbitri: Simone Vignolo e Willy Vinicio Volcan con giudici di linea Thomas Brida e Davide Picco. Collegamenti in DIRETTA RADIOFONICA su Radio Pi\u00f9 (www.radiopiu.net) con \u201chockey al punto giusto\u201d, in studio Marco Gaz e da Aosta interventi di Roberto Miana.<\/p>\n<p>&nbsp;<\/p>\n<p><span style=\"color: #0000ff;\"><strong>CALCIO<\/strong><\/span><\/p>\n<blockquote>\n<h3>FINE SETTIMANA RICCO DI IMPEGNI PER L\u2019AGORDINA CALCIO<\/h3>\n<\/blockquote>\n<p><a class=\"dt-pswp-item\" href=\"https:\/\/www.radiopiu.net\/wordpress\/wp-content\/uploads\/2024\/12\/CALCIO-2025.jpg\" data-dt-img-description=\"\" data-large_image_width=\"1280\" data-large_image_height=\"853\"><img loading=\"lazy\" decoding=\"async\" class=\" wp-image-422411 alignleft\" src=\"https:\/\/www.radiopiu.net\/wordpress\/wp-content\/uploads\/2024\/12\/CALCIO-2025-300x200.jpg\" alt=\"\" width=\"236\" height=\"157\" srcset=\"https:\/\/www.radiopiu.net\/wordpress\/wp-content\/uploads\/2024\/12\/CALCIO-2025-300x200.jpg 300w, https:\/\/www.radiopiu.net\/wordpress\/wp-content\/uploads\/2024\/12\/CALCIO-2025-1024x682.jpg 1024w, https:\/\/www.radiopiu.net\/wordpress\/wp-content\/uploads\/2024\/12\/CALCIO-2025-768x512.jpg 768w, https:\/\/www.radiopiu.net\/wordpress\/wp-content\/uploads\/2024\/12\/CALCIO-2025.jpg 1280w\" sizes=\"auto, (max-width: 236px) 100vw, 236px\" \/><\/a>Weekend intenso per le squadre dell\u2019Agordina Calcio, impegnate su pi\u00f9 fronti. Oggi alle 15 i Juniores Provinciali ospitano il Castion in una sfida decisiva per tornare a scalare la classifica. Alla stessa ora i Giovanissimi A affrontano in trasferta il Limana, con l\u2019obiettivo di conquistare tre punti fondamentali per restare nelle zone alte. Domani alle 10:30 gli Allievi Regionali sfideranno in casa il Villorba, cercando una vittoria che possa ridare fiducia dopo un periodo difficile. Chiuder\u00e0 il fine settimana la Prima Squadra, impegnata alle 14:30 a Salsa di Vittorio Veneto contro il San Michele Salsa: per i ragazzi di Agordo l\u2019obiettivo \u00e8 chiaro, centrare la seconda vittoria stagionale e dare continuit\u00e0 ai risultati. Un weekend tutto da vivere all\u2019insegna del calcio e dei colori biancazzurri.<\/p>\n<p>&nbsp;<\/p>\n<p>&nbsp;<\/p>\n<p>&nbsp;<\/p>\n<p>&nbsp;<\/p>\n<p>&nbsp;<\/p>\n","protected":false},"excerpt":{"rendered":"<p>******** &nbsp; REDAZIONE Il giornale Radio Piu\u2019, che ogni giorno dal lunedi al sabato viene pubblicato su tutti i canali di RADIO PIU alle 6 del mattino negli ultimi tre mesi (90 giorni) \u00e8 stato visualizzato da 97.589 lettori, con una media pari a 3753 lettori al giorno. A questi si sommano gli ascolti della&hellip;<\/p>\n","protected":false},"author":4,"featured_media":478419,"comment_status":"closed","ping_status":"closed","sticky":false,"template":"","format":"standard","meta":{"_monsterinsights_skip_tracking":false,"_monsterinsights_sitenote_active":false,"_monsterinsights_sitenote_note":"","_monsterinsights_sitenote_category":0,"footnotes":""},"categories":[51,86,49],"tags":[],"class_list":["post-478189","post","type-post","status-publish","format-standard","has-post-thumbnail","hentry","category-evidenza-top","category-gr","category-news-18","category-51","category-86","category-49","description-off"],"img_url":"https:\/\/www.radiopiu.net\/wordpress\/wp-content\/uploads\/2025\/11\/Screenshot-2025-11-01-054853.png","_links":{"self":[{"href":"https:\/\/www.radiopiu.net\/wordpress\/wp-json\/wp\/v2\/posts\/478189","targetHints":{"allow":["GET"]}}],"collection":[{"href":"https:\/\/www.radiopiu.net\/wordpress\/wp-json\/wp\/v2\/posts"}],"about":[{"href":"https:\/\/www.radiopiu.net\/wordpress\/wp-json\/wp\/v2\/types\/post"}],"author":[{"embeddable":true,"href":"https:\/\/www.radiopiu.net\/wordpress\/wp-json\/wp\/v2\/users\/4"}],"replies":[{"embeddable":true,"href":"https:\/\/www.radiopiu.net\/wordpress\/wp-json\/wp\/v2\/comments?post=478189"}],"version-history":[{"count":43,"href":"https:\/\/www.radiopiu.net\/wordpress\/wp-json\/wp\/v2\/posts\/478189\/revisions"}],"predecessor-version":[{"id":478465,"href":"https:\/\/www.radiopiu.net\/wordpress\/wp-json\/wp\/v2\/posts\/478189\/revisions\/478465"}],"wp:featuredmedia":[{"embeddable":true,"href":"https:\/\/www.radiopiu.net\/wordpress\/wp-json\/wp\/v2\/media\/478419"}],"wp:attachment":[{"href":"https:\/\/www.radiopiu.net\/wordpress\/wp-json\/wp\/v2\/media?parent=478189"}],"wp:term":[{"taxonomy":"category","embeddable":true,"href":"https:\/\/www.radiopiu.net\/wordpress\/wp-json\/wp\/v2\/categories?post=478189"},{"taxonomy":"post_tag","embeddable":true,"href":"https:\/\/www.radiopiu.net\/wordpress\/wp-json\/wp\/v2\/tags?post=478189"}],"curies":[{"name":"wp","href":"https:\/\/api.w.org\/{rel}","templated":true}]}}