{"id":478284,"date":"2025-10-31T10:59:00","date_gmt":"2025-10-31T09:59:00","guid":{"rendered":"https:\/\/www.radiopiu.net\/wordpress\/?p=478284"},"modified":"2025-10-31T10:59:00","modified_gmt":"2025-10-31T09:59:00","slug":"viabilita-chiusa-la-rampa-di-immissione-tra-la-ss50-bis-e-la-ss47-valsugana","status":"publish","type":"post","link":"https:\/\/www.radiopiu.net\/wordpress\/viabilita-chiusa-la-rampa-di-immissione-tra-la-ss50-bis-e-la-ss47-valsugana\/","title":{"rendered":"VIABILIT\u00c0: CHIUSA LA RAMPA DI IMMISSIONE TRA LA SS50 BIS E LA SS47 VALSUGANA"},"content":{"rendered":"<p>***<\/p>\n<blockquote>\n<p data-start=\"84\" data-end=\"168\"><strong data-start=\"84\" data-end=\"166\"><img loading=\"lazy\" decoding=\"async\" class=\"alignleft\" src=\"https:\/\/www.radiopiu.net\/wordpress\/wp-content\/uploads\/2024\/10\/ANAS.jpg\" width=\"217\" height=\"153\" \/>Lavori in corso dal 3 al 6 novembre, deviazioni per chi \u00e8 diretto verso Trento<\/strong><\/p>\n<\/blockquote>\n<p data-start=\"170\" data-end=\"436\"><strong>BASSANO DEL GRAPPA<\/strong> \u2013 Da luned\u00ec 3 a gioved\u00ec 6 novembre sar\u00e0 chiusa al traffico la rampa di collegamento tra la SS 50 bis var \u201cdel Grappa e del Passo Rolle\u201d e la SS 47 \u201cValsugana\u201d, all\u2019altezza dell\u2019uscita della galleria San Vito, in provincia di Vicenza. Il provvedimento si \u00e8 reso necessario per consentire la posa delle nuove barriere di sicurezza bordo laterale lungo la SS 47, nel tratto compreso tra il km 57,300 e il km 73,000, garantendo la massima tutela sia per il personale impegnato nei lavori sia per gli utenti in transito. Durante la chiusura, i veicoli provenienti dalla SS 50 bis var e diretti verso Trento dovranno seguire una deviazione obbligatoria sulla SS 47 in direzione Bassano del Grappa, per poi uscire a Cismon del Grappa e rientrare successivamente sulla statale in direzione Trento.<\/p>\n<p>__<\/p>\n","protected":false},"excerpt":{"rendered":"<p>*** Lavori in corso dal 3 al 6 novembre, deviazioni per chi \u00e8 diretto verso Trento BASSANO DEL GRAPPA \u2013 Da luned\u00ec 3 a gioved\u00ec 6 novembre sar\u00e0 chiusa al traffico la rampa di collegamento tra la SS 50 bis var \u201cdel Grappa e del Passo Rolle\u201d e la SS 47 \u201cValsugana\u201d, all\u2019altezza dell\u2019uscita della&hellip;<\/p>\n","protected":false},"author":4,"featured_media":414157,"comment_status":"closed","ping_status":"closed","sticky":false,"template":"","format":"standard","meta":{"_monsterinsights_skip_tracking":false,"_monsterinsights_sitenote_active":false,"_monsterinsights_sitenote_note":"","_monsterinsights_sitenote_category":0,"footnotes":""},"categories":[49],"tags":[],"class_list":["post-478284","post","type-post","status-publish","format-standard","has-post-thumbnail","hentry","category-news-18","category-49","description-off"],"img_url":"https:\/\/www.radiopiu.net\/wordpress\/wp-content\/uploads\/2024\/10\/ANAS.jpg","_links":{"self":[{"href":"https:\/\/www.radiopiu.net\/wordpress\/wp-json\/wp\/v2\/posts\/478284","targetHints":{"allow":["GET"]}}],"collection":[{"href":"https:\/\/www.radiopiu.net\/wordpress\/wp-json\/wp\/v2\/posts"}],"about":[{"href":"https:\/\/www.radiopiu.net\/wordpress\/wp-json\/wp\/v2\/types\/post"}],"author":[{"embeddable":true,"href":"https:\/\/www.radiopiu.net\/wordpress\/wp-json\/wp\/v2\/users\/4"}],"replies":[{"embeddable":true,"href":"https:\/\/www.radiopiu.net\/wordpress\/wp-json\/wp\/v2\/comments?post=478284"}],"version-history":[{"count":1,"href":"https:\/\/www.radiopiu.net\/wordpress\/wp-json\/wp\/v2\/posts\/478284\/revisions"}],"predecessor-version":[{"id":478285,"href":"https:\/\/www.radiopiu.net\/wordpress\/wp-json\/wp\/v2\/posts\/478284\/revisions\/478285"}],"wp:featuredmedia":[{"embeddable":true,"href":"https:\/\/www.radiopiu.net\/wordpress\/wp-json\/wp\/v2\/media\/414157"}],"wp:attachment":[{"href":"https:\/\/www.radiopiu.net\/wordpress\/wp-json\/wp\/v2\/media?parent=478284"}],"wp:term":[{"taxonomy":"category","embeddable":true,"href":"https:\/\/www.radiopiu.net\/wordpress\/wp-json\/wp\/v2\/categories?post=478284"},{"taxonomy":"post_tag","embeddable":true,"href":"https:\/\/www.radiopiu.net\/wordpress\/wp-json\/wp\/v2\/tags?post=478284"}],"curies":[{"name":"wp","href":"https:\/\/api.w.org\/{rel}","templated":true}]}}