{"id":478286,"date":"2025-11-01T05:43:43","date_gmt":"2025-11-01T04:43:43","guid":{"rendered":"https:\/\/www.radiopiu.net\/wordpress\/?p=478286"},"modified":"2025-11-01T05:56:17","modified_gmt":"2025-11-01T04:56:17","slug":"lavori-sulla-provinciale-563-di-salesei-chiusura-totale","status":"publish","type":"post","link":"https:\/\/www.radiopiu.net\/wordpress\/lavori-sulla-provinciale-563-di-salesei-chiusura-totale\/","title":{"rendered":"LAVORI SULLA PROVINCIALE 563 DI SALESEI: CHIUSURA TOTALE"},"content":{"rendered":"<p>**<\/p>\n<p>&nbsp;<\/p>\n<p data-start=\"104\" data-end=\"362\"><strong><img loading=\"lazy\" decoding=\"async\" class=\"alignleft\" src=\"https:\/\/www.radiopiu.net\/wordpress\/wp-content\/uploads\/2020\/05\/VENETO-STRADE-300x300.png\" width=\"125\" height=\"125\" \/>LIVINALLONGO DEL COL DI LANA<\/strong> \u2013 La strada provinciale 563 di Salesei, nel tratto compreso tra Pian di Salesei e Costa di Pian, sar\u00e0 interessata da lavori di adeguamento stradale a partire da luned\u00ec 3 novembre fino a venerd\u00ec 28 novembre 2025. Per consentire l\u2019esecuzione degli interventi in sicurezza, la circolazione sar\u00e0 interdetta in entrambi i sensi di marcia nelle fasce orarie 8.00\u201312.40 e 13.40\u201316.15, dal luned\u00ec al venerd\u00ec. La chiusura non sar\u00e0 in vigore il sabato, la domenica e nei festivi infrasettimanali, quando la viabilit\u00e0 rester\u00e0 aperta. Negli altri orari, la circolazione sar\u00e0 consentita a senso unico alternato regolato da semaforo.<\/p>\n<p>___<\/p>\n","protected":false},"excerpt":{"rendered":"<p>** &nbsp; LIVINALLONGO DEL COL DI LANA \u2013 La strada provinciale 563 di Salesei, nel tratto compreso tra Pian di Salesei e Costa di Pian, sar\u00e0 interessata da lavori di adeguamento stradale a partire da luned\u00ec 3 novembre fino a venerd\u00ec 28 novembre 2025. Per consentire l\u2019esecuzione degli interventi in sicurezza, la circolazione sar\u00e0 interdetta&hellip;<\/p>\n","protected":false},"author":4,"featured_media":135574,"comment_status":"closed","ping_status":"closed","sticky":false,"template":"","format":"standard","meta":{"_monsterinsights_skip_tracking":false,"_monsterinsights_sitenote_active":false,"_monsterinsights_sitenote_note":"","_monsterinsights_sitenote_category":0,"footnotes":""},"categories":[51,49],"tags":[],"class_list":["post-478286","post","type-post","status-publish","format-standard","has-post-thumbnail","hentry","category-evidenza-top","category-news-18","category-51","category-49","description-off"],"img_url":"https:\/\/www.radiopiu.net\/wordpress\/wp-content\/uploads\/2020\/05\/VENETO-STRADE.png","_links":{"self":[{"href":"https:\/\/www.radiopiu.net\/wordpress\/wp-json\/wp\/v2\/posts\/478286","targetHints":{"allow":["GET"]}}],"collection":[{"href":"https:\/\/www.radiopiu.net\/wordpress\/wp-json\/wp\/v2\/posts"}],"about":[{"href":"https:\/\/www.radiopiu.net\/wordpress\/wp-json\/wp\/v2\/types\/post"}],"author":[{"embeddable":true,"href":"https:\/\/www.radiopiu.net\/wordpress\/wp-json\/wp\/v2\/users\/4"}],"replies":[{"embeddable":true,"href":"https:\/\/www.radiopiu.net\/wordpress\/wp-json\/wp\/v2\/comments?post=478286"}],"version-history":[{"count":1,"href":"https:\/\/www.radiopiu.net\/wordpress\/wp-json\/wp\/v2\/posts\/478286\/revisions"}],"predecessor-version":[{"id":478287,"href":"https:\/\/www.radiopiu.net\/wordpress\/wp-json\/wp\/v2\/posts\/478286\/revisions\/478287"}],"wp:featuredmedia":[{"embeddable":true,"href":"https:\/\/www.radiopiu.net\/wordpress\/wp-json\/wp\/v2\/media\/135574"}],"wp:attachment":[{"href":"https:\/\/www.radiopiu.net\/wordpress\/wp-json\/wp\/v2\/media?parent=478286"}],"wp:term":[{"taxonomy":"category","embeddable":true,"href":"https:\/\/www.radiopiu.net\/wordpress\/wp-json\/wp\/v2\/categories?post=478286"},{"taxonomy":"post_tag","embeddable":true,"href":"https:\/\/www.radiopiu.net\/wordpress\/wp-json\/wp\/v2\/tags?post=478286"}],"curies":[{"name":"wp","href":"https:\/\/api.w.org\/{rel}","templated":true}]}}