{"id":478372,"date":"2025-11-01T05:48:59","date_gmt":"2025-11-01T04:48:59","guid":{"rendered":"https:\/\/www.radiopiu.net\/wordpress\/?p=478372"},"modified":"2025-11-01T05:55:05","modified_gmt":"2025-11-01T04:55:05","slug":"ricorso-di-185-famiglie-contro-il-nuovo-orario-del-follador-de-rossi","status":"publish","type":"post","link":"https:\/\/www.radiopiu.net\/wordpress\/ricorso-di-185-famiglie-contro-il-nuovo-orario-del-follador-de-rossi\/","title":{"rendered":"RICORSO DI 185 FAMIGLIE CONTRO IL NUOVO ORARIO DEL FOLLADOR-DE ROSSI"},"content":{"rendered":"<p>********<\/p>\n<p>&nbsp;<\/p>\n<p><strong><a class=\"dt-pswp-item\" href=\"https:\/\/www.radiopiu.net\/wordpress\/wp-content\/uploads\/2025\/10\/FOLLADOR-Esterno-1-scaled-1.jpg\" data-dt-img-description=\"\" data-large_image_width=\"2560\" data-large_image_height=\"1440\"><img loading=\"lazy\" decoding=\"async\" class=\"size-medium wp-image-475730 alignleft\" src=\"https:\/\/www.radiopiu.net\/wordpress\/wp-content\/uploads\/2025\/10\/FOLLADOR-Esterno-1-scaled-1-300x169.jpg\" alt=\"\" width=\"300\" height=\"169\" srcset=\"https:\/\/www.radiopiu.net\/wordpress\/wp-content\/uploads\/2025\/10\/FOLLADOR-Esterno-1-scaled-1-300x169.jpg 300w, https:\/\/www.radiopiu.net\/wordpress\/wp-content\/uploads\/2025\/10\/FOLLADOR-Esterno-1-scaled-1-1024x576.jpg 1024w, https:\/\/www.radiopiu.net\/wordpress\/wp-content\/uploads\/2025\/10\/FOLLADOR-Esterno-1-scaled-1-768x432.jpg 768w, https:\/\/www.radiopiu.net\/wordpress\/wp-content\/uploads\/2025\/10\/FOLLADOR-Esterno-1-scaled-1-1536x864.jpg 1536w, https:\/\/www.radiopiu.net\/wordpress\/wp-content\/uploads\/2025\/10\/FOLLADOR-Esterno-1-scaled-1-2048x1152.jpg 2048w\" sizes=\"auto, (max-width: 300px) 100vw, 300px\" \/><\/a>AGORDO<\/strong> Ieri pomeriggio \u00e8 stato ufficialmente depositato il ricorso al Tar da parte di 185 famiglie di alunne e alunni frequentanti l\u2019Istituto Follador-De Rossi contro il Ministero dell\u2019istruzione e del merito, l\u2019Ufficio scolastico regionale, il Follador-De Rossi e la dirigente scolastica del Follador-De Rossi, Antonella Pacieri. Dopo averlo annunciato nelle settimane scorse e aver invano sperato che la dirigente della gloriosa scuola agordina tornasse sui suoi passi, i genitori sono passati all\u2019azione. Seguiti dagli avvocati Andrea Rui e Livio Viel hanno infatti presentato ieri il ricorso al Tar Veneto per chiedere l\u2019annullamento della determinazione della dirigente scolastica del 2 settembre scorso con la quale la stessa disponeva la modifica unilaterale dell\u2019orario scolastico portando tutte le classi di tutti gli indirizzi alle \u201cclassiche\u201d ore da sessanta minuti (al posto delle ore da 50 in uso fino allo scorso anno in alcuni casi in alcuni indirizzi) nonch\u00e9 l\u2019introduzione della \u201csettimana lunga\u201d (a scuola anche il sabato per tutti gli indirizzi) e ulteriori rientri pomeridiani. Decisione, quella di Pacieri, confermata dalla stessa con altri due provvedimenti successivi dei quali, ora, i genitori chiedono l\u2019annullamento. \u201cIl presente ricorso \u2013 scrivono infatti gli avvocati Rui e Viel &#8211; ha ad oggetto tre provvedimenti della dirigente scolastica dell\u2019Istituto d\u2019Istruzione Superiore \u201cFollador \u2013 De Rossi\u201d con i quali la stessa dirigente, a poche ore dall\u2019inizio di quest\u2019anno scolastico 2025\/2026 e poi nelle settimane successive ha modificato a propria unilaterale discrezione l\u2019orario scolastico, praticamente da sempre in vigore, determinando grande disagio didattico nonch\u00e9 disservizio anche educativo e altres\u00ec veri problemi logistici e pure d\u2019ordine patrimoniale, costi e spese, alle famiglie degli studenti e agli studenti stessi\u201d. \u201cIl folto numero dei genitori di allievi iscritti e frequentanti l\u2019Istituto \u201cFollador \u2013 De Rossi\u201d di Agordo che hanno inteso, col presente ricorso, impugnare i provvedimenti \u2013 continuano i legali &#8211; vale da s\u00e9 a dimostrare il disagio e i problemi che gli stessi gravati atti hanno determinato presso le famiglie e gli studenti del plesso scolastico in oggetto, che costituisce da decenni un polo didattico e culturale di riferimento per l\u2019intera area montana delle Dolomiti bellunesi, un modello d\u2019integrazione tra istituzione scolastica e territorio, che ha raggiunto in questi anni livelli d\u2019eccellenza riconosciuti da pi\u00f9 parti per la qualit\u00e0 didattica, formativa e anche innovativa dei suoi vari indirizzi. L\u2019istituto comprende diversi indirizzi formativi: scientifici, tecnici e professionali e raccoglie un bacino di utenza di oltre cinquecento studenti provenienti da tutti i centri montani delle vallate della provincia di Belluno e segnatamente dell\u2019agordino (Val Biois, Val Fiorentina, Val Cordevole, Val Pettorina, Val Tegnas) oltre che dalla Valbelluna, nonch\u00e9 pure da altre province del Veneto e di altre Regioni\u201d. Rui e Viel parlano del Follador come di un vero e proprio \u201cpresidio educativo di montagna\u201d con un ruolo fondamentale in un territorio morfologicamente complesso, con situazione climatiche spesso critiche che impongono tempi di percorrenza lungo le tortuose strade valligiane decisamente superiori alla media. \u201cAnche in ragione di questa situazione logistica, oltre che della particolare e articolata composizione degli indirizzi scolastici \u2013 proseguono gli avvocati &#8211; gli orari e le scansioni settimanali delle lezioni sono state oggetto gi\u00e0 nel passato di una attenta modulazione \u2013 frutto dell\u2019esperienza e dei confronti tra tutte le componenti dell\u2019autonomia scolastica \u2013 che ha condotto all\u2019adozione di una organizzazione oraria giornaliera e settimanale delle lezioni risultata ottimale sotto tutti i punti di vista (prima di tutto quello didattico) e cos\u00ec consolidata e immodificata da cinque anni sempre nella medesima strutturazione\u201d. Un\u2019organizzazione oraria che, a nome delle 185 famiglie ricorrenti, gli avvocati ritengono sia stata messa prima in discussione e poi, con il provvedimento del 2 settembre, modificata dalla dirigente Pacieri, nonostante a sceglierla fossero stati negli anni precedenti il collegio dei docenti e soprattutto il consiglio d\u2019istituto. Decisioni, quelle di Pacieri, definite pi\u00f9 volte dagli avvocati come \u201cunilaterali\u201d e che, \u201coltre ad aver determinato uno scompiglio nell\u2019organizzazione delle famiglie e degli studenti, nel servizio del trasporto locale e anche nella serenit\u00e0 e regolarit\u00e0 didattica, comportano soprattutto conseguenze assai negative per gli studenti che sono costretti in orari cos\u00ec ristretti da non poter pi\u00f9 organizzare le frequenze e le trasferte alla scuola e dalla scuola, in maniera agevole e utile per la stessa didattica nelle ore di frequenza e per lo studio presso le abitazioni o i convitti\u201d.<br \/>\nConsiderando illegittimi tutti i provvedimenti presi dalla dirigente Pacieri, Viel e Rui chiedono al Tar di sospendere immediatamente l\u2019efficacia di tali determine e poi di annullare i provvedimenti stessi.<\/p>\n<p>&nbsp;<\/p>\n<p>&nbsp;<\/p>\n<p>&nbsp;<\/p>\n<p>&nbsp;<\/p>\n<p>***********<\/p>\n","protected":false},"excerpt":{"rendered":"<p>******** &nbsp; AGORDO Ieri pomeriggio \u00e8 stato ufficialmente depositato il ricorso al Tar da parte di 185 famiglie di alunne e alunni frequentanti l\u2019Istituto Follador-De Rossi contro il Ministero dell\u2019istruzione e del merito, l\u2019Ufficio scolastico regionale, il Follador-De Rossi e la dirigente scolastica del Follador-De Rossi, Antonella Pacieri. Dopo averlo annunciato nelle settimane scorse e&hellip;<\/p>\n","protected":false},"author":4,"featured_media":475730,"comment_status":"closed","ping_status":"closed","sticky":false,"template":"","format":"standard","meta":{"_monsterinsights_skip_tracking":false,"_monsterinsights_sitenote_active":false,"_monsterinsights_sitenote_note":"","_monsterinsights_sitenote_category":0,"footnotes":""},"categories":[104,49],"tags":[],"class_list":["post-478372","post","type-post","status-publish","format-standard","has-post-thumbnail","hentry","category-evidenza_3","category-news-18","category-104","category-49","description-off"],"img_url":"https:\/\/www.radiopiu.net\/wordpress\/wp-content\/uploads\/2025\/10\/FOLLADOR-Esterno-1-scaled-1.jpg","_links":{"self":[{"href":"https:\/\/www.radiopiu.net\/wordpress\/wp-json\/wp\/v2\/posts\/478372","targetHints":{"allow":["GET"]}}],"collection":[{"href":"https:\/\/www.radiopiu.net\/wordpress\/wp-json\/wp\/v2\/posts"}],"about":[{"href":"https:\/\/www.radiopiu.net\/wordpress\/wp-json\/wp\/v2\/types\/post"}],"author":[{"embeddable":true,"href":"https:\/\/www.radiopiu.net\/wordpress\/wp-json\/wp\/v2\/users\/4"}],"replies":[{"embeddable":true,"href":"https:\/\/www.radiopiu.net\/wordpress\/wp-json\/wp\/v2\/comments?post=478372"}],"version-history":[{"count":1,"href":"https:\/\/www.radiopiu.net\/wordpress\/wp-json\/wp\/v2\/posts\/478372\/revisions"}],"predecessor-version":[{"id":478381,"href":"https:\/\/www.radiopiu.net\/wordpress\/wp-json\/wp\/v2\/posts\/478372\/revisions\/478381"}],"wp:featuredmedia":[{"embeddable":true,"href":"https:\/\/www.radiopiu.net\/wordpress\/wp-json\/wp\/v2\/media\/475730"}],"wp:attachment":[{"href":"https:\/\/www.radiopiu.net\/wordpress\/wp-json\/wp\/v2\/media?parent=478372"}],"wp:term":[{"taxonomy":"category","embeddable":true,"href":"https:\/\/www.radiopiu.net\/wordpress\/wp-json\/wp\/v2\/categories?post=478372"},{"taxonomy":"post_tag","embeddable":true,"href":"https:\/\/www.radiopiu.net\/wordpress\/wp-json\/wp\/v2\/tags?post=478372"}],"curies":[{"name":"wp","href":"https:\/\/api.w.org\/{rel}","templated":true}]}}