{"id":478406,"date":"2025-11-01T05:50:38","date_gmt":"2025-11-01T04:50:38","guid":{"rendered":"https:\/\/www.radiopiu.net\/wordpress\/?p=478406"},"modified":"2025-11-01T05:54:07","modified_gmt":"2025-11-01T04:54:07","slug":"laddio-a-celeste-de-pra-volontario-e-promotore-della-causa-di-padre-cappello","status":"publish","type":"post","link":"https:\/\/www.radiopiu.net\/wordpress\/laddio-a-celeste-de-pra-volontario-e-promotore-della-causa-di-padre-cappello\/","title":{"rendered":"L\u2019ADDIO A CELESTE DE PRA, VOLONTARIO E PROMOTORE DELLA CAUSA DI PADRE CAPPELLO"},"content":{"rendered":"<p>**<\/p>\n<p data-start=\"86\" data-end=\"516\"><strong><a class=\"dt-pswp-item\" href=\"https:\/\/www.radiopiu.net\/wordpress\/wp-content\/uploads\/2025\/11\/Screenshot-2025-11-01-052102.png\" data-dt-img-description=\"\" data-large_image_width=\"230\" data-large_image_height=\"216\"><img loading=\"lazy\" decoding=\"async\" class=\"wp-image-478407 alignleft\" src=\"https:\/\/www.radiopiu.net\/wordpress\/wp-content\/uploads\/2025\/11\/Screenshot-2025-11-01-052102.png\" alt=\"\" width=\"129\" height=\"121\" \/><\/a>FALCADE \u2013<\/strong> Si \u00e8 spento a 78 anni Celeste De Pra, figura molto amata della comunit\u00e0 di Caviola, ricordato per il suo instancabile impegno nel volontariato e nelle attivit\u00e0 parrocchiali. Storico collaboratore del bollettino parrocchiale, \u00e8 stato tra i principali sostenitori della causa di canonizzazione di padre Felice Cappello, gesuita originario del paese e illustre giurista della Pontificia Universit\u00e0 Gregoriana. Celeste aveva promosso la nascita di un comitato per rilanciare l\u2019iter della causa, dedicandosi con passione alla memoria del \u201cConfessore di Roma\u201d. Volontario della Croce Verde Val Biois, lascia un esempio di fede, dedizione e amore per la comunit\u00e0.<\/p>\n<p data-start=\"86\" data-end=\"516\">\n<hr \/>\n<p data-start=\"86\" data-end=\"516\">\n","protected":false},"excerpt":{"rendered":"<p>** FALCADE \u2013 Si \u00e8 spento a 78 anni Celeste De Pra, figura molto amata della comunit\u00e0 di Caviola, ricordato per il suo instancabile impegno nel volontariato e nelle attivit\u00e0 parrocchiali. Storico collaboratore del bollettino parrocchiale, \u00e8 stato tra i principali sostenitori della causa di canonizzazione di padre Felice Cappello, gesuita originario del paese e&hellip;<\/p>\n","protected":false},"author":4,"featured_media":478407,"comment_status":"closed","ping_status":"closed","sticky":false,"template":"","format":"standard","meta":{"_monsterinsights_skip_tracking":false,"_monsterinsights_sitenote_active":false,"_monsterinsights_sitenote_note":"","_monsterinsights_sitenote_category":0,"footnotes":""},"categories":[51],"tags":[],"class_list":["post-478406","post","type-post","status-publish","format-standard","has-post-thumbnail","hentry","category-evidenza-top","category-51","description-off"],"img_url":"https:\/\/www.radiopiu.net\/wordpress\/wp-content\/uploads\/2025\/11\/Screenshot-2025-11-01-052102.png","_links":{"self":[{"href":"https:\/\/www.radiopiu.net\/wordpress\/wp-json\/wp\/v2\/posts\/478406","targetHints":{"allow":["GET"]}}],"collection":[{"href":"https:\/\/www.radiopiu.net\/wordpress\/wp-json\/wp\/v2\/posts"}],"about":[{"href":"https:\/\/www.radiopiu.net\/wordpress\/wp-json\/wp\/v2\/types\/post"}],"author":[{"embeddable":true,"href":"https:\/\/www.radiopiu.net\/wordpress\/wp-json\/wp\/v2\/users\/4"}],"replies":[{"embeddable":true,"href":"https:\/\/www.radiopiu.net\/wordpress\/wp-json\/wp\/v2\/comments?post=478406"}],"version-history":[{"count":1,"href":"https:\/\/www.radiopiu.net\/wordpress\/wp-json\/wp\/v2\/posts\/478406\/revisions"}],"predecessor-version":[{"id":478408,"href":"https:\/\/www.radiopiu.net\/wordpress\/wp-json\/wp\/v2\/posts\/478406\/revisions\/478408"}],"wp:featuredmedia":[{"embeddable":true,"href":"https:\/\/www.radiopiu.net\/wordpress\/wp-json\/wp\/v2\/media\/478407"}],"wp:attachment":[{"href":"https:\/\/www.radiopiu.net\/wordpress\/wp-json\/wp\/v2\/media?parent=478406"}],"wp:term":[{"taxonomy":"category","embeddable":true,"href":"https:\/\/www.radiopiu.net\/wordpress\/wp-json\/wp\/v2\/categories?post=478406"},{"taxonomy":"post_tag","embeddable":true,"href":"https:\/\/www.radiopiu.net\/wordpress\/wp-json\/wp\/v2\/tags?post=478406"}],"curies":[{"name":"wp","href":"https:\/\/api.w.org\/{rel}","templated":true}]}}