{"id":478409,"date":"2025-11-01T05:52:40","date_gmt":"2025-11-01T04:52:40","guid":{"rendered":"https:\/\/www.radiopiu.net\/wordpress\/?p=478409"},"modified":"2025-11-01T05:53:54","modified_gmt":"2025-11-01T04:53:54","slug":"il-sorriso-di-rosi","status":"publish","type":"post","link":"https:\/\/www.radiopiu.net\/wordpress\/il-sorriso-di-rosi\/","title":{"rendered":"\u00a0IL SORRISO DI \u201cROSI\u201d CHE RESTA NEL CUORE DI CAPRILE"},"content":{"rendered":"<p data-start=\"0\" data-end=\"86\">**<\/p>\n<p><strong><a class=\"dt-pswp-item\" href=\"https:\/\/www.radiopiu.net\/wordpress\/wp-content\/uploads\/2025\/11\/Screenshot-2025-11-01-052602.png\" data-dt-img-description=\"\" data-large_image_width=\"192\" data-large_image_height=\"140\"><img loading=\"lazy\" decoding=\"async\" class=\"size-full wp-image-478410 alignleft\" src=\"https:\/\/www.radiopiu.net\/wordpress\/wp-content\/uploads\/2025\/11\/Screenshot-2025-11-01-052602.png\" alt=\"\" width=\"192\" height=\"140\" \/><\/a>CAPRILE DI ALLEGHE<\/strong>\u00a0\u2013 Si \u00e8 spenta a 53 anni\u00a0Rosanna Callegari, per tutti\u00a0<em data-start=\"153\" data-end=\"159\">Rosi<\/em>, lasciando un profondo vuoto nella sua famiglia e nella comunit\u00e0 di Caprile. A darne il triste annuncio i figli Francesco ed Eleonora, i genitori, i fratelli, i cognati, i nipoti e i parenti tutti. I funerali si terranno\u00a0luned\u00ec 3 novembre alle 14.00\u00a0nella chiesa parrocchiale di Caprile; alle 13.30 la recita del Santo Rosario. Domenica 2 novembre, alle 18.00, sar\u00e0 recitato il Rosario di suffragio. Per volont\u00e0 di Rosanna, si proceder\u00e0 poi alla cremazione. La famiglia rivolge un sentito ringraziamento alle dottoresse Dannhauser e Fontanella e al personale di\u00a0<em data-start=\"732\" data-end=\"746\">Casa Tua Due<\/em>\u00a0di Belluno. Eventuali offerte saranno devolute all\u2019Associazione Cucchini.<br data-start=\"824\" data-end=\"827\" \/>\u201c<em data-start=\"828\" data-end=\"886\">Butter\u00f2 questo mio enorme cuore tra le stelle un giorno. Giuro che lo far\u00f2. E oltre l&#8217;azzurro della tenda, nell&#8217;azzurro io voler\u00f2\u2026<\/em>\u201d \u2014 recita il messaggio d\u2019addio, nel ricordo di un sorriso che continuer\u00e0 a brillare.<\/p>\n<p>&nbsp;<\/p>\n<hr \/>\n<p data-start=\"88\" data-end=\"359\">\n","protected":false},"excerpt":{"rendered":"<p>** CAPRILE DI ALLEGHE\u00a0\u2013 Si \u00e8 spenta a 53 anni\u00a0Rosanna Callegari, per tutti\u00a0Rosi, lasciando un profondo vuoto nella sua famiglia e nella comunit\u00e0 di Caprile. A darne il triste annuncio i figli Francesco ed Eleonora, i genitori, i fratelli, i cognati, i nipoti e i parenti tutti. I funerali si terranno\u00a0luned\u00ec 3 novembre alle 14.00\u00a0nella&hellip;<\/p>\n","protected":false},"author":4,"featured_media":478410,"comment_status":"closed","ping_status":"closed","sticky":false,"template":"","format":"standard","meta":{"_monsterinsights_skip_tracking":false,"_monsterinsights_sitenote_active":false,"_monsterinsights_sitenote_note":"","_monsterinsights_sitenote_category":0,"footnotes":""},"categories":[51,49],"tags":[],"class_list":["post-478409","post","type-post","status-publish","format-standard","has-post-thumbnail","hentry","category-evidenza-top","category-news-18","category-51","category-49","description-off"],"img_url":"https:\/\/www.radiopiu.net\/wordpress\/wp-content\/uploads\/2025\/11\/Screenshot-2025-11-01-052602.png","_links":{"self":[{"href":"https:\/\/www.radiopiu.net\/wordpress\/wp-json\/wp\/v2\/posts\/478409","targetHints":{"allow":["GET"]}}],"collection":[{"href":"https:\/\/www.radiopiu.net\/wordpress\/wp-json\/wp\/v2\/posts"}],"about":[{"href":"https:\/\/www.radiopiu.net\/wordpress\/wp-json\/wp\/v2\/types\/post"}],"author":[{"embeddable":true,"href":"https:\/\/www.radiopiu.net\/wordpress\/wp-json\/wp\/v2\/users\/4"}],"replies":[{"embeddable":true,"href":"https:\/\/www.radiopiu.net\/wordpress\/wp-json\/wp\/v2\/comments?post=478409"}],"version-history":[{"count":3,"href":"https:\/\/www.radiopiu.net\/wordpress\/wp-json\/wp\/v2\/posts\/478409\/revisions"}],"predecessor-version":[{"id":478418,"href":"https:\/\/www.radiopiu.net\/wordpress\/wp-json\/wp\/v2\/posts\/478409\/revisions\/478418"}],"wp:featuredmedia":[{"embeddable":true,"href":"https:\/\/www.radiopiu.net\/wordpress\/wp-json\/wp\/v2\/media\/478410"}],"wp:attachment":[{"href":"https:\/\/www.radiopiu.net\/wordpress\/wp-json\/wp\/v2\/media?parent=478409"}],"wp:term":[{"taxonomy":"category","embeddable":true,"href":"https:\/\/www.radiopiu.net\/wordpress\/wp-json\/wp\/v2\/categories?post=478409"},{"taxonomy":"post_tag","embeddable":true,"href":"https:\/\/www.radiopiu.net\/wordpress\/wp-json\/wp\/v2\/tags?post=478409"}],"curies":[{"name":"wp","href":"https:\/\/api.w.org\/{rel}","templated":true}]}}