{"id":478509,"date":"2025-11-01T14:15:18","date_gmt":"2025-11-01T13:15:18","guid":{"rendered":"https:\/\/www.radiopiu.net\/wordpress\/?p=478509"},"modified":"2025-11-01T14:15:18","modified_gmt":"2025-11-01T13:15:18","slug":"dal-pre-covid-il-veneto-e-cresciuto-del-51","status":"publish","type":"post","link":"https:\/\/www.radiopiu.net\/wordpress\/dal-pre-covid-il-veneto-e-cresciuto-del-51\/","title":{"rendered":"DAL PRE-COVID IL VENETO E\u2019 CRESCIUTO DEL 5,1%"},"content":{"rendered":"<p><strong><a class=\"dt-pswp-item\" href=\"https:\/\/www.radiopiu.net\/wordpress\/wp-content\/uploads\/2025\/11\/1-a.png\" data-dt-img-description=\"\" data-large_image_width=\"1072\" data-large_image_height=\"724\"><img loading=\"lazy\" decoding=\"async\" class=\"size-medium wp-image-478510 alignleft\" src=\"https:\/\/www.radiopiu.net\/wordpress\/wp-content\/uploads\/2025\/11\/1-a-300x203.png\" alt=\"\" width=\"300\" height=\"203\" srcset=\"https:\/\/www.radiopiu.net\/wordpress\/wp-content\/uploads\/2025\/11\/1-a-300x203.png 300w, https:\/\/www.radiopiu.net\/wordpress\/wp-content\/uploads\/2025\/11\/1-a-1024x692.png 1024w, https:\/\/www.radiopiu.net\/wordpress\/wp-content\/uploads\/2025\/11\/1-a-768x519.png 768w, https:\/\/www.radiopiu.net\/wordpress\/wp-content\/uploads\/2025\/11\/1-a.png 1072w\" sizes=\"auto, (max-width: 300px) 100vw, 300px\" \/><\/a>Quest\u2019anno a Venezia crescita record. A livello nazionale fa meglio solo Firenze<\/strong><\/p>\n<p>Rispetto all\u2019anno pre-Covid (2019), il Veneto ha aumentato il proprio Pil del 5,1 per cento. Tra i vari lockdown che si sono susseguiti nel 2020\/2021, i contraccolpi negativi provocati dalla pandemia, l\u2019impennata dell\u2019inflazione, lo scoppio della guerra tra Russia e Ucraina e il caro energia, sono stati sei anni difficilissimi che, per\u00f2, il Veneto e in generale il nostro Paese hanno superato meglio di quasi tutti i nostri principali competitor commerciali. Se tra il 2019 e il 2025 il Pil reale italiano \u00e8 aumentato del 6,4 per cento, in Francia \u00e8 salito del 5 e in Germania dello 0,2. Solo la Spagna pu\u00f2 contare su una variazione positiva superiore alla nostra che ha raggiunto il 10 per cento. La media dei paesi dell\u2019Area dell\u2019Euro si \u00e8 attestata al +6,2 per cento (vedi Graf. 1). A segnalarlo \u00e8 l\u2019Ufficio studi della CGIA.<\/p>\n<p>Tornando ai dati di casa nostra, la Sicilia ha visto aumentare nel periodo 2019-2025 il proprio Pil reale del 10,9 per cento; nessun\u2019altra regione italiana ha fatto meglio. Sebbene nell\u2019ultimo biennio sia in corso un rallentamento di una buona parte degli indicatori economici siciliani, <a class=\"dt-pswp-item\" href=\"https:\/\/www.radiopiu.net\/wordpress\/wp-content\/uploads\/2025\/11\/2-a.png\" data-dt-img-description=\"\" data-large_image_width=\"981\" data-large_image_height=\"1622\"><img loading=\"lazy\" decoding=\"async\" class=\"size-medium wp-image-478514 alignleft\" src=\"https:\/\/www.radiopiu.net\/wordpress\/wp-content\/uploads\/2025\/11\/2-a-181x300.png\" alt=\"\" width=\"181\" height=\"300\" srcset=\"https:\/\/www.radiopiu.net\/wordpress\/wp-content\/uploads\/2025\/11\/2-a-181x300.png 181w, https:\/\/www.radiopiu.net\/wordpress\/wp-content\/uploads\/2025\/11\/2-a-619x1024.png 619w, https:\/\/www.radiopiu.net\/wordpress\/wp-content\/uploads\/2025\/11\/2-a-768x1270.png 768w, https:\/\/www.radiopiu.net\/wordpress\/wp-content\/uploads\/2025\/11\/2-a-929x1536.png 929w, https:\/\/www.radiopiu.net\/wordpress\/wp-content\/uploads\/2025\/11\/2-a.png 981w\" sizes=\"auto, (max-width: 181px) 100vw, 181px\" \/><\/a>l\u2019ottimo risultato comunque ottenuto in questo sessennio \u00e8 ascrivibile, in particolare, all\u2019andamento delle costruzioni, del turismo e dell\u2019industria. Tutto il Paese e in particolare il Veneto hanno potuto beneficiare dagli effetti \u201cinnescati\u201d dal Superbonus e dal PNRR. Un ruolo importante \u00e8 stato giocato anche dai consumi delle famiglie che hanno potuto contare su 300 miliardi di aiuti che i governi Conte II, Draghi e Meloni hanno erogato a livello nazionale a famiglie e imprese tra il 2020 e il 2023. Risorse che hanno anestetizzato i danni provocati dall\u2019emergenza pandemica. Subito dopo la Sicilia, scorgiamo la Lombardia con il +9 per cento, la Puglia con il +8,9, l\u2019Abruzzo con il +8,1 e la Campania con il +7,7. Il Veneto, come dicevamo pi\u00f9 sopra, si colloca al nono posto a livello nazionale con una variazione di crescita del +5,1 per cento. Tra le quattro ripartizioni geografiche presenti in Italia, il Mezzogiorno indossa la \u201cmaglia rosa\u201d, grazie a una crescita dell\u20198,1 per cento. Seguono il Nordovest con il +7,2, il Nordest con il +5 e, infine, il Centro con il +3,8 (vedi Tab. 1).<\/p>\n<p>Ancorch\u00e8 siano dati previsionali (Prometeia) e le distanze tra le singole aree geografiche siano risicatissime, quest\u2019anno il Veneto dovrebbe guidare la crescita della ricchezza prodotta a livello nazionale. Rispetto al 2024, il nostro Pil regionale dovrebbe aumentare dello 0,7 per cento. Assieme al Trentino Alto Adige e alla Valle d\u2019Aosta siamo destinati a tornare a essere la locomotiva del Paese (vedi Tab. 1).<\/p>\n<p>Se spostiamo l\u2019analisi a livello provinciale veneto, nel periodo 2019\/2025 \u00e8 Vicenza ad aver registrato la ripresa economica pi\u00f9 sostenuta (+6,6 per cento). Seguono Verona (+6,3) e Padova (+6). Assieme ad altre sette province italiane, Belluno (-0,9 per cento) non ha ancora recuperato il terreno perso rispetto al periodo pre-pandemico (vedi Tab. 2).<\/p>\n<p><a class=\"dt-pswp-item\" href=\"https:\/\/www.radiopiu.net\/wordpress\/wp-content\/uploads\/2025\/11\/3-a.png\" data-dt-img-description=\"\" data-large_image_width=\"974\" data-large_image_height=\"824\"><img loading=\"lazy\" decoding=\"async\" class=\"size-medium wp-image-478513 alignleft\" src=\"https:\/\/www.radiopiu.net\/wordpress\/wp-content\/uploads\/2025\/11\/3-a-300x254.png\" alt=\"\" width=\"300\" height=\"254\" srcset=\"https:\/\/www.radiopiu.net\/wordpress\/wp-content\/uploads\/2025\/11\/3-a-300x254.png 300w, https:\/\/www.radiopiu.net\/wordpress\/wp-content\/uploads\/2025\/11\/3-a-768x650.png 768w, https:\/\/www.radiopiu.net\/wordpress\/wp-content\/uploads\/2025\/11\/3-a.png 974w\" sizes=\"auto, (max-width: 300px) 100vw, 300px\" \/><\/a>Dall\u2019andamento del Pil reale 2025 su 2024, la Citt\u00e0 Metropolitana di Venezia dovrebbe registrare un incremento del +0,9 per cento. A livello nazionale solo Firenze (+1 per cento) dovrebbe far meglio.<\/p>\n<p>Se, in linea di massima, dall\u2019analisi del trend di crescita 2019-2025 e 2024-2025 le aree del Mezzogiorno hanno registrato le crescite pi\u00f9 importanti, per quanto concerne la ricchezza pro capite relativa al 2025 le distanze rimangono ancora molto significative. Se a Nordovest il Pil per abitante \u00e8 pari a 46.817 euro e nel Nordest a 44.211 euro, nel Mezzogiorno si attesta a 25.637 (vedi Tab. 3). La provincia veneta pi\u00f9 ricca \u00e8 Vicenza che conta un Pil per abitante pari a 44.102 euro. Seguono Padova (43.472 euro) e Verona (43.390 euro). La pi\u00f9 \u201cpovera\u201d \u00e8 Rovigo (32.855 euro). La media della nostra regione \u00e8 di 42.264 euro, mentre quella nazionale di 38.304 euro (vedi Tab. 4).<\/p>\n<p>&nbsp;<\/p>\n<p>&nbsp;<\/p>\n<p>&nbsp;<\/p>\n<p><a class=\"dt-pswp-item\" href=\"https:\/\/www.radiopiu.net\/wordpress\/wp-content\/uploads\/2025\/11\/5-a.png\" data-dt-img-description=\"\" data-large_image_width=\"1080\" data-large_image_height=\"749\"><img loading=\"lazy\" decoding=\"async\" class=\"size-medium wp-image-478511 alignleft\" src=\"https:\/\/www.radiopiu.net\/wordpress\/wp-content\/uploads\/2025\/11\/5-a-300x208.png\" alt=\"\" width=\"300\" height=\"208\" srcset=\"https:\/\/www.radiopiu.net\/wordpress\/wp-content\/uploads\/2025\/11\/5-a-300x208.png 300w, https:\/\/www.radiopiu.net\/wordpress\/wp-content\/uploads\/2025\/11\/5-a-1024x710.png 1024w, https:\/\/www.radiopiu.net\/wordpress\/wp-content\/uploads\/2025\/11\/5-a-768x533.png 768w, https:\/\/www.radiopiu.net\/wordpress\/wp-content\/uploads\/2025\/11\/5-a.png 1080w\" sizes=\"auto, (max-width: 300px) 100vw, 300px\" \/><\/a><\/p>\n","protected":false},"excerpt":{"rendered":"<p>Quest\u2019anno a Venezia crescita record. A livello nazionale fa meglio solo Firenze Rispetto all\u2019anno pre-Covid (2019), il Veneto ha aumentato il proprio Pil del 5,1 per cento. Tra i vari lockdown che si sono susseguiti nel 2020\/2021, i contraccolpi negativi provocati dalla pandemia, l\u2019impennata dell\u2019inflazione, lo scoppio della guerra tra Russia e Ucraina e il&hellip;<\/p>\n","protected":false},"author":2,"featured_media":198157,"comment_status":"closed","ping_status":"closed","sticky":false,"template":"","format":"standard","meta":{"_monsterinsights_skip_tracking":false,"_monsterinsights_sitenote_active":false,"_monsterinsights_sitenote_note":"","_monsterinsights_sitenote_category":0,"footnotes":""},"categories":[49],"tags":[],"class_list":["post-478509","post","type-post","status-publish","format-standard","has-post-thumbnail","hentry","category-news-18","category-49","description-off"],"img_url":"https:\/\/www.radiopiu.net\/wordpress\/wp-content\/uploads\/2021\/03\/lumaca-soldi.jpeg","_links":{"self":[{"href":"https:\/\/www.radiopiu.net\/wordpress\/wp-json\/wp\/v2\/posts\/478509","targetHints":{"allow":["GET"]}}],"collection":[{"href":"https:\/\/www.radiopiu.net\/wordpress\/wp-json\/wp\/v2\/posts"}],"about":[{"href":"https:\/\/www.radiopiu.net\/wordpress\/wp-json\/wp\/v2\/types\/post"}],"author":[{"embeddable":true,"href":"https:\/\/www.radiopiu.net\/wordpress\/wp-json\/wp\/v2\/users\/2"}],"replies":[{"embeddable":true,"href":"https:\/\/www.radiopiu.net\/wordpress\/wp-json\/wp\/v2\/comments?post=478509"}],"version-history":[{"count":1,"href":"https:\/\/www.radiopiu.net\/wordpress\/wp-json\/wp\/v2\/posts\/478509\/revisions"}],"predecessor-version":[{"id":478515,"href":"https:\/\/www.radiopiu.net\/wordpress\/wp-json\/wp\/v2\/posts\/478509\/revisions\/478515"}],"wp:featuredmedia":[{"embeddable":true,"href":"https:\/\/www.radiopiu.net\/wordpress\/wp-json\/wp\/v2\/media\/198157"}],"wp:attachment":[{"href":"https:\/\/www.radiopiu.net\/wordpress\/wp-json\/wp\/v2\/media?parent=478509"}],"wp:term":[{"taxonomy":"category","embeddable":true,"href":"https:\/\/www.radiopiu.net\/wordpress\/wp-json\/wp\/v2\/categories?post=478509"},{"taxonomy":"post_tag","embeddable":true,"href":"https:\/\/www.radiopiu.net\/wordpress\/wp-json\/wp\/v2\/tags?post=478509"}],"curies":[{"name":"wp","href":"https:\/\/api.w.org\/{rel}","templated":true}]}}