{"id":478516,"date":"2025-11-01T17:29:26","date_gmt":"2025-11-01T16:29:26","guid":{"rendered":"https:\/\/www.radiopiu.net\/wordpress\/?p=478516"},"modified":"2025-11-01T17:29:44","modified_gmt":"2025-11-01T16:29:44","slug":"maltempo-in-arrivo-in-veneto","status":"publish","type":"post","link":"https:\/\/www.radiopiu.net\/wordpress\/maltempo-in-arrivo-in-veneto\/","title":{"rendered":"MALTEMPO IN ARRIVO IN VENETO: ALLERTA GIALLA PER RISCHIO IDROGEOLOGICO"},"content":{"rendered":"<p>********<\/p>\n<p>&nbsp;<\/p>\n<p><strong>VENEZIA <\/strong>Dalle ore centrali di domenica 2 novembre, il Veneto sar\u00e0 interessato da precipitazioni in estensione da ovest. La fase pi\u00f9 intensa \u00e8 prevista per il pomeriggio\/sera quando le piogge saranno moderate e a tratti forti in particolare sulle zone montane e pedemontane, anche con rovesci e isolati temporali specie su Prealpi e pianura. I fenomeni saranno in diradamento dalla tarda serata a partire da ovest, e in generale esaurimento nella notte; pi\u00f9 persistenti con quantitativi localmente abbondanti sul Bellunese, Prealpi e pedemontana Vicentina e Trevigiana. Limite delle nevicate in abbassamento sulle Dolomiti da 2300\/2500 metri a 1500\/1700 metri in serata, generalmente sopra i 2000 metri sulle Prealpi. In considerazione di queste previsioni, il Centro funzionale decentrato della Protezione civile del Veneto ha dichiarato la criticit\u00e0 idrogeologica gialla (fase di attenzione) per le zone VENE-H (Piave Pedemontano) e VENE-B (Alto Brenta-Bacchiglione-Alpone), con validit\u00e0 dalle 14 di domani 2 novembre alle 6 di luned\u00ec 3 novembre. Saranno possibili l\u2019innesco di frane superficiali e colate rapide, l\u2019innalzamento dei livelli della rete idrografica secondaria, il rigurgito dei sistemi di smaltimento delle acque piovane con possibili allagamenti di locali interrati e\/o sottopassi.<\/p>\n<p><a class=\"dt-pswp-item\" href=\"https:\/\/www.radiopiu.net\/wordpress\/wp-content\/uploads\/2025\/11\/SCR-20251101-pihx.png\" data-dt-img-description=\"\" data-large_image_width=\"1422\" data-large_image_height=\"398\"><img loading=\"lazy\" decoding=\"async\" class=\"alignnone wp-image-478517 size-large\" src=\"https:\/\/www.radiopiu.net\/wordpress\/wp-content\/uploads\/2025\/11\/SCR-20251101-pihx-1024x287.png\" alt=\"\" width=\"1024\" height=\"287\" srcset=\"https:\/\/www.radiopiu.net\/wordpress\/wp-content\/uploads\/2025\/11\/SCR-20251101-pihx-1024x287.png 1024w, https:\/\/www.radiopiu.net\/wordpress\/wp-content\/uploads\/2025\/11\/SCR-20251101-pihx-300x84.png 300w, https:\/\/www.radiopiu.net\/wordpress\/wp-content\/uploads\/2025\/11\/SCR-20251101-pihx-768x215.png 768w, https:\/\/www.radiopiu.net\/wordpress\/wp-content\/uploads\/2025\/11\/SCR-20251101-pihx.png 1422w\" sizes=\"auto, (max-width: 1024px) 100vw, 1024px\" \/><\/a><\/p>\n<p>&nbsp;<\/p>\n<p>&nbsp;<\/p>\n<p>&nbsp;<\/p>\n<p>************<\/p>\n","protected":false},"excerpt":{"rendered":"<p>******** &nbsp; VENEZIA Dalle ore centrali di domenica 2 novembre, il Veneto sar\u00e0 interessato da precipitazioni in estensione da ovest. La fase pi\u00f9 intensa \u00e8 prevista per il pomeriggio\/sera quando le piogge saranno moderate e a tratti forti in particolare sulle zone montane e pedemontane, anche con rovesci e isolati temporali specie su Prealpi e&hellip;<\/p>\n","protected":false},"author":4,"featured_media":144264,"comment_status":"closed","ping_status":"closed","sticky":false,"template":"","format":"standard","meta":{"_monsterinsights_skip_tracking":false,"_monsterinsights_sitenote_active":false,"_monsterinsights_sitenote_note":"","_monsterinsights_sitenote_category":0,"footnotes":""},"categories":[51,49],"tags":[],"class_list":["post-478516","post","type-post","status-publish","format-standard","has-post-thumbnail","hentry","category-evidenza-top","category-news-18","category-51","category-49","description-off"],"img_url":"https:\/\/www.radiopiu.net\/wordpress\/wp-content\/uploads\/2020\/06\/PIOGGIA.jpg","_links":{"self":[{"href":"https:\/\/www.radiopiu.net\/wordpress\/wp-json\/wp\/v2\/posts\/478516","targetHints":{"allow":["GET"]}}],"collection":[{"href":"https:\/\/www.radiopiu.net\/wordpress\/wp-json\/wp\/v2\/posts"}],"about":[{"href":"https:\/\/www.radiopiu.net\/wordpress\/wp-json\/wp\/v2\/types\/post"}],"author":[{"embeddable":true,"href":"https:\/\/www.radiopiu.net\/wordpress\/wp-json\/wp\/v2\/users\/4"}],"replies":[{"embeddable":true,"href":"https:\/\/www.radiopiu.net\/wordpress\/wp-json\/wp\/v2\/comments?post=478516"}],"version-history":[{"count":1,"href":"https:\/\/www.radiopiu.net\/wordpress\/wp-json\/wp\/v2\/posts\/478516\/revisions"}],"predecessor-version":[{"id":478518,"href":"https:\/\/www.radiopiu.net\/wordpress\/wp-json\/wp\/v2\/posts\/478516\/revisions\/478518"}],"wp:featuredmedia":[{"embeddable":true,"href":"https:\/\/www.radiopiu.net\/wordpress\/wp-json\/wp\/v2\/media\/144264"}],"wp:attachment":[{"href":"https:\/\/www.radiopiu.net\/wordpress\/wp-json\/wp\/v2\/media?parent=478516"}],"wp:term":[{"taxonomy":"category","embeddable":true,"href":"https:\/\/www.radiopiu.net\/wordpress\/wp-json\/wp\/v2\/categories?post=478516"},{"taxonomy":"post_tag","embeddable":true,"href":"https:\/\/www.radiopiu.net\/wordpress\/wp-json\/wp\/v2\/tags?post=478516"}],"curies":[{"name":"wp","href":"https:\/\/api.w.org\/{rel}","templated":true}]}}