{"id":484555,"date":"2025-12-07T11:43:08","date_gmt":"2025-12-07T10:43:08","guid":{"rendered":"https:\/\/www.radiopiu.net\/wordpress\/?p=484555"},"modified":"2025-12-07T11:43:08","modified_gmt":"2025-12-07T10:43:08","slug":"8-dicembre-a-feltre-natale-e-magia-tra-centro-e-frazioni","status":"publish","type":"post","link":"https:\/\/www.radiopiu.net\/wordpress\/8-dicembre-a-feltre-natale-e-magia-tra-centro-e-frazioni\/","title":{"rendered":"8 DICEMBRE A FELTRE: NATALE E MAGIA TRA CENTRO E FRAZIONI"},"content":{"rendered":"<p>*********<\/p>\n<p>&nbsp;<\/p>\n<p><strong>DI ALESSIA DALL&#8217;O&#8217;<\/strong><\/p>\n<p><strong>FELTRE <\/strong>Un 8 dicembre a Feltre all\u2019insegna della bellezza, dell\u2019arte e della tradizione, capace di coinvolgere il centro storico e le frazioni in un\u2019atmosfera di festa e calore condiviso. Feltre si prepara a vivere il giorno dell\u2019Immacolata all\u2019insegna del Natale e della magia. La giornata prender\u00e0 il via alle 11.30 con l\u2019inaugurazione del Presepe realizzato dall\u2019artista GianAntonio Cecchin per la Concattedrale della citt\u00e0. Al termine della Santa Messa presso il Duomo, don Angelo Balcon benedir\u00e0 la Nativit\u00e0, un\u2019opera ispirata alla Croce post-bizantina di Feltre, oggi conservata al Museo Diocesano. Accanto alla Nativit\u00e0, spicca la figura di San Francesco d\u2019Assisi, mentre l\u2019artista presenter\u00e0 nei dettagli la sua creazione, che rester\u00e0 esposta per tutto il periodo natalizio in un angolo suggestivo della citt\u00e0. Nel pomeriggio, il cuore di Feltre si trasforma in un vero \u201cMagic Christmas\u201d. Dalle 15.45 alle 18.45, le vie del centro si animano con artisti di strada, musica, profumo di vin brul\u00e8 e casette natalizie, creando un\u2019atmosfera irresistibile per grandi e piccoli. E quando il sole cala, arriva il momento pi\u00f9 atteso: il Piano Sky, spettacolo clou della giornata, in cui una pianista e il suo pianoforte si librano tra luci e palloncini, offrendo un\u2019esperienza unica da vivere con il naso all\u2019ins\u00f9. La magia continua anche nelle frazioni. Alle 17.30, con il calar del sole, Villabruna accende il suo maestoso albero di Natale, realizzato a mano dalle donne del Gruppo Fil\u00f2 in collaborazione con il Gruppo ANA Villabruna. L\u2019albero, gi\u00e0 celebrato pi\u00f9 volte dalle cronache regionali per la sua particolarit\u00e0 e imponenza, quest\u2019anno nasconde un gioco per tutti i visitatori. Non mancheranno momenti di convivialit\u00e0 e brindisi, trasformando la serata in una vera festa di comunit\u00e0.<\/p>\n\n\t\t\t<style type='text\/css'>\n\t\t\t\t#gallery-1 {\n\t\t\t\t\tmargin: auto;\n\t\t\t\t}\n\t\t\t\t#gallery-1 .gallery-item {\n\t\t\t\t\tfloat: left;\n\t\t\t\t\tmargin-top: 10px;\n\t\t\t\t\ttext-align: center;\n\t\t\t\t\twidth: 33%;\n\t\t\t\t}\n\t\t\t\t#gallery-1 img {\n\t\t\t\t\tborder: 2px solid #cfcfcf;\n\t\t\t\t}\n\t\t\t\t#gallery-1 .gallery-caption {\n\t\t\t\t\tmargin-left: 0;\n\t\t\t\t}\n\t\t\t\t\/* see gallery_shortcode() in wp-includes\/media.php *\/\n\t\t\t<\/style>\n\t\t<div id='gallery-1' class='dt-gallery-container gallery galleryid-484555 gallery-columns-3 gallery-size-medium'><dl class='gallery-item'>\n\t\t\t\t<dt class='gallery-icon portrait'>\n\t\t\t\t\t<a class=\"rollover rollover-zoom dt-pswp-item\" title=\"benedizione presepe\" data-dt-img-description=\"\" data-large_image_width=\"1414\" data-large_image_height=\"2000\"href='https:\/\/www.radiopiu.net\/wordpress\/wp-content\/uploads\/2025\/12\/benedizione-presepe-1.jpg'><img loading=\"lazy\" decoding=\"async\" width=\"212\" height=\"300\" src=\"https:\/\/www.radiopiu.net\/wordpress\/wp-content\/uploads\/2025\/12\/benedizione-presepe-1-212x300.jpg\" class=\"attachment-medium size-medium\" alt=\"\" srcset=\"https:\/\/www.radiopiu.net\/wordpress\/wp-content\/uploads\/2025\/12\/benedizione-presepe-1-212x300.jpg 212w, https:\/\/www.radiopiu.net\/wordpress\/wp-content\/uploads\/2025\/12\/benedizione-presepe-1-724x1024.jpg 724w, https:\/\/www.radiopiu.net\/wordpress\/wp-content\/uploads\/2025\/12\/benedizione-presepe-1-768x1086.jpg 768w, https:\/\/www.radiopiu.net\/wordpress\/wp-content\/uploads\/2025\/12\/benedizione-presepe-1-1086x1536.jpg 1086w, https:\/\/www.radiopiu.net\/wordpress\/wp-content\/uploads\/2025\/12\/benedizione-presepe-1.jpg 1414w\" sizes=\"auto, (max-width: 212px) 100vw, 212px\" \/><\/a>\n\t\t\t\t<\/dt><\/dl><dl class='gallery-item'>\n\t\t\t\t<dt class='gallery-icon portrait'>\n\t\t\t\t\t<a class=\"rollover rollover-zoom dt-pswp-item\" title=\"locandina accensione albero villabruna 2025\" data-dt-img-description=\"\" data-large_image_width=\"1414\" data-large_image_height=\"2000\"href='https:\/\/www.radiopiu.net\/wordpress\/wp-content\/uploads\/2025\/12\/locandina-accensione-albero-villabruna-2025.jpg'><img loading=\"lazy\" decoding=\"async\" width=\"212\" height=\"300\" src=\"https:\/\/www.radiopiu.net\/wordpress\/wp-content\/uploads\/2025\/12\/locandina-accensione-albero-villabruna-2025-212x300.jpg\" class=\"attachment-medium size-medium\" alt=\"\" srcset=\"https:\/\/www.radiopiu.net\/wordpress\/wp-content\/uploads\/2025\/12\/locandina-accensione-albero-villabruna-2025-212x300.jpg 212w, https:\/\/www.radiopiu.net\/wordpress\/wp-content\/uploads\/2025\/12\/locandina-accensione-albero-villabruna-2025-724x1024.jpg 724w, https:\/\/www.radiopiu.net\/wordpress\/wp-content\/uploads\/2025\/12\/locandina-accensione-albero-villabruna-2025-768x1086.jpg 768w, https:\/\/www.radiopiu.net\/wordpress\/wp-content\/uploads\/2025\/12\/locandina-accensione-albero-villabruna-2025-1086x1536.jpg 1086w, https:\/\/www.radiopiu.net\/wordpress\/wp-content\/uploads\/2025\/12\/locandina-accensione-albero-villabruna-2025.jpg 1414w\" sizes=\"auto, (max-width: 212px) 100vw, 212px\" \/><\/a>\n\t\t\t\t<\/dt><\/dl><dl class='gallery-item'>\n\t\t\t\t<dt class='gallery-icon portrait'>\n\t\t\t\t\t<a class=\"rollover rollover-zoom dt-pswp-item\" title=\"Piano Sky\" data-dt-img-description=\"\" data-large_image_width=\"512\" data-large_image_height=\"640\"href='https:\/\/www.radiopiu.net\/wordpress\/wp-content\/uploads\/2025\/12\/Piano-Sky.jpg'><img loading=\"lazy\" decoding=\"async\" width=\"240\" height=\"300\" src=\"https:\/\/www.radiopiu.net\/wordpress\/wp-content\/uploads\/2025\/12\/Piano-Sky-240x300.jpg\" class=\"attachment-medium size-medium\" alt=\"\" srcset=\"https:\/\/www.radiopiu.net\/wordpress\/wp-content\/uploads\/2025\/12\/Piano-Sky-240x300.jpg 240w, https:\/\/www.radiopiu.net\/wordpress\/wp-content\/uploads\/2025\/12\/Piano-Sky.jpg 512w\" sizes=\"auto, (max-width: 240px) 100vw, 240px\" \/><\/a>\n\t\t\t\t<\/dt><\/dl><br style=\"clear: both\" \/>\n\t\t\t<\/div>\n\n<p>&nbsp;<\/p>\n<p>&nbsp;<\/p>\n<p>&nbsp;<\/p>\n<p>*********<\/p>\n","protected":false},"excerpt":{"rendered":"<p>********* &nbsp; DI ALESSIA DALL&#8217;O&#8217; FELTRE Un 8 dicembre a Feltre all\u2019insegna della bellezza, dell\u2019arte e della tradizione, capace di coinvolgere il centro storico e le frazioni in un\u2019atmosfera di festa e calore condiviso. Feltre si prepara a vivere il giorno dell\u2019Immacolata all\u2019insegna del Natale e della magia. La giornata prender\u00e0 il via alle 11.30&hellip;<\/p>\n","protected":false},"author":4,"featured_media":477416,"comment_status":"closed","ping_status":"closed","sticky":false,"template":"","format":"standard","meta":{"_monsterinsights_skip_tracking":false,"_monsterinsights_sitenote_active":false,"_monsterinsights_sitenote_note":"","_monsterinsights_sitenote_category":0,"footnotes":""},"categories":[49],"tags":[],"class_list":["post-484555","post","type-post","status-publish","format-standard","has-post-thumbnail","hentry","category-news-18","category-49","description-off"],"img_url":"https:\/\/www.radiopiu.net\/wordpress\/wp-content\/uploads\/2025\/10\/FELTRE.jpg","_links":{"self":[{"href":"https:\/\/www.radiopiu.net\/wordpress\/wp-json\/wp\/v2\/posts\/484555","targetHints":{"allow":["GET"]}}],"collection":[{"href":"https:\/\/www.radiopiu.net\/wordpress\/wp-json\/wp\/v2\/posts"}],"about":[{"href":"https:\/\/www.radiopiu.net\/wordpress\/wp-json\/wp\/v2\/types\/post"}],"author":[{"embeddable":true,"href":"https:\/\/www.radiopiu.net\/wordpress\/wp-json\/wp\/v2\/users\/4"}],"replies":[{"embeddable":true,"href":"https:\/\/www.radiopiu.net\/wordpress\/wp-json\/wp\/v2\/comments?post=484555"}],"version-history":[{"count":1,"href":"https:\/\/www.radiopiu.net\/wordpress\/wp-json\/wp\/v2\/posts\/484555\/revisions"}],"predecessor-version":[{"id":484559,"href":"https:\/\/www.radiopiu.net\/wordpress\/wp-json\/wp\/v2\/posts\/484555\/revisions\/484559"}],"wp:featuredmedia":[{"embeddable":true,"href":"https:\/\/www.radiopiu.net\/wordpress\/wp-json\/wp\/v2\/media\/477416"}],"wp:attachment":[{"href":"https:\/\/www.radiopiu.net\/wordpress\/wp-json\/wp\/v2\/media?parent=484555"}],"wp:term":[{"taxonomy":"category","embeddable":true,"href":"https:\/\/www.radiopiu.net\/wordpress\/wp-json\/wp\/v2\/categories?post=484555"},{"taxonomy":"post_tag","embeddable":true,"href":"https:\/\/www.radiopiu.net\/wordpress\/wp-json\/wp\/v2\/tags?post=484555"}],"curies":[{"name":"wp","href":"https:\/\/api.w.org\/{rel}","templated":true}]}}