{"id":484648,"date":"2025-12-09T05:45:44","date_gmt":"2025-12-09T04:45:44","guid":{"rendered":"https:\/\/www.radiopiu.net\/wordpress\/?p=484648"},"modified":"2025-12-09T05:45:19","modified_gmt":"2025-12-09T04:45:19","slug":"spray-al-peperoncino-e-finta-rapina-il-bottino-e-solo-una-patacca","status":"publish","type":"post","link":"https:\/\/www.radiopiu.net\/wordpress\/spray-al-peperoncino-e-finta-rapina-il-bottino-e-solo-una-patacca\/","title":{"rendered":"SPRAY AL PEPERONCINO E FINTA RAPINA: IL BOTTINO \u00c8 SOLO UNA PATACCA"},"content":{"rendered":"<p>**<\/p>\n<blockquote>\n<p data-start=\"0\" data-end=\"70\"><strong data-start=\"0\" data-end=\"70\">SPRAY AL PEPERONCINO E FINTA RAPINA: IL BOTTINO \u00c8 SOLO UNA PATACCA<\/strong><\/p>\n<\/blockquote>\n<p data-start=\"0\" data-end=\"70\"><strong>LONGARONE\u00a0<\/strong> Si \u00e8 conclusa con pi\u00f9 spavento che danni la rapina subita da Sergio De Francesch, titolare di Sergio\u2019s Cars, aggredito durante la prova di un\u2019auto e accecato con spray al peperoncino. I due malviventi sono fuggiti convinti di aver preso un orologio di valore, che in realt\u00e0 era solo una replica da poche centinaia di euro. Il rapinatore, gi\u00e0 visto una settimana prima in salone, ha approfittato della prova di una Jaguar per fermare l\u2019auto alla rotatoria di Fortogna e colpire De Francesch con lo spray, forse anche con un pugno. In pochi secondi gli ha sfilato l\u2019orologio ed \u00e8 salito sull\u2019Alfa Romeo 147 del complice, che li seguiva a distanza. Indaga la Squadra mobile: le telecamere e i lettori targhe della statale 51 e dell\u2019autostrada A27 potrebbero avere registrato la targa italiana dell\u2019auto in fuga. Per De Francesch molto shock, qualche livido e un episodio mai vissuto in oltre trent\u2019anni di lavoro: \u00abHo fiducia nella polizia \u2014 dichiara De Francesch al Corriere delle Alpi \u2014 anche se episodi simili, con lo stesso metodo dello spray, purtroppo stanno aumentando\u00bb.<\/p>\n<p>&nbsp;<\/p>\n<p>&nbsp;<\/p>\n<h1>ieri alla radio<\/h1>\n<blockquote>\n<h3>VENDITORE DI AUTO RAPINATO CON LO SPRAY AL PEPERONCINO: CACCIA A DUE MALVIVENTI<\/h3>\n<\/blockquote>\n<article class=\"text-token-text-primary w-full focus:outline-none [--shadow-height:45px] has-data-writing-block:pointer-events-none has-data-writing-block:-mt-(--shadow-height) has-data-writing-block:pt-(--shadow-height) [&amp;:has([data-writing-block])&gt;*]:pointer-events-auto scroll-mt-[calc(var(--header-height)+min(200px,max(70px,20svh)))]\" dir=\"auto\" tabindex=\"-1\" data-turn-id=\"request-692ff77c-ee70-8332-91ec-e39fd6c1dfa9-1\" data-testid=\"conversation-turn-226\" data-scroll-anchor=\"true\" data-turn=\"assistant\">\n<div class=\"text-base my-auto mx-auto pb-10 [--thread-content-margin:--spacing(4)] @w-sm\/main:[--thread-content-margin:--spacing(6)] @w-lg\/main:[--thread-content-margin:--spacing(16)] px-(--thread-content-margin)\">\n<div class=\"[--thread-content-max-width:40rem] @w-lg\/main:[--thread-content-max-width:48rem] mx-auto max-w-(--thread-content-max-width) flex-1 group\/turn-messages focus-visible:outline-hidden relative flex w-full min-w-0 flex-col agent-turn\" tabindex=\"-1\">\n<div class=\"flex max-w-full flex-col grow\">\n<div class=\"min-h-8 text-message relative flex w-full flex-col items-end gap-2 text-start break-words whitespace-normal [.text-message+&amp;]:mt-1\" dir=\"auto\" data-message-author-role=\"assistant\" data-message-id=\"45c42dcd-1d23-45f2-866e-641249711f75\" data-message-model-slug=\"gpt-5-1\">\n<div class=\"flex w-full flex-col gap-1 empty:hidden first:pt-[1px]\">\n<div class=\"markdown prose dark:prose-invert w-full break-words dark markdown-new-styling\">\n<blockquote>\n<h2 data-start=\"0\" data-end=\"84\"><strong data-start=\"0\" data-end=\"84\"><a class=\"dt-pswp-item\" href=\"https:\/\/www.radiopiu.net\/wordpress\/wp-content\/uploads\/2025\/12\/Screenshot-2025-12-08-050857.png\" data-dt-img-description=\"\" data-large_image_width=\"613\" data-large_image_height=\"282\"><img loading=\"lazy\" decoding=\"async\" class=\"size-medium wp-image-484647 alignleft\" src=\"https:\/\/www.radiopiu.net\/wordpress\/wp-content\/uploads\/2025\/12\/Screenshot-2025-12-08-050857-300x138.png\" alt=\"\" width=\"300\" height=\"138\" srcset=\"https:\/\/www.radiopiu.net\/wordpress\/wp-content\/uploads\/2025\/12\/Screenshot-2025-12-08-050857-300x138.png 300w, https:\/\/www.radiopiu.net\/wordpress\/wp-content\/uploads\/2025\/12\/Screenshot-2025-12-08-050857.png 613w\" sizes=\"auto, (max-width: 300px) 100vw, 300px\" \/><\/a><br \/>\n<\/strong><\/h2>\n<\/blockquote>\n<p data-start=\"86\" data-end=\"807\">Un\u2019aggressione improvvisa, studiata nei dettagli, ma fortunatamente senza conseguenze gravi per la vittima. Marino Sergio De Francesch, titolare della Sergio\u2019s Cars, \u00e8 stato rapinato da un uomo che si era presentato come potenziale acquirente di un\u2019auto usata. Durante la prova del veicolo, arrivati alla rotatoria di Fortogna, il falso cliente ha estratto uno spray al peperoncino e glielo ha spruzzato in pieno volto, causandogli bruciore intenso, lacrimazione e temporanea impossibilit\u00e0 di reagire. Alla richiesta di soldi, la resistenza del commerciante \u00e8 stata punita da un pugno: il rapinatore gli ha strappato dal polso un orologio di valore ed \u00e8 fuggito salendo sull\u2019auto di un complice che li seguiva a distanza. La vittima, stordita ma cosciente, \u00e8 stata soccorsa da una persona di fiducia e poi portata al San Martino, riportando un trauma lieve. Ripresosi in pochi minuti, ha potuto denunciare l\u2019accaduto alla Squadra mobile, che ora indaga con una descrizione ritenuta abbastanza precisa. I due malviventi, probabilmente stranieri, sarebbero scappati verso sud, lungo Alemagna o in autostrada: entrambi i percorsi sono coperti da telecamere e lettori targhe che potrebbero fornire immagini decisive.<\/p>\n<\/div>\n<\/div>\n<\/div>\n<\/div>\n<div class=\"z-0 flex min-h-[46px] justify-start\">::<\/div>\n<\/div>\n<\/div>\n<\/article>\n","protected":false},"excerpt":{"rendered":"<p>** SPRAY AL PEPERONCINO E FINTA RAPINA: IL BOTTINO \u00c8 SOLO UNA PATACCA LONGARONE\u00a0 Si \u00e8 conclusa con pi\u00f9 spavento che danni la rapina subita da Sergio De Francesch, titolare di Sergio\u2019s Cars, aggredito durante la prova di un\u2019auto e accecato con spray al peperoncino. I due malviventi sono fuggiti convinti di aver preso un&hellip;<\/p>\n","protected":false},"author":4,"featured_media":484647,"comment_status":"closed","ping_status":"closed","sticky":false,"template":"","format":"standard","meta":{"_monsterinsights_skip_tracking":false,"_monsterinsights_sitenote_active":false,"_monsterinsights_sitenote_note":"","_monsterinsights_sitenote_category":0,"footnotes":""},"categories":[51,49],"tags":[],"class_list":["post-484648","post","type-post","status-publish","format-standard","has-post-thumbnail","hentry","category-evidenza-top","category-news-18","category-51","category-49","description-off"],"img_url":"https:\/\/www.radiopiu.net\/wordpress\/wp-content\/uploads\/2025\/12\/Screenshot-2025-12-08-050857.png","_links":{"self":[{"href":"https:\/\/www.radiopiu.net\/wordpress\/wp-json\/wp\/v2\/posts\/484648","targetHints":{"allow":["GET"]}}],"collection":[{"href":"https:\/\/www.radiopiu.net\/wordpress\/wp-json\/wp\/v2\/posts"}],"about":[{"href":"https:\/\/www.radiopiu.net\/wordpress\/wp-json\/wp\/v2\/types\/post"}],"author":[{"embeddable":true,"href":"https:\/\/www.radiopiu.net\/wordpress\/wp-json\/wp\/v2\/users\/4"}],"replies":[{"embeddable":true,"href":"https:\/\/www.radiopiu.net\/wordpress\/wp-json\/wp\/v2\/comments?post=484648"}],"version-history":[{"count":2,"href":"https:\/\/www.radiopiu.net\/wordpress\/wp-json\/wp\/v2\/posts\/484648\/revisions"}],"predecessor-version":[{"id":484877,"href":"https:\/\/www.radiopiu.net\/wordpress\/wp-json\/wp\/v2\/posts\/484648\/revisions\/484877"}],"wp:featuredmedia":[{"embeddable":true,"href":"https:\/\/www.radiopiu.net\/wordpress\/wp-json\/wp\/v2\/media\/484647"}],"wp:attachment":[{"href":"https:\/\/www.radiopiu.net\/wordpress\/wp-json\/wp\/v2\/media?parent=484648"}],"wp:term":[{"taxonomy":"category","embeddable":true,"href":"https:\/\/www.radiopiu.net\/wordpress\/wp-json\/wp\/v2\/categories?post=484648"},{"taxonomy":"post_tag","embeddable":true,"href":"https:\/\/www.radiopiu.net\/wordpress\/wp-json\/wp\/v2\/tags?post=484648"}],"curies":[{"name":"wp","href":"https:\/\/api.w.org\/{rel}","templated":true}]}}