{"id":484851,"date":"2025-12-10T05:44:53","date_gmt":"2025-12-10T04:44:53","guid":{"rendered":"https:\/\/www.radiopiu.net\/wordpress\/?p=484851"},"modified":"2025-12-10T08:25:04","modified_gmt":"2025-12-10T07:25:04","slug":"giornale-radiopiu-10-dicembre-2025-direttore-mirko-mezzacasa","status":"publish","type":"post","link":"https:\/\/www.radiopiu.net\/wordpress\/giornale-radiopiu-10-dicembre-2025-direttore-mirko-mezzacasa\/","title":{"rendered":"GIORNALE RADIOPIU 10 DICEMBRE 2025 DIRETTORE MIRKO MEZZACASA"},"content":{"rendered":"<p>********<\/p>\n<p>&nbsp;<\/p>\n<h1>LA NUOVA\u00a0 APP<\/h1>\n<p><strong><em><span style=\"color: #ff0000;\"><a class=\"dt-pswp-item\" href=\"https:\/\/www.radiopiu.net\/wordpress\/wp-content\/uploads\/2025\/11\/Screenshot-2025-11-14-052001.png\" data-dt-img-description=\"\" data-large_image_width=\"520\" data-large_image_height=\"356\"><img loading=\"lazy\" decoding=\"async\" class=\"size-medium wp-image-480474 alignleft\" src=\"https:\/\/www.radiopiu.net\/wordpress\/wp-content\/uploads\/2025\/11\/Screenshot-2025-11-14-052001-300x205.png\" alt=\"\" width=\"300\" height=\"205\" srcset=\"https:\/\/www.radiopiu.net\/wordpress\/wp-content\/uploads\/2025\/11\/Screenshot-2025-11-14-052001-300x205.png 300w, https:\/\/www.radiopiu.net\/wordpress\/wp-content\/uploads\/2025\/11\/Screenshot-2025-11-14-052001.png 520w\" sizes=\"auto, (max-width: 300px) 100vw, 300px\" \/><\/a> <\/span><\/em><\/strong><\/p>\n<p><strong><em><span style=\"color: #ff0000;\">\u00a0<\/span><\/em><\/strong><\/p>\n<p><strong><em><span style=\"color: #ff0000;\">LA\u00a0 APP PER IOS-IPHONE di Nicola Vettorello<\/span><\/em><\/strong><\/p>\n<p><strong><span style=\"color: #0000ff;\"><a style=\"color: #0000ff;\" href=\"https:\/\/apps.apple.com\/it\/app\/radio-pi%C3%B9-emittente-agordina\/id1515939845\">https:\/\/apps.apple.com\/it\/app\/radio-pi%C3%B9-emittente-agordina\/id1515939845<\/a><\/span><\/strong><\/p>\n<p><strong><em style=\"color: #ff0000;\">LA\u00a0 APP RADIO\u00a0 PER ANDROID di Nicola Vettorello<\/em><\/strong><\/p>\n<p><strong><span style=\"color: #0000ff;\"><a style=\"color: #0000ff;\" href=\"https:\/\/play.google.com\/store\/apps\/details?id=net.radiopiu.iniko\" target=\"_blank\" rel=\"noopener noreferrer\">https:\/\/<\/a><a style=\"color: #0000ff;\" href=\"https:\/\/play.google.com\/store\/apps\/details?id=net.radiopiu.iniko\" target=\"_blank\" rel=\"noopener noreferrer\">play.google.com\/store\/apps\/details?id=net.radiopiu.iniko\u00a0\u00a0\u00a0\u00a0\u00a0<\/a><\/span><\/strong><\/p>\n<p>&nbsp;<\/p>\n<p>&nbsp;<\/p>\n<p>&nbsp;<\/p>\n<hr \/>\n<p>&nbsp;<\/p>\n<blockquote>\n<div class=\"mceTemp\">\n<h1 data-start=\"0\" data-end=\"60\"><strong data-start=\"0\" data-end=\"60\">OGGI SU RADIOPI\u00d9: <span style=\"color: #000000;\">MUSICA, informazione\u00a0<\/span> e dirette\u00a0\u00a0<\/strong><\/h1>\n<\/div>\n<\/blockquote>\n<p><strong class=\"photoswipe-wrapper\" style=\"color: #111111; font-family: 'normal Arial', Helvetica, sans-serif; font-size: 14px;\"><strong class=\"photoswipe-wrapper\"><a class=\"dt-pswp-item\" href=\"https:\/\/www.radiopiu.net\/wordpress\/wp-content\/uploads\/2025\/12\/Screenshot-2025-12-09-112124-e1765275701477.png\" data-dt-img-description=\"\" data-large_image_width=\"264\" data-large_image_height=\"158\"><img loading=\"lazy\" decoding=\"async\" class=\"size-full wp-image-484971 alignleft\" src=\"https:\/\/www.radiopiu.net\/wordpress\/wp-content\/uploads\/2025\/12\/Screenshot-2025-12-09-112124-e1765275701477.png\" alt=\"\" width=\"264\" height=\"158\" \/><\/a>ALLE 8.05 LA RASSEGNA STAMPA LOCALE 8.25 piu siamo con marina don\u00e0 9.00 ALICE BETTOLO IN &#8220;I MILLE PASSI&#8221; DAI DIARI DI MORGANA\u00a0 9.40 LIBER SULLE ORME DI LIANA CAVALLET Maria Giovanna Da Roit recensisce &#8220;La felicit\u00e0 nei giorni di pioggia&#8221; di Imogen Clark \u00a010.10 ALLEGHE FUNIVIE, LO SFOGO DI SERGIO PRA E I PROSSIMI APPUNTAMENTI DA OGGI AL GIRO D&#8217;ITALIA CON ANDREA DAL FARRA RESPONSABILE MARKETING\u00a0 \u00a0(FOTO)\u00a0 DA GOSALDO MORGAN GNECH DI PROGETTO DESMA <\/strong><strong>10.30\u00a0 SE NON LA SMETTI DI MANDO DAL PRESIDE CON LA PROF. MARIA ROSA SALMAZO 11.00 FOGLIE E CASTAGNE 11.30 L&#8217;ANGOLO DI PAOLA LANCIATO &#8211; CURIOSANDO\u00a0 13.10 TRE PER DUE PER TE CON MARINA DONA&#8217; 13.30 COLLAGE OPERAZIONE NOSTALGIA CON LORIS SCUSSEL 14.00 LA CLASSIFICA DI MARCO GAZ 1500 AMAZING CALENDAR, DALLA NEVEGAL TOUR MARINA DONA&#8217; E MICHELA ANASTASIO <\/strong><\/strong><strong>\u00a0 16 45 LE HIT STORICHE DI MIRCO BENCIVENNI\u00a0\u00a019.05 LE ANTICIPAZIONI DAL TG DI ANTENNA 3 DA UN\u2019IDEA DI TIZIANA BOLOGNANI 19.20 CLAUDIA THE MAGIC TEACHER, IL PREMIO, I PROSSIMI CORSI E IL VIAGGIO IN CANADA di mirko mezzacasa<\/strong><\/p>\n<p>&nbsp;<\/p>\n<p>&nbsp;<\/p>\n<hr \/>\n<div class=\"x11i5rnm xat24cr x1mh8g0r x1vvkbs xtlvy1s x126k92a\">\n<blockquote>\n<h1><strong><br \/>\nN di parom &#8211; L Almanach de la nosta jent\u00a0 <\/strong><strong style=\"font-size: 14px;\"><span style=\"color: #ff0000;\">OGNI GIORNO ALLE CINQUE E ALLE NOVE E DIECI\u00a0 DEL MATTINO<\/span> LA PUNTATA DI OGGI, 10 DICEMBRE 2025<\/strong><\/h1>\n<\/blockquote>\n<audio class=\"wp-audio-shortcode\" id=\"audio-484851-1\" preload=\"none\" style=\"width: 100%;\" controls=\"controls\"><source type=\"audio\/mpeg\" src=\"https:\/\/www.radiopiu.net\/wordpress\/wp-content\/uploads\/2025\/12\/AL3.mp3?_=1\" \/><a href=\"https:\/\/www.radiopiu.net\/wordpress\/wp-content\/uploads\/2025\/12\/AL3.mp3\">https:\/\/www.radiopiu.net\/wordpress\/wp-content\/uploads\/2025\/12\/AL3.mp3<\/a><\/audio>\n<p>&nbsp;<\/p>\n<\/div>\n<p>&nbsp;<\/p>\n<hr \/>\n<div class=\"x11i5rnm xat24cr x1mh8g0r x1vvkbs xtlvy1s x126k92a\">\n<div dir=\"auto\">\n<div dir=\"auto\">\n<blockquote>\n<h2><strong><br \/>\nEL BAL DEL FIOR, DI GIULIANA DA RONCH\u00a0 <span style=\"color: #ff0000;\">ogni giorno alle sette e venti del mattino <\/span><\/strong><strong style=\"font-size: 14px;\">LA PUNTATA DI OGGI 10 DICEMBRE<\/strong><strong style=\"font-size: 14px;\">\u00a02025<\/strong><\/h2>\n<\/blockquote>\n<audio class=\"wp-audio-shortcode\" id=\"audio-484851-2\" preload=\"none\" style=\"width: 100%;\" controls=\"controls\"><source type=\"audio\/mpeg\" src=\"https:\/\/www.radiopiu.net\/wordpress\/wp-content\/uploads\/2025\/12\/GME.mp3?_=2\" \/><a href=\"https:\/\/www.radiopiu.net\/wordpress\/wp-content\/uploads\/2025\/12\/GME.mp3\">https:\/\/www.radiopiu.net\/wordpress\/wp-content\/uploads\/2025\/12\/GME.mp3<\/a><\/audio>\n<\/div>\n<\/div>\n<\/div>\n<p>&nbsp;<\/p>\n<div class=\"x11i5rnm xat24cr x1mh8g0r x1vvkbs xtlvy1s x126k92a\">\n<div dir=\"auto\">\n<hr \/>\n<\/div>\n<\/div>\n<blockquote>\n<blockquote>\n<h1><span style=\"color: #ff0000;\">\u00a0<\/span><\/h1>\n<h1><span style=\"color: #ff0000;\">I podcast informativi del mattino &#8211; audio &#8211;\u00a0\u00a0<\/span><\/h1>\n<\/blockquote>\n<p><strong><a class=\"dt-pswp-item\" href=\"https:\/\/www.radiopiu.net\/wordpress\/wp-content\/uploads\/2024\/11\/6.jpg\" data-dt-img-description=\"\" data-large_image_width=\"177\" data-large_image_height=\"180\"><img loading=\"lazy\" decoding=\"async\" class=\"size-full wp-image-417911 alignleft\" src=\"https:\/\/www.radiopiu.net\/wordpress\/wp-content\/uploads\/2024\/11\/6.jpg\" alt=\"\" width=\"177\" height=\"180\" \/><\/a>LA RASSEGNA STAMPA NAZIONALE ALLA RADIO, OGNI GIORNO ALLE 5 E ALLE 6 DEL MATTINO <span style=\"color: #0000ff;\">viene pubblicata alle 6.00 <span style=\"color: #ff0000;\">DIRETTA RADIO\u00a0 \u00a0\u00a0<\/span><\/span><\/strong><\/p><\/blockquote>\n<h1><strong>NOTIZIE DELLA NOTTE<\/strong><\/h1>\n<p data-start=\"0\" data-end=\"228\"><strong>ROMA<\/strong><br data-start=\"4\" data-end=\"7\" \/>Una ragazza di 23 anni ha denunciato di essere stata violentata all\u2019esterno di una stazione della metropolitana. Indagano i carabinieri, che stanno acquisendo le immagini delle telecamere e ascoltando possibili testimoni.<\/p>\n<p data-start=\"490\" data-end=\"798\"><strong>SANIT\u00c0 \u2013 RAPPORTO AGENAS<\/strong><br data-start=\"514\" data-end=\"517\" \/>Pubblicata la valutazione annuale degli ospedali italiani: solo quindici strutture raggiungono i livelli pi\u00f9 alti di qualit\u00e0, mentre due su dieci risultano rimandate per carenze organizzative e di performance. Obiettivo del report \u00e8 indirizzare miglioramenti e investimenti mirati.<\/p>\n<p data-start=\"800\" data-end=\"1019\"><strong>OSLO<\/strong><br data-start=\"804\" data-end=\"807\" \/>Giallo sulla presenza dell\u2019attivista venezuelana Machado alla cerimonia del Nobel: era prevista una conferenza stampa che per\u00f2 \u00e8 stata annullata senza spiegazioni, aumentando l\u2019attenzione internazionale sul caso.<\/p>\n<p data-start=\"1021\" data-end=\"1158\"><strong>MIAMI<\/strong><br data-start=\"1026\" data-end=\"1029\" \/>Per la prima volta dopo trent&#8217;anni i democratici conquistano il Comune: Higgins \u00e8 stato eletto sindaco, come riportato dalla Cnn.<\/p>\n<p data-start=\"1160\" data-end=\"1316\"><strong>CAMBOGIA\u2013THAILANDIA<\/strong><br data-start=\"1179\" data-end=\"1182\" \/>Oltre 400 mila persone evacuate nell\u2019area di confine a causa dell\u2019escalation delle tensioni e di attacchi registrati nelle ultime ore.<\/p>\n<p data-start=\"1318\" data-end=\"1452\"><strong>CINA<\/strong><br data-start=\"1322\" data-end=\"1325\" \/>Segnali di allentamento della deflazione: a novembre i prezzi al consumo tornano in territorio positivo, con un +0,7 per cento.<\/p>\n<p data-start=\"1454\" data-end=\"1693\"><strong>ECONOMIA<\/strong><br data-start=\"1462\" data-end=\"1465\" \/>A New York il petrolio chiude in calo a 58,21 dollari al barile, mentre l\u2019argento supera per la prima volta i 60 dollari l\u2019oncia.<br data-start=\"1594\" data-end=\"1597\" \/>Elon Musk torna sul tema crypto affermando che il Doge \u201cha avuto successo, ma non lo rifarebbe\u201d.<\/p>\n<p data-start=\"1695\" data-end=\"1830\"><strong>UCRAINA<\/strong><br data-start=\"1702\" data-end=\"1705\" \/>Zelensky dichiara che si potr\u00e0 andare al voto entro tre mesi solo se sar\u00e0 garantita la sicurezza dei seggi in tutto il Paese.<\/p>\n<h1>IL GIORNALE DELLE SEI DEL MATTINO<\/h1>\n<audio class=\"wp-audio-shortcode\" id=\"audio-484851-3\" preload=\"none\" style=\"width: 100%;\" controls=\"controls\"><source type=\"audio\/mpeg\" src=\"https:\/\/www.radiopiu.net\/wordpress\/wp-content\/uploads\/2025\/12\/GIORNALEDELLESEI-6.mp3?_=3\" \/><a href=\"https:\/\/www.radiopiu.net\/wordpress\/wp-content\/uploads\/2025\/12\/GIORNALEDELLESEI-6.mp3\">https:\/\/www.radiopiu.net\/wordpress\/wp-content\/uploads\/2025\/12\/GIORNALEDELLESEI-6.mp3<\/a><\/audio>\n<p>&nbsp;<\/p>\n<p>&nbsp;<\/p>\n<p>&nbsp;<\/p>\n<hr \/>\n<p>&nbsp;<\/p>\n<h1 style=\"text-align: center;\"><span style=\"color: #ff0000;\"><a class=\"dt-pswp-item\" href=\"https:\/\/www.radiopiu.net\/wordpress\/wp-content\/uploads\/2024\/11\/7.jpg\" data-dt-img-description=\"\" data-large_image_width=\"180\" data-large_image_height=\"180\"><img loading=\"lazy\" decoding=\"async\" class=\"size-full wp-image-417912 alignleft\" src=\"https:\/\/www.radiopiu.net\/wordpress\/wp-content\/uploads\/2024\/11\/7.jpg\" alt=\"\" width=\"180\" height=\"180\" srcset=\"https:\/\/www.radiopiu.net\/wordpress\/wp-content\/uploads\/2024\/11\/7.jpg 180w, https:\/\/www.radiopiu.net\/wordpress\/wp-content\/uploads\/2024\/11\/7-150x150.jpg 150w\" sizes=\"auto, (max-width: 180px) 100vw, 180px\" \/><\/a>I podcast informativi del mattino &#8211; audio &#8211;\u00a0<\/span><\/h1>\n<p><strong>OGNI GIORNO ALLE SETTE DEL MATTINO, LA RASSEGNA STAMPA LOCALE FLASH&#8230; PER CHI VA IN FRETTA. I TITOLI DAI GIORNALI E DAL SITO WWW.RADIOPIU.NET <span style=\"color: #0000ff;\">viene pubblicato alle 7.00<\/span> <span style=\"color: #ff0000;\">DIRETTA RADIO\u00a0<\/span><\/strong><\/p>\n<p><em><span style=\"color: #ff0000;\">per chi va in fretta&#8230; tante notizie in pochi minuti. L&#8217;informazione locale alla radio, ogni ora dalle 7 del mattino alle 19 della sera.\u00a0\u00a0<\/span><\/em><\/p>\n<p><strong data-start=\"0\" data-end=\"62\">Notizie locali dal Bellunese: tra cronaca, eventi e novit\u00e0<\/strong><\/p>\n<div class=\"flex flex-1 grow basis-auto flex-col overflow-hidden\">\n<div class=\"relative h-full\">\n<div class=\"flex h-full flex-col overflow-y-auto [scrollbar-gutter:stable]\">\n<div class=\"mt-1.5 flex flex-col text-sm @thread-xl\/thread:pt-header-height md:pb-9\">\n<article class=\"group\/turn w-full text-token-text-primary focus-visible:outline-none\" dir=\"auto\" tabindex=\"-1\" data-testid=\"conversation-turn-2\" data-scroll-anchor=\"true\">\n<div class=\"text-base my-auto mx-auto py-5 px-6\">\n<div class=\"mx-auto flex flex-1 text-base gap-4 md:gap-5 lg:gap-6 md:max-w-3xl\">\n<div class=\"group\/conversation-turn relative flex w-full min-w-0 flex-col agent-turn @xs\/thread:px-0 @sm\/thread:px-1.5 @md\/thread:px-4\">\n<div class=\"relative flex-col gap-1 md:gap-3\">\n<div class=\"flex max-w-full flex-col flex-grow\">\n<div class=\"min-h-8 text-message relative flex w-full flex-col items-end gap-2 whitespace-normal break-words text-start [.text-message+&amp;]:mt-5\" dir=\"auto\" data-message-author-role=\"assistant\" data-message-id=\"bff05fc0-dc7c-4ab7-9b20-d3eec753127b\" data-message-model-slug=\"gpt-4o-mini\">\n<div class=\"flex w-full flex-col gap-1 empty:hidden first:pt-[3px]\">\n<div class=\"markdown prose w-full break-words dark:prose-invert dark\">\n<p class=\"\" data-start=\"64\" data-end=\"329\"><em><strong>Radio Pi\u00f9 offre una panoramica sui principali eventi e notizie in provincia di Belluno, accompagnata dalla programmazione radiofonica. Tra le principali notizie<\/strong><\/em><\/p>\n<\/div>\n<\/div>\n<\/div>\n<\/div>\n<\/div>\n<\/div>\n<\/div>\n<\/div>\n<\/article>\n<\/div>\n<\/div>\n<\/div>\n<\/div>\n<h1>AUDIO dalle 7 del mattino<\/h1>\n<audio class=\"wp-audio-shortcode\" id=\"audio-484851-4\" preload=\"none\" style=\"width: 100%;\" controls=\"controls\"><source type=\"audio\/mpeg\" src=\"https:\/\/www.radiopiu.net\/wordpress\/wp-content\/uploads\/2025\/12\/GF07-8.mp3?_=4\" \/><a href=\"https:\/\/www.radiopiu.net\/wordpress\/wp-content\/uploads\/2025\/12\/GF07-8.mp3\">https:\/\/www.radiopiu.net\/wordpress\/wp-content\/uploads\/2025\/12\/GF07-8.mp3<\/a><\/audio>\n<p>&nbsp;<\/p>\n<p>&nbsp;<\/p>\n<p>&nbsp;<\/p>\n<hr \/>\n<p>&nbsp;<\/p>\n<h1><\/h1>\n<h1 style=\"text-align: center;\"><span style=\"color: #ff0000;\"><a class=\"dt-pswp-item\" href=\"https:\/\/www.radiopiu.net\/wordpress\/wp-content\/uploads\/2024\/11\/th.jpg\" data-dt-img-description=\"\" data-large_image_width=\"148\" data-large_image_height=\"179\"><img loading=\"lazy\" decoding=\"async\" class=\" wp-image-417913 alignleft\" src=\"https:\/\/www.radiopiu.net\/wordpress\/wp-content\/uploads\/2024\/11\/th.jpg\" alt=\"\" width=\"66\" height=\"80\" \/><\/a>I podcast informativi del mattino &#8211; audio &#8211;\u00a0<\/span><\/h1>\n<blockquote><p><strong>GIORNALE RADIO NAZIONALE, EDIZIONE DELLE SETTE <span style=\"color: #0000ff;\">viene pubblicato alle 7.05 <span style=\"color: #ff0000;\">DIRETTA RADIO\u00a0<\/span><\/span><\/strong><\/p><\/blockquote>\n<p><strong>il giornale radionazionale e&#8217; in onda ogni ora, dalle sette del mattino alle venti della sera\u00a0 \u00a0\u00a0<\/strong><\/p>\n<blockquote>\n<h2><em><a class=\"dt-pswp-item\" href=\"https:\/\/www.radiopiu.net\/wordpress\/wp-content\/uploads\/2025\/02\/download-7.jpg\" data-dt-img-description=\"\" data-large_image_width=\"211\" data-large_image_height=\"239\"><img loading=\"lazy\" decoding=\"async\" class=\" wp-image-435553 alignleft\" src=\"https:\/\/www.radiopiu.net\/wordpress\/wp-content\/uploads\/2025\/02\/download-7.jpg\" alt=\"\" width=\"186\" height=\"211\" \/><\/a><span style=\"color: #ff0000;\">RADIOPI\u00d9<\/span> \u2013 La voce del territorio, lo sguardo sul Paese.\u00a0<\/em><\/h2>\n<\/blockquote>\n<div class=\"flex basis-auto flex-col -mb-(--composer-overlap-px) [--composer-overlap-px:55px] grow overflow-hidden\">\n<div class=\"relative h-full\">\n<div class=\"flex h-full flex-col overflow-y-auto [scrollbar-gutter:stable_both-edges] @[84rem]\/thread:pt-(--header-height)\">\n<div class=\"@thread-xl\/thread:pt-header-height flex flex-col text-sm pb-25\">\n<article class=\"text-token-text-primary w-full focus:outline-none scroll-mt-[calc(var(--header-height)+min(200px,max(70px,20svh)))]\" dir=\"auto\" tabindex=\"-1\" data-testid=\"conversation-turn-68\" data-scroll-anchor=\"true\" data-turn=\"assistant\">\n<div class=\"text-base my-auto mx-auto pb-10 [--thread-content-margin:--spacing(4)] @[37rem]:[--thread-content-margin:--spacing(6)] @[72rem]:[--thread-content-margin:--spacing(16)] px-(--thread-content-margin)\">\n<div class=\"[--thread-content-max-width:32rem] @[34rem]:[--thread-content-max-width:40rem] @[64rem]:[--thread-content-max-width:48rem] mx-auto max-w-(--thread-content-max-width) flex-1 group\/turn-messages focus-visible:outline-hidden relative flex w-full min-w-0 flex-col agent-turn\" tabindex=\"-1\">\n<div class=\"flex max-w-full flex-col grow\">\n<div class=\"min-h-8 text-message relative flex w-full flex-col items-end gap-2 text-start break-words whitespace-normal [.text-message+&amp;]:mt-5\" dir=\"auto\" data-message-author-role=\"assistant\" data-message-id=\"44b2bab2-310d-4a9e-8ff2-f21a32a7d5b3\" data-message-model-slug=\"gpt-4-1-mini\">\n<div class=\"flex w-full flex-col gap-1 empty:hidden first:pt-[3px]\">\n<div class=\"markdown prose dark:prose-invert w-full break-words dark\">\n<p data-start=\"0\" data-end=\"244\"><strong>NAPOLETANO<\/strong><br data-start=\"10\" data-end=\"13\" \/>Un infermiere di 40 anni \u00e8 stato arrestato per aver narcotizzato e seviziato la compagna. La donna lo aveva gi\u00e0 denunciato e per il caso era scattato il codice rosso. Le indagini proseguono per ricostruire tutte le violenze subite.<\/p>\n<p data-start=\"246\" data-end=\"436\"><strong>GENOVA \/ FRIULI<\/strong><br data-start=\"261\" data-end=\"264\" \/>Gravissimo un ragazzo di 12 anni travolto da un\u2019ambulanza mentre andava a scuola. In Friuli, scontro tra auto e corriera: otto studenti feriti, nessuno in pericolo di vita.<\/p>\n<p data-start=\"438\" data-end=\"573\"><strong>SARDEGNA<\/strong><br data-start=\"446\" data-end=\"449\" \/>Scontro frontale a Settimo San Pietro: un morto e due feriti, tra cui un 70enne e il padre di 101 anni, entrambi ricoverati.<\/p>\n<p data-start=\"575\" data-end=\"708\"><strong>GRAN SASSO<\/strong><br data-start=\"585\" data-end=\"588\" \/>Intensificate le ricerche dell\u2019escursionista disperso da 20 giorni: in azione droni e corde fisse verso il Corno Grande.<\/p>\n<p data-start=\"820\" data-end=\"960\"><strong>TARANTO<\/strong><br data-start=\"827\" data-end=\"830\" \/>Arrestato un uomo per maltrattamenti: decisiva la chiamata al 112 della figlia minorenne. Le violenze sarebbero iniziate nel 2010.<\/p>\n<p data-start=\"820\" data-end=\"960\"><strong>TORINO\u2013AOSTA<\/strong><br data-start=\"1249\" data-end=\"1252\" \/>L\u2019incidente mortale in A5: conferme che un furgone avrebbe provocato lo schianto fuggendo subito dopo. La piccola \u00e8 morta in seguito all\u2019urto con l\u2019altro mezzo<\/p>\n<p data-start=\"820\" data-end=\"960\"><strong>ANTITRUST<\/strong><br data-start=\"719\" data-end=\"722\" \/>Sanzioni per 520 mila euro a sei societ\u00e0 di call center per pratiche di teleselling ingannevole.<\/p>\n<p data-start=\"962\" data-end=\"1099\"><strong>MILANO<\/strong><br data-start=\"968\" data-end=\"971\" \/>Caos al San Raffaele: dopo una riunione d\u2019urgenza del Cda si dimette l\u2019amministratore delegato. Al suo posto subentra Centenari.<\/p>\n<p data-start=\"1101\" data-end=\"1235\"><strong>BAGNOLI<\/strong><br data-start=\"1108\" data-end=\"1111\" \/>Partite le demolizioni del pontile centrale: il sindaco Manfredi parla di \u201cgiornata storica\u201d per un\u2019attesa lunga trent\u2019anni.<\/p>\n<p data-start=\"1237\" data-end=\"1412\" data-is-last-node=\"\" data-is-only-node=\"\">\n<\/div>\n<\/div>\n<\/div>\n<\/div>\n<\/div>\n<\/div>\n<\/article>\n<\/div>\n<\/div>\n<\/div>\n<\/div>\n<article class=\"text-token-text-primary w-full focus:outline-none scroll-mt-[calc(var(--header-height)+min(200px,max(70px,20svh)))]\" dir=\"auto\" tabindex=\"-1\" data-testid=\"conversation-turn-72\" data-scroll-anchor=\"true\" data-turn=\"assistant\">\n<div class=\"text-base my-auto mx-auto pb-10 [--thread-content-margin:--spacing(4)] @[37rem]:[--thread-content-margin:--spacing(6)] @[72rem]:[--thread-content-margin:--spacing(16)] px-(--thread-content-margin)\">\n<div class=\"[--thread-content-max-width:32rem] @[34rem]:[--thread-content-max-width:40rem] @[64rem]:[--thread-content-max-width:48rem] mx-auto max-w-(--thread-content-max-width) flex-1 group\/turn-messages focus-visible:outline-hidden relative flex w-full min-w-0 flex-col agent-turn\" tabindex=\"-1\">\n<div class=\"flex max-w-full flex-col grow\">\n<div class=\"min-h-8 text-message relative flex w-full flex-col items-end gap-2 text-start break-words whitespace-normal [.text-message+&amp;]:mt-5\" dir=\"auto\" data-message-author-role=\"assistant\" data-message-id=\"6ad35c52-e3d0-4186-88d9-35bb4972681f\" data-message-model-slug=\"gpt-4o\">\n<div class=\"flex w-full flex-col gap-1 empty:hidden first:pt-[3px]\">\n<div class=\"markdown prose dark:prose-invert w-full break-words dark\">\n<article class=\"text-token-text-primary w-full\" dir=\"auto\" data-testid=\"conversation-turn-163\" data-scroll-anchor=\"true\">\n<div class=\"text-base my-auto mx-auto pb-10 [--thread-content-margin:--spacing(4)] @[37rem]:[--thread-content-margin:--spacing(6)] @[72rem]:[--thread-content-margin:--spacing(16)] px-(--thread-content-margin)\">\n<div class=\"[--thread-content-max-width:32rem] @[34rem]:[--thread-content-max-width:40rem] @[64rem]:[--thread-content-max-width:48rem] mx-auto flex max-w-(--thread-content-max-width) flex-1 text-base gap-4 md:gap-5 lg:gap-6 group\/turn-messages focus-visible:outline-hidden\" tabindex=\"-1\">\n<div class=\"group\/conversation-turn relative flex w-full min-w-0 flex-col agent-turn\">\n<div class=\"relative flex-col gap-1 md:gap-3\">\n<div class=\"flex max-w-full flex-col grow\">\n<div class=\"min-h-8 text-message relative flex w-full flex-col items-end gap-2 text-start break-words whitespace-normal [.text-message+&amp;]:mt-5\" dir=\"auto\" data-message-author-role=\"assistant\" data-message-id=\"efdea043-c36a-42e6-8e01-aec593793ec1\" data-message-model-slug=\"gpt-4o\">\n<div class=\"flex w-full flex-col gap-1 empty:hidden first:pt-[3px]\">\n<div class=\"markdown prose dark:prose-invert w-full break-words dark\">\n<article class=\"text-token-text-primary w-full focus:outline-none scroll-mt-[calc(var(--header-height)+min(200px,max(70px,20svh)))]\" dir=\"auto\" tabindex=\"-1\" data-testid=\"conversation-turn-162\" data-scroll-anchor=\"true\" data-turn=\"assistant\">\n<div class=\"text-base my-auto mx-auto pb-10 [--thread-content-margin:--spacing(4)] @[37rem]:[--thread-content-margin:--spacing(6)] @[72rem]:[--thread-content-margin:--spacing(16)] px-(--thread-content-margin)\">\n<div class=\"[--thread-content-max-width:32rem] @[34rem]:[--thread-content-max-width:40rem] @[64rem]:[--thread-content-max-width:48rem] mx-auto max-w-(--thread-content-max-width) flex-1 group\/turn-messages focus-visible:outline-hidden relative flex w-full min-w-0 flex-col agent-turn\" tabindex=\"-1\">\n<div class=\"flex max-w-full flex-col grow\">\n<div class=\"min-h-8 text-message relative flex w-full flex-col items-end gap-2 text-start break-words whitespace-normal [.text-message+&amp;]:mt-5\" dir=\"auto\" data-message-author-role=\"assistant\" data-message-id=\"842efa5e-0b6b-4c68-b1eb-9dd894bae6c3\" data-message-model-slug=\"gpt-4o\">\n<div class=\"flex w-full flex-col gap-1 empty:hidden first:pt-[3px]\">\n<div class=\"markdown prose dark:prose-invert w-full break-words dark\">\n<div class=\"flex basis-auto flex-col -mb-(--composer-overlap-px) [--composer-overlap-px:55px] grow overflow-hidden\">\n<div class=\"relative h-full\">\n<div class=\"flex h-full flex-col overflow-y-auto [scrollbar-gutter:stable_both-edges] @[84rem]\/thread:pt-(--header-height)\">\n<div class=\"@thread-xl\/thread:pt-header-height flex flex-col text-sm pb-25\">\n<article class=\"text-token-text-primary w-full focus:outline-none scroll-mt-[calc(var(--header-height)+min(200px,max(70px,20svh)))]\" dir=\"auto\" tabindex=\"-1\" data-testid=\"conversation-turn-18\" data-scroll-anchor=\"true\" data-turn=\"assistant\">\n<div class=\"text-base my-auto mx-auto pb-10 [--thread-content-margin:--spacing(4)] @[37rem]:[--thread-content-margin:--spacing(6)] @[72rem]:[--thread-content-margin:--spacing(16)] px-(--thread-content-margin)\">\n<div class=\"[--thread-content-max-width:32rem] @[34rem]:[--thread-content-max-width:40rem] @[64rem]:[--thread-content-max-width:48rem] mx-auto max-w-(--thread-content-max-width) flex-1 group\/turn-messages focus-visible:outline-hidden relative flex w-full min-w-0 flex-col agent-turn\" tabindex=\"-1\">\n<div class=\"flex max-w-full flex-col grow\">\n<div class=\"min-h-8 text-message relative flex w-full flex-col items-end gap-2 text-start break-words whitespace-normal [.text-message+&amp;]:mt-5\" dir=\"auto\" data-message-author-role=\"assistant\" data-message-id=\"10a6d749-a0ed-478c-a66e-5f27b47e163c\" data-message-model-slug=\"gpt-5\">\n<div class=\"flex w-full flex-col gap-1 empty:hidden first:pt-[3px]\">\n<div class=\"markdown prose dark:prose-invert w-full break-words dark\">\n<hr data-start=\"1055\" data-end=\"1058\" \/>\n<\/div>\n<\/div>\n<\/div>\n<\/div>\n<\/div>\n<\/div>\n<\/article>\n<\/div>\n<\/div>\n<\/div>\n<\/div>\n<div id=\"thread-bottom-container\" class=\"content-fade relative isolate z-10 w-full basis-auto has-data-has-thread-error:pt-2 has-data-has-thread-error:[box-shadow:var(--sharp-edge-bottom-shadow)] md:border-transparent md:pt-0 dark:border-white\/20 md:dark:border-transparent flex flex-col\">\n<div id=\"thread-bottom\">\n<div class=\"text-base mx-auto [--thread-content-margin:--spacing(4)] @[37rem]:[--thread-content-margin:--spacing(6)] @[72rem]:[--thread-content-margin:--spacing(16)] px-(--thread-content-margin)\">\n<div class=\"[--thread-content-max-width:32rem] @[34rem]:[--thread-content-max-width:40rem] @[64rem]:[--thread-content-max-width:48rem] mx-auto max-w-(--thread-content-max-width) flex-1\">\n<div class=\"max-xs:[--force-hide-label:none] relative z-1 flex h-full max-w-full flex-1 flex-col\">\n<form class=\"w-full [view-transition-name:var(--vt-composer)]\" data-type=\"unified-composer\">\n<div class=\"bg-token-bg-primary shadow-short flex w-full cursor-text flex-col items-center justify-center overflow-clip bg-clip-padding contain-inline-size dark:bg-[#303030] rounded-[28px]\">\n<div class=\"relative flex min-h-14 w-full items-end\">\n<div class=\"relative flex w-full flex-auto flex-col\">\n<div class=\"relative mx-5 flex min-h-14 flex-auto bg-transparent items-start\">\n<div class=\"_prosemirror-parent_276o5_2 text-token-text-primary max-h-[25dvh] max-h-52 flex-1 overflow-auto [scrollbar-width:thin] default-browser vertical-scroll-fade-mask\">\n<div id=\"prompt-textarea\" class=\"ProseMirror\" contenteditable=\"true\" translate=\"no\" data-virtualkeyboard=\"true\"><\/div>\n<\/div>\n<\/div>\n<\/div>\n<\/div>\n<\/div>\n<\/form>\n<\/div>\n<\/div>\n<\/div>\n<\/div>\n<\/div>\n<\/div>\n<\/div>\n<\/div>\n<\/div>\n<\/div>\n<\/div>\n<\/article>\n<\/div>\n<\/div>\n<\/div>\n<\/div>\n<\/div>\n<\/div>\n<\/div>\n<\/div>\n<\/article>\n<\/div>\n<\/div>\n<\/div>\n<\/div>\n<\/div>\n<\/div>\n<\/article>\n<article class=\"text-token-text-primary w-full focus:outline-none scroll-mt-[calc(var(--header-height)+min(200px,max(70px,20svh)))]\" dir=\"auto\" tabindex=\"-1\" data-testid=\"conversation-turn-72\" data-scroll-anchor=\"true\" data-turn=\"assistant\">\n<div class=\"text-base my-auto mx-auto pb-10 [--thread-content-margin:--spacing(4)] @[37rem]:[--thread-content-margin:--spacing(6)] @[72rem]:[--thread-content-margin:--spacing(16)] px-(--thread-content-margin)\">\n<div class=\"[--thread-content-max-width:32rem] @[34rem]:[--thread-content-max-width:40rem] @[64rem]:[--thread-content-max-width:48rem] mx-auto max-w-(--thread-content-max-width) flex-1 group\/turn-messages focus-visible:outline-hidden relative flex w-full min-w-0 flex-col agent-turn\" tabindex=\"-1\">\n<div class=\"flex max-w-full flex-col grow\">\n<div class=\"min-h-8 text-message relative flex w-full flex-col items-end gap-2 text-start break-words whitespace-normal [.text-message+&amp;]:mt-5\" dir=\"auto\" data-message-author-role=\"assistant\" data-message-id=\"6ad35c52-e3d0-4186-88d9-35bb4972681f\" data-message-model-slug=\"gpt-4o\">\n<div class=\"flex w-full flex-col gap-1 empty:hidden first:pt-[3px]\">\n<div class=\"markdown prose dark:prose-invert w-full break-words dark\">\n<article class=\"text-token-text-primary w-full\" dir=\"auto\" data-testid=\"conversation-turn-163\" data-scroll-anchor=\"true\">\n<div class=\"text-base my-auto mx-auto pb-10 [--thread-content-margin:--spacing(4)] @[37rem]:[--thread-content-margin:--spacing(6)] @[72rem]:[--thread-content-margin:--spacing(16)] px-(--thread-content-margin)\">\n<div class=\"[--thread-content-max-width:32rem] @[34rem]:[--thread-content-max-width:40rem] @[64rem]:[--thread-content-max-width:48rem] mx-auto flex max-w-(--thread-content-max-width) flex-1 text-base gap-4 md:gap-5 lg:gap-6 group\/turn-messages focus-visible:outline-hidden\" tabindex=\"-1\">\n<div class=\"group\/conversation-turn relative flex w-full min-w-0 flex-col agent-turn\">\n<div class=\"flex items-center justify-center\"><\/div>\n<\/div>\n<\/div>\n<\/div>\n<\/article>\n<\/div>\n<\/div>\n<\/div>\n<\/div>\n<\/div>\n<\/div>\n<\/article>\n<blockquote>\n<h2><span style=\"color: #ff0000;\"><strong><a class=\"dt-pswp-item\" href=\"https:\/\/www.radiopiu.net\/wordpress\/wp-content\/uploads\/2025\/02\/download-3.jpg\" data-dt-img-description=\"\" data-large_image_width=\"223\" data-large_image_height=\"226\"><img loading=\"lazy\" decoding=\"async\" class=\"size-full wp-image-434732 alignleft\" src=\"https:\/\/www.radiopiu.net\/wordpress\/wp-content\/uploads\/2025\/02\/download-3.jpg\" alt=\"\" width=\"223\" height=\"226\" \/><\/a><\/strong>RADIOPI\u00d9<\/span> \u2013 Dalle Dolomiti alla pianura, i fatti che segnano la Regione.<\/h2>\n<\/blockquote>\n<article class=\"text-token-text-primary w-full focus:outline-none scroll-mt-[calc(var(--header-height)+min(200px,max(70px,20svh)))]\" dir=\"auto\" tabindex=\"-1\" data-testid=\"conversation-turn-112\" data-scroll-anchor=\"true\" data-turn=\"assistant\">\n<div class=\"text-base my-auto mx-auto pb-10 [--thread-content-margin:--spacing(4)] @[37rem]:[--thread-content-margin:--spacing(6)] @[72rem]:[--thread-content-margin:--spacing(16)] px-(--thread-content-margin)\">\n<div class=\"[--thread-content-max-width:32rem] @[34rem]:[--thread-content-max-width:40rem] @[64rem]:[--thread-content-max-width:48rem] mx-auto max-w-(--thread-content-max-width) flex-1 group\/turn-messages focus-visible:outline-hidden relative flex w-full min-w-0 flex-col agent-turn\" tabindex=\"-1\">\n<div class=\"flex max-w-full flex-col grow\">\n<div class=\"min-h-8 text-message relative flex w-full flex-col items-end gap-2 text-start break-words whitespace-normal [.text-message+&amp;]:mt-5\" dir=\"auto\" data-message-author-role=\"assistant\" data-message-id=\"74820017-8765-4ccc-b0c7-da916c45f87f\" data-message-model-slug=\"gpt-5\">\n<div class=\"flex w-full flex-col gap-1 empty:hidden first:pt-[3px]\">\n<div class=\"markdown prose dark:prose-invert w-full break-words dark\">\n<div class=\"relative basis-auto flex-col -mb-(--composer-overlap-px) [--composer-overlap-px:28px] grow flex overflow-hidden\">\n<div class=\"relative h-full\">\n<div class=\"flex h-full flex-col overflow-y-auto thread-xl:pt-(--header-height) [scrollbar-gutter:stable_both-edges]\">\n<div class=\"flex flex-col text-sm thread-xl:pt-header-height pb-25\">\n<article class=\"text-token-text-primary w-full focus:outline-none [--shadow-height:45px] has-data-writing-block:pointer-events-none has-data-writing-block:-mt-(--shadow-height) has-data-writing-block:pt-(--shadow-height) [&amp;:has([data-writing-block])&gt;*]:pointer-events-auto [content-visibility:auto] supports-[content-visibility:auto]:[contain-intrinsic-size:auto_100lvh] scroll-mt-[calc(var(--header-height)+min(200px,max(70px,20svh)))]\" dir=\"auto\" tabindex=\"-1\" data-turn-id=\"request-WEB:f8ffeb3c-baa0-48e0-8b17-3970ffbe6842-60\" data-testid=\"conversation-turn-122\" data-scroll-anchor=\"true\" data-turn=\"assistant\">\n<div class=\"text-base my-auto mx-auto pb-10 [--thread-content-margin:--spacing(4)] thread-sm:[--thread-content-margin:--spacing(6)] thread-lg:[--thread-content-margin:--spacing(16)] px-(--thread-content-margin)\">\n<div class=\"[--thread-content-max-width:40rem] thread-lg:[--thread-content-max-width:48rem] mx-auto max-w-(--thread-content-max-width) flex-1 group\/turn-messages focus-visible:outline-hidden relative flex w-full min-w-0 flex-col agent-turn\" tabindex=\"-1\">\n<div class=\"flex max-w-full flex-col grow\">\n<div class=\"min-h-8 text-message relative flex w-full flex-col items-end gap-2 text-start break-words whitespace-normal [.text-message+&amp;]:mt-1\" dir=\"auto\" data-message-author-role=\"assistant\" data-message-id=\"50092257-b8bc-4924-9476-23af7a5e8ef1\" data-message-model-slug=\"gpt-5-1\">\n<div class=\"flex w-full flex-col gap-1 empty:hidden first:pt-[1px]\">\n<article class=\"text-token-text-primary w-full focus:outline-none [--shadow-height:45px] has-data-writing-block:pointer-events-none has-data-writing-block:-mt-(--shadow-height) has-data-writing-block:pt-(--shadow-height) [&amp;:has([data-writing-block])&gt;*]:pointer-events-auto [content-visibility:auto] supports-[content-visibility:auto]:[contain-intrinsic-size:auto_100lvh] scroll-mt-[calc(var(--header-height)+min(200px,max(70px,20svh)))]\" dir=\"auto\" tabindex=\"-1\" data-turn-id=\"bcd57aae-c267-4c0d-931b-2471e6d3993b\" data-testid=\"conversation-turn-166\" data-scroll-anchor=\"true\" data-turn=\"assistant\">\n<div class=\"text-base my-auto mx-auto pb-10 [--thread-content-margin:--spacing(4)] thread-sm:[--thread-content-margin:--spacing(6)] thread-lg:[--thread-content-margin:--spacing(16)] px-(--thread-content-margin)\">\n<div class=\"[--thread-content-max-width:40rem] thread-lg:[--thread-content-max-width:48rem] mx-auto max-w-(--thread-content-max-width) flex-1 group\/turn-messages focus-visible:outline-hidden relative flex w-full min-w-0 flex-col agent-turn\" tabindex=\"-1\">\n<div class=\"flex max-w-full flex-col grow\">\n<div class=\"min-h-8 text-message relative flex w-full flex-col items-end gap-2 text-start break-words whitespace-normal [.text-message+&amp;]:mt-1\" dir=\"auto\" data-message-author-role=\"assistant\" data-message-id=\"d52fa3c3-3b59-47cd-897c-029ad206cdab\" data-message-model-slug=\"gpt-5-1\">\n<div class=\"flex w-full flex-col gap-1 empty:hidden first:pt-[1px]\">\n<div class=\"markdown prose dark:prose-invert w-full break-words dark markdown-new-styling\">\n<div class=\"relative basis-auto flex-col -mb-(--composer-overlap-px) [--composer-overlap-px:28px] grow flex overflow-hidden\">\n<div class=\"relative h-full\">\n<div class=\"flex h-full flex-col overflow-y-auto @w-xl\/main:pt-(--header-height) [scrollbar-gutter:stable_both-edges]\">\n<div class=\"flex flex-col text-sm @w-xl\/main:pt-header-height pb-25\">\n<article class=\"text-token-text-primary w-full focus:outline-none [--shadow-height:45px] has-data-writing-block:pointer-events-none has-data-writing-block:-mt-(--shadow-height) has-data-writing-block:pt-(--shadow-height) [&amp;:has([data-writing-block])&gt;*]:pointer-events-auto scroll-mt-[calc(var(--header-height)+min(200px,max(70px,20svh)))]\" dir=\"auto\" tabindex=\"-1\" data-turn-id=\"request-692ff77c-ee70-8332-91ec-e39fd6c1dfa9-74\" data-testid=\"conversation-turn-372\" data-scroll-anchor=\"true\" data-turn=\"assistant\">\n<div class=\"text-base my-auto mx-auto pb-10 [--thread-content-margin:--spacing(4)] @w-sm\/main:[--thread-content-margin:--spacing(6)] @w-lg\/main:[--thread-content-margin:--spacing(16)] px-(--thread-content-margin)\">\n<div class=\"[--thread-content-max-width:40rem] @w-lg\/main:[--thread-content-max-width:48rem] mx-auto max-w-(--thread-content-max-width) flex-1 group\/turn-messages focus-visible:outline-hidden relative flex w-full min-w-0 flex-col agent-turn\" tabindex=\"-1\">\n<div class=\"flex max-w-full flex-col grow\">\n<div class=\"min-h-8 text-message relative flex w-full flex-col items-end gap-2 text-start break-words whitespace-normal [.text-message+&amp;]:mt-1\" dir=\"auto\" data-message-author-role=\"assistant\" data-message-id=\"d531f43c-fa40-4a05-bf84-68ebf35b254a\" data-message-model-slug=\"gpt-5-1\">\n<div class=\"flex w-full flex-col gap-1 empty:hidden first:pt-[1px]\">\n<div class=\"markdown prose dark:prose-invert w-full break-words dark markdown-new-styling\">\n<p data-start=\"0\" data-end=\"382\"><strong data-start=\"0\" data-end=\"11\">VENEZIA<\/strong><br data-start=\"11\" data-end=\"14\" \/>I Carabinieri del Nucleo Tutela Patrimonio Culturale hanno consegnato al Museo nazionale del Veneto reperti archeologici ritrovati in un\u2019abitazione privata. A Mestre inaugurato l\u2019ampliamento del Parco San Giuliano, con nuovi percorsi e una \u201cspiaggia urbana\u201d affacciata sulle isole. Alla Giudecca parte il Natale solidale di Emergency con il panettone \u201cFatto per bene\u201d.<\/p>\n<p data-start=\"384\" data-end=\"538\"><strong data-start=\"384\" data-end=\"394\">VENETO<\/strong><br data-start=\"394\" data-end=\"397\" \/>Secondo il rapporto Agenas, tre ospedali regionali figurano tra i primi 15 in Italia, con 16 strutture eccellenti nel settore osteomuscolare.<\/p>\n<p data-start=\"540\" data-end=\"691\"><strong data-start=\"540\" data-end=\"551\">TREVISO<\/strong><br data-start=\"551\" data-end=\"554\" \/>La Guardia di Finanza interrompe una festa abusiva: 134 giovani identificati e sanzioni, anche per somministrazione di alcolici a minori.<\/p>\n<p data-start=\"693\" data-end=\"909\"><strong data-start=\"693\" data-end=\"718\">VENEZIA \u2013 CA\u2019 FOSCARI<\/strong><br data-start=\"718\" data-end=\"721\" \/>Esposizione sul Canal Grande di uno striscione per chiedere la liberazione di uno studioso detenuto all\u2019estero, in apertura del congresso dedicato all\u2019immigrazione italiana nel Sudamerica.<\/p>\n<p data-start=\"911\" data-end=\"1034\"><strong data-start=\"911\" data-end=\"921\">VERONA<\/strong><br data-start=\"921\" data-end=\"924\" \/>Premiato alla Mostra del Presepe il lavoro degli studenti del Liceo Artistico: \u201cLa culla che unisce i popoli\u201d.<\/p>\n<p data-start=\"1036\" data-end=\"1165\"><strong data-start=\"1036\" data-end=\"1053\">SAN BONIFACIO<\/strong><br data-start=\"1053\" data-end=\"1056\" \/>Inaugurata la nuova Casa delle Associazioni, finanziata dal PNRR e destinata ad accogliere sei realt\u00e0 locali.<\/p>\n<p data-start=\"1167\" data-end=\"1291\" data-is-last-node=\"\" data-is-only-node=\"\"><strong data-start=\"1167\" data-end=\"1177\">PADOVA<\/strong><br data-start=\"1177\" data-end=\"1180\" \/>Alla cerimonia della Madonna dei Noli, il vescovo Cipolla invita a ricostruire fiducia e dialogo con i giovani.<\/p>\n<\/div>\n<\/div>\n<\/div>\n<\/div>\n<\/div>\n<\/div>\n<\/article>\n<\/div>\n<\/div>\n<\/div>\n<\/div>\n<\/div>\n<p data-start=\"2230\" data-end=\"2379\">\n<\/div>\n<\/div>\n<\/div>\n<\/div>\n<\/div>\n<\/article>\n<\/div>\n<\/div>\n<\/div>\n<\/div>\n<\/div>\n<\/article>\n<\/div>\n<\/div>\n<\/div>\n<\/div>\n<\/div>\n<\/div>\n<\/div>\n<\/div>\n<\/div>\n<\/div>\n<\/article>\n<h1><span style=\"color: #ff0000;\"><span style=\"color: #0000ff;\">ULTIM&#8217;ORA<\/span> <span style=\"color: #000000;\">AUDIO dalle sette del mattino, ogni ora alla radio EDIZIONE DELLE SETTE<\/span><\/span><\/h1>\n<audio class=\"wp-audio-shortcode\" id=\"audio-484851-5\" preload=\"none\" style=\"width: 100%;\" controls=\"controls\"><source type=\"audio\/mpeg\" src=\"https:\/\/www.radiopiu.net\/wordpress\/wp-content\/uploads\/2025\/12\/giornale07-8.mp3?_=5\" \/><a href=\"https:\/\/www.radiopiu.net\/wordpress\/wp-content\/uploads\/2025\/12\/giornale07-8.mp3\">https:\/\/www.radiopiu.net\/wordpress\/wp-content\/uploads\/2025\/12\/giornale07-8.mp3<\/a><\/audio>\n<p>&nbsp;<\/p>\n<p>&nbsp;<\/p>\n<p>&nbsp;<\/p>\n<hr \/>\n<p>&nbsp;<\/p>\n<h1><span style=\"color: #ff0000;\"><a class=\"dt-pswp-item\" href=\"https:\/\/www.radiopiu.net\/wordpress\/wp-content\/uploads\/2024\/11\/8.jpg\" data-dt-img-description=\"\" data-large_image_width=\"180\" data-large_image_height=\"180\"><img loading=\"lazy\" decoding=\"async\" class=\"size-full wp-image-417910 alignleft\" src=\"https:\/\/www.radiopiu.net\/wordpress\/wp-content\/uploads\/2024\/11\/8.jpg\" alt=\"\" width=\"180\" height=\"180\" srcset=\"https:\/\/www.radiopiu.net\/wordpress\/wp-content\/uploads\/2024\/11\/8.jpg 180w, https:\/\/www.radiopiu.net\/wordpress\/wp-content\/uploads\/2024\/11\/8-150x150.jpg 150w\" sizes=\"auto, (max-width: 180px) 100vw, 180px\" \/><\/a>I podcast informativi del mattino &#8211; video &#8211;\u00a0<\/span><\/h1>\n<h2 style=\"text-align: left;\"><strong>RASSEGNA STAMPA LOCALE, ORE OTTO<\/strong><\/h2>\n<h2><strong> <span style=\"color: #0000ff;\">viene\u00a0 <\/span><\/strong><strong><span style=\"color: #0000ff;\">pubblicata alle 8.05 <span style=\"color: #ff0000;\">DIRETTA RADIO\u00a0 \u00a0<\/span><\/span><\/strong><strong>DI MIRKO MEZZACASA<\/strong><\/h2>\n<h1><span style=\"color: #ff0000;\"><strong>VIDEO\u00a0 \u00a0in diretta AGGIORNAMENTO\u00a0 dalle 8 del mattino\u00a0 \u00a0<\/strong><\/span><\/h1>\n<p>&nbsp;<\/p>\n<p>&nbsp;<\/p>\n\n\t\t\t<style type='text\/css'>\n\t\t\t\t#gallery-1 {\n\t\t\t\t\tmargin: auto;\n\t\t\t\t}\n\t\t\t\t#gallery-1 .gallery-item {\n\t\t\t\t\tfloat: left;\n\t\t\t\t\tmargin-top: 10px;\n\t\t\t\t\ttext-align: center;\n\t\t\t\t\twidth: 33%;\n\t\t\t\t}\n\t\t\t\t#gallery-1 img {\n\t\t\t\t\tborder: 2px solid #cfcfcf;\n\t\t\t\t}\n\t\t\t\t#gallery-1 .gallery-caption {\n\t\t\t\t\tmargin-left: 0;\n\t\t\t\t}\n\t\t\t\t\/* see gallery_shortcode() in wp-includes\/media.php *\/\n\t\t\t<\/style>\n\t\t<div id='gallery-1' class='dt-gallery-container gallery galleryid-484851 gallery-columns-3 gallery-size-medium'><dl class='gallery-item'>\n\t\t\t\t<dt class='gallery-icon landscape'>\n\t\t\t\t\t<a class=\"rollover rollover-zoom dt-pswp-item\" title=\"Screenshot 2025-12-10 051754\" data-dt-img-description=\"\" data-large_image_width=\"442\" data-large_image_height=\"217\"href='https:\/\/www.radiopiu.net\/wordpress\/wp-content\/uploads\/2025\/12\/Screenshot-2025-12-10-051754.png'><img loading=\"lazy\" decoding=\"async\" width=\"300\" height=\"147\" src=\"https:\/\/www.radiopiu.net\/wordpress\/wp-content\/uploads\/2025\/12\/Screenshot-2025-12-10-051754-300x147.png\" class=\"attachment-medium size-medium\" alt=\"\" srcset=\"https:\/\/www.radiopiu.net\/wordpress\/wp-content\/uploads\/2025\/12\/Screenshot-2025-12-10-051754-300x147.png 300w, https:\/\/www.radiopiu.net\/wordpress\/wp-content\/uploads\/2025\/12\/Screenshot-2025-12-10-051754.png 442w\" sizes=\"auto, (max-width: 300px) 100vw, 300px\" \/><\/a>\n\t\t\t\t<\/dt><\/dl><dl class='gallery-item'>\n\t\t\t\t<dt class='gallery-icon landscape'>\n\t\t\t\t\t<a class=\"rollover rollover-zoom dt-pswp-item\" title=\"Screenshot 2025-12-10 051728\" data-dt-img-description=\"\" data-large_image_width=\"534\" data-large_image_height=\"285\"href='https:\/\/www.radiopiu.net\/wordpress\/wp-content\/uploads\/2025\/12\/Screenshot-2025-12-10-051728.png'><img loading=\"lazy\" decoding=\"async\" width=\"300\" height=\"160\" src=\"https:\/\/www.radiopiu.net\/wordpress\/wp-content\/uploads\/2025\/12\/Screenshot-2025-12-10-051728-300x160.png\" class=\"attachment-medium size-medium\" alt=\"\" srcset=\"https:\/\/www.radiopiu.net\/wordpress\/wp-content\/uploads\/2025\/12\/Screenshot-2025-12-10-051728-300x160.png 300w, https:\/\/www.radiopiu.net\/wordpress\/wp-content\/uploads\/2025\/12\/Screenshot-2025-12-10-051728.png 534w\" sizes=\"auto, (max-width: 300px) 100vw, 300px\" \/><\/a>\n\t\t\t\t<\/dt><\/dl><dl class='gallery-item'>\n\t\t\t\t<dt class='gallery-icon landscape'>\n\t\t\t\t\t<a class=\"rollover rollover-zoom dt-pswp-item\" title=\"Screenshot 2025-12-10 051735\" data-dt-img-description=\"\" data-large_image_width=\"559\" data-large_image_height=\"257\"href='https:\/\/www.radiopiu.net\/wordpress\/wp-content\/uploads\/2025\/12\/Screenshot-2025-12-10-051735.png'><img loading=\"lazy\" decoding=\"async\" width=\"300\" height=\"138\" src=\"https:\/\/www.radiopiu.net\/wordpress\/wp-content\/uploads\/2025\/12\/Screenshot-2025-12-10-051735-300x138.png\" class=\"attachment-medium size-medium\" alt=\"\" srcset=\"https:\/\/www.radiopiu.net\/wordpress\/wp-content\/uploads\/2025\/12\/Screenshot-2025-12-10-051735-300x138.png 300w, https:\/\/www.radiopiu.net\/wordpress\/wp-content\/uploads\/2025\/12\/Screenshot-2025-12-10-051735.png 559w\" sizes=\"auto, (max-width: 300px) 100vw, 300px\" \/><\/a>\n\t\t\t\t<\/dt><\/dl><br style=\"clear: both\" \/>\n\t\t\t<\/div>\n\n<p><iframe loading=\"lazy\" title=\"DAL 1983 LA RASSEGNA STAMPA LOCALE di mirko mezzacasa. L&#039;ORIGINALE\" width=\"1200\" height=\"675\" src=\"https:\/\/www.youtube.com\/embed\/0XiOGMOTWUo?feature=oembed\" frameborder=\"0\" allow=\"accelerometer; autoplay; clipboard-write; encrypted-media; gyroscope; picture-in-picture; web-share\" referrerpolicy=\"strict-origin-when-cross-origin\" allowfullscreen><\/iframe><\/p>\n<hr \/>\n<p>&nbsp;<\/p>\n<p><strong class=\"photoswipe-wrapper\"><a class=\"dt-pswp-item pspw-wrap-ready\" href=\"https:\/\/www.radiopiu.net\/wordpress\/wp-content\/uploads\/2024\/11\/th-17.jpg\" data-dt-img-description=\"\" data-large_image_width=\"224\" data-large_image_height=\"180\"><img loading=\"lazy\" decoding=\"async\" class=\" wp-image-421610 alignleft\" src=\"https:\/\/www.radiopiu.net\/wordpress\/wp-content\/uploads\/2024\/11\/th-17.jpg\" alt=\"\" width=\"167\" height=\"134\" \/><\/a>ogni sera alle 19 le anticipazioni alla radio, quello che poi seguirete nel TELEGIORNALE BELLUNESE\u00a0 in onda alle 19.30 sul CANALE 10 del digitale terrestre.\u00a0\u00a0<\/strong><\/p>\n<p><b>\u00a0<\/b><\/p>\n<p>&nbsp;<\/p>\n<p>&nbsp;<\/p>\n<blockquote>\n<h2>ANTICIPAZIONI, DI fabio fioravanzi<\/h2>\n<audio class=\"wp-audio-shortcode\" id=\"audio-484851-6\" preload=\"none\" style=\"width: 100%;\" controls=\"controls\"><source type=\"audio\/mpeg\" src=\"https:\/\/www.radiopiu.net\/wordpress\/wp-content\/uploads\/2025\/12\/ANTENNA3-4.mp3?_=6\" \/><a href=\"https:\/\/www.radiopiu.net\/wordpress\/wp-content\/uploads\/2025\/12\/ANTENNA3-4.mp3\">https:\/\/www.radiopiu.net\/wordpress\/wp-content\/uploads\/2025\/12\/ANTENNA3-4.mp3<\/a><\/audio><\/blockquote>\n<h3><\/h3>\n<p>&nbsp;<\/p>\n<p>&nbsp;<\/p>\n<hr \/>\n<p>&nbsp;<\/p>\n<blockquote>\n<h3>VENERDI&#8217; SCIOPERO DEI TRASPORTI PUBBLICI<\/h3>\n<\/blockquote>\n<p><strong><a class=\"dt-pswp-item\" href=\"https:\/\/www.radiopiu.net\/wordpress\/wp-content\/uploads\/2025\/11\/DolomitiBus_02-300x127-1.png\" data-dt-img-description=\"\" data-large_image_width=\"300\" data-large_image_height=\"127\"><img loading=\"lazy\" decoding=\"async\" class=\" wp-image-479209 alignleft\" src=\"https:\/\/www.radiopiu.net\/wordpress\/wp-content\/uploads\/2025\/11\/DolomitiBus_02-300x127-1.png\" alt=\"\" width=\"165\" height=\"70\" \/><\/a>BELLUNO<\/strong> Venerd\u00ec 12 dicembre si terr\u00e0 uno sciopero nazionale generale di 24 ore indetto dalla CGIL. Dolomiti Bus S.p.A. comunica la propria adesione, informando che, secondo l\u2019accordo aziendale sulle prestazioni minime, saranno garantite due fasce orarie di servizio: dalle 5:40 alle 8:10 e dalle 12:10 alle 15:40. Le corse che partiranno prima dell\u2019inizio dello sciopero verranno svolte regolarmente e, una volta avviate, proseguiranno fino al capolinea. Il servizio torner\u00e0 pienamente operativo dal giorno successivo.<\/p>\n<p>&nbsp;<\/p>\n<hr \/>\n<p>&nbsp;<\/p>\n<blockquote>\n<h2>LUTTO PER LA SCOMPARSA DI FEDERICO NADAI, 22 ANNI<\/h2>\n<\/blockquote>\n<p><a class=\"dt-pswp-item\" href=\"https:\/\/www.radiopiu.net\/wordpress\/wp-content\/uploads\/2025\/12\/Screenshot-2025-12-10-045850-e1765339156457.png\" data-dt-img-description=\"\" data-large_image_width=\"165\" data-large_image_height=\"155\"><img loading=\"lazy\" decoding=\"async\" class=\"size-full wp-image-485117 alignleft\" src=\"https:\/\/www.radiopiu.net\/wordpress\/wp-content\/uploads\/2025\/12\/Screenshot-2025-12-10-045850-e1765339156457.png\" alt=\"\" width=\"165\" height=\"155\" \/><\/a>Tisoi e Bolzano Bellunese sono in lutto per la morte di Federico Nadai, 22 anni, deceduto dopo una lunga malattia diagnosticata in adolescenza. Figlio di Martina e Marco Nadai, titolari della Societ\u00e0 agricola Menin, Federico ha affrontato per anni cicli di terapia che non gli avevano impedito di studiare, lavorare e coltivare il disegno, la sua grande passione.<\/p>\n<p>La notizia ha profondamente colpito le due comunit\u00e0, che conoscevano la sua condizione. Lascia i genitori, il fratello Massimiliano, le nonne Rita e Anna e il nonno Lallo.<\/p>\n<p>I funerali saranno celebrati venerd\u00ec alle 12 nella chiesa parrocchiale di Tisoi, con successiva cremazione. La salma \u00e8 esposta alla casa del commiato Caldart:<br data-start=\"733\" data-end=\"736\" \/>\u2013 oggi e domani dalle 9.30 alle 11.30 e dalle 14.30 alle 17.30<br data-start=\"798\" data-end=\"801\" \/>\u2013 venerd\u00ec dalle 9 alle 11.30, prima della funzione.<\/p>\n<p><a class=\"dt-pswp-item\" href=\"https:\/\/www.radiopiu.net\/wordpress\/wp-content\/uploads\/2025\/12\/481982130_672876815305912_2679682056160903830_n.jpg\" data-dt-img-description=\"\" data-large_image_width=\"960\" data-large_image_height=\"767\"><img loading=\"lazy\" decoding=\"async\" class=\"wp-image-485128 size-medium aligncenter\" src=\"https:\/\/www.radiopiu.net\/wordpress\/wp-content\/uploads\/2025\/12\/481982130_672876815305912_2679682056160903830_n-300x240.jpg\" alt=\"\" width=\"300\" height=\"240\" srcset=\"https:\/\/www.radiopiu.net\/wordpress\/wp-content\/uploads\/2025\/12\/481982130_672876815305912_2679682056160903830_n-300x240.jpg 300w, https:\/\/www.radiopiu.net\/wordpress\/wp-content\/uploads\/2025\/12\/481982130_672876815305912_2679682056160903830_n-768x614.jpg 768w, https:\/\/www.radiopiu.net\/wordpress\/wp-content\/uploads\/2025\/12\/481982130_672876815305912_2679682056160903830_n.jpg 960w\" sizes=\"auto, (max-width: 300px) 100vw, 300px\" \/><\/a><\/p>\n<p>&nbsp;<\/p>\n<hr \/>\n<p>&nbsp;<\/p>\n<blockquote>\n<p data-start=\"0\" data-end=\"57\"><strong data-start=\"0\" data-end=\"57\"><a class=\"dt-pswp-item\" href=\"https:\/\/www.radiopiu.net\/wordpress\/wp-content\/uploads\/2018\/07\/SOSPIROLO.jpg\" data-dt-img-description=\"\" data-large_image_width=\"266\" data-large_image_height=\"190\"><img loading=\"lazy\" decoding=\"async\" class=\"wp-image-54927 alignleft\" src=\"https:\/\/www.radiopiu.net\/wordpress\/wp-content\/uploads\/2018\/07\/SOSPIROLO.jpg\" alt=\"\" width=\"188\" height=\"134\" \/><\/a> 41ENNE TROVATO MORTO\u00a0 IN CASA<\/strong><\/p>\n<\/blockquote>\n<p><strong>SOSPIROLO\u00a0<\/strong> Tragedia a Sospirolo, dove un uomo di 41 anni, E.B., \u00e8 stato trovato senza vita dal fratello nella notte tra sabato e domenica. Erano circa le 2.30 quando il familiare ha dato l\u2019allarme al 118, ma i sanitari non hanno potuto fare altro che constatare il decesso: l\u2019uomo non respirava pi\u00f9. Sul posto anche i carabinieri e il medico legale. Il sostituto procuratore Marta Tollardo ha disposto l\u2019ispezione cadaverica, poi la salma \u00e8 stata restituita ai familiari.<\/p>\n<p>&nbsp;<\/p>\n<p>&nbsp;<\/p>\n<hr \/>\n<p>&nbsp;<\/p>\n<p>&nbsp;<\/p>\n<blockquote>\n<p data-start=\"0\" data-end=\"78\"><strong data-start=\"0\" data-end=\"78\">L&#8217;ADDIO AD ELISA, OGGI I FUNERALI\u00a0 A LONGARONE<\/strong><\/p>\n<\/blockquote>\n<p>Oggi alle <strong data-start=\"90\" data-end=\"99\">15:30<\/strong> si tengono a Longarone i funerali di <strong data-start=\"137\" data-end=\"155\">Elisa De Paris<\/strong>, 33 anni, residente a Fa\u00e8 di Longarone, vittima dello schianto sulla statale 51 avvenuto mercoled\u00ec notte. Elisa, madre di due bambini e impiegata al Bar Bianco, perde la vita nello scontro frontale tra due auto, conclusosi tragicamente nonostante l\u2019intervento tempestivo dei soccorsi.\u00a0L\u2019incidente ha suscitato profonda commozione nel paese, che oggi si stringe attorno alla famiglia per dare l\u2019ultimo saluto.<\/p>\n<p><a class=\"dt-pswp-item pspw-wrap-ready\" href=\"https:\/\/www.radiopiu.net\/wordpress\/wp-content\/uploads\/2025\/12\/Screenshot-2025-12-06-051358.png\" data-dt-img-description=\"\" data-large_image_width=\"353\" data-large_image_height=\"313\"><img loading=\"lazy\" decoding=\"async\" class=\" wp-image-484259 alignleft\" src=\"https:\/\/www.radiopiu.net\/wordpress\/wp-content\/uploads\/2025\/12\/Screenshot-2025-12-06-051358-300x266.png\" sizes=\"auto, (max-width: 175px) 100vw, 175px\" srcset=\"https:\/\/www.radiopiu.net\/wordpress\/wp-content\/uploads\/2025\/12\/Screenshot-2025-12-06-051358-300x266.png 300w, https:\/\/www.radiopiu.net\/wordpress\/wp-content\/uploads\/2025\/12\/Screenshot-2025-12-06-051358.png 353w\" alt=\"\" width=\"175\" height=\"155\" \/><\/a><\/p>\n<article class=\"text-token-text-primary w-full focus:outline-none [--shadow-height:45px] has-data-writing-block:pointer-events-none has-data-writing-block:-mt-(--shadow-height) has-data-writing-block:pt-(--shadow-height) [&amp;:has([data-writing-block])&gt;*]:pointer-events-auto scroll-mt-[calc(var(--header-height)+min(200px,max(70px,20svh)))]\" dir=\"auto\" tabindex=\"-1\" data-turn-id=\"request-WEB:338e7830-4231-4476-a5f7-576773a448af-93\" data-testid=\"conversation-turn-188\" data-scroll-anchor=\"true\" data-turn=\"assistant\">\n<div class=\"text-base my-auto mx-auto pb-10 [--thread-content-margin:--spacing(4)] thread-sm:[--thread-content-margin:--spacing(6)] thread-lg:[--thread-content-margin:--spacing(16)] px-(--thread-content-margin)\">\n<div class=\"[--thread-content-max-width:40rem] thread-lg:[--thread-content-max-width:48rem] mx-auto max-w-(--thread-content-max-width) flex-1 group\/turn-messages focus-visible:outline-hidden relative flex w-full min-w-0 flex-col agent-turn\" tabindex=\"-1\">\n<div class=\"flex max-w-full flex-col grow\">\n<div class=\"min-h-8 text-message relative flex w-full flex-col items-end gap-2 text-start break-words whitespace-normal [.text-message+&amp;]:mt-1\" dir=\"auto\" data-message-author-role=\"assistant\" data-message-id=\"829ad7c2-083c-42de-aba1-5cd4e90206de\" data-message-model-slug=\"gpt-5-1\">\n<div class=\"flex w-full flex-col gap-1 empty:hidden first:pt-[1px]\">\n<div class=\"markdown prose dark:prose-invert w-full break-words dark markdown-new-styling\">\u201cVoglio ricordarti com\u2019eri,<br data-start=\"77\" data-end=\"80\" \/>pensare che ancora vivi,<br data-start=\"104\" data-end=\"107\" \/>che come allora mi ascolti e ancora sorridi.\u201dLongarone piange Elisa De Paris, strappata alla vita all\u2019improvviso a soli 33 anni. Un dolore che attraversa la comunit\u00e0 come un vento gelido, lasciando senza fiato chi l\u2019ha amata, chi l\u2019ha conosciuta, chi ha incrociato anche solo per un momento il suo sorriso gentile. A darne il triste annuncio sono gli adorati figli Samuel ed Erik, il compagno Damir, la mamma Renata con Franco, il fratello Davide, la nonna Giulietta, zii, zie, cugini, amici e tutti coloro che oggi si stringono in un abbraccio che vorrebbe essere infinito. Elisa lascia un vuoto che nessuna parola pu\u00f2 colmare: era luce, era presenza discreta e buona, era forza giovane che camminava nel mondo con un sorriso capace di accendere quello degli altri. E cos\u00ec la vogliono ricordare: viva, luminosa, vicina. Le esequie saranno celebrate mercoled\u00ec 10 dicembre alle 15.30 nella Chiesa Arcipretale di Longarone, poi il commiato proseguir\u00e0 con la cremazione. Chi vorr\u00e0 salutarla potr\u00e0 farlo presso la Casa Funeraria De Dea Gelisio in via Sarajevo 1 a Belluno: \u2013 Sabato 9.00 \u2013 12.00 \u2013 Marted\u00ec 9.00 \u2013 12.00 e 15.00 \u2013 18.00 \u2013 Mercoled\u00ec 9.00 \u2013 12.00 Nel dolore profondo di chi resta, resta forte anche la gratitudine per ci\u00f2 che Elisa \u00e8 stata. Perch\u00e9 chi ha donato amore non se ne va mai davvero. Rimane nei gesti, nei ricordi, negli occhi dei suoi bambini, e in ogni sorriso che continuer\u00e0 a nascere pensando a lei.<\/div>\n<div><\/div>\n<div><\/div>\n<div><\/div>\n<\/div>\n<\/div>\n<\/div>\n<\/div>\n<\/div>\n<\/article>\n<hr \/>\n<blockquote>\n<h3><\/h3>\n<h3>\u00a0OGGI I FUNERALI\u00a0 DI AMELIA<\/h3>\n<p><img loading=\"lazy\" decoding=\"async\" class=\"alignleft\" src=\"https:\/\/www.radiopiu.net\/wordpress\/wp-content\/uploads\/2025\/12\/a1bd77ea-99e7-4707-a3b5-877015937c4b.jpg\" width=\"162\" height=\"155\" \/><\/p><\/blockquote>\n<p>&nbsp;<\/p>\n<p><strong>LA VALLE<\/strong>\u00a0 Si svolgeranno oggi alle 14.30 i funerali di Amelia Molin Pradel in De Nardin, mancata a 78 anni. Ne danno il triste annuncio il marito Nino &#8220;Belot&#8221;, i figli Nada, Walter, Cristian, il genero, nuore nipoti e pronipoti, sorelle cognati e parenti.<\/p>\n<p>&nbsp;<\/p>\n<p>&nbsp;<\/p>\n<p><em>Amelia Molin Pradel, nata a Goima il 24 gennaio 1947 e mancata il 7 dicembre 2025, lascia un vuoto profondo in tutti coloro che l\u2019hanno conosciuta e amata. Sposata l\u20198 novembre 1969 con Giovanni De Nardin \u201cNino Belot, \u00e8 stata per tutta la vita un pilastro solido e affettuoso della sua famiglia, che oggi la ricorda con immensa gratitudine<\/em><\/p>\n<p><span style=\"color: #ff0000;\"><strong>IERI ALLA RADIO<\/strong><\/span><br \/>\n<span style=\"color: #ff0000;\"><strong>di mirko mezzacasa<\/strong><\/span><\/p>\n<blockquote class=\"wp-embedded-content\" data-secret=\"gtVtZ3aCqw\"><p><a href=\"https:\/\/www.radiopiu.net\/wordpress\/amelia-molin-pradel-si-e-spenta-una-vita-dedicata-alla-famiglia\/\">AMELIA MOLIN PRADEL:  OGGI I FUNERALI AD AGORDO<\/a><\/p><\/blockquote>\n<p><iframe loading=\"lazy\" class=\"wp-embedded-content\" sandbox=\"allow-scripts\" security=\"restricted\" style=\"position: absolute; visibility: hidden;\" title=\"&#8220;AMELIA MOLIN PRADEL:  OGGI I FUNERALI AD AGORDO&#8221; &#8212; Radio Pi\u00f9\" src=\"https:\/\/www.radiopiu.net\/wordpress\/amelia-molin-pradel-si-e-spenta-una-vita-dedicata-alla-famiglia\/embed\/#?secret=RAhqtsaK3M#?secret=gtVtZ3aCqw\" data-secret=\"gtVtZ3aCqw\" width=\"600\" height=\"338\" frameborder=\"0\" marginwidth=\"0\" marginheight=\"0\" scrolling=\"no\"><\/iframe><\/p>\n<hr \/>\n<blockquote>\n<h3><\/h3>\n<h3>DOMANI, IL SALUTO DI UNA VALLATA AD ALVISE<\/h3>\n<\/blockquote>\n<p><a class=\"dt-pswp-item pspw-wrap-ready\" href=\"https:\/\/www.radiopiu.net\/wordpress\/wp-content\/uploads\/2025\/12\/Senza-nome-e1765268935236.png\" data-dt-img-description=\"\" data-large_image_width=\"341\" data-large_image_height=\"209\"><img loading=\"lazy\" decoding=\"async\" class=\" wp-image-484728 alignleft\" src=\"https:\/\/www.radiopiu.net\/wordpress\/wp-content\/uploads\/2025\/12\/Senza-nome-e1765268935236-300x184.png\" sizes=\"auto, (max-width: 202px) 100vw, 202px\" srcset=\"https:\/\/www.radiopiu.net\/wordpress\/wp-content\/uploads\/2025\/12\/Senza-nome-e1765268935236-300x184.png 300w, https:\/\/www.radiopiu.net\/wordpress\/wp-content\/uploads\/2025\/12\/Senza-nome-e1765268935236.png 341w\" alt=\"\" width=\"202\" height=\"124\" \/><\/a>Si svolgeranno domani\u00a0 alle 14.30, nella Chiesa Parrocchiale di Taibon Agordino, i funerali di Alvise Tomaselli, scomparso il 7 dicembre all\u2019et\u00e0 di 64 anni, amorevolmente assistito dai suoi cari dopo una breve malattia. Alvise, volto noto e stimato tra Sedico e l\u2019Agordino, lascia la moglie Marisa, il figlio Andrea, la mamma Clara, i fratelli Valter, Remis e Manuela, i cognati, le cognate, i nipoti e tutti i parenti che in questi giorni ne piangono la perdita. La salma sar\u00e0 presente in chiesa dalle 14.00 per la recita del Santo Rosario. Al termine delle esequie il corteo proseguir\u00e0 verso il cimitero di Taibon Agordino. La famiglia rivolge un sincero ringraziamento ai reparti di Oncologia e Gastroenterologia dell\u2019Ospedale di Feltre e al reparto di Medicina dell\u2019Ospedale di Belluno per le cure e la vicinanza dimostrate. In luogo dei fiori, eventuali offerte potranno essere devolute alla Fondazione A.I.R.C., a sostegno della ricerca.<\/p>\n<p>&nbsp;<\/p>\n<hr \/>\n<p>&nbsp;<\/p>\n<blockquote>\n<h3>ESCURSIONISTA COLTO DA MALORE SUL TROI DEL MUT<\/h3>\n<\/blockquote>\n<p><strong><a class=\"dt-pswp-item\" href=\"https:\/\/www.radiopiu.net\/wordpress\/wp-content\/uploads\/2025\/07\/LOGO_NEW_BELLUNO.jpg\" data-dt-img-description=\"\" data-large_image_width=\"1600\" data-large_image_height=\"1131\"><img loading=\"lazy\" decoding=\"async\" class=\" wp-image-461728 alignleft\" src=\"https:\/\/www.radiopiu.net\/wordpress\/wp-content\/uploads\/2025\/07\/LOGO_NEW_BELLUNO-300x212.jpg\" alt=\"\" width=\"116\" height=\"82\" srcset=\"https:\/\/www.radiopiu.net\/wordpress\/wp-content\/uploads\/2025\/07\/LOGO_NEW_BELLUNO-300x212.jpg 300w, https:\/\/www.radiopiu.net\/wordpress\/wp-content\/uploads\/2025\/07\/LOGO_NEW_BELLUNO-1024x724.jpg 1024w, https:\/\/www.radiopiu.net\/wordpress\/wp-content\/uploads\/2025\/07\/LOGO_NEW_BELLUNO-768x543.jpg 768w, https:\/\/www.radiopiu.net\/wordpress\/wp-content\/uploads\/2025\/07\/LOGO_NEW_BELLUNO-1536x1086.jpg 1536w, https:\/\/www.radiopiu.net\/wordpress\/wp-content\/uploads\/2025\/07\/LOGO_NEW_BELLUNO.jpg 1600w\" sizes=\"auto, (max-width: 116px) 100vw, 116px\" \/><\/a>BELLUNO<\/strong> La Centrale del 118 \u00e8 stata contatta da un escursionista che, dopo aver fatto una camminata lungo il Troi del Mut, nel rientrare verso la sterrata della Calmada si era sentito poco bene ed era stato colto da una crisi di panico. Una squadra del Soccorso alpino di Belluno gli \u00e8 andata incontro e lo ha incrociato che stava lentamente scendendo verso l&#8217;abitato di Sossai. Il 41enne di Noale \u00e8 stato quindi accompagnato al pronto soccorso per i dovuti controlli.<\/p>\n<p>&nbsp;<\/p>\n<p>&nbsp;<\/p>\n<hr \/>\n<p>&nbsp;<\/p>\n<blockquote>\n<h3><a class=\"dt-pswp-item\" href=\"https:\/\/www.radiopiu.net\/wordpress\/wp-content\/uploads\/2025\/12\/Screenshot-2025-12-09-093337.png\" data-dt-img-description=\"\" data-large_image_width=\"634\" data-large_image_height=\"494\"><img loading=\"lazy\" decoding=\"async\" class=\"wp-image-484933 alignleft\" src=\"https:\/\/www.radiopiu.net\/wordpress\/wp-content\/uploads\/2025\/12\/Screenshot-2025-12-09-093337-300x234.png\" alt=\"\" width=\"205\" height=\"160\" srcset=\"https:\/\/www.radiopiu.net\/wordpress\/wp-content\/uploads\/2025\/12\/Screenshot-2025-12-09-093337-300x234.png 300w, https:\/\/www.radiopiu.net\/wordpress\/wp-content\/uploads\/2025\/12\/Screenshot-2025-12-09-093337.png 634w\" sizes=\"auto, (max-width: 205px) 100vw, 205px\" \/><\/a>IERI DI NUOVO IL CAOS, OGGI L&#8217;INCONTRO CON ANAS<\/h3>\n<\/blockquote>\n<p><em>VALLE DI CADORE: UN&#8217;ALTRA MATTINATA DI PASSIONE<\/em><\/p>\n<p>&nbsp;<\/p>\n<p><strong>AUDIO, PER LE TRE RADIO &#8211; BARBARA PAOLAZZI<\/strong><\/p>\n<audio class=\"wp-audio-shortcode\" id=\"audio-484851-7\" preload=\"none\" style=\"width: 100%;\" controls=\"controls\"><source type=\"audio\/mpeg\" src=\"https:\/\/www.radiopiu.net\/wordpress\/wp-content\/uploads\/2025\/12\/PAOLAZZI-DISAGI-VIABILITA.mp3?_=7\" \/><a href=\"https:\/\/www.radiopiu.net\/wordpress\/wp-content\/uploads\/2025\/12\/PAOLAZZI-DISAGI-VIABILITA.mp3\">https:\/\/www.radiopiu.net\/wordpress\/wp-content\/uploads\/2025\/12\/PAOLAZZI-DISAGI-VIABILITA.mp3<\/a><\/audio>\n<p><a class=\"dt-pswp-item\" href=\"https:\/\/www.radiopiu.net\/wordpress\/wp-content\/uploads\/2025\/12\/2024-12-Imbocco-Valle-di-Cadore-ovest-scaled.jpg\" data-dt-img-description=\"\" data-large_image_width=\"2560\" data-large_image_height=\"1438\"><img loading=\"lazy\" decoding=\"async\" class=\"size-medium wp-image-485035 aligncenter\" src=\"https:\/\/www.radiopiu.net\/wordpress\/wp-content\/uploads\/2025\/12\/2024-12-Imbocco-Valle-di-Cadore-ovest-300x168.jpg\" alt=\"\" width=\"300\" height=\"168\" srcset=\"https:\/\/www.radiopiu.net\/wordpress\/wp-content\/uploads\/2025\/12\/2024-12-Imbocco-Valle-di-Cadore-ovest-300x168.jpg 300w, https:\/\/www.radiopiu.net\/wordpress\/wp-content\/uploads\/2025\/12\/2024-12-Imbocco-Valle-di-Cadore-ovest-1024x575.jpg 1024w, https:\/\/www.radiopiu.net\/wordpress\/wp-content\/uploads\/2025\/12\/2024-12-Imbocco-Valle-di-Cadore-ovest-768x431.jpg 768w, https:\/\/www.radiopiu.net\/wordpress\/wp-content\/uploads\/2025\/12\/2024-12-Imbocco-Valle-di-Cadore-ovest-1536x863.jpg 1536w, https:\/\/www.radiopiu.net\/wordpress\/wp-content\/uploads\/2025\/12\/2024-12-Imbocco-Valle-di-Cadore-ovest-2048x1150.jpg 2048w\" sizes=\"auto, (max-width: 300px) 100vw, 300px\" \/><\/a><\/p>\n<hr \/>\n<div id=\"title\" class=\"style-scope ytd-watch-metadata\">\n<h1><\/h1>\n<blockquote>\n<h3 class=\"style-scope ytd-watch-metadata\">GIUNTA REGIONALE, DAL BEN SI CHIAMA FUORI, STEFANI: \u00abSQUADRA PRONTA ALL&#8217;80%\u00bb | 02\/12\/2025<\/h3>\n<\/blockquote>\n<\/div>\n<div id=\"top-row\" class=\"style-scope ytd-watch-metadata\">\n<div id=\"owner\" class=\"item style-scope ytd-watch-metadata\"><\/div>\n<\/div>\n<p><em><span style=\"color: #ff0000;\">&#8220;LE NOTIZIE PRIVE DI FONDAMENTO&#8221;<\/span> non usa mezze parole il Direttore Generale della Ulss, piuttosto sorride circa la notizia riportata dalla stampa locale alcuni giorni scorsi. Il suo nome era stato dato in pole position per l&#8217;assessorato alla sanit\u00e0 in Regione. &#8220;Notizia priva di fondamento, non mi scompongo, l&#8217;ho letta anch&#8217;io sul giornale e ci ho fatto una risata sopra&#8221;<\/em><\/p>\n<div id=\"expanded\" class=\"style-scope ytd-text-inline-expander\"><span class=\"yt-core-attributed-string yt-core-attributed-string--white-space-pre-wrap\" dir=\"auto\"><span class=\"yt-core-attributed-string--link-inherit-color\" dir=\"auto\">Intervistati GIUSEPPE DAL BEN (Direttore generale Azienda Ospedale-Universit\u00e0 Padova), ALBERTO STEFANI (Presidente Regione Veneto) (Servizio di Redazione Medianordest) &#8211; Segui Antenna Tre anche sul digitale terrestre! Visita il sito <\/span><span class=\"yt-core-attributed-string--link-inherit-color\" dir=\"auto\"><a class=\"yt-core-attributed-string__link yt-core-attributed-string__link--call-to-action-color\" tabindex=\"0\" href=\"https:\/\/www.youtube.com\/redirect?event=video_description&amp;redir_token=QUFFLUhqbUhlM2ZEYk5iNmVzZkY1MFNxRXdsNUNjc2RQQXxBQ3Jtc0ttZ0U0UmJRb0ppM2dNZHFmSFpEb1lPOUc4RDZ6alIxeDhUMlVkaU9IZDJpdmdfa1VQWDktWUxyZ1FyZkZfWUU5Vmhma01RV0tXNTVncFg1Ql81Mlo0NXBpeVZMRGU0aEM1bWtpSUdaOWljaU9PNFZYdw&amp;q=https%3A%2F%2Fantennatre.medianordest.it%2F&amp;v=t__HOX2vvgk\" target=\"_blank\" rel=\"nofollow noopener\">https:\/\/antennatre.medianordest.it<\/a><\/span><\/span><\/div>\n<div id=\"snippet\" class=\"style-scope ytd-text-inline-expander\"><\/div>\n<div class=\"style-scope ytd-watch-metadata\"><\/div>\n<p><iframe loading=\"lazy\" title=\"GIUNTA REGIONALE, DAL BEN SI CHIAMA FUORI, STEFANI: \u00abSQUADRA PRONTA ALL&#039;80%\u00bb | 02\/12\/2025\" width=\"1200\" height=\"675\" src=\"https:\/\/www.youtube.com\/embed\/t__HOX2vvgk?feature=oembed\" frameborder=\"0\" allow=\"accelerometer; autoplay; clipboard-write; encrypted-media; gyroscope; picture-in-picture; web-share\" referrerpolicy=\"strict-origin-when-cross-origin\" allowfullscreen><\/iframe><\/p>\n<p>&nbsp;<\/p>\n<p>&nbsp;<\/p>\n<hr \/>\n<blockquote>\n<p data-start=\"0\" data-end=\"70\"><strong data-start=\"0\" data-end=\"70\"><a class=\"dt-pswp-item\" href=\"https:\/\/www.radiopiu.net\/wordpress\/wp-content\/uploads\/2022\/12\/e39c9f2e-dbd0-4b58-9a76-1dbeffa76c0d.jpg\" data-dt-img-description=\"PASSO CAMPOLONGO ORE 8\" data-large_image_width=\"1280\" data-large_image_height=\"915\"><img loading=\"lazy\" decoding=\"async\" class=\" wp-image-310561 alignleft\" src=\"https:\/\/www.radiopiu.net\/wordpress\/wp-content\/uploads\/2022\/12\/e39c9f2e-dbd0-4b58-9a76-1dbeffa76c0d-300x214.jpg\" alt=\"\" width=\"179\" height=\"128\" srcset=\"https:\/\/www.radiopiu.net\/wordpress\/wp-content\/uploads\/2022\/12\/e39c9f2e-dbd0-4b58-9a76-1dbeffa76c0d-300x214.jpg 300w, https:\/\/www.radiopiu.net\/wordpress\/wp-content\/uploads\/2022\/12\/e39c9f2e-dbd0-4b58-9a76-1dbeffa76c0d-1024x732.jpg 1024w, https:\/\/www.radiopiu.net\/wordpress\/wp-content\/uploads\/2022\/12\/e39c9f2e-dbd0-4b58-9a76-1dbeffa76c0d-768x549.jpg 768w, https:\/\/www.radiopiu.net\/wordpress\/wp-content\/uploads\/2022\/12\/e39c9f2e-dbd0-4b58-9a76-1dbeffa76c0d.jpg 1280w\" sizes=\"auto, (max-width: 179px) 100vw, 179px\" \/><\/a>TELECAMERE SUI PASSI DOLOMITICI, L\u2019ORDINANZA DEL GARANTE \u00c8 SOSPESA<\/strong><\/p>\n<\/blockquote>\n<p data-start=\"72\" data-end=\"309\">La Provincia di Bolzano comunica che l\u2019ordinanza-ingiunzione del Garante della Privacy sulle rilevazioni delle auto ai passi dolomitici \u2013 inclusi Pordoi e Campolongo \u2013 \u00e8 stata opposta il 6 novembre ed \u00e8 oggi sub iudice. Il Tribunale competente ha disposto la sospensione del provvedimento, che di fatto mantiene attive le telecamere installate per monitorare i flussi di traffico. Il Garante, preso atto della sospensione, ha rimosso l\u2019ordinanza dal proprio sito.<\/p>\n<p>&nbsp;<\/p>\n<p>&nbsp;<\/p>\n<hr \/>\n<p>&nbsp;<\/p>\n<blockquote>\n<h3>TAVOLO REGIONALE SU CASSA INTEGRAZIONE CERAMICA DOLOMITE<\/h3>\n<\/blockquote>\n<p><strong><a class=\"dt-pswp-item\" href=\"https:\/\/www.radiopiu.net\/wordpress\/wp-content\/uploads\/2024\/07\/CERAMICA-DOLOMITE.png\" data-dt-img-description=\"\" data-large_image_width=\"914\" data-large_image_height=\"560\"><img loading=\"lazy\" decoding=\"async\" class=\" wp-image-400547 alignleft\" src=\"https:\/\/www.radiopiu.net\/wordpress\/wp-content\/uploads\/2024\/07\/CERAMICA-DOLOMITE-300x184.png\" alt=\"\" width=\"204\" height=\"125\" srcset=\"https:\/\/www.radiopiu.net\/wordpress\/wp-content\/uploads\/2024\/07\/CERAMICA-DOLOMITE-300x184.png 300w, https:\/\/www.radiopiu.net\/wordpress\/wp-content\/uploads\/2024\/07\/CERAMICA-DOLOMITE-768x471.png 768w, https:\/\/www.radiopiu.net\/wordpress\/wp-content\/uploads\/2024\/07\/CERAMICA-DOLOMITE.png 914w\" sizes=\"auto, (max-width: 204px) 100vw, 204px\" \/><\/a>VENEZIA <\/strong>Il tavolo regionale ha esaminato l\u2019accordo necessario per avviare la cassa integrazione straordinaria per lo stabilimento Ceramica Dolomite di Borgo Valbelluna. Presenti Regione Veneto, Unit\u00e0 di crisi, azienda, consulenti e sindacati. \u00c8 stato firmato un accordo che introduce un anno di cassa integrazione per riorganizzazione a favore dei 324 lavoratori. Il piano prevede investimenti per 4,3 milioni nel 2026, insieme a percorsi formativi e politiche attive regionali volte al ricollocamento di chi accetter\u00e0 l\u2019incentivo all\u2019esodo, ancora da definire. Per approfondire gli aspetti del Piano Industriale sono fissati due incontri tra azienda e sindacati l\u20198 e il 9 gennaio 2026; un nuovo tavolo regionale si terr\u00e0 nella seconda met\u00e0 di gennaio.<\/p>\n<p>&nbsp;<\/p>\n<p>&nbsp;<\/p>\n<hr \/>\n<p>&nbsp;<\/p>\n<blockquote>\n<h3>NUOVE VARIANTI ANAS PER MIGLIORARE LA VIABILIT\u00c0 OLIMPICA<\/h3>\n<\/blockquote>\n<p><strong><a class=\"dt-pswp-item\" href=\"https:\/\/www.radiopiu.net\/wordpress\/wp-content\/uploads\/2025\/12\/2024-12-Imbocco-Valle-di-Cadore-ovest-scaled.jpg\" data-dt-img-description=\"\" data-large_image_width=\"2560\" data-large_image_height=\"1438\"><img loading=\"lazy\" decoding=\"async\" class=\" wp-image-485035 alignleft\" src=\"https:\/\/www.radiopiu.net\/wordpress\/wp-content\/uploads\/2025\/12\/2024-12-Imbocco-Valle-di-Cadore-ovest-300x168.jpg\" alt=\"\" width=\"152\" height=\"85\" srcset=\"https:\/\/www.radiopiu.net\/wordpress\/wp-content\/uploads\/2025\/12\/2024-12-Imbocco-Valle-di-Cadore-ovest-300x168.jpg 300w, https:\/\/www.radiopiu.net\/wordpress\/wp-content\/uploads\/2025\/12\/2024-12-Imbocco-Valle-di-Cadore-ovest-1024x575.jpg 1024w, https:\/\/www.radiopiu.net\/wordpress\/wp-content\/uploads\/2025\/12\/2024-12-Imbocco-Valle-di-Cadore-ovest-768x431.jpg 768w, https:\/\/www.radiopiu.net\/wordpress\/wp-content\/uploads\/2025\/12\/2024-12-Imbocco-Valle-di-Cadore-ovest-1536x863.jpg 1536w, https:\/\/www.radiopiu.net\/wordpress\/wp-content\/uploads\/2025\/12\/2024-12-Imbocco-Valle-di-Cadore-ovest-2048x1150.jpg 2048w\" sizes=\"auto, (max-width: 152px) 100vw, 152px\" \/><\/a>REDAZIONE <\/strong>Prosegue il potenziamento della viabilit\u00e0 nei territori olimpici grazie agli interventi di ANAS, in coordinamento con MIT e SIMICO, per supportare Milano Cortina 2026. Le opere, concentrate in Veneto, puntano a superare nodi storici, migliorare l\u2019accessibilit\u00e0 dolomitica e garantire collegamenti pi\u00f9 sicuri e resilienti. A gennaio apriranno due varianti chiave. La Variante di Tai di Cadore prevede una nuova galleria a doppia corsia che bypassa l\u2019abitato, integra tecnologie avanzate e riorganizza la pista ciclabile. La Variante di Valle di Cadore, con una galleria di 800 metri, eliminer\u00e0 la storica strozzatura urbana. Gli investimenti olimpici lasciano cos\u00ec un\u2019eredit\u00e0 duratura per sicurezza, mobilit\u00e0 e qualit\u00e0 ambientale, trasformando esigenze locali in infrastrutture strategiche.<\/p>\n<p>&nbsp;<\/p>\n<p>&nbsp;<\/p>\n<hr \/>\n<p>&nbsp;<\/p>\n<p><strong>OGGI LA GIUDIZIARIA<\/strong><br \/>\n<strong>DAL CORRIERE DELLE ALPI &#8211; SINTESI<\/strong><\/p>\n<blockquote>\n<p data-start=\"0\" data-end=\"63\"><strong data-start=\"0\" data-end=\"63\">PERIZIA SULL\u2019INCIDENTE MORTALE DI GIUSEPPE FONTANA<\/strong><\/p>\n<\/blockquote>\n<p data-start=\"0\" data-end=\"63\"><strong>BELLUNO<\/strong>\u00a0 La Procura\u00a0 ha disposto una perizia sull\u2019incidente in cui, a fine novembre, \u00e8 morto Giuseppe Fontana, travolto da un\u2019Audi mentre procedeva in bicicletta verso Alpago. Il fascicolo per omicidio stradale \u00e8 un atto dovuto: non \u00e8 escluso che il ciclista si sia spostato verso il centro della carreggiata, causando il tamponamento. La Polstrada ha gi\u00e0 consegnato i rilievi, negatO l\u2019alcoltest e sequestrato il cellulare del conducente per verificare eventuali distrazioni. L\u2019automobilista, difeso dall\u2019avvocato Giorgio Gasperin, potr\u00e0 nominare un proprio consulente. La perizia dovr\u00e0 chiarire definitivamente la dinamica dello schianto (Gigi Sosso)<\/p>\n<p>&nbsp;<\/p>\n<blockquote>\n<p data-start=\"0\" data-end=\"57\"><strong data-start=\"0\" data-end=\"57\">FALSE POLIZZE RCA, COINVOLTI ANCHE SOVERZENE E LIMANA<\/strong><\/p>\n<\/blockquote>\n<p data-start=\"59\" data-end=\"385\"><strong>LIMANA<\/strong> L\u2019indagine della Polstrada di Treviso sulle polizze Rca stipulate con documenti falsi \u00e8 ormai di portata nazionale. Il sistema permetteva a clienti campani di ottenere assicurazioni a prezzi molto pi\u00f9 bassi dichiarando false residenze in Veneto e Friuli. Tra i comuni utilizzati compaiono anche Soverzene e Limana. Il primo filone conta 54 imputati, per cui la procura di Roma ha chiesto il rinvio a giudizio; un secondo filone, ancora pi\u00f9 ampio, ha portato alla chiusura delle indagini su numerosi altri \u201cfurbetti\u201d. La truffa \u00e8 emersa nel 2022 grazie alle anomalie segnalate da Sara Assicurazioni: documenti presentati online con firma elettronica e numeri di telefono ricorrenti. Cinque persone sono accusate di associazione per delinquere, gli altri sono i contraenti che beneficiavano delle tariffe ridotte (Marco Filippi)<\/p>\n<blockquote>\n<p data-start=\"0\" data-end=\"96\"><strong data-start=\"0\" data-end=\"96\"><a class=\"dt-pswp-item\" href=\"https:\/\/www.radiopiu.net\/wordpress\/wp-content\/uploads\/2022\/01\/POLIZIA-POSTALE.jpg\" data-dt-img-description=\"\" data-large_image_width=\"640\" data-large_image_height=\"453\"><img loading=\"lazy\" decoding=\"async\" class=\" wp-image-255173 alignleft\" src=\"https:\/\/www.radiopiu.net\/wordpress\/wp-content\/uploads\/2022\/01\/POLIZIA-POSTALE-300x212.jpg\" alt=\"\" width=\"218\" height=\"154\" srcset=\"https:\/\/www.radiopiu.net\/wordpress\/wp-content\/uploads\/2022\/01\/POLIZIA-POSTALE-300x212.jpg 300w, https:\/\/www.radiopiu.net\/wordpress\/wp-content\/uploads\/2022\/01\/POLIZIA-POSTALE.jpg 640w\" sizes=\"auto, (max-width: 218px) 100vw, 218px\" \/><\/a>SCOPERTE CENTINAIA DI IMMAGINI PEDOPORNOGRAFICHE NEL TELEFONO: INDAGINE TRASFERITA A VENEZIA<\/strong><\/p>\n<\/blockquote>\n<p data-start=\"59\" data-end=\"385\"><strong>CADORE <\/strong>Dopo un arresto per droga, un\u2019indagine della Squadra Mobile ha assunto contorni ben pi\u00f9 gravi. Nel telefono sequestrato a un indagato \u2014 fermato lo scorso luglio insieme a due complici con cocaina, eroina e materiale per il confezionamento \u2014 gli investigatori hanno trovato centinaia di foto pedopornografiche, immagini esplicite con minorenni. Il rinvenimento ha immediatamente cambiato la competenza del fascicolo: non pi\u00f9 la Procura di Belluno, ma quella distrettuale di Venezia, competente per i reati di pornografia minorile. Ora gli inquirenti stanno approfondendo le analisi sui dispositivi per verificare eventuali scambi e altri file. La posizione dell\u2019indagato, gi\u00e0 coinvolto nel procedimento per stupefacenti, si aggrava<\/p>\n<p>&nbsp;<\/p>\n<blockquote>\n<p data-start=\"0\" data-end=\"57\"><strong data-start=\"0\" data-end=\"57\">FALSE ESENZIONI VACCINALI: IL PROCESSO ENTRA NEL VIVO<\/strong><\/p>\n<\/blockquote>\n<p data-start=\"59\" data-end=\"270\"><strong>BELLUNO<\/strong> \u00c8 iniziato il processo al medico e ai commercianti, accusati di falso ideologico per presunte esenzioni vaccinali irregolari durante il Covid-19. In aula sono stati ascoltati i primi 15 testimoni della Procura, tra carabinieri e medici. Le esenzioni contestate sarebbero state rilasciate senza seguire la procedura telematica obbligatoria dall\u20198 febbraio 2022 e anche a persone che non erano pazienti del dottore. La Procura ha sequestrato documenti e dispositivi dagli ambulatori e dal negozio dei due commercianti. Nelle prossime udienze parleranno i testimoni della difesa. (Gigi Sosso)<\/p>\n<blockquote>\n<p data-start=\"0\" data-end=\"68\"><strong data-start=\"0\" data-end=\"68\"><a class=\"dt-pswp-item\" href=\"https:\/\/www.radiopiu.net\/wordpress\/wp-content\/uploads\/2025\/10\/SCR-20251004-jtjg.jpeg\" data-dt-img-description=\"\" data-large_image_width=\"1096\" data-large_image_height=\"834\"><img loading=\"lazy\" decoding=\"async\" class=\"wp-image-473430 alignleft\" src=\"https:\/\/www.radiopiu.net\/wordpress\/wp-content\/uploads\/2025\/10\/SCR-20251004-jtjg-300x228.jpeg\" alt=\"\" width=\"166\" height=\"126\" srcset=\"https:\/\/www.radiopiu.net\/wordpress\/wp-content\/uploads\/2025\/10\/SCR-20251004-jtjg-300x228.jpeg 300w, https:\/\/www.radiopiu.net\/wordpress\/wp-content\/uploads\/2025\/10\/SCR-20251004-jtjg-1024x779.jpeg 1024w, https:\/\/www.radiopiu.net\/wordpress\/wp-content\/uploads\/2025\/10\/SCR-20251004-jtjg-768x584.jpeg 768w, https:\/\/www.radiopiu.net\/wordpress\/wp-content\/uploads\/2025\/10\/SCR-20251004-jtjg.jpeg 1096w\" sizes=\"auto, (max-width: 166px) 100vw, 166px\" \/><\/a>INCIDENTE SULL\u2019AGORDINA: POSITIVO L\u2019ESITO DELLA MESSA ALLA PROVA<\/strong><\/p>\n<\/blockquote>\n<p data-start=\"70\" data-end=\"298\"><strong>CANALE D&#8217;AGORDO <\/strong>\u00c8 stata dichiarata estinta l\u2019azione penale nei confronti della conducente coinvolta nell\u2019incidente avvenuto tre anni fa sulla regionale 203 Agordina, in cui rimase ferito gravemente il parroco di Canale d\u2019Agordo e Vallada. La donna aveva chiesto la messa alla prova per il reato di lesioni stradali, dopo aver risarcito i danni. Ha svolto un periodo di volontariato in un ente convenzionato, seguito dall\u2019Ufficio per l\u2019esecuzione penale esterna. Il rapporto finale \u00e8 stato positivo e il giudice ha pronunciato la sentenza di non doversi procedere, senza conseguenze sulla fedina penale. L\u2019incidente era avvenuto sotto la pioggia, nella zona di Avoscan: l\u2019auto del sacerdote era stata travolta e spinta fuori strada. I soccorsi avevano lavorato a lungo per liberarlo e poi trasferirlo in ospedale con gravi traumi. Anche la conducente era rimasta ferita, in modo pi\u00f9 lieve. (Gigi Sosso)<\/p>\n<blockquote>\n<p data-start=\"0\" data-end=\"46\"><strong data-start=\"0\" data-end=\"46\">LESIONI ALLA COGNATA: DISPOSTO IL PROCESSO<\/strong><\/p>\n<\/blockquote>\n<p data-start=\"48\" data-end=\"330\"><strong>VALLE DI CADORE\u00a0<\/strong> Sar\u00e0 celebrato il processo a carico di un uomo accusato di aver ferito la cognata durante un litigio avvenuto un paio d\u2019anni fa. Secondo l\u2019accusa, durante la discussione l\u2019uomo l\u2019avrebbe spaventata e poi colpita al collo con una vite, configurando il reato di lesioni aggravate. Nell\u2019udienza preliminare, la difesa aveva chiesto il non luogo a procedere, mentre la Procura ha insistito per il dibattimento. Il giudice ha deciso per il rinvio a giudizio e fissato la prima udienza ad aprile del prossimo anno. L\u2019imputato, attualmente detenuto per altre vicende, era gi\u00e0 noto alle forze dell\u2019ordine per un episodio sulla statale 51, quando aveva minacciato passanti armato e sotto l\u2019effetto dell\u2019alcol.\u00a0 (Gigi Sosso)<\/p>\n<p>&nbsp;<\/p>\n<hr \/>\n<p>&nbsp;<\/p>\n<blockquote>\n<h3>MATERIALI INNOVATIVI PER IL CONTROLLO DEL TERRITORIO: VIA AL PROGETTO STRATEGICO DELLA PROVINCIA DI BELLUNO<\/h3>\n<\/blockquote>\n<p><strong>BELLUNO <\/strong>Il progetto \u201cMateriali innovativi per il controllo del territorio\u201d entra nella fase operativa dopo un articolato percorso amministrativo avviato il 5 dicembre 2024, quando il Presidente della Provincia Roberto Padrin present\u00f2 al Fondo Comuni Confinanti la proposta di finanziamento da 600 mila euro. La Provincia di Belluno \u00e8 stata individuata come soggetto attuatore, con il dott. Roger De Menech quale RUP. Il 14 marzo 2025 il Comitato Paritetico ha approvato il progetto, seguito dalla trasmissione del progetto definitivo il 16 aprile. A fine maggio \u00e8 stato validato lo schema dell\u2019atto negoziale, mentre il 3 giugno la Provincia ne ha sancito l\u2019approvazione formale. Il 17 giugno sono stati inoltre siglati gli accordi di collaborazione con Questura, Carabinieri e Guardia di Finanza. Tra luglio e agosto sono state completate le contrattualizzazioni e, entro dicembre, tutte le forniture sono state consegnate. Le nuove dotazioni \u2014 tra cui quad, motoslitte, droni e veicoli speciali \u2014 potenzieranno in modo significativo la capacit\u00e0 operativa delle forze dell\u2019ordine in un territorio montano complesso, contribuendo alla sicurezza quotidiana e in vista delle Olimpiadi Milano-Cortina 2026.<\/p>\n\n\t\t\t<style type='text\/css'>\n\t\t\t\t#gallery-2 {\n\t\t\t\t\tmargin: auto;\n\t\t\t\t}\n\t\t\t\t#gallery-2 .gallery-item {\n\t\t\t\t\tfloat: left;\n\t\t\t\t\tmargin-top: 10px;\n\t\t\t\t\ttext-align: center;\n\t\t\t\t\twidth: 33%;\n\t\t\t\t}\n\t\t\t\t#gallery-2 img {\n\t\t\t\t\tborder: 2px solid #cfcfcf;\n\t\t\t\t}\n\t\t\t\t#gallery-2 .gallery-caption {\n\t\t\t\t\tmargin-left: 0;\n\t\t\t\t}\n\t\t\t\t\/* see gallery_shortcode() in wp-includes\/media.php *\/\n\t\t\t<\/style>\n\t\t<div id='gallery-2' class='dt-gallery-container gallery galleryid-484851 gallery-columns-3 gallery-size-medium'><dl class='gallery-item'>\n\t\t\t\t<dt class='gallery-icon landscape'>\n\t\t\t\t\t<a class=\"rollover rollover-zoom dt-pswp-item\" title=\"80a61848-88c1-46a8-bdd2-c5eb73af8200\" data-dt-img-description=\"\" data-large_image_width=\"842\" data-large_image_height=\"566\"href='https:\/\/www.radiopiu.net\/wordpress\/wp-content\/uploads\/2025\/12\/80a61848-88c1-46a8-bdd2-c5eb73af8200.jpg'><img loading=\"lazy\" decoding=\"async\" width=\"300\" height=\"202\" src=\"https:\/\/www.radiopiu.net\/wordpress\/wp-content\/uploads\/2025\/12\/80a61848-88c1-46a8-bdd2-c5eb73af8200-300x202.jpg\" class=\"attachment-medium size-medium\" alt=\"\" srcset=\"https:\/\/www.radiopiu.net\/wordpress\/wp-content\/uploads\/2025\/12\/80a61848-88c1-46a8-bdd2-c5eb73af8200-300x202.jpg 300w, https:\/\/www.radiopiu.net\/wordpress\/wp-content\/uploads\/2025\/12\/80a61848-88c1-46a8-bdd2-c5eb73af8200-768x516.jpg 768w, https:\/\/www.radiopiu.net\/wordpress\/wp-content\/uploads\/2025\/12\/80a61848-88c1-46a8-bdd2-c5eb73af8200.jpg 842w\" sizes=\"auto, (max-width: 300px) 100vw, 300px\" \/><\/a>\n\t\t\t\t<\/dt><\/dl><dl class='gallery-item'>\n\t\t\t\t<dt class='gallery-icon landscape'>\n\t\t\t\t\t<a class=\"rollover rollover-zoom dt-pswp-item\" title=\"df8ba727-9668-4bba-b7e0-01db08271030\" data-dt-img-description=\"\" data-large_image_width=\"1920\" data-large_image_height=\"1080\"href='https:\/\/www.radiopiu.net\/wordpress\/wp-content\/uploads\/2025\/12\/df8ba727-9668-4bba-b7e0-01db08271030.jpg'><img loading=\"lazy\" decoding=\"async\" width=\"300\" height=\"169\" src=\"https:\/\/www.radiopiu.net\/wordpress\/wp-content\/uploads\/2025\/12\/df8ba727-9668-4bba-b7e0-01db08271030-300x169.jpg\" class=\"attachment-medium size-medium\" alt=\"\" srcset=\"https:\/\/www.radiopiu.net\/wordpress\/wp-content\/uploads\/2025\/12\/df8ba727-9668-4bba-b7e0-01db08271030-300x169.jpg 300w, https:\/\/www.radiopiu.net\/wordpress\/wp-content\/uploads\/2025\/12\/df8ba727-9668-4bba-b7e0-01db08271030-1024x576.jpg 1024w, https:\/\/www.radiopiu.net\/wordpress\/wp-content\/uploads\/2025\/12\/df8ba727-9668-4bba-b7e0-01db08271030-768x432.jpg 768w, https:\/\/www.radiopiu.net\/wordpress\/wp-content\/uploads\/2025\/12\/df8ba727-9668-4bba-b7e0-01db08271030-1536x864.jpg 1536w, https:\/\/www.radiopiu.net\/wordpress\/wp-content\/uploads\/2025\/12\/df8ba727-9668-4bba-b7e0-01db08271030.jpg 1920w\" sizes=\"auto, (max-width: 300px) 100vw, 300px\" \/><\/a>\n\t\t\t\t<\/dt><\/dl><dl class='gallery-item'>\n\t\t\t\t<dt class='gallery-icon landscape'>\n\t\t\t\t\t<a class=\"rollover rollover-zoom dt-pswp-item\" title=\"d5697ed7-e80b-40ef-bf98-e994b272f956\" data-dt-img-description=\"\" data-large_image_width=\"1920\" data-large_image_height=\"1080\"href='https:\/\/www.radiopiu.net\/wordpress\/wp-content\/uploads\/2025\/12\/d5697ed7-e80b-40ef-bf98-e994b272f956.jpg'><img loading=\"lazy\" decoding=\"async\" width=\"300\" height=\"169\" src=\"https:\/\/www.radiopiu.net\/wordpress\/wp-content\/uploads\/2025\/12\/d5697ed7-e80b-40ef-bf98-e994b272f956-300x169.jpg\" class=\"attachment-medium size-medium\" alt=\"\" srcset=\"https:\/\/www.radiopiu.net\/wordpress\/wp-content\/uploads\/2025\/12\/d5697ed7-e80b-40ef-bf98-e994b272f956-300x169.jpg 300w, https:\/\/www.radiopiu.net\/wordpress\/wp-content\/uploads\/2025\/12\/d5697ed7-e80b-40ef-bf98-e994b272f956-1024x576.jpg 1024w, https:\/\/www.radiopiu.net\/wordpress\/wp-content\/uploads\/2025\/12\/d5697ed7-e80b-40ef-bf98-e994b272f956-768x432.jpg 768w, https:\/\/www.radiopiu.net\/wordpress\/wp-content\/uploads\/2025\/12\/d5697ed7-e80b-40ef-bf98-e994b272f956-1536x864.jpg 1536w, https:\/\/www.radiopiu.net\/wordpress\/wp-content\/uploads\/2025\/12\/d5697ed7-e80b-40ef-bf98-e994b272f956.jpg 1920w\" sizes=\"auto, (max-width: 300px) 100vw, 300px\" \/><\/a>\n\t\t\t\t<\/dt><\/dl><br style=\"clear: both\" \/>\n\t\t\t<\/div>\n\n<p>&nbsp;<\/p>\n<p><strong>DARIO BOND, PRESIDENTE FONDO COMUNI CONFINANTI<\/strong><\/p>\n<audio class=\"wp-audio-shortcode\" id=\"audio-484851-8\" preload=\"none\" style=\"width: 100%;\" controls=\"controls\"><source type=\"audio\/mpeg\" src=\"https:\/\/www.radiopiu.net\/wordpress\/wp-content\/uploads\/2025\/12\/BOND-2.mp3?_=8\" \/><a href=\"https:\/\/www.radiopiu.net\/wordpress\/wp-content\/uploads\/2025\/12\/BOND-2.mp3\">https:\/\/www.radiopiu.net\/wordpress\/wp-content\/uploads\/2025\/12\/BOND-2.mp3<\/a><\/audio>\n<p>&nbsp;<\/p>\n<p><strong>ROBERTO PADRIN, PRESIDENTE DELLA ROVINCIA DI BELLUNO<\/strong><\/p>\n<audio class=\"wp-audio-shortcode\" id=\"audio-484851-9\" preload=\"none\" style=\"width: 100%;\" controls=\"controls\"><source type=\"audio\/mpeg\" src=\"https:\/\/www.radiopiu.net\/wordpress\/wp-content\/uploads\/2025\/12\/PADRIN.mp3?_=9\" \/><a href=\"https:\/\/www.radiopiu.net\/wordpress\/wp-content\/uploads\/2025\/12\/PADRIN.mp3\">https:\/\/www.radiopiu.net\/wordpress\/wp-content\/uploads\/2025\/12\/PADRIN.mp3<\/a><\/audio>\n<p>&nbsp;<\/p>\n<p><strong>ANTONELLO ROCCOBERTON, PREFETTO DI BELLUNO<\/strong><\/p>\n<audio class=\"wp-audio-shortcode\" id=\"audio-484851-10\" preload=\"none\" style=\"width: 100%;\" controls=\"controls\"><source type=\"audio\/mpeg\" src=\"https:\/\/www.radiopiu.net\/wordpress\/wp-content\/uploads\/2025\/12\/ROCCOBERTON.mp3?_=10\" \/><a href=\"https:\/\/www.radiopiu.net\/wordpress\/wp-content\/uploads\/2025\/12\/ROCCOBERTON.mp3\">https:\/\/www.radiopiu.net\/wordpress\/wp-content\/uploads\/2025\/12\/ROCCOBERTON.mp3<\/a><\/audio>\n<p>&nbsp;<\/p>\n<hr \/>\n<p>&nbsp;<\/p>\n<blockquote>\n<h3>LEGA BELLUNESE: SODDISFAZIONE NONOSTANTE L\u2019ASSENZA DI UN CONSIGLIERE REGIONALE<\/h3>\n<\/blockquote>\n<p><strong><a class=\"dt-pswp-item\" href=\"https:\/\/www.radiopiu.net\/wordpress\/wp-content\/uploads\/2025\/12\/c69fe3c4-b0ef-4ff5-8e03-8b57a9893ed0.jpg\" data-dt-img-description=\"\" data-large_image_width=\"1600\" data-large_image_height=\"1200\"><img loading=\"lazy\" decoding=\"async\" class=\" wp-image-485015 alignleft\" src=\"https:\/\/www.radiopiu.net\/wordpress\/wp-content\/uploads\/2025\/12\/c69fe3c4-b0ef-4ff5-8e03-8b57a9893ed0-300x225.jpg\" alt=\"\" width=\"184\" height=\"138\" srcset=\"https:\/\/www.radiopiu.net\/wordpress\/wp-content\/uploads\/2025\/12\/c69fe3c4-b0ef-4ff5-8e03-8b57a9893ed0-300x225.jpg 300w, https:\/\/www.radiopiu.net\/wordpress\/wp-content\/uploads\/2025\/12\/c69fe3c4-b0ef-4ff5-8e03-8b57a9893ed0-1024x768.jpg 1024w, https:\/\/www.radiopiu.net\/wordpress\/wp-content\/uploads\/2025\/12\/c69fe3c4-b0ef-4ff5-8e03-8b57a9893ed0-768x576.jpg 768w, https:\/\/www.radiopiu.net\/wordpress\/wp-content\/uploads\/2025\/12\/c69fe3c4-b0ef-4ff5-8e03-8b57a9893ed0-1536x1152.jpg 1536w, https:\/\/www.radiopiu.net\/wordpress\/wp-content\/uploads\/2025\/12\/c69fe3c4-b0ef-4ff5-8e03-8b57a9893ed0.jpg 1600w\" sizes=\"auto, (max-width: 184px) 100vw, 184px\" \/><\/a>BELLUNO<\/strong> La Lega bellunese commenta a bocce ferme il risultato delle ultime elezioni regionali: anche senza consigliere regionale, il Carroccio provinciale si dice soddisfatto di quanto fatto.<\/p>\n<p><strong>DI DANIELE DALVIT<\/strong><\/p>\n<audio class=\"wp-audio-shortcode\" id=\"audio-484851-11\" preload=\"none\" style=\"width: 100%;\" controls=\"controls\"><source type=\"audio\/mpeg\" src=\"https:\/\/www.radiopiu.net\/wordpress\/wp-content\/uploads\/2025\/12\/Servizio-Lega-bilancio-voto-regionali.mp3?_=11\" \/><a href=\"https:\/\/www.radiopiu.net\/wordpress\/wp-content\/uploads\/2025\/12\/Servizio-Lega-bilancio-voto-regionali.mp3\">https:\/\/www.radiopiu.net\/wordpress\/wp-content\/uploads\/2025\/12\/Servizio-Lega-bilancio-voto-regionali.mp3<\/a><\/audio>\n<p>&nbsp;<\/p>\n<hr \/>\n<p>&nbsp;<\/p>\n<blockquote>\n<h3><strong>IL FOLLADOR-DE ROSSI ECCELLENZA NELLA PREPARAZIONE UNIVERSITARIA E PROFESSIONALE<\/strong><\/h3>\n<\/blockquote>\n<p><strong><a class=\"dt-pswp-item\" href=\"https:\/\/www.radiopiu.net\/wordpress\/wp-content\/uploads\/2025\/09\/FOLLADOR-DE-ROSSI.jpg\" data-dt-img-description=\"\" data-large_image_width=\"950\" data-large_image_height=\"355\"><img loading=\"lazy\" decoding=\"async\" class=\" wp-image-470609 alignleft\" src=\"https:\/\/www.radiopiu.net\/wordpress\/wp-content\/uploads\/2025\/09\/FOLLADOR-DE-ROSSI-300x112.jpg\" alt=\"\" width=\"217\" height=\"81\" srcset=\"https:\/\/www.radiopiu.net\/wordpress\/wp-content\/uploads\/2025\/09\/FOLLADOR-DE-ROSSI-300x112.jpg 300w, https:\/\/www.radiopiu.net\/wordpress\/wp-content\/uploads\/2025\/09\/FOLLADOR-DE-ROSSI-768x287.jpg 768w, https:\/\/www.radiopiu.net\/wordpress\/wp-content\/uploads\/2025\/09\/FOLLADOR-DE-ROSSI.jpg 950w\" sizes=\"auto, (max-width: 217px) 100vw, 217px\" \/><\/a>AGORDO <\/strong>Lo studio della Fondazione Agnelli conferma il Follador-De Rossi tra le migliori scuole superiori per preparazione universitaria e inserimento lavorativo. Gli indirizzi Tecnici (Geotecnico e Chimico), Professionali dei Servizi (Enogastronomico) e Professionali Industria e Artigianato (Manutenzione e Assistenza Tecnica) registrano il pi\u00f9 alto indice occupazionale della provincia di Belluno. Le aziende locali ricercano attivamente i diplomati delle sedi di Agordo e Falcade grazie alle solide competenze acquisite. Positivi anche i risultati universitari, soprattutto per gli studenti del Tecnico. Il dirigente Claudio Magalini evidenzia come il successo derivi dalla specificit\u00e0 degli indirizzi, da un ambiente scolastico sereno e da docenti motivati, elementi che favoriscono una crescita personale e professionale completa.<\/p>\n<p><strong>IL DIRIGENTE SCOLASTICO CLAUDIO MAGALINI<\/strong><\/p>\n<audio class=\"wp-audio-shortcode\" id=\"audio-484851-12\" preload=\"none\" style=\"width: 100%;\" controls=\"controls\"><source type=\"audio\/mpeg\" src=\"https:\/\/www.radiopiu.net\/wordpress\/wp-content\/uploads\/2025\/12\/CLAUDIO-MAGARINI.mp3?_=12\" \/><a href=\"https:\/\/www.radiopiu.net\/wordpress\/wp-content\/uploads\/2025\/12\/CLAUDIO-MAGARINI.mp3\">https:\/\/www.radiopiu.net\/wordpress\/wp-content\/uploads\/2025\/12\/CLAUDIO-MAGARINI.mp3<\/a><\/audio>\n<p>&nbsp;<\/p>\n<hr \/>\n<p>&nbsp;<\/p>\n<blockquote>\n<h3>COMPLETATO IL PRIMO STEP DI AMPLIAMENTO DEL PROGETTO SAI A BELLUNO<\/h3>\n<\/blockquote>\n<p><strong><a class=\"dt-pswp-item\" href=\"https:\/\/www.radiopiu.net\/wordpress\/wp-content\/uploads\/2022\/12\/PALAZZO-ROSSO.png\" data-dt-img-description=\"\" data-large_image_width=\"2076\" data-large_image_height=\"1328\"><img loading=\"lazy\" decoding=\"async\" class=\" wp-image-313801 alignleft\" src=\"https:\/\/www.radiopiu.net\/wordpress\/wp-content\/uploads\/2022\/12\/PALAZZO-ROSSO-300x192.png\" alt=\"\" width=\"164\" height=\"105\" srcset=\"https:\/\/www.radiopiu.net\/wordpress\/wp-content\/uploads\/2022\/12\/PALAZZO-ROSSO-300x192.png 300w, https:\/\/www.radiopiu.net\/wordpress\/wp-content\/uploads\/2022\/12\/PALAZZO-ROSSO-1024x655.png 1024w, https:\/\/www.radiopiu.net\/wordpress\/wp-content\/uploads\/2022\/12\/PALAZZO-ROSSO-768x491.png 768w, https:\/\/www.radiopiu.net\/wordpress\/wp-content\/uploads\/2022\/12\/PALAZZO-ROSSO-1536x983.png 1536w, https:\/\/www.radiopiu.net\/wordpress\/wp-content\/uploads\/2022\/12\/PALAZZO-ROSSO-2048x1310.png 2048w\" sizes=\"auto, (max-width: 164px) 100vw, 164px\" \/><\/a>BELLUNO <\/strong>\u00c8 stato concluso il primo step dell\u2019ampliamento del Sistema di Accoglienza e Integrazione (SAI) del Comune di Belluno: i quattro nuovi posti dedicati a donne richiedenti asilo o rifugiate, attivati nella canonica dismessa di Cusighe, sono ora completamente occupati. Il Comune, che gi\u00e0 accoglie 15 uomini e 3 donne, rafforza cos\u00ec la propria rete di accoglienza in una frazione ben servita e integrata. Amministrazione, comunit\u00e0 e Curia hanno collaborato per adeguare e rendere disponibile la struttura, senza costi per il Comune grazie ai fondi ministeriali. Resta ora da attivare la seconda fase, con ulteriori sei posti da individuare in ambito urbano, nonostante le difficolt\u00e0 nel reperire immobili idonei.<\/p>\n<p>&nbsp;<\/p>\n<p>&nbsp;<\/p>\n<hr \/>\n<p>&nbsp;<\/p>\n<div class=\"page-title-head hgroup\">\n<blockquote>\n<h3 class=\"entry-title\"><a class=\"dt-pswp-item\" href=\"https:\/\/www.radiopiu.net\/wordpress\/wp-content\/uploads\/2025\/12\/gal-alto-bellunese.jpg\" data-dt-img-description=\"\" data-large_image_width=\"758\" data-large_image_height=\"605\"><img loading=\"lazy\" decoding=\"async\" class=\"wp-image-484956 alignleft\" src=\"https:\/\/www.radiopiu.net\/wordpress\/wp-content\/uploads\/2025\/12\/gal-alto-bellunese-300x239.jpg\" alt=\"\" width=\"139\" height=\"111\" srcset=\"https:\/\/www.radiopiu.net\/wordpress\/wp-content\/uploads\/2025\/12\/gal-alto-bellunese-300x239.jpg 300w, https:\/\/www.radiopiu.net\/wordpress\/wp-content\/uploads\/2025\/12\/gal-alto-bellunese.jpg 758w\" sizes=\"auto, (max-width: 139px) 100vw, 139px\" \/><\/a>ALPAGO \u2013 NUOVI SERVIZI PER IL TERRITORIO: ONLINE IL BANDO ISL04 DELLA STRATEGIA AREE INTERNE<\/h3>\n<\/blockquote>\n<\/div>\n<p><strong>ALPAGO <\/strong>In Alpago arriva una nuova occasione per rafforzare i servizi ai cittadini. Il GAL Prealpi e Dolomiti ha pubblicato il bando ISL04, dedicato ai comuni di Alpago, Chies d\u2019Alpago e Tambre, nell\u2019ambito della Strategia Nazionale Aree Interne. A disposizione 133 mila euro per progetti che migliorino la qualit\u00e0 della vita: servizi alla persona, iniziative sociali, culturali e attivit\u00e0 che ricostruiscano reti di comunit\u00e0 nei territori montani. Possono partecipare enti pubblici, fondazioni e associazioni non profit, con investimenti su strutture, attrezzature, strumenti informativi e \u2013 per gli enti pubblici \u2013 anche personale dedicato. Ogni progetto, finanziabile al 100%, pu\u00f2 richiedere tra 10 e 45 mila euro. Per conoscere requisiti e modalit\u00e0 di partecipazione, il GAL e AVEPA Belluno organizzano un incontro pubblico marted\u00ec 16 dicembre alle 17.30 al Municipio di Puos d\u2019Alpago. Bando e modulistica sono online sul sito del GAL Prealpi e Dolomiti.<\/p>\n<p>&nbsp;<\/p>\n<p>&nbsp;<\/p>\n<hr \/>\n<p>&nbsp;<\/p>\n<blockquote>\n<h3 data-start=\"72\" data-end=\"316\">ALLEGHE FUNIVIE RISPONDE ALLE ACCUSE: \u00abSERVE RISPETTO PER CHI LAVORA OGNI GIORNO\u00bb<\/h3>\n<\/blockquote>\n<blockquote><p><em>Le montagne meritano dialogo, non polemiche gratuite.<\/em><\/p><\/blockquote>\n<p><strong>ALLEGHE<\/strong><\/p>\n<p data-start=\"87\" data-end=\"537\"><a class=\"dt-pswp-item\" href=\"https:\/\/www.radiopiu.net\/wordpress\/wp-content\/uploads\/2025\/12\/Screenshot-2025-12-09-112124-e1765275701477.png\" data-dt-img-description=\"\" data-large_image_width=\"264\" data-large_image_height=\"158\"><img loading=\"lazy\" decoding=\"async\" class=\"size-full wp-image-484971 alignleft\" src=\"https:\/\/www.radiopiu.net\/wordpress\/wp-content\/uploads\/2025\/12\/Screenshot-2025-12-09-112124-e1765275701477.png\" alt=\"\" width=\"264\" height=\"158\" \/><\/a>Parole ingiustamente dure, quelle pubblicate sui social di Radio Pi\u00f9 da un certo Andrea Simionato, rivolte a persone che ogni giorno garantiscono ospitalit\u00e0, sicurezza e qualit\u00e0 ai tanti ospiti della valle. Commenti che lasciano perplessi, soprattutto perch\u00e9 \u2014 si presume \u2014 arrivano da uno sciatore che ama i collegamenti sciistici, ma che forse non conosce le reali complessit\u00e0 che stanno dietro alla gestione di un carosello come quello di Alleghe. A fare chiarezza interviene il Presidente di Alleghe Funivie, Sergio Pra, che ricorda con fermezza come ogni scelta operativa derivi da valutazioni tecniche, condizioni meteo, sicurezza e sostenibilit\u00e0 della gestione: \u00abDietro ogni apertura o chiusura c\u2019\u00e8 il lavoro di decine di persone. Prima di giudicare, bisognerebbe conoscere la realt\u00e0 che non si vede: l\u2019innevamento, i venti, la sicurezza delle linee, i limiti strutturali. Non \u00e8 una materia su cui ci si pu\u00f2 improvvisare\u00bb. Accanto al presidente, il responsabile marketing Andrea Dal Farra coglie l\u2019occasione per sottolineare quanto Alleghe stia investendo in dinamismo e attivit\u00e0 per la stagione invernale: un calendario gi\u00e0 ricco di appuntamenti, dagli eventi per famiglie alle giornate sportive, fino alla prestigiosa tappa del Giro d\u2019Italia del 29 maggio, che porter\u00e0 nuovamente l\u2019attenzione nazionale sulle montagne agordine. La risposta di Alleghe Funivie \u00e8 dunque chiara: si accettano critiche costruttive, ma nel rispetto di chi ogni giorno lavora per offrire il meglio.<\/p>\n<p data-start=\"87\" data-end=\"537\"><strong>AUDIO, di mirko mezzacasa<\/strong><\/p>\n<audio class=\"wp-audio-shortcode\" id=\"audio-484851-13\" preload=\"none\" style=\"width: 100%;\" controls=\"controls\"><source type=\"audio\/mpeg\" src=\"https:\/\/www.radiopiu.net\/wordpress\/wp-content\/uploads\/2025\/12\/ALLEGHE-SERGIO-ANDRA.mp3?_=13\" \/><a href=\"https:\/\/www.radiopiu.net\/wordpress\/wp-content\/uploads\/2025\/12\/ALLEGHE-SERGIO-ANDRA.mp3\">https:\/\/www.radiopiu.net\/wordpress\/wp-content\/uploads\/2025\/12\/ALLEGHE-SERGIO-ANDRA.mp3<\/a><\/audio>\n<p>&nbsp;<\/p>\n<hr \/>\n<p>&nbsp;<\/p>\n<blockquote>\n<h3>BACINI BLOCCATI DA UN DECENNIO: \u201cBUROCRAZIA PARALIZZA LE STAZIONI SCIISTICHE\u201d<\/h3>\n<\/blockquote>\n<p><a class=\"dt-pswp-item\" href=\"https:\/\/www.radiopiu.net\/wordpress\/wp-content\/uploads\/2021\/11\/FORCELLA-AURINE.jpg\" data-dt-img-description=\"\" data-large_image_width=\"960\" data-large_image_height=\"720\"><img loading=\"lazy\" decoding=\"async\" class=\" wp-image-241538 alignleft\" src=\"https:\/\/www.radiopiu.net\/wordpress\/wp-content\/uploads\/2021\/11\/FORCELLA-AURINE-300x225.jpg\" alt=\"\" width=\"259\" height=\"194\" srcset=\"https:\/\/www.radiopiu.net\/wordpress\/wp-content\/uploads\/2021\/11\/FORCELLA-AURINE-300x225.jpg 300w, https:\/\/www.radiopiu.net\/wordpress\/wp-content\/uploads\/2021\/11\/FORCELLA-AURINE-768x576.jpg 768w, https:\/\/www.radiopiu.net\/wordpress\/wp-content\/uploads\/2021\/11\/FORCELLA-AURINE.jpg 960w\" sizes=\"auto, (max-width: 259px) 100vw, 259px\" \/><\/a><strong>di mirko mezzacasa<\/strong><\/p>\n<p data-start=\"83\" data-end=\"329\">Dopo l\u2019intervento di Sergio Pra (Presidente Alleghe Funivie),\u00a0 sul tema dei bacini artificiali indispensabili per garantire l\u2019innevamento programmato, entra nel dibattito anche Morgan Gnech di Progetto Desma, puntando il dito contro anni di ritardi e procedure interminabili. Gnech ricorda che il progetto dei nuovi bacini \u00e8 stato avviato undici anni fa, ma in tutto questo tempo non \u00e8 stata posata nemmeno una pietra. Nel frattempo i costi sono raddoppiati, gli adempimenti amministrativi si sono moltiplicati e ogni passaggio, ogni firma mancante, ha bloccato l\u2019iter <a class=\"dt-pswp-item\" href=\"https:\/\/www.radiopiu.net\/wordpress\/wp-content\/uploads\/2025\/12\/Screenshot-2025-12-09-162342.png\" data-dt-img-description=\"\" data-large_image_width=\"135\" data-large_image_height=\"127\"><img loading=\"lazy\" decoding=\"async\" class=\"size-full wp-image-485019 alignright\" src=\"https:\/\/www.radiopiu.net\/wordpress\/wp-content\/uploads\/2025\/12\/Screenshot-2025-12-09-162342.png\" alt=\"\" width=\"135\" height=\"127\" \/><\/a>per mesi, se non anni.<em> &#8220;Per una stazione sciistica di importanza strategica \u2013 sottolinea Gnech \u2013 questi ritardi pesano enormemente: senza riserve d\u2019acqua adeguate diventa impossibile programmare l\u2019innevamento e pianificare una stagione turistica competitiva&#8221;. <\/em>L\u2019appello \u00e8 chiaro: servono procedure pi\u00f9 snelle e decisioni rapide, altrimenti il rischio \u00e8 che progetti necessari restino per sempre chiusi in un cassetto.<\/p>\n<p>&nbsp;<\/p>\n<blockquote><p><em><strong>AUDIO OSPITE MORGAN GNECH, PROGETTO DESMA &#8211; FORCELLA AURINE<\/strong><\/em><\/p><\/blockquote>\n<audio class=\"wp-audio-shortcode\" id=\"audio-484851-14\" preload=\"none\" style=\"width: 100%;\" controls=\"controls\"><source type=\"audio\/mpeg\" src=\"https:\/\/www.radiopiu.net\/wordpress\/wp-content\/uploads\/2025\/12\/MORGAN-GNECH.mp3?_=14\" \/><a href=\"https:\/\/www.radiopiu.net\/wordpress\/wp-content\/uploads\/2025\/12\/MORGAN-GNECH.mp3\">https:\/\/www.radiopiu.net\/wordpress\/wp-content\/uploads\/2025\/12\/MORGAN-GNECH.mp3<\/a><\/audio>\n<p>&nbsp;<\/p>\n<hr \/>\n<p>&nbsp;<\/p>\n<blockquote>\n<h3>IL FUTURO DELLA SANIT\u00c0 BELLUNESE AL CENTRO DI UN CONVEGNO AD AGORDO<\/h3>\n<\/blockquote>\n<p><strong><a class=\"dt-pswp-item\" href=\"https:\/\/www.radiopiu.net\/wordpress\/wp-content\/uploads\/2025\/12\/32972829-70ba-4d76-8021-513f0eb45350.jpg\" data-dt-img-description=\"\" data-large_image_width=\"1054\" data-large_image_height=\"1600\"><img loading=\"lazy\" decoding=\"async\" class=\" wp-image-484998 alignleft\" src=\"https:\/\/www.radiopiu.net\/wordpress\/wp-content\/uploads\/2025\/12\/32972829-70ba-4d76-8021-513f0eb45350-198x300.jpg\" alt=\"\" width=\"100\" height=\"152\" srcset=\"https:\/\/www.radiopiu.net\/wordpress\/wp-content\/uploads\/2025\/12\/32972829-70ba-4d76-8021-513f0eb45350-198x300.jpg 198w, https:\/\/www.radiopiu.net\/wordpress\/wp-content\/uploads\/2025\/12\/32972829-70ba-4d76-8021-513f0eb45350-675x1024.jpg 675w, https:\/\/www.radiopiu.net\/wordpress\/wp-content\/uploads\/2025\/12\/32972829-70ba-4d76-8021-513f0eb45350-768x1166.jpg 768w, https:\/\/www.radiopiu.net\/wordpress\/wp-content\/uploads\/2025\/12\/32972829-70ba-4d76-8021-513f0eb45350-1012x1536.jpg 1012w, https:\/\/www.radiopiu.net\/wordpress\/wp-content\/uploads\/2025\/12\/32972829-70ba-4d76-8021-513f0eb45350.jpg 1054w\" sizes=\"auto, (max-width: 100px) 100vw, 100px\" \/><\/a>AGORDO <\/strong>La FNP CISL Belluno Treviso organizza gioved\u00ec 11 dicembre, con il patrocinio dell\u2019Unione Montana Agordina e la collaborazione dell\u2019ULSS 1 Dolomiti, un convegno dedicato alla riorganizzazione della sanit\u00e0 territoriale. L\u2019incontro, aperto a tutta la cittadinanza, si terr\u00e0 alle 9.30 nella sala \u201cDon Tamis\u201d di Agordo. Saranno approfonditi i contenuti del decreto ministeriale 77\/2022 e lo stato di avanzamento di case e ospedali di comunit\u00e0, oltre alle centrali operative territoriali finanziate in gran parte dal PNRR. Interverranno Aldo Lorenzon della FNP e la dottoressa Lucia Dalla Torre, che illustrer\u00e0 i servizi di prossimit\u00e0 e il ruolo dei Medici di Medicina Generale. Un\u2019occasione per comprendere le ricadute della riforma nel territorio agordino e promuovere un confronto costruttivo tra istituzioni e cittadini.<\/p>\n<p>&nbsp;<\/p>\n<p>&nbsp;<\/p>\n<hr \/>\n<p>&nbsp;<\/p>\n<p>&nbsp;<\/p>\n<blockquote><p><strong data-start=\"116\" data-end=\"159\"><a class=\"dt-pswp-item\" href=\"https:\/\/www.radiopiu.net\/wordpress\/wp-content\/uploads\/2025\/12\/Screenshot-2025-12-09-113216.png\" data-dt-img-description=\"\" data-large_image_width=\"192\" data-large_image_height=\"138\"><img loading=\"lazy\" decoding=\"async\" class=\" wp-image-484975 alignleft\" src=\"https:\/\/www.radiopiu.net\/wordpress\/wp-content\/uploads\/2025\/12\/Screenshot-2025-12-09-113216.png\" alt=\"\" width=\"141\" height=\"101\" \/><\/a>GIOVANI STAFFETTE PER LA PACE A BELLUNO<\/strong><\/p><\/blockquote>\n<p data-start=\"116\" data-end=\"159\"><strong>BELLUNO\u00a0<\/strong> Si svolge oggi a Belluno la giornata conclusiva del progetto \u201cGiovani Staffette per la Pace\u201d, promosso dalla Fondazione Venezia per la Ricerca sulla Pace e dalle Scuole in Rete, in risposta all\u2019appello del Presidente Mattarella per la tregua olimpica. La mattinata si apre al Teatro Comunale con istituzioni, atleti CIP e Special Olympics, insieme a studenti di diversi istituti del Veneto. Alle 16 partir\u00e0 dal centro storico la simbolica staffetta con la fiaccola della pace, che toccher\u00e0 vari punti della citt\u00e0 fino all\u2019arrivo in Piazza Duomo, dove sar\u00e0 letto l\u2019appello ufficiale in vista dei Giochi Milano-Cortina 2026. A chiudere la giornata, alle 18, il concerto gospel dei Joy Singers con l\u2019inno per la pace interpretato dagli studenti. Ingresso libero fino a esaurimento posti.<\/p>\n<p>&nbsp;<\/p>\n<hr \/>\n<p>&nbsp;<\/p>\n<blockquote>\n<p data-start=\"98\" data-end=\"157\"><strong data-start=\"98\" data-end=\"157\"><a class=\"dt-pswp-item\" href=\"https:\/\/www.radiopiu.net\/wordpress\/wp-content\/uploads\/2025\/12\/Screenshot-2025-12-09-113522.png\" data-dt-img-description=\"\" data-large_image_width=\"143\" data-large_image_height=\"102\"><img loading=\"lazy\" decoding=\"async\" class=\"size-full wp-image-484977 alignleft\" src=\"https:\/\/www.radiopiu.net\/wordpress\/wp-content\/uploads\/2025\/12\/Screenshot-2025-12-09-113522.png\" alt=\"\" width=\"143\" height=\"102\" \/><\/a>BORSE DI STUDIO AI MERITEVOLI DEI LICEI GALILEI-TIZIANO<\/strong><\/p>\n<\/blockquote>\n<p data-start=\"159\" data-end=\"331\"><strong>BELLUNO<\/strong> I Licei Galilei-Tiziano di Belluno invitano la comunit\u00e0 alla cerimonia di consegna delle borse di studio dedicate agli studenti meritevoli dell\u2019anno scolastico 2024\/2025. L\u2019appuntamento \u00e8 sabato 20 dicembre, alle 11, nell\u2019Aula Magna del Liceo Tiziano in via Cavour. Durante l\u2019incontro saranno salutati anche gli ex studenti diplomati lo scorso anno che hanno ottenuto risultati di particolare valore e avviato il loro percorso universitario. La cerimonia si concluder\u00e0 con un momento conviviale.<\/p>\n<p>&nbsp;<\/p>\n<p>&nbsp;<\/p>\n<hr \/>\n<div id=\"nat_609b99635f122b49ebfd3744\" class=\"loaded\">\n<div>\n<div class=\"nat-widget-border\">\n<div class=\"nat-widget-base\">\n<div class=\"nat-items\">\n<div class=\"ad-spacing-null\">\n<div id=\"nat_609b99635f122b49ebfd3744_1\" class=\"nat-article loaded nat-adv\" data-width=\"300\" data-height=\"250\" data-idw=\"609b99635f122b49ebfd3744\" data-idr=\"692d97617da56d222c503608\" data-idu=\"6937eadf170866bc8718bc7b\" data-idi=\"22628486123\" data-idic=\"294794369105\" data-pos=\"2\" data-href=\"https:\/\/w3.nativery.com\/legacy\/cs?sid=609a50245f122b49ebfcdcf8&amp;idr=692d97617da56d222c503608&amp;idw=609b99635f122b49ebfd3744&amp;idu=6937eadf170866bc8718bc7b&amp;idi=22628486123&amp;gcid=1792426131.136049979&amp;gsid=1834294302&amp;pos=2&amp;isAmp=false&amp;idic=294794369105&amp;ref=https%3A%2F%2Fwww.radiopiu.net%2Fwordpress%2Fmusei-italiani-sempre-piu-globali-il-report-di-amuseapp%2F&amp;refref=https%3A%2F%2Fwww.radiopiu.net%2Fwordpress%2F&amp;criurl=https%3A%2F%2Fad.doubleclick.net%2Fddm%2Ftrackclk%2FN996173.275357EDISCOM%2FB32190774.423657285%3Bdc_trk_aid%3D616047972%3Bdc_trk_cid%3D216504271%3Bdc_lat%3D%3Bdc_rdid%3D%3Btag_for_child_directed_treatment%3D%3Btfua%3D%3Bltd%3D%3Bdc_tdv%3D1\">\n<div class=\"nat-article-container\" data-integralas-id-c217b1c6-fadd-5aa4-a46e-5f81884f1cfe=\"\">\n<div>\n<div class=\"native-texts-container\">\n<div><\/div>\n<\/div>\n<\/div>\n<\/div>\n<\/div>\n<\/div>\n<\/div>\n<\/div>\n<\/div>\n<\/div>\n<\/div>\n<blockquote>\n<h3>LISA: UNA RACCOLTA FONDI PER LIBERARE IL FUTURO DELLE DONNE<\/h3>\n<\/blockquote>\n<p><strong><a href=\"https:\/\/www.radiopiu.net\/wordpress\/wp-content\/uploads\/2025\/12\/LOGO_NINA_APS_edited.avif\"><img loading=\"lazy\" decoding=\"async\" class=\" wp-image-485025 alignleft\" src=\"https:\/\/www.radiopiu.net\/wordpress\/wp-content\/uploads\/2025\/12\/LOGO_NINA_APS_edited.avif\" alt=\"\" width=\"98\" height=\"98\" srcset=\"https:\/\/www.radiopiu.net\/wordpress\/wp-content\/uploads\/2025\/12\/LOGO_NINA_APS_edited.avif 166w, https:\/\/www.radiopiu.net\/wordpress\/wp-content\/uploads\/2025\/12\/LOGO_NINA_APS_edited-150x150.avif 150w\" sizes=\"auto, (max-width: 98px) 100vw, 98px\" \/><\/a>AGORDO <\/strong>NINA APS lancia una campagna di raccolta fondi per il Progetto LISA \u2013 <em>Libere e Indipendenti Senza ViolenzA<\/em>, recentemente classificato al primo posto nel bando nazionale \u201cImpatto+ Oltre la Violenza\u201d di Banca Etica ed Etica Sgr. L\u2019iniziativa sostiene dieci donne della provincia di Belluno che stanno uscendo da situazioni di violenza, offrendo loro educazione finanziaria, empowerment, coaching individuale e orientamento professionale. L\u2019obiettivo \u00e8 raccogliere 9.800 euro entro il 25 gennaio: il 70% del budget necessario. Etica Sgr cofinanzier\u00e0 il restante 30%, permettendo di raggiungere i 14.000 euro indispensabili per ricostruire autonomia e futuro.<\/p>\n<p>&nbsp;<\/p>\n<p>&nbsp;<\/p>\n<hr \/>\n<p>&nbsp;<\/p>\n<blockquote>\n<h3>1464 ROSE ROSSE PER L\u2019ALBERO DI VILLABRUNA DI FELTRE<\/h3>\n<\/blockquote>\n<p><strong>DI ALESSIA DALL&#8217;O&#8217;<\/strong><\/p>\n<p><strong>FELTRE\u00a0<\/strong>Anche\u00a0 la piazza di Villabruna si \u00e8 riempita di comunit\u00e0 e tradizione con la tradizionale accensione, nel giorno dell\u2019immacolata,\u00a0 dell\u2019albero di Natale realizzato a mano dal Gruppo Fil\u00f2. Dopo la benedizione, il Sindaco Viviana Fusaro ha ricordato il valore del lavoro delle donne del Gruppo Fil\u00f2 di Villabruna e la collaborazione tra le realt\u00e0 del paese. Presenti anche l\u2019Assessore Maurizio Zatta e il consigliere Sebastiano Slongo. L\u2019albero, decorato con 1464 rose rosse all\u2019uncinetto, rappresenta non solo creativit\u00e0 ma anche solidariet\u00e0: il gruppo infatti sostiene progetti locali e iniziative sociali, dalla donazione per il rifacimento del tetto della chiesa, al Centro Aiuto alla Vita, o anche al sostegno al progetto \u201cSorridendo per la LudoVita\u201d, fino a un aiuto economico arrivato in Nepal e destinato alla costruzione di una scuola.<\/p>\n\n\t\t\t<style type='text\/css'>\n\t\t\t\t#gallery-3 {\n\t\t\t\t\tmargin: auto;\n\t\t\t\t}\n\t\t\t\t#gallery-3 .gallery-item {\n\t\t\t\t\tfloat: left;\n\t\t\t\t\tmargin-top: 10px;\n\t\t\t\t\ttext-align: center;\n\t\t\t\t\twidth: 25%;\n\t\t\t\t}\n\t\t\t\t#gallery-3 img {\n\t\t\t\t\tborder: 2px solid #cfcfcf;\n\t\t\t\t}\n\t\t\t\t#gallery-3 .gallery-caption {\n\t\t\t\t\tmargin-left: 0;\n\t\t\t\t}\n\t\t\t\t\/* see gallery_shortcode() in wp-includes\/media.php *\/\n\t\t\t<\/style>\n\t\t<div id='gallery-3' class='dt-gallery-container gallery galleryid-484851 gallery-columns-4 gallery-size-medium'><dl class='gallery-item'>\n\t\t\t\t<dt class='gallery-icon portrait'>\n\t\t\t\t\t<a class=\"rollover\" href='https:\/\/www.radiopiu.net\/wordpress\/1464-rose-rosse-per-lalbero-di-villabruna-di-feltre\/albero-di-villabruna\/'><img loading=\"lazy\" decoding=\"async\" width=\"225\" height=\"300\" src=\"https:\/\/www.radiopiu.net\/wordpress\/wp-content\/uploads\/2025\/12\/Albero-di-Villabruna-225x300.jpg\" class=\"attachment-medium size-medium\" alt=\"\" srcset=\"https:\/\/www.radiopiu.net\/wordpress\/wp-content\/uploads\/2025\/12\/Albero-di-Villabruna-225x300.jpg 225w, https:\/\/www.radiopiu.net\/wordpress\/wp-content\/uploads\/2025\/12\/Albero-di-Villabruna-768x1024.jpg 768w, https:\/\/www.radiopiu.net\/wordpress\/wp-content\/uploads\/2025\/12\/Albero-di-Villabruna-1152x1536.jpg 1152w, https:\/\/www.radiopiu.net\/wordpress\/wp-content\/uploads\/2025\/12\/Albero-di-Villabruna.jpg 1536w\" sizes=\"auto, (max-width: 225px) 100vw, 225px\" \/><\/a>\n\t\t\t\t<\/dt><\/dl><dl class='gallery-item'>\n\t\t\t\t<dt class='gallery-icon landscape'>\n\t\t\t\t\t<a class=\"rollover\" href='https:\/\/www.radiopiu.net\/wordpress\/1464-rose-rosse-per-lalbero-di-villabruna-di-feltre\/gruppo-filo-con-sindaco-fusaro\/'><img loading=\"lazy\" decoding=\"async\" width=\"300\" height=\"225\" src=\"https:\/\/www.radiopiu.net\/wordpress\/wp-content\/uploads\/2025\/12\/Gruppo-filo-con-sindaco-Fusaro-300x225.jpg\" class=\"attachment-medium size-medium\" alt=\"\" srcset=\"https:\/\/www.radiopiu.net\/wordpress\/wp-content\/uploads\/2025\/12\/Gruppo-filo-con-sindaco-Fusaro-300x225.jpg 300w, https:\/\/www.radiopiu.net\/wordpress\/wp-content\/uploads\/2025\/12\/Gruppo-filo-con-sindaco-Fusaro-1024x768.jpg 1024w, https:\/\/www.radiopiu.net\/wordpress\/wp-content\/uploads\/2025\/12\/Gruppo-filo-con-sindaco-Fusaro-768x576.jpg 768w, https:\/\/www.radiopiu.net\/wordpress\/wp-content\/uploads\/2025\/12\/Gruppo-filo-con-sindaco-Fusaro-1536x1152.jpg 1536w, https:\/\/www.radiopiu.net\/wordpress\/wp-content\/uploads\/2025\/12\/Gruppo-filo-con-sindaco-Fusaro.jpg 2048w\" sizes=\"auto, (max-width: 300px) 100vw, 300px\" \/><\/a>\n\t\t\t\t<\/dt><\/dl><dl class='gallery-item'>\n\t\t\t\t<dt class='gallery-icon landscape'>\n\t\t\t\t\t<a class=\"rollover\" href='https:\/\/www.radiopiu.net\/wordpress\/1464-rose-rosse-per-lalbero-di-villabruna-di-feltre\/immagini-serata\/'><img loading=\"lazy\" decoding=\"async\" width=\"300\" height=\"225\" src=\"https:\/\/www.radiopiu.net\/wordpress\/wp-content\/uploads\/2025\/12\/Immagini-serata-300x225.jpg\" class=\"attachment-medium size-medium\" alt=\"\" srcset=\"https:\/\/www.radiopiu.net\/wordpress\/wp-content\/uploads\/2025\/12\/Immagini-serata-300x225.jpg 300w, https:\/\/www.radiopiu.net\/wordpress\/wp-content\/uploads\/2025\/12\/Immagini-serata-1024x768.jpg 1024w, https:\/\/www.radiopiu.net\/wordpress\/wp-content\/uploads\/2025\/12\/Immagini-serata-768x576.jpg 768w, https:\/\/www.radiopiu.net\/wordpress\/wp-content\/uploads\/2025\/12\/Immagini-serata-1536x1152.jpg 1536w, https:\/\/www.radiopiu.net\/wordpress\/wp-content\/uploads\/2025\/12\/Immagini-serata.jpg 2048w\" sizes=\"auto, (max-width: 300px) 100vw, 300px\" \/><\/a>\n\t\t\t\t<\/dt><\/dl><dl class='gallery-item'>\n\t\t\t\t<dt class='gallery-icon portrait'>\n\t\t\t\t\t<a class=\"rollover\" href='https:\/\/www.radiopiu.net\/wordpress\/1464-rose-rosse-per-lalbero-di-villabruna-di-feltre\/albero-e-campanile\/'><img loading=\"lazy\" decoding=\"async\" width=\"225\" height=\"300\" src=\"https:\/\/www.radiopiu.net\/wordpress\/wp-content\/uploads\/2025\/12\/Albero-e-Campanile-225x300.jpg\" class=\"attachment-medium size-medium\" alt=\"\" srcset=\"https:\/\/www.radiopiu.net\/wordpress\/wp-content\/uploads\/2025\/12\/Albero-e-Campanile-225x300.jpg 225w, https:\/\/www.radiopiu.net\/wordpress\/wp-content\/uploads\/2025\/12\/Albero-e-Campanile-768x1024.jpg 768w, https:\/\/www.radiopiu.net\/wordpress\/wp-content\/uploads\/2025\/12\/Albero-e-Campanile-1152x1536.jpg 1152w, https:\/\/www.radiopiu.net\/wordpress\/wp-content\/uploads\/2025\/12\/Albero-e-Campanile.jpg 1200w\" sizes=\"auto, (max-width: 225px) 100vw, 225px\" \/><\/a>\n\t\t\t\t<\/dt><\/dl><br style=\"clear: both\" \/>\n\t\t\t<\/div>\n\n<p>&nbsp;<\/p>\n<hr \/>\n<p>&nbsp;<\/p>\n<div class=\"page-title-head hgroup\">\n<blockquote>\n<h3 class=\"entry-title\">MUSEI ITALIANI SEMPRE PI\u00d9 GLOBALI: IL REPORT DI AMUSEAPP<\/h3>\n<\/blockquote>\n<\/div>\n<p><strong>BELLUNO<\/strong><\/p>\n<p data-start=\"62\" data-end=\"379\"><strong class=\"photoswipe-wrapper\"><a class=\"dt-pswp-item pspw-wrap-ready\" href=\"https:\/\/www.radiopiu.net\/wordpress\/wp-content\/uploads\/2025\/12\/Screenshot-2025-12-09-102237.png\" data-dt-img-description=\"\" data-large_image_width=\"395\" data-large_image_height=\"274\"><img loading=\"lazy\" decoding=\"async\" class=\"size-medium wp-image-484953 alignleft\" src=\"https:\/\/www.radiopiu.net\/wordpress\/wp-content\/uploads\/2025\/12\/Screenshot-2025-12-09-102237-300x208.png\" sizes=\"auto, (max-width: 300px) 100vw, 300px\" srcset=\"https:\/\/www.radiopiu.net\/wordpress\/wp-content\/uploads\/2025\/12\/Screenshot-2025-12-09-102237-300x208.png 300w, https:\/\/www.radiopiu.net\/wordpress\/wp-content\/uploads\/2025\/12\/Screenshot-2025-12-09-102237.png 395w\" alt=\"\" width=\"300\" height=\"208\" \/><\/a><\/strong><\/p>\n<p><strong class=\"photoswipe-wrapper\">amuseapp\u00a0<\/strong>startup fondata a Belluno e specializzata in intelligenza artificiale applicata alla cultura, pubblica il suo primo report nazionale sull\u2019esperienza nei musei italiani nel 2025. I dati confermano una tendenza chiara: il 42% dei visitatori arriva dall\u2019estero, con presenze provenienti da 144 Paesi. Cresce l\u2019apprezzamento per audioguide digitali e contenuti multilingue, strumenti che rendono pi\u00f9 semplice e coinvolgente la visita. La piattaforma \u00e8 gi\u00e0 utilizzata da circa 70 istituzioni culturali, tra cui Palazzo Ducale di Venezia, musei d\u2019impresa e numerosi luoghi della cultura in tutta Italia. Un segnale forte: il turismo culturale \u00e8 sempre pi\u00f9 internazionale e chiede esperienze accessibili e personalizzate<\/p>\n<p>&nbsp;<\/p>\n<p>&nbsp;<\/p>\n<p>&nbsp;<\/p>\n<p>&nbsp;<\/p>\n<p>&nbsp;<\/p>\n<hr \/>\n<p>&nbsp;<\/p>\n<blockquote>\n<h3>VENT\u2019ANNI DOPO TORNA IN SALA IL CORTOMETRAGGIO REALIZZATO DA PERSONE CON DISABILIT\u00c0 UMANICHINI<\/h3>\n<\/blockquote>\n<p><b><a class=\"dt-pswp-item\" href=\"https:\/\/www.radiopiu.net\/wordpress\/wp-content\/uploads\/2025\/12\/Umanichini.png\" data-dt-img-description=\"\" data-large_image_width=\"1748\" data-large_image_height=\"1240\"><img loading=\"lazy\" decoding=\"async\" class=\" wp-image-485020 alignleft\" src=\"https:\/\/www.radiopiu.net\/wordpress\/wp-content\/uploads\/2025\/12\/Umanichini-300x213.png\" alt=\"\" width=\"182\" height=\"129\" srcset=\"https:\/\/www.radiopiu.net\/wordpress\/wp-content\/uploads\/2025\/12\/Umanichini-300x213.png 300w, https:\/\/www.radiopiu.net\/wordpress\/wp-content\/uploads\/2025\/12\/Umanichini-1024x726.png 1024w, https:\/\/www.radiopiu.net\/wordpress\/wp-content\/uploads\/2025\/12\/Umanichini-768x545.png 768w, https:\/\/www.radiopiu.net\/wordpress\/wp-content\/uploads\/2025\/12\/Umanichini-1536x1090.png 1536w, https:\/\/www.radiopiu.net\/wordpress\/wp-content\/uploads\/2025\/12\/Umanichini.png 1748w\" sizes=\"auto, (max-width: 182px) 100vw, 182px\" \/><\/a>DI ALESSIA DALL&#8217;O&#8217;<\/b><\/p>\n<p><strong>BELLUNO <\/strong>A esatti vent\u2019anni dalla realizzazione, torna in sala \u201cUmanichini\u201d, il cortometraggio creato nel 2005 dalle persone con disabilit\u00e0 dei Centri Diurni della Cooperativa bellunese Societ\u00e0 Nuova. Il film, che all\u2019epoca riscosse molti apprezzamenti, racconta una storia d\u2019amore universale e segn\u00f2 non solo un momento di comunit\u00e0, ma soprattutto una svolta nel modo di vedere le abilit\u00e0 degli ospiti della cooperativa. La proiezione, con un momento di approfondimento su l&#8217;autodeterminazione della persona con disabilit\u00e0, \u00e8 in programma luned\u00ec 22 dicembre alle 18 a Palazzo Crepadona. Evento gratuito, prenotazione obbligatoria.<\/p>\n<p>&nbsp;<\/p>\n<p>&nbsp;<\/p>\n<hr \/>\n<p>&nbsp;<\/p>\n<blockquote>\n<h3>IL TEATRO CHE PARLA AI GIOVANI. LA STAGIONE DI TIB TEATRO \u201cGIOVED\u00cc GIOVANI H21<\/h3>\n<\/blockquote>\n<p><strong><a class=\"dt-pswp-item\" href=\"https:\/\/www.radiopiu.net\/wordpress\/wp-content\/uploads\/2025\/12\/g1_La-Sparanoia.jpg\" data-dt-img-description=\"\" data-large_image_width=\"1717\" data-large_image_height=\"1144\"><img loading=\"lazy\" decoding=\"async\" class=\" wp-image-485031 alignleft\" src=\"https:\/\/www.radiopiu.net\/wordpress\/wp-content\/uploads\/2025\/12\/g1_La-Sparanoia-300x200.jpg\" alt=\"\" width=\"164\" height=\"109\" srcset=\"https:\/\/www.radiopiu.net\/wordpress\/wp-content\/uploads\/2025\/12\/g1_La-Sparanoia-300x200.jpg 300w, https:\/\/www.radiopiu.net\/wordpress\/wp-content\/uploads\/2025\/12\/g1_La-Sparanoia-1024x682.jpg 1024w, https:\/\/www.radiopiu.net\/wordpress\/wp-content\/uploads\/2025\/12\/g1_La-Sparanoia-768x512.jpg 768w, https:\/\/www.radiopiu.net\/wordpress\/wp-content\/uploads\/2025\/12\/g1_La-Sparanoia-1536x1023.jpg 1536w, https:\/\/www.radiopiu.net\/wordpress\/wp-content\/uploads\/2025\/12\/g1_La-Sparanoia.jpg 1717w\" sizes=\"auto, (max-width: 164px) 100vw, 164px\" \/><\/a>DI ALESSIA DALL&#8217;O&#8217;<\/strong><\/p>\n<p><strong>BELLUNO <\/strong>Gioved\u00ec 11 dicembre alle 21 il Teatro Comunale Dino Buzzati inaugura la nuova stagione \u201cGioved\u00ec Giovani h21\u201d. Si apre la scena con lo spettacolo La Sparanoia di Niccol\u00f2 Fettarappa e Lorenzo Guerrieri, tra i nomi pi\u00f9 sorprendenti della giovane scena italiana.<br \/>\nUna rassegna dedicata ai nuovi linguaggi del teatro contemporaneo, prodotta da Tib Teatro in collaborazione con Fondazione Teatri delle Dolomiti e Comune di Belluno. Lo spettacolo \u201cLa Sparanoia\u201d si apre con una frase-manifesto che dice: \u201cNon ci sono buone notizie. La Sinistra \u00e8 defunta ed \u00e8 meglio cos\u00ec.\u201d Da qui prende forma un\u2019analisi corrosiva e lucidissima che attraversa precariet\u00e0, ansie generazionali, repressioni domestiche, rivoluzioni sognate e mai realizzate, guardando dritto negli occhi delle generazioni pi\u00f9 giovani.<strong><br \/>\n<\/strong><\/p>\n<p>&nbsp;<\/p>\n<p>&nbsp;<\/p>\n<hr \/>\n<p>&nbsp;<\/p>\n<h2><span style=\"color: #ff0000;\">CONSIGLI COMUNALI IN AGORDINO<\/span><\/h2>\n<p><strong><a class=\"dt-pswp-item\" href=\"https:\/\/www.radiopiu.net\/wordpress\/wp-content\/uploads\/2020\/03\/MINUTO-SILENZIO-MUNICIPIO-LIVINALLONGO.jpg\" data-dt-img-description=\"\" data-large_image_width=\"854\" data-large_image_height=\"960\"><img loading=\"lazy\" decoding=\"async\" class=\" wp-image-126458 alignleft\" src=\"https:\/\/www.radiopiu.net\/wordpress\/wp-content\/uploads\/2020\/03\/MINUTO-SILENZIO-MUNICIPIO-LIVINALLONGO-267x300.jpg\" alt=\"\" width=\"88\" height=\"99\" srcset=\"https:\/\/www.radiopiu.net\/wordpress\/wp-content\/uploads\/2020\/03\/MINUTO-SILENZIO-MUNICIPIO-LIVINALLONGO-267x300.jpg 267w, https:\/\/www.radiopiu.net\/wordpress\/wp-content\/uploads\/2020\/03\/MINUTO-SILENZIO-MUNICIPIO-LIVINALLONGO-768x863.jpg 768w, https:\/\/www.radiopiu.net\/wordpress\/wp-content\/uploads\/2020\/03\/MINUTO-SILENZIO-MUNICIPIO-LIVINALLONGO.jpg 854w\" sizes=\"auto, (max-width: 88px) 100vw, 88px\" \/><\/a> <\/strong><\/p>\n<p><strong>\u00a0<\/strong><\/p>\n<p><strong>LIVINALLONGO<\/strong> Convocato il consiglio comunale per venerd\u00ec alle 20:30. Due i punti da trattare: l&#8217;addizionale IRPEF e l&#8217;imposta municipale propria (IMU) per il 2026<\/p>\n<p>&nbsp;<\/p>\n<p>&nbsp;<\/p>\n<p>&nbsp;<\/p>\n<p>&nbsp;<\/p>\n<hr \/>\n<p>&nbsp;<\/p>\n<div class=\"page-title-head hgroup\">\n<blockquote>\n<h3 class=\"entry-title\">GOSALDO ACCENDE IL NATALE: INAUGURATA LA CASETTA DI BABBO NATALE E L\u2019ALBERO IN PIAZZA<\/h3>\n<\/blockquote>\n<\/div>\n<div class=\"page-title-breadcrumbs\">\n<p><span style=\"color: #ff0000;\"><strong>GOSALDO<\/strong><\/span><\/p>\n<p data-start=\"91\" data-end=\"382\"><a class=\"dt-pswp-item\" href=\"https:\/\/www.radiopiu.net\/wordpress\/wp-content\/uploads\/2025\/12\/PHOTO-2025-12-07-19-33-07-2.jpg\" data-dt-img-description=\"\" data-large_image_width=\"1599\" data-large_image_height=\"1191\"><img loading=\"lazy\" decoding=\"async\" class=\"size-medium wp-image-484938 alignleft\" src=\"https:\/\/www.radiopiu.net\/wordpress\/wp-content\/uploads\/2025\/12\/PHOTO-2025-12-07-19-33-07-2-300x223.jpg\" alt=\"\" width=\"300\" height=\"223\" srcset=\"https:\/\/www.radiopiu.net\/wordpress\/wp-content\/uploads\/2025\/12\/PHOTO-2025-12-07-19-33-07-2-300x223.jpg 300w, https:\/\/www.radiopiu.net\/wordpress\/wp-content\/uploads\/2025\/12\/PHOTO-2025-12-07-19-33-07-2-1024x763.jpg 1024w, https:\/\/www.radiopiu.net\/wordpress\/wp-content\/uploads\/2025\/12\/PHOTO-2025-12-07-19-33-07-2-768x572.jpg 768w, https:\/\/www.radiopiu.net\/wordpress\/wp-content\/uploads\/2025\/12\/PHOTO-2025-12-07-19-33-07-2-1536x1144.jpg 1536w, https:\/\/www.radiopiu.net\/wordpress\/wp-content\/uploads\/2025\/12\/PHOTO-2025-12-07-19-33-07-2.jpg 1599w\" sizes=\"auto, (max-width: 300px) 100vw, 300px\" \/><\/a>Il Natale a Gosaldo \u00e8 ufficialmente iniziato. Domenica scorsa la piazza di Don si \u00e8 illuminata con la tradizionale accensione dell\u2019albero, accompagnata dall\u2019attesa apertura della Casetta di Babbo Natale, che ha richiamato famiglie, bambini e residenti in un clima di festa autentica. Tra luci calde, decorazioni e sorrisi, la comunit\u00e0 ha dato il via alle celebrazioni natalizie in un\u2019atmosfera che ha subito scaldato il cuore di tutti i presenti. I pi\u00f9 piccoli hanno potuto visitare la casetta, lasciando pensieri e letterine a Babbo Natale, che far\u00e0 ritorno in paese alla vigilia. Il prossimo appuntamento \u00e8 fissato per il 24 dicembre, quando le vie di Gosaldo saranno animate dalla musica degli zampognari e dai canti natalizi del coro di Gosaldo, in attesa dell\u2019arrivo di Babbo Natale che porter\u00e0 un dono a tutti i bambini. Un dicembre ricco di magia e tradizione, che unisce la comunit\u00e0 nel segno della festa pi\u00f9 attesa dell\u2019anno.<\/p>\n<p>&nbsp;<\/p>\n<p data-start=\"91\" data-end=\"382\"><strong>L&#8217;INTERVISTA ALLA RADIO, DI MIRKO MEZZACASA<\/strong><\/p>\n<p data-start=\"91\" data-end=\"382\">STEFANO MARCON\u00a0 &#8211; MORENO DA ZANCHE &#8211; DONATELLO GALATONE &#8211; SARA LAVEDER<\/p>\n<audio class=\"wp-audio-shortcode\" id=\"audio-484851-15\" preload=\"none\" style=\"width: 100%;\" controls=\"controls\"><source type=\"audio\/mpeg\" src=\"https:\/\/www.radiopiu.net\/wordpress\/wp-content\/uploads\/2025\/12\/PROLOCO-GOSALDO-2025.mp3?_=15\" \/><a href=\"https:\/\/www.radiopiu.net\/wordpress\/wp-content\/uploads\/2025\/12\/PROLOCO-GOSALDO-2025.mp3\">https:\/\/www.radiopiu.net\/wordpress\/wp-content\/uploads\/2025\/12\/PROLOCO-GOSALDO-2025.mp3<\/a><\/audio>\n<p>&nbsp;<\/p>\n\n\t\t\t<style type='text\/css'>\n\t\t\t\t#gallery-4 {\n\t\t\t\t\tmargin: auto;\n\t\t\t\t}\n\t\t\t\t#gallery-4 .gallery-item {\n\t\t\t\t\tfloat: left;\n\t\t\t\t\tmargin-top: 10px;\n\t\t\t\t\ttext-align: center;\n\t\t\t\t\twidth: 33%;\n\t\t\t\t}\n\t\t\t\t#gallery-4 img {\n\t\t\t\t\tborder: 2px solid #cfcfcf;\n\t\t\t\t}\n\t\t\t\t#gallery-4 .gallery-caption {\n\t\t\t\t\tmargin-left: 0;\n\t\t\t\t}\n\t\t\t\t\/* see gallery_shortcode() in wp-includes\/media.php *\/\n\t\t\t<\/style>\n\t\t<div id='gallery-4' class='dt-gallery-container gallery galleryid-484851 gallery-columns-3 gallery-size-medium'><dl class='gallery-item'>\n\t\t\t\t<dt class='gallery-icon landscape'>\n\t\t\t\t\t<a class=\"rollover rollover-zoom dt-pswp-item\" title=\"PHOTO-2025-12-07-19-18-01\" data-dt-img-description=\"\" data-large_image_width=\"1600\" data-large_image_height=\"1200\"href='https:\/\/www.radiopiu.net\/wordpress\/wp-content\/uploads\/2025\/12\/PHOTO-2025-12-07-19-18-01.jpg'><img loading=\"lazy\" decoding=\"async\" width=\"300\" height=\"225\" src=\"https:\/\/www.radiopiu.net\/wordpress\/wp-content\/uploads\/2025\/12\/PHOTO-2025-12-07-19-18-01-300x225.jpg\" class=\"attachment-medium size-medium\" alt=\"\" srcset=\"https:\/\/www.radiopiu.net\/wordpress\/wp-content\/uploads\/2025\/12\/PHOTO-2025-12-07-19-18-01-300x225.jpg 300w, https:\/\/www.radiopiu.net\/wordpress\/wp-content\/uploads\/2025\/12\/PHOTO-2025-12-07-19-18-01-1024x768.jpg 1024w, https:\/\/www.radiopiu.net\/wordpress\/wp-content\/uploads\/2025\/12\/PHOTO-2025-12-07-19-18-01-768x576.jpg 768w, https:\/\/www.radiopiu.net\/wordpress\/wp-content\/uploads\/2025\/12\/PHOTO-2025-12-07-19-18-01-1536x1152.jpg 1536w, https:\/\/www.radiopiu.net\/wordpress\/wp-content\/uploads\/2025\/12\/PHOTO-2025-12-07-19-18-01.jpg 1600w\" sizes=\"auto, (max-width: 300px) 100vw, 300px\" \/><\/a>\n\t\t\t\t<\/dt><\/dl><dl class='gallery-item'>\n\t\t\t\t<dt class='gallery-icon landscape'>\n\t\t\t\t\t<a class=\"rollover rollover-zoom dt-pswp-item\" title=\"PHOTO-2025-12-07-19-33-07\" data-dt-img-description=\"\" data-large_image_width=\"1600\" data-large_image_height=\"1200\"href='https:\/\/www.radiopiu.net\/wordpress\/wp-content\/uploads\/2025\/12\/PHOTO-2025-12-07-19-33-07.jpg'><img loading=\"lazy\" decoding=\"async\" width=\"300\" height=\"225\" src=\"https:\/\/www.radiopiu.net\/wordpress\/wp-content\/uploads\/2025\/12\/PHOTO-2025-12-07-19-33-07-300x225.jpg\" class=\"attachment-medium size-medium\" alt=\"\" srcset=\"https:\/\/www.radiopiu.net\/wordpress\/wp-content\/uploads\/2025\/12\/PHOTO-2025-12-07-19-33-07-300x225.jpg 300w, https:\/\/www.radiopiu.net\/wordpress\/wp-content\/uploads\/2025\/12\/PHOTO-2025-12-07-19-33-07-1024x768.jpg 1024w, https:\/\/www.radiopiu.net\/wordpress\/wp-content\/uploads\/2025\/12\/PHOTO-2025-12-07-19-33-07-768x576.jpg 768w, https:\/\/www.radiopiu.net\/wordpress\/wp-content\/uploads\/2025\/12\/PHOTO-2025-12-07-19-33-07-1536x1152.jpg 1536w, https:\/\/www.radiopiu.net\/wordpress\/wp-content\/uploads\/2025\/12\/PHOTO-2025-12-07-19-33-07.jpg 1600w\" sizes=\"auto, (max-width: 300px) 100vw, 300px\" \/><\/a>\n\t\t\t\t<\/dt><\/dl><dl class='gallery-item'>\n\t\t\t\t<dt class='gallery-icon landscape'>\n\t\t\t\t\t<a class=\"rollover rollover-zoom dt-pswp-item\" title=\"PHOTO-2025-12-07-19-18-01 2\" data-dt-img-description=\"\" data-large_image_width=\"1600\" data-large_image_height=\"1200\"href='https:\/\/www.radiopiu.net\/wordpress\/wp-content\/uploads\/2025\/12\/PHOTO-2025-12-07-19-18-01-2.jpg'><img loading=\"lazy\" decoding=\"async\" width=\"300\" height=\"225\" src=\"https:\/\/www.radiopiu.net\/wordpress\/wp-content\/uploads\/2025\/12\/PHOTO-2025-12-07-19-18-01-2-300x225.jpg\" class=\"attachment-medium size-medium\" alt=\"\" srcset=\"https:\/\/www.radiopiu.net\/wordpress\/wp-content\/uploads\/2025\/12\/PHOTO-2025-12-07-19-18-01-2-300x225.jpg 300w, https:\/\/www.radiopiu.net\/wordpress\/wp-content\/uploads\/2025\/12\/PHOTO-2025-12-07-19-18-01-2-1024x768.jpg 1024w, https:\/\/www.radiopiu.net\/wordpress\/wp-content\/uploads\/2025\/12\/PHOTO-2025-12-07-19-18-01-2-768x576.jpg 768w, https:\/\/www.radiopiu.net\/wordpress\/wp-content\/uploads\/2025\/12\/PHOTO-2025-12-07-19-18-01-2-1536x1152.jpg 1536w, https:\/\/www.radiopiu.net\/wordpress\/wp-content\/uploads\/2025\/12\/PHOTO-2025-12-07-19-18-01-2.jpg 1600w\" sizes=\"auto, (max-width: 300px) 100vw, 300px\" \/><\/a>\n\t\t\t\t<\/dt><\/dl><br style=\"clear: both\" \/>\n\t\t\t<\/div>\n\n<p>&nbsp;<\/p>\n<\/div>\n<hr \/>\n<p>&nbsp;<\/p>\n<blockquote>\n<h3>IL PRESEPE OLIMPICO A RONCOI DI SAN GREGORIO<\/h3>\n<\/blockquote>\n<p><strong>DI ALESSIA DALL&#8217;O&#8217;<\/strong><\/p>\n<p><strong>SAN GREGORIO NELLE ALPI\u00a0 <\/strong>Una storia piccola ma luminosa, da Roncoi di San gregorio nelle Alpi, dove un presepe davvero particolare, segnalato da un nostro radioascoltatore sta attirando curiosi e visitatori. Si tratta di presepe interamente fatto a mano, con dei semplici e vivaci pon pon, posizionato nella piazzetta del paese, con statuine colorate\u2026 che sciano. Una scena insolita, quasi surreale, arricchita dai cerchi olimpici apparsi sul cartello della frazione, in omaggio ai Giochi sulle Dolomiti. Dietro l\u2019opera c\u2019\u00e8 il lavoro della signora Ketty Dal Piva e di un gruppo di donne del paese, che da settimane si riuniscono in un <em>fil\u00f2<\/em> spontaneo per confezionare il loro \u201cPresepe olimpico\u201d. Gli uomini hanno poi collaborato all\u2019installazione, trasformando il progetto in un vero lavoro di squadra. Il presepe sar\u00e0 visitabile fino a met\u00e0 gennaio.<\/p>\n\n\t\t\t<style type='text\/css'>\n\t\t\t\t#gallery-5 {\n\t\t\t\t\tmargin: auto;\n\t\t\t\t}\n\t\t\t\t#gallery-5 .gallery-item {\n\t\t\t\t\tfloat: left;\n\t\t\t\t\tmargin-top: 10px;\n\t\t\t\t\ttext-align: center;\n\t\t\t\t\twidth: 16%;\n\t\t\t\t}\n\t\t\t\t#gallery-5 img {\n\t\t\t\t\tborder: 2px solid #cfcfcf;\n\t\t\t\t}\n\t\t\t\t#gallery-5 .gallery-caption {\n\t\t\t\t\tmargin-left: 0;\n\t\t\t\t}\n\t\t\t\t\/* see gallery_shortcode() in wp-includes\/media.php *\/\n\t\t\t<\/style>\n\t\t<div id='gallery-5' class='dt-gallery-container gallery galleryid-484851 gallery-columns-6 gallery-size-thumbnail'><dl class='gallery-item'>\n\t\t\t\t<dt class='gallery-icon portrait'>\n\t\t\t\t\t<a class=\"rollover rollover-zoom dt-pswp-item\" title=\"Cerchi olimpici Roncoi\" data-dt-img-description=\"\" data-large_image_width=\"900\" data-large_image_height=\"1600\"href='https:\/\/www.radiopiu.net\/wordpress\/wp-content\/uploads\/2025\/12\/Cerchi-olimpici-Roncoi.jpg'><img loading=\"lazy\" decoding=\"async\" width=\"150\" height=\"150\" src=\"https:\/\/www.radiopiu.net\/wordpress\/wp-content\/uploads\/2025\/12\/Cerchi-olimpici-Roncoi-150x150.jpg\" class=\"attachment-thumbnail size-thumbnail\" alt=\"\" \/><\/a>\n\t\t\t\t<\/dt><\/dl><dl class='gallery-item'>\n\t\t\t\t<dt class='gallery-icon portrait'>\n\t\t\t\t\t<a class=\"rollover rollover-zoom dt-pswp-item\" title=\"Donne Filo\u0300 di roncoi\" data-dt-img-description=\"\" data-large_image_width=\"1200\" data-large_image_height=\"1600\"href='https:\/\/www.radiopiu.net\/wordpress\/wp-content\/uploads\/2025\/12\/Donne-Filo-di-roncoi.jpg'><img loading=\"lazy\" decoding=\"async\" width=\"150\" height=\"150\" src=\"https:\/\/www.radiopiu.net\/wordpress\/wp-content\/uploads\/2025\/12\/Donne-Filo-di-roncoi-150x150.jpg\" class=\"attachment-thumbnail size-thumbnail\" alt=\"\" \/><\/a>\n\t\t\t\t<\/dt><\/dl><dl class='gallery-item'>\n\t\t\t\t<dt class='gallery-icon portrait'>\n\t\t\t\t\t<a class=\"rollover rollover-zoom dt-pswp-item\" title=\"Donne Gruppo Filo\u0300 con sindaco viviana Fusaro\" data-dt-img-description=\"\" data-large_image_width=\"1536\" data-large_image_height=\"2048\"href='https:\/\/www.radiopiu.net\/wordpress\/wp-content\/uploads\/2025\/12\/Donne-Gruppo-Filo-con-sindaco-viviana-Fusaro.jpg'><img loading=\"lazy\" decoding=\"async\" width=\"150\" height=\"150\" src=\"https:\/\/www.radiopiu.net\/wordpress\/wp-content\/uploads\/2025\/12\/Donne-Gruppo-Filo-con-sindaco-viviana-Fusaro-150x150.jpg\" class=\"attachment-thumbnail size-thumbnail\" alt=\"\" \/><\/a>\n\t\t\t\t<\/dt><\/dl><dl class='gallery-item'>\n\t\t\t\t<dt class='gallery-icon portrait'>\n\t\t\t\t\t<a class=\"rollover rollover-zoom dt-pswp-item\" title=\"Donne roncoi\" data-dt-img-description=\"\" data-large_image_width=\"1200\" data-large_image_height=\"1600\"href='https:\/\/www.radiopiu.net\/wordpress\/wp-content\/uploads\/2025\/12\/Donne-roncoi.jpg'><img loading=\"lazy\" decoding=\"async\" width=\"150\" height=\"150\" src=\"https:\/\/www.radiopiu.net\/wordpress\/wp-content\/uploads\/2025\/12\/Donne-roncoi-150x150.jpg\" class=\"attachment-thumbnail size-thumbnail\" alt=\"\" \/><\/a>\n\t\t\t\t<\/dt><\/dl><dl class='gallery-item'>\n\t\t\t\t<dt class='gallery-icon landscape'>\n\t\t\t\t\t<a class=\"rollover rollover-zoom dt-pswp-item\" title=\"Presepe Roncoi 2\" data-dt-img-description=\"\" data-large_image_width=\"1600\" data-large_image_height=\"1204\"href='https:\/\/www.radiopiu.net\/wordpress\/wp-content\/uploads\/2025\/12\/Presepe-Roncoi-2.jpg'><img loading=\"lazy\" decoding=\"async\" width=\"150\" height=\"150\" src=\"https:\/\/www.radiopiu.net\/wordpress\/wp-content\/uploads\/2025\/12\/Presepe-Roncoi-2-150x150.jpg\" class=\"attachment-thumbnail size-thumbnail\" alt=\"\" \/><\/a>\n\t\t\t\t<\/dt><\/dl><dl class='gallery-item'>\n\t\t\t\t<dt class='gallery-icon landscape'>\n\t\t\t\t\t<a class=\"rollover rollover-zoom dt-pswp-item\" title=\"Presepe Roncoi\" data-dt-img-description=\"\" data-large_image_width=\"1600\" data-large_image_height=\"1204\"href='https:\/\/www.radiopiu.net\/wordpress\/wp-content\/uploads\/2025\/12\/Presepe-Roncoi.jpg'><img loading=\"lazy\" decoding=\"async\" width=\"150\" height=\"150\" src=\"https:\/\/www.radiopiu.net\/wordpress\/wp-content\/uploads\/2025\/12\/Presepe-Roncoi-150x150.jpg\" class=\"attachment-thumbnail size-thumbnail\" alt=\"\" \/><\/a>\n\t\t\t\t<\/dt><\/dl><br style=\"clear: both\" \/>\n\t\t\t<\/div>\n\n<p>&nbsp;<\/p>\n<hr \/>\n<p>&nbsp;<\/p>\n<blockquote>\n<h3>OPEN DAY ALLA SCUOLA DELL&#8217;INFANZIA DI AGORDO<\/h3>\n<\/blockquote>\n<p><strong><a class=\"dt-pswp-item\" href=\"https:\/\/www.radiopiu.net\/wordpress\/wp-content\/uploads\/2021\/03\/ed290f40-7d29-4675-8cf9-0210b20495e7.jpg\" data-dt-img-description=\"\" data-large_image_width=\"1984\" data-large_image_height=\"1120\"><img loading=\"lazy\" decoding=\"async\" class=\" wp-image-200591 alignleft\" src=\"https:\/\/www.radiopiu.net\/wordpress\/wp-content\/uploads\/2021\/03\/ed290f40-7d29-4675-8cf9-0210b20495e7-300x169.jpg\" alt=\"\" width=\"201\" height=\"113\" srcset=\"https:\/\/www.radiopiu.net\/wordpress\/wp-content\/uploads\/2021\/03\/ed290f40-7d29-4675-8cf9-0210b20495e7-300x169.jpg 300w, https:\/\/www.radiopiu.net\/wordpress\/wp-content\/uploads\/2021\/03\/ed290f40-7d29-4675-8cf9-0210b20495e7-1024x578.jpg 1024w, https:\/\/www.radiopiu.net\/wordpress\/wp-content\/uploads\/2021\/03\/ed290f40-7d29-4675-8cf9-0210b20495e7-768x434.jpg 768w, https:\/\/www.radiopiu.net\/wordpress\/wp-content\/uploads\/2021\/03\/ed290f40-7d29-4675-8cf9-0210b20495e7-1536x867.jpg 1536w, https:\/\/www.radiopiu.net\/wordpress\/wp-content\/uploads\/2021\/03\/ed290f40-7d29-4675-8cf9-0210b20495e7.jpg 1984w\" sizes=\"auto, (max-width: 201px) 100vw, 201px\" \/><\/a>AGORDO<\/strong> La Scuola dell\u2019Infanzia di Agordo apre le porte alle famiglie con un Open Day speciale marted\u00ec 16 dicembre, dalle 15 alle 17. Un\u2019occasione per visitare gli spazi dedicati ai pi\u00f9 piccoli, conoscere le insegnanti e permettere ai bambini di vivere in anticipo l\u2019atmosfera accogliente della scuola. Durante l\u2019incontro sar\u00e0 possibile effettuare la preiscrizione per l\u2019anno scolastico 2026\/2027 e ricevere tutte le informazioni utili. Per chiarimenti o dettagli \u00e8 possibile contattare il numero 0437 62261. La Scuola dell\u2019Infanzia di Agordo si conferma un luogo dove crescere insieme, tra serenit\u00e0, cura e gioco quotidiano.<\/p>\n<p>&nbsp;<\/p>\n<p>&nbsp;<\/p>\n<hr \/>\n<p>&nbsp;<\/p>\n<p>&nbsp;<\/p>\n<blockquote>\n<p data-start=\"0\" data-end=\"61\"><strong data-start=\"0\" data-end=\"61\"><a class=\"dt-pswp-item\" href=\"https:\/\/www.radiopiu.net\/wordpress\/wp-content\/uploads\/2025\/12\/Screenshot-2025-12-09-104618.png\" data-dt-img-description=\"\" data-large_image_width=\"521\" data-large_image_height=\"236\"><img loading=\"lazy\" decoding=\"async\" class=\" wp-image-484960 alignleft\" src=\"https:\/\/www.radiopiu.net\/wordpress\/wp-content\/uploads\/2025\/12\/Screenshot-2025-12-09-104618-300x136.png\" alt=\"\" width=\"199\" height=\"90\" srcset=\"https:\/\/www.radiopiu.net\/wordpress\/wp-content\/uploads\/2025\/12\/Screenshot-2025-12-09-104618-300x136.png 300w, https:\/\/www.radiopiu.net\/wordpress\/wp-content\/uploads\/2025\/12\/Screenshot-2025-12-09-104618.png 521w\" sizes=\"auto, (max-width: 199px) 100vw, 199px\" \/><\/a>POESIA E MUSICA PER ATTENDERE IL NATALE<\/strong><\/p>\n<p data-start=\"0\" data-end=\"61\"><strong data-start=\"0\" data-end=\"61\"> PIEVE DI CADORE <\/strong>Gioved\u00ec 18 dicembre alle 17.30 Pieve di Cadore ospita un appuntamento speciale: <em data-start=\"143\" data-end=\"181\">Poesia e Musica aspettando il Natale<\/em>, presso La Loda della Cartoleria Tiziano. Protagonisti della serata il <strong data-start=\"256\" data-end=\"291\">Laboratorio di Scrittura Cadore<\/strong> e <strong data-start=\"294\" data-end=\"313\">Andrea Da Cort\u00e0<\/strong>, in un incontro che unisce parole, musica e atmosfera natalizia. L\u2019evento si svolge all\u2019interno della mostra <em data-start=\"423\" data-end=\"462\">Ritratti di famiglia e altri ritratti<\/em> di Giovanna Deppi, che raccoglie disegni, poesie e sculture. Ingresso libero, con brindisi offerto al termine. Un momento di cultura e comunit\u00e0 nel cuore del Cadore.<\/p>\n<\/blockquote>\n<p>&nbsp;<\/p>\n<p>&nbsp;<\/p>\n<hr \/>\n<p>&nbsp;<\/p>\n<p>&nbsp;<\/p>\n<blockquote>\n<p data-start=\"97\" data-end=\"149\"><strong data-start=\"97\" data-end=\"149\"><a class=\"dt-pswp-item\" href=\"https:\/\/www.radiopiu.net\/wordpress\/wp-content\/uploads\/2025\/12\/foto-coro-Adunata.jpg\" data-dt-img-description=\"\" data-large_image_width=\"1024\" data-large_image_height=\"683\"><img loading=\"lazy\" decoding=\"async\" class=\" wp-image-484976 alignleft\" src=\"https:\/\/www.radiopiu.net\/wordpress\/wp-content\/uploads\/2025\/12\/foto-coro-Adunata-300x200.jpg\" alt=\"\" width=\"236\" height=\"157\" srcset=\"https:\/\/www.radiopiu.net\/wordpress\/wp-content\/uploads\/2025\/12\/foto-coro-Adunata-300x200.jpg 300w, https:\/\/www.radiopiu.net\/wordpress\/wp-content\/uploads\/2025\/12\/foto-coro-Adunata-768x512.jpg 768w, https:\/\/www.radiopiu.net\/wordpress\/wp-content\/uploads\/2025\/12\/foto-coro-Adunata.jpg 1024w\" sizes=\"auto, (max-width: 236px) 100vw, 236px\" \/><\/a>CONCERTO PER I 25 ANNI DEL CORO A.N.A. \u201cADUNATA\u201d<\/strong><\/p>\n<\/blockquote>\n<p data-start=\"151\" data-end=\"314\"><strong>BELLUNO<\/strong> Il Coro A.N.A. \u201cAdunata\u201d della Sezione di Belluno celebra i suoi 25 anni con un concerto speciale <strong data-start=\"249\" data-end=\"280\">venerd\u00ec 12 dicembre alle 17<\/strong>, nella chiesa di Santo Stefano. Fondato nel 2000 da un gruppo di alpini, il coro ha partecipato a tutte le Adunate Nazionali dal 2001 ed \u00e8 oggi coro ufficiale della Sezione A.N.A. di Belluno. Per l\u2019anniversario proporr\u00e0 un programma insolito: non i classici canti alpini, ma brani regionali dedicati alle citt\u00e0 che hanno ospitato le Adunate negli ultimi 25 anni, dalla Sicilia alla Val d\u2019Aosta, fino a Trieste. In chiusura anche un canto natalizio. Ingresso libero.<\/p>\n<p>&nbsp;<\/p>\n<p>&nbsp;<\/p>\n<hr \/>\n<p>&nbsp;<\/p>\n<blockquote>\n<h3>INCONTRI SULLA SALUTE E LONGEVIT\u00c0 PER I SENIOR DI CORTINA<\/h3>\n<\/blockquote>\n<p><strong><a class=\"dt-pswp-item\" href=\"https:\/\/www.radiopiu.net\/wordpress\/wp-content\/uploads\/2025\/12\/JLSAGHLJGHAO.jpg\" data-dt-img-description=\"\" data-large_image_width=\"905\" data-large_image_height=\"685\"><img loading=\"lazy\" decoding=\"async\" class=\" wp-image-483736 alignleft\" src=\"https:\/\/www.radiopiu.net\/wordpress\/wp-content\/uploads\/2025\/12\/JLSAGHLJGHAO-300x227.jpg\" alt=\"\" width=\"137\" height=\"104\" srcset=\"https:\/\/www.radiopiu.net\/wordpress\/wp-content\/uploads\/2025\/12\/JLSAGHLJGHAO-300x227.jpg 300w, https:\/\/www.radiopiu.net\/wordpress\/wp-content\/uploads\/2025\/12\/JLSAGHLJGHAO-768x581.jpg 768w, https:\/\/www.radiopiu.net\/wordpress\/wp-content\/uploads\/2025\/12\/JLSAGHLJGHAO.jpg 905w\" sizes=\"auto, (max-width: 137px) 100vw, 137px\" \/><\/a>CORTINA <\/strong>Prosegue a dicembre il ciclo di incontri promossi da Ulss Dolomiti, Comune e Azienda Speciale Servizi alla Persona di Cortina, dedicato ai senior del territorio. Dopo gli appuntamenti su Fascicolo Sanitario Elettronico, disturbi neurocognitivi e osteoporosi, le nuove serate si terranno alla Casa delle Regole dalle 20.30 alle 21.30, con focus su invecchiamento e longevit\u00e0. L\u201911 dicembre 2025 Gianfranco Conati, direttore della Geriatria di Belluno, parler\u00e0 dei fattori che favoriscono una buona qualit\u00e0 di vita con l\u2019et\u00e0. Il 18 dicembre 2025 il cardiologo Carlo Ammendolea affronter\u00e0 il tema della salute cardiovascolare negli anziani. Gli incontri offriranno momenti di informazione, dialogo e socialit\u00e0, aperti a tutta la cittadinanza.<\/p>\n<p>&nbsp;<\/p>\n<p>&nbsp;<\/p>\n<hr \/>\n<p>&nbsp;<\/p>\n<blockquote>\n<h3><strong>SERATE PER RACCONTARE BORGO VALBELLUNA: IDENTIT\u00c0, VOCI E FUTURO<\/strong><\/h3>\n<\/blockquote>\n<p><strong><a class=\"dt-pswp-item\" href=\"https:\/\/www.radiopiu.net\/wordpress\/wp-content\/uploads\/2025\/12\/CONSULTA-GIOVANI-BORGO-VALBELLUNA.jpg\" data-dt-img-description=\"\" data-large_image_width=\"394\" data-large_image_height=\"225\"><img loading=\"lazy\" decoding=\"async\" class=\" wp-image-483558 alignleft\" src=\"https:\/\/www.radiopiu.net\/wordpress\/wp-content\/uploads\/2025\/12\/CONSULTA-GIOVANI-BORGO-VALBELLUNA-300x171.jpg\" alt=\"\" width=\"133\" height=\"76\" srcset=\"https:\/\/www.radiopiu.net\/wordpress\/wp-content\/uploads\/2025\/12\/CONSULTA-GIOVANI-BORGO-VALBELLUNA-300x171.jpg 300w, https:\/\/www.radiopiu.net\/wordpress\/wp-content\/uploads\/2025\/12\/CONSULTA-GIOVANI-BORGO-VALBELLUNA.jpg 394w\" sizes=\"auto, (max-width: 133px) 100vw, 133px\" \/><\/a>BORGO VALBELLUNA <\/strong>La Consulta Giovani del Borgo organizza delle proiezioni del documentario <em>\u201cBorgo Valbelluna, quante cose in comune\u2026\u201d<\/em>, un\u2019inchiesta che esplora cosa significhi oggi far parte della comunit\u00e0 nata dall\u2019unione di Trichiana, Mel e Lentiai. Gli incontri si terranno il 13 a Lentiai e il 20 a Trichiana, sempre alle 20:30. Il film raccoglie testimonianze autentiche e talvolta divergenti sull\u2019unificazione, evidenziando perplessit\u00e0, aspettative e riflessioni sul futuro della comunit\u00e0. L\u2019iniziativa, sviluppata nell\u2019ambito del progetto \u201cGenerazione di Energia in Azione\u201d, mira a stimolare dialogo, partecipazione e nuove idee, offrendo un punto di partenza per capire chi siamo e chi vogliamo diventare.<\/p>\n<p>&nbsp;<\/p>\n<p>&nbsp;<\/p>\n<hr \/>\n<p>&nbsp;<\/p>\n<blockquote>\n<h3>VENDITA DELLE BAMBOLE PIGOTTE UNICEF AD AGORDO<\/h3>\n<\/blockquote>\n<p><strong><a class=\"dt-pswp-item\" href=\"https:\/\/www.radiopiu.net\/wordpress\/wp-content\/uploads\/2022\/11\/UNICEF.png\" data-dt-img-description=\"\" data-large_image_width=\"1190\" data-large_image_height=\"704\"><img loading=\"lazy\" decoding=\"async\" class=\" wp-image-304756 alignleft\" src=\"https:\/\/www.radiopiu.net\/wordpress\/wp-content\/uploads\/2022\/11\/UNICEF-300x177.png\" alt=\"\" width=\"139\" height=\"82\" srcset=\"https:\/\/www.radiopiu.net\/wordpress\/wp-content\/uploads\/2022\/11\/UNICEF-300x177.png 300w, https:\/\/www.radiopiu.net\/wordpress\/wp-content\/uploads\/2022\/11\/UNICEF-1024x606.png 1024w, https:\/\/www.radiopiu.net\/wordpress\/wp-content\/uploads\/2022\/11\/UNICEF-768x454.png 768w, https:\/\/www.radiopiu.net\/wordpress\/wp-content\/uploads\/2022\/11\/UNICEF.png 1190w\" sizes=\"auto, (max-width: 139px) 100vw, 139px\" \/><\/a>AGORDO <\/strong>Oggi, al mercato settimanale di Agordo, i volontari dell\u2019UNICEF saranno presenti con la vendita delle celebri bambole Pigotte. L\u2019iniziativa sostiene il lavoro dell\u2019UNICEF a livello mondiale, volto a promuovere i diritti dei bambini e garantire loro salute, istruzione e protezione. Acquistando una Pigotta, \u00e8 possibile contribuire concretamente a progetti che migliorano la vita dei pi\u00f9 piccoli, aiutando l\u2019ente a continuare la sua missione di solidariet\u00e0 e supporto globale.<\/p>\n<p>&nbsp;<\/p>\n<p>&nbsp;<\/p>\n<hr \/>\n<p>&nbsp;<\/p>\n<blockquote>\n<h3>LA SOLIDARIET\u00c0 CHE ILLUMINA IL FUTURO<\/h3>\n<\/blockquote>\n<p><strong><a class=\"dt-pswp-item\" href=\"https:\/\/www.radiopiu.net\/wordpress\/wp-content\/uploads\/2025\/12\/LKJFGHSOL.png\" data-dt-img-description=\"\" data-large_image_width=\"1413\" data-large_image_height=\"1037\"><img loading=\"lazy\" decoding=\"async\" class=\" wp-image-483555 alignleft\" src=\"https:\/\/www.radiopiu.net\/wordpress\/wp-content\/uploads\/2025\/12\/LKJFGHSOL-300x220.png\" alt=\"\" width=\"130\" height=\"95\" srcset=\"https:\/\/www.radiopiu.net\/wordpress\/wp-content\/uploads\/2025\/12\/LKJFGHSOL-300x220.png 300w, https:\/\/www.radiopiu.net\/wordpress\/wp-content\/uploads\/2025\/12\/LKJFGHSOL-1024x752.png 1024w, https:\/\/www.radiopiu.net\/wordpress\/wp-content\/uploads\/2025\/12\/LKJFGHSOL-768x564.png 768w, https:\/\/www.radiopiu.net\/wordpress\/wp-content\/uploads\/2025\/12\/LKJFGHSOL.png 1413w\" sizes=\"auto, (max-width: 130px) 100vw, 130px\" \/><\/a>BORGO VALBELLUNA <\/strong>Il Mercatino di Natale del Gruppo Missionario di Trichiana, dal 13 al 17 dicembre, offre molto pi\u00f9 di doni artigianali: \u00e8 un gesto concreto di solidariet\u00e0. I volontari dell\u2019oratorio hanno creato oggetti unici il cui ricavato sosterr\u00e0 i bambini poveri e orfani di Kanyakumari, nel sud dell\u2019India, accolti da Padre Mariasoosai attraverso l\u2019associazione Vidivelli. Questa realt\u00e0 offre istruzione, protezione e nuove opportunit\u00e0 a chi ne ha pi\u00f9 bisogno. Scegliere un regalo significa aiutare un bambino a costruire un futuro migliore e diventare parte di una luce che scalda e guida.<\/p>\n<p>&nbsp;<\/p>\n<p>&nbsp;<\/p>\n<p>&nbsp;<\/p>\n<hr \/>\n<p>&nbsp;<\/p>\n<blockquote>\n<h3>DA MOSTORICCO DEGUSTAZIONE DI NATALE: UN EVENTO CHE CELEBRA LE ECCELLENZE VENETE<\/h3>\n<\/blockquote>\n<p><strong><a class=\"dt-pswp-item\" href=\"https:\/\/www.radiopiu.net\/wordpress\/wp-content\/uploads\/2025\/12\/37a4eaaf-e758-456b-9b9f-1a06af4888c5.jpg\" data-dt-img-description=\"\" data-large_image_width=\"1080\" data-large_image_height=\"1350\"><img loading=\"lazy\" decoding=\"async\" class=\" wp-image-483586 alignleft\" src=\"https:\/\/www.radiopiu.net\/wordpress\/wp-content\/uploads\/2025\/12\/37a4eaaf-e758-456b-9b9f-1a06af4888c5-240x300.jpg\" alt=\"\" width=\"128\" height=\"160\" srcset=\"https:\/\/www.radiopiu.net\/wordpress\/wp-content\/uploads\/2025\/12\/37a4eaaf-e758-456b-9b9f-1a06af4888c5-240x300.jpg 240w, https:\/\/www.radiopiu.net\/wordpress\/wp-content\/uploads\/2025\/12\/37a4eaaf-e758-456b-9b9f-1a06af4888c5-819x1024.jpg 819w, https:\/\/www.radiopiu.net\/wordpress\/wp-content\/uploads\/2025\/12\/37a4eaaf-e758-456b-9b9f-1a06af4888c5-768x960.jpg 768w, https:\/\/www.radiopiu.net\/wordpress\/wp-content\/uploads\/2025\/12\/37a4eaaf-e758-456b-9b9f-1a06af4888c5.jpg 1080w\" sizes=\"auto, (max-width: 128px) 100vw, 128px\" \/><\/a>AGORDO <\/strong>Oggi, dalle 18 alle 20, si svolge una raffinata degustazione natalizia ospitata da Mostoricco, enoteca e wine tour point del territorio. L\u2019evento, aperto gratuitamente al pubblico, propone una selezione di vini della Cantina Scuderia Italia, affermata per la cura artigianale e la qualit\u00e0 delle sue etichette. In particolare, i partecipanti potranno assaporare due simboli della tradizione enologica veneta: il Valpolicella Classico e l\u2019Amarone, entrambi presentati in abbinamento a una fetta di panettone artigianale firmato Terra Candita. La serata offrir\u00e0 un connubio armonioso tra gusto e atmosfera natalizia, trasformando l\u2019enoteca di Vicolo Crotta 1 in un elegante punto d\u2019incontro per appassionati e curiosi. Tra aromi intensi, note speziate e dolcezze festive, l\u2019iniziativa racconta la ricchezza del territorio e il valore delle sue produzioni, confermandosi un appuntamento da non perdere.<\/p>\n<p>&nbsp;<\/p>\n<p>&nbsp;<\/p>\n<hr \/>\n<p>&nbsp;<\/p>\n<blockquote>\n<h3>PARLIAMO DI ZECCHE: PREVENZIONE E CONSAPEVOLEZZA A SAN GREGORIO<\/h3>\n<\/blockquote>\n<p><strong><a class=\"dt-pswp-item\" href=\"https:\/\/www.radiopiu.net\/wordpress\/wp-content\/uploads\/2025\/12\/ZECCHE.jpg\" data-dt-img-description=\"\" data-large_image_width=\"517\" data-large_image_height=\"253\"><img loading=\"lazy\" decoding=\"async\" class=\" wp-image-483576 alignleft\" src=\"https:\/\/www.radiopiu.net\/wordpress\/wp-content\/uploads\/2025\/12\/ZECCHE-300x147.jpg\" alt=\"\" width=\"137\" height=\"67\" srcset=\"https:\/\/www.radiopiu.net\/wordpress\/wp-content\/uploads\/2025\/12\/ZECCHE-300x147.jpg 300w, https:\/\/www.radiopiu.net\/wordpress\/wp-content\/uploads\/2025\/12\/ZECCHE.jpg 517w\" sizes=\"auto, (max-width: 137px) 100vw, 137px\" \/><\/a>SAN GREGORIO NELLE ALPI <\/strong>Oggi, dalle 20.30 alle 22.00, presso la Sala Tina Merlin di San Gregorio nelle Alpi, la Fondazione Giovanni Angelini e l\u2019Universit\u00e0 Ca\u2019 Foscari presentano la serata <em data-start=\"322\" data-end=\"390\">Parliamo di Zecche. Percezione e gestione del rischio di infezione<\/em>, con il patrocinio del Comune e della Provincia di Belluno. Deborah Nadal illustrer\u00e0 i risultati dello studio triennale <em data-start=\"511\" data-end=\"522\">MULTIBODI<\/em> sulle conoscenze e preoccupazioni della popolazione riguardo alle zecche, mentre il Dott. Giangiacomo Nicolini approfondir\u00e0 prevenzione, diagnosi e cura. L\u2019incontro stimola una riflessione condivisa su salute umana, animale e ambientale, preparando la comunit\u00e0 a gestire la stagione primaverile.<\/p>\n<p>&nbsp;<\/p>\n<p>&nbsp;<\/p>\n<hr \/>\n<p>&nbsp;<\/p>\n<blockquote>\n<h3>DARIO SORGATO E IL CAMMINO COME STRUMENTO DI INCLUSIONE<\/h3>\n<\/blockquote>\n<p><strong><a class=\"dt-pswp-item\" href=\"https:\/\/www.radiopiu.net\/wordpress\/wp-content\/uploads\/2025\/12\/Dario-Sorgato-2.jpg\" data-dt-img-description=\"\" data-large_image_width=\"2016\" data-large_image_height=\"908\"><img loading=\"lazy\" decoding=\"async\" class=\" wp-image-484148 alignleft\" src=\"https:\/\/www.radiopiu.net\/wordpress\/wp-content\/uploads\/2025\/12\/Dario-Sorgato-2-300x135.jpg\" alt=\"\" width=\"151\" height=\"68\" srcset=\"https:\/\/www.radiopiu.net\/wordpress\/wp-content\/uploads\/2025\/12\/Dario-Sorgato-2-300x135.jpg 300w, https:\/\/www.radiopiu.net\/wordpress\/wp-content\/uploads\/2025\/12\/Dario-Sorgato-2-1024x461.jpg 1024w, https:\/\/www.radiopiu.net\/wordpress\/wp-content\/uploads\/2025\/12\/Dario-Sorgato-2-768x346.jpg 768w, https:\/\/www.radiopiu.net\/wordpress\/wp-content\/uploads\/2025\/12\/Dario-Sorgato-2-1536x692.jpg 1536w, https:\/\/www.radiopiu.net\/wordpress\/wp-content\/uploads\/2025\/12\/Dario-Sorgato-2.jpg 2016w\" sizes=\"auto, (max-width: 151px) 100vw, 151px\" \/><\/a>BELLUNO <\/strong>Domani, alle 18, Dario Sorgato presenta \u201cGuarda dove cammini\u201d al centro culturale Crepadona, nell\u2019ambito della rassegna Oltre le Vette e della Giornata internazionale della Montagna. Nonostante la disabilit\u00e0 sensoriale, Sorgato ha trasformato il cammino in strumento di inclusione sociale, organizzando viaggi a piedi accessibili a chi vede poco o nulla. Nel libro racconta le sue esperienze in Italia e all\u2019estero e propone un vademecum per percorsi inclusivi. Dialogher\u00e0 con la giornalista Cristina Da Rold. L\u2019evento apre la 29\u00aa edizione del festival \u201cOltre le Vette\u201d, che prosegue con mostre e appuntamenti fino al gennaio 2026.<\/p>\n<p>&nbsp;<\/p>\n<p>&nbsp;<\/p>\n<hr \/>\n<p>&nbsp;<\/p>\n<blockquote>\n<h3><a class=\"dt-pswp-item\" href=\"https:\/\/www.radiopiu.net\/wordpress\/wp-content\/uploads\/2025\/12\/Spettacolo-Dislessia_Francesco-Riva0001-00.jpg\" data-dt-img-description=\"\" data-large_image_width=\"827\" data-large_image_height=\"1169\"><img loading=\"lazy\" decoding=\"async\" class=\" wp-image-484741 alignleft\" src=\"https:\/\/www.radiopiu.net\/wordpress\/wp-content\/uploads\/2025\/12\/Spettacolo-Dislessia_Francesco-Riva0001-00-212x300.jpg\" alt=\"\" width=\"141\" height=\"199\" srcset=\"https:\/\/www.radiopiu.net\/wordpress\/wp-content\/uploads\/2025\/12\/Spettacolo-Dislessia_Francesco-Riva0001-00-212x300.jpg 212w, https:\/\/www.radiopiu.net\/wordpress\/wp-content\/uploads\/2025\/12\/Spettacolo-Dislessia_Francesco-Riva0001-00-724x1024.jpg 724w, https:\/\/www.radiopiu.net\/wordpress\/wp-content\/uploads\/2025\/12\/Spettacolo-Dislessia_Francesco-Riva0001-00-768x1086.jpg 768w, https:\/\/www.radiopiu.net\/wordpress\/wp-content\/uploads\/2025\/12\/Spettacolo-Dislessia_Francesco-Riva0001-00.jpg 827w\" sizes=\"auto, (max-width: 141px) 100vw, 141px\" \/><\/a>DISLESSIA A BELLUNO: FRANCESCO RIVA PORTA IN SCENA LA DIVERSIT\u00c0 CHE ARRICCHISCE<\/h3>\n<\/blockquote>\n<p><strong>BELLUNO <\/strong>Tre repliche dello spettacolo \u201cDislessia\u2026 dove sei Albert?\u201d porteranno a Belluno un\u2019importante riflessione su questo disturbo della lettura, non una malattia ma un diverso funzionamento del cervello. Le Scuole in Rete e varie associazioni propongono il monologo di Francesco Riva, che racconta la storia di Giacomo, bambino frainteso da scuola e famiglia. L\u2019opera, gi\u00e0 rappresentata in molte scuole e convegni medici e premiata dalla Presidenza della Repubblica, sensibilizza sul valore dell\u2019inclusione. L\u2019appuntamento per la cittadinanza \u00e8 venerd\u00ec 12 dicembre alle 20.30 al teatro Giovanni XXIII, con ingresso gratuito. Previste due repliche dedicate a studenti delle superiori e medie. Prenotazioni su studentibelluno.it<\/p>\n<p>&nbsp;<\/p>\n<p>&nbsp;<\/p>\n<hr \/>\n<p>&nbsp;<\/p>\n<blockquote>\n<h3>SICUREZZA ALIMENTARE NEI PRIMI 1000 GIORNI: INCONTRO A FELTRE<\/h3>\n<\/blockquote>\n<p><strong><a class=\"dt-pswp-item\" href=\"https:\/\/www.radiopiu.net\/wordpress\/wp-content\/uploads\/2025\/12\/SCR-20251209-rdpy.jpeg\" data-dt-img-description=\"\" data-large_image_width=\"1458\" data-large_image_height=\"986\"><img loading=\"lazy\" decoding=\"async\" class=\" wp-image-485081 alignleft\" src=\"https:\/\/www.radiopiu.net\/wordpress\/wp-content\/uploads\/2025\/12\/SCR-20251209-rdpy-300x203.jpeg\" alt=\"\" width=\"123\" height=\"83\" srcset=\"https:\/\/www.radiopiu.net\/wordpress\/wp-content\/uploads\/2025\/12\/SCR-20251209-rdpy-300x203.jpeg 300w, https:\/\/www.radiopiu.net\/wordpress\/wp-content\/uploads\/2025\/12\/SCR-20251209-rdpy-1024x692.jpeg 1024w, https:\/\/www.radiopiu.net\/wordpress\/wp-content\/uploads\/2025\/12\/SCR-20251209-rdpy-768x519.jpeg 768w, https:\/\/www.radiopiu.net\/wordpress\/wp-content\/uploads\/2025\/12\/SCR-20251209-rdpy.jpeg 1458w\" sizes=\"auto, (max-width: 123px) 100vw, 123px\" \/><\/a>FELTRE <\/strong>L\u2019Ulss Dolomiti organizza venerd\u00ec 12 dicembre 2025, all\u2019ospedale di Feltre, un incontro dedicato alla sicurezza alimentare nei primi mille giorni di vita. Il medico veterinario Andrea Gazzetta, in collaborazione con le ostetriche del consultorio familiare, affronter\u00e0 temi di igiene domestica e corretta gestione degli alimenti per proteggere i pi\u00f9 piccoli. L\u2019appuntamento, rivolto a donne in gravidanza, neogenitori e nonni, segue l\u2019approccio One Health e inaugura un ciclo di incontri sulla sicurezza domestica.<\/p>\n<p>&nbsp;<\/p>\n<p>&nbsp;<\/p>\n<hr \/>\n<p>&nbsp;<\/p>\n<blockquote>\n<h3>GIULIA BLASI: \u201cLA FELICIT\u00c0 \u00c8 UN ATTO POLITICO\u201d. A BELLUNO L\u2019INCONTRO APERTO ALLA CITT\u00c0<\/h3>\n<\/blockquote>\n<p><strong><a class=\"dt-pswp-item\" href=\"https:\/\/www.radiopiu.net\/wordpress\/wp-content\/uploads\/2025\/12\/giulia_blasi-3.jpg\" data-dt-img-description=\"\" data-large_image_width=\"265\" data-large_image_height=\"310\"><img loading=\"lazy\" decoding=\"async\" class=\" wp-image-485057 alignleft\" src=\"https:\/\/www.radiopiu.net\/wordpress\/wp-content\/uploads\/2025\/12\/giulia_blasi-3-256x300.jpg\" alt=\"\" width=\"119\" height=\"139\" srcset=\"https:\/\/www.radiopiu.net\/wordpress\/wp-content\/uploads\/2025\/12\/giulia_blasi-3-256x300.jpg 256w, https:\/\/www.radiopiu.net\/wordpress\/wp-content\/uploads\/2025\/12\/giulia_blasi-3.jpg 265w\" sizes=\"auto, (max-width: 119px) 100vw, 119px\" \/><\/a>DI ALESSIA DALL&#8217;O&#8217;<\/strong><\/p>\n<p><strong>BELLUNO <\/strong>Sabato 13 dicembre alle 17, presso\u00a0 Casa dei Beni Comuni, un incontro con Giulia Blasi, scrittrice, giornalista e una delle voci pi\u00f9 importanti del femminismo italiano. In tour con il nuovo libro La felicit\u00e0 \u00e8 un atto politico, Blasi dialogher\u00e0 con il pubblico in un incontro organizzato da Non Una di Meno Belluno. Attivista nota per la campagna #quellavoltache, la \u201cMeToo italiana\u201d, Blasi porter\u00e0 riflessioni su corpo, potere e autodeterminazione. Per chi segue la scena del pensiero femminista contemporaneo ma non solo, si tratta di un appuntamento da non perdere.<\/p>\n<p>&nbsp;<\/p>\n<p>&nbsp;<\/p>\n<hr \/>\n<p>&nbsp;<\/p>\n<blockquote>\n<h3>A FELTRE UNA SERATA DEDICATA AD ENZO JANNACCI<\/h3>\n<\/blockquote>\n<p><strong><a class=\"dt-pswp-item\" href=\"https:\/\/www.radiopiu.net\/wordpress\/wp-content\/uploads\/2025\/12\/e027033b-523a-4132-8c04-2bd61212276c.jpg\" data-dt-img-description=\"\" data-large_image_width=\"1131\" data-large_image_height=\"1600\"><img loading=\"lazy\" decoding=\"async\" class=\" wp-image-485091 alignleft\" src=\"https:\/\/www.radiopiu.net\/wordpress\/wp-content\/uploads\/2025\/12\/e027033b-523a-4132-8c04-2bd61212276c-212x300.jpg\" alt=\"\" width=\"167\" height=\"236\" srcset=\"https:\/\/www.radiopiu.net\/wordpress\/wp-content\/uploads\/2025\/12\/e027033b-523a-4132-8c04-2bd61212276c-212x300.jpg 212w, https:\/\/www.radiopiu.net\/wordpress\/wp-content\/uploads\/2025\/12\/e027033b-523a-4132-8c04-2bd61212276c-724x1024.jpg 724w, https:\/\/www.radiopiu.net\/wordpress\/wp-content\/uploads\/2025\/12\/e027033b-523a-4132-8c04-2bd61212276c-768x1086.jpg 768w, https:\/\/www.radiopiu.net\/wordpress\/wp-content\/uploads\/2025\/12\/e027033b-523a-4132-8c04-2bd61212276c-1086x1536.jpg 1086w, https:\/\/www.radiopiu.net\/wordpress\/wp-content\/uploads\/2025\/12\/e027033b-523a-4132-8c04-2bd61212276c.jpg 1131w\" sizes=\"auto, (max-width: 167px) 100vw, 167px\" \/><\/a>DI LUISA ALCHINI<\/strong><\/p>\n<p><strong>FELTRE<\/strong> \u201cUn poeta da cantare, l\u2019arte di Jannacci gioca su tre registri: parola musica e mimica\u201d la citazione di Umberto Eco riassume quello i protagonisti provenienti dal Libro Parlato di Feltre con gli allievi della Scuola di Musica F.Sandi andranno a rappresentare sabato 13 dicembre all\u2019Unisono di Feltre, coniugando diverse forme espressive per raccontare alcuni frammenti della lunga carriera del medico musicista Enzo Jannacci Il filone dello spettacolo \u00e8 ispirato ai suoi \u201cpersonaggi\u201d evocati nei brani: gli ultimi, i disperati, celebrati spesso con sarcasmo e ironia , in bilico fra comicit\u00e0 e sentimento: \u201dBisogna spiegare alla gente che i personaggi sono una massa di disgraziati, una massa di illusioni\u201d. Proporre un omaggio ad Enzo Janncacci a Feltre \u00e8 una sfida consapevole, mossa dalla volont\u00e0 di offrire un evento che attraversa in modi diversi l\u2019arte ed \u00e8 capace di unire generazioni riproponendo anche tematiche sociali sempre attuali con un genere musicale unico, nato nei locali milanesi a partire dagli anni 60 , veri vivai artistici da dove provengono come Jannacci lo stesso amico Gaber, Cochi e Renato, Adriano Celentano e Ornella Vanoni. Sono previsti due appuntamenti sabato 13 dicembre alle 18.00 e in replica alle 21.00 presso Unisono a Feltre, ingresso libero, per scoprire o riscoprire il grande artista poliedrico Enzo Jannacci insieme al Cilp ODV e alla Scuola di Musica F.Sandi e il patrocinio del Comune di Feltre.<\/p>\n<p>&nbsp;<\/p>\n<p>&nbsp;<\/p>\n<hr \/>\n<p>&nbsp;<\/p>\n<blockquote>\n<h3><a class=\"dt-pswp-item\" href=\"https:\/\/www.radiopiu.net\/wordpress\/wp-content\/uploads\/2025\/12\/SCR-20251208-piot.jpeg\" data-dt-img-description=\"\" data-large_image_width=\"1476\" data-large_image_height=\"1960\"><img loading=\"lazy\" decoding=\"async\" class=\" wp-image-484824 alignleft\" src=\"https:\/\/www.radiopiu.net\/wordpress\/wp-content\/uploads\/2025\/12\/SCR-20251208-piot-226x300.jpeg\" alt=\"\" width=\"102\" height=\"135\" srcset=\"https:\/\/www.radiopiu.net\/wordpress\/wp-content\/uploads\/2025\/12\/SCR-20251208-piot-226x300.jpeg 226w, https:\/\/www.radiopiu.net\/wordpress\/wp-content\/uploads\/2025\/12\/SCR-20251208-piot-771x1024.jpeg 771w, https:\/\/www.radiopiu.net\/wordpress\/wp-content\/uploads\/2025\/12\/SCR-20251208-piot-768x1020.jpeg 768w, https:\/\/www.radiopiu.net\/wordpress\/wp-content\/uploads\/2025\/12\/SCR-20251208-piot-1157x1536.jpeg 1157w, https:\/\/www.radiopiu.net\/wordpress\/wp-content\/uploads\/2025\/12\/SCR-20251208-piot.jpeg 1476w\" sizes=\"auto, (max-width: 102px) 100vw, 102px\" \/><\/a>CONCERTO DI NATALE A TRICHIANA: MUSICA DI UNIT\u00c0 E SPERANZA<\/h3>\n<\/blockquote>\n<p><strong>BORGO VALBELLUNA <\/strong>Domenica 14 dicembre 2025, alle 17:00, la Chiesa Arcipretale di Trichiana ospiter\u00e0 il tradizionale Concerto di Natale, momento atteso dalla comunit\u00e0. Il Presidente Paolo Gardenal sottolinea il valore della musica come voce di speranza e unit\u00e0 in tempi difficili. Ospite speciale sar\u00e0 il prestigioso Coro Polifonico San Biagio di Montorso Vicentino, diretto da Francesco Grigolo. Si esibiranno anche il Coro Polifonico di Trichiana e la Schola Cantorum Trichianensis. La serata, presentata da Edoardo Comiotto, avr\u00e0 ingresso libero.<\/p>\n<p>&nbsp;<\/p>\n<p>&nbsp;<\/p>\n<p>&nbsp;<\/p>\n<hr \/>\n<p>&nbsp;<\/p>\n<blockquote>\n<h3>PRESENTAZIONE DEL SAGGIO SULL\u2019EMIGRAZIONE BELLUNESE IN BELGIO<\/h3>\n<\/blockquote>\n<p><strong><a class=\"dt-pswp-item\" href=\"https:\/\/www.radiopiu.net\/wordpress\/wp-content\/uploads\/2025\/11\/PASU.jpg\" data-dt-img-description=\"\" data-large_image_width=\"891\" data-large_image_height=\"611\"><img loading=\"lazy\" decoding=\"async\" class=\" wp-image-482742 alignleft\" src=\"https:\/\/www.radiopiu.net\/wordpress\/wp-content\/uploads\/2025\/11\/PASU-300x206.jpg\" alt=\"\" width=\"131\" height=\"90\" srcset=\"https:\/\/www.radiopiu.net\/wordpress\/wp-content\/uploads\/2025\/11\/PASU-300x206.jpg 300w, https:\/\/www.radiopiu.net\/wordpress\/wp-content\/uploads\/2025\/11\/PASU-768x527.jpg 768w, https:\/\/www.radiopiu.net\/wordpress\/wp-content\/uploads\/2025\/11\/PASU.jpg 891w\" sizes=\"auto, (max-width: 131px) 100vw, 131px\" \/><\/a>BELLUNO <\/strong>Sabato 13 dicembre alle 17, presso la sede del Circolo \u201cLa Terra dei Padri \u2013 Belluno APS\u201d, Egidio Pasuch presenter\u00e0 il suo saggio <em>I neri fantasmi di Marcinelle<\/em>, dedicato alla storia dell\u2019emigrazione bellunese in Belgio. L\u2019evento, organizzato con la Lega Nazionale e le Edizioni Bellunesi nel Mondo, sar\u00e0 moderato da Francesco Dematt\u00e8. Il libro analizza cause, dimensioni e conseguenze di un secolo di emigrazione, soffermandosi sulla tragedia della miniera di Marcinelle e sulla sua eredit\u00e0 per le generazioni attuali.<\/p>\n<p>&nbsp;<\/p>\n<p>&nbsp;<\/p>\n<hr \/>\n<p>&nbsp;<\/p>\n<blockquote>\n<h3>ASPETTANDO IL NATALE: CONCERTO CORALE A FELTRE<\/h3>\n<\/blockquote>\n<p><strong><a class=\"dt-pswp-item\" href=\"https:\/\/www.radiopiu.net\/wordpress\/wp-content\/uploads\/2025\/12\/VOCI-IN-CANTO.png\" data-dt-img-description=\"\" data-large_image_width=\"676\" data-large_image_height=\"290\"><img loading=\"lazy\" decoding=\"async\" class=\" wp-image-484563 alignleft\" src=\"https:\/\/www.radiopiu.net\/wordpress\/wp-content\/uploads\/2025\/12\/VOCI-IN-CANTO-300x129.png\" alt=\"\" width=\"184\" height=\"79\" srcset=\"https:\/\/www.radiopiu.net\/wordpress\/wp-content\/uploads\/2025\/12\/VOCI-IN-CANTO-300x129.png 300w, https:\/\/www.radiopiu.net\/wordpress\/wp-content\/uploads\/2025\/12\/VOCI-IN-CANTO.png 676w\" sizes=\"auto, (max-width: 184px) 100vw, 184px\" \/><\/a>FELTRE <\/strong>Il Coro \u201cVocincanto\u201d di Feltre organizza il concerto <em>Aspettando il Natale<\/em>, in programma sabato 20 dicembre alle 20.45 nella Chiesa di Santa Maria degli Angeli. Insieme al coro femminile ospite il Coro \u201cGli Ant\u00e8nori\u201d di Padova. L\u2019evento, patrocinato dal Comune di Feltre e inserito nel ciclo \u201cNativitas\u201d, proporr\u00e0 musiche dal XIII secolo al Novecento dedicate all\u2019Avvento e alla tradizione natalizia, per una serata ricca di armonie e atmosfera.<\/p>\n<p>&nbsp;<\/p>\n<p>&nbsp;<\/p>\n<p>&nbsp;<\/p>\n<p>&nbsp;<\/p>\n<hr \/>\n<p>&nbsp;<\/p>\n<h2><span style=\"color: #ff0000;\">L&#8217;OPINIONE&#8230;DI TOMASO PETAZZI<\/span><\/h2>\n<p><strong>Roberto Sorgato, il \u201cgatto dalle nove vite\u201d.<\/strong><\/p>\n<p>Ricordo un episodio delle innumerevoli scalate di Sorgato che ben pu\u00f2 raffigurare l\u2019appellativo che mi sento di affibbiargli. Oltre ai numerosissimi incidenti che caratterizzarono le sue scalate, ebbe anche la sfortuna di essere coinvolto, in Germania, nel 1959, in un terribile incidente stradale. Di notte, con un amico alla guida, si infilarono sotto un autotreno. Lo estrassero in fin di vita, con l\u2019aiuto delle cesoie, dalle lamiere accartocciate. Si salv\u00f2, ma dovete sopportare una dolorosissima riabilitazione fisica. Ripresosi, nel 1961, assieme al compagno ed amico Giorgio Ronchi, tent\u00f2 la ripetizione della \u201cvia dei Francesi Couzy\u201d sulla parete Nord della cima ovest di Lavaredo. Nella seconda met\u00e0 del tragitto, mentre era appena uscito da un tetto ed era fermo con Ronchi su una minuscola piazzola, si sporse per recuperare le corde e precipit\u00f2 per alcune decine di metri. Una corda si spezz\u00f2 per la violenza della caduta, ma l\u2019altra, pur sfilacciata, lo trattenne. Nella caduta sub\u00ec vari traumi tra i quali la rottura, dolorosissima, di una costola. Passati i primi attimi di sconforto, con l\u2019amico Ronchi impossibilitato ad aiutarlo, prese una decisione che solo lui, con in mente tutte le vicissitudini passate, poteva architettare. Si sfil\u00f2 i lacci degli scarponi (allora si usavano ancora i \u201cVibram\u201d con inserita la lamina d\u2019acciaio) e pazientemente, annodandoli alla corda col nodo autobloccante di Prusik, procedendo per ore ad annodare e sciogliere il nodo, si sollev\u00f2 di una trentina di centimetri alla volta, praticamente con un solo braccio e la costola che ad ogni trazione lo sconvolgeva violentemente. Raggiunse cos\u00ec nell\u2019arco di alcune lunghissime ore, spossato, il terrazzino dove Ronchi lo attendeva e che ad ogni trazione lo \u201cconfortava\u201d dicendogli che la corda \u201cl\u2019\u00e9 drio cedere!\u201d Dieci anni dopo l\u2019impresa sar\u00e0 immortalata nel film \u201cAbimes\u201d, con Sorgato che interpretava se stesso.<\/p>\n<p>Tomaso Petazzi<\/p>\n<p>&nbsp;<\/p>\n<p>&nbsp;<\/p>\n<hr \/>\n<p>&nbsp;<\/p>\n<h1><span style=\"color: #ff6600;\">IERI ALLA RADIO<\/span><\/h1>\n<h2><span style=\"color: #ff00ff;\">I MILLE PASSI, DAI DIARI DI MORGANA &#8211; ALICE BETTOLO<\/span><\/h2>\n<blockquote>\n<h2>CAPITOLO 23 &#8220;HO SEMPRE SOGNATO DI SCAPPARE CON IL CIRCO&#8221;<\/h2>\n<\/blockquote>\n<p><img loading=\"lazy\" decoding=\"async\" class=\"alignleft\" src=\"https:\/\/www.radiopiu.net\/wordpress\/wp-content\/uploads\/2025\/12\/023-Ho-sempre-sognato-di-scappare-con-il-circo.jpg\" width=\"168\" height=\"171\" \/><\/p>\n<p>La stanza dove arriviamo \u00e8 un porcile immondo. Ho starnutito come il mangiafuoco di Pinocchio quando sono entrata. Albergo economico, perso nell&#8217;ultima cittadina prima delle montagne, che affitta le sue stanze a ore. In questi posti c&#8217;\u00e8 sempre un aria frizzante, molto movimento di ospiti e molte lenzuola da lavare. All&#8217;ultimo piano ci vive Dolce, una signora dall&#8217;et\u00e0 indefinita che vende piacere a uomini pigri che non sanno esprimere le proprie paure, n\u00e9 le proprie emozioni.<\/p>\n<p>&nbsp;<\/p>\n<p>&nbsp;<\/p>\n<p>AUDIO<\/p>\n<audio class=\"wp-audio-shortcode\" id=\"audio-484851-16\" preload=\"none\" style=\"width: 100%;\" controls=\"controls\"><source type=\"audio\/mpeg\" src=\"https:\/\/www.radiopiu.net\/wordpress\/wp-content\/uploads\/2025\/12\/023-Ho-sempre-sognato-di-scappare-con-il-circo.mp3?_=16\" \/><a href=\"https:\/\/www.radiopiu.net\/wordpress\/wp-content\/uploads\/2025\/12\/023-Ho-sempre-sognato-di-scappare-con-il-circo.mp3\">https:\/\/www.radiopiu.net\/wordpress\/wp-content\/uploads\/2025\/12\/023-Ho-sempre-sognato-di-scappare-con-il-circo.mp3<\/a><\/audio>\n<p>&nbsp;<\/p>\n<p>LA RACCOLTA COMPLETA <span style=\"color: #0000ff;\"><strong><a style=\"color: #0000ff;\" href=\"https:\/\/www.radiopiu.net\/wordpress\/i-mille-passi\/\">CLICCA QUI<\/a><\/strong><\/span><\/p>\n<p>&nbsp;<\/p>\n<hr \/>\n<p>&nbsp;<\/p>\n<h2><span style=\"color: #ff99cc;\">OGGI COME IERI, TERZO ANNO. CON SILVIA BALDO<\/span><\/h2>\n<p><strong><a class=\"dt-pswp-item\" href=\"https:\/\/www.radiopiu.net\/wordpress\/wp-content\/uploads\/2025\/12\/JKD.jpg\" data-dt-img-description=\"\" data-large_image_width=\"1000\" data-large_image_height=\"499\"><img loading=\"lazy\" decoding=\"async\" class=\" wp-image-485039 alignleft\" src=\"https:\/\/www.radiopiu.net\/wordpress\/wp-content\/uploads\/2025\/12\/JKD-300x150.jpg\" alt=\"\" width=\"174\" height=\"87\" srcset=\"https:\/\/www.radiopiu.net\/wordpress\/wp-content\/uploads\/2025\/12\/JKD-300x150.jpg 300w, https:\/\/www.radiopiu.net\/wordpress\/wp-content\/uploads\/2025\/12\/JKD-768x383.jpg 768w, https:\/\/www.radiopiu.net\/wordpress\/wp-content\/uploads\/2025\/12\/JKD.jpg 1000w\" sizes=\"auto, (max-width: 174px) 100vw, 174px\" \/><\/a>09 DICEMBRE<\/strong><\/p>\n<audio class=\"wp-audio-shortcode\" id=\"audio-484851-17\" preload=\"none\" style=\"width: 100%;\" controls=\"controls\"><source type=\"audio\/mpeg\" src=\"https:\/\/www.radiopiu.net\/wordpress\/wp-content\/uploads\/2025\/12\/SIBI2-1.mp3?_=17\" \/><a href=\"https:\/\/www.radiopiu.net\/wordpress\/wp-content\/uploads\/2025\/12\/SIBI2-1.mp3\">https:\/\/www.radiopiu.net\/wordpress\/wp-content\/uploads\/2025\/12\/SIBI2-1.mp3<\/a><\/audio>\n<p>&nbsp;<\/p>\n<p><strong>LA RACCOLTA COMPLETA <a href=\"https:\/\/www.radiopiu.net\/wordpress\/oggi-come-ieri-terzo-anno-con-silvia-baldo-09-dic\/\"><span style=\"color: #3366ff;\">CLICCA QUI<\/span><\/a><\/strong><\/p>\n<p>&nbsp;<\/p>\n<hr \/>\n<p>&nbsp;<\/p>\n<h2><span style=\"color: #00ff00;\">&#8220;DINTORN E FORA VIA&#8221;\u00a0 IL PROGRAMMA\u00a0 A CURA DEL MUSLA\u00a0\u00a0<strong>\u00a0 \u00a0<\/strong><\/span><\/h2>\n<p><a class=\"dt-pswp-item\" href=\"https:\/\/www.radiopiu.net\/wordpress\/wp-content\/uploads\/2025\/12\/b3eb1062-bb59-4d00-a92c-2b057ec38dc6.jpg\" data-dt-img-description=\"\" data-large_image_width=\"1410\" data-large_image_height=\"244\"><img loading=\"lazy\" decoding=\"async\" class=\"size-medium wp-image-484963 alignleft\" src=\"https:\/\/www.radiopiu.net\/wordpress\/wp-content\/uploads\/2025\/12\/b3eb1062-bb59-4d00-a92c-2b057ec38dc6-300x52.jpg\" alt=\"\" width=\"300\" height=\"52\" srcset=\"https:\/\/www.radiopiu.net\/wordpress\/wp-content\/uploads\/2025\/12\/b3eb1062-bb59-4d00-a92c-2b057ec38dc6-300x52.jpg 300w, https:\/\/www.radiopiu.net\/wordpress\/wp-content\/uploads\/2025\/12\/b3eb1062-bb59-4d00-a92c-2b057ec38dc6-1024x177.jpg 1024w, https:\/\/www.radiopiu.net\/wordpress\/wp-content\/uploads\/2025\/12\/b3eb1062-bb59-4d00-a92c-2b057ec38dc6-768x133.jpg 768w, https:\/\/www.radiopiu.net\/wordpress\/wp-content\/uploads\/2025\/12\/b3eb1062-bb59-4d00-a92c-2b057ec38dc6.jpg 1410w\" sizes=\"auto, (max-width: 300px) 100vw, 300px\" \/><\/a><strong>PUNTATA DEL 09 DICEMBRE 2025 GIORGIA TAIO<\/strong><\/p>\n<audio class=\"wp-audio-shortcode\" id=\"audio-484851-18\" preload=\"none\" style=\"width: 100%;\" controls=\"controls\"><source type=\"audio\/mpeg\" src=\"https:\/\/www.radiopiu.net\/wordpress\/wp-content\/uploads\/2025\/12\/MUSLA-2.mp3?_=18\" \/><a href=\"https:\/\/www.radiopiu.net\/wordpress\/wp-content\/uploads\/2025\/12\/MUSLA-2.mp3\">https:\/\/www.radiopiu.net\/wordpress\/wp-content\/uploads\/2025\/12\/MUSLA-2.mp3<\/a><\/audio>\n<p>LA RACCOLTA COMPLETA <span style=\"color: #0000ff;\"><strong><a style=\"color: #0000ff;\" href=\"https:\/\/www.radiopiu.net\/wordpress\/musla\/\">CLICCA QUI<\/a><\/strong><\/span><\/p>\n<p>&nbsp;<\/p>\n<hr \/>\n<p>&nbsp;<\/p>\n<h2><span style=\"color: #cc99ff;\">IL PROGETTO ODI A ROCCA PIETORE<\/span><\/h2>\n<p><strong><a class=\"dt-pswp-item\" href=\"https:\/\/www.radiopiu.net\/wordpress\/wp-content\/uploads\/2025\/12\/valerio-davare.jpg\" data-dt-img-description=\"\" data-large_image_width=\"686\" data-large_image_height=\"386\"><img loading=\"lazy\" decoding=\"async\" class=\" wp-image-485045 alignleft\" src=\"https:\/\/www.radiopiu.net\/wordpress\/wp-content\/uploads\/2025\/12\/valerio-davare-300x169.jpg\" alt=\"\" width=\"183\" height=\"103\" srcset=\"https:\/\/www.radiopiu.net\/wordpress\/wp-content\/uploads\/2025\/12\/valerio-davare-300x169.jpg 300w, https:\/\/www.radiopiu.net\/wordpress\/wp-content\/uploads\/2025\/12\/valerio-davare.jpg 686w\" sizes=\"auto, (max-width: 183px) 100vw, 183px\" \/><\/a>DI MARINA DONA&#8217;<\/strong><\/p>\n<p>OSPITE: Valerio Davare, sindaco di Rocca Pietore<\/p>\n<audio class=\"wp-audio-shortcode\" id=\"audio-484851-19\" preload=\"none\" style=\"width: 100%;\" controls=\"controls\"><source type=\"audio\/mpeg\" src=\"https:\/\/www.radiopiu.net\/wordpress\/wp-content\/uploads\/2025\/12\/REPORTER-PROGETTO-ODI-CON-VALERIO-DAVARE.mp3?_=19\" \/><a href=\"https:\/\/www.radiopiu.net\/wordpress\/wp-content\/uploads\/2025\/12\/REPORTER-PROGETTO-ODI-CON-VALERIO-DAVARE.mp3\">https:\/\/www.radiopiu.net\/wordpress\/wp-content\/uploads\/2025\/12\/REPORTER-PROGETTO-ODI-CON-VALERIO-DAVARE.mp3<\/a><\/audio>\n<p>&nbsp;<\/p>\n<hr \/>\n<p>&nbsp;<\/p>\n<h2><span style=\"color: #800080;\">A CENCENIGHE ARRIVA IL SALOTTO DELLA MUSICA<\/span><\/h2>\n<p><strong><a class=\"dt-pswp-item\" href=\"https:\/\/www.radiopiu.net\/wordpress\/wp-content\/uploads\/2018\/02\/musica.jpg\" data-dt-img-description=\"\" data-large_image_width=\"644\" data-large_image_height=\"347\"><img loading=\"lazy\" decoding=\"async\" class=\" wp-image-42941 alignleft\" src=\"https:\/\/www.radiopiu.net\/wordpress\/wp-content\/uploads\/2018\/02\/musica-300x162.jpg\" alt=\"\" width=\"176\" height=\"95\" srcset=\"https:\/\/www.radiopiu.net\/wordpress\/wp-content\/uploads\/2018\/02\/musica-300x162.jpg 300w, https:\/\/www.radiopiu.net\/wordpress\/wp-content\/uploads\/2018\/02\/musica.jpg 644w\" sizes=\"auto, (max-width: 176px) 100vw, 176px\" \/><\/a>DI MIRKO MEZZACASA<\/strong><\/p>\n<p>OSPITI: Claudia e Gianpiero<\/p>\n<audio class=\"wp-audio-shortcode\" id=\"audio-484851-20\" preload=\"none\" style=\"width: 100%;\" controls=\"controls\"><source type=\"audio\/mpeg\" src=\"https:\/\/www.radiopiu.net\/wordpress\/wp-content\/uploads\/2025\/12\/CLAUDIA-E-GIANPIERO.mp3?_=20\" \/><a href=\"https:\/\/www.radiopiu.net\/wordpress\/wp-content\/uploads\/2025\/12\/CLAUDIA-E-GIANPIERO.mp3\">https:\/\/www.radiopiu.net\/wordpress\/wp-content\/uploads\/2025\/12\/CLAUDIA-E-GIANPIERO.mp3<\/a><\/audio>\n<p>&nbsp;<\/p>\n<hr \/>\n<p>&nbsp;<\/p>\n<h2><span style=\"color: #99cc00;\">I CONSIGLI DI GIANLUCA&#8230;DA DOLOMITI BEER &amp; WINE SHOP<\/span><\/h2>\n<p><strong>09 DICEMBRE GIN MARE<\/strong><\/p>\n<p><span style=\"font-size: large;\"><a class=\"dt-pswp-item\" href=\"https:\/\/www.radiopiu.net\/wordpress\/wp-content\/uploads\/2025\/12\/Screenshot-2025-12-09-062554.png\" data-dt-img-description=\"\" data-large_image_width=\"388\" data-large_image_height=\"309\"><img loading=\"lazy\" decoding=\"async\" class=\"size-medium wp-image-484890 alignleft\" src=\"https:\/\/www.radiopiu.net\/wordpress\/wp-content\/uploads\/2025\/12\/Screenshot-2025-12-09-062554-300x239.png\" alt=\"\" width=\"300\" height=\"239\" srcset=\"https:\/\/www.radiopiu.net\/wordpress\/wp-content\/uploads\/2025\/12\/Screenshot-2025-12-09-062554-300x239.png 300w, https:\/\/www.radiopiu.net\/wordpress\/wp-content\/uploads\/2025\/12\/Screenshot-2025-12-09-062554.png 388w\" sizes=\"auto, (max-width: 300px) 100vw, 300px\" \/><\/a>Gin Mare \u00e8 un gin mediterraneo che nasce sulla costa spagnola, in una piccola distilleria affacciata sul mare. \u00c8 un distillato che racconta il Mediterraneo attraverso aromi autentici: oliva Arbequina, basilico, rosmarino, timo e agrumi macerati separatamente per rispettarne l\u2019identit\u00e0 botanica. La base di ginepro \u00e8 morbida e avvolgente, mentre le erbe mediterranee donano un profilo aromatico caldo, erbaceo e solare. Al naso emergono note di oliva, erbe fresche e agrumi maturi, mentre il palato \u00e8 complesso, secco e elegante, con una armonia perfetta tra sapidit\u00e0 e freschezza. Il finale \u00e8 lungo, aromatico e caratterizzato da una sottile nota balsamica. Gin Mare \u00e8 un gin pensato per abbinamenti gastronomici, gin tonic mediterranei e cocktail dal carattere raffinato e contemporaneo.<\/span><\/p>\n<p><strong>PAROLA DI GIANLUCA,\u00a0 E&#8217; LA RUBRICA IN ONDA SU RADIOPIU OGNI GIORNO ALLE 7.10, 18.10, 21.50&#8230;NOTIZIE CONSIGLI E MOLTA CORDIALIT\u00e0 NEGLI INTERVENTI DI GIANLUCA DAI PUNTI VENDITA DI TAIBON, SEDICO E FELTRE<\/strong><\/p>\n<p>AUDIO<\/p>\n<audio class=\"wp-audio-shortcode\" id=\"audio-484851-21\" preload=\"none\" style=\"width: 100%;\" controls=\"controls\"><source type=\"audio\/mpeg\" src=\"https:\/\/www.radiopiu.net\/wordpress\/wp-content\/uploads\/2025\/12\/gin-mare.mp3?_=21\" \/><a href=\"https:\/\/www.radiopiu.net\/wordpress\/wp-content\/uploads\/2025\/12\/gin-mare.mp3\">https:\/\/www.radiopiu.net\/wordpress\/wp-content\/uploads\/2025\/12\/gin-mare.mp3<\/a><\/audio>\n<p>&nbsp;<\/p>\n<h2><strong>LA RACCOLTA COMPLETA <a href=\"https:\/\/www.radiopiu.net\/wordpress\/paroladic6\/\"><span style=\"color: #3366ff;\">CLICCA QUI<\/span><\/a><\/strong><\/h2>\n<p>&nbsp;<\/p>\n<h2><span style=\"color: #00ccff;\">DEGUSTAZIONE DI VINI FRANCESCI DA DOLOMITI BEER &amp; WINE SHOP DI FELTRE<\/span><\/h2>\n<p><strong><a class=\"dt-pswp-item\" href=\"https:\/\/www.radiopiu.net\/wordpress\/wp-content\/uploads\/2025\/06\/VINO.jpg\" data-dt-img-description=\"\" data-large_image_width=\"1280\" data-large_image_height=\"854\"><img loading=\"lazy\" decoding=\"async\" class=\" wp-image-454800 alignleft\" src=\"https:\/\/www.radiopiu.net\/wordpress\/wp-content\/uploads\/2025\/06\/VINO-300x200.jpg\" alt=\"\" width=\"143\" height=\"95\" srcset=\"https:\/\/www.radiopiu.net\/wordpress\/wp-content\/uploads\/2025\/06\/VINO-300x200.jpg 300w, https:\/\/www.radiopiu.net\/wordpress\/wp-content\/uploads\/2025\/06\/VINO-1024x683.jpg 1024w, https:\/\/www.radiopiu.net\/wordpress\/wp-content\/uploads\/2025\/06\/VINO-768x512.jpg 768w, https:\/\/www.radiopiu.net\/wordpress\/wp-content\/uploads\/2025\/06\/VINO.jpg 1280w\" sizes=\"auto, (max-width: 143px) 100vw, 143px\" \/><\/a>REDAZIONE<\/strong> Ultima degustazione gratuita da Dolomiti Beer &amp; Wine Shop di Feltre prima delle feste natalizie. Oggi dalle 17 una selezioni di vini francesi dalla zona del Bordeaux.<\/p>\n<p><strong>L&#8217;INVITO DI VALENTINA<\/strong><\/p>\n<audio class=\"wp-audio-shortcode\" id=\"audio-484851-22\" preload=\"none\" style=\"width: 100%;\" controls=\"controls\"><source type=\"audio\/mpeg\" src=\"https:\/\/www.radiopiu.net\/wordpress\/wp-content\/uploads\/2025\/12\/10-DICEMBRE-FELTRE.mp3?_=22\" \/><a href=\"https:\/\/www.radiopiu.net\/wordpress\/wp-content\/uploads\/2025\/12\/10-DICEMBRE-FELTRE.mp3\">https:\/\/www.radiopiu.net\/wordpress\/wp-content\/uploads\/2025\/12\/10-DICEMBRE-FELTRE.mp3<\/a><\/audio>\n<p>&nbsp;<\/p>\n<h2><span style=\"color: #993300;\">DEGUSTAZIONE DI VINI DA DOLOMITI BEER &amp; WINE SHOP DA NAPI<\/span><\/h2>\n<p><strong><a class=\"dt-pswp-item\" href=\"https:\/\/www.radiopiu.net\/wordpress\/wp-content\/uploads\/2020\/05\/DOLOMITI-BEER.png\" data-dt-img-description=\"\" data-large_image_width=\"812\" data-large_image_height=\"450\"><img loading=\"lazy\" decoding=\"async\" class=\" wp-image-139660 alignleft\" src=\"https:\/\/www.radiopiu.net\/wordpress\/wp-content\/uploads\/2020\/05\/DOLOMITI-BEER-300x166.png\" alt=\"\" width=\"177\" height=\"98\" srcset=\"https:\/\/www.radiopiu.net\/wordpress\/wp-content\/uploads\/2020\/05\/DOLOMITI-BEER-300x166.png 300w, https:\/\/www.radiopiu.net\/wordpress\/wp-content\/uploads\/2020\/05\/DOLOMITI-BEER-768x426.png 768w, https:\/\/www.radiopiu.net\/wordpress\/wp-content\/uploads\/2020\/05\/DOLOMITI-BEER.png 812w\" sizes=\"auto, (max-width: 177px) 100vw, 177px\" \/><\/a>REDAZIONE<\/strong> Da Dolomiti Beer &amp; Wine Shop di Taibon una degustazione di vini pregiati. Domani dalle 17 una selezioni di vini francesi dalla zona del Bordeaux.<\/p>\n<p><strong>L&#8217;INVITO DI VALENTINA<\/strong><\/p>\n<audio class=\"wp-audio-shortcode\" id=\"audio-484851-23\" preload=\"none\" style=\"width: 100%;\" controls=\"controls\"><source type=\"audio\/mpeg\" src=\"https:\/\/www.radiopiu.net\/wordpress\/wp-content\/uploads\/2025\/12\/11-DICEMBRE-TAIBON.mp3?_=23\" \/><a href=\"https:\/\/www.radiopiu.net\/wordpress\/wp-content\/uploads\/2025\/12\/11-DICEMBRE-TAIBON.mp3\">https:\/\/www.radiopiu.net\/wordpress\/wp-content\/uploads\/2025\/12\/11-DICEMBRE-TAIBON.mp3<\/a><\/audio>\n<p>&nbsp;<\/p>\n<hr \/>\n<p>&nbsp;<\/p>\n<p><span style=\"color: #ff0000;\"><img loading=\"lazy\" decoding=\"async\" class=\"wp-image-61958 size-full aligncenter\" src=\"https:\/\/www.radiopiu.net\/wordpress\/wp-content\/uploads\/2018\/09\/appuntamenti.jpeg\" alt=\"\" width=\"800\" height=\"100\" srcset=\"https:\/\/www.radiopiu.net\/wordpress\/wp-content\/uploads\/2018\/09\/appuntamenti.jpeg 800w, https:\/\/www.radiopiu.net\/wordpress\/wp-content\/uploads\/2018\/09\/appuntamenti-300x38.jpeg 300w, https:\/\/www.radiopiu.net\/wordpress\/wp-content\/uploads\/2018\/09\/appuntamenti-768x96.jpeg 768w\" sizes=\"auto, (max-width: 800px) 100vw, 800px\" \/><\/span><\/p>\n<p>&nbsp;<\/p>\n\n\t\t\t<style type='text\/css'>\n\t\t\t\t#gallery-6 {\n\t\t\t\t\tmargin: auto;\n\t\t\t\t}\n\t\t\t\t#gallery-6 .gallery-item {\n\t\t\t\t\tfloat: left;\n\t\t\t\t\tmargin-top: 10px;\n\t\t\t\t\ttext-align: center;\n\t\t\t\t\twidth: 25%;\n\t\t\t\t}\n\t\t\t\t#gallery-6 img {\n\t\t\t\t\tborder: 2px solid #cfcfcf;\n\t\t\t\t}\n\t\t\t\t#gallery-6 .gallery-caption {\n\t\t\t\t\tmargin-left: 0;\n\t\t\t\t}\n\t\t\t\t\/* see gallery_shortcode() in wp-includes\/media.php *\/\n\t\t\t<\/style>\n\t\t<div id='gallery-6' class='dt-gallery-container gallery galleryid-484851 gallery-columns-4 gallery-size-thumbnail'><dl class='gallery-item'>\n\t\t\t\t<dt class='gallery-icon landscape'>\n\t\t\t\t\t<a class=\"rollover rollover-zoom dt-pswp-item\" title=\"542759768_1187692263404454_707530732478693509_n\" data-dt-img-description=\"\" data-large_image_width=\"1440\" data-large_image_height=\"1440\"href='https:\/\/www.radiopiu.net\/wordpress\/wp-content\/uploads\/2025\/10\/542759768_1187692263404454_707530732478693509_n.jpg'><img loading=\"lazy\" decoding=\"async\" width=\"150\" height=\"150\" src=\"https:\/\/www.radiopiu.net\/wordpress\/wp-content\/uploads\/2025\/10\/542759768_1187692263404454_707530732478693509_n-150x150.jpg\" class=\"attachment-thumbnail size-thumbnail\" alt=\"\" srcset=\"https:\/\/www.radiopiu.net\/wordpress\/wp-content\/uploads\/2025\/10\/542759768_1187692263404454_707530732478693509_n-150x150.jpg 150w, https:\/\/www.radiopiu.net\/wordpress\/wp-content\/uploads\/2025\/10\/542759768_1187692263404454_707530732478693509_n-300x300.jpg 300w, https:\/\/www.radiopiu.net\/wordpress\/wp-content\/uploads\/2025\/10\/542759768_1187692263404454_707530732478693509_n-1024x1024.jpg 1024w, https:\/\/www.radiopiu.net\/wordpress\/wp-content\/uploads\/2025\/10\/542759768_1187692263404454_707530732478693509_n-768x768.jpg 768w, https:\/\/www.radiopiu.net\/wordpress\/wp-content\/uploads\/2025\/10\/542759768_1187692263404454_707530732478693509_n.jpg 1440w\" sizes=\"auto, (max-width: 150px) 100vw, 150px\" \/><\/a>\n\t\t\t\t<\/dt><\/dl><dl class='gallery-item'>\n\t\t\t\t<dt class='gallery-icon portrait'>\n\t\t\t\t\t<a class=\"rollover rollover-zoom dt-pswp-item\" title=\"41ae8cc6-1016-46be-9558-ad085b650586\" data-dt-img-description=\"\" data-large_image_width=\"1041\" data-large_image_height=\"1434\"href='https:\/\/www.radiopiu.net\/wordpress\/wp-content\/uploads\/2025\/12\/41ae8cc6-1016-46be-9558-ad085b650586.jpeg'><img loading=\"lazy\" decoding=\"async\" width=\"150\" height=\"150\" src=\"https:\/\/www.radiopiu.net\/wordpress\/wp-content\/uploads\/2025\/12\/41ae8cc6-1016-46be-9558-ad085b650586-150x150.jpeg\" class=\"attachment-thumbnail size-thumbnail\" alt=\"\" \/><\/a>\n\t\t\t\t<\/dt><\/dl><dl class='gallery-item'>\n\t\t\t\t<dt class='gallery-icon portrait'>\n\t\t\t\t\t<a class=\"rollover rollover-zoom dt-pswp-item\" title=\"locandina mostra Castellavazzo\" data-dt-img-description=\"\" data-large_image_width=\"1810\" data-large_image_height=\"2560\"href='https:\/\/www.radiopiu.net\/wordpress\/wp-content\/uploads\/2025\/11\/locandina-mostra-Castellavazzo-scaled.jpg'><img loading=\"lazy\" decoding=\"async\" width=\"150\" height=\"150\" src=\"https:\/\/www.radiopiu.net\/wordpress\/wp-content\/uploads\/2025\/11\/locandina-mostra-Castellavazzo-150x150.jpg\" class=\"attachment-thumbnail size-thumbnail\" alt=\"\" \/><\/a>\n\t\t\t\t<\/dt><\/dl><dl class='gallery-item'>\n\t\t\t\t<dt class='gallery-icon portrait'>\n\t\t\t\t\t<a class=\"rollover rollover-zoom dt-pswp-item\" title=\"803dde58-9f48-4809-89fc-1f29d2b69f8e\" data-dt-img-description=\"\" data-large_image_width=\"1200\" data-large_image_height=\"1600\"href='https:\/\/www.radiopiu.net\/wordpress\/wp-content\/uploads\/2025\/12\/803dde58-9f48-4809-89fc-1f29d2b69f8e.jpg'><img loading=\"lazy\" decoding=\"async\" width=\"150\" height=\"150\" src=\"https:\/\/www.radiopiu.net\/wordpress\/wp-content\/uploads\/2025\/12\/803dde58-9f48-4809-89fc-1f29d2b69f8e-150x150.jpg\" class=\"attachment-thumbnail size-thumbnail\" alt=\"\" \/><\/a>\n\t\t\t\t<\/dt><\/dl><br style=\"clear: both\" \/><dl class='gallery-item'>\n\t\t\t\t<dt class='gallery-icon portrait'>\n\t\t\t\t\t<a class=\"rollover rollover-zoom dt-pswp-item\" title=\"bfa278b5-b2ea-4c14-b3e2-d6c9796f3fd4\" data-dt-img-description=\"\" data-large_image_width=\"1131\" data-large_image_height=\"1600\"href='https:\/\/www.radiopiu.net\/wordpress\/wp-content\/uploads\/2025\/11\/bfa278b5-b2ea-4c14-b3e2-d6c9796f3fd4.jpg'><img loading=\"lazy\" decoding=\"async\" width=\"150\" height=\"150\" src=\"https:\/\/www.radiopiu.net\/wordpress\/wp-content\/uploads\/2025\/11\/bfa278b5-b2ea-4c14-b3e2-d6c9796f3fd4-150x150.jpg\" class=\"attachment-thumbnail size-thumbnail\" alt=\"\" \/><\/a>\n\t\t\t\t<\/dt><\/dl><dl class='gallery-item'>\n\t\t\t\t<dt class='gallery-icon portrait'>\n\t\t\t\t\t<a class=\"rollover rollover-zoom dt-pswp-item\" title=\"37a4eaaf-e758-456b-9b9f-1a06af4888c5\" data-dt-img-description=\"\" data-large_image_width=\"1080\" data-large_image_height=\"1350\"href='https:\/\/www.radiopiu.net\/wordpress\/wp-content\/uploads\/2025\/12\/37a4eaaf-e758-456b-9b9f-1a06af4888c5.jpg'><img loading=\"lazy\" decoding=\"async\" width=\"150\" height=\"150\" src=\"https:\/\/www.radiopiu.net\/wordpress\/wp-content\/uploads\/2025\/12\/37a4eaaf-e758-456b-9b9f-1a06af4888c5-150x150.jpg\" class=\"attachment-thumbnail size-thumbnail\" alt=\"\" \/><\/a>\n\t\t\t\t<\/dt><\/dl><dl class='gallery-item'>\n\t\t\t\t<dt class='gallery-icon portrait'>\n\t\t\t\t\t<a class=\"rollover rollover-zoom dt-pswp-item\" title=\"JGHOL\" data-dt-img-description=\"\" data-large_image_width=\"646\" data-large_image_height=\"914\"href='https:\/\/www.radiopiu.net\/wordpress\/wp-content\/uploads\/2025\/12\/JGHOL.jpg'><img loading=\"lazy\" decoding=\"async\" width=\"150\" height=\"150\" src=\"https:\/\/www.radiopiu.net\/wordpress\/wp-content\/uploads\/2025\/12\/JGHOL-150x150.jpg\" class=\"attachment-thumbnail size-thumbnail\" alt=\"\" \/><\/a>\n\t\t\t\t<\/dt><\/dl><dl class='gallery-item'>\n\t\t\t\t<dt class='gallery-icon portrait'>\n\t\t\t\t\t<a class=\"rollover rollover-zoom dt-pswp-item\" title=\"4bc53943-d3a4-46f5-99d3-8b57daed9032\" data-dt-img-description=\"\" data-large_image_width=\"1054\" data-large_image_height=\"1600\"href='https:\/\/www.radiopiu.net\/wordpress\/wp-content\/uploads\/2025\/12\/4bc53943-d3a4-46f5-99d3-8b57daed9032.jpg'><img loading=\"lazy\" decoding=\"async\" width=\"150\" height=\"150\" src=\"https:\/\/www.radiopiu.net\/wordpress\/wp-content\/uploads\/2025\/12\/4bc53943-d3a4-46f5-99d3-8b57daed9032-150x150.jpg\" class=\"attachment-thumbnail size-thumbnail\" alt=\"\" \/><\/a>\n\t\t\t\t<\/dt><\/dl><br style=\"clear: both\" \/><dl class='gallery-item'>\n\t\t\t\t<dt class='gallery-icon portrait'>\n\t\t\t\t\t<a class=\"rollover rollover-zoom dt-pswp-item\" title=\"Pasuch_Silicosi 12 dicembre\" data-dt-img-description=\"\" data-large_image_width=\"1754\" data-large_image_height=\"2481\"href='https:\/\/www.radiopiu.net\/wordpress\/wp-content\/uploads\/2025\/12\/Pasuch_Silicosi-12-dicembre.jpg'><img loading=\"lazy\" decoding=\"async\" width=\"150\" height=\"150\" src=\"https:\/\/www.radiopiu.net\/wordpress\/wp-content\/uploads\/2025\/12\/Pasuch_Silicosi-12-dicembre-150x150.jpg\" class=\"attachment-thumbnail size-thumbnail\" alt=\"\" \/><\/a>\n\t\t\t\t<\/dt><\/dl><dl class='gallery-item'>\n\t\t\t\t<dt class='gallery-icon portrait'>\n\t\t\t\t\t<a class=\"rollover rollover-zoom dt-pswp-item\" title=\"c1013ae7-ceb8-44da-9784-b85dc0038aa1\" data-dt-img-description=\"\" data-large_image_width=\"1080\" data-large_image_height=\"1508\"href='https:\/\/www.radiopiu.net\/wordpress\/wp-content\/uploads\/2025\/12\/c1013ae7-ceb8-44da-9784-b85dc0038aa1.jpg'><img loading=\"lazy\" decoding=\"async\" width=\"150\" height=\"150\" src=\"https:\/\/www.radiopiu.net\/wordpress\/wp-content\/uploads\/2025\/12\/c1013ae7-ceb8-44da-9784-b85dc0038aa1-150x150.jpg\" class=\"attachment-thumbnail size-thumbnail\" alt=\"\" \/><\/a>\n\t\t\t\t<\/dt><\/dl><dl class='gallery-item'>\n\t\t\t\t<dt class='gallery-icon portrait'>\n\t\t\t\t\t<a class=\"rollover rollover-zoom dt-pswp-item\" title=\"2772c7f3-6eff-4c3d-9f5b-38069263c341\" data-dt-img-description=\"\" data-large_image_width=\"937\" data-large_image_height=\"1600\"href='https:\/\/www.radiopiu.net\/wordpress\/wp-content\/uploads\/2025\/11\/2772c7f3-6eff-4c3d-9f5b-38069263c341.jpg'><img loading=\"lazy\" decoding=\"async\" width=\"150\" height=\"150\" src=\"https:\/\/www.radiopiu.net\/wordpress\/wp-content\/uploads\/2025\/11\/2772c7f3-6eff-4c3d-9f5b-38069263c341-150x150.jpg\" class=\"attachment-thumbnail size-thumbnail\" alt=\"\" \/><\/a>\n\t\t\t\t<\/dt><\/dl><dl class='gallery-item'>\n\t\t\t\t<dt class='gallery-icon portrait'>\n\t\t\t\t\t<a class=\"rollover rollover-zoom dt-pswp-item\" title=\"Screenshot\" data-dt-img-description=\"\" data-large_image_width=\"1420\" data-large_image_height=\"1802\"href='https:\/\/www.radiopiu.net\/wordpress\/wp-content\/uploads\/2025\/12\/SCR-20251208-shvr.jpeg'><img loading=\"lazy\" decoding=\"async\" width=\"150\" height=\"150\" src=\"https:\/\/www.radiopiu.net\/wordpress\/wp-content\/uploads\/2025\/12\/SCR-20251208-shvr-150x150.jpeg\" class=\"attachment-thumbnail size-thumbnail\" alt=\"\" aria-describedby=\"gallery-6-484846\" \/><\/a>\n\t\t\t\t<\/dt>\n\t\t\t\t\t<dd class='wp-caption-text gallery-caption' id='gallery-6-484846'>\n\t\t\t\t\tScreenshot\n\t\t\t\t\t<\/dd><\/dl><br style=\"clear: both\" \/><dl class='gallery-item'>\n\t\t\t\t<dt class='gallery-icon portrait'>\n\t\t\t\t\t<a class=\"rollover rollover-zoom dt-pswp-item\" title=\"Screenshot\" data-dt-img-description=\"\" data-large_image_width=\"1466\" data-large_image_height=\"1908\"href='https:\/\/www.radiopiu.net\/wordpress\/wp-content\/uploads\/2025\/12\/SCR-20251209-tskz.jpeg'><img loading=\"lazy\" decoding=\"async\" width=\"150\" height=\"150\" src=\"https:\/\/www.radiopiu.net\/wordpress\/wp-content\/uploads\/2025\/12\/SCR-20251209-tskz-150x150.jpeg\" class=\"attachment-thumbnail size-thumbnail\" alt=\"\" aria-describedby=\"gallery-6-485100\" \/><\/a>\n\t\t\t\t<\/dt>\n\t\t\t\t\t<dd class='wp-caption-text gallery-caption' id='gallery-6-485100'>\n\t\t\t\t\tScreenshot\n\t\t\t\t\t<\/dd><\/dl><dl class='gallery-item'>\n\t\t\t\t<dt class='gallery-icon portrait'>\n\t\t\t\t\t<a class=\"rollover rollover-zoom dt-pswp-item\" title=\"d81baad9-8886-4bdd-850c-b5aec1887cba\" data-dt-img-description=\"\" data-large_image_width=\"982\" data-large_image_height=\"1374\"href='https:\/\/www.radiopiu.net\/wordpress\/wp-content\/uploads\/2025\/12\/d81baad9-8886-4bdd-850c-b5aec1887cba.jpg'><img loading=\"lazy\" decoding=\"async\" width=\"150\" height=\"150\" src=\"https:\/\/www.radiopiu.net\/wordpress\/wp-content\/uploads\/2025\/12\/d81baad9-8886-4bdd-850c-b5aec1887cba-150x150.jpg\" class=\"attachment-thumbnail size-thumbnail\" alt=\"\" \/><\/a>\n\t\t\t\t<\/dt><\/dl><dl class='gallery-item'>\n\t\t\t\t<dt class='gallery-icon portrait'>\n\t\t\t\t\t<a class=\"rollover rollover-zoom dt-pswp-item\" title=\"Screenshot\" data-dt-img-description=\"\" data-large_image_width=\"1476\" data-large_image_height=\"1960\"href='https:\/\/www.radiopiu.net\/wordpress\/wp-content\/uploads\/2025\/12\/SCR-20251208-piot.jpeg'><img loading=\"lazy\" decoding=\"async\" width=\"150\" height=\"150\" src=\"https:\/\/www.radiopiu.net\/wordpress\/wp-content\/uploads\/2025\/12\/SCR-20251208-piot-150x150.jpeg\" class=\"attachment-thumbnail size-thumbnail\" alt=\"\" \/><\/a>\n\t\t\t\t<\/dt><\/dl><dl class='gallery-item'>\n\t\t\t\t<dt class='gallery-icon portrait'>\n\t\t\t\t\t<a class=\"rollover rollover-zoom dt-pswp-item\" title=\"40fc71c4-2534-425a-b717-cc3f8c5033c8\" data-dt-img-description=\"\" data-large_image_width=\"1131\" data-large_image_height=\"1600\"href='https:\/\/www.radiopiu.net\/wordpress\/wp-content\/uploads\/2025\/11\/40fc71c4-2534-425a-b717-cc3f8c5033c8.jpg'><img loading=\"lazy\" decoding=\"async\" width=\"150\" height=\"150\" src=\"https:\/\/www.radiopiu.net\/wordpress\/wp-content\/uploads\/2025\/11\/40fc71c4-2534-425a-b717-cc3f8c5033c8-150x150.jpg\" class=\"attachment-thumbnail size-thumbnail\" alt=\"\" \/><\/a>\n\t\t\t\t<\/dt><\/dl><br style=\"clear: both\" \/><dl class='gallery-item'>\n\t\t\t\t<dt class='gallery-icon portrait'>\n\t\t\t\t\t<a class=\"rollover rollover-zoom dt-pswp-item\" title=\"IMG-20251203-WA0003\" data-dt-img-description=\"\" data-large_image_width=\"900\" data-large_image_height=\"1600\"href='https:\/\/www.radiopiu.net\/wordpress\/wp-content\/uploads\/2025\/12\/IMG-20251203-WA0003.jpg'><img loading=\"lazy\" decoding=\"async\" width=\"150\" height=\"150\" src=\"https:\/\/www.radiopiu.net\/wordpress\/wp-content\/uploads\/2025\/12\/IMG-20251203-WA0003-150x150.jpg\" class=\"attachment-thumbnail size-thumbnail\" alt=\"\" \/><\/a>\n\t\t\t\t<\/dt><\/dl><dl class='gallery-item'>\n\t\t\t\t<dt class='gallery-icon portrait'>\n\t\t\t\t\t<a class=\"rollover rollover-zoom dt-pswp-item\" title=\"782feede-fd14-464f-8a18-cc30a8a6e342\" data-dt-img-description=\"\" data-large_image_width=\"486\" data-large_image_height=\"971\"href='https:\/\/www.radiopiu.net\/wordpress\/wp-content\/uploads\/2025\/11\/782feede-fd14-464f-8a18-cc30a8a6e342.jpg'><img loading=\"lazy\" decoding=\"async\" width=\"150\" height=\"150\" src=\"https:\/\/www.radiopiu.net\/wordpress\/wp-content\/uploads\/2025\/11\/782feede-fd14-464f-8a18-cc30a8a6e342-150x150.jpg\" class=\"attachment-thumbnail size-thumbnail\" alt=\"\" \/><\/a>\n\t\t\t\t<\/dt><\/dl><dl class='gallery-item'>\n\t\t\t\t<dt class='gallery-icon portrait'>\n\t\t\t\t\t<a class=\"rollover rollover-zoom dt-pswp-item\" title=\"2d577141-47bc-4bfc-87a8-699843effd99\" data-dt-img-description=\"\" data-large_image_width=\"1131\" data-large_image_height=\"1600\"href='https:\/\/www.radiopiu.net\/wordpress\/wp-content\/uploads\/2025\/12\/2d577141-47bc-4bfc-87a8-699843effd99.jpg'><img loading=\"lazy\" decoding=\"async\" width=\"150\" height=\"150\" src=\"https:\/\/www.radiopiu.net\/wordpress\/wp-content\/uploads\/2025\/12\/2d577141-47bc-4bfc-87a8-699843effd99-150x150.jpg\" class=\"attachment-thumbnail size-thumbnail\" alt=\"\" \/><\/a>\n\t\t\t\t<\/dt><\/dl><dl class='gallery-item'>\n\t\t\t\t<dt class='gallery-icon portrait'>\n\t\t\t\t\t<a class=\"rollover rollover-zoom dt-pswp-item\" title=\"NATALE LIMANA locandina definitiva ricorretta 3 dicembre 2025\" data-dt-img-description=\"\" data-large_image_width=\"1080\" data-large_image_height=\"1498\"href='https:\/\/www.radiopiu.net\/wordpress\/wp-content\/uploads\/2025\/12\/NATALE-LIMANA-locandina-definitiva-ricorretta-3-dicembre-2025.jpg'><img loading=\"lazy\" decoding=\"async\" width=\"150\" height=\"150\" src=\"https:\/\/www.radiopiu.net\/wordpress\/wp-content\/uploads\/2025\/12\/NATALE-LIMANA-locandina-definitiva-ricorretta-3-dicembre-2025-150x150.jpg\" class=\"attachment-thumbnail size-thumbnail\" alt=\"\" \/><\/a>\n\t\t\t\t<\/dt><\/dl><br style=\"clear: both\" \/><dl class='gallery-item'>\n\t\t\t\t<dt class='gallery-icon portrait'>\n\t\t\t\t\t<a class=\"rollover rollover-zoom dt-pswp-item\" title=\"586740953_1283004097175673_3623727418094522816_n\" data-dt-img-description=\"\" data-large_image_width=\"514\" data-large_image_height=\"720\"href='https:\/\/www.radiopiu.net\/wordpress\/wp-content\/uploads\/2025\/11\/586740953_1283004097175673_3623727418094522816_n.jpg'><img loading=\"lazy\" decoding=\"async\" width=\"150\" height=\"150\" src=\"https:\/\/www.radiopiu.net\/wordpress\/wp-content\/uploads\/2025\/11\/586740953_1283004097175673_3623727418094522816_n-150x150.jpg\" class=\"attachment-thumbnail size-thumbnail\" alt=\"\" \/><\/a>\n\t\t\t\t<\/dt><\/dl><dl class='gallery-item'>\n\t\t\t\t<dt class='gallery-icon portrait'>\n\t\t\t\t\t<a class=\"rollover rollover-zoom dt-pswp-item\" title=\"584332528_1279625560846860_1524691345192499574_n\" data-dt-img-description=\"\" data-large_image_width=\"417\" data-large_image_height=\"590\"href='https:\/\/www.radiopiu.net\/wordpress\/wp-content\/uploads\/2025\/11\/584332528_1279625560846860_1524691345192499574_n.jpg'><img loading=\"lazy\" decoding=\"async\" width=\"150\" height=\"150\" src=\"https:\/\/www.radiopiu.net\/wordpress\/wp-content\/uploads\/2025\/11\/584332528_1279625560846860_1524691345192499574_n-150x150.jpg\" class=\"attachment-thumbnail size-thumbnail\" alt=\"\" \/><\/a>\n\t\t\t\t<\/dt><\/dl><dl class='gallery-item'>\n\t\t\t\t<dt class='gallery-icon portrait'>\n\t\t\t\t\t<a class=\"rollover rollover-zoom dt-pswp-item\" title=\"6bffa8a2-fc7e-4551-a91f-e4c43ee80e76\" data-dt-img-description=\"\" data-large_image_width=\"1131\" data-large_image_height=\"1600\"href='https:\/\/www.radiopiu.net\/wordpress\/wp-content\/uploads\/2025\/11\/6bffa8a2-fc7e-4551-a91f-e4c43ee80e76.jpg'><img loading=\"lazy\" decoding=\"async\" width=\"150\" height=\"150\" src=\"https:\/\/www.radiopiu.net\/wordpress\/wp-content\/uploads\/2025\/11\/6bffa8a2-fc7e-4551-a91f-e4c43ee80e76-150x150.jpg\" class=\"attachment-thumbnail size-thumbnail\" alt=\"\" \/><\/a>\n\t\t\t\t<\/dt><\/dl><dl class='gallery-item'>\n\t\t\t\t<dt class='gallery-icon portrait'>\n\t\t\t\t\t<a class=\"rollover rollover-zoom dt-pswp-item\" title=\"Locandina Babbo Natale\" data-dt-img-description=\"\" data-large_image_width=\"1414\" data-large_image_height=\"2000\"href='https:\/\/www.radiopiu.net\/wordpress\/wp-content\/uploads\/2025\/12\/Locandina-Babbo-Natale.jpg'><img loading=\"lazy\" decoding=\"async\" width=\"150\" height=\"150\" src=\"https:\/\/www.radiopiu.net\/wordpress\/wp-content\/uploads\/2025\/12\/Locandina-Babbo-Natale-150x150.jpg\" class=\"attachment-thumbnail size-thumbnail\" alt=\"\" \/><\/a>\n\t\t\t\t<\/dt><\/dl><br style=\"clear: both\" \/><dl class='gallery-item'>\n\t\t\t\t<dt class='gallery-icon portrait'>\n\t\t\t\t\t<a class=\"rollover rollover-zoom dt-pswp-item\" title=\"Locandina Tombola di Natale\" data-dt-img-description=\"\" data-large_image_width=\"1414\" data-large_image_height=\"2000\"href='https:\/\/www.radiopiu.net\/wordpress\/wp-content\/uploads\/2025\/12\/Locandina-Tombola-di-Natale.jpg'><img loading=\"lazy\" decoding=\"async\" width=\"150\" height=\"150\" src=\"https:\/\/www.radiopiu.net\/wordpress\/wp-content\/uploads\/2025\/12\/Locandina-Tombola-di-Natale-150x150.jpg\" class=\"attachment-thumbnail size-thumbnail\" alt=\"\" \/><\/a>\n\t\t\t\t<\/dt><\/dl><dl class='gallery-item'>\n\t\t\t\t<dt class='gallery-icon portrait'>\n\t\t\t\t\t<a class=\"rollover rollover-zoom dt-pswp-item\" title=\"Locandina Concerto di Natale\" data-dt-img-description=\"\" data-large_image_width=\"1414\" data-large_image_height=\"2000\"href='https:\/\/www.radiopiu.net\/wordpress\/wp-content\/uploads\/2025\/12\/Locandina-Concerto-di-Natale.jpg'><img loading=\"lazy\" decoding=\"async\" width=\"150\" height=\"150\" src=\"https:\/\/www.radiopiu.net\/wordpress\/wp-content\/uploads\/2025\/12\/Locandina-Concerto-di-Natale-150x150.jpg\" class=\"attachment-thumbnail size-thumbnail\" alt=\"\" \/><\/a>\n\t\t\t\t<\/dt><\/dl><dl class='gallery-item'>\n\t\t\t\t<dt class='gallery-icon portrait'>\n\t\t\t\t\t<a class=\"rollover rollover-zoom dt-pswp-item\" title=\"Locandina premiazioni presepi\" data-dt-img-description=\"\" data-large_image_width=\"1414\" data-large_image_height=\"2000\"href='https:\/\/www.radiopiu.net\/wordpress\/wp-content\/uploads\/2025\/12\/Locandina-premiazioni-presepi.jpg'><img loading=\"lazy\" decoding=\"async\" width=\"150\" height=\"150\" src=\"https:\/\/www.radiopiu.net\/wordpress\/wp-content\/uploads\/2025\/12\/Locandina-premiazioni-presepi-150x150.jpg\" class=\"attachment-thumbnail size-thumbnail\" alt=\"\" \/><\/a>\n\t\t\t\t<\/dt><\/dl><dl class='gallery-item'>\n\t\t\t\t<dt class='gallery-icon portrait'>\n\t\t\t\t\t<a class=\"rollover rollover-zoom dt-pswp-item\" title=\"f1abd145-f8ac-47a0-ba3f-148fc1d99248\" data-dt-img-description=\"\" data-large_image_width=\"982\" data-large_image_height=\"1374\"href='https:\/\/www.radiopiu.net\/wordpress\/wp-content\/uploads\/2025\/12\/f1abd145-f8ac-47a0-ba3f-148fc1d99248-1.jpg'><img loading=\"lazy\" decoding=\"async\" width=\"150\" height=\"150\" src=\"https:\/\/www.radiopiu.net\/wordpress\/wp-content\/uploads\/2025\/12\/f1abd145-f8ac-47a0-ba3f-148fc1d99248-1-150x150.jpg\" class=\"attachment-thumbnail size-thumbnail\" alt=\"\" \/><\/a>\n\t\t\t\t<\/dt><\/dl><br style=\"clear: both\" \/>\n\t\t\t<\/div>\n\n<p>&nbsp;<\/p>\n<p>&nbsp;<\/p>\n<hr \/>\n<p>&nbsp;<\/p>\n<p class=\"mceTemp\"><a class=\"dt-pswp-item\" href=\"https:\/\/www.radiopiu.net\/wordpress\/wp-content\/uploads\/2018\/09\/WhatsApp-Image-2018-09-20-at-16.04.06.jpeg\" data-dt-img-description=\"\" data-large_image_width=\"800\" data-large_image_height=\"100\"><img loading=\"lazy\" decoding=\"async\" class=\"wp-image-61378 size-full aligncenter\" src=\"https:\/\/www.radiopiu.net\/wordpress\/wp-content\/uploads\/2018\/09\/WhatsApp-Image-2018-09-20-at-16.04.06.jpeg\" alt=\"\" width=\"800\" height=\"100\" srcset=\"https:\/\/www.radiopiu.net\/wordpress\/wp-content\/uploads\/2018\/09\/WhatsApp-Image-2018-09-20-at-16.04.06.jpeg 800w, https:\/\/www.radiopiu.net\/wordpress\/wp-content\/uploads\/2018\/09\/WhatsApp-Image-2018-09-20-at-16.04.06-300x38.jpeg 300w, https:\/\/www.radiopiu.net\/wordpress\/wp-content\/uploads\/2018\/09\/WhatsApp-Image-2018-09-20-at-16.04.06-768x96.jpeg 768w\" sizes=\"auto, (max-width: 800px) 100vw, 800px\" \/><\/a><\/p>\n<p>&nbsp;<\/p>\n<p><center><b>OGGI<\/b><\/center>Tempo stabile con cielo sereno, aria tersa ed ottima visibilit\u00e0. Aumenta la probabilit\u00e0 di nebbie notturne in alcuni fondovalle prealpini<br \/>\n<b>Precipitazioni: <\/b>Assenti<br \/>\n<b>Temperature: <\/b>Le temperature toccheranno il loro apice in alta quota, con valori ben superiori alla media, mentre l&#8217; inversione termica si accentuer\u00e0 ulteriormente in molte valli.<\/p>\n<hr \/>\n<p><center><b>DOMANI<\/b><\/center>Tempo stabile. Cielo sereno aria tersa ed ottima visibilit\u00e0 fino al primo mattino. Dalla tarda mattinata e nel pomeriggio a tratti velato, con nubi alte in grado a tratti di mascherare il sole. Maggior probabilit\u00e0 di nebbie o nubi basse in alcuni fondovalle Prealpini, localmente persistenti.<br \/>\n<b>Precipitazioni: <\/b>Assenti<br \/>\n<b>Temperature: <\/b>In generale diminuzione rispetto a mercoled\u00ec e attenuazione dell&#8217;inversione termica<\/p>\n<hr \/>\n<p><center><b>VENERDI<\/b><\/center>Cielo sereno o al pi\u00f9 poco nuvoloso per qualche velatura al mattino. Eccellente visibilit\u00e0 in quota. Temperature pressoch\u00e8 stazionarie con inversione termica nelle valli.<\/p>\n<hr \/>\n<p><center><b>SABATO<\/b><\/center>Cielo sereno. Temperature stazionarie, o in lieve calo nelle valli.<\/p>\n<p>&nbsp;<\/p>\n<p>&nbsp;<\/p>\n<hr \/>\n<p>&nbsp;<\/p>\n<p class=\"mceTemp\"><a class=\"dt-pswp-item\" href=\"https:\/\/www.radiopiu.net\/wordpress\/wp-content\/uploads\/2018\/09\/sport.jpg\" data-dt-img-description=\"\" data-large_image_width=\"800\" data-large_image_height=\"100\"><img loading=\"lazy\" decoding=\"async\" class=\"aligncenter wp-image-60761 size-full\" src=\"https:\/\/www.radiopiu.net\/wordpress\/wp-content\/uploads\/2018\/09\/sport.jpg\" alt=\"\" width=\"800\" height=\"100\" srcset=\"https:\/\/www.radiopiu.net\/wordpress\/wp-content\/uploads\/2018\/09\/sport.jpg 800w, https:\/\/www.radiopiu.net\/wordpress\/wp-content\/uploads\/2018\/09\/sport-300x38.jpg 300w, https:\/\/www.radiopiu.net\/wordpress\/wp-content\/uploads\/2018\/09\/sport-768x96.jpg 768w\" sizes=\"auto, (max-width: 800px) 100vw, 800px\" \/> <\/a><\/p>\n<p>&nbsp;<\/p>\n<p><strong><span style=\"color: #0000ff;\">NUOTO<\/span><\/strong><\/p>\n<p>&nbsp;<\/p>\n<div class=\"page-title-head hgroup\">\n<blockquote>\n<h3 class=\"entry-title\">ESORDIENTI BELLUNESI IN CRESCITA NELLA SECONDA GIORNATA A VITTORIO VENETO<\/h3>\n<\/blockquote>\n<\/div>\n<div class=\"page-title-breadcrumbs\">\n<p><strong data-start=\"138\" data-end=\"157\">VITTORIO VENETO<\/strong> \u2013 La seconda giornata dell\u2019attivit\u00e0 Esordienti Belluno\u2013Treviso ha visto protagonisti i giovani nuotatori della Sportivamente Belluno nella piscina di Vittorio Veneto. Tra gli Esordienti B, brillano Gaia Tegner, Alessandro Dalla Riva, Damiano Lazzari, Filippo Cavallini e Leon Broi nei 50 dorso, mentre Gabriel Somacal, Tommaso Nogar\u00e8, Giacomo De Bona e Samuele Gasperini si distinguono nei 100 stile e nei 200 misti. Nei 200 misti ottime prove anche per Fabio Corona, Arrighini e altri. Tra gli Esordienti A, Sebastiano Migotto conquista l\u2019argento nei 100 dorso e si mette in luce nei 200 misti; Mattia Brianti migliora nei 100 farfalla e 200 misti. Note positive per Nicola De Min, Erik De Nardin, Ambra Gasperin, Azzurra Cavaliero e Teresa Zammatteo. La mistaffetta 4\u00d750 stile chiude la giornata con un quarto posto in 2\u201911\u201d70, confermando compattezza e crescita del gruppo.<\/p>\n\n\t\t\t<style type='text\/css'>\n\t\t\t\t#gallery-7 {\n\t\t\t\t\tmargin: auto;\n\t\t\t\t}\n\t\t\t\t#gallery-7 .gallery-item {\n\t\t\t\t\tfloat: left;\n\t\t\t\t\tmargin-top: 10px;\n\t\t\t\t\ttext-align: center;\n\t\t\t\t\twidth: 50%;\n\t\t\t\t}\n\t\t\t\t#gallery-7 img {\n\t\t\t\t\tborder: 2px solid #cfcfcf;\n\t\t\t\t}\n\t\t\t\t#gallery-7 .gallery-caption {\n\t\t\t\t\tmargin-left: 0;\n\t\t\t\t}\n\t\t\t\t\/* see gallery_shortcode() in wp-includes\/media.php *\/\n\t\t\t<\/style>\n\t\t<div id='gallery-7' class='dt-gallery-container gallery galleryid-484851 gallery-columns-2 gallery-size-medium'><dl class='gallery-item'>\n\t\t\t\t<dt class='gallery-icon landscape'>\n\t\t\t\t\t<a class=\"rollover rollover-zoom dt-pswp-item\" title=\"Esordienti_B_a_Vittorio_Veneto\" data-dt-img-description=\"\" data-large_image_width=\"1282\" data-large_image_height=\"1214\"href='https:\/\/www.radiopiu.net\/wordpress\/wp-content\/uploads\/2025\/12\/Esordienti_B_a_Vittorio_Veneto.jpg'><img loading=\"lazy\" decoding=\"async\" width=\"300\" height=\"284\" src=\"https:\/\/www.radiopiu.net\/wordpress\/wp-content\/uploads\/2025\/12\/Esordienti_B_a_Vittorio_Veneto-300x284.jpg\" class=\"attachment-medium size-medium\" alt=\"\" srcset=\"https:\/\/www.radiopiu.net\/wordpress\/wp-content\/uploads\/2025\/12\/Esordienti_B_a_Vittorio_Veneto-300x284.jpg 300w, https:\/\/www.radiopiu.net\/wordpress\/wp-content\/uploads\/2025\/12\/Esordienti_B_a_Vittorio_Veneto-1024x970.jpg 1024w, https:\/\/www.radiopiu.net\/wordpress\/wp-content\/uploads\/2025\/12\/Esordienti_B_a_Vittorio_Veneto-768x727.jpg 768w, https:\/\/www.radiopiu.net\/wordpress\/wp-content\/uploads\/2025\/12\/Esordienti_B_a_Vittorio_Veneto.jpg 1282w\" sizes=\"auto, (max-width: 300px) 100vw, 300px\" \/><\/a>\n\t\t\t\t<\/dt><\/dl><dl class='gallery-item'>\n\t\t\t\t<dt class='gallery-icon portrait'>\n\t\t\t\t\t<a class=\"rollover rollover-zoom dt-pswp-item\" title=\"Esordienti_A_a_Vittorio_Veneto\" data-dt-img-description=\"\" data-large_image_width=\"1040\" data-large_image_height=\"1126\"href='https:\/\/www.radiopiu.net\/wordpress\/wp-content\/uploads\/2025\/12\/Esordienti_A_a_Vittorio_Veneto.jpg'><img loading=\"lazy\" decoding=\"async\" width=\"277\" height=\"300\" src=\"https:\/\/www.radiopiu.net\/wordpress\/wp-content\/uploads\/2025\/12\/Esordienti_A_a_Vittorio_Veneto-277x300.jpg\" class=\"attachment-medium size-medium\" alt=\"\" srcset=\"https:\/\/www.radiopiu.net\/wordpress\/wp-content\/uploads\/2025\/12\/Esordienti_A_a_Vittorio_Veneto-277x300.jpg 277w, https:\/\/www.radiopiu.net\/wordpress\/wp-content\/uploads\/2025\/12\/Esordienti_A_a_Vittorio_Veneto-946x1024.jpg 946w, https:\/\/www.radiopiu.net\/wordpress\/wp-content\/uploads\/2025\/12\/Esordienti_A_a_Vittorio_Veneto-768x832.jpg 768w, https:\/\/www.radiopiu.net\/wordpress\/wp-content\/uploads\/2025\/12\/Esordienti_A_a_Vittorio_Veneto.jpg 1040w\" sizes=\"auto, (max-width: 277px) 100vw, 277px\" \/><\/a>\n\t\t\t\t<\/dt><\/dl><br style=\"clear: both\" \/>\n\t\t\t<\/div>\n\n<\/div>\n<blockquote>\n<h3>OTTIME PRESTAZIONI DEI NUOTATORI AGORDINI A VITTORIO VENETO<\/h3>\n<\/blockquote>\n<p>La 2\u00b0 giornata del circuito Belluno-Treviso si \u00e8 svolta domenica 7 dicembre a Vittorio Veneto. Tra le esordienti femminili, ottimi risultati nei 200 misti con Veronica Scussel 4\u00aa, Aurora Olivier 5\u00aa e Colette Samassa 6\u00aa; nei 100 stile Aurora \u00e8 4\u00aa e Colette 8\u00aa, mentre Veronica \u00e8 stata sfortunata a causa di un inconveniente in partenza. Nei maschietti, Matthias Farenzena ha chiuso 12\u00b0 nei 50 dorso e ha disputato i 100 stile libero con buon esito. Tra le esordienti A, Cecilia, Azzurra e Alice hanno migliorato i propri tempi negli 800 stile libero; Emma Latti ha abbassato di 1,5\u201d il suo personale nei 100 stile. Buone prove anche nei 200 misti e nelle staffette mixed, con tutti gli otto atleti agordini protagonisti.<\/p>\n\n\t\t\t<style type='text\/css'>\n\t\t\t\t#gallery-8 {\n\t\t\t\t\tmargin: auto;\n\t\t\t\t}\n\t\t\t\t#gallery-8 .gallery-item {\n\t\t\t\t\tfloat: left;\n\t\t\t\t\tmargin-top: 10px;\n\t\t\t\t\ttext-align: center;\n\t\t\t\t\twidth: 33%;\n\t\t\t\t}\n\t\t\t\t#gallery-8 img {\n\t\t\t\t\tborder: 2px solid #cfcfcf;\n\t\t\t\t}\n\t\t\t\t#gallery-8 .gallery-caption {\n\t\t\t\t\tmargin-left: 0;\n\t\t\t\t}\n\t\t\t\t\/* see gallery_shortcode() in wp-includes\/media.php *\/\n\t\t\t<\/style>\n\t\t<div id='gallery-8' class='dt-gallery-container gallery galleryid-484851 gallery-columns-3 gallery-size-medium'><dl class='gallery-item'>\n\t\t\t\t<dt class='gallery-icon portrait'>\n\t\t\t\t\t<a class=\"rollover rollover-zoom dt-pswp-item\" title=\"38bf3fdf-fd95-4ba5-8e37-ba1e417d7abb\" data-dt-img-description=\"\" data-large_image_width=\"1239\" data-large_image_height=\"1303\"href='https:\/\/www.radiopiu.net\/wordpress\/wp-content\/uploads\/2025\/12\/38bf3fdf-fd95-4ba5-8e37-ba1e417d7abb.jpg'><img loading=\"lazy\" decoding=\"async\" width=\"285\" height=\"300\" src=\"https:\/\/www.radiopiu.net\/wordpress\/wp-content\/uploads\/2025\/12\/38bf3fdf-fd95-4ba5-8e37-ba1e417d7abb-285x300.jpg\" class=\"attachment-medium size-medium\" alt=\"\" srcset=\"https:\/\/www.radiopiu.net\/wordpress\/wp-content\/uploads\/2025\/12\/38bf3fdf-fd95-4ba5-8e37-ba1e417d7abb-285x300.jpg 285w, https:\/\/www.radiopiu.net\/wordpress\/wp-content\/uploads\/2025\/12\/38bf3fdf-fd95-4ba5-8e37-ba1e417d7abb-974x1024.jpg 974w, https:\/\/www.radiopiu.net\/wordpress\/wp-content\/uploads\/2025\/12\/38bf3fdf-fd95-4ba5-8e37-ba1e417d7abb-768x808.jpg 768w, https:\/\/www.radiopiu.net\/wordpress\/wp-content\/uploads\/2025\/12\/38bf3fdf-fd95-4ba5-8e37-ba1e417d7abb.jpg 1239w\" sizes=\"auto, (max-width: 285px) 100vw, 285px\" \/><\/a>\n\t\t\t\t<\/dt><\/dl><dl class='gallery-item'>\n\t\t\t\t<dt class='gallery-icon portrait'>\n\t\t\t\t\t<a class=\"rollover rollover-zoom dt-pswp-item\" title=\"75c58c07-5f8f-4809-8d02-c7dfaeee482f\" data-dt-img-description=\"\" data-large_image_width=\"1567\" data-large_image_height=\"1600\"href='https:\/\/www.radiopiu.net\/wordpress\/wp-content\/uploads\/2025\/12\/75c58c07-5f8f-4809-8d02-c7dfaeee482f.jpg'><img loading=\"lazy\" decoding=\"async\" width=\"294\" height=\"300\" src=\"https:\/\/www.radiopiu.net\/wordpress\/wp-content\/uploads\/2025\/12\/75c58c07-5f8f-4809-8d02-c7dfaeee482f-294x300.jpg\" class=\"attachment-medium size-medium\" alt=\"\" srcset=\"https:\/\/www.radiopiu.net\/wordpress\/wp-content\/uploads\/2025\/12\/75c58c07-5f8f-4809-8d02-c7dfaeee482f-294x300.jpg 294w, https:\/\/www.radiopiu.net\/wordpress\/wp-content\/uploads\/2025\/12\/75c58c07-5f8f-4809-8d02-c7dfaeee482f-1003x1024.jpg 1003w, https:\/\/www.radiopiu.net\/wordpress\/wp-content\/uploads\/2025\/12\/75c58c07-5f8f-4809-8d02-c7dfaeee482f-768x784.jpg 768w, https:\/\/www.radiopiu.net\/wordpress\/wp-content\/uploads\/2025\/12\/75c58c07-5f8f-4809-8d02-c7dfaeee482f-1504x1536.jpg 1504w, https:\/\/www.radiopiu.net\/wordpress\/wp-content\/uploads\/2025\/12\/75c58c07-5f8f-4809-8d02-c7dfaeee482f.jpg 1567w\" sizes=\"auto, (max-width: 294px) 100vw, 294px\" \/><\/a>\n\t\t\t\t<\/dt><\/dl><dl class='gallery-item'>\n\t\t\t\t<dt class='gallery-icon landscape'>\n\t\t\t\t\t<a class=\"rollover rollover-zoom dt-pswp-item\" title=\"95ac774b-5118-4596-be7d-35fca505779b\" data-dt-img-description=\"\" data-large_image_width=\"1600\" data-large_image_height=\"1359\"href='https:\/\/www.radiopiu.net\/wordpress\/wp-content\/uploads\/2025\/12\/95ac774b-5118-4596-be7d-35fca505779b.jpg'><img loading=\"lazy\" decoding=\"async\" width=\"300\" height=\"255\" src=\"https:\/\/www.radiopiu.net\/wordpress\/wp-content\/uploads\/2025\/12\/95ac774b-5118-4596-be7d-35fca505779b-300x255.jpg\" class=\"attachment-medium size-medium\" alt=\"\" srcset=\"https:\/\/www.radiopiu.net\/wordpress\/wp-content\/uploads\/2025\/12\/95ac774b-5118-4596-be7d-35fca505779b-300x255.jpg 300w, https:\/\/www.radiopiu.net\/wordpress\/wp-content\/uploads\/2025\/12\/95ac774b-5118-4596-be7d-35fca505779b-1024x870.jpg 1024w, https:\/\/www.radiopiu.net\/wordpress\/wp-content\/uploads\/2025\/12\/95ac774b-5118-4596-be7d-35fca505779b-768x652.jpg 768w, https:\/\/www.radiopiu.net\/wordpress\/wp-content\/uploads\/2025\/12\/95ac774b-5118-4596-be7d-35fca505779b-1536x1305.jpg 1536w, https:\/\/www.radiopiu.net\/wordpress\/wp-content\/uploads\/2025\/12\/95ac774b-5118-4596-be7d-35fca505779b.jpg 1600w\" sizes=\"auto, (max-width: 300px) 100vw, 300px\" \/><\/a>\n\t\t\t\t<\/dt><\/dl><br style=\"clear: both\" \/>\n\t\t\t<\/div>\n\n","protected":false},"excerpt":{"rendered":"<p>******** &nbsp; LA NUOVA\u00a0 APP \u00a0 LA\u00a0 APP PER IOS-IPHONE di Nicola Vettorello https:\/\/apps.apple.com\/it\/app\/radio-pi%C3%B9-emittente-agordina\/id1515939845 LA\u00a0 APP RADIO\u00a0 PER ANDROID di Nicola Vettorello https:\/\/play.google.com\/store\/apps\/details?id=net.radiopiu.iniko\u00a0\u00a0\u00a0\u00a0\u00a0 &nbsp; &nbsp; &nbsp; &nbsp; OGGI SU RADIOPI\u00d9: MUSICA, informazione\u00a0 e dirette\u00a0\u00a0 ALLE 8.05 LA RASSEGNA STAMPA LOCALE 8.25 piu siamo con marina don\u00e0 9.00 ALICE BETTOLO IN &#8220;I MILLE PASSI&#8221; DAI DIARI&hellip;<\/p>\n","protected":false},"author":4,"featured_media":485035,"comment_status":"closed","ping_status":"closed","sticky":false,"template":"","format":"standard","meta":{"_monsterinsights_skip_tracking":false,"_monsterinsights_sitenote_active":false,"_monsterinsights_sitenote_note":"","_monsterinsights_sitenote_category":0,"footnotes":""},"categories":[51,86,49],"tags":[],"class_list":["post-484851","post","type-post","status-publish","format-standard","has-post-thumbnail","hentry","category-evidenza-top","category-gr","category-news-18","category-51","category-86","category-49","description-off"],"img_url":"https:\/\/www.radiopiu.net\/wordpress\/wp-content\/uploads\/2025\/12\/2024-12-Imbocco-Valle-di-Cadore-ovest-scaled.jpg","_links":{"self":[{"href":"https:\/\/www.radiopiu.net\/wordpress\/wp-json\/wp\/v2\/posts\/484851","targetHints":{"allow":["GET"]}}],"collection":[{"href":"https:\/\/www.radiopiu.net\/wordpress\/wp-json\/wp\/v2\/posts"}],"about":[{"href":"https:\/\/www.radiopiu.net\/wordpress\/wp-json\/wp\/v2\/types\/post"}],"author":[{"embeddable":true,"href":"https:\/\/www.radiopiu.net\/wordpress\/wp-json\/wp\/v2\/users\/4"}],"replies":[{"embeddable":true,"href":"https:\/\/www.radiopiu.net\/wordpress\/wp-json\/wp\/v2\/comments?post=484851"}],"version-history":[{"count":53,"href":"https:\/\/www.radiopiu.net\/wordpress\/wp-json\/wp\/v2\/posts\/484851\/revisions"}],"predecessor-version":[{"id":485138,"href":"https:\/\/www.radiopiu.net\/wordpress\/wp-json\/wp\/v2\/posts\/484851\/revisions\/485138"}],"wp:featuredmedia":[{"embeddable":true,"href":"https:\/\/www.radiopiu.net\/wordpress\/wp-json\/wp\/v2\/media\/485035"}],"wp:attachment":[{"href":"https:\/\/www.radiopiu.net\/wordpress\/wp-json\/wp\/v2\/media?parent=484851"}],"wp:term":[{"taxonomy":"category","embeddable":true,"href":"https:\/\/www.radiopiu.net\/wordpress\/wp-json\/wp\/v2\/categories?post=484851"},{"taxonomy":"post_tag","embeddable":true,"href":"https:\/\/www.radiopiu.net\/wordpress\/wp-json\/wp\/v2\/tags?post=484851"}],"curies":[{"name":"wp","href":"https:\/\/api.w.org\/{rel}","templated":true}]}}