{"id":484907,"date":"2025-12-08T06:40:46","date_gmt":"2025-12-08T05:40:46","guid":{"rendered":"https:\/\/www.radiopiu.net\/wordpress\/?p=484907"},"modified":"2025-12-09T06:42:37","modified_gmt":"2025-12-09T05:42:37","slug":"capitolo-22-il-cane-nero","status":"publish","type":"post","link":"https:\/\/www.radiopiu.net\/wordpress\/capitolo-22-il-cane-nero\/","title":{"rendered":"CAPITOLO 22 &#8220;IL CANE NERO&#8221;"},"content":{"rendered":"<p>***<\/p>\n<p>&nbsp;<\/p>\n<p><img loading=\"lazy\" decoding=\"async\" class=\"alignleft\" src=\"https:\/\/www.radiopiu.net\/wordpress\/wp-content\/uploads\/2025\/12\/022-Il-cane-nero.jpg\" width=\"179\" height=\"182\" \/>Tutto \u00e8 molto confuso e chiaro allo stesso tempo. Non posso salvare il circo di disperati che vive nel patio. Come non posso salvare il paradiso dalla sua caduta inesorabile verso l&#8217;inferno del progresso che lo sta trasformando in un nuovo grande villaggio turistico. Vittime coscienti della natura che inquinano ogni giorno. Della violenza che accettano in silenzio nella famiglia, come se fosse la normalit\u00e0. Delle credenze e delle paure di tutto ci\u00f2 che \u00e8 diverso. Vittime consapevoli della loro stessa debolezza. Rester\u00f2 a guardare la lenta inondazione del Titanic. Senza lanciare nessun salvagente. Anche se no, non getto la spugna.<\/p>\n<p>&nbsp;<\/p>\n<p>AUDIO<\/p>\n<audio class=\"wp-audio-shortcode\" id=\"audio-484907-1\" preload=\"none\" style=\"width: 100%;\" controls=\"controls\"><source type=\"audio\/mpeg\" src=\"https:\/\/www.radiopiu.net\/wordpress\/wp-content\/uploads\/2025\/12\/022-Il-cane-nero.mp3?_=1\" \/><a href=\"https:\/\/www.radiopiu.net\/wordpress\/wp-content\/uploads\/2025\/12\/022-Il-cane-nero.mp3\">https:\/\/www.radiopiu.net\/wordpress\/wp-content\/uploads\/2025\/12\/022-Il-cane-nero.mp3<\/a><\/audio>\n<p>&nbsp;<\/p>\n<hr \/>\n<p>&nbsp;<\/p>\n","protected":false},"excerpt":{"rendered":"<p>*** &nbsp; Tutto \u00e8 molto confuso e chiaro allo stesso tempo. Non posso salvare il circo di disperati che vive nel patio. Come non posso salvare il paradiso dalla sua caduta inesorabile verso l&#8217;inferno del progresso che lo sta trasformando in un nuovo grande villaggio turistico. Vittime coscienti della natura che inquinano ogni giorno. Della&hellip;<\/p>\n","protected":false},"author":4,"featured_media":484910,"comment_status":"closed","ping_status":"closed","sticky":false,"template":"","format":"standard","meta":{"_monsterinsights_skip_tracking":false,"_monsterinsights_sitenote_active":false,"_monsterinsights_sitenote_note":"","_monsterinsights_sitenote_category":0,"footnotes":""},"categories":[104,150],"tags":[],"class_list":["post-484907","post","type-post","status-publish","format-standard","has-post-thumbnail","hentry","category-evidenza_3","category-mille-passi","category-104","category-150","description-off"],"img_url":"https:\/\/www.radiopiu.net\/wordpress\/wp-content\/uploads\/2025\/12\/022-Il-cane-nero.jpg","_links":{"self":[{"href":"https:\/\/www.radiopiu.net\/wordpress\/wp-json\/wp\/v2\/posts\/484907","targetHints":{"allow":["GET"]}}],"collection":[{"href":"https:\/\/www.radiopiu.net\/wordpress\/wp-json\/wp\/v2\/posts"}],"about":[{"href":"https:\/\/www.radiopiu.net\/wordpress\/wp-json\/wp\/v2\/types\/post"}],"author":[{"embeddable":true,"href":"https:\/\/www.radiopiu.net\/wordpress\/wp-json\/wp\/v2\/users\/4"}],"replies":[{"embeddable":true,"href":"https:\/\/www.radiopiu.net\/wordpress\/wp-json\/wp\/v2\/comments?post=484907"}],"version-history":[{"count":1,"href":"https:\/\/www.radiopiu.net\/wordpress\/wp-json\/wp\/v2\/posts\/484907\/revisions"}],"predecessor-version":[{"id":484912,"href":"https:\/\/www.radiopiu.net\/wordpress\/wp-json\/wp\/v2\/posts\/484907\/revisions\/484912"}],"wp:featuredmedia":[{"embeddable":true,"href":"https:\/\/www.radiopiu.net\/wordpress\/wp-json\/wp\/v2\/media\/484910"}],"wp:attachment":[{"href":"https:\/\/www.radiopiu.net\/wordpress\/wp-json\/wp\/v2\/media?parent=484907"}],"wp:term":[{"taxonomy":"category","embeddable":true,"href":"https:\/\/www.radiopiu.net\/wordpress\/wp-json\/wp\/v2\/categories?post=484907"},{"taxonomy":"post_tag","embeddable":true,"href":"https:\/\/www.radiopiu.net\/wordpress\/wp-json\/wp\/v2\/tags?post=484907"}],"curies":[{"name":"wp","href":"https:\/\/api.w.org\/{rel}","templated":true}]}}