{"id":484937,"date":"2025-12-09T09:49:57","date_gmt":"2025-12-09T08:49:57","guid":{"rendered":"https:\/\/www.radiopiu.net\/wordpress\/?p=484937"},"modified":"2025-12-09T09:50:56","modified_gmt":"2025-12-09T08:50:56","slug":"gosaldo-accende-il-natale-inaugurata-la-casetta-di-babbo-natale-e-lalbero-in-piazza","status":"publish","type":"post","link":"https:\/\/www.radiopiu.net\/wordpress\/gosaldo-accende-il-natale-inaugurata-la-casetta-di-babbo-natale-e-lalbero-in-piazza\/","title":{"rendered":"GOSALDO ACCENDE IL NATALE: INAUGURATA LA CASETTA DI BABBO NATALE E L\u2019ALBERO IN PIAZZA"},"content":{"rendered":"<p>***<\/p>\n<p><span style=\"color: #ff0000;\"><strong>GOSALDO<\/strong><\/span><\/p>\n<p data-start=\"91\" data-end=\"382\"><a class=\"dt-pswp-item\" href=\"https:\/\/www.radiopiu.net\/wordpress\/wp-content\/uploads\/2025\/12\/PHOTO-2025-12-07-19-33-07-2.jpg\" data-dt-img-description=\"\" data-large_image_width=\"1599\" data-large_image_height=\"1191\"><img loading=\"lazy\" decoding=\"async\" class=\"size-medium wp-image-484938 alignleft\" src=\"https:\/\/www.radiopiu.net\/wordpress\/wp-content\/uploads\/2025\/12\/PHOTO-2025-12-07-19-33-07-2-300x223.jpg\" alt=\"\" width=\"300\" height=\"223\" srcset=\"https:\/\/www.radiopiu.net\/wordpress\/wp-content\/uploads\/2025\/12\/PHOTO-2025-12-07-19-33-07-2-300x223.jpg 300w, https:\/\/www.radiopiu.net\/wordpress\/wp-content\/uploads\/2025\/12\/PHOTO-2025-12-07-19-33-07-2-1024x763.jpg 1024w, https:\/\/www.radiopiu.net\/wordpress\/wp-content\/uploads\/2025\/12\/PHOTO-2025-12-07-19-33-07-2-768x572.jpg 768w, https:\/\/www.radiopiu.net\/wordpress\/wp-content\/uploads\/2025\/12\/PHOTO-2025-12-07-19-33-07-2-1536x1144.jpg 1536w, https:\/\/www.radiopiu.net\/wordpress\/wp-content\/uploads\/2025\/12\/PHOTO-2025-12-07-19-33-07-2.jpg 1599w\" sizes=\"auto, (max-width: 300px) 100vw, 300px\" \/><\/a>Il Natale a Gosaldo \u00e8 ufficialmente iniziato. Domenica scorsa la piazza di Don si \u00e8 illuminata con la tradizionale accensione dell\u2019albero, accompagnata dall\u2019attesa apertura della Casetta di Babbo Natale, che ha richiamato famiglie, bambini e residenti in un clima di festa autentica. Tra luci calde, decorazioni e sorrisi, la comunit\u00e0 ha dato il via alle celebrazioni natalizie in un\u2019atmosfera che ha subito scaldato il cuore di tutti i presenti. I pi\u00f9 piccoli hanno potuto visitare la casetta, lasciando pensieri e letterine a Babbo Natale, che far\u00e0 ritorno in paese alla vigilia. Il prossimo appuntamento \u00e8 fissato per il 24 dicembre, quando le vie di Gosaldo saranno animate dalla musica degli zampognari e dai canti natalizi del coro di Gosaldo, in attesa dell\u2019arrivo di Babbo Natale che porter\u00e0 un dono a tutti i bambini. Un dicembre ricco di magia e tradizione, che unisce la comunit\u00e0 nel segno della festa pi\u00f9 attesa dell\u2019anno.<\/p>\n<p>&nbsp;<\/p>\n<p data-start=\"91\" data-end=\"382\"><strong>L&#8217;INTERVISTA ALLA RADIO, DI MIRKO MEZZACASA<\/strong><\/p>\n<p data-start=\"91\" data-end=\"382\">STEFANO MARCON\u00a0 &#8211; MORENO DA ZANCHE &#8211; DONATELLO GALATONE &#8211; SARA LAVEDER<\/p>\n<audio class=\"wp-audio-shortcode\" id=\"audio-484937-1\" preload=\"none\" style=\"width: 100%;\" controls=\"controls\"><source type=\"audio\/mpeg\" src=\"https:\/\/www.radiopiu.net\/wordpress\/wp-content\/uploads\/2025\/12\/PROLOCO-GOSALDO-2025.mp3?_=1\" \/><a href=\"https:\/\/www.radiopiu.net\/wordpress\/wp-content\/uploads\/2025\/12\/PROLOCO-GOSALDO-2025.mp3\">https:\/\/www.radiopiu.net\/wordpress\/wp-content\/uploads\/2025\/12\/PROLOCO-GOSALDO-2025.mp3<\/a><\/audio>\n<p>&nbsp;<\/p>\n\n\t\t\t<style type='text\/css'>\n\t\t\t\t#gallery-1 {\n\t\t\t\t\tmargin: auto;\n\t\t\t\t}\n\t\t\t\t#gallery-1 .gallery-item {\n\t\t\t\t\tfloat: left;\n\t\t\t\t\tmargin-top: 10px;\n\t\t\t\t\ttext-align: center;\n\t\t\t\t\twidth: 33%;\n\t\t\t\t}\n\t\t\t\t#gallery-1 img {\n\t\t\t\t\tborder: 2px solid #cfcfcf;\n\t\t\t\t}\n\t\t\t\t#gallery-1 .gallery-caption {\n\t\t\t\t\tmargin-left: 0;\n\t\t\t\t}\n\t\t\t\t\/* see gallery_shortcode() in wp-includes\/media.php *\/\n\t\t\t<\/style>\n\t\t<div id='gallery-1' class='dt-gallery-container gallery galleryid-484937 gallery-columns-3 gallery-size-medium'><dl class='gallery-item'>\n\t\t\t\t<dt class='gallery-icon landscape'>\n\t\t\t\t\t<a class=\"rollover rollover-zoom dt-pswp-item\" title=\"PHOTO-2025-12-07-19-18-01\" data-dt-img-description=\"\" data-large_image_width=\"1600\" data-large_image_height=\"1200\"href='https:\/\/www.radiopiu.net\/wordpress\/wp-content\/uploads\/2025\/12\/PHOTO-2025-12-07-19-18-01.jpg'><img loading=\"lazy\" decoding=\"async\" width=\"300\" height=\"225\" src=\"https:\/\/www.radiopiu.net\/wordpress\/wp-content\/uploads\/2025\/12\/PHOTO-2025-12-07-19-18-01-300x225.jpg\" class=\"attachment-medium size-medium\" alt=\"\" srcset=\"https:\/\/www.radiopiu.net\/wordpress\/wp-content\/uploads\/2025\/12\/PHOTO-2025-12-07-19-18-01-300x225.jpg 300w, https:\/\/www.radiopiu.net\/wordpress\/wp-content\/uploads\/2025\/12\/PHOTO-2025-12-07-19-18-01-1024x768.jpg 1024w, https:\/\/www.radiopiu.net\/wordpress\/wp-content\/uploads\/2025\/12\/PHOTO-2025-12-07-19-18-01-768x576.jpg 768w, https:\/\/www.radiopiu.net\/wordpress\/wp-content\/uploads\/2025\/12\/PHOTO-2025-12-07-19-18-01-1536x1152.jpg 1536w, https:\/\/www.radiopiu.net\/wordpress\/wp-content\/uploads\/2025\/12\/PHOTO-2025-12-07-19-18-01.jpg 1600w\" sizes=\"auto, (max-width: 300px) 100vw, 300px\" \/><\/a>\n\t\t\t\t<\/dt><\/dl><dl class='gallery-item'>\n\t\t\t\t<dt class='gallery-icon landscape'>\n\t\t\t\t\t<a class=\"rollover rollover-zoom dt-pswp-item\" title=\"PHOTO-2025-12-07-19-33-07\" data-dt-img-description=\"\" data-large_image_width=\"1600\" data-large_image_height=\"1200\"href='https:\/\/www.radiopiu.net\/wordpress\/wp-content\/uploads\/2025\/12\/PHOTO-2025-12-07-19-33-07.jpg'><img loading=\"lazy\" decoding=\"async\" width=\"300\" height=\"225\" src=\"https:\/\/www.radiopiu.net\/wordpress\/wp-content\/uploads\/2025\/12\/PHOTO-2025-12-07-19-33-07-300x225.jpg\" class=\"attachment-medium size-medium\" alt=\"\" srcset=\"https:\/\/www.radiopiu.net\/wordpress\/wp-content\/uploads\/2025\/12\/PHOTO-2025-12-07-19-33-07-300x225.jpg 300w, https:\/\/www.radiopiu.net\/wordpress\/wp-content\/uploads\/2025\/12\/PHOTO-2025-12-07-19-33-07-1024x768.jpg 1024w, https:\/\/www.radiopiu.net\/wordpress\/wp-content\/uploads\/2025\/12\/PHOTO-2025-12-07-19-33-07-768x576.jpg 768w, https:\/\/www.radiopiu.net\/wordpress\/wp-content\/uploads\/2025\/12\/PHOTO-2025-12-07-19-33-07-1536x1152.jpg 1536w, https:\/\/www.radiopiu.net\/wordpress\/wp-content\/uploads\/2025\/12\/PHOTO-2025-12-07-19-33-07.jpg 1600w\" sizes=\"auto, (max-width: 300px) 100vw, 300px\" \/><\/a>\n\t\t\t\t<\/dt><\/dl><dl class='gallery-item'>\n\t\t\t\t<dt class='gallery-icon landscape'>\n\t\t\t\t\t<a class=\"rollover rollover-zoom dt-pswp-item\" title=\"PHOTO-2025-12-07-19-18-01 2\" data-dt-img-description=\"\" data-large_image_width=\"1600\" data-large_image_height=\"1200\"href='https:\/\/www.radiopiu.net\/wordpress\/wp-content\/uploads\/2025\/12\/PHOTO-2025-12-07-19-18-01-2.jpg'><img loading=\"lazy\" decoding=\"async\" width=\"300\" height=\"225\" src=\"https:\/\/www.radiopiu.net\/wordpress\/wp-content\/uploads\/2025\/12\/PHOTO-2025-12-07-19-18-01-2-300x225.jpg\" class=\"attachment-medium size-medium\" alt=\"\" srcset=\"https:\/\/www.radiopiu.net\/wordpress\/wp-content\/uploads\/2025\/12\/PHOTO-2025-12-07-19-18-01-2-300x225.jpg 300w, https:\/\/www.radiopiu.net\/wordpress\/wp-content\/uploads\/2025\/12\/PHOTO-2025-12-07-19-18-01-2-1024x768.jpg 1024w, https:\/\/www.radiopiu.net\/wordpress\/wp-content\/uploads\/2025\/12\/PHOTO-2025-12-07-19-18-01-2-768x576.jpg 768w, https:\/\/www.radiopiu.net\/wordpress\/wp-content\/uploads\/2025\/12\/PHOTO-2025-12-07-19-18-01-2-1536x1152.jpg 1536w, https:\/\/www.radiopiu.net\/wordpress\/wp-content\/uploads\/2025\/12\/PHOTO-2025-12-07-19-18-01-2.jpg 1600w\" sizes=\"auto, (max-width: 300px) 100vw, 300px\" \/><\/a>\n\t\t\t\t<\/dt><\/dl><br style=\"clear: both\" \/>\n\t\t\t<\/div>\n\n<p>&nbsp;<\/p>\n<p>&nbsp;<\/p>\n<p>&nbsp;<\/p>\n<hr \/>\n<p>&nbsp;<\/p>\n","protected":false},"excerpt":{"rendered":"<p>*** GOSALDO Il Natale a Gosaldo \u00e8 ufficialmente iniziato. Domenica scorsa la piazza di Don si \u00e8 illuminata con la tradizionale accensione dell\u2019albero, accompagnata dall\u2019attesa apertura della Casetta di Babbo Natale, che ha richiamato famiglie, bambini e residenti in un clima di festa autentica. Tra luci calde, decorazioni e sorrisi, la comunit\u00e0 ha dato il&hellip;<\/p>\n","protected":false},"author":4,"featured_media":484941,"comment_status":"closed","ping_status":"closed","sticky":false,"template":"","format":"standard","meta":{"_monsterinsights_skip_tracking":false,"_monsterinsights_sitenote_active":false,"_monsterinsights_sitenote_note":"","_monsterinsights_sitenote_category":0,"footnotes":""},"categories":[104,49],"tags":[],"class_list":["post-484937","post","type-post","status-publish","format-standard","has-post-thumbnail","hentry","category-evidenza_3","category-news-18","category-104","category-49","description-off"],"img_url":"https:\/\/www.radiopiu.net\/wordpress\/wp-content\/uploads\/2025\/12\/PHOTO-2025-12-07-19-18-01.jpg","_links":{"self":[{"href":"https:\/\/www.radiopiu.net\/wordpress\/wp-json\/wp\/v2\/posts\/484937","targetHints":{"allow":["GET"]}}],"collection":[{"href":"https:\/\/www.radiopiu.net\/wordpress\/wp-json\/wp\/v2\/posts"}],"about":[{"href":"https:\/\/www.radiopiu.net\/wordpress\/wp-json\/wp\/v2\/types\/post"}],"author":[{"embeddable":true,"href":"https:\/\/www.radiopiu.net\/wordpress\/wp-json\/wp\/v2\/users\/4"}],"replies":[{"embeddable":true,"href":"https:\/\/www.radiopiu.net\/wordpress\/wp-json\/wp\/v2\/comments?post=484937"}],"version-history":[{"count":2,"href":"https:\/\/www.radiopiu.net\/wordpress\/wp-json\/wp\/v2\/posts\/484937\/revisions"}],"predecessor-version":[{"id":484943,"href":"https:\/\/www.radiopiu.net\/wordpress\/wp-json\/wp\/v2\/posts\/484937\/revisions\/484943"}],"wp:featuredmedia":[{"embeddable":true,"href":"https:\/\/www.radiopiu.net\/wordpress\/wp-json\/wp\/v2\/media\/484941"}],"wp:attachment":[{"href":"https:\/\/www.radiopiu.net\/wordpress\/wp-json\/wp\/v2\/media?parent=484937"}],"wp:term":[{"taxonomy":"category","embeddable":true,"href":"https:\/\/www.radiopiu.net\/wordpress\/wp-json\/wp\/v2\/categories?post=484937"},{"taxonomy":"post_tag","embeddable":true,"href":"https:\/\/www.radiopiu.net\/wordpress\/wp-json\/wp\/v2\/tags?post=484937"}],"curies":[{"name":"wp","href":"https:\/\/api.w.org\/{rel}","templated":true}]}}