{"id":484951,"date":"2025-12-09T10:26:59","date_gmt":"2025-12-09T09:26:59","guid":{"rendered":"https:\/\/www.radiopiu.net\/wordpress\/?p=484951"},"modified":"2025-12-09T10:26:59","modified_gmt":"2025-12-09T09:26:59","slug":"alpago-nuovi-servizi-per-il-territorio-online-il-bando-isl04-della-strategia-aree-interne","status":"publish","type":"post","link":"https:\/\/www.radiopiu.net\/wordpress\/alpago-nuovi-servizi-per-il-territorio-online-il-bando-isl04-della-strategia-aree-interne\/","title":{"rendered":"ALPAGO \u2013 NUOVI SERVIZI PER IL TERRITORIO: ONLINE IL BANDO ISL04 DELLA STRATEGIA AREE INTERNE"},"content":{"rendered":"<p data-start=\"80\" data-end=\"176\">**<\/p>\n<p data-start=\"80\" data-end=\"176\"><strong>ALPAGO<\/strong><\/p>\n<p data-start=\"178\" data-end=\"481\"><img loading=\"lazy\" decoding=\"async\" class=\"alignleft\" src=\"https:\/\/www.radiopiu.net\/wordpress\/wp-content\/uploads\/2023\/06\/gal-alto-bellunese.jpg\" width=\"215\" height=\"172\" \/>In Alpago si apre una nuova opportunit\u00e0 per potenziare i servizi alla popolazione. \u00c8 stato pubblicato dal GAL Prealpi e Dolomiti il bando ISL04 \u2013 Investimenti non produttivi nelle aree rurali, dedicato ai comuni di Alpago, Chies d\u2019Alpago e Tambre, all\u2019interno della Strategia Nazionale Aree Interne. Il bando mette a disposizione 133 mila euro per progetti in grado di migliorare la qualit\u00e0 della vita nelle comunit\u00e0 montane: parliamo di servizi alla persona, iniziative sociali, culturali, ricreative e di tutte quelle attivit\u00e0 che aiutano a ricostruire reti di vicinanza fondamentali nei territori pi\u00f9 piccoli e isolati. Potranno partecipare enti pubblici, fondazioni e associazioni senza scopo di lucro, con proposte che prevedano investimenti su strutture, attrezzature, strumenti informativi e \u2013 per i soli enti pubblici \u2013 anche personale dedicato. Ogni progetto dovr\u00e0 essere dettagliato da un piano operativo e potr\u00e0 richiedere un contributo compreso tra 10 e 45 mila euro, coperto al 100%. Per chiarire obiettivi, requisiti e modalit\u00e0 di presentazione delle domande, il GAL e AVEPA Belluno organizzano un incontro pubblico marted\u00ec 16 dicembre alle 17.30, nella sala del Municipio di Puos d\u2019Alpago. Il bando e tutti i documenti sono disponibili sul sito del GAL Prealpi e Dolomiti, sezione \u201cBandi\u201d. Una nuova occasione per rafforzare servizi e comunit\u00e0 nel cuore dell\u2019Alpago.<\/p>\n<p>__<\/p>\n","protected":false},"excerpt":{"rendered":"<p>** ALPAGO In Alpago si apre una nuova opportunit\u00e0 per potenziare i servizi alla popolazione. \u00c8 stato pubblicato dal GAL Prealpi e Dolomiti il bando ISL04 \u2013 Investimenti non produttivi nelle aree rurali, dedicato ai comuni di Alpago, Chies d\u2019Alpago e Tambre, all\u2019interno della Strategia Nazionale Aree Interne. Il bando mette a disposizione 133 mila&hellip;<\/p>\n","protected":false},"author":4,"featured_media":340582,"comment_status":"closed","ping_status":"closed","sticky":false,"template":"","format":"standard","meta":{"_monsterinsights_skip_tracking":false,"_monsterinsights_sitenote_active":false,"_monsterinsights_sitenote_note":"","_monsterinsights_sitenote_category":0,"footnotes":""},"categories":[49],"tags":[],"class_list":["post-484951","post","type-post","status-publish","format-standard","has-post-thumbnail","hentry","category-news-18","category-49","description-off"],"img_url":"https:\/\/www.radiopiu.net\/wordpress\/wp-content\/uploads\/2023\/06\/gal-alto-bellunese.jpg","_links":{"self":[{"href":"https:\/\/www.radiopiu.net\/wordpress\/wp-json\/wp\/v2\/posts\/484951","targetHints":{"allow":["GET"]}}],"collection":[{"href":"https:\/\/www.radiopiu.net\/wordpress\/wp-json\/wp\/v2\/posts"}],"about":[{"href":"https:\/\/www.radiopiu.net\/wordpress\/wp-json\/wp\/v2\/types\/post"}],"author":[{"embeddable":true,"href":"https:\/\/www.radiopiu.net\/wordpress\/wp-json\/wp\/v2\/users\/4"}],"replies":[{"embeddable":true,"href":"https:\/\/www.radiopiu.net\/wordpress\/wp-json\/wp\/v2\/comments?post=484951"}],"version-history":[{"count":1,"href":"https:\/\/www.radiopiu.net\/wordpress\/wp-json\/wp\/v2\/posts\/484951\/revisions"}],"predecessor-version":[{"id":484955,"href":"https:\/\/www.radiopiu.net\/wordpress\/wp-json\/wp\/v2\/posts\/484951\/revisions\/484955"}],"wp:featuredmedia":[{"embeddable":true,"href":"https:\/\/www.radiopiu.net\/wordpress\/wp-json\/wp\/v2\/media\/340582"}],"wp:attachment":[{"href":"https:\/\/www.radiopiu.net\/wordpress\/wp-json\/wp\/v2\/media?parent=484951"}],"wp:term":[{"taxonomy":"category","embeddable":true,"href":"https:\/\/www.radiopiu.net\/wordpress\/wp-json\/wp\/v2\/categories?post=484951"},{"taxonomy":"post_tag","embeddable":true,"href":"https:\/\/www.radiopiu.net\/wordpress\/wp-json\/wp\/v2\/tags?post=484951"}],"curies":[{"name":"wp","href":"https:\/\/api.w.org\/{rel}","templated":true}]}}