{"id":484968,"date":"2025-12-09T11:21:56","date_gmt":"2025-12-09T10:21:56","guid":{"rendered":"https:\/\/www.radiopiu.net\/wordpress\/?p=484968"},"modified":"2025-12-09T14:26:24","modified_gmt":"2025-12-09T13:26:24","slug":"alleghe-funivie-ri","status":"publish","type":"post","link":"https:\/\/www.radiopiu.net\/wordpress\/alleghe-funivie-ri\/","title":{"rendered":"ALLEGHE FUNIVIE RISPONDE ALLE ACCUSE: \u00abSERVE RISPETTO PER CHI LAVORA OGNI GIORNO\u00bb"},"content":{"rendered":"<p>***<\/p>\n<blockquote><p><em> Le montagne meritano dialogo, non polemiche gratuite.<\/em><\/p><\/blockquote>\n<p><strong><a class=\"dt-pswp-item\" href=\"https:\/\/www.radiopiu.net\/wordpress\/wp-content\/uploads\/2025\/12\/Screenshot-2025-12-09-112124-e1765275701477.png\" data-dt-img-description=\"\" data-large_image_width=\"264\" data-large_image_height=\"158\"><img loading=\"lazy\" decoding=\"async\" class=\"size-full wp-image-484971 alignleft\" src=\"https:\/\/www.radiopiu.net\/wordpress\/wp-content\/uploads\/2025\/12\/Screenshot-2025-12-09-112124-e1765275701477.png\" alt=\"\" width=\"264\" height=\"158\" \/><\/a>ALLEGHE<\/strong><\/p>\n<p data-start=\"87\" data-end=\"537\">Parole ingiustamente dure, quelle pubblicate sui social di Radio Pi\u00f9 da un certo Andrea Simionato, rivolte a persone che ogni giorno garantiscono ospitalit\u00e0, sicurezza e qualit\u00e0 ai tanti ospiti della valle. Commenti che lasciano perplessi, soprattutto perch\u00e9 \u2014 si presume \u2014 arrivano da uno sciatore che ama i collegamenti sciistici, ma che forse non conosce le reali complessit\u00e0 che stanno dietro alla gestione di un carosello come quello di Alleghe. A fare chiarezza interviene il Presidente di Alleghe Funivie, Sergio Pra, che ricorda con fermezza come ogni scelta operativa derivi da valutazioni tecniche, condizioni meteo, sicurezza e sostenibilit\u00e0 della gestione: \u00abDietro ogni apertura o chiusura c\u2019\u00e8 il lavoro di decine di persone. Prima di giudicare, bisognerebbe conoscere la realt\u00e0 che non si vede: l\u2019innevamento, i venti, la sicurezza delle linee, i limiti strutturali. Non \u00e8 una materia su cui ci si pu\u00f2 improvvisare\u00bb. Accanto al presidente, il responsabile marketing Andrea Dal Farra coglie l\u2019occasione per sottolineare quanto Alleghe stia investendo in dinamismo e attivit\u00e0 per la stagione invernale: un calendario gi\u00e0 ricco di appuntamenti, dagli eventi per famiglie alle giornate sportive, fino alla prestigiosa tappa del Giro d\u2019Italia del 29 maggio, che porter\u00e0 nuovamente l\u2019attenzione nazionale sulle montagne agordine. La risposta di Alleghe Funivie \u00e8 dunque chiara: si accettano critiche costruttive, ma nel rispetto di chi ogni giorno lavora per offrire il meglio.<\/p>\n<p data-start=\"87\" data-end=\"537\"><strong>AUDIO, di mirko mezzacasa<\/strong><\/p>\n<audio class=\"wp-audio-shortcode\" id=\"audio-484968-1\" preload=\"none\" style=\"width: 100%;\" controls=\"controls\"><source type=\"audio\/mpeg\" src=\"https:\/\/www.radiopiu.net\/wordpress\/wp-content\/uploads\/2025\/12\/ALLEGHE-SERGIO-ANDRA.mp3?_=1\" \/><a href=\"https:\/\/www.radiopiu.net\/wordpress\/wp-content\/uploads\/2025\/12\/ALLEGHE-SERGIO-ANDRA.mp3\">https:\/\/www.radiopiu.net\/wordpress\/wp-content\/uploads\/2025\/12\/ALLEGHE-SERGIO-ANDRA.mp3<\/a><\/audio>\n<p>&nbsp;<\/p>\n<p>&nbsp;<\/p>\n<p>&nbsp;<\/p>\n<p>&nbsp;<\/p>\n<p>&nbsp;<\/p>\n<p>&nbsp;<\/p>\n<p>&nbsp;<\/p>\n<hr \/>\n<p data-start=\"87\" data-end=\"537\">\n","protected":false},"excerpt":{"rendered":"<p>*** Le montagne meritano dialogo, non polemiche gratuite. ALLEGHE Parole ingiustamente dure, quelle pubblicate sui social di Radio Pi\u00f9 da un certo Andrea Simionato, rivolte a persone che ogni giorno garantiscono ospitalit\u00e0, sicurezza e qualit\u00e0 ai tanti ospiti della valle. Commenti che lasciano perplessi, soprattutto perch\u00e9 \u2014 si presume \u2014 arrivano da uno sciatore che&hellip;<\/p>\n","protected":false},"author":4,"featured_media":484971,"comment_status":"closed","ping_status":"closed","sticky":false,"template":"","format":"standard","meta":{"_monsterinsights_skip_tracking":false,"_monsterinsights_sitenote_active":false,"_monsterinsights_sitenote_note":"","_monsterinsights_sitenote_category":0,"footnotes":""},"categories":[104,49],"tags":[],"class_list":["post-484968","post","type-post","status-publish","format-standard","has-post-thumbnail","hentry","category-evidenza_3","category-news-18","category-104","category-49","description-off"],"img_url":"https:\/\/www.radiopiu.net\/wordpress\/wp-content\/uploads\/2025\/12\/Screenshot-2025-12-09-112124-e1765275701477.png","_links":{"self":[{"href":"https:\/\/www.radiopiu.net\/wordpress\/wp-json\/wp\/v2\/posts\/484968","targetHints":{"allow":["GET"]}}],"collection":[{"href":"https:\/\/www.radiopiu.net\/wordpress\/wp-json\/wp\/v2\/posts"}],"about":[{"href":"https:\/\/www.radiopiu.net\/wordpress\/wp-json\/wp\/v2\/types\/post"}],"author":[{"embeddable":true,"href":"https:\/\/www.radiopiu.net\/wordpress\/wp-json\/wp\/v2\/users\/4"}],"replies":[{"embeddable":true,"href":"https:\/\/www.radiopiu.net\/wordpress\/wp-json\/wp\/v2\/comments?post=484968"}],"version-history":[{"count":3,"href":"https:\/\/www.radiopiu.net\/wordpress\/wp-json\/wp\/v2\/posts\/484968\/revisions"}],"predecessor-version":[{"id":484983,"href":"https:\/\/www.radiopiu.net\/wordpress\/wp-json\/wp\/v2\/posts\/484968\/revisions\/484983"}],"wp:featuredmedia":[{"embeddable":true,"href":"https:\/\/www.radiopiu.net\/wordpress\/wp-json\/wp\/v2\/media\/484971"}],"wp:attachment":[{"href":"https:\/\/www.radiopiu.net\/wordpress\/wp-json\/wp\/v2\/media?parent=484968"}],"wp:term":[{"taxonomy":"category","embeddable":true,"href":"https:\/\/www.radiopiu.net\/wordpress\/wp-json\/wp\/v2\/categories?post=484968"},{"taxonomy":"post_tag","embeddable":true,"href":"https:\/\/www.radiopiu.net\/wordpress\/wp-json\/wp\/v2\/tags?post=484968"}],"curies":[{"name":"wp","href":"https:\/\/api.w.org\/{rel}","templated":true}]}}