{"id":485028,"date":"2025-12-09T16:34:41","date_gmt":"2025-12-09T15:34:41","guid":{"rendered":"https:\/\/www.radiopiu.net\/wordpress\/?p=485028"},"modified":"2025-12-09T16:36:07","modified_gmt":"2025-12-09T15:36:07","slug":"il-teatro-che-parla-ai-giovani","status":"publish","type":"post","link":"https:\/\/www.radiopiu.net\/wordpress\/il-teatro-che-parla-ai-giovani\/","title":{"rendered":"IL TEATRO CHE PARLA AI GIOVANI. LA STAGIONE DI TIB TEATRO \u201cGIOVED\u00cc GIOVANI H21"},"content":{"rendered":"<p>********<\/p>\n<p>&nbsp;<\/p>\n<p><strong><a class=\"dt-pswp-item\" href=\"https:\/\/www.radiopiu.net\/wordpress\/wp-content\/uploads\/2025\/12\/g1_La-Sparanoia.jpg\" data-dt-img-description=\"\" data-large_image_width=\"1717\" data-large_image_height=\"1144\"><img loading=\"lazy\" decoding=\"async\" class=\" wp-image-485031 alignleft\" src=\"https:\/\/www.radiopiu.net\/wordpress\/wp-content\/uploads\/2025\/12\/g1_La-Sparanoia-300x200.jpg\" alt=\"\" width=\"179\" height=\"119\" srcset=\"https:\/\/www.radiopiu.net\/wordpress\/wp-content\/uploads\/2025\/12\/g1_La-Sparanoia-300x200.jpg 300w, https:\/\/www.radiopiu.net\/wordpress\/wp-content\/uploads\/2025\/12\/g1_La-Sparanoia-1024x682.jpg 1024w, https:\/\/www.radiopiu.net\/wordpress\/wp-content\/uploads\/2025\/12\/g1_La-Sparanoia-768x512.jpg 768w, https:\/\/www.radiopiu.net\/wordpress\/wp-content\/uploads\/2025\/12\/g1_La-Sparanoia-1536x1023.jpg 1536w, https:\/\/www.radiopiu.net\/wordpress\/wp-content\/uploads\/2025\/12\/g1_La-Sparanoia.jpg 1717w\" sizes=\"auto, (max-width: 179px) 100vw, 179px\" \/><\/a>DI ALESSIA DALL&#8217;O&#8217;<\/strong><\/p>\n<p><strong>BELLUNO <\/strong>Il Teatro Comunale Dino Buzzati \u00e8 pronto ad accendere i riflettori sulla nuova stagione \u201cGioved\u00ec Giovani h21\u201d, il progetto dedicato ai linguaggi della scena contemporanea e ai protagonisti emergenti del teatro italiano. L\u2019apertura ufficiale \u00e8 in programma gioved\u00ec 11 dicembre alle ore 21:00, come cita il titolo della rassegna, con uno degli spettacoli pi\u00f9 discussi e applauditi degli ultimi anni: La Sparanoia, scritto, interpretato e diretto da Niccol\u00f2 Fettarappa, candidato al Premio UBU come Miglior Attore Under 35, e da Lorenzo Guerrieri, duo considerato tra le presenze pi\u00f9 irriverenti, necessarie e sorprendenti della giovane scena nazionale. La nuova rassegna, prodotta da Tib Teatro con la direzione artistica di Daniela Nicosia e Vassilij Gianmaria Mangheras, in collaborazione con Fondazione Teatri delle Dolomiti e Comune di Belluno, e sostenuta da Ministero della Cultura, Regione Veneto e Rete Eventi della Provincia di Belluno, conferma una scelta precisa: dare spazio alla drammaturgia contemporanea, alle estetiche pi\u00f9 audaci e ai temi che attraversano il presente sociale, politico e generazionale. Il debutto non poteva essere pi\u00f9 emblematico. La Sparanoia si apre con una frase che \u00e8 gi\u00e0 un manifesto: \u201c<em>Non ci sono buone notizie. La Sinistra \u00e8 defunta ed \u00e8 meglio cos\u00ec.<\/em>\u201d Da qui prende forma un\u2019analisi corrosiva e lucidissima che attraversa precariet\u00e0, ansie generazionali, repressioni domestiche, rivoluzioni sognate e mai realizzate. I giovani di oggi, cos\u00ec sostengono gli autori, vivono dentro un \u201cmetro quadro\u201d esistenziale, schiacciati tra lavatrici da fare, stipendi incerti, sogni sbriciolati e affitti inarrivabili. La \u201csparanoia\u201d non \u00e8 solo un titolo: \u00e8 uno stato emotivo collettivo che diventa scena, corpo, ritmo. Un teatro atletico, dissacrante, capace di coniugare comicit\u00e0 e dolore, pensiero politico e gestualit\u00e0 esasperata. Un \u201c<em>atto unico senza feriti gravi<\/em>\u201d, come ironizzano Fettarappa e Guerrieri, che racconta una generazione che ha desiderato cambiare il mondo ma oggi fatica anche solo a uscire di casa. Una generazione che vorrebbe essere politica, ma si scopre smarrita; che ride mentre capisce che sta piangendo. Un teatro che guarda dritti negli occhi le giovani generazioni e le colpisce nel vivo, come solo l\u2019umorismo sa fare. La stagione Gioved\u00ec Giovani h21 si conferma cos\u00ec un percorso che osserva e interroga il nostro tempo, trasformando il teatro in uno spazio critico e allo stesso tempo emotivo. Tutte le informazioni e gli approfondimenti sulla stagione sono disponibili sui canali ufficiali di TibTeatro.<\/p>\n<p>&nbsp;<\/p>\n<p>&nbsp;<\/p>\n<p>&nbsp;<\/p>\n<p>&nbsp;<\/p>\n<p>********<\/p>\n","protected":false},"excerpt":{"rendered":"<p>******** &nbsp; DI ALESSIA DALL&#8217;O&#8217; BELLUNO Il Teatro Comunale Dino Buzzati \u00e8 pronto ad accendere i riflettori sulla nuova stagione \u201cGioved\u00ec Giovani h21\u201d, il progetto dedicato ai linguaggi della scena contemporanea e ai protagonisti emergenti del teatro italiano. L\u2019apertura ufficiale \u00e8 in programma gioved\u00ec 11 dicembre alle ore 21:00, come cita il titolo della rassegna,&hellip;<\/p>\n","protected":false},"author":4,"featured_media":485031,"comment_status":"closed","ping_status":"closed","sticky":false,"template":"","format":"standard","meta":{"_monsterinsights_skip_tracking":false,"_monsterinsights_sitenote_active":false,"_monsterinsights_sitenote_note":"","_monsterinsights_sitenote_category":0,"footnotes":""},"categories":[49],"tags":[],"class_list":["post-485028","post","type-post","status-publish","format-standard","has-post-thumbnail","hentry","category-news-18","category-49","description-off"],"img_url":"https:\/\/www.radiopiu.net\/wordpress\/wp-content\/uploads\/2025\/12\/g1_La-Sparanoia.jpg","_links":{"self":[{"href":"https:\/\/www.radiopiu.net\/wordpress\/wp-json\/wp\/v2\/posts\/485028","targetHints":{"allow":["GET"]}}],"collection":[{"href":"https:\/\/www.radiopiu.net\/wordpress\/wp-json\/wp\/v2\/posts"}],"about":[{"href":"https:\/\/www.radiopiu.net\/wordpress\/wp-json\/wp\/v2\/types\/post"}],"author":[{"embeddable":true,"href":"https:\/\/www.radiopiu.net\/wordpress\/wp-json\/wp\/v2\/users\/4"}],"replies":[{"embeddable":true,"href":"https:\/\/www.radiopiu.net\/wordpress\/wp-json\/wp\/v2\/comments?post=485028"}],"version-history":[{"count":3,"href":"https:\/\/www.radiopiu.net\/wordpress\/wp-json\/wp\/v2\/posts\/485028\/revisions"}],"predecessor-version":[{"id":485033,"href":"https:\/\/www.radiopiu.net\/wordpress\/wp-json\/wp\/v2\/posts\/485028\/revisions\/485033"}],"wp:featuredmedia":[{"embeddable":true,"href":"https:\/\/www.radiopiu.net\/wordpress\/wp-json\/wp\/v2\/media\/485031"}],"wp:attachment":[{"href":"https:\/\/www.radiopiu.net\/wordpress\/wp-json\/wp\/v2\/media?parent=485028"}],"wp:term":[{"taxonomy":"category","embeddable":true,"href":"https:\/\/www.radiopiu.net\/wordpress\/wp-json\/wp\/v2\/categories?post=485028"},{"taxonomy":"post_tag","embeddable":true,"href":"https:\/\/www.radiopiu.net\/wordpress\/wp-json\/wp\/v2\/tags?post=485028"}],"curies":[{"name":"wp","href":"https:\/\/api.w.org\/{rel}","templated":true}]}}