{"id":485056,"date":"2025-12-09T19:14:24","date_gmt":"2025-12-09T18:14:24","guid":{"rendered":"https:\/\/www.radiopiu.net\/wordpress\/?p=485056"},"modified":"2025-12-10T05:51:04","modified_gmt":"2025-12-10T04:51:04","slug":"giulia-blasi-la-felicita-e-un-atto-politico-a-belluno-lincontro-aperto-alla-citta","status":"publish","type":"post","link":"https:\/\/www.radiopiu.net\/wordpress\/giulia-blasi-la-felicita-e-un-atto-politico-a-belluno-lincontro-aperto-alla-citta\/","title":{"rendered":"GIULIA BLASI: \u201cLA FELICIT\u00c0 \u00c8 UN ATTO POLITICO\u201d. A BELLUNO L\u2019INCONTRO APERTO ALLA CITT\u00c0"},"content":{"rendered":"<p>********<\/p>\n<p>&nbsp;<\/p>\n<p><strong><a class=\"dt-pswp-item\" href=\"https:\/\/www.radiopiu.net\/wordpress\/wp-content\/uploads\/2025\/12\/Locandina-Giulia-Blasi-Belluno.jpg\" data-dt-img-description=\"\" data-large_image_width=\"1080\" data-large_image_height=\"1080\"><img loading=\"lazy\" decoding=\"async\" class=\" wp-image-485058 alignleft\" src=\"https:\/\/www.radiopiu.net\/wordpress\/wp-content\/uploads\/2025\/12\/Locandina-Giulia-Blasi-Belluno-300x300.jpg\" alt=\"\" width=\"206\" height=\"206\" srcset=\"https:\/\/www.radiopiu.net\/wordpress\/wp-content\/uploads\/2025\/12\/Locandina-Giulia-Blasi-Belluno-300x300.jpg 300w, https:\/\/www.radiopiu.net\/wordpress\/wp-content\/uploads\/2025\/12\/Locandina-Giulia-Blasi-Belluno-1024x1024.jpg 1024w, https:\/\/www.radiopiu.net\/wordpress\/wp-content\/uploads\/2025\/12\/Locandina-Giulia-Blasi-Belluno-150x150.jpg 150w, https:\/\/www.radiopiu.net\/wordpress\/wp-content\/uploads\/2025\/12\/Locandina-Giulia-Blasi-Belluno-768x768.jpg 768w, https:\/\/www.radiopiu.net\/wordpress\/wp-content\/uploads\/2025\/12\/Locandina-Giulia-Blasi-Belluno.jpg 1080w\" sizes=\"auto, (max-width: 206px) 100vw, 206px\" \/><\/a>DI ALESSIA DALL&#8217;O&#8217;<\/strong><\/p>\n<p><strong>BELLUNO <\/strong>In un tempo in cui la felicit\u00e0 sembra diventata un lusso, a Belluno arriva una voce capace di rimetterla al centro come gesto politico. Sabato 13 dicembre, dalle 17.00, la Casa dei Beni Comuni (Spazio Ex, ex caserma Piave) ospiter\u00e0 la scrittrice e giornalista Giulia Blasi, figura di riferimento del femminismo contemporaneo italiano. L\u2019incontro, promosso dal nodo territoriale di Non Una di Meno, sar\u00e0 un\u2019occasione per interrogare il nostro presente attraverso i temi che attraversano corpo, potere, lavoro e vita quotidiana. Blasi presenter\u00e0 anche il suo nuovo libro, La felicit\u00e0 \u00e8 un atto politico, nato in un 2025 carico di sfide. Al centro del saggio c\u2019\u00e8 un\u2019idea semplice e radicale: in una societ\u00e0 che ci vuole performanti, disciplinati e spesso soli, scegliere di cercare la felicit\u00e0 pu\u00f2 diventare un gesto di resistenza. Non una felicit\u00e0 privata, individualistica, \u201cfai da te\u201d, ma una felicit\u00e0 che nasce dalle relazioni, dalla cura reciproca, dalla possibilit\u00e0 di immaginare un futuro condiviso. Partendo da riflessioni personali e dall\u2019esperienza di un\u2019attivista stanca ma non arresa, Blasi smonta la narrazione dell\u2019isolamento che permea il nostro tempo e propone una ricerca di alternative concrete al senso di impotenza diffuso. Il libro non promette scorciatoie n\u00e9 risposte immediate ai problemi complessi del presente: prova piuttosto a tracciare una mappa per orientarsi in un momento storico in cui molti si sentono schiacciati da bisogni insoddisfatti, vite che scorrono troppo in fretta e una connessione globale che spesso amplifica la solitudine invece di colmarla. La tappa bellunese rappresenta dunque un\u2019occasione preziosa per incontrare una narratrice capace di unire ironia e profondit\u00e0, rigore e leggerezza, costruendo, come lei stessa ama dire,\u00a0 una \u201cnarrazione a tappe\u201d: un viaggio condiviso che alterna pensiero critico e momenti di sincera complicit\u00e0 con il pubblico.<\/p>\n<p><img loading=\"lazy\" decoding=\"async\" class=\"wp-image-485057 alignright\" src=\"https:\/\/www.radiopiu.net\/wordpress\/wp-content\/uploads\/2025\/12\/giulia_blasi-3-256x300.jpg\" alt=\"\" width=\"186\" height=\"218\" srcset=\"https:\/\/www.radiopiu.net\/wordpress\/wp-content\/uploads\/2025\/12\/giulia_blasi-3-256x300.jpg 256w, https:\/\/www.radiopiu.net\/wordpress\/wp-content\/uploads\/2025\/12\/giulia_blasi-3.jpg 265w\" sizes=\"auto, (max-width: 186px) 100vw, 186px\" \/><\/p>\n<p><strong>IL\u00a0PERSONAGGIO<\/strong><\/p>\n<p>Giulia Blasi \u00e8 una scrittrice, giornalista e attivista che da anni lavora sui temi della parit\u00e0 di genere, dei diritti civili e della rappresentazione delle donne nello spazio pubblico. La sua notoriet\u00e0 nazionale cresce nel 2017, quando lancia la campagna #quellavoltache, la raccolta di testimonianze che d\u00e0 voce alle vittime di molestie e abusi sessuali in Italia: un movimento spontaneo che molti hanno definito \u201cil #MeToo italiano\u201d. Da allora, Blasi \u00e8 considerata una delle figure centrali del femminismo pop e divulgativo del nostro Paese, capace di parlare a pubblici diversi con linguaggio accessibile, diretto e ironico. Autrice di romanzi e saggi ampiamente letti e discussi come \u201cManuale per ragazze rivoluzionarie\u201d, \u201cBrutta\u201d, \u201cRivoluzione Z\u201d, \u201cCose mai successe\u201d e \u201cSiamo ancora vivi\u201d. Blasi affronta con costanza il tema dell\u2019autodeterminazione, della libert\u00e0 personale e della necessit\u00e0 di smontare pregiudizi radicati. Nei suoi libri mette al centro la complessit\u00e0 delle vite delle donne, narrando contraddizioni, fatiche e conquiste con uno stile inconfondibile e a tratti ironico di quell\u2019ironia che fa sorridere ma anche pensare. Il suo nuovo lavoro, La felicit\u00e0 \u00e8 un atto politico, invita ad allargare ancora una volta lo sguardo: cercare la felicit\u00e0 individuale e collettiva come forma di resistenza, di cura reciproca e di trasformazione sociale.<\/p>\n<p><strong>L\u2019INCONTRO A BELLUNO<\/strong><\/p>\n<p>Per chi segue la scena del pensiero femminista contemporaneo e non solo, si tratta di un appuntamento da non perdere. L\u2019appuntamento del 13 dicembre sar\u00e0 un viaggio condiviso: una conversazione aperta che attraversa corpi e desideri, poteri e fragilit\u00e0, vita e lavoro. Grazie alla presenza del collettivo Non Una di Meno Belluno, l\u2019incontro vuole essere anche uno spazio comunitario e inclusivo, un momento per \u201cstare bene insieme\u201d, come recita il sottotitolo dell\u2019ultimo libro. A seguire, un apericena di autofinanziamento, pensato come ulteriore occasione di confronto informale. L\u2019ingresso \u00e8 libero.<\/p>\n<p>&nbsp;<\/p>\n<p>&nbsp;<\/p>\n<p>&nbsp;<\/p>\n<p>**********<\/p>\n","protected":false},"excerpt":{"rendered":"<p>******** &nbsp; DI ALESSIA DALL&#8217;O&#8217; BELLUNO In un tempo in cui la felicit\u00e0 sembra diventata un lusso, a Belluno arriva una voce capace di rimetterla al centro come gesto politico. Sabato 13 dicembre, dalle 17.00, la Casa dei Beni Comuni (Spazio Ex, ex caserma Piave) ospiter\u00e0 la scrittrice e giornalista Giulia Blasi, figura di riferimento&hellip;<\/p>\n","protected":false},"author":4,"featured_media":485059,"comment_status":"closed","ping_status":"closed","sticky":false,"template":"","format":"standard","meta":{"_monsterinsights_skip_tracking":false,"_monsterinsights_sitenote_active":false,"_monsterinsights_sitenote_note":"","_monsterinsights_sitenote_category":0,"footnotes":""},"categories":[51,49],"tags":[],"class_list":["post-485056","post","type-post","status-publish","format-standard","has-post-thumbnail","hentry","category-evidenza-top","category-news-18","category-51","category-49","description-off"],"img_url":"https:\/\/www.radiopiu.net\/wordpress\/wp-content\/uploads\/2025\/12\/SCR-20251209-qtsq.png","_links":{"self":[{"href":"https:\/\/www.radiopiu.net\/wordpress\/wp-json\/wp\/v2\/posts\/485056","targetHints":{"allow":["GET"]}}],"collection":[{"href":"https:\/\/www.radiopiu.net\/wordpress\/wp-json\/wp\/v2\/posts"}],"about":[{"href":"https:\/\/www.radiopiu.net\/wordpress\/wp-json\/wp\/v2\/types\/post"}],"author":[{"embeddable":true,"href":"https:\/\/www.radiopiu.net\/wordpress\/wp-json\/wp\/v2\/users\/4"}],"replies":[{"embeddable":true,"href":"https:\/\/www.radiopiu.net\/wordpress\/wp-json\/wp\/v2\/comments?post=485056"}],"version-history":[{"count":1,"href":"https:\/\/www.radiopiu.net\/wordpress\/wp-json\/wp\/v2\/posts\/485056\/revisions"}],"predecessor-version":[{"id":485060,"href":"https:\/\/www.radiopiu.net\/wordpress\/wp-json\/wp\/v2\/posts\/485056\/revisions\/485060"}],"wp:featuredmedia":[{"embeddable":true,"href":"https:\/\/www.radiopiu.net\/wordpress\/wp-json\/wp\/v2\/media\/485059"}],"wp:attachment":[{"href":"https:\/\/www.radiopiu.net\/wordpress\/wp-json\/wp\/v2\/media?parent=485056"}],"wp:term":[{"taxonomy":"category","embeddable":true,"href":"https:\/\/www.radiopiu.net\/wordpress\/wp-json\/wp\/v2\/categories?post=485056"},{"taxonomy":"post_tag","embeddable":true,"href":"https:\/\/www.radiopiu.net\/wordpress\/wp-json\/wp\/v2\/tags?post=485056"}],"curies":[{"name":"wp","href":"https:\/\/api.w.org\/{rel}","templated":true}]}}