{"id":485062,"date":"2025-12-09T19:18:16","date_gmt":"2025-12-09T18:18:16","guid":{"rendered":"https:\/\/www.radiopiu.net\/wordpress\/?p=485062"},"modified":"2025-12-09T19:18:16","modified_gmt":"2025-12-09T18:18:16","slug":"il-presepe-olimpico-a-roncoi-di-san-gregorio","status":"publish","type":"post","link":"https:\/\/www.radiopiu.net\/wordpress\/il-presepe-olimpico-a-roncoi-di-san-gregorio\/","title":{"rendered":"IL PRESEPE OLIMPICO A RONCOI DI SAN GREGORIO"},"content":{"rendered":"<p>********<\/p>\n<p>&nbsp;<\/p>\n<p><strong>DI ALESSIA DALL&#8217;O&#8217;<\/strong><\/p>\n<p><strong>SAN GREGORIO NELLE ALPI<\/strong> Anche quest\u2019anno il Natale divampa nella nostra provincia, tra luci scintillanti e piccole comunit\u00e0 che custodiscono la magia pi\u00f9 autentica delle feste. Se da un lato i centri principali attraggono visitatori con animazioni, mercatini e spettacoli, \u00e8 nelle stradine silenziose della pedemontana, quelle che salgono verso le frazioni pi\u00f9 remote,che spesso si ritrova il cuore vero del Natale: quello fatto di vicinanza, creativit\u00e0 condivisa da una comunit\u00e0 che si riunisce in festa e tradizioni portate avanti da anni, spesso senza particolari riflettori. Un esempio arriva da Roncoi di San Gregorio, dove un radioascoltatore, Ivan Scotti, residente della frazione, ci ha segnalato un presepe decisamente fuori dall\u2019ordinario. Le foto che ci ha inviato raccontano di un allestimento coloratissimo, costruito interamente con pon pon di lana, posizionato nella piazzetta del paese. Le statuine, vivaci e tondeggianti, non ripropongono la classica ambientazione della Betlemme pastorale, poich\u00e8 qui i personaggi, dotati di racchette, sciano. Un presepe insolito, quasi surreale, dove i protagonisti solcano piste immaginarie, qualcuno scende con il bob, c\u2019\u00e8 persino il carabiniere-soccorritore che vigila che nessuno sfori i limiti di velocit\u00e0. A dominare la scena, accanto alla sacra famiglia e al bambin Ges\u00f9, compaiono perfino i cerchi olimpici, spuntati anche sul cartello della frazione come simbolo di un\u2019accoglienza calorosa verso i Giochi in arrivo sulle Dolomiti. Dietro questa originalissima installazione c\u2019\u00e8 un lavoro collettivo che merita di essere raccontato. \u00abVorrei mettere in risalto il grande lavoro fatto dalla signora Ketty Dal Piva\u00bb ci racconta Scotti. \u00abDa settimane apre casa sua a una sorta di <em>fil\u00f2<\/em> spontaneo che riunisce donne e nonne del paese: sono state loro a confezionare uno a uno i pon pon e a dar vita al Presepe olimpico. E\u2019 una tradizione che ormai da tanti anni abbellisce il nostro paese e che merita di essere conosciuta, in particolare per il grande valore umano e di animazione che regala\u00bb. La macchina organizzativa \u00e8 partita a ottobre, coinvolgendo una decina di donne. Poi sono arrivati anche gli uomini: mariti, vicini, amici che hanno collaborato all\u2019installazione e all\u2019allestimento finale. Un lavoro di comunit\u00e0, semplice e straordinario allo stesso tempo, che \u00e8 diventato l\u2019occasione per ritrovarsi, chiacchierare, ma anche creare qualcosa di unico. Il presepe rimarr\u00e0 visibile per tutte le festivit\u00e0 fino a met\u00e0 gennaio. \u00abInvitiamo tutti a fare una passeggiata fino alla nostra piazzetta\u00bb aggiungono le volontarie \u00abe, se qualcuno lo desidera, a lasciare una piccola offerta nella cassettina: servir\u00e0 ad autofinanziare l\u2019animazione del prossimo anno\u00bb. Cos\u00ec Roncoi, con il suo presepe che unisce sacro, gioco e spirito olimpico, ricorda a tutti che il Natale nasce soprattutto nei gesti condivisi e nelle piccole grandi storie che illuminano la provincia lontano dai riflettori.<\/p>\n\n\t\t\t<style type='text\/css'>\n\t\t\t\t#gallery-1 {\n\t\t\t\t\tmargin: auto;\n\t\t\t\t}\n\t\t\t\t#gallery-1 .gallery-item {\n\t\t\t\t\tfloat: left;\n\t\t\t\t\tmargin-top: 10px;\n\t\t\t\t\ttext-align: center;\n\t\t\t\t\twidth: 16%;\n\t\t\t\t}\n\t\t\t\t#gallery-1 img {\n\t\t\t\t\tborder: 2px solid #cfcfcf;\n\t\t\t\t}\n\t\t\t\t#gallery-1 .gallery-caption {\n\t\t\t\t\tmargin-left: 0;\n\t\t\t\t}\n\t\t\t\t\/* see gallery_shortcode() in wp-includes\/media.php *\/\n\t\t\t<\/style>\n\t\t<div id='gallery-1' class='dt-gallery-container gallery galleryid-485062 gallery-columns-6 gallery-size-thumbnail'><dl class='gallery-item'>\n\t\t\t\t<dt class='gallery-icon portrait'>\n\t\t\t\t\t<a class=\"rollover rollover-zoom dt-pswp-item\" title=\"Cerchi olimpici Roncoi\" data-dt-img-description=\"\" data-large_image_width=\"900\" data-large_image_height=\"1600\"href='https:\/\/www.radiopiu.net\/wordpress\/wp-content\/uploads\/2025\/12\/Cerchi-olimpici-Roncoi.jpg'><img loading=\"lazy\" decoding=\"async\" width=\"150\" height=\"150\" src=\"https:\/\/www.radiopiu.net\/wordpress\/wp-content\/uploads\/2025\/12\/Cerchi-olimpici-Roncoi-150x150.jpg\" class=\"attachment-thumbnail size-thumbnail\" alt=\"\" \/><\/a>\n\t\t\t\t<\/dt><\/dl><dl class='gallery-item'>\n\t\t\t\t<dt class='gallery-icon portrait'>\n\t\t\t\t\t<a class=\"rollover rollover-zoom dt-pswp-item\" title=\"Donne Filo\u0300 di roncoi\" data-dt-img-description=\"\" data-large_image_width=\"1200\" data-large_image_height=\"1600\"href='https:\/\/www.radiopiu.net\/wordpress\/wp-content\/uploads\/2025\/12\/Donne-Filo-di-roncoi.jpg'><img loading=\"lazy\" decoding=\"async\" width=\"150\" height=\"150\" src=\"https:\/\/www.radiopiu.net\/wordpress\/wp-content\/uploads\/2025\/12\/Donne-Filo-di-roncoi-150x150.jpg\" class=\"attachment-thumbnail size-thumbnail\" alt=\"\" \/><\/a>\n\t\t\t\t<\/dt><\/dl><dl class='gallery-item'>\n\t\t\t\t<dt class='gallery-icon portrait'>\n\t\t\t\t\t<a class=\"rollover rollover-zoom dt-pswp-item\" title=\"Donne Gruppo Filo\u0300 con sindaco viviana Fusaro\" data-dt-img-description=\"\" data-large_image_width=\"1536\" data-large_image_height=\"2048\"href='https:\/\/www.radiopiu.net\/wordpress\/wp-content\/uploads\/2025\/12\/Donne-Gruppo-Filo-con-sindaco-viviana-Fusaro.jpg'><img loading=\"lazy\" decoding=\"async\" width=\"150\" height=\"150\" src=\"https:\/\/www.radiopiu.net\/wordpress\/wp-content\/uploads\/2025\/12\/Donne-Gruppo-Filo-con-sindaco-viviana-Fusaro-150x150.jpg\" class=\"attachment-thumbnail size-thumbnail\" alt=\"\" \/><\/a>\n\t\t\t\t<\/dt><\/dl><dl class='gallery-item'>\n\t\t\t\t<dt class='gallery-icon portrait'>\n\t\t\t\t\t<a class=\"rollover rollover-zoom dt-pswp-item\" title=\"Donne roncoi\" data-dt-img-description=\"\" data-large_image_width=\"1200\" data-large_image_height=\"1600\"href='https:\/\/www.radiopiu.net\/wordpress\/wp-content\/uploads\/2025\/12\/Donne-roncoi.jpg'><img loading=\"lazy\" decoding=\"async\" width=\"150\" height=\"150\" src=\"https:\/\/www.radiopiu.net\/wordpress\/wp-content\/uploads\/2025\/12\/Donne-roncoi-150x150.jpg\" class=\"attachment-thumbnail size-thumbnail\" alt=\"\" \/><\/a>\n\t\t\t\t<\/dt><\/dl><dl class='gallery-item'>\n\t\t\t\t<dt class='gallery-icon landscape'>\n\t\t\t\t\t<a class=\"rollover rollover-zoom dt-pswp-item\" title=\"Presepe Roncoi 2\" data-dt-img-description=\"\" data-large_image_width=\"1600\" data-large_image_height=\"1204\"href='https:\/\/www.radiopiu.net\/wordpress\/wp-content\/uploads\/2025\/12\/Presepe-Roncoi-2.jpg'><img loading=\"lazy\" decoding=\"async\" width=\"150\" height=\"150\" src=\"https:\/\/www.radiopiu.net\/wordpress\/wp-content\/uploads\/2025\/12\/Presepe-Roncoi-2-150x150.jpg\" class=\"attachment-thumbnail size-thumbnail\" alt=\"\" \/><\/a>\n\t\t\t\t<\/dt><\/dl><dl class='gallery-item'>\n\t\t\t\t<dt class='gallery-icon landscape'>\n\t\t\t\t\t<a class=\"rollover rollover-zoom dt-pswp-item\" title=\"Presepe Roncoi\" data-dt-img-description=\"\" data-large_image_width=\"1600\" data-large_image_height=\"1204\"href='https:\/\/www.radiopiu.net\/wordpress\/wp-content\/uploads\/2025\/12\/Presepe-Roncoi.jpg'><img loading=\"lazy\" decoding=\"async\" width=\"150\" height=\"150\" src=\"https:\/\/www.radiopiu.net\/wordpress\/wp-content\/uploads\/2025\/12\/Presepe-Roncoi-150x150.jpg\" class=\"attachment-thumbnail size-thumbnail\" alt=\"\" \/><\/a>\n\t\t\t\t<\/dt><\/dl><br style=\"clear: both\" \/>\n\t\t\t<\/div>\n\n<p>&nbsp;<\/p>\n<p>&nbsp;<\/p>\n<p>&nbsp;<\/p>\n<p>*********<\/p>\n","protected":false},"excerpt":{"rendered":"<p>******** &nbsp; DI ALESSIA DALL&#8217;O&#8217; SAN GREGORIO NELLE ALPI Anche quest\u2019anno il Natale divampa nella nostra provincia, tra luci scintillanti e piccole comunit\u00e0 che custodiscono la magia pi\u00f9 autentica delle feste. Se da un lato i centri principali attraggono visitatori con animazioni, mercatini e spettacoli, \u00e8 nelle stradine silenziose della pedemontana, quelle che salgono verso&hellip;<\/p>\n","protected":false},"author":4,"featured_media":485068,"comment_status":"closed","ping_status":"closed","sticky":false,"template":"","format":"standard","meta":{"_monsterinsights_skip_tracking":false,"_monsterinsights_sitenote_active":false,"_monsterinsights_sitenote_note":"","_monsterinsights_sitenote_category":0,"footnotes":""},"categories":[51,49],"tags":[],"class_list":["post-485062","post","type-post","status-publish","format-standard","has-post-thumbnail","hentry","category-evidenza-top","category-news-18","category-51","category-49","description-off"],"img_url":"https:\/\/www.radiopiu.net\/wordpress\/wp-content\/uploads\/2025\/12\/Presepe-Roncoi.jpg","_links":{"self":[{"href":"https:\/\/www.radiopiu.net\/wordpress\/wp-json\/wp\/v2\/posts\/485062","targetHints":{"allow":["GET"]}}],"collection":[{"href":"https:\/\/www.radiopiu.net\/wordpress\/wp-json\/wp\/v2\/posts"}],"about":[{"href":"https:\/\/www.radiopiu.net\/wordpress\/wp-json\/wp\/v2\/types\/post"}],"author":[{"embeddable":true,"href":"https:\/\/www.radiopiu.net\/wordpress\/wp-json\/wp\/v2\/users\/4"}],"replies":[{"embeddable":true,"href":"https:\/\/www.radiopiu.net\/wordpress\/wp-json\/wp\/v2\/comments?post=485062"}],"version-history":[{"count":1,"href":"https:\/\/www.radiopiu.net\/wordpress\/wp-json\/wp\/v2\/posts\/485062\/revisions"}],"predecessor-version":[{"id":485069,"href":"https:\/\/www.radiopiu.net\/wordpress\/wp-json\/wp\/v2\/posts\/485062\/revisions\/485069"}],"wp:featuredmedia":[{"embeddable":true,"href":"https:\/\/www.radiopiu.net\/wordpress\/wp-json\/wp\/v2\/media\/485068"}],"wp:attachment":[{"href":"https:\/\/www.radiopiu.net\/wordpress\/wp-json\/wp\/v2\/media?parent=485062"}],"wp:term":[{"taxonomy":"category","embeddable":true,"href":"https:\/\/www.radiopiu.net\/wordpress\/wp-json\/wp\/v2\/categories?post=485062"},{"taxonomy":"post_tag","embeddable":true,"href":"https:\/\/www.radiopiu.net\/wordpress\/wp-json\/wp\/v2\/tags?post=485062"}],"curies":[{"name":"wp","href":"https:\/\/api.w.org\/{rel}","templated":true}]}}