{"id":485071,"date":"2025-12-09T19:28:54","date_gmt":"2025-12-09T18:28:54","guid":{"rendered":"https:\/\/www.radiopiu.net\/wordpress\/?p=485071"},"modified":"2025-12-09T19:28:54","modified_gmt":"2025-12-09T18:28:54","slug":"1464-rose-rosse-per-lalbero-di-villabruna-di-feltre","status":"publish","type":"post","link":"https:\/\/www.radiopiu.net\/wordpress\/1464-rose-rosse-per-lalbero-di-villabruna-di-feltre\/","title":{"rendered":"1464 ROSE ROSSE PER L\u2019ALBERO DI VILLABRUNA DI FELTRE"},"content":{"rendered":"<p>*********<\/p>\n<p>&nbsp;<\/p>\n<p><strong>DI ALESSIA DALL&#8217;O&#8217;<\/strong><\/p>\n<p><strong>FELTRE <\/strong>Ieri, 8 dicembre, giorno dell\u2019Immacolata, la piazza di Villabruna si \u00e8 trasformata nel cuore pulsante della comunit\u00e0 grazie all\u2019accensione tradizionale dell\u2019albero di Natale realizzato a mano dal Gruppo Fil\u00f2. Un appuntamento ormai atteso, radicato nella tradizione, che ogni anno rinnova il suo significato grazie al lavoro volontario e appassionato delle donne del gruppo: una ventina di partecipanti che ogni gioved\u00ec si ritrova al Cas\u00e8l di Villabruna per creare, conversare e condividere tempo insieme. Il Fil\u00f2 non \u00e8 solo un gruppo di amiche: \u00e8 una realt\u00e0 che costruisce legami autentici, intrecciando parole e lavoro manuale, ascolto e apprendimento reciproco. Da questa semplicit\u00e0 nasce una rete di solidariet\u00e0 che va ben oltre i confini della stanza in cui tutto prende forma. Nel corso del 2025, il gruppo ha destinato le proprie risorse,\u00a0 frutto di autofinanziamento, a diverse realt\u00e0, tra cui l\u2019associazione \u201cSorridendo per la LudoVita\u201d, il Centro Aiuto alla Vita e un progetto sostenuto in Nepal, dimostrando una sensibilit\u00e0 capace di unire vicinanza locale e apertura al mondo. A questo si aggiunge il contributo costante al Gruppo Alpini e alla parrocchia, in un rapporto di collaborazione che si rinnova a ogni necessit\u00e0 e che rappresenta uno dei tratti distintivi della comunit\u00e0 di Villabruna. Significativa anche la recente donazione del presepe che lo scorso anno decorava l\u2019albero in piazza ai residenti della Casa di Riposo Brandalise di Feltre: un gesto semplice ma prezioso, che ha portato un po\u2019 di festa e vicinanza a chi vive una fase pi\u00f9 fragile della vita. Dopo la benedizione del parroco, don Matteo Colle, \u00e8 intervenuta la sindaco Viviana Fusaro, che ha sottolineato il valore sociale e simbolico dell\u2019iniziativa, lodando l\u2019impegno del Fil\u00f2 e ricordando quanto la collaborazione tra le realt\u00e0 locali, dal gruppo giovani al Gruppo Alpini, fino alla parrocchia, continui a rafforzare l\u2019identit\u00e0 della frazione. Al suo fianco erano presenti l\u2019assessore Maurizio Zatta e il consigliere Sebastiano Slongo, che ha richiamato l\u2019attenzione sul ruolo centrale della piazza, sempre pi\u00f9 luogo vivo e condiviso, teatro di attivit\u00e0 e relazioni quotidiane. L\u2019albero, illuminato al termine della cerimonia e con una grande stella a fare da cima, \u00e8 stato decorato con 1.464 rose rosse fatte a mano: simbolo della cura paziente e del tempo donato gratuitamente dal gruppo. Un gesto che va oltre l\u2019estetica, perch\u00e9 ogni rosa rappresenta un impegno concreto verso il territorio. L\u2019edizione di quest\u2019anno ha visto la scelta del rosso come colore guida: un rosso che richiama il Natale, ma anche la vitalit\u00e0, l\u2019energia e l\u2019attenzione verso l\u2019altro. Le rose all\u2019uncinetto, delicate ma resistenti, sono state presentate come metafora della comunit\u00e0 stessa: capace di proteggere, accogliere e sostenere. La serata si \u00e8 conclusa con una tradizionale bicchierata e il gioco dell\u2019indovinare il numero esatto delle rose sull\u2019albero, un\u2019iniziativa che ha unito divertimento e solidariet\u00e0, poich\u00e9 le offerte raccolte saranno nuovamente destinate a progetti sociali del territorio.<\/p>\n\n\t\t\t<style type='text\/css'>\n\t\t\t\t#gallery-1 {\n\t\t\t\t\tmargin: auto;\n\t\t\t\t}\n\t\t\t\t#gallery-1 .gallery-item {\n\t\t\t\t\tfloat: left;\n\t\t\t\t\tmargin-top: 10px;\n\t\t\t\t\ttext-align: center;\n\t\t\t\t\twidth: 25%;\n\t\t\t\t}\n\t\t\t\t#gallery-1 img {\n\t\t\t\t\tborder: 2px solid #cfcfcf;\n\t\t\t\t}\n\t\t\t\t#gallery-1 .gallery-caption {\n\t\t\t\t\tmargin-left: 0;\n\t\t\t\t}\n\t\t\t\t\/* see gallery_shortcode() in wp-includes\/media.php *\/\n\t\t\t<\/style>\n\t\t<div id='gallery-1' class='dt-gallery-container gallery galleryid-485071 gallery-columns-4 gallery-size-medium'><dl class='gallery-item'>\n\t\t\t\t<dt class='gallery-icon portrait'>\n\t\t\t\t\t<a class=\"rollover\" href='https:\/\/www.radiopiu.net\/wordpress\/1464-rose-rosse-per-lalbero-di-villabruna-di-feltre\/albero-di-villabruna\/'><img loading=\"lazy\" decoding=\"async\" width=\"225\" height=\"300\" src=\"https:\/\/www.radiopiu.net\/wordpress\/wp-content\/uploads\/2025\/12\/Albero-di-Villabruna-225x300.jpg\" class=\"attachment-medium size-medium\" alt=\"\" srcset=\"https:\/\/www.radiopiu.net\/wordpress\/wp-content\/uploads\/2025\/12\/Albero-di-Villabruna-225x300.jpg 225w, https:\/\/www.radiopiu.net\/wordpress\/wp-content\/uploads\/2025\/12\/Albero-di-Villabruna-768x1024.jpg 768w, https:\/\/www.radiopiu.net\/wordpress\/wp-content\/uploads\/2025\/12\/Albero-di-Villabruna-1152x1536.jpg 1152w, https:\/\/www.radiopiu.net\/wordpress\/wp-content\/uploads\/2025\/12\/Albero-di-Villabruna.jpg 1536w\" sizes=\"auto, (max-width: 225px) 100vw, 225px\" \/><\/a>\n\t\t\t\t<\/dt><\/dl><dl class='gallery-item'>\n\t\t\t\t<dt class='gallery-icon landscape'>\n\t\t\t\t\t<a class=\"rollover\" href='https:\/\/www.radiopiu.net\/wordpress\/1464-rose-rosse-per-lalbero-di-villabruna-di-feltre\/gruppo-filo-con-sindaco-fusaro\/'><img loading=\"lazy\" decoding=\"async\" width=\"300\" height=\"225\" src=\"https:\/\/www.radiopiu.net\/wordpress\/wp-content\/uploads\/2025\/12\/Gruppo-filo-con-sindaco-Fusaro-300x225.jpg\" class=\"attachment-medium size-medium\" alt=\"\" srcset=\"https:\/\/www.radiopiu.net\/wordpress\/wp-content\/uploads\/2025\/12\/Gruppo-filo-con-sindaco-Fusaro-300x225.jpg 300w, https:\/\/www.radiopiu.net\/wordpress\/wp-content\/uploads\/2025\/12\/Gruppo-filo-con-sindaco-Fusaro-1024x768.jpg 1024w, https:\/\/www.radiopiu.net\/wordpress\/wp-content\/uploads\/2025\/12\/Gruppo-filo-con-sindaco-Fusaro-768x576.jpg 768w, https:\/\/www.radiopiu.net\/wordpress\/wp-content\/uploads\/2025\/12\/Gruppo-filo-con-sindaco-Fusaro-1536x1152.jpg 1536w, https:\/\/www.radiopiu.net\/wordpress\/wp-content\/uploads\/2025\/12\/Gruppo-filo-con-sindaco-Fusaro.jpg 2048w\" sizes=\"auto, (max-width: 300px) 100vw, 300px\" \/><\/a>\n\t\t\t\t<\/dt><\/dl><dl class='gallery-item'>\n\t\t\t\t<dt class='gallery-icon landscape'>\n\t\t\t\t\t<a class=\"rollover\" href='https:\/\/www.radiopiu.net\/wordpress\/1464-rose-rosse-per-lalbero-di-villabruna-di-feltre\/immagini-serata\/'><img loading=\"lazy\" decoding=\"async\" width=\"300\" height=\"225\" src=\"https:\/\/www.radiopiu.net\/wordpress\/wp-content\/uploads\/2025\/12\/Immagini-serata-300x225.jpg\" class=\"attachment-medium size-medium\" alt=\"\" srcset=\"https:\/\/www.radiopiu.net\/wordpress\/wp-content\/uploads\/2025\/12\/Immagini-serata-300x225.jpg 300w, https:\/\/www.radiopiu.net\/wordpress\/wp-content\/uploads\/2025\/12\/Immagini-serata-1024x768.jpg 1024w, https:\/\/www.radiopiu.net\/wordpress\/wp-content\/uploads\/2025\/12\/Immagini-serata-768x576.jpg 768w, https:\/\/www.radiopiu.net\/wordpress\/wp-content\/uploads\/2025\/12\/Immagini-serata-1536x1152.jpg 1536w, https:\/\/www.radiopiu.net\/wordpress\/wp-content\/uploads\/2025\/12\/Immagini-serata.jpg 2048w\" sizes=\"auto, (max-width: 300px) 100vw, 300px\" \/><\/a>\n\t\t\t\t<\/dt><\/dl><dl class='gallery-item'>\n\t\t\t\t<dt class='gallery-icon portrait'>\n\t\t\t\t\t<a class=\"rollover\" href='https:\/\/www.radiopiu.net\/wordpress\/1464-rose-rosse-per-lalbero-di-villabruna-di-feltre\/albero-e-campanile\/'><img loading=\"lazy\" decoding=\"async\" width=\"225\" height=\"300\" src=\"https:\/\/www.radiopiu.net\/wordpress\/wp-content\/uploads\/2025\/12\/Albero-e-Campanile-225x300.jpg\" class=\"attachment-medium size-medium\" alt=\"\" srcset=\"https:\/\/www.radiopiu.net\/wordpress\/wp-content\/uploads\/2025\/12\/Albero-e-Campanile-225x300.jpg 225w, https:\/\/www.radiopiu.net\/wordpress\/wp-content\/uploads\/2025\/12\/Albero-e-Campanile-768x1024.jpg 768w, https:\/\/www.radiopiu.net\/wordpress\/wp-content\/uploads\/2025\/12\/Albero-e-Campanile-1152x1536.jpg 1152w, https:\/\/www.radiopiu.net\/wordpress\/wp-content\/uploads\/2025\/12\/Albero-e-Campanile.jpg 1200w\" sizes=\"auto, (max-width: 225px) 100vw, 225px\" \/><\/a>\n\t\t\t\t<\/dt><\/dl><br style=\"clear: both\" \/>\n\t\t\t<\/div>\n\n<p>&nbsp;<\/p>\n<p>&nbsp;<\/p>\n<p>&nbsp;<\/p>\n<p>*******<\/p>\n","protected":false},"excerpt":{"rendered":"<p>********* &nbsp; DI ALESSIA DALL&#8217;O&#8217; FELTRE Ieri, 8 dicembre, giorno dell\u2019Immacolata, la piazza di Villabruna si \u00e8 trasformata nel cuore pulsante della comunit\u00e0 grazie all\u2019accensione tradizionale dell\u2019albero di Natale realizzato a mano dal Gruppo Fil\u00f2. Un appuntamento ormai atteso, radicato nella tradizione, che ogni anno rinnova il suo significato grazie al lavoro volontario e appassionato&hellip;<\/p>\n","protected":false},"author":4,"featured_media":485075,"comment_status":"closed","ping_status":"closed","sticky":false,"template":"","format":"standard","meta":{"_monsterinsights_skip_tracking":false,"_monsterinsights_sitenote_active":false,"_monsterinsights_sitenote_note":"","_monsterinsights_sitenote_category":0,"footnotes":""},"categories":[104,49],"tags":[],"class_list":["post-485071","post","type-post","status-publish","format-standard","has-post-thumbnail","hentry","category-evidenza_3","category-news-18","category-104","category-49","description-off"],"img_url":"https:\/\/www.radiopiu.net\/wordpress\/wp-content\/uploads\/2025\/12\/Gruppo-filo-con-sindaco-Fusaro.jpg","_links":{"self":[{"href":"https:\/\/www.radiopiu.net\/wordpress\/wp-json\/wp\/v2\/posts\/485071","targetHints":{"allow":["GET"]}}],"collection":[{"href":"https:\/\/www.radiopiu.net\/wordpress\/wp-json\/wp\/v2\/posts"}],"about":[{"href":"https:\/\/www.radiopiu.net\/wordpress\/wp-json\/wp\/v2\/types\/post"}],"author":[{"embeddable":true,"href":"https:\/\/www.radiopiu.net\/wordpress\/wp-json\/wp\/v2\/users\/4"}],"replies":[{"embeddable":true,"href":"https:\/\/www.radiopiu.net\/wordpress\/wp-json\/wp\/v2\/comments?post=485071"}],"version-history":[{"count":1,"href":"https:\/\/www.radiopiu.net\/wordpress\/wp-json\/wp\/v2\/posts\/485071\/revisions"}],"predecessor-version":[{"id":485077,"href":"https:\/\/www.radiopiu.net\/wordpress\/wp-json\/wp\/v2\/posts\/485071\/revisions\/485077"}],"wp:featuredmedia":[{"embeddable":true,"href":"https:\/\/www.radiopiu.net\/wordpress\/wp-json\/wp\/v2\/media\/485075"}],"wp:attachment":[{"href":"https:\/\/www.radiopiu.net\/wordpress\/wp-json\/wp\/v2\/media?parent=485071"}],"wp:term":[{"taxonomy":"category","embeddable":true,"href":"https:\/\/www.radiopiu.net\/wordpress\/wp-json\/wp\/v2\/categories?post=485071"},{"taxonomy":"post_tag","embeddable":true,"href":"https:\/\/www.radiopiu.net\/wordpress\/wp-json\/wp\/v2\/tags?post=485071"}],"curies":[{"name":"wp","href":"https:\/\/api.w.org\/{rel}","templated":true}]}}