{"id":485104,"date":"2025-12-11T05:48:56","date_gmt":"2025-12-11T04:48:56","guid":{"rendered":"https:\/\/www.radiopiu.net\/wordpress\/?p=485104"},"modified":"2025-12-11T08:00:46","modified_gmt":"2025-12-11T07:00:46","slug":"giornale-radiopiu-11-dicembre-2025-direttore-mirko-mezzacasa","status":"publish","type":"post","link":"https:\/\/www.radiopiu.net\/wordpress\/giornale-radiopiu-11-dicembre-2025-direttore-mirko-mezzacasa\/","title":{"rendered":"GIORNALE RADIOPIU 11 DICEMBRE 2025 DIRETTORE MIRKO MEZZACASA"},"content":{"rendered":"<p>********<\/p>\n<p>&nbsp;<\/p>\n<h1>LA NUOVA\u00a0 APP<\/h1>\n<p><strong><em><span style=\"color: #ff0000;\"><a class=\"dt-pswp-item\" href=\"https:\/\/www.radiopiu.net\/wordpress\/wp-content\/uploads\/2025\/11\/Screenshot-2025-11-14-052001.png\" data-dt-img-description=\"\" data-large_image_width=\"520\" data-large_image_height=\"356\"><img loading=\"lazy\" decoding=\"async\" class=\"size-medium wp-image-480474 alignleft\" src=\"https:\/\/www.radiopiu.net\/wordpress\/wp-content\/uploads\/2025\/11\/Screenshot-2025-11-14-052001-300x205.png\" alt=\"\" width=\"300\" height=\"205\" srcset=\"https:\/\/www.radiopiu.net\/wordpress\/wp-content\/uploads\/2025\/11\/Screenshot-2025-11-14-052001-300x205.png 300w, https:\/\/www.radiopiu.net\/wordpress\/wp-content\/uploads\/2025\/11\/Screenshot-2025-11-14-052001.png 520w\" sizes=\"auto, (max-width: 300px) 100vw, 300px\" \/><\/a> <\/span><\/em><\/strong><\/p>\n<p><strong><em><span style=\"color: #ff0000;\">\u00a0<\/span><\/em><\/strong><\/p>\n<p><strong><em><span style=\"color: #ff0000;\">LA\u00a0 APP PER IOS-IPHONE di Nicola Vettorello<\/span><\/em><\/strong><\/p>\n<p><strong><span style=\"color: #0000ff;\"><a style=\"color: #0000ff;\" href=\"https:\/\/apps.apple.com\/it\/app\/radio-pi%C3%B9-emittente-agordina\/id1515939845\">https:\/\/apps.apple.com\/it\/app\/radio-pi%C3%B9-emittente-agordina\/id1515939845<\/a><\/span><\/strong><\/p>\n<p><strong><em style=\"color: #ff0000;\">LA\u00a0 APP RADIO\u00a0 PER ANDROID di Nicola Vettorello<\/em><\/strong><\/p>\n<p><strong><span style=\"color: #0000ff;\"><a style=\"color: #0000ff;\" href=\"https:\/\/play.google.com\/store\/apps\/details?id=net.radiopiu.iniko\" target=\"_blank\" rel=\"noopener noreferrer\">https:\/\/<\/a><a style=\"color: #0000ff;\" href=\"https:\/\/play.google.com\/store\/apps\/details?id=net.radiopiu.iniko\" target=\"_blank\" rel=\"noopener noreferrer\">play.google.com\/store\/apps\/details?id=net.radiopiu.iniko\u00a0\u00a0\u00a0\u00a0\u00a0<\/a><\/span><\/strong><\/p>\n<p>&nbsp;<\/p>\n<p>&nbsp;<\/p>\n<p>&nbsp;<\/p>\n<hr \/>\n<p>&nbsp;<\/p>\n<blockquote>\n<div class=\"mceTemp\">\n<h1 data-start=\"0\" data-end=\"60\"><strong data-start=\"0\" data-end=\"60\">OGGI SU RADIOPI\u00d9: <span style=\"color: #000000;\">MUSICA, informazione\u00a0<\/span> e dirette\u00a0\u00a0<\/strong><\/h1>\n<\/div>\n<\/blockquote>\n<p><strong class=\"photoswipe-wrapper\" style=\"color: #111111; font-family: 'normal Arial', Helvetica, sans-serif; font-size: 14px;\"><strong class=\"photoswipe-wrapper\"><a class=\"dt-pswp-item\" href=\"https:\/\/www.radiopiu.net\/wordpress\/wp-content\/uploads\/2025\/12\/5db648e3-0fa3-46a3-881c-1f4b5678aed5.jpg\" data-dt-img-description=\"\" data-large_image_width=\"995\" data-large_image_height=\"999\"><img loading=\"lazy\" decoding=\"async\" class=\" wp-image-485324 alignleft\" src=\"https:\/\/www.radiopiu.net\/wordpress\/wp-content\/uploads\/2025\/12\/5db648e3-0fa3-46a3-881c-1f4b5678aed5-300x300.jpg\" alt=\"\" width=\"302\" height=\"302\" srcset=\"https:\/\/www.radiopiu.net\/wordpress\/wp-content\/uploads\/2025\/12\/5db648e3-0fa3-46a3-881c-1f4b5678aed5-300x300.jpg 300w, https:\/\/www.radiopiu.net\/wordpress\/wp-content\/uploads\/2025\/12\/5db648e3-0fa3-46a3-881c-1f4b5678aed5-150x150.jpg 150w, https:\/\/www.radiopiu.net\/wordpress\/wp-content\/uploads\/2025\/12\/5db648e3-0fa3-46a3-881c-1f4b5678aed5-768x771.jpg 768w, https:\/\/www.radiopiu.net\/wordpress\/wp-content\/uploads\/2025\/12\/5db648e3-0fa3-46a3-881c-1f4b5678aed5.jpg 995w\" sizes=\"auto, (max-width: 302px) 100vw, 302px\" \/><\/a>ALLE 8.05 LA RASSEGNA STAMPA LOCALE 8.25\u00a0 PIU SIAMO CON MARINA DONA&#8217; 9.00 ALICE BETTOLO IN &#8220;I MILLE PASSI&#8221; DAI DIARI DI MORGANA\u00a0 ultima puntata\u00a0 940 OGGI COME IERI CON SILVIA BALDO 9.45\u00a0 viaggi d&#8217;autore, viaggiamo con le pagine dei libri e i luoghi che hanno ispirato gli autori, con Claudia Cattadori 10.10 sei in radio se\u00a0 di marina dona&#8217; <\/strong><strong>10.30\u00a0 \u00a0associazione accademia della scherma con Luca Basile, di marina don\u00e0 11.00\u00a0 arcade show con Elia Casagrande\u00a0 13 10 20 anni di protezione civile a voltago agordino di marco gaz ospite il sindaco giuseppe schena, samuel da campo, anna feltrin 13.30 la musica country di alex nascinben\u00a0 14.00 15.00 time for me lo spazio del giovedi, &#8220;mani di mamma&#8221;<\/strong><\/strong><strong>\u00a0 16 45 LE HIT STORICHE DI MIRCO BENCIVENNI 18.10\u00a0 \u00a019.05 LE ANTICIPAZIONI DAL TG DI ANTENNA 3 DA UN\u2019IDEA DI TIZIANA BOLOGNANI 19.20 krampus a frassene&#8217; di marco gaz<\/strong><\/p>\n<p>&nbsp;<\/p>\n<p>&nbsp;<\/p>\n<p><span style=\"color: #ff0000;\">foto\u00a0 festivit\u00e0 con richiamo alla sicurezza sul lavoro, \u201cacceso\u201d l&#8217;albero di Natale di Anmil a Longarone \u00c8 stato inaugurato oggi a Longarone l&#8217;albero di Natale \u201cdella sicurezza sul lavoro\u201d. Un albero realizzato con i caschetti da operaio che vuole accendere l&#8217;attenzione su un tema \u2013 quelle delle morti bianche \u2013 troppo spesso sottovalutato<\/span><\/p>\n<p>&nbsp;<\/p>\n<p>&nbsp;<\/p>\n<p style=\"text-align: center;\"><span style=\"color: #0000ff;\"><strong>LA VIGNETTA DI PIERALDO VIGNAZIA- VIP<\/strong><\/span><br \/>\n<a class=\"dt-pswp-item\" href=\"https:\/\/www.radiopiu.net\/wordpress\/wp-content\/uploads\/2025\/12\/f7e81f50-4bbd-40f1-b55d-7c022fd67a84.jpg\" data-dt-img-description=\"\" data-large_image_width=\"1080\" data-large_image_height=\"882\"><img loading=\"lazy\" decoding=\"async\" class=\"alignnone size-medium wp-image-485326\" src=\"https:\/\/www.radiopiu.net\/wordpress\/wp-content\/uploads\/2025\/12\/f7e81f50-4bbd-40f1-b55d-7c022fd67a84-300x245.jpg\" alt=\"\" width=\"300\" height=\"245\" srcset=\"https:\/\/www.radiopiu.net\/wordpress\/wp-content\/uploads\/2025\/12\/f7e81f50-4bbd-40f1-b55d-7c022fd67a84-300x245.jpg 300w, https:\/\/www.radiopiu.net\/wordpress\/wp-content\/uploads\/2025\/12\/f7e81f50-4bbd-40f1-b55d-7c022fd67a84-1024x836.jpg 1024w, https:\/\/www.radiopiu.net\/wordpress\/wp-content\/uploads\/2025\/12\/f7e81f50-4bbd-40f1-b55d-7c022fd67a84-768x627.jpg 768w, https:\/\/www.radiopiu.net\/wordpress\/wp-content\/uploads\/2025\/12\/f7e81f50-4bbd-40f1-b55d-7c022fd67a84.jpg 1080w\" sizes=\"auto, (max-width: 300px) 100vw, 300px\" \/><\/a><\/p>\n<p>&nbsp;<\/p>\n<hr \/>\n<div class=\"x11i5rnm xat24cr x1mh8g0r x1vvkbs xtlvy1s x126k92a\">\n<blockquote>\n<h1><strong><br \/>\nN di parom &#8211; L Almanach de la nosta jent\u00a0 <\/strong><strong style=\"font-size: 14px;\"><span style=\"color: #ff0000;\">OGNI GIORNO ALLE CINQUE E ALLE NOVE E DIECI\u00a0 DEL MATTINO<\/span> LA PUNTATA DI OGGI, 11 DICEMBRE 2025<\/strong><\/h1>\n<\/blockquote>\n<audio class=\"wp-audio-shortcode\" id=\"audio-485104-1\" preload=\"none\" style=\"width: 100%;\" controls=\"controls\"><source type=\"audio\/mpeg\" src=\"https:\/\/www.radiopiu.net\/wordpress\/wp-content\/uploads\/2025\/12\/AL4.mp3?_=1\" \/><a href=\"https:\/\/www.radiopiu.net\/wordpress\/wp-content\/uploads\/2025\/12\/AL4.mp3\">https:\/\/www.radiopiu.net\/wordpress\/wp-content\/uploads\/2025\/12\/AL4.mp3<\/a><\/audio>\n<p>&nbsp;<\/p>\n<\/div>\n<p>&nbsp;<\/p>\n<hr \/>\n<div class=\"x11i5rnm xat24cr x1mh8g0r x1vvkbs xtlvy1s x126k92a\">\n<div dir=\"auto\">\n<div dir=\"auto\">\n<blockquote>\n<h2><strong><br \/>\nEL BAL DEL FIOR, DI GIULIANA DA RONCH\u00a0 <span style=\"color: #ff0000;\">ogni giorno alle sette e venti del mattino <\/span><\/strong><strong style=\"font-size: 14px;\">LA PUNTATA DI OGGI 11 DICEMBRE<\/strong><strong style=\"font-size: 14px;\">\u00a02025<\/strong><\/h2>\n<\/blockquote>\n<audio class=\"wp-audio-shortcode\" id=\"audio-485104-2\" preload=\"none\" style=\"width: 100%;\" controls=\"controls\"><source type=\"audio\/mpeg\" src=\"https:\/\/www.radiopiu.net\/wordpress\/wp-content\/uploads\/2025\/12\/GGI.mp3?_=2\" \/><a href=\"https:\/\/www.radiopiu.net\/wordpress\/wp-content\/uploads\/2025\/12\/GGI.mp3\">https:\/\/www.radiopiu.net\/wordpress\/wp-content\/uploads\/2025\/12\/GGI.mp3<\/a><\/audio>\n<\/div>\n<\/div>\n<\/div>\n<p>&nbsp;<\/p>\n<div class=\"x11i5rnm xat24cr x1mh8g0r x1vvkbs xtlvy1s x126k92a\">\n<div dir=\"auto\">\n<hr \/>\n<\/div>\n<\/div>\n<blockquote>\n<blockquote>\n<h1><span style=\"color: #ff0000;\">\u00a0<\/span><\/h1>\n<h1><span style=\"color: #ff0000;\">I podcast informativi del mattino &#8211; audio &#8211;\u00a0\u00a0<\/span><\/h1>\n<\/blockquote>\n<p><strong><a class=\"dt-pswp-item\" href=\"https:\/\/www.radiopiu.net\/wordpress\/wp-content\/uploads\/2024\/11\/6.jpg\" data-dt-img-description=\"\" data-large_image_width=\"177\" data-large_image_height=\"180\"><img loading=\"lazy\" decoding=\"async\" class=\"size-full wp-image-417911 alignleft\" src=\"https:\/\/www.radiopiu.net\/wordpress\/wp-content\/uploads\/2024\/11\/6.jpg\" alt=\"\" width=\"177\" height=\"180\" \/><\/a>LA RASSEGNA STAMPA NAZIONALE ALLA RADIO, OGNI GIORNO ALLE 5 E ALLE 6 DEL MATTINO <span style=\"color: #0000ff;\">viene pubblicata alle 6.00 <span style=\"color: #ff0000;\">DIRETTA RADIO\u00a0 \u00a0\u00a0<\/span><\/span><\/strong><\/p><\/blockquote>\n<h1><strong>NOTIZIE DELLA NOTTE<\/strong><\/h1>\n<article class=\"text-token-text-primary w-full focus:outline-none [--shadow-height:45px] has-data-writing-block:pointer-events-none has-data-writing-block:-mt-(--shadow-height) has-data-writing-block:pt-(--shadow-height) [&amp;:has([data-writing-block])&gt;*]:pointer-events-auto scroll-mt-[calc(var(--header-height)+min(200px,max(70px,20svh)))]\" dir=\"auto\" tabindex=\"-1\" data-turn-id=\"request-WEB:6c6eba2c-db7d-4cbb-aaf4-bde94336bd2c-1\" data-testid=\"conversation-turn-4\" data-scroll-anchor=\"true\" data-turn=\"assistant\">\n<div class=\"text-base my-auto mx-auto pb-10 [--thread-content-margin:--spacing(4)] @w-sm\/main:[--thread-content-margin:--spacing(6)] @w-lg\/main:[--thread-content-margin:--spacing(16)] px-(--thread-content-margin)\">\n<div class=\"[--thread-content-max-width:40rem] @w-lg\/main:[--thread-content-max-width:48rem] mx-auto max-w-(--thread-content-max-width) flex-1 group\/turn-messages focus-visible:outline-hidden relative flex w-full min-w-0 flex-col agent-turn\" tabindex=\"-1\">\n<div class=\"flex max-w-full flex-col grow\">\n<div class=\"min-h-8 text-message relative flex w-full flex-col items-end gap-2 text-start break-words whitespace-normal [.text-message+&amp;]:mt-1\" dir=\"auto\" data-message-author-role=\"assistant\" data-message-id=\"4640ba7c-6526-4fbc-8b5b-87147cb30278\" data-message-model-slug=\"gpt-5-1\">\n<div class=\"flex w-full flex-col gap-1 empty:hidden first:pt-[1px]\">\n<div class=\"markdown prose dark:prose-invert w-full break-words dark markdown-new-styling\">\n<p data-start=\"0\" data-end=\"142\"><strong data-start=\"0\" data-end=\"8\">ROMA<\/strong><br data-start=\"8\" data-end=\"11\" \/>Raid della giunta birmana su un ospedale in Birmania: almeno 31 morti nell\u2019attacco aereo che colpisce personale sanitario e civili.<\/p>\n<p data-start=\"144\" data-end=\"287\"><strong data-start=\"144\" data-end=\"152\">ROMA<\/strong><br data-start=\"152\" data-end=\"155\" \/>Amnesty denuncia crimini contro l\u2019umanit\u00e0 commessi da Hamas dal 7 ottobre in poi, con un quadro di violenze sistematiche sui civili.<\/p>\n<p data-start=\"289\" data-end=\"420\"><strong data-start=\"289\" data-end=\"297\">OSLO<\/strong><br data-start=\"297\" data-end=\"300\" \/>La Nobel Narges Machado torna in pubblico dopo 11 mesi e atterra nella capitale norvegese per le celebrazioni ufficiali.<\/p>\n<p data-start=\"422\" data-end=\"569\"><strong data-start=\"422\" data-end=\"432\">MILANO<\/strong><br data-start=\"432\" data-end=\"435\" \/>Riccardo Chailly ha un malore alla Scala durante \u201cUna Lady Macbeth nel distretto di Mcesk\u201d: spettacolo interrotto, condizioni stabili.<\/p>\n<p data-start=\"571\" data-end=\"822\"><strong data-start=\"571\" data-end=\"585\">WASHINGTON<\/strong><br data-start=\"585\" data-end=\"588\" \/>Trump ribadisce che gli Usa \u201cnon vogliono perdere tempo con l\u2019Ucraina\u201d, mentre Kiev presenta a Washington il suo piano di pace aggiornato.<br data-start=\"726\" data-end=\"729\" \/>Trump aggiunge che leader europei chiedono un incontro nel fine settimana con lui e Zelensky.<\/p>\n<p data-start=\"824\" data-end=\"951\"><strong data-start=\"824\" data-end=\"838\">WASHINGTON<\/strong><br data-start=\"838\" data-end=\"841\" \/>La Fed taglia i tassi di un quarto di punto: terza riduzione consecutiva per sostenere crescita e occupazione.<\/p>\n<p data-start=\"953\" data-end=\"1118\"><strong data-start=\"953\" data-end=\"963\">PARIGI<\/strong><br data-start=\"963\" data-end=\"966\" \/>La cucina italiana entra nel patrimonio dell\u2019umanit\u00e0 Unesco con voto unanime, riconoscimento al valore identitario della nostra tradizione gastronomica.<\/p>\n<p data-start=\"1120\" data-end=\"1260\"><strong data-start=\"1120\" data-end=\"1128\">ROMA<\/strong><br data-start=\"1128\" data-end=\"1131\" \/>Universit\u00e0: verso una graduatoria unica per Medicina con recupero dei crediti, per ridurre esclusioni e razionalizzare l\u2019accesso.<\/p>\n<p data-start=\"1262\" data-end=\"1352\" data-is-last-node=\"\" data-is-only-node=\"\"><strong data-start=\"1262\" data-end=\"1273\">LISBONA<\/strong><br data-start=\"1273\" data-end=\"1276\" \/>Champions League: Mourinho batte Conte, Napoli in affanno contro il Benfica.<\/p>\n<\/div>\n<\/div>\n<\/div>\n<\/div>\n<\/div>\n<\/div>\n<\/article>\n<h1>IL GIORNALE DELLE SEI DEL MATTINO<\/h1>\n<audio class=\"wp-audio-shortcode\" id=\"audio-485104-3\" preload=\"none\" style=\"width: 100%;\" controls=\"controls\"><source type=\"audio\/mpeg\" src=\"https:\/\/www.radiopiu.net\/wordpress\/wp-content\/uploads\/2025\/12\/GIORNALEDELLESEI-7.mp3?_=3\" \/><a href=\"https:\/\/www.radiopiu.net\/wordpress\/wp-content\/uploads\/2025\/12\/GIORNALEDELLESEI-7.mp3\">https:\/\/www.radiopiu.net\/wordpress\/wp-content\/uploads\/2025\/12\/GIORNALEDELLESEI-7.mp3<\/a><\/audio>\n<p>&nbsp;<\/p>\n<p>&nbsp;<\/p>\n<p>&nbsp;<\/p>\n<hr \/>\n<p>&nbsp;<\/p>\n<h1 style=\"text-align: center;\"><span style=\"color: #ff0000;\"><a class=\"dt-pswp-item\" href=\"https:\/\/www.radiopiu.net\/wordpress\/wp-content\/uploads\/2024\/11\/7.jpg\" data-dt-img-description=\"\" data-large_image_width=\"180\" data-large_image_height=\"180\"><img loading=\"lazy\" decoding=\"async\" class=\"size-full wp-image-417912 alignleft\" src=\"https:\/\/www.radiopiu.net\/wordpress\/wp-content\/uploads\/2024\/11\/7.jpg\" alt=\"\" width=\"180\" height=\"180\" srcset=\"https:\/\/www.radiopiu.net\/wordpress\/wp-content\/uploads\/2024\/11\/7.jpg 180w, https:\/\/www.radiopiu.net\/wordpress\/wp-content\/uploads\/2024\/11\/7-150x150.jpg 150w\" sizes=\"auto, (max-width: 180px) 100vw, 180px\" \/><\/a>I podcast informativi del mattino &#8211; audio &#8211;\u00a0<\/span><\/h1>\n<p><strong>OGNI GIORNO ALLE SETTE DEL MATTINO, LA RASSEGNA STAMPA LOCALE FLASH&#8230; PER CHI VA IN FRETTA. I TITOLI DAI GIORNALI E DAL SITO WWW.RADIOPIU.NET <span style=\"color: #0000ff;\">viene pubblicato alle 7.00<\/span> <span style=\"color: #ff0000;\">DIRETTA RADIO\u00a0<\/span><\/strong><\/p>\n<p><em><span style=\"color: #ff0000;\">per chi va in fretta&#8230; tante notizie in pochi minuti. L&#8217;informazione locale alla radio, ogni ora dalle 7 del mattino alle 19 della sera.\u00a0\u00a0<\/span><\/em><\/p>\n<p><strong data-start=\"0\" data-end=\"62\">Notizie locali dal Bellunese: tra cronaca, eventi e novit\u00e0<\/strong><\/p>\n<div class=\"flex flex-1 grow basis-auto flex-col overflow-hidden\">\n<div class=\"relative h-full\">\n<div class=\"flex h-full flex-col overflow-y-auto [scrollbar-gutter:stable]\">\n<div class=\"mt-1.5 flex flex-col text-sm @thread-xl\/thread:pt-header-height md:pb-9\">\n<article class=\"group\/turn w-full text-token-text-primary focus-visible:outline-none\" dir=\"auto\" tabindex=\"-1\" data-testid=\"conversation-turn-2\" data-scroll-anchor=\"true\">\n<div class=\"text-base my-auto mx-auto py-5 px-6\">\n<div class=\"mx-auto flex flex-1 text-base gap-4 md:gap-5 lg:gap-6 md:max-w-3xl\">\n<div class=\"group\/conversation-turn relative flex w-full min-w-0 flex-col agent-turn @xs\/thread:px-0 @sm\/thread:px-1.5 @md\/thread:px-4\">\n<div class=\"relative flex-col gap-1 md:gap-3\">\n<div class=\"flex max-w-full flex-col flex-grow\">\n<div class=\"min-h-8 text-message relative flex w-full flex-col items-end gap-2 whitespace-normal break-words text-start [.text-message+&amp;]:mt-5\" dir=\"auto\" data-message-author-role=\"assistant\" data-message-id=\"bff05fc0-dc7c-4ab7-9b20-d3eec753127b\" data-message-model-slug=\"gpt-4o-mini\">\n<div class=\"flex w-full flex-col gap-1 empty:hidden first:pt-[3px]\">\n<div class=\"markdown prose w-full break-words dark:prose-invert dark\">\n<p class=\"\" data-start=\"64\" data-end=\"329\"><em><strong>Radio Pi\u00f9 offre una panoramica sui principali eventi e notizie in provincia di Belluno, accompagnata dalla programmazione radiofonica. Tra le principali notizie<\/strong><\/em><\/p>\n<\/div>\n<\/div>\n<\/div>\n<\/div>\n<\/div>\n<\/div>\n<\/div>\n<\/div>\n<\/article>\n<\/div>\n<\/div>\n<\/div>\n<\/div>\n<h1>AUDIO dalle 7 del mattino<\/h1>\n<audio class=\"wp-audio-shortcode\" id=\"audio-485104-4\" preload=\"none\" style=\"width: 100%;\" controls=\"controls\"><source type=\"audio\/mpeg\" src=\"https:\/\/www.radiopiu.net\/wordpress\/wp-content\/uploads\/2025\/12\/GF07-9.mp3?_=4\" \/><a href=\"https:\/\/www.radiopiu.net\/wordpress\/wp-content\/uploads\/2025\/12\/GF07-9.mp3\">https:\/\/www.radiopiu.net\/wordpress\/wp-content\/uploads\/2025\/12\/GF07-9.mp3<\/a><\/audio>\n<p>&nbsp;<\/p>\n<p>&nbsp;<\/p>\n<p>&nbsp;<\/p>\n<hr \/>\n<p>&nbsp;<\/p>\n<h1><\/h1>\n<h1 style=\"text-align: center;\"><span style=\"color: #ff0000;\"><a class=\"dt-pswp-item\" href=\"https:\/\/www.radiopiu.net\/wordpress\/wp-content\/uploads\/2024\/11\/th.jpg\" data-dt-img-description=\"\" data-large_image_width=\"148\" data-large_image_height=\"179\"><img loading=\"lazy\" decoding=\"async\" class=\" wp-image-417913 alignleft\" src=\"https:\/\/www.radiopiu.net\/wordpress\/wp-content\/uploads\/2024\/11\/th.jpg\" alt=\"\" width=\"66\" height=\"80\" \/><\/a>I podcast informativi del mattino &#8211; audio &#8211;\u00a0<\/span><\/h1>\n<blockquote><p><strong>GIORNALE RADIO NAZIONALE, EDIZIONE DELLE SETTE <span style=\"color: #0000ff;\">viene pubblicato alle 7.05 <span style=\"color: #ff0000;\">DIRETTA RADIO\u00a0<\/span><\/span><\/strong><\/p><\/blockquote>\n<p><strong>il giornale radionazionale e&#8217; in onda ogni ora, dalle sette del mattino alle venti della sera\u00a0 \u00a0\u00a0<\/strong><\/p>\n<blockquote>\n<h2><em><a class=\"dt-pswp-item\" href=\"https:\/\/www.radiopiu.net\/wordpress\/wp-content\/uploads\/2025\/02\/download-7.jpg\" data-dt-img-description=\"\" data-large_image_width=\"211\" data-large_image_height=\"239\"><img loading=\"lazy\" decoding=\"async\" class=\" wp-image-435553 alignleft\" src=\"https:\/\/www.radiopiu.net\/wordpress\/wp-content\/uploads\/2025\/02\/download-7.jpg\" alt=\"\" width=\"186\" height=\"211\" \/><\/a><span style=\"color: #ff0000;\">RADIOPI\u00d9<\/span> \u2013 La voce del territorio, lo sguardo sul Paese.\u00a0<\/em><\/h2>\n<\/blockquote>\n<div class=\"flex basis-auto flex-col -mb-(--composer-overlap-px) [--composer-overlap-px:55px] grow overflow-hidden\">\n<div class=\"relative h-full\">\n<div class=\"flex h-full flex-col overflow-y-auto [scrollbar-gutter:stable_both-edges] @[84rem]\/thread:pt-(--header-height)\">\n<div class=\"@thread-xl\/thread:pt-header-height flex flex-col text-sm pb-25\">\n<article class=\"text-token-text-primary w-full focus:outline-none scroll-mt-[calc(var(--header-height)+min(200px,max(70px,20svh)))]\" dir=\"auto\" tabindex=\"-1\" data-testid=\"conversation-turn-68\" data-scroll-anchor=\"true\" data-turn=\"assistant\">\n<div class=\"text-base my-auto mx-auto pb-10 [--thread-content-margin:--spacing(4)] @[37rem]:[--thread-content-margin:--spacing(6)] @[72rem]:[--thread-content-margin:--spacing(16)] px-(--thread-content-margin)\">\n<div class=\"[--thread-content-max-width:32rem] @[34rem]:[--thread-content-max-width:40rem] @[64rem]:[--thread-content-max-width:48rem] mx-auto max-w-(--thread-content-max-width) flex-1 group\/turn-messages focus-visible:outline-hidden relative flex w-full min-w-0 flex-col agent-turn\" tabindex=\"-1\">\n<div class=\"flex max-w-full flex-col grow\">\n<div class=\"min-h-8 text-message relative flex w-full flex-col items-end gap-2 text-start break-words whitespace-normal [.text-message+&amp;]:mt-5\" dir=\"auto\" data-message-author-role=\"assistant\" data-message-id=\"44b2bab2-310d-4a9e-8ff2-f21a32a7d5b3\" data-message-model-slug=\"gpt-4-1-mini\">\n<div class=\"flex w-full flex-col gap-1 empty:hidden first:pt-[3px]\">\n<div class=\"markdown prose dark:prose-invert w-full break-words dark\">\n<article class=\"text-token-text-primary w-full focus:outline-none [--shadow-height:45px] has-data-writing-block:pointer-events-none has-data-writing-block:-mt-(--shadow-height) has-data-writing-block:pt-(--shadow-height) [&amp;:has([data-writing-block])&gt;*]:pointer-events-auto scroll-mt-[calc(var(--header-height)+min(200px,max(70px,20svh)))]\" dir=\"auto\" tabindex=\"-1\" data-turn-id=\"request-WEB:6c6eba2c-db7d-4cbb-aaf4-bde94336bd2c-2\" data-testid=\"conversation-turn-6\" data-scroll-anchor=\"true\" data-turn=\"assistant\">\n<div class=\"text-base my-auto mx-auto pb-10 [--thread-content-margin:--spacing(4)] @w-sm\/main:[--thread-content-margin:--spacing(6)] @w-lg\/main:[--thread-content-margin:--spacing(16)] px-(--thread-content-margin)\">\n<div class=\"[--thread-content-max-width:40rem] @w-lg\/main:[--thread-content-max-width:48rem] mx-auto max-w-(--thread-content-max-width) flex-1 group\/turn-messages focus-visible:outline-hidden relative flex w-full min-w-0 flex-col agent-turn\" tabindex=\"-1\">\n<div class=\"flex max-w-full flex-col grow\">\n<div class=\"min-h-8 text-message relative flex w-full flex-col items-end gap-2 text-start break-words whitespace-normal [.text-message+&amp;]:mt-1\" dir=\"auto\" data-message-author-role=\"assistant\" data-message-id=\"6b330d77-c130-4df6-8cd0-33eda1a39909\" data-message-model-slug=\"gpt-5-1\">\n<div class=\"flex w-full flex-col gap-1 empty:hidden first:pt-[1px]\">\n<div class=\"markdown prose dark:prose-invert w-full break-words dark markdown-new-styling\">\n<p data-start=\"0\" data-end=\"78\"><strong data-start=\"0\" data-end=\"8\">ROMA<\/strong><br data-start=\"8\" data-end=\"11\" \/>Stuprava e fotografava le vittime: condannato a 9 anni e 10 mesi.<\/p>\n<p data-start=\"80\" data-end=\"177\"><strong data-start=\"80\" data-end=\"88\">ROMA<\/strong><br data-start=\"88\" data-end=\"91\" \/>Il medico di Messina Denaro, Alfonso Tumbarello, condannato a 15 anni di reclusione.<\/p>\n<p data-start=\"179\" data-end=\"326\"><strong data-start=\"179\" data-end=\"190\">PALERMO<\/strong><br data-start=\"190\" data-end=\"193\" \/>Droga e mafia: 50 arresti contro i clan della Noce e di Brancaccio, ricostruiti organigrammi e canali di spaccio anche su Telegram.<\/p>\n<p data-start=\"328\" data-end=\"493\"><strong data-start=\"328\" data-end=\"338\">NAPOLI<\/strong><br data-start=\"338\" data-end=\"341\" \/>Esplosione a Ercolano, evacuate 10 persone; caos in aula dopo una sentenza ritenuta troppo lieve: parenti delle vittime si scagliano contro i giudici.<\/p>\n<p data-start=\"495\" data-end=\"664\"><strong data-start=\"495\" data-end=\"505\">TORINO<\/strong><br data-start=\"505\" data-end=\"508\" \/>Aggressione al giornalista Andrea Joly: condannati quattro militanti di CasaPound a un anno, previsto risarcimento al cronista e agli organismi di stampa.<\/p>\n<p data-start=\"666\" data-end=\"795\"><strong data-start=\"666\" data-end=\"683\">REGGIO EMILIA<\/strong><br data-start=\"683\" data-end=\"686\" \/>Via la parola Ges\u00f9 dal canto di Natale a scuola: Lega e FdI attaccano, parlando di \u201ccensura inaccettabile\u201d.<\/p>\n<p data-start=\"797\" data-end=\"943\"><strong data-start=\"797\" data-end=\"805\">ROMA<\/strong><br data-start=\"805\" data-end=\"808\" \/>Universit\u00e0: verso tutti in graduatoria per Medicina con recupero dei crediti, riforma per ridurre esclusioni e ottimizzare l\u2019accesso.<\/p>\n<p data-start=\"945\" data-end=\"1091\"><strong data-start=\"945\" data-end=\"953\">ROMA<\/strong><br data-start=\"953\" data-end=\"956\" \/>Diffamazione a Casalino: via libera della Giunta alle autorizzazioni a procedere verso Vittorio Sgarbi per frasi ingiuriose del 2020.<\/p>\n<p data-start=\"1093\" data-end=\"1259\"><strong data-start=\"1093\" data-end=\"1102\">SIENA<\/strong><br data-start=\"1102\" data-end=\"1105\" \/>Morte di David Rossi: la Commissione parlamentare parla di \u201cpista dell\u2019omicidio\u201d e afferma che Rossi sarebbe stato \u201ctenuto appeso fuori dalla finestra\u201d.<\/p>\n<p data-start=\"1261\" data-end=\"1424\"><strong data-start=\"1261\" data-end=\"1269\">BARI<\/strong><br data-start=\"1269\" data-end=\"1272\" \/>Non vuole riconoscere il figlio: lei gli spara alle gambe. Arresti domiciliari con braccialetto per una 26enne barese che \u201cvoleva vendicarsi dell\u2019ex\u201d.<\/p>\n<p data-start=\"1426\" data-end=\"1564\"><strong data-start=\"1426\" data-end=\"1438\">IL CAIRO<\/strong><br data-start=\"1438\" data-end=\"1441\" \/>Patrick Zaki diventa pap\u00e0 a quattro anni dalla liberazione: \u201cIl giorno che portava il peso del passato \u00e8 diventato luce\u201d.<\/p>\n<p data-start=\"1566\" data-end=\"1690\" data-is-last-node=\"\" data-is-only-node=\"\"><strong data-start=\"1566\" data-end=\"1575\">NARD\u00d2<\/strong><br data-start=\"1575\" data-end=\"1578\" \/>Tatiana, la 27enne che avrebbe inscenato la sua scomparsa, chiede scusa: \u201cAlla mia famiglia e a ogni cittadino\u201d.<\/p>\n<\/div>\n<\/div>\n<\/div>\n<\/div>\n<div class=\"z-0 flex min-h-[46px] justify-start\"><\/div>\n<\/div>\n<\/div>\n<\/article>\n<div class=\"pointer-events-none h-px w-px\" aria-hidden=\"true\" data-edge=\"true\"><\/div>\n<\/div>\n<\/div>\n<\/div>\n<\/div>\n<\/div>\n<\/div>\n<\/article>\n<\/div>\n<\/div>\n<\/div>\n<\/div>\n<article class=\"text-token-text-primary w-full focus:outline-none scroll-mt-[calc(var(--header-height)+min(200px,max(70px,20svh)))]\" dir=\"auto\" tabindex=\"-1\" data-testid=\"conversation-turn-72\" data-scroll-anchor=\"true\" data-turn=\"assistant\">\n<div class=\"text-base my-auto mx-auto pb-10 [--thread-content-margin:--spacing(4)] @[37rem]:[--thread-content-margin:--spacing(6)] @[72rem]:[--thread-content-margin:--spacing(16)] px-(--thread-content-margin)\">\n<div class=\"[--thread-content-max-width:32rem] @[34rem]:[--thread-content-max-width:40rem] @[64rem]:[--thread-content-max-width:48rem] mx-auto max-w-(--thread-content-max-width) flex-1 group\/turn-messages focus-visible:outline-hidden relative flex w-full min-w-0 flex-col agent-turn\" tabindex=\"-1\">\n<div class=\"flex max-w-full flex-col grow\">\n<div class=\"min-h-8 text-message relative flex w-full flex-col items-end gap-2 text-start break-words whitespace-normal [.text-message+&amp;]:mt-5\" dir=\"auto\" data-message-author-role=\"assistant\" data-message-id=\"6ad35c52-e3d0-4186-88d9-35bb4972681f\" data-message-model-slug=\"gpt-4o\">\n<div class=\"flex w-full flex-col gap-1 empty:hidden first:pt-[3px]\">\n<div class=\"markdown prose dark:prose-invert w-full break-words dark\">\n<article class=\"text-token-text-primary w-full\" dir=\"auto\" data-testid=\"conversation-turn-163\" data-scroll-anchor=\"true\">\n<div class=\"text-base my-auto mx-auto pb-10 [--thread-content-margin:--spacing(4)] @[37rem]:[--thread-content-margin:--spacing(6)] @[72rem]:[--thread-content-margin:--spacing(16)] px-(--thread-content-margin)\">\n<div class=\"[--thread-content-max-width:32rem] @[34rem]:[--thread-content-max-width:40rem] @[64rem]:[--thread-content-max-width:48rem] mx-auto flex max-w-(--thread-content-max-width) flex-1 text-base gap-4 md:gap-5 lg:gap-6 group\/turn-messages focus-visible:outline-hidden\" tabindex=\"-1\">\n<div class=\"group\/conversation-turn relative flex w-full min-w-0 flex-col agent-turn\">\n<div class=\"relative flex-col gap-1 md:gap-3\">\n<div class=\"flex max-w-full flex-col grow\">\n<div class=\"min-h-8 text-message relative flex w-full flex-col items-end gap-2 text-start break-words whitespace-normal [.text-message+&amp;]:mt-5\" dir=\"auto\" data-message-author-role=\"assistant\" data-message-id=\"efdea043-c36a-42e6-8e01-aec593793ec1\" data-message-model-slug=\"gpt-4o\">\n<div class=\"flex w-full flex-col gap-1 empty:hidden first:pt-[3px]\">\n<div class=\"markdown prose dark:prose-invert w-full break-words dark\">\n<article class=\"text-token-text-primary w-full focus:outline-none scroll-mt-[calc(var(--header-height)+min(200px,max(70px,20svh)))]\" dir=\"auto\" tabindex=\"-1\" data-testid=\"conversation-turn-162\" data-scroll-anchor=\"true\" data-turn=\"assistant\">\n<div class=\"text-base my-auto mx-auto pb-10 [--thread-content-margin:--spacing(4)] @[37rem]:[--thread-content-margin:--spacing(6)] @[72rem]:[--thread-content-margin:--spacing(16)] px-(--thread-content-margin)\">\n<div class=\"[--thread-content-max-width:32rem] @[34rem]:[--thread-content-max-width:40rem] @[64rem]:[--thread-content-max-width:48rem] mx-auto max-w-(--thread-content-max-width) flex-1 group\/turn-messages focus-visible:outline-hidden relative flex w-full min-w-0 flex-col agent-turn\" tabindex=\"-1\">\n<div class=\"flex max-w-full flex-col grow\">\n<div class=\"min-h-8 text-message relative flex w-full flex-col items-end gap-2 text-start break-words whitespace-normal [.text-message+&amp;]:mt-5\" dir=\"auto\" data-message-author-role=\"assistant\" data-message-id=\"842efa5e-0b6b-4c68-b1eb-9dd894bae6c3\" data-message-model-slug=\"gpt-4o\">\n<div class=\"flex w-full flex-col gap-1 empty:hidden first:pt-[3px]\">\n<div class=\"markdown prose dark:prose-invert w-full break-words dark\">\n<div class=\"flex basis-auto flex-col -mb-(--composer-overlap-px) [--composer-overlap-px:55px] grow overflow-hidden\">\n<div class=\"relative h-full\">\n<div class=\"flex h-full flex-col overflow-y-auto [scrollbar-gutter:stable_both-edges] @[84rem]\/thread:pt-(--header-height)\">\n<div class=\"@thread-xl\/thread:pt-header-height flex flex-col text-sm pb-25\">\n<article class=\"text-token-text-primary w-full focus:outline-none scroll-mt-[calc(var(--header-height)+min(200px,max(70px,20svh)))]\" dir=\"auto\" tabindex=\"-1\" data-testid=\"conversation-turn-18\" data-scroll-anchor=\"true\" data-turn=\"assistant\">\n<div class=\"text-base my-auto mx-auto pb-10 [--thread-content-margin:--spacing(4)] @[37rem]:[--thread-content-margin:--spacing(6)] @[72rem]:[--thread-content-margin:--spacing(16)] px-(--thread-content-margin)\">\n<div class=\"[--thread-content-max-width:32rem] @[34rem]:[--thread-content-max-width:40rem] @[64rem]:[--thread-content-max-width:48rem] mx-auto max-w-(--thread-content-max-width) flex-1 group\/turn-messages focus-visible:outline-hidden relative flex w-full min-w-0 flex-col agent-turn\" tabindex=\"-1\">\n<div class=\"flex max-w-full flex-col grow\">\n<div class=\"min-h-8 text-message relative flex w-full flex-col items-end gap-2 text-start break-words whitespace-normal [.text-message+&amp;]:mt-5\" dir=\"auto\" data-message-author-role=\"assistant\" data-message-id=\"10a6d749-a0ed-478c-a66e-5f27b47e163c\" data-message-model-slug=\"gpt-5\">\n<div class=\"flex w-full flex-col gap-1 empty:hidden first:pt-[3px]\">\n<div class=\"markdown prose dark:prose-invert w-full break-words dark\">\n<hr data-start=\"1055\" data-end=\"1058\" \/>\n<\/div>\n<\/div>\n<\/div>\n<\/div>\n<\/div>\n<\/div>\n<\/article>\n<\/div>\n<\/div>\n<\/div>\n<\/div>\n<div id=\"thread-bottom-container\" class=\"content-fade relative isolate z-10 w-full basis-auto has-data-has-thread-error:pt-2 has-data-has-thread-error:[box-shadow:var(--sharp-edge-bottom-shadow)] md:border-transparent md:pt-0 dark:border-white\/20 md:dark:border-transparent flex flex-col\">\n<div id=\"thread-bottom\">\n<div class=\"text-base mx-auto [--thread-content-margin:--spacing(4)] @[37rem]:[--thread-content-margin:--spacing(6)] @[72rem]:[--thread-content-margin:--spacing(16)] px-(--thread-content-margin)\">\n<div class=\"[--thread-content-max-width:32rem] @[34rem]:[--thread-content-max-width:40rem] @[64rem]:[--thread-content-max-width:48rem] mx-auto max-w-(--thread-content-max-width) flex-1\">\n<div class=\"max-xs:[--force-hide-label:none] relative z-1 flex h-full max-w-full flex-1 flex-col\">\n<form class=\"w-full [view-transition-name:var(--vt-composer)]\" data-type=\"unified-composer\">\n<div class=\"bg-token-bg-primary shadow-short flex w-full cursor-text flex-col items-center justify-center overflow-clip bg-clip-padding contain-inline-size dark:bg-[#303030] rounded-[28px]\">\n<div class=\"relative flex min-h-14 w-full items-end\">\n<div class=\"relative flex w-full flex-auto flex-col\">\n<div class=\"relative mx-5 flex min-h-14 flex-auto bg-transparent items-start\">\n<div class=\"_prosemirror-parent_276o5_2 text-token-text-primary max-h-[25dvh] max-h-52 flex-1 overflow-auto [scrollbar-width:thin] default-browser vertical-scroll-fade-mask\">\n<div id=\"prompt-textarea\" class=\"ProseMirror\" contenteditable=\"true\" translate=\"no\" data-virtualkeyboard=\"true\"><\/div>\n<\/div>\n<\/div>\n<\/div>\n<\/div>\n<\/div>\n<\/form>\n<\/div>\n<\/div>\n<\/div>\n<\/div>\n<\/div>\n<\/div>\n<\/div>\n<\/div>\n<\/div>\n<\/div>\n<\/div>\n<\/article>\n<\/div>\n<\/div>\n<\/div>\n<\/div>\n<\/div>\n<\/div>\n<\/div>\n<\/div>\n<\/article>\n<\/div>\n<\/div>\n<\/div>\n<\/div>\n<\/div>\n<\/div>\n<\/article>\n<article class=\"text-token-text-primary w-full focus:outline-none scroll-mt-[calc(var(--header-height)+min(200px,max(70px,20svh)))]\" dir=\"auto\" tabindex=\"-1\" data-testid=\"conversation-turn-72\" data-scroll-anchor=\"true\" data-turn=\"assistant\">\n<div class=\"text-base my-auto mx-auto pb-10 [--thread-content-margin:--spacing(4)] @[37rem]:[--thread-content-margin:--spacing(6)] @[72rem]:[--thread-content-margin:--spacing(16)] px-(--thread-content-margin)\">\n<div class=\"[--thread-content-max-width:32rem] @[34rem]:[--thread-content-max-width:40rem] @[64rem]:[--thread-content-max-width:48rem] mx-auto max-w-(--thread-content-max-width) flex-1 group\/turn-messages focus-visible:outline-hidden relative flex w-full min-w-0 flex-col agent-turn\" tabindex=\"-1\">\n<div class=\"flex max-w-full flex-col grow\">\n<div class=\"min-h-8 text-message relative flex w-full flex-col items-end gap-2 text-start break-words whitespace-normal [.text-message+&amp;]:mt-5\" dir=\"auto\" data-message-author-role=\"assistant\" data-message-id=\"6ad35c52-e3d0-4186-88d9-35bb4972681f\" data-message-model-slug=\"gpt-4o\">\n<div class=\"flex w-full flex-col gap-1 empty:hidden first:pt-[3px]\">\n<div class=\"markdown prose dark:prose-invert w-full break-words dark\">\n<article class=\"text-token-text-primary w-full\" dir=\"auto\" data-testid=\"conversation-turn-163\" data-scroll-anchor=\"true\">\n<div class=\"text-base my-auto mx-auto pb-10 [--thread-content-margin:--spacing(4)] @[37rem]:[--thread-content-margin:--spacing(6)] @[72rem]:[--thread-content-margin:--spacing(16)] px-(--thread-content-margin)\">\n<div class=\"[--thread-content-max-width:32rem] @[34rem]:[--thread-content-max-width:40rem] @[64rem]:[--thread-content-max-width:48rem] mx-auto flex max-w-(--thread-content-max-width) flex-1 text-base gap-4 md:gap-5 lg:gap-6 group\/turn-messages focus-visible:outline-hidden\" tabindex=\"-1\">\n<div class=\"group\/conversation-turn relative flex w-full min-w-0 flex-col agent-turn\">\n<div class=\"flex items-center justify-center\"><\/div>\n<\/div>\n<\/div>\n<\/div>\n<\/article>\n<\/div>\n<\/div>\n<\/div>\n<\/div>\n<\/div>\n<\/div>\n<\/article>\n<blockquote>\n<h2><span style=\"color: #ff0000;\"><strong><a class=\"dt-pswp-item\" href=\"https:\/\/www.radiopiu.net\/wordpress\/wp-content\/uploads\/2025\/02\/download-3.jpg\" data-dt-img-description=\"\" data-large_image_width=\"223\" data-large_image_height=\"226\"><img loading=\"lazy\" decoding=\"async\" class=\"size-full wp-image-434732 alignleft\" src=\"https:\/\/www.radiopiu.net\/wordpress\/wp-content\/uploads\/2025\/02\/download-3.jpg\" alt=\"\" width=\"223\" height=\"226\" \/><\/a><\/strong>RADIOPI\u00d9<\/span> \u2013 Dalle Dolomiti alla pianura, i fatti che segnano la Regione.<\/h2>\n<\/blockquote>\n<article class=\"text-token-text-primary w-full focus:outline-none scroll-mt-[calc(var(--header-height)+min(200px,max(70px,20svh)))]\" dir=\"auto\" tabindex=\"-1\" data-testid=\"conversation-turn-112\" data-scroll-anchor=\"true\" data-turn=\"assistant\">\n<div class=\"text-base my-auto mx-auto pb-10 [--thread-content-margin:--spacing(4)] @[37rem]:[--thread-content-margin:--spacing(6)] @[72rem]:[--thread-content-margin:--spacing(16)] px-(--thread-content-margin)\">\n<div class=\"[--thread-content-max-width:32rem] @[34rem]:[--thread-content-max-width:40rem] @[64rem]:[--thread-content-max-width:48rem] mx-auto max-w-(--thread-content-max-width) flex-1 group\/turn-messages focus-visible:outline-hidden relative flex w-full min-w-0 flex-col agent-turn\" tabindex=\"-1\">\n<div class=\"flex max-w-full flex-col grow\">\n<div class=\"min-h-8 text-message relative flex w-full flex-col items-end gap-2 text-start break-words whitespace-normal [.text-message+&amp;]:mt-5\" dir=\"auto\" data-message-author-role=\"assistant\" data-message-id=\"74820017-8765-4ccc-b0c7-da916c45f87f\" data-message-model-slug=\"gpt-5\">\n<div class=\"flex w-full flex-col gap-1 empty:hidden first:pt-[3px]\">\n<div class=\"markdown prose dark:prose-invert w-full break-words dark\">\n<div class=\"relative basis-auto flex-col -mb-(--composer-overlap-px) [--composer-overlap-px:28px] grow flex overflow-hidden\">\n<div class=\"relative h-full\">\n<div class=\"flex h-full flex-col overflow-y-auto thread-xl:pt-(--header-height) [scrollbar-gutter:stable_both-edges]\">\n<div class=\"flex flex-col text-sm thread-xl:pt-header-height pb-25\">\n<article class=\"text-token-text-primary w-full focus:outline-none [--shadow-height:45px] has-data-writing-block:pointer-events-none has-data-writing-block:-mt-(--shadow-height) has-data-writing-block:pt-(--shadow-height) [&amp;:has([data-writing-block])&gt;*]:pointer-events-auto [content-visibility:auto] supports-[content-visibility:auto]:[contain-intrinsic-size:auto_100lvh] scroll-mt-[calc(var(--header-height)+min(200px,max(70px,20svh)))]\" dir=\"auto\" tabindex=\"-1\" data-turn-id=\"request-WEB:f8ffeb3c-baa0-48e0-8b17-3970ffbe6842-60\" data-testid=\"conversation-turn-122\" data-scroll-anchor=\"true\" data-turn=\"assistant\">\n<div class=\"text-base my-auto mx-auto pb-10 [--thread-content-margin:--spacing(4)] thread-sm:[--thread-content-margin:--spacing(6)] thread-lg:[--thread-content-margin:--spacing(16)] px-(--thread-content-margin)\">\n<div class=\"[--thread-content-max-width:40rem] thread-lg:[--thread-content-max-width:48rem] mx-auto max-w-(--thread-content-max-width) flex-1 group\/turn-messages focus-visible:outline-hidden relative flex w-full min-w-0 flex-col agent-turn\" tabindex=\"-1\">\n<div class=\"flex max-w-full flex-col grow\">\n<div class=\"min-h-8 text-message relative flex w-full flex-col items-end gap-2 text-start break-words whitespace-normal [.text-message+&amp;]:mt-1\" dir=\"auto\" data-message-author-role=\"assistant\" data-message-id=\"50092257-b8bc-4924-9476-23af7a5e8ef1\" data-message-model-slug=\"gpt-5-1\">\n<div class=\"flex w-full flex-col gap-1 empty:hidden first:pt-[1px]\">\n<article class=\"text-token-text-primary w-full focus:outline-none [--shadow-height:45px] has-data-writing-block:pointer-events-none has-data-writing-block:-mt-(--shadow-height) has-data-writing-block:pt-(--shadow-height) [&amp;:has([data-writing-block])&gt;*]:pointer-events-auto [content-visibility:auto] supports-[content-visibility:auto]:[contain-intrinsic-size:auto_100lvh] scroll-mt-[calc(var(--header-height)+min(200px,max(70px,20svh)))]\" dir=\"auto\" tabindex=\"-1\" data-turn-id=\"bcd57aae-c267-4c0d-931b-2471e6d3993b\" data-testid=\"conversation-turn-166\" data-scroll-anchor=\"true\" data-turn=\"assistant\">\n<div class=\"text-base my-auto mx-auto pb-10 [--thread-content-margin:--spacing(4)] thread-sm:[--thread-content-margin:--spacing(6)] thread-lg:[--thread-content-margin:--spacing(16)] px-(--thread-content-margin)\">\n<div class=\"[--thread-content-max-width:40rem] thread-lg:[--thread-content-max-width:48rem] mx-auto max-w-(--thread-content-max-width) flex-1 group\/turn-messages focus-visible:outline-hidden relative flex w-full min-w-0 flex-col agent-turn\" tabindex=\"-1\">\n<div class=\"flex max-w-full flex-col grow\">\n<div class=\"min-h-8 text-message relative flex w-full flex-col items-end gap-2 text-start break-words whitespace-normal [.text-message+&amp;]:mt-1\" dir=\"auto\" data-message-author-role=\"assistant\" data-message-id=\"d52fa3c3-3b59-47cd-897c-029ad206cdab\" data-message-model-slug=\"gpt-5-1\">\n<div class=\"flex w-full flex-col gap-1 empty:hidden first:pt-[1px]\">\n<div class=\"markdown prose dark:prose-invert w-full break-words dark markdown-new-styling\">\n<p data-start=\"0\" data-end=\"145\"><strong data-start=\"0\" data-end=\"10\">VERONA<\/strong><br data-start=\"10\" data-end=\"13\" \/>Ex pazienti operati alle corde vocali all\u2019Uoc tornano a cantare per Natale: \u201cGiornata speciale, emozionante\u201d, afferma il primario.<\/p>\n<p data-start=\"147\" data-end=\"311\"><strong data-start=\"147\" data-end=\"166\">NEGRAR (VERONA)<\/strong><br data-start=\"166\" data-end=\"169\" \/>Tre pazienti operati con il nuovo robot tattile che restituisce sensibilit\u00e0 al chirurgo, innovazione destinata a cambiare la microchirurgia.<\/p>\n<p data-start=\"313\" data-end=\"435\"><strong data-start=\"313\" data-end=\"323\">VENETO<\/strong><br data-start=\"323\" data-end=\"326\" \/>Agenas: tre ospedali tra i 15 migliori d\u2019Italia, con 16 strutture che eccellono nell\u2019ambito osteomuscolare.<\/p>\n<p data-start=\"437\" data-end=\"520\"><strong data-start=\"437\" data-end=\"447\">VENETO<\/strong><br data-start=\"447\" data-end=\"450\" \/>Carabinieri Tpc restituiscono reperti al Museo nazionale del Veneto.<\/p>\n<p data-start=\"522\" data-end=\"670\"><strong data-start=\"522\" data-end=\"533\">TREVISO<\/strong><br data-start=\"533\" data-end=\"536\" \/>Stop a festa abusiva: la Guardia di finanza sanziona gli organizzatori, identificati 134 giovani; multe anche per alcolici a minori.<\/p>\n<p data-start=\"672\" data-end=\"808\"><strong data-start=\"672\" data-end=\"682\">VERONA<\/strong><br data-start=\"682\" data-end=\"685\" \/>Nuovo hub per la manutenzione delle locomotive: Siemens Mobility e Railpool potenziano la logistica ferroviaria italiana.<\/p>\n<p data-start=\"810\" data-end=\"930\"><strong data-start=\"810\" data-end=\"820\">PADOVA<\/strong><br data-start=\"820\" data-end=\"823\" \/>Istituito il Consiglio comunale delle Bambine e Bambini, Ragazze e Ragazzi: eletti sindaco e vicesindaca.<\/p>\n<p data-start=\"932\" data-end=\"1071\"><strong data-start=\"932\" data-end=\"943\">VENEZIA<\/strong><br data-start=\"943\" data-end=\"946\" \/>Inaugurato l\u2019ampliamento del Parco San Giuliano a Mestre con nuovi percorsi e una \u201cspiaggia urbana\u201d affacciata sulle isole.<\/p>\n<p data-start=\"1073\" data-end=\"1204\"><strong data-start=\"1073\" data-end=\"1084\">VENEZIA<\/strong><br data-start=\"1084\" data-end=\"1087\" \/>Natale di Emergency alla Giudecca: regali solidali disponibili anche online, incluso il panettone \u201cFatto per bene\u201d.<\/p>\n<p data-start=\"1206\" data-end=\"1360\"><strong data-start=\"1206\" data-end=\"1216\">VENETO<\/strong><br data-start=\"1216\" data-end=\"1219\" \/>Giovani veneti abusano del cellulare, soprattutto sui social: per molti fare l\u2019influencer \u00e8 considerato un lavoro, rileva un sondaggio Uil.<\/p>\n<p data-start=\"1362\" data-end=\"1476\"><strong data-start=\"1362\" data-end=\"1373\">VICENZA<\/strong><br data-start=\"1373\" data-end=\"1376\" \/>Animalista prosciolto in appello per prescrizione dopo gli insulti a Roberto Baggio per la caccia.<\/p>\n<\/div>\n<\/div>\n<\/div>\n<\/div>\n<\/div>\n<\/div>\n<\/article>\n<\/div>\n<\/div>\n<\/div>\n<\/div>\n<\/div>\n<\/article>\n<\/div>\n<\/div>\n<\/div>\n<\/div>\n<\/div>\n<\/div>\n<\/div>\n<\/div>\n<\/div>\n<\/div>\n<\/article>\n<h1><span style=\"color: #ff0000;\"><span style=\"color: #0000ff;\">ULTIM&#8217;ORA<\/span> <span style=\"color: #000000;\">AUDIO dalle sette del mattino, ogni ora alla radio EDIZIONE DELLE SETTE<\/span><\/span><\/h1>\n<audio class=\"wp-audio-shortcode\" id=\"audio-485104-5\" preload=\"none\" style=\"width: 100%;\" controls=\"controls\"><source type=\"audio\/mpeg\" src=\"https:\/\/www.radiopiu.net\/wordpress\/wp-content\/uploads\/2025\/12\/giornale07-9.mp3?_=5\" \/><a href=\"https:\/\/www.radiopiu.net\/wordpress\/wp-content\/uploads\/2025\/12\/giornale07-9.mp3\">https:\/\/www.radiopiu.net\/wordpress\/wp-content\/uploads\/2025\/12\/giornale07-9.mp3<\/a><\/audio>\n<p>&nbsp;<\/p>\n<p>&nbsp;<\/p>\n<p>&nbsp;<\/p>\n<hr \/>\n<p>&nbsp;<\/p>\n<h1><span style=\"color: #ff0000;\"><a class=\"dt-pswp-item\" href=\"https:\/\/www.radiopiu.net\/wordpress\/wp-content\/uploads\/2024\/11\/8.jpg\" data-dt-img-description=\"\" data-large_image_width=\"180\" data-large_image_height=\"180\"><img loading=\"lazy\" decoding=\"async\" class=\"size-full wp-image-417910 alignleft\" src=\"https:\/\/www.radiopiu.net\/wordpress\/wp-content\/uploads\/2024\/11\/8.jpg\" alt=\"\" width=\"180\" height=\"180\" srcset=\"https:\/\/www.radiopiu.net\/wordpress\/wp-content\/uploads\/2024\/11\/8.jpg 180w, https:\/\/www.radiopiu.net\/wordpress\/wp-content\/uploads\/2024\/11\/8-150x150.jpg 150w\" sizes=\"auto, (max-width: 180px) 100vw, 180px\" \/><\/a>I podcast informativi del mattino &#8211; video &#8211;\u00a0<\/span><\/h1>\n<h2 style=\"text-align: left;\"><strong>RASSEGNA STAMPA LOCALE, ORE OTTO<\/strong><\/h2>\n<h2><strong> <span style=\"color: #0000ff;\">viene\u00a0 <\/span><\/strong><strong><span style=\"color: #0000ff;\">pubblicata alle 8.05 <span style=\"color: #ff0000;\">DIRETTA RADIO\u00a0 \u00a0<\/span><\/span><\/strong><strong>DI MIRKO MEZZACASA<\/strong><\/h2>\n<h1><span style=\"color: #ff0000;\"><strong>VIDEO\u00a0 \u00a0in diretta AGGIORNAMENTO\u00a0 dalle 8 del mattino\u00a0 \u00a0<\/strong><\/span><\/h1>\n<p>&nbsp;<\/p>\n\n\t\t\t<style type='text\/css'>\n\t\t\t\t#gallery-1 {\n\t\t\t\t\tmargin: auto;\n\t\t\t\t}\n\t\t\t\t#gallery-1 .gallery-item {\n\t\t\t\t\tfloat: left;\n\t\t\t\t\tmargin-top: 10px;\n\t\t\t\t\ttext-align: center;\n\t\t\t\t\twidth: 33%;\n\t\t\t\t}\n\t\t\t\t#gallery-1 img {\n\t\t\t\t\tborder: 2px solid #cfcfcf;\n\t\t\t\t}\n\t\t\t\t#gallery-1 .gallery-caption {\n\t\t\t\t\tmargin-left: 0;\n\t\t\t\t}\n\t\t\t\t\/* see gallery_shortcode() in wp-includes\/media.php *\/\n\t\t\t<\/style>\n\t\t<div id='gallery-1' class='dt-gallery-container gallery galleryid-485104 gallery-columns-3 gallery-size-medium'><dl class='gallery-item'>\n\t\t\t\t<dt class='gallery-icon landscape'>\n\t\t\t\t\t<a class=\"rollover rollover-zoom dt-pswp-item\" title=\"Screenshot 2025-12-11 052419\" data-dt-img-description=\"\" data-large_image_width=\"473\" data-large_image_height=\"314\"href='https:\/\/www.radiopiu.net\/wordpress\/wp-content\/uploads\/2025\/12\/Screenshot-2025-12-11-052419.png'><img loading=\"lazy\" decoding=\"async\" width=\"300\" height=\"199\" src=\"https:\/\/www.radiopiu.net\/wordpress\/wp-content\/uploads\/2025\/12\/Screenshot-2025-12-11-052419-300x199.png\" class=\"attachment-medium size-medium\" alt=\"\" srcset=\"https:\/\/www.radiopiu.net\/wordpress\/wp-content\/uploads\/2025\/12\/Screenshot-2025-12-11-052419-300x199.png 300w, https:\/\/www.radiopiu.net\/wordpress\/wp-content\/uploads\/2025\/12\/Screenshot-2025-12-11-052419.png 473w\" sizes=\"auto, (max-width: 300px) 100vw, 300px\" \/><\/a>\n\t\t\t\t<\/dt><\/dl><dl class='gallery-item'>\n\t\t\t\t<dt class='gallery-icon landscape'>\n\t\t\t\t\t<a class=\"rollover rollover-zoom dt-pswp-item\" title=\"Screenshot 2025-12-11 052408\" data-dt-img-description=\"\" data-large_image_width=\"665\" data-large_image_height=\"302\"href='https:\/\/www.radiopiu.net\/wordpress\/wp-content\/uploads\/2025\/12\/Screenshot-2025-12-11-052408.png'><img loading=\"lazy\" decoding=\"async\" width=\"300\" height=\"136\" src=\"https:\/\/www.radiopiu.net\/wordpress\/wp-content\/uploads\/2025\/12\/Screenshot-2025-12-11-052408-300x136.png\" class=\"attachment-medium size-medium\" alt=\"\" srcset=\"https:\/\/www.radiopiu.net\/wordpress\/wp-content\/uploads\/2025\/12\/Screenshot-2025-12-11-052408-300x136.png 300w, https:\/\/www.radiopiu.net\/wordpress\/wp-content\/uploads\/2025\/12\/Screenshot-2025-12-11-052408.png 665w\" sizes=\"auto, (max-width: 300px) 100vw, 300px\" \/><\/a>\n\t\t\t\t<\/dt><\/dl><dl class='gallery-item'>\n\t\t\t\t<dt class='gallery-icon landscape'>\n\t\t\t\t\t<a class=\"rollover rollover-zoom dt-pswp-item\" title=\"Screenshot 2025-12-11 052431\" data-dt-img-description=\"\" data-large_image_width=\"665\" data-large_image_height=\"353\"href='https:\/\/www.radiopiu.net\/wordpress\/wp-content\/uploads\/2025\/12\/Screenshot-2025-12-11-052431.png'><img loading=\"lazy\" decoding=\"async\" width=\"300\" height=\"159\" src=\"https:\/\/www.radiopiu.net\/wordpress\/wp-content\/uploads\/2025\/12\/Screenshot-2025-12-11-052431-300x159.png\" class=\"attachment-medium size-medium\" alt=\"\" srcset=\"https:\/\/www.radiopiu.net\/wordpress\/wp-content\/uploads\/2025\/12\/Screenshot-2025-12-11-052431-300x159.png 300w, https:\/\/www.radiopiu.net\/wordpress\/wp-content\/uploads\/2025\/12\/Screenshot-2025-12-11-052431.png 665w\" sizes=\"auto, (max-width: 300px) 100vw, 300px\" \/><\/a>\n\t\t\t\t<\/dt><\/dl><br style=\"clear: both\" \/>\n\t\t\t<\/div>\n\n<p><iframe loading=\"lazy\" title=\"DAL 1983 LA RASSEGNA STAMPA LOCALE di mirko mezzacasa. L&#039;ORIGINALE\" width=\"1200\" height=\"675\" src=\"https:\/\/www.youtube.com\/embed\/FJTF73PV45Y?feature=oembed\" frameborder=\"0\" allow=\"accelerometer; autoplay; clipboard-write; encrypted-media; gyroscope; picture-in-picture; web-share\" referrerpolicy=\"strict-origin-when-cross-origin\" allowfullscreen><\/iframe><\/p>\n<hr \/>\n<p>&nbsp;<\/p>\n<p><strong class=\"photoswipe-wrapper\"><a class=\"dt-pswp-item pspw-wrap-ready\" href=\"https:\/\/www.radiopiu.net\/wordpress\/wp-content\/uploads\/2024\/11\/th-17.jpg\" data-dt-img-description=\"\" data-large_image_width=\"224\" data-large_image_height=\"180\"><img loading=\"lazy\" decoding=\"async\" class=\" wp-image-421610 alignleft\" src=\"https:\/\/www.radiopiu.net\/wordpress\/wp-content\/uploads\/2024\/11\/th-17.jpg\" alt=\"\" width=\"167\" height=\"134\" \/><\/a>ogni sera alle 19 le anticipazioni alla radio, quello che poi seguirete nel TELEGIORNALE BELLUNESE\u00a0 in onda alle 19.30 sul CANALE 10 del digitale terrestre.\u00a0\u00a0<\/strong><\/p>\n<p><b>\u00a0<\/b><\/p>\n<p>&nbsp;<\/p>\n<p>&nbsp;<\/p>\n<blockquote>\n<h2>ANTICIPAZIONI, DI tiziana bolognani<\/h2>\n<audio class=\"wp-audio-shortcode\" id=\"audio-485104-6\" preload=\"none\" style=\"width: 100%;\" controls=\"controls\"><source type=\"audio\/mpeg\" src=\"https:\/\/www.radiopiu.net\/wordpress\/wp-content\/uploads\/2025\/12\/ANTENNA3-5.mp3?_=6\" \/><a href=\"https:\/\/www.radiopiu.net\/wordpress\/wp-content\/uploads\/2025\/12\/ANTENNA3-5.mp3\">https:\/\/www.radiopiu.net\/wordpress\/wp-content\/uploads\/2025\/12\/ANTENNA3-5.mp3<\/a><\/audio><\/blockquote>\n<h3><\/h3>\n<p>&nbsp;<\/p>\n<p>&nbsp;<\/p>\n<hr \/>\n<p>&nbsp;<\/p>\n<blockquote>\n<h3>DOMANI SCIOPERO DEI TRASPORTI PUBBLICI<\/h3>\n<\/blockquote>\n<p><strong><a class=\"dt-pswp-item\" href=\"https:\/\/www.radiopiu.net\/wordpress\/wp-content\/uploads\/2025\/11\/DolomitiBus_02-300x127-1.png\" data-dt-img-description=\"\" data-large_image_width=\"300\" data-large_image_height=\"127\"><img loading=\"lazy\" decoding=\"async\" class=\" wp-image-479209 alignleft\" src=\"https:\/\/www.radiopiu.net\/wordpress\/wp-content\/uploads\/2025\/11\/DolomitiBus_02-300x127-1.png\" alt=\"\" width=\"165\" height=\"70\" \/><\/a>BELLUNO<\/strong> Domani si terr\u00e0 uno sciopero nazionale generale di 24 ore indetto dalla CGIL. Dolomiti Bus S.p.A. comunica la propria adesione, informando che, secondo l\u2019accordo aziendale sulle prestazioni minime, saranno garantite due fasce orarie di servizio: dalle 5:40 alle 8:10 e dalle 12:10 alle 15:40. Le corse che partiranno prima dell\u2019inizio dello sciopero verranno svolte regolarmente e, una volta avviate, proseguiranno fino al capolinea. Il servizio torner\u00e0 pienamente operativo dal giorno successivo.<\/p>\n<p>&nbsp;<\/p>\n<hr \/>\n<p>&nbsp;<\/p>\n<blockquote>\n<h3>ADDIO A LINO SIEF, STORICA FIGURA DEL ROTARY E DEL CORPO FORESTALE<\/h3>\n<\/blockquote>\n<p><b><a class=\"dt-pswp-item\" href=\"https:\/\/www.radiopiu.net\/wordpress\/wp-content\/uploads\/2025\/12\/LINO_SIEF.jpg\" data-dt-img-description=\"\" data-large_image_width=\"1200\" data-large_image_height=\"1517\"><img loading=\"lazy\" decoding=\"async\" class=\" wp-image-485174 alignleft\" src=\"https:\/\/www.radiopiu.net\/wordpress\/wp-content\/uploads\/2025\/12\/LINO_SIEF-237x300.jpg\" alt=\"\" width=\"128\" height=\"162\" srcset=\"https:\/\/www.radiopiu.net\/wordpress\/wp-content\/uploads\/2025\/12\/LINO_SIEF-237x300.jpg 237w, https:\/\/www.radiopiu.net\/wordpress\/wp-content\/uploads\/2025\/12\/LINO_SIEF-810x1024.jpg 810w, https:\/\/www.radiopiu.net\/wordpress\/wp-content\/uploads\/2025\/12\/LINO_SIEF-768x971.jpg 768w, https:\/\/www.radiopiu.net\/wordpress\/wp-content\/uploads\/2025\/12\/LINO_SIEF.jpg 1200w\" sizes=\"auto, (max-width: 128px) 100vw, 128px\" \/><\/a>BELLUNO<\/b> Profonda commozione a Belluno per la scomparsa di Lino Sief, 91 anni, figura di spicco del Rotary Club e del settore forestale. Nato a Colle Santa Lucia nel 1934, era entrato nel Rotary nel 1978 e ne aveva assunto la presidenza nel 1988-1989, distinguendosi per dedizione e senso del servizio. Laureato in Scienze Forestali a Firenze, aveva svolto un\u2019intera carriera nell\u2019Amministrazione Pubblica e nel Corpo Forestale dello Stato, diventando ispettore generale e dirigendo l\u2019Ispettorato Dipartimentale delle Foreste e l\u2019Amministrazione delle Foreste Demaniali. Fu anche presidente dell\u2019Ordine dei Dottori Agronomi e Forestali e membro dell\u2019Accademia Italiana di Scienze Forestali. Attivo nella comunit\u00e0, sostenne a lungo la scuola materna e l\u2019asilo San Biagio. Lascia la moglie, i figli e i nipoti. I funerali si terranno il 12 dicembre nella chiesa di Santo Stefano a Belluno.<\/p>\n<p>&nbsp;<\/p>\n<p>&nbsp;<\/p>\n<p>&nbsp;<\/p>\n<hr \/>\n<p>&nbsp;<\/p>\n<blockquote>\n<p data-start=\"0\" data-end=\"53\"><strong data-start=\"0\" data-end=\"53\"><a class=\"dt-pswp-item\" href=\"https:\/\/www.radiopiu.net\/wordpress\/wp-content\/uploads\/2025\/12\/Screenshot-2025-12-11-050811.png\" data-dt-img-description=\"\" data-large_image_width=\"622\" data-large_image_height=\"505\"><img loading=\"lazy\" decoding=\"async\" class=\" wp-image-485304 alignleft\" src=\"https:\/\/www.radiopiu.net\/wordpress\/wp-content\/uploads\/2025\/12\/Screenshot-2025-12-11-050811-300x244.png\" alt=\"\" width=\"183\" height=\"149\" srcset=\"https:\/\/www.radiopiu.net\/wordpress\/wp-content\/uploads\/2025\/12\/Screenshot-2025-12-11-050811-300x244.png 300w, https:\/\/www.radiopiu.net\/wordpress\/wp-content\/uploads\/2025\/12\/Screenshot-2025-12-11-050811.png 622w\" sizes=\"auto, (max-width: 183px) 100vw, 183px\" \/><\/a>LONGARONE SI STRINGE PER L\u2019ADDIO A ELISA DE PARIS<\/strong><\/p>\n<\/blockquote>\n<p data-start=\"55\" data-end=\"446\"><strong>LONGARONE<\/strong> Dolore profondo ieri nella chiesa di Longarone per l\u2019ultimo saluto a <strong data-start=\"124\" data-end=\"142\">Elisa De Paris<\/strong>, 33 anni, madre di Erik e Samuel, morta nello schianto sulla 51. Tanti bambini, con un fiore in mano, hanno accompagnato i due piccoli in un clima di commozione che ha abbracciato l\u2019intero paese. Presenti il compagno Damir, la famiglia, i colleghi del Bar Bianco e l\u2019Associazione Volontari del Sangue. La messa, intensa e carica di emozione, \u00e8 stata celebrata da don Fabiano, che ha ricordato Elisa come un \u201cpugno nello stomaco e insieme un bene che non ha bisogno di molte parole\u201d. Numerosi i riferimenti alla canzone dei Nomadi citata nell\u2019epigrafe &#8220;canzone per un&#8217;amica&#8221; e, alla fragilit\u00e0 della vita. Sul sagrato, un lungo abbraccio collettivo ha accompagnato la famiglia, mentre l\u2019intero paese si \u00e8 stretto attorno a Elisa per l\u2019ultimo saluto.<\/p>\n<p>&nbsp;<\/p>\n<p>&nbsp;<\/p>\n<hr \/>\n<p>&nbsp;<\/p>\n<div class=\"page-title-head hgroup\">\n<blockquote>\n<h3 class=\"entry-title\">INTERVENTI SUEM 118: DUE SOCCORSI TRA FALCADE E CENCENIGHE<\/h3>\n<\/blockquote>\n<p><strong><a class=\"dt-pswp-item\" href=\"https:\/\/www.radiopiu.net\/wordpress\/wp-content\/uploads\/2025\/12\/download-9.jpg\" data-dt-img-description=\"\" data-large_image_width=\"304\" data-large_image_height=\"166\"><img loading=\"lazy\" decoding=\"async\" class=\" wp-image-485170 alignleft\" src=\"https:\/\/www.radiopiu.net\/wordpress\/wp-content\/uploads\/2025\/12\/download-9-300x164.jpg\" alt=\"\" width=\"159\" height=\"87\" srcset=\"https:\/\/www.radiopiu.net\/wordpress\/wp-content\/uploads\/2025\/12\/download-9-300x164.jpg 300w, https:\/\/www.radiopiu.net\/wordpress\/wp-content\/uploads\/2025\/12\/download-9.jpg 304w\" sizes=\"auto, (max-width: 159px) 100vw, 159px\" \/><\/a>REDAZIONE<\/strong>\u00a0Ieri la Centrale Operativa SUEM 118 dell\u2019Azienda ULSS 1 Dolomiti ha gestito due interventi rilevanti nel territorio agordino, entrambi classificati con codice di gravit\u00e0 2. Il primo episodio si \u00e8 verificato alle 10.02 a Falcade, dove un 25enne di Padova \u00e8 rimasto ferito in un trauma da sci in pista. Considerata la dinamica e le condizioni del giovane, \u00e8 stato attivato l\u2019elicottero Falco 1, che ha provveduto al trasporto in sicurezza verso l\u2019ospedale di Treviso, centro di riferimento per i traumi pi\u00f9 complessi. Alle 09.31 a Cencenighe (zona Kanguro) , invece, \u00e8 stato richiesto l\u2019intervento dei sanitari per un incidente stradale che ha coinvolto un 81enne residente a Rocca Pietore. Anche in questo caso il quadro clinico \u00e8 stato valutato come di media gravit\u00e0. L\u2019uomo \u00e8 stato stabilizzato a bordo dell\u2019ambulanza e trasferito al pronto soccorso per gli accertamenti<\/p>\n<p>&nbsp;<\/p>\n<p>&nbsp;<\/p>\n<hr \/>\n<p>&nbsp;<\/p>\n<blockquote>\n<h3>INCENDIO DI UNA CANNA FUMARIA A DIGONERA<\/h3>\n<\/blockquote>\n<p><strong><a class=\"dt-pswp-item\" href=\"https:\/\/www.radiopiu.net\/wordpress\/wp-content\/uploads\/2025\/12\/VIGILI-FUOCO-CAPRILE.jpg\" data-dt-img-description=\"\" data-large_image_width=\"717\" data-large_image_height=\"540\"><img loading=\"lazy\" decoding=\"async\" class=\" wp-image-485252 alignleft\" src=\"https:\/\/www.radiopiu.net\/wordpress\/wp-content\/uploads\/2025\/12\/VIGILI-FUOCO-CAPRILE-300x226.jpg\" alt=\"\" width=\"174\" height=\"131\" srcset=\"https:\/\/www.radiopiu.net\/wordpress\/wp-content\/uploads\/2025\/12\/VIGILI-FUOCO-CAPRILE-300x226.jpg 300w, https:\/\/www.radiopiu.net\/wordpress\/wp-content\/uploads\/2025\/12\/VIGILI-FUOCO-CAPRILE.jpg 717w\" sizes=\"auto, (max-width: 174px) 100vw, 174px\" \/><\/a>ROCCA PIETORE <\/strong>I pompieri volontari di Caprile sono intervenuti a Digonera, nel comune di Rocca Pietore, per un incendio a una canna fumaria. All\u2019operazione hanno partecipato anche i permanenti di Agordo, garantendo un rapido e sicuro spegnimento. Il comando ricorda l\u2019importanza di una pulizia annuale delle canne fumarie, misura preventiva fondamentale per evitare danni agli edifici. Un controllo accurato dei camini riduce significativamente il rischio che un piccolo incendio si trasformi in un incendio incontrollato del sottotetto, soprattutto nelle abitazioni pi\u00f9 datate. La manutenzione regolare dei camini \u00e8 quindi essenziale per la sicurezza domestica e la protezione dei residenti.<\/p>\n<p>&nbsp;<\/p>\n<p>&nbsp;<\/p>\n<article class=\"text-token-text-primary w-full focus:outline-none [--shadow-height:45px] has-data-writing-block:pointer-events-none has-data-writing-block:-mt-(--shadow-height) has-data-writing-block:pt-(--shadow-height) [&amp;:has([data-writing-block])&gt;*]:pointer-events-auto scroll-mt-[calc(var(--header-height)+min(200px,max(70px,20svh)))]\" dir=\"auto\" tabindex=\"-1\" data-turn-id=\"request-WEB:1ff651a3-0fd5-4e9f-b70b-fbd1cd577f82-22\" data-testid=\"conversation-turn-44\" data-scroll-anchor=\"true\" data-turn=\"assistant\">\n<div class=\"text-base my-auto mx-auto pb-10 [--thread-content-margin:--spacing(4)] thread-sm:[--thread-content-margin:--spacing(6)] thread-lg:[--thread-content-margin:--spacing(16)] px-(--thread-content-margin)\">\n<div class=\"[--thread-content-max-width:40rem] thread-lg:[--thread-content-max-width:48rem] mx-auto max-w-(--thread-content-max-width) flex-1 group\/turn-messages focus-visible:outline-hidden relative flex w-full min-w-0 flex-col agent-turn\" tabindex=\"-1\">\n<div class=\"flex max-w-full flex-col grow\">\n<div class=\"min-h-8 text-message relative flex w-full flex-col items-end gap-2 text-start break-words whitespace-normal [.text-message+&amp;]:mt-1\" dir=\"auto\" data-message-author-role=\"assistant\" data-message-id=\"655cf56f-8f3c-4551-8f2e-476525af49ee\" data-message-model-slug=\"gpt-5-1\">\n<div class=\"flex w-full flex-col gap-1 empty:hidden first:pt-[1px]\">\n<div class=\"markdown prose dark:prose-invert w-full break-words dark markdown-new-styling\">\n<blockquote>\n<p data-start=\"0\" data-end=\"85\" data-is-last-node=\"\" data-is-only-node=\"\"><strong data-start=\"0\" data-end=\"85\" data-is-last-node=\"\" data-is-only-node=\"\"><a class=\"dt-pswp-item\" href=\"https:\/\/www.radiopiu.net\/wordpress\/wp-content\/uploads\/2024\/04\/th-13.jpg\" data-dt-img-description=\"\" data-large_image_width=\"270\" data-large_image_height=\"180\"><img loading=\"lazy\" decoding=\"async\" class=\"wp-image-387688 alignleft\" src=\"https:\/\/www.radiopiu.net\/wordpress\/wp-content\/uploads\/2024\/04\/th-13.jpg\" alt=\"\" width=\"209\" height=\"139\" \/><\/a>INCENDIO ALLE ONORANZE FUNEBRI FRIZ: VIGILI DEL FUOCO IN AZIONE E DANNI CONTENUTI<\/strong><\/p>\n<\/blockquote>\n<\/div>\n<\/div>\n<\/div>\n<\/div>\n<div class=\"z-0 flex min-h-[46px] justify-start\">Vigili del fuoco di Feltre e volontari del Basso Feltrino in azione ieri pomeriggio per un incendio alle onoranze funebri Mauro Friz, a Ciano del Montello. Il rogo \u00e8 partito da bancali in legno all\u2019esterno del deposito delle bare, poi messo in sicurezza. Sette i mezzi intervenuti da Montebelluna, Feltre e Setteville, con fiamme estese anche al tetto ventilato. Il titolare, Mauro Friz, ha salvato una ventina di cofani spostandoli in tempo. Danni contenuti, ma cause ancora da chiarire: escluso il corto circuito. Sul posto anche i carabinieri.<\/div>\n<div class=\"mt-3 w-full empty:hidden\">\n<div class=\"text-center\"><\/div>\n<\/div>\n<\/div>\n<\/div>\n<\/article>\n<p>&nbsp;<\/p>\n<p>&nbsp;<\/p>\n<hr \/>\n<p>&nbsp;<\/p>\n<blockquote>\n<h3><a class=\"dt-pswp-item\" href=\"https:\/\/www.radiopiu.net\/wordpress\/wp-content\/uploads\/2023\/08\/suem.png\" data-dt-img-description=\"\" data-large_image_width=\"273\" data-large_image_height=\"127\"><img loading=\"lazy\" decoding=\"async\" class=\" wp-image-348238 alignleft\" src=\"https:\/\/www.radiopiu.net\/wordpress\/wp-content\/uploads\/2023\/08\/suem.png\" alt=\"\" width=\"191\" height=\"89\" \/><\/a>INCIDENTE SUL LAVORO A FELTRE<\/h3>\n<\/blockquote>\n<p><strong>REDAZIONE<\/strong> Intervento del Suem 118 nel pomeriggio di ieri a Feltre. La chiamata alla centrale operativa in seguito ad un infortunio sul lavoro dove \u00e8 rimasto ferito un 57enne feltrino che \u00e8 stato portato in ambulanza al Santa Maria Del Prato con ferite lievi.<\/p>\n<p>&nbsp;<\/p>\n<p>&nbsp;<\/p>\n<hr \/>\n<p>&nbsp;<\/p>\n<p><strong>OGGI LA\u00a0 GIUDIZIARIA<\/strong><br \/>\n<strong>DAL CORRIERE DELLE ALPI_ SINTESI<\/strong><br \/>\n<strong>GIGI SOSSO<\/strong><\/p>\n<p>&nbsp;<\/p>\n<blockquote>\n<p data-start=\"0\" data-end=\"72\"><strong data-start=\"0\" data-end=\"72\">EX RESPONSABILE ALPINO CONDANNATO PER NOVE ANNI DI UTENZE NON PAGATE<\/strong><\/p>\n<\/blockquote>\n<p data-start=\"74\" data-end=\"457\"><strong><a class=\"dt-pswp-item\" href=\"https:\/\/www.radiopiu.net\/wordpress\/wp-content\/uploads\/2025\/12\/72f608e0-d772-4f00-9ad9-ac0b165fc1dc.png\" data-dt-img-description=\"\" data-large_image_width=\"1024\" data-large_image_height=\"1536\"><img loading=\"lazy\" decoding=\"async\" class=\"size-medium wp-image-485311 alignleft\" src=\"https:\/\/www.radiopiu.net\/wordpress\/wp-content\/uploads\/2025\/12\/72f608e0-d772-4f00-9ad9-ac0b165fc1dc-200x300.png\" alt=\"\" width=\"200\" height=\"300\" srcset=\"https:\/\/www.radiopiu.net\/wordpress\/wp-content\/uploads\/2025\/12\/72f608e0-d772-4f00-9ad9-ac0b165fc1dc-200x300.png 200w, https:\/\/www.radiopiu.net\/wordpress\/wp-content\/uploads\/2025\/12\/72f608e0-d772-4f00-9ad9-ac0b165fc1dc-683x1024.png 683w, https:\/\/www.radiopiu.net\/wordpress\/wp-content\/uploads\/2025\/12\/72f608e0-d772-4f00-9ad9-ac0b165fc1dc-768x1152.png 768w, https:\/\/www.radiopiu.net\/wordpress\/wp-content\/uploads\/2025\/12\/72f608e0-d772-4f00-9ad9-ac0b165fc1dc.png 1024w\" sizes=\"auto, (max-width: 200px) 100vw, 200px\" \/><\/a>LIVINALLONGO<\/strong> &#8211; <strong>ARABBA<\/strong> La Corte dei Conti di Bolzano ha condannato un ex responsabile della Base logistico-addestrativa di Arabba a rimborsare circa <strong data-start=\"200\" data-end=\"216\">20 mila euro<\/strong> al ministero della Difesa per le utenze di acqua, gas e luce mai pagate dal 2003 al 2012 nell\u2019alloggio di servizio. Il danno stimato era di 34 mila euro, ma l\u2019assenza di letture dei contatori all\u2019inizio dell\u2019incarico ha ridotto l\u2019importo. Riconosciuto il dolo per la certificazione dei consumi firmata dal militare. Prosciolti due ex comandanti, per i quali i giudici ipotizzano solo eventuali profili disciplinari.<\/p>\n<p>&nbsp;<\/p>\n<blockquote>\n<p data-start=\"0\" data-end=\"87\"><strong data-start=\"0\" data-end=\"87\">DUE ANNI DI LAVORI DI PUBBLICA UTILIT\u00c0 PER L\u2019AUTOMOBILISTA DELLO SCHIANTO\u00a0<\/strong><\/p>\n<\/blockquote>\n<p data-start=\"89\" data-end=\"412\"><strong>CADORE<\/strong> Due anni di lavori di pubblica utilit\u00e0: questa la decisione per il veronese Thomas Roncolato, alla guida dell\u2019auto coinvolta nel terribile schianto in Cadore con cinque feriti, tra cui un cadorino e la sua famiglia. Non essendoci aggravanti n\u00e9 alcool o droghe, il reato \u00e8 stato classificato come lesioni stradali. Nell\u2019incidente i passeggeri rimasero intrappolati tra le lamiere e furono liberati dai vigili del fuoco; il ferito pi\u00f9 grave chiese un risarcimento di un milione e mezzo. Con i lavori socialmente utili, il procedimento penale si estingue.<\/p>\n<p>&nbsp;<\/p>\n<blockquote>\n<p data-start=\"0\" data-end=\"86\"><strong data-start=\"0\" data-end=\"86\">CONDANNATO A DUE ANNI PER MALTRATTAMENTI: RAPPORTO DISTRUTTO DA VIOLENZE E MINACCE<\/strong><\/p>\n<\/blockquote>\n<p data-start=\"88\" data-end=\"464\"><strong>AURONZO<\/strong> Due anni di reclusione, con sospensione condizionata a un percorso di recupero: \u00e8 la condanna per un uomo accusato di maltrattamenti in famiglia nei confronti della compagna, in una relazione segnata da fragilit\u00e0, alcol e droghe. Concesse le attenuanti ed esclusa l\u2019aggravante della presenza della figlia piccola; alla donna riconosciuti 5 mila euro di risarcimento. Il tribunale ha ritenuto provati insulti, minacce e tre episodi di aggressione tra dicembre 2022 e marzo 2023, documentati anche da un audio in cui si sentono le urla della vittima e il pianto della bambina. Respinte le tesi difensive che chiedevano l\u2019assoluzione.<\/p>\n<p>&nbsp;<\/p>\n<hr \/>\n<p>&nbsp;<\/p>\n<blockquote>\n<h3>NUOVA CHIAZZA INQUINANTE NEL LAGO DI CENTRO CADORE<\/h3>\n<\/blockquote>\n<p data-start=\"0\" data-end=\"54\"><strong>CADORE<\/strong><\/p>\n<p data-start=\"56\" data-end=\"466\"><a class=\"dt-pswp-item\" href=\"https:\/\/www.radiopiu.net\/wordpress\/wp-content\/uploads\/2025\/12\/Screenshot-2025-12-11-051723.png\" data-dt-img-description=\"\" data-large_image_width=\"886\" data-large_image_height=\"455\"><img loading=\"lazy\" decoding=\"async\" class=\"size-medium wp-image-485310 alignleft\" src=\"https:\/\/www.radiopiu.net\/wordpress\/wp-content\/uploads\/2025\/12\/Screenshot-2025-12-11-051723-300x154.png\" alt=\"\" width=\"300\" height=\"154\" srcset=\"https:\/\/www.radiopiu.net\/wordpress\/wp-content\/uploads\/2025\/12\/Screenshot-2025-12-11-051723-300x154.png 300w, https:\/\/www.radiopiu.net\/wordpress\/wp-content\/uploads\/2025\/12\/Screenshot-2025-12-11-051723-768x394.png 768w, https:\/\/www.radiopiu.net\/wordpress\/wp-content\/uploads\/2025\/12\/Screenshot-2025-12-11-051723.png 886w\" sizes=\"auto, (max-width: 300px) 100vw, 300px\" \/><\/a>Una lunga scia giallastra e oleosa \u00e8 comparsa ieri lungo la sponda destra del lago di Centro Cadore, subito segnalata dai residenti ai carabinieri forestali. Si teme l\u2019ennesimo episodio di <strong data-start=\"245\" data-end=\"260\">sversamento<\/strong>, fenomeno gi\u00e0 denunciato pi\u00f9 volte negli anni. Stefano Campi, referente del bacino di pesca, conferma la gravit\u00e0 della situazione e richiama casi analoghi legati ai depuratori di Calalzo, Domegge e Vigo. Il lago appare inoltre ai minimi livelli, complice la laminazione e i lavori in corso alla diga di Vodo e a Soverzene, con rifiuti evidenti lungo le rive. Intanto cresce il problema dei <strong data-start=\"654\" data-end=\"667\">cormorani<\/strong>, ormai oltre sessanta esemplari stanziali, destinati ad aumentare in primavera: una pressione pesante sulla fauna ittica, mentre gli strumenti di controllo previsti dalla legge risultano insufficienti.<\/p>\n<p>&nbsp;<\/p>\n<hr \/>\n<p>&nbsp;<\/p>\n<blockquote>\n<h2>IERI ALLA RADIO, GLI APPROFONDIMENTI DEL GIORNO PRIMA<\/h2>\n<\/blockquote>\n<h3>BACINI BLOCCATI DA UN DECENNIO: \u201cBUROCRAZIA PARALIZZA LE STAZIONI SCIISTICHE\u201d<\/h3>\n<p>&nbsp;<\/p>\n<blockquote>\n<h3><strong>di mirko mezzacasa<\/strong><\/h3>\n<h3>ALLEGHE FUNIVIE RISPONDE ALLE ACCUSE: \u00abSERVE RISPETTO PER CHI LAVORA OGNI GIORNO\u00bb<\/h3>\n<\/blockquote>\n<p>&nbsp;<\/p>\n<blockquote><p><em> Le montagne meritano dialogo, non polemiche gratuite.<\/em><\/p><\/blockquote>\n<p><strong><a class=\"dt-pswp-item\" href=\"https:\/\/www.radiopiu.net\/wordpress\/wp-content\/uploads\/2025\/12\/Screenshot-2025-12-09-112124-e1765275701477.png\" data-dt-img-description=\"\" data-large_image_width=\"264\" data-large_image_height=\"158\"><img loading=\"lazy\" decoding=\"async\" class=\"size-full wp-image-484971 alignleft\" src=\"https:\/\/www.radiopiu.net\/wordpress\/wp-content\/uploads\/2025\/12\/Screenshot-2025-12-09-112124-e1765275701477.png\" alt=\"\" width=\"264\" height=\"158\" \/><\/a>ALLEGHE<\/strong><\/p>\n<p data-start=\"87\" data-end=\"537\">Parole ingiustamente dure, quelle pubblicate sui social di Radio Pi\u00f9 da un certo Andrea Simionato, rivolte a persone che ogni giorno garantiscono ospitalit\u00e0, sicurezza e qualit\u00e0 ai tanti ospiti della valle. Commenti che lasciano perplessi, soprattutto perch\u00e9 \u2014 si presume \u2014 arrivano da uno sciatore che ama i collegamenti sciistici, ma che forse non conosce le reali complessit\u00e0 che stanno dietro alla gestione di un carosello come quello di Alleghe. A fare chiarezza interviene il Presidente di Alleghe Funivie, Sergio Pra, che ricorda con fermezza come ogni scelta operativa derivi da valutazioni tecniche, condizioni meteo, sicurezza e sostenibilit\u00e0 della gestione: \u00abDietro ogni apertura o chiusura c\u2019\u00e8 il lavoro di decine di persone. Prima di giudicare, bisognerebbe conoscere la realt\u00e0 che non si vede: l\u2019innevamento, i venti, la sicurezza delle linee, i limiti strutturali. Non \u00e8 una materia su cui ci si pu\u00f2 improvvisare\u00bb. Accanto al presidente, il responsabile marketing Andrea Dal Farra coglie l\u2019occasione per sottolineare quanto Alleghe stia investendo in dinamismo e attivit\u00e0 per la stagione invernale: un calendario gi\u00e0 ricco di appuntamenti, dagli eventi per famiglie alle giornate sportive, fino alla prestigiosa tappa del Giro d\u2019Italia del 29 maggio, che porter\u00e0 nuovamente l\u2019attenzione nazionale sulle montagne agordine. La risposta di Alleghe Funivie \u00e8 dunque chiara: si accettano critiche costruttive, ma nel rispetto di chi ogni giorno lavora per offrire il meglio.<\/p>\n<p data-start=\"87\" data-end=\"537\"><strong>AUDIO, di mirko mezzacasa<\/strong><\/p>\n<audio class=\"wp-audio-shortcode\" id=\"audio-485104-7\" preload=\"none\" style=\"width: 100%;\" controls=\"controls\"><source type=\"audio\/mpeg\" src=\"https:\/\/www.radiopiu.net\/wordpress\/wp-content\/uploads\/2025\/12\/ALLEGHE-SERGIO-ANDRA.mp3?_=7\" \/><a href=\"https:\/\/www.radiopiu.net\/wordpress\/wp-content\/uploads\/2025\/12\/ALLEGHE-SERGIO-ANDRA.mp3\">https:\/\/www.radiopiu.net\/wordpress\/wp-content\/uploads\/2025\/12\/ALLEGHE-SERGIO-ANDRA.mp3<\/a><\/audio>\n<p>&nbsp;<\/p>\n<p>&nbsp;<\/p>\n<p><a class=\"dt-pswp-item\" href=\"https:\/\/www.radiopiu.net\/wordpress\/wp-content\/uploads\/2021\/11\/FORCELLA-AURINE.jpg\" data-dt-img-description=\"\" data-large_image_width=\"960\" data-large_image_height=\"720\"><img loading=\"lazy\" decoding=\"async\" class=\" wp-image-241538 alignleft\" src=\"https:\/\/www.radiopiu.net\/wordpress\/wp-content\/uploads\/2021\/11\/FORCELLA-AURINE-300x225.jpg\" alt=\"\" width=\"259\" height=\"194\" srcset=\"https:\/\/www.radiopiu.net\/wordpress\/wp-content\/uploads\/2021\/11\/FORCELLA-AURINE-300x225.jpg 300w, https:\/\/www.radiopiu.net\/wordpress\/wp-content\/uploads\/2021\/11\/FORCELLA-AURINE-768x576.jpg 768w, https:\/\/www.radiopiu.net\/wordpress\/wp-content\/uploads\/2021\/11\/FORCELLA-AURINE.jpg 960w\" sizes=\"auto, (max-width: 259px) 100vw, 259px\" \/><\/a><\/p>\n<p data-start=\"83\" data-end=\"329\">Dopo l\u2019intervento di Sergio Pra (Presidente Alleghe Funivie),\u00a0 sul tema dei bacini artificiali indispensabili per garantire l\u2019innevamento programmato, entra nel dibattito anche Morgan Gnech di Progetto Desma, puntando il dito contro anni di ritardi e procedure interminabili. Gnech ricorda che il progetto dei nuovi bacini \u00e8 stato avviato undici anni fa, ma in tutto questo tempo non \u00e8 stata posata nemmeno una pietra. Nel frattempo i costi sono raddoppiati, gli adempimenti amministrativi si sono moltiplicati e ogni passaggio, ogni firma mancante, ha bloccato l\u2019iter <a class=\"dt-pswp-item\" href=\"https:\/\/www.radiopiu.net\/wordpress\/wp-content\/uploads\/2025\/12\/Screenshot-2025-12-09-162342.png\" data-dt-img-description=\"\" data-large_image_width=\"135\" data-large_image_height=\"127\"><img loading=\"lazy\" decoding=\"async\" class=\"size-full wp-image-485019 alignright\" src=\"https:\/\/www.radiopiu.net\/wordpress\/wp-content\/uploads\/2025\/12\/Screenshot-2025-12-09-162342.png\" alt=\"\" width=\"135\" height=\"127\" \/><\/a>per mesi, se non anni.<em> &#8220;Per una stazione sciistica di importanza strategica \u2013 sottolinea Gnech \u2013 questi ritardi pesano enormemente: senza riserve d\u2019acqua adeguate diventa impossibile programmare l\u2019innevamento e pianificare una stagione turistica competitiva&#8221;. <\/em>L\u2019appello \u00e8 chiaro: servono procedure pi\u00f9 snelle e decisioni rapide, altrimenti il rischio \u00e8 che progetti necessari restino per sempre chiusi in un cassetto.<\/p>\n<p>&nbsp;<\/p>\n<blockquote><p><em><strong>AUDIO OSPITE MORGAN GNECH, PROGETTO DESMA &#8211; FORCELLA AURINE<\/strong><\/em><\/p><\/blockquote>\n<audio class=\"wp-audio-shortcode\" id=\"audio-485104-8\" preload=\"none\" style=\"width: 100%;\" controls=\"controls\"><source type=\"audio\/mpeg\" src=\"https:\/\/www.radiopiu.net\/wordpress\/wp-content\/uploads\/2025\/12\/MORGAN-GNECH.mp3?_=8\" \/><a href=\"https:\/\/www.radiopiu.net\/wordpress\/wp-content\/uploads\/2025\/12\/MORGAN-GNECH.mp3\">https:\/\/www.radiopiu.net\/wordpress\/wp-content\/uploads\/2025\/12\/MORGAN-GNECH.mp3<\/a><\/audio>\n<p>&nbsp;<\/p>\n<p>&nbsp;<\/p>\n<\/div>\n<p>&nbsp;<\/p>\n<hr \/>\n<div class=\"page-title-head hgroup\">\n<h2 class=\"_title post-title entry-title\">OLIMPIADI, GLI ARTIGIANI SCRIVONO AI PREFETTI: \u00abVIGILARE CONTRO L\u2019ABUSIVISMO\u00bb<\/h2>\n<p>Intervistati CLAUDIA SCARZANELLA (Presidente Confartigianato Imprese Belluno) (Servizio di\u00a0<a href=\"https:\/\/antennatre.medianordest.it\/redazione\/Lina-Paronetto\/\">Lina Paronetto<\/a>)<\/p>\n<\/div>\n<div class=\"page-title-head hgroup\">\n<p><iframe loading=\"lazy\" title=\"OLIMPIADI, GLI ARTIGIANI SCRIVONO AI PREFETTI: \u00abVIGILARE CONTRO L&#039;ABUSIVISMO\u00bb | 09\/12\/2025\" width=\"1200\" height=\"675\" src=\"https:\/\/www.youtube.com\/embed\/mWgbL5lb6B4?feature=oembed\" frameborder=\"0\" allow=\"accelerometer; autoplay; clipboard-write; encrypted-media; gyroscope; picture-in-picture; web-share\" referrerpolicy=\"strict-origin-when-cross-origin\" allowfullscreen><\/iframe><\/p>\n<p>&nbsp;<\/p>\n<p>&nbsp;<\/p>\n<hr \/>\n<p>&nbsp;<\/p>\n<blockquote>\n<h3>GIURAMENTO DEI NUOVI VICEBRIGADIERI ALLA CASERMA \u201cLUIGI DE ZORZI\u201d<\/h3>\n<\/blockquote>\n<p><strong>BELLUNO <\/strong>Nella caserma \u201cFin. (terra) Luigi De Zorzi\u201d, sede del Comando Provinciale della Guardia di Finanza di Belluno, si \u00e8 svolta la cerimonia di giuramento dei tre nuovi Vicebrigadieri, gi\u00e0 operativi presso il Nucleo di Polizia Economico-Finanziaria e il Gruppo di Belluno. Alla presenza dei rispettivi Comandanti, i militari hanno rinnovato solennemente il giuramento di fedelt\u00e0 alla Repubblica Italiana, assumendo cos\u00ec il nuovo grado e le maggiori responsabilit\u00e0 che esso comporta. La cerimonia si \u00e8 svolta davanti alla Bandiera e al Comandante Provinciale, che ha rimarcato il valore del giuramento quale impegno a operare con onore, dedizione, obbedienza e sacrificio. I neo Vicebrigadieri hanno pronunciato la formula rituale e firmato l\u2019atto ufficiale, riaffermando il dovere di agire con lealt\u00e0 e trasparenza a tutela dei cittadini e nel pieno rispetto della Costituzione e delle leggi dello Stato.<\/p>\n\n\t\t\t<style type='text\/css'>\n\t\t\t\t#gallery-2 {\n\t\t\t\t\tmargin: auto;\n\t\t\t\t}\n\t\t\t\t#gallery-2 .gallery-item {\n\t\t\t\t\tfloat: left;\n\t\t\t\t\tmargin-top: 10px;\n\t\t\t\t\ttext-align: center;\n\t\t\t\t\twidth: 33%;\n\t\t\t\t}\n\t\t\t\t#gallery-2 img {\n\t\t\t\t\tborder: 2px solid #cfcfcf;\n\t\t\t\t}\n\t\t\t\t#gallery-2 .gallery-caption {\n\t\t\t\t\tmargin-left: 0;\n\t\t\t\t}\n\t\t\t\t\/* see gallery_shortcode() in wp-includes\/media.php *\/\n\t\t\t<\/style>\n\t\t<div id='gallery-2' class='dt-gallery-container gallery galleryid-485104 gallery-columns-3 gallery-size-medium'><dl class='gallery-item'>\n\t\t\t\t<dt class='gallery-icon landscape'>\n\t\t\t\t\t<a class=\"rollover rollover-zoom dt-pswp-item\" title=\"foto1\" data-dt-img-description=\"\" data-large_image_width=\"2560\" data-large_image_height=\"1920\"href='https:\/\/www.radiopiu.net\/wordpress\/wp-content\/uploads\/2025\/12\/foto1-scaled.jpeg'><img loading=\"lazy\" decoding=\"async\" width=\"300\" height=\"225\" src=\"https:\/\/www.radiopiu.net\/wordpress\/wp-content\/uploads\/2025\/12\/foto1-300x225.jpeg\" class=\"attachment-medium size-medium\" alt=\"\" srcset=\"https:\/\/www.radiopiu.net\/wordpress\/wp-content\/uploads\/2025\/12\/foto1-300x225.jpeg 300w, https:\/\/www.radiopiu.net\/wordpress\/wp-content\/uploads\/2025\/12\/foto1-1024x768.jpeg 1024w, https:\/\/www.radiopiu.net\/wordpress\/wp-content\/uploads\/2025\/12\/foto1-768x576.jpeg 768w, https:\/\/www.radiopiu.net\/wordpress\/wp-content\/uploads\/2025\/12\/foto1-1536x1152.jpeg 1536w, https:\/\/www.radiopiu.net\/wordpress\/wp-content\/uploads\/2025\/12\/foto1-2048x1536.jpeg 2048w\" sizes=\"auto, (max-width: 300px) 100vw, 300px\" \/><\/a>\n\t\t\t\t<\/dt><\/dl><dl class='gallery-item'>\n\t\t\t\t<dt class='gallery-icon landscape'>\n\t\t\t\t\t<a class=\"rollover rollover-zoom dt-pswp-item\" title=\"foto2\" data-dt-img-description=\"\" data-large_image_width=\"2560\" data-large_image_height=\"1920\"href='https:\/\/www.radiopiu.net\/wordpress\/wp-content\/uploads\/2025\/12\/foto2-scaled.jpeg'><img loading=\"lazy\" decoding=\"async\" width=\"300\" height=\"225\" src=\"https:\/\/www.radiopiu.net\/wordpress\/wp-content\/uploads\/2025\/12\/foto2-300x225.jpeg\" class=\"attachment-medium size-medium\" alt=\"\" srcset=\"https:\/\/www.radiopiu.net\/wordpress\/wp-content\/uploads\/2025\/12\/foto2-300x225.jpeg 300w, https:\/\/www.radiopiu.net\/wordpress\/wp-content\/uploads\/2025\/12\/foto2-1024x768.jpeg 1024w, https:\/\/www.radiopiu.net\/wordpress\/wp-content\/uploads\/2025\/12\/foto2-768x576.jpeg 768w, https:\/\/www.radiopiu.net\/wordpress\/wp-content\/uploads\/2025\/12\/foto2-1536x1152.jpeg 1536w, https:\/\/www.radiopiu.net\/wordpress\/wp-content\/uploads\/2025\/12\/foto2-2048x1536.jpeg 2048w\" sizes=\"auto, (max-width: 300px) 100vw, 300px\" \/><\/a>\n\t\t\t\t<\/dt><\/dl><dl class='gallery-item'>\n\t\t\t\t<dt class='gallery-icon landscape'>\n\t\t\t\t\t<a class=\"rollover rollover-zoom dt-pswp-item\" title=\"foto3\" data-dt-img-description=\"\" data-large_image_width=\"2560\" data-large_image_height=\"1920\"href='https:\/\/www.radiopiu.net\/wordpress\/wp-content\/uploads\/2025\/12\/foto3-scaled.jpeg'><img loading=\"lazy\" decoding=\"async\" width=\"300\" height=\"225\" src=\"https:\/\/www.radiopiu.net\/wordpress\/wp-content\/uploads\/2025\/12\/foto3-300x225.jpeg\" class=\"attachment-medium size-medium\" alt=\"\" srcset=\"https:\/\/www.radiopiu.net\/wordpress\/wp-content\/uploads\/2025\/12\/foto3-300x225.jpeg 300w, https:\/\/www.radiopiu.net\/wordpress\/wp-content\/uploads\/2025\/12\/foto3-1024x768.jpeg 1024w, https:\/\/www.radiopiu.net\/wordpress\/wp-content\/uploads\/2025\/12\/foto3-768x576.jpeg 768w, https:\/\/www.radiopiu.net\/wordpress\/wp-content\/uploads\/2025\/12\/foto3-1536x1152.jpeg 1536w, https:\/\/www.radiopiu.net\/wordpress\/wp-content\/uploads\/2025\/12\/foto3-2048x1536.jpeg 2048w\" sizes=\"auto, (max-width: 300px) 100vw, 300px\" \/><\/a>\n\t\t\t\t<\/dt><\/dl><br style=\"clear: both\" \/>\n\t\t\t<\/div>\n\n<p>&nbsp;<\/p>\n<hr \/>\n<p>&nbsp;<\/p>\n<blockquote>\n<h3>LAVORATORI OVER 54 IN VENETO: UNA RISORSA IN CRESCITA TRA OCCUPAZIONE E \u201cUNRETIREMENT\u201d<\/h3>\n<\/blockquote>\n<p><strong><a class=\"dt-pswp-item\" href=\"https:\/\/www.radiopiu.net\/wordpress\/wp-content\/uploads\/2025\/06\/sicurezza-lavoro.jpg\" data-dt-img-description=\"\" data-large_image_width=\"1280\" data-large_image_height=\"806\"><img loading=\"lazy\" decoding=\"async\" class=\" wp-image-455433 alignleft\" src=\"https:\/\/www.radiopiu.net\/wordpress\/wp-content\/uploads\/2025\/06\/sicurezza-lavoro-300x189.jpg\" alt=\"\" width=\"160\" height=\"101\" srcset=\"https:\/\/www.radiopiu.net\/wordpress\/wp-content\/uploads\/2025\/06\/sicurezza-lavoro-300x189.jpg 300w, https:\/\/www.radiopiu.net\/wordpress\/wp-content\/uploads\/2025\/06\/sicurezza-lavoro-1024x645.jpg 1024w, https:\/\/www.radiopiu.net\/wordpress\/wp-content\/uploads\/2025\/06\/sicurezza-lavoro-768x484.jpg 768w, https:\/\/www.radiopiu.net\/wordpress\/wp-content\/uploads\/2025\/06\/sicurezza-lavoro.jpg 1280w\" sizes=\"auto, (max-width: 160px) 100vw, 160px\" \/><\/a>VENEZIA <\/strong>In Veneto sono 560 mila i lavoratori con pi\u00f9 di 54 anni, pari al 25% degli occupati: un dato triplicato in vent\u2019anni e spinto dall\u2019invecchiamento demografico, dall\u2019innalzamento dell\u2019et\u00e0 pensionabile e da cambiamenti sociali ed economici. Il nuovo report <em data-start=\"449\" data-end=\"455\">Opus<\/em> dell\u2019Osservatorio regionale del Mercato del Lavoro evidenzia come l\u2019occupazione degli over 55 sia in forte aumento: nella fascia 55-64 anni il tasso \u00e8 passato dal 26% del 2004 al 63% attuale, mentre tra gli over 64 cresce dal 4,2% al 6,7%. Molti anziani restano attivi pi\u00f9 a lungo o rientrano dopo la pensione, spesso con contratti flessibili. I settori principali sono servizi alla persona, istruzione, agricoltura e manifatturiero. Parallelamente aumentano anche i lavoratori maturi in cerca di nuova occupazione: il 19% degli utenti dei Centri per l\u2019Impiego ha pi\u00f9 di 54 anni. Quasi la met\u00e0 dei disoccupati over 54 trova un lavoro entro un anno, confermando il valore delle competenze degli anziani per il sistema produttivo regionale.<\/p>\n<p>&nbsp;<\/p>\n<p>&nbsp;<\/p>\n<hr \/>\n<p>&nbsp;<\/p>\n<blockquote>\n<h3>FILCA CISL VENETO AVVIA LA PRIMA ANALISI SULLA NUOVA LEGGE DELLA PARTECIPAZIONE<\/h3>\n<\/blockquote>\n<p><strong><a class=\"dt-pswp-item\" href=\"https:\/\/www.radiopiu.net\/wordpress\/wp-content\/uploads\/2020\/11\/Schermata-2020-11-11-alle-12.25.13.png\" data-dt-img-description=\"\" data-large_image_width=\"594\" data-large_image_height=\"310\"><img loading=\"lazy\" decoding=\"async\" class=\" wp-image-172025 alignleft\" src=\"https:\/\/www.radiopiu.net\/wordpress\/wp-content\/uploads\/2020\/11\/Schermata-2020-11-11-alle-12.25.13-300x157.png\" alt=\"\" width=\"159\" height=\"83\" srcset=\"https:\/\/www.radiopiu.net\/wordpress\/wp-content\/uploads\/2020\/11\/Schermata-2020-11-11-alle-12.25.13-300x157.png 300w, https:\/\/www.radiopiu.net\/wordpress\/wp-content\/uploads\/2020\/11\/Schermata-2020-11-11-alle-12.25.13.png 594w\" sizes=\"auto, (max-width: 159px) 100vw, 159px\" \/><\/a>QUINTO DI TREVISO <\/strong>A pochi mesi dall\u2019entrata in vigore della legge 76\/2025 sulla partecipazione dei lavoratori alla gestione e agli utili d\u2019impresa, Filca Cisl Veneto \u00e8 la prima categoria a tradurre la norma in un percorso operativo. Per valutare l\u2019impatto della legge nelle imprese venete della filiera delle costruzioni, il sindacato ha commissionato a Fondazione Corazzin uno studio mirato sull\u2019applicazione dell\u2019articolo 5 relativo alla \u201cDistribuzione degli utili\u201d. L\u2019analisi, presentata a 200 delegati a Quinto di Treviso, ha individuato 1.237 imprese venete con margine operativo lordo positivo e almeno 15 dipendenti: il 37% potrebbe distribuire oltre 2.500 euro annui per lavoratore, il 30% tra 1.000 e 2.499 euro e il restante fino a 1.000 euro. Per Filca Cisl, la partecipazione rappresenta una leva per rafforzare salari, competitivit\u00e0 e sicurezza, rendendo i lavoratori protagonisti dell\u2019organizzazione. La legge prevede, oltre alla redistribuzione degli utili, forme di coinvolgimento gestionale, organizzativo e consultivo, con l\u2019obiettivo di costruire imprese pi\u00f9 inclusive e responsabili.<\/p>\n<p>&nbsp;<\/p>\n<p>&nbsp;<\/p>\n<hr \/>\n<p>&nbsp;<\/p>\n<blockquote>\n<h3>ESSILORLUXOTTICA E CHIPS-IT: PARTNERSHIP PER IL FUTURO DEGLI SMART EYEWEAR<\/h3>\n<\/blockquote>\n<p><strong><a class=\"dt-pswp-item\" href=\"https:\/\/www.radiopiu.net\/wordpress\/wp-content\/uploads\/2024\/04\/essilorluxottica.png\" data-dt-img-description=\"\" data-large_image_width=\"400\" data-large_image_height=\"400\"><img loading=\"lazy\" decoding=\"async\" class=\" wp-image-386124 alignleft\" src=\"https:\/\/www.radiopiu.net\/wordpress\/wp-content\/uploads\/2024\/04\/essilorluxottica-300x300.png\" alt=\"\" width=\"207\" height=\"207\" srcset=\"https:\/\/www.radiopiu.net\/wordpress\/wp-content\/uploads\/2024\/04\/essilorluxottica-300x300.png 300w, https:\/\/www.radiopiu.net\/wordpress\/wp-content\/uploads\/2024\/04\/essilorluxottica-150x150.png 150w, https:\/\/www.radiopiu.net\/wordpress\/wp-content\/uploads\/2024\/04\/essilorluxottica.png 400w\" sizes=\"auto, (max-width: 207px) 100vw, 207px\" \/><\/a>PARIGI (FRANCIA) <\/strong>EssilorLuxottica ha avviato una collaborazione con la Fondazione Chips-IT per rafforzare la propria leadership nel settore degli smart eyewear. La partnership, annunciata durante la presentazione del piano strategico 2026-2028 della fondazione, punta a sviluppare chip applicativi in ambiente open-hardware, aprendo nuove possibilit\u00e0 di personalizzazione, ottimizzazione e performance. Insieme agli ingegneri di Chips-IT e a partner industriali, il Gruppo mira a offrire dispositivi indossabili sempre pi\u00f9 avanzati. EssilorLuxottica condivider\u00e0 componenti selezionati delle proprie piattaforme wearable come hardware open-source, accelerando ricerca e innovazione in elettronica ultra-low-power, sensori e wearable computing. Fondazione Chips-IT, fulcro dell\u2019ecosistema dei semiconduttori italiano, fornisce competenze e infrastrutture a ricercatori e aziende per progettare chip di nuova generazione e favorire un ecosistema resiliente e globale.<\/p>\n<p>&nbsp;<\/p>\n<p>&nbsp;<\/p>\n<hr \/>\n<p>&nbsp;<\/p>\n<\/div>\n<blockquote>\n<h3>DISSUASORE DI VELOCIT\u00c0 IN VIA PARIS BORDONE: I RESIDENTI APPROVANO, MA RESTANO LE CRITICIT\u00c0<\/h3>\n<\/blockquote>\n<p><strong><a class=\"dt-pswp-item\" href=\"https:\/\/www.radiopiu.net\/wordpress\/wp-content\/uploads\/2025\/12\/Screenshot-2025-12-10-092049.png\" data-dt-img-description=\"\" data-large_image_width=\"718\" data-large_image_height=\"353\"><img loading=\"lazy\" decoding=\"async\" class=\" wp-image-485156 alignleft\" src=\"https:\/\/www.radiopiu.net\/wordpress\/wp-content\/uploads\/2025\/12\/Screenshot-2025-12-10-092049-300x147.png\" alt=\"\" width=\"190\" height=\"93\" srcset=\"https:\/\/www.radiopiu.net\/wordpress\/wp-content\/uploads\/2025\/12\/Screenshot-2025-12-10-092049-300x147.png 300w, https:\/\/www.radiopiu.net\/wordpress\/wp-content\/uploads\/2025\/12\/Screenshot-2025-12-10-092049.png 718w\" sizes=\"auto, (max-width: 190px) 100vw, 190px\" \/><\/a>TAIBON<\/strong> Gli abitanti di via Paris Bordone e San Cipriano accolgono positivamente l\u2019intervento del Comune su una strada da tempo ritenuta pericolosa a causa delle frequenti velocit\u00e0 eccessive, nonostante il limite dei 30 km\/h. Esclusa l\u2019installazione di dossi per motivi tecnici e normativi, l\u2019amministrazione ha scelto di creare un\u2019isola centrale all\u2019altezza del passaggio pedonale, introducendo una leggera deviazione verso destra per costringere i veicoli a rallentare. Nei primi giorni di sperimentazione qualche miglioramento \u00e8 stato registrato, ma molti automobilisti continuano a ignorare la nuova configurazione, occupando la corsia di sinistra per mantenere la velocit\u00e0 e creando situazioni pericolose, come mostrato anche da alcuni video. Perfino un pullman Dolomitibus \u00e8 stato visto superare l\u2019isola senza deviare. I residenti sperano che la soluzione, ancora in fase di test, possa essere ottimizzata per ridurre davvero la velocit\u00e0 e migliorare la sicurezza di pedoni, ciclisti e automobilisti.<\/p>\n<p data-start=\"1202\" data-end=\"1413\"><strong>VIDEO<\/strong><\/p>\n<div style=\"width: 480px;\" class=\"wp-video\"><video class=\"wp-video-shortcode\" id=\"video-485104-1\" width=\"480\" height=\"848\" preload=\"metadata\" controls=\"controls\"><source type=\"video\/mp4\" src=\"https:\/\/www.radiopiu.net\/wordpress\/wp-content\/uploads\/2025\/12\/WhatsApp-Video-2025-12-10-at-09.16.02.mp4?_=1\" \/><a href=\"https:\/\/www.radiopiu.net\/wordpress\/wp-content\/uploads\/2025\/12\/WhatsApp-Video-2025-12-10-at-09.16.02.mp4\">https:\/\/www.radiopiu.net\/wordpress\/wp-content\/uploads\/2025\/12\/WhatsApp-Video-2025-12-10-at-09.16.02.mp4<\/a><\/video><\/div>\n<p>&nbsp;<\/p>\n<hr \/>\n<p>&nbsp;<\/p>\n<blockquote>\n<h3>DUE LIBRI DEL MUSLA IN SALA DON TAMIS<\/h3>\n<\/blockquote>\n<p><strong><a class=\"dt-pswp-item\" href=\"https:\/\/www.radiopiu.net\/wordpress\/wp-content\/uploads\/2025\/12\/SCR-20251210-tyyx.jpeg\" data-dt-img-description=\"\" data-large_image_width=\"1056\" data-large_image_height=\"674\"><img loading=\"lazy\" decoding=\"async\" class=\" wp-image-485294 alignleft\" src=\"https:\/\/www.radiopiu.net\/wordpress\/wp-content\/uploads\/2025\/12\/SCR-20251210-tyyx-300x191.jpeg\" alt=\"\" width=\"179\" height=\"114\" srcset=\"https:\/\/www.radiopiu.net\/wordpress\/wp-content\/uploads\/2025\/12\/SCR-20251210-tyyx-300x191.jpeg 300w, https:\/\/www.radiopiu.net\/wordpress\/wp-content\/uploads\/2025\/12\/SCR-20251210-tyyx-1024x654.jpeg 1024w, https:\/\/www.radiopiu.net\/wordpress\/wp-content\/uploads\/2025\/12\/SCR-20251210-tyyx-768x490.jpeg 768w, https:\/\/www.radiopiu.net\/wordpress\/wp-content\/uploads\/2025\/12\/SCR-20251210-tyyx.jpeg 1056w\" sizes=\"auto, (max-width: 179px) 100vw, 179px\" \/><\/a>AGORDO<\/strong><\/p>\n<p>DI GIANNI SANTOMASO<\/p>\n<audio class=\"wp-audio-shortcode\" id=\"audio-485104-9\" preload=\"none\" style=\"width: 100%;\" controls=\"controls\"><source type=\"audio\/mpeg\" src=\"https:\/\/www.radiopiu.net\/wordpress\/wp-content\/uploads\/2025\/12\/GIANNI-LIBRI-MUSLA.mp3?_=9\" \/><a href=\"https:\/\/www.radiopiu.net\/wordpress\/wp-content\/uploads\/2025\/12\/GIANNI-LIBRI-MUSLA.mp3\">https:\/\/www.radiopiu.net\/wordpress\/wp-content\/uploads\/2025\/12\/GIANNI-LIBRI-MUSLA.mp3<\/a><\/audio>\n<p>&nbsp;<\/p>\n<hr \/>\n<p>&nbsp;<\/p>\n<blockquote>\n<h3>POTENZIAMENTO DELL\u2019ACCESSIBILIT\u00c0 FERROVIARIA PER MILANO CORTINA 2026<\/h3>\n<\/blockquote>\n<p><strong><a class=\"dt-pswp-item\" href=\"https:\/\/www.radiopiu.net\/wordpress\/wp-content\/uploads\/2021\/02\/FERROVIA.jpg\" data-dt-img-description=\"\" data-large_image_width=\"1920\" data-large_image_height=\"1440\"><img loading=\"lazy\" decoding=\"async\" class=\" wp-image-191534 alignleft\" src=\"https:\/\/www.radiopiu.net\/wordpress\/wp-content\/uploads\/2021\/02\/FERROVIA-300x225.jpg\" alt=\"\" width=\"155\" height=\"116\" srcset=\"https:\/\/www.radiopiu.net\/wordpress\/wp-content\/uploads\/2021\/02\/FERROVIA-300x225.jpg 300w, https:\/\/www.radiopiu.net\/wordpress\/wp-content\/uploads\/2021\/02\/FERROVIA-1024x768.jpg 1024w, https:\/\/www.radiopiu.net\/wordpress\/wp-content\/uploads\/2021\/02\/FERROVIA-768x576.jpg 768w, https:\/\/www.radiopiu.net\/wordpress\/wp-content\/uploads\/2021\/02\/FERROVIA-1536x1152.jpg 1536w, https:\/\/www.radiopiu.net\/wordpress\/wp-content\/uploads\/2021\/02\/FERROVIA.jpg 1920w\" sizes=\"auto, (max-width: 155px) 100vw, 155px\" \/><\/a>REDAZIONE <\/strong>Rete Ferroviaria Italiana rafforza l\u2019accessibilit\u00e0 in vista dei Giochi Invernali ampliando la rete delle Sale Blu nelle regioni olimpiche. Oltre a coprire gi\u00e0 il 70% dei flussi ferroviari nazionali, il servizio arriver\u00e0 anche nelle stazioni di Morbegno, Dobbiaco\u2013Toblach, Valdaora\u2013Olang, Ponte nelle Alpi\u2013Polpet, Longarone e Milano Scalo Romana. Con oltre 380 scali coordinati, le Sale Blu offrono informazioni dedicate, assistenza specializzata, accompagnamento ai binari e servizi riservati, garantendo autonomia e comfort anche nelle aree montane a maggiore traffico olimpico. Le nuove attivazioni si aggiungono alle stazioni gi\u00e0 potenziate lungo l\u2019asse dei Giochi, creando una dorsale accessibile destinata a rimanere come patrimonio per i territori.<\/p>\n<p>&nbsp;<\/p>\n<p>&nbsp;<\/p>\n<hr \/>\n<p>&nbsp;<\/p>\n<blockquote>\n<h3>TERZA EDIZIONE DEL CONCORSO DI DISEGNO \u201cCONTRO OGNI DISCRIMINAZIONE\u201d<\/h3>\n<\/blockquote>\n<p><strong><a class=\"dt-pswp-item\" href=\"https:\/\/www.radiopiu.net\/wordpress\/wp-content\/uploads\/2025\/12\/6e4a38b2-5936-4db5-bb10-b0b3efbe8002.jpg\" data-dt-img-description=\"\" data-large_image_width=\"522\" data-large_image_height=\"790\"><img loading=\"lazy\" decoding=\"async\" class=\" wp-image-485219 alignleft\" src=\"https:\/\/www.radiopiu.net\/wordpress\/wp-content\/uploads\/2025\/12\/6e4a38b2-5936-4db5-bb10-b0b3efbe8002-198x300.jpg\" alt=\"\" width=\"98\" height=\"148\" srcset=\"https:\/\/www.radiopiu.net\/wordpress\/wp-content\/uploads\/2025\/12\/6e4a38b2-5936-4db5-bb10-b0b3efbe8002-198x300.jpg 198w, https:\/\/www.radiopiu.net\/wordpress\/wp-content\/uploads\/2025\/12\/6e4a38b2-5936-4db5-bb10-b0b3efbe8002.jpg 522w\" sizes=\"auto, (max-width: 98px) 100vw, 98px\" \/><\/a>BELLUNO<\/strong> Torna per la terza edizione il concorso di disegno \u201cContro ogni discriminazione\u201d, proposto dal Centro Servizi per il Volontariato Belluno e Treviso.<\/p>\n<p><strong>DI DANIELE DALVIT<\/strong><\/p>\n<audio class=\"wp-audio-shortcode\" id=\"audio-485104-10\" preload=\"none\" style=\"width: 100%;\" controls=\"controls\"><source type=\"audio\/mpeg\" src=\"https:\/\/www.radiopiu.net\/wordpress\/wp-content\/uploads\/2025\/12\/Servizio-Concorso-disegno-discriminazione-CSV.mp3?_=10\" \/><a href=\"https:\/\/www.radiopiu.net\/wordpress\/wp-content\/uploads\/2025\/12\/Servizio-Concorso-disegno-discriminazione-CSV.mp3\">https:\/\/www.radiopiu.net\/wordpress\/wp-content\/uploads\/2025\/12\/Servizio-Concorso-disegno-discriminazione-CSV.mp3<\/a><\/audio>\n<p>&nbsp;<\/p>\n<hr \/>\n<p>&nbsp;<\/p>\n<blockquote>\n<h3>AD AGORDO &#8220;MANI DI MAMMA&#8221; ORGANIZZAZIONE DI VOLONTARIATO. LAVORI A MAGLIA PER BIMBI PREMATURI<\/h3>\n<\/blockquote>\n<p><strong>DI MARINA DONA&#8217;<\/strong><\/p>\n<p><strong>AGORDO<\/strong> Mani di mamma \u00e8 una rete nazionale di volontari, che realizzano cappellini scarpine minuscole, piccoli golfini e sacchi nanna per bimbi prematuri, che ricreano il ventre materno. Pur all&#8217;interno dell&#8217;incubatrice sono infatti elementi indispensabili per la buona riuscita del protocollo &#8220;care&#8221;, cio\u00e8 la serie di attenzioni volte a migliorare la vita del piccolo e dei genitori. I materiali usati sono esclusivamente filati e tessuti in fibre naturali pura lana Merino 100% e di tutti i colori. Sono tutti accorgimenti e dettagli che rispondono a esigenze funzionali oltre che all&#8217;accudimento. Le volontarie agordine si ritrovano una volta alla settimana nella sala biblioteca di Agordo per sferruzzare e creare questi piccoli gioielli per i bambini nati prematuri. Mani di mamma \u00e8 presente in tutta Italia nella nostra provincia \u00e8 attivo sia nell&#8217;ospedale di Feltre che in quello di Belluno.<\/p>\n\n\t\t\t<style type='text\/css'>\n\t\t\t\t#gallery-3 {\n\t\t\t\t\tmargin: auto;\n\t\t\t\t}\n\t\t\t\t#gallery-3 .gallery-item {\n\t\t\t\t\tfloat: left;\n\t\t\t\t\tmargin-top: 10px;\n\t\t\t\t\ttext-align: center;\n\t\t\t\t\twidth: 20%;\n\t\t\t\t}\n\t\t\t\t#gallery-3 img {\n\t\t\t\t\tborder: 2px solid #cfcfcf;\n\t\t\t\t}\n\t\t\t\t#gallery-3 .gallery-caption {\n\t\t\t\t\tmargin-left: 0;\n\t\t\t\t}\n\t\t\t\t\/* see gallery_shortcode() in wp-includes\/media.php *\/\n\t\t\t<\/style>\n\t\t<div id='gallery-3' class='dt-gallery-container gallery galleryid-485104 gallery-columns-5 gallery-size-thumbnail'><dl class='gallery-item'>\n\t\t\t\t<dt class='gallery-icon landscape'>\n\t\t\t\t\t<a class=\"rollover rollover-zoom dt-pswp-item\" title=\"61c461cc-3441-4f01-b261-355be143b29c\" data-dt-img-description=\"\" data-large_image_width=\"1600\" data-large_image_height=\"1200\"href='https:\/\/www.radiopiu.net\/wordpress\/wp-content\/uploads\/2025\/12\/61c461cc-3441-4f01-b261-355be143b29c.jpg'><img loading=\"lazy\" decoding=\"async\" width=\"150\" height=\"150\" src=\"https:\/\/www.radiopiu.net\/wordpress\/wp-content\/uploads\/2025\/12\/61c461cc-3441-4f01-b261-355be143b29c-150x150.jpg\" class=\"attachment-thumbnail size-thumbnail\" alt=\"\" \/><\/a>\n\t\t\t\t<\/dt><\/dl><dl class='gallery-item'>\n\t\t\t\t<dt class='gallery-icon landscape'>\n\t\t\t\t\t<a class=\"rollover rollover-zoom dt-pswp-item\" title=\"5b1afa15-ee8f-4e1d-a8a9-5428e562ed0c\" data-dt-img-description=\"\" data-large_image_width=\"1600\" data-large_image_height=\"1200\"href='https:\/\/www.radiopiu.net\/wordpress\/wp-content\/uploads\/2025\/12\/5b1afa15-ee8f-4e1d-a8a9-5428e562ed0c.jpg'><img loading=\"lazy\" decoding=\"async\" width=\"150\" height=\"150\" src=\"https:\/\/www.radiopiu.net\/wordpress\/wp-content\/uploads\/2025\/12\/5b1afa15-ee8f-4e1d-a8a9-5428e562ed0c-150x150.jpg\" class=\"attachment-thumbnail size-thumbnail\" alt=\"\" \/><\/a>\n\t\t\t\t<\/dt><\/dl><dl class='gallery-item'>\n\t\t\t\t<dt class='gallery-icon landscape'>\n\t\t\t\t\t<a class=\"rollover rollover-zoom dt-pswp-item\" title=\"eff5ba8b-0a99-4807-9369-3d92390eeb59\" data-dt-img-description=\"\" data-large_image_width=\"1600\" data-large_image_height=\"1200\"href='https:\/\/www.radiopiu.net\/wordpress\/wp-content\/uploads\/2025\/12\/eff5ba8b-0a99-4807-9369-3d92390eeb59.jpg'><img loading=\"lazy\" decoding=\"async\" width=\"150\" height=\"150\" src=\"https:\/\/www.radiopiu.net\/wordpress\/wp-content\/uploads\/2025\/12\/eff5ba8b-0a99-4807-9369-3d92390eeb59-150x150.jpg\" class=\"attachment-thumbnail size-thumbnail\" alt=\"\" \/><\/a>\n\t\t\t\t<\/dt><\/dl><dl class='gallery-item'>\n\t\t\t\t<dt class='gallery-icon portrait'>\n\t\t\t\t\t<a class=\"rollover rollover-zoom dt-pswp-item\" title=\"7b8ce8d1-91cf-40da-b7ad-3a8df8353da1\" data-dt-img-description=\"\" data-large_image_width=\"1200\" data-large_image_height=\"1600\"href='https:\/\/www.radiopiu.net\/wordpress\/wp-content\/uploads\/2025\/12\/7b8ce8d1-91cf-40da-b7ad-3a8df8353da1.jpg'><img loading=\"lazy\" decoding=\"async\" width=\"150\" height=\"150\" src=\"https:\/\/www.radiopiu.net\/wordpress\/wp-content\/uploads\/2025\/12\/7b8ce8d1-91cf-40da-b7ad-3a8df8353da1-150x150.jpg\" class=\"attachment-thumbnail size-thumbnail\" alt=\"\" \/><\/a>\n\t\t\t\t<\/dt><\/dl><dl class='gallery-item'>\n\t\t\t\t<dt class='gallery-icon portrait'>\n\t\t\t\t\t<a class=\"rollover rollover-zoom dt-pswp-item\" title=\"7bfb6d47-255f-46b1-b56f-7285f9419a40\" data-dt-img-description=\"\" data-large_image_width=\"1200\" data-large_image_height=\"1600\"href='https:\/\/www.radiopiu.net\/wordpress\/wp-content\/uploads\/2025\/12\/7bfb6d47-255f-46b1-b56f-7285f9419a40.jpg'><img loading=\"lazy\" decoding=\"async\" width=\"150\" height=\"150\" src=\"https:\/\/www.radiopiu.net\/wordpress\/wp-content\/uploads\/2025\/12\/7bfb6d47-255f-46b1-b56f-7285f9419a40-150x150.jpg\" class=\"attachment-thumbnail size-thumbnail\" alt=\"\" \/><\/a>\n\t\t\t\t<\/dt><\/dl><br style=\"clear: both\" \/>\n\t\t\t<\/div>\n\n<p>&nbsp;<\/p>\n<hr \/>\n<p>&nbsp;<\/p>\n<blockquote>\n<h3><a class=\"dt-pswp-item\" href=\"https:\/\/www.radiopiu.net\/wordpress\/wp-content\/uploads\/2023\/05\/FONTANA-PIAZZA-MARTIRI-scaled.jpeg\" data-dt-img-description=\"\" data-large_image_width=\"2560\" data-large_image_height=\"1547\"><img loading=\"lazy\" decoding=\"async\" class=\" wp-image-335259 alignleft\" src=\"https:\/\/www.radiopiu.net\/wordpress\/wp-content\/uploads\/2023\/05\/FONTANA-PIAZZA-MARTIRI-300x181.jpeg\" alt=\"\" width=\"166\" height=\"100\" srcset=\"https:\/\/www.radiopiu.net\/wordpress\/wp-content\/uploads\/2023\/05\/FONTANA-PIAZZA-MARTIRI-300x181.jpeg 300w, https:\/\/www.radiopiu.net\/wordpress\/wp-content\/uploads\/2023\/05\/FONTANA-PIAZZA-MARTIRI-1024x619.jpeg 1024w, https:\/\/www.radiopiu.net\/wordpress\/wp-content\/uploads\/2023\/05\/FONTANA-PIAZZA-MARTIRI-768x464.jpeg 768w, https:\/\/www.radiopiu.net\/wordpress\/wp-content\/uploads\/2023\/05\/FONTANA-PIAZZA-MARTIRI-1536x928.jpeg 1536w, https:\/\/www.radiopiu.net\/wordpress\/wp-content\/uploads\/2023\/05\/FONTANA-PIAZZA-MARTIRI-2048x1238.jpeg 2048w\" sizes=\"auto, (max-width: 166px) 100vw, 166px\" \/><\/a>BELLUNO SI PREPARA ALLA GIORNATA DELLA MONTAGNA<\/h3>\n<\/blockquote>\n<p>DI BARBARA PAOLAZZI<\/p>\n<audio class=\"wp-audio-shortcode\" id=\"audio-485104-11\" preload=\"none\" style=\"width: 100%;\" controls=\"controls\"><source type=\"audio\/mpeg\" src=\"https:\/\/www.radiopiu.net\/wordpress\/wp-content\/uploads\/2025\/12\/PAOLAZZI-GIORNATA-DELLA-MONTAGNA.mp3?_=11\" \/><a href=\"https:\/\/www.radiopiu.net\/wordpress\/wp-content\/uploads\/2025\/12\/PAOLAZZI-GIORNATA-DELLA-MONTAGNA.mp3\">https:\/\/www.radiopiu.net\/wordpress\/wp-content\/uploads\/2025\/12\/PAOLAZZI-GIORNATA-DELLA-MONTAGNA.mp3<\/a><\/audio>\n<p>&nbsp;<\/p>\n<hr \/>\n<p>&nbsp;<\/p>\n<blockquote>\n<h3>LA FONDAZIONE MILANO CORTINA INCONTRA LA POPOLAZIONE<\/h3>\n<\/blockquote>\n<p><strong><a class=\"dt-pswp-item\" href=\"https:\/\/www.radiopiu.net\/wordpress\/wp-content\/uploads\/2025\/12\/SCR-20251210-tdbz.jpeg\" data-dt-img-description=\"\" data-large_image_width=\"1120\" data-large_image_height=\"644\"><img loading=\"lazy\" decoding=\"async\" class=\" wp-image-485273 alignleft\" src=\"https:\/\/www.radiopiu.net\/wordpress\/wp-content\/uploads\/2025\/12\/SCR-20251210-tdbz-300x173.jpeg\" alt=\"\" width=\"168\" height=\"97\" srcset=\"https:\/\/www.radiopiu.net\/wordpress\/wp-content\/uploads\/2025\/12\/SCR-20251210-tdbz-300x173.jpeg 300w, https:\/\/www.radiopiu.net\/wordpress\/wp-content\/uploads\/2025\/12\/SCR-20251210-tdbz-1024x589.jpeg 1024w, https:\/\/www.radiopiu.net\/wordpress\/wp-content\/uploads\/2025\/12\/SCR-20251210-tdbz-768x442.jpeg 768w, https:\/\/www.radiopiu.net\/wordpress\/wp-content\/uploads\/2025\/12\/SCR-20251210-tdbz.jpeg 1120w\" sizes=\"auto, (max-width: 168px) 100vw, 168px\" \/><\/a>CORTINA<\/strong><\/p>\n<p>DI BARBARA PAOLAZZI<\/p>\n<audio class=\"wp-audio-shortcode\" id=\"audio-485104-12\" preload=\"none\" style=\"width: 100%;\" controls=\"controls\"><source type=\"audio\/mpeg\" src=\"https:\/\/www.radiopiu.net\/wordpress\/wp-content\/uploads\/2025\/12\/PAOLAZZI-INCONTRO-FONDAZIONEMILANO-CORTINA.mp3?_=12\" \/><a href=\"https:\/\/www.radiopiu.net\/wordpress\/wp-content\/uploads\/2025\/12\/PAOLAZZI-INCONTRO-FONDAZIONEMILANO-CORTINA.mp3\">https:\/\/www.radiopiu.net\/wordpress\/wp-content\/uploads\/2025\/12\/PAOLAZZI-INCONTRO-FONDAZIONEMILANO-CORTINA.mp3<\/a><\/audio>\n<p>&nbsp;<\/p>\n<hr \/>\n<p>&nbsp;<\/p>\n<blockquote>\n<h3>DICEMBRE DI FESTA ALLA RESIDENZA \u201cMARIA GAGGIA LANTE\u201d<\/h3>\n<\/blockquote>\n<p><strong><a class=\"dt-pswp-item\" href=\"https:\/\/www.radiopiu.net\/wordpress\/wp-content\/uploads\/2021\/02\/GAGGIA-LANTE.jpg\" data-dt-img-description=\"\" data-large_image_width=\"1761\" data-large_image_height=\"1761\"><img loading=\"lazy\" decoding=\"async\" class=\" wp-image-188890 alignleft\" src=\"https:\/\/www.radiopiu.net\/wordpress\/wp-content\/uploads\/2021\/02\/GAGGIA-LANTE-300x300.jpg\" alt=\"\" width=\"134\" height=\"134\" srcset=\"https:\/\/www.radiopiu.net\/wordpress\/wp-content\/uploads\/2021\/02\/GAGGIA-LANTE-300x300.jpg 300w, https:\/\/www.radiopiu.net\/wordpress\/wp-content\/uploads\/2021\/02\/GAGGIA-LANTE-1024x1024.jpg 1024w, https:\/\/www.radiopiu.net\/wordpress\/wp-content\/uploads\/2021\/02\/GAGGIA-LANTE-150x150.jpg 150w, https:\/\/www.radiopiu.net\/wordpress\/wp-content\/uploads\/2021\/02\/GAGGIA-LANTE-768x768.jpg 768w, https:\/\/www.radiopiu.net\/wordpress\/wp-content\/uploads\/2021\/02\/GAGGIA-LANTE-1536x1536.jpg 1536w, https:\/\/www.radiopiu.net\/wordpress\/wp-content\/uploads\/2021\/02\/GAGGIA-LANTE.jpg 1761w\" sizes=\"auto, (max-width: 134px) 100vw, 134px\" \/><\/a>BELLUNO <\/strong>Il mese di dicembre alla Residenza per anziani \u201cMaria Gaggia Lante\u201d di Ser.S.A. si presenta ricco di iniziative pensate per offrire agli ospiti momenti di socialit\u00e0, cultura, spiritualit\u00e0 e musica, coinvolgendo anche la cittadinanza. L\u2019obiettivo \u00e8 favorire benessere, relazioni e partecipazione alla vita comunitaria. Il sindaco Oscar De Pellegrin sottolinea l\u2019importanza di mantenere vivi i legami tra gli anziani e la comunit\u00e0, mentre l\u2019amministratore Giuseppe Montuori ribadisce che la qualit\u00e0 della vita passa attraverso l\u2019attenzione umana e le relazioni. Il programma comprende l\u2019ultimo incontro della rassegna \u201cChicchi di memoria\u201d dedicata all\u2019Alzheimer, la mostra artistica di Sergio Catello per \u201cLa Villa si illumina d\u2019Arte\u201d, la Messa di Natale celebrata dal Vescovo e vari appuntamenti musicali, tra cui il concerto del Quartetto d\u2019Ottoni. Previsti anche un mercatino artigianale e la festa di Capodanno. L\u2019atmosfera natalizia \u00e8 stata inaugurata il 5 dicembre con San Nicol\u00f2 e l\u2019accensione dell\u2019albero.<\/p>\n<p>&nbsp;<\/p>\n<p>&nbsp;<\/p>\n<hr \/>\n<p>&nbsp;<\/p>\n<blockquote>\n<h3>ORFEO A BELLUNO: OMAGGIO CONTEMPORANEO A DINO BUZZATI<\/h3>\n<\/blockquote>\n<p><strong><a class=\"dt-pswp-item\" href=\"https:\/\/www.radiopiu.net\/wordpress\/wp-content\/uploads\/2021\/08\/Dino_Buzzati.jpg\" data-dt-img-description=\"\" data-large_image_width=\"250\" data-large_image_height=\"333\"><img loading=\"lazy\" decoding=\"async\" class=\" wp-image-228625 alignleft\" src=\"https:\/\/www.radiopiu.net\/wordpress\/wp-content\/uploads\/2021\/08\/Dino_Buzzati-225x300.jpg\" alt=\"\" width=\"118\" height=\"157\" srcset=\"https:\/\/www.radiopiu.net\/wordpress\/wp-content\/uploads\/2021\/08\/Dino_Buzzati-225x300.jpg 225w, https:\/\/www.radiopiu.net\/wordpress\/wp-content\/uploads\/2021\/08\/Dino_Buzzati.jpg 250w\" sizes=\"auto, (max-width: 118px) 100vw, 118px\" \/><\/a>BELLUNO <\/strong>Belluno dedica il 15 dicembre a immaginazione, cinema d\u2019autore e alla forza narrativa di Dino Buzzati con la presentazione di <em>Orfeo<\/em>, il film in tecnica mista di Virgilio Villoresi premiato alla Mostra del Cinema di Venezia 2025. L\u2019evento, promosso dal Comune e dalla Biblioteca civica con le realt\u00e0 buzzatiane del territorio, intende rinnovare il legame culturale con l\u2019autore. La giornata si apre alle 17.30 in Biblioteca con l\u2019incontro con il regista, moderato da Luisa Venturin, per approfondire la genesi dell\u2019opera. Alle 19.15 al Cinema Italia seguir\u00e0 la proiezione del film con Villoresi in sala. Un doppio appuntamento che, come sottolinea l\u2019assessore Raffaele Addamiano, unisce luoghi simbolo della citt\u00e0 e offre un\u2019occasione di riflessione e crescita culturale.<\/p>\n<p>&nbsp;<\/p>\n<p>&nbsp;<\/p>\n<hr \/>\n<p>&nbsp;<\/p>\n<blockquote>\n<h3>OPEN DAY AL LICEO LOLLINO<\/h3>\n<\/blockquote>\n<p><strong><a class=\"dt-pswp-item\" href=\"https:\/\/www.radiopiu.net\/wordpress\/wp-content\/uploads\/2024\/11\/Liceo-Lollino-2025-2026.jpg\" data-dt-img-description=\"\" data-large_image_width=\"1200\" data-large_image_height=\"1600\"><img loading=\"lazy\" decoding=\"async\" class=\" wp-image-418124 alignleft\" src=\"https:\/\/www.radiopiu.net\/wordpress\/wp-content\/uploads\/2024\/11\/Liceo-Lollino-2025-2026-225x300.jpg\" alt=\"\" width=\"97\" height=\"129\" srcset=\"https:\/\/www.radiopiu.net\/wordpress\/wp-content\/uploads\/2024\/11\/Liceo-Lollino-2025-2026-225x300.jpg 225w, https:\/\/www.radiopiu.net\/wordpress\/wp-content\/uploads\/2024\/11\/Liceo-Lollino-2025-2026-768x1024.jpg 768w, https:\/\/www.radiopiu.net\/wordpress\/wp-content\/uploads\/2024\/11\/Liceo-Lollino-2025-2026-1152x1536.jpg 1152w, https:\/\/www.radiopiu.net\/wordpress\/wp-content\/uploads\/2024\/11\/Liceo-Lollino-2025-2026.jpg 1200w\" sizes=\"auto, (max-width: 97px) 100vw, 97px\" \/><\/a>BELLUNO <\/strong>Il Liceo Lollino organizza il secondo open day venerd\u00ec 12 dicembre alle 20.30, dopo il successo dell\u2019incontro di novembre. L\u2019evento permette di conoscere i due indirizzi della scuola, classico e scientifico, visitare aule e laboratori e confrontarsi con docenti, studenti ed ex allievi. Saranno presentate le nuove progettualit\u00e0 gi\u00e0 avviate e quelle previste per il prossimo anno scolastico. Nei mesi di gennaio e febbraio sono previsti ulteriori open day prima della chiusura delle iscrizioni. Prosegue anche l\u2019iniziativa \u201cliceo aperto\u201d, che consente agli studenti delle medie di partecipare a lezioni o a pomeriggi di studio assistito previo contatto con la segreteria.<\/p>\n<p>&nbsp;<\/p>\n<p>&nbsp;<\/p>\n<hr \/>\n<p>&nbsp;<\/p>\n<blockquote>\n<h3>DEGUSTAZIONE DI NATALE DA MOSTORICCO<\/h3>\n<\/blockquote>\n<p><strong>AGORDO <\/strong>Nuova degustazione da Mostoricco in attesa del Natale<\/p>\n<p><strong>LA DIRETTA RADIO PIU\u2019<br \/>\n<\/strong><\/p>\n<p><iframe loading=\"lazy\" title=\"La degustazione da Mostoricco 10 dicembre 2025\" width=\"1200\" height=\"675\" src=\"https:\/\/www.youtube.com\/embed\/ZAahW0d3sKo?feature=oembed\" frameborder=\"0\" allow=\"accelerometer; autoplay; clipboard-write; encrypted-media; gyroscope; picture-in-picture; web-share\" referrerpolicy=\"strict-origin-when-cross-origin\" allowfullscreen><\/iframe><\/p>\n<p>&nbsp;<\/p>\n<p><strong>IL VIDEO E LE FOTO DI MARINA DONA&#8217;<\/strong><\/p>\n<div style=\"width: 848px;\" class=\"wp-video\"><video class=\"wp-video-shortcode\" id=\"video-485104-2\" width=\"848\" height=\"480\" preload=\"metadata\" controls=\"controls\"><source type=\"video\/mp4\" src=\"https:\/\/www.radiopiu.net\/wordpress\/wp-content\/uploads\/2025\/12\/WhatsApp-Video-2025-12-10-at-22.32.38.mp4?_=2\" \/><a href=\"https:\/\/www.radiopiu.net\/wordpress\/wp-content\/uploads\/2025\/12\/WhatsApp-Video-2025-12-10-at-22.32.38.mp4\">https:\/\/www.radiopiu.net\/wordpress\/wp-content\/uploads\/2025\/12\/WhatsApp-Video-2025-12-10-at-22.32.38.mp4<\/a><\/video><\/div>\n<p>&nbsp;<\/p>\n\n\t\t\t<style type='text\/css'>\n\t\t\t\t#gallery-4 {\n\t\t\t\t\tmargin: auto;\n\t\t\t\t}\n\t\t\t\t#gallery-4 .gallery-item {\n\t\t\t\t\tfloat: left;\n\t\t\t\t\tmargin-top: 10px;\n\t\t\t\t\ttext-align: center;\n\t\t\t\t\twidth: 25%;\n\t\t\t\t}\n\t\t\t\t#gallery-4 img {\n\t\t\t\t\tborder: 2px solid #cfcfcf;\n\t\t\t\t}\n\t\t\t\t#gallery-4 .gallery-caption {\n\t\t\t\t\tmargin-left: 0;\n\t\t\t\t}\n\t\t\t\t\/* see gallery_shortcode() in wp-includes\/media.php *\/\n\t\t\t<\/style>\n\t\t<div id='gallery-4' class='dt-gallery-container gallery galleryid-485104 gallery-columns-4 gallery-size-medium'><dl class='gallery-item'>\n\t\t\t\t<dt class='gallery-icon landscape'>\n\t\t\t\t\t<a class=\"rollover rollover-zoom dt-pswp-item\" title=\"1907de32-2174-400f-9994-189d7c2558c4\" data-dt-img-description=\"\" data-large_image_width=\"2000\" data-large_image_height=\"1500\"href='https:\/\/www.radiopiu.net\/wordpress\/wp-content\/uploads\/2025\/12\/1907de32-2174-400f-9994-189d7c2558c4.jpg'><img loading=\"lazy\" decoding=\"async\" width=\"300\" height=\"225\" src=\"https:\/\/www.radiopiu.net\/wordpress\/wp-content\/uploads\/2025\/12\/1907de32-2174-400f-9994-189d7c2558c4-300x225.jpg\" class=\"attachment-medium size-medium\" alt=\"\" srcset=\"https:\/\/www.radiopiu.net\/wordpress\/wp-content\/uploads\/2025\/12\/1907de32-2174-400f-9994-189d7c2558c4-300x225.jpg 300w, https:\/\/www.radiopiu.net\/wordpress\/wp-content\/uploads\/2025\/12\/1907de32-2174-400f-9994-189d7c2558c4-1024x768.jpg 1024w, https:\/\/www.radiopiu.net\/wordpress\/wp-content\/uploads\/2025\/12\/1907de32-2174-400f-9994-189d7c2558c4-768x576.jpg 768w, https:\/\/www.radiopiu.net\/wordpress\/wp-content\/uploads\/2025\/12\/1907de32-2174-400f-9994-189d7c2558c4-1536x1152.jpg 1536w, https:\/\/www.radiopiu.net\/wordpress\/wp-content\/uploads\/2025\/12\/1907de32-2174-400f-9994-189d7c2558c4.jpg 2000w\" sizes=\"auto, (max-width: 300px) 100vw, 300px\" \/><\/a>\n\t\t\t\t<\/dt><\/dl><dl class='gallery-item'>\n\t\t\t\t<dt class='gallery-icon landscape'>\n\t\t\t\t\t<a class=\"rollover rollover-zoom dt-pswp-item\" title=\"9112e764-fc18-4ebd-8509-48e028940ee5\" data-dt-img-description=\"\" data-large_image_width=\"2000\" data-large_image_height=\"1500\"href='https:\/\/www.radiopiu.net\/wordpress\/wp-content\/uploads\/2025\/12\/9112e764-fc18-4ebd-8509-48e028940ee5.jpg'><img loading=\"lazy\" decoding=\"async\" width=\"300\" height=\"225\" src=\"https:\/\/www.radiopiu.net\/wordpress\/wp-content\/uploads\/2025\/12\/9112e764-fc18-4ebd-8509-48e028940ee5-300x225.jpg\" class=\"attachment-medium size-medium\" alt=\"\" srcset=\"https:\/\/www.radiopiu.net\/wordpress\/wp-content\/uploads\/2025\/12\/9112e764-fc18-4ebd-8509-48e028940ee5-300x225.jpg 300w, https:\/\/www.radiopiu.net\/wordpress\/wp-content\/uploads\/2025\/12\/9112e764-fc18-4ebd-8509-48e028940ee5-1024x768.jpg 1024w, https:\/\/www.radiopiu.net\/wordpress\/wp-content\/uploads\/2025\/12\/9112e764-fc18-4ebd-8509-48e028940ee5-768x576.jpg 768w, https:\/\/www.radiopiu.net\/wordpress\/wp-content\/uploads\/2025\/12\/9112e764-fc18-4ebd-8509-48e028940ee5-1536x1152.jpg 1536w, https:\/\/www.radiopiu.net\/wordpress\/wp-content\/uploads\/2025\/12\/9112e764-fc18-4ebd-8509-48e028940ee5.jpg 2000w\" sizes=\"auto, (max-width: 300px) 100vw, 300px\" \/><\/a>\n\t\t\t\t<\/dt><\/dl><dl class='gallery-item'>\n\t\t\t\t<dt class='gallery-icon landscape'>\n\t\t\t\t\t<a class=\"rollover rollover-zoom dt-pswp-item\" title=\"226b1073-0f11-4690-a38f-ee056e57ec84\" data-dt-img-description=\"\" data-large_image_width=\"2000\" data-large_image_height=\"1500\"href='https:\/\/www.radiopiu.net\/wordpress\/wp-content\/uploads\/2025\/12\/226b1073-0f11-4690-a38f-ee056e57ec84.jpg'><img loading=\"lazy\" decoding=\"async\" width=\"300\" height=\"225\" src=\"https:\/\/www.radiopiu.net\/wordpress\/wp-content\/uploads\/2025\/12\/226b1073-0f11-4690-a38f-ee056e57ec84-300x225.jpg\" class=\"attachment-medium size-medium\" alt=\"\" srcset=\"https:\/\/www.radiopiu.net\/wordpress\/wp-content\/uploads\/2025\/12\/226b1073-0f11-4690-a38f-ee056e57ec84-300x225.jpg 300w, https:\/\/www.radiopiu.net\/wordpress\/wp-content\/uploads\/2025\/12\/226b1073-0f11-4690-a38f-ee056e57ec84-1024x768.jpg 1024w, https:\/\/www.radiopiu.net\/wordpress\/wp-content\/uploads\/2025\/12\/226b1073-0f11-4690-a38f-ee056e57ec84-768x576.jpg 768w, https:\/\/www.radiopiu.net\/wordpress\/wp-content\/uploads\/2025\/12\/226b1073-0f11-4690-a38f-ee056e57ec84-1536x1152.jpg 1536w, https:\/\/www.radiopiu.net\/wordpress\/wp-content\/uploads\/2025\/12\/226b1073-0f11-4690-a38f-ee056e57ec84.jpg 2000w\" sizes=\"auto, (max-width: 300px) 100vw, 300px\" \/><\/a>\n\t\t\t\t<\/dt><\/dl><dl class='gallery-item'>\n\t\t\t\t<dt class='gallery-icon landscape'>\n\t\t\t\t\t<a class=\"rollover rollover-zoom dt-pswp-item\" title=\"3a022f67-4742-4c3b-9b7f-9113eb4bb943\" data-dt-img-description=\"\" data-large_image_width=\"2000\" data-large_image_height=\"1500\"href='https:\/\/www.radiopiu.net\/wordpress\/wp-content\/uploads\/2025\/12\/3a022f67-4742-4c3b-9b7f-9113eb4bb943.jpg'><img loading=\"lazy\" decoding=\"async\" width=\"300\" height=\"225\" src=\"https:\/\/www.radiopiu.net\/wordpress\/wp-content\/uploads\/2025\/12\/3a022f67-4742-4c3b-9b7f-9113eb4bb943-300x225.jpg\" class=\"attachment-medium size-medium\" alt=\"\" srcset=\"https:\/\/www.radiopiu.net\/wordpress\/wp-content\/uploads\/2025\/12\/3a022f67-4742-4c3b-9b7f-9113eb4bb943-300x225.jpg 300w, https:\/\/www.radiopiu.net\/wordpress\/wp-content\/uploads\/2025\/12\/3a022f67-4742-4c3b-9b7f-9113eb4bb943-1024x768.jpg 1024w, https:\/\/www.radiopiu.net\/wordpress\/wp-content\/uploads\/2025\/12\/3a022f67-4742-4c3b-9b7f-9113eb4bb943-768x576.jpg 768w, https:\/\/www.radiopiu.net\/wordpress\/wp-content\/uploads\/2025\/12\/3a022f67-4742-4c3b-9b7f-9113eb4bb943-1536x1152.jpg 1536w, https:\/\/www.radiopiu.net\/wordpress\/wp-content\/uploads\/2025\/12\/3a022f67-4742-4c3b-9b7f-9113eb4bb943.jpg 2000w\" sizes=\"auto, (max-width: 300px) 100vw, 300px\" \/><\/a>\n\t\t\t\t<\/dt><\/dl><br style=\"clear: both\" \/><dl class='gallery-item'>\n\t\t\t\t<dt class='gallery-icon landscape'>\n\t\t\t\t\t<a class=\"rollover rollover-zoom dt-pswp-item\" title=\"62d43c47-f2fe-43b5-93fc-ad62797bdf2f\" data-dt-img-description=\"\" data-large_image_width=\"2000\" data-large_image_height=\"1500\"href='https:\/\/www.radiopiu.net\/wordpress\/wp-content\/uploads\/2025\/12\/62d43c47-f2fe-43b5-93fc-ad62797bdf2f.jpg'><img loading=\"lazy\" decoding=\"async\" width=\"300\" height=\"225\" src=\"https:\/\/www.radiopiu.net\/wordpress\/wp-content\/uploads\/2025\/12\/62d43c47-f2fe-43b5-93fc-ad62797bdf2f-300x225.jpg\" class=\"attachment-medium size-medium\" alt=\"\" srcset=\"https:\/\/www.radiopiu.net\/wordpress\/wp-content\/uploads\/2025\/12\/62d43c47-f2fe-43b5-93fc-ad62797bdf2f-300x225.jpg 300w, https:\/\/www.radiopiu.net\/wordpress\/wp-content\/uploads\/2025\/12\/62d43c47-f2fe-43b5-93fc-ad62797bdf2f-1024x768.jpg 1024w, https:\/\/www.radiopiu.net\/wordpress\/wp-content\/uploads\/2025\/12\/62d43c47-f2fe-43b5-93fc-ad62797bdf2f-768x576.jpg 768w, https:\/\/www.radiopiu.net\/wordpress\/wp-content\/uploads\/2025\/12\/62d43c47-f2fe-43b5-93fc-ad62797bdf2f-1536x1152.jpg 1536w, https:\/\/www.radiopiu.net\/wordpress\/wp-content\/uploads\/2025\/12\/62d43c47-f2fe-43b5-93fc-ad62797bdf2f.jpg 2000w\" sizes=\"auto, (max-width: 300px) 100vw, 300px\" \/><\/a>\n\t\t\t\t<\/dt><\/dl><dl class='gallery-item'>\n\t\t\t\t<dt class='gallery-icon landscape'>\n\t\t\t\t\t<a class=\"rollover rollover-zoom dt-pswp-item\" title=\"fe399cad-b32f-46ca-aab3-ef4ab2bd3264\" data-dt-img-description=\"\" data-large_image_width=\"2000\" data-large_image_height=\"1500\"href='https:\/\/www.radiopiu.net\/wordpress\/wp-content\/uploads\/2025\/12\/fe399cad-b32f-46ca-aab3-ef4ab2bd3264.jpg'><img loading=\"lazy\" decoding=\"async\" width=\"300\" height=\"225\" src=\"https:\/\/www.radiopiu.net\/wordpress\/wp-content\/uploads\/2025\/12\/fe399cad-b32f-46ca-aab3-ef4ab2bd3264-300x225.jpg\" class=\"attachment-medium size-medium\" alt=\"\" srcset=\"https:\/\/www.radiopiu.net\/wordpress\/wp-content\/uploads\/2025\/12\/fe399cad-b32f-46ca-aab3-ef4ab2bd3264-300x225.jpg 300w, https:\/\/www.radiopiu.net\/wordpress\/wp-content\/uploads\/2025\/12\/fe399cad-b32f-46ca-aab3-ef4ab2bd3264-1024x768.jpg 1024w, https:\/\/www.radiopiu.net\/wordpress\/wp-content\/uploads\/2025\/12\/fe399cad-b32f-46ca-aab3-ef4ab2bd3264-768x576.jpg 768w, https:\/\/www.radiopiu.net\/wordpress\/wp-content\/uploads\/2025\/12\/fe399cad-b32f-46ca-aab3-ef4ab2bd3264-1536x1152.jpg 1536w, https:\/\/www.radiopiu.net\/wordpress\/wp-content\/uploads\/2025\/12\/fe399cad-b32f-46ca-aab3-ef4ab2bd3264.jpg 2000w\" sizes=\"auto, (max-width: 300px) 100vw, 300px\" \/><\/a>\n\t\t\t\t<\/dt><\/dl><dl class='gallery-item'>\n\t\t\t\t<dt class='gallery-icon landscape'>\n\t\t\t\t\t<a class=\"rollover rollover-zoom dt-pswp-item\" title=\"e86ea3be-a704-42c8-96be-dc91924f3186\" data-dt-img-description=\"\" data-large_image_width=\"2000\" data-large_image_height=\"1500\"href='https:\/\/www.radiopiu.net\/wordpress\/wp-content\/uploads\/2025\/12\/e86ea3be-a704-42c8-96be-dc91924f3186.jpg'><img loading=\"lazy\" decoding=\"async\" width=\"300\" height=\"225\" src=\"https:\/\/www.radiopiu.net\/wordpress\/wp-content\/uploads\/2025\/12\/e86ea3be-a704-42c8-96be-dc91924f3186-300x225.jpg\" class=\"attachment-medium size-medium\" alt=\"\" srcset=\"https:\/\/www.radiopiu.net\/wordpress\/wp-content\/uploads\/2025\/12\/e86ea3be-a704-42c8-96be-dc91924f3186-300x225.jpg 300w, https:\/\/www.radiopiu.net\/wordpress\/wp-content\/uploads\/2025\/12\/e86ea3be-a704-42c8-96be-dc91924f3186-1024x768.jpg 1024w, https:\/\/www.radiopiu.net\/wordpress\/wp-content\/uploads\/2025\/12\/e86ea3be-a704-42c8-96be-dc91924f3186-768x576.jpg 768w, https:\/\/www.radiopiu.net\/wordpress\/wp-content\/uploads\/2025\/12\/e86ea3be-a704-42c8-96be-dc91924f3186-1536x1152.jpg 1536w, https:\/\/www.radiopiu.net\/wordpress\/wp-content\/uploads\/2025\/12\/e86ea3be-a704-42c8-96be-dc91924f3186.jpg 2000w\" sizes=\"auto, (max-width: 300px) 100vw, 300px\" \/><\/a>\n\t\t\t\t<\/dt><\/dl><dl class='gallery-item'>\n\t\t\t\t<dt class='gallery-icon landscape'>\n\t\t\t\t\t<a class=\"rollover rollover-zoom dt-pswp-item\" title=\"6cdd77b1-659e-425c-9eec-8776a29c93db\" data-dt-img-description=\"\" data-large_image_width=\"2000\" data-large_image_height=\"1500\"href='https:\/\/www.radiopiu.net\/wordpress\/wp-content\/uploads\/2025\/12\/6cdd77b1-659e-425c-9eec-8776a29c93db.jpg'><img loading=\"lazy\" decoding=\"async\" width=\"300\" height=\"225\" src=\"https:\/\/www.radiopiu.net\/wordpress\/wp-content\/uploads\/2025\/12\/6cdd77b1-659e-425c-9eec-8776a29c93db-300x225.jpg\" class=\"attachment-medium size-medium\" alt=\"\" srcset=\"https:\/\/www.radiopiu.net\/wordpress\/wp-content\/uploads\/2025\/12\/6cdd77b1-659e-425c-9eec-8776a29c93db-300x225.jpg 300w, https:\/\/www.radiopiu.net\/wordpress\/wp-content\/uploads\/2025\/12\/6cdd77b1-659e-425c-9eec-8776a29c93db-1024x768.jpg 1024w, https:\/\/www.radiopiu.net\/wordpress\/wp-content\/uploads\/2025\/12\/6cdd77b1-659e-425c-9eec-8776a29c93db-768x576.jpg 768w, https:\/\/www.radiopiu.net\/wordpress\/wp-content\/uploads\/2025\/12\/6cdd77b1-659e-425c-9eec-8776a29c93db-1536x1152.jpg 1536w, https:\/\/www.radiopiu.net\/wordpress\/wp-content\/uploads\/2025\/12\/6cdd77b1-659e-425c-9eec-8776a29c93db.jpg 2000w\" sizes=\"auto, (max-width: 300px) 100vw, 300px\" \/><\/a>\n\t\t\t\t<\/dt><\/dl><br style=\"clear: both\" \/>\n\t\t\t<\/div>\n\n<p>&nbsp;<\/p>\n<hr \/>\n<p>&nbsp;<\/p>\n<h2><span style=\"color: #ff0000;\">CONSIGLI COMUNALI IN AGORDINO<\/span><\/h2>\n<p><strong><a class=\"dt-pswp-item\" href=\"https:\/\/www.radiopiu.net\/wordpress\/wp-content\/uploads\/2020\/03\/MINUTO-SILENZIO-MUNICIPIO-LIVINALLONGO.jpg\" data-dt-img-description=\"\" data-large_image_width=\"854\" data-large_image_height=\"960\"><img loading=\"lazy\" decoding=\"async\" class=\" wp-image-126458 alignleft\" src=\"https:\/\/www.radiopiu.net\/wordpress\/wp-content\/uploads\/2020\/03\/MINUTO-SILENZIO-MUNICIPIO-LIVINALLONGO-267x300.jpg\" alt=\"\" width=\"88\" height=\"99\" srcset=\"https:\/\/www.radiopiu.net\/wordpress\/wp-content\/uploads\/2020\/03\/MINUTO-SILENZIO-MUNICIPIO-LIVINALLONGO-267x300.jpg 267w, https:\/\/www.radiopiu.net\/wordpress\/wp-content\/uploads\/2020\/03\/MINUTO-SILENZIO-MUNICIPIO-LIVINALLONGO-768x863.jpg 768w, https:\/\/www.radiopiu.net\/wordpress\/wp-content\/uploads\/2020\/03\/MINUTO-SILENZIO-MUNICIPIO-LIVINALLONGO.jpg 854w\" sizes=\"auto, (max-width: 88px) 100vw, 88px\" \/><\/a> <\/strong><\/p>\n<p><strong>LIVINALLONGO<\/strong> Convocato il consiglio comunale per domani alle 20:30. Due i punti da trattare: l&#8217;addizionale IRPEF e l&#8217;imposta municipale propria (IMU) per il 2026<\/p>\n<p><strong>CANALE D&#8217;AGORDO<\/strong> Consiglio Comunale convocato mercoled\u00ec\u00a0 alle 20 nella Sala Lina Zand\u00f2 \u201cBolda\u201d. Tra i punti all\u2019ordine del giorno: conferma dell\u2019aliquota dell\u2019addizionale comunale IRPEF per il triennio 2026-2028; approvazione delle aliquote e detrazioni IMU 2026; modifica del grado di protezione di un edificio in localit\u00e0 Fregona; approvazione dell\u2019acquisto di aree comunali; concessione legname per fabbisogno 2025; verifica delle aree fabbricabili; revisione delle partecipazioni societarie al 31 dicembre 2024.<\/p>\n<p>&nbsp;<\/p>\n<p>&nbsp;<\/p>\n<hr \/>\n<p>&nbsp;<\/p>\n<blockquote>\n<h3>OPEN DAY ALLA SCUOLA DELL&#8217;INFANZIA DI AGORDO<\/h3>\n<\/blockquote>\n<p><strong><a class=\"dt-pswp-item\" href=\"https:\/\/www.radiopiu.net\/wordpress\/wp-content\/uploads\/2021\/03\/ed290f40-7d29-4675-8cf9-0210b20495e7.jpg\" data-dt-img-description=\"\" data-large_image_width=\"1984\" data-large_image_height=\"1120\"><img loading=\"lazy\" decoding=\"async\" class=\" wp-image-200591 alignleft\" src=\"https:\/\/www.radiopiu.net\/wordpress\/wp-content\/uploads\/2021\/03\/ed290f40-7d29-4675-8cf9-0210b20495e7-300x169.jpg\" alt=\"\" width=\"201\" height=\"113\" srcset=\"https:\/\/www.radiopiu.net\/wordpress\/wp-content\/uploads\/2021\/03\/ed290f40-7d29-4675-8cf9-0210b20495e7-300x169.jpg 300w, https:\/\/www.radiopiu.net\/wordpress\/wp-content\/uploads\/2021\/03\/ed290f40-7d29-4675-8cf9-0210b20495e7-1024x578.jpg 1024w, https:\/\/www.radiopiu.net\/wordpress\/wp-content\/uploads\/2021\/03\/ed290f40-7d29-4675-8cf9-0210b20495e7-768x434.jpg 768w, https:\/\/www.radiopiu.net\/wordpress\/wp-content\/uploads\/2021\/03\/ed290f40-7d29-4675-8cf9-0210b20495e7-1536x867.jpg 1536w, https:\/\/www.radiopiu.net\/wordpress\/wp-content\/uploads\/2021\/03\/ed290f40-7d29-4675-8cf9-0210b20495e7.jpg 1984w\" sizes=\"auto, (max-width: 201px) 100vw, 201px\" \/><\/a>AGORDO<\/strong> La Scuola dell\u2019Infanzia di Agordo apre le porte alle famiglie con un Open Day speciale marted\u00ec 16 dicembre, dalle 15 alle 17. Un\u2019occasione per visitare gli spazi dedicati ai pi\u00f9 piccoli, conoscere le insegnanti e permettere ai bambini di vivere in anticipo l\u2019atmosfera accogliente della scuola. Durante l\u2019incontro sar\u00e0 possibile effettuare la preiscrizione per l\u2019anno scolastico 2026\/2027 e ricevere tutte le informazioni utili. Per chiarimenti o dettagli \u00e8 possibile contattare il numero 0437 62261. La Scuola dell\u2019Infanzia di Agordo si conferma un luogo dove crescere insieme, tra serenit\u00e0, cura e gioco quotidiano.<\/p>\n<p>&nbsp;<\/p>\n<p>&nbsp;<\/p>\n<hr \/>\n<p>&nbsp;<\/p>\n<div class=\"page-title-head hgroup\">\n<blockquote>\n<h3 class=\"entry-title\"><a class=\"dt-pswp-item\" href=\"https:\/\/www.radiopiu.net\/wordpress\/wp-content\/uploads\/2025\/12\/Screenshot-2025-12-11-045542.png\" data-dt-img-description=\"\" data-large_image_width=\"651\" data-large_image_height=\"346\"><img loading=\"lazy\" decoding=\"async\" class=\"wp-image-485302 alignleft\" src=\"https:\/\/www.radiopiu.net\/wordpress\/wp-content\/uploads\/2025\/12\/Screenshot-2025-12-11-045542-300x159.png\" alt=\"\" width=\"189\" height=\"100\" srcset=\"https:\/\/www.radiopiu.net\/wordpress\/wp-content\/uploads\/2025\/12\/Screenshot-2025-12-11-045542-300x159.png 300w, https:\/\/www.radiopiu.net\/wordpress\/wp-content\/uploads\/2025\/12\/Screenshot-2025-12-11-045542.png 651w\" sizes=\"auto, (max-width: 189px) 100vw, 189px\" \/><\/a>CINEMA DI NATALE AD AGORDO<\/h3>\n<\/blockquote>\n<p data-start=\"32\" data-end=\"399\">Ad Agordo tornano le proiezioni natalizie con due serate nella Sala Don Tamis. Sabato <strong data-start=\"120\" data-end=\"143\" data-is-only-node=\"\">20 dicembre alle 20<\/strong> sar\u00e0 proiettato <em data-start=\"160\" data-end=\"179\">A Christmas Carol<\/em>, il classico di Zemeckis, adatto a famiglie e ragazzi. Domenica <strong data-start=\"246\" data-end=\"269\">21 dicembre alle 20<\/strong> toccher\u00e0 a <em data-start=\"281\" data-end=\"293\">Alcooltest<\/em>, film del 2025 girato in Valbelluna: presente anche il regista Stefano Usardi per introdurre la serata. Ingresso libero fino a esaurimento posti e momento conviviale finale per scambiarsi gli auguri.<\/p>\n<\/div>\n<p>&nbsp;<\/p>\n<hr \/>\n<p>&nbsp;<\/p>\n<blockquote>\n<h3>IL TEATRO CHE PARLA AI GIOVANI. LA STAGIONE DI TIB TEATRO \u201cGIOVED\u00cc GIOVANI H21<\/h3>\n<\/blockquote>\n<p><strong><a class=\"dt-pswp-item\" href=\"https:\/\/www.radiopiu.net\/wordpress\/wp-content\/uploads\/2025\/12\/g1_La-Sparanoia.jpg\" data-dt-img-description=\"\" data-large_image_width=\"1717\" data-large_image_height=\"1144\"><img loading=\"lazy\" decoding=\"async\" class=\" wp-image-485031 alignleft\" src=\"https:\/\/www.radiopiu.net\/wordpress\/wp-content\/uploads\/2025\/12\/g1_La-Sparanoia-300x200.jpg\" alt=\"\" width=\"164\" height=\"109\" srcset=\"https:\/\/www.radiopiu.net\/wordpress\/wp-content\/uploads\/2025\/12\/g1_La-Sparanoia-300x200.jpg 300w, https:\/\/www.radiopiu.net\/wordpress\/wp-content\/uploads\/2025\/12\/g1_La-Sparanoia-1024x682.jpg 1024w, https:\/\/www.radiopiu.net\/wordpress\/wp-content\/uploads\/2025\/12\/g1_La-Sparanoia-768x512.jpg 768w, https:\/\/www.radiopiu.net\/wordpress\/wp-content\/uploads\/2025\/12\/g1_La-Sparanoia-1536x1023.jpg 1536w, https:\/\/www.radiopiu.net\/wordpress\/wp-content\/uploads\/2025\/12\/g1_La-Sparanoia.jpg 1717w\" sizes=\"auto, (max-width: 164px) 100vw, 164px\" \/><\/a>DI ALESSIA DALL&#8217;O&#8217;<\/strong><\/p>\n<p><strong>BELLUNO <\/strong>Gioved\u00ec 11 dicembre alle 21 il Teatro Comunale Dino Buzzati inaugura la nuova stagione \u201cGioved\u00ec Giovani h21\u201d. Si apre la scena con lo spettacolo La Sparanoia di Niccol\u00f2 Fettarappa e Lorenzo Guerrieri, tra i nomi pi\u00f9 sorprendenti della giovane scena italiana. Una rassegna dedicata ai nuovi linguaggi del teatro contemporaneo, prodotta da Tib Teatro in collaborazione con Fondazione Teatri delle Dolomiti e Comune di Belluno. Lo spettacolo \u201cLa Sparanoia\u201d si apre con una frase-manifesto che dice: \u201cNon ci sono buone notizie. La Sinistra \u00e8 defunta ed \u00e8 meglio cos\u00ec.\u201d Da qui prende forma un\u2019analisi corrosiva e lucidissima che attraversa precariet\u00e0, ansie generazionali, repressioni domestiche, rivoluzioni sognate e mai realizzate, guardando dritto negli occhi delle generazioni pi\u00f9 giovani.<\/p>\n<p>&nbsp;<\/p>\n<p>&nbsp;<\/p>\n<hr \/>\n<p>&nbsp;<\/p>\n<blockquote>\n<h3>INCONTRI SULLA SALUTE E LONGEVIT\u00c0 PER I SENIOR DI CORTINA<\/h3>\n<\/blockquote>\n<p><strong><a class=\"dt-pswp-item\" href=\"https:\/\/www.radiopiu.net\/wordpress\/wp-content\/uploads\/2025\/12\/JLSAGHLJGHAO.jpg\" data-dt-img-description=\"\" data-large_image_width=\"905\" data-large_image_height=\"685\"><img loading=\"lazy\" decoding=\"async\" class=\" wp-image-483736 alignleft\" src=\"https:\/\/www.radiopiu.net\/wordpress\/wp-content\/uploads\/2025\/12\/JLSAGHLJGHAO-300x227.jpg\" alt=\"\" width=\"137\" height=\"104\" srcset=\"https:\/\/www.radiopiu.net\/wordpress\/wp-content\/uploads\/2025\/12\/JLSAGHLJGHAO-300x227.jpg 300w, https:\/\/www.radiopiu.net\/wordpress\/wp-content\/uploads\/2025\/12\/JLSAGHLJGHAO-768x581.jpg 768w, https:\/\/www.radiopiu.net\/wordpress\/wp-content\/uploads\/2025\/12\/JLSAGHLJGHAO.jpg 905w\" sizes=\"auto, (max-width: 137px) 100vw, 137px\" \/><\/a>CORTINA <\/strong>Prosegue a dicembre il ciclo di incontri promossi da Ulss Dolomiti, Comune e Azienda Speciale Servizi alla Persona di Cortina, dedicato ai senior del territorio. Dopo gli appuntamenti su Fascicolo Sanitario Elettronico, disturbi neurocognitivi e osteoporosi, le nuove serate si terranno alla Casa delle Regole dalle 20.30 alle 21.30, con focus su invecchiamento e longevit\u00e0. L\u201911 dicembre 2025 Gianfranco Conati, direttore della Geriatria di Belluno, parler\u00e0 dei fattori che favoriscono una buona qualit\u00e0 di vita con l\u2019et\u00e0. Il 18 dicembre 2025 il cardiologo Carlo Ammendolea affronter\u00e0 il tema della salute cardiovascolare negli anziani. Gli incontri offriranno momenti di informazione, dialogo e socialit\u00e0, aperti a tutta la cittadinanza.<\/p>\n<p>&nbsp;<\/p>\n<p>&nbsp;<\/p>\n<hr \/>\n<p>&nbsp;<\/p>\n<blockquote>\n<h3><strong>SERATE PER RACCONTARE BORGO VALBELLUNA: IDENTIT\u00c0, VOCI E FUTURO<\/strong><\/h3>\n<\/blockquote>\n<p><strong><a class=\"dt-pswp-item\" href=\"https:\/\/www.radiopiu.net\/wordpress\/wp-content\/uploads\/2025\/12\/CONSULTA-GIOVANI-BORGO-VALBELLUNA.jpg\" data-dt-img-description=\"\" data-large_image_width=\"394\" data-large_image_height=\"225\"><img loading=\"lazy\" decoding=\"async\" class=\" wp-image-483558 alignleft\" src=\"https:\/\/www.radiopiu.net\/wordpress\/wp-content\/uploads\/2025\/12\/CONSULTA-GIOVANI-BORGO-VALBELLUNA-300x171.jpg\" alt=\"\" width=\"133\" height=\"76\" srcset=\"https:\/\/www.radiopiu.net\/wordpress\/wp-content\/uploads\/2025\/12\/CONSULTA-GIOVANI-BORGO-VALBELLUNA-300x171.jpg 300w, https:\/\/www.radiopiu.net\/wordpress\/wp-content\/uploads\/2025\/12\/CONSULTA-GIOVANI-BORGO-VALBELLUNA.jpg 394w\" sizes=\"auto, (max-width: 133px) 100vw, 133px\" \/><\/a>BORGO VALBELLUNA <\/strong>La Consulta Giovani del Borgo organizza delle proiezioni del documentario <em>\u201cBorgo Valbelluna, quante cose in comune\u2026\u201d<\/em>, un\u2019inchiesta che esplora cosa significhi oggi far parte della comunit\u00e0 nata dall\u2019unione di Trichiana, Mel e Lentiai. Gli incontri si terranno il 13 a Lentiai e il 20 a Trichiana, sempre alle 20:30. Il film raccoglie testimonianze autentiche e talvolta divergenti sull\u2019unificazione, evidenziando perplessit\u00e0, aspettative e riflessioni sul futuro della comunit\u00e0. L\u2019iniziativa, sviluppata nell\u2019ambito del progetto \u201cGenerazione di Energia in Azione\u201d, mira a stimolare dialogo, partecipazione e nuove idee, offrendo un punto di partenza per capire chi siamo e chi vogliamo diventare.<\/p>\n<p>&nbsp;<\/p>\n<p>&nbsp;<\/p>\n<hr \/>\n<p>&nbsp;<\/p>\n<blockquote>\n<h3>LA SOLIDARIET\u00c0 CHE ILLUMINA IL FUTURO<\/h3>\n<\/blockquote>\n<p><strong><a class=\"dt-pswp-item\" href=\"https:\/\/www.radiopiu.net\/wordpress\/wp-content\/uploads\/2025\/12\/LKJFGHSOL.png\" data-dt-img-description=\"\" data-large_image_width=\"1413\" data-large_image_height=\"1037\"><img loading=\"lazy\" decoding=\"async\" class=\" wp-image-483555 alignleft\" src=\"https:\/\/www.radiopiu.net\/wordpress\/wp-content\/uploads\/2025\/12\/LKJFGHSOL-300x220.png\" alt=\"\" width=\"130\" height=\"95\" srcset=\"https:\/\/www.radiopiu.net\/wordpress\/wp-content\/uploads\/2025\/12\/LKJFGHSOL-300x220.png 300w, https:\/\/www.radiopiu.net\/wordpress\/wp-content\/uploads\/2025\/12\/LKJFGHSOL-1024x752.png 1024w, https:\/\/www.radiopiu.net\/wordpress\/wp-content\/uploads\/2025\/12\/LKJFGHSOL-768x564.png 768w, https:\/\/www.radiopiu.net\/wordpress\/wp-content\/uploads\/2025\/12\/LKJFGHSOL.png 1413w\" sizes=\"auto, (max-width: 130px) 100vw, 130px\" \/><\/a>BORGO VALBELLUNA <\/strong>Il Mercatino di Natale del Gruppo Missionario di Trichiana, dal 13 al 17 dicembre, offre molto pi\u00f9 di doni artigianali: \u00e8 un gesto concreto di solidariet\u00e0. I volontari dell\u2019oratorio hanno creato oggetti unici il cui ricavato sosterr\u00e0 i bambini poveri e orfani di Kanyakumari, nel sud dell\u2019India, accolti da Padre Mariasoosai attraverso l\u2019associazione Vidivelli. Questa realt\u00e0 offre istruzione, protezione e nuove opportunit\u00e0 a chi ne ha pi\u00f9 bisogno. Scegliere un regalo significa aiutare un bambino a costruire un futuro migliore e diventare parte di una luce che scalda e guida.<\/p>\n<p>&nbsp;<\/p>\n<p>&nbsp;<\/p>\n<hr \/>\n<p>&nbsp;<\/p>\n<blockquote>\n<h3>PARLIAMO DI ZECCHE: PREVENZIONE E CONSAPEVOLEZZA A SAN GREGORIO<\/h3>\n<\/blockquote>\n<p><strong><a class=\"dt-pswp-item\" href=\"https:\/\/www.radiopiu.net\/wordpress\/wp-content\/uploads\/2025\/12\/ZECCHE.jpg\" data-dt-img-description=\"\" data-large_image_width=\"517\" data-large_image_height=\"253\"><img loading=\"lazy\" decoding=\"async\" class=\" wp-image-483576 alignleft\" src=\"https:\/\/www.radiopiu.net\/wordpress\/wp-content\/uploads\/2025\/12\/ZECCHE-300x147.jpg\" alt=\"\" width=\"137\" height=\"67\" srcset=\"https:\/\/www.radiopiu.net\/wordpress\/wp-content\/uploads\/2025\/12\/ZECCHE-300x147.jpg 300w, https:\/\/www.radiopiu.net\/wordpress\/wp-content\/uploads\/2025\/12\/ZECCHE.jpg 517w\" sizes=\"auto, (max-width: 137px) 100vw, 137px\" \/><\/a>SAN GREGORIO NELLE ALPI <\/strong>Oggi, dalle 20.30 alle 22.00, presso la Sala Tina Merlin di San Gregorio nelle Alpi, la Fondazione Giovanni Angelini e l\u2019Universit\u00e0 Ca\u2019 Foscari presentano la serata <em data-start=\"322\" data-end=\"390\">Parliamo di Zecche. Percezione e gestione del rischio di infezione<\/em>, con il patrocinio del Comune e della Provincia di Belluno. Deborah Nadal illustrer\u00e0 i risultati dello studio triennale <em data-start=\"511\" data-end=\"522\">MULTIBODI<\/em> sulle conoscenze e preoccupazioni della popolazione riguardo alle zecche, mentre il Dott. Giangiacomo Nicolini approfondir\u00e0 prevenzione, diagnosi e cura. L\u2019incontro stimola una riflessione condivisa su salute umana, animale e ambientale, preparando la comunit\u00e0 a gestire la stagione primaverile.<\/p>\n<p>&nbsp;<\/p>\n<p>&nbsp;<\/p>\n<hr \/>\n<p>&nbsp;<\/p>\n<blockquote>\n<h3>DARIO SORGATO E IL CAMMINO COME STRUMENTO DI INCLUSIONE<\/h3>\n<\/blockquote>\n<p><strong><a class=\"dt-pswp-item\" href=\"https:\/\/www.radiopiu.net\/wordpress\/wp-content\/uploads\/2025\/12\/Dario-Sorgato-2.jpg\" data-dt-img-description=\"\" data-large_image_width=\"2016\" data-large_image_height=\"908\"><img loading=\"lazy\" decoding=\"async\" class=\" wp-image-484148 alignleft\" src=\"https:\/\/www.radiopiu.net\/wordpress\/wp-content\/uploads\/2025\/12\/Dario-Sorgato-2-300x135.jpg\" alt=\"\" width=\"151\" height=\"68\" srcset=\"https:\/\/www.radiopiu.net\/wordpress\/wp-content\/uploads\/2025\/12\/Dario-Sorgato-2-300x135.jpg 300w, https:\/\/www.radiopiu.net\/wordpress\/wp-content\/uploads\/2025\/12\/Dario-Sorgato-2-1024x461.jpg 1024w, https:\/\/www.radiopiu.net\/wordpress\/wp-content\/uploads\/2025\/12\/Dario-Sorgato-2-768x346.jpg 768w, https:\/\/www.radiopiu.net\/wordpress\/wp-content\/uploads\/2025\/12\/Dario-Sorgato-2-1536x692.jpg 1536w, https:\/\/www.radiopiu.net\/wordpress\/wp-content\/uploads\/2025\/12\/Dario-Sorgato-2.jpg 2016w\" sizes=\"auto, (max-width: 151px) 100vw, 151px\" \/><\/a>BELLUNO <\/strong>Oggi, alle 18, Dario Sorgato presenta \u201cGuarda dove cammini\u201d al centro culturale Crepadona, nell\u2019ambito della rassegna Oltre le Vette e della Giornata internazionale della Montagna. Nonostante la disabilit\u00e0 sensoriale, Sorgato ha trasformato il cammino in strumento di inclusione sociale, organizzando viaggi a piedi accessibili a chi vede poco o nulla. Nel libro racconta le sue esperienze in Italia e all\u2019estero e propone un vademecum per percorsi inclusivi. Dialogher\u00e0 con la giornalista Cristina Da Rold. L\u2019evento apre la 29\u00aa edizione del festival \u201cOltre le Vette\u201d, che prosegue con mostre e appuntamenti fino al gennaio 2026.<\/p>\n<p>&nbsp;<\/p>\n<p>&nbsp;<\/p>\n<hr \/>\n<p>&nbsp;<\/p>\n<blockquote>\n<h3><a class=\"dt-pswp-item\" href=\"https:\/\/www.radiopiu.net\/wordpress\/wp-content\/uploads\/2025\/12\/Spettacolo-Dislessia_Francesco-Riva0001-00.jpg\" data-dt-img-description=\"\" data-large_image_width=\"827\" data-large_image_height=\"1169\"><img loading=\"lazy\" decoding=\"async\" class=\" wp-image-484741 alignleft\" src=\"https:\/\/www.radiopiu.net\/wordpress\/wp-content\/uploads\/2025\/12\/Spettacolo-Dislessia_Francesco-Riva0001-00-212x300.jpg\" alt=\"\" width=\"141\" height=\"199\" srcset=\"https:\/\/www.radiopiu.net\/wordpress\/wp-content\/uploads\/2025\/12\/Spettacolo-Dislessia_Francesco-Riva0001-00-212x300.jpg 212w, https:\/\/www.radiopiu.net\/wordpress\/wp-content\/uploads\/2025\/12\/Spettacolo-Dislessia_Francesco-Riva0001-00-724x1024.jpg 724w, https:\/\/www.radiopiu.net\/wordpress\/wp-content\/uploads\/2025\/12\/Spettacolo-Dislessia_Francesco-Riva0001-00-768x1086.jpg 768w, https:\/\/www.radiopiu.net\/wordpress\/wp-content\/uploads\/2025\/12\/Spettacolo-Dislessia_Francesco-Riva0001-00.jpg 827w\" sizes=\"auto, (max-width: 141px) 100vw, 141px\" \/><\/a>DISLESSIA A BELLUNO: FRANCESCO RIVA PORTA IN SCENA LA DIVERSIT\u00c0 CHE ARRICCHISCE<\/h3>\n<\/blockquote>\n<p><strong>BELLUNO <\/strong>Tre repliche dello spettacolo \u201cDislessia\u2026 dove sei Albert?\u201d porteranno a Belluno un\u2019importante riflessione su questo disturbo della lettura, non una malattia ma un diverso funzionamento del cervello. Le Scuole in Rete e varie associazioni propongono il monologo di Francesco Riva, che racconta la storia di Giacomo, bambino frainteso da scuola e famiglia. L\u2019opera, gi\u00e0 rappresentata in molte scuole e convegni medici e premiata dalla Presidenza della Repubblica, sensibilizza sul valore dell\u2019inclusione. L\u2019appuntamento per la cittadinanza \u00e8 domani alle 20.30 al teatro Giovanni XXIII, con ingresso gratuito. Previste due repliche dedicate a studenti delle superiori e medie. Prenotazioni su studentibelluno.it<\/p>\n<p>&nbsp;<\/p>\n<p>&nbsp;<\/p>\n<hr \/>\n<p>&nbsp;<\/p>\n<blockquote>\n<h3>SICUREZZA ALIMENTARE NEI PRIMI 1000 GIORNI: INCONTRO A FELTRE<\/h3>\n<\/blockquote>\n<p><strong><a class=\"dt-pswp-item\" href=\"https:\/\/www.radiopiu.net\/wordpress\/wp-content\/uploads\/2025\/12\/SCR-20251209-rdpy.jpeg\" data-dt-img-description=\"\" data-large_image_width=\"1458\" data-large_image_height=\"986\"><img loading=\"lazy\" decoding=\"async\" class=\" wp-image-485081 alignleft\" src=\"https:\/\/www.radiopiu.net\/wordpress\/wp-content\/uploads\/2025\/12\/SCR-20251209-rdpy-300x203.jpeg\" alt=\"\" width=\"123\" height=\"83\" srcset=\"https:\/\/www.radiopiu.net\/wordpress\/wp-content\/uploads\/2025\/12\/SCR-20251209-rdpy-300x203.jpeg 300w, https:\/\/www.radiopiu.net\/wordpress\/wp-content\/uploads\/2025\/12\/SCR-20251209-rdpy-1024x692.jpeg 1024w, https:\/\/www.radiopiu.net\/wordpress\/wp-content\/uploads\/2025\/12\/SCR-20251209-rdpy-768x519.jpeg 768w, https:\/\/www.radiopiu.net\/wordpress\/wp-content\/uploads\/2025\/12\/SCR-20251209-rdpy.jpeg 1458w\" sizes=\"auto, (max-width: 123px) 100vw, 123px\" \/><\/a>FELTRE <\/strong>L\u2019Ulss Dolomiti organizza domani, all\u2019ospedale di Feltre, un incontro dedicato alla sicurezza alimentare nei primi mille giorni di vita. Il medico veterinario Andrea Gazzetta, in collaborazione con le ostetriche del consultorio familiare, affronter\u00e0 temi di igiene domestica e corretta gestione degli alimenti per proteggere i pi\u00f9 piccoli. L\u2019appuntamento, rivolto a donne in gravidanza, neogenitori e nonni, segue l\u2019approccio One Health e inaugura un ciclo di incontri sulla sicurezza domestica.<\/p>\n<p>&nbsp;<\/p>\n<p>&nbsp;<\/p>\n<hr \/>\n<p>&nbsp;<\/p>\n<h3><strong data-start=\"97\" data-end=\"149\"><a class=\"dt-pswp-item\" href=\"https:\/\/www.radiopiu.net\/wordpress\/wp-content\/uploads\/2025\/12\/foto-coro-Adunata.jpg\" data-dt-img-description=\"\" data-large_image_width=\"1024\" data-large_image_height=\"683\"><img loading=\"lazy\" decoding=\"async\" class=\" wp-image-484976 alignleft\" src=\"https:\/\/www.radiopiu.net\/wordpress\/wp-content\/uploads\/2025\/12\/foto-coro-Adunata-300x200.jpg\" alt=\"\" width=\"236\" height=\"157\" srcset=\"https:\/\/www.radiopiu.net\/wordpress\/wp-content\/uploads\/2025\/12\/foto-coro-Adunata-300x200.jpg 300w, https:\/\/www.radiopiu.net\/wordpress\/wp-content\/uploads\/2025\/12\/foto-coro-Adunata-768x512.jpg 768w, https:\/\/www.radiopiu.net\/wordpress\/wp-content\/uploads\/2025\/12\/foto-coro-Adunata.jpg 1024w\" sizes=\"auto, (max-width: 236px) 100vw, 236px\" \/><\/a><\/strong>CONCERTO PER I 25 ANNI DEL CORO A.N.A. \u201cADUNATA\u201d<\/h3>\n<p><strong>BELLUNO<\/strong> Il Coro A.N.A. \u201cAdunata\u201d della Sezione di Belluno celebra i suoi 25 anni con un concerto speciale <strong data-start=\"249\" data-end=\"280\">domani alle 17<\/strong>, nella chiesa di Santo Stefano. Fondato nel 2000 da un gruppo di alpini, il coro ha partecipato a tutte le Adunate Nazionali dal 2001 ed \u00e8 oggi coro ufficiale della Sezione A.N.A. di Belluno. Per l\u2019anniversario proporr\u00e0 un programma insolito: non i classici canti alpini, ma brani regionali dedicati alle citt\u00e0 che hanno ospitato le Adunate negli ultimi 25 anni, dalla Sicilia alla Val d\u2019Aosta, fino a Trieste. In chiusura anche un canto natalizio. Ingresso libero.<\/p>\n<p>&nbsp;<\/p>\n<p>&nbsp;<\/p>\n<hr \/>\n<p>&nbsp;<\/p>\n<blockquote>\n<h3>MOUNTAINE CLUB: L\u2019APR\u00c8S-SKI CHE PRENDE QUOTA A CIMA UOMO<\/h3>\n<\/blockquote>\n<p><strong><a class=\"dt-pswp-item\" href=\"https:\/\/www.radiopiu.net\/wordpress\/wp-content\/uploads\/2025\/12\/3d0ba020-5bf3-435c-a342-403dd2ffe7e1.jpg\" data-dt-img-description=\"\" data-large_image_width=\"816\" data-large_image_height=\"1022\"><img loading=\"lazy\" decoding=\"async\" class=\" wp-image-485196 alignleft\" src=\"https:\/\/www.radiopiu.net\/wordpress\/wp-content\/uploads\/2025\/12\/3d0ba020-5bf3-435c-a342-403dd2ffe7e1-240x300.jpg\" alt=\"\" width=\"156\" height=\"195\" srcset=\"https:\/\/www.radiopiu.net\/wordpress\/wp-content\/uploads\/2025\/12\/3d0ba020-5bf3-435c-a342-403dd2ffe7e1-240x300.jpg 240w, https:\/\/www.radiopiu.net\/wordpress\/wp-content\/uploads\/2025\/12\/3d0ba020-5bf3-435c-a342-403dd2ffe7e1-768x962.jpg 768w, https:\/\/www.radiopiu.net\/wordpress\/wp-content\/uploads\/2025\/12\/3d0ba020-5bf3-435c-a342-403dd2ffe7e1.jpg 816w\" sizes=\"auto, (max-width: 156px) 100vw, 156px\" \/><\/a>PASSO SAN PELLEGRINO <\/strong>Al Rifugio Chalet Cima Uomo, al Passo San Pellegrino, l\u2019apr\u00e8s-ski si trasforma in un vero evento grazie al nuovo Mountaine Club, l\u2019appuntamento del weekend che promette emozioni ad alta quota. Ogni sabato e domenica, dalle 13, l\u2019atmosfera si accende tra SKI, FOOD, WINE e COCKTAILS, in un mix irresistibile di gusto, musica e panorami mozzafiato. Raggiungere la terrazza del rifugio significa immergersi nel profumo della montagna e lasciarsi travolgere dall\u2019energia di un pomeriggio pensato per chi vuole vivere l\u2019esperienza sciistica in modo diverso, pi\u00f9 coinvolgente e festoso. A firmare la colonna sonora ci sono DJ Titta e Daniel Liberatore, pronti a trasformare ogni appuntamento in una festa da ricordare. Tra un calice di vino e un buon piatto, il sole che cala sulle vette diventa lo scenario perfetto per un apr\u00e8s-ski unico. Al Rifugio Cima Uomo, il divertimento\u2026 prende davvero quota.<\/p>\n<p>&nbsp;<\/p>\n<p>&nbsp;<\/p>\n<hr \/>\n<p>&nbsp;<\/p>\n<blockquote>\n<h3>VISITE IRIDOLOGICHE ALLA PARAFARMACIA DI AGORDO<\/h3>\n<\/blockquote>\n<p><strong><a class=\"dt-pswp-item\" href=\"https:\/\/www.radiopiu.net\/wordpress\/wp-content\/uploads\/2025\/12\/7f37f869-88e3-4fbe-a91c-22b7b3b4f585.jpg\" data-dt-img-description=\"\" data-large_image_width=\"1149\" data-large_image_height=\"1600\"><img loading=\"lazy\" decoding=\"async\" class=\" wp-image-485257 alignleft\" src=\"https:\/\/www.radiopiu.net\/wordpress\/wp-content\/uploads\/2025\/12\/7f37f869-88e3-4fbe-a91c-22b7b3b4f585-215x300.jpg\" alt=\"\" width=\"82\" height=\"114\" srcset=\"https:\/\/www.radiopiu.net\/wordpress\/wp-content\/uploads\/2025\/12\/7f37f869-88e3-4fbe-a91c-22b7b3b4f585-215x300.jpg 215w, https:\/\/www.radiopiu.net\/wordpress\/wp-content\/uploads\/2025\/12\/7f37f869-88e3-4fbe-a91c-22b7b3b4f585-735x1024.jpg 735w, https:\/\/www.radiopiu.net\/wordpress\/wp-content\/uploads\/2025\/12\/7f37f869-88e3-4fbe-a91c-22b7b3b4f585-768x1069.jpg 768w, https:\/\/www.radiopiu.net\/wordpress\/wp-content\/uploads\/2025\/12\/7f37f869-88e3-4fbe-a91c-22b7b3b4f585-1103x1536.jpg 1103w, https:\/\/www.radiopiu.net\/wordpress\/wp-content\/uploads\/2025\/12\/7f37f869-88e3-4fbe-a91c-22b7b3b4f585.jpg 1149w\" sizes=\"auto, (max-width: 82px) 100vw, 82px\" \/><\/a>AGORDO <\/strong>Sabato la Parafarmacia della Dottoressa Nadia Bulf al Centro Ganz di Agordo ospiter\u00e0 una giornata dedicata alle visite iridologiche, una pratica alternativa che sostiene di poter leggere lo stato di benessere fisico e mentale attraverso l\u2019osservazione dell\u2019iride. L\u2019iniziativa, promossa per offrire ai cittadini uno sguardo diverso sul tema della salute, prevede colloqui individuali con un iridologo, durante i quali verranno analizzati colori, forme e segni dell\u2019occhio per trarne indicazioni sul possibile equilibrio dell\u2019organismo. La parafarmacia invita gli interessati a prenotare in anticipo contattando il 0437 866683<\/p>\n<p>&nbsp;<\/p>\n<p>&nbsp;<\/p>\n<hr \/>\n<p>&nbsp;<\/p>\n<blockquote>\n<h3>GIULIA BLASI: \u201cLA FELICIT\u00c0 \u00c8 UN ATTO POLITICO\u201d. A BELLUNO L\u2019INCONTRO APERTO ALLA CITT\u00c0<\/h3>\n<\/blockquote>\n<p><strong><a class=\"dt-pswp-item\" href=\"https:\/\/www.radiopiu.net\/wordpress\/wp-content\/uploads\/2025\/12\/giulia_blasi-3.jpg\" data-dt-img-description=\"\" data-large_image_width=\"265\" data-large_image_height=\"310\"><img loading=\"lazy\" decoding=\"async\" class=\" wp-image-485057 alignleft\" src=\"https:\/\/www.radiopiu.net\/wordpress\/wp-content\/uploads\/2025\/12\/giulia_blasi-3-256x300.jpg\" alt=\"\" width=\"119\" height=\"139\" srcset=\"https:\/\/www.radiopiu.net\/wordpress\/wp-content\/uploads\/2025\/12\/giulia_blasi-3-256x300.jpg 256w, https:\/\/www.radiopiu.net\/wordpress\/wp-content\/uploads\/2025\/12\/giulia_blasi-3.jpg 265w\" sizes=\"auto, (max-width: 119px) 100vw, 119px\" \/><\/a>DI ALESSIA DALL&#8217;O&#8217;<\/strong><\/p>\n<p><strong>BELLUNO <\/strong>Sabato 13 dicembre alle 17, presso\u00a0 Casa dei Beni Comuni, un incontro con Giulia Blasi, scrittrice, giornalista e una delle voci pi\u00f9 importanti del femminismo italiano. In tour con il nuovo libro La felicit\u00e0 \u00e8 un atto politico, Blasi dialogher\u00e0 con il pubblico in un incontro organizzato da Non Una di Meno Belluno. Attivista nota per la campagna #quellavoltache, la \u201cMeToo italiana\u201d, Blasi porter\u00e0 riflessioni su corpo, potere e autodeterminazione. Per chi segue la scena del pensiero femminista contemporaneo ma non solo, si tratta di un appuntamento da non perdere.<\/p>\n<p>&nbsp;<\/p>\n<p>&nbsp;<\/p>\n<p>&nbsp;<\/p>\n<p>&nbsp;<\/p>\n<hr \/>\n<p>&nbsp;<\/p>\n<blockquote>\n<h3><a class=\"dt-pswp-item\" href=\"https:\/\/www.radiopiu.net\/wordpress\/wp-content\/uploads\/2025\/12\/SCR-20251208-piot.jpeg\" data-dt-img-description=\"\" data-large_image_width=\"1476\" data-large_image_height=\"1960\"><img loading=\"lazy\" decoding=\"async\" class=\" wp-image-484824 alignleft\" src=\"https:\/\/www.radiopiu.net\/wordpress\/wp-content\/uploads\/2025\/12\/SCR-20251208-piot-226x300.jpeg\" alt=\"\" width=\"102\" height=\"135\" srcset=\"https:\/\/www.radiopiu.net\/wordpress\/wp-content\/uploads\/2025\/12\/SCR-20251208-piot-226x300.jpeg 226w, https:\/\/www.radiopiu.net\/wordpress\/wp-content\/uploads\/2025\/12\/SCR-20251208-piot-771x1024.jpeg 771w, https:\/\/www.radiopiu.net\/wordpress\/wp-content\/uploads\/2025\/12\/SCR-20251208-piot-768x1020.jpeg 768w, https:\/\/www.radiopiu.net\/wordpress\/wp-content\/uploads\/2025\/12\/SCR-20251208-piot-1157x1536.jpeg 1157w, https:\/\/www.radiopiu.net\/wordpress\/wp-content\/uploads\/2025\/12\/SCR-20251208-piot.jpeg 1476w\" sizes=\"auto, (max-width: 102px) 100vw, 102px\" \/><\/a>CONCERTO DI NATALE A TRICHIANA: MUSICA DI UNIT\u00c0 E SPERANZA<\/h3>\n<\/blockquote>\n<p><strong>BORGO VALBELLUNA <\/strong>Domenica 14 dicembre 2025, alle 17:00, la Chiesa Arcipretale di Trichiana ospiter\u00e0 il tradizionale Concerto di Natale, momento atteso dalla comunit\u00e0. Il Presidente Paolo Gardenal sottolinea il valore della musica come voce di speranza e unit\u00e0 in tempi difficili. Ospite speciale sar\u00e0 il prestigioso Coro Polifonico San Biagio di Montorso Vicentino, diretto da Francesco Grigolo. Si esibiranno anche il Coro Polifonico di Trichiana e la Schola Cantorum Trichianensis. La serata, presentata da Edoardo Comiotto, avr\u00e0 ingresso libero.<\/p>\n<p>&nbsp;<\/p>\n<p>&nbsp;<\/p>\n<p>&nbsp;<\/p>\n<hr \/>\n<p>&nbsp;<\/p>\n<blockquote>\n<h3>PRESENTAZIONE DEL SAGGIO SULL\u2019EMIGRAZIONE BELLUNESE IN BELGIO<\/h3>\n<\/blockquote>\n<p><strong><a class=\"dt-pswp-item\" href=\"https:\/\/www.radiopiu.net\/wordpress\/wp-content\/uploads\/2025\/11\/PASU.jpg\" data-dt-img-description=\"\" data-large_image_width=\"891\" data-large_image_height=\"611\"><img loading=\"lazy\" decoding=\"async\" class=\" wp-image-482742 alignleft\" src=\"https:\/\/www.radiopiu.net\/wordpress\/wp-content\/uploads\/2025\/11\/PASU-300x206.jpg\" alt=\"\" width=\"131\" height=\"90\" srcset=\"https:\/\/www.radiopiu.net\/wordpress\/wp-content\/uploads\/2025\/11\/PASU-300x206.jpg 300w, https:\/\/www.radiopiu.net\/wordpress\/wp-content\/uploads\/2025\/11\/PASU-768x527.jpg 768w, https:\/\/www.radiopiu.net\/wordpress\/wp-content\/uploads\/2025\/11\/PASU.jpg 891w\" sizes=\"auto, (max-width: 131px) 100vw, 131px\" \/><\/a>BELLUNO <\/strong>Sabato 13 dicembre alle 17, presso la sede del Circolo \u201cLa Terra dei Padri \u2013 Belluno APS\u201d, Egidio Pasuch presenter\u00e0 il suo saggio <em>I neri fantasmi di Marcinelle<\/em>, dedicato alla storia dell\u2019emigrazione bellunese in Belgio. L\u2019evento, organizzato con la Lega Nazionale e le Edizioni Bellunesi nel Mondo, sar\u00e0 moderato da Francesco Dematt\u00e8. Il libro analizza cause, dimensioni e conseguenze di un secolo di emigrazione, soffermandosi sulla tragedia della miniera di Marcinelle e sulla sua eredit\u00e0 per le generazioni attuali.<\/p>\n<p>&nbsp;<\/p>\n<p>&nbsp;<\/p>\n<hr \/>\n<p>&nbsp;<\/p>\n<h3 data-start=\"0\" data-end=\"61\"><strong data-start=\"0\" data-end=\"61\"><a class=\"dt-pswp-item\" href=\"https:\/\/www.radiopiu.net\/wordpress\/wp-content\/uploads\/2025\/12\/Screenshot-2025-12-09-104618.png\" data-dt-img-description=\"\" data-large_image_width=\"521\" data-large_image_height=\"236\"><img loading=\"lazy\" decoding=\"async\" class=\" wp-image-484960 alignleft\" src=\"https:\/\/www.radiopiu.net\/wordpress\/wp-content\/uploads\/2025\/12\/Screenshot-2025-12-09-104618-300x136.png\" alt=\"\" width=\"199\" height=\"90\" srcset=\"https:\/\/www.radiopiu.net\/wordpress\/wp-content\/uploads\/2025\/12\/Screenshot-2025-12-09-104618-300x136.png 300w, https:\/\/www.radiopiu.net\/wordpress\/wp-content\/uploads\/2025\/12\/Screenshot-2025-12-09-104618.png 521w\" sizes=\"auto, (max-width: 199px) 100vw, 199px\" \/><\/a><\/strong>POESIA E MUSICA PER ATTENDERE IL NATALE<\/h3>\n<p><strong data-start=\"0\" data-end=\"61\"> PIEVE DI CADORE <\/strong>Gioved\u00ec 18 dicembre alle 17.30 Pieve di Cadore ospita un appuntamento speciale: <em data-start=\"143\" data-end=\"181\">Poesia e Musica aspettando il Natale<\/em>, presso La Loda della Cartoleria Tiziano. Protagonisti della serata il <strong data-start=\"256\" data-end=\"291\">Laboratorio di Scrittura Cadore<\/strong> e <strong data-start=\"294\" data-end=\"313\">Andrea Da Cort\u00e0<\/strong>, in un incontro che unisce parole, musica e atmosfera natalizia. L\u2019evento si svolge all\u2019interno della mostra <em data-start=\"423\" data-end=\"462\">Ritratti di famiglia e altri ritratti<\/em> di Giovanna Deppi, che raccoglie disegni, poesie e sculture. Ingresso libero, con brindisi offerto al termine. Un momento di cultura e comunit\u00e0 nel cuore del Cadore.<\/p>\n<p>&nbsp;<\/p>\n<p>&nbsp;<\/p>\n<hr \/>\n<p>&nbsp;<\/p>\n<blockquote>\n<h3>ASPETTANDO IL NATALE: CONCERTO CORALE A FELTRE<\/h3>\n<\/blockquote>\n<p><strong><a class=\"dt-pswp-item\" href=\"https:\/\/www.radiopiu.net\/wordpress\/wp-content\/uploads\/2025\/12\/VOCI-IN-CANTO.png\" data-dt-img-description=\"\" data-large_image_width=\"676\" data-large_image_height=\"290\"><img loading=\"lazy\" decoding=\"async\" class=\" wp-image-484563 alignleft\" src=\"https:\/\/www.radiopiu.net\/wordpress\/wp-content\/uploads\/2025\/12\/VOCI-IN-CANTO-300x129.png\" alt=\"\" width=\"184\" height=\"79\" srcset=\"https:\/\/www.radiopiu.net\/wordpress\/wp-content\/uploads\/2025\/12\/VOCI-IN-CANTO-300x129.png 300w, https:\/\/www.radiopiu.net\/wordpress\/wp-content\/uploads\/2025\/12\/VOCI-IN-CANTO.png 676w\" sizes=\"auto, (max-width: 184px) 100vw, 184px\" \/><\/a>FELTRE <\/strong>Il Coro \u201cVocincanto\u201d di Feltre organizza il concerto <em>Aspettando il Natale<\/em>, in programma sabato 20 dicembre alle 20.30 nella Chiesa di Santa Maria degli Angeli. Insieme al coro femminile ospite il Coro \u201cGli Ant\u00e8nori\u201d di Padova. L\u2019evento, patrocinato dal Comune di Feltre e inserito nel ciclo \u201cNativitas\u201d, proporr\u00e0 musiche dal XIII secolo al Novecento dedicate all\u2019Avvento e alla tradizione natalizia, per una serata ricca di armonie e atmosfera.<\/p>\n<p>&nbsp;<\/p>\n<p>&nbsp;<\/p>\n<hr \/>\n<p>&nbsp;<\/p>\n<blockquote>\n<h3>VENT\u2019ANNI DOPO TORNA IN SALA IL CORTOMETRAGGIO REALIZZATO DA PERSONE CON DISABILIT\u00c0 UMANICHINI<\/h3>\n<\/blockquote>\n<p><b><a class=\"dt-pswp-item\" href=\"https:\/\/www.radiopiu.net\/wordpress\/wp-content\/uploads\/2025\/12\/Umanichini.png\" data-dt-img-description=\"\" data-large_image_width=\"1748\" data-large_image_height=\"1240\"><img loading=\"lazy\" decoding=\"async\" class=\" wp-image-485020 alignleft\" src=\"https:\/\/www.radiopiu.net\/wordpress\/wp-content\/uploads\/2025\/12\/Umanichini-300x213.png\" alt=\"\" width=\"182\" height=\"129\" srcset=\"https:\/\/www.radiopiu.net\/wordpress\/wp-content\/uploads\/2025\/12\/Umanichini-300x213.png 300w, https:\/\/www.radiopiu.net\/wordpress\/wp-content\/uploads\/2025\/12\/Umanichini-1024x726.png 1024w, https:\/\/www.radiopiu.net\/wordpress\/wp-content\/uploads\/2025\/12\/Umanichini-768x545.png 768w, https:\/\/www.radiopiu.net\/wordpress\/wp-content\/uploads\/2025\/12\/Umanichini-1536x1090.png 1536w, https:\/\/www.radiopiu.net\/wordpress\/wp-content\/uploads\/2025\/12\/Umanichini.png 1748w\" sizes=\"auto, (max-width: 182px) 100vw, 182px\" \/><\/a>DI ALESSIA DALL&#8217;O&#8217;<\/b><\/p>\n<p><strong>BELLUNO <\/strong>A esatti vent\u2019anni dalla realizzazione, torna in sala \u201cUmanichini\u201d, il cortometraggio creato nel 2005 dalle persone con disabilit\u00e0 dei Centri Diurni della Cooperativa bellunese Societ\u00e0 Nuova. Il film, che all\u2019epoca riscosse molti apprezzamenti, racconta una storia d\u2019amore universale e segn\u00f2 non solo un momento di comunit\u00e0, ma soprattutto una svolta nel modo di vedere le abilit\u00e0 degli ospiti della cooperativa. La proiezione, con un momento di approfondimento su l&#8217;autodeterminazione della persona con disabilit\u00e0, \u00e8 in programma luned\u00ec 22 dicembre alle 18 a Palazzo Crepadona. Evento gratuito, prenotazione obbligatoria.<\/p>\n<p>&nbsp;<\/p>\n<p>&nbsp;<\/p>\n<hr \/>\n<p>&nbsp;<\/p>\n<p>&nbsp;<\/p>\n<p><a class=\"dt-pswp-item\" href=\"https:\/\/www.radiopiu.net\/wordpress\/wp-content\/uploads\/2025\/12\/c426f751-8d41-4d50-a1fd-e466420174b1.jpg\" data-dt-img-description=\"\" data-large_image_width=\"1214\" data-large_image_height=\"976\"><img loading=\"lazy\" decoding=\"async\" class=\"size-medium wp-image-485337 aligncenter\" src=\"https:\/\/www.radiopiu.net\/wordpress\/wp-content\/uploads\/2025\/12\/c426f751-8d41-4d50-a1fd-e466420174b1-300x241.jpg\" alt=\"\" width=\"300\" height=\"241\" srcset=\"https:\/\/www.radiopiu.net\/wordpress\/wp-content\/uploads\/2025\/12\/c426f751-8d41-4d50-a1fd-e466420174b1-300x241.jpg 300w, https:\/\/www.radiopiu.net\/wordpress\/wp-content\/uploads\/2025\/12\/c426f751-8d41-4d50-a1fd-e466420174b1-1024x823.jpg 1024w, https:\/\/www.radiopiu.net\/wordpress\/wp-content\/uploads\/2025\/12\/c426f751-8d41-4d50-a1fd-e466420174b1-768x617.jpg 768w, https:\/\/www.radiopiu.net\/wordpress\/wp-content\/uploads\/2025\/12\/c426f751-8d41-4d50-a1fd-e466420174b1.jpg 1214w\" sizes=\"auto, (max-width: 300px) 100vw, 300px\" \/><\/a><\/p>\n<p>&nbsp;<\/p>\n<p>&nbsp;<\/p>\n<h1><span style=\"color: #ff6600;\">IERI ALLA RADIO<\/span><\/h1>\n<h2><span style=\"color: #ff00ff;\">I MILLE PASSI, DAI DIARI DI MORGANA &#8211; ALICE BETTOLO<\/span><\/h2>\n<blockquote>\n<h2>CAPITOLO 24 &#8220;LE PAGINE PERDUTE&#8221;<\/h2>\n<\/blockquote>\n<p><a class=\"dt-pswp-item\" href=\"https:\/\/www.radiopiu.net\/wordpress\/wp-content\/uploads\/2025\/12\/024-Le-pagine-perdute.jpg\" data-dt-img-description=\"\" data-large_image_width=\"600\" data-large_image_height=\"611\"><img loading=\"lazy\" decoding=\"async\" class=\"wp-image-485164 alignleft\" src=\"https:\/\/www.radiopiu.net\/wordpress\/wp-content\/uploads\/2025\/12\/024-Le-pagine-perdute-295x300.jpg\" alt=\"\" width=\"161\" height=\"164\" srcset=\"https:\/\/www.radiopiu.net\/wordpress\/wp-content\/uploads\/2025\/12\/024-Le-pagine-perdute-295x300.jpg 295w, https:\/\/www.radiopiu.net\/wordpress\/wp-content\/uploads\/2025\/12\/024-Le-pagine-perdute.jpg 600w\" sizes=\"auto, (max-width: 161px) 100vw, 161px\" \/><\/a>In fondo facciamo tutti la stessa cosa: rubiamo pezzetti di felicit\u00e0 per sentirci meglio. Che sia con gli abbracci, quando sono belli e compresi e comprensivi, che sia unendo i nostri corpi in amplessi mistici e reattivi, che sia con l&#8217;amicizia, l&#8217;unica maniera per poter andare avanti \u00e8 la condivisione.<\/p>\n<p>In realt\u00e0 ho voglia di incontrare persone che mi rispettino per l&#8217;essere pieno di contraddizioni che sono. Non ho voglia di uomini mediocri che pensano solamente al loro piacere. Ho voglia di sentire una vibrazione che voli in alto. O forse sono ancora una volta io che non mi so rispettare?<\/p>\n<p>&nbsp;<\/p>\n<p>AUDIO<\/p>\n<audio class=\"wp-audio-shortcode\" id=\"audio-485104-13\" preload=\"none\" style=\"width: 100%;\" controls=\"controls\"><source type=\"audio\/mpeg\" src=\"https:\/\/www.radiopiu.net\/wordpress\/wp-content\/uploads\/2025\/12\/024-Le-pagine-perdute.mp3?_=13\" \/><a href=\"https:\/\/www.radiopiu.net\/wordpress\/wp-content\/uploads\/2025\/12\/024-Le-pagine-perdute.mp3\">https:\/\/www.radiopiu.net\/wordpress\/wp-content\/uploads\/2025\/12\/024-Le-pagine-perdute.mp3<\/a><\/audio>\n<p>&nbsp;<\/p>\n<p>LA RACCOLTA COMPLETA <span style=\"color: #0000ff;\"><strong><a style=\"color: #0000ff;\" href=\"https:\/\/www.radiopiu.net\/wordpress\/i-mille-passi\/\">CLICCA QUI<\/a><\/strong><\/span><\/p>\n<p>&nbsp;<\/p>\n<hr \/>\n<p>&nbsp;<\/p>\n<h2><span style=\"color: #ff0000;\">LIBER&#8230; SULLE ORME DI LIANA CAVALLET<\/span><\/h2>\n<blockquote><p><span style=\"color: #ff0000;\"><strong><a class=\"dt-pswp-item\" href=\"https:\/\/www.radiopiu.net\/wordpress\/wp-content\/uploads\/2025\/12\/Screenshot-2025-12-10-105121.png\" data-dt-img-description=\"\" data-large_image_width=\"384\" data-large_image_height=\"504\"><img loading=\"lazy\" decoding=\"async\" class=\"wp-image-485167 alignleft\" src=\"https:\/\/www.radiopiu.net\/wordpress\/wp-content\/uploads\/2025\/12\/Screenshot-2025-12-10-105121-229x300.png\" alt=\"\" width=\"125\" height=\"164\" srcset=\"https:\/\/www.radiopiu.net\/wordpress\/wp-content\/uploads\/2025\/12\/Screenshot-2025-12-10-105121-229x300.png 229w, https:\/\/www.radiopiu.net\/wordpress\/wp-content\/uploads\/2025\/12\/Screenshot-2025-12-10-105121.png 384w\" sizes=\"auto, (max-width: 125px) 100vw, 125px\" \/><\/a>PUNTATA 11\u00a0 Maria Giovanna Da Roit recensisce &#8220;La felicit\u00e0 nei giorni di pioggia&#8221; di Imogen Clark<br \/>\n<\/strong><\/span><\/p><\/blockquote>\n<audio class=\"wp-audio-shortcode\" id=\"audio-485104-14\" preload=\"none\" style=\"width: 100%;\" controls=\"controls\"><source type=\"audio\/mpeg\" src=\"https:\/\/www.radiopiu.net\/wordpress\/wp-content\/uploads\/2025\/12\/LIANA.mp3?_=14\" \/><a href=\"https:\/\/www.radiopiu.net\/wordpress\/wp-content\/uploads\/2025\/12\/LIANA.mp3\">https:\/\/www.radiopiu.net\/wordpress\/wp-content\/uploads\/2025\/12\/LIANA.mp3<\/a><\/audio>\n<p><span style=\"color: #ff0000;\"><strong>\u00a0\u00a0<\/strong><\/span><\/p>\n<h2><strong>LA RACCOLTA COMPLETA <a href=\"https:\/\/www.radiopiu.net\/wordpress\/liber2025\/\"><span style=\"color: #3366ff;\">CLICCA QUI<\/span><\/a><\/strong><\/h2>\n<p>&nbsp;<\/p>\n<hr \/>\n<p>&nbsp;<\/p>\n<h2><span style=\"color: #ffcc00;\">MIRCO DE BONA ASSISTENZA TECNICA ALLA RADIO<\/span><\/h2>\n<p><strong>PUNTATA 07<\/strong><\/p>\n<p><iframe loading=\"lazy\" title=\"MDB PUNTATA 7   DICEMBRE 2025\" width=\"1200\" height=\"675\" src=\"https:\/\/www.youtube.com\/embed\/skDMRCHyMMw?feature=oembed\" frameborder=\"0\" allow=\"accelerometer; autoplay; clipboard-write; encrypted-media; gyroscope; picture-in-picture; web-share\" referrerpolicy=\"strict-origin-when-cross-origin\" allowfullscreen><\/iframe><\/p>\n<p>&nbsp;<\/p>\n<h2><strong>LA RACCOLTA COMPLETA <a href=\"https:\/\/www.radiopiu.net\/wordpress\/mirco-de-bona-assistenza-tecnica-alla-radio-lo-speciale\/\"><span style=\"color: #3366ff;\">CLICCA QUI<\/span><\/a><\/strong><\/h2>\n<p>&nbsp;<\/p>\n<hr \/>\n<p>&nbsp;<\/p>\n<h2><span style=\"color: #00ccff;\">SE NON LA SMETTI TI MANDO DAL PRESIDE<\/span><\/h2>\n<p><strong><a class=\"dt-pswp-item\" href=\"https:\/\/www.radiopiu.net\/wordpress\/wp-content\/uploads\/2025\/07\/primo-piano-gli-studenti-che-scrivono-e-leggono-gli-fogli-di-risposta-degli-esami-di-esercitazione-in-aula-della-scuola-con-lo-stress_73622-858-300x200-1.jpg\" data-dt-img-description=\"\" data-large_image_width=\"300\" data-large_image_height=\"200\"><img loading=\"lazy\" decoding=\"async\" class=\" wp-image-458570 alignleft\" src=\"https:\/\/www.radiopiu.net\/wordpress\/wp-content\/uploads\/2025\/07\/primo-piano-gli-studenti-che-scrivono-e-leggono-gli-fogli-di-risposta-degli-esami-di-esercitazione-in-aula-della-scuola-con-lo-stress_73622-858-300x200-1.jpg\" alt=\"\" width=\"170\" height=\"113\" \/><\/a>DI MIRKO MEZZACASA<\/strong><\/p>\n<p>CON LA PROF. MARIA ROSA SALMAZO<\/p>\n<p><strong>PUNTATA DEL 10 DICEMBRE 2025<\/strong><\/p>\n<audio class=\"wp-audio-shortcode\" id=\"audio-485104-15\" preload=\"none\" style=\"width: 100%;\" controls=\"controls\"><source type=\"audio\/mpeg\" src=\"https:\/\/www.radiopiu.net\/wordpress\/wp-content\/uploads\/2025\/12\/PRESIDE-1.mp3?_=15\" \/><a href=\"https:\/\/www.radiopiu.net\/wordpress\/wp-content\/uploads\/2025\/12\/PRESIDE-1.mp3\">https:\/\/www.radiopiu.net\/wordpress\/wp-content\/uploads\/2025\/12\/PRESIDE-1.mp3<\/a><\/audio>\n<p>&nbsp;<\/p>\n<hr \/>\n<p>&nbsp;<\/p>\n<h2><span style=\"color: #cc99ff;\">AMAZING CALENDAR, CON MICHELA E MARINA<\/span><\/h2>\n<p><span style=\"color: #0000ff;\"><strong><a class=\"dt-pswp-item\" href=\"https:\/\/www.radiopiu.net\/wordpress\/wp-content\/uploads\/2024\/05\/aebce9af-b3cd-4fbd-84ed-a9f11e6f86b3.jpg\" data-dt-img-description=\"\" data-large_image_width=\"1080\" data-large_image_height=\"907\"><img loading=\"lazy\" decoding=\"async\" class=\" wp-image-392684 alignleft\" src=\"https:\/\/www.radiopiu.net\/wordpress\/wp-content\/uploads\/2024\/05\/aebce9af-b3cd-4fbd-84ed-a9f11e6f86b3-300x252.jpg\" alt=\"\" width=\"135\" height=\"113\" srcset=\"https:\/\/www.radiopiu.net\/wordpress\/wp-content\/uploads\/2024\/05\/aebce9af-b3cd-4fbd-84ed-a9f11e6f86b3-300x252.jpg 300w, https:\/\/www.radiopiu.net\/wordpress\/wp-content\/uploads\/2024\/05\/aebce9af-b3cd-4fbd-84ed-a9f11e6f86b3-1024x860.jpg 1024w, https:\/\/www.radiopiu.net\/wordpress\/wp-content\/uploads\/2024\/05\/aebce9af-b3cd-4fbd-84ed-a9f11e6f86b3-768x645.jpg 768w, https:\/\/www.radiopiu.net\/wordpress\/wp-content\/uploads\/2024\/05\/aebce9af-b3cd-4fbd-84ed-a9f11e6f86b3.jpg 1080w\" sizes=\"auto, (max-width: 135px) 100vw, 135px\" \/><\/a>30a PUNTATA &#8211; PARTE UNO<\/strong><\/span><\/p>\n<audio class=\"wp-audio-shortcode\" id=\"audio-485104-16\" preload=\"none\" style=\"width: 100%;\" controls=\"controls\"><source type=\"audio\/mpeg\" src=\"https:\/\/www.radiopiu.net\/wordpress\/wp-content\/uploads\/2025\/11\/AMAZING-CALENDAR-31-PUNTATA-1.mp3?_=16\" \/><a href=\"https:\/\/www.radiopiu.net\/wordpress\/wp-content\/uploads\/2025\/11\/AMAZING-CALENDAR-31-PUNTATA-1.mp3\">https:\/\/www.radiopiu.net\/wordpress\/wp-content\/uploads\/2025\/11\/AMAZING-CALENDAR-31-PUNTATA-1.mp3<\/a><\/audio>\n<p><span style=\"color: #0000ff;\">\u00a0<\/span><\/p>\n<p><span style=\"color: #0000ff;\"><strong>PARTE DUE<\/strong><\/span><\/p>\n<audio class=\"wp-audio-shortcode\" id=\"audio-485104-17\" preload=\"none\" style=\"width: 100%;\" controls=\"controls\"><source type=\"audio\/mpeg\" src=\"https:\/\/www.radiopiu.net\/wordpress\/wp-content\/uploads\/2025\/11\/AMAZING-CALENDAR-31-PUNTATA-2.mp3?_=17\" \/><a href=\"https:\/\/www.radiopiu.net\/wordpress\/wp-content\/uploads\/2025\/11\/AMAZING-CALENDAR-31-PUNTATA-2.mp3\">https:\/\/www.radiopiu.net\/wordpress\/wp-content\/uploads\/2025\/11\/AMAZING-CALENDAR-31-PUNTATA-2.mp3<\/a><\/audio>\n<p><span style=\"color: #0000ff;\">\u00a0<\/span><\/p>\n<p><span style=\"color: #0000ff;\"><strong>PARTE TRE<\/strong><\/span><\/p>\n<audio class=\"wp-audio-shortcode\" id=\"audio-485104-18\" preload=\"none\" style=\"width: 100%;\" controls=\"controls\"><source type=\"audio\/mpeg\" src=\"https:\/\/www.radiopiu.net\/wordpress\/wp-content\/uploads\/2025\/11\/AMAZING-CALENDAR-31-PUNTATA-3.mp3?_=18\" \/><a href=\"https:\/\/www.radiopiu.net\/wordpress\/wp-content\/uploads\/2025\/11\/AMAZING-CALENDAR-31-PUNTATA-3.mp3\">https:\/\/www.radiopiu.net\/wordpress\/wp-content\/uploads\/2025\/11\/AMAZING-CALENDAR-31-PUNTATA-3.mp3<\/a><\/audio>\n<p>&nbsp;<\/p>\n<h2><strong>LA RACCOLTA COMPLETA <a href=\"https:\/\/www.radiopiu.net\/wordpress\/amazing-calendar-con-michela-e-marina-la-raccolta\/\"><span style=\"color: #3366ff;\">CLICCA QUI<\/span><\/a><\/strong><\/h2>\n<p>&nbsp;<\/p>\n<hr \/>\n<p>&nbsp;<\/p>\n<h2><span style=\"color: #ff99cc;\">CLAUDIA THE MAGIC TEACHER, IL PREMIO, I PROSSIMI CORSI E IL VIAGGIO IN CANADA<\/span><\/h2>\n<p><strong><a class=\"dt-pswp-item\" href=\"https:\/\/www.radiopiu.net\/wordpress\/wp-content\/uploads\/2025\/11\/1000237972.jpg\" data-dt-img-description=\"\" data-large_image_width=\"1600\" data-large_image_height=\"1200\"><img loading=\"lazy\" decoding=\"async\" class=\" wp-image-481665 alignleft\" src=\"https:\/\/www.radiopiu.net\/wordpress\/wp-content\/uploads\/2025\/11\/1000237972-300x225.jpg\" alt=\"\" width=\"145\" height=\"109\" srcset=\"https:\/\/www.radiopiu.net\/wordpress\/wp-content\/uploads\/2025\/11\/1000237972-300x225.jpg 300w, https:\/\/www.radiopiu.net\/wordpress\/wp-content\/uploads\/2025\/11\/1000237972-1024x768.jpg 1024w, https:\/\/www.radiopiu.net\/wordpress\/wp-content\/uploads\/2025\/11\/1000237972-768x576.jpg 768w, https:\/\/www.radiopiu.net\/wordpress\/wp-content\/uploads\/2025\/11\/1000237972-1536x1152.jpg 1536w, https:\/\/www.radiopiu.net\/wordpress\/wp-content\/uploads\/2025\/11\/1000237972.jpg 1600w\" sizes=\"auto, (max-width: 145px) 100vw, 145px\" \/><\/a>DI MIRKO MEZZACASA<\/strong><\/p>\n<p>OSPITE: Claudia Soppelsa<\/p>\n<audio class=\"wp-audio-shortcode\" id=\"audio-485104-19\" preload=\"none\" style=\"width: 100%;\" controls=\"controls\"><source type=\"audio\/mpeg\" src=\"https:\/\/www.radiopiu.net\/wordpress\/wp-content\/uploads\/2025\/12\/CLAUDIA-TEACHER-DICEMBRE-2025.mp3?_=19\" \/><a href=\"https:\/\/www.radiopiu.net\/wordpress\/wp-content\/uploads\/2025\/12\/CLAUDIA-TEACHER-DICEMBRE-2025.mp3\">https:\/\/www.radiopiu.net\/wordpress\/wp-content\/uploads\/2025\/12\/CLAUDIA-TEACHER-DICEMBRE-2025.mp3<\/a><\/audio>\n<p>&nbsp;<\/p>\n<hr \/>\n<p>&nbsp;<\/p>\n<h2><span style=\"color: #99cc00;\">I CONSIGLI DI GIANLUCA&#8230;DA DOLOMITI BEER &amp; WINE SHOP<\/span><\/h2>\n<p><strong>10 DICEMBRE GIN SAIGON BAIGUR PREMIUM DRY<\/strong><\/p>\n<p><span style=\"font-size: large;\"><img loading=\"lazy\" decoding=\"async\" class=\"alignleft\" src=\"https:\/\/www.radiopiu.net\/wordpress\/wp-content\/uploads\/2025\/12\/Screenshot-2025-12-10-062929.png\" width=\"166\" height=\"132\" \/>Saigon Baigur Premium Dry Gin \u00e8 il primo gin artigianale prodotto a Saigon, un distillato che combina botaniche tradizionali europee con ingredienti tipici del Vietnam. La sua base \u00e8 un London Dry preciso e pulito, arricchito da botaniche locali come coriandolo vietnamita, citronella, semi di loto, pepe di Ph\u00fa Qu\u1ed1c e il distintivo lime kaffir che dona freschezza e carattere. Il profilo aromatico \u00e8 vivace, erbaceo e agrumato, con un equilibrio perfetto tra spezie asiatiche e struttura classica del gin. Al naso emergono sentori di lime, citronella e pepe leggero. Il palato \u00e8 fresco, speziato, elegante e persistente, con una chiusura lunga e leggermente balsamica. \u00c8 un gin contemporaneo, pensato per chi ama esplorare distillati che uniscono culture e aromi lontani.<\/span><\/p>\n<p><strong>PAROLA DI GIANLUCA,\u00a0 E&#8217; LA RUBRICA IN ONDA SU RADIOPIU OGNI GIORNO ALLE 7.10, 18.10, 21.50&#8230;NOTIZIE CONSIGLI E MOLTA CORDIALIT\u00e0 NEGLI INTERVENTI DI GIANLUCA DAI PUNTI VENDITA DI TAIBON, SEDICO E FELTRE<\/strong><\/p>\n<p>AUDIO<\/p>\n<audio class=\"wp-audio-shortcode\" id=\"audio-485104-20\" preload=\"none\" style=\"width: 100%;\" controls=\"controls\"><source type=\"audio\/mpeg\" src=\"https:\/\/www.radiopiu.net\/wordpress\/wp-content\/uploads\/2025\/12\/GWINE1A-6.mp3?_=20\" \/><a href=\"https:\/\/www.radiopiu.net\/wordpress\/wp-content\/uploads\/2025\/12\/GWINE1A-6.mp3\">https:\/\/www.radiopiu.net\/wordpress\/wp-content\/uploads\/2025\/12\/GWINE1A-6.mp3<\/a><\/audio>\n<p>&nbsp;<\/p>\n<h2><strong>LA RACCOLTA COMPLETA <a href=\"https:\/\/www.radiopiu.net\/wordpress\/paroladic6\/\"><span style=\"color: #3366ff;\">CLICCA QUI<\/span><\/a><\/strong><\/h2>\n<p>&nbsp;<\/p>\n<h2><span style=\"color: #993300;\">DEGUSTAZIONE DI VINI DA DOLOMITI BEER &amp; WINE SHOP DA NAPI<\/span><\/h2>\n<p><strong><a class=\"dt-pswp-item\" href=\"https:\/\/www.radiopiu.net\/wordpress\/wp-content\/uploads\/2020\/05\/DOLOMITI-BEER.png\" data-dt-img-description=\"\" data-large_image_width=\"812\" data-large_image_height=\"450\"><img loading=\"lazy\" decoding=\"async\" class=\" wp-image-139660 alignleft\" src=\"https:\/\/www.radiopiu.net\/wordpress\/wp-content\/uploads\/2020\/05\/DOLOMITI-BEER-300x166.png\" alt=\"\" width=\"177\" height=\"98\" srcset=\"https:\/\/www.radiopiu.net\/wordpress\/wp-content\/uploads\/2020\/05\/DOLOMITI-BEER-300x166.png 300w, https:\/\/www.radiopiu.net\/wordpress\/wp-content\/uploads\/2020\/05\/DOLOMITI-BEER-768x426.png 768w, https:\/\/www.radiopiu.net\/wordpress\/wp-content\/uploads\/2020\/05\/DOLOMITI-BEER.png 812w\" sizes=\"auto, (max-width: 177px) 100vw, 177px\" \/><\/a>REDAZIONE<\/strong> Da Dolomiti Beer &amp; Wine Shop di Taibon una degustazione di vini pregiati. Oggi dalle 17 una selezioni di vini francesi dalla zona del Bordeaux.<\/p>\n<p><strong>L&#8217;INVITO DI VALENTINA<\/strong><\/p>\n<audio class=\"wp-audio-shortcode\" id=\"audio-485104-21\" preload=\"none\" style=\"width: 100%;\" controls=\"controls\"><source type=\"audio\/mpeg\" src=\"https:\/\/www.radiopiu.net\/wordpress\/wp-content\/uploads\/2025\/12\/11-DICEMBRE-TAIBON.mp3?_=21\" \/><a href=\"https:\/\/www.radiopiu.net\/wordpress\/wp-content\/uploads\/2025\/12\/11-DICEMBRE-TAIBON.mp3\">https:\/\/www.radiopiu.net\/wordpress\/wp-content\/uploads\/2025\/12\/11-DICEMBRE-TAIBON.mp3<\/a><\/audio>\n<p>&nbsp;<\/p>\n<hr \/>\n<p>&nbsp;<\/p>\n<p><span style=\"color: #ff0000;\"><img loading=\"lazy\" decoding=\"async\" class=\"wp-image-61958 size-full aligncenter\" src=\"https:\/\/www.radiopiu.net\/wordpress\/wp-content\/uploads\/2018\/09\/appuntamenti.jpeg\" alt=\"\" width=\"800\" height=\"100\" srcset=\"https:\/\/www.radiopiu.net\/wordpress\/wp-content\/uploads\/2018\/09\/appuntamenti.jpeg 800w, https:\/\/www.radiopiu.net\/wordpress\/wp-content\/uploads\/2018\/09\/appuntamenti-300x38.jpeg 300w, https:\/\/www.radiopiu.net\/wordpress\/wp-content\/uploads\/2018\/09\/appuntamenti-768x96.jpeg 768w\" sizes=\"auto, (max-width: 800px) 100vw, 800px\" \/><\/span><\/p>\n<p>&nbsp;<\/p>\n\n\t\t\t<style type='text\/css'>\n\t\t\t\t#gallery-5 {\n\t\t\t\t\tmargin: auto;\n\t\t\t\t}\n\t\t\t\t#gallery-5 .gallery-item {\n\t\t\t\t\tfloat: left;\n\t\t\t\t\tmargin-top: 10px;\n\t\t\t\t\ttext-align: center;\n\t\t\t\t\twidth: 25%;\n\t\t\t\t}\n\t\t\t\t#gallery-5 img {\n\t\t\t\t\tborder: 2px solid #cfcfcf;\n\t\t\t\t}\n\t\t\t\t#gallery-5 .gallery-caption {\n\t\t\t\t\tmargin-left: 0;\n\t\t\t\t}\n\t\t\t\t\/* see gallery_shortcode() in wp-includes\/media.php *\/\n\t\t\t<\/style>\n\t\t<div id='gallery-5' class='dt-gallery-container gallery galleryid-485104 gallery-columns-4 gallery-size-thumbnail'><dl class='gallery-item'>\n\t\t\t\t<dt class='gallery-icon landscape'>\n\t\t\t\t\t<a class=\"rollover rollover-zoom dt-pswp-item\" title=\"542759768_1187692263404454_707530732478693509_n\" data-dt-img-description=\"\" data-large_image_width=\"1440\" data-large_image_height=\"1440\"href='https:\/\/www.radiopiu.net\/wordpress\/wp-content\/uploads\/2025\/10\/542759768_1187692263404454_707530732478693509_n.jpg'><img loading=\"lazy\" decoding=\"async\" width=\"150\" height=\"150\" src=\"https:\/\/www.radiopiu.net\/wordpress\/wp-content\/uploads\/2025\/10\/542759768_1187692263404454_707530732478693509_n-150x150.jpg\" class=\"attachment-thumbnail size-thumbnail\" alt=\"\" srcset=\"https:\/\/www.radiopiu.net\/wordpress\/wp-content\/uploads\/2025\/10\/542759768_1187692263404454_707530732478693509_n-150x150.jpg 150w, https:\/\/www.radiopiu.net\/wordpress\/wp-content\/uploads\/2025\/10\/542759768_1187692263404454_707530732478693509_n-300x300.jpg 300w, https:\/\/www.radiopiu.net\/wordpress\/wp-content\/uploads\/2025\/10\/542759768_1187692263404454_707530732478693509_n-1024x1024.jpg 1024w, https:\/\/www.radiopiu.net\/wordpress\/wp-content\/uploads\/2025\/10\/542759768_1187692263404454_707530732478693509_n-768x768.jpg 768w, https:\/\/www.radiopiu.net\/wordpress\/wp-content\/uploads\/2025\/10\/542759768_1187692263404454_707530732478693509_n.jpg 1440w\" sizes=\"auto, (max-width: 150px) 100vw, 150px\" \/><\/a>\n\t\t\t\t<\/dt><\/dl><dl class='gallery-item'>\n\t\t\t\t<dt class='gallery-icon portrait'>\n\t\t\t\t\t<a class=\"rollover rollover-zoom dt-pswp-item\" title=\"41ae8cc6-1016-46be-9558-ad085b650586\" data-dt-img-description=\"\" data-large_image_width=\"1041\" data-large_image_height=\"1434\"href='https:\/\/www.radiopiu.net\/wordpress\/wp-content\/uploads\/2025\/12\/41ae8cc6-1016-46be-9558-ad085b650586.jpeg'><img loading=\"lazy\" decoding=\"async\" width=\"150\" height=\"150\" src=\"https:\/\/www.radiopiu.net\/wordpress\/wp-content\/uploads\/2025\/12\/41ae8cc6-1016-46be-9558-ad085b650586-150x150.jpeg\" class=\"attachment-thumbnail size-thumbnail\" alt=\"\" \/><\/a>\n\t\t\t\t<\/dt><\/dl><dl class='gallery-item'>\n\t\t\t\t<dt class='gallery-icon portrait'>\n\t\t\t\t\t<a class=\"rollover rollover-zoom dt-pswp-item\" title=\"locandina mostra Castellavazzo\" data-dt-img-description=\"\" data-large_image_width=\"1810\" data-large_image_height=\"2560\"href='https:\/\/www.radiopiu.net\/wordpress\/wp-content\/uploads\/2025\/11\/locandina-mostra-Castellavazzo-scaled.jpg'><img loading=\"lazy\" decoding=\"async\" width=\"150\" height=\"150\" src=\"https:\/\/www.radiopiu.net\/wordpress\/wp-content\/uploads\/2025\/11\/locandina-mostra-Castellavazzo-150x150.jpg\" class=\"attachment-thumbnail size-thumbnail\" alt=\"\" \/><\/a>\n\t\t\t\t<\/dt><\/dl><dl class='gallery-item'>\n\t\t\t\t<dt class='gallery-icon portrait'>\n\t\t\t\t\t<a class=\"rollover rollover-zoom dt-pswp-item\" title=\"803dde58-9f48-4809-89fc-1f29d2b69f8e\" data-dt-img-description=\"\" data-large_image_width=\"1200\" data-large_image_height=\"1600\"href='https:\/\/www.radiopiu.net\/wordpress\/wp-content\/uploads\/2025\/12\/803dde58-9f48-4809-89fc-1f29d2b69f8e.jpg'><img loading=\"lazy\" decoding=\"async\" width=\"150\" height=\"150\" src=\"https:\/\/www.radiopiu.net\/wordpress\/wp-content\/uploads\/2025\/12\/803dde58-9f48-4809-89fc-1f29d2b69f8e-150x150.jpg\" class=\"attachment-thumbnail size-thumbnail\" alt=\"\" \/><\/a>\n\t\t\t\t<\/dt><\/dl><br style=\"clear: both\" \/><dl class='gallery-item'>\n\t\t\t\t<dt class='gallery-icon portrait'>\n\t\t\t\t\t<a class=\"rollover rollover-zoom dt-pswp-item\" title=\"bfa278b5-b2ea-4c14-b3e2-d6c9796f3fd4\" data-dt-img-description=\"\" data-large_image_width=\"1131\" data-large_image_height=\"1600\"href='https:\/\/www.radiopiu.net\/wordpress\/wp-content\/uploads\/2025\/11\/bfa278b5-b2ea-4c14-b3e2-d6c9796f3fd4.jpg'><img loading=\"lazy\" decoding=\"async\" width=\"150\" height=\"150\" src=\"https:\/\/www.radiopiu.net\/wordpress\/wp-content\/uploads\/2025\/11\/bfa278b5-b2ea-4c14-b3e2-d6c9796f3fd4-150x150.jpg\" class=\"attachment-thumbnail size-thumbnail\" alt=\"\" \/><\/a>\n\t\t\t\t<\/dt><\/dl><dl class='gallery-item'>\n\t\t\t\t<dt class='gallery-icon portrait'>\n\t\t\t\t\t<a class=\"rollover rollover-zoom dt-pswp-item\" title=\"JGHOL\" data-dt-img-description=\"\" data-large_image_width=\"646\" data-large_image_height=\"914\"href='https:\/\/www.radiopiu.net\/wordpress\/wp-content\/uploads\/2025\/12\/JGHOL.jpg'><img loading=\"lazy\" decoding=\"async\" width=\"150\" height=\"150\" src=\"https:\/\/www.radiopiu.net\/wordpress\/wp-content\/uploads\/2025\/12\/JGHOL-150x150.jpg\" class=\"attachment-thumbnail size-thumbnail\" alt=\"\" \/><\/a>\n\t\t\t\t<\/dt><\/dl><dl class='gallery-item'>\n\t\t\t\t<dt class='gallery-icon portrait'>\n\t\t\t\t\t<a class=\"rollover rollover-zoom dt-pswp-item\" title=\"4bc53943-d3a4-46f5-99d3-8b57daed9032\" data-dt-img-description=\"\" data-large_image_width=\"1054\" data-large_image_height=\"1600\"href='https:\/\/www.radiopiu.net\/wordpress\/wp-content\/uploads\/2025\/12\/4bc53943-d3a4-46f5-99d3-8b57daed9032.jpg'><img loading=\"lazy\" decoding=\"async\" width=\"150\" height=\"150\" src=\"https:\/\/www.radiopiu.net\/wordpress\/wp-content\/uploads\/2025\/12\/4bc53943-d3a4-46f5-99d3-8b57daed9032-150x150.jpg\" class=\"attachment-thumbnail size-thumbnail\" alt=\"\" \/><\/a>\n\t\t\t\t<\/dt><\/dl><dl class='gallery-item'>\n\t\t\t\t<dt class='gallery-icon portrait'>\n\t\t\t\t\t<a class=\"rollover rollover-zoom dt-pswp-item\" title=\"Pasuch_Silicosi 12 dicembre\" data-dt-img-description=\"\" data-large_image_width=\"1754\" data-large_image_height=\"2481\"href='https:\/\/www.radiopiu.net\/wordpress\/wp-content\/uploads\/2025\/12\/Pasuch_Silicosi-12-dicembre.jpg'><img loading=\"lazy\" decoding=\"async\" width=\"150\" height=\"150\" src=\"https:\/\/www.radiopiu.net\/wordpress\/wp-content\/uploads\/2025\/12\/Pasuch_Silicosi-12-dicembre-150x150.jpg\" class=\"attachment-thumbnail size-thumbnail\" alt=\"\" \/><\/a>\n\t\t\t\t<\/dt><\/dl><br style=\"clear: both\" \/><dl class='gallery-item'>\n\t\t\t\t<dt class='gallery-icon portrait'>\n\t\t\t\t\t<a class=\"rollover rollover-zoom dt-pswp-item\" title=\"8c4c4afb-2623-48d6-a91f-be13bdb7bf34\" data-dt-img-description=\"\" data-large_image_width=\"636\" data-large_image_height=\"1220\"href='https:\/\/www.radiopiu.net\/wordpress\/wp-content\/uploads\/2025\/12\/8c4c4afb-2623-48d6-a91f-be13bdb7bf34.jpg'><img loading=\"lazy\" decoding=\"async\" width=\"150\" height=\"150\" src=\"https:\/\/www.radiopiu.net\/wordpress\/wp-content\/uploads\/2025\/12\/8c4c4afb-2623-48d6-a91f-be13bdb7bf34-150x150.jpg\" class=\"attachment-thumbnail size-thumbnail\" alt=\"\" \/><\/a>\n\t\t\t\t<\/dt><\/dl><dl class='gallery-item'>\n\t\t\t\t<dt class='gallery-icon portrait'>\n\t\t\t\t\t<a class=\"rollover rollover-zoom dt-pswp-item\" title=\"c1013ae7-ceb8-44da-9784-b85dc0038aa1\" data-dt-img-description=\"\" data-large_image_width=\"1080\" data-large_image_height=\"1508\"href='https:\/\/www.radiopiu.net\/wordpress\/wp-content\/uploads\/2025\/12\/c1013ae7-ceb8-44da-9784-b85dc0038aa1.jpg'><img loading=\"lazy\" decoding=\"async\" width=\"150\" height=\"150\" src=\"https:\/\/www.radiopiu.net\/wordpress\/wp-content\/uploads\/2025\/12\/c1013ae7-ceb8-44da-9784-b85dc0038aa1-150x150.jpg\" class=\"attachment-thumbnail size-thumbnail\" alt=\"\" \/><\/a>\n\t\t\t\t<\/dt><\/dl><dl class='gallery-item'>\n\t\t\t\t<dt class='gallery-icon portrait'>\n\t\t\t\t\t<a class=\"rollover rollover-zoom dt-pswp-item\" title=\"2772c7f3-6eff-4c3d-9f5b-38069263c341\" data-dt-img-description=\"\" data-large_image_width=\"937\" data-large_image_height=\"1600\"href='https:\/\/www.radiopiu.net\/wordpress\/wp-content\/uploads\/2025\/11\/2772c7f3-6eff-4c3d-9f5b-38069263c341.jpg'><img loading=\"lazy\" decoding=\"async\" width=\"150\" height=\"150\" src=\"https:\/\/www.radiopiu.net\/wordpress\/wp-content\/uploads\/2025\/11\/2772c7f3-6eff-4c3d-9f5b-38069263c341-150x150.jpg\" class=\"attachment-thumbnail size-thumbnail\" alt=\"\" \/><\/a>\n\t\t\t\t<\/dt><\/dl><dl class='gallery-item'>\n\t\t\t\t<dt class='gallery-icon portrait'>\n\t\t\t\t\t<a class=\"rollover rollover-zoom dt-pswp-item\" title=\"Screenshot\" data-dt-img-description=\"\" data-large_image_width=\"1420\" data-large_image_height=\"1802\"href='https:\/\/www.radiopiu.net\/wordpress\/wp-content\/uploads\/2025\/12\/SCR-20251208-shvr.jpeg'><img loading=\"lazy\" decoding=\"async\" width=\"150\" height=\"150\" src=\"https:\/\/www.radiopiu.net\/wordpress\/wp-content\/uploads\/2025\/12\/SCR-20251208-shvr-150x150.jpeg\" class=\"attachment-thumbnail size-thumbnail\" alt=\"\" aria-describedby=\"gallery-5-484846\" \/><\/a>\n\t\t\t\t<\/dt>\n\t\t\t\t\t<dd class='wp-caption-text gallery-caption' id='gallery-5-484846'>\n\t\t\t\t\tScreenshot\n\t\t\t\t\t<\/dd><\/dl><br style=\"clear: both\" \/><dl class='gallery-item'>\n\t\t\t\t<dt class='gallery-icon portrait'>\n\t\t\t\t\t<a class=\"rollover rollover-zoom dt-pswp-item\" title=\"Screenshot\" data-dt-img-description=\"\" data-large_image_width=\"1466\" data-large_image_height=\"1908\"href='https:\/\/www.radiopiu.net\/wordpress\/wp-content\/uploads\/2025\/12\/SCR-20251209-tskz.jpeg'><img loading=\"lazy\" decoding=\"async\" width=\"150\" height=\"150\" src=\"https:\/\/www.radiopiu.net\/wordpress\/wp-content\/uploads\/2025\/12\/SCR-20251209-tskz-150x150.jpeg\" class=\"attachment-thumbnail size-thumbnail\" alt=\"\" aria-describedby=\"gallery-5-485100\" \/><\/a>\n\t\t\t\t<\/dt>\n\t\t\t\t\t<dd class='wp-caption-text gallery-caption' id='gallery-5-485100'>\n\t\t\t\t\tScreenshot\n\t\t\t\t\t<\/dd><\/dl><dl class='gallery-item'>\n\t\t\t\t<dt class='gallery-icon portrait'>\n\t\t\t\t\t<a class=\"rollover rollover-zoom dt-pswp-item\" title=\"d81baad9-8886-4bdd-850c-b5aec1887cba\" data-dt-img-description=\"\" data-large_image_width=\"982\" data-large_image_height=\"1374\"href='https:\/\/www.radiopiu.net\/wordpress\/wp-content\/uploads\/2025\/12\/d81baad9-8886-4bdd-850c-b5aec1887cba.jpg'><img loading=\"lazy\" decoding=\"async\" width=\"150\" height=\"150\" src=\"https:\/\/www.radiopiu.net\/wordpress\/wp-content\/uploads\/2025\/12\/d81baad9-8886-4bdd-850c-b5aec1887cba-150x150.jpg\" class=\"attachment-thumbnail size-thumbnail\" alt=\"\" \/><\/a>\n\t\t\t\t<\/dt><\/dl><dl class='gallery-item'>\n\t\t\t\t<dt class='gallery-icon portrait'>\n\t\t\t\t\t<a class=\"rollover rollover-zoom dt-pswp-item\" title=\"Screenshot\" data-dt-img-description=\"\" data-large_image_width=\"1476\" data-large_image_height=\"1960\"href='https:\/\/www.radiopiu.net\/wordpress\/wp-content\/uploads\/2025\/12\/SCR-20251208-piot.jpeg'><img loading=\"lazy\" decoding=\"async\" width=\"150\" height=\"150\" src=\"https:\/\/www.radiopiu.net\/wordpress\/wp-content\/uploads\/2025\/12\/SCR-20251208-piot-150x150.jpeg\" class=\"attachment-thumbnail size-thumbnail\" alt=\"\" \/><\/a>\n\t\t\t\t<\/dt><\/dl><dl class='gallery-item'>\n\t\t\t\t<dt class='gallery-icon portrait'>\n\t\t\t\t\t<a class=\"rollover rollover-zoom dt-pswp-item\" title=\"40fc71c4-2534-425a-b717-cc3f8c5033c8\" data-dt-img-description=\"\" data-large_image_width=\"1131\" data-large_image_height=\"1600\"href='https:\/\/www.radiopiu.net\/wordpress\/wp-content\/uploads\/2025\/11\/40fc71c4-2534-425a-b717-cc3f8c5033c8.jpg'><img loading=\"lazy\" decoding=\"async\" width=\"150\" height=\"150\" src=\"https:\/\/www.radiopiu.net\/wordpress\/wp-content\/uploads\/2025\/11\/40fc71c4-2534-425a-b717-cc3f8c5033c8-150x150.jpg\" class=\"attachment-thumbnail size-thumbnail\" alt=\"\" \/><\/a>\n\t\t\t\t<\/dt><\/dl><br style=\"clear: both\" \/><dl class='gallery-item'>\n\t\t\t\t<dt class='gallery-icon portrait'>\n\t\t\t\t\t<a class=\"rollover rollover-zoom dt-pswp-item\" title=\"IMG-20251203-WA0003\" data-dt-img-description=\"\" data-large_image_width=\"900\" data-large_image_height=\"1600\"href='https:\/\/www.radiopiu.net\/wordpress\/wp-content\/uploads\/2025\/12\/IMG-20251203-WA0003.jpg'><img loading=\"lazy\" decoding=\"async\" width=\"150\" height=\"150\" src=\"https:\/\/www.radiopiu.net\/wordpress\/wp-content\/uploads\/2025\/12\/IMG-20251203-WA0003-150x150.jpg\" class=\"attachment-thumbnail size-thumbnail\" alt=\"\" \/><\/a>\n\t\t\t\t<\/dt><\/dl><dl class='gallery-item'>\n\t\t\t\t<dt class='gallery-icon portrait'>\n\t\t\t\t\t<a class=\"rollover rollover-zoom dt-pswp-item\" title=\"782feede-fd14-464f-8a18-cc30a8a6e342\" data-dt-img-description=\"\" data-large_image_width=\"486\" data-large_image_height=\"971\"href='https:\/\/www.radiopiu.net\/wordpress\/wp-content\/uploads\/2025\/11\/782feede-fd14-464f-8a18-cc30a8a6e342.jpg'><img loading=\"lazy\" decoding=\"async\" width=\"150\" height=\"150\" src=\"https:\/\/www.radiopiu.net\/wordpress\/wp-content\/uploads\/2025\/11\/782feede-fd14-464f-8a18-cc30a8a6e342-150x150.jpg\" class=\"attachment-thumbnail size-thumbnail\" alt=\"\" \/><\/a>\n\t\t\t\t<\/dt><\/dl><dl class='gallery-item'>\n\t\t\t\t<dt class='gallery-icon portrait'>\n\t\t\t\t\t<a class=\"rollover rollover-zoom dt-pswp-item\" title=\"2d577141-47bc-4bfc-87a8-699843effd99\" data-dt-img-description=\"\" data-large_image_width=\"1131\" data-large_image_height=\"1600\"href='https:\/\/www.radiopiu.net\/wordpress\/wp-content\/uploads\/2025\/12\/2d577141-47bc-4bfc-87a8-699843effd99.jpg'><img loading=\"lazy\" decoding=\"async\" width=\"150\" height=\"150\" src=\"https:\/\/www.radiopiu.net\/wordpress\/wp-content\/uploads\/2025\/12\/2d577141-47bc-4bfc-87a8-699843effd99-150x150.jpg\" class=\"attachment-thumbnail size-thumbnail\" alt=\"\" \/><\/a>\n\t\t\t\t<\/dt><\/dl><dl class='gallery-item'>\n\t\t\t\t<dt class='gallery-icon portrait'>\n\t\t\t\t\t<a class=\"rollover rollover-zoom dt-pswp-item\" title=\"NATALE LIMANA locandina definitiva ricorretta 3 dicembre 2025\" data-dt-img-description=\"\" data-large_image_width=\"1080\" data-large_image_height=\"1498\"href='https:\/\/www.radiopiu.net\/wordpress\/wp-content\/uploads\/2025\/12\/NATALE-LIMANA-locandina-definitiva-ricorretta-3-dicembre-2025.jpg'><img loading=\"lazy\" decoding=\"async\" width=\"150\" height=\"150\" src=\"https:\/\/www.radiopiu.net\/wordpress\/wp-content\/uploads\/2025\/12\/NATALE-LIMANA-locandina-definitiva-ricorretta-3-dicembre-2025-150x150.jpg\" class=\"attachment-thumbnail size-thumbnail\" alt=\"\" \/><\/a>\n\t\t\t\t<\/dt><\/dl><br style=\"clear: both\" \/><dl class='gallery-item'>\n\t\t\t\t<dt class='gallery-icon portrait'>\n\t\t\t\t\t<a class=\"rollover rollover-zoom dt-pswp-item\" title=\"e1a52110-73a7-4688-9c6b-dd3363125044\" data-dt-img-description=\"\" data-large_image_width=\"1131\" data-large_image_height=\"1600\"href='https:\/\/www.radiopiu.net\/wordpress\/wp-content\/uploads\/2025\/12\/e1a52110-73a7-4688-9c6b-dd3363125044.jpg'><img loading=\"lazy\" decoding=\"async\" width=\"150\" height=\"150\" src=\"https:\/\/www.radiopiu.net\/wordpress\/wp-content\/uploads\/2025\/12\/e1a52110-73a7-4688-9c6b-dd3363125044-150x150.jpg\" class=\"attachment-thumbnail size-thumbnail\" alt=\"\" \/><\/a>\n\t\t\t\t<\/dt><\/dl><dl class='gallery-item'>\n\t\t\t\t<dt class='gallery-icon portrait'>\n\t\t\t\t\t<a class=\"rollover rollover-zoom dt-pswp-item\" title=\"586740953_1283004097175673_3623727418094522816_n\" data-dt-img-description=\"\" data-large_image_width=\"514\" data-large_image_height=\"720\"href='https:\/\/www.radiopiu.net\/wordpress\/wp-content\/uploads\/2025\/11\/586740953_1283004097175673_3623727418094522816_n.jpg'><img loading=\"lazy\" decoding=\"async\" width=\"150\" height=\"150\" src=\"https:\/\/www.radiopiu.net\/wordpress\/wp-content\/uploads\/2025\/11\/586740953_1283004097175673_3623727418094522816_n-150x150.jpg\" class=\"attachment-thumbnail size-thumbnail\" alt=\"\" \/><\/a>\n\t\t\t\t<\/dt><\/dl><dl class='gallery-item'>\n\t\t\t\t<dt class='gallery-icon portrait'>\n\t\t\t\t\t<a class=\"rollover rollover-zoom dt-pswp-item\" title=\"584332528_1279625560846860_1524691345192499574_n\" data-dt-img-description=\"\" data-large_image_width=\"417\" data-large_image_height=\"590\"href='https:\/\/www.radiopiu.net\/wordpress\/wp-content\/uploads\/2025\/11\/584332528_1279625560846860_1524691345192499574_n.jpg'><img loading=\"lazy\" decoding=\"async\" width=\"150\" height=\"150\" src=\"https:\/\/www.radiopiu.net\/wordpress\/wp-content\/uploads\/2025\/11\/584332528_1279625560846860_1524691345192499574_n-150x150.jpg\" class=\"attachment-thumbnail size-thumbnail\" alt=\"\" \/><\/a>\n\t\t\t\t<\/dt><\/dl><dl class='gallery-item'>\n\t\t\t\t<dt class='gallery-icon portrait'>\n\t\t\t\t\t<a class=\"rollover rollover-zoom dt-pswp-item\" title=\"Locandina Babbo Natale\" data-dt-img-description=\"\" data-large_image_width=\"1414\" data-large_image_height=\"2000\"href='https:\/\/www.radiopiu.net\/wordpress\/wp-content\/uploads\/2025\/12\/Locandina-Babbo-Natale.jpg'><img loading=\"lazy\" decoding=\"async\" width=\"150\" height=\"150\" src=\"https:\/\/www.radiopiu.net\/wordpress\/wp-content\/uploads\/2025\/12\/Locandina-Babbo-Natale-150x150.jpg\" class=\"attachment-thumbnail size-thumbnail\" alt=\"\" \/><\/a>\n\t\t\t\t<\/dt><\/dl><br style=\"clear: both\" \/><dl class='gallery-item'>\n\t\t\t\t<dt class='gallery-icon portrait'>\n\t\t\t\t\t<a class=\"rollover rollover-zoom dt-pswp-item\" title=\"Locandina Tombola di Natale\" data-dt-img-description=\"\" data-large_image_width=\"1414\" data-large_image_height=\"2000\"href='https:\/\/www.radiopiu.net\/wordpress\/wp-content\/uploads\/2025\/12\/Locandina-Tombola-di-Natale.jpg'><img loading=\"lazy\" decoding=\"async\" width=\"150\" height=\"150\" src=\"https:\/\/www.radiopiu.net\/wordpress\/wp-content\/uploads\/2025\/12\/Locandina-Tombola-di-Natale-150x150.jpg\" class=\"attachment-thumbnail size-thumbnail\" alt=\"\" \/><\/a>\n\t\t\t\t<\/dt><\/dl><dl class='gallery-item'>\n\t\t\t\t<dt class='gallery-icon portrait'>\n\t\t\t\t\t<a class=\"rollover rollover-zoom dt-pswp-item\" title=\"Locandina Concerto di Natale\" data-dt-img-description=\"\" data-large_image_width=\"1414\" data-large_image_height=\"2000\"href='https:\/\/www.radiopiu.net\/wordpress\/wp-content\/uploads\/2025\/12\/Locandina-Concerto-di-Natale.jpg'><img loading=\"lazy\" decoding=\"async\" width=\"150\" height=\"150\" src=\"https:\/\/www.radiopiu.net\/wordpress\/wp-content\/uploads\/2025\/12\/Locandina-Concerto-di-Natale-150x150.jpg\" class=\"attachment-thumbnail size-thumbnail\" alt=\"\" \/><\/a>\n\t\t\t\t<\/dt><\/dl><dl class='gallery-item'>\n\t\t\t\t<dt class='gallery-icon portrait'>\n\t\t\t\t\t<a class=\"rollover rollover-zoom dt-pswp-item\" title=\"Locandina premiazioni presepi\" data-dt-img-description=\"\" data-large_image_width=\"1414\" data-large_image_height=\"2000\"href='https:\/\/www.radiopiu.net\/wordpress\/wp-content\/uploads\/2025\/12\/Locandina-premiazioni-presepi.jpg'><img loading=\"lazy\" decoding=\"async\" width=\"150\" height=\"150\" src=\"https:\/\/www.radiopiu.net\/wordpress\/wp-content\/uploads\/2025\/12\/Locandina-premiazioni-presepi-150x150.jpg\" class=\"attachment-thumbnail size-thumbnail\" alt=\"\" \/><\/a>\n\t\t\t\t<\/dt><\/dl>\n\t\t\t\t<br style='clear: both' \/>\n\t\t\t<\/div>\n\n<p>&nbsp;<\/p>\n<p>&nbsp;<\/p>\n<hr \/>\n<p>&nbsp;<\/p>\n<p class=\"mceTemp\"><a class=\"dt-pswp-item\" href=\"https:\/\/www.radiopiu.net\/wordpress\/wp-content\/uploads\/2018\/09\/WhatsApp-Image-2018-09-20-at-16.04.06.jpeg\" data-dt-img-description=\"\" data-large_image_width=\"800\" data-large_image_height=\"100\"><img loading=\"lazy\" decoding=\"async\" class=\"wp-image-61378 size-full aligncenter\" src=\"https:\/\/www.radiopiu.net\/wordpress\/wp-content\/uploads\/2018\/09\/WhatsApp-Image-2018-09-20-at-16.04.06.jpeg\" alt=\"\" width=\"800\" height=\"100\" srcset=\"https:\/\/www.radiopiu.net\/wordpress\/wp-content\/uploads\/2018\/09\/WhatsApp-Image-2018-09-20-at-16.04.06.jpeg 800w, https:\/\/www.radiopiu.net\/wordpress\/wp-content\/uploads\/2018\/09\/WhatsApp-Image-2018-09-20-at-16.04.06-300x38.jpeg 300w, https:\/\/www.radiopiu.net\/wordpress\/wp-content\/uploads\/2018\/09\/WhatsApp-Image-2018-09-20-at-16.04.06-768x96.jpeg 768w\" sizes=\"auto, (max-width: 800px) 100vw, 800px\" \/><\/a><\/p>\n<p>&nbsp;<\/p>\n<p><center><b>OGGI<\/b><\/center>Tempo stabile. Cielo sereno aria tersa ed ottima visibilit\u00e0 fino al primo mattino. Dalla tarda mattinata e nel pomeriggio a tratti velato, con nubi alte in grado a tratti di mascherare il sole specie su Dolomiti. Probabile formazione di nebbie o nubi basse in alcuni fondovalle Prealpini, localmente persistenti.<br \/>\n<b>Precipitazioni: <\/b>Assenti<br \/>\n<b>Temperature: <\/b>In generale diminuzione rispetto a mercoled\u00ec e attenuazione dell&#8217;inversione termica<\/p>\n<hr \/>\n<p><center><b>DOMANI<\/b><\/center>Cielo sereno o al pi\u00f9 poco nuvoloso per qualche velatura al mattino. Eccellente visibilit\u00e0 in quota.<br \/>\n<b>Precipitazioni: <\/b>Assenti<br \/>\n<b>Temperature: <\/b>Temperature pressoch\u00e8 stazionarie con inversione termica nelle valli.<\/p>\n<hr \/>\n<p><center><b>SABATO<\/b><\/center>Cielo sereno, al pi\u00f9 poco nuvoloso per qualche velatura. Ottima visibilit\u00e0 in quota. Temperature stazionarie, o in lieve calo nelle valli.<\/p>\n<hr \/>\n<p><center><b>DOMENICA<\/b><\/center>Cielo sereno o al pi\u00f9 poco nuvoloso per qualche velatura. Temperature in generale lieve calo.<\/p>\n<p>&nbsp;<\/p>\n<p>&nbsp;<\/p>\n<hr \/>\n<p>&nbsp;<\/p>\n<p class=\"mceTemp\"><a class=\"dt-pswp-item\" href=\"https:\/\/www.radiopiu.net\/wordpress\/wp-content\/uploads\/2018\/09\/sport.jpg\" data-dt-img-description=\"\" data-large_image_width=\"800\" data-large_image_height=\"100\"><img loading=\"lazy\" decoding=\"async\" class=\"aligncenter wp-image-60761 size-full\" src=\"https:\/\/www.radiopiu.net\/wordpress\/wp-content\/uploads\/2018\/09\/sport.jpg\" alt=\"\" width=\"800\" height=\"100\" srcset=\"https:\/\/www.radiopiu.net\/wordpress\/wp-content\/uploads\/2018\/09\/sport.jpg 800w, https:\/\/www.radiopiu.net\/wordpress\/wp-content\/uploads\/2018\/09\/sport-300x38.jpg 300w, https:\/\/www.radiopiu.net\/wordpress\/wp-content\/uploads\/2018\/09\/sport-768x96.jpg 768w\" sizes=\"auto, (max-width: 800px) 100vw, 800px\" \/> <\/a><\/p>\n<p>&nbsp;<\/p>\n<p><strong><span style=\"color: #0000ff;\">HOCKEY SU GHIACCIO<\/span><\/strong><\/p>\n<blockquote>\n<h3>ALLEGHE HOCKEY SECONDO IN CLASSIFICA DOPO UN DERBY DI CUORE<\/h3>\n<\/blockquote>\n<p><a class=\"dt-pswp-item\" href=\"https:\/\/www.radiopiu.net\/wordpress\/wp-content\/uploads\/2025\/12\/85ed8a73-2feb-40c3-8d70-917c6f70b1c1.jpg\" data-dt-img-description=\"\" data-large_image_width=\"1600\" data-large_image_height=\"1291\"><img loading=\"lazy\" decoding=\"async\" class=\" wp-image-484496 alignleft\" src=\"https:\/\/www.radiopiu.net\/wordpress\/wp-content\/uploads\/2025\/12\/85ed8a73-2feb-40c3-8d70-917c6f70b1c1-300x242.jpg\" alt=\"\" width=\"157\" height=\"127\" srcset=\"https:\/\/www.radiopiu.net\/wordpress\/wp-content\/uploads\/2025\/12\/85ed8a73-2feb-40c3-8d70-917c6f70b1c1-300x242.jpg 300w, https:\/\/www.radiopiu.net\/wordpress\/wp-content\/uploads\/2025\/12\/85ed8a73-2feb-40c3-8d70-917c6f70b1c1-1024x826.jpg 1024w, https:\/\/www.radiopiu.net\/wordpress\/wp-content\/uploads\/2025\/12\/85ed8a73-2feb-40c3-8d70-917c6f70b1c1-768x620.jpg 768w, https:\/\/www.radiopiu.net\/wordpress\/wp-content\/uploads\/2025\/12\/85ed8a73-2feb-40c3-8d70-917c6f70b1c1-1536x1239.jpg 1536w, https:\/\/www.radiopiu.net\/wordpress\/wp-content\/uploads\/2025\/12\/85ed8a73-2feb-40c3-8d70-917c6f70b1c1.jpg 1600w\" sizes=\"auto, (max-width: 157px) 100vw, 157px\" \/><\/a>L\u2019Alleghe Hockey consolida il secondo posto in classifica grazie a una vittoria emozionante nel derby del Fedaia, deciso soltanto al supplementare. Le Civette, scese sul ghiaccio con numerose assenze che avrebbero potuto pesare sull\u2019equilibrio della sfida, hanno invece mostrato compattezza, determinazione e grande spirito di squadra. La partita \u00e8 stata intensa fin dai primi minuti, con continui capovolgimenti di fronte e il pubblico delle grandi occasioni a sostenere i biancorossi. Nel tempo extra \u00e8 arrivata la zampata vincente che ha fatto esplodere la panchina e i tifosi. Ora l\u2019attenzione si sposta sulla trasferta di sabato a Dobbiaco, un appuntamento delicato che potr\u00e0 confermare le ambizioni dell\u2019Alleghe.<\/p>\n<p><strong>MATHIAS DE NARDIN, PORTIERE DELL&#8217;ALLEGHE<\/strong><\/p>\n<audio class=\"wp-audio-shortcode\" id=\"audio-485104-22\" preload=\"none\" style=\"width: 100%;\" controls=\"controls\"><source type=\"audio\/mpeg\" src=\"https:\/\/www.radiopiu.net\/wordpress\/wp-content\/uploads\/2025\/12\/MATHIAS.mp3?_=22\" \/><a href=\"https:\/\/www.radiopiu.net\/wordpress\/wp-content\/uploads\/2025\/12\/MATHIAS.mp3\">https:\/\/www.radiopiu.net\/wordpress\/wp-content\/uploads\/2025\/12\/MATHIAS.mp3<\/a><\/audio>\n<p>&nbsp;<\/p>\n<p>&nbsp;<\/p>\n","protected":false},"excerpt":{"rendered":"<p>******** &nbsp; LA NUOVA\u00a0 APP \u00a0 LA\u00a0 APP PER IOS-IPHONE di Nicola Vettorello https:\/\/apps.apple.com\/it\/app\/radio-pi%C3%B9-emittente-agordina\/id1515939845 LA\u00a0 APP RADIO\u00a0 PER ANDROID di Nicola Vettorello https:\/\/play.google.com\/store\/apps\/details?id=net.radiopiu.iniko\u00a0\u00a0\u00a0\u00a0\u00a0 &nbsp; &nbsp; &nbsp; &nbsp; OGGI SU RADIOPI\u00d9: MUSICA, informazione\u00a0 e dirette\u00a0\u00a0 ALLE 8.05 LA RASSEGNA STAMPA LOCALE 8.25\u00a0 PIU SIAMO CON MARINA DONA&#8217; 9.00 ALICE BETTOLO IN &#8220;I MILLE PASSI&#8221; DAI DIARI&hellip;<\/p>\n","protected":false},"author":4,"featured_media":485252,"comment_status":"closed","ping_status":"closed","sticky":false,"template":"","format":"standard","meta":{"_monsterinsights_skip_tracking":false,"_monsterinsights_sitenote_active":false,"_monsterinsights_sitenote_note":"","_monsterinsights_sitenote_category":0,"footnotes":""},"categories":[51,86,49],"tags":[],"class_list":["post-485104","post","type-post","status-publish","format-standard","has-post-thumbnail","hentry","category-evidenza-top","category-gr","category-news-18","category-51","category-86","category-49","description-off"],"img_url":"https:\/\/www.radiopiu.net\/wordpress\/wp-content\/uploads\/2025\/12\/VIGILI-FUOCO-CAPRILE.jpg","_links":{"self":[{"href":"https:\/\/www.radiopiu.net\/wordpress\/wp-json\/wp\/v2\/posts\/485104","targetHints":{"allow":["GET"]}}],"collection":[{"href":"https:\/\/www.radiopiu.net\/wordpress\/wp-json\/wp\/v2\/posts"}],"about":[{"href":"https:\/\/www.radiopiu.net\/wordpress\/wp-json\/wp\/v2\/types\/post"}],"author":[{"embeddable":true,"href":"https:\/\/www.radiopiu.net\/wordpress\/wp-json\/wp\/v2\/users\/4"}],"replies":[{"embeddable":true,"href":"https:\/\/www.radiopiu.net\/wordpress\/wp-json\/wp\/v2\/comments?post=485104"}],"version-history":[{"count":45,"href":"https:\/\/www.radiopiu.net\/wordpress\/wp-json\/wp\/v2\/posts\/485104\/revisions"}],"predecessor-version":[{"id":485333,"href":"https:\/\/www.radiopiu.net\/wordpress\/wp-json\/wp\/v2\/posts\/485104\/revisions\/485333"}],"wp:featuredmedia":[{"embeddable":true,"href":"https:\/\/www.radiopiu.net\/wordpress\/wp-json\/wp\/v2\/media\/485252"}],"wp:attachment":[{"href":"https:\/\/www.radiopiu.net\/wordpress\/wp-json\/wp\/v2\/media?parent=485104"}],"wp:term":[{"taxonomy":"category","embeddable":true,"href":"https:\/\/www.radiopiu.net\/wordpress\/wp-json\/wp\/v2\/categories?post=485104"},{"taxonomy":"post_tag","embeddable":true,"href":"https:\/\/www.radiopiu.net\/wordpress\/wp-json\/wp\/v2\/tags?post=485104"}],"curies":[{"name":"wp","href":"https:\/\/api.w.org\/{rel}","templated":true}]}}