{"id":485120,"date":"2025-12-10T05:39:29","date_gmt":"2025-12-10T04:39:29","guid":{"rendered":"https:\/\/www.radiopiu.net\/wordpress\/?p=485120"},"modified":"2025-12-10T05:48:01","modified_gmt":"2025-12-10T04:48:01","slug":"perizia-sullincidente-mortale-di-giuseppe-fontana","status":"publish","type":"post","link":"https:\/\/www.radiopiu.net\/wordpress\/perizia-sullincidente-mortale-di-giuseppe-fontana\/","title":{"rendered":"PERIZIA SULL\u2019INCIDENTE MORTALE DI GIUSEPPE FONTANA"},"content":{"rendered":"<p>***<\/p>\n<p>&nbsp;<\/p>\n<p><span style=\"color: #ff0000;\"><strong>OGGI LA GIUDIZIARIA<\/strong><\/span><br \/>\n<span style=\"color: #ff0000;\"><strong>DAL CORRIERE DELLE ALPI &#8211; SINTESI<\/strong><\/span><\/p>\n<blockquote>\n<p data-start=\"0\" data-end=\"63\"><strong data-start=\"0\" data-end=\"63\">PERIZIA SULL\u2019INCIDENTE MORTALE DI GIUSEPPE FONTANA<\/strong><\/p>\n<\/blockquote>\n<p data-start=\"0\" data-end=\"63\"><strong>BELLUNO<\/strong>\u00a0 La Procura\u00a0 ha disposto una perizia sull\u2019incidente in cui, a fine novembre, \u00e8 morto Giuseppe Fontana, travolto da un\u2019Audi mentre procedeva in bicicletta verso Alpago. Il fascicolo per omicidio stradale \u00e8 un atto dovuto: non \u00e8 escluso che il ciclista si sia spostato verso il centro della carreggiata, causando il tamponamento. La Polstrada ha gi\u00e0 consegnato i rilievi, negatO l\u2019alcoltest e sequestrato il cellulare del conducente per verificare eventuali distrazioni. L\u2019automobilista, difeso dall\u2019avvocato Giorgio Gasperin, potr\u00e0 nominare un proprio consulente. La perizia dovr\u00e0 chiarire definitivamente la dinamica dello schianto (Gigi Sosso)<\/p>\n<p>&nbsp;<\/p>\n<blockquote>\n<p data-start=\"0\" data-end=\"57\"><strong data-start=\"0\" data-end=\"57\">FALSE POLIZZE RCA, COINVOLTI ANCHE SOVERZENE E LIMANA<\/strong><\/p>\n<\/blockquote>\n<p data-start=\"59\" data-end=\"385\"><strong>LIMANA<\/strong> L\u2019indagine della Polstrada di Treviso sulle polizze Rca stipulate con documenti falsi \u00e8 ormai di portata nazionale. Il sistema permetteva a clienti campani di ottenere assicurazioni a prezzi molto pi\u00f9 bassi dichiarando false residenze in Veneto e Friuli. Tra i comuni utilizzati compaiono anche Soverzene e Limana. Il primo filone conta 54 imputati, per cui la procura di Roma ha chiesto il rinvio a giudizio; un secondo filone, ancora pi\u00f9 ampio, ha portato alla chiusura delle indagini su numerosi altri \u201cfurbetti\u201d. La truffa \u00e8 emersa nel 2022 grazie alle anomalie segnalate da Sara Assicurazioni: documenti presentati online con firma elettronica e numeri di telefono ricorrenti. Cinque persone sono accusate di associazione per delinquere, gli altri sono i contraenti che beneficiavano delle tariffe ridotte (Marco Filippi)<\/p>\n<blockquote>\n<p data-start=\"0\" data-end=\"96\"><strong data-start=\"0\" data-end=\"96\"><a class=\"dt-pswp-item\" href=\"https:\/\/www.radiopiu.net\/wordpress\/wp-content\/uploads\/2022\/01\/POLIZIA-POSTALE.jpg\" data-dt-img-description=\"\" data-large_image_width=\"640\" data-large_image_height=\"453\"><img loading=\"lazy\" decoding=\"async\" class=\" wp-image-255173 alignleft\" src=\"https:\/\/www.radiopiu.net\/wordpress\/wp-content\/uploads\/2022\/01\/POLIZIA-POSTALE-300x212.jpg\" alt=\"\" width=\"218\" height=\"154\" srcset=\"https:\/\/www.radiopiu.net\/wordpress\/wp-content\/uploads\/2022\/01\/POLIZIA-POSTALE-300x212.jpg 300w, https:\/\/www.radiopiu.net\/wordpress\/wp-content\/uploads\/2022\/01\/POLIZIA-POSTALE.jpg 640w\" sizes=\"auto, (max-width: 218px) 100vw, 218px\" \/><\/a>SCOPERTE CENTINAIA DI IMMAGINI PEDOPORNOGRAFICHE NEL TELEFONO: INDAGINE TRASFERITA A VENEZIA<\/strong><\/p>\n<\/blockquote>\n<p data-start=\"59\" data-end=\"385\"><strong>CADORE <\/strong>Dopo un arresto per droga, un\u2019indagine della Squadra Mobile ha assunto contorni ben pi\u00f9 gravi. Nel telefono sequestrato a un indagato \u2014 fermato lo scorso luglio insieme a due complici con cocaina, eroina e materiale per il confezionamento \u2014 gli investigatori hanno trovato centinaia di foto pedopornografiche, immagini esplicite con minorenni. Il rinvenimento ha immediatamente cambiato la competenza del fascicolo: non pi\u00f9 la Procura di Belluno, ma quella distrettuale di Venezia, competente per i reati di pornografia minorile. Ora gli inquirenti stanno approfondendo le analisi sui dispositivi per verificare eventuali scambi e altri file. La posizione dell\u2019indagato, gi\u00e0 coinvolto nel procedimento per stupefacenti, si aggrava<\/p>\n<p>&nbsp;<\/p>\n<blockquote>\n<p data-start=\"0\" data-end=\"57\"><strong data-start=\"0\" data-end=\"57\">FALSE ESENZIONI VACCINALI: IL PROCESSO ENTRA NEL VIVO<\/strong><\/p>\n<\/blockquote>\n<p data-start=\"59\" data-end=\"270\"><strong>BELLUNO<\/strong> \u00c8 iniziato il processo al medico e ai commercianti, accusati di falso ideologico per presunte esenzioni vaccinali irregolari durante il Covid-19. In aula sono stati ascoltati i primi 15 testimoni della Procura, tra carabinieri e medici. Le esenzioni contestate sarebbero state rilasciate senza seguire la procedura telematica obbligatoria dall\u20198 febbraio 2022 e anche a persone che non erano pazienti del dottore. La Procura ha sequestrato documenti e dispositivi dagli ambulatori e dal negozio dei due commercianti. Nelle prossime udienze parleranno i testimoni della difesa. (Gigi Sosso)<\/p>\n<p data-start=\"59\" data-end=\"270\">\n<blockquote>\n<p data-start=\"0\" data-end=\"68\"><strong data-start=\"0\" data-end=\"68\"><a class=\"dt-pswp-item\" href=\"https:\/\/www.radiopiu.net\/wordpress\/wp-content\/uploads\/2025\/10\/SCR-20251004-jtjg.jpeg\" data-dt-img-description=\"\" data-large_image_width=\"1096\" data-large_image_height=\"834\"><img loading=\"lazy\" decoding=\"async\" class=\"wp-image-473430 alignleft\" src=\"https:\/\/www.radiopiu.net\/wordpress\/wp-content\/uploads\/2025\/10\/SCR-20251004-jtjg-300x228.jpeg\" alt=\"\" width=\"166\" height=\"126\" srcset=\"https:\/\/www.radiopiu.net\/wordpress\/wp-content\/uploads\/2025\/10\/SCR-20251004-jtjg-300x228.jpeg 300w, https:\/\/www.radiopiu.net\/wordpress\/wp-content\/uploads\/2025\/10\/SCR-20251004-jtjg-1024x779.jpeg 1024w, https:\/\/www.radiopiu.net\/wordpress\/wp-content\/uploads\/2025\/10\/SCR-20251004-jtjg-768x584.jpeg 768w, https:\/\/www.radiopiu.net\/wordpress\/wp-content\/uploads\/2025\/10\/SCR-20251004-jtjg.jpeg 1096w\" sizes=\"auto, (max-width: 166px) 100vw, 166px\" \/><\/a>INCIDENTE SULL\u2019AGORDINA: POSITIVO L\u2019ESITO DELLA MESSA ALLA PROVA<\/strong><\/p>\n<\/blockquote>\n<p data-start=\"70\" data-end=\"298\"><strong>CANALE D&#8217;AGORDO <\/strong>\u00c8 stata dichiarata estinta l\u2019azione penale nei confronti della conducente coinvolta nell\u2019incidente avvenuto tre anni fa sulla regionale 203 Agordina, in cui rimase ferito gravemente il parroco di Canale d\u2019Agordo e Vallada. La donna aveva chiesto la messa alla prova per il reato di lesioni stradali, dopo aver risarcito i danni. Ha svolto un periodo di volontariato in un ente convenzionato, seguito dall\u2019Ufficio per l\u2019esecuzione penale esterna. Il rapporto finale \u00e8 stato positivo e il giudice ha pronunciato la sentenza di non doversi procedere, senza conseguenze sulla fedina penale. L\u2019incidente era avvenuto sotto la pioggia, nella zona di Avoscan: l\u2019auto del sacerdote era stata travolta e spinta fuori strada. I soccorsi avevano lavorato a lungo per liberarlo e poi trasferirlo in ospedale con gravi traumi. Anche la conducente era rimasta ferita, in modo pi\u00f9 lieve. (Gigi Sosso)<\/p>\n<blockquote>\n<p data-start=\"0\" data-end=\"46\"><strong data-start=\"0\" data-end=\"46\">LESIONI ALLA COGNATA: DISPOSTO IL PROCESSO<\/strong><\/p>\n<\/blockquote>\n<p data-start=\"48\" data-end=\"330\"><strong>VALLE DI CADORE\u00a0<\/strong> Sar\u00e0 celebrato il processo a carico di un uomo accusato di aver ferito la cognata durante un litigio avvenuto un paio d\u2019anni fa. Secondo l\u2019accusa, durante la discussione l\u2019uomo l\u2019avrebbe spaventata e poi colpita al collo con una vite, configurando il reato di lesioni aggravate. Nell\u2019udienza preliminare, la difesa aveva chiesto il non luogo a procedere, mentre la Procura ha insistito per il dibattimento. Il giudice ha deciso per il rinvio a giudizio e fissato la prima udienza ad aprile del prossimo anno. L\u2019imputato, attualmente detenuto per altre vicende, era gi\u00e0 noto alle forze dell\u2019ordine per un episodio sulla statale 51, quando aveva minacciato passanti armato e sotto l\u2019effetto dell\u2019alcol.\u00a0 (Gigi Sosso)<\/p>\n<p>__<\/p>\n","protected":false},"excerpt":{"rendered":"<p>*** &nbsp; OGGI LA GIUDIZIARIA DAL CORRIERE DELLE ALPI &#8211; SINTESI PERIZIA SULL\u2019INCIDENTE MORTALE DI GIUSEPPE FONTANA BELLUNO\u00a0 La Procura\u00a0 ha disposto una perizia sull\u2019incidente in cui, a fine novembre, \u00e8 morto Giuseppe Fontana, travolto da un\u2019Audi mentre procedeva in bicicletta verso Alpago. Il fascicolo per omicidio stradale \u00e8 un atto dovuto: non \u00e8 escluso&hellip;<\/p>\n","protected":false},"author":4,"featured_media":485121,"comment_status":"closed","ping_status":"closed","sticky":false,"template":"","format":"standard","meta":{"_monsterinsights_skip_tracking":false,"_monsterinsights_sitenote_active":false,"_monsterinsights_sitenote_note":"","_monsterinsights_sitenote_category":0,"footnotes":""},"categories":[51,49],"tags":[],"class_list":["post-485120","post","type-post","status-publish","format-standard","has-post-thumbnail","hentry","category-evidenza-top","category-news-18","category-51","category-49","description-off"],"img_url":"https:\/\/www.radiopiu.net\/wordpress\/wp-content\/uploads\/2025\/12\/Screenshot-2025-12-10-051800.png","_links":{"self":[{"href":"https:\/\/www.radiopiu.net\/wordpress\/wp-json\/wp\/v2\/posts\/485120","targetHints":{"allow":["GET"]}}],"collection":[{"href":"https:\/\/www.radiopiu.net\/wordpress\/wp-json\/wp\/v2\/posts"}],"about":[{"href":"https:\/\/www.radiopiu.net\/wordpress\/wp-json\/wp\/v2\/types\/post"}],"author":[{"embeddable":true,"href":"https:\/\/www.radiopiu.net\/wordpress\/wp-json\/wp\/v2\/users\/4"}],"replies":[{"embeddable":true,"href":"https:\/\/www.radiopiu.net\/wordpress\/wp-json\/wp\/v2\/comments?post=485120"}],"version-history":[{"count":1,"href":"https:\/\/www.radiopiu.net\/wordpress\/wp-json\/wp\/v2\/posts\/485120\/revisions"}],"predecessor-version":[{"id":485122,"href":"https:\/\/www.radiopiu.net\/wordpress\/wp-json\/wp\/v2\/posts\/485120\/revisions\/485122"}],"wp:featuredmedia":[{"embeddable":true,"href":"https:\/\/www.radiopiu.net\/wordpress\/wp-json\/wp\/v2\/media\/485121"}],"wp:attachment":[{"href":"https:\/\/www.radiopiu.net\/wordpress\/wp-json\/wp\/v2\/media?parent=485120"}],"wp:term":[{"taxonomy":"category","embeddable":true,"href":"https:\/\/www.radiopiu.net\/wordpress\/wp-json\/wp\/v2\/categories?post=485120"},{"taxonomy":"post_tag","embeddable":true,"href":"https:\/\/www.radiopiu.net\/wordpress\/wp-json\/wp\/v2\/tags?post=485120"}],"curies":[{"name":"wp","href":"https:\/\/api.w.org\/{rel}","templated":true}]}}