{"id":485169,"date":"2025-12-11T05:41:48","date_gmt":"2025-12-11T04:41:48","guid":{"rendered":"https:\/\/www.radiopiu.net\/wordpress\/?p=485169"},"modified":"2025-12-11T06:04:04","modified_gmt":"2025-12-11T05:04:04","slug":"interventi-suem-118-due-soccorsi-tra-falcade-e-cencenighe","status":"publish","type":"post","link":"https:\/\/www.radiopiu.net\/wordpress\/interventi-suem-118-due-soccorsi-tra-falcade-e-cencenighe\/","title":{"rendered":"INTERVENTI SUEM 118: DUE SOCCORSI TRA FALCADE E CENCENIGHE"},"content":{"rendered":"<p>**<\/p>\n<p>&nbsp;<\/p>\n<p data-start=\"92\" data-end=\"342\"><a class=\"dt-pswp-item\" href=\"https:\/\/www.radiopiu.net\/wordpress\/wp-content\/uploads\/2025\/12\/download-9.jpg\" data-dt-img-description=\"\" data-large_image_width=\"304\" data-large_image_height=\"166\"><img loading=\"lazy\" decoding=\"async\" class=\"size-medium wp-image-485170 alignleft\" src=\"https:\/\/www.radiopiu.net\/wordpress\/wp-content\/uploads\/2025\/12\/download-9-300x164.jpg\" alt=\"\" width=\"300\" height=\"164\" srcset=\"https:\/\/www.radiopiu.net\/wordpress\/wp-content\/uploads\/2025\/12\/download-9-300x164.jpg 300w, https:\/\/www.radiopiu.net\/wordpress\/wp-content\/uploads\/2025\/12\/download-9.jpg 304w\" sizes=\"auto, (max-width: 300px) 100vw, 300px\" \/><\/a>Stamane\u00a0 la Centrale Operativa SUEM 118 dell\u2019Azienda ULSS 1 Dolomiti ha gestito due interventi rilevanti nel territorio agordino, entrambi classificati con codice di gravit\u00e0 2. Il primo episodio si \u00e8 verificato alle 10.02 a Falcade, dove un 25enne di Padova \u00e8 rimasto ferito in un trauma da sci in pista. Considerata la dinamica e le condizioni del giovane, \u00e8 stato attivato l\u2019elicottero Falco 1, che ha provveduto al trasporto in sicurezza verso l\u2019ospedale di Treviso, centro di riferimento per i traumi pi\u00f9 complessi. Alle 09.31 a Cencenighe (zona Kanguro) , invece, \u00e8 stato richiesto l\u2019intervento dei sanitari per un incidente stradale che ha coinvolto un 81enne residente a Rocca Pietore. Anche in questo caso il quadro clinico \u00e8 stato valutato come di media gravit\u00e0. L\u2019uomo \u00e8 stato stabilizzato a bordo dell\u2019ambulanza e trasferito al pronto soccorso per gli accertamenti necessari.<\/p>\n<p data-start=\"92\" data-end=\"342\">\n<p data-start=\"92\" data-end=\"342\">\n<p data-start=\"92\" data-end=\"342\">\n<hr \/>\n<p data-start=\"92\" data-end=\"342\">\n","protected":false},"excerpt":{"rendered":"<p>** &nbsp; Stamane\u00a0 la Centrale Operativa SUEM 118 dell\u2019Azienda ULSS 1 Dolomiti ha gestito due interventi rilevanti nel territorio agordino, entrambi classificati con codice di gravit\u00e0 2. Il primo episodio si \u00e8 verificato alle 10.02 a Falcade, dove un 25enne di Padova \u00e8 rimasto ferito in un trauma da sci in pista. Considerata la dinamica&hellip;<\/p>\n","protected":false},"author":4,"featured_media":485170,"comment_status":"closed","ping_status":"closed","sticky":false,"template":"","format":"standard","meta":{"_monsterinsights_skip_tracking":false,"_monsterinsights_sitenote_active":false,"_monsterinsights_sitenote_note":"","_monsterinsights_sitenote_category":0,"footnotes":""},"categories":[51,49],"tags":[],"class_list":["post-485169","post","type-post","status-publish","format-standard","has-post-thumbnail","hentry","category-evidenza-top","category-news-18","category-51","category-49","description-off"],"img_url":"https:\/\/www.radiopiu.net\/wordpress\/wp-content\/uploads\/2025\/12\/download-9.jpg","_links":{"self":[{"href":"https:\/\/www.radiopiu.net\/wordpress\/wp-json\/wp\/v2\/posts\/485169","targetHints":{"allow":["GET"]}}],"collection":[{"href":"https:\/\/www.radiopiu.net\/wordpress\/wp-json\/wp\/v2\/posts"}],"about":[{"href":"https:\/\/www.radiopiu.net\/wordpress\/wp-json\/wp\/v2\/types\/post"}],"author":[{"embeddable":true,"href":"https:\/\/www.radiopiu.net\/wordpress\/wp-json\/wp\/v2\/users\/4"}],"replies":[{"embeddable":true,"href":"https:\/\/www.radiopiu.net\/wordpress\/wp-json\/wp\/v2\/comments?post=485169"}],"version-history":[{"count":1,"href":"https:\/\/www.radiopiu.net\/wordpress\/wp-json\/wp\/v2\/posts\/485169\/revisions"}],"predecessor-version":[{"id":485171,"href":"https:\/\/www.radiopiu.net\/wordpress\/wp-json\/wp\/v2\/posts\/485169\/revisions\/485171"}],"wp:featuredmedia":[{"embeddable":true,"href":"https:\/\/www.radiopiu.net\/wordpress\/wp-json\/wp\/v2\/media\/485170"}],"wp:attachment":[{"href":"https:\/\/www.radiopiu.net\/wordpress\/wp-json\/wp\/v2\/media?parent=485169"}],"wp:term":[{"taxonomy":"category","embeddable":true,"href":"https:\/\/www.radiopiu.net\/wordpress\/wp-json\/wp\/v2\/categories?post=485169"},{"taxonomy":"post_tag","embeddable":true,"href":"https:\/\/www.radiopiu.net\/wordpress\/wp-json\/wp\/v2\/tags?post=485169"}],"curies":[{"name":"wp","href":"https:\/\/api.w.org\/{rel}","templated":true}]}}