{"id":485173,"date":"2025-12-11T05:42:55","date_gmt":"2025-12-11T04:42:55","guid":{"rendered":"https:\/\/www.radiopiu.net\/wordpress\/?p=485173"},"modified":"2025-12-11T06:03:57","modified_gmt":"2025-12-11T05:03:57","slug":"addio-a-lino-sief-storica-figura-del-rotary-e-del-corpo-forestale","status":"publish","type":"post","link":"https:\/\/www.radiopiu.net\/wordpress\/addio-a-lino-sief-storica-figura-del-rotary-e-del-corpo-forestale\/","title":{"rendered":"ADDIO A LINO SIEF, STORICA FIGURA DEL ROTARY E DEL CORPO FORESTALE"},"content":{"rendered":"<p>**<\/p>\n<p data-start=\"98\" data-end=\"415\"><a class=\"dt-pswp-item\" href=\"https:\/\/www.radiopiu.net\/wordpress\/wp-content\/uploads\/2025\/12\/LINO_SIEF.jpg\" data-dt-img-description=\"\" data-large_image_width=\"1200\" data-large_image_height=\"1517\"><img loading=\"lazy\" decoding=\"async\" class=\"size-medium wp-image-485174 alignleft\" src=\"https:\/\/www.radiopiu.net\/wordpress\/wp-content\/uploads\/2025\/12\/LINO_SIEF-237x300.jpg\" alt=\"\" width=\"237\" height=\"300\" srcset=\"https:\/\/www.radiopiu.net\/wordpress\/wp-content\/uploads\/2025\/12\/LINO_SIEF-237x300.jpg 237w, https:\/\/www.radiopiu.net\/wordpress\/wp-content\/uploads\/2025\/12\/LINO_SIEF-810x1024.jpg 810w, https:\/\/www.radiopiu.net\/wordpress\/wp-content\/uploads\/2025\/12\/LINO_SIEF-768x971.jpg 768w, https:\/\/www.radiopiu.net\/wordpress\/wp-content\/uploads\/2025\/12\/LINO_SIEF.jpg 1200w\" sizes=\"auto, (max-width: 237px) 100vw, 237px\" \/><\/a>Profonda commozione a Belluno per la scomparsa di <strong data-start=\"148\" data-end=\"161\">Lino Sief<\/strong>, past president del Rotary Club cittadino e figura di riferimento nel settore forestale, morto all\u2019et\u00e0 di 91 anni. Nato a Colle Santa Lucia il 18 giugno 1934, Sief \u00e8 stato per decenni un punto fermo della vita istituzionale e comunitaria del territorio.<\/p>\n<p data-start=\"417\" data-end=\"913\">Entrato nel Rotary Belluno nel 1978, ne aveva ricoperto la presidenza nell\u2019annata 1988-1989, distinguendosi per impegno, visione e dedizione al servizio. Laureato in Scienze Forestali all\u2019Universit\u00e0 di Firenze nel 1959, aveva dedicato l\u2019intera carriera all\u2019Amministrazione Pubblica e al <strong data-start=\"704\" data-end=\"735\">Corpo Forestale dello Stato<\/strong>, raggiungendo il grado di <strong data-start=\"762\" data-end=\"784\">ispettore generale<\/strong>. A Belluno aveva guidato l\u2019Ispettorato Dipartimentale delle Foreste e successivamente l\u2019Amministrazione delle Foreste Demaniali.<\/p>\n<p data-start=\"915\" data-end=\"1331\">Dal 1988 al 1996 era stato presidente dell\u2019Ordine dei Dottori Agronomi e Forestali della provincia e socio dell\u2019Accademia Italiana di Scienze Forestali, a testimonianza del suo ruolo di primo piano nel settore. Accanto all\u2019attivit\u00e0 professionale, Sief aveva sempre mostrato un profondo senso civico, sostenendo per anni la gestione della scuola materna e dell\u2019asilo nido San Biagio della parrocchia di Santo Stefano.<\/p>\n<p data-start=\"1333\" data-end=\"1438\">Lascia la moglie <strong data-start=\"1350\" data-end=\"1365\">Franca Xaiz<\/strong>, insegnante in pensione, i figli <strong data-start=\"1399\" data-end=\"1410\">Eugenio<\/strong> e <strong data-start=\"1413\" data-end=\"1423\">Silvia<\/strong>, e i nipoti.<\/p>\n<p data-start=\"1440\" data-end=\"1721\">Il presidente del Rotary Club Belluno, <strong data-start=\"1479\" data-end=\"1496\">Luca Luchetta<\/strong>, lo ricorda con affetto: <em data-start=\"1522\" data-end=\"1720\">\u00abLino Sief \u00e8 stato un esempio di competenza, rigore e servizio. Il suo contributo al club e alla comunit\u00e0 bellunese rester\u00e0 un riferimento per tutti noi. La sua scomparsa lascia un vuoto profondo\u00bb<\/em>.<\/p>\n<p data-start=\"1723\" data-end=\"1903\" data-is-last-node=\"\" data-is-only-node=\"\">I funerali saranno celebrati <strong data-start=\"1752\" data-end=\"1786\">venerd\u00ec 12 dicembre alle 14.30<\/strong>, nella chiesa parrocchiale di <strong data-start=\"1817\" data-end=\"1834\">Santo Stefano<\/strong> a Belluno. La sepoltura avverr\u00e0 nel cimitero di <strong data-start=\"1883\" data-end=\"1902\">Canale d\u2019Agordo<\/strong>.<\/p>\n<p data-start=\"1723\" data-end=\"1903\" data-is-last-node=\"\" data-is-only-node=\"\">\n<hr \/>\n<p data-start=\"1723\" data-end=\"1903\" data-is-last-node=\"\" data-is-only-node=\"\">\n","protected":false},"excerpt":{"rendered":"<p>** Profonda commozione a Belluno per la scomparsa di Lino Sief, past president del Rotary Club cittadino e figura di riferimento nel settore forestale, morto all\u2019et\u00e0 di 91 anni. Nato a Colle Santa Lucia il 18 giugno 1934, Sief \u00e8 stato per decenni un punto fermo della vita istituzionale e comunitaria del territorio. Entrato nel&hellip;<\/p>\n","protected":false},"author":4,"featured_media":485175,"comment_status":"closed","ping_status":"closed","sticky":false,"template":"","format":"standard","meta":{"_monsterinsights_skip_tracking":false,"_monsterinsights_sitenote_active":false,"_monsterinsights_sitenote_note":"","_monsterinsights_sitenote_category":0,"footnotes":""},"categories":[51,49],"tags":[],"class_list":["post-485173","post","type-post","status-publish","format-standard","has-post-thumbnail","hentry","category-evidenza-top","category-news-18","category-51","category-49","description-off"],"img_url":"https:\/\/www.radiopiu.net\/wordpress\/wp-content\/uploads\/2025\/12\/Screenshot-2025-12-10-150140.png","_links":{"self":[{"href":"https:\/\/www.radiopiu.net\/wordpress\/wp-json\/wp\/v2\/posts\/485173","targetHints":{"allow":["GET"]}}],"collection":[{"href":"https:\/\/www.radiopiu.net\/wordpress\/wp-json\/wp\/v2\/posts"}],"about":[{"href":"https:\/\/www.radiopiu.net\/wordpress\/wp-json\/wp\/v2\/types\/post"}],"author":[{"embeddable":true,"href":"https:\/\/www.radiopiu.net\/wordpress\/wp-json\/wp\/v2\/users\/4"}],"replies":[{"embeddable":true,"href":"https:\/\/www.radiopiu.net\/wordpress\/wp-json\/wp\/v2\/comments?post=485173"}],"version-history":[{"count":1,"href":"https:\/\/www.radiopiu.net\/wordpress\/wp-json\/wp\/v2\/posts\/485173\/revisions"}],"predecessor-version":[{"id":485176,"href":"https:\/\/www.radiopiu.net\/wordpress\/wp-json\/wp\/v2\/posts\/485173\/revisions\/485176"}],"wp:featuredmedia":[{"embeddable":true,"href":"https:\/\/www.radiopiu.net\/wordpress\/wp-json\/wp\/v2\/media\/485175"}],"wp:attachment":[{"href":"https:\/\/www.radiopiu.net\/wordpress\/wp-json\/wp\/v2\/media?parent=485173"}],"wp:term":[{"taxonomy":"category","embeddable":true,"href":"https:\/\/www.radiopiu.net\/wordpress\/wp-json\/wp\/v2\/categories?post=485173"},{"taxonomy":"post_tag","embeddable":true,"href":"https:\/\/www.radiopiu.net\/wordpress\/wp-json\/wp\/v2\/tags?post=485173"}],"curies":[{"name":"wp","href":"https:\/\/api.w.org\/{rel}","templated":true}]}}