{"id":485276,"date":"2025-12-12T05:48:41","date_gmt":"2025-12-12T04:48:41","guid":{"rendered":"https:\/\/www.radiopiu.net\/wordpress\/?p=485276"},"modified":"2025-12-12T08:44:08","modified_gmt":"2025-12-12T07:44:08","slug":"giornale-radiopiu-12-dicembre-2025-direttore-mirko-mezzacasa","status":"publish","type":"post","link":"https:\/\/www.radiopiu.net\/wordpress\/giornale-radiopiu-12-dicembre-2025-direttore-mirko-mezzacasa\/","title":{"rendered":"GIORNALE RADIOPIU 12 DICEMBRE 2025 DIRETTORE MIRKO MEZZACASA"},"content":{"rendered":"<p>********<\/p>\n<p>&nbsp;<\/p>\n<h1>LA NUOVA\u00a0 APP<\/h1>\n<p><strong><em><span style=\"color: #ff0000;\"><a class=\"dt-pswp-item\" href=\"https:\/\/www.radiopiu.net\/wordpress\/wp-content\/uploads\/2025\/11\/Screenshot-2025-11-14-052001.png\" data-dt-img-description=\"\" data-large_image_width=\"520\" data-large_image_height=\"356\"><img loading=\"lazy\" decoding=\"async\" class=\"size-medium wp-image-480474 alignleft\" src=\"https:\/\/www.radiopiu.net\/wordpress\/wp-content\/uploads\/2025\/11\/Screenshot-2025-11-14-052001-300x205.png\" alt=\"\" width=\"300\" height=\"205\" srcset=\"https:\/\/www.radiopiu.net\/wordpress\/wp-content\/uploads\/2025\/11\/Screenshot-2025-11-14-052001-300x205.png 300w, https:\/\/www.radiopiu.net\/wordpress\/wp-content\/uploads\/2025\/11\/Screenshot-2025-11-14-052001.png 520w\" sizes=\"auto, (max-width: 300px) 100vw, 300px\" \/><\/a> <\/span><\/em><\/strong><\/p>\n<p><strong><em><span style=\"color: #ff0000;\">\u00a0<\/span><\/em><\/strong><\/p>\n<p><strong><em><span style=\"color: #ff0000;\">LA\u00a0 APP PER IOS-IPHONE di Nicola Vettorello<\/span><\/em><\/strong><\/p>\n<p><strong><span style=\"color: #0000ff;\"><a style=\"color: #0000ff;\" href=\"https:\/\/apps.apple.com\/it\/app\/radio-pi%C3%B9-emittente-agordina\/id1515939845\">https:\/\/apps.apple.com\/it\/app\/radio-pi%C3%B9-emittente-agordina\/id1515939845<\/a><\/span><\/strong><\/p>\n<p><strong><em style=\"color: #ff0000;\">LA\u00a0 APP RADIO\u00a0 PER ANDROID di Nicola Vettorello<\/em><\/strong><\/p>\n<p><strong><span style=\"color: #0000ff;\"><a style=\"color: #0000ff;\" href=\"https:\/\/play.google.com\/store\/apps\/details?id=net.radiopiu.iniko\" target=\"_blank\" rel=\"noopener noreferrer\">https:\/\/<\/a><a style=\"color: #0000ff;\" href=\"https:\/\/play.google.com\/store\/apps\/details?id=net.radiopiu.iniko\" target=\"_blank\" rel=\"noopener noreferrer\">play.google.com\/store\/apps\/details?id=net.radiopiu.iniko\u00a0\u00a0\u00a0\u00a0\u00a0<\/a><\/span><\/strong><\/p>\n<p>&nbsp;<\/p>\n<p>&nbsp;<\/p>\n<p>&nbsp;<\/p>\n<hr \/>\n<p>&nbsp;<\/p>\n<blockquote>\n<div class=\"mceTemp\">\n<h1 data-start=\"0\" data-end=\"60\"><strong data-start=\"0\" data-end=\"60\">OGGI SU RADIOPI\u00d9: <span style=\"color: #000000;\">MUSICA, informazione\u00a0<\/span> e dirette\u00a0\u00a0<\/strong><\/h1>\n<\/div>\n<\/blockquote>\n<p><strong class=\"photoswipe-wrapper\" style=\"color: #111111; font-family: 'normal Arial', Helvetica, sans-serif; font-size: 14px;\"><strong class=\"photoswipe-wrapper\"><a class=\"dt-pswp-item\" href=\"https:\/\/www.radiopiu.net\/wordpress\/wp-content\/uploads\/2021\/12\/RIVA-NADAL.png\" data-dt-img-description=\"\" data-large_image_width=\"620\" data-large_image_height=\"412\"><img loading=\"lazy\" decoding=\"async\" class=\"size-medium wp-image-247592 alignleft\" src=\"https:\/\/www.radiopiu.net\/wordpress\/wp-content\/uploads\/2021\/12\/RIVA-NADAL-300x199.png\" alt=\"\" width=\"300\" height=\"199\" srcset=\"https:\/\/www.radiopiu.net\/wordpress\/wp-content\/uploads\/2021\/12\/RIVA-NADAL-300x199.png 300w, https:\/\/www.radiopiu.net\/wordpress\/wp-content\/uploads\/2021\/12\/RIVA-NADAL.png 620w\" sizes=\"auto, (max-width: 300px) 100vw, 300px\" \/><\/a>ALLE 8.05 LA RASSEGNA STAMPA LOCALE 8.25 piu siamo con marina don\u00e0\u00a0 9.40 PREMIER LE NOVITA&#8217; DI MARCO GAZ\u00a0 10.10 LE NOVE IN LADIN, D&#8217;INTORN E FORA VIA UN PROGRAMMA A CURA DEL MUSLA CON ERIK DA LA VILLA- GOSALDO <\/strong><strong>10.30 LE MIGLIA DEI BABBO NATALE OSPITI: ROBERTO AGNOLET, ALESSANDRA DA RONCH, FERNANDO SOCCOL\u00a0 \u00a0 11.00 BATTICINQUE IL PROGRAMMA DI MARINA E ALESSIO, SCONTRI GENERAZIONALI 12.00 LISCIO NON TI LASCIO DI MIRCO BENCIVENNI\u00a0 13.10 TRE PER DUE PER TE CON MARINA DONA&#8217; 13.30 COLLAGE OPERAZIONE NOSTALGIA CON LORIS SCUSSEL 14.00 MUSIC ABC CON DAVID E MARINA\u00a0 1500 WEEK END MARINA C&#8217;E&#8217;\u00a0 16.30 LE INTERVISTE DI MATTEO MANFROI, SPECIALE ALLEGHE HOCKEY <\/strong><\/strong><strong>\u00a0 16 45 LE HIT STORICHE DI MIRCO BENCIVENNI\u00a0 19.05 LE ANTICIPAZIONI DAL TG DI ANTENNA 3 DA UN\u2019IDEA DI TIZIANA BOLOGNANI 1920 MARCO, ADELE E GIACOMO&#8230; PRESENTANO RIVA NADAL IN VALLE IMPERINA di mirko mezzacasa\u00a0<\/strong><\/p>\n<p>&nbsp;<\/p>\n<p>&nbsp;<\/p>\n<hr \/>\n<div class=\"x11i5rnm xat24cr x1mh8g0r x1vvkbs xtlvy1s x126k92a\">\n<blockquote>\n<h1><strong><br \/>\nN di parom &#8211; L Almanach de la nosta jent\u00a0 <\/strong><strong style=\"font-size: 14px;\"><span style=\"color: #ff0000;\">OGNI GIORNO ALLE CINQUE E ALLE NOVE E DIECI\u00a0 DEL MATTINO<\/span> LA PUNTATA DI OGGI, 12 DICEMBRE 2025<\/strong><\/h1>\n<\/blockquote>\n<\/div>\n<audio class=\"wp-audio-shortcode\" id=\"audio-485276-1\" preload=\"none\" style=\"width: 100%;\" controls=\"controls\"><source type=\"audio\/mpeg\" src=\"https:\/\/www.radiopiu.net\/wordpress\/wp-content\/uploads\/2025\/12\/AL5.mp3?_=1\" \/><a href=\"https:\/\/www.radiopiu.net\/wordpress\/wp-content\/uploads\/2025\/12\/AL5.mp3\">https:\/\/www.radiopiu.net\/wordpress\/wp-content\/uploads\/2025\/12\/AL5.mp3<\/a><\/audio>\n<p>&nbsp;<\/p>\n<hr \/>\n<div class=\"x11i5rnm xat24cr x1mh8g0r x1vvkbs xtlvy1s x126k92a\">\n<div dir=\"auto\">\n<div dir=\"auto\">\n<blockquote>\n<h2><strong><br \/>\nEL BAL DEL FIOR, DI GIULIANA DA RONCH\u00a0 <span style=\"color: #ff0000;\">ogni giorno alle sette e venti del mattino <\/span><\/strong><strong style=\"font-size: 14px;\">LA PUNTATA DI OGGI 12 DICEMBRE<\/strong><strong style=\"font-size: 14px;\">\u00a02025<\/strong><\/h2>\n<\/blockquote>\n<audio class=\"wp-audio-shortcode\" id=\"audio-485276-2\" preload=\"none\" style=\"width: 100%;\" controls=\"controls\"><source type=\"audio\/mpeg\" src=\"https:\/\/www.radiopiu.net\/wordpress\/wp-content\/uploads\/2025\/12\/GVE.mp3?_=2\" \/><a href=\"https:\/\/www.radiopiu.net\/wordpress\/wp-content\/uploads\/2025\/12\/GVE.mp3\">https:\/\/www.radiopiu.net\/wordpress\/wp-content\/uploads\/2025\/12\/GVE.mp3<\/a><\/audio>\n<\/div>\n<\/div>\n<\/div>\n<p>&nbsp;<\/p>\n<div class=\"x11i5rnm xat24cr x1mh8g0r x1vvkbs xtlvy1s x126k92a\">\n<div dir=\"auto\">\n<hr \/>\n<\/div>\n<\/div>\n<blockquote>\n<blockquote>\n<h1><span style=\"color: #ff0000;\">\u00a0<\/span><\/h1>\n<h1><span style=\"color: #ff0000;\">I podcast informativi del mattino &#8211; audio &#8211;\u00a0\u00a0<\/span><\/h1>\n<\/blockquote>\n<p><strong><a class=\"dt-pswp-item\" href=\"https:\/\/www.radiopiu.net\/wordpress\/wp-content\/uploads\/2024\/11\/6.jpg\" data-dt-img-description=\"\" data-large_image_width=\"177\" data-large_image_height=\"180\"><img loading=\"lazy\" decoding=\"async\" class=\"size-full wp-image-417911 alignleft\" src=\"https:\/\/www.radiopiu.net\/wordpress\/wp-content\/uploads\/2024\/11\/6.jpg\" alt=\"\" width=\"177\" height=\"180\" \/><\/a>LA RASSEGNA STAMPA NAZIONALE ALLA RADIO, OGNI GIORNO ALLE 5 E ALLE 6 DEL MATTINO <span style=\"color: #0000ff;\">viene pubblicata alle 6.00 <span style=\"color: #ff0000;\">DIRETTA RADIO\u00a0 \u00a0\u00a0<\/span><\/span><\/strong><\/p><\/blockquote>\n<h1><strong>NOTIZIE DELLA NOTTE<\/strong><\/h1>\n<article class=\"text-token-text-primary w-full focus:outline-none [--shadow-height:45px] has-data-writing-block:pointer-events-none has-data-writing-block:-mt-(--shadow-height) has-data-writing-block:pt-(--shadow-height) [&amp;:has([data-writing-block])&gt;*]:pointer-events-auto scroll-mt-[calc(var(--header-height)+min(200px,max(70px,20svh)))]\" dir=\"auto\" tabindex=\"-1\" data-turn-id=\"request-WEB:6c6eba2c-db7d-4cbb-aaf4-bde94336bd2c-36\" data-testid=\"conversation-turn-74\" data-scroll-anchor=\"true\" data-turn=\"assistant\">\n<div class=\"text-base my-auto mx-auto pb-10 [--thread-content-margin:--spacing(4)] @w-sm\/main:[--thread-content-margin:--spacing(6)] @w-lg\/main:[--thread-content-margin:--spacing(16)] px-(--thread-content-margin)\">\n<div class=\"[--thread-content-max-width:40rem] @w-lg\/main:[--thread-content-max-width:48rem] mx-auto max-w-(--thread-content-max-width) flex-1 group\/turn-messages focus-visible:outline-hidden relative flex w-full min-w-0 flex-col agent-turn\" tabindex=\"-1\">\n<div class=\"flex max-w-full flex-col grow\">\n<div class=\"min-h-8 text-message relative flex w-full flex-col items-end gap-2 text-start break-words whitespace-normal [.text-message+&amp;]:mt-1\" dir=\"auto\" data-message-author-role=\"assistant\" data-message-id=\"b4e35c7c-589b-42ee-8ea1-9ada9ee66519\" data-message-model-slug=\"gpt-5-1\">\n<div class=\"flex w-full flex-col gap-1 empty:hidden first:pt-[1px]\">\n<div class=\"markdown prose dark:prose-invert w-full break-words dark markdown-new-styling\"><\/div>\n<\/div>\n<\/div>\n<\/div>\n<div class=\"z-0 flex min-h-[46px] justify-start\">\n<p data-start=\"167\" data-end=\"594\"><strong>GIAPPONE<\/strong><br data-start=\"175\" data-end=\"178\" \/><em data-start=\"178\" data-end=\"213\">Forte terremoto e allerta tsunami<\/em><br data-start=\"213\" data-end=\"216\" \/>Un sisma di magnitudo 6.7 ha colpito nella notte l\u2019area di Hokkaido. Le autorit\u00e0 hanno immediatamente diramato l\u2019allerta tsunami e avviato le procedure di sicurezza per la popolazione costiera. Intanto sempre a Hokkaido \u00e8 arrivato il via libera alla riattivazione del reattore nucleare di Tomari, decisione che riaccende il dibattito interno sulla politica energetica del Paese.<\/p>\n<p data-start=\"596\" data-end=\"861\"><strong>SVEZIA<\/strong><br data-start=\"602\" data-end=\"605\" \/><em data-start=\"605\" data-end=\"646\">Quattro italiani feriti in un incidente<\/em><br data-start=\"646\" data-end=\"649\" \/>Nel nord del Paese quattro cittadini italiani sono stati ricoverati dopo un grave incidente stradale. Sono in corso gli accertamenti da parte della polizia locale, che sta ricostruendo la dinamica dello schianto.<\/p>\n<p data-start=\"863\" data-end=\"1107\"><strong>THAILANDIA<\/strong><br data-start=\"873\" data-end=\"876\" \/><em data-start=\"876\" data-end=\"918\">Il primo ministro scioglie il Parlamento<\/em><br data-start=\"918\" data-end=\"921\" \/>Il capo del governo ha annunciato lo scioglimento dell\u2019assemblea nazionale, aprendo di fatto la strada a nuove elezioni. Una mossa destinata a ridisegnare gli equilibri politici interni.<\/p>\n<p data-start=\"1109\" data-end=\"1438\"><strong>USA<\/strong><br data-start=\"1112\" data-end=\"1115\" \/><em data-start=\"1115\" data-end=\"1177\">Trump apre a un accordo su Kiev e torna ad attaccare Teheran<\/em><br data-start=\"1177\" data-end=\"1180\" \/>Il presidente americano ha dichiarato che gli Stati Uniti sono pronti a contribuire a un accordo di pace per l\u2019Ucraina, purch\u00e9 siano garantite condizioni di sicurezza solide. In un altro passaggio ha affermato che l\u2019Iran sarebbe disposto a negoziare con lui.<\/p>\n<p data-start=\"1440\" data-end=\"1659\"><strong>UCRAINA<\/strong><br data-start=\"1447\" data-end=\"1450\" \/><em data-start=\"1450\" data-end=\"1504\">Von der Leyen ribadisce la linea dell\u2019Unione Europea<\/em><br data-start=\"1504\" data-end=\"1507\" \/>La presidente della Commissione ha ribadito che per Kiev serve una pace \u201cgiusta\u201d, accompagnata da garanzie di sicurezza robuste per il futuro del Paese.<\/p>\n<p data-start=\"1661\" data-end=\"1824\"><strong>TOKYO<\/strong><br data-start=\"1666\" data-end=\"1669\" \/><em data-start=\"1669\" data-end=\"1702\">Apertura positiva per i mercati<\/em><br data-start=\"1702\" data-end=\"1705\" \/>La borsa giapponese apre in rialzo dello 0,69%, trainata dal settore tecnologico nonostante le tensioni geopolitiche.<\/p>\n<\/div>\n<div class=\"mt-3 w-full empty:hidden\">\n<div class=\"text-center\"><\/div>\n<\/div>\n<\/div>\n<\/div>\n<\/article>\n<h1>IL GIORNALE DELLE SEI DEL MATTINO<\/h1>\n<audio class=\"wp-audio-shortcode\" id=\"audio-485276-3\" preload=\"none\" style=\"width: 100%;\" controls=\"controls\"><source type=\"audio\/mpeg\" src=\"https:\/\/www.radiopiu.net\/wordpress\/wp-content\/uploads\/2025\/12\/giornale07-10.mp3?_=3\" \/><a href=\"https:\/\/www.radiopiu.net\/wordpress\/wp-content\/uploads\/2025\/12\/giornale07-10.mp3\">https:\/\/www.radiopiu.net\/wordpress\/wp-content\/uploads\/2025\/12\/giornale07-10.mp3<\/a><\/audio>\n<p>&nbsp;<\/p>\n<p>&nbsp;<\/p>\n<p>&nbsp;<\/p>\n<hr \/>\n<p>&nbsp;<\/p>\n<h1 style=\"text-align: center;\"><span style=\"color: #ff0000;\"><a class=\"dt-pswp-item\" href=\"https:\/\/www.radiopiu.net\/wordpress\/wp-content\/uploads\/2024\/11\/7.jpg\" data-dt-img-description=\"\" data-large_image_width=\"180\" data-large_image_height=\"180\"><img loading=\"lazy\" decoding=\"async\" class=\"size-full wp-image-417912 alignleft\" src=\"https:\/\/www.radiopiu.net\/wordpress\/wp-content\/uploads\/2024\/11\/7.jpg\" alt=\"\" width=\"180\" height=\"180\" srcset=\"https:\/\/www.radiopiu.net\/wordpress\/wp-content\/uploads\/2024\/11\/7.jpg 180w, https:\/\/www.radiopiu.net\/wordpress\/wp-content\/uploads\/2024\/11\/7-150x150.jpg 150w\" sizes=\"auto, (max-width: 180px) 100vw, 180px\" \/><\/a>I podcast informativi del mattino &#8211; audio &#8211;\u00a0<\/span><\/h1>\n<p><strong>OGNI GIORNO ALLE SETTE DEL MATTINO, LA RASSEGNA STAMPA LOCALE FLASH&#8230; PER CHI VA IN FRETTA. I TITOLI DAI GIORNALI E DAL SITO WWW.RADIOPIU.NET <span style=\"color: #0000ff;\">viene pubblicato alle 7.00<\/span> <span style=\"color: #ff0000;\">DIRETTA RADIO\u00a0<\/span><\/strong><\/p>\n<p><em><span style=\"color: #ff0000;\">per chi va in fretta&#8230; tante notizie in pochi minuti. L&#8217;informazione locale alla radio, ogni ora dalle 7 del mattino alle 19 della sera.\u00a0\u00a0<\/span><\/em><\/p>\n<p><strong data-start=\"0\" data-end=\"62\">Notizie locali dal Bellunese: tra cronaca, eventi e novit\u00e0<\/strong><\/p>\n<div class=\"flex flex-1 grow basis-auto flex-col overflow-hidden\">\n<div class=\"relative h-full\">\n<div class=\"flex h-full flex-col overflow-y-auto [scrollbar-gutter:stable]\">\n<div class=\"mt-1.5 flex flex-col text-sm @thread-xl\/thread:pt-header-height md:pb-9\">\n<article class=\"group\/turn w-full text-token-text-primary focus-visible:outline-none\" dir=\"auto\" tabindex=\"-1\" data-testid=\"conversation-turn-2\" data-scroll-anchor=\"true\">\n<div class=\"text-base my-auto mx-auto py-5 px-6\">\n<div class=\"mx-auto flex flex-1 text-base gap-4 md:gap-5 lg:gap-6 md:max-w-3xl\">\n<div class=\"group\/conversation-turn relative flex w-full min-w-0 flex-col agent-turn @xs\/thread:px-0 @sm\/thread:px-1.5 @md\/thread:px-4\">\n<div class=\"relative flex-col gap-1 md:gap-3\">\n<div class=\"flex max-w-full flex-col flex-grow\">\n<div class=\"min-h-8 text-message relative flex w-full flex-col items-end gap-2 whitespace-normal break-words text-start [.text-message+&amp;]:mt-5\" dir=\"auto\" data-message-author-role=\"assistant\" data-message-id=\"bff05fc0-dc7c-4ab7-9b20-d3eec753127b\" data-message-model-slug=\"gpt-4o-mini\">\n<div class=\"flex w-full flex-col gap-1 empty:hidden first:pt-[3px]\">\n<div class=\"markdown prose w-full break-words dark:prose-invert dark\">\n<p class=\"\" data-start=\"64\" data-end=\"329\"><em><strong>Radio Pi\u00f9 offre una panoramica sui principali eventi e notizie in provincia di Belluno, accompagnata dalla programmazione radiofonica. Tra le principali notizie<\/strong><\/em><\/p>\n<\/div>\n<\/div>\n<\/div>\n<\/div>\n<\/div>\n<\/div>\n<\/div>\n<\/div>\n<\/article>\n<\/div>\n<\/div>\n<\/div>\n<\/div>\n<h1>AUDIO dalle 7 del mattino<\/h1>\n<audio class=\"wp-audio-shortcode\" id=\"audio-485276-4\" preload=\"none\" style=\"width: 100%;\" controls=\"controls\"><source type=\"audio\/mpeg\" src=\"https:\/\/www.radiopiu.net\/wordpress\/wp-content\/uploads\/2025\/12\/GF07-10.mp3?_=4\" \/><a href=\"https:\/\/www.radiopiu.net\/wordpress\/wp-content\/uploads\/2025\/12\/GF07-10.mp3\">https:\/\/www.radiopiu.net\/wordpress\/wp-content\/uploads\/2025\/12\/GF07-10.mp3<\/a><\/audio>\n<p>&nbsp;<\/p>\n<p>&nbsp;<\/p>\n<p>&nbsp;<\/p>\n<hr \/>\n<p>&nbsp;<\/p>\n<h1><\/h1>\n<h1 style=\"text-align: center;\"><span style=\"color: #ff0000;\"><a class=\"dt-pswp-item\" href=\"https:\/\/www.radiopiu.net\/wordpress\/wp-content\/uploads\/2024\/11\/th.jpg\" data-dt-img-description=\"\" data-large_image_width=\"148\" data-large_image_height=\"179\"><img loading=\"lazy\" decoding=\"async\" class=\" wp-image-417913 alignleft\" src=\"https:\/\/www.radiopiu.net\/wordpress\/wp-content\/uploads\/2024\/11\/th.jpg\" alt=\"\" width=\"66\" height=\"80\" \/><\/a>I podcast informativi del mattino &#8211; audio &#8211;\u00a0<\/span><\/h1>\n<blockquote><p><strong>GIORNALE RADIO NAZIONALE, EDIZIONE DELLE SETTE <span style=\"color: #0000ff;\">viene pubblicato alle 7.05 <span style=\"color: #ff0000;\">DIRETTA RADIO\u00a0<\/span><\/span><\/strong><\/p><\/blockquote>\n<p><strong>il giornale radionazionale e&#8217; in onda ogni ora, dalle sette del mattino alle venti della sera\u00a0 \u00a0\u00a0<\/strong><\/p>\n<blockquote>\n<h2><em><a class=\"dt-pswp-item\" href=\"https:\/\/www.radiopiu.net\/wordpress\/wp-content\/uploads\/2025\/02\/download-7.jpg\" data-dt-img-description=\"\" data-large_image_width=\"211\" data-large_image_height=\"239\"><img loading=\"lazy\" decoding=\"async\" class=\" wp-image-435553 alignleft\" src=\"https:\/\/www.radiopiu.net\/wordpress\/wp-content\/uploads\/2025\/02\/download-7.jpg\" alt=\"\" width=\"186\" height=\"211\" \/><\/a><span style=\"color: #ff0000;\">RADIOPI\u00d9<\/span> \u2013 La voce del territorio, lo sguardo sul Paese.\u00a0<\/em><\/h2>\n<\/blockquote>\n<div class=\"flex basis-auto flex-col -mb-(--composer-overlap-px) [--composer-overlap-px:55px] grow overflow-hidden\">\n<div class=\"relative h-full\">\n<div class=\"flex h-full flex-col overflow-y-auto [scrollbar-gutter:stable_both-edges] @[84rem]\/thread:pt-(--header-height)\">\n<div class=\"@thread-xl\/thread:pt-header-height flex flex-col text-sm pb-25\">\n<article class=\"text-token-text-primary w-full focus:outline-none scroll-mt-[calc(var(--header-height)+min(200px,max(70px,20svh)))]\" dir=\"auto\" tabindex=\"-1\" data-testid=\"conversation-turn-68\" data-scroll-anchor=\"true\" data-turn=\"assistant\">\n<div class=\"text-base my-auto mx-auto pb-10 [--thread-content-margin:--spacing(4)] @[37rem]:[--thread-content-margin:--spacing(6)] @[72rem]:[--thread-content-margin:--spacing(16)] px-(--thread-content-margin)\">\n<div class=\"[--thread-content-max-width:32rem] @[34rem]:[--thread-content-max-width:40rem] @[64rem]:[--thread-content-max-width:48rem] mx-auto max-w-(--thread-content-max-width) flex-1 group\/turn-messages focus-visible:outline-hidden relative flex w-full min-w-0 flex-col agent-turn\" tabindex=\"-1\">\n<div class=\"flex max-w-full flex-col grow\">\n<div class=\"min-h-8 text-message relative flex w-full flex-col items-end gap-2 text-start break-words whitespace-normal [.text-message+&amp;]:mt-5\" dir=\"auto\" data-message-author-role=\"assistant\" data-message-id=\"44b2bab2-310d-4a9e-8ff2-f21a32a7d5b3\" data-message-model-slug=\"gpt-4-1-mini\">\n<div class=\"flex w-full flex-col gap-1 empty:hidden first:pt-[3px]\">\n<div class=\"markdown prose dark:prose-invert w-full break-words dark\">\n<p data-start=\"142\" data-end=\"371\"><strong>NAPOLI<\/strong><br data-start=\"148\" data-end=\"151\" \/>Caos in aula al processo per l\u2019esplosione di Ercolano: dopo una sentenza ritenuta troppo lieve, i familiari delle vittime ribaltano sedie e tavoli. Dieci persone evacuate dalle abitazioni vicine all\u2019area dell\u2019esplosione.<\/p>\n<p data-start=\"373\" data-end=\"532\"><strong>PALERMO<\/strong><br data-start=\"380\" data-end=\"383\" \/>Maxi-operazione antimafia: 50 arresti contro i clan della Noce e di Brancaccio. Ricostruiti organigrammi, attivit\u00e0 di spaccio anche tramite Telegram.<\/p>\n<p data-start=\"534\" data-end=\"659\"><strong>BOLOGNA<\/strong><br data-start=\"541\" data-end=\"544\" \/>Chiusa l\u2019indagine sulla donna caduta dal balcone: per il pm la morte sarebbe conseguenza dei maltrattamenti subiti.<\/p>\n<p data-start=\"661\" data-end=\"831\"><strong>TORINO<\/strong><br data-start=\"667\" data-end=\"670\" \/>Condannati quattro militanti di CasaPound per l\u2019aggressione al giornalista Andrea Joly: un anno di pena e risarcimento al cronista e agli organismi della stampa.<\/p>\n<p data-start=\"833\" data-end=\"972\"><strong>BARI<\/strong><br data-start=\"837\" data-end=\"840\" \/>Una 26enne spara alle gambe dell\u2019ex compagno che non voleva riconoscere il figlio. Arresti domiciliari con braccialetto elettronico.<\/p>\n<p data-start=\"974\" data-end=\"1106\"><strong>TRAPANI<\/strong><br data-start=\"981\" data-end=\"984\" \/>Quindici anni al medico Alfonso Tumbarello: avrebbe curato Messina Denaro durante la latitanza, agevolandone la copertura.<\/p>\n<p data-start=\"1108\" data-end=\"1269\"><strong>SESSUALIT\u00c0 E REATI<\/strong><br data-start=\"1126\" data-end=\"1129\" \/>Condanna a 9 anni e 10 mesi per un uomo che narcotizzava, stuprava e fotografava le vittime: indagine partita dalla denuncia di una giovane.<\/p>\n<p data-start=\"1271\" data-end=\"1445\"><strong>UNIVERSIT\u00c0<\/strong><br data-start=\"1281\" data-end=\"1284\" \/>Medicina verso l\u2019ammissione di tutti gli idonei, ma con l\u2019obbligo di recuperare i crediti: molti studenti giudicano la prova del secondo appello \u201cpi\u00f9 difficile\u201d.<\/p>\n<p data-start=\"1447\" data-end=\"1588\"><strong>SPETTACOLO<\/strong><br data-start=\"1457\" data-end=\"1460\" \/>Riccardo Chailly rassicura dopo il malore alla Scala: \u201cTorner\u00f2 sul podio molto presto\u201d. Successo per Lady Macbeth di \u0160ostakovi\u010d.<\/p>\n<p data-start=\"1590\" data-end=\"1676\">\n<\/div>\n<\/div>\n<\/div>\n<\/div>\n<\/div>\n<\/div>\n<\/article>\n<\/div>\n<\/div>\n<\/div>\n<\/div>\n<article class=\"text-token-text-primary w-full focus:outline-none scroll-mt-[calc(var(--header-height)+min(200px,max(70px,20svh)))]\" dir=\"auto\" tabindex=\"-1\" data-testid=\"conversation-turn-72\" data-scroll-anchor=\"true\" data-turn=\"assistant\">\n<div class=\"text-base my-auto mx-auto pb-10 [--thread-content-margin:--spacing(4)] @[37rem]:[--thread-content-margin:--spacing(6)] @[72rem]:[--thread-content-margin:--spacing(16)] px-(--thread-content-margin)\">\n<div class=\"[--thread-content-max-width:32rem] @[34rem]:[--thread-content-max-width:40rem] @[64rem]:[--thread-content-max-width:48rem] mx-auto max-w-(--thread-content-max-width) flex-1 group\/turn-messages focus-visible:outline-hidden relative flex w-full min-w-0 flex-col agent-turn\" tabindex=\"-1\">\n<div class=\"flex max-w-full flex-col grow\">\n<div class=\"min-h-8 text-message relative flex w-full flex-col items-end gap-2 text-start break-words whitespace-normal [.text-message+&amp;]:mt-5\" dir=\"auto\" data-message-author-role=\"assistant\" data-message-id=\"6ad35c52-e3d0-4186-88d9-35bb4972681f\" data-message-model-slug=\"gpt-4o\">\n<div class=\"flex w-full flex-col gap-1 empty:hidden first:pt-[3px]\">\n<div class=\"markdown prose dark:prose-invert w-full break-words dark\">\n<article class=\"text-token-text-primary w-full\" dir=\"auto\" data-testid=\"conversation-turn-163\" data-scroll-anchor=\"true\">\n<div class=\"text-base my-auto mx-auto pb-10 [--thread-content-margin:--spacing(4)] @[37rem]:[--thread-content-margin:--spacing(6)] @[72rem]:[--thread-content-margin:--spacing(16)] px-(--thread-content-margin)\">\n<div class=\"[--thread-content-max-width:32rem] @[34rem]:[--thread-content-max-width:40rem] @[64rem]:[--thread-content-max-width:48rem] mx-auto flex max-w-(--thread-content-max-width) flex-1 text-base gap-4 md:gap-5 lg:gap-6 group\/turn-messages focus-visible:outline-hidden\" tabindex=\"-1\">\n<div class=\"group\/conversation-turn relative flex w-full min-w-0 flex-col agent-turn\">\n<div class=\"relative flex-col gap-1 md:gap-3\">\n<div class=\"flex max-w-full flex-col grow\">\n<div class=\"min-h-8 text-message relative flex w-full flex-col items-end gap-2 text-start break-words whitespace-normal [.text-message+&amp;]:mt-5\" dir=\"auto\" data-message-author-role=\"assistant\" data-message-id=\"efdea043-c36a-42e6-8e01-aec593793ec1\" data-message-model-slug=\"gpt-4o\">\n<div class=\"flex w-full flex-col gap-1 empty:hidden first:pt-[3px]\">\n<div class=\"markdown prose dark:prose-invert w-full break-words dark\">\n<article class=\"text-token-text-primary w-full focus:outline-none scroll-mt-[calc(var(--header-height)+min(200px,max(70px,20svh)))]\" dir=\"auto\" tabindex=\"-1\" data-testid=\"conversation-turn-162\" data-scroll-anchor=\"true\" data-turn=\"assistant\">\n<div class=\"text-base my-auto mx-auto pb-10 [--thread-content-margin:--spacing(4)] @[37rem]:[--thread-content-margin:--spacing(6)] @[72rem]:[--thread-content-margin:--spacing(16)] px-(--thread-content-margin)\">\n<div class=\"[--thread-content-max-width:32rem] @[34rem]:[--thread-content-max-width:40rem] @[64rem]:[--thread-content-max-width:48rem] mx-auto max-w-(--thread-content-max-width) flex-1 group\/turn-messages focus-visible:outline-hidden relative flex w-full min-w-0 flex-col agent-turn\" tabindex=\"-1\">\n<div class=\"flex max-w-full flex-col grow\">\n<div class=\"min-h-8 text-message relative flex w-full flex-col items-end gap-2 text-start break-words whitespace-normal [.text-message+&amp;]:mt-5\" dir=\"auto\" data-message-author-role=\"assistant\" data-message-id=\"842efa5e-0b6b-4c68-b1eb-9dd894bae6c3\" data-message-model-slug=\"gpt-4o\">\n<div class=\"flex w-full flex-col gap-1 empty:hidden first:pt-[3px]\">\n<div class=\"markdown prose dark:prose-invert w-full break-words dark\">\n<div class=\"flex basis-auto flex-col -mb-(--composer-overlap-px) [--composer-overlap-px:55px] grow overflow-hidden\">\n<div class=\"relative h-full\">\n<div class=\"flex h-full flex-col overflow-y-auto [scrollbar-gutter:stable_both-edges] @[84rem]\/thread:pt-(--header-height)\">\n<div class=\"@thread-xl\/thread:pt-header-height flex flex-col text-sm pb-25\">\n<article class=\"text-token-text-primary w-full focus:outline-none scroll-mt-[calc(var(--header-height)+min(200px,max(70px,20svh)))]\" dir=\"auto\" tabindex=\"-1\" data-testid=\"conversation-turn-18\" data-scroll-anchor=\"true\" data-turn=\"assistant\">\n<div class=\"text-base my-auto mx-auto pb-10 [--thread-content-margin:--spacing(4)] @[37rem]:[--thread-content-margin:--spacing(6)] @[72rem]:[--thread-content-margin:--spacing(16)] px-(--thread-content-margin)\">\n<div class=\"[--thread-content-max-width:32rem] @[34rem]:[--thread-content-max-width:40rem] @[64rem]:[--thread-content-max-width:48rem] mx-auto max-w-(--thread-content-max-width) flex-1 group\/turn-messages focus-visible:outline-hidden relative flex w-full min-w-0 flex-col agent-turn\" tabindex=\"-1\">\n<div class=\"flex max-w-full flex-col grow\">\n<div class=\"min-h-8 text-message relative flex w-full flex-col items-end gap-2 text-start break-words whitespace-normal [.text-message+&amp;]:mt-5\" dir=\"auto\" data-message-author-role=\"assistant\" data-message-id=\"10a6d749-a0ed-478c-a66e-5f27b47e163c\" data-message-model-slug=\"gpt-5\">\n<div class=\"flex w-full flex-col gap-1 empty:hidden first:pt-[3px]\">\n<div class=\"markdown prose dark:prose-invert w-full break-words dark\">\n<hr data-start=\"1055\" data-end=\"1058\" \/>\n<\/div>\n<\/div>\n<\/div>\n<\/div>\n<\/div>\n<\/div>\n<\/article>\n<\/div>\n<\/div>\n<\/div>\n<\/div>\n<div id=\"thread-bottom-container\" class=\"content-fade relative isolate z-10 w-full basis-auto has-data-has-thread-error:pt-2 has-data-has-thread-error:[box-shadow:var(--sharp-edge-bottom-shadow)] md:border-transparent md:pt-0 dark:border-white\/20 md:dark:border-transparent flex flex-col\">\n<div id=\"thread-bottom\">\n<div class=\"text-base mx-auto [--thread-content-margin:--spacing(4)] @[37rem]:[--thread-content-margin:--spacing(6)] @[72rem]:[--thread-content-margin:--spacing(16)] px-(--thread-content-margin)\">\n<div class=\"[--thread-content-max-width:32rem] @[34rem]:[--thread-content-max-width:40rem] @[64rem]:[--thread-content-max-width:48rem] mx-auto max-w-(--thread-content-max-width) flex-1\">\n<div class=\"max-xs:[--force-hide-label:none] relative z-1 flex h-full max-w-full flex-1 flex-col\">\n<form class=\"w-full [view-transition-name:var(--vt-composer)]\" data-type=\"unified-composer\">\n<div class=\"bg-token-bg-primary shadow-short flex w-full cursor-text flex-col items-center justify-center overflow-clip bg-clip-padding contain-inline-size dark:bg-[#303030] rounded-[28px]\">\n<div class=\"relative flex min-h-14 w-full items-end\">\n<div class=\"relative flex w-full flex-auto flex-col\">\n<div class=\"relative mx-5 flex min-h-14 flex-auto bg-transparent items-start\">\n<div class=\"_prosemirror-parent_276o5_2 text-token-text-primary max-h-[25dvh] max-h-52 flex-1 overflow-auto [scrollbar-width:thin] default-browser vertical-scroll-fade-mask\">\n<div id=\"prompt-textarea\" class=\"ProseMirror\" contenteditable=\"true\" translate=\"no\" data-virtualkeyboard=\"true\"><\/div>\n<\/div>\n<\/div>\n<\/div>\n<\/div>\n<\/div>\n<\/form>\n<\/div>\n<\/div>\n<\/div>\n<\/div>\n<\/div>\n<\/div>\n<\/div>\n<\/div>\n<\/div>\n<\/div>\n<\/div>\n<\/article>\n<\/div>\n<\/div>\n<\/div>\n<\/div>\n<\/div>\n<\/div>\n<\/div>\n<\/div>\n<\/article>\n<\/div>\n<\/div>\n<\/div>\n<\/div>\n<\/div>\n<\/div>\n<\/article>\n<article class=\"text-token-text-primary w-full focus:outline-none scroll-mt-[calc(var(--header-height)+min(200px,max(70px,20svh)))]\" dir=\"auto\" tabindex=\"-1\" data-testid=\"conversation-turn-72\" data-scroll-anchor=\"true\" data-turn=\"assistant\">\n<div class=\"text-base my-auto mx-auto pb-10 [--thread-content-margin:--spacing(4)] @[37rem]:[--thread-content-margin:--spacing(6)] @[72rem]:[--thread-content-margin:--spacing(16)] px-(--thread-content-margin)\">\n<div class=\"[--thread-content-max-width:32rem] @[34rem]:[--thread-content-max-width:40rem] @[64rem]:[--thread-content-max-width:48rem] mx-auto max-w-(--thread-content-max-width) flex-1 group\/turn-messages focus-visible:outline-hidden relative flex w-full min-w-0 flex-col agent-turn\" tabindex=\"-1\">\n<div class=\"flex max-w-full flex-col grow\">\n<div class=\"min-h-8 text-message relative flex w-full flex-col items-end gap-2 text-start break-words whitespace-normal [.text-message+&amp;]:mt-5\" dir=\"auto\" data-message-author-role=\"assistant\" data-message-id=\"6ad35c52-e3d0-4186-88d9-35bb4972681f\" data-message-model-slug=\"gpt-4o\">\n<div class=\"flex w-full flex-col gap-1 empty:hidden first:pt-[3px]\">\n<div class=\"markdown prose dark:prose-invert w-full break-words dark\">\n<article class=\"text-token-text-primary w-full\" dir=\"auto\" data-testid=\"conversation-turn-163\" data-scroll-anchor=\"true\">\n<div class=\"text-base my-auto mx-auto pb-10 [--thread-content-margin:--spacing(4)] @[37rem]:[--thread-content-margin:--spacing(6)] @[72rem]:[--thread-content-margin:--spacing(16)] px-(--thread-content-margin)\">\n<div class=\"[--thread-content-max-width:32rem] @[34rem]:[--thread-content-max-width:40rem] @[64rem]:[--thread-content-max-width:48rem] mx-auto flex max-w-(--thread-content-max-width) flex-1 text-base gap-4 md:gap-5 lg:gap-6 group\/turn-messages focus-visible:outline-hidden\" tabindex=\"-1\">\n<div class=\"group\/conversation-turn relative flex w-full min-w-0 flex-col agent-turn\">\n<div class=\"flex items-center justify-center\"><\/div>\n<\/div>\n<\/div>\n<\/div>\n<\/article>\n<\/div>\n<\/div>\n<\/div>\n<\/div>\n<\/div>\n<\/div>\n<\/article>\n<blockquote>\n<h2><span style=\"color: #ff0000;\"><strong><a class=\"dt-pswp-item\" href=\"https:\/\/www.radiopiu.net\/wordpress\/wp-content\/uploads\/2025\/02\/download-3.jpg\" data-dt-img-description=\"\" data-large_image_width=\"223\" data-large_image_height=\"226\"><img loading=\"lazy\" decoding=\"async\" class=\"size-full wp-image-434732 alignleft\" src=\"https:\/\/www.radiopiu.net\/wordpress\/wp-content\/uploads\/2025\/02\/download-3.jpg\" alt=\"\" width=\"223\" height=\"226\" \/><\/a><\/strong>RADIOPI\u00d9<\/span> \u2013 Dalle Dolomiti alla pianura, i fatti che segnano la Regione.<\/h2>\n<\/blockquote>\n<article class=\"text-token-text-primary w-full focus:outline-none scroll-mt-[calc(var(--header-height)+min(200px,max(70px,20svh)))]\" dir=\"auto\" tabindex=\"-1\" data-testid=\"conversation-turn-112\" data-scroll-anchor=\"true\" data-turn=\"assistant\">\n<div class=\"text-base my-auto mx-auto pb-10 [--thread-content-margin:--spacing(4)] @[37rem]:[--thread-content-margin:--spacing(6)] @[72rem]:[--thread-content-margin:--spacing(16)] px-(--thread-content-margin)\">\n<div class=\"[--thread-content-max-width:32rem] @[34rem]:[--thread-content-max-width:40rem] @[64rem]:[--thread-content-max-width:48rem] mx-auto max-w-(--thread-content-max-width) flex-1 group\/turn-messages focus-visible:outline-hidden relative flex w-full min-w-0 flex-col agent-turn\" tabindex=\"-1\">\n<div class=\"flex max-w-full flex-col grow\">\n<div class=\"min-h-8 text-message relative flex w-full flex-col items-end gap-2 text-start break-words whitespace-normal [.text-message+&amp;]:mt-5\" dir=\"auto\" data-message-author-role=\"assistant\" data-message-id=\"74820017-8765-4ccc-b0c7-da916c45f87f\" data-message-model-slug=\"gpt-5\">\n<div class=\"flex w-full flex-col gap-1 empty:hidden first:pt-[3px]\">\n<div class=\"markdown prose dark:prose-invert w-full break-words dark\">\n<div class=\"relative basis-auto flex-col -mb-(--composer-overlap-px) [--composer-overlap-px:28px] grow flex overflow-hidden\">\n<div class=\"relative h-full\">\n<div class=\"flex h-full flex-col overflow-y-auto thread-xl:pt-(--header-height) [scrollbar-gutter:stable_both-edges]\">\n<div class=\"flex flex-col text-sm thread-xl:pt-header-height pb-25\">\n<article class=\"text-token-text-primary w-full focus:outline-none [--shadow-height:45px] has-data-writing-block:pointer-events-none has-data-writing-block:-mt-(--shadow-height) has-data-writing-block:pt-(--shadow-height) [&amp;:has([data-writing-block])&gt;*]:pointer-events-auto [content-visibility:auto] supports-[content-visibility:auto]:[contain-intrinsic-size:auto_100lvh] scroll-mt-[calc(var(--header-height)+min(200px,max(70px,20svh)))]\" dir=\"auto\" tabindex=\"-1\" data-turn-id=\"request-WEB:f8ffeb3c-baa0-48e0-8b17-3970ffbe6842-60\" data-testid=\"conversation-turn-122\" data-scroll-anchor=\"true\" data-turn=\"assistant\">\n<div class=\"text-base my-auto mx-auto pb-10 [--thread-content-margin:--spacing(4)] thread-sm:[--thread-content-margin:--spacing(6)] thread-lg:[--thread-content-margin:--spacing(16)] px-(--thread-content-margin)\">\n<div class=\"[--thread-content-max-width:40rem] thread-lg:[--thread-content-max-width:48rem] mx-auto max-w-(--thread-content-max-width) flex-1 group\/turn-messages focus-visible:outline-hidden relative flex w-full min-w-0 flex-col agent-turn\" tabindex=\"-1\">\n<div class=\"flex max-w-full flex-col grow\">\n<div class=\"min-h-8 text-message relative flex w-full flex-col items-end gap-2 text-start break-words whitespace-normal [.text-message+&amp;]:mt-1\" dir=\"auto\" data-message-author-role=\"assistant\" data-message-id=\"50092257-b8bc-4924-9476-23af7a5e8ef1\" data-message-model-slug=\"gpt-5-1\">\n<div class=\"flex w-full flex-col gap-1 empty:hidden first:pt-[1px]\">\n<article class=\"text-token-text-primary w-full focus:outline-none [--shadow-height:45px] has-data-writing-block:pointer-events-none has-data-writing-block:-mt-(--shadow-height) has-data-writing-block:pt-(--shadow-height) [&amp;:has([data-writing-block])&gt;*]:pointer-events-auto [content-visibility:auto] supports-[content-visibility:auto]:[contain-intrinsic-size:auto_100lvh] scroll-mt-[calc(var(--header-height)+min(200px,max(70px,20svh)))]\" dir=\"auto\" tabindex=\"-1\" data-turn-id=\"bcd57aae-c267-4c0d-931b-2471e6d3993b\" data-testid=\"conversation-turn-166\" data-scroll-anchor=\"true\" data-turn=\"assistant\">\n<div class=\"text-base my-auto mx-auto pb-10 [--thread-content-margin:--spacing(4)] thread-sm:[--thread-content-margin:--spacing(6)] thread-lg:[--thread-content-margin:--spacing(16)] px-(--thread-content-margin)\">\n<div class=\"[--thread-content-max-width:40rem] thread-lg:[--thread-content-max-width:48rem] mx-auto max-w-(--thread-content-max-width) flex-1 group\/turn-messages focus-visible:outline-hidden relative flex w-full min-w-0 flex-col agent-turn\" tabindex=\"-1\">\n<div class=\"flex max-w-full flex-col grow\">\n<div class=\"min-h-8 text-message relative flex w-full flex-col items-end gap-2 text-start break-words whitespace-normal [.text-message+&amp;]:mt-1\" dir=\"auto\" data-message-author-role=\"assistant\" data-message-id=\"d52fa3c3-3b59-47cd-897c-029ad206cdab\" data-message-model-slug=\"gpt-5-1\">\n<div class=\"flex w-full flex-col gap-1 empty:hidden first:pt-[1px]\">\n<div class=\"markdown prose dark:prose-invert w-full break-words dark markdown-new-styling\">\n<p data-start=\"145\" data-end=\"477\"><strong>VENEZIA<\/strong><br data-start=\"152\" data-end=\"155\" \/>Nuovi sviluppi nell\u2019inchiesta che coinvolge Comune e Citt\u00e0 Metropolitana: chiesto un risarcimento da 8 milioni di euro. L\u2019udienza preliminare per 27 indagati, tra cui il sindaco Brugnaro, \u00e8 stata rinviata a gennaio. Intanto oggi si \u00e8 aperto un secondo filone con 28 imputati: attesa per la costituzione delle parti civili.<\/p>\n<p data-start=\"695\" data-end=\"886\"><strong>MESTRE<\/strong><br data-start=\"701\" data-end=\"704\" \/>Due giovani arrestati dalla polizia dopo la rapina a un anziano ciclista nel sottopasso ferroviario. Vittima bloccata e derubata, indagini in corso per verificare eventuali complici.<\/p>\n<p data-start=\"888\" data-end=\"1093\"><strong>VENEZIA \u2013 RIALTO<\/strong><br data-start=\"904\" data-end=\"907\" \/>Danni alla balaustra del Ponte di Rialto per l\u2019impatto con un barcone. Le prime verifiche indicano un possibile furto del mezzo, poi bloccato dalla Polizia Locale. Accertamenti in corso.<\/p>\n<p data-start=\"1095\" data-end=\"1291\"><strong>PADOVA \u2013 EUGANEA<\/strong><br data-start=\"1111\" data-end=\"1114\" \/>Settantasei bovini morti contemporaneamente dopo aver inalato fumi di oleandri bruciati. L\u2019Ulss 6 conferma la tossicit\u00e0 elevata della pianta: aperta un\u2019analisi tecnica sul caso.<\/p>\n<p data-start=\"1293\" data-end=\"1427\"><strong>VENETO<\/strong><br data-start=\"1299\" data-end=\"1302\" \/>Vendemmia 2025: la regione si conferma prima in Italia per volumi, ma crollano i prezzi delle uve secondo Veneto Agricoltura.<\/p>\n<p data-start=\"1429\" data-end=\"1605\"><strong>VICENTINO<\/strong><br data-start=\"1438\" data-end=\"1441\" \/>Incidente sul lavoro: operaio travolto da un muletto, ricoverato in ospedale. In Sicilia, intanto, aumentano i decessi sul lavoro a fronte di un calo delle denunce.<\/p>\n<p data-start=\"1727\" data-end=\"1836\"><strong>PADOVA<\/strong><br data-start=\"1733\" data-end=\"1736\" \/>Nasce il Consiglio Comunale delle Bambine, Bambini, Ragazze e Ragazzi: eletti sindaco e vicesindaca.<\/p>\n<p data-start=\"1838\" data-end=\"2008\"><strong>UNIVERSIT\u00c0 DI PADOVA E BOLOGNA<\/strong><br data-start=\"1868\" data-end=\"1871\" \/>Nuovo metodo per studiare ambienti estremi, dalle grotte del Venezuela fino alle rocce marziane, pubblicato sulla rivista Biogeosciences.<\/p>\n<\/div>\n<\/div>\n<\/div>\n<\/div>\n<\/div>\n<\/div>\n<\/article>\n<\/div>\n<\/div>\n<\/div>\n<\/div>\n<\/div>\n<\/article>\n<\/div>\n<\/div>\n<\/div>\n<\/div>\n<\/div>\n<\/div>\n<\/div>\n<\/div>\n<\/div>\n<\/div>\n<\/article>\n<p>&nbsp;<\/p>\n<blockquote>\n<h2 class=\"_title post-title entry-title\">VITTORIO VENETO | ANZIANA INVESTITA MENTRE ATTRAVERSA, E\u2019 GRAVISSIMA. IL CONDUCENTE ACCECATO DAL SOLE<\/h2>\n<\/blockquote>\n<p>(Servizio di\u00a0<a href=\"https:\/\/antennatre.medianordest.it\/redazione\/Francesca-Bozza\/\">Francesca Bozza<\/a>)<\/p>\n<p><iframe loading=\"lazy\" title=\"ANZIANA INVESTITA MENTRE ATTRAVERSA, E&#039; GRAVISSIMA. IL CONDUCENTE ACCECATO DAL SOLE | 11\/12\/2025\" width=\"1200\" height=\"675\" src=\"https:\/\/www.youtube.com\/embed\/QGYAg1Chi_g?feature=oembed\" frameborder=\"0\" allow=\"accelerometer; autoplay; clipboard-write; encrypted-media; gyroscope; picture-in-picture; web-share\" referrerpolicy=\"strict-origin-when-cross-origin\" allowfullscreen><\/iframe><\/p>\n<h1><span style=\"color: #ff0000;\"><span style=\"color: #0000ff;\"><br \/>\nULTIM&#8217;ORA<\/span> <span style=\"color: #000000;\">AUDIO dalle sette del mattino, ogni ora alla radio EDIZIONE DELLE SETTE<\/span><\/span><\/h1>\n<audio class=\"wp-audio-shortcode\" id=\"audio-485276-5\" preload=\"none\" style=\"width: 100%;\" controls=\"controls\"><source type=\"audio\/mpeg\" src=\"https:\/\/www.radiopiu.net\/wordpress\/wp-content\/uploads\/2025\/12\/giornale07-11.mp3?_=5\" \/><a href=\"https:\/\/www.radiopiu.net\/wordpress\/wp-content\/uploads\/2025\/12\/giornale07-11.mp3\">https:\/\/www.radiopiu.net\/wordpress\/wp-content\/uploads\/2025\/12\/giornale07-11.mp3<\/a><\/audio>\n<p>&nbsp;<\/p>\n<p><iframe loading=\"lazy\" title=\"DAL 1983 LA RASSEGNA STAMPA LOCALE di mirko mezzacasa. L&#039;ORIGINALE\" width=\"1200\" height=\"675\" src=\"https:\/\/www.youtube.com\/embed\/buImm-nkaQc?feature=oembed\" frameborder=\"0\" allow=\"accelerometer; autoplay; clipboard-write; encrypted-media; gyroscope; picture-in-picture; web-share\" referrerpolicy=\"strict-origin-when-cross-origin\" allowfullscreen><\/iframe><\/p>\n<p>&nbsp;<\/p>\n<hr \/>\n<p>&nbsp;<\/p>\n<h1><span style=\"color: #ff0000;\"><a class=\"dt-pswp-item\" href=\"https:\/\/www.radiopiu.net\/wordpress\/wp-content\/uploads\/2024\/11\/8.jpg\" data-dt-img-description=\"\" data-large_image_width=\"180\" data-large_image_height=\"180\"><img loading=\"lazy\" decoding=\"async\" class=\"size-full wp-image-417910 alignleft\" src=\"https:\/\/www.radiopiu.net\/wordpress\/wp-content\/uploads\/2024\/11\/8.jpg\" alt=\"\" width=\"180\" height=\"180\" srcset=\"https:\/\/www.radiopiu.net\/wordpress\/wp-content\/uploads\/2024\/11\/8.jpg 180w, https:\/\/www.radiopiu.net\/wordpress\/wp-content\/uploads\/2024\/11\/8-150x150.jpg 150w\" sizes=\"auto, (max-width: 180px) 100vw, 180px\" \/><\/a>I podcast informativi del mattino &#8211; video &#8211;\u00a0<\/span><\/h1>\n<h2 style=\"text-align: left;\"><strong>RASSEGNA STAMPA LOCALE, ORE OTTO<\/strong><\/h2>\n<h2><strong> <span style=\"color: #0000ff;\">viene\u00a0 <\/span><\/strong><strong><span style=\"color: #0000ff;\">pubblicata alle 8.05 <span style=\"color: #ff0000;\">DIRETTA RADIO\u00a0 \u00a0<\/span><\/span><\/strong><strong>DI MIRKO MEZZACASA<\/strong><\/h2>\n<h1><span style=\"color: #ff0000;\"><strong>VIDEO\u00a0 \u00a0in diretta AGGIORNAMENTO\u00a0 dalle 8 del mattino\u00a0 \u00a0<\/strong><\/span><\/h1>\n<p>&nbsp;<\/p>\n\n\t\t\t<style type='text\/css'>\n\t\t\t\t#gallery-1 {\n\t\t\t\t\tmargin: auto;\n\t\t\t\t}\n\t\t\t\t#gallery-1 .gallery-item {\n\t\t\t\t\tfloat: left;\n\t\t\t\t\tmargin-top: 10px;\n\t\t\t\t\ttext-align: center;\n\t\t\t\t\twidth: 33%;\n\t\t\t\t}\n\t\t\t\t#gallery-1 img {\n\t\t\t\t\tborder: 2px solid #cfcfcf;\n\t\t\t\t}\n\t\t\t\t#gallery-1 .gallery-caption {\n\t\t\t\t\tmargin-left: 0;\n\t\t\t\t}\n\t\t\t\t\/* see gallery_shortcode() in wp-includes\/media.php *\/\n\t\t\t<\/style>\n\t\t<div id='gallery-1' class='dt-gallery-container gallery galleryid-485276 gallery-columns-3 gallery-size-medium'><dl class='gallery-item'>\n\t\t\t\t<dt class='gallery-icon landscape'>\n\t\t\t\t\t<a class=\"rollover rollover-zoom dt-pswp-item\" title=\"Screenshot 2025-12-12 053158\" data-dt-img-description=\"\" data-large_image_width=\"515\" data-large_image_height=\"251\"href='https:\/\/www.radiopiu.net\/wordpress\/wp-content\/uploads\/2025\/12\/Screenshot-2025-12-12-053158.png'><img loading=\"lazy\" decoding=\"async\" width=\"300\" height=\"146\" src=\"https:\/\/www.radiopiu.net\/wordpress\/wp-content\/uploads\/2025\/12\/Screenshot-2025-12-12-053158-300x146.png\" class=\"attachment-medium size-medium\" alt=\"\" srcset=\"https:\/\/www.radiopiu.net\/wordpress\/wp-content\/uploads\/2025\/12\/Screenshot-2025-12-12-053158-300x146.png 300w, https:\/\/www.radiopiu.net\/wordpress\/wp-content\/uploads\/2025\/12\/Screenshot-2025-12-12-053158.png 515w\" sizes=\"auto, (max-width: 300px) 100vw, 300px\" \/><\/a>\n\t\t\t\t<\/dt><\/dl><dl class='gallery-item'>\n\t\t\t\t<dt class='gallery-icon landscape'>\n\t\t\t\t\t<a class=\"rollover rollover-zoom dt-pswp-item\" title=\"Screenshot 2025-12-12 053144\" data-dt-img-description=\"\" data-large_image_width=\"602\" data-large_image_height=\"266\"href='https:\/\/www.radiopiu.net\/wordpress\/wp-content\/uploads\/2025\/12\/Screenshot-2025-12-12-053144.png'><img loading=\"lazy\" decoding=\"async\" width=\"300\" height=\"133\" src=\"https:\/\/www.radiopiu.net\/wordpress\/wp-content\/uploads\/2025\/12\/Screenshot-2025-12-12-053144-300x133.png\" class=\"attachment-medium size-medium\" alt=\"\" srcset=\"https:\/\/www.radiopiu.net\/wordpress\/wp-content\/uploads\/2025\/12\/Screenshot-2025-12-12-053144-300x133.png 300w, https:\/\/www.radiopiu.net\/wordpress\/wp-content\/uploads\/2025\/12\/Screenshot-2025-12-12-053144.png 602w\" sizes=\"auto, (max-width: 300px) 100vw, 300px\" \/><\/a>\n\t\t\t\t<\/dt><\/dl><dl class='gallery-item'>\n\t\t\t\t<dt class='gallery-icon landscape'>\n\t\t\t\t\t<a class=\"rollover rollover-zoom dt-pswp-item\" title=\"Screenshot 2025-12-12 053110\" data-dt-img-description=\"\" data-large_image_width=\"583\" data-large_image_height=\"285\"href='https:\/\/www.radiopiu.net\/wordpress\/wp-content\/uploads\/2025\/12\/Screenshot-2025-12-12-053110.png'><img loading=\"lazy\" decoding=\"async\" width=\"300\" height=\"147\" src=\"https:\/\/www.radiopiu.net\/wordpress\/wp-content\/uploads\/2025\/12\/Screenshot-2025-12-12-053110-300x147.png\" class=\"attachment-medium size-medium\" alt=\"\" srcset=\"https:\/\/www.radiopiu.net\/wordpress\/wp-content\/uploads\/2025\/12\/Screenshot-2025-12-12-053110-300x147.png 300w, https:\/\/www.radiopiu.net\/wordpress\/wp-content\/uploads\/2025\/12\/Screenshot-2025-12-12-053110.png 583w\" sizes=\"auto, (max-width: 300px) 100vw, 300px\" \/><\/a>\n\t\t\t\t<\/dt><\/dl><br style=\"clear: both\" \/>\n\t\t\t<\/div>\n\n<p>&nbsp;<\/p>\n<hr \/>\n<p>&nbsp;<\/p>\n<p><strong class=\"photoswipe-wrapper\"><a class=\"dt-pswp-item pspw-wrap-ready\" href=\"https:\/\/www.radiopiu.net\/wordpress\/wp-content\/uploads\/2024\/11\/th-17.jpg\" data-dt-img-description=\"\" data-large_image_width=\"224\" data-large_image_height=\"180\"><img loading=\"lazy\" decoding=\"async\" class=\" wp-image-421610 alignleft\" src=\"https:\/\/www.radiopiu.net\/wordpress\/wp-content\/uploads\/2024\/11\/th-17.jpg\" alt=\"\" width=\"167\" height=\"134\" \/><\/a>ogni sera alle 19 le anticipazioni alla radio, quello che poi seguirete nel TELEGIORNALE BELLUNESE\u00a0 in onda alle 19.30 sul CANALE 10 del digitale terrestre.\u00a0\u00a0<\/strong><\/p>\n<p><b>\u00a0<\/b><\/p>\n<p>&nbsp;<\/p>\n<p>&nbsp;<\/p>\n<blockquote>\n<h2>ANTICIPAZIONI, DI TIZIANA BOLOGNANI<\/h2>\n<audio class=\"wp-audio-shortcode\" id=\"audio-485276-6\" preload=\"none\" style=\"width: 100%;\" controls=\"controls\"><source type=\"audio\/mpeg\" src=\"https:\/\/www.radiopiu.net\/wordpress\/wp-content\/uploads\/2025\/12\/ANTENNA3-6.mp3?_=6\" \/><a href=\"https:\/\/www.radiopiu.net\/wordpress\/wp-content\/uploads\/2025\/12\/ANTENNA3-6.mp3\">https:\/\/www.radiopiu.net\/wordpress\/wp-content\/uploads\/2025\/12\/ANTENNA3-6.mp3<\/a><\/audio><\/blockquote>\n<h3><\/h3>\n<p>&nbsp;<\/p>\n<hr \/>\n<p>&nbsp;<\/p>\n<blockquote>\n<h3>ACQUA NON POTABILE A VOLTAGO<\/h3>\n<\/blockquote>\n<p><strong><a class=\"dt-pswp-item\" href=\"https:\/\/www.radiopiu.net\/wordpress\/wp-content\/uploads\/2018\/08\/ACQUA.jpeg\" data-dt-img-description=\"\" data-large_image_width=\"1280\" data-large_image_height=\"768\"><img loading=\"lazy\" decoding=\"async\" class=\" wp-image-57052 alignleft\" src=\"https:\/\/www.radiopiu.net\/wordpress\/wp-content\/uploads\/2018\/08\/ACQUA-300x180.jpeg\" alt=\"\" width=\"108\" height=\"65\" srcset=\"https:\/\/www.radiopiu.net\/wordpress\/wp-content\/uploads\/2018\/08\/ACQUA-300x180.jpeg 300w, https:\/\/www.radiopiu.net\/wordpress\/wp-content\/uploads\/2018\/08\/ACQUA-768x461.jpeg 768w, https:\/\/www.radiopiu.net\/wordpress\/wp-content\/uploads\/2018\/08\/ACQUA-1024x614.jpeg 1024w, https:\/\/www.radiopiu.net\/wordpress\/wp-content\/uploads\/2018\/08\/ACQUA.jpeg 1280w\" sizes=\"auto, (max-width: 108px) 100vw, 108px\" \/><\/a>VOLTAGO<\/strong> Servizi Integrati Bellunesi comunica che in Via Struz, a Voltago Agordino, l\u2019acqua dell\u2019acquedotto non \u00e8 potabile e pu\u00f2 essere utilizzata a fini alimentari solo previa bollitura. \u00c8 attivo un servizio sostitutivo tramite cisterna posizionata in Via Struz. SIB informa inoltre di aver gi\u00e0 avviato le operazioni di pulizia e disinfezione dei serbatoi e della rete idrica.<\/p>\n<p>&nbsp;<\/p>\n<p>&nbsp;<\/p>\n<hr \/>\n<p>&nbsp;<\/p>\n<blockquote>\n<h3>OGGI SCIOPERO DEI TRASPORTI PUBBLICI<\/h3>\n<\/blockquote>\n<p><strong><a class=\"dt-pswp-item\" href=\"https:\/\/www.radiopiu.net\/wordpress\/wp-content\/uploads\/2025\/11\/DolomitiBus_02-300x127-1.png\" data-dt-img-description=\"\" data-large_image_width=\"300\" data-large_image_height=\"127\"><img loading=\"lazy\" decoding=\"async\" class=\" wp-image-479209 alignleft\" src=\"https:\/\/www.radiopiu.net\/wordpress\/wp-content\/uploads\/2025\/11\/DolomitiBus_02-300x127-1.png\" alt=\"\" width=\"165\" height=\"70\" \/><\/a>BELLUNO<\/strong> Oggi si terr\u00e0 uno sciopero nazionale generale di 24 ore indetto dalla CGIL. Dolomiti Bus S.p.A. comunica la propria adesione, informando che, secondo l\u2019accordo aziendale sulle prestazioni minime, saranno garantite due fasce orarie di servizio: dalle 5:40 alle 8:10 e dalle 12:10 alle 15:40. Le corse che partiranno prima dell\u2019inizio dello sciopero verranno svolte regolarmente e, una volta avviate, proseguiranno fino al capolinea. Il servizio torner\u00e0 pienamente operativo dal giorno successivo.<\/p>\n<p>&nbsp;<\/p>\n<hr \/>\n<p>&nbsp;<\/p>\n<div class=\"relative basis-auto flex-col -mb-(--composer-overlap-px) [--composer-overlap-px:28px] grow flex overflow-hidden\">\n<div class=\"relative h-full\">\n<div class=\"flex h-full flex-col overflow-y-auto @w-xl\/main:pt-(--header-height) [scrollbar-gutter:stable_both-edges]\">\n<div class=\"flex flex-col text-sm @w-xl\/main:pt-header-height pb-25\">\n<article class=\"text-token-text-primary w-full focus:outline-none [--shadow-height:45px] has-data-writing-block:pointer-events-none has-data-writing-block:-mt-(--shadow-height) has-data-writing-block:pt-(--shadow-height) [&amp;:has([data-writing-block])&gt;*]:pointer-events-auto scroll-mt-[calc(var(--header-height)+min(200px,max(70px,20svh)))]\" dir=\"auto\" tabindex=\"-1\" data-turn-id=\"request-WEB:6c6eba2c-db7d-4cbb-aaf4-bde94336bd2c-30\" data-testid=\"conversation-turn-62\" data-scroll-anchor=\"true\" data-turn=\"assistant\">\n<div class=\"text-base my-auto mx-auto pb-10 [--thread-content-margin:--spacing(4)] @w-sm\/main:[--thread-content-margin:--spacing(6)] @w-lg\/main:[--thread-content-margin:--spacing(16)] px-(--thread-content-margin)\">\n<div class=\"[--thread-content-max-width:40rem] @w-lg\/main:[--thread-content-max-width:48rem] mx-auto max-w-(--thread-content-max-width) flex-1 group\/turn-messages focus-visible:outline-hidden relative flex w-full min-w-0 flex-col agent-turn\" tabindex=\"-1\">\n<div class=\"flex max-w-full flex-col grow\">\n<div class=\"min-h-8 text-message relative flex w-full flex-col items-end gap-2 text-start break-words whitespace-normal [.text-message+&amp;]:mt-1\" dir=\"auto\" data-message-author-role=\"assistant\" data-message-id=\"048617ab-f8c0-4e9f-90b4-b20eabb9efed\" data-message-model-slug=\"gpt-5-1\">\n<div class=\"flex w-full flex-col gap-1 empty:hidden first:pt-[1px]\">\n<div class=\"markdown prose dark:prose-invert w-full break-words dark markdown-new-styling\">\n<blockquote>\n<p data-start=\"0\" data-end=\"132\"><strong data-start=\"0\" data-end=\"50\"><a class=\"dt-pswp-item\" href=\"https:\/\/www.radiopiu.net\/wordpress\/wp-content\/uploads\/2025\/12\/Screenshot-2025-12-12-052107.png\" data-dt-img-description=\"\" data-large_image_width=\"630\" data-large_image_height=\"558\"><img loading=\"lazy\" decoding=\"async\" class=\" wp-image-485509 alignleft\" src=\"https:\/\/www.radiopiu.net\/wordpress\/wp-content\/uploads\/2025\/12\/Screenshot-2025-12-12-052107-300x266.png\" alt=\"\" width=\"192\" height=\"170\" srcset=\"https:\/\/www.radiopiu.net\/wordpress\/wp-content\/uploads\/2025\/12\/Screenshot-2025-12-12-052107-300x266.png 300w, https:\/\/www.radiopiu.net\/wordpress\/wp-content\/uploads\/2025\/12\/Screenshot-2025-12-12-052107.png 630w\" sizes=\"auto, (max-width: 192px) 100vw, 192px\" \/><\/a>BELLUNO \u2013 TISOI D\u00c0 L\u2019ADDIO A FEDERICO, 22 ANNI<\/strong><br data-start=\"50\" data-end=\"53\" \/><em data-start=\"53\" data-end=\"132\">Commozione in paese per il giovane che ha affrontato la malattia con coraggio<\/em><\/p>\n<\/blockquote>\n<p data-start=\"164\" data-end=\"456\">Oggi alle 15 Tisoi saluter\u00e0 Federico Nadai, il 22enne morto dopo una lunga malattia. Amici e conoscenti, avvisati dal fratello Massimiliano, si sono radunati spontaneamente sotto casa per stringersi alla famiglia, offrendo conforto ai genitori Marco e Martina in un momento di dolore immenso. Federico, che non aveva mai perso la forza e il sorriso, aveva scelto di restare in casa fino all\u2019ultimo, continuando a lavorare nella Societ\u00e0 agricola Menin e dedicandosi al disegno, sua grande passione. Lascia i genitori, il fratello e i nonni. La salma verr\u00e0 cremata.<\/p>\n<\/div>\n<\/div>\n<\/div>\n<\/div>\n<\/div>\n<\/div>\n<\/article>\n<\/div>\n<\/div>\n<\/div>\n<\/div>\n<p>&nbsp;<\/p>\n<p>&nbsp;<\/p>\n<article class=\"text-token-text-primary w-full focus:outline-none [--shadow-height:45px] has-data-writing-block:pointer-events-none has-data-writing-block:-mt-(--shadow-height) has-data-writing-block:pt-(--shadow-height) [&amp;:has([data-writing-block])&gt;*]:pointer-events-auto scroll-mt-[calc(var(--header-height)+min(200px,max(70px,20svh)))]\" dir=\"auto\" tabindex=\"-1\" data-turn-id=\"request-WEB:6c6eba2c-db7d-4cbb-aaf4-bde94336bd2c-32\" data-testid=\"conversation-turn-66\" data-scroll-anchor=\"true\" data-turn=\"assistant\">\n<div class=\"text-base my-auto mx-auto pb-10 [--thread-content-margin:--spacing(4)] @w-sm\/main:[--thread-content-margin:--spacing(6)] @w-lg\/main:[--thread-content-margin:--spacing(16)] px-(--thread-content-margin)\">\n<div class=\"[--thread-content-max-width:40rem] @w-lg\/main:[--thread-content-max-width:48rem] mx-auto max-w-(--thread-content-max-width) flex-1 group\/turn-messages focus-visible:outline-hidden relative flex w-full min-w-0 flex-col agent-turn\" tabindex=\"-1\">\n<div class=\"flex max-w-full flex-col grow\">\n<div class=\"min-h-8 text-message relative flex w-full flex-col items-end gap-2 text-start break-words whitespace-normal [.text-message+&amp;]:mt-1\" dir=\"auto\" data-message-author-role=\"assistant\" data-message-id=\"70c1c94b-9eb9-4f57-8fcb-4c8261db67d1\" data-message-model-slug=\"gpt-5-1\">\n<div class=\"flex w-full flex-col gap-1 empty:hidden first:pt-[1px]\">\n<div class=\"markdown prose dark:prose-invert w-full break-words dark markdown-new-styling\">\n<blockquote>\n<p data-start=\"0\" data-end=\"127\"><strong data-start=\"0\" data-end=\"71\">BELLUNO \u2013 ADDIO A NICOLA GIAFFREDO, STORICA VOCE DELLE RADIO LIBERE<\/strong><br data-start=\"71\" data-end=\"74\" \/><em data-start=\"74\" data-end=\"127\">L\u2019ultimo saluto questa mattina al cimitero di Prade<\/em><\/p>\n<\/blockquote>\n<p data-start=\"159\" data-end=\"422\">\u00c8 morto a 59 anni Nicola Giaffredo, una delle voci pi\u00f9 note della radiofonia bellunese dei tempi delle radio libere. Aveva iniziato giovanissimo a <strong>Radio Belluno Giovane,<\/strong> per poi passare a Radio Valbelluna. Negli ultimi anni viveva in casa di riposo a Limana, affiancato da un amministratore di sostegno. L\u2019ultimo saluto questa mattina alle 9 nella chiesetta del cimitero di Prade.<\/p>\n<\/div>\n<\/div>\n<\/div>\n<\/div>\n<div class=\"mt-3 w-full empty:hidden\">\n<div class=\"text-center\"><\/div>\n<\/div>\n<\/div>\n<\/div>\n<\/article>\n<div class=\"pointer-events-none h-px w-px\" aria-hidden=\"true\" data-edge=\"true\"><\/div>\n<hr \/>\n<p>&nbsp;<\/p>\n<blockquote>\n<h3>DOPPIO INCIDENTE STRADALE NELLE DOLOMITI: DUE FERITI<\/h3>\n<\/blockquote>\n<p><strong><img loading=\"lazy\" decoding=\"async\" class=\"alignleft\" src=\"https:\/\/www.radiopiu.net\/wordpress\/wp-content\/uploads\/2025\/12\/download-10.jpg\" width=\"198\" height=\"111\" \/>REDAZIONE <\/strong>Mattinata intensa ieri per la Centrale Operativa SUEM 118 dell\u2019ULSS 1 Dolomiti, impegnata in due incidenti stradali distinti. Il primo, alle 07 a Cortina d\u2019Ampezzo, ha coinvolto un uomo pakistano di 25 anni, ferito in un trauma da incidente; i sanitari della Croce Bianca hanno prestato soccorso, classificando il caso in codice di media gravit\u00e0. Undici minuti dopo un secondo sinistro si \u00e8 verificato ad Alano di Piave: un uomo bellunese di 59 anni ha riportato traumi ed \u00e8 stato stabilizzato dall\u2019equipe sanitaria di Feltre, poi trasportato al Pronto Soccorso. Anche questo intervento \u00e8 stato classificato in codice 2. Entrambi gli episodi hanno richiesto tempestivit\u00e0 e professionalit\u00e0 da parte dei soccorritori.<\/p>\n<p>&nbsp;<\/p>\n<p>&nbsp;<\/p>\n<hr \/>\n<p>&nbsp;<\/p>\n<blockquote>\n<p data-start=\"0\" data-end=\"159\"><strong data-start=\"0\" data-end=\"89\">BELLUNO \u2013 ANZIANA SCOMPARSA PER ORE A CASTION: RITROVATA IN BUONE CONDIZIONI A MODOLO<\/strong><br data-start=\"89\" data-end=\"92\" \/><em data-start=\"92\" data-end=\"159\">Ricerche mobilitate nel pomeriggio, decisivo l\u2019allarme del figlio<\/em><\/p>\n<\/blockquote>\n<p data-start=\"191\" data-end=\"436\">Momenti di apprensione ieri a Castion per un\u2019anziana che non aveva fatto ritorno a casa dopo essere uscita al mattino. Il figlio, preoccupato, ha lanciato l\u2019allarme e intorno alle 16 sono scattate le ricerche con vigili del fuoco e soccorritori. La donna \u00e8 stata ritrovata circa un\u2019ora dopo nei dintorni di Modolo, non distante dalla sua abitazione. Era cosciente e in condizioni complessivamente buone, probabilmente disorientata. I sanitari l\u2019hanno accompagnata al San Martino per accertamenti.<\/p>\n<p>&nbsp;<\/p>\n<p>&nbsp;<\/p>\n<hr \/>\n<p>&nbsp;<\/p>\n<p><strong>LA GIUDIZIARIA OGGI<\/strong><br \/>\n<strong>DAL CORRIERE DELLE ALPI &#8211; SINTESI<\/strong><br \/>\n<strong>GIGI SOSSO<\/strong><\/p>\n<blockquote>\n<p data-start=\"0\" data-end=\"149\"><strong data-start=\"0\" data-end=\"61\">CORTINA \u2013 PADRE E FIGLIA ASSOLTI: \u201cIL FATTO NON SUSSISTE\u201d<\/strong><br data-start=\"61\" data-end=\"64\" \/><em data-start=\"64\" data-end=\"149\">Le accuse di maltrattamenti crollano in aula: ora la querelante rischia la calunnia<\/em><\/p>\n<\/blockquote>\n<p data-start=\"181\" data-end=\"471\">Assoluzione piena per padre e figlia di Cortina, accusati di gravi maltrattamenti sulla madre anziana. Il Tribunale ha stabilito che il fatto non sussiste: nessuna delle testimonianze ha confermato le accuse, inizialmente descritte come scenari estremi e poi ridimensionate dalla Procura. La querela, presentata nel 2020 dall\u2019altra figlia, potrebbe ora aprire a un procedimento per calunnia. L\u2019imputata parla di \u201cliberazione\u201d e annuncia azioni legali, mentre la madre continua a vivere con lei.<\/p>\n<p>&nbsp;<\/p>\n<blockquote>\n<p data-start=\"0\" data-end=\"174\"><strong data-start=\"0\" data-end=\"77\">BELLUNO \u2013 FARMACIA SOTTO SEQUESTRO: IMPUTATO VERSO IL PROCESSO ABBREVIATO<\/strong><br data-start=\"77\" data-end=\"80\" \/><em data-start=\"80\" data-end=\"174\">Il 40enne romeno che minacci\u00f2 con un coltello farmacista e cliente ottiene lo sconto di pena<\/em><\/p>\n<\/blockquote>\n<p data-start=\"206\" data-end=\"543\">Dovr\u00e0 affrontare il processo con rito abbreviato il cittadino romeno che lo scorso agosto sequestr\u00f2 per oltre un\u2019ora il farmacista della Santo Stefano, puntandogli un coltello, e trattenne anche un cliente entrato durante la crisi. L\u2019uomo, in libert\u00e0 vigilata, aveva chiesto un farmaco per il sistema nervoso prima di estrarre la lama. I carabinieri lo bloccarono dopo una lunga trattativa, liberando gli ostaggi. La Procura aveva chiesto il rito immediato, ma il difensore ha scelto l\u2019abbreviato. Il farmacista potrebbe chiedere un risarcimento civile.<\/p>\n<blockquote>\n<p data-start=\"0\" data-end=\"149\"><strong data-start=\"0\" data-end=\"80\">CALALZO \u2013 FIGLIA A PROCESSO PER MALTRATTAMENTI: MADRE TROVATA FERITA IN CASA<\/strong><br data-start=\"80\" data-end=\"83\" \/><em data-start=\"83\" data-end=\"149\">Udienza rinviata ad aprile, la donna dovr\u00e0 rientrare dall\u2019estero<\/em><\/p>\n<\/blockquote>\n<p data-start=\"181\" data-end=\"475\">A Calalzo una donna \u00e8 finita a processo con l\u2019accusa di aver malmenato la madre anziana, trovata dai carabinieri sanguinante nella sua camera da letto dopo una chiamata al 112. La vittima, poi deceduta due anni fa, aveva confermato le botte nell\u2019audizione protetta, seppur in modo poco preciso. La figlia, oggi all\u2019estero, dovr\u00e0 rientrare per l\u2019esame dell\u2019imputata. In aula sono stati ascoltati militari e una commerciante che ha descritto un rapporto familiare estremamente conflittuale. La difesa contesta la trascrizione dell\u2019audizione. Il processo riprender\u00e0 il 23 aprile.<\/p>\n<article class=\"text-token-text-primary w-full focus:outline-none [--shadow-height:45px] has-data-writing-block:pointer-events-none has-data-writing-block:-mt-(--shadow-height) has-data-writing-block:pt-(--shadow-height) [&amp;:has([data-writing-block])&gt;*]:pointer-events-auto scroll-mt-[calc(var(--header-height)+min(200px,max(70px,20svh)))]\" dir=\"auto\" tabindex=\"-1\" data-turn-id=\"request-WEB:6c6eba2c-db7d-4cbb-aaf4-bde94336bd2c-35\" data-testid=\"conversation-turn-72\" data-scroll-anchor=\"true\" data-turn=\"assistant\">\n<div class=\"text-base my-auto mx-auto pb-10 [--thread-content-margin:--spacing(4)] @w-sm\/main:[--thread-content-margin:--spacing(6)] @w-lg\/main:[--thread-content-margin:--spacing(16)] px-(--thread-content-margin)\">\n<div class=\"[--thread-content-max-width:40rem] @w-lg\/main:[--thread-content-max-width:48rem] mx-auto max-w-(--thread-content-max-width) flex-1 group\/turn-messages focus-visible:outline-hidden relative flex w-full min-w-0 flex-col agent-turn\" tabindex=\"-1\">\n<div class=\"flex max-w-full flex-col grow\">\n<div class=\"min-h-8 text-message relative flex w-full flex-col items-end gap-2 text-start break-words whitespace-normal [.text-message+&amp;]:mt-1\" dir=\"auto\" data-message-author-role=\"assistant\" data-message-id=\"372d16d1-6df5-4e80-8378-5518953e9eff\" data-message-model-slug=\"gpt-5-1\">\n<div class=\"flex w-full flex-col gap-1 empty:hidden first:pt-[1px]\">\n<div class=\"markdown prose dark:prose-invert w-full break-words dark markdown-new-styling\">\n<blockquote>\n<p data-start=\"0\" data-end=\"161\"><strong data-start=\"0\" data-end=\"72\">FELTRE \u2013 CONDANNATO A 20 MESI PER AVER SFRUTTATO L\u2019AMICA VULNERABILE<\/strong><br data-start=\"72\" data-end=\"75\" \/><em data-start=\"75\" data-end=\"161\">L\u2019uomo aveva ottenuto oltre 11 mila euro: \u201cEro in difficolt\u00e0, non volevo ingannarla\u201d<\/em><\/p>\n<\/blockquote>\n<p data-start=\"193\" data-end=\"471\">Un feltrino, \u00e8 stato condannato a un anno e otto mesi per circonvenzione d\u2019incapace: avrebbe approfittato della fragilit\u00e0 di un\u2019amica, ottenendo da lei pi\u00f9 di 11 mila euro. La donna aveva sporto querela dopo essersi accorta che l\u2019uomo le aveva preso il portafoglio. La difesa sostiene che si trattasse di donazioni spontanee nate dalla compassione, mentre l\u2019imputato ha raccontato in aula la sua vita in strada, tra dipendenze e problemi di salute. Oggi \u00e8 ospite di una comunit\u00e0. La sentenza sar\u00e0 impugnata in appello.<\/p>\n<\/div>\n<\/div>\n<\/div>\n<\/div>\n<div class=\"z-0 flex min-h-[46px] justify-start\"><\/div>\n<div class=\"mt-3 w-full empty:hidden\">\n<div class=\"text-center\"><\/div>\n<\/div>\n<\/div>\n<\/div>\n<\/article>\n<hr \/>\n<p>&nbsp;<\/p>\n<blockquote>\n<h3>GALLERIA PALA ROSSA: CHIARIMENTI, MONITORAGGI E NUOVE GARANZIE<\/h3>\n<\/blockquote>\n<p><strong><img loading=\"lazy\" decoding=\"async\" class=\"alignleft\" src=\"https:\/\/www.radiopiu.net\/wordpress\/wp-content\/uploads\/2025\/12\/galleria-Pala-Rossa.jpg\" width=\"235\" height=\"121\" \/>BELLUNO<\/strong> Si \u00e8 svolta in Prefettura una riunione presieduta dal Prefetto Antonello Roccoberton per affrontare le preoccupazioni dei residenti di Gorna, Comune di Lamon, sui lavori della galleria stradale Pala Rossa sulla SR50. Il Sindaco Loris Maccagnan e i tecnici hanno chiesto di verificare eventuali pericoli immediati, valutare i rischi a lungo termine e attivare misurazioni vibrometriche e indagini geologiche per prevenire cedimenti del sottosuolo. Veneto Strade e Geovertical hanno rassicurato che le volate sono calcolate per ridurre al minimo le vibrazioni, confermate dai rilevamenti sismografici nelle abitazioni. Sono stati presi impegni aggiuntivi: evitare volate notturne, monitorare continuamente le vibrazioni e migliorare l\u2019informazione al Comune. Il Prefetto ha sottolineato l\u2019importanza della cooperazione tra istituzioni e imprese, e il Sindaco ha proposto un incontro pubblico per illustrare i risultati ai cittadini.<\/p>\n<p>&nbsp;<\/p>\n<hr \/>\n<p>&nbsp;<\/p>\n<blockquote>\n<p data-start=\"0\" data-end=\"190\"><strong data-start=\"0\" data-end=\"98\">FELTRE \u2013 FUTURO HYDRO: ATTESA PER IL TAVOLO IN REGIONE, FIOM CHIEDE COINVOLGIMENTO DEL GOVERNO<\/strong><br data-start=\"98\" data-end=\"101\" \/><em data-start=\"101\" data-end=\"190\">Sindacati preoccupati: \u201cServe un intervento anche a livello ministeriale e diplomatico\u201d<\/em><\/p>\n<\/blockquote>\n<p data-start=\"222\" data-end=\"584\"><a class=\"dt-pswp-item\" href=\"https:\/\/www.radiopiu.net\/wordpress\/wp-content\/uploads\/2025\/12\/scriscione-hydro-2.jpeg\" data-dt-img-description=\"\" data-large_image_width=\"1600\" data-large_image_height=\"1200\"><img loading=\"lazy\" decoding=\"async\" class=\"size-medium wp-image-484464 alignleft\" src=\"https:\/\/www.radiopiu.net\/wordpress\/wp-content\/uploads\/2025\/12\/scriscione-hydro-2-300x225.jpeg\" alt=\"\" width=\"300\" height=\"225\" srcset=\"https:\/\/www.radiopiu.net\/wordpress\/wp-content\/uploads\/2025\/12\/scriscione-hydro-2-300x225.jpeg 300w, https:\/\/www.radiopiu.net\/wordpress\/wp-content\/uploads\/2025\/12\/scriscione-hydro-2-1024x768.jpeg 1024w, https:\/\/www.radiopiu.net\/wordpress\/wp-content\/uploads\/2025\/12\/scriscione-hydro-2-768x576.jpeg 768w, https:\/\/www.radiopiu.net\/wordpress\/wp-content\/uploads\/2025\/12\/scriscione-hydro-2-1536x1152.jpeg 1536w, https:\/\/www.radiopiu.net\/wordpress\/wp-content\/uploads\/2025\/12\/scriscione-hydro-2.jpeg 1600w\" sizes=\"auto, (max-width: 300px) 100vw, 300px\" \/><\/a>Cresce l\u2019attesa per l\u2019incontro fissato marted\u00ec in Regione sul futuro della Hydro di Feltre, dove 115 lavoratori rischiano il posto dopo l\u2019annunciata chiusura dello stabilimento. Per il segretario provinciale Fiom Stefano Bona, il tavolo veneziano \u00e8 importante, ma non basta: la vicenda va portata rapidamente anche al Ministero, coinvolgendo il Governo italiano. La multinazionale dell\u2019alluminio, partecipata dallo Stato norvegese, non ha dato segnali in questi giorni e la preoccupazione tra gli operai resta alta. Bona auspica che la Regione ottenga un segnale di ripensamento o almeno l\u2019apertura alla cessione dello stabilimento. E aggiunge: \u201cIl Governo intervenga, anche sul piano diplomatico. Non possiamo subire decisioni prese per puro calcolo di opportunit\u00e0\u201d. Intanto la Fiom ha contattato i sindacati degli altri Paesi coinvolti per valutare azioni comuni.<\/p>\n<p>&nbsp;<\/p>\n<p>&nbsp;<\/p>\n<hr \/>\n<p>&nbsp;<\/p>\n<blockquote>\n<h3>FUTURO DELLA SANIT\u00c0 ITALIANA, BELLUNESE E AGORDINA: CONFRONTO SU RIORGANIZZAZIONI E INVESTIMENTI<\/h3>\n<\/blockquote>\n<p><strong><a class=\"dt-pswp-item\" href=\"https:\/\/www.radiopiu.net\/wordpress\/wp-content\/uploads\/2025\/12\/14be68a0-3c88-4f6a-9084-2b9d5f5be3e0.jpg\" data-dt-img-description=\"\" data-large_image_width=\"1600\" data-large_image_height=\"1200\"><img loading=\"lazy\" decoding=\"async\" class=\" wp-image-485410 alignleft\" src=\"https:\/\/www.radiopiu.net\/wordpress\/wp-content\/uploads\/2025\/12\/14be68a0-3c88-4f6a-9084-2b9d5f5be3e0-300x225.jpg\" alt=\"\" width=\"376\" height=\"282\" srcset=\"https:\/\/www.radiopiu.net\/wordpress\/wp-content\/uploads\/2025\/12\/14be68a0-3c88-4f6a-9084-2b9d5f5be3e0-300x225.jpg 300w, https:\/\/www.radiopiu.net\/wordpress\/wp-content\/uploads\/2025\/12\/14be68a0-3c88-4f6a-9084-2b9d5f5be3e0-1024x768.jpg 1024w, https:\/\/www.radiopiu.net\/wordpress\/wp-content\/uploads\/2025\/12\/14be68a0-3c88-4f6a-9084-2b9d5f5be3e0-768x576.jpg 768w, https:\/\/www.radiopiu.net\/wordpress\/wp-content\/uploads\/2025\/12\/14be68a0-3c88-4f6a-9084-2b9d5f5be3e0-1536x1152.jpg 1536w, https:\/\/www.radiopiu.net\/wordpress\/wp-content\/uploads\/2025\/12\/14be68a0-3c88-4f6a-9084-2b9d5f5be3e0.jpg 1600w\" sizes=\"auto, (max-width: 376px) 100vw, 376px\" \/><\/a>AGORDO <\/strong>Una mattinata per capire dove va la sanit\u00e0 italiana, bellunese e agordina tra riorganizzazioni e investimenti: FNP CISL Belluno Treviso e Ulss 1 Dolomiti hanno presentato ad Agordo, in Sala Don Tamis, il futuro dei servizi sanitari del territorio.<\/p>\n<p><strong>DI DANIELE DALVIT<\/strong><\/p>\n<audio class=\"wp-audio-shortcode\" id=\"audio-485276-7\" preload=\"none\" style=\"width: 100%;\" controls=\"controls\"><source type=\"audio\/mpeg\" src=\"https:\/\/www.radiopiu.net\/wordpress\/wp-content\/uploads\/2025\/12\/Servizio-Cisl-sanita-Agordo-Sindacato.mp3?_=7\" \/><a href=\"https:\/\/www.radiopiu.net\/wordpress\/wp-content\/uploads\/2025\/12\/Servizio-Cisl-sanita-Agordo-Sindacato.mp3\">https:\/\/www.radiopiu.net\/wordpress\/wp-content\/uploads\/2025\/12\/Servizio-Cisl-sanita-Agordo-Sindacato.mp3<\/a><\/audio>\n<p>&nbsp;<\/p>\n<p><strong><a class=\"dt-pswp-item\" href=\"https:\/\/www.radiopiu.net\/wordpress\/wp-content\/uploads\/2025\/12\/9133441c-3cfb-4780-91dd-70c8cd340383.jpg\" data-dt-img-description=\"\" data-large_image_width=\"1600\" data-large_image_height=\"1200\"><img loading=\"lazy\" decoding=\"async\" class=\" wp-image-485411 alignright\" src=\"https:\/\/www.radiopiu.net\/wordpress\/wp-content\/uploads\/2025\/12\/9133441c-3cfb-4780-91dd-70c8cd340383-300x225.jpg\" alt=\"\" width=\"149\" height=\"112\" srcset=\"https:\/\/www.radiopiu.net\/wordpress\/wp-content\/uploads\/2025\/12\/9133441c-3cfb-4780-91dd-70c8cd340383-300x225.jpg 300w, https:\/\/www.radiopiu.net\/wordpress\/wp-content\/uploads\/2025\/12\/9133441c-3cfb-4780-91dd-70c8cd340383-1024x768.jpg 1024w, https:\/\/www.radiopiu.net\/wordpress\/wp-content\/uploads\/2025\/12\/9133441c-3cfb-4780-91dd-70c8cd340383-768x576.jpg 768w, https:\/\/www.radiopiu.net\/wordpress\/wp-content\/uploads\/2025\/12\/9133441c-3cfb-4780-91dd-70c8cd340383-1536x1152.jpg 1536w, https:\/\/www.radiopiu.net\/wordpress\/wp-content\/uploads\/2025\/12\/9133441c-3cfb-4780-91dd-70c8cd340383.jpg 1600w\" sizes=\"auto, (max-width: 149px) 100vw, 149px\" \/><\/a>AGORDO<\/strong> All&#8217;incontro di Agordo hanno partecipato anche i vertici delle amministrazioni locali e sanitarie; la rete territoriale verr\u00e0 ampliata e rafforzata, ma resta il problema del reperimento del personale.<\/p>\n<p><strong>DI DANIELE DALVIT<\/strong><\/p>\n<audio class=\"wp-audio-shortcode\" id=\"audio-485276-8\" preload=\"none\" style=\"width: 100%;\" controls=\"controls\"><source type=\"audio\/mpeg\" src=\"https:\/\/www.radiopiu.net\/wordpress\/wp-content\/uploads\/2025\/12\/Servizio-Cisl-sanita-Agordo-Istituzioni.mp3?_=8\" \/><a href=\"https:\/\/www.radiopiu.net\/wordpress\/wp-content\/uploads\/2025\/12\/Servizio-Cisl-sanita-Agordo-Istituzioni.mp3\">https:\/\/www.radiopiu.net\/wordpress\/wp-content\/uploads\/2025\/12\/Servizio-Cisl-sanita-Agordo-Istituzioni.mp3<\/a><\/audio>\n<p>&nbsp;<\/p>\n<hr \/>\n<p>&nbsp;<\/p>\n<blockquote>\n<h3>GIORNATA INTERNAZIONALE DELLA MONTAGNA E LA STRADA VERSO MILANO CORTINA 2026<\/h3>\n<\/blockquote>\n<p><strong><a class=\"dt-pswp-item\" href=\"https:\/\/www.radiopiu.net\/wordpress\/wp-content\/uploads\/2021\/10\/PIAZZA-MARTIRI-BELLUNO.jpg\" data-dt-img-description=\"\" data-large_image_width=\"1364\" data-large_image_height=\"908\"><img loading=\"lazy\" decoding=\"async\" class=\" wp-image-235813 alignleft\" src=\"https:\/\/www.radiopiu.net\/wordpress\/wp-content\/uploads\/2021\/10\/PIAZZA-MARTIRI-BELLUNO-300x200.jpg\" alt=\"\" width=\"169\" height=\"112\" srcset=\"https:\/\/www.radiopiu.net\/wordpress\/wp-content\/uploads\/2021\/10\/PIAZZA-MARTIRI-BELLUNO-300x200.jpg 300w, https:\/\/www.radiopiu.net\/wordpress\/wp-content\/uploads\/2021\/10\/PIAZZA-MARTIRI-BELLUNO-1024x682.jpg 1024w, https:\/\/www.radiopiu.net\/wordpress\/wp-content\/uploads\/2021\/10\/PIAZZA-MARTIRI-BELLUNO-768x511.jpg 768w, https:\/\/www.radiopiu.net\/wordpress\/wp-content\/uploads\/2021\/10\/PIAZZA-MARTIRI-BELLUNO.jpg 1364w\" sizes=\"auto, (max-width: 169px) 100vw, 169px\" \/><\/a>REDAZIONE <\/strong>La Giornata Internazionale della Montagna del 11 dicembre richiama l\u2019importanza ambientale, culturale ed economica delle terre alte. Nel 2025 il tema \u201cghiacciai, acqua e mezzi di sussistenza\u201d si intreccia con l\u2019attesa per Milano Cortina 2026. A Belluno e Cortina esperti e operatori riflettono sul futuro degli ecosistemi alpini, mentre MIT e SIMICO lavorano per infrastrutture moderne e sostenibili. La tutela dei ghiacciai, l\u2019uso responsabile dell\u2019acqua e la mobilit\u00e0 nelle vallate guidano gli interventi, creando un\u2019eredit\u00e0 duratura oltre le Olimpiadi e valorizzando la relazione tra uomo e montagna.<\/p>\n<p>&nbsp;<\/p>\n<hr \/>\n<blockquote>\n<h3><\/h3>\n<h3>SEMINARIO SU INCIDENTI STRADALI E SOCCORSO TRAUMATICO<\/h3>\n<\/blockquote>\n<p><strong>BELLUNO <\/strong>Presso il Comando dei Vigili del Fuoco di Belluno si \u00e8 svolto un seminario pratico sul corretto approccio alla persona traumatizzata negli incidenti stradali, con la partecipazione del personale sanitario del SUEM. L\u2019obiettivo principale \u00e8 stato rafforzare la comunicazione tra Vigili del Fuoco e 118, garantendo maggiore sicurezza sul luogo dell\u2019incidente e procedure di soccorso pi\u00f9 efficaci, anche per veicoli con alimentazioni alternative. Dopo una lezione teorica sui rischi dei mezzi moderni, i partecipanti hanno effettuato simulazioni con persone intrappolate in incidenti coinvolgenti auto e mezzi pesanti. L\u2019esercitazione ha permesso di consolidare competenze congiunte e di conoscere meglio le peculiarit\u00e0 dei diversi soccorritori, ricevendo un feedback molto positivo dai partecipanti.<\/p>\n<p><iframe loading=\"lazy\" title=\"Seminario SUEM 2025\" width=\"1200\" height=\"675\" src=\"https:\/\/www.youtube.com\/embed\/UNYudAqDFlU?feature=oembed\" frameborder=\"0\" allow=\"accelerometer; autoplay; clipboard-write; encrypted-media; gyroscope; picture-in-picture; web-share\" referrerpolicy=\"strict-origin-when-cross-origin\" allowfullscreen><\/iframe><\/p>\n<p>&nbsp;<\/p>\n\n\t\t\t<style type='text\/css'>\n\t\t\t\t#gallery-2 {\n\t\t\t\t\tmargin: auto;\n\t\t\t\t}\n\t\t\t\t#gallery-2 .gallery-item {\n\t\t\t\t\tfloat: left;\n\t\t\t\t\tmargin-top: 10px;\n\t\t\t\t\ttext-align: center;\n\t\t\t\t\twidth: 33%;\n\t\t\t\t}\n\t\t\t\t#gallery-2 img {\n\t\t\t\t\tborder: 2px solid #cfcfcf;\n\t\t\t\t}\n\t\t\t\t#gallery-2 .gallery-caption {\n\t\t\t\t\tmargin-left: 0;\n\t\t\t\t}\n\t\t\t\t\/* see gallery_shortcode() in wp-includes\/media.php *\/\n\t\t\t<\/style>\n\t\t<div id='gallery-2' class='dt-gallery-container gallery galleryid-485276 gallery-columns-3 gallery-size-medium'><dl class='gallery-item'>\n\t\t\t\t<dt class='gallery-icon landscape'>\n\t\t\t\t\t<a class=\"rollover rollover-zoom dt-pswp-item\" title=\"920f4d2c-632c-449b-a785-840ccc4d21f8\" data-dt-img-description=\"\" data-large_image_width=\"1280\" data-large_image_height=\"853\"href='https:\/\/www.radiopiu.net\/wordpress\/wp-content\/uploads\/2025\/12\/920f4d2c-632c-449b-a785-840ccc4d21f8.jpg'><img loading=\"lazy\" decoding=\"async\" width=\"300\" height=\"200\" src=\"https:\/\/www.radiopiu.net\/wordpress\/wp-content\/uploads\/2025\/12\/920f4d2c-632c-449b-a785-840ccc4d21f8-300x200.jpg\" class=\"attachment-medium size-medium\" alt=\"\" srcset=\"https:\/\/www.radiopiu.net\/wordpress\/wp-content\/uploads\/2025\/12\/920f4d2c-632c-449b-a785-840ccc4d21f8-300x200.jpg 300w, https:\/\/www.radiopiu.net\/wordpress\/wp-content\/uploads\/2025\/12\/920f4d2c-632c-449b-a785-840ccc4d21f8-1024x682.jpg 1024w, https:\/\/www.radiopiu.net\/wordpress\/wp-content\/uploads\/2025\/12\/920f4d2c-632c-449b-a785-840ccc4d21f8-768x512.jpg 768w, https:\/\/www.radiopiu.net\/wordpress\/wp-content\/uploads\/2025\/12\/920f4d2c-632c-449b-a785-840ccc4d21f8.jpg 1280w\" sizes=\"auto, (max-width: 300px) 100vw, 300px\" \/><\/a>\n\t\t\t\t<\/dt><\/dl><dl class='gallery-item'>\n\t\t\t\t<dt class='gallery-icon landscape'>\n\t\t\t\t\t<a class=\"rollover rollover-zoom dt-pswp-item\" title=\"26f593f2-d2db-4fcc-b3ac-560b9df92dcd\" data-dt-img-description=\"\" data-large_image_width=\"1280\" data-large_image_height=\"853\"href='https:\/\/www.radiopiu.net\/wordpress\/wp-content\/uploads\/2025\/12\/26f593f2-d2db-4fcc-b3ac-560b9df92dcd.jpg'><img loading=\"lazy\" decoding=\"async\" width=\"300\" height=\"200\" src=\"https:\/\/www.radiopiu.net\/wordpress\/wp-content\/uploads\/2025\/12\/26f593f2-d2db-4fcc-b3ac-560b9df92dcd-300x200.jpg\" class=\"attachment-medium size-medium\" alt=\"\" srcset=\"https:\/\/www.radiopiu.net\/wordpress\/wp-content\/uploads\/2025\/12\/26f593f2-d2db-4fcc-b3ac-560b9df92dcd-300x200.jpg 300w, https:\/\/www.radiopiu.net\/wordpress\/wp-content\/uploads\/2025\/12\/26f593f2-d2db-4fcc-b3ac-560b9df92dcd-1024x682.jpg 1024w, https:\/\/www.radiopiu.net\/wordpress\/wp-content\/uploads\/2025\/12\/26f593f2-d2db-4fcc-b3ac-560b9df92dcd-768x512.jpg 768w, https:\/\/www.radiopiu.net\/wordpress\/wp-content\/uploads\/2025\/12\/26f593f2-d2db-4fcc-b3ac-560b9df92dcd.jpg 1280w\" sizes=\"auto, (max-width: 300px) 100vw, 300px\" \/><\/a>\n\t\t\t\t<\/dt><\/dl><dl class='gallery-item'>\n\t\t\t\t<dt class='gallery-icon landscape'>\n\t\t\t\t\t<a class=\"rollover rollover-zoom dt-pswp-item\" title=\"61f292ca-a01b-4ade-9a54-6e2b1e2657cc\" data-dt-img-description=\"\" data-large_image_width=\"1280\" data-large_image_height=\"853\"href='https:\/\/www.radiopiu.net\/wordpress\/wp-content\/uploads\/2025\/12\/61f292ca-a01b-4ade-9a54-6e2b1e2657cc.jpg'><img loading=\"lazy\" decoding=\"async\" width=\"300\" height=\"200\" src=\"https:\/\/www.radiopiu.net\/wordpress\/wp-content\/uploads\/2025\/12\/61f292ca-a01b-4ade-9a54-6e2b1e2657cc-300x200.jpg\" class=\"attachment-medium size-medium\" alt=\"\" srcset=\"https:\/\/www.radiopiu.net\/wordpress\/wp-content\/uploads\/2025\/12\/61f292ca-a01b-4ade-9a54-6e2b1e2657cc-300x200.jpg 300w, https:\/\/www.radiopiu.net\/wordpress\/wp-content\/uploads\/2025\/12\/61f292ca-a01b-4ade-9a54-6e2b1e2657cc-1024x682.jpg 1024w, https:\/\/www.radiopiu.net\/wordpress\/wp-content\/uploads\/2025\/12\/61f292ca-a01b-4ade-9a54-6e2b1e2657cc-768x512.jpg 768w, https:\/\/www.radiopiu.net\/wordpress\/wp-content\/uploads\/2025\/12\/61f292ca-a01b-4ade-9a54-6e2b1e2657cc.jpg 1280w\" sizes=\"auto, (max-width: 300px) 100vw, 300px\" \/><\/a>\n\t\t\t\t<\/dt><\/dl><br style=\"clear: both\" \/><dl class='gallery-item'>\n\t\t\t\t<dt class='gallery-icon landscape'>\n\t\t\t\t\t<a class=\"rollover rollover-zoom dt-pswp-item\" title=\"233bd933-c5fe-46e7-956a-1b09bd91881b\" data-dt-img-description=\"\" data-large_image_width=\"1280\" data-large_image_height=\"853\"href='https:\/\/www.radiopiu.net\/wordpress\/wp-content\/uploads\/2025\/12\/233bd933-c5fe-46e7-956a-1b09bd91881b.jpg'><img loading=\"lazy\" decoding=\"async\" width=\"300\" height=\"200\" src=\"https:\/\/www.radiopiu.net\/wordpress\/wp-content\/uploads\/2025\/12\/233bd933-c5fe-46e7-956a-1b09bd91881b-300x200.jpg\" class=\"attachment-medium size-medium\" alt=\"\" srcset=\"https:\/\/www.radiopiu.net\/wordpress\/wp-content\/uploads\/2025\/12\/233bd933-c5fe-46e7-956a-1b09bd91881b-300x200.jpg 300w, https:\/\/www.radiopiu.net\/wordpress\/wp-content\/uploads\/2025\/12\/233bd933-c5fe-46e7-956a-1b09bd91881b-1024x682.jpg 1024w, https:\/\/www.radiopiu.net\/wordpress\/wp-content\/uploads\/2025\/12\/233bd933-c5fe-46e7-956a-1b09bd91881b-768x512.jpg 768w, https:\/\/www.radiopiu.net\/wordpress\/wp-content\/uploads\/2025\/12\/233bd933-c5fe-46e7-956a-1b09bd91881b.jpg 1280w\" sizes=\"auto, (max-width: 300px) 100vw, 300px\" \/><\/a>\n\t\t\t\t<\/dt><\/dl><dl class='gallery-item'>\n\t\t\t\t<dt class='gallery-icon landscape'>\n\t\t\t\t\t<a class=\"rollover rollover-zoom dt-pswp-item\" title=\"ef7e4443-d5ac-4b80-a72e-4d1f486ae905\" data-dt-img-description=\"\" data-large_image_width=\"1280\" data-large_image_height=\"853\"href='https:\/\/www.radiopiu.net\/wordpress\/wp-content\/uploads\/2025\/12\/ef7e4443-d5ac-4b80-a72e-4d1f486ae905.jpg'><img loading=\"lazy\" decoding=\"async\" width=\"300\" height=\"200\" src=\"https:\/\/www.radiopiu.net\/wordpress\/wp-content\/uploads\/2025\/12\/ef7e4443-d5ac-4b80-a72e-4d1f486ae905-300x200.jpg\" class=\"attachment-medium size-medium\" alt=\"\" srcset=\"https:\/\/www.radiopiu.net\/wordpress\/wp-content\/uploads\/2025\/12\/ef7e4443-d5ac-4b80-a72e-4d1f486ae905-300x200.jpg 300w, https:\/\/www.radiopiu.net\/wordpress\/wp-content\/uploads\/2025\/12\/ef7e4443-d5ac-4b80-a72e-4d1f486ae905-1024x682.jpg 1024w, https:\/\/www.radiopiu.net\/wordpress\/wp-content\/uploads\/2025\/12\/ef7e4443-d5ac-4b80-a72e-4d1f486ae905-768x512.jpg 768w, https:\/\/www.radiopiu.net\/wordpress\/wp-content\/uploads\/2025\/12\/ef7e4443-d5ac-4b80-a72e-4d1f486ae905.jpg 1280w\" sizes=\"auto, (max-width: 300px) 100vw, 300px\" \/><\/a>\n\t\t\t\t<\/dt><\/dl><dl class='gallery-item'>\n\t\t\t\t<dt class='gallery-icon landscape'>\n\t\t\t\t\t<a class=\"rollover rollover-zoom dt-pswp-item\" title=\"cfb1451f-fc29-4d60-803f-e90506f1ebdd\" data-dt-img-description=\"\" data-large_image_width=\"1280\" data-large_image_height=\"853\"href='https:\/\/www.radiopiu.net\/wordpress\/wp-content\/uploads\/2025\/12\/cfb1451f-fc29-4d60-803f-e90506f1ebdd.jpg'><img loading=\"lazy\" decoding=\"async\" width=\"300\" height=\"200\" src=\"https:\/\/www.radiopiu.net\/wordpress\/wp-content\/uploads\/2025\/12\/cfb1451f-fc29-4d60-803f-e90506f1ebdd-300x200.jpg\" class=\"attachment-medium size-medium\" alt=\"\" srcset=\"https:\/\/www.radiopiu.net\/wordpress\/wp-content\/uploads\/2025\/12\/cfb1451f-fc29-4d60-803f-e90506f1ebdd-300x200.jpg 300w, https:\/\/www.radiopiu.net\/wordpress\/wp-content\/uploads\/2025\/12\/cfb1451f-fc29-4d60-803f-e90506f1ebdd-1024x682.jpg 1024w, https:\/\/www.radiopiu.net\/wordpress\/wp-content\/uploads\/2025\/12\/cfb1451f-fc29-4d60-803f-e90506f1ebdd-768x512.jpg 768w, https:\/\/www.radiopiu.net\/wordpress\/wp-content\/uploads\/2025\/12\/cfb1451f-fc29-4d60-803f-e90506f1ebdd.jpg 1280w\" sizes=\"auto, (max-width: 300px) 100vw, 300px\" \/><\/a>\n\t\t\t\t<\/dt><\/dl><br style=\"clear: both\" \/>\n\t\t\t<\/div>\n\n<p>&nbsp;<\/p>\n<hr \/>\n<p>&nbsp;<\/p>\n<blockquote>\n<h3>CROLLO DEL PREZZO DEL LATTE: ALLARME NEL BELLUNESE<\/h3>\n<\/blockquote>\n<p><strong><a class=\"dt-pswp-item\" href=\"https:\/\/www.radiopiu.net\/wordpress\/wp-content\/uploads\/2020\/03\/latte.jpg\" data-dt-img-description=\"\" data-large_image_width=\"1920\" data-large_image_height=\"1517\"><img loading=\"lazy\" decoding=\"async\" class=\" wp-image-124751 alignleft\" src=\"https:\/\/www.radiopiu.net\/wordpress\/wp-content\/uploads\/2020\/03\/latte-300x237.jpg\" alt=\"\" width=\"148\" height=\"117\" srcset=\"https:\/\/www.radiopiu.net\/wordpress\/wp-content\/uploads\/2020\/03\/latte-300x237.jpg 300w, https:\/\/www.radiopiu.net\/wordpress\/wp-content\/uploads\/2020\/03\/latte-1024x809.jpg 1024w, https:\/\/www.radiopiu.net\/wordpress\/wp-content\/uploads\/2020\/03\/latte-768x607.jpg 768w, https:\/\/www.radiopiu.net\/wordpress\/wp-content\/uploads\/2020\/03\/latte-1536x1214.jpg 1536w, https:\/\/www.radiopiu.net\/wordpress\/wp-content\/uploads\/2020\/03\/latte.jpg 1920w\" sizes=\"auto, (max-width: 148px) 100vw, 148px\" \/><\/a>DI ALESSIA DALL&#8217;O&#8217;<\/strong><\/p>\n<p><strong>BELLUNO<\/strong> Nel Bellunese il prezzo del latte \u00e8 crollato da 68 a 48 centesimi al litro in soli due mesi, riaccendendo un forte allarme tra gli allevatori. La crisi nasce da un mix di sovrapproduzione europea e globale, consumi rallentati e maggiori importazioni che hanno trascinato le quotazioni verso il basso. Un duro colpo per un comparto fragile ma fondamentale: 250 allevamenti, 15mila capi e oltre 30 milioni di fatturato annuo. I produttori rischiano di lavorare in perdita, aggravati dal caro foraggi e da costi fissi elevati. L\u2019accordo raggiunto al Ministero prevede un aumento graduale fino a 54 centesimi e interventi strutturali sulla filiera, accolti positivamente dal mondo agricolo. Resta per\u00f2 alta la preoccupazione per possibili nuove oscillazioni.<\/p>\n<p><strong>IL SENATORE LUCA DE CARLO<\/strong><\/p>\n<audio class=\"wp-audio-shortcode\" id=\"audio-485276-9\" preload=\"none\" style=\"width: 100%;\" controls=\"controls\"><source type=\"audio\/mpeg\" src=\"https:\/\/www.radiopiu.net\/wordpress\/wp-content\/uploads\/2025\/12\/DE-CARLO-LATTE.mp3?_=9\" \/><a href=\"https:\/\/www.radiopiu.net\/wordpress\/wp-content\/uploads\/2025\/12\/DE-CARLO-LATTE.mp3\">https:\/\/www.radiopiu.net\/wordpress\/wp-content\/uploads\/2025\/12\/DE-CARLO-LATTE.mp3<\/a><\/audio>\n<p>&nbsp;<\/p>\n<hr \/>\n<p>&nbsp;<\/p>\n<h1><\/h1>\n<h1 class=\"_title post-title entry-title\">BELLUNO | CORTE DEI CONTI: ARRANCANO LE RISCOSSIONI. RICHIAMO A PALAZZO ROSSO<\/h1>\n<p>(Servizio di\u00a0<a href=\"https:\/\/antennatre.medianordest.it\/redazione\/Tiziana-Bolognani\/\">Tiziana Bolognani<\/a>)<\/p>\n<p><iframe loading=\"lazy\" title=\"CORTE DEI CONTI: ARRANCANO LE RISCOSSIONI. RICHIAMO A PALAZZO ROSSO | 11\/12\/2025\" width=\"1200\" height=\"675\" src=\"https:\/\/www.youtube.com\/embed\/u24wnX1_0OQ?feature=oembed\" frameborder=\"0\" allow=\"accelerometer; autoplay; clipboard-write; encrypted-media; gyroscope; picture-in-picture; web-share\" referrerpolicy=\"strict-origin-when-cross-origin\" allowfullscreen><\/iframe><\/p>\n<p>&nbsp;<\/p>\n<p>&nbsp;<\/p>\n<hr \/>\n<p>&nbsp;<\/p>\n<blockquote>\n<h3>UDIENZA AL TAR DI VENEZIA SULLA MODIFICA DEGLI ORARI SCOLASTICI<\/h3>\n<\/blockquote>\n<p><strong><a class=\"dt-pswp-item\" href=\"https:\/\/www.radiopiu.net\/wordpress\/wp-content\/uploads\/2025\/09\/FOLLADOR-DE-ROSSI.jpg\" data-dt-img-description=\"\" data-large_image_width=\"950\" data-large_image_height=\"355\"><img loading=\"lazy\" decoding=\"async\" class=\" wp-image-470609 alignleft\" src=\"https:\/\/www.radiopiu.net\/wordpress\/wp-content\/uploads\/2025\/09\/FOLLADOR-DE-ROSSI-300x112.jpg\" alt=\"\" width=\"265\" height=\"99\" srcset=\"https:\/\/www.radiopiu.net\/wordpress\/wp-content\/uploads\/2025\/09\/FOLLADOR-DE-ROSSI-300x112.jpg 300w, https:\/\/www.radiopiu.net\/wordpress\/wp-content\/uploads\/2025\/09\/FOLLADOR-DE-ROSSI-768x287.jpg 768w, https:\/\/www.radiopiu.net\/wordpress\/wp-content\/uploads\/2025\/09\/FOLLADOR-DE-ROSSI.jpg 950w\" sizes=\"auto, (max-width: 265px) 100vw, 265px\" \/><\/a>AGORDO <\/strong>Alla seconda udienza davanti al TAR di Venezia i legali Andrea Rui e Livio Viel hanno dichiarato superata l\u2019esigenza cautelare, dopo i ritocchi all\u2019orario introdotti dal dirigente scolastico Claudio Magalini. Pur non riportando la situazione al quadro precedente, tali modifiche hanno portato ad abbandonare la parte cautelare del ricorso. Resta in discussione il merito: stabilire se il dirigente possa modificare autonomamente gli orari senza consultare gli organi scolastici.<\/p>\n<p>&nbsp;<\/p>\n<p>&nbsp;<\/p>\n<hr \/>\n<p>&nbsp;<\/p>\n<article class=\"text-token-text-primary w-full focus:outline-none [--shadow-height:45px] has-data-writing-block:pointer-events-none has-data-writing-block:-mt-(--shadow-height) has-data-writing-block:pt-(--shadow-height) [&amp;:has([data-writing-block])&gt;*]:pointer-events-auto scroll-mt-[calc(var(--header-height)+min(200px,max(70px,20svh)))]\" dir=\"auto\" tabindex=\"-1\" data-turn-id=\"request-WEB:6c6eba2c-db7d-4cbb-aaf4-bde94336bd2c-26\" data-testid=\"conversation-turn-54\" data-scroll-anchor=\"true\" data-turn=\"assistant\">\n<div class=\"text-base my-auto mx-auto pb-10 [--thread-content-margin:--spacing(4)] @w-sm\/main:[--thread-content-margin:--spacing(6)] @w-lg\/main:[--thread-content-margin:--spacing(16)] px-(--thread-content-margin)\">\n<div class=\"[--thread-content-max-width:40rem] @w-lg\/main:[--thread-content-max-width:48rem] mx-auto max-w-(--thread-content-max-width) flex-1 group\/turn-messages focus-visible:outline-hidden relative flex w-full min-w-0 flex-col agent-turn\" tabindex=\"-1\">\n<div class=\"flex max-w-full flex-col grow\">\n<div class=\"min-h-8 text-message relative flex w-full flex-col items-end gap-2 text-start break-words whitespace-normal [.text-message+&amp;]:mt-1\" dir=\"auto\" data-message-author-role=\"assistant\" data-message-id=\"62259342-24be-4966-a3e4-15702bb6a572\" data-message-model-slug=\"gpt-5-1\">\n<div class=\"flex w-full flex-col gap-1 empty:hidden first:pt-[1px]\">\n<div class=\"markdown prose dark:prose-invert w-full break-words dark markdown-new-styling\">\n<blockquote>\n<p data-start=\"0\" data-end=\"145\"><strong data-start=\"0\" data-end=\"62\">CIVETTA \u2013 NUOVO FOSSILE DI PESCE VOLANTE SCOPERTO AL PELSA<\/strong><br data-start=\"62\" data-end=\"65\" \/><em data-start=\"65\" data-end=\"145\">Pubblicato su \u201cDiversity\u201d l\u2019unico esemplare alpino di Thoracopterus wushaensis<\/em><\/p>\n<\/blockquote>\n<p data-start=\"177\" data-end=\"621\"><a class=\"dt-pswp-item\" href=\"https:\/\/www.radiopiu.net\/wordpress\/wp-content\/uploads\/2025\/12\/Screenshot-2025-12-12-050607.png\" data-dt-img-description=\"\" data-large_image_width=\"709\" data-large_image_height=\"315\"><img loading=\"lazy\" decoding=\"async\" class=\"size-medium wp-image-485504 alignleft\" src=\"https:\/\/www.radiopiu.net\/wordpress\/wp-content\/uploads\/2025\/12\/Screenshot-2025-12-12-050607-300x133.png\" alt=\"\" width=\"300\" height=\"133\" srcset=\"https:\/\/www.radiopiu.net\/wordpress\/wp-content\/uploads\/2025\/12\/Screenshot-2025-12-12-050607-300x133.png 300w, https:\/\/www.radiopiu.net\/wordpress\/wp-content\/uploads\/2025\/12\/Screenshot-2025-12-12-050607.png 709w\" sizes=\"auto, (max-width: 300px) 100vw, 300px\" \/><\/a>Nel sito fossilifero del Pelsa\u2013Vazzoler, ai piedi della Civetta, \u00e8 stato identificato un fossile eccezionale: il pi\u00f9 antico pesce volante conosciuto, il Thoracopterus wushaensis, finora documentato solo in Cina. La scoperta, avvenuta nell\u2019ambito delle ricerche avviate dieci anni fa dal paleontologo Andrea Tintori, \u00e8 stata ora pubblicata sulla rivista scientifica <em data-start=\"542\" data-end=\"553\">Diversity<\/em>, confermando l\u2019importanza internazionale del giacimento dolomitico.<\/p>\n<p data-start=\"623\" data-end=\"1098\" data-is-last-node=\"\" data-is-only-node=\"\">Il fossile mostra le caratteristiche tipiche del volo planato dei pesci triassici, con pinne sviluppate e una coda adatta a spingere l\u2019animale fuori dall\u2019acqua. Secondo Tintori, la presenza di questa specie nel Triassico medio delle Dolomiti \u00e8 un indizio prezioso per comprendere l\u2019evoluzione del volo nei pesci e le condizioni marine dell\u2019antica Tetide. La ricerca \u00e8 stata resa possibile grazie al lavoro di numerosi volontari e al supporto della Fondazione Dolomiti Unesco.<\/p>\n<p data-start=\"623\" data-end=\"1098\" data-is-last-node=\"\" data-is-only-node=\"\">\n<\/div>\n<\/div>\n<\/div>\n<\/div>\n<blockquote>\n<h1 class=\"z-0 flex min-h-[46px] justify-start\">LA RELAZIONE COMPLETA<\/h1>\n<\/blockquote>\n<div class=\"mt-3 w-full empty:hidden\">\n<div class=\"text-center\">\n<blockquote class=\"wp-embedded-content\" data-secret=\"un6ug4Ummu\"><p><a href=\"https:\/\/www.radiopiu.net\/wordpress\/anche-le-dolomiti-prendono-il-volo\/\">ANCHE LE DOLOMITI PRENDONO IL VOLO<\/a><\/p><\/blockquote>\n<p><iframe loading=\"lazy\" class=\"wp-embedded-content\" sandbox=\"allow-scripts\" security=\"restricted\" style=\"position: absolute; visibility: hidden;\" title=\"&#8220;ANCHE LE DOLOMITI PRENDONO IL VOLO&#8221; &#8212; Radio Pi\u00f9\" src=\"https:\/\/www.radiopiu.net\/wordpress\/anche-le-dolomiti-prendono-il-volo\/embed\/#?secret=mcrv40fOP9#?secret=un6ug4Ummu\" data-secret=\"un6ug4Ummu\" width=\"600\" height=\"338\" frameborder=\"0\" marginwidth=\"0\" marginheight=\"0\" scrolling=\"no\"><\/iframe><\/p>\n<\/div>\n<\/div>\n<\/div>\n<\/div>\n<\/article>\n<p>&nbsp;<\/p>\n<hr \/>\n<p>&nbsp;<\/p>\n<blockquote>\n<h3>SESSANT\u2019ANNI DELLA CEMENTERIA DI CADOLA: UN VOLUME PER LA MEMORIA DEL TERRITORIO<\/h3>\n<\/blockquote>\n<p><strong><a class=\"dt-pswp-item\" href=\"https:\/\/www.radiopiu.net\/wordpress\/wp-content\/uploads\/2025\/12\/Consegna-volumi-Cementeria-di-Cadola-alla-Provincia-per-biblioteche-scaled.jpg\" data-dt-img-description=\"\" data-large_image_width=\"2560\" data-large_image_height=\"2353\"><img loading=\"lazy\" decoding=\"async\" class=\" wp-image-485399 alignleft\" src=\"https:\/\/www.radiopiu.net\/wordpress\/wp-content\/uploads\/2025\/12\/Consegna-volumi-Cementeria-di-Cadola-alla-Provincia-per-biblioteche-300x276.jpg\" alt=\"\" width=\"147\" height=\"135\" srcset=\"https:\/\/www.radiopiu.net\/wordpress\/wp-content\/uploads\/2025\/12\/Consegna-volumi-Cementeria-di-Cadola-alla-Provincia-per-biblioteche-300x276.jpg 300w, https:\/\/www.radiopiu.net\/wordpress\/wp-content\/uploads\/2025\/12\/Consegna-volumi-Cementeria-di-Cadola-alla-Provincia-per-biblioteche-1024x941.jpg 1024w, https:\/\/www.radiopiu.net\/wordpress\/wp-content\/uploads\/2025\/12\/Consegna-volumi-Cementeria-di-Cadola-alla-Provincia-per-biblioteche-768x706.jpg 768w, https:\/\/www.radiopiu.net\/wordpress\/wp-content\/uploads\/2025\/12\/Consegna-volumi-Cementeria-di-Cadola-alla-Provincia-per-biblioteche-1536x1412.jpg 1536w, https:\/\/www.radiopiu.net\/wordpress\/wp-content\/uploads\/2025\/12\/Consegna-volumi-Cementeria-di-Cadola-alla-Provincia-per-biblioteche-2048x1882.jpg 2048w\" sizes=\"auto, (max-width: 147px) 100vw, 147px\" \/><\/a>BELLUNO <\/strong>Sar\u00e0 presto disponibile nelle biblioteche bellunesi il volume dedicato ai 60 anni della Cementeria di Cadola. Il libro, consegnato al Presidente della Provincia Roberto Padrin e alla Consigliera Vanessa De Francesch, ripercorre la storia dell\u2019impianto attraverso documenti, testimonianze e articoli. L\u2019autore Edoardo Comiotto racconta un progetto nato a fine anni Cinquanta, diventato operativo nel 1965, e soprattutto le persone che hanno dato vita alla Cementeria. Il volume evidenzia il ruolo dell\u2019azienda nello sviluppo economico provinciale, le collaborazioni con le istituzioni e le azioni adottate per mitigare l\u2019impatto ambientale. Un\u2019opera che preserva memoria e identit\u00e0 industriale per le nuove generazioni.<\/p>\n<p>&nbsp;<\/p>\n<p>&nbsp;<\/p>\n<hr \/>\n<p>&nbsp;<\/p>\n<blockquote>\n<h3>MIG EXPERIENCE 2025: GIOVANI, MAESTRI ARTIGIANI E FUTURO DELLA GELATERIA ITALIANA<\/h3>\n<\/blockquote>\n<p><strong><a class=\"dt-pswp-item\" href=\"https:\/\/www.radiopiu.net\/wordpress\/wp-content\/uploads\/2025\/12\/Confartigianato-a-MIG-Experience-2025_02.jpg\" data-dt-img-description=\"\" data-large_image_width=\"2500\" data-large_image_height=\"1373\"><img loading=\"lazy\" decoding=\"async\" class=\" wp-image-485390 alignleft\" src=\"https:\/\/www.radiopiu.net\/wordpress\/wp-content\/uploads\/2025\/12\/Confartigianato-a-MIG-Experience-2025_02-300x165.jpg\" alt=\"\" width=\"175\" height=\"96\" srcset=\"https:\/\/www.radiopiu.net\/wordpress\/wp-content\/uploads\/2025\/12\/Confartigianato-a-MIG-Experience-2025_02-300x165.jpg 300w, https:\/\/www.radiopiu.net\/wordpress\/wp-content\/uploads\/2025\/12\/Confartigianato-a-MIG-Experience-2025_02-1024x562.jpg 1024w, https:\/\/www.radiopiu.net\/wordpress\/wp-content\/uploads\/2025\/12\/Confartigianato-a-MIG-Experience-2025_02-768x422.jpg 768w, https:\/\/www.radiopiu.net\/wordpress\/wp-content\/uploads\/2025\/12\/Confartigianato-a-MIG-Experience-2025_02-1536x844.jpg 1536w, https:\/\/www.radiopiu.net\/wordpress\/wp-content\/uploads\/2025\/12\/Confartigianato-a-MIG-Experience-2025_02-2048x1125.jpg 2048w\" sizes=\"auto, (max-width: 175px) 100vw, 175px\" \/><\/a>LONGARONE <\/strong>Longarone ha riportato al centro la gelateria artigianale con il nuovo format della MIG Experience 2025, che ha attirato numerosi operatori e appassionati. Confartigianato Alimentazione ha animato per tre giorni uno stand-laboratorio, trasformandolo in un luogo di dimostrazioni, confronto professionale e dialogo. Protagonisti assoluti sono stati i 150 studenti delle scuole professionali: il CIVIFORM ha portato preparazioni ispirate alla tradizione mitteleuropea e italiana, mentre ENGIM Veneto, insieme ai Maestri Artigiani, ha proposto ricette innovative legate ai prodotti locali. La collaborazione tra artigiani e scuole ha evidenziato il valore della formazione come motore del futuro del settore. Gli interventi istituzionali hanno inoltre approfondito normative e sfide per le imprese, ribadendo qualit\u00e0, trasparenza e tutela del mestiere.<\/p>\n<p>&nbsp;<\/p>\n<p>&nbsp;<\/p>\n<hr \/>\n<p>&nbsp;<\/p>\n<blockquote>\n<h3>TOGETHER AGAINST FOOD WASTE: UN\u2019ESPERIENZA DI SOSTENIBILIT\u00c0 E INTERCULTURALIT\u00c0 A BELLUNO<\/h3>\n<\/blockquote>\n<p><strong>BELLUNO <\/strong>La terza edizione di \u201cTogether against food waste\u201d, coordinata dal Comitato d\u2019Intesa, ha coinvolto in un anno scuole, associazioni e cittadinanza in attivit\u00e0 dedicate alla sostenibilit\u00e0, alla riduzione dello spreco alimentare e al dialogo interculturale. Laboratori nelle scuole, con studenti e volontari internazionali, hanno promosso buone pratiche di consumo consapevole e riuso creativo, favorendo allo stesso tempo lo scambio culturale. Il progetto ha attivato anche raccolte alimentari, podcast, workshop e collaborazioni con numerose realt\u00e0 locali. Le testimonianze delle volontarie sottolineano la crescita personale e relazionale vissuta. Con la nuova edizione, quattro giovani volontari proseguiranno il percorso per un anno, rafforzando le collaborazioni territoriali e sperimentando nuovi format per coinvolgere famiglie e studenti. L\u2019iniziativa \u00e8 finanziata dal Corpo Europeo di Solidariet\u00e0.<\/p>\n\n\t\t\t<style type='text\/css'>\n\t\t\t\t#gallery-3 {\n\t\t\t\t\tmargin: auto;\n\t\t\t\t}\n\t\t\t\t#gallery-3 .gallery-item {\n\t\t\t\t\tfloat: left;\n\t\t\t\t\tmargin-top: 10px;\n\t\t\t\t\ttext-align: center;\n\t\t\t\t\twidth: 50%;\n\t\t\t\t}\n\t\t\t\t#gallery-3 img {\n\t\t\t\t\tborder: 2px solid #cfcfcf;\n\t\t\t\t}\n\t\t\t\t#gallery-3 .gallery-caption {\n\t\t\t\t\tmargin-left: 0;\n\t\t\t\t}\n\t\t\t\t\/* see gallery_shortcode() in wp-includes\/media.php *\/\n\t\t\t<\/style>\n\t\t<div id='gallery-3' class='dt-gallery-container gallery galleryid-485276 gallery-columns-2 gallery-size-medium'><dl class='gallery-item'>\n\t\t\t\t<dt class='gallery-icon portrait'>\n\t\t\t\t\t<a class=\"rollover rollover-zoom dt-pswp-item\" title=\"giovani europei 2024\" data-dt-img-description=\"\" data-large_image_width=\"591\" data-large_image_height=\"777\"href='https:\/\/www.radiopiu.net\/wordpress\/wp-content\/uploads\/2025\/12\/giovani-europei-2024.jpg'><img loading=\"lazy\" decoding=\"async\" width=\"228\" height=\"300\" src=\"https:\/\/www.radiopiu.net\/wordpress\/wp-content\/uploads\/2025\/12\/giovani-europei-2024-228x300.jpg\" class=\"attachment-medium size-medium\" alt=\"\" srcset=\"https:\/\/www.radiopiu.net\/wordpress\/wp-content\/uploads\/2025\/12\/giovani-europei-2024-228x300.jpg 228w, https:\/\/www.radiopiu.net\/wordpress\/wp-content\/uploads\/2025\/12\/giovani-europei-2024.jpg 591w\" sizes=\"auto, (max-width: 228px) 100vw, 228px\" \/><\/a>\n\t\t\t\t<\/dt><\/dl><dl class='gallery-item'>\n\t\t\t\t<dt class='gallery-icon portrait'>\n\t\t\t\t\t<a class=\"rollover rollover-zoom dt-pswp-item\" title=\"giovani europei 2025\" data-dt-img-description=\"\" data-large_image_width=\"900\" data-large_image_height=\"1600\"href='https:\/\/www.radiopiu.net\/wordpress\/wp-content\/uploads\/2025\/12\/giovani-europei-2025.jpg'><img loading=\"lazy\" decoding=\"async\" width=\"169\" height=\"300\" src=\"https:\/\/www.radiopiu.net\/wordpress\/wp-content\/uploads\/2025\/12\/giovani-europei-2025-169x300.jpg\" class=\"attachment-medium size-medium\" alt=\"\" srcset=\"https:\/\/www.radiopiu.net\/wordpress\/wp-content\/uploads\/2025\/12\/giovani-europei-2025-169x300.jpg 169w, https:\/\/www.radiopiu.net\/wordpress\/wp-content\/uploads\/2025\/12\/giovani-europei-2025-576x1024.jpg 576w, https:\/\/www.radiopiu.net\/wordpress\/wp-content\/uploads\/2025\/12\/giovani-europei-2025-768x1365.jpg 768w, https:\/\/www.radiopiu.net\/wordpress\/wp-content\/uploads\/2025\/12\/giovani-europei-2025-864x1536.jpg 864w, https:\/\/www.radiopiu.net\/wordpress\/wp-content\/uploads\/2025\/12\/giovani-europei-2025.jpg 900w\" sizes=\"auto, (max-width: 169px) 100vw, 169px\" \/><\/a>\n\t\t\t\t<\/dt><\/dl><br style=\"clear: both\" \/>\n\t\t\t<\/div>\n\n<p>&nbsp;<\/p>\n<p>&nbsp;<\/p>\n<hr \/>\n<p>&nbsp;<\/p>\n<blockquote>\n<h3>L\u2019ALBERO DI NATALE ANMIL PER RICORDARE LE VITTIME DEL LAVORO<\/h3>\n<\/blockquote>\n<p><strong><a class=\"dt-pswp-item\" href=\"https:\/\/www.radiopiu.net\/wordpress\/wp-content\/uploads\/2025\/12\/ef213b6d-44a8-485c-94a9-6a631a985227.jpg\" data-dt-img-description=\"\" data-large_image_width=\"995\" data-large_image_height=\"999\"><img loading=\"lazy\" decoding=\"async\" class=\" wp-image-485400 alignleft\" src=\"https:\/\/www.radiopiu.net\/wordpress\/wp-content\/uploads\/2025\/12\/ef213b6d-44a8-485c-94a9-6a631a985227-300x300.jpg\" alt=\"\" width=\"139\" height=\"139\" srcset=\"https:\/\/www.radiopiu.net\/wordpress\/wp-content\/uploads\/2025\/12\/ef213b6d-44a8-485c-94a9-6a631a985227-300x300.jpg 300w, https:\/\/www.radiopiu.net\/wordpress\/wp-content\/uploads\/2025\/12\/ef213b6d-44a8-485c-94a9-6a631a985227-150x150.jpg 150w, https:\/\/www.radiopiu.net\/wordpress\/wp-content\/uploads\/2025\/12\/ef213b6d-44a8-485c-94a9-6a631a985227-768x771.jpg 768w, https:\/\/www.radiopiu.net\/wordpress\/wp-content\/uploads\/2025\/12\/ef213b6d-44a8-485c-94a9-6a631a985227.jpg 995w\" sizes=\"auto, (max-width: 139px) 100vw, 139px\" \/><\/a>LONGARONE <\/strong>E&#8217; stato inaugurato l\u2019albero di Natale \u201cdella sicurezza sul lavoro\u201d, realizzato con caschetti da operaio per richiamare l\u2019attenzione sul tema delle morti bianche. L\u2019iniziativa, promossa da Anmil e sostenuta dal Comune, \u00e8 collocata in piazzetta Urussanga. Presenti alla cerimonia dirigenti Anmil e l\u2019amministrazione comunale. Il sindaco Padrin ha dedicato l\u2019albero alle vittime del lavoro, ricordando che Longarone ospiter\u00e0 l\u201911 ottobre 2026 la Giornata nazionale per le vittime degli incidenti sul lavoro. Ideato dal maestro Sbolzani, l\u2019albero usa i colori della bandiera italiana, tre caschetti-greggia come stella cometa e tre segni neri a memoria delle morti quotidiane, con l\u2019oro alla base a simboleggiare il valore della vita.<\/p>\n<p>&nbsp;<\/p>\n<hr \/>\n<p>&nbsp;<\/p>\n<p>&nbsp;<\/p>\n<article class=\"text-token-text-primary w-full focus:outline-none [--shadow-height:45px] has-data-writing-block:pointer-events-none has-data-writing-block:-mt-(--shadow-height) has-data-writing-block:pt-(--shadow-height) [&amp;:has([data-writing-block])&gt;*]:pointer-events-auto scroll-mt-[calc(var(--header-height)+min(200px,max(70px,20svh)))]\" dir=\"auto\" tabindex=\"-1\" data-turn-id=\"request-WEB:6c6eba2c-db7d-4cbb-aaf4-bde94336bd2c-25\" data-testid=\"conversation-turn-52\" data-scroll-anchor=\"true\" data-turn=\"assistant\">\n<div class=\"text-base my-auto mx-auto pb-10 [--thread-content-margin:--spacing(4)] @w-sm\/main:[--thread-content-margin:--spacing(6)] @w-lg\/main:[--thread-content-margin:--spacing(16)] px-(--thread-content-margin)\">\n<div class=\"[--thread-content-max-width:40rem] @w-lg\/main:[--thread-content-max-width:48rem] mx-auto max-w-(--thread-content-max-width) flex-1 group\/turn-messages focus-visible:outline-hidden relative flex w-full min-w-0 flex-col agent-turn\" tabindex=\"-1\">\n<div class=\"flex max-w-full flex-col grow\">\n<div class=\"min-h-8 text-message relative flex w-full flex-col items-end gap-2 text-start break-words whitespace-normal [.text-message+&amp;]:mt-1\" dir=\"auto\" data-message-author-role=\"assistant\" data-message-id=\"3950eddc-fb64-45d1-9039-4606f40a87be\" data-message-model-slug=\"gpt-5-1\">\n<div class=\"flex w-full flex-col gap-1 empty:hidden first:pt-[1px]\">\n<div class=\"markdown prose dark:prose-invert w-full break-words dark markdown-new-styling\">\n<p data-start=\"0\" data-end=\"106\" data-is-last-node=\"\" data-is-only-node=\"\"><strong data-start=\"0\" data-end=\"106\" data-is-last-node=\"\" data-is-only-node=\"\">ALBERI VESTITI DI COLORE A SANTA GIUSTINA: LE \u201cSIGNORE DEL GIOVED\u00cc\u201d TRASFORMANO LA LANA IN SOLIDARIET\u00c0<\/strong><\/p>\n<\/div>\n<\/div>\n<\/div>\n<\/div>\n<div class=\"z-0 flex min-h-[46px] justify-start\"><\/div>\n<div class=\"mt-3 w-full empty:hidden\">\n<div class=\"text-center\">\n<p data-start=\"47\" data-end=\"378\"><a class=\"dt-pswp-item\" href=\"https:\/\/www.radiopiu.net\/wordpress\/wp-content\/uploads\/2025\/12\/e0eb1b29-4b63-431b-b1ea-6c96d9d72d28.jpg\" data-dt-img-description=\"\" data-large_image_width=\"1600\" data-large_image_height=\"1446\"><img loading=\"lazy\" decoding=\"async\" class=\"size-medium wp-image-485501 alignleft\" src=\"https:\/\/www.radiopiu.net\/wordpress\/wp-content\/uploads\/2025\/12\/e0eb1b29-4b63-431b-b1ea-6c96d9d72d28-300x271.jpg\" alt=\"\" width=\"300\" height=\"271\" srcset=\"https:\/\/www.radiopiu.net\/wordpress\/wp-content\/uploads\/2025\/12\/e0eb1b29-4b63-431b-b1ea-6c96d9d72d28-300x271.jpg 300w, https:\/\/www.radiopiu.net\/wordpress\/wp-content\/uploads\/2025\/12\/e0eb1b29-4b63-431b-b1ea-6c96d9d72d28-1024x925.jpg 1024w, https:\/\/www.radiopiu.net\/wordpress\/wp-content\/uploads\/2025\/12\/e0eb1b29-4b63-431b-b1ea-6c96d9d72d28-768x694.jpg 768w, https:\/\/www.radiopiu.net\/wordpress\/wp-content\/uploads\/2025\/12\/e0eb1b29-4b63-431b-b1ea-6c96d9d72d28-1536x1388.jpg 1536w, https:\/\/www.radiopiu.net\/wordpress\/wp-content\/uploads\/2025\/12\/e0eb1b29-4b63-431b-b1ea-6c96d9d72d28.jpg 1600w\" sizes=\"auto, (max-width: 300px) 100vw, 300px\" \/><\/a>Al Centro Quadrifoglio di Santa Giustina gli alberi sono stati decorati con presine colorate all\u2019uncinetto, create dal gruppo delle \u201csignore del gioved\u00ec\u201d. Un\u2019installazione vivace e originale, nata dal recupero di gomitoli di lana avanzati, trasformati in piccoli pezzi unici che insieme formano un allestimento caldo e simbolico.<\/p>\n<p data-start=\"380\" data-end=\"612\">L\u2019iniziativa non \u00e8 solo estetica: le presine, una volta rimosse, saranno messe in vendita e il ricavato andr\u00e0 a sostegno di un progetto solidale del territorio. Alla realizzazione ha collaborato anche il negozio Trecivettesulcom\u00f2.<\/p>\n<p data-start=\"614\" data-end=\"738\" data-is-last-node=\"\" data-is-only-node=\"\">Un gesto semplice che unisce creativit\u00e0, comunit\u00e0 e beneficenza, regalando a Santa Giustina un tocco di colore e di umanit\u00e0.<\/p>\n<\/div>\n<\/div>\n<\/div>\n<\/div>\n<\/article>\n<div class=\"pointer-events-none h-px w-px\" aria-hidden=\"true\" data-edge=\"true\"><\/div>\n<p>&nbsp;<\/p>\n<p>&nbsp;<\/p>\n<hr \/>\n<p>&nbsp;<\/p>\n<blockquote>\n<h3>SILICOSI: CONVEGNO SU UNA MALATTIA DIMENTICATA<\/h3>\n<\/blockquote>\n<p><strong><a class=\"dt-pswp-item\" href=\"https:\/\/www.radiopiu.net\/wordpress\/wp-content\/uploads\/2025\/12\/LHJS.jpg\" data-dt-img-description=\"\" data-large_image_width=\"912\" data-large_image_height=\"494\"><img loading=\"lazy\" decoding=\"async\" class=\" wp-image-485405 alignleft\" src=\"https:\/\/www.radiopiu.net\/wordpress\/wp-content\/uploads\/2025\/12\/LHJS-300x163.jpg\" alt=\"\" width=\"232\" height=\"126\" srcset=\"https:\/\/www.radiopiu.net\/wordpress\/wp-content\/uploads\/2025\/12\/LHJS-300x163.jpg 300w, https:\/\/www.radiopiu.net\/wordpress\/wp-content\/uploads\/2025\/12\/LHJS-768x416.jpg 768w, https:\/\/www.radiopiu.net\/wordpress\/wp-content\/uploads\/2025\/12\/LHJS.jpg 912w\" sizes=\"auto, (max-width: 232px) 100vw, 232px\" \/><\/a>FELTRE <\/strong>Il Servizio SPISAL dell\u2019Ulss Dolomiti, insieme a INAIL e altre realt\u00e0 locali, organizza il convegno \u201cSilicosi: cronache di una malattia dimenticata\u201d marted\u00ec 16 dicembre 2025, dalle 9.00 alle 13.00, nella sala convegni dell\u2019Ospedale di Feltre. La silicosi \u00e8 una malattia polmonare causata da esposizione prolungata alla silice, che pu\u00f2 diventare rapidamente invalidante con i nuovi marmi artificiali. Il programma prevede due sessioni: la prima, culturale, con la presentazione del libro di Egidio Pasuch sulla storia delle miniere venete; la seconda, scientifica, con interventi di esperti su sintomi, diagnosi, casi recenti e tutela dei lavoratori.<\/p>\n<p>&nbsp;<\/p>\n<p>&nbsp;<\/p>\n<hr \/>\n<p>&nbsp;<\/p>\n<h2><span style=\"color: #ff0000;\">CONSIGLI COMUNALI IN AGORDINO<\/span><\/h2>\n<p><strong><a class=\"dt-pswp-item\" href=\"https:\/\/www.radiopiu.net\/wordpress\/wp-content\/uploads\/2020\/03\/MINUTO-SILENZIO-MUNICIPIO-LIVINALLONGO.jpg\" data-dt-img-description=\"\" data-large_image_width=\"854\" data-large_image_height=\"960\"><img loading=\"lazy\" decoding=\"async\" class=\" wp-image-126458 alignleft\" src=\"https:\/\/www.radiopiu.net\/wordpress\/wp-content\/uploads\/2020\/03\/MINUTO-SILENZIO-MUNICIPIO-LIVINALLONGO-267x300.jpg\" alt=\"\" width=\"88\" height=\"99\" srcset=\"https:\/\/www.radiopiu.net\/wordpress\/wp-content\/uploads\/2020\/03\/MINUTO-SILENZIO-MUNICIPIO-LIVINALLONGO-267x300.jpg 267w, https:\/\/www.radiopiu.net\/wordpress\/wp-content\/uploads\/2020\/03\/MINUTO-SILENZIO-MUNICIPIO-LIVINALLONGO-768x863.jpg 768w, https:\/\/www.radiopiu.net\/wordpress\/wp-content\/uploads\/2020\/03\/MINUTO-SILENZIO-MUNICIPIO-LIVINALLONGO.jpg 854w\" sizes=\"auto, (max-width: 88px) 100vw, 88px\" \/><\/a> <\/strong><\/p>\n<p><strong>LIVINALLONGO<\/strong> Convocato il consiglio comunale per oggi alle 20:30. Due i punti da trattare: l&#8217;addizionale IRPEF e l&#8217;imposta municipale propria (IMU) per il 2026<\/p>\n<p><strong>CANALE D&#8217;AGORDO<\/strong> Consiglio Comunale convocato mercoled\u00ec\u00a0 alle 20 nella Sala Lina Zand\u00f2 \u201cBolda\u201d. Tra i punti all\u2019ordine del giorno: conferma dell\u2019aliquota dell\u2019addizionale comunale IRPEF per il triennio 2026-2028; approvazione delle aliquote e detrazioni IMU 2026; modifica del grado di protezione di un edificio in localit\u00e0 Fregona; approvazione dell\u2019acquisto di aree comunali; concessione legname per fabbisogno 2025; verifica delle aree fabbricabili; revisione delle partecipazioni societarie al 31 dicembre 2024.<\/p>\n<p><strong>ALLEGHE<\/strong> Consiglio Comunale mercoled\u00ec alle 20:30 nella sala consiliare. All\u2019ordine del giorno: ratifica della variazione al bilancio 2025\/2027; adozione del programma per il fondo delle opere di urbanizzazione 2026; piano di valorizzazione del patrimonio immobiliare 2026\/2028; approvazione del programma triennale dei lavori pubblici e degli acquisti; conferma aliquota IRPEF 2026; aliquote IMU 2026; bilancio di previsione 2026\/2028 e DUP; revisione delle partecipazioni comunali.<\/p>\n<p>&nbsp;<\/p>\n<p>&nbsp;<\/p>\n<hr \/>\n<p>&nbsp;<\/p>\n<blockquote>\n<h3>INCONTRO PUBBLICO SULLA METANIZZAZIONE E SULLA VARIANTE URBANISTICA<\/h3>\n<\/blockquote>\n<p><strong><a class=\"dt-pswp-item\" href=\"https:\/\/www.radiopiu.net\/wordpress\/wp-content\/uploads\/2023\/09\/municipio-canale-dagordo.png\" data-dt-img-description=\"\" data-large_image_width=\"654\" data-large_image_height=\"412\"><img loading=\"lazy\" decoding=\"async\" class=\" wp-image-350902 alignleft\" src=\"https:\/\/www.radiopiu.net\/wordpress\/wp-content\/uploads\/2023\/09\/municipio-canale-dagordo-300x189.png\" alt=\"\" width=\"156\" height=\"98\" srcset=\"https:\/\/www.radiopiu.net\/wordpress\/wp-content\/uploads\/2023\/09\/municipio-canale-dagordo-300x189.png 300w, https:\/\/www.radiopiu.net\/wordpress\/wp-content\/uploads\/2023\/09\/municipio-canale-dagordo.png 654w\" sizes=\"auto, (max-width: 156px) 100vw, 156px\" \/><\/a>CANALE D&#8217;AGORDO <\/strong>Il Comune di Canale d\u2019Agordo invita la cittadinanza all\u2019incontro pubblico di gioved\u00ec alle 20 presso la Sala \u201cEmigranti\u201d. Saranno illustrate le informazioni sui lavori di metanizzazione che Italgas realizzer\u00e0 nei prossimi mesi, con spiegazioni sulle modalit\u00e0 di allaccio e distribuzione del gas. Verranno inoltre fornite indicazioni sulla prossima pubblicazione delle manifestazioni di interesse per la nuova Variante Urbanistica al Piano degli Interventi. La partecipazione \u00e8 raccomandata.<\/p>\n<p>&nbsp;<\/p>\n<p>&nbsp;<\/p>\n<hr \/>\n<p>&nbsp;<\/p>\n<blockquote>\n<h3>BANDO PER BORSE DI STUDIO COMUNALI 2024\/2025<\/h3>\n<\/blockquote>\n<p><strong><a class=\"dt-pswp-item\" href=\"https:\/\/www.radiopiu.net\/wordpress\/wp-content\/uploads\/2023\/12\/MUNICIPIO-ALLEGHE.jpeg\" data-dt-img-description=\"\" data-large_image_width=\"1744\" data-large_image_height=\"1076\"><img loading=\"lazy\" decoding=\"async\" class=\" wp-image-364583 alignleft\" src=\"https:\/\/www.radiopiu.net\/wordpress\/wp-content\/uploads\/2023\/12\/MUNICIPIO-ALLEGHE-300x185.jpeg\" alt=\"\" width=\"130\" height=\"80\" srcset=\"https:\/\/www.radiopiu.net\/wordpress\/wp-content\/uploads\/2023\/12\/MUNICIPIO-ALLEGHE-300x185.jpeg 300w, https:\/\/www.radiopiu.net\/wordpress\/wp-content\/uploads\/2023\/12\/MUNICIPIO-ALLEGHE-1024x632.jpeg 1024w, https:\/\/www.radiopiu.net\/wordpress\/wp-content\/uploads\/2023\/12\/MUNICIPIO-ALLEGHE-768x474.jpeg 768w, https:\/\/www.radiopiu.net\/wordpress\/wp-content\/uploads\/2023\/12\/MUNICIPIO-ALLEGHE-1536x948.jpeg 1536w, https:\/\/www.radiopiu.net\/wordpress\/wp-content\/uploads\/2023\/12\/MUNICIPIO-ALLEGHE.jpeg 1744w\" sizes=\"auto, (max-width: 130px) 100vw, 130px\" \/><\/a>ALLEGHE <\/strong>Il Comune di Alleghe ha pubblicato il bando per l\u2019assegnazione delle borse di studio destinate agli studenti meritevoli residenti, frequentanti le scuole superiori nell\u2019anno scolastico 2024\/2025 e diplomati nel 2025, oppure laureati entro ottobre 2025. Il regolamento e il modulo di domanda sono disponibili all\u2019albo pretorio online, sul sito comunale o presso l\u2019Ufficio Servizi Demografici. Le domande devono essere presentate entro il 19 dicembre 2025.<\/p>\n<p>&nbsp;<\/p>\n<p>&nbsp;<\/p>\n<hr \/>\n<p>&nbsp;<\/p>\n<blockquote>\n<h3>OPEN DAY ALLA SCUOLA DELL&#8217;INFANZIA DI AGORDO<\/h3>\n<\/blockquote>\n<p><strong><a class=\"dt-pswp-item\" href=\"https:\/\/www.radiopiu.net\/wordpress\/wp-content\/uploads\/2021\/03\/ed290f40-7d29-4675-8cf9-0210b20495e7.jpg\" data-dt-img-description=\"\" data-large_image_width=\"1984\" data-large_image_height=\"1120\"><img loading=\"lazy\" decoding=\"async\" class=\" wp-image-200591 alignleft\" src=\"https:\/\/www.radiopiu.net\/wordpress\/wp-content\/uploads\/2021\/03\/ed290f40-7d29-4675-8cf9-0210b20495e7-300x169.jpg\" alt=\"\" width=\"201\" height=\"113\" srcset=\"https:\/\/www.radiopiu.net\/wordpress\/wp-content\/uploads\/2021\/03\/ed290f40-7d29-4675-8cf9-0210b20495e7-300x169.jpg 300w, https:\/\/www.radiopiu.net\/wordpress\/wp-content\/uploads\/2021\/03\/ed290f40-7d29-4675-8cf9-0210b20495e7-1024x578.jpg 1024w, https:\/\/www.radiopiu.net\/wordpress\/wp-content\/uploads\/2021\/03\/ed290f40-7d29-4675-8cf9-0210b20495e7-768x434.jpg 768w, https:\/\/www.radiopiu.net\/wordpress\/wp-content\/uploads\/2021\/03\/ed290f40-7d29-4675-8cf9-0210b20495e7-1536x867.jpg 1536w, https:\/\/www.radiopiu.net\/wordpress\/wp-content\/uploads\/2021\/03\/ed290f40-7d29-4675-8cf9-0210b20495e7.jpg 1984w\" sizes=\"auto, (max-width: 201px) 100vw, 201px\" \/><\/a>AGORDO<\/strong> La Scuola dell\u2019Infanzia di Agordo apre le porte alle famiglie con un Open Day speciale marted\u00ec 16 dicembre, dalle 15 alle 17. Un\u2019occasione per visitare gli spazi dedicati ai pi\u00f9 piccoli, conoscere le insegnanti e permettere ai bambini di vivere in anticipo l\u2019atmosfera accogliente della scuola. Durante l\u2019incontro sar\u00e0 possibile effettuare la preiscrizione per l\u2019anno scolastico 2026\/2027 e ricevere tutte le informazioni utili. Per chiarimenti o dettagli \u00e8 possibile contattare il numero 0437 62261. La Scuola dell\u2019Infanzia di Agordo si conferma un luogo dove crescere insieme, tra serenit\u00e0, cura e gioco quotidiano.<\/p>\n<p>&nbsp;<\/p>\n<p>&nbsp;<\/p>\n<hr \/>\n<p>&nbsp;<\/p>\n<blockquote>\n<h3>INCONTRI SULLA SALUTE E LONGEVIT\u00c0 PER I SENIOR DI CORTINA<\/h3>\n<\/blockquote>\n<p><strong><a class=\"dt-pswp-item\" href=\"https:\/\/www.radiopiu.net\/wordpress\/wp-content\/uploads\/2025\/12\/JLSAGHLJGHAO.jpg\" data-dt-img-description=\"\" data-large_image_width=\"905\" data-large_image_height=\"685\"><img loading=\"lazy\" decoding=\"async\" class=\" wp-image-483736 alignleft\" src=\"https:\/\/www.radiopiu.net\/wordpress\/wp-content\/uploads\/2025\/12\/JLSAGHLJGHAO-300x227.jpg\" alt=\"\" width=\"137\" height=\"104\" srcset=\"https:\/\/www.radiopiu.net\/wordpress\/wp-content\/uploads\/2025\/12\/JLSAGHLJGHAO-300x227.jpg 300w, https:\/\/www.radiopiu.net\/wordpress\/wp-content\/uploads\/2025\/12\/JLSAGHLJGHAO-768x581.jpg 768w, https:\/\/www.radiopiu.net\/wordpress\/wp-content\/uploads\/2025\/12\/JLSAGHLJGHAO.jpg 905w\" sizes=\"auto, (max-width: 137px) 100vw, 137px\" \/><\/a>CORTINA <\/strong>Prosegue a dicembre il ciclo di incontri promossi da Ulss Dolomiti, Comune e Azienda Speciale Servizi alla Persona di Cortina, dedicato ai senior del territorio. Dopo gli appuntamenti su Fascicolo Sanitario Elettronico, disturbi neurocognitivi e osteoporosi, le nuove serate si terranno alla Casa delle Regole dalle 20.30 alle 21.30, con focus su invecchiamento e longevit\u00e0. Il 18 dicembre 2025 il cardiologo Carlo Ammendolea affronter\u00e0 il tema della salute cardiovascolare negli anziani. Gli incontri offriranno momenti di informazione, dialogo e socialit\u00e0, aperti a tutta la cittadinanza.<\/p>\n<p>&nbsp;<\/p>\n<p>&nbsp;<\/p>\n<hr \/>\n<p>&nbsp;<\/p>\n<blockquote>\n<h3><strong>SERATE PER RACCONTARE BORGO VALBELLUNA: IDENTIT\u00c0, VOCI E FUTURO<\/strong><\/h3>\n<\/blockquote>\n<p><strong><a class=\"dt-pswp-item\" href=\"https:\/\/www.radiopiu.net\/wordpress\/wp-content\/uploads\/2025\/12\/CONSULTA-GIOVANI-BORGO-VALBELLUNA.jpg\" data-dt-img-description=\"\" data-large_image_width=\"394\" data-large_image_height=\"225\"><img loading=\"lazy\" decoding=\"async\" class=\" wp-image-483558 alignleft\" src=\"https:\/\/www.radiopiu.net\/wordpress\/wp-content\/uploads\/2025\/12\/CONSULTA-GIOVANI-BORGO-VALBELLUNA-300x171.jpg\" alt=\"\" width=\"133\" height=\"76\" srcset=\"https:\/\/www.radiopiu.net\/wordpress\/wp-content\/uploads\/2025\/12\/CONSULTA-GIOVANI-BORGO-VALBELLUNA-300x171.jpg 300w, https:\/\/www.radiopiu.net\/wordpress\/wp-content\/uploads\/2025\/12\/CONSULTA-GIOVANI-BORGO-VALBELLUNA.jpg 394w\" sizes=\"auto, (max-width: 133px) 100vw, 133px\" \/><\/a>BORGO VALBELLUNA <\/strong>La Consulta Giovani del Borgo organizza delle proiezioni del documentario <em>\u201cBorgo Valbelluna, quante cose in comune\u2026\u201d<\/em>, un\u2019inchiesta che esplora cosa significhi oggi far parte della comunit\u00e0 nata dall\u2019unione di Trichiana, Mel e Lentiai. Gli incontri si terranno il 13 a Lentiai e il 20 a Trichiana, sempre alle 20:30. Il film raccoglie testimonianze autentiche e talvolta divergenti sull\u2019unificazione, evidenziando perplessit\u00e0, aspettative e riflessioni sul futuro della comunit\u00e0. L\u2019iniziativa, sviluppata nell\u2019ambito del progetto \u201cGenerazione di Energia in Azione\u201d, mira a stimolare dialogo, partecipazione e nuove idee, offrendo un punto di partenza per capire chi siamo e chi vogliamo diventare.<\/p>\n<p>&nbsp;<\/p>\n<p>&nbsp;<\/p>\n<hr \/>\n<p>&nbsp;<\/p>\n<blockquote>\n<h3>LA SOLIDARIET\u00c0 CHE ILLUMINA IL FUTURO<\/h3>\n<\/blockquote>\n<p><strong><a class=\"dt-pswp-item\" href=\"https:\/\/www.radiopiu.net\/wordpress\/wp-content\/uploads\/2025\/12\/LKJFGHSOL.png\" data-dt-img-description=\"\" data-large_image_width=\"1413\" data-large_image_height=\"1037\"><img loading=\"lazy\" decoding=\"async\" class=\" wp-image-483555 alignleft\" src=\"https:\/\/www.radiopiu.net\/wordpress\/wp-content\/uploads\/2025\/12\/LKJFGHSOL-300x220.png\" alt=\"\" width=\"130\" height=\"95\" srcset=\"https:\/\/www.radiopiu.net\/wordpress\/wp-content\/uploads\/2025\/12\/LKJFGHSOL-300x220.png 300w, https:\/\/www.radiopiu.net\/wordpress\/wp-content\/uploads\/2025\/12\/LKJFGHSOL-1024x752.png 1024w, https:\/\/www.radiopiu.net\/wordpress\/wp-content\/uploads\/2025\/12\/LKJFGHSOL-768x564.png 768w, https:\/\/www.radiopiu.net\/wordpress\/wp-content\/uploads\/2025\/12\/LKJFGHSOL.png 1413w\" sizes=\"auto, (max-width: 130px) 100vw, 130px\" \/><\/a>BORGO VALBELLUNA <\/strong>Il Mercatino di Natale del Gruppo Missionario di Trichiana, dal 13 al 17 dicembre, offre molto pi\u00f9 di doni artigianali: \u00e8 un gesto concreto di solidariet\u00e0. I volontari dell\u2019oratorio hanno creato oggetti unici il cui ricavato sosterr\u00e0 i bambini poveri e orfani di Kanyakumari, nel sud dell\u2019India, accolti da Padre Mariasoosai attraverso l\u2019associazione Vidivelli. Questa realt\u00e0 offre istruzione, protezione e nuove opportunit\u00e0 a chi ne ha pi\u00f9 bisogno. Scegliere un regalo significa aiutare un bambino a costruire un futuro migliore e diventare parte di una luce che scalda e guida.<\/p>\n<p>&nbsp;<\/p>\n<p>&nbsp;<\/p>\n<hr \/>\n<p>&nbsp;<\/p>\n<blockquote>\n<h3><a class=\"dt-pswp-item\" href=\"https:\/\/www.radiopiu.net\/wordpress\/wp-content\/uploads\/2025\/12\/Spettacolo-Dislessia_Francesco-Riva0001-00.jpg\" data-dt-img-description=\"\" data-large_image_width=\"827\" data-large_image_height=\"1169\"><img loading=\"lazy\" decoding=\"async\" class=\" wp-image-484741 alignleft\" src=\"https:\/\/www.radiopiu.net\/wordpress\/wp-content\/uploads\/2025\/12\/Spettacolo-Dislessia_Francesco-Riva0001-00-212x300.jpg\" alt=\"\" width=\"141\" height=\"199\" srcset=\"https:\/\/www.radiopiu.net\/wordpress\/wp-content\/uploads\/2025\/12\/Spettacolo-Dislessia_Francesco-Riva0001-00-212x300.jpg 212w, https:\/\/www.radiopiu.net\/wordpress\/wp-content\/uploads\/2025\/12\/Spettacolo-Dislessia_Francesco-Riva0001-00-724x1024.jpg 724w, https:\/\/www.radiopiu.net\/wordpress\/wp-content\/uploads\/2025\/12\/Spettacolo-Dislessia_Francesco-Riva0001-00-768x1086.jpg 768w, https:\/\/www.radiopiu.net\/wordpress\/wp-content\/uploads\/2025\/12\/Spettacolo-Dislessia_Francesco-Riva0001-00.jpg 827w\" sizes=\"auto, (max-width: 141px) 100vw, 141px\" \/><\/a>DISLESSIA A BELLUNO: FRANCESCO RIVA PORTA IN SCENA LA DIVERSIT\u00c0 CHE ARRICCHISCE<\/h3>\n<\/blockquote>\n<p><strong>BELLUNO <\/strong>Tre repliche dello spettacolo \u201cDislessia\u2026 dove sei Albert?\u201d porteranno a Belluno un\u2019importante riflessione su questo disturbo della lettura, non una malattia ma un diverso funzionamento del cervello. Le Scuole in Rete e varie associazioni propongono il monologo di Francesco Riva, che racconta la storia di Giacomo, bambino frainteso da scuola e famiglia. L\u2019opera, gi\u00e0 rappresentata in molte scuole e convegni medici e premiata dalla Presidenza della Repubblica, sensibilizza sul valore dell\u2019inclusione. L\u2019appuntamento per la cittadinanza \u00e8 oggi alle 20.30 al teatro Giovanni XXIII, con ingresso gratuito. Previste due repliche dedicate a studenti delle superiori e medie. Prenotazioni su studentibelluno.it<\/p>\n<p>&nbsp;<\/p>\n<p>&nbsp;<\/p>\n<hr \/>\n<p>&nbsp;<\/p>\n<blockquote>\n<h3>SICUREZZA ALIMENTARE NEI PRIMI 1000 GIORNI: INCONTRO A FELTRE<\/h3>\n<\/blockquote>\n<p><strong><a class=\"dt-pswp-item\" href=\"https:\/\/www.radiopiu.net\/wordpress\/wp-content\/uploads\/2025\/12\/SCR-20251209-rdpy.jpeg\" data-dt-img-description=\"\" data-large_image_width=\"1458\" data-large_image_height=\"986\"><img loading=\"lazy\" decoding=\"async\" class=\" wp-image-485081 alignleft\" src=\"https:\/\/www.radiopiu.net\/wordpress\/wp-content\/uploads\/2025\/12\/SCR-20251209-rdpy-300x203.jpeg\" alt=\"\" width=\"123\" height=\"83\" srcset=\"https:\/\/www.radiopiu.net\/wordpress\/wp-content\/uploads\/2025\/12\/SCR-20251209-rdpy-300x203.jpeg 300w, https:\/\/www.radiopiu.net\/wordpress\/wp-content\/uploads\/2025\/12\/SCR-20251209-rdpy-1024x692.jpeg 1024w, https:\/\/www.radiopiu.net\/wordpress\/wp-content\/uploads\/2025\/12\/SCR-20251209-rdpy-768x519.jpeg 768w, https:\/\/www.radiopiu.net\/wordpress\/wp-content\/uploads\/2025\/12\/SCR-20251209-rdpy.jpeg 1458w\" sizes=\"auto, (max-width: 123px) 100vw, 123px\" \/><\/a>FELTRE <\/strong>L\u2019Ulss Dolomiti organizza oggi, all\u2019ospedale di Feltre, un incontro dedicato alla sicurezza alimentare nei primi mille giorni di vita. Il medico veterinario Andrea Gazzetta, in collaborazione con le ostetriche del consultorio familiare, affronter\u00e0 temi di igiene domestica e corretta gestione degli alimenti per proteggere i pi\u00f9 piccoli. L\u2019appuntamento, rivolto a donne in gravidanza, neogenitori e nonni, segue l\u2019approccio One Health e inaugura un ciclo di incontri sulla sicurezza domestica.<\/p>\n<p>&nbsp;<\/p>\n<p>&nbsp;<\/p>\n<hr \/>\n<p>&nbsp;<\/p>\n<h3><strong data-start=\"97\" data-end=\"149\"><a class=\"dt-pswp-item\" href=\"https:\/\/www.radiopiu.net\/wordpress\/wp-content\/uploads\/2025\/12\/foto-coro-Adunata.jpg\" data-dt-img-description=\"\" data-large_image_width=\"1024\" data-large_image_height=\"683\"><img loading=\"lazy\" decoding=\"async\" class=\" wp-image-484976 alignleft\" src=\"https:\/\/www.radiopiu.net\/wordpress\/wp-content\/uploads\/2025\/12\/foto-coro-Adunata-300x200.jpg\" alt=\"\" width=\"236\" height=\"157\" srcset=\"https:\/\/www.radiopiu.net\/wordpress\/wp-content\/uploads\/2025\/12\/foto-coro-Adunata-300x200.jpg 300w, https:\/\/www.radiopiu.net\/wordpress\/wp-content\/uploads\/2025\/12\/foto-coro-Adunata-768x512.jpg 768w, https:\/\/www.radiopiu.net\/wordpress\/wp-content\/uploads\/2025\/12\/foto-coro-Adunata.jpg 1024w\" sizes=\"auto, (max-width: 236px) 100vw, 236px\" \/><\/a><\/strong>CONCERTO PER I 25 ANNI DEL CORO A.N.A. \u201cADUNATA\u201d<\/h3>\n<p><strong>BELLUNO<\/strong> Il Coro A.N.A. \u201cAdunata\u201d della Sezione di Belluno celebra i suoi 25 anni con un concerto speciale <strong data-start=\"249\" data-end=\"280\">oggi alle 17<\/strong>, nella chiesa di Santo Stefano. Fondato nel 2000 da un gruppo di alpini, il coro ha partecipato a tutte le Adunate Nazionali dal 2001 ed \u00e8 oggi coro ufficiale della Sezione A.N.A. di Belluno. Per l\u2019anniversario proporr\u00e0 un programma insolito: non i classici canti alpini, ma brani regionali dedicati alle citt\u00e0 che hanno ospitato le Adunate negli ultimi 25 anni, dalla Sicilia alla Val d\u2019Aosta, fino a Trieste. In chiusura anche un canto natalizio. Ingresso libero.<\/p>\n<p>&nbsp;<\/p>\n<p>&nbsp;<\/p>\n<hr \/>\n<p>&nbsp;<\/p>\n<blockquote>\n<h3>MOUNTAINE CLUB: L\u2019APR\u00c8S-SKI CHE PRENDE QUOTA A CIMA UOMO<\/h3>\n<\/blockquote>\n<p><strong><a class=\"dt-pswp-item\" href=\"https:\/\/www.radiopiu.net\/wordpress\/wp-content\/uploads\/2025\/12\/3d0ba020-5bf3-435c-a342-403dd2ffe7e1.jpg\" data-dt-img-description=\"\" data-large_image_width=\"816\" data-large_image_height=\"1022\"><img loading=\"lazy\" decoding=\"async\" class=\" wp-image-485196 alignleft\" src=\"https:\/\/www.radiopiu.net\/wordpress\/wp-content\/uploads\/2025\/12\/3d0ba020-5bf3-435c-a342-403dd2ffe7e1-240x300.jpg\" alt=\"\" width=\"156\" height=\"195\" srcset=\"https:\/\/www.radiopiu.net\/wordpress\/wp-content\/uploads\/2025\/12\/3d0ba020-5bf3-435c-a342-403dd2ffe7e1-240x300.jpg 240w, https:\/\/www.radiopiu.net\/wordpress\/wp-content\/uploads\/2025\/12\/3d0ba020-5bf3-435c-a342-403dd2ffe7e1-768x962.jpg 768w, https:\/\/www.radiopiu.net\/wordpress\/wp-content\/uploads\/2025\/12\/3d0ba020-5bf3-435c-a342-403dd2ffe7e1.jpg 816w\" sizes=\"auto, (max-width: 156px) 100vw, 156px\" \/><\/a>PASSO SAN PELLEGRINO <\/strong>Al Rifugio Chalet Cima Uomo, al Passo San Pellegrino, l\u2019apr\u00e8s-ski si trasforma in un vero evento grazie al nuovo Mountaine Club, l\u2019appuntamento del weekend che promette emozioni ad alta quota. Ogni sabato e domenica, dalle 13, l\u2019atmosfera si accende tra SKI, FOOD, WINE e COCKTAILS, in un mix irresistibile di gusto, musica e panorami mozzafiato. Raggiungere la terrazza del rifugio significa immergersi nel profumo della montagna e lasciarsi travolgere dall\u2019energia di un pomeriggio pensato per chi vuole vivere l\u2019esperienza sciistica in modo diverso, pi\u00f9 coinvolgente e festoso. A firmare la colonna sonora ci sono DJ Titta e Daniel Liberatore, pronti a trasformare ogni appuntamento in una festa da ricordare. Tra un calice di vino e un buon piatto, il sole che cala sulle vette diventa lo scenario perfetto per un apr\u00e8s-ski unico. Al Rifugio Cima Uomo, il divertimento\u2026 prende davvero quota.<\/p>\n<p>&nbsp;<\/p>\n<p>&nbsp;<\/p>\n<hr \/>\n<p>&nbsp;<\/p>\n<blockquote>\n<h3>VISITE IRIDOLOGICHE ALLA PARAFARMACIA DI AGORDO<\/h3>\n<\/blockquote>\n<p><strong><a class=\"dt-pswp-item\" href=\"https:\/\/www.radiopiu.net\/wordpress\/wp-content\/uploads\/2025\/12\/7f37f869-88e3-4fbe-a91c-22b7b3b4f585.jpg\" data-dt-img-description=\"\" data-large_image_width=\"1149\" data-large_image_height=\"1600\"><img loading=\"lazy\" decoding=\"async\" class=\" wp-image-485257 alignleft\" src=\"https:\/\/www.radiopiu.net\/wordpress\/wp-content\/uploads\/2025\/12\/7f37f869-88e3-4fbe-a91c-22b7b3b4f585-215x300.jpg\" alt=\"\" width=\"82\" height=\"114\" srcset=\"https:\/\/www.radiopiu.net\/wordpress\/wp-content\/uploads\/2025\/12\/7f37f869-88e3-4fbe-a91c-22b7b3b4f585-215x300.jpg 215w, https:\/\/www.radiopiu.net\/wordpress\/wp-content\/uploads\/2025\/12\/7f37f869-88e3-4fbe-a91c-22b7b3b4f585-735x1024.jpg 735w, https:\/\/www.radiopiu.net\/wordpress\/wp-content\/uploads\/2025\/12\/7f37f869-88e3-4fbe-a91c-22b7b3b4f585-768x1069.jpg 768w, https:\/\/www.radiopiu.net\/wordpress\/wp-content\/uploads\/2025\/12\/7f37f869-88e3-4fbe-a91c-22b7b3b4f585-1103x1536.jpg 1103w, https:\/\/www.radiopiu.net\/wordpress\/wp-content\/uploads\/2025\/12\/7f37f869-88e3-4fbe-a91c-22b7b3b4f585.jpg 1149w\" sizes=\"auto, (max-width: 82px) 100vw, 82px\" \/><\/a>AGORDO <\/strong>Domani la Parafarmacia della Dottoressa Nadia Bulf al Centro Ganz di Agordo ospiter\u00e0 una giornata dedicata alle visite iridologiche, una pratica alternativa che sostiene di poter leggere lo stato di benessere fisico e mentale attraverso l\u2019osservazione dell\u2019iride. L\u2019iniziativa, promossa per offrire ai cittadini uno sguardo diverso sul tema della salute, prevede colloqui individuali con un iridologo, durante i quali verranno analizzati colori, forme e segni dell\u2019occhio per trarne indicazioni sul possibile equilibrio dell\u2019organismo. La parafarmacia invita gli interessati a prenotare in anticipo contattando il 0437 866683<\/p>\n<p>&nbsp;<\/p>\n<p>&nbsp;<\/p>\n<hr \/>\n<p>&nbsp;<\/p>\n<blockquote>\n<h3>GIULIA BLASI: \u201cLA FELICIT\u00c0 \u00c8 UN ATTO POLITICO\u201d. A BELLUNO L\u2019INCONTRO APERTO ALLA CITT\u00c0<\/h3>\n<\/blockquote>\n<p><strong><a class=\"dt-pswp-item\" href=\"https:\/\/www.radiopiu.net\/wordpress\/wp-content\/uploads\/2025\/12\/giulia_blasi-3.jpg\" data-dt-img-description=\"\" data-large_image_width=\"265\" data-large_image_height=\"310\"><img loading=\"lazy\" decoding=\"async\" class=\" wp-image-485057 alignleft\" src=\"https:\/\/www.radiopiu.net\/wordpress\/wp-content\/uploads\/2025\/12\/giulia_blasi-3-256x300.jpg\" alt=\"\" width=\"119\" height=\"139\" srcset=\"https:\/\/www.radiopiu.net\/wordpress\/wp-content\/uploads\/2025\/12\/giulia_blasi-3-256x300.jpg 256w, https:\/\/www.radiopiu.net\/wordpress\/wp-content\/uploads\/2025\/12\/giulia_blasi-3.jpg 265w\" sizes=\"auto, (max-width: 119px) 100vw, 119px\" \/><\/a>DI ALESSIA DALL&#8217;O&#8217;<\/strong><\/p>\n<p><strong>BELLUNO <\/strong>Sabato 13 dicembre alle 17, presso\u00a0 Casa dei Beni Comuni, un incontro con Giulia Blasi, scrittrice, giornalista e una delle voci pi\u00f9 importanti del femminismo italiano. In tour con il nuovo libro La felicit\u00e0 \u00e8 un atto politico, Blasi dialogher\u00e0 con il pubblico in un incontro organizzato da Non Una di Meno Belluno. Attivista nota per la campagna #quellavoltache, la \u201cMeToo italiana\u201d, Blasi porter\u00e0 riflessioni su corpo, potere e autodeterminazione. Per chi segue la scena del pensiero femminista contemporaneo ma non solo, si tratta di un appuntamento da non perdere.<\/p>\n<p>&nbsp;<\/p>\n<p>&nbsp;<\/p>\n<hr \/>\n<p>&nbsp;<\/p>\n<blockquote>\n<h3>SESSANT\u2019ANNI ISBREC: CICLO DI INCONTRI SUL TEMA DELLA NAZIONE<\/h3>\n<\/blockquote>\n<p><strong><a class=\"dt-pswp-item\" href=\"https:\/\/www.radiopiu.net\/wordpress\/wp-content\/uploads\/2025\/12\/maurizio-reberschak.png\" data-dt-img-description=\"\" data-large_image_width=\"840\" data-large_image_height=\"471\"><img loading=\"lazy\" decoding=\"async\" class=\" wp-image-485392 alignleft\" src=\"https:\/\/www.radiopiu.net\/wordpress\/wp-content\/uploads\/2025\/12\/maurizio-reberschak-300x168.png\" alt=\"\" width=\"168\" height=\"94\" srcset=\"https:\/\/www.radiopiu.net\/wordpress\/wp-content\/uploads\/2025\/12\/maurizio-reberschak-300x168.png 300w, https:\/\/www.radiopiu.net\/wordpress\/wp-content\/uploads\/2025\/12\/maurizio-reberschak-768x431.png 768w, https:\/\/www.radiopiu.net\/wordpress\/wp-content\/uploads\/2025\/12\/maurizio-reberschak.png 840w\" sizes=\"auto, (max-width: 168px) 100vw, 168px\" \/><\/a>BELLUNO <\/strong>Per celebrare i 60 anni, l\u2019Istituto storico bellunese della Resistenza e dell\u2019et\u00e0 contemporanea ha promosso cinque incontri dedicati al tema della nazione, tornato centrale nel dibattito pubblico. La rassegna, a ingresso gratuito, si chiude domani in sala Bianchi con l\u2019intervento di Maurizio Reberschak su \u201cStato e nazione nell\u2019Italia contemporanea\u201d. Gli appuntamenti sono pensati anche come formazione per docenti, ai quali verr\u00e0 rilasciato un attestato di partecipazione.<\/p>\n<p>&nbsp;<\/p>\n<p>&nbsp;<\/p>\n<hr \/>\n<p>&nbsp;<\/p>\n<blockquote>\n<h3>&#8220;INNOCENTI MA NON TROPPO&#8221;: I COMELIANTI DOMENICA A CENCENIGHE<\/h3>\n<\/blockquote>\n<p><strong><a class=\"dt-pswp-item\" href=\"https:\/\/www.radiopiu.net\/wordpress\/wp-content\/uploads\/2025\/12\/COM-CEN.jpg\" data-dt-img-description=\"\" data-large_image_width=\"645\" data-large_image_height=\"950\"><img loading=\"lazy\" decoding=\"async\" class=\" wp-image-485376 alignleft\" src=\"https:\/\/www.radiopiu.net\/wordpress\/wp-content\/uploads\/2025\/12\/COM-CEN-204x300.jpg\" alt=\"\" width=\"98\" height=\"144\" srcset=\"https:\/\/www.radiopiu.net\/wordpress\/wp-content\/uploads\/2025\/12\/COM-CEN-204x300.jpg 204w, https:\/\/www.radiopiu.net\/wordpress\/wp-content\/uploads\/2025\/12\/COM-CEN.jpg 645w\" sizes=\"auto, (max-width: 98px) 100vw, 98px\" \/><\/a>CENCENIGHE<\/strong><\/p>\n<p>DI LUISA MANFROI<\/p>\n<audio class=\"wp-audio-shortcode\" id=\"audio-485276-10\" preload=\"none\" style=\"width: 100%;\" controls=\"controls\"><source type=\"audio\/mpeg\" src=\"https:\/\/www.radiopiu.net\/wordpress\/wp-content\/uploads\/2025\/12\/LUISA-MANFROI-I-Comelianti-al-Nof-Filo.mp3?_=10\" \/><a href=\"https:\/\/www.radiopiu.net\/wordpress\/wp-content\/uploads\/2025\/12\/LUISA-MANFROI-I-Comelianti-al-Nof-Filo.mp3\">https:\/\/www.radiopiu.net\/wordpress\/wp-content\/uploads\/2025\/12\/LUISA-MANFROI-I-Comelianti-al-Nof-Filo.mp3<\/a><\/audio>\n<p>&nbsp;<\/p>\n<hr \/>\n<p>&nbsp;<\/p>\n<blockquote>\n<h3><a class=\"dt-pswp-item\" href=\"https:\/\/www.radiopiu.net\/wordpress\/wp-content\/uploads\/2025\/12\/SCR-20251208-piot.jpeg\" data-dt-img-description=\"\" data-large_image_width=\"1476\" data-large_image_height=\"1960\"><img loading=\"lazy\" decoding=\"async\" class=\" wp-image-484824 alignleft\" src=\"https:\/\/www.radiopiu.net\/wordpress\/wp-content\/uploads\/2025\/12\/SCR-20251208-piot-226x300.jpeg\" alt=\"\" width=\"102\" height=\"135\" srcset=\"https:\/\/www.radiopiu.net\/wordpress\/wp-content\/uploads\/2025\/12\/SCR-20251208-piot-226x300.jpeg 226w, https:\/\/www.radiopiu.net\/wordpress\/wp-content\/uploads\/2025\/12\/SCR-20251208-piot-771x1024.jpeg 771w, https:\/\/www.radiopiu.net\/wordpress\/wp-content\/uploads\/2025\/12\/SCR-20251208-piot-768x1020.jpeg 768w, https:\/\/www.radiopiu.net\/wordpress\/wp-content\/uploads\/2025\/12\/SCR-20251208-piot-1157x1536.jpeg 1157w, https:\/\/www.radiopiu.net\/wordpress\/wp-content\/uploads\/2025\/12\/SCR-20251208-piot.jpeg 1476w\" sizes=\"auto, (max-width: 102px) 100vw, 102px\" \/><\/a>CONCERTO DI NATALE A TRICHIANA: MUSICA DI UNIT\u00c0 E SPERANZA<\/h3>\n<\/blockquote>\n<p><strong>BORGO VALBELLUNA <\/strong>Domenica 14 dicembre 2025, alle 17:00, la Chiesa Arcipretale di Trichiana ospiter\u00e0 il tradizionale Concerto di Natale, momento atteso dalla comunit\u00e0. Il Presidente Paolo Gardenal sottolinea il valore della musica come voce di speranza e unit\u00e0 in tempi difficili. Ospite speciale sar\u00e0 il prestigioso Coro Polifonico San Biagio di Montorso Vicentino, diretto da Francesco Grigolo. Si esibiranno anche il Coro Polifonico di Trichiana e la Schola Cantorum Trichianensis. La serata, presentata da Edoardo Comiotto, avr\u00e0 ingresso libero.<\/p>\n<p>&nbsp;<\/p>\n<p>&nbsp;<\/p>\n<hr \/>\n<p>&nbsp;<\/p>\n<blockquote>\n<h3>CONCERTO DI NATALE DEL CORO MINIMO BELLUNESE<\/h3>\n<\/blockquote>\n<p><strong><a class=\"dt-pswp-item\" href=\"https:\/\/www.radiopiu.net\/wordpress\/wp-content\/uploads\/2025\/12\/Foto_ADP.jpeg\" data-dt-img-description=\"\" data-large_image_width=\"1000\" data-large_image_height=\"750\"><img loading=\"lazy\" decoding=\"async\" class=\" wp-image-485418 alignleft\" src=\"https:\/\/www.radiopiu.net\/wordpress\/wp-content\/uploads\/2025\/12\/Foto_ADP-300x225.jpeg\" alt=\"\" width=\"167\" height=\"125\" srcset=\"https:\/\/www.radiopiu.net\/wordpress\/wp-content\/uploads\/2025\/12\/Foto_ADP-300x225.jpeg 300w, https:\/\/www.radiopiu.net\/wordpress\/wp-content\/uploads\/2025\/12\/Foto_ADP-768x576.jpeg 768w, https:\/\/www.radiopiu.net\/wordpress\/wp-content\/uploads\/2025\/12\/Foto_ADP.jpeg 1000w\" sizes=\"auto, (max-width: 167px) 100vw, 167px\" \/><\/a>BELLUNO <\/strong>Il Coro Minimo Bellunese conclude il 2025 con il tradizionale Concerto di Natale \u201cCantando il Bambinello\u2026\u201d, domenica 14 dicembre alle 17.00 nella chiesa di Santo Stefano a Belluno, insieme al Coro Monte Dolada. La stagione \u00e8 stata intensa: concerti a Calalzo, Conegliano e fuori regione, tra cui la trasferta in Sardegna con il Coro \u201cDe Iddanoa\u201d. Importanti momenti includono la partecipazione a rassegne corali e celebrazioni con l\u2019ANA. Eventi commemorativi hanno ricordato Don Gemo Bianchi e Mirco Piccolin. Il concerto natalizio celebrer\u00e0 anche i 64 anni di attivit\u00e0 del Minimo, rafforzando amicizie e collaborazione tra i cori locali.<\/p>\n<p>&nbsp;<\/p>\n<p>&nbsp;<\/p>\n<hr \/>\n<p>&nbsp;<\/p>\n<blockquote>\n<h3>PRESENTAZIONE DEL SAGGIO SULL\u2019EMIGRAZIONE BELLUNESE IN BELGIO<\/h3>\n<\/blockquote>\n<p><strong><a class=\"dt-pswp-item\" href=\"https:\/\/www.radiopiu.net\/wordpress\/wp-content\/uploads\/2025\/11\/PASU.jpg\" data-dt-img-description=\"\" data-large_image_width=\"891\" data-large_image_height=\"611\"><img loading=\"lazy\" decoding=\"async\" class=\" wp-image-482742 alignleft\" src=\"https:\/\/www.radiopiu.net\/wordpress\/wp-content\/uploads\/2025\/11\/PASU-300x206.jpg\" alt=\"\" width=\"131\" height=\"90\" srcset=\"https:\/\/www.radiopiu.net\/wordpress\/wp-content\/uploads\/2025\/11\/PASU-300x206.jpg 300w, https:\/\/www.radiopiu.net\/wordpress\/wp-content\/uploads\/2025\/11\/PASU-768x527.jpg 768w, https:\/\/www.radiopiu.net\/wordpress\/wp-content\/uploads\/2025\/11\/PASU.jpg 891w\" sizes=\"auto, (max-width: 131px) 100vw, 131px\" \/><\/a>BELLUNO <\/strong>Domani alle 17, presso la sede del Circolo \u201cLa Terra dei Padri \u2013 Belluno APS\u201d, Egidio Pasuch presenter\u00e0 il suo saggio <em>I neri fantasmi di Marcinelle<\/em>, dedicato alla storia dell\u2019emigrazione bellunese in Belgio. L\u2019evento, organizzato con la Lega Nazionale e le Edizioni Bellunesi nel Mondo, sar\u00e0 moderato da Francesco Dematt\u00e8. Il libro analizza cause, dimensioni e conseguenze di un secolo di emigrazione, soffermandosi sulla tragedia della miniera di Marcinelle e sulla sua eredit\u00e0 per le generazioni attuali.<\/p>\n<p>&nbsp;<\/p>\n<p>&nbsp;<\/p>\n<hr \/>\n<p>&nbsp;<\/p>\n<h3 data-start=\"0\" data-end=\"61\"><strong data-start=\"0\" data-end=\"61\"><a class=\"dt-pswp-item\" href=\"https:\/\/www.radiopiu.net\/wordpress\/wp-content\/uploads\/2025\/12\/Screenshot-2025-12-09-104618.png\" data-dt-img-description=\"\" data-large_image_width=\"521\" data-large_image_height=\"236\"><img loading=\"lazy\" decoding=\"async\" class=\" wp-image-484960 alignleft\" src=\"https:\/\/www.radiopiu.net\/wordpress\/wp-content\/uploads\/2025\/12\/Screenshot-2025-12-09-104618-300x136.png\" alt=\"\" width=\"199\" height=\"90\" srcset=\"https:\/\/www.radiopiu.net\/wordpress\/wp-content\/uploads\/2025\/12\/Screenshot-2025-12-09-104618-300x136.png 300w, https:\/\/www.radiopiu.net\/wordpress\/wp-content\/uploads\/2025\/12\/Screenshot-2025-12-09-104618.png 521w\" sizes=\"auto, (max-width: 199px) 100vw, 199px\" \/><\/a><\/strong>POESIA E MUSICA PER ATTENDERE IL NATALE<\/h3>\n<p><strong data-start=\"0\" data-end=\"61\"> PIEVE DI CADORE <\/strong>Gioved\u00ec 18 dicembre alle 17.30 Pieve di Cadore ospita un appuntamento speciale: <em data-start=\"143\" data-end=\"181\">Poesia e Musica aspettando il Natale<\/em>, presso La Loda della Cartoleria Tiziano. Protagonisti della serata il <strong data-start=\"256\" data-end=\"291\">Laboratorio di Scrittura Cadore<\/strong> e <strong data-start=\"294\" data-end=\"313\">Andrea Da Cort\u00e0<\/strong>, in un incontro che unisce parole, musica e atmosfera natalizia. L\u2019evento si svolge all\u2019interno della mostra <em data-start=\"423\" data-end=\"462\">Ritratti di famiglia e altri ritratti<\/em> di Giovanna Deppi, che raccoglie disegni, poesie e sculture. Ingresso libero, con brindisi offerto al termine. Un momento di cultura e comunit\u00e0 nel cuore del Cadore.<\/p>\n<p>&nbsp;<\/p>\n<p>&nbsp;<\/p>\n<hr \/>\n<p>&nbsp;<\/p>\n<blockquote>\n<h3>ARABBA, TORNA LA SFILATA DEI KRAMPUS: TRADIZIONE ANTICA TRA MISTERO E SUGGESTIONE<\/h3>\n<\/blockquote>\n<p><strong><a class=\"dt-pswp-item\" href=\"https:\/\/www.radiopiu.net\/wordpress\/wp-content\/uploads\/2025\/12\/Screenshot-2025-12-11-071643.png\" data-dt-img-description=\"\" data-large_image_width=\"1302\" data-large_image_height=\"492\"><img loading=\"lazy\" decoding=\"async\" class=\" wp-image-485353 alignleft\" src=\"https:\/\/www.radiopiu.net\/wordpress\/wp-content\/uploads\/2025\/12\/Screenshot-2025-12-11-071643-300x113.png\" alt=\"\" width=\"250\" height=\"94\" srcset=\"https:\/\/www.radiopiu.net\/wordpress\/wp-content\/uploads\/2025\/12\/Screenshot-2025-12-11-071643-300x113.png 300w, https:\/\/www.radiopiu.net\/wordpress\/wp-content\/uploads\/2025\/12\/Screenshot-2025-12-11-071643-1024x387.png 1024w, https:\/\/www.radiopiu.net\/wordpress\/wp-content\/uploads\/2025\/12\/Screenshot-2025-12-11-071643-768x290.png 768w, https:\/\/www.radiopiu.net\/wordpress\/wp-content\/uploads\/2025\/12\/Screenshot-2025-12-11-071643.png 1302w\" sizes=\"auto, (max-width: 250px) 100vw, 250px\" \/><\/a>LIVINALLONGO<\/strong> Sabato 20 dicembre Arabba rivive la tradizione dei Krampus, figure antiche legate ai riti alpini precristiani del solstizio d\u2019inverno. La sfilata partir\u00e0 alle 18 da via Freine, attraverser\u00e0 il centro e raggiunger\u00e0 lo Showplatz, per concludersi nel parcheggio della casa cantoniera con un ultimo spettacolare passaggio. I Krampus, collegati al culto di San Nicol\u00f2, rappresentano il confine tra ordine e caos, bene e male. I partecipanti indossano maschere di legno intagliate, pellicce, campanacci e ceppi metallici, evocando spiriti selvatici e riti comunitari secolari. Il nome deriva probabilmente dal tedesco \u201cKramp\u201d (artiglio) o dal bavarese \u201cKrampn\u201d (morto), e in alcune zone alpine sono chiamati \u201cTeufel\u201d, i diavoli. Le sfilate moderne conservano elementi arcaici di purificazione e celebrazione dell\u2019inverno, mantenendo viva una tradizione affascinante e identitaria.<\/p>\n<p><strong>ALLA RADIO&#8230;PIU&#8217;<\/strong><\/p>\n<audio class=\"wp-audio-shortcode\" id=\"audio-485276-11\" preload=\"none\" style=\"width: 100%;\" controls=\"controls\"><source type=\"audio\/mpeg\" src=\"https:\/\/www.radiopiu.net\/wordpress\/wp-content\/uploads\/2025\/12\/Arabba.mp3?_=11\" \/><a href=\"https:\/\/www.radiopiu.net\/wordpress\/wp-content\/uploads\/2025\/12\/Arabba.mp3\">https:\/\/www.radiopiu.net\/wordpress\/wp-content\/uploads\/2025\/12\/Arabba.mp3<\/a><\/audio>\n<p>&nbsp;<\/p>\n<hr \/>\n<p>&nbsp;<\/p>\n<blockquote>\n<h3>ASPETTANDO IL NATALE: CONCERTO CORALE A FELTRE<\/h3>\n<\/blockquote>\n<p><strong><a class=\"dt-pswp-item\" href=\"https:\/\/www.radiopiu.net\/wordpress\/wp-content\/uploads\/2025\/12\/VOCI-IN-CANTO.png\" data-dt-img-description=\"\" data-large_image_width=\"676\" data-large_image_height=\"290\"><img loading=\"lazy\" decoding=\"async\" class=\" wp-image-484563 alignleft\" src=\"https:\/\/www.radiopiu.net\/wordpress\/wp-content\/uploads\/2025\/12\/VOCI-IN-CANTO-300x129.png\" alt=\"\" width=\"184\" height=\"79\" srcset=\"https:\/\/www.radiopiu.net\/wordpress\/wp-content\/uploads\/2025\/12\/VOCI-IN-CANTO-300x129.png 300w, https:\/\/www.radiopiu.net\/wordpress\/wp-content\/uploads\/2025\/12\/VOCI-IN-CANTO.png 676w\" sizes=\"auto, (max-width: 184px) 100vw, 184px\" \/><\/a>FELTRE <\/strong>Il Coro \u201cVocincanto\u201d di Feltre organizza il concerto <em>Aspettando il Natale<\/em>, in programma sabato 20 dicembre alle 20.30 nella Chiesa di Santa Maria degli Angeli. Insieme al coro femminile ospite il Coro \u201cGli Ant\u00e8nori\u201d di Padova. L\u2019evento, patrocinato dal Comune di Feltre e inserito nel ciclo \u201cNativitas\u201d, proporr\u00e0 musiche dal XIII secolo al Novecento dedicate all\u2019Avvento e alla tradizione natalizia, per una serata ricca di armonie e atmosfera.<\/p>\n<p>&nbsp;<\/p>\n<p>&nbsp;<\/p>\n<hr \/>\n<p>&nbsp;<\/p>\n<blockquote>\n<h3>VENT\u2019ANNI DOPO TORNA IN SALA IL CORTOMETRAGGIO REALIZZATO DA PERSONE CON DISABILIT\u00c0 UMANICHINI<\/h3>\n<\/blockquote>\n<p><b><a class=\"dt-pswp-item\" href=\"https:\/\/www.radiopiu.net\/wordpress\/wp-content\/uploads\/2025\/12\/Umanichini.png\" data-dt-img-description=\"\" data-large_image_width=\"1748\" data-large_image_height=\"1240\"><img loading=\"lazy\" decoding=\"async\" class=\" wp-image-485020 alignleft\" src=\"https:\/\/www.radiopiu.net\/wordpress\/wp-content\/uploads\/2025\/12\/Umanichini-300x213.png\" alt=\"\" width=\"182\" height=\"129\" srcset=\"https:\/\/www.radiopiu.net\/wordpress\/wp-content\/uploads\/2025\/12\/Umanichini-300x213.png 300w, https:\/\/www.radiopiu.net\/wordpress\/wp-content\/uploads\/2025\/12\/Umanichini-1024x726.png 1024w, https:\/\/www.radiopiu.net\/wordpress\/wp-content\/uploads\/2025\/12\/Umanichini-768x545.png 768w, https:\/\/www.radiopiu.net\/wordpress\/wp-content\/uploads\/2025\/12\/Umanichini-1536x1090.png 1536w, https:\/\/www.radiopiu.net\/wordpress\/wp-content\/uploads\/2025\/12\/Umanichini.png 1748w\" sizes=\"auto, (max-width: 182px) 100vw, 182px\" \/><\/a>DI ALESSIA DALL&#8217;O&#8217;<\/b><\/p>\n<p><strong>BELLUNO <\/strong>A esatti vent\u2019anni dalla realizzazione, torna in sala \u201cUmanichini\u201d, il cortometraggio creato nel 2005 dalle persone con disabilit\u00e0 dei Centri Diurni della Cooperativa bellunese Societ\u00e0 Nuova. Il film, che all\u2019epoca riscosse molti apprezzamenti, racconta una storia d\u2019amore universale e segn\u00f2 non solo un momento di comunit\u00e0, ma soprattutto una svolta nel modo di vedere le abilit\u00e0 degli ospiti della cooperativa. La proiezione, con un momento di approfondimento su l&#8217;autodeterminazione della persona con disabilit\u00e0, \u00e8 in programma luned\u00ec 22 dicembre alle 18 a Palazzo Crepadona. Evento gratuito, prenotazione obbligatoria.<\/p>\n<p>&nbsp;<\/p>\n<p>&nbsp;<\/p>\n<hr \/>\n<p>&nbsp;<\/p>\n<blockquote>\n<h3>PRESEPIO VIVENTE A CALALZO: TRADIZIONE NATALIZIA<\/h3>\n<\/blockquote>\n<p><strong><a class=\"dt-pswp-item\" href=\"https:\/\/www.radiopiu.net\/wordpress\/wp-content\/uploads\/2025\/12\/PRESEPE-CALALZO.jpg\" data-dt-img-description=\"\" data-large_image_width=\"1080\" data-large_image_height=\"813\"><img loading=\"lazy\" decoding=\"async\" class=\" wp-image-485414 alignleft\" src=\"https:\/\/www.radiopiu.net\/wordpress\/wp-content\/uploads\/2025\/12\/PRESEPE-CALALZO-300x226.jpg\" alt=\"\" width=\"142\" height=\"107\" srcset=\"https:\/\/www.radiopiu.net\/wordpress\/wp-content\/uploads\/2025\/12\/PRESEPE-CALALZO-300x226.jpg 300w, https:\/\/www.radiopiu.net\/wordpress\/wp-content\/uploads\/2025\/12\/PRESEPE-CALALZO-1024x771.jpg 1024w, https:\/\/www.radiopiu.net\/wordpress\/wp-content\/uploads\/2025\/12\/PRESEPE-CALALZO-768x578.jpg 768w, https:\/\/www.radiopiu.net\/wordpress\/wp-content\/uploads\/2025\/12\/PRESEPE-CALALZO.jpg 1080w\" sizes=\"auto, (max-width: 142px) 100vw, 142px\" \/><\/a>CALALZO DI CADORE <\/strong>Sabato 27 dicembre a Calalzo di Cadore torna il presepio vivente in Via Montanel, vicino alla chiesa parrocchiale. L\u2019evento, tra i pi\u00f9 attesi delle festivit\u00e0, attira centinaia di visitatori e turisti. Dalle 15:30 sar\u00e0 possibile esplorare il villaggio, osservare i figuranti e gustare bevande e cibi caldi. Alle 16:30 prender\u00e0 il via la rappresentazione della Nativit\u00e0, seguendo il racconto evangelico. In caso di maltempo, lo spettacolo sar\u00e0 rinviato a sabato 3 gennaio 2026. L\u2019iniziativa \u00e8 resa possibile grazie ai volontari e gode del patrocinio della parrocchia di San Biagio e del Comune.<\/p>\n<p>&nbsp;<\/p>\n<p>&nbsp;<\/p>\n<hr \/>\n<p>&nbsp;<\/p>\n<h1><span style=\"color: #ff6600;\">IERI ALLA RADIO<\/span><\/h1>\n<h2><span style=\"color: #ff00ff;\">I MILLE PASSI, DAI DIARI DI MORGANA &#8211; ALICE BETTOLO<\/span><\/h2>\n<blockquote>\n<h2>CAPITOLO 24 &#8220;LE PAGINE PERDUTE&#8221;<\/h2>\n<\/blockquote>\n<p><a class=\"dt-pswp-item\" href=\"https:\/\/www.radiopiu.net\/wordpress\/wp-content\/uploads\/2025\/12\/025-Agata-e-la-tormenta.jpg\" data-dt-img-description=\"\" data-large_image_width=\"600\" data-large_image_height=\"611\"><img loading=\"lazy\" decoding=\"async\" class=\" wp-image-485466 alignleft\" src=\"https:\/\/www.radiopiu.net\/wordpress\/wp-content\/uploads\/2025\/12\/025-Agata-e-la-tormenta-295x300.jpg\" alt=\"\" width=\"139\" height=\"141\" srcset=\"https:\/\/www.radiopiu.net\/wordpress\/wp-content\/uploads\/2025\/12\/025-Agata-e-la-tormenta-295x300.jpg 295w, https:\/\/www.radiopiu.net\/wordpress\/wp-content\/uploads\/2025\/12\/025-Agata-e-la-tormenta.jpg 600w\" sizes=\"auto, (max-width: 139px) 100vw, 139px\" \/><\/a>Il mare risale e si mangia la spiaggia ed i cellulari degli ignari. I salvavita rimangono sul loro baracchino e ridono di gusto, poi, quando gli ignari tentano di recuperare il bottino perduto, fischiano e li fermano, perch\u00e9 altrimenti il mare si porta via anche loro. Una signora, forse francese, guarda la potenza delle onde che arrivano dove non dovrebbero e si domanda quando ha dimenticato di essere viva, con il marito, i figli, i nipoti e gli orgasmi che non ha mai ricevuto.<\/p>\n<p>Sola. Di fronte all&#8217;immensit\u00e0 di questo mare, che respira la luna piena e non si fermer\u00e0 questa notte. Scrivo, perch\u00e9 la luna piena fa male anche a me, perch\u00e9 la creativit\u00e0 \u00e8 un potere tanto incredibile che nemmeno le forze oscure lo possono fermare. Forse dobbiamo vivere e solo vivere ci\u00f2 che nemmeno ricordiamo, per poter poi ricordare di fronte a questo mare potente e questo cane saggio, seduto al mio fianco, chi siamo.<\/p>\n<p>AUDIO<\/p>\n<audio class=\"wp-audio-shortcode\" id=\"audio-485276-12\" preload=\"none\" style=\"width: 100%;\" controls=\"controls\"><source type=\"audio\/mpeg\" src=\"https:\/\/www.radiopiu.net\/wordpress\/wp-content\/uploads\/2025\/12\/025-Agata-e-la-tormenta.mp3?_=12\" \/><a href=\"https:\/\/www.radiopiu.net\/wordpress\/wp-content\/uploads\/2025\/12\/025-Agata-e-la-tormenta.mp3\">https:\/\/www.radiopiu.net\/wordpress\/wp-content\/uploads\/2025\/12\/025-Agata-e-la-tormenta.mp3<\/a><\/audio>\n<p>&nbsp;<\/p>\n<p>LA RACCOLTA COMPLETA <span style=\"color: #0000ff;\"><strong><a style=\"color: #0000ff;\" href=\"https:\/\/www.radiopiu.net\/wordpress\/i-mille-passi\/\">CLICCA QUI<\/a><\/strong><\/span><\/p>\n<p>&nbsp;<\/p>\n<hr \/>\n<p>&nbsp;<\/p>\n<h2><span style=\"color: #ff99cc;\">SEI IN RADIO&#8230; SE di MARINA DONA&#8217;<\/span><\/h2>\n<p><strong>PUNTATA 36\u00a0 \u00a0 \u00a0 \u00a0 \u00a0 \u00a0AUDIO<\/strong><br \/>\n<span style=\"color: #ff0000;\"><strong> \u00a0 \u00a0 \u00a0DA&#8230;PALERMO E DINTORNI<\/strong><\/span><\/p>\n<audio class=\"wp-audio-shortcode\" id=\"audio-485276-13\" preload=\"none\" style=\"width: 100%;\" controls=\"controls\"><source type=\"audio\/mpeg\" src=\"https:\/\/www.radiopiu.net\/wordpress\/wp-content\/uploads\/2025\/12\/SEISE.mp3?_=13\" \/><a href=\"https:\/\/www.radiopiu.net\/wordpress\/wp-content\/uploads\/2025\/12\/SEISE.mp3\">https:\/\/www.radiopiu.net\/wordpress\/wp-content\/uploads\/2025\/12\/SEISE.mp3<\/a><\/audio>\n<p>&nbsp;<\/p>\n<p><a class=\"dt-pswp-item\" href=\"https:\/\/www.radiopiu.net\/wordpress\/wp-content\/uploads\/2025\/12\/0bc2d0b6-3f08-4fda-9962-7c0d2ec422cc.jpg\" data-dt-img-description=\"\" data-large_image_width=\"1224\" data-large_image_height=\"1026\"><img loading=\"lazy\" decoding=\"async\" class=\"size-medium wp-image-485435 aligncenter\" src=\"https:\/\/www.radiopiu.net\/wordpress\/wp-content\/uploads\/2025\/12\/0bc2d0b6-3f08-4fda-9962-7c0d2ec422cc-300x251.jpg\" alt=\"\" width=\"300\" height=\"251\" srcset=\"https:\/\/www.radiopiu.net\/wordpress\/wp-content\/uploads\/2025\/12\/0bc2d0b6-3f08-4fda-9962-7c0d2ec422cc-300x251.jpg 300w, https:\/\/www.radiopiu.net\/wordpress\/wp-content\/uploads\/2025\/12\/0bc2d0b6-3f08-4fda-9962-7c0d2ec422cc-1024x858.jpg 1024w, https:\/\/www.radiopiu.net\/wordpress\/wp-content\/uploads\/2025\/12\/0bc2d0b6-3f08-4fda-9962-7c0d2ec422cc-768x644.jpg 768w, https:\/\/www.radiopiu.net\/wordpress\/wp-content\/uploads\/2025\/12\/0bc2d0b6-3f08-4fda-9962-7c0d2ec422cc.jpg 1224w\" sizes=\"auto, (max-width: 300px) 100vw, 300px\" \/><\/a><\/p>\n<p>&nbsp;<\/p>\n<h2><strong>LA RACCOLTA COMPLETA <a href=\"https:\/\/www.radiopiu.net\/wordpress\/sei-in-radio-se-11-dic\/\"><span style=\"color: #3366ff;\">CLICCA QUI<\/span><\/a><\/strong><\/h2>\n<p>&nbsp;<\/p>\n<hr \/>\n<p>&nbsp;<\/p>\n<h2><span style=\"color: #cc99ff;\">OGGI COME IERI, TERZO ANNO. CON SILVIA BALDO<\/span><\/h2>\n<p><strong><a class=\"dt-pswp-item\" href=\"https:\/\/www.radiopiu.net\/wordpress\/wp-content\/uploads\/2025\/12\/8253a900-a702-4312-9403-2e0cb33231ed.jpg\" data-dt-img-description=\"\" data-large_image_width=\"404\" data-large_image_height=\"248\"><img loading=\"lazy\" decoding=\"async\" class=\" wp-image-485431 alignleft\" src=\"https:\/\/www.radiopiu.net\/wordpress\/wp-content\/uploads\/2025\/12\/8253a900-a702-4312-9403-2e0cb33231ed-300x184.jpg\" alt=\"\" width=\"201\" height=\"123\" srcset=\"https:\/\/www.radiopiu.net\/wordpress\/wp-content\/uploads\/2025\/12\/8253a900-a702-4312-9403-2e0cb33231ed-300x184.jpg 300w, https:\/\/www.radiopiu.net\/wordpress\/wp-content\/uploads\/2025\/12\/8253a900-a702-4312-9403-2e0cb33231ed.jpg 404w\" sizes=\"auto, (max-width: 201px) 100vw, 201px\" \/><\/a>11 DICEMBRE<\/strong><\/p>\n<audio class=\"wp-audio-shortcode\" id=\"audio-485276-14\" preload=\"none\" style=\"width: 100%;\" controls=\"controls\"><source type=\"audio\/mpeg\" src=\"https:\/\/www.radiopiu.net\/wordpress\/wp-content\/uploads\/2025\/12\/SIBI3-1.mp3?_=14\" \/><a href=\"https:\/\/www.radiopiu.net\/wordpress\/wp-content\/uploads\/2025\/12\/SIBI3-1.mp3\">https:\/\/www.radiopiu.net\/wordpress\/wp-content\/uploads\/2025\/12\/SIBI3-1.mp3<\/a><\/audio>\n<p>&nbsp;<\/p>\n<h2><strong>LA RACCOLTA COMPLETA <a href=\"https:\/\/www.radiopiu.net\/wordpress\/oggi-come-ieri-terzo-anno-con-silvia-baldo-11-dic\/\"><span style=\"color: #3366ff;\">CLICCA QUI<\/span><\/a><\/strong><\/h2>\n<p>&nbsp;<\/p>\n<hr \/>\n<p>&nbsp;<\/p>\n<h2><span style=\"color: #008000;\">ARCADE SHOW..ELIA ALLA RADIO<\/span><\/h2>\n<p align=\"JUSTIFY\"><a class=\"dt-pswp-item\" href=\"https:\/\/www.radiopiu.net\/wordpress\/wp-content\/uploads\/2025\/02\/LOGO-ELIA.png\" data-dt-img-description=\"\" data-large_image_width=\"851\" data-large_image_height=\"774\"><img loading=\"lazy\" decoding=\"async\" class=\"size-medium wp-image-436960 aligncenter\" src=\"https:\/\/www.radiopiu.net\/wordpress\/wp-content\/uploads\/2025\/02\/LOGO-ELIA-300x273.png\" alt=\"\" width=\"300\" height=\"273\" srcset=\"https:\/\/www.radiopiu.net\/wordpress\/wp-content\/uploads\/2025\/02\/LOGO-ELIA-300x273.png 300w, https:\/\/www.radiopiu.net\/wordpress\/wp-content\/uploads\/2025\/02\/LOGO-ELIA-768x699.png 768w, https:\/\/www.radiopiu.net\/wordpress\/wp-content\/uploads\/2025\/02\/LOGO-ELIA.png 851w\" sizes=\"auto, (max-width: 300px) 100vw, 300px\" \/><\/a><\/p>\n<p align=\"JUSTIFY\">Arcade show, Entra nella sala giochi ufficiale di RadioPi\u00f9! Inserisci la moneta e gioca insieme a noi! Attualit\u00e0, cinema, sport, social, spensieratezza e soprattutto musica! Il primo show like a game radiofonico in italia, condotto da Elia.<\/p>\n<p align=\"JUSTIFY\"><strong>PUNTATA 38\/1<\/strong><\/p>\n<audio class=\"wp-audio-shortcode\" id=\"audio-485276-15\" preload=\"none\" style=\"width: 100%;\" controls=\"controls\"><source type=\"audio\/mpeg\" src=\"https:\/\/www.radiopiu.net\/wordpress\/wp-content\/uploads\/2025\/12\/ELIA1.mp3?_=15\" \/><a href=\"https:\/\/www.radiopiu.net\/wordpress\/wp-content\/uploads\/2025\/12\/ELIA1.mp3\">https:\/\/www.radiopiu.net\/wordpress\/wp-content\/uploads\/2025\/12\/ELIA1.mp3<\/a><\/audio>\n<p>&nbsp;<\/p>\n<p align=\"JUSTIFY\"><strong>PUNTATA 38\/2<\/strong><\/p>\n<audio class=\"wp-audio-shortcode\" id=\"audio-485276-16\" preload=\"none\" style=\"width: 100%;\" controls=\"controls\"><source type=\"audio\/mpeg\" src=\"https:\/\/www.radiopiu.net\/wordpress\/wp-content\/uploads\/2025\/12\/ELIA2.mp3?_=16\" \/><a href=\"https:\/\/www.radiopiu.net\/wordpress\/wp-content\/uploads\/2025\/12\/ELIA2.mp3\">https:\/\/www.radiopiu.net\/wordpress\/wp-content\/uploads\/2025\/12\/ELIA2.mp3<\/a><\/audio>\n<p>&nbsp;<\/p>\n<p align=\"JUSTIFY\"><strong>PUNTATA 38\/3<\/strong><\/p>\n<audio class=\"wp-audio-shortcode\" id=\"audio-485276-17\" preload=\"none\" style=\"width: 100%;\" controls=\"controls\"><source type=\"audio\/mpeg\" src=\"https:\/\/www.radiopiu.net\/wordpress\/wp-content\/uploads\/2025\/12\/ELIA3.mp3?_=17\" \/><a href=\"https:\/\/www.radiopiu.net\/wordpress\/wp-content\/uploads\/2025\/12\/ELIA3.mp3\">https:\/\/www.radiopiu.net\/wordpress\/wp-content\/uploads\/2025\/12\/ELIA3.mp3<\/a><\/audio>\n<p>&nbsp;<\/p>\n<h2><strong>LA RACCOLTA COMPLETA <a href=\"https:\/\/www.radiopiu.net\/wordpress\/arcade-show-elia-alla-radio\/\"><span style=\"color: #3366ff;\">CLICCA QUI<\/span><\/a><\/strong><\/h2>\n<p>&nbsp;<\/p>\n<hr \/>\n<p>&nbsp;<\/p>\n<h2><span style=\"color: #ff99cc;\">&#8220;VIAGGI D&#8217;AUTORE&#8221; PUNTATA 4 ALEXANDREA DHUMAS<\/span><\/h2>\n<p>AUDIO<\/p>\n<audio class=\"wp-audio-shortcode\" id=\"audio-485276-18\" preload=\"none\" style=\"width: 100%;\" controls=\"controls\"><source type=\"audio\/mpeg\" src=\"https:\/\/www.radiopiu.net\/wordpress\/wp-content\/uploads\/2025\/12\/CLAUDIA-1.mp3?_=18\" \/><a href=\"https:\/\/www.radiopiu.net\/wordpress\/wp-content\/uploads\/2025\/12\/CLAUDIA-1.mp3\">https:\/\/www.radiopiu.net\/wordpress\/wp-content\/uploads\/2025\/12\/CLAUDIA-1.mp3<\/a><\/audio>\n<p><img loading=\"lazy\" decoding=\"async\" class=\"\" src=\"https:\/\/www.radiopiu.net\/wordpress\/wp-content\/uploads\/2025\/12\/DHUMAS.png\" width=\"276\" height=\"175\" \/><\/p>\n<h1><\/h1>\n<h2>LA RACCOLTA COMPLETA <span style=\"color: #0000ff;\"><a style=\"color: #0000ff;\" href=\"https:\/\/www.radiopiu.net\/wordpress\/viaggi-dautore\/\">CLICCA QUI<\/a><\/span><\/h2>\n<p>&nbsp;<\/p>\n<hr \/>\n<p>&nbsp;<\/p>\n<h2><span style=\"color: #ff0000;\">TIME 4 ME&#8230;CON LE &#8220;RAGAZZE&#8221; DI MANI DI MAMMA<\/span><\/h2>\n<p><strong>DI MARINA DONA&#8217;<\/strong><\/p>\n<p><strong>AGORDO<\/strong> Mani di mamma \u00e8 una rete nazionale di volontari, che realizzano cappellini scarpine minuscole, piccoli golfini e sacchi nanna per bimbi prematuri, che ricreano il ventre materno. Pur all&#8217;interno dell&#8217;incubatrice sono infatti elementi indispensabili per la buona riuscita del protocollo &#8220;care&#8221;, cio\u00e8 la serie di attenzioni volte a migliorare la vita del piccolo e dei genitori. I materiali usati sono esclusivamente filati e tessuti in fibre naturali pura lana Merino 100% e di tutti i colori. Sono tutti accorgimenti e dettagli che rispondono a esigenze funzionali oltre che all&#8217;accudimento. Le volontarie agordine si ritrovano una volta alla settimana nella sala biblioteca di Agordo per sferruzzare e creare questi piccoli gioielli per i bambini nati prematuri. Mani di mamma \u00e8 presente in tutta Italia nella nostra provincia \u00e8 attivo sia nell&#8217;ospedale di Feltre che in quello di Belluno.<\/p>\n\n\t\t\t<style type='text\/css'>\n\t\t\t\t#gallery-4 {\n\t\t\t\t\tmargin: auto;\n\t\t\t\t}\n\t\t\t\t#gallery-4 .gallery-item {\n\t\t\t\t\tfloat: left;\n\t\t\t\t\tmargin-top: 10px;\n\t\t\t\t\ttext-align: center;\n\t\t\t\t\twidth: 20%;\n\t\t\t\t}\n\t\t\t\t#gallery-4 img {\n\t\t\t\t\tborder: 2px solid #cfcfcf;\n\t\t\t\t}\n\t\t\t\t#gallery-4 .gallery-caption {\n\t\t\t\t\tmargin-left: 0;\n\t\t\t\t}\n\t\t\t\t\/* see gallery_shortcode() in wp-includes\/media.php *\/\n\t\t\t<\/style>\n\t\t<div id='gallery-4' class='dt-gallery-container gallery galleryid-485276 gallery-columns-5 gallery-size-thumbnail'><dl class='gallery-item'>\n\t\t\t\t<dt class='gallery-icon landscape'>\n\t\t\t\t\t<a class=\"rollover rollover-zoom dt-pswp-item\" title=\"61c461cc-3441-4f01-b261-355be143b29c\" data-dt-img-description=\"\" data-large_image_width=\"1600\" data-large_image_height=\"1200\"href='https:\/\/www.radiopiu.net\/wordpress\/wp-content\/uploads\/2025\/12\/61c461cc-3441-4f01-b261-355be143b29c.jpg'><img loading=\"lazy\" decoding=\"async\" width=\"150\" height=\"150\" src=\"https:\/\/www.radiopiu.net\/wordpress\/wp-content\/uploads\/2025\/12\/61c461cc-3441-4f01-b261-355be143b29c-150x150.jpg\" class=\"attachment-thumbnail size-thumbnail\" alt=\"\" \/><\/a>\n\t\t\t\t<\/dt><\/dl><dl class='gallery-item'>\n\t\t\t\t<dt class='gallery-icon landscape'>\n\t\t\t\t\t<a class=\"rollover rollover-zoom dt-pswp-item\" title=\"5b1afa15-ee8f-4e1d-a8a9-5428e562ed0c\" data-dt-img-description=\"\" data-large_image_width=\"1600\" data-large_image_height=\"1200\"href='https:\/\/www.radiopiu.net\/wordpress\/wp-content\/uploads\/2025\/12\/5b1afa15-ee8f-4e1d-a8a9-5428e562ed0c.jpg'><img loading=\"lazy\" decoding=\"async\" width=\"150\" height=\"150\" src=\"https:\/\/www.radiopiu.net\/wordpress\/wp-content\/uploads\/2025\/12\/5b1afa15-ee8f-4e1d-a8a9-5428e562ed0c-150x150.jpg\" class=\"attachment-thumbnail size-thumbnail\" alt=\"\" \/><\/a>\n\t\t\t\t<\/dt><\/dl><dl class='gallery-item'>\n\t\t\t\t<dt class='gallery-icon landscape'>\n\t\t\t\t\t<a class=\"rollover rollover-zoom dt-pswp-item\" title=\"eff5ba8b-0a99-4807-9369-3d92390eeb59\" data-dt-img-description=\"\" data-large_image_width=\"1600\" data-large_image_height=\"1200\"href='https:\/\/www.radiopiu.net\/wordpress\/wp-content\/uploads\/2025\/12\/eff5ba8b-0a99-4807-9369-3d92390eeb59.jpg'><img loading=\"lazy\" decoding=\"async\" width=\"150\" height=\"150\" src=\"https:\/\/www.radiopiu.net\/wordpress\/wp-content\/uploads\/2025\/12\/eff5ba8b-0a99-4807-9369-3d92390eeb59-150x150.jpg\" class=\"attachment-thumbnail size-thumbnail\" alt=\"\" \/><\/a>\n\t\t\t\t<\/dt><\/dl><dl class='gallery-item'>\n\t\t\t\t<dt class='gallery-icon portrait'>\n\t\t\t\t\t<a class=\"rollover rollover-zoom dt-pswp-item\" title=\"7b8ce8d1-91cf-40da-b7ad-3a8df8353da1\" data-dt-img-description=\"\" data-large_image_width=\"1200\" data-large_image_height=\"1600\"href='https:\/\/www.radiopiu.net\/wordpress\/wp-content\/uploads\/2025\/12\/7b8ce8d1-91cf-40da-b7ad-3a8df8353da1.jpg'><img loading=\"lazy\" decoding=\"async\" width=\"150\" height=\"150\" src=\"https:\/\/www.radiopiu.net\/wordpress\/wp-content\/uploads\/2025\/12\/7b8ce8d1-91cf-40da-b7ad-3a8df8353da1-150x150.jpg\" class=\"attachment-thumbnail size-thumbnail\" alt=\"\" \/><\/a>\n\t\t\t\t<\/dt><\/dl><dl class='gallery-item'>\n\t\t\t\t<dt class='gallery-icon portrait'>\n\t\t\t\t\t<a class=\"rollover rollover-zoom dt-pswp-item\" title=\"7bfb6d47-255f-46b1-b56f-7285f9419a40\" data-dt-img-description=\"\" data-large_image_width=\"1200\" data-large_image_height=\"1600\"href='https:\/\/www.radiopiu.net\/wordpress\/wp-content\/uploads\/2025\/12\/7bfb6d47-255f-46b1-b56f-7285f9419a40.jpg'><img loading=\"lazy\" decoding=\"async\" width=\"150\" height=\"150\" src=\"https:\/\/www.radiopiu.net\/wordpress\/wp-content\/uploads\/2025\/12\/7bfb6d47-255f-46b1-b56f-7285f9419a40-150x150.jpg\" class=\"attachment-thumbnail size-thumbnail\" alt=\"\" \/><\/a>\n\t\t\t\t<\/dt><\/dl><br style=\"clear: both\" \/>\n\t\t\t<\/div>\n\n<p>&nbsp;<\/p>\n<h2><span style=\"color: #ff0000;\"><strong>LO SPECIALE IN TIME 4 ME<\/strong><\/span><\/h2>\n<p><span style=\"color: #0000ff;\"><strong>PRIMA PARTE<\/strong><\/span><\/p>\n<audio class=\"wp-audio-shortcode\" id=\"audio-485276-19\" preload=\"none\" style=\"width: 100%;\" controls=\"controls\"><source type=\"audio\/mpeg\" src=\"https:\/\/www.radiopiu.net\/wordpress\/wp-content\/uploads\/2025\/12\/TIME1-1.mp3?_=19\" \/><a href=\"https:\/\/www.radiopiu.net\/wordpress\/wp-content\/uploads\/2025\/12\/TIME1-1.mp3\">https:\/\/www.radiopiu.net\/wordpress\/wp-content\/uploads\/2025\/12\/TIME1-1.mp3<\/a><\/audio>\n<p><span style=\"color: #0000ff;\">\u00a0<\/span><\/p>\n<p><span style=\"color: #0000ff;\"><strong>SECONDA PARTE<\/strong><\/span><\/p>\n<audio class=\"wp-audio-shortcode\" id=\"audio-485276-20\" preload=\"none\" style=\"width: 100%;\" controls=\"controls\"><source type=\"audio\/mpeg\" src=\"https:\/\/www.radiopiu.net\/wordpress\/wp-content\/uploads\/2025\/12\/TIME2-1.mp3?_=20\" \/><a href=\"https:\/\/www.radiopiu.net\/wordpress\/wp-content\/uploads\/2025\/12\/TIME2-1.mp3\">https:\/\/www.radiopiu.net\/wordpress\/wp-content\/uploads\/2025\/12\/TIME2-1.mp3<\/a><\/audio>\n<p><span style=\"color: #0000ff;\">\u00a0<\/span><\/p>\n<p><span style=\"color: #0000ff;\"><strong>TERZA PARTE<\/strong><\/span><\/p>\n<audio class=\"wp-audio-shortcode\" id=\"audio-485276-21\" preload=\"none\" style=\"width: 100%;\" controls=\"controls\"><source type=\"audio\/mpeg\" src=\"https:\/\/www.radiopiu.net\/wordpress\/wp-content\/uploads\/2025\/12\/TIME3-1.mp3?_=21\" \/><a href=\"https:\/\/www.radiopiu.net\/wordpress\/wp-content\/uploads\/2025\/12\/TIME3-1.mp3\">https:\/\/www.radiopiu.net\/wordpress\/wp-content\/uploads\/2025\/12\/TIME3-1.mp3<\/a><\/audio>\n<p>&nbsp;<\/p>\n<hr \/>\n<p>&nbsp;<\/p>\n<h2><span style=\"color: #993366;\">PRIMO FINE SETTIMANA NEL COMPRENSORIO FALORIA-CRISTALLO<\/span><\/h2>\n<p><strong>DI BARBARA PAOLAZI<\/strong><\/p>\n<p>OSPITE: Renzo Minella, direttore generale del comprensorio Faloria-Cristallo<\/p>\n<audio class=\"wp-audio-shortcode\" id=\"audio-485276-22\" preload=\"none\" style=\"width: 100%;\" controls=\"controls\"><source type=\"audio\/mpeg\" src=\"https:\/\/www.radiopiu.net\/wordpress\/wp-content\/uploads\/2025\/12\/PAOLAZZI-CORTINA.mp3?_=22\" \/><a href=\"https:\/\/www.radiopiu.net\/wordpress\/wp-content\/uploads\/2025\/12\/PAOLAZZI-CORTINA.mp3\">https:\/\/www.radiopiu.net\/wordpress\/wp-content\/uploads\/2025\/12\/PAOLAZZI-CORTINA.mp3<\/a><\/audio>\n<p><strong>LE FOTO DI RADIO CLUB 103<\/strong><\/p>\n\n\t\t\t<style type='text\/css'>\n\t\t\t\t#gallery-5 {\n\t\t\t\t\tmargin: auto;\n\t\t\t\t}\n\t\t\t\t#gallery-5 .gallery-item {\n\t\t\t\t\tfloat: left;\n\t\t\t\t\tmargin-top: 10px;\n\t\t\t\t\ttext-align: center;\n\t\t\t\t\twidth: 33%;\n\t\t\t\t}\n\t\t\t\t#gallery-5 img {\n\t\t\t\t\tborder: 2px solid #cfcfcf;\n\t\t\t\t}\n\t\t\t\t#gallery-5 .gallery-caption {\n\t\t\t\t\tmargin-left: 0;\n\t\t\t\t}\n\t\t\t\t\/* see gallery_shortcode() in wp-includes\/media.php *\/\n\t\t\t<\/style>\n\t\t<div id='gallery-5' class='dt-gallery-container gallery galleryid-485276 gallery-columns-3 gallery-size-medium'><dl class='gallery-item'>\n\t\t\t\t<dt class='gallery-icon landscape'>\n\t\t\t\t\t<a class=\"rollover rollover-zoom dt-pswp-item\" title=\"3d9e3d9a-c4f3-4227-a901-4c7132ec52aa\" data-dt-img-description=\"\" data-large_image_width=\"1600\" data-large_image_height=\"1200\"href='https:\/\/www.radiopiu.net\/wordpress\/wp-content\/uploads\/2025\/12\/3d9e3d9a-c4f3-4227-a901-4c7132ec52aa.jpg'><img loading=\"lazy\" decoding=\"async\" width=\"300\" height=\"225\" src=\"https:\/\/www.radiopiu.net\/wordpress\/wp-content\/uploads\/2025\/12\/3d9e3d9a-c4f3-4227-a901-4c7132ec52aa-300x225.jpg\" class=\"attachment-medium size-medium\" alt=\"\" srcset=\"https:\/\/www.radiopiu.net\/wordpress\/wp-content\/uploads\/2025\/12\/3d9e3d9a-c4f3-4227-a901-4c7132ec52aa-300x225.jpg 300w, https:\/\/www.radiopiu.net\/wordpress\/wp-content\/uploads\/2025\/12\/3d9e3d9a-c4f3-4227-a901-4c7132ec52aa-1024x768.jpg 1024w, https:\/\/www.radiopiu.net\/wordpress\/wp-content\/uploads\/2025\/12\/3d9e3d9a-c4f3-4227-a901-4c7132ec52aa-768x576.jpg 768w, https:\/\/www.radiopiu.net\/wordpress\/wp-content\/uploads\/2025\/12\/3d9e3d9a-c4f3-4227-a901-4c7132ec52aa-1536x1152.jpg 1536w, https:\/\/www.radiopiu.net\/wordpress\/wp-content\/uploads\/2025\/12\/3d9e3d9a-c4f3-4227-a901-4c7132ec52aa.jpg 1600w\" sizes=\"auto, (max-width: 300px) 100vw, 300px\" \/><\/a>\n\t\t\t\t<\/dt><\/dl><dl class='gallery-item'>\n\t\t\t\t<dt class='gallery-icon landscape'>\n\t\t\t\t\t<a class=\"rollover rollover-zoom dt-pswp-item\" title=\"28a5a600-5f2e-4798-ae8d-fa075c3c52b1\" data-dt-img-description=\"\" data-large_image_width=\"1600\" data-large_image_height=\"1200\"href='https:\/\/www.radiopiu.net\/wordpress\/wp-content\/uploads\/2025\/12\/28a5a600-5f2e-4798-ae8d-fa075c3c52b1.jpg'><img loading=\"lazy\" decoding=\"async\" width=\"300\" height=\"225\" src=\"https:\/\/www.radiopiu.net\/wordpress\/wp-content\/uploads\/2025\/12\/28a5a600-5f2e-4798-ae8d-fa075c3c52b1-300x225.jpg\" class=\"attachment-medium size-medium\" alt=\"\" srcset=\"https:\/\/www.radiopiu.net\/wordpress\/wp-content\/uploads\/2025\/12\/28a5a600-5f2e-4798-ae8d-fa075c3c52b1-300x225.jpg 300w, https:\/\/www.radiopiu.net\/wordpress\/wp-content\/uploads\/2025\/12\/28a5a600-5f2e-4798-ae8d-fa075c3c52b1-1024x768.jpg 1024w, https:\/\/www.radiopiu.net\/wordpress\/wp-content\/uploads\/2025\/12\/28a5a600-5f2e-4798-ae8d-fa075c3c52b1-768x576.jpg 768w, https:\/\/www.radiopiu.net\/wordpress\/wp-content\/uploads\/2025\/12\/28a5a600-5f2e-4798-ae8d-fa075c3c52b1-1536x1152.jpg 1536w, https:\/\/www.radiopiu.net\/wordpress\/wp-content\/uploads\/2025\/12\/28a5a600-5f2e-4798-ae8d-fa075c3c52b1.jpg 1600w\" sizes=\"auto, (max-width: 300px) 100vw, 300px\" \/><\/a>\n\t\t\t\t<\/dt><\/dl><dl class='gallery-item'>\n\t\t\t\t<dt class='gallery-icon landscape'>\n\t\t\t\t\t<a class=\"rollover rollover-zoom dt-pswp-item\" title=\"970f239e-9f65-4bfb-ba29-b4761d76e06c\" data-dt-img-description=\"\" data-large_image_width=\"1600\" data-large_image_height=\"1200\"href='https:\/\/www.radiopiu.net\/wordpress\/wp-content\/uploads\/2025\/12\/970f239e-9f65-4bfb-ba29-b4761d76e06c.jpg'><img loading=\"lazy\" decoding=\"async\" width=\"300\" height=\"225\" src=\"https:\/\/www.radiopiu.net\/wordpress\/wp-content\/uploads\/2025\/12\/970f239e-9f65-4bfb-ba29-b4761d76e06c-300x225.jpg\" class=\"attachment-medium size-medium\" alt=\"\" srcset=\"https:\/\/www.radiopiu.net\/wordpress\/wp-content\/uploads\/2025\/12\/970f239e-9f65-4bfb-ba29-b4761d76e06c-300x225.jpg 300w, https:\/\/www.radiopiu.net\/wordpress\/wp-content\/uploads\/2025\/12\/970f239e-9f65-4bfb-ba29-b4761d76e06c-1024x768.jpg 1024w, https:\/\/www.radiopiu.net\/wordpress\/wp-content\/uploads\/2025\/12\/970f239e-9f65-4bfb-ba29-b4761d76e06c-768x576.jpg 768w, https:\/\/www.radiopiu.net\/wordpress\/wp-content\/uploads\/2025\/12\/970f239e-9f65-4bfb-ba29-b4761d76e06c-1536x1152.jpg 1536w, https:\/\/www.radiopiu.net\/wordpress\/wp-content\/uploads\/2025\/12\/970f239e-9f65-4bfb-ba29-b4761d76e06c.jpg 1600w\" sizes=\"auto, (max-width: 300px) 100vw, 300px\" \/><\/a>\n\t\t\t\t<\/dt><\/dl><br style=\"clear: both\" \/>\n\t\t\t<\/div>\n\n<p>&nbsp;<\/p>\n<hr \/>\n<p>&nbsp;<\/p>\n<h2><span style=\"color: #ffcc00;\">I 20 ANNI DI PROTEZIONE CIVILE A VOLTAGO. IL 20 DICEMBRE LA FESTA<\/span><\/h2>\n<p><strong>DI MARCO GAZ<\/strong><\/p>\n<p>OSPITI: Giuseppe Schena, Samuel Da Campo e Alice Feltrin<\/p>\n<audio class=\"wp-audio-shortcode\" id=\"audio-485276-23\" preload=\"none\" style=\"width: 100%;\" controls=\"controls\"><source type=\"audio\/mpeg\" src=\"https:\/\/www.radiopiu.net\/wordpress\/wp-content\/uploads\/2025\/12\/20-ANNI-PROTEZIONE-CIVILE-VOLTAGO-1.mp3?_=23\" \/><a href=\"https:\/\/www.radiopiu.net\/wordpress\/wp-content\/uploads\/2025\/12\/20-ANNI-PROTEZIONE-CIVILE-VOLTAGO-1.mp3\">https:\/\/www.radiopiu.net\/wordpress\/wp-content\/uploads\/2025\/12\/20-ANNI-PROTEZIONE-CIVILE-VOLTAGO-1.mp3<\/a><\/audio>\n<p>&nbsp;<\/p>\n\n\t\t\t<style type='text\/css'>\n\t\t\t\t#gallery-6 {\n\t\t\t\t\tmargin: auto;\n\t\t\t\t}\n\t\t\t\t#gallery-6 .gallery-item {\n\t\t\t\t\tfloat: left;\n\t\t\t\t\tmargin-top: 10px;\n\t\t\t\t\ttext-align: center;\n\t\t\t\t\twidth: 33%;\n\t\t\t\t}\n\t\t\t\t#gallery-6 img {\n\t\t\t\t\tborder: 2px solid #cfcfcf;\n\t\t\t\t}\n\t\t\t\t#gallery-6 .gallery-caption {\n\t\t\t\t\tmargin-left: 0;\n\t\t\t\t}\n\t\t\t\t\/* see gallery_shortcode() in wp-includes\/media.php *\/\n\t\t\t<\/style>\n\t\t<div id='gallery-6' class='dt-gallery-container gallery galleryid-485276 gallery-columns-3 gallery-size-medium'><dl class='gallery-item'>\n\t\t\t\t<dt class='gallery-icon landscape'>\n\t\t\t\t\t<a class=\"rollover rollover-zoom dt-pswp-item\" title=\"81697e95-ca7b-4b2c-924c-263f576f90ed\" data-dt-img-description=\"\" data-large_image_width=\"1448\" data-large_image_height=\"972\"href='https:\/\/www.radiopiu.net\/wordpress\/wp-content\/uploads\/2025\/12\/81697e95-ca7b-4b2c-924c-263f576f90ed.jpg'><img loading=\"lazy\" decoding=\"async\" width=\"300\" height=\"201\" src=\"https:\/\/www.radiopiu.net\/wordpress\/wp-content\/uploads\/2025\/12\/81697e95-ca7b-4b2c-924c-263f576f90ed-300x201.jpg\" class=\"attachment-medium size-medium\" alt=\"\" srcset=\"https:\/\/www.radiopiu.net\/wordpress\/wp-content\/uploads\/2025\/12\/81697e95-ca7b-4b2c-924c-263f576f90ed-300x201.jpg 300w, https:\/\/www.radiopiu.net\/wordpress\/wp-content\/uploads\/2025\/12\/81697e95-ca7b-4b2c-924c-263f576f90ed-1024x687.jpg 1024w, https:\/\/www.radiopiu.net\/wordpress\/wp-content\/uploads\/2025\/12\/81697e95-ca7b-4b2c-924c-263f576f90ed-768x516.jpg 768w, https:\/\/www.radiopiu.net\/wordpress\/wp-content\/uploads\/2025\/12\/81697e95-ca7b-4b2c-924c-263f576f90ed.jpg 1448w\" sizes=\"auto, (max-width: 300px) 100vw, 300px\" \/><\/a>\n\t\t\t\t<\/dt><\/dl><dl class='gallery-item'>\n\t\t\t\t<dt class='gallery-icon landscape'>\n\t\t\t\t\t<a class=\"rollover rollover-zoom dt-pswp-item\" title=\"bf5826ba-9fe7-48cf-bc85-16c9cab86955\" data-dt-img-description=\"\" data-large_image_width=\"1600\" data-large_image_height=\"1200\"href='https:\/\/www.radiopiu.net\/wordpress\/wp-content\/uploads\/2025\/12\/bf5826ba-9fe7-48cf-bc85-16c9cab86955.jpg'><img loading=\"lazy\" decoding=\"async\" width=\"300\" height=\"225\" src=\"https:\/\/www.radiopiu.net\/wordpress\/wp-content\/uploads\/2025\/12\/bf5826ba-9fe7-48cf-bc85-16c9cab86955-300x225.jpg\" class=\"attachment-medium size-medium\" alt=\"\" srcset=\"https:\/\/www.radiopiu.net\/wordpress\/wp-content\/uploads\/2025\/12\/bf5826ba-9fe7-48cf-bc85-16c9cab86955-300x225.jpg 300w, https:\/\/www.radiopiu.net\/wordpress\/wp-content\/uploads\/2025\/12\/bf5826ba-9fe7-48cf-bc85-16c9cab86955-1024x768.jpg 1024w, https:\/\/www.radiopiu.net\/wordpress\/wp-content\/uploads\/2025\/12\/bf5826ba-9fe7-48cf-bc85-16c9cab86955-768x576.jpg 768w, https:\/\/www.radiopiu.net\/wordpress\/wp-content\/uploads\/2025\/12\/bf5826ba-9fe7-48cf-bc85-16c9cab86955-1536x1152.jpg 1536w, https:\/\/www.radiopiu.net\/wordpress\/wp-content\/uploads\/2025\/12\/bf5826ba-9fe7-48cf-bc85-16c9cab86955.jpg 1600w\" sizes=\"auto, (max-width: 300px) 100vw, 300px\" \/><\/a>\n\t\t\t\t<\/dt><\/dl><dl class='gallery-item'>\n\t\t\t\t<dt class='gallery-icon landscape'>\n\t\t\t\t\t<a class=\"rollover rollover-zoom dt-pswp-item\" title=\"26ac89ec-a8be-4d44-88e1-a581ec8afa79\" data-dt-img-description=\"\" data-large_image_width=\"1344\" data-large_image_height=\"756\"href='https:\/\/www.radiopiu.net\/wordpress\/wp-content\/uploads\/2025\/12\/26ac89ec-a8be-4d44-88e1-a581ec8afa79.jpg'><img loading=\"lazy\" decoding=\"async\" width=\"300\" height=\"169\" src=\"https:\/\/www.radiopiu.net\/wordpress\/wp-content\/uploads\/2025\/12\/26ac89ec-a8be-4d44-88e1-a581ec8afa79-300x169.jpg\" class=\"attachment-medium size-medium\" alt=\"\" srcset=\"https:\/\/www.radiopiu.net\/wordpress\/wp-content\/uploads\/2025\/12\/26ac89ec-a8be-4d44-88e1-a581ec8afa79-300x169.jpg 300w, https:\/\/www.radiopiu.net\/wordpress\/wp-content\/uploads\/2025\/12\/26ac89ec-a8be-4d44-88e1-a581ec8afa79-1024x576.jpg 1024w, https:\/\/www.radiopiu.net\/wordpress\/wp-content\/uploads\/2025\/12\/26ac89ec-a8be-4d44-88e1-a581ec8afa79-768x432.jpg 768w, https:\/\/www.radiopiu.net\/wordpress\/wp-content\/uploads\/2025\/12\/26ac89ec-a8be-4d44-88e1-a581ec8afa79.jpg 1344w\" sizes=\"auto, (max-width: 300px) 100vw, 300px\" \/><\/a>\n\t\t\t\t<\/dt><\/dl><br style=\"clear: both\" \/>\n\t\t\t<\/div>\n\n<p>&nbsp;<\/p>\n<hr \/>\n<p>&nbsp;<\/p>\n<h2><span style=\"color: #00ffff;\">SABATO TORNANO I KRAMPUS A FRASSENE&#8217;<\/span><\/h2>\n<p><strong><a class=\"dt-pswp-item\" href=\"https:\/\/www.radiopiu.net\/wordpress\/wp-content\/uploads\/2025\/12\/1c34cb4b-3125-436a-b177-595b6ed38478.jpg\" data-dt-img-description=\"\" data-large_image_width=\"1600\" data-large_image_height=\"1200\"><img loading=\"lazy\" decoding=\"async\" class=\" wp-image-485453 alignleft\" src=\"https:\/\/www.radiopiu.net\/wordpress\/wp-content\/uploads\/2025\/12\/1c34cb4b-3125-436a-b177-595b6ed38478-300x225.jpg\" alt=\"\" width=\"156\" height=\"117\" srcset=\"https:\/\/www.radiopiu.net\/wordpress\/wp-content\/uploads\/2025\/12\/1c34cb4b-3125-436a-b177-595b6ed38478-300x225.jpg 300w, https:\/\/www.radiopiu.net\/wordpress\/wp-content\/uploads\/2025\/12\/1c34cb4b-3125-436a-b177-595b6ed38478-1024x768.jpg 1024w, https:\/\/www.radiopiu.net\/wordpress\/wp-content\/uploads\/2025\/12\/1c34cb4b-3125-436a-b177-595b6ed38478-768x576.jpg 768w, https:\/\/www.radiopiu.net\/wordpress\/wp-content\/uploads\/2025\/12\/1c34cb4b-3125-436a-b177-595b6ed38478-1536x1152.jpg 1536w, https:\/\/www.radiopiu.net\/wordpress\/wp-content\/uploads\/2025\/12\/1c34cb4b-3125-436a-b177-595b6ed38478.jpg 1600w\" sizes=\"auto, (max-width: 156px) 100vw, 156px\" \/><\/a>DI MARCO GAZ<\/strong><\/p>\n<p>OSPITI: Miriam Zasso, Giuseppe Schena, Alice Feltrin e Samuel Da Campo<\/p>\n<audio class=\"wp-audio-shortcode\" id=\"audio-485276-24\" preload=\"none\" style=\"width: 100%;\" controls=\"controls\"><source type=\"audio\/mpeg\" src=\"https:\/\/www.radiopiu.net\/wordpress\/wp-content\/uploads\/2025\/12\/KRAMPUS-FRASSENE-2025.mp3?_=24\" \/><a href=\"https:\/\/www.radiopiu.net\/wordpress\/wp-content\/uploads\/2025\/12\/KRAMPUS-FRASSENE-2025.mp3\">https:\/\/www.radiopiu.net\/wordpress\/wp-content\/uploads\/2025\/12\/KRAMPUS-FRASSENE-2025.mp3<\/a><\/audio>\n<p>&nbsp;<\/p>\n<hr \/>\n<p>&nbsp;<\/p>\n<h2><span style=\"color: #993300;\">ASSOCIAZIONE ACCADEMIA DELLA SCHERMA<\/span><\/h2>\n<p><strong><a class=\"dt-pswp-item\" href=\"https:\/\/www.radiopiu.net\/wordpress\/wp-content\/uploads\/2025\/12\/lfjhosodmhsjng.jpg\" data-dt-img-description=\"\" data-large_image_width=\"588\" data-large_image_height=\"403\"><img loading=\"lazy\" decoding=\"async\" class=\" wp-image-485460 alignleft\" src=\"https:\/\/www.radiopiu.net\/wordpress\/wp-content\/uploads\/2025\/12\/lfjhosodmhsjng-300x206.jpg\" alt=\"\" width=\"178\" height=\"122\" srcset=\"https:\/\/www.radiopiu.net\/wordpress\/wp-content\/uploads\/2025\/12\/lfjhosodmhsjng-300x206.jpg 300w, https:\/\/www.radiopiu.net\/wordpress\/wp-content\/uploads\/2025\/12\/lfjhosodmhsjng.jpg 588w\" sizes=\"auto, (max-width: 178px) 100vw, 178px\" \/><\/a>DI MARINA DONA&#8217;<\/strong><\/p>\n<p>OSPITE: Luca Basile<\/p>\n<audio class=\"wp-audio-shortcode\" id=\"audio-485276-25\" preload=\"none\" style=\"width: 100%;\" controls=\"controls\"><source type=\"audio\/mpeg\" src=\"https:\/\/www.radiopiu.net\/wordpress\/wp-content\/uploads\/2025\/12\/REPORTER-ASSOCIAZIONE-ACCADEMIA-SCHERMA-DI-BELLUNO-LUCA-BASILE-1.mp3?_=25\" \/><a href=\"https:\/\/www.radiopiu.net\/wordpress\/wp-content\/uploads\/2025\/12\/REPORTER-ASSOCIAZIONE-ACCADEMIA-SCHERMA-DI-BELLUNO-LUCA-BASILE-1.mp3\">https:\/\/www.radiopiu.net\/wordpress\/wp-content\/uploads\/2025\/12\/REPORTER-ASSOCIAZIONE-ACCADEMIA-SCHERMA-DI-BELLUNO-LUCA-BASILE-1.mp3<\/a><\/audio>\n<p>&nbsp;<\/p>\n<hr \/>\n<div class=\"page-title-head hgroup\">\n<h1><\/h1>\n<h1 class=\"entry-title\">CON MAGIC TEACHER CLAUDIA A GIUGNO VERSO IL CANADA<\/h1>\n<\/div>\n<div class=\"page-title-breadcrumbs\">\n<p><strong><a class=\"dt-pswp-item\" href=\"https:\/\/www.radiopiu.net\/wordpress\/wp-content\/uploads\/2022\/01\/CLAUDIA-SOPPELSA.jpeg\" data-dt-img-description=\"\" data-large_image_width=\"1600\" data-large_image_height=\"901\"><img loading=\"lazy\" decoding=\"async\" class=\"wp-image-254995 alignleft\" src=\"https:\/\/www.radiopiu.net\/wordpress\/wp-content\/uploads\/2022\/01\/CLAUDIA-SOPPELSA-300x169.jpeg\" alt=\"\" width=\"197\" height=\"111\" srcset=\"https:\/\/www.radiopiu.net\/wordpress\/wp-content\/uploads\/2022\/01\/CLAUDIA-SOPPELSA-300x169.jpeg 300w, https:\/\/www.radiopiu.net\/wordpress\/wp-content\/uploads\/2022\/01\/CLAUDIA-SOPPELSA-1024x577.jpeg 1024w, https:\/\/www.radiopiu.net\/wordpress\/wp-content\/uploads\/2022\/01\/CLAUDIA-SOPPELSA-768x432.jpeg 768w, https:\/\/www.radiopiu.net\/wordpress\/wp-content\/uploads\/2022\/01\/CLAUDIA-SOPPELSA-1536x865.jpeg 1536w, https:\/\/www.radiopiu.net\/wordpress\/wp-content\/uploads\/2022\/01\/CLAUDIA-SOPPELSA.jpeg 1600w\" sizes=\"auto, (max-width: 197px) 100vw, 197px\" \/><\/a>AUDIO DI MIRKO MEZZACASA<\/strong><\/p>\n<audio class=\"wp-audio-shortcode\" id=\"audio-485276-26\" preload=\"none\" style=\"width: 100%;\" controls=\"controls\"><source type=\"audio\/mpeg\" src=\"https:\/\/www.radiopiu.net\/wordpress\/wp-content\/uploads\/2025\/07\/CLAUDIA-TEACHER-DICEMBRE-2025.mp3?_=26\" \/><a href=\"https:\/\/www.radiopiu.net\/wordpress\/wp-content\/uploads\/2025\/07\/CLAUDIA-TEACHER-DICEMBRE-2025.mp3\">https:\/\/www.radiopiu.net\/wordpress\/wp-content\/uploads\/2025\/07\/CLAUDIA-TEACHER-DICEMBRE-2025.mp3<\/a><\/audio>\n<p>&nbsp;<\/p>\n<\/div>\n<p>&nbsp;<\/p>\n<hr \/>\n<p>&nbsp;<\/p>\n<h2><span style=\"color: #99cc00;\">I CONSIGLI DI GIANLUCA&#8230;DA DOLOMITI BEER &amp; WINE SHOP<\/span><\/h2>\n<p><strong>11 DICEMBRE GRAPPA POLI SARPA EVE KOSHER CON TUBO<\/strong><\/p>\n<p><img loading=\"lazy\" decoding=\"async\" class=\"alignleft\" src=\"https:\/\/www.radiopiu.net\/wordpress\/wp-content\/uploads\/2025\/12\/Screenshot-2025-12-11-064017.png\" width=\"220\" height=\"142\" \/>La Grappa Poli Sarpa Eve Kosher nasce dalla storica distilleria Poli, fondata nel 1898 a Schiavon (Vicenza). \u00c8 ottenuta da vinacce fresche di Moscato Fior d\u2019Arancio e Moscato Bianco, distillate artigianalmente in piccoli lotti con alambicchi in rame a bagnomaria. La certificazione Kosher \u00e8 garantita dal rabbinato di Padova e dagli enti internazionali OU (USA) e Badatz Beit Yossef (Israele), assicurando il rispetto delle regole di purezza e ritualit\u00e0. Aspetto: incolore e cristallino. Aroma: fruttato e floreale, con note di agrumi e fiori d\u2019arancio. Gusto: morbido, ampio e persistente, con finale elegante. Gradazione: 40% vol. Servizio: bicchiere a tulipano, 10\u201315 \u00b0C. La confezione in tubo metallico ne esalta il pregio e la rende perfetta anche come regalo.<\/p>\n<p><strong>PAROLA DI GIANLUCA,\u00a0 E&#8217; LA RUBRICA IN ONDA SU RADIOPIU OGNI GIORNO ALLE 7.10, 18.10, 21.50&#8230;NOTIZIE CONSIGLI E MOLTA CORDIALIT\u00e0 NEGLI INTERVENTI DI GIANLUCA DAI PUNTI VENDITA DI TAIBON, SEDICO E FELTRE<\/strong><\/p>\n<p>AUDIO<\/p>\n<audio class=\"wp-audio-shortcode\" id=\"audio-485276-27\" preload=\"none\" style=\"width: 100%;\" controls=\"controls\"><source type=\"audio\/mpeg\" src=\"https:\/\/www.radiopiu.net\/wordpress\/wp-content\/uploads\/2025\/12\/GWINE1A-7.mp3?_=27\" \/><a href=\"https:\/\/www.radiopiu.net\/wordpress\/wp-content\/uploads\/2025\/12\/GWINE1A-7.mp3\">https:\/\/www.radiopiu.net\/wordpress\/wp-content\/uploads\/2025\/12\/GWINE1A-7.mp3<\/a><\/audio>\n<p>&nbsp;<\/p>\n<h2><strong>LA RACCOLTA COMPLETA <a href=\"https:\/\/www.radiopiu.net\/wordpress\/paroladic6\/\"><span style=\"color: #3366ff;\">CLICCA QUI<\/span><\/a><\/strong><\/h2>\n<p>&nbsp;<\/p>\n<hr \/>\n<p>&nbsp;<\/p>\n<p><span style=\"color: #ff0000;\"><img loading=\"lazy\" decoding=\"async\" class=\"wp-image-61958 size-full aligncenter\" src=\"https:\/\/www.radiopiu.net\/wordpress\/wp-content\/uploads\/2018\/09\/appuntamenti.jpeg\" alt=\"\" width=\"800\" height=\"100\" srcset=\"https:\/\/www.radiopiu.net\/wordpress\/wp-content\/uploads\/2018\/09\/appuntamenti.jpeg 800w, https:\/\/www.radiopiu.net\/wordpress\/wp-content\/uploads\/2018\/09\/appuntamenti-300x38.jpeg 300w, https:\/\/www.radiopiu.net\/wordpress\/wp-content\/uploads\/2018\/09\/appuntamenti-768x96.jpeg 768w\" sizes=\"auto, (max-width: 800px) 100vw, 800px\" \/><\/span><\/p>\n<p>&nbsp;<\/p>\n\n\t\t\t<style type='text\/css'>\n\t\t\t\t#gallery-7 {\n\t\t\t\t\tmargin: auto;\n\t\t\t\t}\n\t\t\t\t#gallery-7 .gallery-item {\n\t\t\t\t\tfloat: left;\n\t\t\t\t\tmargin-top: 10px;\n\t\t\t\t\ttext-align: center;\n\t\t\t\t\twidth: 25%;\n\t\t\t\t}\n\t\t\t\t#gallery-7 img {\n\t\t\t\t\tborder: 2px solid #cfcfcf;\n\t\t\t\t}\n\t\t\t\t#gallery-7 .gallery-caption {\n\t\t\t\t\tmargin-left: 0;\n\t\t\t\t}\n\t\t\t\t\/* see gallery_shortcode() in wp-includes\/media.php *\/\n\t\t\t<\/style>\n\t\t<div id='gallery-7' class='dt-gallery-container gallery galleryid-485276 gallery-columns-4 gallery-size-thumbnail'><dl class='gallery-item'>\n\t\t\t\t<dt class='gallery-icon landscape'>\n\t\t\t\t\t<a class=\"rollover rollover-zoom dt-pswp-item\" title=\"542759768_1187692263404454_707530732478693509_n\" data-dt-img-description=\"\" data-large_image_width=\"1440\" data-large_image_height=\"1440\"href='https:\/\/www.radiopiu.net\/wordpress\/wp-content\/uploads\/2025\/10\/542759768_1187692263404454_707530732478693509_n.jpg'><img loading=\"lazy\" decoding=\"async\" width=\"150\" height=\"150\" src=\"https:\/\/www.radiopiu.net\/wordpress\/wp-content\/uploads\/2025\/10\/542759768_1187692263404454_707530732478693509_n-150x150.jpg\" class=\"attachment-thumbnail size-thumbnail\" alt=\"\" srcset=\"https:\/\/www.radiopiu.net\/wordpress\/wp-content\/uploads\/2025\/10\/542759768_1187692263404454_707530732478693509_n-150x150.jpg 150w, https:\/\/www.radiopiu.net\/wordpress\/wp-content\/uploads\/2025\/10\/542759768_1187692263404454_707530732478693509_n-300x300.jpg 300w, https:\/\/www.radiopiu.net\/wordpress\/wp-content\/uploads\/2025\/10\/542759768_1187692263404454_707530732478693509_n-1024x1024.jpg 1024w, https:\/\/www.radiopiu.net\/wordpress\/wp-content\/uploads\/2025\/10\/542759768_1187692263404454_707530732478693509_n-768x768.jpg 768w, https:\/\/www.radiopiu.net\/wordpress\/wp-content\/uploads\/2025\/10\/542759768_1187692263404454_707530732478693509_n.jpg 1440w\" sizes=\"auto, (max-width: 150px) 100vw, 150px\" \/><\/a>\n\t\t\t\t<\/dt><\/dl><dl class='gallery-item'>\n\t\t\t\t<dt class='gallery-icon portrait'>\n\t\t\t\t\t<a class=\"rollover rollover-zoom dt-pswp-item\" title=\"41ae8cc6-1016-46be-9558-ad085b650586\" data-dt-img-description=\"\" data-large_image_width=\"1041\" data-large_image_height=\"1434\"href='https:\/\/www.radiopiu.net\/wordpress\/wp-content\/uploads\/2025\/12\/41ae8cc6-1016-46be-9558-ad085b650586.jpeg'><img loading=\"lazy\" decoding=\"async\" width=\"150\" height=\"150\" src=\"https:\/\/www.radiopiu.net\/wordpress\/wp-content\/uploads\/2025\/12\/41ae8cc6-1016-46be-9558-ad085b650586-150x150.jpeg\" class=\"attachment-thumbnail size-thumbnail\" alt=\"\" \/><\/a>\n\t\t\t\t<\/dt><\/dl><dl class='gallery-item'>\n\t\t\t\t<dt class='gallery-icon portrait'>\n\t\t\t\t\t<a class=\"rollover rollover-zoom dt-pswp-item\" title=\"locandina mostra Castellavazzo\" data-dt-img-description=\"\" data-large_image_width=\"1810\" data-large_image_height=\"2560\"href='https:\/\/www.radiopiu.net\/wordpress\/wp-content\/uploads\/2025\/11\/locandina-mostra-Castellavazzo-scaled.jpg'><img loading=\"lazy\" decoding=\"async\" width=\"150\" height=\"150\" src=\"https:\/\/www.radiopiu.net\/wordpress\/wp-content\/uploads\/2025\/11\/locandina-mostra-Castellavazzo-150x150.jpg\" class=\"attachment-thumbnail size-thumbnail\" alt=\"\" \/><\/a>\n\t\t\t\t<\/dt><\/dl><dl class='gallery-item'>\n\t\t\t\t<dt class='gallery-icon portrait'>\n\t\t\t\t\t<a class=\"rollover rollover-zoom dt-pswp-item\" title=\"803dde58-9f48-4809-89fc-1f29d2b69f8e\" data-dt-img-description=\"\" data-large_image_width=\"1200\" data-large_image_height=\"1600\"href='https:\/\/www.radiopiu.net\/wordpress\/wp-content\/uploads\/2025\/12\/803dde58-9f48-4809-89fc-1f29d2b69f8e.jpg'><img loading=\"lazy\" decoding=\"async\" width=\"150\" height=\"150\" src=\"https:\/\/www.radiopiu.net\/wordpress\/wp-content\/uploads\/2025\/12\/803dde58-9f48-4809-89fc-1f29d2b69f8e-150x150.jpg\" class=\"attachment-thumbnail size-thumbnail\" alt=\"\" \/><\/a>\n\t\t\t\t<\/dt><\/dl><br style=\"clear: both\" \/><dl class='gallery-item'>\n\t\t\t\t<dt class='gallery-icon portrait'>\n\t\t\t\t\t<a class=\"rollover rollover-zoom dt-pswp-item\" title=\"bfa278b5-b2ea-4c14-b3e2-d6c9796f3fd4\" data-dt-img-description=\"\" data-large_image_width=\"1131\" data-large_image_height=\"1600\"href='https:\/\/www.radiopiu.net\/wordpress\/wp-content\/uploads\/2025\/11\/bfa278b5-b2ea-4c14-b3e2-d6c9796f3fd4.jpg'><img loading=\"lazy\" decoding=\"async\" width=\"150\" height=\"150\" src=\"https:\/\/www.radiopiu.net\/wordpress\/wp-content\/uploads\/2025\/11\/bfa278b5-b2ea-4c14-b3e2-d6c9796f3fd4-150x150.jpg\" class=\"attachment-thumbnail size-thumbnail\" alt=\"\" \/><\/a>\n\t\t\t\t<\/dt><\/dl><dl class='gallery-item'>\n\t\t\t\t<dt class='gallery-icon portrait'>\n\t\t\t\t\t<a class=\"rollover rollover-zoom dt-pswp-item\" title=\"JGHOL\" data-dt-img-description=\"\" data-large_image_width=\"646\" data-large_image_height=\"914\"href='https:\/\/www.radiopiu.net\/wordpress\/wp-content\/uploads\/2025\/12\/JGHOL.jpg'><img loading=\"lazy\" decoding=\"async\" width=\"150\" height=\"150\" src=\"https:\/\/www.radiopiu.net\/wordpress\/wp-content\/uploads\/2025\/12\/JGHOL-150x150.jpg\" class=\"attachment-thumbnail size-thumbnail\" alt=\"\" \/><\/a>\n\t\t\t\t<\/dt><\/dl><dl class='gallery-item'>\n\t\t\t\t<dt class='gallery-icon portrait'>\n\t\t\t\t\t<a class=\"rollover rollover-zoom dt-pswp-item\" title=\"Pasuch_Silicosi 12 dicembre\" data-dt-img-description=\"\" data-large_image_width=\"1754\" data-large_image_height=\"2481\"href='https:\/\/www.radiopiu.net\/wordpress\/wp-content\/uploads\/2025\/12\/Pasuch_Silicosi-12-dicembre.jpg'><img loading=\"lazy\" decoding=\"async\" width=\"150\" height=\"150\" src=\"https:\/\/www.radiopiu.net\/wordpress\/wp-content\/uploads\/2025\/12\/Pasuch_Silicosi-12-dicembre-150x150.jpg\" class=\"attachment-thumbnail size-thumbnail\" alt=\"\" \/><\/a>\n\t\t\t\t<\/dt><\/dl><dl class='gallery-item'>\n\t\t\t\t<dt class='gallery-icon portrait'>\n\t\t\t\t\t<a class=\"rollover rollover-zoom dt-pswp-item\" title=\"8c4c4afb-2623-48d6-a91f-be13bdb7bf34\" data-dt-img-description=\"\" data-large_image_width=\"636\" data-large_image_height=\"1220\"href='https:\/\/www.radiopiu.net\/wordpress\/wp-content\/uploads\/2025\/12\/8c4c4afb-2623-48d6-a91f-be13bdb7bf34.jpg'><img loading=\"lazy\" decoding=\"async\" width=\"150\" height=\"150\" src=\"https:\/\/www.radiopiu.net\/wordpress\/wp-content\/uploads\/2025\/12\/8c4c4afb-2623-48d6-a91f-be13bdb7bf34-150x150.jpg\" class=\"attachment-thumbnail size-thumbnail\" alt=\"\" \/><\/a>\n\t\t\t\t<\/dt><\/dl><br style=\"clear: both\" \/><dl class='gallery-item'>\n\t\t\t\t<dt class='gallery-icon portrait'>\n\t\t\t\t\t<a class=\"rollover rollover-zoom dt-pswp-item\" title=\"c1013ae7-ceb8-44da-9784-b85dc0038aa1\" data-dt-img-description=\"\" data-large_image_width=\"1080\" data-large_image_height=\"1508\"href='https:\/\/www.radiopiu.net\/wordpress\/wp-content\/uploads\/2025\/12\/c1013ae7-ceb8-44da-9784-b85dc0038aa1.jpg'><img loading=\"lazy\" decoding=\"async\" width=\"150\" height=\"150\" src=\"https:\/\/www.radiopiu.net\/wordpress\/wp-content\/uploads\/2025\/12\/c1013ae7-ceb8-44da-9784-b85dc0038aa1-150x150.jpg\" class=\"attachment-thumbnail size-thumbnail\" alt=\"\" \/><\/a>\n\t\t\t\t<\/dt><\/dl><dl class='gallery-item'>\n\t\t\t\t<dt class='gallery-icon portrait'>\n\t\t\t\t\t<a class=\"rollover rollover-zoom dt-pswp-item\" title=\"2772c7f3-6eff-4c3d-9f5b-38069263c341\" data-dt-img-description=\"\" data-large_image_width=\"937\" data-large_image_height=\"1600\"href='https:\/\/www.radiopiu.net\/wordpress\/wp-content\/uploads\/2025\/11\/2772c7f3-6eff-4c3d-9f5b-38069263c341.jpg'><img loading=\"lazy\" decoding=\"async\" width=\"150\" height=\"150\" src=\"https:\/\/www.radiopiu.net\/wordpress\/wp-content\/uploads\/2025\/11\/2772c7f3-6eff-4c3d-9f5b-38069263c341-150x150.jpg\" class=\"attachment-thumbnail size-thumbnail\" alt=\"\" \/><\/a>\n\t\t\t\t<\/dt><\/dl><dl class='gallery-item'>\n\t\t\t\t<dt class='gallery-icon portrait'>\n\t\t\t\t\t<a class=\"rollover rollover-zoom dt-pswp-item\" title=\"Screenshot\" data-dt-img-description=\"\" data-large_image_width=\"1420\" data-large_image_height=\"1802\"href='https:\/\/www.radiopiu.net\/wordpress\/wp-content\/uploads\/2025\/12\/SCR-20251208-shvr.jpeg'><img loading=\"lazy\" decoding=\"async\" width=\"150\" height=\"150\" src=\"https:\/\/www.radiopiu.net\/wordpress\/wp-content\/uploads\/2025\/12\/SCR-20251208-shvr-150x150.jpeg\" class=\"attachment-thumbnail size-thumbnail\" alt=\"\" aria-describedby=\"gallery-7-484846\" \/><\/a>\n\t\t\t\t<\/dt>\n\t\t\t\t\t<dd class='wp-caption-text gallery-caption' id='gallery-7-484846'>\n\t\t\t\t\tScreenshot\n\t\t\t\t\t<\/dd><\/dl><dl class='gallery-item'>\n\t\t\t\t<dt class='gallery-icon portrait'>\n\t\t\t\t\t<a class=\"rollover rollover-zoom dt-pswp-item\" title=\"Screenshot\" data-dt-img-description=\"\" data-large_image_width=\"1466\" data-large_image_height=\"1908\"href='https:\/\/www.radiopiu.net\/wordpress\/wp-content\/uploads\/2025\/12\/SCR-20251209-tskz.jpeg'><img loading=\"lazy\" decoding=\"async\" width=\"150\" height=\"150\" src=\"https:\/\/www.radiopiu.net\/wordpress\/wp-content\/uploads\/2025\/12\/SCR-20251209-tskz-150x150.jpeg\" class=\"attachment-thumbnail size-thumbnail\" alt=\"\" aria-describedby=\"gallery-7-485100\" \/><\/a>\n\t\t\t\t<\/dt>\n\t\t\t\t\t<dd class='wp-caption-text gallery-caption' id='gallery-7-485100'>\n\t\t\t\t\tScreenshot\n\t\t\t\t\t<\/dd><\/dl><br style=\"clear: both\" \/><dl class='gallery-item'>\n\t\t\t\t<dt class='gallery-icon portrait'>\n\t\t\t\t\t<a class=\"rollover rollover-zoom dt-pswp-item\" title=\"d81baad9-8886-4bdd-850c-b5aec1887cba\" data-dt-img-description=\"\" data-large_image_width=\"982\" data-large_image_height=\"1374\"href='https:\/\/www.radiopiu.net\/wordpress\/wp-content\/uploads\/2025\/12\/d81baad9-8886-4bdd-850c-b5aec1887cba.jpg'><img loading=\"lazy\" decoding=\"async\" width=\"150\" height=\"150\" src=\"https:\/\/www.radiopiu.net\/wordpress\/wp-content\/uploads\/2025\/12\/d81baad9-8886-4bdd-850c-b5aec1887cba-150x150.jpg\" class=\"attachment-thumbnail size-thumbnail\" alt=\"\" \/><\/a>\n\t\t\t\t<\/dt><\/dl><dl class='gallery-item'>\n\t\t\t\t<dt class='gallery-icon portrait'>\n\t\t\t\t\t<a class=\"rollover rollover-zoom dt-pswp-item\" title=\"Screenshot\" data-dt-img-description=\"\" data-large_image_width=\"1476\" data-large_image_height=\"1960\"href='https:\/\/www.radiopiu.net\/wordpress\/wp-content\/uploads\/2025\/12\/SCR-20251208-piot.jpeg'><img loading=\"lazy\" decoding=\"async\" width=\"150\" height=\"150\" src=\"https:\/\/www.radiopiu.net\/wordpress\/wp-content\/uploads\/2025\/12\/SCR-20251208-piot-150x150.jpeg\" class=\"attachment-thumbnail size-thumbnail\" alt=\"\" \/><\/a>\n\t\t\t\t<\/dt><\/dl><dl class='gallery-item'>\n\t\t\t\t<dt class='gallery-icon portrait'>\n\t\t\t\t\t<a class=\"rollover rollover-zoom dt-pswp-item\" title=\"40fc71c4-2534-425a-b717-cc3f8c5033c8\" data-dt-img-description=\"\" data-large_image_width=\"1131\" data-large_image_height=\"1600\"href='https:\/\/www.radiopiu.net\/wordpress\/wp-content\/uploads\/2025\/11\/40fc71c4-2534-425a-b717-cc3f8c5033c8.jpg'><img loading=\"lazy\" decoding=\"async\" width=\"150\" height=\"150\" src=\"https:\/\/www.radiopiu.net\/wordpress\/wp-content\/uploads\/2025\/11\/40fc71c4-2534-425a-b717-cc3f8c5033c8-150x150.jpg\" class=\"attachment-thumbnail size-thumbnail\" alt=\"\" \/><\/a>\n\t\t\t\t<\/dt><\/dl><dl class='gallery-item'>\n\t\t\t\t<dt class='gallery-icon portrait'>\n\t\t\t\t\t<a class=\"rollover rollover-zoom dt-pswp-item\" title=\"IMG-20251203-WA0003\" data-dt-img-description=\"\" data-large_image_width=\"900\" data-large_image_height=\"1600\"href='https:\/\/www.radiopiu.net\/wordpress\/wp-content\/uploads\/2025\/12\/IMG-20251203-WA0003.jpg'><img loading=\"lazy\" decoding=\"async\" width=\"150\" height=\"150\" src=\"https:\/\/www.radiopiu.net\/wordpress\/wp-content\/uploads\/2025\/12\/IMG-20251203-WA0003-150x150.jpg\" class=\"attachment-thumbnail size-thumbnail\" alt=\"\" \/><\/a>\n\t\t\t\t<\/dt><\/dl><br style=\"clear: both\" \/><dl class='gallery-item'>\n\t\t\t\t<dt class='gallery-icon portrait'>\n\t\t\t\t\t<a class=\"rollover rollover-zoom dt-pswp-item\" title=\"782feede-fd14-464f-8a18-cc30a8a6e342\" data-dt-img-description=\"\" data-large_image_width=\"486\" data-large_image_height=\"971\"href='https:\/\/www.radiopiu.net\/wordpress\/wp-content\/uploads\/2025\/11\/782feede-fd14-464f-8a18-cc30a8a6e342.jpg'><img loading=\"lazy\" decoding=\"async\" width=\"150\" height=\"150\" src=\"https:\/\/www.radiopiu.net\/wordpress\/wp-content\/uploads\/2025\/11\/782feede-fd14-464f-8a18-cc30a8a6e342-150x150.jpg\" class=\"attachment-thumbnail size-thumbnail\" alt=\"\" \/><\/a>\n\t\t\t\t<\/dt><\/dl><dl class='gallery-item'>\n\t\t\t\t<dt class='gallery-icon portrait'>\n\t\t\t\t\t<a class=\"rollover rollover-zoom dt-pswp-item\" title=\"2d577141-47bc-4bfc-87a8-699843effd99\" data-dt-img-description=\"\" data-large_image_width=\"1131\" data-large_image_height=\"1600\"href='https:\/\/www.radiopiu.net\/wordpress\/wp-content\/uploads\/2025\/12\/2d577141-47bc-4bfc-87a8-699843effd99.jpg'><img loading=\"lazy\" decoding=\"async\" width=\"150\" height=\"150\" src=\"https:\/\/www.radiopiu.net\/wordpress\/wp-content\/uploads\/2025\/12\/2d577141-47bc-4bfc-87a8-699843effd99-150x150.jpg\" class=\"attachment-thumbnail size-thumbnail\" alt=\"\" \/><\/a>\n\t\t\t\t<\/dt><\/dl><dl class='gallery-item'>\n\t\t\t\t<dt class='gallery-icon portrait'>\n\t\t\t\t\t<a class=\"rollover rollover-zoom dt-pswp-item\" title=\"NATALE LIMANA locandina definitiva ricorretta 3 dicembre 2025\" data-dt-img-description=\"\" data-large_image_width=\"1080\" data-large_image_height=\"1498\"href='https:\/\/www.radiopiu.net\/wordpress\/wp-content\/uploads\/2025\/12\/NATALE-LIMANA-locandina-definitiva-ricorretta-3-dicembre-2025.jpg'><img loading=\"lazy\" decoding=\"async\" width=\"150\" height=\"150\" src=\"https:\/\/www.radiopiu.net\/wordpress\/wp-content\/uploads\/2025\/12\/NATALE-LIMANA-locandina-definitiva-ricorretta-3-dicembre-2025-150x150.jpg\" class=\"attachment-thumbnail size-thumbnail\" alt=\"\" \/><\/a>\n\t\t\t\t<\/dt><\/dl><dl class='gallery-item'>\n\t\t\t\t<dt class='gallery-icon portrait'>\n\t\t\t\t\t<a class=\"rollover rollover-zoom dt-pswp-item\" title=\"e1a52110-73a7-4688-9c6b-dd3363125044\" data-dt-img-description=\"\" data-large_image_width=\"1131\" data-large_image_height=\"1600\"href='https:\/\/www.radiopiu.net\/wordpress\/wp-content\/uploads\/2025\/12\/e1a52110-73a7-4688-9c6b-dd3363125044.jpg'><img loading=\"lazy\" decoding=\"async\" width=\"150\" height=\"150\" src=\"https:\/\/www.radiopiu.net\/wordpress\/wp-content\/uploads\/2025\/12\/e1a52110-73a7-4688-9c6b-dd3363125044-150x150.jpg\" class=\"attachment-thumbnail size-thumbnail\" alt=\"\" \/><\/a>\n\t\t\t\t<\/dt><\/dl><br style=\"clear: both\" \/><dl class='gallery-item'>\n\t\t\t\t<dt class='gallery-icon portrait'>\n\t\t\t\t\t<a class=\"rollover rollover-zoom dt-pswp-item\" title=\"586740953_1283004097175673_3623727418094522816_n\" data-dt-img-description=\"\" data-large_image_width=\"514\" data-large_image_height=\"720\"href='https:\/\/www.radiopiu.net\/wordpress\/wp-content\/uploads\/2025\/11\/586740953_1283004097175673_3623727418094522816_n.jpg'><img loading=\"lazy\" decoding=\"async\" width=\"150\" height=\"150\" src=\"https:\/\/www.radiopiu.net\/wordpress\/wp-content\/uploads\/2025\/11\/586740953_1283004097175673_3623727418094522816_n-150x150.jpg\" class=\"attachment-thumbnail size-thumbnail\" alt=\"\" \/><\/a>\n\t\t\t\t<\/dt><\/dl><dl class='gallery-item'>\n\t\t\t\t<dt class='gallery-icon portrait'>\n\t\t\t\t\t<a class=\"rollover rollover-zoom dt-pswp-item\" title=\"584332528_1279625560846860_1524691345192499574_n\" data-dt-img-description=\"\" data-large_image_width=\"417\" data-large_image_height=\"590\"href='https:\/\/www.radiopiu.net\/wordpress\/wp-content\/uploads\/2025\/11\/584332528_1279625560846860_1524691345192499574_n.jpg'><img loading=\"lazy\" decoding=\"async\" width=\"150\" height=\"150\" src=\"https:\/\/www.radiopiu.net\/wordpress\/wp-content\/uploads\/2025\/11\/584332528_1279625560846860_1524691345192499574_n-150x150.jpg\" class=\"attachment-thumbnail size-thumbnail\" alt=\"\" \/><\/a>\n\t\t\t\t<\/dt><\/dl><dl class='gallery-item'>\n\t\t\t\t<dt class='gallery-icon portrait'>\n\t\t\t\t\t<a class=\"rollover rollover-zoom dt-pswp-item\" title=\"Locandina Babbo Natale\" data-dt-img-description=\"\" data-large_image_width=\"1414\" data-large_image_height=\"2000\"href='https:\/\/www.radiopiu.net\/wordpress\/wp-content\/uploads\/2025\/12\/Locandina-Babbo-Natale.jpg'><img loading=\"lazy\" decoding=\"async\" width=\"150\" height=\"150\" src=\"https:\/\/www.radiopiu.net\/wordpress\/wp-content\/uploads\/2025\/12\/Locandina-Babbo-Natale-150x150.jpg\" class=\"attachment-thumbnail size-thumbnail\" alt=\"\" \/><\/a>\n\t\t\t\t<\/dt><\/dl><dl class='gallery-item'>\n\t\t\t\t<dt class='gallery-icon portrait'>\n\t\t\t\t\t<a class=\"rollover rollover-zoom dt-pswp-item\" title=\"Locandina Tombola di Natale\" data-dt-img-description=\"\" data-large_image_width=\"1414\" data-large_image_height=\"2000\"href='https:\/\/www.radiopiu.net\/wordpress\/wp-content\/uploads\/2025\/12\/Locandina-Tombola-di-Natale.jpg'><img loading=\"lazy\" decoding=\"async\" width=\"150\" height=\"150\" src=\"https:\/\/www.radiopiu.net\/wordpress\/wp-content\/uploads\/2025\/12\/Locandina-Tombola-di-Natale-150x150.jpg\" class=\"attachment-thumbnail size-thumbnail\" alt=\"\" \/><\/a>\n\t\t\t\t<\/dt><\/dl><br style=\"clear: both\" \/><dl class='gallery-item'>\n\t\t\t\t<dt class='gallery-icon portrait'>\n\t\t\t\t\t<a class=\"rollover rollover-zoom dt-pswp-item\" title=\"Locandina Concerto di Natale\" data-dt-img-description=\"\" data-large_image_width=\"1414\" data-large_image_height=\"2000\"href='https:\/\/www.radiopiu.net\/wordpress\/wp-content\/uploads\/2025\/12\/Locandina-Concerto-di-Natale.jpg'><img loading=\"lazy\" decoding=\"async\" width=\"150\" height=\"150\" src=\"https:\/\/www.radiopiu.net\/wordpress\/wp-content\/uploads\/2025\/12\/Locandina-Concerto-di-Natale-150x150.jpg\" class=\"attachment-thumbnail size-thumbnail\" alt=\"\" \/><\/a>\n\t\t\t\t<\/dt><\/dl><dl class='gallery-item'>\n\t\t\t\t<dt class='gallery-icon portrait'>\n\t\t\t\t\t<a class=\"rollover rollover-zoom dt-pswp-item\" title=\"Locandina premiazioni presepi\" data-dt-img-description=\"\" data-large_image_width=\"1414\" data-large_image_height=\"2000\"href='https:\/\/www.radiopiu.net\/wordpress\/wp-content\/uploads\/2025\/12\/Locandina-premiazioni-presepi.jpg'><img loading=\"lazy\" decoding=\"async\" width=\"150\" height=\"150\" src=\"https:\/\/www.radiopiu.net\/wordpress\/wp-content\/uploads\/2025\/12\/Locandina-premiazioni-presepi-150x150.jpg\" class=\"attachment-thumbnail size-thumbnail\" alt=\"\" \/><\/a>\n\t\t\t\t<\/dt><\/dl>\n\t\t\t\t<br style='clear: both' \/>\n\t\t\t<\/div>\n\n<p>&nbsp;<\/p>\n<p>&nbsp;<\/p>\n<hr \/>\n<p>&nbsp;<\/p>\n<p class=\"mceTemp\"><a class=\"dt-pswp-item\" href=\"https:\/\/www.radiopiu.net\/wordpress\/wp-content\/uploads\/2018\/09\/WhatsApp-Image-2018-09-20-at-16.04.06.jpeg\" data-dt-img-description=\"\" data-large_image_width=\"800\" data-large_image_height=\"100\"><img loading=\"lazy\" decoding=\"async\" class=\"wp-image-61378 size-full aligncenter\" src=\"https:\/\/www.radiopiu.net\/wordpress\/wp-content\/uploads\/2018\/09\/WhatsApp-Image-2018-09-20-at-16.04.06.jpeg\" alt=\"\" width=\"800\" height=\"100\" srcset=\"https:\/\/www.radiopiu.net\/wordpress\/wp-content\/uploads\/2018\/09\/WhatsApp-Image-2018-09-20-at-16.04.06.jpeg 800w, https:\/\/www.radiopiu.net\/wordpress\/wp-content\/uploads\/2018\/09\/WhatsApp-Image-2018-09-20-at-16.04.06-300x38.jpeg 300w, https:\/\/www.radiopiu.net\/wordpress\/wp-content\/uploads\/2018\/09\/WhatsApp-Image-2018-09-20-at-16.04.06-768x96.jpeg 768w\" sizes=\"auto, (max-width: 800px) 100vw, 800px\" \/><\/a><\/p>\n<p>&nbsp;<\/p>\n<p><center><b>OGGI<\/b><\/center>Cielo poco nuvoloso per velature pi\u00f9 presenti al mattino ovunque e nel pomeriggio su Dolomiti. Eccellente visibilit\u00e0 in quota. Tra notte e mattino possibile formazione di nebbie o nubi basse in qualche fondovalle prealpino.<br \/>\n<b>Precipitazioni: <\/b>Assenti<br \/>\n<b>Temperature: <\/b>Temperature pressoch\u00e8 stazionarie con inversione termica nelle valli.<\/p>\n<hr \/>\n<p><center><b>DOMANI<\/b><\/center>Cielo sereno, al pi\u00f9 poco nuvoloso per qualche velatura al mattino. Ottima visibilit\u00e0 in quota.<br \/>\n<b>Precipitazioni: <\/b>Assenti<br \/>\n<b>Temperature: <\/b>Temperature stazionarie, o in lieve calo nelle valli.<\/p>\n<hr \/>\n<p><center><b>DOMENICA<\/b><\/center>Cielo sereno o al pi\u00f9 poco nuvoloso per qualche velatura. Temperature in generale lieve calo.<\/p>\n<hr \/>\n<p><center><b>LUNEDI<\/b><\/center>Al mattino sereno, dal pomeriggio velature in arrivo da sudovest fino a velato ovunque entro sera. Temperature in generale lieve calo<\/p>\n<p>&nbsp;<\/p>\n<p>&nbsp;<\/p>\n<hr \/>\n<p>&nbsp;<\/p>\n<p class=\"mceTemp\"><a class=\"dt-pswp-item\" href=\"https:\/\/www.radiopiu.net\/wordpress\/wp-content\/uploads\/2018\/09\/sport.jpg\" data-dt-img-description=\"\" data-large_image_width=\"800\" data-large_image_height=\"100\"><img loading=\"lazy\" decoding=\"async\" class=\"aligncenter wp-image-60761 size-full\" src=\"https:\/\/www.radiopiu.net\/wordpress\/wp-content\/uploads\/2018\/09\/sport.jpg\" alt=\"\" width=\"800\" height=\"100\" srcset=\"https:\/\/www.radiopiu.net\/wordpress\/wp-content\/uploads\/2018\/09\/sport.jpg 800w, https:\/\/www.radiopiu.net\/wordpress\/wp-content\/uploads\/2018\/09\/sport-300x38.jpg 300w, https:\/\/www.radiopiu.net\/wordpress\/wp-content\/uploads\/2018\/09\/sport-768x96.jpg 768w\" sizes=\"auto, (max-width: 800px) 100vw, 800px\" \/> <\/a><\/p>\n<p>&nbsp;<\/p>\n<p><strong><span style=\"color: #0000ff;\">CORSA SU STRADA<\/span><\/strong><\/p>\n<blockquote>\n<h3>WINTER RUN 2025: CORSA NATALIZIA PER LE VIE DI BELLUNO<\/h3>\n<\/blockquote>\n<p><strong><a class=\"dt-pswp-item\" href=\"https:\/\/www.radiopiu.net\/wordpress\/wp-content\/uploads\/2025\/12\/image00001-scaled.jpeg\" data-dt-img-description=\"\" data-large_image_width=\"2560\" data-large_image_height=\"1920\"><img loading=\"lazy\" decoding=\"async\" class=\" wp-image-485403 alignleft\" src=\"https:\/\/www.radiopiu.net\/wordpress\/wp-content\/uploads\/2025\/12\/image00001-300x225.jpeg\" alt=\"\" width=\"167\" height=\"125\" srcset=\"https:\/\/www.radiopiu.net\/wordpress\/wp-content\/uploads\/2025\/12\/image00001-300x225.jpeg 300w, https:\/\/www.radiopiu.net\/wordpress\/wp-content\/uploads\/2025\/12\/image00001-1024x768.jpeg 1024w, https:\/\/www.radiopiu.net\/wordpress\/wp-content\/uploads\/2025\/12\/image00001-768x576.jpeg 768w, https:\/\/www.radiopiu.net\/wordpress\/wp-content\/uploads\/2025\/12\/image00001-1536x1152.jpeg 1536w, https:\/\/www.radiopiu.net\/wordpress\/wp-content\/uploads\/2025\/12\/image00001-2048x1536.jpeg 2048w\" sizes=\"auto, (max-width: 167px) 100vw, 167px\" \/><\/a>BELLUNO <\/strong>Torna domenica 14 dicembre la Winter Run di Belluno, giunta alla terza edizione, che trasforma la citt\u00e0 in un percorso natalizio per grandi e piccoli, tutti con il berretto di Babbo Natale. La partenza e l\u2019arrivo sono in Piazza dei Martiri, con due percorsi da 3 e 9 km che attraversano centro storico e frazioni circostanti, toccando luoghi significativi della citt\u00e0. L\u2019evento, organizzato da Atletica Belluno Dolomiti e integrato nel programma \u201cNatale a Belluno\u201d da Belluno Viva, punta a superare i 400 partecipanti dello scorso anno. Sono previsti 50 volontari per la sicurezza, chiusure stradali dinamiche e aggiornamenti sui campionati europei di corsa campestre. Iscrizioni aperte fino a 15 minuti prima della partenza.<\/p>\n<p>&nbsp;<\/p>\n<p>&nbsp;<\/p>\n<p>&nbsp;<\/p>\n<p>&nbsp;<\/p>\n<p>&nbsp;<\/p>\n","protected":false},"excerpt":{"rendered":"<p>******** &nbsp; LA NUOVA\u00a0 APP \u00a0 LA\u00a0 APP PER IOS-IPHONE di Nicola Vettorello https:\/\/apps.apple.com\/it\/app\/radio-pi%C3%B9-emittente-agordina\/id1515939845 LA\u00a0 APP RADIO\u00a0 PER ANDROID di Nicola Vettorello https:\/\/play.google.com\/store\/apps\/details?id=net.radiopiu.iniko\u00a0\u00a0\u00a0\u00a0\u00a0 &nbsp; &nbsp; &nbsp; &nbsp; OGGI SU RADIOPI\u00d9: MUSICA, informazione\u00a0 e dirette\u00a0\u00a0 ALLE 8.05 LA RASSEGNA STAMPA LOCALE 8.25 piu siamo con marina don\u00e0\u00a0 9.40 PREMIER LE NOVITA&#8217; DI MARCO GAZ\u00a0 10.10 LE&hellip;<\/p>\n","protected":false},"author":4,"featured_media":485478,"comment_status":"closed","ping_status":"closed","sticky":false,"template":"","format":"standard","meta":{"_monsterinsights_skip_tracking":false,"_monsterinsights_sitenote_active":false,"_monsterinsights_sitenote_note":"","_monsterinsights_sitenote_category":0,"footnotes":""},"categories":[51,86,49],"tags":[],"class_list":["post-485276","post","type-post","status-publish","format-standard","has-post-thumbnail","hentry","category-evidenza-top","category-gr","category-news-18","category-51","category-86","category-49","description-off"],"img_url":"https:\/\/www.radiopiu.net\/wordpress\/wp-content\/uploads\/2025\/12\/233bd933-c5fe-46e7-956a-1b09bd91881b.jpg","_links":{"self":[{"href":"https:\/\/www.radiopiu.net\/wordpress\/wp-json\/wp\/v2\/posts\/485276","targetHints":{"allow":["GET"]}}],"collection":[{"href":"https:\/\/www.radiopiu.net\/wordpress\/wp-json\/wp\/v2\/posts"}],"about":[{"href":"https:\/\/www.radiopiu.net\/wordpress\/wp-json\/wp\/v2\/types\/post"}],"author":[{"embeddable":true,"href":"https:\/\/www.radiopiu.net\/wordpress\/wp-json\/wp\/v2\/users\/4"}],"replies":[{"embeddable":true,"href":"https:\/\/www.radiopiu.net\/wordpress\/wp-json\/wp\/v2\/comments?post=485276"}],"version-history":[{"count":39,"href":"https:\/\/www.radiopiu.net\/wordpress\/wp-json\/wp\/v2\/posts\/485276\/revisions"}],"predecessor-version":[{"id":485559,"href":"https:\/\/www.radiopiu.net\/wordpress\/wp-json\/wp\/v2\/posts\/485276\/revisions\/485559"}],"wp:featuredmedia":[{"embeddable":true,"href":"https:\/\/www.radiopiu.net\/wordpress\/wp-json\/wp\/v2\/media\/485478"}],"wp:attachment":[{"href":"https:\/\/www.radiopiu.net\/wordpress\/wp-json\/wp\/v2\/media?parent=485276"}],"wp:term":[{"taxonomy":"category","embeddable":true,"href":"https:\/\/www.radiopiu.net\/wordpress\/wp-json\/wp\/v2\/categories?post=485276"},{"taxonomy":"post_tag","embeddable":true,"href":"https:\/\/www.radiopiu.net\/wordpress\/wp-json\/wp\/v2\/tags?post=485276"}],"curies":[{"name":"wp","href":"https:\/\/api.w.org\/{rel}","templated":true}]}}