{"id":485313,"date":"2025-12-11T05:21:25","date_gmt":"2025-12-11T04:21:25","guid":{"rendered":"https:\/\/www.radiopiu.net\/wordpress\/?p=485313"},"modified":"2025-12-11T05:21:44","modified_gmt":"2025-12-11T04:21:44","slug":"nuova-chiazza-inquinante-nel-lago-di-centro-cadore","status":"publish","type":"post","link":"https:\/\/www.radiopiu.net\/wordpress\/nuova-chiazza-inquinante-nel-lago-di-centro-cadore\/","title":{"rendered":"NUOVA CHIAZZA INQUINANTE NEL LAGO DI CENTRO CADORE"},"content":{"rendered":"<p>***<\/p>\n<p data-start=\"0\" data-end=\"54\"><strong>CADORE<\/strong><\/p>\n<p data-start=\"56\" data-end=\"466\"><a class=\"dt-pswp-item\" href=\"https:\/\/www.radiopiu.net\/wordpress\/wp-content\/uploads\/2025\/12\/Screenshot-2025-12-11-051723.png\" data-dt-img-description=\"\" data-large_image_width=\"886\" data-large_image_height=\"455\"><img loading=\"lazy\" decoding=\"async\" class=\"size-medium wp-image-485310 alignleft\" src=\"https:\/\/www.radiopiu.net\/wordpress\/wp-content\/uploads\/2025\/12\/Screenshot-2025-12-11-051723-300x154.png\" alt=\"\" width=\"300\" height=\"154\" srcset=\"https:\/\/www.radiopiu.net\/wordpress\/wp-content\/uploads\/2025\/12\/Screenshot-2025-12-11-051723-300x154.png 300w, https:\/\/www.radiopiu.net\/wordpress\/wp-content\/uploads\/2025\/12\/Screenshot-2025-12-11-051723-768x394.png 768w, https:\/\/www.radiopiu.net\/wordpress\/wp-content\/uploads\/2025\/12\/Screenshot-2025-12-11-051723.png 886w\" sizes=\"auto, (max-width: 300px) 100vw, 300px\" \/><\/a>Una lunga scia giallastra e oleosa \u00e8 comparsa ieri lungo la sponda destra del lago di Centro Cadore, subito segnalata dai residenti ai carabinieri forestali. Si teme l\u2019ennesimo episodio di <strong data-start=\"245\" data-end=\"260\">sversamento<\/strong>, fenomeno gi\u00e0 denunciato pi\u00f9 volte negli anni. Stefano Campi, referente del bacino di pesca, conferma la gravit\u00e0 della situazione e richiama casi analoghi legati ai depuratori di Calalzo, Domegge e Vigo. Il lago appare inoltre ai minimi livelli, complice la laminazione e i lavori in corso alla diga di Vodo e a Soverzene, con rifiuti evidenti lungo le rive. Intanto cresce il problema dei <strong data-start=\"654\" data-end=\"667\">cormorani<\/strong>, ormai oltre sessanta esemplari stanziali, destinati ad aumentare in primavera: una pressione pesante sulla fauna ittica, mentre gli strumenti di controllo previsti dalla legge risultano insufficienti.<\/p>\n<p>__<\/p>\n","protected":false},"excerpt":{"rendered":"<p>*** CADORE Una lunga scia giallastra e oleosa \u00e8 comparsa ieri lungo la sponda destra del lago di Centro Cadore, subito segnalata dai residenti ai carabinieri forestali. Si teme l\u2019ennesimo episodio di sversamento, fenomeno gi\u00e0 denunciato pi\u00f9 volte negli anni. Stefano Campi, referente del bacino di pesca, conferma la gravit\u00e0 della situazione e richiama casi&hellip;<\/p>\n","protected":false},"author":4,"featured_media":485310,"comment_status":"closed","ping_status":"closed","sticky":false,"template":"","format":"standard","meta":{"_monsterinsights_skip_tracking":false,"_monsterinsights_sitenote_active":false,"_monsterinsights_sitenote_note":"","_monsterinsights_sitenote_category":0,"footnotes":""},"categories":[51,49],"tags":[],"class_list":["post-485313","post","type-post","status-publish","format-standard","has-post-thumbnail","hentry","category-evidenza-top","category-news-18","category-51","category-49","description-off"],"img_url":"https:\/\/www.radiopiu.net\/wordpress\/wp-content\/uploads\/2025\/12\/Screenshot-2025-12-11-051723.png","_links":{"self":[{"href":"https:\/\/www.radiopiu.net\/wordpress\/wp-json\/wp\/v2\/posts\/485313","targetHints":{"allow":["GET"]}}],"collection":[{"href":"https:\/\/www.radiopiu.net\/wordpress\/wp-json\/wp\/v2\/posts"}],"about":[{"href":"https:\/\/www.radiopiu.net\/wordpress\/wp-json\/wp\/v2\/types\/post"}],"author":[{"embeddable":true,"href":"https:\/\/www.radiopiu.net\/wordpress\/wp-json\/wp\/v2\/users\/4"}],"replies":[{"embeddable":true,"href":"https:\/\/www.radiopiu.net\/wordpress\/wp-json\/wp\/v2\/comments?post=485313"}],"version-history":[{"count":2,"href":"https:\/\/www.radiopiu.net\/wordpress\/wp-json\/wp\/v2\/posts\/485313\/revisions"}],"predecessor-version":[{"id":485316,"href":"https:\/\/www.radiopiu.net\/wordpress\/wp-json\/wp\/v2\/posts\/485313\/revisions\/485316"}],"wp:featuredmedia":[{"embeddable":true,"href":"https:\/\/www.radiopiu.net\/wordpress\/wp-json\/wp\/v2\/media\/485310"}],"wp:attachment":[{"href":"https:\/\/www.radiopiu.net\/wordpress\/wp-json\/wp\/v2\/media?parent=485313"}],"wp:term":[{"taxonomy":"category","embeddable":true,"href":"https:\/\/www.radiopiu.net\/wordpress\/wp-json\/wp\/v2\/categories?post=485313"},{"taxonomy":"post_tag","embeddable":true,"href":"https:\/\/www.radiopiu.net\/wordpress\/wp-json\/wp\/v2\/tags?post=485313"}],"curies":[{"name":"wp","href":"https:\/\/api.w.org\/{rel}","templated":true}]}}