{"id":485349,"date":"2025-12-11T07:19:35","date_gmt":"2025-12-11T06:19:35","guid":{"rendered":"https:\/\/www.radiopiu.net\/wordpress\/?p=485349"},"modified":"2025-12-11T07:19:35","modified_gmt":"2025-12-11T06:19:35","slug":"arabba-torna-la-sfilata-dei-krampus-tradizione-antica-tra-mistero-e-suggestione","status":"publish","type":"post","link":"https:\/\/www.radiopiu.net\/wordpress\/arabba-torna-la-sfilata-dei-krampus-tradizione-antica-tra-mistero-e-suggestione\/","title":{"rendered":"ARABBA, TORNA LA SFILATA DEI KRAMPUS: TRADIZIONE ANTICA TRA MISTERO E SUGGESTIONE"},"content":{"rendered":"<p>***<\/p>\n<p><strong>LIVINALLONGO<\/strong><\/p>\n<p data-start=\"87\" data-end=\"442\">Ad Arabba tornano i Krampus, figure antiche e inquietanti che da secoli animano le celebrazioni dell\u2019Avvento. La sfilata partir\u00e0 via alle 18 da via Freine, attraverser\u00e0 il centro del paese e raggiunger\u00e0 lo Showplatz, vicino alla fontana, per poi concludersi nel parcheggio della casa cantoniera, dove i gruppi offriranno un ultimo, spettacolare passaggio. I Krampus affondano le loro radici in riti alpini precristiani legati al solstizio d\u2019inverno, quando le comunit\u00e0 salutavano la stagione pi\u00f9 buia dell\u2019anno attraverso figure mascherate che impersonavano spiriti selvatici. Con il tempo, la tradizione si \u00e8 intrecciata con il culto di San Nicol\u00f2, protettore dei bambini che, secondo l\u2019usanza, visita i pi\u00f9 piccoli il 5 dicembre. Quando il santo riparte, i Krampus rimangono a vagare tra i villaggi, simbolo del confine sottile tra ordine e caos, bene e male. I protagonisti della sfilata si distinguono per l\u2019aspetto imponente: maschere di legno intagliate, spesso con tratti demoniaci, grandi pellicce, campanacci e ceppi metallici che risuonano a ogni passo. Una presenza allo stesso tempo spaventosa e affascinante, che richiama la natura primordiale e i riti comunitari che hanno attraversato i secoli. Curiose anche le origini del nome: potrebbe derivare dal tedesco <em data-start=\"1365\" data-end=\"1372\">Kramp<\/em> (\u201cartiglio\u201d) o dal bavarese <em data-start=\"1401\" data-end=\"1409\">Krampn<\/em> (\u201cmorto\u201d). In alcune zone alpine vengono chiamati <em data-start=\"1460\" data-end=\"1468\">Teufel<\/em>, i \u201cdiavoli\u201d, a sottolinearne la funzione ammonitrice. Le sfilate moderne, pur spettacolari, conservano ancora oggi elementi arcaici legati alla purificazione e alla celebrazione dell\u2019inizio dell\u2019inverno. Una tradizione viva, potente e identitaria, che ogni anno ad Arabba torna a unire storia, mito e comunit\u00e0.<\/p>\n<p data-start=\"87\" data-end=\"442\"><span style=\"color: #ff9900;\"><strong>ALLA RADIO&#8230; PIU&#8217;<\/strong><\/span><\/p>\n<audio class=\"wp-audio-shortcode\" id=\"audio-485349-1\" preload=\"none\" style=\"width: 100%;\" controls=\"controls\"><source type=\"audio\/mpeg\" src=\"https:\/\/www.radiopiu.net\/wordpress\/wp-content\/uploads\/2025\/12\/Arabba.mp3?_=1\" \/><a href=\"https:\/\/www.radiopiu.net\/wordpress\/wp-content\/uploads\/2025\/12\/Arabba.mp3\">https:\/\/www.radiopiu.net\/wordpress\/wp-content\/uploads\/2025\/12\/Arabba.mp3<\/a><\/audio>\n<p data-start=\"87\" data-end=\"442\"><a class=\"dt-pswp-item\" href=\"https:\/\/www.radiopiu.net\/wordpress\/wp-content\/uploads\/2025\/12\/Screenshot-2025-12-11-071643.png\" data-dt-img-description=\"\" data-large_image_width=\"1302\" data-large_image_height=\"492\"><img loading=\"lazy\" decoding=\"async\" class=\"alignnone wp-image-485353 size-full\" src=\"https:\/\/www.radiopiu.net\/wordpress\/wp-content\/uploads\/2025\/12\/Screenshot-2025-12-11-071643.png\" alt=\"\" width=\"1302\" height=\"492\" srcset=\"https:\/\/www.radiopiu.net\/wordpress\/wp-content\/uploads\/2025\/12\/Screenshot-2025-12-11-071643.png 1302w, https:\/\/www.radiopiu.net\/wordpress\/wp-content\/uploads\/2025\/12\/Screenshot-2025-12-11-071643-300x113.png 300w, https:\/\/www.radiopiu.net\/wordpress\/wp-content\/uploads\/2025\/12\/Screenshot-2025-12-11-071643-1024x387.png 1024w, https:\/\/www.radiopiu.net\/wordpress\/wp-content\/uploads\/2025\/12\/Screenshot-2025-12-11-071643-768x290.png 768w\" sizes=\"auto, (max-width: 1302px) 100vw, 1302px\" \/><\/a><\/p>\n<p>____<\/p>\n","protected":false},"excerpt":{"rendered":"<p>*** LIVINALLONGO Ad Arabba tornano i Krampus, figure antiche e inquietanti che da secoli animano le celebrazioni dell\u2019Avvento. La sfilata partir\u00e0 via alle 18 da via Freine, attraverser\u00e0 il centro del paese e raggiunger\u00e0 lo Showplatz, vicino alla fontana, per poi concludersi nel parcheggio della casa cantoniera, dove i gruppi offriranno un ultimo, spettacolare passaggio.&hellip;<\/p>\n","protected":false},"author":4,"featured_media":485352,"comment_status":"closed","ping_status":"closed","sticky":false,"template":"","format":"standard","meta":{"_monsterinsights_skip_tracking":false,"_monsterinsights_sitenote_active":false,"_monsterinsights_sitenote_note":"","_monsterinsights_sitenote_category":0,"footnotes":""},"categories":[49],"tags":[],"class_list":["post-485349","post","type-post","status-publish","format-standard","has-post-thumbnail","hentry","category-news-18","category-49","description-off"],"img_url":"https:\/\/www.radiopiu.net\/wordpress\/wp-content\/uploads\/2025\/12\/Screenshot-2025-12-11-071652.png","_links":{"self":[{"href":"https:\/\/www.radiopiu.net\/wordpress\/wp-json\/wp\/v2\/posts\/485349","targetHints":{"allow":["GET"]}}],"collection":[{"href":"https:\/\/www.radiopiu.net\/wordpress\/wp-json\/wp\/v2\/posts"}],"about":[{"href":"https:\/\/www.radiopiu.net\/wordpress\/wp-json\/wp\/v2\/types\/post"}],"author":[{"embeddable":true,"href":"https:\/\/www.radiopiu.net\/wordpress\/wp-json\/wp\/v2\/users\/4"}],"replies":[{"embeddable":true,"href":"https:\/\/www.radiopiu.net\/wordpress\/wp-json\/wp\/v2\/comments?post=485349"}],"version-history":[{"count":1,"href":"https:\/\/www.radiopiu.net\/wordpress\/wp-json\/wp\/v2\/posts\/485349\/revisions"}],"predecessor-version":[{"id":485354,"href":"https:\/\/www.radiopiu.net\/wordpress\/wp-json\/wp\/v2\/posts\/485349\/revisions\/485354"}],"wp:featuredmedia":[{"embeddable":true,"href":"https:\/\/www.radiopiu.net\/wordpress\/wp-json\/wp\/v2\/media\/485352"}],"wp:attachment":[{"href":"https:\/\/www.radiopiu.net\/wordpress\/wp-json\/wp\/v2\/media?parent=485349"}],"wp:term":[{"taxonomy":"category","embeddable":true,"href":"https:\/\/www.radiopiu.net\/wordpress\/wp-json\/wp\/v2\/categories?post=485349"},{"taxonomy":"post_tag","embeddable":true,"href":"https:\/\/www.radiopiu.net\/wordpress\/wp-json\/wp\/v2\/tags?post=485349"}],"curies":[{"name":"wp","href":"https:\/\/api.w.org\/{rel}","templated":true}]}}