{"id":485397,"date":"2025-12-12T05:42:35","date_gmt":"2025-12-12T04:42:35","guid":{"rendered":"https:\/\/www.radiopiu.net\/wordpress\/?p=485397"},"modified":"2025-12-12T05:51:37","modified_gmt":"2025-12-12T04:51:37","slug":"acqua-non-potabile-a-voltago","status":"publish","type":"post","link":"https:\/\/www.radiopiu.net\/wordpress\/acqua-non-potabile-a-voltago\/","title":{"rendered":"ACQUA NON POTABILE A VOLTAGO"},"content":{"rendered":"<p>********<\/p>\n<p>&nbsp;<\/p>\n<p><strong><a class=\"dt-pswp-item\" href=\"https:\/\/www.radiopiu.net\/wordpress\/wp-content\/uploads\/2018\/08\/ACQUA.jpeg\" data-dt-img-description=\"\" data-large_image_width=\"1280\" data-large_image_height=\"768\"><img loading=\"lazy\" decoding=\"async\" class=\" wp-image-57052 alignleft\" src=\"https:\/\/www.radiopiu.net\/wordpress\/wp-content\/uploads\/2018\/08\/ACQUA-300x180.jpeg\" alt=\"\" width=\"108\" height=\"65\" srcset=\"https:\/\/www.radiopiu.net\/wordpress\/wp-content\/uploads\/2018\/08\/ACQUA-300x180.jpeg 300w, https:\/\/www.radiopiu.net\/wordpress\/wp-content\/uploads\/2018\/08\/ACQUA-768x461.jpeg 768w, https:\/\/www.radiopiu.net\/wordpress\/wp-content\/uploads\/2018\/08\/ACQUA-1024x614.jpeg 1024w, https:\/\/www.radiopiu.net\/wordpress\/wp-content\/uploads\/2018\/08\/ACQUA.jpeg 1280w\" sizes=\"auto, (max-width: 108px) 100vw, 108px\" \/><\/a>VOLTAGO<\/strong> Servizi Integrati Bellunesi comunica che in Via Struz, a Voltago Agordino, l\u2019acqua dell\u2019acquedotto non \u00e8 potabile e pu\u00f2 essere utilizzata a fini alimentari solo previa bollitura. \u00c8 attivo un servizio sostitutivo tramite cisterna posizionata in Via Struz. SIB informa inoltre di aver gi\u00e0 avviato le operazioni di pulizia e disinfezione dei serbatoi e della rete idrica.<\/p>\n<p>&nbsp;<\/p>\n<p>&nbsp;<\/p>\n<p>&nbsp;<\/p>\n<p>*********<\/p>\n","protected":false},"excerpt":{"rendered":"<p>******** &nbsp; VOLTAGO Servizi Integrati Bellunesi comunica che in Via Struz, a Voltago Agordino, l\u2019acqua dell\u2019acquedotto non \u00e8 potabile e pu\u00f2 essere utilizzata a fini alimentari solo previa bollitura. \u00c8 attivo un servizio sostitutivo tramite cisterna posizionata in Via Struz. SIB informa inoltre di aver gi\u00e0 avviato le operazioni di pulizia e disinfezione dei serbatoi&hellip;<\/p>\n","protected":false},"author":4,"featured_media":57052,"comment_status":"closed","ping_status":"closed","sticky":false,"template":"","format":"standard","meta":{"_monsterinsights_skip_tracking":false,"_monsterinsights_sitenote_active":false,"_monsterinsights_sitenote_note":"","_monsterinsights_sitenote_category":0,"footnotes":""},"categories":[104,49],"tags":[],"class_list":["post-485397","post","type-post","status-publish","format-standard","has-post-thumbnail","hentry","category-evidenza_3","category-news-18","category-104","category-49","description-off"],"img_url":"https:\/\/www.radiopiu.net\/wordpress\/wp-content\/uploads\/2018\/08\/ACQUA.jpeg","_links":{"self":[{"href":"https:\/\/www.radiopiu.net\/wordpress\/wp-json\/wp\/v2\/posts\/485397","targetHints":{"allow":["GET"]}}],"collection":[{"href":"https:\/\/www.radiopiu.net\/wordpress\/wp-json\/wp\/v2\/posts"}],"about":[{"href":"https:\/\/www.radiopiu.net\/wordpress\/wp-json\/wp\/v2\/types\/post"}],"author":[{"embeddable":true,"href":"https:\/\/www.radiopiu.net\/wordpress\/wp-json\/wp\/v2\/users\/4"}],"replies":[{"embeddable":true,"href":"https:\/\/www.radiopiu.net\/wordpress\/wp-json\/wp\/v2\/comments?post=485397"}],"version-history":[{"count":1,"href":"https:\/\/www.radiopiu.net\/wordpress\/wp-json\/wp\/v2\/posts\/485397\/revisions"}],"predecessor-version":[{"id":485398,"href":"https:\/\/www.radiopiu.net\/wordpress\/wp-json\/wp\/v2\/posts\/485397\/revisions\/485398"}],"wp:featuredmedia":[{"embeddable":true,"href":"https:\/\/www.radiopiu.net\/wordpress\/wp-json\/wp\/v2\/media\/57052"}],"wp:attachment":[{"href":"https:\/\/www.radiopiu.net\/wordpress\/wp-json\/wp\/v2\/media?parent=485397"}],"wp:term":[{"taxonomy":"category","embeddable":true,"href":"https:\/\/www.radiopiu.net\/wordpress\/wp-json\/wp\/v2\/categories?post=485397"},{"taxonomy":"post_tag","embeddable":true,"href":"https:\/\/www.radiopiu.net\/wordpress\/wp-json\/wp\/v2\/tags?post=485397"}],"curies":[{"name":"wp","href":"https:\/\/api.w.org\/{rel}","templated":true}]}}