{"id":485465,"date":"2025-12-11T18:19:52","date_gmt":"2025-12-11T17:19:52","guid":{"rendered":"https:\/\/www.radiopiu.net\/wordpress\/?p=485465"},"modified":"2025-12-12T05:53:00","modified_gmt":"2025-12-12T04:53:00","slug":"capitolo-25-agata-e-la-tormenta","status":"publish","type":"post","link":"https:\/\/www.radiopiu.net\/wordpress\/capitolo-25-agata-e-la-tormenta\/","title":{"rendered":"CAPITOLO 25 &#8220;AGATA E LA TORMENTA&#8221;"},"content":{"rendered":"<p>**<\/p>\n<p>&nbsp;<\/p>\n<p><a class=\"dt-pswp-item\" href=\"https:\/\/www.radiopiu.net\/wordpress\/wp-content\/uploads\/2025\/12\/025-Agata-e-la-tormenta.jpg\" data-dt-img-description=\"\" data-large_image_width=\"600\" data-large_image_height=\"611\"><img loading=\"lazy\" decoding=\"async\" class=\" wp-image-485466 alignleft\" src=\"https:\/\/www.radiopiu.net\/wordpress\/wp-content\/uploads\/2025\/12\/025-Agata-e-la-tormenta-295x300.jpg\" alt=\"\" width=\"139\" height=\"141\" srcset=\"https:\/\/www.radiopiu.net\/wordpress\/wp-content\/uploads\/2025\/12\/025-Agata-e-la-tormenta-295x300.jpg 295w, https:\/\/www.radiopiu.net\/wordpress\/wp-content\/uploads\/2025\/12\/025-Agata-e-la-tormenta.jpg 600w\" sizes=\"auto, (max-width: 139px) 100vw, 139px\" \/><\/a>Il mare risale e si mangia la spiaggia ed i cellulari degli ignari. I salvavita rimangono sul loro baracchino e ridono di gusto, poi, quando gli ignari tentano di recuperare il bottino perduto, fischiano e li fermano, perch\u00e9 altrimenti il mare si porta via anche loro. Una signora, forse francese, guarda la potenza delle onde che arrivano dove non dovrebbero e si domanda quando ha dimenticato di essere viva, con il marito, i figli, i nipoti e gli orgasmi che non ha mai ricevuto.<\/p>\n<p>Sola. Di fronte all&#8217;immensit\u00e0 di questo mare, che respira la luna piena e non si fermer\u00e0 questa notte. Scrivo, perch\u00e9 la luna piena fa male anche a me, perch\u00e9 la creativit\u00e0 \u00e8 un potere tanto incredibile che nemmeno le forze oscure lo possono fermare. Forse dobbiamo vivere e solo vivere ci\u00f2 che nemmeno ricordiamo, per poter poi ricordare di fronte a questo mare potente e questo cane saggio, seduto al mio fianco, chi siamo.<\/p>\n<p>AUDIO<\/p>\n<audio class=\"wp-audio-shortcode\" id=\"audio-485465-1\" preload=\"none\" style=\"width: 100%;\" controls=\"controls\"><source type=\"audio\/mpeg\" src=\"https:\/\/www.radiopiu.net\/wordpress\/wp-content\/uploads\/2025\/12\/025-Agata-e-la-tormenta.mp3?_=1\" \/><a href=\"https:\/\/www.radiopiu.net\/wordpress\/wp-content\/uploads\/2025\/12\/025-Agata-e-la-tormenta.mp3\">https:\/\/www.radiopiu.net\/wordpress\/wp-content\/uploads\/2025\/12\/025-Agata-e-la-tormenta.mp3<\/a><\/audio>\n<p>&nbsp;<\/p>\n<hr \/>\n<p>&nbsp;<\/p>\n","protected":false},"excerpt":{"rendered":"<p>** &nbsp; Il mare risale e si mangia la spiaggia ed i cellulari degli ignari. I salvavita rimangono sul loro baracchino e ridono di gusto, poi, quando gli ignari tentano di recuperare il bottino perduto, fischiano e li fermano, perch\u00e9 altrimenti il mare si porta via anche loro. Una signora, forse francese, guarda la potenza&hellip;<\/p>\n","protected":false},"author":4,"featured_media":485466,"comment_status":"closed","ping_status":"closed","sticky":false,"template":"","format":"standard","meta":{"_monsterinsights_skip_tracking":false,"_monsterinsights_sitenote_active":false,"_monsterinsights_sitenote_note":"","_monsterinsights_sitenote_category":0,"footnotes":""},"categories":[104,150,49],"tags":[],"class_list":["post-485465","post","type-post","status-publish","format-standard","has-post-thumbnail","hentry","category-evidenza_3","category-mille-passi","category-news-18","category-104","category-150","category-49","description-off"],"img_url":"https:\/\/www.radiopiu.net\/wordpress\/wp-content\/uploads\/2025\/12\/025-Agata-e-la-tormenta.jpg","_links":{"self":[{"href":"https:\/\/www.radiopiu.net\/wordpress\/wp-json\/wp\/v2\/posts\/485465","targetHints":{"allow":["GET"]}}],"collection":[{"href":"https:\/\/www.radiopiu.net\/wordpress\/wp-json\/wp\/v2\/posts"}],"about":[{"href":"https:\/\/www.radiopiu.net\/wordpress\/wp-json\/wp\/v2\/types\/post"}],"author":[{"embeddable":true,"href":"https:\/\/www.radiopiu.net\/wordpress\/wp-json\/wp\/v2\/users\/4"}],"replies":[{"embeddable":true,"href":"https:\/\/www.radiopiu.net\/wordpress\/wp-json\/wp\/v2\/comments?post=485465"}],"version-history":[{"count":1,"href":"https:\/\/www.radiopiu.net\/wordpress\/wp-json\/wp\/v2\/posts\/485465\/revisions"}],"predecessor-version":[{"id":485468,"href":"https:\/\/www.radiopiu.net\/wordpress\/wp-json\/wp\/v2\/posts\/485465\/revisions\/485468"}],"wp:featuredmedia":[{"embeddable":true,"href":"https:\/\/www.radiopiu.net\/wordpress\/wp-json\/wp\/v2\/media\/485466"}],"wp:attachment":[{"href":"https:\/\/www.radiopiu.net\/wordpress\/wp-json\/wp\/v2\/media?parent=485465"}],"wp:term":[{"taxonomy":"category","embeddable":true,"href":"https:\/\/www.radiopiu.net\/wordpress\/wp-json\/wp\/v2\/categories?post=485465"},{"taxonomy":"post_tag","embeddable":true,"href":"https:\/\/www.radiopiu.net\/wordpress\/wp-json\/wp\/v2\/tags?post=485465"}],"curies":[{"name":"wp","href":"https:\/\/api.w.org\/{rel}","templated":true}]}}