{"id":485473,"date":"2025-12-12T05:45:12","date_gmt":"2025-12-12T04:45:12","guid":{"rendered":"https:\/\/www.radiopiu.net\/wordpress\/?p=485473"},"modified":"2025-12-12T05:50:23","modified_gmt":"2025-12-12T04:50:23","slug":"crollo-del-prezzo-del-latte-allarme-nel-bellunese","status":"publish","type":"post","link":"https:\/\/www.radiopiu.net\/wordpress\/crollo-del-prezzo-del-latte-allarme-nel-bellunese\/","title":{"rendered":"CROLLO DEL PREZZO DEL LATTE: ALLARME NEL BELLUNESE"},"content":{"rendered":"<p>********<\/p>\n<p>&nbsp;<\/p>\n<p><strong><a class=\"dt-pswp-item\" href=\"https:\/\/www.radiopiu.net\/wordpress\/wp-content\/uploads\/2020\/03\/latte.jpg\" data-dt-img-description=\"\" data-large_image_width=\"1920\" data-large_image_height=\"1517\"><img loading=\"lazy\" decoding=\"async\" class=\" wp-image-124751 alignleft\" src=\"https:\/\/www.radiopiu.net\/wordpress\/wp-content\/uploads\/2020\/03\/latte-300x237.jpg\" alt=\"\" width=\"222\" height=\"175\" srcset=\"https:\/\/www.radiopiu.net\/wordpress\/wp-content\/uploads\/2020\/03\/latte-300x237.jpg 300w, https:\/\/www.radiopiu.net\/wordpress\/wp-content\/uploads\/2020\/03\/latte-1024x809.jpg 1024w, https:\/\/www.radiopiu.net\/wordpress\/wp-content\/uploads\/2020\/03\/latte-768x607.jpg 768w, https:\/\/www.radiopiu.net\/wordpress\/wp-content\/uploads\/2020\/03\/latte-1536x1214.jpg 1536w, https:\/\/www.radiopiu.net\/wordpress\/wp-content\/uploads\/2020\/03\/latte.jpg 1920w\" sizes=\"auto, (max-width: 222px) 100vw, 222px\" \/><\/a>DI ALESSIA DALL&#8217;O&#8217;<\/strong><\/p>\n<p><strong>BELLUNO<\/strong> Un territorio, anche il nostro bellunese, che \u00e9 tornato a fare i conti con l\u2019emergenza del crollo del prezzo del latte. In sessanta giorni il valore riconosciuto ai produttori \u00e8 sceso da 68 a 48 centesimi al litro, un tonfo del 30% che nel frattempo ha riacceso le preoccupazioni nel cuore delle terre alte. \u201c\u00c8 un nuovo allarme rosso, come ai tempi del Covid, quando il settore si \u00e9 bloccato a motivo dello stop del settore HoReCa\u201d, ha denunciato Cia Belluno nelle parole del presidente Rio Levis.A determinare la flessione \u00e8 una situazione complessa e, come sempre, un intreccio di fattori che vanno dalla sovrapproduzione a livello europeo e globale ad un periodo in cui i consumi si sono rallentati, insieme ad un aumento delle importazioni che ha ulteriormente trascinato verso il basso le quotazioni del latte. A pagarne il prezzo \u00e8 un comparto gi\u00e0 fragile, ma che fa parte anche dello scheletro della Provincia di Belluno: nel bellunese infatti gli allevamenti da latte certificati sono 250, per un totale di circa 15mila capi e un fatturato annuo che supera i 30 milioni di euro. \u201cAbbiamo raggiunto un punto di non ritorno. In queste condizioni i produttori rischiano di lavorare in oerdita\u201d afferma Levis, seguendo i ragionamenti gi\u00e0 presentati nei giorni scorsi anche da Diego Donazzolo di Confagricoltura Belluno. \u201cMolti produttori rischiano di lavorare in perdita e un allevamento non \u00e8 una fabbrica: non chiude mai, nemmeno nei giorni di festa, e i costi fissi rimangono elevati e non scalabili\u201d. A pesare ulteriormente \u00e8 il caro foraggi: l\u2019erba medica ha raggiunto i 25 euro al quintale, contro una media storica di 18 euro, complice un clima che alterna siccit\u00e0 e nubifragi riducendone la disponibilit\u00e0 in Veneto. In questo quadro, l\u2019intesa raggiunta al Ministero dell\u2019Agricoltura rappresenta uno spiraglio ma forse non del tutto una definitiva soluzione. L\u2019accordo prevede che a gennaio il prezzo salga a 54 centesimi, per poi assestarsi a 53 in febbraio e 52 in marzo, prima dell\u2019introduzione di un meccanismo di compensazione e di interventi strutturali sulla filiera. Un\u2019intesa accolta favorevolmente dall\u2019intero fronte agricolo nazionale. Copagri ha sottolineato come l\u2019accordo \u201csia fondamentale per stabilizzare il mercato e dare riferimenti certi agli agricoltori\u201d, in un momento estremamente delicato. Coldiretti invece parla di un risultato \u201cindispensabile per dare prospettive alle stalle e garantire che nessun litro di latte resti in stalla, dopo settimane di incertezza che rischiavano di compromettere il futuro di un settore cardine del Made in Italy\u201d. Anche Cia Nazionale riconosce l\u2019importanza del percorso: \u201cIl tavolo era necessario e il negoziale utile per alleggerire il peso sugli agricoltori. Ora mettiamoci al lavoro per un vero patto di filiera\u201d. Positivo anche il senatore Luca De Carlo, presidente della Commissione Industria e Agricoltura del Senato, che parla di \u201cun successo a tutela di allevatori e produttori, con una programmazione a medio-lungo termine e progetti di internazionalizzazione delle imprese e alla commercializzazione all\u2019estero\u201d. De Carlo ha sottolineato che il ministro Lollobrigida ha dichiarato che grazie a questa intesa abbiamo tutelato il nostro sistema di allevamento con i prezzi pi\u00f9 alti d\u2019Europa, \u201cvuol dire che il risultato \u00e9 stato ampiamente raggiunto: avevo gi\u00e0 anticipato come l&#8217;incontro di marted\u00ec sarebbe stato decisivo per arrivare ad una soluzione soddisfacente per tutti, tanto che non solo MASAF, ma anche Copagri e Via hanno accolto con favore l\u2019esito del confronto. Nel bellunese abbiamo inoltre il valore aggiunto dato da Lattebusche, cooperativa che coniuga qualit\u00e0, attenzione economica e sostegno ai soci\u201d.<br \/>\nResta per\u00f2 alta l\u2019attenzione sul territorio, dove il timore di nuove oscillazioni non \u00e8 ancora svanito. \u201cContinueremo a portare la questione nelle sedi opportune\u201d, conclude Levis, \u201cqui non si tratta solo di numeri: \u00e8 in gioco la sopravvivenza stessa del comparto\u201d.<\/p>\n<p><strong>IL SENATORE LUCA DE CARLO<\/strong><\/p>\n<audio class=\"wp-audio-shortcode\" id=\"audio-485473-1\" preload=\"none\" style=\"width: 100%;\" controls=\"controls\"><source type=\"audio\/mpeg\" src=\"https:\/\/www.radiopiu.net\/wordpress\/wp-content\/uploads\/2025\/12\/DE-CARLO-LATTE.mp3?_=1\" \/><a href=\"https:\/\/www.radiopiu.net\/wordpress\/wp-content\/uploads\/2025\/12\/DE-CARLO-LATTE.mp3\">https:\/\/www.radiopiu.net\/wordpress\/wp-content\/uploads\/2025\/12\/DE-CARLO-LATTE.mp3<\/a><\/audio>\n<p>&nbsp;<\/p>\n<p>&nbsp;<\/p>\n<p>***********<\/p>\n","protected":false},"excerpt":{"rendered":"<p>******** &nbsp; DI ALESSIA DALL&#8217;O&#8217; BELLUNO Un territorio, anche il nostro bellunese, che \u00e9 tornato a fare i conti con l\u2019emergenza del crollo del prezzo del latte. In sessanta giorni il valore riconosciuto ai produttori \u00e8 sceso da 68 a 48 centesimi al litro, un tonfo del 30% che nel frattempo ha riacceso le preoccupazioni&hellip;<\/p>\n","protected":false},"author":4,"featured_media":124751,"comment_status":"closed","ping_status":"closed","sticky":false,"template":"","format":"standard","meta":{"_monsterinsights_skip_tracking":false,"_monsterinsights_sitenote_active":false,"_monsterinsights_sitenote_note":"","_monsterinsights_sitenote_category":0,"footnotes":""},"categories":[51,49],"tags":[],"class_list":["post-485473","post","type-post","status-publish","format-standard","has-post-thumbnail","hentry","category-evidenza-top","category-news-18","category-51","category-49","description-off"],"img_url":"https:\/\/www.radiopiu.net\/wordpress\/wp-content\/uploads\/2020\/03\/latte.jpg","_links":{"self":[{"href":"https:\/\/www.radiopiu.net\/wordpress\/wp-json\/wp\/v2\/posts\/485473","targetHints":{"allow":["GET"]}}],"collection":[{"href":"https:\/\/www.radiopiu.net\/wordpress\/wp-json\/wp\/v2\/posts"}],"about":[{"href":"https:\/\/www.radiopiu.net\/wordpress\/wp-json\/wp\/v2\/types\/post"}],"author":[{"embeddable":true,"href":"https:\/\/www.radiopiu.net\/wordpress\/wp-json\/wp\/v2\/users\/4"}],"replies":[{"embeddable":true,"href":"https:\/\/www.radiopiu.net\/wordpress\/wp-json\/wp\/v2\/comments?post=485473"}],"version-history":[{"count":1,"href":"https:\/\/www.radiopiu.net\/wordpress\/wp-json\/wp\/v2\/posts\/485473\/revisions"}],"predecessor-version":[{"id":485483,"href":"https:\/\/www.radiopiu.net\/wordpress\/wp-json\/wp\/v2\/posts\/485473\/revisions\/485483"}],"wp:featuredmedia":[{"embeddable":true,"href":"https:\/\/www.radiopiu.net\/wordpress\/wp-json\/wp\/v2\/media\/124751"}],"wp:attachment":[{"href":"https:\/\/www.radiopiu.net\/wordpress\/wp-json\/wp\/v2\/media?parent=485473"}],"wp:term":[{"taxonomy":"category","embeddable":true,"href":"https:\/\/www.radiopiu.net\/wordpress\/wp-json\/wp\/v2\/categories?post=485473"},{"taxonomy":"post_tag","embeddable":true,"href":"https:\/\/www.radiopiu.net\/wordpress\/wp-json\/wp\/v2\/tags?post=485473"}],"curies":[{"name":"wp","href":"https:\/\/api.w.org\/{rel}","templated":true}]}}