{"id":485498,"date":"2025-12-12T04:59:35","date_gmt":"2025-12-12T03:59:35","guid":{"rendered":"https:\/\/www.radiopiu.net\/wordpress\/?p=485498"},"modified":"2025-12-12T04:59:35","modified_gmt":"2025-12-12T03:59:35","slug":"alberi-ricoperti-di-presine-colorate-lopera-delle-signore-del-giovedi-che-trasforma-la-lana-avanzata-in-solidarieta","status":"publish","type":"post","link":"https:\/\/www.radiopiu.net\/wordpress\/alberi-ricoperti-di-presine-colorate-lopera-delle-signore-del-giovedi-che-trasforma-la-lana-avanzata-in-solidarieta\/","title":{"rendered":"ALBERI RICOPERTI DI PRESINE COLORATE: L\u2019OPERA DELLE \u201cSIGNORE DEL GIOVED\u00cc\u201d CHE TRASFORMA LA LANA AVANZATA IN SOLIDARIET\u00c0"},"content":{"rendered":"<p>**<\/p>\n<blockquote>\n<p data-start=\"22\" data-end=\"270\"><em data-start=\"148\" data-end=\"270\">Un allestimento unico e variopinto realizzato al Centro Quadrifoglio, in collaborazione con il negozio Trecivettesulcom\u00f2<\/em><\/p>\n<\/blockquote>\n<p data-start=\"0\" data-end=\"20\"><strong data-start=\"0\" data-end=\"18\">SANTA GIUSTINA<\/strong><\/p>\n<p data-start=\"272\" data-end=\"570\">Un\u2019esplosione di colore ha trasformato il Centro Quadrifoglio di Santa Giustina in un luogo ancora pi\u00f9 accogliente e sorprendente: gli alberi del parco sono stati \u201cvestiti\u201d con presine lavorate all\u2019uncinetto, tutte diverse, tutte nate dalle mani appassionate del gruppo delle \u201csignore del gioved\u00ec\u201d. L\u2019iniziativa, semplice e creativa, ha un cuore profondo. Le presine sono state realizzate utilizzando gomitoli di lana avanzati, recuperati per evitare sprechi e dare nuova vita a materiali dimenticati. Dall\u2019unione di piccoli pezzi, ciascuno unico nel colore e nel motivo, \u00e8 nato un allestimento che dona calore all\u2019ambiente e racconta una storia di comunit\u00e0, manualit\u00e0 e solidariet\u00e0. Le \u201csignore del gioved\u00ec\u201d, che si ritrovano abitualmente al Quadrifoglio per condividere tempo, idee e creativit\u00e0, hanno voluto realizzare qualcosa che fosse non solo bello da vedere, ma anche utile. L\u2019iniziativa infatti ha anche uno scopo benefico: le presine, una volta rimosse dall\u2019allestimento, potranno essere acquistate e il ricavato sar\u00e0 destinato a un progetto solidale del territorio. A sostenere e valorizzare il progetto \u00e8 anche il negozio Trecivettesulcom\u00f2, che collabora con il gruppo da tempo e che ha contribuito all\u2019organizzazione e alla diffusione dell\u2019iniziativa. Un gesto semplice che diventa simbolo di cura e comunit\u00e0: piccoli quadrati di lana che, uniti, scaldano lo sguardo e il cuore. Santa Giustina si ritrova cos\u00ec abbellita da un\u2019opera collettiva che unisce creativit\u00e0, memoria, incontro e beneficenza.<\/p>\n\n\t\t\t<style type='text\/css'>\n\t\t\t\t#gallery-1 {\n\t\t\t\t\tmargin: auto;\n\t\t\t\t}\n\t\t\t\t#gallery-1 .gallery-item {\n\t\t\t\t\tfloat: left;\n\t\t\t\t\tmargin-top: 10px;\n\t\t\t\t\ttext-align: center;\n\t\t\t\t\twidth: 33%;\n\t\t\t\t}\n\t\t\t\t#gallery-1 img {\n\t\t\t\t\tborder: 2px solid #cfcfcf;\n\t\t\t\t}\n\t\t\t\t#gallery-1 .gallery-caption {\n\t\t\t\t\tmargin-left: 0;\n\t\t\t\t}\n\t\t\t\t\/* see gallery_shortcode() in wp-includes\/media.php *\/\n\t\t\t<\/style>\n\t\t<div id='gallery-1' class='dt-gallery-container gallery galleryid-485498 gallery-columns-3 gallery-size-medium'><dl class='gallery-item'>\n\t\t\t\t<dt class='gallery-icon portrait'>\n\t\t\t\t\t<a class=\"rollover rollover-zoom dt-pswp-item\" title=\"d5f11c8d-4645-48a6-a948-8c1a2309b176\" data-dt-img-description=\"\" data-large_image_width=\"1125\" data-large_image_height=\"2000\"href='https:\/\/www.radiopiu.net\/wordpress\/wp-content\/uploads\/2025\/12\/d5f11c8d-4645-48a6-a948-8c1a2309b176.jpg'><img loading=\"lazy\" decoding=\"async\" width=\"169\" height=\"300\" src=\"https:\/\/www.radiopiu.net\/wordpress\/wp-content\/uploads\/2025\/12\/d5f11c8d-4645-48a6-a948-8c1a2309b176-169x300.jpg\" class=\"attachment-medium size-medium\" alt=\"\" srcset=\"https:\/\/www.radiopiu.net\/wordpress\/wp-content\/uploads\/2025\/12\/d5f11c8d-4645-48a6-a948-8c1a2309b176-169x300.jpg 169w, https:\/\/www.radiopiu.net\/wordpress\/wp-content\/uploads\/2025\/12\/d5f11c8d-4645-48a6-a948-8c1a2309b176-576x1024.jpg 576w, https:\/\/www.radiopiu.net\/wordpress\/wp-content\/uploads\/2025\/12\/d5f11c8d-4645-48a6-a948-8c1a2309b176-768x1365.jpg 768w, https:\/\/www.radiopiu.net\/wordpress\/wp-content\/uploads\/2025\/12\/d5f11c8d-4645-48a6-a948-8c1a2309b176-864x1536.jpg 864w, https:\/\/www.radiopiu.net\/wordpress\/wp-content\/uploads\/2025\/12\/d5f11c8d-4645-48a6-a948-8c1a2309b176.jpg 1125w\" sizes=\"auto, (max-width: 169px) 100vw, 169px\" \/><\/a>\n\t\t\t\t<\/dt><\/dl><dl class='gallery-item'>\n\t\t\t\t<dt class='gallery-icon portrait'>\n\t\t\t\t\t<a class=\"rollover rollover-zoom dt-pswp-item\" title=\"2d474e36-74b8-45e1-be8c-e53a75f9c4a9\" data-dt-img-description=\"\" data-large_image_width=\"1500\" data-large_image_height=\"2000\"href='https:\/\/www.radiopiu.net\/wordpress\/wp-content\/uploads\/2025\/12\/2d474e36-74b8-45e1-be8c-e53a75f9c4a9.jpg'><img loading=\"lazy\" decoding=\"async\" width=\"225\" height=\"300\" src=\"https:\/\/www.radiopiu.net\/wordpress\/wp-content\/uploads\/2025\/12\/2d474e36-74b8-45e1-be8c-e53a75f9c4a9-225x300.jpg\" class=\"attachment-medium size-medium\" alt=\"\" srcset=\"https:\/\/www.radiopiu.net\/wordpress\/wp-content\/uploads\/2025\/12\/2d474e36-74b8-45e1-be8c-e53a75f9c4a9-225x300.jpg 225w, https:\/\/www.radiopiu.net\/wordpress\/wp-content\/uploads\/2025\/12\/2d474e36-74b8-45e1-be8c-e53a75f9c4a9-768x1024.jpg 768w, https:\/\/www.radiopiu.net\/wordpress\/wp-content\/uploads\/2025\/12\/2d474e36-74b8-45e1-be8c-e53a75f9c4a9-1152x1536.jpg 1152w, https:\/\/www.radiopiu.net\/wordpress\/wp-content\/uploads\/2025\/12\/2d474e36-74b8-45e1-be8c-e53a75f9c4a9.jpg 1500w\" sizes=\"auto, (max-width: 225px) 100vw, 225px\" \/><\/a>\n\t\t\t\t<\/dt><\/dl><dl class='gallery-item'>\n\t\t\t\t<dt class='gallery-icon landscape'>\n\t\t\t\t\t<a class=\"rollover rollover-zoom dt-pswp-item\" title=\"e0eb1b29-4b63-431b-b1ea-6c96d9d72d28\" data-dt-img-description=\"\" data-large_image_width=\"1600\" data-large_image_height=\"1446\"href='https:\/\/www.radiopiu.net\/wordpress\/wp-content\/uploads\/2025\/12\/e0eb1b29-4b63-431b-b1ea-6c96d9d72d28.jpg'><img loading=\"lazy\" decoding=\"async\" width=\"300\" height=\"271\" src=\"https:\/\/www.radiopiu.net\/wordpress\/wp-content\/uploads\/2025\/12\/e0eb1b29-4b63-431b-b1ea-6c96d9d72d28-300x271.jpg\" class=\"attachment-medium size-medium\" alt=\"\" srcset=\"https:\/\/www.radiopiu.net\/wordpress\/wp-content\/uploads\/2025\/12\/e0eb1b29-4b63-431b-b1ea-6c96d9d72d28-300x271.jpg 300w, https:\/\/www.radiopiu.net\/wordpress\/wp-content\/uploads\/2025\/12\/e0eb1b29-4b63-431b-b1ea-6c96d9d72d28-1024x925.jpg 1024w, https:\/\/www.radiopiu.net\/wordpress\/wp-content\/uploads\/2025\/12\/e0eb1b29-4b63-431b-b1ea-6c96d9d72d28-768x694.jpg 768w, https:\/\/www.radiopiu.net\/wordpress\/wp-content\/uploads\/2025\/12\/e0eb1b29-4b63-431b-b1ea-6c96d9d72d28-1536x1388.jpg 1536w, https:\/\/www.radiopiu.net\/wordpress\/wp-content\/uploads\/2025\/12\/e0eb1b29-4b63-431b-b1ea-6c96d9d72d28.jpg 1600w\" sizes=\"auto, (max-width: 300px) 100vw, 300px\" \/><\/a>\n\t\t\t\t<\/dt><\/dl><br style=\"clear: both\" \/>\n\t\t\t<\/div>\n\n<p data-start=\"272\" data-end=\"570\">\n<p>___<\/p>\n<p data-start=\"22\" data-end=\"270\">\n","protected":false},"excerpt":{"rendered":"<p>** Un allestimento unico e variopinto realizzato al Centro Quadrifoglio, in collaborazione con il negozio Trecivettesulcom\u00f2 SANTA GIUSTINA Un\u2019esplosione di colore ha trasformato il Centro Quadrifoglio di Santa Giustina in un luogo ancora pi\u00f9 accogliente e sorprendente: gli alberi del parco sono stati \u201cvestiti\u201d con presine lavorate all\u2019uncinetto, tutte diverse, tutte nate dalle mani appassionate&hellip;<\/p>\n","protected":false},"author":4,"featured_media":485501,"comment_status":"closed","ping_status":"closed","sticky":false,"template":"","format":"standard","meta":{"_monsterinsights_skip_tracking":false,"_monsterinsights_sitenote_active":false,"_monsterinsights_sitenote_note":"","_monsterinsights_sitenote_category":0,"footnotes":""},"categories":[49],"tags":[],"class_list":["post-485498","post","type-post","status-publish","format-standard","has-post-thumbnail","hentry","category-news-18","category-49","description-off"],"img_url":"https:\/\/www.radiopiu.net\/wordpress\/wp-content\/uploads\/2025\/12\/e0eb1b29-4b63-431b-b1ea-6c96d9d72d28.jpg","_links":{"self":[{"href":"https:\/\/www.radiopiu.net\/wordpress\/wp-json\/wp\/v2\/posts\/485498","targetHints":{"allow":["GET"]}}],"collection":[{"href":"https:\/\/www.radiopiu.net\/wordpress\/wp-json\/wp\/v2\/posts"}],"about":[{"href":"https:\/\/www.radiopiu.net\/wordpress\/wp-json\/wp\/v2\/types\/post"}],"author":[{"embeddable":true,"href":"https:\/\/www.radiopiu.net\/wordpress\/wp-json\/wp\/v2\/users\/4"}],"replies":[{"embeddable":true,"href":"https:\/\/www.radiopiu.net\/wordpress\/wp-json\/wp\/v2\/comments?post=485498"}],"version-history":[{"count":1,"href":"https:\/\/www.radiopiu.net\/wordpress\/wp-json\/wp\/v2\/posts\/485498\/revisions"}],"predecessor-version":[{"id":485502,"href":"https:\/\/www.radiopiu.net\/wordpress\/wp-json\/wp\/v2\/posts\/485498\/revisions\/485502"}],"wp:featuredmedia":[{"embeddable":true,"href":"https:\/\/www.radiopiu.net\/wordpress\/wp-json\/wp\/v2\/media\/485501"}],"wp:attachment":[{"href":"https:\/\/www.radiopiu.net\/wordpress\/wp-json\/wp\/v2\/media?parent=485498"}],"wp:term":[{"taxonomy":"category","embeddable":true,"href":"https:\/\/www.radiopiu.net\/wordpress\/wp-json\/wp\/v2\/categories?post=485498"},{"taxonomy":"post_tag","embeddable":true,"href":"https:\/\/www.radiopiu.net\/wordpress\/wp-json\/wp\/v2\/tags?post=485498"}],"curies":[{"name":"wp","href":"https:\/\/api.w.org\/{rel}","templated":true}]}}