{"id":485577,"date":"2025-12-13T05:33:34","date_gmt":"2025-12-13T04:33:34","guid":{"rendered":"https:\/\/www.radiopiu.net\/wordpress\/?p=485577"},"modified":"2025-12-13T06:10:30","modified_gmt":"2025-12-13T05:10:30","slug":"cisl-in-piazza-per-un-patto-di-responsabilita-e-sviluppo","status":"publish","type":"post","link":"https:\/\/www.radiopiu.net\/wordpress\/cisl-in-piazza-per-un-patto-di-responsabilita-e-sviluppo\/","title":{"rendered":"CISL IN PIAZZA PER UN PATTO DI RESPONSABILIT\u00c0 E SVILUPPO"},"content":{"rendered":"<p>********<\/p>\n<p>&nbsp;<\/p>\n<p><strong><a class=\"dt-pswp-item\" href=\"https:\/\/www.radiopiu.net\/wordpress\/wp-content\/uploads\/2025\/12\/manifestazione-Cisl-Belluno-Treviso-scaled.jpeg\" data-dt-img-description=\"\" data-large_image_width=\"2560\" data-large_image_height=\"1627\"><img loading=\"lazy\" decoding=\"async\" class=\" wp-image-485578 alignleft\" src=\"https:\/\/www.radiopiu.net\/wordpress\/wp-content\/uploads\/2025\/12\/manifestazione-Cisl-Belluno-Treviso-300x191.jpeg\" alt=\"\" width=\"195\" height=\"124\" srcset=\"https:\/\/www.radiopiu.net\/wordpress\/wp-content\/uploads\/2025\/12\/manifestazione-Cisl-Belluno-Treviso-300x191.jpeg 300w, https:\/\/www.radiopiu.net\/wordpress\/wp-content\/uploads\/2025\/12\/manifestazione-Cisl-Belluno-Treviso-1024x651.jpeg 1024w, https:\/\/www.radiopiu.net\/wordpress\/wp-content\/uploads\/2025\/12\/manifestazione-Cisl-Belluno-Treviso-768x488.jpeg 768w, https:\/\/www.radiopiu.net\/wordpress\/wp-content\/uploads\/2025\/12\/manifestazione-Cisl-Belluno-Treviso-1536x976.jpeg 1536w, https:\/\/www.radiopiu.net\/wordpress\/wp-content\/uploads\/2025\/12\/manifestazione-Cisl-Belluno-Treviso-2048x1302.jpeg 2048w\" sizes=\"auto, (max-width: 195px) 100vw, 195px\" \/><\/a>TREVISO <\/strong>Una delegazione composta da oltre 50 sindacalisti e delegati della Cisl Belluno Treviso parteciper\u00e0 sabato 13 dicembre in piazza Santi Apostoli a Roma alla manifestazione nazionale della Cisl \u201cMigliorare la manovra, costruire\u00a0 un Patto\u201d, organizzata all\u2019interno del \u201cCammino della Responsabilit\u00e0\u201d, la campagna di mobilitazione con cui la Confederazione di via Po sta attraversando in queste settimane tutto il Paese per sostenere le richieste di modifica alla legge di bilancio e rilanciare il \u201cpatto sociale\u201d su lavoro, crescita, coesione. Al centro dell\u2019iniziativa c\u2019\u00e8 l\u2019esigenza di migliorare la legge finanziaria e di superarla con un Patto della responsabilit\u00e0, per ampliare la prospettiva con un progetto a lungo termine che sappia coniugare transizioni, innovazione, migliore produttivit\u00e0 del sistema e aumento dei salari. Sabato in piazza la Cisl chieder\u00e0 dunque un progetto di sviluppo condiviso, che trovi risposte gi\u00e0 nella Legge di Bilancio 2026 e che guardi con coraggio alle grandi trasformazioni che stanno attraversando la societ\u00e0: dal lavoro alle politiche industriali, dalla sostenibilit\u00e0 sociale a quella ambientale, fino alla crisi demografica. La delegazione trevigiana e bellunese sar\u00e0 guidata dal segretario generale Francesco Orr\u00f9, che sottolinea come la Cisl stia perseguendo lo scopo di un confronto costruttivo con il Governo e con tutte le parti sociali, \u201c<em>per definire una strategia basata sulla corresponsabilit\u00e0 e su obiettivi condivisi, anche in vista della fase conclusiva del PNRR. \u00c8 indispensabile affrontare con coraggio i nodi del Paese e governare le trasformazioni che stanno cambiando il lavoro, l\u2019economia e le politiche industriali\u201d. <\/em><em>\u201cNon possiamo permettere che l\u2019Italia torni in una fase di stagnazione &#8211; <\/em>prosegue Orr\u00f9<em> &#8211; e proprio per questo \u00e8 necessaria pi\u00f9 che mai una grande alleanza, sul modello dei principali accordi concertativi, che si basi sulla partecipazione, capace di restituire una prospettiva, uno schema di sviluppo e una visione di futuro. \u00c8 necessario unire le forze sul tema della crescita: aumentare la produttivit\u00e0 e redistribuirla sui salari, ma anche investire su salute e sicurezza, innovazione, formazione, infrastrutture, sanit\u00e0 pubblica, welfare territoriale e nuove competenze. Serve puntare su lavoro stabile e di qualit\u00e0, promuovere forme avanzate di partecipazione nei luoghi di lavoro, riformare e rendere pi\u00f9 equo e flessibile il sistema previdenziale. Quella della Cisl sar\u00e0 una piazza di proposta, non di protesta. Vogliamo affermare un progetto di sviluppo equo, sostenibile e partecipato, capace di governare i grandi cambiamenti che sono in corso anche nelle nostre province, sempre meno attrattive\u201d.<\/em><\/p>\n<p>&nbsp;<\/p>\n<p>&nbsp;<\/p>\n<p>&nbsp;<\/p>\n<p>************<\/p>\n","protected":false},"excerpt":{"rendered":"<p>******** &nbsp; TREVISO Una delegazione composta da oltre 50 sindacalisti e delegati della Cisl Belluno Treviso parteciper\u00e0 sabato 13 dicembre in piazza Santi Apostoli a Roma alla manifestazione nazionale della Cisl \u201cMigliorare la manovra, costruire\u00a0 un Patto\u201d, organizzata all\u2019interno del \u201cCammino della Responsabilit\u00e0\u201d, la campagna di mobilitazione con cui la Confederazione di via Po sta&hellip;<\/p>\n","protected":false},"author":4,"featured_media":485578,"comment_status":"closed","ping_status":"closed","sticky":false,"template":"","format":"standard","meta":{"_monsterinsights_skip_tracking":false,"_monsterinsights_sitenote_active":false,"_monsterinsights_sitenote_note":"","_monsterinsights_sitenote_category":0,"footnotes":""},"categories":[51,49],"tags":[],"class_list":["post-485577","post","type-post","status-publish","format-standard","has-post-thumbnail","hentry","category-evidenza-top","category-news-18","category-51","category-49","description-off"],"img_url":"https:\/\/www.radiopiu.net\/wordpress\/wp-content\/uploads\/2025\/12\/manifestazione-Cisl-Belluno-Treviso-scaled.jpeg","_links":{"self":[{"href":"https:\/\/www.radiopiu.net\/wordpress\/wp-json\/wp\/v2\/posts\/485577","targetHints":{"allow":["GET"]}}],"collection":[{"href":"https:\/\/www.radiopiu.net\/wordpress\/wp-json\/wp\/v2\/posts"}],"about":[{"href":"https:\/\/www.radiopiu.net\/wordpress\/wp-json\/wp\/v2\/types\/post"}],"author":[{"embeddable":true,"href":"https:\/\/www.radiopiu.net\/wordpress\/wp-json\/wp\/v2\/users\/4"}],"replies":[{"embeddable":true,"href":"https:\/\/www.radiopiu.net\/wordpress\/wp-json\/wp\/v2\/comments?post=485577"}],"version-history":[{"count":1,"href":"https:\/\/www.radiopiu.net\/wordpress\/wp-json\/wp\/v2\/posts\/485577\/revisions"}],"predecessor-version":[{"id":485579,"href":"https:\/\/www.radiopiu.net\/wordpress\/wp-json\/wp\/v2\/posts\/485577\/revisions\/485579"}],"wp:featuredmedia":[{"embeddable":true,"href":"https:\/\/www.radiopiu.net\/wordpress\/wp-json\/wp\/v2\/media\/485578"}],"wp:attachment":[{"href":"https:\/\/www.radiopiu.net\/wordpress\/wp-json\/wp\/v2\/media?parent=485577"}],"wp:term":[{"taxonomy":"category","embeddable":true,"href":"https:\/\/www.radiopiu.net\/wordpress\/wp-json\/wp\/v2\/categories?post=485577"},{"taxonomy":"post_tag","embeddable":true,"href":"https:\/\/www.radiopiu.net\/wordpress\/wp-json\/wp\/v2\/tags?post=485577"}],"curies":[{"name":"wp","href":"https:\/\/api.w.org\/{rel}","templated":true}]}}