{"id":485645,"date":"2025-12-13T05:32:23","date_gmt":"2025-12-13T04:32:23","guid":{"rendered":"https:\/\/www.radiopiu.net\/wordpress\/?p=485645"},"modified":"2025-12-13T06:10:44","modified_gmt":"2025-12-13T05:10:44","slug":"agordo-minoranza-chiede-visione-strategica-e-priorita-sui-servizi","status":"publish","type":"post","link":"https:\/\/www.radiopiu.net\/wordpress\/agordo-minoranza-chiede-visione-strategica-e-priorita-sui-servizi\/","title":{"rendered":"AGORDO: MINORANZA CHIEDE VISIONE STRATEGICA E PRIORIT\u00c0 SUI SERVIZI"},"content":{"rendered":"<p>**********<\/p>\n<p>&nbsp;<\/p>\n<p><strong><a class=\"dt-pswp-item\" href=\"https:\/\/www.radiopiu.net\/wordpress\/wp-content\/uploads\/2025\/10\/municipio_di_agordo.jpg\" data-dt-img-description=\"\" data-large_image_width=\"320\" data-large_image_height=\"180\"><img loading=\"lazy\" decoding=\"async\" class=\" wp-image-477596 alignleft\" src=\"https:\/\/www.radiopiu.net\/wordpress\/wp-content\/uploads\/2025\/10\/municipio_di_agordo-300x169.jpg\" alt=\"\" width=\"240\" height=\"135\" srcset=\"https:\/\/www.radiopiu.net\/wordpress\/wp-content\/uploads\/2025\/10\/municipio_di_agordo-300x169.jpg 300w, https:\/\/www.radiopiu.net\/wordpress\/wp-content\/uploads\/2025\/10\/municipio_di_agordo.jpg 320w\" sizes=\"auto, (max-width: 240px) 100vw, 240px\" \/><\/a>AGORDO <\/strong>Il gruppo di minoranza in Consiglio Comunale di Agordo ribadisce l\u2019impegno a mantenere un approccio costruttivo nei confronti della maggioranza, evidenziando come alcune proposte un tempo considerate \u201cirrealizzabili\u201d siano oggi realt\u00e0. Tuttavia, sottolineano una criticit\u00e0: la maggior parte degli investimenti comunali \u00e8 concentrata sulle opere pubbliche, trascurando sfide fondamentali come calo demografico, invecchiamento, servizi a rischio, chiusura di negozi e scarsit\u00e0 di iniziative culturali e giovanili. La minoranza chiede una programmazione lungimirante, che valuti anche i costi di manutenzione delle nuove infrastrutture, e sollecita interventi su temi essenziali: servizi educativi e sostegno alle famiglie, valorizzazione delle associazioni locali, cura delle strutture pubbliche, sviluppo turistico e culturale, sostegno all\u2019imprenditorialit\u00e0 giovanile e attivazione della fibra ottica. Gli esponenti di <em data-start=\"999\" data-end=\"1015\">Agordo Insieme<\/em> confermano la disponibilit\u00e0 a collaborare concretamente, pur esprimendo timori sul dialogo all\u2019interno della maggioranza. L\u2019obiettivo rimane chiaro: mettere al centro il futuro degli Agordini, bilanciando opere pubbliche e progetti che rispondano alle esigenze della comunit\u00e0.<\/p>\n<p>&nbsp;<\/p>\n<p>&nbsp;<\/p>\n<p>&nbsp;<\/p>\n<p>***********<\/p>\n","protected":false},"excerpt":{"rendered":"<p>********** &nbsp; AGORDO Il gruppo di minoranza in Consiglio Comunale di Agordo ribadisce l\u2019impegno a mantenere un approccio costruttivo nei confronti della maggioranza, evidenziando come alcune proposte un tempo considerate \u201cirrealizzabili\u201d siano oggi realt\u00e0. Tuttavia, sottolineano una criticit\u00e0: la maggior parte degli investimenti comunali \u00e8 concentrata sulle opere pubbliche, trascurando sfide fondamentali come calo demografico,&hellip;<\/p>\n","protected":false},"author":4,"featured_media":477596,"comment_status":"closed","ping_status":"closed","sticky":false,"template":"","format":"standard","meta":{"_monsterinsights_skip_tracking":false,"_monsterinsights_sitenote_active":false,"_monsterinsights_sitenote_note":"","_monsterinsights_sitenote_category":0,"footnotes":""},"categories":[51,49],"tags":[],"class_list":["post-485645","post","type-post","status-publish","format-standard","has-post-thumbnail","hentry","category-evidenza-top","category-news-18","category-51","category-49","description-off"],"img_url":"https:\/\/www.radiopiu.net\/wordpress\/wp-content\/uploads\/2025\/10\/municipio_di_agordo.jpg","_links":{"self":[{"href":"https:\/\/www.radiopiu.net\/wordpress\/wp-json\/wp\/v2\/posts\/485645","targetHints":{"allow":["GET"]}}],"collection":[{"href":"https:\/\/www.radiopiu.net\/wordpress\/wp-json\/wp\/v2\/posts"}],"about":[{"href":"https:\/\/www.radiopiu.net\/wordpress\/wp-json\/wp\/v2\/types\/post"}],"author":[{"embeddable":true,"href":"https:\/\/www.radiopiu.net\/wordpress\/wp-json\/wp\/v2\/users\/4"}],"replies":[{"embeddable":true,"href":"https:\/\/www.radiopiu.net\/wordpress\/wp-json\/wp\/v2\/comments?post=485645"}],"version-history":[{"count":1,"href":"https:\/\/www.radiopiu.net\/wordpress\/wp-json\/wp\/v2\/posts\/485645\/revisions"}],"predecessor-version":[{"id":485646,"href":"https:\/\/www.radiopiu.net\/wordpress\/wp-json\/wp\/v2\/posts\/485645\/revisions\/485646"}],"wp:featuredmedia":[{"embeddable":true,"href":"https:\/\/www.radiopiu.net\/wordpress\/wp-json\/wp\/v2\/media\/477596"}],"wp:attachment":[{"href":"https:\/\/www.radiopiu.net\/wordpress\/wp-json\/wp\/v2\/media?parent=485645"}],"wp:term":[{"taxonomy":"category","embeddable":true,"href":"https:\/\/www.radiopiu.net\/wordpress\/wp-json\/wp\/v2\/categories?post=485645"},{"taxonomy":"post_tag","embeddable":true,"href":"https:\/\/www.radiopiu.net\/wordpress\/wp-json\/wp\/v2\/tags?post=485645"}],"curies":[{"name":"wp","href":"https:\/\/api.w.org\/{rel}","templated":true}]}}