{"id":485648,"date":"2025-12-12T17:31:29","date_gmt":"2025-12-12T16:31:29","guid":{"rendered":"https:\/\/www.radiopiu.net\/wordpress\/?p=485648"},"modified":"2025-12-12T17:31:29","modified_gmt":"2025-12-12T16:31:29","slug":"il-mercatino-di-natale-della-scuola-dellinfanzia-di-canale-dagordo","status":"publish","type":"post","link":"https:\/\/www.radiopiu.net\/wordpress\/il-mercatino-di-natale-della-scuola-dellinfanzia-di-canale-dagordo\/","title":{"rendered":"IL MERCATINO DI NATALE DELLA SCUOLA DELL&#8217;INFANZIA DI CANALE D&#8217;AGORDO"},"content":{"rendered":"<p>*******<\/p>\n<p>&nbsp;<\/p>\n<p><strong><a class=\"dt-pswp-item\" href=\"https:\/\/www.radiopiu.net\/wordpress\/wp-content\/uploads\/2025\/12\/LoDLAoGHOGH.jpg\" data-dt-img-description=\"\" data-large_image_width=\"426\" data-large_image_height=\"643\"><img loading=\"lazy\" decoding=\"async\" class=\" wp-image-485649 alignleft\" src=\"https:\/\/www.radiopiu.net\/wordpress\/wp-content\/uploads\/2025\/12\/LoDLAoGHOGH-199x300.jpg\" alt=\"\" width=\"91\" height=\"137\" srcset=\"https:\/\/www.radiopiu.net\/wordpress\/wp-content\/uploads\/2025\/12\/LoDLAoGHOGH-199x300.jpg 199w, https:\/\/www.radiopiu.net\/wordpress\/wp-content\/uploads\/2025\/12\/LoDLAoGHOGH.jpg 426w\" sizes=\"auto, (max-width: 91px) 100vw, 91px\" \/><\/a>CANALE D&#8217;AGORDO<\/strong> La Scuola dell\u2019infanzia <em data-start=\"86\" data-end=\"110\">Beato Giovanni Paolo I<\/em> di Canale d\u2019Agordo organizza il tradizionale Mercatino di Natale, un appuntamento molto atteso dalla comunit\u00e0 locale. L\u2019evento si terr\u00e0 domenica 14 dicembre 2025, in canonica, dalle 8:30, e proseguir\u00e0 fino a esaurimento delle torte. Il ricavato sar\u00e0 interamente destinato a favore della scuola materna, contribuendo al sostegno delle attivit\u00e0 educative. Tra i protagonisti della giornata ci saranno le torte e i dolci fatti in casa, preparati con cura da genitori e volontari. Un\u2019occasione speciale non solo per sostenere l\u2019istituto, ma anche per condividere lo spirito natalizio attraverso sapori genuini e momenti di convivialit\u00e0 per grandi e piccoli.<\/p>\n<p>&nbsp;<\/p>\n<p>&nbsp;<\/p>\n<p>&nbsp;<\/p>\n<p>********<\/p>\n","protected":false},"excerpt":{"rendered":"<p>******* &nbsp; CANALE D&#8217;AGORDO La Scuola dell\u2019infanzia Beato Giovanni Paolo I di Canale d\u2019Agordo organizza il tradizionale Mercatino di Natale, un appuntamento molto atteso dalla comunit\u00e0 locale. L\u2019evento si terr\u00e0 domenica 14 dicembre 2025, in canonica, dalle 8:30, e proseguir\u00e0 fino a esaurimento delle torte. Il ricavato sar\u00e0 interamente destinato a favore della scuola materna,&hellip;<\/p>\n","protected":false},"author":4,"featured_media":485650,"comment_status":"closed","ping_status":"closed","sticky":false,"template":"","format":"standard","meta":{"_monsterinsights_skip_tracking":false,"_monsterinsights_sitenote_active":false,"_monsterinsights_sitenote_note":"","_monsterinsights_sitenote_category":0,"footnotes":""},"categories":[49],"tags":[],"class_list":["post-485648","post","type-post","status-publish","format-standard","has-post-thumbnail","hentry","category-news-18","category-49","description-off"],"img_url":"https:\/\/www.radiopiu.net\/wordpress\/wp-content\/uploads\/2025\/12\/ijl.jpg","_links":{"self":[{"href":"https:\/\/www.radiopiu.net\/wordpress\/wp-json\/wp\/v2\/posts\/485648","targetHints":{"allow":["GET"]}}],"collection":[{"href":"https:\/\/www.radiopiu.net\/wordpress\/wp-json\/wp\/v2\/posts"}],"about":[{"href":"https:\/\/www.radiopiu.net\/wordpress\/wp-json\/wp\/v2\/types\/post"}],"author":[{"embeddable":true,"href":"https:\/\/www.radiopiu.net\/wordpress\/wp-json\/wp\/v2\/users\/4"}],"replies":[{"embeddable":true,"href":"https:\/\/www.radiopiu.net\/wordpress\/wp-json\/wp\/v2\/comments?post=485648"}],"version-history":[{"count":1,"href":"https:\/\/www.radiopiu.net\/wordpress\/wp-json\/wp\/v2\/posts\/485648\/revisions"}],"predecessor-version":[{"id":485651,"href":"https:\/\/www.radiopiu.net\/wordpress\/wp-json\/wp\/v2\/posts\/485648\/revisions\/485651"}],"wp:featuredmedia":[{"embeddable":true,"href":"https:\/\/www.radiopiu.net\/wordpress\/wp-json\/wp\/v2\/media\/485650"}],"wp:attachment":[{"href":"https:\/\/www.radiopiu.net\/wordpress\/wp-json\/wp\/v2\/media?parent=485648"}],"wp:term":[{"taxonomy":"category","embeddable":true,"href":"https:\/\/www.radiopiu.net\/wordpress\/wp-json\/wp\/v2\/categories?post=485648"},{"taxonomy":"post_tag","embeddable":true,"href":"https:\/\/www.radiopiu.net\/wordpress\/wp-json\/wp\/v2\/tags?post=485648"}],"curies":[{"name":"wp","href":"https:\/\/api.w.org\/{rel}","templated":true}]}}