{"id":485684,"date":"2025-12-13T09:20:40","date_gmt":"2025-12-13T08:20:40","guid":{"rendered":"https:\/\/www.radiopiu.net\/wordpress\/?p=485684"},"modified":"2025-12-13T09:24:45","modified_gmt":"2025-12-13T08:24:45","slug":"borghesema-ora-e-re-mimo-sale-sul-trono-della-pensione","status":"publish","type":"post","link":"https:\/\/www.radiopiu.net\/wordpress\/borghesema-ora-e-re-mimo-sale-sul-trono-della-pensione\/","title":{"rendered":"BORGHESE\u2026MA ORA \u00c8 RE: MIMO SALE SUL TRONO DELLA PENSIONE"},"content":{"rendered":"<p>********<\/p>\n<p>&nbsp;<\/p>\n<p><strong><a class=\"dt-pswp-item\" href=\"https:\/\/www.radiopiu.net\/wordpress\/wp-content\/uploads\/2025\/12\/SCR-20251212-tjix.jpeg\" data-dt-img-description=\"\" data-large_image_width=\"1180\" data-large_image_height=\"892\"><img loading=\"lazy\" decoding=\"async\" class=\" wp-image-485685 alignleft\" src=\"https:\/\/www.radiopiu.net\/wordpress\/wp-content\/uploads\/2025\/12\/SCR-20251212-tjix-300x227.jpeg\" alt=\"\" width=\"156\" height=\"118\" srcset=\"https:\/\/www.radiopiu.net\/wordpress\/wp-content\/uploads\/2025\/12\/SCR-20251212-tjix-300x227.jpeg 300w, https:\/\/www.radiopiu.net\/wordpress\/wp-content\/uploads\/2025\/12\/SCR-20251212-tjix-1024x774.jpeg 1024w, https:\/\/www.radiopiu.net\/wordpress\/wp-content\/uploads\/2025\/12\/SCR-20251212-tjix-768x581.jpeg 768w, https:\/\/www.radiopiu.net\/wordpress\/wp-content\/uploads\/2025\/12\/SCR-20251212-tjix.jpeg 1180w\" sizes=\"auto, (max-width: 156px) 100vw, 156px\" \/><\/a>DI MARCO GAZ<\/strong><\/p>\n<p><strong>TAIBON<\/strong> \u00c8 ufficiale: Maurizio Borghese, per tutti semplicemente Mimo, ha finalmente tagliato il traguardo pi\u00f9 ambito dagli italiani\u2026 la pensione. E proprio lui, con un cognome cos\u00ec \u201cnobile\u201d, non poteva che festeggiare in grande stile: tra colleghi di ieri e di oggi, circondato da chi ha condiviso con lui turni, risate, sudate e \u2013 perch\u00e9 no \u2013 anche qualche lamentela di schiena. Classe 1968, Mimo ha deciso che con il nuovo anno \u00e8 tempo di appendere\u2026 beh, non proprio le scarpe al chiodo, perch\u00e9 da sportivo incallito quale \u00e8, difficilmente lo vedremo fermo. Amante delle biciclette, dello sport in generale e storico giocatore di hockey col Taibon negli anni \u201980, ha passato pi\u00f9 tempo in movimento che sul divano. Forse troppo, visti i numerosi interventi per infortuni vari e le mitiche magagne alla schiena, che ormai racconta come fossero aneddoti di guerra. Sul lavoro \u00e8 stato un punto di riferimento: tutti lo conoscono, tutti gli vogliono bene. Sempre pronto a dare una mano, un consiglio o una battuta per stemperare l\u2019aria. Un collega cos\u00ec non lo si dimentica. Ora per\u00f2 il \u201cBorghese\u201d di Taibon pu\u00f2 finalmente godersi il titolo pi\u00f9 prestigioso: Sua Maest\u00e0 Mimo, Re della Pensione, pronto a regnare sul tempo libero, sulle pedalate infinite e magari su qualche meritato riposino pomeridiano. Auguri Mimo\u2026 che la tua pensione sia lunga, felice e soprattutto goliardica quanto te.<\/p>\n\n\t\t\t<style type='text\/css'>\n\t\t\t\t#gallery-1 {\n\t\t\t\t\tmargin: auto;\n\t\t\t\t}\n\t\t\t\t#gallery-1 .gallery-item {\n\t\t\t\t\tfloat: left;\n\t\t\t\t\tmargin-top: 10px;\n\t\t\t\t\ttext-align: center;\n\t\t\t\t\twidth: 50%;\n\t\t\t\t}\n\t\t\t\t#gallery-1 img {\n\t\t\t\t\tborder: 2px solid #cfcfcf;\n\t\t\t\t}\n\t\t\t\t#gallery-1 .gallery-caption {\n\t\t\t\t\tmargin-left: 0;\n\t\t\t\t}\n\t\t\t\t\/* see gallery_shortcode() in wp-includes\/media.php *\/\n\t\t\t<\/style>\n\t\t<div id='gallery-1' class='dt-gallery-container gallery galleryid-485684 gallery-columns-2 gallery-size-medium'><dl class='gallery-item'>\n\t\t\t\t<dt class='gallery-icon landscape'>\n\t\t\t\t\t<a class=\"rollover rollover-zoom dt-pswp-item\" title=\"Screenshot\" data-dt-img-description=\"\" data-large_image_width=\"1210\" data-large_image_height=\"902\"href='https:\/\/www.radiopiu.net\/wordpress\/wp-content\/uploads\/2025\/12\/SCR-20251212-tkbr.jpeg'><img loading=\"lazy\" decoding=\"async\" width=\"300\" height=\"224\" src=\"https:\/\/www.radiopiu.net\/wordpress\/wp-content\/uploads\/2025\/12\/SCR-20251212-tkbr-300x224.jpeg\" class=\"attachment-medium size-medium\" alt=\"\" srcset=\"https:\/\/www.radiopiu.net\/wordpress\/wp-content\/uploads\/2025\/12\/SCR-20251212-tkbr-300x224.jpeg 300w, https:\/\/www.radiopiu.net\/wordpress\/wp-content\/uploads\/2025\/12\/SCR-20251212-tkbr-1024x763.jpeg 1024w, https:\/\/www.radiopiu.net\/wordpress\/wp-content\/uploads\/2025\/12\/SCR-20251212-tkbr-768x573.jpeg 768w, https:\/\/www.radiopiu.net\/wordpress\/wp-content\/uploads\/2025\/12\/SCR-20251212-tkbr.jpeg 1210w\" sizes=\"auto, (max-width: 300px) 100vw, 300px\" \/><\/a>\n\t\t\t\t<\/dt><\/dl><dl class='gallery-item'>\n\t\t\t\t<dt class='gallery-icon landscape'>\n\t\t\t\t\t<a class=\"rollover rollover-zoom dt-pswp-item\" title=\"Screenshot\" data-dt-img-description=\"\" data-large_image_width=\"1210\" data-large_image_height=\"856\"href='https:\/\/www.radiopiu.net\/wordpress\/wp-content\/uploads\/2025\/12\/SCR-20251213-ioxi.jpeg'><img loading=\"lazy\" decoding=\"async\" width=\"300\" height=\"212\" src=\"https:\/\/www.radiopiu.net\/wordpress\/wp-content\/uploads\/2025\/12\/SCR-20251213-ioxi-300x212.jpeg\" class=\"attachment-medium size-medium\" alt=\"\" srcset=\"https:\/\/www.radiopiu.net\/wordpress\/wp-content\/uploads\/2025\/12\/SCR-20251213-ioxi-300x212.jpeg 300w, https:\/\/www.radiopiu.net\/wordpress\/wp-content\/uploads\/2025\/12\/SCR-20251213-ioxi-1024x724.jpeg 1024w, https:\/\/www.radiopiu.net\/wordpress\/wp-content\/uploads\/2025\/12\/SCR-20251213-ioxi-768x543.jpeg 768w, https:\/\/www.radiopiu.net\/wordpress\/wp-content\/uploads\/2025\/12\/SCR-20251213-ioxi.jpeg 1210w\" sizes=\"auto, (max-width: 300px) 100vw, 300px\" \/><\/a>\n\t\t\t\t<\/dt><\/dl><br style=\"clear: both\" \/>\n\t\t\t<\/div>\n\n<p>&nbsp;<\/p>\n<p>&nbsp;<\/p>\n<p>&nbsp;<\/p>\n<p>&nbsp;<\/p>\n<p>*********<\/p>\n","protected":false},"excerpt":{"rendered":"<p>******** &nbsp; DI MARCO GAZ TAIBON \u00c8 ufficiale: Maurizio Borghese, per tutti semplicemente Mimo, ha finalmente tagliato il traguardo pi\u00f9 ambito dagli italiani\u2026 la pensione. E proprio lui, con un cognome cos\u00ec \u201cnobile\u201d, non poteva che festeggiare in grande stile: tra colleghi di ieri e di oggi, circondato da chi ha condiviso con lui turni,&hellip;<\/p>\n","protected":false},"author":4,"featured_media":485685,"comment_status":"closed","ping_status":"closed","sticky":false,"template":"","format":"standard","meta":{"_monsterinsights_skip_tracking":false,"_monsterinsights_sitenote_active":false,"_monsterinsights_sitenote_note":"","_monsterinsights_sitenote_category":0,"footnotes":""},"categories":[104,49],"tags":[],"class_list":["post-485684","post","type-post","status-publish","format-standard","has-post-thumbnail","hentry","category-evidenza_3","category-news-18","category-104","category-49","description-off"],"img_url":"https:\/\/www.radiopiu.net\/wordpress\/wp-content\/uploads\/2025\/12\/SCR-20251212-tjix.jpeg","_links":{"self":[{"href":"https:\/\/www.radiopiu.net\/wordpress\/wp-json\/wp\/v2\/posts\/485684","targetHints":{"allow":["GET"]}}],"collection":[{"href":"https:\/\/www.radiopiu.net\/wordpress\/wp-json\/wp\/v2\/posts"}],"about":[{"href":"https:\/\/www.radiopiu.net\/wordpress\/wp-json\/wp\/v2\/types\/post"}],"author":[{"embeddable":true,"href":"https:\/\/www.radiopiu.net\/wordpress\/wp-json\/wp\/v2\/users\/4"}],"replies":[{"embeddable":true,"href":"https:\/\/www.radiopiu.net\/wordpress\/wp-json\/wp\/v2\/comments?post=485684"}],"version-history":[{"count":4,"href":"https:\/\/www.radiopiu.net\/wordpress\/wp-json\/wp\/v2\/posts\/485684\/revisions"}],"predecessor-version":[{"id":485737,"href":"https:\/\/www.radiopiu.net\/wordpress\/wp-json\/wp\/v2\/posts\/485684\/revisions\/485737"}],"wp:featuredmedia":[{"embeddable":true,"href":"https:\/\/www.radiopiu.net\/wordpress\/wp-json\/wp\/v2\/media\/485685"}],"wp:attachment":[{"href":"https:\/\/www.radiopiu.net\/wordpress\/wp-json\/wp\/v2\/media?parent=485684"}],"wp:term":[{"taxonomy":"category","embeddable":true,"href":"https:\/\/www.radiopiu.net\/wordpress\/wp-json\/wp\/v2\/categories?post=485684"},{"taxonomy":"post_tag","embeddable":true,"href":"https:\/\/www.radiopiu.net\/wordpress\/wp-json\/wp\/v2\/tags?post=485684"}],"curies":[{"name":"wp","href":"https:\/\/api.w.org\/{rel}","templated":true}]}}