{"id":485693,"date":"2025-12-13T05:00:39","date_gmt":"2025-12-13T04:00:39","guid":{"rendered":"https:\/\/www.radiopiu.net\/wordpress\/?p=485693"},"modified":"2025-12-13T05:00:39","modified_gmt":"2025-12-13T04:00:39","slug":"torna-il-presepe-ai-mazzucchi-tradizione-arte-e-passione-nel-cuore-dellalpago","status":"publish","type":"post","link":"https:\/\/www.radiopiu.net\/wordpress\/torna-il-presepe-ai-mazzucchi-tradizione-arte-e-passione-nel-cuore-dellalpago\/","title":{"rendered":"TORNA IL PRESEPE AI MAZZUCCHI: TRADIZIONE, ARTE E PASSIONE NEL CUORE DELL\u2019ALPAGO"},"content":{"rendered":"<p>**<\/p>\n<p><strong>PONTE NELLE ALPI<\/strong><\/p>\n<p data-start=\"239\" data-end=\"572\"><a class=\"dt-pswp-item\" href=\"https:\/\/www.radiopiu.net\/wordpress\/wp-content\/uploads\/2025\/12\/595195046_1477329230011058_4124210002388163481_n.jpg\" data-dt-img-description=\"\" data-large_image_width=\"720\" data-large_image_height=\"1021\"><img loading=\"lazy\" decoding=\"async\" class=\"size-medium wp-image-485698 alignleft\" src=\"https:\/\/www.radiopiu.net\/wordpress\/wp-content\/uploads\/2025\/12\/595195046_1477329230011058_4124210002388163481_n-212x300.jpg\" alt=\"\" width=\"212\" height=\"300\" srcset=\"https:\/\/www.radiopiu.net\/wordpress\/wp-content\/uploads\/2025\/12\/595195046_1477329230011058_4124210002388163481_n-212x300.jpg 212w, https:\/\/www.radiopiu.net\/wordpress\/wp-content\/uploads\/2025\/12\/595195046_1477329230011058_4124210002388163481_n.jpg 720w\" sizes=\"auto, (max-width: 212px) 100vw, 212px\" \/><\/a>\u00c8 tornato anche quest\u2019anno uno degli appuntamenti pi\u00f9 attesi del periodo natalizio: il Presepe ai Mazzucchi, giunto alla 16\u00aa edizione, visitabile nella localit\u00e0 Mazzucchi di Ponte nelle Alpi. Un presepe che non \u00e8 solo una rappresentazione della Nativit\u00e0, ma un vero e proprio racconto di vita, memoria e identit\u00e0 montana.<\/p>\n<p data-start=\"574\" data-end=\"931\">Aperto tutti i giorni dalle 9 alle 17, e visitabile fino a fine gennaio, il presepe nasce da un lavoro lungo e paziente che inizia gi\u00e0 in estate. Tra materiali poveri, legno, pietra, polvere e piccoli attrezzi, prende forma un mondo in miniatura costruito interamente a mano, arricchito anno dopo anno con nuovi dettagli, ambientazioni e personaggi.<\/p>\n<p data-start=\"933\" data-end=\"1280\">Il presepe riproduce fedelmente scorci, mestieri e luoghi tipici della montagna bellunese: dal mulino al castello di Andraz, dalle stalle ai mercati, dai ponti ai campanili, fino alle scene di vita quotidiana dedicate anche ai pi\u00f9 piccoli. Tutto \u00e8 inserito in un paesaggio ispirato alle montagne dell\u2019Alpago, capace di emozionare adulti e bambini.<\/p>\n<p data-start=\"1282\" data-end=\"1604\">Dietro ogni particolare c\u2019\u00e8 la passione di chi, con creativit\u00e0 e ingegno, trasforma un\u2019idea in un\u2019opera che cresce nel tempo, diventando patrimonio condiviso della comunit\u00e0. Un lavoro intenso, fatto di attese, fatica e soddisfazioni, che culmina ogni anno nel momento in cui il presepe viene finalmente aperto al pubblico.<\/p>\n<p data-start=\"1606\" data-end=\"1928\">Il Presepe ai Mazzucchi \u00e8 un invito a rallentare, a riscoprire la bellezza delle cose semplici e a immergersi in un\u2019atmosfera autentica, dove la tradizione si intreccia con l\u2019arte e la memoria. Un luogo da visitare non solo per vedere un presepe, ma per vivere un\u2019esperienza che parla di radici, famiglia e territorio.<\/p>\n\n\t\t\t<style type='text\/css'>\n\t\t\t\t#gallery-1 {\n\t\t\t\t\tmargin: auto;\n\t\t\t\t}\n\t\t\t\t#gallery-1 .gallery-item {\n\t\t\t\t\tfloat: left;\n\t\t\t\t\tmargin-top: 10px;\n\t\t\t\t\ttext-align: center;\n\t\t\t\t\twidth: 50%;\n\t\t\t\t}\n\t\t\t\t#gallery-1 img {\n\t\t\t\t\tborder: 2px solid #cfcfcf;\n\t\t\t\t}\n\t\t\t\t#gallery-1 .gallery-caption {\n\t\t\t\t\tmargin-left: 0;\n\t\t\t\t}\n\t\t\t\t\/* see gallery_shortcode() in wp-includes\/media.php *\/\n\t\t\t<\/style>\n\t\t<div id='gallery-1' class='dt-gallery-container gallery galleryid-485693 gallery-columns-2 gallery-size-medium'><dl class='gallery-item'>\n\t\t\t\t<dt class='gallery-icon portrait'>\n\t\t\t\t\t<a class=\"rollover rollover-zoom dt-pswp-item\" title=\"597235919_4085827161678519_8891988327861969893_n\" data-dt-img-description=\"\" data-large_image_width=\"720\" data-large_image_height=\"960\"href='https:\/\/www.radiopiu.net\/wordpress\/wp-content\/uploads\/2025\/12\/597235919_4085827161678519_8891988327861969893_n.jpg'><img loading=\"lazy\" decoding=\"async\" width=\"225\" height=\"300\" src=\"https:\/\/www.radiopiu.net\/wordpress\/wp-content\/uploads\/2025\/12\/597235919_4085827161678519_8891988327861969893_n-225x300.jpg\" class=\"attachment-medium size-medium\" alt=\"\" srcset=\"https:\/\/www.radiopiu.net\/wordpress\/wp-content\/uploads\/2025\/12\/597235919_4085827161678519_8891988327861969893_n-225x300.jpg 225w, https:\/\/www.radiopiu.net\/wordpress\/wp-content\/uploads\/2025\/12\/597235919_4085827161678519_8891988327861969893_n.jpg 720w\" sizes=\"auto, (max-width: 225px) 100vw, 225px\" \/><\/a>\n\t\t\t\t<\/dt><\/dl><dl class='gallery-item'>\n\t\t\t\t<dt class='gallery-icon portrait'>\n\t\t\t\t\t<a class=\"rollover rollover-zoom dt-pswp-item\" title=\"592764124_841812538600697_8831677836374245876_n\" data-dt-img-description=\"\" data-large_image_width=\"720\" data-large_image_height=\"960\"href='https:\/\/www.radiopiu.net\/wordpress\/wp-content\/uploads\/2025\/12\/592764124_841812538600697_8831677836374245876_n.jpg'><img loading=\"lazy\" decoding=\"async\" width=\"225\" height=\"300\" src=\"https:\/\/www.radiopiu.net\/wordpress\/wp-content\/uploads\/2025\/12\/592764124_841812538600697_8831677836374245876_n-225x300.jpg\" class=\"attachment-medium size-medium\" alt=\"\" srcset=\"https:\/\/www.radiopiu.net\/wordpress\/wp-content\/uploads\/2025\/12\/592764124_841812538600697_8831677836374245876_n-225x300.jpg 225w, https:\/\/www.radiopiu.net\/wordpress\/wp-content\/uploads\/2025\/12\/592764124_841812538600697_8831677836374245876_n.jpg 720w\" sizes=\"auto, (max-width: 225px) 100vw, 225px\" \/><\/a>\n\t\t\t\t<\/dt><\/dl><br style=\"clear: both\" \/>\n\t\t\t<\/div>\n\n<p data-start=\"1606\" data-end=\"1928\">\n<p data-start=\"1606\" data-end=\"1928\">\n<hr \/>\n<p data-start=\"1606\" data-end=\"1928\">\n","protected":false},"excerpt":{"rendered":"<p>** PONTE NELLE ALPI \u00c8 tornato anche quest\u2019anno uno degli appuntamenti pi\u00f9 attesi del periodo natalizio: il Presepe ai Mazzucchi, giunto alla 16\u00aa edizione, visitabile nella localit\u00e0 Mazzucchi di Ponte nelle Alpi. Un presepe che non \u00e8 solo una rappresentazione della Nativit\u00e0, ma un vero e proprio racconto di vita, memoria e identit\u00e0 montana. Aperto&hellip;<\/p>\n","protected":false},"author":4,"featured_media":485698,"comment_status":"closed","ping_status":"closed","sticky":false,"template":"","format":"standard","meta":{"_monsterinsights_skip_tracking":false,"_monsterinsights_sitenote_active":false,"_monsterinsights_sitenote_note":"","_monsterinsights_sitenote_category":0,"footnotes":""},"categories":[49],"tags":[],"class_list":["post-485693","post","type-post","status-publish","format-standard","has-post-thumbnail","hentry","category-news-18","category-49","description-off"],"img_url":"https:\/\/www.radiopiu.net\/wordpress\/wp-content\/uploads\/2025\/12\/595195046_1477329230011058_4124210002388163481_n.jpg","_links":{"self":[{"href":"https:\/\/www.radiopiu.net\/wordpress\/wp-json\/wp\/v2\/posts\/485693","targetHints":{"allow":["GET"]}}],"collection":[{"href":"https:\/\/www.radiopiu.net\/wordpress\/wp-json\/wp\/v2\/posts"}],"about":[{"href":"https:\/\/www.radiopiu.net\/wordpress\/wp-json\/wp\/v2\/types\/post"}],"author":[{"embeddable":true,"href":"https:\/\/www.radiopiu.net\/wordpress\/wp-json\/wp\/v2\/users\/4"}],"replies":[{"embeddable":true,"href":"https:\/\/www.radiopiu.net\/wordpress\/wp-json\/wp\/v2\/comments?post=485693"}],"version-history":[{"count":1,"href":"https:\/\/www.radiopiu.net\/wordpress\/wp-json\/wp\/v2\/posts\/485693\/revisions"}],"predecessor-version":[{"id":485699,"href":"https:\/\/www.radiopiu.net\/wordpress\/wp-json\/wp\/v2\/posts\/485693\/revisions\/485699"}],"wp:featuredmedia":[{"embeddable":true,"href":"https:\/\/www.radiopiu.net\/wordpress\/wp-json\/wp\/v2\/media\/485698"}],"wp:attachment":[{"href":"https:\/\/www.radiopiu.net\/wordpress\/wp-json\/wp\/v2\/media?parent=485693"}],"wp:term":[{"taxonomy":"category","embeddable":true,"href":"https:\/\/www.radiopiu.net\/wordpress\/wp-json\/wp\/v2\/categories?post=485693"},{"taxonomy":"post_tag","embeddable":true,"href":"https:\/\/www.radiopiu.net\/wordpress\/wp-json\/wp\/v2\/tags?post=485693"}],"curies":[{"name":"wp","href":"https:\/\/api.w.org\/{rel}","templated":true}]}}