{"id":485704,"date":"2025-12-13T05:40:01","date_gmt":"2025-12-13T04:40:01","guid":{"rendered":"https:\/\/www.radiopiu.net\/wordpress\/?p=485704"},"modified":"2025-12-13T05:55:16","modified_gmt":"2025-12-13T04:55:16","slug":"lultimo-saluto-a-federico-nadai-il-dolore-e-lamore-di-unintera-comunita","status":"publish","type":"post","link":"https:\/\/www.radiopiu.net\/wordpress\/lultimo-saluto-a-federico-nadai-il-dolore-e-lamore-di-unintera-comunita\/","title":{"rendered":"L\u2019ULTIMO SALUTO A FEDERICO NADAI, IL DOLORE E L\u2019AMORE DI UN\u2019INTERA COMUNIT\u00c0"},"content":{"rendered":"<p>***<\/p>\n<div class=\"flex max-w-full flex-col grow\">\n<div class=\"min-h-8 text-message relative flex w-full flex-col items-end gap-2 text-start break-words whitespace-normal [.text-message+&amp;]:mt-1\" dir=\"auto\" data-message-author-role=\"assistant\" data-message-id=\"4d603ce3-9fae-4fc4-8538-74dff6e6b918\" data-message-model-slug=\"gpt-5-2\">\n<div class=\"flex w-full flex-col gap-1 empty:hidden first:pt-[1px]\">\n<div class=\"markdown prose dark:prose-invert w-full break-words dark markdown-new-styling\">\n<blockquote>\n<p data-start=\"0\" data-end=\"79\"><strong data-start=\"0\" data-end=\"79\"><a class=\"dt-pswp-item\" href=\"https:\/\/www.radiopiu.net\/wordpress\/wp-content\/uploads\/2025\/12\/Screenshot-2025-12-13-051213.png\" data-dt-img-description=\"\" data-large_image_width=\"531\" data-large_image_height=\"288\"><img loading=\"lazy\" decoding=\"async\" class=\"size-medium wp-image-485703 alignleft\" src=\"https:\/\/www.radiopiu.net\/wordpress\/wp-content\/uploads\/2025\/12\/Screenshot-2025-12-13-051213-300x163.png\" alt=\"\" width=\"300\" height=\"163\" srcset=\"https:\/\/www.radiopiu.net\/wordpress\/wp-content\/uploads\/2025\/12\/Screenshot-2025-12-13-051213-300x163.png 300w, https:\/\/www.radiopiu.net\/wordpress\/wp-content\/uploads\/2025\/12\/Screenshot-2025-12-13-051213.png 531w\" sizes=\"auto, (max-width: 300px) 100vw, 300px\" \/><\/a><br \/>\n<\/strong><\/p>\n<\/blockquote>\n<p data-start=\"81\" data-end=\"482\"><strong>BELLUNO<\/strong> Lacrime e silenzio ieri pomeriggio nella chiesa parrocchiale di <strong data-start=\"145\" data-end=\"154\">Tisoi<\/strong> per l\u2019ultimo saluto a <strong data-start=\"177\" data-end=\"195\">Federico Nadai<\/strong>, scomparso troppo presto a causa di una malattia incurabile. Un funerale semplice ma intensissimo, che ha raccolto l\u2019abbraccio di un\u2019intera comunit\u00e0 attorno alla famiglia: mamma Martina, pap\u00e0 Marco, il fratello Massimiliano, i nonni, gli amici e i colleghi della Societ\u00e0 agricola Menin. Parole profonde hanno accompagnato la celebrazione, dalla lettura del Vangelo all\u2019omelia di don Gianni Trevisan, che ha ricordato Federico come un ragazzo capace di donare colori, presenza e amore, lasciando un messaggio di vita vissuta fino all\u2019ultimo respiro. Forte anche la preghiera dei fedeli, dedicata a chi combatte la malattia e a chi resta.\u00a0Commoventi i ricordi degli amici e, soprattutto, le parole di mamma Martina, che ha definito Federico un \u201csupereroe\u201d, esempio di resilienza, luce e gentilezza. Un dolore immenso, trasformato in gratitudine e testimonianza di un\u2019anima che continuer\u00e0 a vivere nel cuore di tutti.<\/p>\n<\/div>\n<\/div>\n<\/div>\n<\/div>\n<div class=\"z-0 flex min-h-[46px] justify-start\">FOTO CORRIERE DELLE ALPI<\/div>\n<div><\/div>\n<div><\/div>\n<div>\n<hr \/>\n<\/div>\n","protected":false},"excerpt":{"rendered":"<p>*** BELLUNO Lacrime e silenzio ieri pomeriggio nella chiesa parrocchiale di Tisoi per l\u2019ultimo saluto a Federico Nadai, scomparso troppo presto a causa di una malattia incurabile. Un funerale semplice ma intensissimo, che ha raccolto l\u2019abbraccio di un\u2019intera comunit\u00e0 attorno alla famiglia: mamma Martina, pap\u00e0 Marco, il fratello Massimiliano, i nonni, gli amici e i&hellip;<\/p>\n","protected":false},"author":4,"featured_media":485703,"comment_status":"closed","ping_status":"closed","sticky":false,"template":"","format":"standard","meta":{"_monsterinsights_skip_tracking":false,"_monsterinsights_sitenote_active":false,"_monsterinsights_sitenote_note":"","_monsterinsights_sitenote_category":0,"footnotes":""},"categories":[51,49],"tags":[],"class_list":["post-485704","post","type-post","status-publish","format-standard","has-post-thumbnail","hentry","category-evidenza-top","category-news-18","category-51","category-49","description-off"],"img_url":"https:\/\/www.radiopiu.net\/wordpress\/wp-content\/uploads\/2025\/12\/Screenshot-2025-12-13-051213.png","_links":{"self":[{"href":"https:\/\/www.radiopiu.net\/wordpress\/wp-json\/wp\/v2\/posts\/485704","targetHints":{"allow":["GET"]}}],"collection":[{"href":"https:\/\/www.radiopiu.net\/wordpress\/wp-json\/wp\/v2\/posts"}],"about":[{"href":"https:\/\/www.radiopiu.net\/wordpress\/wp-json\/wp\/v2\/types\/post"}],"author":[{"embeddable":true,"href":"https:\/\/www.radiopiu.net\/wordpress\/wp-json\/wp\/v2\/users\/4"}],"replies":[{"embeddable":true,"href":"https:\/\/www.radiopiu.net\/wordpress\/wp-json\/wp\/v2\/comments?post=485704"}],"version-history":[{"count":1,"href":"https:\/\/www.radiopiu.net\/wordpress\/wp-json\/wp\/v2\/posts\/485704\/revisions"}],"predecessor-version":[{"id":485705,"href":"https:\/\/www.radiopiu.net\/wordpress\/wp-json\/wp\/v2\/posts\/485704\/revisions\/485705"}],"wp:featuredmedia":[{"embeddable":true,"href":"https:\/\/www.radiopiu.net\/wordpress\/wp-json\/wp\/v2\/media\/485703"}],"wp:attachment":[{"href":"https:\/\/www.radiopiu.net\/wordpress\/wp-json\/wp\/v2\/media?parent=485704"}],"wp:term":[{"taxonomy":"category","embeddable":true,"href":"https:\/\/www.radiopiu.net\/wordpress\/wp-json\/wp\/v2\/categories?post=485704"},{"taxonomy":"post_tag","embeddable":true,"href":"https:\/\/www.radiopiu.net\/wordpress\/wp-json\/wp\/v2\/tags?post=485704"}],"curies":[{"name":"wp","href":"https:\/\/api.w.org\/{rel}","templated":true}]}}