{"id":485742,"date":"2025-12-15T05:37:52","date_gmt":"2025-12-15T04:37:52","guid":{"rendered":"https:\/\/www.radiopiu.net\/wordpress\/?p=485742"},"modified":"2025-12-15T05:39:16","modified_gmt":"2025-12-15T04:39:16","slug":"lexport-del-veneto-in-affanno","status":"publish","type":"post","link":"https:\/\/www.radiopiu.net\/wordpress\/lexport-del-veneto-in-affanno\/","title":{"rendered":"L\u2019EXPORT DEL VENETO IN AFFANNO"},"content":{"rendered":"<p><strong><a class=\"dt-pswp-item\" href=\"https:\/\/www.radiopiu.net\/wordpress\/wp-content\/uploads\/2025\/12\/t1.png\" data-dt-img-description=\"\" data-large_image_width=\"1119\" data-large_image_height=\"1471\"><img loading=\"lazy\" decoding=\"async\" class=\"size-medium wp-image-485743 alignleft\" src=\"https:\/\/www.radiopiu.net\/wordpress\/wp-content\/uploads\/2025\/12\/t1-228x300.png\" alt=\"\" width=\"228\" height=\"300\" srcset=\"https:\/\/www.radiopiu.net\/wordpress\/wp-content\/uploads\/2025\/12\/t1-228x300.png 228w, https:\/\/www.radiopiu.net\/wordpress\/wp-content\/uploads\/2025\/12\/t1-779x1024.png 779w, https:\/\/www.radiopiu.net\/wordpress\/wp-content\/uploads\/2025\/12\/t1-768x1010.png 768w, https:\/\/www.radiopiu.net\/wordpress\/wp-content\/uploads\/2025\/12\/t1.png 1119w\" sizes=\"auto, (max-width: 228px) 100vw, 228px\" \/><\/a>I dazi fanno crollare la vendita in USA di lavatrici, frigoriferi, occhiali, macchine agricole, mobili e gioielleria<\/strong><\/p>\n<p>Dazi, tensioni geopolitiche e crisi dei mercati internazionali hanno fiaccato il nostro export. Nei primi 9 mesi di quest\u2019anno, rispetto allo stesso periodo dell\u2019anno scorso, le vendite nei mercati esteri dei prodotti veneti sono scesi dello 0,6 per cento, contro una media nazionale del + 3,6. Assieme al Trentino Alto Adige e alla Valle d\u2019Aosta siamo le uniche regioni del Nord che hanno subito una contrazione negativa. Nel nostro caso, la riduzione \u00e8 stata pari a 360 milioni di euro. Alla fine dello scorso settembre, lo stock complessivo delle nostre esportazioni nel mondo \u00e8 sceso a 59,3 miliardi di euro (vedi Tab. 1).<\/p>\n<p>Se a livello provinciale Verona e Padova hanno potuto registrare un incremento rispettivamente dell\u20191,9 per cento e dell\u20191,4, le situazioni pi\u00f9 critiche, invece, si sono registrate a Rovigo con il -4,1 per cento e a Venezia con il -10,2 (vedi Tab. 2).<\/p>\n<p>Se, come dicevamo pi\u00f9 sopra, a livello regionale le nostre esportazioni nel mondo sono scese dello 0,6 per cento, molto pi\u00f9 pesante \u00e8 stata la contrazione registrata verso il mercato statinutense. Sempre tra gennaio e settembre 2025 rispetto allo stesso arco temporale del 2024, la flessione \u00e8 stata addirittura del 5,9 per cento. Insomma, l\u2019introduzione dei dazi ha pesantemente ostacolato le nostre esportazioni verso gli USA che, in termini assoluti, sono diminuite di 317 milioni di euro. Se Padova (+9,5 per cento) e Rovigo (+2,7) hanno accresciuto le quote di mercato negli States, Verona (-6,2), Treviso (-6,9) e in particolare Belluno (-35,1) sono \u201ccrollate\u201d (vedi Tab. 3).<\/p>\n<p>I prodotti che hanno un peso relativo importante nell\u2019economia della nostra regione e che hanno subito le riduzioni di vendita pi\u00f9 importanti sono, in particolare, gli <a class=\"dt-pswp-item\" href=\"https:\/\/www.radiopiu.net\/wordpress\/wp-content\/uploads\/2025\/12\/tab2-scaled.jpg\" data-dt-img-description=\"\" data-large_image_width=\"1249\" data-large_image_height=\"2560\"><img loading=\"lazy\" decoding=\"async\" class=\"size-medium wp-image-485746 alignleft\" src=\"https:\/\/www.radiopiu.net\/wordpress\/wp-content\/uploads\/2025\/12\/tab2-146x300.jpg\" alt=\"\" width=\"146\" height=\"300\" srcset=\"https:\/\/www.radiopiu.net\/wordpress\/wp-content\/uploads\/2025\/12\/tab2-146x300.jpg 146w, https:\/\/www.radiopiu.net\/wordpress\/wp-content\/uploads\/2025\/12\/tab2-499x1024.jpg 499w, https:\/\/www.radiopiu.net\/wordpress\/wp-content\/uploads\/2025\/12\/tab2-768x1575.jpg 768w, https:\/\/www.radiopiu.net\/wordpress\/wp-content\/uploads\/2025\/12\/tab2-749x1536.jpg 749w, https:\/\/www.radiopiu.net\/wordpress\/wp-content\/uploads\/2025\/12\/tab2-999x2048.jpg 999w, https:\/\/www.radiopiu.net\/wordpress\/wp-content\/uploads\/2025\/12\/tab2-scaled.jpg 1249w\" sizes=\"auto, (max-width: 146px) 100vw, 146px\" \/><\/a>apparecchi per uso domestico (-44,5 per cento), l\u2019occhialeria (-29,4), le macchine agricole (-28,4), gli altri prodotti in metallo (-20,4), i mobili (-16,1) e la gioielleria (-9) (vedi Tab. 4).<\/p>\n<p>In altre parole, le politiche protezionistiche messe in atto dalla scorsa estate dagli Stati Uniti rischiano di condizionare nel medio-lungo periodo il commercio estero di tutto il Veneto, sia per gli effetti diretti (mancate esportazioni), sia per quelli indiretti (riduzione margine di profitto delle imprese che continueranno a vendere nel mercato USA, trasferimento delle imprese o di una parte delle produzioni verso gli USA, il trade diversion, etc.). Oltre a queste due fattispecie non va sottovalutata anche quella congiunturale (legata alla svalutazione del dollaro nei confronti dell\u2019euro). Ricordiamo, infatti, che dall\u2019inizio di quest\u2019anno il dollaro si \u00e8 deprezzato nei confronti dell\u2019euro di 12 punti percentuali. Insomma, dazi, crisi internazionali e svalutazione del dollaro hanno frenato l\u2019export del Veneto. Tuttavia, \u00e8 bene sottolinearlo con forza: \u00e8 sicuramente prematuro formulare valutazioni definitive su questo fenomeno; anche se i primi dati statistici a disposizione fotografano una situazione a tine molto fosche che va monitorata attentamente perch\u00e9 potrebbe riservare delle brutte sorprese.<br \/>\nInsomma, nei primi nove mesi dell\u2019anno l\u2019export del Veneto \u00e8 in controtendenza rispetto al dato nazionale. I dazi introdotti dall\u2019amministrazione Trump, i venti di guerra che soffiano in Europa e le difficolt\u00e0 del commercio mondiale hanno frenato &#8211; pi\u00f9 che nel resto d\u2019Italia &#8211; le nostre vendite all&#8217;estero. Nonostante ci\u00f2 non dobbiamo preoccuparci pi\u00f9 del dovuto. I nostri manufatti sono di alta gamma e i produttori di queste eccellenze possono superare questa fase di difficolt\u00e0 perch\u00e9 non chiedono aiuti, sussidi o contributi, ma un fisco pi\u00f9 equo, infrastrutture pubbliche pi\u00f9 <a class=\"dt-pswp-item\" href=\"https:\/\/www.radiopiu.net\/wordpress\/wp-content\/uploads\/2025\/12\/tab3-1.png\" data-dt-img-description=\"\" data-large_image_width=\"1115\" data-large_image_height=\"677\"><img loading=\"lazy\" decoding=\"async\" class=\"size-medium wp-image-485745 alignleft\" src=\"https:\/\/www.radiopiu.net\/wordpress\/wp-content\/uploads\/2025\/12\/tab3-1-300x182.png\" alt=\"\" width=\"300\" height=\"182\" srcset=\"https:\/\/www.radiopiu.net\/wordpress\/wp-content\/uploads\/2025\/12\/tab3-1-300x182.png 300w, https:\/\/www.radiopiu.net\/wordpress\/wp-content\/uploads\/2025\/12\/tab3-1-1024x622.png 1024w, https:\/\/www.radiopiu.net\/wordpress\/wp-content\/uploads\/2025\/12\/tab3-1-768x466.png 768w, https:\/\/www.radiopiu.net\/wordpress\/wp-content\/uploads\/2025\/12\/tab3-1.png 1115w\" sizes=\"auto, (max-width: 300px) 100vw, 300px\" \/><\/a>efficienti e una burocrazia meno fastidiosa. Insomma, un sistema Paese pi\u00f9 efficiente che consenta loro di vincere le sfide del momento.<\/p>\n<p><a class=\"dt-pswp-item\" href=\"https:\/\/www.radiopiu.net\/wordpress\/wp-content\/uploads\/2025\/12\/tab5.png\" data-dt-img-description=\"\" data-large_image_width=\"1115\" data-large_image_height=\"683\"><img loading=\"lazy\" decoding=\"async\" class=\"alignnone size-medium wp-image-485744\" src=\"https:\/\/www.radiopiu.net\/wordpress\/wp-content\/uploads\/2025\/12\/tab5-300x184.png\" alt=\"\" width=\"300\" height=\"184\" srcset=\"https:\/\/www.radiopiu.net\/wordpress\/wp-content\/uploads\/2025\/12\/tab5-300x184.png 300w, https:\/\/www.radiopiu.net\/wordpress\/wp-content\/uploads\/2025\/12\/tab5-1024x627.png 1024w, https:\/\/www.radiopiu.net\/wordpress\/wp-content\/uploads\/2025\/12\/tab5-768x470.png 768w, https:\/\/www.radiopiu.net\/wordpress\/wp-content\/uploads\/2025\/12\/tab5.png 1115w\" sizes=\"auto, (max-width: 300px) 100vw, 300px\" \/><\/a><\/p>\n","protected":false},"excerpt":{"rendered":"<p>I dazi fanno crollare la vendita in USA di lavatrici, frigoriferi, occhiali, macchine agricole, mobili e gioielleria Dazi, tensioni geopolitiche e crisi dei mercati internazionali hanno fiaccato il nostro export. Nei primi 9 mesi di quest\u2019anno, rispetto allo stesso periodo dell\u2019anno scorso, le vendite nei mercati esteri dei prodotti veneti sono scesi dello 0,6 per&hellip;<\/p>\n","protected":false},"author":2,"featured_media":485749,"comment_status":"closed","ping_status":"closed","sticky":false,"template":"","format":"standard","meta":{"_monsterinsights_skip_tracking":false,"_monsterinsights_sitenote_active":false,"_monsterinsights_sitenote_note":"","_monsterinsights_sitenote_category":0,"footnotes":""},"categories":[51,49],"tags":[],"class_list":["post-485742","post","type-post","status-publish","format-standard","has-post-thumbnail","hentry","category-evidenza-top","category-news-18","category-51","category-49","description-off"],"img_url":"https:\/\/www.radiopiu.net\/wordpress\/wp-content\/uploads\/2025\/12\/12087.jpg","_links":{"self":[{"href":"https:\/\/www.radiopiu.net\/wordpress\/wp-json\/wp\/v2\/posts\/485742","targetHints":{"allow":["GET"]}}],"collection":[{"href":"https:\/\/www.radiopiu.net\/wordpress\/wp-json\/wp\/v2\/posts"}],"about":[{"href":"https:\/\/www.radiopiu.net\/wordpress\/wp-json\/wp\/v2\/types\/post"}],"author":[{"embeddable":true,"href":"https:\/\/www.radiopiu.net\/wordpress\/wp-json\/wp\/v2\/users\/2"}],"replies":[{"embeddable":true,"href":"https:\/\/www.radiopiu.net\/wordpress\/wp-json\/wp\/v2\/comments?post=485742"}],"version-history":[{"count":2,"href":"https:\/\/www.radiopiu.net\/wordpress\/wp-json\/wp\/v2\/posts\/485742\/revisions"}],"predecessor-version":[{"id":485860,"href":"https:\/\/www.radiopiu.net\/wordpress\/wp-json\/wp\/v2\/posts\/485742\/revisions\/485860"}],"wp:featuredmedia":[{"embeddable":true,"href":"https:\/\/www.radiopiu.net\/wordpress\/wp-json\/wp\/v2\/media\/485749"}],"wp:attachment":[{"href":"https:\/\/www.radiopiu.net\/wordpress\/wp-json\/wp\/v2\/media?parent=485742"}],"wp:term":[{"taxonomy":"category","embeddable":true,"href":"https:\/\/www.radiopiu.net\/wordpress\/wp-json\/wp\/v2\/categories?post=485742"},{"taxonomy":"post_tag","embeddable":true,"href":"https:\/\/www.radiopiu.net\/wordpress\/wp-json\/wp\/v2\/tags?post=485742"}],"curies":[{"name":"wp","href":"https:\/\/api.w.org\/{rel}","templated":true}]}}