{"id":485747,"date":"2025-12-15T05:38:22","date_gmt":"2025-12-15T04:38:22","guid":{"rendered":"https:\/\/www.radiopiu.net\/wordpress\/?p=485747"},"modified":"2025-12-15T07:50:46","modified_gmt":"2025-12-15T06:50:46","slug":"giornale-radiopiu-15-dicembre-2025-direttore-mirko-mezzacasa","status":"publish","type":"post","link":"https:\/\/www.radiopiu.net\/wordpress\/giornale-radiopiu-15-dicembre-2025-direttore-mirko-mezzacasa\/","title":{"rendered":"GIORNALE RADIOPIU 15 DICEMBRE 2025 DIRETTORE MIRKO MEZZACASA"},"content":{"rendered":"<p>********<\/p>\n<p>&nbsp;<\/p>\n<h1>LA NUOVA\u00a0 APP<\/h1>\n<p><strong><em><span style=\"color: #ff0000;\"><a class=\"dt-pswp-item\" href=\"https:\/\/www.radiopiu.net\/wordpress\/wp-content\/uploads\/2025\/11\/Screenshot-2025-11-14-052001.png\" data-dt-img-description=\"\" data-large_image_width=\"520\" data-large_image_height=\"356\"><img loading=\"lazy\" decoding=\"async\" class=\"size-medium wp-image-480474 alignleft\" src=\"https:\/\/www.radiopiu.net\/wordpress\/wp-content\/uploads\/2025\/11\/Screenshot-2025-11-14-052001-300x205.png\" alt=\"\" width=\"300\" height=\"205\" srcset=\"https:\/\/www.radiopiu.net\/wordpress\/wp-content\/uploads\/2025\/11\/Screenshot-2025-11-14-052001-300x205.png 300w, https:\/\/www.radiopiu.net\/wordpress\/wp-content\/uploads\/2025\/11\/Screenshot-2025-11-14-052001.png 520w\" sizes=\"auto, (max-width: 300px) 100vw, 300px\" \/><\/a> <\/span><\/em><\/strong><\/p>\n<p><strong><em><span style=\"color: #ff0000;\">\u00a0<\/span><\/em><\/strong><\/p>\n<p><strong><em><span style=\"color: #ff0000;\">LA\u00a0 APP PER IOS-IPHONE di Nicola Vettorello<\/span><\/em><\/strong><\/p>\n<p><strong><span style=\"color: #0000ff;\"><a style=\"color: #0000ff;\" href=\"https:\/\/apps.apple.com\/it\/app\/radio-pi%C3%B9-emittente-agordina\/id1515939845\">https:\/\/apps.apple.com\/it\/app\/radio-pi%C3%B9-emittente-agordina\/id1515939845<\/a><\/span><\/strong><\/p>\n<p><strong><em style=\"color: #ff0000;\">LA\u00a0 APP RADIO\u00a0 PER ANDROID di Nicola Vettorello<\/em><\/strong><\/p>\n<p><strong><span style=\"color: #0000ff;\"><a style=\"color: #0000ff;\" href=\"https:\/\/play.google.com\/store\/apps\/details?id=net.radiopiu.iniko\" target=\"_blank\" rel=\"noopener noreferrer\">https:\/\/<\/a><a style=\"color: #0000ff;\" href=\"https:\/\/play.google.com\/store\/apps\/details?id=net.radiopiu.iniko\" target=\"_blank\" rel=\"noopener noreferrer\">play.google.com\/store\/apps\/details?id=net.radiopiu.iniko\u00a0\u00a0\u00a0\u00a0\u00a0<\/a><\/span><\/strong><\/p>\n<p>&nbsp;<\/p>\n<p>&nbsp;<\/p>\n<p>&nbsp;<\/p>\n<hr \/>\n<p>&nbsp;<\/p>\n<blockquote>\n<div class=\"mceTemp\">\n<h1 data-start=\"0\" data-end=\"60\"><strong data-start=\"0\" data-end=\"60\">OGGI SU RADIOPI\u00d9: <span style=\"color: #000000;\">MUSICA, informazione\u00a0<\/span> e dirette\u00a0\u00a0<\/strong><\/h1>\n<\/div>\n<\/blockquote>\n<p style=\"text-align: left;\"><strong class=\"photoswipe-wrapper\" style=\"color: #111111; font-family: 'normal Arial', Helvetica, sans-serif; font-size: 14px;\"><strong class=\"photoswipe-wrapper\"><a class=\"dt-pswp-item\" href=\"https:\/\/www.radiopiu.net\/wordpress\/wp-content\/uploads\/2025\/12\/Screenshot-2025-12-15-053609.png\" data-dt-img-description=\"\" data-large_image_width=\"553\" data-large_image_height=\"360\"><img loading=\"lazy\" decoding=\"async\" class=\"size-medium wp-image-485960 alignleft\" src=\"https:\/\/www.radiopiu.net\/wordpress\/wp-content\/uploads\/2025\/12\/Screenshot-2025-12-15-053609-300x195.png\" alt=\"\" width=\"300\" height=\"195\" srcset=\"https:\/\/www.radiopiu.net\/wordpress\/wp-content\/uploads\/2025\/12\/Screenshot-2025-12-15-053609-300x195.png 300w, https:\/\/www.radiopiu.net\/wordpress\/wp-content\/uploads\/2025\/12\/Screenshot-2025-12-15-053609.png 553w\" sizes=\"auto, (max-width: 300px) 100vw, 300px\" \/><\/a>ALLE 8.05 LA RASSEGNA STAMPA LOCALE 8.25 PIU SIAMO&#8230;. DI MARINA DONA&#8217;\u00a0 940 OGGI COME IERI CON SILVIA BALDO 9.50 I RACCONTI DI PAOLO SOPPELSA 10.10 REPORTER, OSPITE DARIO MEZZACASA, SI PARLA DI PATTINAGGIO A ROTELLE di marina dona&#8217; <\/strong><strong>10.30 PERITI MINERARI NEL MONDO, LA NUOVA PUNTATA DEL LUNEDI ALLE 10.30 E 19.20 OSPITE RAFFAELE DE COL 11.00 FOGLIE E CASTAGNE\u00a0 11.30 CURIOSANDO L&#8217;ANGOLO DELLE CURIOSITA&#8217; CON PAOLA LANCIATO 12 LISCIO NON TI LASCIO MIRCO BENCIVENNI 12.30 GIORNALE RADIO EDIZIONE PRINCIPALE 13.10 SALUTE E SOCIETA&#8217; CON IL DOTTOR MARCO CARACCIOLO 13.15 TRE PER DUE PER TE\u00a0 13 30 COLLAGE OPERAZIONE NOSTALGIA CON LORIS SCUSSEL 14.00 MARINA REMIX 1500 LUNEDI SPORT di marco gaz <\/strong><\/strong><strong>\u00a016 45 LE HIT STORICHE DI MIRCO BENCIVENNI\u00a0\u00a019.05 LE ANTICIPAZIONI DAL TG DI ANTENNA 3 DA UN\u2019IDEA DI TIZIANA BOLOGNANI\u00a0<\/strong><\/p>\n<p>&nbsp;<\/p>\n<p>&nbsp;<\/p>\n<hr \/>\n<div class=\"x11i5rnm xat24cr x1mh8g0r x1vvkbs xtlvy1s x126k92a\">\n<blockquote>\n<h1><strong><br \/>\nN di parom &#8211; L Almanach de la nosta jent\u00a0 <\/strong><strong style=\"font-size: 14px;\"><span style=\"color: #ff0000;\">OGNI GIORNO ALLE CINQUE E ALLE NOVE E DIECI\u00a0 DEL MATTINO<\/span> LA PUNTATA DI OGGI, 15 DICEMBRE 2025<\/strong><\/h1>\n<\/blockquote>\n<audio class=\"wp-audio-shortcode\" id=\"audio-485747-1\" preload=\"none\" style=\"width: 100%;\" controls=\"controls\"><source type=\"audio\/mpeg\" src=\"https:\/\/www.radiopiu.net\/wordpress\/wp-content\/uploads\/2025\/12\/AL1-1.mp3?_=1\" \/><a href=\"https:\/\/www.radiopiu.net\/wordpress\/wp-content\/uploads\/2025\/12\/AL1-1.mp3\">https:\/\/www.radiopiu.net\/wordpress\/wp-content\/uploads\/2025\/12\/AL1-1.mp3<\/a><\/audio>\n<\/div>\n<p>&nbsp;<\/p>\n<hr \/>\n<div class=\"x11i5rnm xat24cr x1mh8g0r x1vvkbs xtlvy1s x126k92a\">\n<div dir=\"auto\">\n<div dir=\"auto\">\n<blockquote>\n<h2><strong><br \/>\nEL BAL DEL FIOR, DI GIULIANA DA RONCH\u00a0 <span style=\"color: #ff0000;\">ogni giorno alle sette e venti del mattino <\/span><\/strong><strong style=\"font-size: 14px;\">LA PUNTATA DI OGGI 15 DICEMBRE<\/strong><strong style=\"font-size: 14px;\">\u00a02025<\/strong><\/h2>\n<\/blockquote>\n<audio class=\"wp-audio-shortcode\" id=\"audio-485747-2\" preload=\"none\" style=\"width: 100%;\" controls=\"controls\"><source type=\"audio\/mpeg\" src=\"https:\/\/www.radiopiu.net\/wordpress\/wp-content\/uploads\/2025\/12\/GLU-1.mp3?_=2\" \/><a href=\"https:\/\/www.radiopiu.net\/wordpress\/wp-content\/uploads\/2025\/12\/GLU-1.mp3\">https:\/\/www.radiopiu.net\/wordpress\/wp-content\/uploads\/2025\/12\/GLU-1.mp3<\/a><\/audio>\n<\/div>\n<\/div>\n<\/div>\n<p>&nbsp;<\/p>\n<div class=\"x11i5rnm xat24cr x1mh8g0r x1vvkbs xtlvy1s x126k92a\">\n<div dir=\"auto\">\n<hr \/>\n<\/div>\n<\/div>\n<blockquote>\n<blockquote>\n<h1><span style=\"color: #ff0000;\">\u00a0<\/span><\/h1>\n<h1><span style=\"color: #ff0000;\">I podcast informativi del mattino &#8211; audio &#8211;\u00a0\u00a0<\/span><\/h1>\n<\/blockquote>\n<p><strong><a class=\"dt-pswp-item\" href=\"https:\/\/www.radiopiu.net\/wordpress\/wp-content\/uploads\/2024\/11\/6.jpg\" data-dt-img-description=\"\" data-large_image_width=\"177\" data-large_image_height=\"180\"><img loading=\"lazy\" decoding=\"async\" class=\"size-full wp-image-417911 alignleft\" src=\"https:\/\/www.radiopiu.net\/wordpress\/wp-content\/uploads\/2024\/11\/6.jpg\" alt=\"\" width=\"177\" height=\"180\" \/><\/a>LA RASSEGNA STAMPA NAZIONALE ALLA RADIO, OGNI GIORNO ALLE 5 E ALLE 6 DEL MATTINO <span style=\"color: #0000ff;\">viene pubblicata alle 6.00 <span style=\"color: #ff0000;\">DIRETTA RADIO\u00a0 \u00a0\u00a0<\/span><\/span><\/strong><\/p><\/blockquote>\n<h1><strong>NOTIZIE DELLA NOTTE\u00a0<\/strong><\/h1>\n<p data-start=\"442\" data-end=\"650\"><strong data-start=\"442\" data-end=\"457\">LOS ANGELES<\/strong><br data-start=\"457\" data-end=\"460\" \/>Due persone sono state trovate morte nella villa del regista Rob Reiner. Le autorit\u00e0 statunitensi hanno avviato accertamenti per chiarire le cause dei decessi e le circostanze dell\u2019accaduto.<\/p>\n<p data-start=\"652\" data-end=\"896\"><strong data-start=\"652\" data-end=\"665\">HONG KONG<\/strong><br data-start=\"665\" data-end=\"668\" \/>Jimmy Lai, imprenditore dei media e volto del movimento pro-democrazia, \u00e8 stato dichiarato colpevole di collusione con forze straniere e sedizione, in uno dei processi pi\u00f9 simbolici della stretta di Pechino sulle libert\u00e0 civili.<\/p>\n<p data-start=\"898\" data-end=\"1088\"><strong data-start=\"898\" data-end=\"909\">PECHINO<\/strong><br data-start=\"909\" data-end=\"912\" \/>Segnali deboli dall\u2019economia cinese: le vendite al dettaglio di novembre crescono solo dell\u20191,3%, il peggior dato dal periodo del Covid, confermando una ripresa ancora fragile.<\/p>\n<p data-start=\"1090\" data-end=\"1270\"><strong data-start=\"1090\" data-end=\"1098\">SAFI<\/strong><br data-start=\"1098\" data-end=\"1101\" \/>\u00c8 salito ad almeno 21 il bilancio delle vittime delle violente inondazioni che hanno colpito la citt\u00e0 marocchina. I soccorsi sono ancora in corso nelle zone pi\u00f9 colpite.<\/p>\n<p data-start=\"1272\" data-end=\"1421\"><strong data-start=\"1272\" data-end=\"1285\">HONG KONG<\/strong><br data-start=\"1285\" data-end=\"1288\" \/>Avvio negativo per la Borsa, che apre in calo di oltre un punto percentuale. In forte ribasso il titolo del gruppo immobiliare Vanke.<\/p>\n<p data-start=\"1423\" data-end=\"1545\"><strong data-start=\"1423\" data-end=\"1432\">TOKYO<\/strong><br data-start=\"1432\" data-end=\"1435\" \/>Seduta in apertura in territorio negativo anche per la Borsa giapponese, che perde quasi un punto percentuale.<\/p>\n<p data-start=\"1547\" data-end=\"1698\"><strong data-start=\"1547\" data-end=\"1561\">WASHINGTON<\/strong><br data-start=\"1561\" data-end=\"1564\" \/>Secondo Axios, Kamala Harris starebbe valutando una nuova candidatura alla Casa Bianca in vista delle prossime elezioni presidenziali.<\/p>\n<p data-start=\"1700\" data-end=\"1834\"><strong data-start=\"1700\" data-end=\"1714\">WASHINGTON<\/strong><br data-start=\"1714\" data-end=\"1717\" \/>Donald Trump torna a far discutere dichiarando che il suo progetto di Arco di Trionfo \u201csurclasser\u00e0 quello di Parigi\u201d.<\/p>\n<p data-start=\"1836\" data-end=\"2011\"><strong data-start=\"1836\" data-end=\"1844\">ROMA<\/strong><br data-start=\"1844\" data-end=\"1847\" \/>In Italia si chiude Atreju, la manifestazione di Fratelli d\u2019Italia, mentre dal Partito Democratico Elly Schlein rilancia l\u2019appello all\u2019unit\u00e0 del campo progressista.<\/p>\n<h1>IL GIORNALE DELLE SEI DEL MATTINO<\/h1>\n<audio class=\"wp-audio-shortcode\" id=\"audio-485747-3\" preload=\"none\" style=\"width: 100%;\" controls=\"controls\"><source type=\"audio\/mpeg\" src=\"https:\/\/www.radiopiu.net\/wordpress\/wp-content\/uploads\/2025\/12\/GIORNALEDELLESEI-9.mp3?_=3\" \/><a href=\"https:\/\/www.radiopiu.net\/wordpress\/wp-content\/uploads\/2025\/12\/GIORNALEDELLESEI-9.mp3\">https:\/\/www.radiopiu.net\/wordpress\/wp-content\/uploads\/2025\/12\/GIORNALEDELLESEI-9.mp3<\/a><\/audio>\n<p>&nbsp;<\/p>\n<p>&nbsp;<\/p>\n<p>&nbsp;<\/p>\n<hr \/>\n<p>&nbsp;<\/p>\n<h1 style=\"text-align: center;\"><span style=\"color: #ff0000;\"><a class=\"dt-pswp-item\" href=\"https:\/\/www.radiopiu.net\/wordpress\/wp-content\/uploads\/2024\/11\/7.jpg\" data-dt-img-description=\"\" data-large_image_width=\"180\" data-large_image_height=\"180\"><img loading=\"lazy\" decoding=\"async\" class=\"size-full wp-image-417912 alignleft\" src=\"https:\/\/www.radiopiu.net\/wordpress\/wp-content\/uploads\/2024\/11\/7.jpg\" alt=\"\" width=\"180\" height=\"180\" srcset=\"https:\/\/www.radiopiu.net\/wordpress\/wp-content\/uploads\/2024\/11\/7.jpg 180w, https:\/\/www.radiopiu.net\/wordpress\/wp-content\/uploads\/2024\/11\/7-150x150.jpg 150w\" sizes=\"auto, (max-width: 180px) 100vw, 180px\" \/><\/a>I podcast informativi del mattino &#8211; audio &#8211;\u00a0<\/span><\/h1>\n<p><strong>OGNI GIORNO ALLE SETTE DEL MATTINO, LA RASSEGNA STAMPA LOCALE FLASH&#8230; PER CHI VA IN FRETTA. I TITOLI DAI GIORNALI E DAL SITO WWW.RADIOPIU.NET <span style=\"color: #0000ff;\">viene pubblicato alle 7.00<\/span> <span style=\"color: #ff0000;\">DIRETTA RADIO\u00a0<\/span><\/strong><\/p>\n<p><em><span style=\"color: #ff0000;\">per chi va in fretta&#8230; tante notizie in pochi minuti. L&#8217;informazione locale alla radio, ogni ora dalle 7 del mattino alle 19 della sera.\u00a0\u00a0<\/span><\/em><\/p>\n<p><strong data-start=\"0\" data-end=\"62\">Notizie locali dal Bellunese: tra cronaca, eventi e novit\u00e0<\/strong><\/p>\n<div class=\"flex flex-1 grow basis-auto flex-col overflow-hidden\">\n<div class=\"relative h-full\">\n<div class=\"flex h-full flex-col overflow-y-auto [scrollbar-gutter:stable]\">\n<div class=\"mt-1.5 flex flex-col text-sm @thread-xl\/thread:pt-header-height md:pb-9\">\n<article class=\"group\/turn w-full text-token-text-primary focus-visible:outline-none\" dir=\"auto\" tabindex=\"-1\" data-testid=\"conversation-turn-2\" data-scroll-anchor=\"true\">\n<div class=\"text-base my-auto mx-auto py-5 px-6\">\n<div class=\"mx-auto flex flex-1 text-base gap-4 md:gap-5 lg:gap-6 md:max-w-3xl\">\n<div class=\"group\/conversation-turn relative flex w-full min-w-0 flex-col agent-turn @xs\/thread:px-0 @sm\/thread:px-1.5 @md\/thread:px-4\">\n<div class=\"relative flex-col gap-1 md:gap-3\">\n<div class=\"flex max-w-full flex-col flex-grow\">\n<div class=\"min-h-8 text-message relative flex w-full flex-col items-end gap-2 whitespace-normal break-words text-start [.text-message+&amp;]:mt-5\" dir=\"auto\" data-message-author-role=\"assistant\" data-message-id=\"bff05fc0-dc7c-4ab7-9b20-d3eec753127b\" data-message-model-slug=\"gpt-4o-mini\">\n<div class=\"flex w-full flex-col gap-1 empty:hidden first:pt-[3px]\">\n<div class=\"markdown prose w-full break-words dark:prose-invert dark\">\n<p class=\"\" data-start=\"64\" data-end=\"329\"><em><strong>Radio Pi\u00f9 offre una panoramica sui principali eventi e notizie in provincia di Belluno, accompagnata dalla programmazione radiofonica. Tra le principali notizie<\/strong><\/em><\/p>\n<\/div>\n<\/div>\n<\/div>\n<\/div>\n<\/div>\n<\/div>\n<\/div>\n<\/div>\n<\/article>\n<\/div>\n<\/div>\n<\/div>\n<\/div>\n<h1>AUDIO dalle 7 del mattino<\/h1>\n<audio class=\"wp-audio-shortcode\" id=\"audio-485747-4\" preload=\"none\" style=\"width: 100%;\" controls=\"controls\"><source type=\"audio\/mpeg\" src=\"https:\/\/www.radiopiu.net\/wordpress\/wp-content\/uploads\/2025\/12\/GF07-11.mp3?_=4\" \/><a href=\"https:\/\/www.radiopiu.net\/wordpress\/wp-content\/uploads\/2025\/12\/GF07-11.mp3\">https:\/\/www.radiopiu.net\/wordpress\/wp-content\/uploads\/2025\/12\/GF07-11.mp3<\/a><\/audio>\n<p>&nbsp;<\/p>\n<p>&nbsp;<\/p>\n<p>&nbsp;<\/p>\n<hr \/>\n<p>&nbsp;<\/p>\n<h1><\/h1>\n<h1 style=\"text-align: center;\"><span style=\"color: #ff0000;\"><a class=\"dt-pswp-item\" href=\"https:\/\/www.radiopiu.net\/wordpress\/wp-content\/uploads\/2024\/11\/th.jpg\" data-dt-img-description=\"\" data-large_image_width=\"148\" data-large_image_height=\"179\"><img loading=\"lazy\" decoding=\"async\" class=\" wp-image-417913 alignleft\" src=\"https:\/\/www.radiopiu.net\/wordpress\/wp-content\/uploads\/2024\/11\/th.jpg\" alt=\"\" width=\"66\" height=\"80\" \/><\/a>I podcast informativi del mattino &#8211; audio &#8211;\u00a0<\/span><\/h1>\n<blockquote><p><strong>GIORNALE RADIO NAZIONALE, EDIZIONE DELLE SETTE <span style=\"color: #0000ff;\">viene pubblicato alle 7.05 <span style=\"color: #ff0000;\">DIRETTA RADIO\u00a0<\/span><\/span><\/strong><\/p><\/blockquote>\n<p><strong>il giornale radionazionale e&#8217; in onda ogni ora, dalle sette del mattino alle venti della sera\u00a0 \u00a0\u00a0<\/strong><\/p>\n<blockquote>\n<h2><em><a class=\"dt-pswp-item\" href=\"https:\/\/www.radiopiu.net\/wordpress\/wp-content\/uploads\/2025\/02\/download-7.jpg\" data-dt-img-description=\"\" data-large_image_width=\"211\" data-large_image_height=\"239\"><img loading=\"lazy\" decoding=\"async\" class=\" wp-image-435553 alignleft\" src=\"https:\/\/www.radiopiu.net\/wordpress\/wp-content\/uploads\/2025\/02\/download-7.jpg\" alt=\"\" width=\"186\" height=\"211\" \/><\/a><span style=\"color: #ff0000;\">RADIOPI\u00d9<\/span> \u2013 La voce del territorio, lo sguardo sul Paese.\u00a0<\/em><\/h2>\n<\/blockquote>\n<div class=\"flex basis-auto flex-col -mb-(--composer-overlap-px) [--composer-overlap-px:55px] grow overflow-hidden\">\n<div class=\"relative h-full\">\n<div class=\"flex h-full flex-col overflow-y-auto [scrollbar-gutter:stable_both-edges] @[84rem]\/thread:pt-(--header-height)\">\n<div class=\"@thread-xl\/thread:pt-header-height flex flex-col text-sm pb-25\">\n<article class=\"text-token-text-primary w-full focus:outline-none scroll-mt-[calc(var(--header-height)+min(200px,max(70px,20svh)))]\" dir=\"auto\" tabindex=\"-1\" data-testid=\"conversation-turn-68\" data-scroll-anchor=\"true\" data-turn=\"assistant\">\n<div class=\"text-base my-auto mx-auto pb-10 [--thread-content-margin:--spacing(4)] @[37rem]:[--thread-content-margin:--spacing(6)] @[72rem]:[--thread-content-margin:--spacing(16)] px-(--thread-content-margin)\">\n<div class=\"[--thread-content-max-width:32rem] @[34rem]:[--thread-content-max-width:40rem] @[64rem]:[--thread-content-max-width:48rem] mx-auto max-w-(--thread-content-max-width) flex-1 group\/turn-messages focus-visible:outline-hidden relative flex w-full min-w-0 flex-col agent-turn\" tabindex=\"-1\">\n<div class=\"flex max-w-full flex-col grow\">\n<div class=\"min-h-8 text-message relative flex w-full flex-col items-end gap-2 text-start break-words whitespace-normal [.text-message+&amp;]:mt-5\" dir=\"auto\" data-message-author-role=\"assistant\" data-message-id=\"44b2bab2-310d-4a9e-8ff2-f21a32a7d5b3\" data-message-model-slug=\"gpt-4-1-mini\">\n<div class=\"flex w-full flex-col gap-1 empty:hidden first:pt-[3px]\">\n<div class=\"markdown prose dark:prose-invert w-full break-words dark\">\n<p data-start=\"198\" data-end=\"484\"><strong data-start=\"198\" data-end=\"209\">BERGAMO<\/strong><br data-start=\"209\" data-end=\"212\" \/>Si terr\u00e0 marted\u00ec l\u2019udienza in Corte d\u2019Appello sulla vicenda della famiglia che viveva nel bosco con i figli. I giudici dovranno decidere sul possibile ritorno dei bambini con i genitori. Intanto emerge l\u2019esistenza di un conto in Australia, destinato al futuro dei piccoli.<\/p>\n<p data-start=\"486\" data-end=\"718\"><strong data-start=\"486\" data-end=\"500\">BERGAMASCO<\/strong><br data-start=\"500\" data-end=\"503\" \/>Un ragazzo di 19 anni \u00e8 morto dopo essere precipitato dal tetto di un capannone abbandonato. L\u2019area era dismessa e sono in corso accertamenti per chiarire cosa stesse facendo il giovane e se vi siano responsabilit\u00e0.<\/p>\n<p data-start=\"720\" data-end=\"930\"><strong data-start=\"720\" data-end=\"732\">MILANESE<\/strong><br data-start=\"732\" data-end=\"735\" \/>Un cadavere carbonizzato \u00e8 stato trovato all\u2019interno di un\u2019auto in fiamme. L\u2019allarme \u00e8 stato dato da alcuni passanti. Indagini in corso per stabilire identit\u00e0 della vittima e cause dell\u2019incendio.<\/p>\n<p data-start=\"932\" data-end=\"1104\"><strong data-start=\"932\" data-end=\"942\">VERONA<\/strong><br data-start=\"942\" data-end=\"945\" \/>Grave incidente sull\u2019autostrada A4: scontro tra auto con un morto e due feriti. La dinamica \u00e8 al vaglio della polizia stradale, con ripercussioni sul traffico.<\/p>\n<p data-start=\"1106\" data-end=\"1340\"><strong data-start=\"1106\" data-end=\"1114\">ROMA<\/strong><br data-start=\"1114\" data-end=\"1117\" \/>Un uomo di 39 anni \u00e8 morto in pronto soccorso dopo aver accusato un dolore toracico. La Procura ha aperto un\u2019indagine e una dottoressa risulta indagata. La famiglia parla di errori medici, il Policlinico respinge le accuse.<\/p>\n<p data-start=\"1342\" data-end=\"1531\"><strong data-start=\"1342\" data-end=\"1352\">MILANO<\/strong><br data-start=\"1352\" data-end=\"1355\" \/>\u00c8 stato restituito alla madre di Nadia Toffa il \u201cGrosso d\u2019oro\u201d, riconoscimento assegnato alla giornalista nel 2019 e rubato nei mesi scorsi. La riconsegna \u00e8 avvenuta in Comune.<\/p>\n<p data-start=\"1533\" data-end=\"1703\"><strong data-start=\"1533\" data-end=\"1550\">VALLECAMONICA<\/strong><br data-start=\"1550\" data-end=\"1553\" \/>Un bambino di 22 mesi \u00e8 morto per un malore improvviso. \u00c8 il secondo caso in una settimana nello stesso territorio. Sono in corso verifiche sanitarie.<\/p>\n<p data-start=\"1705\" data-end=\"1883\"><strong data-start=\"1705\" data-end=\"1713\">FANO<\/strong><br data-start=\"1713\" data-end=\"1716\" \/>Due persone sono morte durante un lancio con il paracadute dopo l\u2019intreccio delle vele. La tragedia \u00e8 avvenuta in aeroporto: le vittime sono un istruttore e una donna.<\/p>\n<p data-start=\"1885\" data-end=\"2042\"><strong data-start=\"1885\" data-end=\"1893\">ROMA<\/strong><br data-start=\"1893\" data-end=\"1896\" \/>Parte una raccolta fondi per le spese legali della famiglia di Francesco, il detenuto di 45 anni pestato a Rebibbia e morto dopo mesi di ricovero.<\/p>\n<p data-start=\"2044\" data-end=\"2207\"><strong data-start=\"2044\" data-end=\"2056\">TRENTINO<\/strong><br data-start=\"2056\" data-end=\"2059\" \/>Multato un imprenditore che \u00e8 atterrato con l\u2019elicottero sulle piste da sci. Era gi\u00e0 stato sanzionato per un episodio simile a Madonna di Campiglio.<\/p>\n<p data-start=\"2209\" data-end=\"2372\"><strong data-start=\"2209\" data-end=\"2222\">LOMBARDIA<\/strong><br data-start=\"2222\" data-end=\"2225\" \/>Per contrastare i cormorani che depredano i laghi, spuntano coccodrilli finti. Al via anche un progetto di ricerca sostenuto da una raccolta fondi.<\/p>\n<p data-start=\"2374\" data-end=\"2548\"><strong data-start=\"2374\" data-end=\"2384\">ITALIA<\/strong><br data-start=\"2384\" data-end=\"2387\" \/>Un uomo viene ripreso in uno spot pubblicitario con un\u2019altra donna: la moglie vede il video e lo lascia. Il Codacons denuncia l\u2019uso dell\u2019immagine senza consenso.<\/p>\n<\/div>\n<\/div>\n<\/div>\n<\/div>\n<\/div>\n<\/div>\n<\/article>\n<\/div>\n<\/div>\n<\/div>\n<\/div>\n<article class=\"text-token-text-primary w-full focus:outline-none scroll-mt-[calc(var(--header-height)+min(200px,max(70px,20svh)))]\" dir=\"auto\" tabindex=\"-1\" data-testid=\"conversation-turn-72\" data-scroll-anchor=\"true\" data-turn=\"assistant\">\n<div class=\"text-base my-auto mx-auto pb-10 [--thread-content-margin:--spacing(4)] @[37rem]:[--thread-content-margin:--spacing(6)] @[72rem]:[--thread-content-margin:--spacing(16)] px-(--thread-content-margin)\">\n<div class=\"[--thread-content-max-width:32rem] @[34rem]:[--thread-content-max-width:40rem] @[64rem]:[--thread-content-max-width:48rem] mx-auto max-w-(--thread-content-max-width) flex-1 group\/turn-messages focus-visible:outline-hidden relative flex w-full min-w-0 flex-col agent-turn\" tabindex=\"-1\">\n<div class=\"flex max-w-full flex-col grow\">\n<div class=\"min-h-8 text-message relative flex w-full flex-col items-end gap-2 text-start break-words whitespace-normal [.text-message+&amp;]:mt-5\" dir=\"auto\" data-message-author-role=\"assistant\" data-message-id=\"6ad35c52-e3d0-4186-88d9-35bb4972681f\" data-message-model-slug=\"gpt-4o\">\n<div class=\"flex w-full flex-col gap-1 empty:hidden first:pt-[3px]\">\n<div class=\"markdown prose dark:prose-invert w-full break-words dark\">\n<article class=\"text-token-text-primary w-full\" dir=\"auto\" data-testid=\"conversation-turn-163\" data-scroll-anchor=\"true\">\n<div class=\"text-base my-auto mx-auto pb-10 [--thread-content-margin:--spacing(4)] @[37rem]:[--thread-content-margin:--spacing(6)] @[72rem]:[--thread-content-margin:--spacing(16)] px-(--thread-content-margin)\">\n<div class=\"[--thread-content-max-width:32rem] @[34rem]:[--thread-content-max-width:40rem] @[64rem]:[--thread-content-max-width:48rem] mx-auto flex max-w-(--thread-content-max-width) flex-1 text-base gap-4 md:gap-5 lg:gap-6 group\/turn-messages focus-visible:outline-hidden\" tabindex=\"-1\">\n<div class=\"group\/conversation-turn relative flex w-full min-w-0 flex-col agent-turn\">\n<div class=\"relative flex-col gap-1 md:gap-3\">\n<div class=\"flex max-w-full flex-col grow\">\n<div class=\"min-h-8 text-message relative flex w-full flex-col items-end gap-2 text-start break-words whitespace-normal [.text-message+&amp;]:mt-5\" dir=\"auto\" data-message-author-role=\"assistant\" data-message-id=\"efdea043-c36a-42e6-8e01-aec593793ec1\" data-message-model-slug=\"gpt-4o\">\n<div class=\"flex w-full flex-col gap-1 empty:hidden first:pt-[3px]\">\n<div class=\"markdown prose dark:prose-invert w-full break-words dark\">\n<article class=\"text-token-text-primary w-full focus:outline-none scroll-mt-[calc(var(--header-height)+min(200px,max(70px,20svh)))]\" dir=\"auto\" tabindex=\"-1\" data-testid=\"conversation-turn-162\" data-scroll-anchor=\"true\" data-turn=\"assistant\">\n<div class=\"text-base my-auto mx-auto pb-10 [--thread-content-margin:--spacing(4)] @[37rem]:[--thread-content-margin:--spacing(6)] @[72rem]:[--thread-content-margin:--spacing(16)] px-(--thread-content-margin)\">\n<div class=\"[--thread-content-max-width:32rem] @[34rem]:[--thread-content-max-width:40rem] @[64rem]:[--thread-content-max-width:48rem] mx-auto max-w-(--thread-content-max-width) flex-1 group\/turn-messages focus-visible:outline-hidden relative flex w-full min-w-0 flex-col agent-turn\" tabindex=\"-1\">\n<div class=\"flex max-w-full flex-col grow\">\n<div class=\"min-h-8 text-message relative flex w-full flex-col items-end gap-2 text-start break-words whitespace-normal [.text-message+&amp;]:mt-5\" dir=\"auto\" data-message-author-role=\"assistant\" data-message-id=\"842efa5e-0b6b-4c68-b1eb-9dd894bae6c3\" data-message-model-slug=\"gpt-4o\">\n<div class=\"flex w-full flex-col gap-1 empty:hidden first:pt-[3px]\">\n<div class=\"markdown prose dark:prose-invert w-full break-words dark\">\n<div class=\"flex basis-auto flex-col -mb-(--composer-overlap-px) [--composer-overlap-px:55px] grow overflow-hidden\">\n<div class=\"relative h-full\">\n<div class=\"flex h-full flex-col overflow-y-auto [scrollbar-gutter:stable_both-edges] @[84rem]\/thread:pt-(--header-height)\">\n<div class=\"@thread-xl\/thread:pt-header-height flex flex-col text-sm pb-25\">\n<article class=\"text-token-text-primary w-full focus:outline-none scroll-mt-[calc(var(--header-height)+min(200px,max(70px,20svh)))]\" dir=\"auto\" tabindex=\"-1\" data-testid=\"conversation-turn-18\" data-scroll-anchor=\"true\" data-turn=\"assistant\">\n<div class=\"text-base my-auto mx-auto pb-10 [--thread-content-margin:--spacing(4)] @[37rem]:[--thread-content-margin:--spacing(6)] @[72rem]:[--thread-content-margin:--spacing(16)] px-(--thread-content-margin)\">\n<div class=\"[--thread-content-max-width:32rem] @[34rem]:[--thread-content-max-width:40rem] @[64rem]:[--thread-content-max-width:48rem] mx-auto max-w-(--thread-content-max-width) flex-1 group\/turn-messages focus-visible:outline-hidden relative flex w-full min-w-0 flex-col agent-turn\" tabindex=\"-1\">\n<div class=\"flex max-w-full flex-col grow\">\n<div class=\"min-h-8 text-message relative flex w-full flex-col items-end gap-2 text-start break-words whitespace-normal [.text-message+&amp;]:mt-5\" dir=\"auto\" data-message-author-role=\"assistant\" data-message-id=\"10a6d749-a0ed-478c-a66e-5f27b47e163c\" data-message-model-slug=\"gpt-5\">\n<div class=\"flex w-full flex-col gap-1 empty:hidden first:pt-[3px]\">\n<div class=\"markdown prose dark:prose-invert w-full break-words dark\">\n<hr data-start=\"1055\" data-end=\"1058\" \/>\n<\/div>\n<\/div>\n<\/div>\n<\/div>\n<\/div>\n<\/div>\n<\/article>\n<\/div>\n<\/div>\n<\/div>\n<\/div>\n<div id=\"thread-bottom-container\" class=\"content-fade relative isolate z-10 w-full basis-auto has-data-has-thread-error:pt-2 has-data-has-thread-error:[box-shadow:var(--sharp-edge-bottom-shadow)] md:border-transparent md:pt-0 dark:border-white\/20 md:dark:border-transparent flex flex-col\">\n<div id=\"thread-bottom\">\n<div class=\"text-base mx-auto [--thread-content-margin:--spacing(4)] @[37rem]:[--thread-content-margin:--spacing(6)] @[72rem]:[--thread-content-margin:--spacing(16)] px-(--thread-content-margin)\">\n<div class=\"[--thread-content-max-width:32rem] @[34rem]:[--thread-content-max-width:40rem] @[64rem]:[--thread-content-max-width:48rem] mx-auto max-w-(--thread-content-max-width) flex-1\">\n<div class=\"max-xs:[--force-hide-label:none] relative z-1 flex h-full max-w-full flex-1 flex-col\">\n<form class=\"w-full [view-transition-name:var(--vt-composer)]\" data-type=\"unified-composer\">\n<div class=\"bg-token-bg-primary shadow-short flex w-full cursor-text flex-col items-center justify-center overflow-clip bg-clip-padding contain-inline-size dark:bg-[#303030] rounded-[28px]\">\n<div class=\"relative flex min-h-14 w-full items-end\">\n<div class=\"relative flex w-full flex-auto flex-col\">\n<div class=\"relative mx-5 flex min-h-14 flex-auto bg-transparent items-start\">\n<div class=\"_prosemirror-parent_276o5_2 text-token-text-primary max-h-[25dvh] max-h-52 flex-1 overflow-auto [scrollbar-width:thin] default-browser vertical-scroll-fade-mask\">\n<div id=\"prompt-textarea\" class=\"ProseMirror\" contenteditable=\"true\" translate=\"no\" data-virtualkeyboard=\"true\"><\/div>\n<\/div>\n<\/div>\n<\/div>\n<\/div>\n<\/div>\n<\/form>\n<\/div>\n<\/div>\n<\/div>\n<\/div>\n<\/div>\n<\/div>\n<\/div>\n<\/div>\n<\/div>\n<\/div>\n<\/div>\n<\/article>\n<\/div>\n<\/div>\n<\/div>\n<\/div>\n<\/div>\n<\/div>\n<\/div>\n<\/div>\n<\/article>\n<\/div>\n<\/div>\n<\/div>\n<\/div>\n<\/div>\n<\/div>\n<\/article>\n<article class=\"text-token-text-primary w-full focus:outline-none scroll-mt-[calc(var(--header-height)+min(200px,max(70px,20svh)))]\" dir=\"auto\" tabindex=\"-1\" data-testid=\"conversation-turn-72\" data-scroll-anchor=\"true\" data-turn=\"assistant\">\n<div class=\"text-base my-auto mx-auto pb-10 [--thread-content-margin:--spacing(4)] @[37rem]:[--thread-content-margin:--spacing(6)] @[72rem]:[--thread-content-margin:--spacing(16)] px-(--thread-content-margin)\">\n<div class=\"[--thread-content-max-width:32rem] @[34rem]:[--thread-content-max-width:40rem] @[64rem]:[--thread-content-max-width:48rem] mx-auto max-w-(--thread-content-max-width) flex-1 group\/turn-messages focus-visible:outline-hidden relative flex w-full min-w-0 flex-col agent-turn\" tabindex=\"-1\">\n<div class=\"flex max-w-full flex-col grow\">\n<div class=\"min-h-8 text-message relative flex w-full flex-col items-end gap-2 text-start break-words whitespace-normal [.text-message+&amp;]:mt-5\" dir=\"auto\" data-message-author-role=\"assistant\" data-message-id=\"6ad35c52-e3d0-4186-88d9-35bb4972681f\" data-message-model-slug=\"gpt-4o\">\n<div class=\"flex w-full flex-col gap-1 empty:hidden first:pt-[3px]\">\n<div class=\"markdown prose dark:prose-invert w-full break-words dark\">\n<article class=\"text-token-text-primary w-full\" dir=\"auto\" data-testid=\"conversation-turn-163\" data-scroll-anchor=\"true\">\n<div class=\"text-base my-auto mx-auto pb-10 [--thread-content-margin:--spacing(4)] @[37rem]:[--thread-content-margin:--spacing(6)] @[72rem]:[--thread-content-margin:--spacing(16)] px-(--thread-content-margin)\">\n<div class=\"[--thread-content-max-width:32rem] @[34rem]:[--thread-content-max-width:40rem] @[64rem]:[--thread-content-max-width:48rem] mx-auto flex max-w-(--thread-content-max-width) flex-1 text-base gap-4 md:gap-5 lg:gap-6 group\/turn-messages focus-visible:outline-hidden\" tabindex=\"-1\">\n<div class=\"group\/conversation-turn relative flex w-full min-w-0 flex-col agent-turn\">\n<div class=\"flex items-center justify-center\"><\/div>\n<\/div>\n<\/div>\n<\/div>\n<\/article>\n<\/div>\n<\/div>\n<\/div>\n<\/div>\n<\/div>\n<\/div>\n<\/article>\n<blockquote>\n<h2><span style=\"color: #ff0000;\"><strong><a class=\"dt-pswp-item\" href=\"https:\/\/www.radiopiu.net\/wordpress\/wp-content\/uploads\/2025\/02\/download-3.jpg\" data-dt-img-description=\"\" data-large_image_width=\"223\" data-large_image_height=\"226\"><img loading=\"lazy\" decoding=\"async\" class=\"size-full wp-image-434732 alignleft\" src=\"https:\/\/www.radiopiu.net\/wordpress\/wp-content\/uploads\/2025\/02\/download-3.jpg\" alt=\"\" width=\"223\" height=\"226\" \/><\/a><\/strong>RADIOPI\u00d9<\/span> \u2013 Dalle Dolomiti alla pianura, i fatti che segnano la Regione.<\/h2>\n<\/blockquote>\n<article class=\"text-token-text-primary w-full focus:outline-none scroll-mt-[calc(var(--header-height)+min(200px,max(70px,20svh)))]\" dir=\"auto\" tabindex=\"-1\" data-testid=\"conversation-turn-112\" data-scroll-anchor=\"true\" data-turn=\"assistant\">\n<div class=\"text-base my-auto mx-auto pb-10 [--thread-content-margin:--spacing(4)] @[37rem]:[--thread-content-margin:--spacing(6)] @[72rem]:[--thread-content-margin:--spacing(16)] px-(--thread-content-margin)\">\n<div class=\"[--thread-content-max-width:32rem] @[34rem]:[--thread-content-max-width:40rem] @[64rem]:[--thread-content-max-width:48rem] mx-auto max-w-(--thread-content-max-width) flex-1 group\/turn-messages focus-visible:outline-hidden relative flex w-full min-w-0 flex-col agent-turn\" tabindex=\"-1\">\n<div class=\"flex max-w-full flex-col grow\">\n<div class=\"min-h-8 text-message relative flex w-full flex-col items-end gap-2 text-start break-words whitespace-normal [.text-message+&amp;]:mt-5\" dir=\"auto\" data-message-author-role=\"assistant\" data-message-id=\"74820017-8765-4ccc-b0c7-da916c45f87f\" data-message-model-slug=\"gpt-5\">\n<div class=\"flex w-full flex-col gap-1 empty:hidden first:pt-[3px]\">\n<div class=\"markdown prose dark:prose-invert w-full break-words dark\">\n<div class=\"relative basis-auto flex-col -mb-(--composer-overlap-px) [--composer-overlap-px:28px] grow flex overflow-hidden\">\n<div class=\"relative h-full\">\n<div class=\"flex h-full flex-col overflow-y-auto thread-xl:pt-(--header-height) [scrollbar-gutter:stable_both-edges]\">\n<div class=\"flex flex-col text-sm thread-xl:pt-header-height pb-25\">\n<article class=\"text-token-text-primary w-full focus:outline-none [--shadow-height:45px] has-data-writing-block:pointer-events-none has-data-writing-block:-mt-(--shadow-height) has-data-writing-block:pt-(--shadow-height) [&amp;:has([data-writing-block])&gt;*]:pointer-events-auto [content-visibility:auto] supports-[content-visibility:auto]:[contain-intrinsic-size:auto_100lvh] scroll-mt-[calc(var(--header-height)+min(200px,max(70px,20svh)))]\" dir=\"auto\" tabindex=\"-1\" data-turn-id=\"request-WEB:f8ffeb3c-baa0-48e0-8b17-3970ffbe6842-60\" data-testid=\"conversation-turn-122\" data-scroll-anchor=\"true\" data-turn=\"assistant\">\n<div class=\"text-base my-auto mx-auto pb-10 [--thread-content-margin:--spacing(4)] thread-sm:[--thread-content-margin:--spacing(6)] thread-lg:[--thread-content-margin:--spacing(16)] px-(--thread-content-margin)\">\n<div class=\"[--thread-content-max-width:40rem] thread-lg:[--thread-content-max-width:48rem] mx-auto max-w-(--thread-content-max-width) flex-1 group\/turn-messages focus-visible:outline-hidden relative flex w-full min-w-0 flex-col agent-turn\" tabindex=\"-1\">\n<div class=\"flex max-w-full flex-col grow\">\n<div class=\"min-h-8 text-message relative flex w-full flex-col items-end gap-2 text-start break-words whitespace-normal [.text-message+&amp;]:mt-1\" dir=\"auto\" data-message-author-role=\"assistant\" data-message-id=\"50092257-b8bc-4924-9476-23af7a5e8ef1\" data-message-model-slug=\"gpt-5-1\">\n<div class=\"flex w-full flex-col gap-1 empty:hidden first:pt-[1px]\">\n<article class=\"text-token-text-primary w-full focus:outline-none [--shadow-height:45px] has-data-writing-block:pointer-events-none has-data-writing-block:-mt-(--shadow-height) has-data-writing-block:pt-(--shadow-height) [&amp;:has([data-writing-block])&gt;*]:pointer-events-auto [content-visibility:auto] supports-[content-visibility:auto]:[contain-intrinsic-size:auto_100lvh] scroll-mt-[calc(var(--header-height)+min(200px,max(70px,20svh)))]\" dir=\"auto\" tabindex=\"-1\" data-turn-id=\"bcd57aae-c267-4c0d-931b-2471e6d3993b\" data-testid=\"conversation-turn-166\" data-scroll-anchor=\"true\" data-turn=\"assistant\">\n<div class=\"text-base my-auto mx-auto pb-10 [--thread-content-margin:--spacing(4)] thread-sm:[--thread-content-margin:--spacing(6)] thread-lg:[--thread-content-margin:--spacing(16)] px-(--thread-content-margin)\">\n<div class=\"[--thread-content-max-width:40rem] thread-lg:[--thread-content-max-width:48rem] mx-auto max-w-(--thread-content-max-width) flex-1 group\/turn-messages focus-visible:outline-hidden relative flex w-full min-w-0 flex-col agent-turn\" tabindex=\"-1\">\n<div class=\"flex max-w-full flex-col grow\">\n<div class=\"min-h-8 text-message relative flex w-full flex-col items-end gap-2 text-start break-words whitespace-normal [.text-message+&amp;]:mt-1\" dir=\"auto\" data-message-author-role=\"assistant\" data-message-id=\"d52fa3c3-3b59-47cd-897c-029ad206cdab\" data-message-model-slug=\"gpt-5-1\">\n<div class=\"flex w-full flex-col gap-1 empty:hidden first:pt-[1px]\">\n<div class=\"markdown prose dark:prose-invert w-full break-words dark markdown-new-styling\">\n<p data-start=\"163\" data-end=\"399\"><strong data-start=\"163\" data-end=\"173\">VENETO<\/strong><br data-start=\"173\" data-end=\"176\" \/>Condanna a nove anni di reclusione per un uomo riconosciuto colpevole di aver violentato la figliastra disabile. La vittima, ascoltata in audizione protetta, ha confermato gli abusi subiti, ritenuti attendibili dai giudici.<\/p>\n<p data-start=\"401\" data-end=\"599\"><strong data-start=\"401\" data-end=\"411\">ROVIGO<\/strong><br data-start=\"411\" data-end=\"414\" \/>Tragedia nel Rodigino, dove un uomo di 80 anni \u00e8 stato trovato morto nella sua abitazione a causa di una fuga di monossido di carbonio. Sono in corso verifiche sugli impianti domestici.<\/p>\n<p data-start=\"601\" data-end=\"795\"><strong data-start=\"601\" data-end=\"622\">LAGUNA DI VENEZIA<\/strong><br data-start=\"622\" data-end=\"625\" \/>Atterraggio di emergenza per un ultraleggero finito sull\u2019isola di Bacan. I due occupanti sono rimasti illesi. Il velivolo \u00e8 stato recuperato senza conseguenze ambientali.<\/p>\n<p data-start=\"797\" data-end=\"971\"><strong data-start=\"797\" data-end=\"808\">VENEZIA<\/strong><br data-start=\"808\" data-end=\"811\" \/>Una donna di 56 anni \u00e8 morta dopo che la sua auto si \u00e8 schiantata contro un albero. Il mezzo \u00e8 uscito di strada autonomamente. Indagini in corso sulla dinamica.<\/p>\n<p data-start=\"973\" data-end=\"1180\"><strong data-start=\"973\" data-end=\"985\">PADOVANO<\/strong><br data-start=\"985\" data-end=\"988\" \/>Identificata una 29enne pirata della strada che aveva causato un incidente con gravi fratture a un motociclista, fuggendo senza prestare soccorso. Decisive le immagini della videosorveglianza.<\/p>\n<p data-start=\"1182\" data-end=\"1373\"><strong data-start=\"1182\" data-end=\"1212\">VENEZIA \u2013 PADOVA \u2013 FRANCIA<\/strong><br data-start=\"1212\" data-end=\"1215\" \/>La polizia ha arrestato quattro narcotrafficanti nell\u2019ambito di un\u2019operazione che conta 54 indagati. Le misure hanno interessato anche il territorio francese.<\/p>\n<p data-start=\"1657\" data-end=\"1775\"><strong data-start=\"1657\" data-end=\"1668\">VENEZIA<\/strong><br data-start=\"1668\" data-end=\"1671\" \/>La Cgil chiede un rilancio di Marghera: oltre 4.000 lavoratori in corteo, alta l\u2019adesione allo sciopero.<\/p>\n<p data-start=\"1907\" data-end=\"2032\"><strong data-start=\"1907\" data-end=\"1919\">PADOVANO<\/strong><br data-start=\"1919\" data-end=\"1922\" \/>Emessi 43 provvedimenti per lesioni e rapine contro giovani tra i 15 e i 29 anni, coinvolti anche otto minori.<\/p>\n<\/div>\n<\/div>\n<\/div>\n<\/div>\n<\/div>\n<\/div>\n<\/article>\n<\/div>\n<\/div>\n<\/div>\n<\/div>\n<\/div>\n<\/article>\n<\/div>\n<\/div>\n<\/div>\n<\/div>\n<\/div>\n<\/div>\n<\/div>\n<\/div>\n<\/div>\n<\/div>\n<\/article>\n<h1><span style=\"color: #ff0000;\"><span style=\"color: #0000ff;\">ULTIM&#8217;ORA<\/span> <span style=\"color: #000000;\">AUDIO dalle sette del mattino, ogni ora alla radio EDIZIONE DELLE SETTE<\/span><\/span><\/h1>\n<audio class=\"wp-audio-shortcode\" id=\"audio-485747-5\" preload=\"none\" style=\"width: 100%;\" controls=\"controls\"><source type=\"audio\/mpeg\" src=\"https:\/\/www.radiopiu.net\/wordpress\/wp-content\/uploads\/2025\/12\/giornale07-13.mp3?_=5\" \/><a href=\"https:\/\/www.radiopiu.net\/wordpress\/wp-content\/uploads\/2025\/12\/giornale07-13.mp3\">https:\/\/www.radiopiu.net\/wordpress\/wp-content\/uploads\/2025\/12\/giornale07-13.mp3<\/a><\/audio>\n<p>&nbsp;<\/p>\n<p>&nbsp;<\/p>\n<p>&nbsp;<\/p>\n<hr \/>\n<p>&nbsp;<\/p>\n<h1><span style=\"color: #ff0000;\"><a class=\"dt-pswp-item\" href=\"https:\/\/www.radiopiu.net\/wordpress\/wp-content\/uploads\/2024\/11\/8.jpg\" data-dt-img-description=\"\" data-large_image_width=\"180\" data-large_image_height=\"180\"><img loading=\"lazy\" decoding=\"async\" class=\"size-full wp-image-417910 alignleft\" src=\"https:\/\/www.radiopiu.net\/wordpress\/wp-content\/uploads\/2024\/11\/8.jpg\" alt=\"\" width=\"180\" height=\"180\" srcset=\"https:\/\/www.radiopiu.net\/wordpress\/wp-content\/uploads\/2024\/11\/8.jpg 180w, https:\/\/www.radiopiu.net\/wordpress\/wp-content\/uploads\/2024\/11\/8-150x150.jpg 150w\" sizes=\"auto, (max-width: 180px) 100vw, 180px\" \/><\/a>I podcast informativi del mattino &#8211; video &#8211;\u00a0<\/span><\/h1>\n<h2 style=\"text-align: left;\"><strong>RASSEGNA STAMPA LOCALE, ORE OTTO<\/strong><\/h2>\n<h2><strong> <span style=\"color: #0000ff;\">viene\u00a0 <\/span><\/strong><strong><span style=\"color: #0000ff;\">pubblicata alle 8.05 <span style=\"color: #ff0000;\">DIRETTA RADIO\u00a0 \u00a0<\/span><\/span><\/strong><strong>DI MIRKO MEZZACASA<\/strong><\/h2>\n<h1><span style=\"color: #ff0000;\"><strong>VIDEO\u00a0 \u00a0in diretta AGGIORNAMENTO\u00a0 dalle 8 del mattino\u00a0 \u00a0<\/strong><\/span><\/h1>\n<p>&nbsp;<\/p>\n\n\t\t\t<style type='text\/css'>\n\t\t\t\t#gallery-1 {\n\t\t\t\t\tmargin: auto;\n\t\t\t\t}\n\t\t\t\t#gallery-1 .gallery-item {\n\t\t\t\t\tfloat: left;\n\t\t\t\t\tmargin-top: 10px;\n\t\t\t\t\ttext-align: center;\n\t\t\t\t\twidth: 33%;\n\t\t\t\t}\n\t\t\t\t#gallery-1 img {\n\t\t\t\t\tborder: 2px solid #cfcfcf;\n\t\t\t\t}\n\t\t\t\t#gallery-1 .gallery-caption {\n\t\t\t\t\tmargin-left: 0;\n\t\t\t\t}\n\t\t\t\t\/* see gallery_shortcode() in wp-includes\/media.php *\/\n\t\t\t<\/style>\n\t\t<div id='gallery-1' class='dt-gallery-container gallery galleryid-485747 gallery-columns-3 gallery-size-medium'><dl class='gallery-item'>\n\t\t\t\t<dt class='gallery-icon landscape'>\n\t\t\t\t\t<a class=\"rollover rollover-zoom dt-pswp-item\" title=\"Screenshot 2025-12-15 050838\" data-dt-img-description=\"\" data-large_image_width=\"679\" data-large_image_height=\"332\"href='https:\/\/www.radiopiu.net\/wordpress\/wp-content\/uploads\/2025\/12\/Screenshot-2025-12-15-050838.png'><img loading=\"lazy\" decoding=\"async\" width=\"300\" height=\"147\" src=\"https:\/\/www.radiopiu.net\/wordpress\/wp-content\/uploads\/2025\/12\/Screenshot-2025-12-15-050838-300x147.png\" class=\"attachment-medium size-medium\" alt=\"\" srcset=\"https:\/\/www.radiopiu.net\/wordpress\/wp-content\/uploads\/2025\/12\/Screenshot-2025-12-15-050838-300x147.png 300w, https:\/\/www.radiopiu.net\/wordpress\/wp-content\/uploads\/2025\/12\/Screenshot-2025-12-15-050838.png 679w\" sizes=\"auto, (max-width: 300px) 100vw, 300px\" \/><\/a>\n\t\t\t\t<\/dt><\/dl><dl class='gallery-item'>\n\t\t\t\t<dt class='gallery-icon landscape'>\n\t\t\t\t\t<a class=\"rollover rollover-zoom dt-pswp-item\" title=\"Screenshot 2025-12-15 050825\" data-dt-img-description=\"\" data-large_image_width=\"431\" data-large_image_height=\"276\"href='https:\/\/www.radiopiu.net\/wordpress\/wp-content\/uploads\/2025\/12\/Screenshot-2025-12-15-050825.png'><img loading=\"lazy\" decoding=\"async\" width=\"300\" height=\"192\" src=\"https:\/\/www.radiopiu.net\/wordpress\/wp-content\/uploads\/2025\/12\/Screenshot-2025-12-15-050825-300x192.png\" class=\"attachment-medium size-medium\" alt=\"\" srcset=\"https:\/\/www.radiopiu.net\/wordpress\/wp-content\/uploads\/2025\/12\/Screenshot-2025-12-15-050825-300x192.png 300w, https:\/\/www.radiopiu.net\/wordpress\/wp-content\/uploads\/2025\/12\/Screenshot-2025-12-15-050825.png 431w\" sizes=\"auto, (max-width: 300px) 100vw, 300px\" \/><\/a>\n\t\t\t\t<\/dt><\/dl><dl class='gallery-item'>\n\t\t\t\t<dt class='gallery-icon landscape'>\n\t\t\t\t\t<a class=\"rollover rollover-zoom dt-pswp-item\" title=\"Screenshot 2025-12-15 050857\" data-dt-img-description=\"\" data-large_image_width=\"420\" data-large_image_height=\"242\"href='https:\/\/www.radiopiu.net\/wordpress\/wp-content\/uploads\/2025\/12\/Screenshot-2025-12-15-050857.png'><img loading=\"lazy\" decoding=\"async\" width=\"300\" height=\"173\" src=\"https:\/\/www.radiopiu.net\/wordpress\/wp-content\/uploads\/2025\/12\/Screenshot-2025-12-15-050857-300x173.png\" class=\"attachment-medium size-medium\" alt=\"\" srcset=\"https:\/\/www.radiopiu.net\/wordpress\/wp-content\/uploads\/2025\/12\/Screenshot-2025-12-15-050857-300x173.png 300w, https:\/\/www.radiopiu.net\/wordpress\/wp-content\/uploads\/2025\/12\/Screenshot-2025-12-15-050857.png 420w\" sizes=\"auto, (max-width: 300px) 100vw, 300px\" \/><\/a>\n\t\t\t\t<\/dt><\/dl><br style=\"clear: both\" \/>\n\t\t\t<\/div>\n\n<p>&nbsp;<\/p>\n<p>&nbsp;<\/p>\n<hr \/>\n<p>&nbsp;<\/p>\n<blockquote>\n<h3><a class=\"dt-pswp-item\" href=\"https:\/\/www.radiopiu.net\/wordpress\/wp-content\/uploads\/2025\/09\/sib-servizi-integrati-bellunesi.jpg\" data-dt-img-description=\"\" data-large_image_width=\"794\" data-large_image_height=\"397\"><img loading=\"lazy\" decoding=\"async\" class=\" wp-image-469955 alignleft\" src=\"https:\/\/www.radiopiu.net\/wordpress\/wp-content\/uploads\/2025\/09\/sib-servizi-integrati-bellunesi-300x150.jpg\" alt=\"\" width=\"188\" height=\"94\" srcset=\"https:\/\/www.radiopiu.net\/wordpress\/wp-content\/uploads\/2025\/09\/sib-servizi-integrati-bellunesi-300x150.jpg 300w, https:\/\/www.radiopiu.net\/wordpress\/wp-content\/uploads\/2025\/09\/sib-servizi-integrati-bellunesi-768x384.jpg 768w, https:\/\/www.radiopiu.net\/wordpress\/wp-content\/uploads\/2025\/09\/sib-servizi-integrati-bellunesi.jpg 794w\" sizes=\"auto, (max-width: 188px) 100vw, 188px\" \/><\/a>LAVORI PROGRAMMATI SIB<\/h3>\n<\/blockquote>\n<p>Servizi Integrati Bellunesi comunica che l\u2019acqua sar\u00e0 sospesa a San Tomaso Agordino, nelle localit\u00e0 Ronch e Canacede, dalle 20:00 dIi oggi alle 08:00 di domani per lavori alla rete idrica. Saranno adottate tutte le misure per ridurre i disagi.<\/p>\n<p>&nbsp;<\/p>\n<p>&nbsp;<\/p>\n<hr \/>\n<p>&nbsp;<\/p>\n<blockquote>\n<h3>ACQUA NON POTABILE A VOLTAGO<\/h3>\n<\/blockquote>\n<p><strong><a class=\"dt-pswp-item\" href=\"https:\/\/www.radiopiu.net\/wordpress\/wp-content\/uploads\/2018\/08\/ACQUA.jpeg\" data-dt-img-description=\"\" data-large_image_width=\"1280\" data-large_image_height=\"768\"><img loading=\"lazy\" decoding=\"async\" class=\" wp-image-57052 alignleft\" src=\"https:\/\/www.radiopiu.net\/wordpress\/wp-content\/uploads\/2018\/08\/ACQUA-300x180.jpeg\" alt=\"\" width=\"108\" height=\"65\" srcset=\"https:\/\/www.radiopiu.net\/wordpress\/wp-content\/uploads\/2018\/08\/ACQUA-300x180.jpeg 300w, https:\/\/www.radiopiu.net\/wordpress\/wp-content\/uploads\/2018\/08\/ACQUA-768x461.jpeg 768w, https:\/\/www.radiopiu.net\/wordpress\/wp-content\/uploads\/2018\/08\/ACQUA-1024x614.jpeg 1024w, https:\/\/www.radiopiu.net\/wordpress\/wp-content\/uploads\/2018\/08\/ACQUA.jpeg 1280w\" sizes=\"auto, (max-width: 108px) 100vw, 108px\" \/><\/a>VOLTAGO<\/strong> Servizi Integrati Bellunesi comunica che in Via Struz, a Voltago Agordino, l\u2019acqua dell\u2019acquedotto non \u00e8 potabile e pu\u00f2 essere utilizzata a fini alimentari solo previa bollitura. \u00c8 attivo un servizio sostitutivo tramite cisterna posizionata in Via Struz. SIB informa inoltre di aver gi\u00e0 avviato le operazioni di pulizia e disinfezione dei serbatoi e della rete idrica.<\/p>\n<p>&nbsp;<\/p>\n<hr \/>\n<p>&nbsp;<\/p>\n<article class=\"text-token-text-primary w-full focus:outline-none [--shadow-height:45px] has-data-writing-block:pointer-events-none has-data-writing-block:-mt-(--shadow-height) has-data-writing-block:pt-(--shadow-height) [&amp;:has([data-writing-block])&gt;*]:pointer-events-auto scroll-mt-[calc(var(--header-height)+min(200px,max(70px,20svh)))]\" dir=\"auto\" tabindex=\"-1\" data-turn-id=\"request-692ff77c-ee70-8332-91ec-e39fd6c1dfa9-21\" data-testid=\"conversation-turn-416\" data-scroll-anchor=\"false\" data-turn=\"assistant\">\n<div class=\"text-base my-auto mx-auto [--thread-content-margin:--spacing(4)] @w-sm\/main:[--thread-content-margin:--spacing(6)] @w-lg\/main:[--thread-content-margin:--spacing(16)] px-(--thread-content-margin)\">\n<div class=\"[--thread-content-max-width:40rem] @w-lg\/main:[--thread-content-max-width:48rem] mx-auto max-w-(--thread-content-max-width) flex-1 group\/turn-messages focus-visible:outline-hidden relative flex w-full min-w-0 flex-col agent-turn\" tabindex=\"-1\">\n<div class=\"flex max-w-full flex-col grow\">\n<div class=\"min-h-8 text-message relative flex w-full flex-col items-end gap-2 text-start break-words whitespace-normal [.text-message+&amp;]:mt-1\" dir=\"auto\" data-message-author-role=\"assistant\" data-message-id=\"a18b64cc-7411-4480-afc4-5f7a42f1ad1f\" data-message-model-slug=\"gpt-5-1\">\n<div class=\"flex w-full flex-col gap-1 empty:hidden first:pt-[1px]\">\n<div class=\"markdown prose dark:prose-invert w-full break-words dark markdown-new-styling\">\n<blockquote>\n<h3 data-start=\"0\" data-end=\"70\">PIEVE DI CADORE, SCOMPARSO COSIMO SCOZZARI, VOLTO DEL BLUES DOLOMITICO<\/h3>\n<\/blockquote>\n<\/div>\n<\/div>\n<\/div>\n<\/div>\n<div class=\"z-0 flex min-h-[46px] justify-start\"><a class=\"dt-pswp-item\" href=\"https:\/\/www.radiopiu.net\/wordpress\/wp-content\/uploads\/2025\/12\/Screenshot-2025-12-15-045711.png\" data-dt-img-description=\"\" data-large_image_width=\"304\" data-large_image_height=\"195\"><img loading=\"lazy\" decoding=\"async\" class=\"size-medium wp-image-485949 alignleft\" src=\"https:\/\/www.radiopiu.net\/wordpress\/wp-content\/uploads\/2025\/12\/Screenshot-2025-12-15-045711-300x192.png\" alt=\"\" width=\"300\" height=\"192\" srcset=\"https:\/\/www.radiopiu.net\/wordpress\/wp-content\/uploads\/2025\/12\/Screenshot-2025-12-15-045711-300x192.png 300w, https:\/\/www.radiopiu.net\/wordpress\/wp-content\/uploads\/2025\/12\/Screenshot-2025-12-15-045711.png 304w\" sizes=\"auto, (max-width: 300px) 100vw, 300px\" \/><\/a><strong>PIEVE DI CADORE<\/strong><\/div>\n<\/div>\n<\/div>\n<\/article>\n<article class=\"text-token-text-primary w-full focus:outline-none [--shadow-height:45px] has-data-writing-block:pointer-events-none has-data-writing-block:-mt-(--shadow-height) has-data-writing-block:pt-(--shadow-height) [&amp;:has([data-writing-block])&gt;*]:pointer-events-auto scroll-mt-(--header-height)\" dir=\"auto\" tabindex=\"-1\" data-turn-id=\"74ce12b4-dc07-4017-b7e3-89c9af6d4219\" data-testid=\"conversation-turn-417\" data-scroll-anchor=\"false\" data-turn=\"user\">Scomparso improvvisamente a 71 anni Cosimo Scozzari, colpito da un infarto sabato sera. Originario di Bologna ma cresciuto a Pieve, era figura molto amata della comunit\u00e0 e punto di riferimento dell\u2019associazione culturale San Vito Blues&amp;Soul, dove contribuiva con entusiasmo all\u2019organizzazione del Dolomiti Blues&amp;Soul Festival e della Winter Edition. Commosso il ricordo del presidente Palatini e del presidente della Provincia Padrin, che con lui aveva parlato poche ore prima. L\u2019ultimo saluto a Scozzari sar\u00e0 domani alle 15 nella chiesa di Pieve di Cadore.\u00a0<\/article>\n<article dir=\"auto\" tabindex=\"-1\" data-turn-id=\"74ce12b4-dc07-4017-b7e3-89c9af6d4219\" data-testid=\"conversation-turn-417\" data-scroll-anchor=\"false\" data-turn=\"user\">\u00a0<\/article>\n<article dir=\"auto\" tabindex=\"-1\" data-turn-id=\"74ce12b4-dc07-4017-b7e3-89c9af6d4219\" data-testid=\"conversation-turn-417\" data-scroll-anchor=\"false\" data-turn=\"user\">\u00a0<\/article>\n<article dir=\"auto\" tabindex=\"-1\" data-turn-id=\"74ce12b4-dc07-4017-b7e3-89c9af6d4219\" data-testid=\"conversation-turn-417\" data-scroll-anchor=\"false\" data-turn=\"user\"><\/article>\n<p>&nbsp;<\/p>\n<hr \/>\n<p>&nbsp;<\/p>\n<blockquote>\n<h3>INCENDIO DI UN CAMINO A SOTTOGUDA<\/h3>\n<\/blockquote>\n<p><strong><a class=\"dt-pswp-item\" href=\"https:\/\/www.radiopiu.net\/wordpress\/wp-content\/uploads\/2025\/02\/VIGILI-FUOCO.jpeg\" data-dt-img-description=\"\" data-large_image_width=\"996\" data-large_image_height=\"634\"><img loading=\"lazy\" decoding=\"async\" class=\" wp-image-436114 alignleft\" src=\"https:\/\/www.radiopiu.net\/wordpress\/wp-content\/uploads\/2025\/02\/VIGILI-FUOCO-300x191.jpeg\" alt=\"\" width=\"226\" height=\"144\" srcset=\"https:\/\/www.radiopiu.net\/wordpress\/wp-content\/uploads\/2025\/02\/VIGILI-FUOCO-300x191.jpeg 300w, https:\/\/www.radiopiu.net\/wordpress\/wp-content\/uploads\/2025\/02\/VIGILI-FUOCO-768x489.jpeg 768w, https:\/\/www.radiopiu.net\/wordpress\/wp-content\/uploads\/2025\/02\/VIGILI-FUOCO.jpeg 996w\" sizes=\"auto, (max-width: 226px) 100vw, 226px\" \/><\/a>ROCCA PIETORE <\/strong>Nel pomeriggio di ieri, intorno alle 14, i Vigili del Fuoco di Agordo, insieme ai Vigili del Fuoco volontari di Caprile, sono intervenuti nel Comune di Rocca Pietore, in localit\u00e0 Sottoguda, per un incendio sviluppatosi all\u2019interno di un camino di un\u2019abitazione privata. L\u2019allarme \u00e8 scattato tempestivamente, consentendo alle squadre di raggiungere rapidamente il luogo dell\u2019intervento. I pompieri hanno provveduto alla bonifica del camino interessato, eliminando ogni residuo incandescente, e alla messa in sicurezza della struttura per evitare il rischio di una ripresa delle fiamme. Fortunatamente non si registrano danni rilevanti n\u00e9 persone ferite. Le operazioni di soccorso si sono concluse regolarmente alle ore 16:40.<\/p>\n<p>&nbsp;<\/p>\n<div class=\"articlePlainSubHead\">\n<div class=\"articlePlainSubHead\">\n<hr \/>\n<\/div>\n<div><\/div>\n<blockquote>\n<h3 class=\"articlePlainTitle\"><a class=\"dt-pswp-item\" href=\"https:\/\/www.radiopiu.net\/wordpress\/wp-content\/uploads\/2025\/03\/feltre-1.png\" data-dt-img-description=\"\" data-large_image_width=\"468\" data-large_image_height=\"237\"><img loading=\"lazy\" decoding=\"async\" class=\"wp-image-441518 alignleft\" src=\"https:\/\/www.radiopiu.net\/wordpress\/wp-content\/uploads\/2025\/03\/feltre-1-300x152.png\" alt=\"\" width=\"219\" height=\"111\" srcset=\"https:\/\/www.radiopiu.net\/wordpress\/wp-content\/uploads\/2025\/03\/feltre-1-300x152.png 300w, https:\/\/www.radiopiu.net\/wordpress\/wp-content\/uploads\/2025\/03\/feltre-1.png 468w\" sizes=\"auto, (max-width: 219px) 100vw, 219px\" \/><\/a>FUORI STRADA LUNGO LA PANORAMICA<\/h3>\n<\/blockquote>\n<div><strong>FELTRE\u00a0 <\/strong>Danni pesanti all&#8217;auto ma nessuna conseguenza grave per il conducente. \u00c8 il bilancio di una uscita di strada autonoma avvenuta nella notte tra sabato e ieri attorno all&#8217;1,45 sulla Panoramica. L&#8217;auto ha abbattuto alcuni cartelli ed ha riportato gravi danni ma il conducente \u00e8 rimasto illeso. Sul posto vigili del fuoco e carabinieri.Auto uscita di strada lungo la Panoramica<\/div>\n<\/div>\n<div class=\"articlePlainText\">.<\/div>\n<p>&nbsp;<\/p>\n<hr \/>\n<p>&nbsp;<\/p>\n<blockquote>\n<h3 data-start=\"0\" data-end=\"85\"><strong data-start=\"8\" data-end=\"85\"><a class=\"dt-pswp-item\" href=\"https:\/\/www.radiopiu.net\/wordpress\/wp-content\/uploads\/2020\/04\/Lamon-1.jpg\" data-dt-img-description=\"\" data-large_image_width=\"1024\" data-large_image_height=\"768\"><img loading=\"lazy\" decoding=\"async\" class=\"wp-image-128213 alignleft\" src=\"https:\/\/www.radiopiu.net\/wordpress\/wp-content\/uploads\/2020\/04\/Lamon-1-300x225.jpg\" alt=\"\" width=\"191\" height=\"143\" srcset=\"https:\/\/www.radiopiu.net\/wordpress\/wp-content\/uploads\/2020\/04\/Lamon-1-300x225.jpg 300w, https:\/\/www.radiopiu.net\/wordpress\/wp-content\/uploads\/2020\/04\/Lamon-1-768x576.jpg 768w, https:\/\/www.radiopiu.net\/wordpress\/wp-content\/uploads\/2020\/04\/Lamon-1.jpg 1024w\" sizes=\"auto, (max-width: 191px) 100vw, 191px\" \/><\/a>FURTO IN ABITAZIONE, LADRI IN AZIONE DURANTE L\u2019ASSENZA DELLA PROPRIETARIA<\/strong><\/h3>\n<\/blockquote>\n<p data-start=\"87\" data-end=\"589\" data-is-last-node=\"\" data-is-only-node=\"\"><strong>LAMON<\/strong><\/p>\n<article class=\"text-token-text-primary w-full focus:outline-none [--shadow-height:45px] has-data-writing-block:pointer-events-none has-data-writing-block:-mt-(--shadow-height) has-data-writing-block:pt-(--shadow-height) [&amp;:has([data-writing-block])&gt;*]:pointer-events-auto scroll-mt-[calc(var(--header-height)+min(200px,max(70px,20svh)))]\" dir=\"auto\" tabindex=\"-1\" data-turn-id=\"request-692ff77c-ee70-8332-91ec-e39fd6c1dfa9-26\" data-testid=\"conversation-turn-426\" data-scroll-anchor=\"true\" data-turn=\"assistant\">\n<div class=\"text-base my-auto mx-auto pb-10 [--thread-content-margin:--spacing(4)] @w-sm\/main:[--thread-content-margin:--spacing(6)] @w-lg\/main:[--thread-content-margin:--spacing(16)] px-(--thread-content-margin)\">\n<div class=\"[--thread-content-max-width:40rem] @w-lg\/main:[--thread-content-max-width:48rem] mx-auto max-w-(--thread-content-max-width) flex-1 group\/turn-messages focus-visible:outline-hidden relative flex w-full min-w-0 flex-col agent-turn\" tabindex=\"-1\">\n<div class=\"flex max-w-full flex-col grow\">\n<div class=\"min-h-8 text-message relative flex w-full flex-col items-end gap-2 text-start break-words whitespace-normal [.text-message+&amp;]:mt-1\" dir=\"auto\" data-message-author-role=\"assistant\" data-message-id=\"497001ef-3269-4755-8091-81a81bf72cbd\" data-message-model-slug=\"gpt-5-1\">\n<div class=\"flex w-full flex-col gap-1 empty:hidden first:pt-[1px]\">\n<div class=\"markdown prose dark:prose-invert w-full break-words dark markdown-new-styling\">\n<p data-start=\"87\" data-end=\"589\" data-is-last-node=\"\" data-is-only-node=\"\">A Lamon i ladri hanno colpito in pieno pomeriggio, approfittando dell\u2019assenza della proprietaria per entrare in casa e rubare contanti e oggetti preziosi. Il colpo, avvenuto in via Monsignor Slongo, sembra mirato: nessun altro furto segnalato nelle vicinanze. Al rientro, la donna ha chiamato i carabinieri che hanno avviato gli accertamenti. L\u2019episodio arriva dopo altri furti nel Feltrino, tra Feltre, Sant\u2019Anna di Foen e Rivai, nelle settimane precedenti.<\/p>\n<p data-start=\"87\" data-end=\"589\" data-is-last-node=\"\" data-is-only-node=\"\">\n<\/div>\n<\/div>\n<\/div>\n<\/div>\n<\/div>\n<\/div>\n<\/article>\n<hr \/>\n<p>&nbsp;<\/p>\n<blockquote>\n<h3>GIUNTA REGIONALE, PADRIN: \u201cBOND PORTI IN ALTO LE ISTANZE DEL BELLUNESE\u201d<\/h3>\n<\/blockquote>\n<p><strong><a class=\"dt-pswp-item\" href=\"https:\/\/www.radiopiu.net\/wordpress\/wp-content\/uploads\/2025\/12\/PALAZZO-FERRO-FINI.jpg\" data-dt-img-description=\"\" data-large_image_width=\"640\" data-large_image_height=\"480\"><img loading=\"lazy\" decoding=\"async\" class=\" wp-image-485792 alignleft\" src=\"https:\/\/www.radiopiu.net\/wordpress\/wp-content\/uploads\/2025\/12\/PALAZZO-FERRO-FINI-300x225.jpg\" alt=\"\" width=\"224\" height=\"168\" srcset=\"https:\/\/www.radiopiu.net\/wordpress\/wp-content\/uploads\/2025\/12\/PALAZZO-FERRO-FINI-300x225.jpg 300w, https:\/\/www.radiopiu.net\/wordpress\/wp-content\/uploads\/2025\/12\/PALAZZO-FERRO-FINI.jpg 640w\" sizes=\"auto, (max-width: 224px) 100vw, 224px\" \/><\/a>BELLUNO <\/strong>Belluno guarda con favore alla nuova Giunta regionale e alla nomina di Dario Bond come assessore. A poche ore dall\u2019annuncio ufficiale, il presidente della Provincia di Belluno, Roberto Padrin, esprime soddisfazione per la conferma di un rappresentante bellunese nell\u2019esecutivo veneto. \u00ab\u00c8 un\u2019ottima notizia per il nostro territorio \u2013 sottolinea Padrin \u2013 che ha esigenze particolari e grandi potenzialit\u00e0. Bond conosce bene la realt\u00e0 bellunese e sapr\u00e0 rappresentarla con competenza nei tavoli regionali\u00bb. Padrin evidenzia l\u2019esperienza amministrativa maturata da Bond negli anni e il valore aggiunto dell\u2019Assessorato alla montagna, ringraziando il presidente della Regione, Alberto Stefani, per la sensibilit\u00e0 dimostrata. Un augurio di buon lavoro viene rivolto anche a Silvia Calligaro, neo consigliera regionale, e ad Alessandro Del Bianco, chiamati a contribuire, da ruoli diversi, al bene della provincia. Sulla stessa linea Lorraine Berton, presidente di Confindustria Belluno Dolomiti, che accoglie positivamente l\u2019istituzione di un referato per le terre alte. \u00abLa montagna ha bisogno di una cabina di regia \u2013 afferma \u2013 soprattutto in vista delle Olimpiadi Milano Cortina 2026\u00bb. La nomina di Bond rappresenta, secondo Berton, \u00abun primo passo concreto\u00bb verso una nuova fase di programmazione e responsabilit\u00e0 per il futuro del territorio.<\/p>\n<p>&nbsp;<\/p>\n<p>&nbsp;<\/p>\n<hr \/>\n<p>&nbsp;<\/p>\n<blockquote>\n<h3>VERTENZA HYDRO: FELTRE CHIEDE SOLUZIONI ALTERNATIVE AI LICENZIAMENTI<\/h3>\n<\/blockquote>\n<p><strong><a class=\"dt-pswp-item\" href=\"https:\/\/www.radiopiu.net\/wordpress\/wp-content\/uploads\/2025\/12\/SCR-20251202-qxtl.jpeg\" data-dt-img-description=\"\" data-large_image_width=\"2252\" data-large_image_height=\"1430\"><img loading=\"lazy\" decoding=\"async\" class=\" wp-image-483623 alignleft\" src=\"https:\/\/www.radiopiu.net\/wordpress\/wp-content\/uploads\/2025\/12\/SCR-20251202-qxtl-300x190.jpeg\" alt=\"\" width=\"201\" height=\"127\" srcset=\"https:\/\/www.radiopiu.net\/wordpress\/wp-content\/uploads\/2025\/12\/SCR-20251202-qxtl-300x190.jpeg 300w, https:\/\/www.radiopiu.net\/wordpress\/wp-content\/uploads\/2025\/12\/SCR-20251202-qxtl-1024x650.jpeg 1024w, https:\/\/www.radiopiu.net\/wordpress\/wp-content\/uploads\/2025\/12\/SCR-20251202-qxtl-768x488.jpeg 768w, https:\/\/www.radiopiu.net\/wordpress\/wp-content\/uploads\/2025\/12\/SCR-20251202-qxtl-1536x975.jpeg 1536w, https:\/\/www.radiopiu.net\/wordpress\/wp-content\/uploads\/2025\/12\/SCR-20251202-qxtl-2048x1300.jpeg 2048w\" sizes=\"auto, (max-width: 201px) 100vw, 201px\" \/><\/a>FELTRE <\/strong>Alla vigilia del tavolo convocato dalla Regione Veneto domani a Mestre, il sindaco di Feltre Viviano Fusaro ribadisce l\u2019impegno dell\u2019Amministrazione comunale nella vertenza Hydro. L\u2019auspicio \u00e8 che l\u2019azienda non avvii procedure di licenziamento collettivo senza aver prima valutato ogni possibile alternativa, inclusa l\u2019eventuale cessione a terzi. In gioco ci sono 115 lavoratori diretti e 35 in appalto, persone e famiglie che non possono essere ridotte a numeri. Fusaro sottolinea il valore storico e industriale di Hydro per Feltre e l\u2019importanza di difendere un patrimonio umano e professionale costruito in generazioni. Il sindaco conferma la sua presenza al tavolo regionale e chiede un\u2019azione coordinata delle istituzioni a tutti i livelli per sostenere i lavoratori e trovare soluzioni concrete.<\/p>\n<p>&nbsp;<\/p>\n<p>&nbsp;<\/p>\n<hr \/>\n<p>&nbsp;<\/p>\n<blockquote>\n<h3>UN NUOVO AMBULATORIO ORTOPEDICO AD ARABBA<\/h3>\n<\/blockquote>\n<p><strong><a class=\"dt-pswp-item\" href=\"https:\/\/www.radiopiu.net\/wordpress\/wp-content\/uploads\/2025\/12\/51bf0b77-3525-4a4e-8251-73896749c6c3.jpg\" data-dt-img-description=\"\" data-large_image_width=\"640\" data-large_image_height=\"480\"><img loading=\"lazy\" decoding=\"async\" class=\" wp-image-485839 alignleft\" src=\"https:\/\/www.radiopiu.net\/wordpress\/wp-content\/uploads\/2025\/12\/51bf0b77-3525-4a4e-8251-73896749c6c3-300x225.jpg\" alt=\"\" width=\"191\" height=\"143\" srcset=\"https:\/\/www.radiopiu.net\/wordpress\/wp-content\/uploads\/2025\/12\/51bf0b77-3525-4a4e-8251-73896749c6c3-300x225.jpg 300w, https:\/\/www.radiopiu.net\/wordpress\/wp-content\/uploads\/2025\/12\/51bf0b77-3525-4a4e-8251-73896749c6c3.jpg 640w\" sizes=\"auto, (max-width: 191px) 100vw, 191px\" \/><\/a>LIVINALLONGO<\/strong><\/p>\n<p>DI LORENZO SORATROI<\/p>\n<audio class=\"wp-audio-shortcode\" id=\"audio-485747-6\" preload=\"none\" style=\"width: 100%;\" controls=\"controls\"><source type=\"audio\/mpeg\" src=\"https:\/\/www.radiopiu.net\/wordpress\/wp-content\/uploads\/2025\/12\/SORATROI-UN-NUOVO-AMBULATORIO-ORTOPEDICO-AD-ARABBA.mp3?_=6\" \/><a href=\"https:\/\/www.radiopiu.net\/wordpress\/wp-content\/uploads\/2025\/12\/SORATROI-UN-NUOVO-AMBULATORIO-ORTOPEDICO-AD-ARABBA.mp3\">https:\/\/www.radiopiu.net\/wordpress\/wp-content\/uploads\/2025\/12\/SORATROI-UN-NUOVO-AMBULATORIO-ORTOPEDICO-AD-ARABBA.mp3<\/a><\/audio>\n<p>&nbsp;<\/p>\n<hr \/>\n<p>&nbsp;<\/p>\n<blockquote>\n<h3>RIQUALIFICAZIONE DI VIA ZENTA: SICUREZZA E SERVIZI PER LE FRAZIONI<\/h3>\n<\/blockquote>\n<p><strong><a class=\"dt-pswp-item\" href=\"https:\/\/www.radiopiu.net\/wordpress\/wp-content\/uploads\/2025\/10\/FELTRE.jpg\" data-dt-img-description=\"\" data-large_image_width=\"587\" data-large_image_height=\"373\"><img loading=\"lazy\" decoding=\"async\" class=\" wp-image-477416 alignleft\" src=\"https:\/\/www.radiopiu.net\/wordpress\/wp-content\/uploads\/2025\/10\/FELTRE-300x191.jpg\" alt=\"\" width=\"181\" height=\"115\" srcset=\"https:\/\/www.radiopiu.net\/wordpress\/wp-content\/uploads\/2025\/10\/FELTRE-300x191.jpg 300w, https:\/\/www.radiopiu.net\/wordpress\/wp-content\/uploads\/2025\/10\/FELTRE.jpg 587w\" sizes=\"auto, (max-width: 181px) 100vw, 181px\" \/><\/a>FELTRE <\/strong>Sono in corso i lavori di riqualificazione di Via Zenta, nell\u2019ambito del progetto di adeguamento della viabilit\u00e0 di accesso alle frazioni, finanziato dai Fondi Comuni Confinanti con 250.000 euro. L\u2019intervento riguarda un tratto prima in ghiaino e comprende nuovi sottoservizi, una rete di smaltimento delle acque meteoriche, illuminazione pubblica a led interrata e il rifacimento completo della pavimentazione. I lavori migliorano sicurezza e funzionalit\u00e0 della strada e rientrano in una strategia pi\u00f9 ampia dell\u2019Amministrazione comunale, orientata a recuperare le criticit\u00e0 delle zone periferiche e a investire in opere diffuse e strutturate. Via Zenta non \u00e8 un caso isolato, ma parte di un programma continuo di interventi dedicati alle frazioni e al patrimonio pubblico.<\/p>\n<p>&nbsp;<\/p>\n<p>&nbsp;<\/p>\n<hr \/>\n<p>&nbsp;<\/p>\n<blockquote>\n<h3>OLIMPIADI MILANO CORTINA 2026: SOSTENIBILIT\u00c0 E TUTELA DEI PAESAGGI ALPINI<\/h3>\n<\/blockquote>\n<p><strong><a class=\"dt-pswp-item\" href=\"https:\/\/www.radiopiu.net\/wordpress\/wp-content\/uploads\/2025\/10\/CORTINA-scaled.jpeg\" data-dt-img-description=\"\" data-large_image_width=\"2560\" data-large_image_height=\"1760\"><img loading=\"lazy\" decoding=\"async\" class=\" wp-image-476894 alignleft\" src=\"https:\/\/www.radiopiu.net\/wordpress\/wp-content\/uploads\/2025\/10\/CORTINA-300x206.jpeg\" alt=\"\" width=\"204\" height=\"140\" srcset=\"https:\/\/www.radiopiu.net\/wordpress\/wp-content\/uploads\/2025\/10\/CORTINA-300x206.jpeg 300w, https:\/\/www.radiopiu.net\/wordpress\/wp-content\/uploads\/2025\/10\/CORTINA-1024x704.jpeg 1024w, https:\/\/www.radiopiu.net\/wordpress\/wp-content\/uploads\/2025\/10\/CORTINA-768x528.jpeg 768w, https:\/\/www.radiopiu.net\/wordpress\/wp-content\/uploads\/2025\/10\/CORTINA-1536x1056.jpeg 1536w, https:\/\/www.radiopiu.net\/wordpress\/wp-content\/uploads\/2025\/10\/CORTINA-2048x1408.jpeg 2048w\" sizes=\"auto, (max-width: 204px) 100vw, 204px\" \/><\/a>REDAZIONE <\/strong>A 54 giorni dalle Olimpiadi Invernali Milano Cortina 2026, la sostenibilit\u00e0 si conferma un principio operativo concreto che guida ogni intervento, dalla progettazione alla realizzazione delle opere. L\u2019obiettivo \u00e8 coniugare infrastrutture moderne e rispetto dell\u2019ambiente alpino. Emblematico il caso della pista da bob di Cortina, dove l\u2019uso del glicole riduce l\u2019impatto ambientale e si accompagna a un piano di compensazione con 10.000 nuovi alberi e 3.000 arbusti. Lo stesso approccio caratterizza il Villaggio Olimpico, pensato con strutture leggere e riutilizzabili. Attenzione particolare \u00e8 rivolta alla gestione responsabile delle risorse idriche, all\u2019efficienza energetica e al monitoraggio ambientale. Una sostenibilit\u00e0 costruita per durare oltre i Giochi, a beneficio dei territori e delle comunit\u00e0 locali.<\/p>\n<p>&nbsp;<\/p>\n<p>&nbsp;<\/p>\n<hr \/>\n<p>&nbsp;<\/p>\n<blockquote>\n<h3>EDILIZIA BELLUNESE IN FORTE CRESCITA: RECORD STORICI E NUOVE SFIDE<\/h3>\n<\/blockquote>\n<p><strong>SEDICO <\/strong>L\u2019incontro annuale della Cassa Edile di Belluno, tenutosi il 12 dicembre a Sedico, ha evidenziato risultati record per il settore edile provinciale. Il monte retribuzioni 2024-2025 ha raggiunto 49,5 milioni di euro, con un aumento dell\u201911,5%, mentre le ore lavorate hanno superato i 3,89 milioni (+9%). La crescita \u00e8 sostenuta dagli investimenti del PNRR e dalle opere per le Olimpiadi di Cortina 2026. Il presidente Massimo Riva ha sottolineato la buona salute del comparto, invitando per\u00f2 a consolidare il percorso puntando su semplificazione burocratica, innovazione, recupero del patrimonio edilizio e sicurezza. I sindacati hanno ribadito l\u2019importanza di formazione e controlli nei cantieri. Premiazioni, borse di studio e la presentazione del volume \u201cEdilizia povera\u201d hanno completato l\u2019evento.<\/p>\n\n\t\t\t<style type='text\/css'>\n\t\t\t\t#gallery-2 {\n\t\t\t\t\tmargin: auto;\n\t\t\t\t}\n\t\t\t\t#gallery-2 .gallery-item {\n\t\t\t\t\tfloat: left;\n\t\t\t\t\tmargin-top: 10px;\n\t\t\t\t\ttext-align: center;\n\t\t\t\t\twidth: 33%;\n\t\t\t\t}\n\t\t\t\t#gallery-2 img {\n\t\t\t\t\tborder: 2px solid #cfcfcf;\n\t\t\t\t}\n\t\t\t\t#gallery-2 .gallery-caption {\n\t\t\t\t\tmargin-left: 0;\n\t\t\t\t}\n\t\t\t\t\/* see gallery_shortcode() in wp-includes\/media.php *\/\n\t\t\t<\/style>\n\t\t<div id='gallery-2' class='dt-gallery-container gallery galleryid-485747 gallery-columns-3 gallery-size-medium'><dl class='gallery-item'>\n\t\t\t\t<dt class='gallery-icon landscape'>\n\t\t\t\t\t<a class=\"rollover rollover-zoom dt-pswp-item\" title=\"I lavoratori del Premio Fedelta\u0300\" data-dt-img-description=\"\" data-large_image_width=\"2048\" data-large_image_height=\"1365\"href='https:\/\/www.radiopiu.net\/wordpress\/wp-content\/uploads\/2025\/12\/I-lavoratori-del-Premio-Fedelta.jpg'><img loading=\"lazy\" decoding=\"async\" width=\"300\" height=\"200\" src=\"https:\/\/www.radiopiu.net\/wordpress\/wp-content\/uploads\/2025\/12\/I-lavoratori-del-Premio-Fedelta-300x200.jpg\" class=\"attachment-medium size-medium\" alt=\"\" srcset=\"https:\/\/www.radiopiu.net\/wordpress\/wp-content\/uploads\/2025\/12\/I-lavoratori-del-Premio-Fedelta-300x200.jpg 300w, https:\/\/www.radiopiu.net\/wordpress\/wp-content\/uploads\/2025\/12\/I-lavoratori-del-Premio-Fedelta-1024x683.jpg 1024w, https:\/\/www.radiopiu.net\/wordpress\/wp-content\/uploads\/2025\/12\/I-lavoratori-del-Premio-Fedelta-768x512.jpg 768w, https:\/\/www.radiopiu.net\/wordpress\/wp-content\/uploads\/2025\/12\/I-lavoratori-del-Premio-Fedelta-1536x1024.jpg 1536w, https:\/\/www.radiopiu.net\/wordpress\/wp-content\/uploads\/2025\/12\/I-lavoratori-del-Premio-Fedelta.jpg 2048w\" sizes=\"auto, (max-width: 300px) 100vw, 300px\" \/><\/a>\n\t\t\t\t<\/dt><\/dl><dl class='gallery-item'>\n\t\t\t\t<dt class='gallery-icon landscape'>\n\t\t\t\t\t<a class=\"rollover rollover-zoom dt-pswp-item\" title=\"Alcune ditte del Casse Edili Awards\" data-dt-img-description=\"\" data-large_image_width=\"2048\" data-large_image_height=\"1365\"href='https:\/\/www.radiopiu.net\/wordpress\/wp-content\/uploads\/2025\/12\/Alcune-ditte-del-Casse-Edili-Awards.jpg'><img loading=\"lazy\" decoding=\"async\" width=\"300\" height=\"200\" src=\"https:\/\/www.radiopiu.net\/wordpress\/wp-content\/uploads\/2025\/12\/Alcune-ditte-del-Casse-Edili-Awards-300x200.jpg\" class=\"attachment-medium size-medium\" alt=\"\" srcset=\"https:\/\/www.radiopiu.net\/wordpress\/wp-content\/uploads\/2025\/12\/Alcune-ditte-del-Casse-Edili-Awards-300x200.jpg 300w, https:\/\/www.radiopiu.net\/wordpress\/wp-content\/uploads\/2025\/12\/Alcune-ditte-del-Casse-Edili-Awards-1024x683.jpg 1024w, https:\/\/www.radiopiu.net\/wordpress\/wp-content\/uploads\/2025\/12\/Alcune-ditte-del-Casse-Edili-Awards-768x512.jpg 768w, https:\/\/www.radiopiu.net\/wordpress\/wp-content\/uploads\/2025\/12\/Alcune-ditte-del-Casse-Edili-Awards-1536x1024.jpg 1536w, https:\/\/www.radiopiu.net\/wordpress\/wp-content\/uploads\/2025\/12\/Alcune-ditte-del-Casse-Edili-Awards.jpg 2048w\" sizes=\"auto, (max-width: 300px) 100vw, 300px\" \/><\/a>\n\t\t\t\t<\/dt><\/dl><dl class='gallery-item'>\n\t\t\t\t<dt class='gallery-icon landscape'>\n\t\t\t\t\t<a class=\"rollover rollover-zoom dt-pswp-item\" title=\"La sala\" data-dt-img-description=\"\" data-large_image_width=\"2048\" data-large_image_height=\"1365\"href='https:\/\/www.radiopiu.net\/wordpress\/wp-content\/uploads\/2025\/12\/La-sala.jpg'><img loading=\"lazy\" decoding=\"async\" width=\"300\" height=\"200\" src=\"https:\/\/www.radiopiu.net\/wordpress\/wp-content\/uploads\/2025\/12\/La-sala-300x200.jpg\" class=\"attachment-medium size-medium\" alt=\"\" srcset=\"https:\/\/www.radiopiu.net\/wordpress\/wp-content\/uploads\/2025\/12\/La-sala-300x200.jpg 300w, https:\/\/www.radiopiu.net\/wordpress\/wp-content\/uploads\/2025\/12\/La-sala-1024x683.jpg 1024w, https:\/\/www.radiopiu.net\/wordpress\/wp-content\/uploads\/2025\/12\/La-sala-768x512.jpg 768w, https:\/\/www.radiopiu.net\/wordpress\/wp-content\/uploads\/2025\/12\/La-sala-1536x1024.jpg 1536w, https:\/\/www.radiopiu.net\/wordpress\/wp-content\/uploads\/2025\/12\/La-sala.jpg 2048w\" sizes=\"auto, (max-width: 300px) 100vw, 300px\" \/><\/a>\n\t\t\t\t<\/dt><\/dl><br style=\"clear: both\" \/>\n\t\t\t<\/div>\n\n<p>&nbsp;<\/p>\n<hr \/>\n<p>&nbsp;<\/p>\n<blockquote>\n<h3>UN PESCE VOLANTE TRIASSICO FA \u201cDECOLLARE\u201d LE DOLOMITI<\/h3>\n<\/blockquote>\n<p><strong><a class=\"dt-pswp-item\" href=\"https:\/\/www.radiopiu.net\/wordpress\/wp-content\/uploads\/2025\/12\/graphic-abstract.jpg\" data-dt-img-description=\"\" data-large_image_width=\"364\" data-large_image_height=\"171\"><img loading=\"lazy\" decoding=\"async\" class=\" wp-image-485854 alignleft\" src=\"https:\/\/www.radiopiu.net\/wordpress\/wp-content\/uploads\/2025\/12\/graphic-abstract-300x141.jpg\" alt=\"\" width=\"209\" height=\"98\" srcset=\"https:\/\/www.radiopiu.net\/wordpress\/wp-content\/uploads\/2025\/12\/graphic-abstract-300x141.jpg 300w, https:\/\/www.radiopiu.net\/wordpress\/wp-content\/uploads\/2025\/12\/graphic-abstract.jpg 364w\" sizes=\"auto, (max-width: 209px) 100vw, 209px\" \/><\/a>REDAZIONE<\/strong> La scoperta del pesce volante triassico <em data-start=\"99\" data-end=\"125\">Thoracopterus wushaensis<\/em> nelle Dolomiti conferma l\u2019eccezionale importanza del Lagerst\u00e4tte del Pelsa\/Vazzoler, oggi tra i pi\u00f9 rilevanti siti paleontologici alpini. Descritta inizialmente nel 2012 in Cina meridionale, questa specie, la pi\u00f9 antica tra i pesci volanti conosciuti, \u00e8 stata ora documentata anche nelle Dolomiti grazie al ritrovamento di un esemplare unico, recentemente pubblicato sulla rivista <em data-start=\"507\" data-end=\"518\">Diversity<\/em>. Gli scavi, avviati quasi dieci anni fa da Andrea Tintori, sono stati possibili grazie al contributo di numerosi volontari e al sostegno di enti e della Fondazione UNESCO Dolomiti. Lo studio anatomico dimostra che <em data-start=\"733\" data-end=\"748\">Thoracopterus<\/em> era realmente in grado di librarsi sull\u2019acqua, grazie a pinne sviluppate e a una coda adattata alla spinta. Le analogie con i pesci volanti attuali suggeriscono che il volo potesse favorire lunghi spostamenti con minore dispendio energetico. Questa scoperta rafforza il valore scientifico del sito, destinato a riservare nuove sorprese.<\/p>\n<p>&nbsp;<\/p>\n<p>&nbsp;<\/p>\n<hr \/>\n<p>&nbsp;<\/p>\n<blockquote>\n<h3>ANCHE ROCCA PIETORE HA ACCESO L&#8217;ALBERO DI NATALE<\/h3>\n<\/blockquote>\n<p><strong><a class=\"dt-pswp-item\" href=\"https:\/\/www.radiopiu.net\/wordpress\/wp-content\/uploads\/2025\/12\/6d65d7bf-92ca-46b6-b45c-2fdd5d4234e2.jpg\" data-dt-img-description=\"\" data-large_image_width=\"1167\" data-large_image_height=\"1600\"><img loading=\"lazy\" decoding=\"async\" class=\" wp-image-485890 alignleft\" src=\"https:\/\/www.radiopiu.net\/wordpress\/wp-content\/uploads\/2025\/12\/6d65d7bf-92ca-46b6-b45c-2fdd5d4234e2-219x300.jpg\" alt=\"\" width=\"103\" height=\"141\" srcset=\"https:\/\/www.radiopiu.net\/wordpress\/wp-content\/uploads\/2025\/12\/6d65d7bf-92ca-46b6-b45c-2fdd5d4234e2-219x300.jpg 219w, https:\/\/www.radiopiu.net\/wordpress\/wp-content\/uploads\/2025\/12\/6d65d7bf-92ca-46b6-b45c-2fdd5d4234e2-747x1024.jpg 747w, https:\/\/www.radiopiu.net\/wordpress\/wp-content\/uploads\/2025\/12\/6d65d7bf-92ca-46b6-b45c-2fdd5d4234e2-768x1053.jpg 768w, https:\/\/www.radiopiu.net\/wordpress\/wp-content\/uploads\/2025\/12\/6d65d7bf-92ca-46b6-b45c-2fdd5d4234e2-1120x1536.jpg 1120w, https:\/\/www.radiopiu.net\/wordpress\/wp-content\/uploads\/2025\/12\/6d65d7bf-92ca-46b6-b45c-2fdd5d4234e2.jpg 1167w\" sizes=\"auto, (max-width: 103px) 100vw, 103px\" \/><\/a>DI MARINA DONA&#8217;<\/strong><\/p>\n<p><strong>ROCCA PIETORE<\/strong> Venerd\u00ec 12 dicembre 2025, grande festa alla scuola primaria di Rocca Pietore: come ogni anno \u00e8 stato acceso l&#8217;albero di Natale nel giardino della scuola, e i bambini si sono esibiti nei canti di Natale. Il soccorso alpino della Valpettorina ha aiutato Babbo Natale a trovare la strada, portando a tutti i bambini un bel presente. Una festa molto sentita ogni anno, che raccoglie bambini, insegnanti, genitori e associazioni locali.<\/p>\n<p>&nbsp;<\/p>\n<p>&nbsp;<\/p>\n<p>&nbsp;<\/p>\n<p>&nbsp;<\/p>\n<hr \/>\n<p>&nbsp;<\/p>\n<blockquote>\n<h3>CONCORSO PER ALLIEVI UFFICIALI DEI CARABINIERI<\/h3>\n<\/blockquote>\n<p><strong><a class=\"dt-pswp-item\" href=\"https:\/\/www.radiopiu.net\/wordpress\/wp-content\/uploads\/2025\/12\/Foto-1.jpeg\" data-dt-img-description=\"\" data-large_image_width=\"1600\" data-large_image_height=\"1200\"><img loading=\"lazy\" decoding=\"async\" class=\" wp-image-485777 alignleft\" src=\"https:\/\/www.radiopiu.net\/wordpress\/wp-content\/uploads\/2025\/12\/Foto-1-300x225.jpeg\" alt=\"\" width=\"127\" height=\"95\" srcset=\"https:\/\/www.radiopiu.net\/wordpress\/wp-content\/uploads\/2025\/12\/Foto-1-300x225.jpeg 300w, https:\/\/www.radiopiu.net\/wordpress\/wp-content\/uploads\/2025\/12\/Foto-1-1024x768.jpeg 1024w, https:\/\/www.radiopiu.net\/wordpress\/wp-content\/uploads\/2025\/12\/Foto-1-768x576.jpeg 768w, https:\/\/www.radiopiu.net\/wordpress\/wp-content\/uploads\/2025\/12\/Foto-1-1536x1152.jpeg 1536w, https:\/\/www.radiopiu.net\/wordpress\/wp-content\/uploads\/2025\/12\/Foto-1.jpeg 1600w\" sizes=\"auto, (max-width: 127px) 100vw, 127px\" \/><\/a>REDAZIONE <\/strong>Sono aperte le procedure per il concorso di selezione e arruolamento di 65 Allievi Ufficiali dei Carabinieri in servizio permanente. Le domande possono essere presentate online fino al 9 gennaio sul sito dell\u2019Arma. Il concorso prevede prove scritte, fisiche, psico-attitudinali, orali e un tirocinio. Possono partecipare giovani tra 17 e 22 anni con diploma. I vincitori frequenteranno un corso quinquennale con formazione militare e universitaria in giurisprudenza.<\/p>\n<p>&nbsp;<\/p>\n<p>&nbsp;<\/p>\n<hr \/>\n<p>&nbsp;<\/p>\n<blockquote>\n<h3>LA PRESENTAZIONE DI 2 LIBRI CON L&#8217;UNION LADINA AGORDINA SOTCIUSA<\/h3>\n<\/blockquote>\n<p><strong>DI MARINA DONA&#8217;<\/strong><\/p>\n<p><strong>AGORDO<\/strong> Sabato 13 dicembre nella sala Don tamis alle ore 18 una serata per presentare due libri: &#8221; Glossar del lessich mineral e metaliurgich per ladin agordin&#8221; di Davide Conedera, vicepresidente &#8220;Union Ladina Agordin Sotciusa&#8221;, un volume che raccoglie importanti termini in ladino nell&#8217;ambiente delle miniere e dei forni fusori della Valle del Cordevole e del Fursil e &#8220;L&#8217;grant liber dei det e ditaz del Agordin&#8221;, raccolti da GioBatta Rossi e Vito Pallabazzer, a cura di Davide Conedera, Dunio Piccolin, Luisa Manfroi, Nicola Cassisi, Loris Santomaso, Beatrice Colcuc con illustrazioni di Duino Piccolin. La serata tenutasi da Davide Conedera \u00e8 stata presentata da Gabriele Riva, con la presenza del presidente dell&#8217;Union Ladina Agordin Sotciusa, Nicola Cassisi. Date le prossime festivit\u00e0 natalizie un ottima idea per un regalo di cultura.<\/p>\n<p><iframe loading=\"lazy\" title=\"PRESENTAZIONE LIBRI SALA DON TAMIS AGORDO\" width=\"1200\" height=\"675\" src=\"https:\/\/www.youtube.com\/embed\/4oVeQEklUCk?feature=oembed\" frameborder=\"0\" allow=\"accelerometer; autoplay; clipboard-write; encrypted-media; gyroscope; picture-in-picture; web-share\" referrerpolicy=\"strict-origin-when-cross-origin\" allowfullscreen><\/iframe><\/p>\n<p>&nbsp;<\/p>\n\n\t\t\t<style type='text\/css'>\n\t\t\t\t#gallery-3 {\n\t\t\t\t\tmargin: auto;\n\t\t\t\t}\n\t\t\t\t#gallery-3 .gallery-item {\n\t\t\t\t\tfloat: left;\n\t\t\t\t\tmargin-top: 10px;\n\t\t\t\t\ttext-align: center;\n\t\t\t\t\twidth: 50%;\n\t\t\t\t}\n\t\t\t\t#gallery-3 img {\n\t\t\t\t\tborder: 2px solid #cfcfcf;\n\t\t\t\t}\n\t\t\t\t#gallery-3 .gallery-caption {\n\t\t\t\t\tmargin-left: 0;\n\t\t\t\t}\n\t\t\t\t\/* see gallery_shortcode() in wp-includes\/media.php *\/\n\t\t\t<\/style>\n\t\t<div id='gallery-3' class='dt-gallery-container gallery galleryid-485747 gallery-columns-2 gallery-size-medium'><dl class='gallery-item'>\n\t\t\t\t<dt class='gallery-icon landscape'>\n\t\t\t\t\t<a class=\"rollover rollover-zoom dt-pswp-item\" title=\"4bd9384e-c9e9-4e60-94bc-ac7f9e4b3f71\" data-dt-img-description=\"\" data-large_image_width=\"1600\" data-large_image_height=\"1200\"href='https:\/\/www.radiopiu.net\/wordpress\/wp-content\/uploads\/2025\/12\/4bd9384e-c9e9-4e60-94bc-ac7f9e4b3f71.jpg'><img loading=\"lazy\" decoding=\"async\" width=\"300\" height=\"225\" src=\"https:\/\/www.radiopiu.net\/wordpress\/wp-content\/uploads\/2025\/12\/4bd9384e-c9e9-4e60-94bc-ac7f9e4b3f71-300x225.jpg\" class=\"attachment-medium size-medium\" alt=\"\" srcset=\"https:\/\/www.radiopiu.net\/wordpress\/wp-content\/uploads\/2025\/12\/4bd9384e-c9e9-4e60-94bc-ac7f9e4b3f71-300x225.jpg 300w, https:\/\/www.radiopiu.net\/wordpress\/wp-content\/uploads\/2025\/12\/4bd9384e-c9e9-4e60-94bc-ac7f9e4b3f71-1024x768.jpg 1024w, https:\/\/www.radiopiu.net\/wordpress\/wp-content\/uploads\/2025\/12\/4bd9384e-c9e9-4e60-94bc-ac7f9e4b3f71-768x576.jpg 768w, https:\/\/www.radiopiu.net\/wordpress\/wp-content\/uploads\/2025\/12\/4bd9384e-c9e9-4e60-94bc-ac7f9e4b3f71-1536x1152.jpg 1536w, https:\/\/www.radiopiu.net\/wordpress\/wp-content\/uploads\/2025\/12\/4bd9384e-c9e9-4e60-94bc-ac7f9e4b3f71.jpg 1600w\" sizes=\"auto, (max-width: 300px) 100vw, 300px\" \/><\/a>\n\t\t\t\t<\/dt><\/dl><dl class='gallery-item'>\n\t\t\t\t<dt class='gallery-icon landscape'>\n\t\t\t\t\t<a class=\"rollover rollover-zoom dt-pswp-item\" title=\"de7e92d3-fab6-4752-b2ba-f32c67f2cc0f\" data-dt-img-description=\"\" data-large_image_width=\"1600\" data-large_image_height=\"1200\"href='https:\/\/www.radiopiu.net\/wordpress\/wp-content\/uploads\/2025\/12\/de7e92d3-fab6-4752-b2ba-f32c67f2cc0f.jpg'><img loading=\"lazy\" decoding=\"async\" width=\"300\" height=\"225\" src=\"https:\/\/www.radiopiu.net\/wordpress\/wp-content\/uploads\/2025\/12\/de7e92d3-fab6-4752-b2ba-f32c67f2cc0f-300x225.jpg\" class=\"attachment-medium size-medium\" alt=\"\" srcset=\"https:\/\/www.radiopiu.net\/wordpress\/wp-content\/uploads\/2025\/12\/de7e92d3-fab6-4752-b2ba-f32c67f2cc0f-300x225.jpg 300w, https:\/\/www.radiopiu.net\/wordpress\/wp-content\/uploads\/2025\/12\/de7e92d3-fab6-4752-b2ba-f32c67f2cc0f-1024x768.jpg 1024w, https:\/\/www.radiopiu.net\/wordpress\/wp-content\/uploads\/2025\/12\/de7e92d3-fab6-4752-b2ba-f32c67f2cc0f-768x576.jpg 768w, https:\/\/www.radiopiu.net\/wordpress\/wp-content\/uploads\/2025\/12\/de7e92d3-fab6-4752-b2ba-f32c67f2cc0f-1536x1152.jpg 1536w, https:\/\/www.radiopiu.net\/wordpress\/wp-content\/uploads\/2025\/12\/de7e92d3-fab6-4752-b2ba-f32c67f2cc0f.jpg 1600w\" sizes=\"auto, (max-width: 300px) 100vw, 300px\" \/><\/a>\n\t\t\t\t<\/dt><\/dl><br style=\"clear: both\" \/>\n\t\t\t<\/div>\n\n<p>&nbsp;<\/p>\n<hr \/>\n<p>&nbsp;<\/p>\n<blockquote class=\"wp-embedded-content\" data-secret=\"5VjHQOBcXc\"><p><a href=\"https:\/\/www.radiopiu.net\/wordpress\/krampus-a-frassene-agordino-foto-manuel-conedera\/\">KRAMPUS&#8230;. A FRASSENE&#8217; AGORDINO &#8211; FOTO MANUEL CONEDERA &#8211;<\/a><\/p><\/blockquote>\n<p><iframe loading=\"lazy\" class=\"wp-embedded-content\" sandbox=\"allow-scripts\" security=\"restricted\" style=\"position: absolute; visibility: hidden;\" title=\"&#8220;KRAMPUS&#8230;. A FRASSENE&#8217; AGORDINO &#8211; FOTO MANUEL CONEDERA &#8211;&#8221; &#8212; Radio Pi\u00f9\" src=\"https:\/\/www.radiopiu.net\/wordpress\/krampus-a-frassene-agordino-foto-manuel-conedera\/embed\/#?secret=BsTrJ9KiIa#?secret=5VjHQOBcXc\" data-secret=\"5VjHQOBcXc\" width=\"600\" height=\"338\" frameborder=\"0\" marginwidth=\"0\" marginheight=\"0\" scrolling=\"no\"><\/iframe><\/p>\n<p>&nbsp;<\/p>\n<p>&nbsp;<\/p>\n<hr \/>\n<p>&nbsp;<\/p>\n<div class=\"page-title-head hgroup\">\n<blockquote>\n<h3 class=\"entry-title\">NATALE PER TUTTI \u2013 MOUNTAIN EDITION: INCLUSIONE SULLA NEVE AD ALLEGHE<\/h3>\n<\/blockquote>\n<\/div>\n<p class=\"photoswipe-wrapper\" data-start=\"75\" data-end=\"370\"><a class=\"dt-pswp-item pspw-wrap-ready\" href=\"https:\/\/www.radiopiu.net\/wordpress\/wp-content\/uploads\/2025\/12\/Screenshot-2025-12-15-074710.png\" data-dt-img-description=\"\" data-large_image_width=\"1107\" data-large_image_height=\"441\"><img loading=\"lazy\" decoding=\"async\" class=\" wp-image-485981 alignleft\" src=\"https:\/\/www.radiopiu.net\/wordpress\/wp-content\/uploads\/2025\/12\/Screenshot-2025-12-15-074710-300x120.png\" sizes=\"auto, (max-width: 263px) 100vw, 263px\" srcset=\"https:\/\/www.radiopiu.net\/wordpress\/wp-content\/uploads\/2025\/12\/Screenshot-2025-12-15-074710-300x120.png 300w, https:\/\/www.radiopiu.net\/wordpress\/wp-content\/uploads\/2025\/12\/Screenshot-2025-12-15-074710-1024x408.png 1024w, https:\/\/www.radiopiu.net\/wordpress\/wp-content\/uploads\/2025\/12\/Screenshot-2025-12-15-074710-768x306.png 768w, https:\/\/www.radiopiu.net\/wordpress\/wp-content\/uploads\/2025\/12\/Screenshot-2025-12-15-074710.png 1107w\" alt=\"\" width=\"263\" height=\"105\" \/><\/a>Da domani\u00a0 a giovedi torna \u201cNatale per Tutti \u2013 Mountain Edition\u201d, l\u2019evento sulla neve che unisce spirito natalizio e inclusivit\u00e0 nella cornice delle Dolomiti. Per il secondo anno consecutivo, Alleghe ai Piani di Pezz\u00e8 ospiter\u00e0 un\u2019esperienza pensata per regalare emozioni e condivisione a tutti. Saranno 350 i beneficiari coinvolti, provenienti da 20 centri, associazioni e cooperative del Veneto: persone con disabilit\u00e0 insieme ad amici, familiari ed educatori, pronti a vivere tre giorni di festa sulla neve. Grazie a strutture accessibili e a un\u2019organizzazione attenta, ogni attivit\u00e0 \u00e8 progettata per essere fruibile in sicurezza e senza barriere. Il programma prevede motoslitte, snow bike, slittino, giri in cabinovia, pranzo in rifugio, animazione, battaglie di palle di neve e l\u2019immancabile visita di Babbo Natale con i suoi elfi. Un\u2019occasione per vivere l\u2019inverno in modo attivo e partecipato. L\u2019obiettivo dell\u2019iniziativa \u00e8 promuovere benessere, autonomia e inclusione, offrendo esperienze autentiche nel segno della normalit\u00e0 e della condivisione. L\u2019evento \u00e8 promosso dalla realt\u00e0 non profit CROSSabili by Mattia Cattapan insieme ad Alvaro Dal Farra, pilota di fama internazionale da sempre impegnato nel sociale.<\/p>\n<p>&nbsp;<\/p>\n<p>&nbsp;<\/p>\n<p>&nbsp;<\/p>\n<hr \/>\n<p>&nbsp;<\/p>\n<blockquote>\n<h3>L\u2019EXPORT DEL VENETO IN AFFANNO<\/h3>\n<\/blockquote>\n<p><strong><a class=\"dt-pswp-item\" href=\"https:\/\/www.radiopiu.net\/wordpress\/wp-content\/uploads\/2025\/12\/t1.png\" data-dt-img-description=\"\" data-large_image_width=\"1119\" data-large_image_height=\"1471\"><img loading=\"lazy\" decoding=\"async\" class=\"size-medium wp-image-485743 alignleft\" src=\"https:\/\/www.radiopiu.net\/wordpress\/wp-content\/uploads\/2025\/12\/t1-228x300.png\" alt=\"\" width=\"228\" height=\"300\" srcset=\"https:\/\/www.radiopiu.net\/wordpress\/wp-content\/uploads\/2025\/12\/t1-228x300.png 228w, https:\/\/www.radiopiu.net\/wordpress\/wp-content\/uploads\/2025\/12\/t1-779x1024.png 779w, https:\/\/www.radiopiu.net\/wordpress\/wp-content\/uploads\/2025\/12\/t1-768x1010.png 768w, https:\/\/www.radiopiu.net\/wordpress\/wp-content\/uploads\/2025\/12\/t1.png 1119w\" sizes=\"auto, (max-width: 228px) 100vw, 228px\" \/><\/a>I dazi fanno crollare la vendita in USA di lavatrici, frigoriferi, occhiali, macchine agricole, mobili e gioielleria<\/strong><\/p>\n<p>Dazi, tensioni geopolitiche e crisi dei mercati internazionali hanno fiaccato il nostro export. Nei primi 9 mesi di quest\u2019anno, rispetto allo stesso periodo dell\u2019anno scorso, le vendite nei mercati esteri dei prodotti veneti sono scesi dello 0,6 per cento, contro una media nazionale del + 3,6. Assieme al Trentino Alto Adige e alla Valle d\u2019Aosta siamo le uniche regioni del Nord che hanno subito una contrazione negativa. Nel nostro caso, la riduzione \u00e8 stata pari a 360 milioni di euro. Alla fine dello scorso settembre, lo stock complessivo delle nostre esportazioni nel mondo \u00e8 sceso a 59,3 miliardi di euro (vedi Tab. 1).<\/p>\n<p>Se a livello provinciale Verona e Padova hanno potuto registrare un incremento rispettivamente dell\u20191,9 per cento e dell\u20191,4, le situazioni pi\u00f9 critiche, invece, si sono registrate a Rovigo con il -4,1 per cento e a Venezia con il -10,2 (vedi Tab. 2).<\/p>\n<p>Se, come dicevamo pi\u00f9 sopra, a livello regionale le nostre esportazioni nel mondo sono scese dello 0,6 per cento, molto pi\u00f9 pesante \u00e8 stata la contrazione registrata verso il mercato statinutense. Sempre tra gennaio e settembre 2025 rispetto allo stesso arco temporale del 2024, la flessione \u00e8 stata addirittura del 5,9 per cento. Insomma, l\u2019introduzione dei dazi ha pesantemente ostacolato le nostre esportazioni verso gli USA che, in termini assoluti, sono diminuite di 317 milioni di euro. Se Padova (+9,5 per cento) e Rovigo (+2,7) hanno accresciuto le quote di mercato negli States, Verona (-6,2), Treviso (-6,9) e in particolare Belluno (-35,1) sono \u201ccrollate\u201d (vedi Tab. 3).<\/p>\n<p>I prodotti che hanno un peso relativo importante nell\u2019economia della nostra regione e che hanno subito le riduzioni di vendita pi\u00f9 importanti sono, in particolare, gli <a class=\"dt-pswp-item\" href=\"https:\/\/www.radiopiu.net\/wordpress\/wp-content\/uploads\/2025\/12\/tab2-scaled.jpg\" data-dt-img-description=\"\" data-large_image_width=\"1249\" data-large_image_height=\"2560\"><img loading=\"lazy\" decoding=\"async\" class=\"size-medium wp-image-485746 alignleft\" src=\"https:\/\/www.radiopiu.net\/wordpress\/wp-content\/uploads\/2025\/12\/tab2-146x300.jpg\" alt=\"\" width=\"146\" height=\"300\" srcset=\"https:\/\/www.radiopiu.net\/wordpress\/wp-content\/uploads\/2025\/12\/tab2-146x300.jpg 146w, https:\/\/www.radiopiu.net\/wordpress\/wp-content\/uploads\/2025\/12\/tab2-499x1024.jpg 499w, https:\/\/www.radiopiu.net\/wordpress\/wp-content\/uploads\/2025\/12\/tab2-768x1575.jpg 768w, https:\/\/www.radiopiu.net\/wordpress\/wp-content\/uploads\/2025\/12\/tab2-749x1536.jpg 749w, https:\/\/www.radiopiu.net\/wordpress\/wp-content\/uploads\/2025\/12\/tab2-999x2048.jpg 999w, https:\/\/www.radiopiu.net\/wordpress\/wp-content\/uploads\/2025\/12\/tab2-scaled.jpg 1249w\" sizes=\"auto, (max-width: 146px) 100vw, 146px\" \/><\/a>apparecchi per uso domestico (-44,5 per cento), l\u2019occhialeria (-29,4), le macchine agricole (-28,4), gli altri prodotti in metallo (-20,4), i mobili (-16,1) e la gioielleria (-9) (vedi Tab. 4).<\/p>\n<p>In altre parole, le politiche protezionistiche messe in atto dalla scorsa estate dagli Stati Uniti rischiano di condizionare nel medio-lungo periodo il commercio estero di tutto il Veneto, sia per gli effetti diretti (mancate esportazioni), sia per quelli indiretti (riduzione margine di profitto delle imprese che continueranno a vendere nel mercato USA, trasferimento delle imprese o di una parte delle produzioni verso gli USA, il trade diversion, etc.). Oltre a queste due fattispecie non va sottovalutata anche quella congiunturale (legata alla svalutazione del dollaro nei confronti dell\u2019euro). Ricordiamo, infatti, che dall\u2019inizio di quest\u2019anno il dollaro si \u00e8 deprezzato nei confronti dell\u2019euro di 12 punti percentuali. Insomma, dazi, crisi internazionali e svalutazione del dollaro hanno frenato l\u2019export del Veneto. Tuttavia, \u00e8 bene sottolinearlo con forza: \u00e8 sicuramente prematuro formulare valutazioni definitive su questo fenomeno; anche se i primi dati statistici a disposizione fotografano una situazione a tine molto fosche che va monitorata attentamente perch\u00e9 potrebbe riservare delle brutte sorprese.<br \/>\nInsomma, nei primi nove mesi dell\u2019anno l\u2019export del Veneto \u00e8 in controtendenza rispetto al dato nazionale. I dazi introdotti dall\u2019amministrazione Trump, i venti di guerra che soffiano in Europa e le difficolt\u00e0 del commercio mondiale hanno frenato &#8211; pi\u00f9 che nel resto d\u2019Italia &#8211; le nostre vendite all&#8217;estero. Nonostante ci\u00f2 non dobbiamo preoccuparci pi\u00f9 del dovuto. I nostri manufatti sono di alta gamma e i produttori di queste eccellenze possono superare questa fase di difficolt\u00e0 perch\u00e9 non chiedono aiuti, sussidi o contributi, ma un fisco pi\u00f9 equo, infrastrutture pubbliche pi\u00f9 <a class=\"dt-pswp-item\" href=\"https:\/\/www.radiopiu.net\/wordpress\/wp-content\/uploads\/2025\/12\/tab3-1.png\" data-dt-img-description=\"\" data-large_image_width=\"1115\" data-large_image_height=\"677\"><img loading=\"lazy\" decoding=\"async\" class=\"size-medium wp-image-485745 alignleft\" src=\"https:\/\/www.radiopiu.net\/wordpress\/wp-content\/uploads\/2025\/12\/tab3-1-300x182.png\" alt=\"\" width=\"300\" height=\"182\" srcset=\"https:\/\/www.radiopiu.net\/wordpress\/wp-content\/uploads\/2025\/12\/tab3-1-300x182.png 300w, https:\/\/www.radiopiu.net\/wordpress\/wp-content\/uploads\/2025\/12\/tab3-1-1024x622.png 1024w, https:\/\/www.radiopiu.net\/wordpress\/wp-content\/uploads\/2025\/12\/tab3-1-768x466.png 768w, https:\/\/www.radiopiu.net\/wordpress\/wp-content\/uploads\/2025\/12\/tab3-1.png 1115w\" sizes=\"auto, (max-width: 300px) 100vw, 300px\" \/><\/a>efficienti e una burocrazia meno fastidiosa. Insomma, un sistema Paese pi\u00f9 efficiente che consenta loro di vincere le sfide del momento.<\/p>\n<p><a class=\"dt-pswp-item\" href=\"https:\/\/www.radiopiu.net\/wordpress\/wp-content\/uploads\/2025\/12\/tab5.png\" data-dt-img-description=\"\" data-large_image_width=\"1115\" data-large_image_height=\"683\"><img loading=\"lazy\" decoding=\"async\" class=\"alignnone size-medium wp-image-485744\" src=\"https:\/\/www.radiopiu.net\/wordpress\/wp-content\/uploads\/2025\/12\/tab5-300x184.png\" alt=\"\" width=\"300\" height=\"184\" srcset=\"https:\/\/www.radiopiu.net\/wordpress\/wp-content\/uploads\/2025\/12\/tab5-300x184.png 300w, https:\/\/www.radiopiu.net\/wordpress\/wp-content\/uploads\/2025\/12\/tab5-1024x627.png 1024w, https:\/\/www.radiopiu.net\/wordpress\/wp-content\/uploads\/2025\/12\/tab5-768x470.png 768w, https:\/\/www.radiopiu.net\/wordpress\/wp-content\/uploads\/2025\/12\/tab5.png 1115w\" sizes=\"auto, (max-width: 300px) 100vw, 300px\" \/><\/a><\/p>\n<p>&nbsp;<\/p>\n<p>&nbsp;<\/p>\n<hr \/>\n<p>&nbsp;<\/p>\n<h2><span style=\"color: #ff0000;\">CONSIGLI COMUNALI IN AGORDINO<\/span><\/h2>\n<p><strong><a class=\"dt-pswp-item\" href=\"https:\/\/www.radiopiu.net\/wordpress\/wp-content\/uploads\/2024\/07\/Musal-e-piazza-Luciani.jpg\" data-dt-img-description=\"\" data-large_image_width=\"2560\" data-large_image_height=\"1920\"><img loading=\"lazy\" decoding=\"async\" class=\" wp-image-399384 alignleft\" src=\"https:\/\/www.radiopiu.net\/wordpress\/wp-content\/uploads\/2024\/07\/Musal-e-piazza-Luciani-300x225.jpg\" alt=\"\" width=\"129\" height=\"97\" srcset=\"https:\/\/www.radiopiu.net\/wordpress\/wp-content\/uploads\/2024\/07\/Musal-e-piazza-Luciani-300x225.jpg 300w, https:\/\/www.radiopiu.net\/wordpress\/wp-content\/uploads\/2024\/07\/Musal-e-piazza-Luciani-1024x768.jpg 1024w, https:\/\/www.radiopiu.net\/wordpress\/wp-content\/uploads\/2024\/07\/Musal-e-piazza-Luciani-768x576.jpg 768w, https:\/\/www.radiopiu.net\/wordpress\/wp-content\/uploads\/2024\/07\/Musal-e-piazza-Luciani-1536x1152.jpg 1536w, https:\/\/www.radiopiu.net\/wordpress\/wp-content\/uploads\/2024\/07\/Musal-e-piazza-Luciani-2048x1536.jpg 2048w\" sizes=\"auto, (max-width: 129px) 100vw, 129px\" \/><\/a>CANALE D&#8217;AGORDO<\/strong> Consiglio Comunale convocato mercoled\u00ec\u00a0 alle 20 nella Sala Lina Zand\u00f2 \u201cBolda\u201d. Tra i punti all\u2019ordine del giorno: conferma dell\u2019aliquota dell\u2019addizionale comunale IRPEF per il triennio 2026-2028; approvazione delle aliquote e detrazioni IMU 2026; modifica del grado di protezione di un edificio in localit\u00e0 Fregona; approvazione dell\u2019acquisto di aree comunali; concessione legname per fabbisogno 2025; verifica delle aree fabbricabili; revisione delle partecipazioni societarie al 31 dicembre 2024.<\/p>\n<p><strong>ALLEGHE<\/strong> Consiglio Comunale mercoled\u00ec alle 20:30 nella sala consiliare. All\u2019ordine del giorno: ratifica della variazione al bilancio 2025\/2027; adozione del programma per il fondo delle opere di urbanizzazione 2026; piano di valorizzazione del patrimonio immobiliare 2026\/2028; approvazione del programma triennale dei lavori pubblici e degli acquisti; conferma aliquota IRPEF 2026; aliquote IMU 2026; bilancio di previsione 2026\/2028 e DUP; revisione delle partecipazioni comunali.<\/p>\n<p><strong>COLLE SANTA LUCIA<\/strong> Consiglio Comunale per sabato 20 dicembre alle 7:30 presso la Sala Consiliare. All\u2019ordine del giorno figurano l\u2019approvazione dei verbali della seduta precedente, il controllo di regolarit\u00e0 amministrativa, il piano delle alienazioni immobiliari 2026-2028 e il programma degli incarichi esterni 2026. Saranno inoltre discussi l\u2019aggiornamento del DUP, il bilancio di previsione, il regolamento sulla videosorveglianza e l\u2019accordo culturale con la Fondazione Cesa de Jan.<\/p>\n<p>&nbsp;<\/p>\n<p>&nbsp;<\/p>\n<hr \/>\n<p>&nbsp;<\/p>\n<article class=\"text-token-text-primary w-full focus:outline-none [--shadow-height:45px] has-data-writing-block:pointer-events-none has-data-writing-block:-mt-(--shadow-height) has-data-writing-block:pt-(--shadow-height) [&amp;:has([data-writing-block])&gt;*]:pointer-events-auto scroll-mt-[calc(var(--header-height)+min(200px,max(70px,20svh)))]\" dir=\"auto\" tabindex=\"-1\" data-turn-id=\"request-692ff77c-ee70-8332-91ec-e39fd6c1dfa9-20\" data-testid=\"conversation-turn-414\" data-scroll-anchor=\"true\" data-turn=\"assistant\">\n<div class=\"text-base my-auto mx-auto pb-10 [--thread-content-margin:--spacing(4)] @w-sm\/main:[--thread-content-margin:--spacing(6)] @w-lg\/main:[--thread-content-margin:--spacing(16)] px-(--thread-content-margin)\">\n<div class=\"[--thread-content-max-width:40rem] @w-lg\/main:[--thread-content-max-width:48rem] mx-auto max-w-(--thread-content-max-width) flex-1 group\/turn-messages focus-visible:outline-hidden relative flex w-full min-w-0 flex-col agent-turn\" tabindex=\"-1\">\n<div class=\"flex max-w-full flex-col grow\">\n<div class=\"min-h-8 text-message relative flex w-full flex-col items-end gap-2 text-start break-words whitespace-normal [.text-message+&amp;]:mt-1\" dir=\"auto\" data-message-author-role=\"assistant\" data-message-id=\"8373e1a9-cb4b-492d-a599-c19a47778231\" data-message-model-slug=\"gpt-5-1\">\n<div class=\"flex w-full flex-col gap-1 empty:hidden first:pt-[1px]\">\n<div class=\"markdown prose dark:prose-invert w-full break-words dark markdown-new-styling\">\n<blockquote>\n<h3 data-start=\"0\" data-end=\"71\">VAL DI ZOLDO AL VIA GLI EUROPEAN UNIVERSITIES WINTER CHAMPIONSHIPS 2025<\/h3>\n<\/blockquote>\n<\/div>\n<\/div>\n<\/div>\n<\/div>\n<div class=\"z-0 flex min-h-[46px] justify-start\"><strong><a class=\"dt-pswp-item\" href=\"https:\/\/www.radiopiu.net\/wordpress\/wp-content\/uploads\/2025\/01\/centro-biathlon_val-di_zoldo_credito-MOVIEB.jpg\" data-dt-img-description=\"\" data-large_image_width=\"1920\" data-large_image_height=\"1080\"><img loading=\"lazy\" decoding=\"async\" class=\" wp-image-429892 alignleft\" src=\"https:\/\/www.radiopiu.net\/wordpress\/wp-content\/uploads\/2025\/01\/centro-biathlon_val-di_zoldo_credito-MOVIEB-300x169.jpg\" alt=\"\" width=\"179\" height=\"101\" srcset=\"https:\/\/www.radiopiu.net\/wordpress\/wp-content\/uploads\/2025\/01\/centro-biathlon_val-di_zoldo_credito-MOVIEB-300x169.jpg 300w, https:\/\/www.radiopiu.net\/wordpress\/wp-content\/uploads\/2025\/01\/centro-biathlon_val-di_zoldo_credito-MOVIEB-1024x576.jpg 1024w, https:\/\/www.radiopiu.net\/wordpress\/wp-content\/uploads\/2025\/01\/centro-biathlon_val-di_zoldo_credito-MOVIEB-768x432.jpg 768w, https:\/\/www.radiopiu.net\/wordpress\/wp-content\/uploads\/2025\/01\/centro-biathlon_val-di_zoldo_credito-MOVIEB-1536x864.jpg 1536w, https:\/\/www.radiopiu.net\/wordpress\/wp-content\/uploads\/2025\/01\/centro-biathlon_val-di_zoldo_credito-MOVIEB.jpg 1920w\" sizes=\"auto, (max-width: 179px) 100vw, 179px\" \/><\/a>VAL DI ZOLDO<\/strong><\/div>\n<\/div>\n<\/div>\n<\/article>\n<p>La Val di Zoldo ospita da oggi a gioved\u00ec gli European Universities Winter Championships 2025, con oltre 2.000 presenze e studenti-atleti da 22 Paesi e 60 universit\u00e0 impegnati in sci alpino, snowboard e snow volley. L\u2019evento, sostenuto dal Ministero dello Sport a un mese dalle Olimpiadi, rafforza il ruolo internazionale del territorio. Soddisfazione da Cus Venezia, Provincia e Comune, che sottolineano la capacit\u00e0 della valle di fare squadra e offrire infrastrutture e ospitalit\u00e0 di alto livello.<\/p>\n<p>&nbsp;<\/p>\n<hr \/>\n<p>&nbsp;<\/p>\n<blockquote>\n<h3>AGORDO PRESENTA IL VOLONTARIATO CIVICO<\/h3>\n<\/blockquote>\n<p><strong><a class=\"dt-pswp-item\" href=\"https:\/\/www.radiopiu.net\/wordpress\/wp-content\/uploads\/2021\/07\/SALA-DON-TAMIS.png\" data-dt-img-description=\"\" data-large_image_width=\"1354\" data-large_image_height=\"920\"><img loading=\"lazy\" decoding=\"async\" class=\" wp-image-220859 alignleft\" src=\"https:\/\/www.radiopiu.net\/wordpress\/wp-content\/uploads\/2021\/07\/SALA-DON-TAMIS-300x204.png\" alt=\"\" width=\"151\" height=\"103\" srcset=\"https:\/\/www.radiopiu.net\/wordpress\/wp-content\/uploads\/2021\/07\/SALA-DON-TAMIS-300x204.png 300w, https:\/\/www.radiopiu.net\/wordpress\/wp-content\/uploads\/2021\/07\/SALA-DON-TAMIS-1024x696.png 1024w, https:\/\/www.radiopiu.net\/wordpress\/wp-content\/uploads\/2021\/07\/SALA-DON-TAMIS-768x522.png 768w, https:\/\/www.radiopiu.net\/wordpress\/wp-content\/uploads\/2021\/07\/SALA-DON-TAMIS.png 1354w\" sizes=\"auto, (max-width: 151px) 100vw, 151px\" \/><\/a>AGORDO <\/strong>Il Comune di Agordo informa la cittadinanza che domani alle 17.30, presso la Biblioteca Civica, si terr\u00e0 la presentazione del nuovo regolamento per il servizio di volontariato civico e l\u2019istituzione dell\u2019Albo dei Volontari. L\u2019incontro, promosso dal sindaco, illustrer\u00e0 finalit\u00e0, modalit\u00e0 di adesione e ambiti di intervento, valorizzando la partecipazione attiva dei cittadini. Un\u2019occasione di confronto e informazione aperta a tutti, per rafforzare il senso di comunit\u00e0 e la collaborazione con l\u2019amministrazione comunale locale e solidale condivisa.<\/p>\n<p>&nbsp;<\/p>\n<p>&nbsp;<\/p>\n<hr \/>\n<p>&nbsp;<\/p>\n<blockquote>\n<div class=\"mceTemp\"><\/div>\n<p><a class=\"dt-pswp-item\" href=\"https:\/\/www.radiopiu.net\/wordpress\/wp-content\/uploads\/2021\/03\/390dc402-f36c-43c9-ba80-e38f93e3eaad.jpg\" data-dt-img-description=\"LA PALESTRA DELLE MEDIE\" data-large_image_width=\"1120\" data-large_image_height=\"1984\"><img loading=\"lazy\" decoding=\"async\" class=\"wp-image-200592 alignleft\" src=\"https:\/\/www.radiopiu.net\/wordpress\/wp-content\/uploads\/2021\/03\/390dc402-f36c-43c9-ba80-e38f93e3eaad-169x300.jpg\" alt=\"\" width=\"104\" height=\"185\" srcset=\"https:\/\/www.radiopiu.net\/wordpress\/wp-content\/uploads\/2021\/03\/390dc402-f36c-43c9-ba80-e38f93e3eaad-169x300.jpg 169w, https:\/\/www.radiopiu.net\/wordpress\/wp-content\/uploads\/2021\/03\/390dc402-f36c-43c9-ba80-e38f93e3eaad-578x1024.jpg 578w, https:\/\/www.radiopiu.net\/wordpress\/wp-content\/uploads\/2021\/03\/390dc402-f36c-43c9-ba80-e38f93e3eaad-768x1360.jpg 768w, https:\/\/www.radiopiu.net\/wordpress\/wp-content\/uploads\/2021\/03\/390dc402-f36c-43c9-ba80-e38f93e3eaad-867x1536.jpg 867w, https:\/\/www.radiopiu.net\/wordpress\/wp-content\/uploads\/2021\/03\/390dc402-f36c-43c9-ba80-e38f93e3eaad.jpg 1120w\" sizes=\"auto, (max-width: 104px) 100vw, 104px\" \/><\/a><\/p>\n<p data-start=\"0\" data-end=\"45\"><strong data-start=\"0\" data-end=\"45\">AGORDO \u2013 MENSA SCOLASTICA AFFIDATA A VIPA<\/strong><\/p>\n<\/blockquote>\n<p data-start=\"47\" data-end=\"619\" data-is-last-node=\"\" data-is-only-node=\"\"><strong>AGORDO<\/strong> Sar\u00e0 la Vipa di Feltre a gestire per i prossimi tre anni la ristorazione scolastica delle scuole di Agordo e dei centri estivi. L\u2019azienda si \u00e8 aggiudicata la gara bandita dalla Provincia per conto del Comune, unica partecipante alla procedura. Il servizio vale complessivamente 669 mila euro, con possibilit\u00e0 di proroga. Il costo dei pasti sar\u00e0 di 6 euro e 30 per elementari, medie e centri estivi, e di 7 euro per il Follador e per il personale autorizzato. L\u2019affidamento risponde alla crescente domanda delle famiglie e alla necessit\u00e0 di un servizio stabile e unificato.<\/p>\n<p>&nbsp;<\/p>\n<p>&nbsp;<\/p>\n<hr \/>\n<p>&nbsp;<\/p>\n<blockquote>\n<h3>INCONTRO PUBBLICO SULLA METANIZZAZIONE E SULLA VARIANTE URBANISTICA<\/h3>\n<\/blockquote>\n<p><strong><a class=\"dt-pswp-item\" href=\"https:\/\/www.radiopiu.net\/wordpress\/wp-content\/uploads\/2023\/09\/municipio-canale-dagordo.png\" data-dt-img-description=\"\" data-large_image_width=\"654\" data-large_image_height=\"412\"><img loading=\"lazy\" decoding=\"async\" class=\" wp-image-350902 alignleft\" src=\"https:\/\/www.radiopiu.net\/wordpress\/wp-content\/uploads\/2023\/09\/municipio-canale-dagordo-300x189.png\" alt=\"\" width=\"156\" height=\"98\" srcset=\"https:\/\/www.radiopiu.net\/wordpress\/wp-content\/uploads\/2023\/09\/municipio-canale-dagordo-300x189.png 300w, https:\/\/www.radiopiu.net\/wordpress\/wp-content\/uploads\/2023\/09\/municipio-canale-dagordo.png 654w\" sizes=\"auto, (max-width: 156px) 100vw, 156px\" \/><\/a>CANALE D&#8217;AGORDO <\/strong>Il Comune di Canale d\u2019Agordo invita la cittadinanza all\u2019incontro pubblico di gioved\u00ec alle 20 presso la Sala \u201cEmigranti\u201d. Saranno illustrate le informazioni sui lavori di metanizzazione che Italgas realizzer\u00e0 nei prossimi mesi, con spiegazioni sulle modalit\u00e0 di allaccio e distribuzione del gas. Verranno inoltre fornite indicazioni sulla prossima pubblicazione delle manifestazioni di interesse per la nuova Variante Urbanistica al Piano degli Interventi. La partecipazione \u00e8 raccomandata.<\/p>\n<p>&nbsp;<\/p>\n<p>&nbsp;<\/p>\n<hr \/>\n<p>&nbsp;<\/p>\n<blockquote>\n<h3>BANDO PER BORSE DI STUDIO COMUNALI 2024\/2025<\/h3>\n<\/blockquote>\n<p><strong><a class=\"dt-pswp-item\" href=\"https:\/\/www.radiopiu.net\/wordpress\/wp-content\/uploads\/2023\/12\/MUNICIPIO-ALLEGHE.jpeg\" data-dt-img-description=\"\" data-large_image_width=\"1744\" data-large_image_height=\"1076\"><img loading=\"lazy\" decoding=\"async\" class=\" wp-image-364583 alignleft\" src=\"https:\/\/www.radiopiu.net\/wordpress\/wp-content\/uploads\/2023\/12\/MUNICIPIO-ALLEGHE-300x185.jpeg\" alt=\"\" width=\"130\" height=\"80\" srcset=\"https:\/\/www.radiopiu.net\/wordpress\/wp-content\/uploads\/2023\/12\/MUNICIPIO-ALLEGHE-300x185.jpeg 300w, https:\/\/www.radiopiu.net\/wordpress\/wp-content\/uploads\/2023\/12\/MUNICIPIO-ALLEGHE-1024x632.jpeg 1024w, https:\/\/www.radiopiu.net\/wordpress\/wp-content\/uploads\/2023\/12\/MUNICIPIO-ALLEGHE-768x474.jpeg 768w, https:\/\/www.radiopiu.net\/wordpress\/wp-content\/uploads\/2023\/12\/MUNICIPIO-ALLEGHE-1536x948.jpeg 1536w, https:\/\/www.radiopiu.net\/wordpress\/wp-content\/uploads\/2023\/12\/MUNICIPIO-ALLEGHE.jpeg 1744w\" sizes=\"auto, (max-width: 130px) 100vw, 130px\" \/><\/a>ALLEGHE <\/strong>Il Comune di Alleghe ha pubblicato il bando per l\u2019assegnazione delle borse di studio destinate agli studenti meritevoli residenti, frequentanti le scuole superiori nell\u2019anno scolastico 2024\/2025 e diplomati nel 2025, oppure laureati entro ottobre 2025. Il regolamento e il modulo di domanda sono disponibili all\u2019albo pretorio online, sul sito comunale o presso l\u2019Ufficio Servizi Demografici. Le domande devono essere presentate entro il 19 dicembre 2025.<\/p>\n<p>&nbsp;<\/p>\n<hr \/>\n<p>&nbsp;<\/p>\n<blockquote>\n<h3>OPEN DAY ALLA SCUOLA DELL&#8217;INFANZIA DI AGORDO<\/h3>\n<\/blockquote>\n<p><strong><a class=\"dt-pswp-item\" href=\"https:\/\/www.radiopiu.net\/wordpress\/wp-content\/uploads\/2021\/03\/ed290f40-7d29-4675-8cf9-0210b20495e7.jpg\" data-dt-img-description=\"\" data-large_image_width=\"1984\" data-large_image_height=\"1120\"><img loading=\"lazy\" decoding=\"async\" class=\" wp-image-200591 alignleft\" src=\"https:\/\/www.radiopiu.net\/wordpress\/wp-content\/uploads\/2021\/03\/ed290f40-7d29-4675-8cf9-0210b20495e7-300x169.jpg\" alt=\"\" width=\"201\" height=\"113\" srcset=\"https:\/\/www.radiopiu.net\/wordpress\/wp-content\/uploads\/2021\/03\/ed290f40-7d29-4675-8cf9-0210b20495e7-300x169.jpg 300w, https:\/\/www.radiopiu.net\/wordpress\/wp-content\/uploads\/2021\/03\/ed290f40-7d29-4675-8cf9-0210b20495e7-1024x578.jpg 1024w, https:\/\/www.radiopiu.net\/wordpress\/wp-content\/uploads\/2021\/03\/ed290f40-7d29-4675-8cf9-0210b20495e7-768x434.jpg 768w, https:\/\/www.radiopiu.net\/wordpress\/wp-content\/uploads\/2021\/03\/ed290f40-7d29-4675-8cf9-0210b20495e7-1536x867.jpg 1536w, https:\/\/www.radiopiu.net\/wordpress\/wp-content\/uploads\/2021\/03\/ed290f40-7d29-4675-8cf9-0210b20495e7.jpg 1984w\" sizes=\"auto, (max-width: 201px) 100vw, 201px\" \/><\/a>AGORDO<\/strong> La Scuola dell\u2019Infanzia di Agordo apre le porte alle famiglie con un Open Day speciale domani, dalle 15 alle 17. Un\u2019occasione per visitare gli spazi dedicati ai pi\u00f9 piccoli, conoscere le insegnanti e permettere ai bambini di vivere in anticipo l\u2019atmosfera accogliente della scuola. Durante l\u2019incontro sar\u00e0 possibile effettuare la preiscrizione per l\u2019anno scolastico 2026\/2027 e ricevere tutte le informazioni utili. Per chiarimenti o dettagli \u00e8 possibile contattare il numero 0437 62261. La Scuola dell\u2019Infanzia di Agordo si conferma un luogo dove crescere insieme, tra serenit\u00e0, cura e gioco quotidiano.<\/p>\n<p>&nbsp;<\/p>\n<p>&nbsp;<\/p>\n<hr \/>\n<p>&nbsp;<\/p>\n<blockquote>\n<p data-start=\"0\" data-end=\"61\"><strong data-start=\"0\" data-end=\"61\"><a class=\"dt-pswp-item\" href=\"https:\/\/www.radiopiu.net\/wordpress\/wp-content\/uploads\/2025\/12\/1765749547824-scaled.jpeg\" data-dt-img-description=\"\" data-large_image_width=\"2560\" data-large_image_height=\"1440\"><img loading=\"lazy\" decoding=\"async\" class=\" wp-image-485947 alignleft\" src=\"https:\/\/www.radiopiu.net\/wordpress\/wp-content\/uploads\/2025\/12\/1765749547824-300x169.jpeg\" alt=\"\" width=\"224\" height=\"126\" srcset=\"https:\/\/www.radiopiu.net\/wordpress\/wp-content\/uploads\/2025\/12\/1765749547824-300x169.jpeg 300w, https:\/\/www.radiopiu.net\/wordpress\/wp-content\/uploads\/2025\/12\/1765749547824-1024x576.jpeg 1024w, https:\/\/www.radiopiu.net\/wordpress\/wp-content\/uploads\/2025\/12\/1765749547824-768x432.jpeg 768w, https:\/\/www.radiopiu.net\/wordpress\/wp-content\/uploads\/2025\/12\/1765749547824-1536x864.jpeg 1536w, https:\/\/www.radiopiu.net\/wordpress\/wp-content\/uploads\/2025\/12\/1765749547824-2048x1152.jpeg 2048w\" sizes=\"auto, (max-width: 224px) 100vw, 224px\" \/><\/a>SCUOLA APERTA: CONOSCERE L\u2019ISTITUTO COMPRENSIVO DI FELTRE<\/strong><\/p>\n<\/blockquote>\n<p data-start=\"63\" data-end=\"726\" data-is-last-node=\"\" data-is-only-node=\"\"><strong>FELTRE<\/strong>\u00a0 l\u2019Istituto Comprensivo di Feltre propone le giornate di \u201cScuola Aperta\u201d, un\u2019occasione per famiglie e studenti di conoscere offerta formativa, spazi, orari e progetti dei vari plessi. Sono previste visite per scuole dell\u2019infanzia, primarie e secondaria di primo grado, con incontri dedicati, dialogo con docenti e alunni e possibilit\u00e0 di visitare aule, laboratori e servizi. Particolare attenzione \u00e8 rivolta all\u2019orientamento, alle diverse opzioni di tempo scuola e agli indirizzi, compreso quello musicale. L\u2019obiettivo \u00e8 accompagnare famiglie e ragazzi a una scelta consapevole del proprio percorso educativo.<\/p>\n<p>&nbsp;<\/p>\n<hr \/>\n<p>&nbsp;<\/p>\n<blockquote>\n<h3>INCONTRI SULLA SALUTE E LONGEVIT\u00c0 PER I SENIOR DI CORTINA<\/h3>\n<\/blockquote>\n<p><strong><a class=\"dt-pswp-item\" href=\"https:\/\/www.radiopiu.net\/wordpress\/wp-content\/uploads\/2025\/12\/JLSAGHLJGHAO.jpg\" data-dt-img-description=\"\" data-large_image_width=\"905\" data-large_image_height=\"685\"><img loading=\"lazy\" decoding=\"async\" class=\" wp-image-483736 alignleft\" src=\"https:\/\/www.radiopiu.net\/wordpress\/wp-content\/uploads\/2025\/12\/JLSAGHLJGHAO-300x227.jpg\" alt=\"\" width=\"137\" height=\"104\" srcset=\"https:\/\/www.radiopiu.net\/wordpress\/wp-content\/uploads\/2025\/12\/JLSAGHLJGHAO-300x227.jpg 300w, https:\/\/www.radiopiu.net\/wordpress\/wp-content\/uploads\/2025\/12\/JLSAGHLJGHAO-768x581.jpg 768w, https:\/\/www.radiopiu.net\/wordpress\/wp-content\/uploads\/2025\/12\/JLSAGHLJGHAO.jpg 905w\" sizes=\"auto, (max-width: 137px) 100vw, 137px\" \/><\/a>CORTINA <\/strong>Prosegue a dicembre il ciclo di incontri promossi da Ulss Dolomiti, Comune e Azienda Speciale Servizi alla Persona di Cortina, dedicato ai senior del territorio. Dopo gli appuntamenti su Fascicolo Sanitario Elettronico, disturbi neurocognitivi e osteoporosi, le nuove serate si terranno alla Casa delle Regole dalle 20.30 alle 21.30, con focus su invecchiamento e longevit\u00e0. Il 18 dicembre 2025 il cardiologo Carlo Ammendolea affronter\u00e0 il tema della salute cardiovascolare negli anziani. Gli incontri offriranno momenti di informazione, dialogo e socialit\u00e0, aperti a tutta la cittadinanza.<\/p>\n<p>&nbsp;<\/p>\n<p>&nbsp;<\/p>\n<hr \/>\n<p>&nbsp;<\/p>\n<h3 data-start=\"0\" data-end=\"61\"><strong data-start=\"0\" data-end=\"61\"><a class=\"dt-pswp-item\" href=\"https:\/\/www.radiopiu.net\/wordpress\/wp-content\/uploads\/2025\/12\/Screenshot-2025-12-09-104618.png\" data-dt-img-description=\"\" data-large_image_width=\"521\" data-large_image_height=\"236\"><img loading=\"lazy\" decoding=\"async\" class=\" wp-image-484960 alignleft\" src=\"https:\/\/www.radiopiu.net\/wordpress\/wp-content\/uploads\/2025\/12\/Screenshot-2025-12-09-104618-300x136.png\" alt=\"\" width=\"199\" height=\"90\" srcset=\"https:\/\/www.radiopiu.net\/wordpress\/wp-content\/uploads\/2025\/12\/Screenshot-2025-12-09-104618-300x136.png 300w, https:\/\/www.radiopiu.net\/wordpress\/wp-content\/uploads\/2025\/12\/Screenshot-2025-12-09-104618.png 521w\" sizes=\"auto, (max-width: 199px) 100vw, 199px\" \/><\/a><\/strong>POESIA E MUSICA PER ATTENDERE IL NATALE<\/h3>\n<p><strong data-start=\"0\" data-end=\"61\"> PIEVE DI CADORE <\/strong>Gioved\u00ec 18 dicembre alle 17.30 Pieve di Cadore ospita un appuntamento speciale: <em data-start=\"143\" data-end=\"181\">Poesia e Musica aspettando il Natale<\/em>, presso La Loda della Cartoleria Tiziano. Protagonisti della serata il <strong data-start=\"256\" data-end=\"291\">Laboratorio di Scrittura Cadore<\/strong> e <strong data-start=\"294\" data-end=\"313\">Andrea Da Cort\u00e0<\/strong>, in un incontro che unisce parole, musica e atmosfera natalizia. L\u2019evento si svolge all\u2019interno della mostra <em data-start=\"423\" data-end=\"462\">Ritratti di famiglia e altri ritratti<\/em> di Giovanna Deppi, che raccoglie disegni, poesie e sculture. Ingresso libero, con brindisi offerto al termine. Un momento di cultura e comunit\u00e0 nel cuore del Cadore.<\/p>\n<p>&nbsp;<\/p>\n<p>&nbsp;<\/p>\n<hr \/>\n<p>&nbsp;<\/p>\n<blockquote>\n<h3>FESTA DELLA MAGGIORE ET\u00c0 IN VALLE DEL BIOIS<\/h3>\n<\/blockquote>\n<p><strong><a class=\"dt-pswp-item\" href=\"https:\/\/www.radiopiu.net\/wordpress\/wp-content\/uploads\/2025\/12\/volantino-neodiciottenni.jpg\" data-dt-img-description=\"\" data-large_image_width=\"1131\" data-large_image_height=\"1600\"><img loading=\"lazy\" decoding=\"async\" class=\" wp-image-485843 alignleft\" src=\"https:\/\/www.radiopiu.net\/wordpress\/wp-content\/uploads\/2025\/12\/volantino-neodiciottenni-212x300.jpg\" alt=\"\" width=\"115\" height=\"163\" srcset=\"https:\/\/www.radiopiu.net\/wordpress\/wp-content\/uploads\/2025\/12\/volantino-neodiciottenni-212x300.jpg 212w, https:\/\/www.radiopiu.net\/wordpress\/wp-content\/uploads\/2025\/12\/volantino-neodiciottenni-724x1024.jpg 724w, https:\/\/www.radiopiu.net\/wordpress\/wp-content\/uploads\/2025\/12\/volantino-neodiciottenni-768x1086.jpg 768w, https:\/\/www.radiopiu.net\/wordpress\/wp-content\/uploads\/2025\/12\/volantino-neodiciottenni-1086x1536.jpg 1086w, https:\/\/www.radiopiu.net\/wordpress\/wp-content\/uploads\/2025\/12\/volantino-neodiciottenni.jpg 1131w\" sizes=\"auto, (max-width: 115px) 100vw, 115px\" \/><\/a>CANALE D&#8217;AGORDO<\/strong> Venerd\u00ec 19 dicembre, alle ore 20.00, nella Sala Emigranti di Canale d\u2019Agordo, le Amministrazioni Comunali della Valle del Biois celebreranno i concittadini che hanno raggiunto la maggiore et\u00e0. L\u2019iniziativa, ormai una tradizione consolidata, \u00e8 realizzata con la collaborazione delle sezioni donatori di sangue di Canale-Vallada e, da quest\u2019anno, anche del Comune di Falcade e della locale sezione. Durante la serata i Sindaci consegneranno ai giovani una copia della Costituzione italiana e la bandiera tricolore, simboli di diritti e responsabilit\u00e0 civiche. I rappresentanti delle sezioni donatori illustreranno inoltre il valore della solidariet\u00e0, del volontariato e della donazione del sangue. L\u2019evento sar\u00e0 arricchito dall\u2019intervento di Armand Thanasi, YouTuber ed esperto di Intelligenza Artificiale, che affronter\u00e0 il tema delle opportunit\u00e0 e delle pratiche etiche nell\u2019uso dell\u2019IA. L\u2019incontro \u00e8 aperto a tutta la cittadinanza.<\/p>\n<p>&nbsp;<\/p>\n<p>&nbsp;<\/p>\n<hr \/>\n<p>&nbsp;<\/p>\n<blockquote>\n<h3>VOLTAGO AGORDINO: 20 ANNI DI SERVIZIO DELLA PROTEZIONE CIVILE<\/h3>\n<\/blockquote>\n<p><strong class=\"photoswipe-wrapper\"><a class=\"dt-pswp-item pspw-wrap-ready\" href=\"https:\/\/www.radiopiu.net\/wordpress\/wp-content\/uploads\/2023\/07\/MUNICIPIO-VOLTAGO.jpeg\" data-dt-img-description=\"\" data-large_image_width=\"1504\" data-large_image_height=\"1116\"><img loading=\"lazy\" decoding=\"async\" class=\" wp-image-344319 alignleft\" src=\"https:\/\/www.radiopiu.net\/wordpress\/wp-content\/uploads\/2023\/07\/MUNICIPIO-VOLTAGO-300x223.jpeg\" sizes=\"auto, (max-width: 126px) 100vw, 126px\" srcset=\"https:\/\/www.radiopiu.net\/wordpress\/wp-content\/uploads\/2023\/07\/MUNICIPIO-VOLTAGO-300x223.jpeg 300w, https:\/\/www.radiopiu.net\/wordpress\/wp-content\/uploads\/2023\/07\/MUNICIPIO-VOLTAGO-1024x760.jpeg 1024w, https:\/\/www.radiopiu.net\/wordpress\/wp-content\/uploads\/2023\/07\/MUNICIPIO-VOLTAGO-768x570.jpeg 768w, https:\/\/www.radiopiu.net\/wordpress\/wp-content\/uploads\/2023\/07\/MUNICIPIO-VOLTAGO.jpeg 1504w\" alt=\"\" width=\"126\" height=\"94\" \/><\/a>VOLTAGO\u00a0<\/strong>Voltago Agordino celebra il 20\u00b0 anniversario della fondazione del Gruppo Comunale di Protezione Civile, istituito nel 2005. Da due decenni i volontari rappresentano un punto di riferimento per la sicurezza e il servizio alla comunit\u00e0, operando con dedizione e senso civico. La cerimonia, in programma sabato 20 dicembre 2025 , prevede alle 9.30 un momento di preghiera in memoria dei volontari scomparsi e la benedizione del nuovo mezzo Jeep Renegade donato dalla Regione del Veneto. Alle 10, in sala Maestro Gianni De Col, seguir\u00e0 la cerimonia istituzionale con la consegna di riconoscimenti a volontari, ex coordinatori e enti che si sono distinti per il loro contributo. L\u2019evento si concluder\u00e0 alle 12.00 con un rinfresco per celebrare insieme alla comunit\u00e0 l\u2019impegno costante del Gruppo.<\/p>\n<p>&nbsp;<\/p>\n<p>&nbsp;<\/p>\n<hr \/>\n<p>&nbsp;<\/p>\n<blockquote>\n<h3>ARABBA, TORNA LA SFILATA DEI KRAMPUS: TRADIZIONE ANTICA TRA MISTERO E SUGGESTIONE<\/h3>\n<\/blockquote>\n<p><strong><a class=\"dt-pswp-item\" href=\"https:\/\/www.radiopiu.net\/wordpress\/wp-content\/uploads\/2025\/12\/Screenshot-2025-12-11-071643.png\" data-dt-img-description=\"\" data-large_image_width=\"1302\" data-large_image_height=\"492\"><img loading=\"lazy\" decoding=\"async\" class=\" wp-image-485353 alignleft\" src=\"https:\/\/www.radiopiu.net\/wordpress\/wp-content\/uploads\/2025\/12\/Screenshot-2025-12-11-071643-300x113.png\" alt=\"\" width=\"250\" height=\"94\" srcset=\"https:\/\/www.radiopiu.net\/wordpress\/wp-content\/uploads\/2025\/12\/Screenshot-2025-12-11-071643-300x113.png 300w, https:\/\/www.radiopiu.net\/wordpress\/wp-content\/uploads\/2025\/12\/Screenshot-2025-12-11-071643-1024x387.png 1024w, https:\/\/www.radiopiu.net\/wordpress\/wp-content\/uploads\/2025\/12\/Screenshot-2025-12-11-071643-768x290.png 768w, https:\/\/www.radiopiu.net\/wordpress\/wp-content\/uploads\/2025\/12\/Screenshot-2025-12-11-071643.png 1302w\" sizes=\"auto, (max-width: 250px) 100vw, 250px\" \/><\/a>LIVINALLONGO<\/strong> Sabato 20 dicembre Arabba rivive la tradizione dei Krampus, figure antiche legate ai riti alpini precristiani del solstizio d\u2019inverno. La sfilata partir\u00e0 alle 18 da via Freine, attraverser\u00e0 il centro e raggiunger\u00e0 lo Showplatz, per concludersi nel parcheggio della casa cantoniera con un ultimo spettacolare passaggio. I Krampus, collegati al culto di San Nicol\u00f2, rappresentano il confine tra ordine e caos, bene e male. I partecipanti indossano maschere di legno intagliate, pellicce, campanacci e ceppi metallici, evocando spiriti selvatici e riti comunitari secolari. Il nome deriva probabilmente dal tedesco \u201cKramp\u201d (artiglio) o dal bavarese \u201cKrampn\u201d (morto), e in alcune zone alpine sono chiamati \u201cTeufel\u201d, i diavoli. Le sfilate moderne conservano elementi arcaici di purificazione e celebrazione dell\u2019inverno, mantenendo viva una tradizione affascinante e identitaria.<\/p>\n<p><strong>ALLA RADIO&#8230;PIU&#8217;<\/strong><\/p>\n<audio class=\"wp-audio-shortcode\" id=\"audio-485747-7\" preload=\"none\" style=\"width: 100%;\" controls=\"controls\"><source type=\"audio\/mpeg\" src=\"https:\/\/www.radiopiu.net\/wordpress\/wp-content\/uploads\/2025\/12\/Arabba.mp3?_=7\" \/><a href=\"https:\/\/www.radiopiu.net\/wordpress\/wp-content\/uploads\/2025\/12\/Arabba.mp3\">https:\/\/www.radiopiu.net\/wordpress\/wp-content\/uploads\/2025\/12\/Arabba.mp3<\/a><\/audio>\n<p>&nbsp;<\/p>\n<hr \/>\n<p>&nbsp;<\/p>\n<blockquote>\n<h3>ASPETTANDO IL NATALE: CONCERTO CORALE A FELTRE<\/h3>\n<\/blockquote>\n<p><strong><a class=\"dt-pswp-item\" href=\"https:\/\/www.radiopiu.net\/wordpress\/wp-content\/uploads\/2025\/12\/VOCI-IN-CANTO.png\" data-dt-img-description=\"\" data-large_image_width=\"676\" data-large_image_height=\"290\"><img loading=\"lazy\" decoding=\"async\" class=\" wp-image-484563 alignleft\" src=\"https:\/\/www.radiopiu.net\/wordpress\/wp-content\/uploads\/2025\/12\/VOCI-IN-CANTO-300x129.png\" alt=\"\" width=\"184\" height=\"79\" srcset=\"https:\/\/www.radiopiu.net\/wordpress\/wp-content\/uploads\/2025\/12\/VOCI-IN-CANTO-300x129.png 300w, https:\/\/www.radiopiu.net\/wordpress\/wp-content\/uploads\/2025\/12\/VOCI-IN-CANTO.png 676w\" sizes=\"auto, (max-width: 184px) 100vw, 184px\" \/><\/a>FELTRE <\/strong>Il Coro \u201cVocincanto\u201d di Feltre organizza il concerto <em>Aspettando il Natale<\/em>, in programma sabato 20 dicembre alle 20.30 nella Chiesa di Santa Maria degli Angeli. Insieme al coro femminile ospite il Coro \u201cGli Ant\u00e8nori\u201d di Padova. L\u2019evento, patrocinato dal Comune di Feltre e inserito nel ciclo \u201cNativitas\u201d, proporr\u00e0 musiche dal XIII secolo al Novecento dedicate all\u2019Avvento e alla tradizione natalizia, per una serata ricca di armonie e atmosfera.<\/p>\n<p>&nbsp;<\/p>\n<hr \/>\n<p>&nbsp;<\/p>\n<p>&nbsp;<\/p>\n<blockquote>\n<p data-start=\"0\" data-end=\"32\"><strong data-start=\"0\" data-end=\"32\"><a class=\"dt-pswp-item\" href=\"https:\/\/www.radiopiu.net\/wordpress\/wp-content\/uploads\/2025\/12\/Screenshot-2025-12-15-045157.png\" data-dt-img-description=\"\" data-large_image_width=\"530\" data-large_image_height=\"525\"><img loading=\"lazy\" decoding=\"async\" class=\"wp-image-485948 alignleft\" src=\"https:\/\/www.radiopiu.net\/wordpress\/wp-content\/uploads\/2025\/12\/Screenshot-2025-12-15-045157-300x297.png\" alt=\"\" width=\"142\" height=\"141\" srcset=\"https:\/\/www.radiopiu.net\/wordpress\/wp-content\/uploads\/2025\/12\/Screenshot-2025-12-15-045157-300x297.png 300w, https:\/\/www.radiopiu.net\/wordpress\/wp-content\/uploads\/2025\/12\/Screenshot-2025-12-15-045157-150x150.png 150w, https:\/\/www.radiopiu.net\/wordpress\/wp-content\/uploads\/2025\/12\/Screenshot-2025-12-15-045157.png 530w\" sizes=\"auto, (max-width: 142px) 100vw, 142px\" \/><\/a>CONCERTO DI NATALE AD ANDRAZ<\/strong><\/p>\n<\/blockquote>\n<p data-start=\"34\" data-end=\"536\" data-is-last-node=\"\" data-is-only-node=\"\"><strong>LIVINALLONGO<\/strong> Luned\u00ec 22 dicembre 2025, alle ore 20.30, nella Chiesa della SS. Trinit\u00e0 di Andraz, si terr\u00e0 il Concerto di Natale proposto dal Coro Femminile Col di Lana. Una serata dedicata ai canti natalizi e alla tradizione popolare, diretta da Anna Devich e presentata da Denni Dorigo. Il programma prevede anche un intermezzo musicale con il Trio di Ottoni della Banda da Fodom. Un appuntamento aperto a tutta la comunit\u00e0, all\u2019insegna della musica e dell\u2019atmosfera natalizia.<\/p>\n<p>&nbsp;<\/p>\n<p>&nbsp;<\/p>\n<hr \/>\n<p>&nbsp;<\/p>\n<blockquote>\n<h3>VENT\u2019ANNI DOPO TORNA IN SALA IL CORTOMETRAGGIO REALIZZATO DA PERSONE CON DISABILIT\u00c0 UMANICHINI<\/h3>\n<\/blockquote>\n<p><b><a class=\"dt-pswp-item\" href=\"https:\/\/www.radiopiu.net\/wordpress\/wp-content\/uploads\/2025\/12\/Umanichini.png\" data-dt-img-description=\"\" data-large_image_width=\"1748\" data-large_image_height=\"1240\"><img loading=\"lazy\" decoding=\"async\" class=\" wp-image-485020 alignleft\" src=\"https:\/\/www.radiopiu.net\/wordpress\/wp-content\/uploads\/2025\/12\/Umanichini-300x213.png\" alt=\"\" width=\"182\" height=\"129\" srcset=\"https:\/\/www.radiopiu.net\/wordpress\/wp-content\/uploads\/2025\/12\/Umanichini-300x213.png 300w, https:\/\/www.radiopiu.net\/wordpress\/wp-content\/uploads\/2025\/12\/Umanichini-1024x726.png 1024w, https:\/\/www.radiopiu.net\/wordpress\/wp-content\/uploads\/2025\/12\/Umanichini-768x545.png 768w, https:\/\/www.radiopiu.net\/wordpress\/wp-content\/uploads\/2025\/12\/Umanichini-1536x1090.png 1536w, https:\/\/www.radiopiu.net\/wordpress\/wp-content\/uploads\/2025\/12\/Umanichini.png 1748w\" sizes=\"auto, (max-width: 182px) 100vw, 182px\" \/><\/a>DI ALESSIA DALL&#8217;O&#8217;<\/b><\/p>\n<p><strong>BELLUNO <\/strong>A esatti vent\u2019anni dalla realizzazione, torna in sala \u201cUmanichini\u201d, il cortometraggio creato nel 2005 dalle persone con disabilit\u00e0 dei Centri Diurni della Cooperativa bellunese Societ\u00e0 Nuova. Il film, che all\u2019epoca riscosse molti apprezzamenti, racconta una storia d\u2019amore universale e segn\u00f2 non solo un momento di comunit\u00e0, ma soprattutto una svolta nel modo di vedere le abilit\u00e0 degli ospiti della cooperativa. La proiezione, con un momento di approfondimento su l&#8217;autodeterminazione della persona con disabilit\u00e0, \u00e8 in programma luned\u00ec 22 dicembre alle 18 a Palazzo Crepadona. Evento gratuito, prenotazione obbligatoria.<\/p>\n<p>&nbsp;<\/p>\n<p>&nbsp;<\/p>\n<hr \/>\n<p>&nbsp;<\/p>\n<blockquote>\n<h3>PRESEPIO VIVENTE A CALALZO: TRADIZIONE NATALIZIA<\/h3>\n<\/blockquote>\n<p><strong><a class=\"dt-pswp-item\" href=\"https:\/\/www.radiopiu.net\/wordpress\/wp-content\/uploads\/2025\/12\/PRESEPE-CALALZO.jpg\" data-dt-img-description=\"\" data-large_image_width=\"1080\" data-large_image_height=\"813\"><img loading=\"lazy\" decoding=\"async\" class=\" wp-image-485414 alignleft\" src=\"https:\/\/www.radiopiu.net\/wordpress\/wp-content\/uploads\/2025\/12\/PRESEPE-CALALZO-300x226.jpg\" alt=\"\" width=\"142\" height=\"107\" srcset=\"https:\/\/www.radiopiu.net\/wordpress\/wp-content\/uploads\/2025\/12\/PRESEPE-CALALZO-300x226.jpg 300w, https:\/\/www.radiopiu.net\/wordpress\/wp-content\/uploads\/2025\/12\/PRESEPE-CALALZO-1024x771.jpg 1024w, https:\/\/www.radiopiu.net\/wordpress\/wp-content\/uploads\/2025\/12\/PRESEPE-CALALZO-768x578.jpg 768w, https:\/\/www.radiopiu.net\/wordpress\/wp-content\/uploads\/2025\/12\/PRESEPE-CALALZO.jpg 1080w\" sizes=\"auto, (max-width: 142px) 100vw, 142px\" \/><\/a>CALALZO DI CADORE <\/strong>Sabato 27 dicembre a Calalzo di Cadore torna il presepio vivente in Via Montanel, vicino alla chiesa parrocchiale. L\u2019evento, tra i pi\u00f9 attesi delle festivit\u00e0, attira centinaia di visitatori e turisti. Dalle 15:30 sar\u00e0 possibile esplorare il villaggio, osservare i figuranti e gustare bevande e cibi caldi. Alle 16:30 prender\u00e0 il via la rappresentazione della Nativit\u00e0, seguendo il racconto evangelico. In caso di maltempo, lo spettacolo sar\u00e0 rinviato a sabato 3 gennaio 2026. L\u2019iniziativa \u00e8 resa possibile grazie ai volontari e gode del patrocinio della parrocchia di San Biagio e del Comune.<\/p>\n<p>&nbsp;<\/p>\n<p>&nbsp;<\/p>\n<hr \/>\n<p>&nbsp;<\/p>\n<blockquote>\n<h3>BORGHESE\u2026MA ORA \u00c8 RE: MIMO SALE SUL TRONO DELLA PENSIONE<\/h3>\n<\/blockquote>\n<p><strong><a class=\"dt-pswp-item\" href=\"https:\/\/www.radiopiu.net\/wordpress\/wp-content\/uploads\/2025\/12\/SCR-20251212-tjix.jpeg\" data-dt-img-description=\"\" data-large_image_width=\"1180\" data-large_image_height=\"892\"><img loading=\"lazy\" decoding=\"async\" class=\" wp-image-485685 alignleft\" src=\"https:\/\/www.radiopiu.net\/wordpress\/wp-content\/uploads\/2025\/12\/SCR-20251212-tjix-300x227.jpeg\" alt=\"\" width=\"156\" height=\"118\" srcset=\"https:\/\/www.radiopiu.net\/wordpress\/wp-content\/uploads\/2025\/12\/SCR-20251212-tjix-300x227.jpeg 300w, https:\/\/www.radiopiu.net\/wordpress\/wp-content\/uploads\/2025\/12\/SCR-20251212-tjix-1024x774.jpeg 1024w, https:\/\/www.radiopiu.net\/wordpress\/wp-content\/uploads\/2025\/12\/SCR-20251212-tjix-768x581.jpeg 768w, https:\/\/www.radiopiu.net\/wordpress\/wp-content\/uploads\/2025\/12\/SCR-20251212-tjix.jpeg 1180w\" sizes=\"auto, (max-width: 156px) 100vw, 156px\" \/><\/a>DI MARCO GAZ<\/strong><\/p>\n<p><strong>TAIBON<\/strong> \u00c8 ufficiale: Maurizio Borghese, per tutti semplicemente Mimo, ha finalmente tagliato il traguardo pi\u00f9 ambito dagli italiani\u2026 la pensione. E proprio lui, con un cognome cos\u00ec \u201cnobile\u201d, non poteva che festeggiare in grande stile: tra colleghi di ieri e di oggi, circondato da chi ha condiviso con lui turni, risate, sudate e \u2013 perch\u00e9 no \u2013 anche qualche lamentela di schiena. Classe 1968, Mimo ha deciso che con il nuovo anno \u00e8 tempo di appendere\u2026 beh, non proprio le scarpe al chiodo, perch\u00e9 da sportivo incallito quale \u00e8, difficilmente lo vedremo fermo. Amante delle biciclette, dello sport in generale e storico giocatore di hockey col Taibon negli anni \u201980, ha passato pi\u00f9 tempo in movimento che sul divano. Forse troppo, visti i numerosi interventi per infortuni vari e le mitiche magagne alla schiena, che ormai racconta come fossero aneddoti di guerra. Sul lavoro \u00e8 stato un punto di riferimento: tutti lo conoscono, tutti gli vogliono bene. Sempre pronto a dare una mano, un consiglio o una battuta per stemperare l\u2019aria. Un collega cos\u00ec non lo si dimentica. Ora per\u00f2 il \u201cBorghese\u201d di Taibon pu\u00f2 finalmente godersi il titolo pi\u00f9 prestigioso: Sua Maest\u00e0 Mimo, Re della Pensione, pronto a regnare sul tempo libero, sulle pedalate infinite e magari su qualche meritato riposino pomeridiano. Auguri Mimo\u2026 che la tua pensione sia lunga, felice e soprattutto goliardica quanto te.<\/p>\n\n\t\t\t<style type='text\/css'>\n\t\t\t\t#gallery-4 {\n\t\t\t\t\tmargin: auto;\n\t\t\t\t}\n\t\t\t\t#gallery-4 .gallery-item {\n\t\t\t\t\tfloat: left;\n\t\t\t\t\tmargin-top: 10px;\n\t\t\t\t\ttext-align: center;\n\t\t\t\t\twidth: 50%;\n\t\t\t\t}\n\t\t\t\t#gallery-4 img {\n\t\t\t\t\tborder: 2px solid #cfcfcf;\n\t\t\t\t}\n\t\t\t\t#gallery-4 .gallery-caption {\n\t\t\t\t\tmargin-left: 0;\n\t\t\t\t}\n\t\t\t\t\/* see gallery_shortcode() in wp-includes\/media.php *\/\n\t\t\t<\/style>\n\t\t<div id='gallery-4' class='dt-gallery-container gallery galleryid-485747 gallery-columns-2 gallery-size-medium'><dl class='gallery-item'>\n\t\t\t\t<dt class='gallery-icon landscape'>\n\t\t\t\t\t<a class=\"rollover rollover-zoom dt-pswp-item\" title=\"Screenshot\" data-dt-img-description=\"\" data-large_image_width=\"1210\" data-large_image_height=\"902\"href='https:\/\/www.radiopiu.net\/wordpress\/wp-content\/uploads\/2025\/12\/SCR-20251212-tkbr.jpeg'><img loading=\"lazy\" decoding=\"async\" width=\"300\" height=\"224\" src=\"https:\/\/www.radiopiu.net\/wordpress\/wp-content\/uploads\/2025\/12\/SCR-20251212-tkbr-300x224.jpeg\" class=\"attachment-medium size-medium\" alt=\"\" srcset=\"https:\/\/www.radiopiu.net\/wordpress\/wp-content\/uploads\/2025\/12\/SCR-20251212-tkbr-300x224.jpeg 300w, https:\/\/www.radiopiu.net\/wordpress\/wp-content\/uploads\/2025\/12\/SCR-20251212-tkbr-1024x763.jpeg 1024w, https:\/\/www.radiopiu.net\/wordpress\/wp-content\/uploads\/2025\/12\/SCR-20251212-tkbr-768x573.jpeg 768w, https:\/\/www.radiopiu.net\/wordpress\/wp-content\/uploads\/2025\/12\/SCR-20251212-tkbr.jpeg 1210w\" sizes=\"auto, (max-width: 300px) 100vw, 300px\" \/><\/a>\n\t\t\t\t<\/dt><\/dl><dl class='gallery-item'>\n\t\t\t\t<dt class='gallery-icon landscape'>\n\t\t\t\t\t<a class=\"rollover rollover-zoom dt-pswp-item\" title=\"Screenshot\" data-dt-img-description=\"\" data-large_image_width=\"1210\" data-large_image_height=\"856\"href='https:\/\/www.radiopiu.net\/wordpress\/wp-content\/uploads\/2025\/12\/SCR-20251213-ioxi.jpeg'><img loading=\"lazy\" decoding=\"async\" width=\"300\" height=\"212\" src=\"https:\/\/www.radiopiu.net\/wordpress\/wp-content\/uploads\/2025\/12\/SCR-20251213-ioxi-300x212.jpeg\" class=\"attachment-medium size-medium\" alt=\"\" srcset=\"https:\/\/www.radiopiu.net\/wordpress\/wp-content\/uploads\/2025\/12\/SCR-20251213-ioxi-300x212.jpeg 300w, https:\/\/www.radiopiu.net\/wordpress\/wp-content\/uploads\/2025\/12\/SCR-20251213-ioxi-1024x724.jpeg 1024w, https:\/\/www.radiopiu.net\/wordpress\/wp-content\/uploads\/2025\/12\/SCR-20251213-ioxi-768x543.jpeg 768w, https:\/\/www.radiopiu.net\/wordpress\/wp-content\/uploads\/2025\/12\/SCR-20251213-ioxi.jpeg 1210w\" sizes=\"auto, (max-width: 300px) 100vw, 300px\" \/><\/a>\n\t\t\t\t<\/dt><\/dl><br style=\"clear: both\" \/>\n\t\t\t<\/div>\n\n<p>&nbsp;<\/p>\n<hr \/>\n<p>&nbsp;<\/p>\n<blockquote class=\"wp-embedded-content\" data-secret=\"T914PrOb8E\"><p><a href=\"https:\/\/www.radiopiu.net\/wordpress\/20-anni-dal-restauro-della-chiesa-di-san-michele-arcangelo\/\">20 ANNI DAL RESTAURO DELLA CHIESA DI SAN MICHELE ARCANGELO<\/a><\/p><\/blockquote>\n<p><iframe loading=\"lazy\" class=\"wp-embedded-content\" sandbox=\"allow-scripts\" security=\"restricted\" style=\"position: absolute; visibility: hidden;\" title=\"&#8220;20 ANNI DAL RESTAURO DELLA CHIESA DI SAN MICHELE ARCANGELO&#8221; &#8212; Radio Pi\u00f9\" src=\"https:\/\/www.radiopiu.net\/wordpress\/20-anni-dal-restauro-della-chiesa-di-san-michele-arcangelo\/embed\/#?secret=Q0UASb4NMg#?secret=T914PrOb8E\" data-secret=\"T914PrOb8E\" width=\"600\" height=\"338\" frameborder=\"0\" marginwidth=\"0\" marginheight=\"0\" scrolling=\"no\"><\/iframe><\/p>\n<p>&nbsp;<\/p>\n<hr \/>\n<h1><span style=\"color: #ff6600;\">IERI ALLA RADIO<\/span><\/h1>\n<h2><a class=\"dt-pswp-item\" href=\"https:\/\/www.radiopiu.net\/wordpress\/wp-content\/uploads\/2025\/12\/Screenshot-2025-12-15-063757.png\" data-dt-img-description=\"\" data-large_image_width=\"278\" data-large_image_height=\"148\"><img loading=\"lazy\" decoding=\"async\" class=\"alignnone size-full wp-image-485974\" src=\"https:\/\/www.radiopiu.net\/wordpress\/wp-content\/uploads\/2025\/12\/Screenshot-2025-12-15-063757.png\" alt=\"\" width=\"278\" height=\"148\" \/><\/a><\/h2>\n<p><span style=\"color: #0000ff;\"><a style=\"color: #0000ff;\" href=\"https:\/\/www.radiopiu.net\/wordpress\/i-mille-passi\/\">CLICCA QUI<\/a><\/span><\/p>\n<p>&nbsp;<\/p>\n<p>&nbsp;<\/p>\n<p>&nbsp;<\/p>\n<p>&nbsp;<\/p>\n<hr \/>\n<h2><span style=\"color: #00ccff;\">DUE MINUETI PER TE<\/span><\/h2>\n<p><strong><a class=\"dt-pswp-item\" href=\"https:\/\/www.radiopiu.net\/wordpress\/wp-content\/uploads\/2025\/09\/DON-GIORGIO-LISE.jpg\" data-dt-img-description=\"\" data-large_image_width=\"768\" data-large_image_height=\"448\"><img loading=\"lazy\" decoding=\"async\" class=\" wp-image-470788 alignleft\" src=\"https:\/\/www.radiopiu.net\/wordpress\/wp-content\/uploads\/2025\/09\/DON-GIORGIO-LISE-300x175.jpg\" alt=\"\" width=\"207\" height=\"121\" srcset=\"https:\/\/www.radiopiu.net\/wordpress\/wp-content\/uploads\/2025\/09\/DON-GIORGIO-LISE-300x175.jpg 300w, https:\/\/www.radiopiu.net\/wordpress\/wp-content\/uploads\/2025\/09\/DON-GIORGIO-LISE.jpg 768w\" sizes=\"auto, (max-width: 207px) 100vw, 207px\" \/><\/a>APPUNTAMENTO DOMENICALE CON IL PENSIERO DI MONSIGNOR GIORGIO LISE<\/strong><\/p>\n<audio class=\"wp-audio-shortcode\" id=\"audio-485747-8\" preload=\"none\" style=\"width: 100%;\" controls=\"controls\"><source type=\"audio\/mpeg\" src=\"https:\/\/www.radiopiu.net\/wordpress\/wp-content\/uploads\/2025\/12\/DON-GIORGIO-1.mp3?_=8\" \/><a href=\"https:\/\/www.radiopiu.net\/wordpress\/wp-content\/uploads\/2025\/12\/DON-GIORGIO-1.mp3\">https:\/\/www.radiopiu.net\/wordpress\/wp-content\/uploads\/2025\/12\/DON-GIORGIO-1.mp3<\/a><\/audio>\n<p>&nbsp;<\/p>\n<hr \/>\n<p>&nbsp;<\/p>\n<blockquote class=\"wp-embedded-content\" data-secret=\"CiPd7I1kGN\"><p><a href=\"https:\/\/www.radiopiu.net\/wordpress\/piu-siamo-con-marina-settimana-dal-08-al-12-dicembre-2025\/\">PIU&#8217; SIAMO&#8230;CON MARINA &#8211; SETTIMANA DAL 08 AL 12 DICEMBRE 2025<\/a><\/p><\/blockquote>\n<p><iframe loading=\"lazy\" class=\"wp-embedded-content\" sandbox=\"allow-scripts\" security=\"restricted\" style=\"position: absolute; visibility: hidden;\" title=\"&#8220;PIU&#8217; SIAMO&#8230;CON MARINA &#8211; SETTIMANA DAL 08 AL 12 DICEMBRE 2025&#8221; &#8212; Radio Pi\u00f9\" src=\"https:\/\/www.radiopiu.net\/wordpress\/piu-siamo-con-marina-settimana-dal-08-al-12-dicembre-2025\/embed\/#?secret=inONEFhyQx#?secret=CiPd7I1kGN\" data-secret=\"CiPd7I1kGN\" width=\"600\" height=\"338\" frameborder=\"0\" marginwidth=\"0\" marginheight=\"0\" scrolling=\"no\"><\/iframe><\/p>\n<p>&nbsp;<\/p>\n<hr \/>\n<p>&nbsp;<\/p>\n<p><span style=\"color: #ff0000;\"><img loading=\"lazy\" decoding=\"async\" class=\"wp-image-61958 size-full aligncenter\" src=\"https:\/\/www.radiopiu.net\/wordpress\/wp-content\/uploads\/2018\/09\/appuntamenti.jpeg\" alt=\"\" width=\"800\" height=\"100\" srcset=\"https:\/\/www.radiopiu.net\/wordpress\/wp-content\/uploads\/2018\/09\/appuntamenti.jpeg 800w, https:\/\/www.radiopiu.net\/wordpress\/wp-content\/uploads\/2018\/09\/appuntamenti-300x38.jpeg 300w, https:\/\/www.radiopiu.net\/wordpress\/wp-content\/uploads\/2018\/09\/appuntamenti-768x96.jpeg 768w\" sizes=\"auto, (max-width: 800px) 100vw, 800px\" \/><\/span><\/p>\n<p>&nbsp;<\/p>\n\n\t\t\t<style type='text\/css'>\n\t\t\t\t#gallery-5 {\n\t\t\t\t\tmargin: auto;\n\t\t\t\t}\n\t\t\t\t#gallery-5 .gallery-item {\n\t\t\t\t\tfloat: left;\n\t\t\t\t\tmargin-top: 10px;\n\t\t\t\t\ttext-align: center;\n\t\t\t\t\twidth: 25%;\n\t\t\t\t}\n\t\t\t\t#gallery-5 img {\n\t\t\t\t\tborder: 2px solid #cfcfcf;\n\t\t\t\t}\n\t\t\t\t#gallery-5 .gallery-caption {\n\t\t\t\t\tmargin-left: 0;\n\t\t\t\t}\n\t\t\t\t\/* see gallery_shortcode() in wp-includes\/media.php *\/\n\t\t\t<\/style>\n\t\t<div id='gallery-5' class='dt-gallery-container gallery galleryid-485747 gallery-columns-4 gallery-size-thumbnail'><dl class='gallery-item'>\n\t\t\t\t<dt class='gallery-icon landscape'>\n\t\t\t\t\t<a class=\"rollover rollover-zoom dt-pswp-item\" title=\"542759768_1187692263404454_707530732478693509_n\" data-dt-img-description=\"\" data-large_image_width=\"1440\" data-large_image_height=\"1440\"href='https:\/\/www.radiopiu.net\/wordpress\/wp-content\/uploads\/2025\/10\/542759768_1187692263404454_707530732478693509_n.jpg'><img loading=\"lazy\" decoding=\"async\" width=\"150\" height=\"150\" src=\"https:\/\/www.radiopiu.net\/wordpress\/wp-content\/uploads\/2025\/10\/542759768_1187692263404454_707530732478693509_n-150x150.jpg\" class=\"attachment-thumbnail size-thumbnail\" alt=\"\" srcset=\"https:\/\/www.radiopiu.net\/wordpress\/wp-content\/uploads\/2025\/10\/542759768_1187692263404454_707530732478693509_n-150x150.jpg 150w, https:\/\/www.radiopiu.net\/wordpress\/wp-content\/uploads\/2025\/10\/542759768_1187692263404454_707530732478693509_n-300x300.jpg 300w, https:\/\/www.radiopiu.net\/wordpress\/wp-content\/uploads\/2025\/10\/542759768_1187692263404454_707530732478693509_n-1024x1024.jpg 1024w, https:\/\/www.radiopiu.net\/wordpress\/wp-content\/uploads\/2025\/10\/542759768_1187692263404454_707530732478693509_n-768x768.jpg 768w, https:\/\/www.radiopiu.net\/wordpress\/wp-content\/uploads\/2025\/10\/542759768_1187692263404454_707530732478693509_n.jpg 1440w\" sizes=\"auto, (max-width: 150px) 100vw, 150px\" \/><\/a>\n\t\t\t\t<\/dt><\/dl><dl class='gallery-item'>\n\t\t\t\t<dt class='gallery-icon portrait'>\n\t\t\t\t\t<a class=\"rollover rollover-zoom dt-pswp-item\" title=\"41ae8cc6-1016-46be-9558-ad085b650586\" data-dt-img-description=\"\" data-large_image_width=\"1041\" data-large_image_height=\"1434\"href='https:\/\/www.radiopiu.net\/wordpress\/wp-content\/uploads\/2025\/12\/41ae8cc6-1016-46be-9558-ad085b650586.jpeg'><img loading=\"lazy\" decoding=\"async\" width=\"150\" height=\"150\" src=\"https:\/\/www.radiopiu.net\/wordpress\/wp-content\/uploads\/2025\/12\/41ae8cc6-1016-46be-9558-ad085b650586-150x150.jpeg\" class=\"attachment-thumbnail size-thumbnail\" alt=\"\" \/><\/a>\n\t\t\t\t<\/dt><\/dl><dl class='gallery-item'>\n\t\t\t\t<dt class='gallery-icon portrait'>\n\t\t\t\t\t<a class=\"rollover rollover-zoom dt-pswp-item\" title=\"locandina mostra Castellavazzo\" data-dt-img-description=\"\" data-large_image_width=\"1810\" data-large_image_height=\"2560\"href='https:\/\/www.radiopiu.net\/wordpress\/wp-content\/uploads\/2025\/11\/locandina-mostra-Castellavazzo-scaled.jpg'><img loading=\"lazy\" decoding=\"async\" width=\"150\" height=\"150\" src=\"https:\/\/www.radiopiu.net\/wordpress\/wp-content\/uploads\/2025\/11\/locandina-mostra-Castellavazzo-150x150.jpg\" class=\"attachment-thumbnail size-thumbnail\" alt=\"\" \/><\/a>\n\t\t\t\t<\/dt><\/dl><dl class='gallery-item'>\n\t\t\t\t<dt class='gallery-icon portrait'>\n\t\t\t\t\t<a class=\"rollover rollover-zoom dt-pswp-item\" title=\"803dde58-9f48-4809-89fc-1f29d2b69f8e\" data-dt-img-description=\"\" data-large_image_width=\"1200\" data-large_image_height=\"1600\"href='https:\/\/www.radiopiu.net\/wordpress\/wp-content\/uploads\/2025\/12\/803dde58-9f48-4809-89fc-1f29d2b69f8e.jpg'><img loading=\"lazy\" decoding=\"async\" width=\"150\" height=\"150\" src=\"https:\/\/www.radiopiu.net\/wordpress\/wp-content\/uploads\/2025\/12\/803dde58-9f48-4809-89fc-1f29d2b69f8e-150x150.jpg\" class=\"attachment-thumbnail size-thumbnail\" alt=\"\" \/><\/a>\n\t\t\t\t<\/dt><\/dl><br style=\"clear: both\" \/><dl class='gallery-item'>\n\t\t\t\t<dt class='gallery-icon portrait'>\n\t\t\t\t\t<a class=\"rollover rollover-zoom dt-pswp-item\" title=\"40fc71c4-2534-425a-b717-cc3f8c5033c8\" data-dt-img-description=\"\" data-large_image_width=\"1131\" data-large_image_height=\"1600\"href='https:\/\/www.radiopiu.net\/wordpress\/wp-content\/uploads\/2025\/11\/40fc71c4-2534-425a-b717-cc3f8c5033c8.jpg'><img loading=\"lazy\" decoding=\"async\" width=\"150\" height=\"150\" src=\"https:\/\/www.radiopiu.net\/wordpress\/wp-content\/uploads\/2025\/11\/40fc71c4-2534-425a-b717-cc3f8c5033c8-150x150.jpg\" class=\"attachment-thumbnail size-thumbnail\" alt=\"\" \/><\/a>\n\t\t\t\t<\/dt><\/dl><dl class='gallery-item'>\n\t\t\t\t<dt class='gallery-icon portrait'>\n\t\t\t\t\t<a class=\"rollover rollover-zoom dt-pswp-item\" title=\"IMG-20251203-WA0003\" data-dt-img-description=\"\" data-large_image_width=\"900\" data-large_image_height=\"1600\"href='https:\/\/www.radiopiu.net\/wordpress\/wp-content\/uploads\/2025\/12\/IMG-20251203-WA0003.jpg'><img loading=\"lazy\" decoding=\"async\" width=\"150\" height=\"150\" src=\"https:\/\/www.radiopiu.net\/wordpress\/wp-content\/uploads\/2025\/12\/IMG-20251203-WA0003-150x150.jpg\" class=\"attachment-thumbnail size-thumbnail\" alt=\"\" \/><\/a>\n\t\t\t\t<\/dt><\/dl><dl class='gallery-item'>\n\t\t\t\t<dt class='gallery-icon portrait'>\n\t\t\t\t\t<a class=\"rollover rollover-zoom dt-pswp-item\" title=\"782feede-fd14-464f-8a18-cc30a8a6e342\" data-dt-img-description=\"\" data-large_image_width=\"486\" data-large_image_height=\"971\"href='https:\/\/www.radiopiu.net\/wordpress\/wp-content\/uploads\/2025\/11\/782feede-fd14-464f-8a18-cc30a8a6e342.jpg'><img loading=\"lazy\" decoding=\"async\" width=\"150\" height=\"150\" src=\"https:\/\/www.radiopiu.net\/wordpress\/wp-content\/uploads\/2025\/11\/782feede-fd14-464f-8a18-cc30a8a6e342-150x150.jpg\" class=\"attachment-thumbnail size-thumbnail\" alt=\"\" \/><\/a>\n\t\t\t\t<\/dt><\/dl><dl class='gallery-item'>\n\t\t\t\t<dt class='gallery-icon portrait'>\n\t\t\t\t\t<a class=\"rollover rollover-zoom dt-pswp-item\" title=\"2d577141-47bc-4bfc-87a8-699843effd99\" data-dt-img-description=\"\" data-large_image_width=\"1131\" data-large_image_height=\"1600\"href='https:\/\/www.radiopiu.net\/wordpress\/wp-content\/uploads\/2025\/12\/2d577141-47bc-4bfc-87a8-699843effd99.jpg'><img loading=\"lazy\" decoding=\"async\" width=\"150\" height=\"150\" src=\"https:\/\/www.radiopiu.net\/wordpress\/wp-content\/uploads\/2025\/12\/2d577141-47bc-4bfc-87a8-699843effd99-150x150.jpg\" class=\"attachment-thumbnail size-thumbnail\" alt=\"\" \/><\/a>\n\t\t\t\t<\/dt><\/dl><br style=\"clear: both\" \/><dl class='gallery-item'>\n\t\t\t\t<dt class='gallery-icon portrait'>\n\t\t\t\t\t<a class=\"rollover rollover-zoom dt-pswp-item\" title=\"cd271853-eef2-21e7-1725-3788fe8a6a3f\" data-dt-img-description=\"\" data-large_image_width=\"1755\" data-large_image_height=\"2482\"href='https:\/\/www.radiopiu.net\/wordpress\/wp-content\/uploads\/2025\/12\/cd271853-eef2-21e7-1725-3788fe8a6a3f.jpg'><img loading=\"lazy\" decoding=\"async\" width=\"150\" height=\"150\" src=\"https:\/\/www.radiopiu.net\/wordpress\/wp-content\/uploads\/2025\/12\/cd271853-eef2-21e7-1725-3788fe8a6a3f-150x150.jpg\" class=\"attachment-thumbnail size-thumbnail\" alt=\"\" \/><\/a>\n\t\t\t\t<\/dt><\/dl><dl class='gallery-item'>\n\t\t\t\t<dt class='gallery-icon portrait'>\n\t\t\t\t\t<a class=\"rollover rollover-zoom dt-pswp-item\" title=\"5651b3cd-9d11-41ba-8695-346e8c6c8574\" data-dt-img-description=\"\" data-large_image_width=\"1080\" data-large_image_height=\"1350\"href='https:\/\/www.radiopiu.net\/wordpress\/wp-content\/uploads\/2025\/12\/5651b3cd-9d11-41ba-8695-346e8c6c8574.jpg'><img loading=\"lazy\" decoding=\"async\" width=\"150\" height=\"150\" src=\"https:\/\/www.radiopiu.net\/wordpress\/wp-content\/uploads\/2025\/12\/5651b3cd-9d11-41ba-8695-346e8c6c8574-150x150.jpg\" class=\"attachment-thumbnail size-thumbnail\" alt=\"\" \/><\/a>\n\t\t\t\t<\/dt><\/dl><dl class='gallery-item'>\n\t\t\t\t<dt class='gallery-icon portrait'>\n\t\t\t\t\t<a class=\"rollover rollover-zoom dt-pswp-item\" title=\"NATALE LIMANA locandina definitiva ricorretta 3 dicembre 2025\" data-dt-img-description=\"\" data-large_image_width=\"1080\" data-large_image_height=\"1498\"href='https:\/\/www.radiopiu.net\/wordpress\/wp-content\/uploads\/2025\/12\/NATALE-LIMANA-locandina-definitiva-ricorretta-3-dicembre-2025.jpg'><img loading=\"lazy\" decoding=\"async\" width=\"150\" height=\"150\" src=\"https:\/\/www.radiopiu.net\/wordpress\/wp-content\/uploads\/2025\/12\/NATALE-LIMANA-locandina-definitiva-ricorretta-3-dicembre-2025-150x150.jpg\" class=\"attachment-thumbnail size-thumbnail\" alt=\"\" \/><\/a>\n\t\t\t\t<\/dt><\/dl><dl class='gallery-item'>\n\t\t\t\t<dt class='gallery-icon portrait'>\n\t\t\t\t\t<a class=\"rollover rollover-zoom dt-pswp-item\" title=\"IMG-20251129-WA0015\" data-dt-img-description=\"\" data-large_image_width=\"1131\" data-large_image_height=\"1600\"href='https:\/\/www.radiopiu.net\/wordpress\/wp-content\/uploads\/2025\/12\/IMG-20251129-WA0015.jpg'><img loading=\"lazy\" decoding=\"async\" width=\"150\" height=\"150\" src=\"https:\/\/www.radiopiu.net\/wordpress\/wp-content\/uploads\/2025\/12\/IMG-20251129-WA0015-150x150.jpg\" class=\"attachment-thumbnail size-thumbnail\" alt=\"\" \/><\/a>\n\t\t\t\t<\/dt><\/dl><br style=\"clear: both\" \/><dl class='gallery-item'>\n\t\t\t\t<dt class='gallery-icon portrait'>\n\t\t\t\t\t<a class=\"rollover rollover-zoom dt-pswp-item\" title=\"e1a52110-73a7-4688-9c6b-dd3363125044\" data-dt-img-description=\"\" data-large_image_width=\"1131\" data-large_image_height=\"1600\"href='https:\/\/www.radiopiu.net\/wordpress\/wp-content\/uploads\/2025\/12\/e1a52110-73a7-4688-9c6b-dd3363125044.jpg'><img loading=\"lazy\" decoding=\"async\" width=\"150\" height=\"150\" src=\"https:\/\/www.radiopiu.net\/wordpress\/wp-content\/uploads\/2025\/12\/e1a52110-73a7-4688-9c6b-dd3363125044-150x150.jpg\" class=\"attachment-thumbnail size-thumbnail\" alt=\"\" \/><\/a>\n\t\t\t\t<\/dt><\/dl><dl class='gallery-item'>\n\t\t\t\t<dt class='gallery-icon portrait'>\n\t\t\t\t\t<a class=\"rollover rollover-zoom dt-pswp-item\" title=\"586740953_1283004097175673_3623727418094522816_n\" data-dt-img-description=\"\" data-large_image_width=\"514\" data-large_image_height=\"720\"href='https:\/\/www.radiopiu.net\/wordpress\/wp-content\/uploads\/2025\/11\/586740953_1283004097175673_3623727418094522816_n.jpg'><img loading=\"lazy\" decoding=\"async\" width=\"150\" height=\"150\" src=\"https:\/\/www.radiopiu.net\/wordpress\/wp-content\/uploads\/2025\/11\/586740953_1283004097175673_3623727418094522816_n-150x150.jpg\" class=\"attachment-thumbnail size-thumbnail\" alt=\"\" \/><\/a>\n\t\t\t\t<\/dt><\/dl><dl class='gallery-item'>\n\t\t\t\t<dt class='gallery-icon portrait'>\n\t\t\t\t\t<a class=\"rollover rollover-zoom dt-pswp-item\" title=\"584332528_1279625560846860_1524691345192499574_n\" data-dt-img-description=\"\" data-large_image_width=\"417\" data-large_image_height=\"590\"href='https:\/\/www.radiopiu.net\/wordpress\/wp-content\/uploads\/2025\/11\/584332528_1279625560846860_1524691345192499574_n.jpg'><img loading=\"lazy\" decoding=\"async\" width=\"150\" height=\"150\" src=\"https:\/\/www.radiopiu.net\/wordpress\/wp-content\/uploads\/2025\/11\/584332528_1279625560846860_1524691345192499574_n-150x150.jpg\" class=\"attachment-thumbnail size-thumbnail\" alt=\"\" \/><\/a>\n\t\t\t\t<\/dt><\/dl><dl class='gallery-item'>\n\t\t\t\t<dt class='gallery-icon portrait'>\n\t\t\t\t\t<a class=\"rollover rollover-zoom dt-pswp-item\" title=\"Locandina Babbo Natale\" data-dt-img-description=\"\" data-large_image_width=\"1414\" data-large_image_height=\"2000\"href='https:\/\/www.radiopiu.net\/wordpress\/wp-content\/uploads\/2025\/12\/Locandina-Babbo-Natale.jpg'><img loading=\"lazy\" decoding=\"async\" width=\"150\" height=\"150\" src=\"https:\/\/www.radiopiu.net\/wordpress\/wp-content\/uploads\/2025\/12\/Locandina-Babbo-Natale-150x150.jpg\" class=\"attachment-thumbnail size-thumbnail\" alt=\"\" \/><\/a>\n\t\t\t\t<\/dt><\/dl><br style=\"clear: both\" \/><dl class='gallery-item'>\n\t\t\t\t<dt class='gallery-icon portrait'>\n\t\t\t\t\t<a class=\"rollover rollover-zoom dt-pswp-item\" title=\"Locandina Tombola di Natale\" data-dt-img-description=\"\" data-large_image_width=\"1414\" data-large_image_height=\"2000\"href='https:\/\/www.radiopiu.net\/wordpress\/wp-content\/uploads\/2025\/12\/Locandina-Tombola-di-Natale.jpg'><img loading=\"lazy\" decoding=\"async\" width=\"150\" height=\"150\" src=\"https:\/\/www.radiopiu.net\/wordpress\/wp-content\/uploads\/2025\/12\/Locandina-Tombola-di-Natale-150x150.jpg\" class=\"attachment-thumbnail size-thumbnail\" alt=\"\" \/><\/a>\n\t\t\t\t<\/dt><\/dl><dl class='gallery-item'>\n\t\t\t\t<dt class='gallery-icon portrait'>\n\t\t\t\t\t<a class=\"rollover rollover-zoom dt-pswp-item\" title=\"Locandina Concerto di Natale\" data-dt-img-description=\"\" data-large_image_width=\"1414\" data-large_image_height=\"2000\"href='https:\/\/www.radiopiu.net\/wordpress\/wp-content\/uploads\/2025\/12\/Locandina-Concerto-di-Natale.jpg'><img loading=\"lazy\" decoding=\"async\" width=\"150\" height=\"150\" src=\"https:\/\/www.radiopiu.net\/wordpress\/wp-content\/uploads\/2025\/12\/Locandina-Concerto-di-Natale-150x150.jpg\" class=\"attachment-thumbnail size-thumbnail\" alt=\"\" \/><\/a>\n\t\t\t\t<\/dt><\/dl><dl class='gallery-item'>\n\t\t\t\t<dt class='gallery-icon portrait'>\n\t\t\t\t\t<a class=\"rollover rollover-zoom dt-pswp-item\" title=\"Locandina premiazioni presepi\" data-dt-img-description=\"\" data-large_image_width=\"1414\" data-large_image_height=\"2000\"href='https:\/\/www.radiopiu.net\/wordpress\/wp-content\/uploads\/2025\/12\/Locandina-premiazioni-presepi.jpg'><img loading=\"lazy\" decoding=\"async\" width=\"150\" height=\"150\" src=\"https:\/\/www.radiopiu.net\/wordpress\/wp-content\/uploads\/2025\/12\/Locandina-premiazioni-presepi-150x150.jpg\" class=\"attachment-thumbnail size-thumbnail\" alt=\"\" \/><\/a>\n\t\t\t\t<\/dt><\/dl>\n\t\t\t\t<br style='clear: both' \/>\n\t\t\t<\/div>\n\n<p>&nbsp;<\/p>\n<p>&nbsp;<\/p>\n<hr \/>\n<p>&nbsp;<\/p>\n<p class=\"mceTemp\"><a class=\"dt-pswp-item\" href=\"https:\/\/www.radiopiu.net\/wordpress\/wp-content\/uploads\/2018\/09\/WhatsApp-Image-2018-09-20-at-16.04.06.jpeg\" data-dt-img-description=\"\" data-large_image_width=\"800\" data-large_image_height=\"100\"><img loading=\"lazy\" decoding=\"async\" class=\"wp-image-61378 size-full aligncenter\" src=\"https:\/\/www.radiopiu.net\/wordpress\/wp-content\/uploads\/2018\/09\/WhatsApp-Image-2018-09-20-at-16.04.06.jpeg\" alt=\"\" width=\"800\" height=\"100\" srcset=\"https:\/\/www.radiopiu.net\/wordpress\/wp-content\/uploads\/2018\/09\/WhatsApp-Image-2018-09-20-at-16.04.06.jpeg 800w, https:\/\/www.radiopiu.net\/wordpress\/wp-content\/uploads\/2018\/09\/WhatsApp-Image-2018-09-20-at-16.04.06-300x38.jpeg 300w, https:\/\/www.radiopiu.net\/wordpress\/wp-content\/uploads\/2018\/09\/WhatsApp-Image-2018-09-20-at-16.04.06-768x96.jpeg 768w\" sizes=\"auto, (max-width: 800px) 100vw, 800px\" \/><\/a><\/p>\n<p>&nbsp;<\/p>\n<p style=\"text-align: center;\"><b>OGGI<\/b><\/p>\n<p>Al mattino cielo sereno con ottima visibilit\u00e0 salvo un po&#8217; di foschia nelle ore fredde in qualche conca prealpina; dal pomeriggio velature in arrivo da sud ovest fino a velato ovunque entro fine giornata. <b>Precipitazioni.<\/b> Assenti <b>Temperature.<\/b>\u00a0Senza notevoli variazioni<\/p>\n<hr \/>\n<p style=\"text-align: center;\"><b>DOMANI<\/b><\/p>\n<p>Tempo variabile; tra la notte e le prime ore del mattino in genere poco nuvoloso per innocue velature; in seguito, graduale aumento della nuvolosit\u00e0 per nubi medio-alte ad iniziare dalle zone prealpine occidentali in estensione dalle ore centrali anche al Bellunese <b>Precipitazioni.<\/b> Fino al tardo pomeriggio generalmente assenti; dalla sera possibile qualche debole nevicata oltre i 1500-1700 m sulle Dolomiti. <b>Temperature.<\/b>\u00a0Minime stazionarie o in lieve aumento nelle valli, in diminuzione in alta montagna dove saranno misurate a fine giornata; massime in generale diminuzione specie in alta montagna; attenuazione del fenomeno dell&#8217;inversione termica.<\/p>\n<hr \/>\n<p style=\"text-align: center;\"><b>MERCOLEDI<\/b><\/p>\n<p>Tempo variabile a tratti instabile con presenza di molta nuvolosit\u00e0 specie al mattino, associata a modesti fenomeni intermittenti da sparsi a diffusi in prevalenza di debole intensit\u00e0; la quota delle modeste nevicate sar\u00e0 oltre i 1500-1800 m sulle Dolomiti, leggermente inferiore a tali quote sulle Dolomiti tra la notte e le prime ore del mattino e alla sera. Temperature senza notevoli variazioni<\/p>\n<hr \/>\n<p style=\"text-align: center;\"><b>GIOVEDI<\/b><\/p>\n<p>Salvo delle residue e deboli precipitazioni tra la notte e l&#8217;alba, eventualmente nevose oltre i 1600-1900 m, tempo pi\u00f9 stabile e pi\u00f9 soleggiato rispetto a mercoled\u00ec soprattutto in alta montagna mentre in molte valli e altipiani il sole sar\u00e0 in parte disturbato dalla presenza di nubi medio basse specie tra la notte e la mattinata ma con fenomeni assenti. Temperature in leggero calo le minime, in lieve o contenuto aumento le massime.<\/p>\n<p>&nbsp;<\/p>\n<hr \/>\n<p>&nbsp;<\/p>\n<p class=\"mceTemp\"><a class=\"dt-pswp-item\" href=\"https:\/\/www.radiopiu.net\/wordpress\/wp-content\/uploads\/2018\/09\/sport.jpg\" data-dt-img-description=\"\" data-large_image_width=\"800\" data-large_image_height=\"100\"><img loading=\"lazy\" decoding=\"async\" class=\"aligncenter wp-image-60761 size-full\" src=\"https:\/\/www.radiopiu.net\/wordpress\/wp-content\/uploads\/2018\/09\/sport.jpg\" alt=\"\" width=\"800\" height=\"100\" srcset=\"https:\/\/www.radiopiu.net\/wordpress\/wp-content\/uploads\/2018\/09\/sport.jpg 800w, https:\/\/www.radiopiu.net\/wordpress\/wp-content\/uploads\/2018\/09\/sport-300x38.jpg 300w, https:\/\/www.radiopiu.net\/wordpress\/wp-content\/uploads\/2018\/09\/sport-768x96.jpg 768w\" sizes=\"auto, (max-width: 800px) 100vw, 800px\" \/> <\/a><\/p>\n<p>&nbsp;<\/p>\n<p><strong><span style=\"color: #0000ff;\">SCI<\/span><\/strong><\/p>\n<div class=\"page-title-head hgroup\">\n<h1 class=\"entry-title\">LUCIA TRA LE GRANDI: EUROPEI DA APPLAUSI<\/h1>\n<\/div>\n<div class=\"page-title-breadcrumbs\">\n<blockquote>\n<p data-start=\"24\" data-end=\"66\"><strong class=\"photoswipe-wrapper\" data-start=\"24\" data-end=\"66\"><a class=\"dt-pswp-item pspw-wrap-ready\" href=\"https:\/\/www.radiopiu.net\/wordpress\/wp-content\/uploads\/2025\/12\/download-12.jpg\" data-dt-img-description=\"\" data-large_image_width=\"259\" data-large_image_height=\"194\"><img loading=\"lazy\" decoding=\"async\" class=\"size-full wp-image-485957 alignleft\" src=\"https:\/\/www.radiopiu.net\/wordpress\/wp-content\/uploads\/2025\/12\/download-12.jpg\" alt=\"\" width=\"259\" height=\"194\" \/><\/a>CROSS, ZOLDO PROTAGONISTA AGLI EUROPEI<\/strong><\/p>\n<\/blockquote>\n<p data-start=\"290\" data-end=\"619\">Risultato di grande prestigio per\u00a0<strong data-start=\"324\" data-end=\"341\">Lucia Arnoldo<\/strong>, giovane atleta zoldana, ai Campionati Europei di cross disputati a Lagoa, in Portogallo. L\u2019azzurra, appena ventenne e al primo anno nella categoria Under 23, ha conquistato un eccellente\u00a0<strong data-start=\"530\" data-end=\"546\">ottavo posto<\/strong>\u00a0al termine di una gara molto selettiva e di altissimo livello tecnico. Partita attorno alla ventesima posizione, Arnoldo ha cambiato passo nel corso della prova, recuperando terreno giro dopo giro grazie a una gestione intelligente del ritmo e a una lettura efficace del tracciato. Una prestazione di maturit\u00e0, ottenuta contro avversarie pi\u00f9 esperte, che conferma la sua crescita costante nel panorama del cross europeo. Buona anche la prova di\u00a0<strong data-start=\"998\" data-end=\"1021\">Mimosa Miari Fulcis<\/strong>, terza tra le azzurre Under 20, in una giornata complessivamente positiva per la Nazionale italiana.<\/p>\n<\/div>\n<p>&nbsp;<\/p>\n<hr \/>\n<p>&nbsp;<\/p>\n<p><strong><span style=\"color: #0000ff;\">HOCKEY SU GHIACCIO<\/span><\/strong><\/p>\n<blockquote>\n<h3>L&#8217;ALLEGHE STRAVINCE A DOBBIACO, IL FELTRE PERDE DI MISURA CON IL VARESE<\/h3>\n<\/blockquote>\n<p><strong><a class=\"dt-pswp-item\" href=\"https:\/\/www.radiopiu.net\/wordpress\/wp-content\/uploads\/2025\/10\/7a5d098c-e613-46d5-b9b0-cc0425e65b5b.jpg\" data-dt-img-description=\"\" data-large_image_width=\"1600\" data-large_image_height=\"1038\"><img loading=\"lazy\" decoding=\"async\" class=\" wp-image-475959 alignleft\" src=\"https:\/\/www.radiopiu.net\/wordpress\/wp-content\/uploads\/2025\/10\/7a5d098c-e613-46d5-b9b0-cc0425e65b5b-300x195.jpg\" alt=\"\" width=\"188\" height=\"122\" srcset=\"https:\/\/www.radiopiu.net\/wordpress\/wp-content\/uploads\/2025\/10\/7a5d098c-e613-46d5-b9b0-cc0425e65b5b-300x195.jpg 300w, https:\/\/www.radiopiu.net\/wordpress\/wp-content\/uploads\/2025\/10\/7a5d098c-e613-46d5-b9b0-cc0425e65b5b-1024x664.jpg 1024w, https:\/\/www.radiopiu.net\/wordpress\/wp-content\/uploads\/2025\/10\/7a5d098c-e613-46d5-b9b0-cc0425e65b5b-768x498.jpg 768w, https:\/\/www.radiopiu.net\/wordpress\/wp-content\/uploads\/2025\/10\/7a5d098c-e613-46d5-b9b0-cc0425e65b5b-1536x996.jpg 1536w, https:\/\/www.radiopiu.net\/wordpress\/wp-content\/uploads\/2025\/10\/7a5d098c-e613-46d5-b9b0-cc0425e65b5b.jpg 1600w\" sizes=\"auto, (max-width: 188px) 100vw, 188px\" \/><\/a>DI MARCO GAZ<\/strong><\/p>\n<p><span style=\"color: #ff0000;\"><strong>IHL \u2013 17\u00b0 GIORNATA<\/strong><\/span><\/p>\n<p><strong>DOBBIACO \u2013 ALLEGHE 2-8<\/strong><\/p>\n<p>PARZIALI: 0-1, 1-5, 1-2<\/p>\n<p>GOL: pt. 19\u201936\u201d De Val. st. 0\u201946\u201d De Toni, 1\u201922\u201d Isiguzo, 2\u201946\u201d Majul, 7\u201917\u201d Huhtela, 9\u201909\u201d Alessio, 18\u201941\u201d Aleksandov. tt. 2\u201918\u201d Aleksandrov, 5\u201948\u201d Pais, 18\u201913\u201d Isiguzo<\/p>\n<p>Alleghe corsaro a Dobbiaco. La squadra agordina sotterra di reti gli altoatesini in una partita esplosa nella seconda frazione. Le civette gestiscono al meglio la sfida e incamerano 3 punti importanti per mantenere salda la seconda posizione in classifica, confermandosi miglior attacco del campionato. Ora una settimana per preparare la sfida con il Pergine di sabato al De Toni e poi un lungo turn de force con 5 partite in due settimane. Primi minuti di gara concitati con le squadre che non sfruttano le prime occasioni. Alleghesi che vanno vicini al gol in due occasioni. La sfida scorre via veloce. La prima penalit\u00e0 \u00e8 per gli agordini che soffrono le incursioni altoatesine ma riescono anche a rispondere in contropiede. Gli agordini si avvicinano di nuovo al gol. E a pochi secondi dalla prima sirena, l\u2019Alleghe si porta in vantaggio grazie alla rete di Loris De Val. Secondo periodo che inizia con due reti in rapida successione delle civette. Prima tapin vincente di De Toni, poi Isiguzo trova il gol con un tiro dalla distanza. Alla prima disattenzione difensiva il Dobbiaco ne approfitta per colpire in contropiede con Majul. A calare il poker per gli agordini ci pensa Huhtela che a tu per tu con il portiere non sbaglia. I biancorossi ci prendono gusto e trovano la quinta rete della serata con Alessio. La squadra alleghese passa indenne una doppia inferiorit\u00e0 numerica e subito dopo si fa di nuovo pericolosa e negli ultimi istanti della seconda frazione trova il gol con un polsino di Aleksandrov. Lo stesso giocatore alleghese chiude la partita ad inizio terzo tempo. Il Dobbiaco prova a riapre il match con la rete di Pais. Biancorossi che gestiscono al meglio la sfida nella parte finale dell\u2019incontro. A chiudere in bellezza la serata ci pensa Isiguzo che insacca in superiorit\u00e0 numerica<\/p>\n<p><strong><a class=\"dt-pswp-item\" href=\"https:\/\/www.radiopiu.net\/wordpress\/wp-content\/uploads\/2025\/12\/4a635e99-bdb9-40c6-9d6a-3b7206e3d987.jpg\" data-dt-img-description=\"\" data-large_image_width=\"1280\" data-large_image_height=\"853\"><img loading=\"lazy\" decoding=\"async\" class=\"wp-image-485803 alignright\" src=\"https:\/\/www.radiopiu.net\/wordpress\/wp-content\/uploads\/2025\/12\/4a635e99-bdb9-40c6-9d6a-3b7206e3d987-300x200.jpg\" alt=\"\" width=\"197\" height=\"131\" srcset=\"https:\/\/www.radiopiu.net\/wordpress\/wp-content\/uploads\/2025\/12\/4a635e99-bdb9-40c6-9d6a-3b7206e3d987-300x200.jpg 300w, https:\/\/www.radiopiu.net\/wordpress\/wp-content\/uploads\/2025\/12\/4a635e99-bdb9-40c6-9d6a-3b7206e3d987-1024x682.jpg 1024w, https:\/\/www.radiopiu.net\/wordpress\/wp-content\/uploads\/2025\/12\/4a635e99-bdb9-40c6-9d6a-3b7206e3d987-768x512.jpg 768w, https:\/\/www.radiopiu.net\/wordpress\/wp-content\/uploads\/2025\/12\/4a635e99-bdb9-40c6-9d6a-3b7206e3d987.jpg 1280w\" sizes=\"auto, (max-width: 197px) 100vw, 197px\" \/><\/a>FELTRE \u2013 VARESE 1-2<\/strong><\/p>\n<p>PARZIALI: 1-1, 0-1, 0-0<\/p>\n<p>GOL: pt. 11\u201957\u201d Borghi, 19\u201957\u201d Foltin. st. 2\u201930\u201d Bastille<\/p>\n<p>Ancora una sconfitta per il Feltre che, nonostante una bella prestazione, non riesce a contenere il Varese. I lombardi, dopo 4 ko consecutivi, incamerano i 3 punti che assicurano ai mastini la terza posizione in classifica. Picchi che sabato saranno ad Alba di Canazei per affrontare il Fassa.\u00a0 La sfida si accende fin da subito con le due formazioni che non riescono a consolidare nelle prime occasioni. Il Varese ingrana la marcia giusta e prende di mira la porta feltrina fino a trovare la rete del vantaggio. Nel finale della prima frazione il Feltre pareggia i conti con Foltin. nel secondo tempo l\u2019equilibrio domina in campo ma il Varese trova il nuovo vantaggio. Nella terza frazione poche emozioni e poche occasioni da segnalare. (foto: De Zanet)<\/p>\n<p>&nbsp;<\/p>\n<p><span style=\"color: #0000ff;\"><strong>CALCIO<\/strong><\/span><\/p>\n<blockquote>\n<h3>L&#8217;AGORDINA TORNA A VINCERE E VEDE LA ZONA SALVEZZA PIU&#8217; VICINA<\/h3>\n<\/blockquote>\n<p><strong><a class=\"dt-pswp-item\" href=\"https:\/\/www.radiopiu.net\/wordpress\/wp-content\/uploads\/2019\/01\/CALCIO-GOL.jpg\" data-dt-img-description=\"\" data-large_image_width=\"800\" data-large_image_height=\"400\"><img loading=\"lazy\" decoding=\"async\" class=\" wp-image-73083 alignleft\" src=\"https:\/\/www.radiopiu.net\/wordpress\/wp-content\/uploads\/2019\/01\/CALCIO-GOL-300x150.jpg\" alt=\"\" width=\"220\" height=\"110\" srcset=\"https:\/\/www.radiopiu.net\/wordpress\/wp-content\/uploads\/2019\/01\/CALCIO-GOL-300x150.jpg 300w, https:\/\/www.radiopiu.net\/wordpress\/wp-content\/uploads\/2019\/01\/CALCIO-GOL-768x384.jpg 768w, https:\/\/www.radiopiu.net\/wordpress\/wp-content\/uploads\/2019\/01\/CALCIO-GOL.jpg 800w\" sizes=\"auto, (max-width: 220px) 100vw, 220px\" \/><\/a>DI MARCO GAZ<\/strong><\/p>\n<p><span style=\"color: #ff0000;\"><strong>SECONDA CATEGORIA \u2013 14\u00aa GIORNATA<\/strong><\/span><\/p>\n<p><strong>AGORDINA \u2013 FOLLINESE 1-0<\/strong><\/p>\n<p><strong>GOL AGORDINA: Dal Don (R)<\/strong><\/p>\n<p>L\u2019Agordina torna a vincere e lo fa nel momento pi\u00f9 delicato della stagione. La squadra di Agordo supera di misura la Follinese grazie ad un calcio di rigore di Dal Don dopo una partita dominata dall\u2019inizio alla fine. Tre punti importanti con l\u2019obbiettivo di chiudere la prima parte della stagione in zona salvezza. Agordini che partono subito bene con Dal Don che impegna il portiere avversario. Lo stesso Dal Don si procura un rigore al 18\u2019 e lo trasforma portando l\u2019Agordina avanti. Continua a tenere in mano la sfida la squadra di Agordo e al 34\u2019 Dal Don \u00e8 ancora protagonista: l\u2019attaccante calcia in porta ma un difensore salva sulla linea. La Follinese si sveglia a fine primo tempo sfiorando il pareggio con un diagonale velenoso. Nella ripresa \u00e8 ancora la squadra di casa a gestire il match e dopo pochi minuti sfiora il raddoppio: filtrante di Fossen per Dal Don che per\u00f2 non centra i pali. Gli ospiti provano ad alzare il ritmo e l\u2019Agordina rimane in 10 per doppia ammonizione di Costa. Agordini che tengono duro e portano a casa 3 punti importanti.<\/p>\n<p>LA CLASSIFICA: JM Feltre 38, Ponte Nelle Alpi 37, Comelico 29, Sospirolese 28, Itlas santa Giustina 25, Auronzo 22, Cadore\/Domegge 21, Plavis 20, Follinese 18, Fulgor Farra e Nogar\u00e8 13, San Michele Sal\u00ecsa e Lamonese 12, Sarmede 11, Agordina 9, San Vittore 6<\/p>\n<p><span style=\"color: #3366ff;\"><strong>SETTORE GIOVANILE<\/strong><\/span><\/p>\n<p><span style=\"color: #ff0000;\"><strong>ALLIEVI REGIONALI<\/strong><\/span><\/p>\n<p><strong>ALPAGO\u00a0 &#8211; AGORDINA 9-1<\/strong><\/p>\n<p>Dopo una settimana di riposo per il rinvio della gara contro il Feltre, la squadra guidata da De Lazzer \u00e8 tornata in campo per il derby bellunese con l\u2019Alpago. Una trasferta amara per i ragazzi di Agordo che persono e subiscono ben 9 gol dagli alpagotti in una partita che si pu\u00f2 definire a senso unico. Unica soddisfazione della giornata il gol della bandiera a firma di Da Ronch.<\/p>\n<p>&nbsp;<\/p>\n<blockquote class=\"wp-embedded-content\" data-secret=\"34I5CdUEt6\"><p><a href=\"https:\/\/www.radiopiu.net\/wordpress\/agordina-in-prima-linea-ogni-domenica-su-radio-piu-il-podcast\/\">AGORDINA IN PRIMA LINEA, OGNI DOMENICA SU RADIO PIU&#8217; &#8211; IL PODCAST<\/a><\/p><\/blockquote>\n<p><iframe loading=\"lazy\" class=\"wp-embedded-content\" sandbox=\"allow-scripts\" security=\"restricted\" style=\"position: absolute; visibility: hidden;\" title=\"&#8220;AGORDINA IN PRIMA LINEA, OGNI DOMENICA SU RADIO PIU&#8217; &#8211; IL PODCAST&#8221; &#8212; Radio Pi\u00f9\" src=\"https:\/\/www.radiopiu.net\/wordpress\/agordina-in-prima-linea-ogni-domenica-su-radio-piu-il-podcast\/embed\/#?secret=XrcuJCYuIB#?secret=34I5CdUEt6\" data-secret=\"34I5CdUEt6\" width=\"600\" height=\"338\" frameborder=\"0\" marginwidth=\"0\" marginheight=\"0\" scrolling=\"no\"><\/iframe><\/p>\n<p>&nbsp;<\/p>\n<p><span style=\"color: #0000ff;\"><strong>CALCIO A 5<\/strong><\/span><\/p>\n<blockquote>\n<h3>TORNEO DEGLI ANGELI, PALAROVA PRONTO AL GRAN FINALE<\/h3>\n<\/blockquote>\n<p><a class=\"dt-pswp-item\" href=\"https:\/\/www.radiopiu.net\/wordpress\/wp-content\/uploads\/2025\/12\/torneo-angeli-2025.jpeg\" data-dt-img-description=\"\" data-large_image_width=\"1082\" data-large_image_height=\"588\"><img loading=\"lazy\" decoding=\"async\" class=\"size-medium wp-image-484592 alignleft\" src=\"https:\/\/www.radiopiu.net\/wordpress\/wp-content\/uploads\/2025\/12\/torneo-angeli-2025-300x163.jpeg\" alt=\"\" width=\"300\" height=\"163\" srcset=\"https:\/\/www.radiopiu.net\/wordpress\/wp-content\/uploads\/2025\/12\/torneo-angeli-2025-300x163.jpeg 300w, https:\/\/www.radiopiu.net\/wordpress\/wp-content\/uploads\/2025\/12\/torneo-angeli-2025-1024x556.jpeg 1024w, https:\/\/www.radiopiu.net\/wordpress\/wp-content\/uploads\/2025\/12\/torneo-angeli-2025-768x417.jpeg 768w, https:\/\/www.radiopiu.net\/wordpress\/wp-content\/uploads\/2025\/12\/torneo-angeli-2025.jpeg 1082w\" sizes=\"auto, (max-width: 300px) 100vw, 300px\" \/><\/a>Al Palarova di Agordo si \u00e8 conclusa la fase ad eliminazione del 18\u00b0 Torneo degli Angeli Memorial Thierry Brancaleone e Denis Benvegn\u00f9, manifestazione sportiva organizzata dall\u2019U.S. Le Ville che ogni anno richiama pubblico e appassionati. Le gare hanno offerto spettacolo, equilibrio e grande partecipazione sugli spalti, confermando il valore dell\u2019iniziativa. Domenica prossima spazio alla fase finale, con le semifinali e la finalissima in programma alle ore 18. Le sfide decisive vedranno opposte Vivai Shala contro Dream Team e Kosova contro Boy Suqared, incontri attesi e carichi di emozioni. Al termine delle finali, gli organizzatori offriranno a squadre, volontari e pubblico un rinfresco di Natale, momento conviviale per celebrare sport, amicizia e spirito di comunit\u00e0<\/p>\n<p>&nbsp;<\/p>\n<p><span style=\"color: #0000ff;\"><strong>SNOWBOARD<\/strong><\/span><\/p>\n<blockquote>\n<h3>POCHE EMOZIONI A CORTINA PER LE SNOWBOARDER BELLUNESI<\/h3>\n<\/blockquote>\n<p><strong><a class=\"dt-pswp-item\" href=\"https:\/\/www.radiopiu.net\/wordpress\/wp-content\/uploads\/2023\/02\/Dalmasso-Bakuriani-19-2-2023-1068x584-1.jpg\" data-dt-img-description=\"\" data-large_image_width=\"1068\" data-large_image_height=\"584\"><img loading=\"lazy\" decoding=\"async\" class=\" wp-image-323003 alignleft\" src=\"https:\/\/www.radiopiu.net\/wordpress\/wp-content\/uploads\/2023\/02\/Dalmasso-Bakuriani-19-2-2023-1068x584-1-300x164.jpg\" alt=\"\" width=\"185\" height=\"101\" srcset=\"https:\/\/www.radiopiu.net\/wordpress\/wp-content\/uploads\/2023\/02\/Dalmasso-Bakuriani-19-2-2023-1068x584-1-300x164.jpg 300w, https:\/\/www.radiopiu.net\/wordpress\/wp-content\/uploads\/2023\/02\/Dalmasso-Bakuriani-19-2-2023-1068x584-1-1024x560.jpg 1024w, https:\/\/www.radiopiu.net\/wordpress\/wp-content\/uploads\/2023\/02\/Dalmasso-Bakuriani-19-2-2023-1068x584-1-768x420.jpg 768w, https:\/\/www.radiopiu.net\/wordpress\/wp-content\/uploads\/2023\/02\/Dalmasso-Bakuriani-19-2-2023-1068x584-1.jpg 1068w\" sizes=\"auto, (max-width: 185px) 100vw, 185px\" \/><\/a>CORTINA<\/strong> A Cortina d\u2019Ampezzo si \u00e8 svolta una giornata intensa di snowboard gigante parallelo, con buoni risultati e qualche rammarico per le atlete azzurre. Lucia Dalmasso ha chiuso la sua prova agli ottavi di finale dopo una qualifica molto positiva, conclusa al settimo posto. Un piazzamento che lasciava ben sperare, ma nella fase a eliminazione diretta l\u2019atleta non \u00e8 riuscita a confermarsi, uscendo di scena contro un\u2019avversaria solida e determinata. Percorso simile per Elisa Cafont, protagonista di un\u2019ottima qualifica chiusa al secondo posto. Nei quarti di finale, per\u00f2, la snowboarder non \u00e8 riuscita a mantenere il ritmo mostrato in precedenza ed \u00e8 stata eliminata. Resta comunque una prestazione complessiva incoraggiante in vista dei prossimi appuntamenti stagionali.<\/p>\n<p>&nbsp;<\/p>\n<p><span style=\"color: #0000ff;\"><strong>SPORT INVERNALI<\/strong><\/span><\/p>\n<blockquote>\n<h3>FISI VENETO E BCC VENETA: INVESTIMENTO SUI GIOVANI NELL\u2019ANNO OLIMPICO<\/h3>\n<\/blockquote>\n<p><a class=\"dt-pswp-item\" href=\"https:\/\/www.radiopiu.net\/wordpress\/wp-content\/uploads\/2025\/12\/presentazione-bbc-veneta-fisi-veneto-verona-12-dicembre-2025.jpeg\" data-dt-img-description=\"\" data-large_image_width=\"1600\" data-large_image_height=\"1067\"><img loading=\"lazy\" decoding=\"async\" class=\" wp-image-485787 alignleft\" src=\"https:\/\/www.radiopiu.net\/wordpress\/wp-content\/uploads\/2025\/12\/presentazione-bbc-veneta-fisi-veneto-verona-12-dicembre-2025-300x200.jpeg\" alt=\"\" width=\"197\" height=\"131\" srcset=\"https:\/\/www.radiopiu.net\/wordpress\/wp-content\/uploads\/2025\/12\/presentazione-bbc-veneta-fisi-veneto-verona-12-dicembre-2025-300x200.jpeg 300w, https:\/\/www.radiopiu.net\/wordpress\/wp-content\/uploads\/2025\/12\/presentazione-bbc-veneta-fisi-veneto-verona-12-dicembre-2025-1024x683.jpeg 1024w, https:\/\/www.radiopiu.net\/wordpress\/wp-content\/uploads\/2025\/12\/presentazione-bbc-veneta-fisi-veneto-verona-12-dicembre-2025-768x512.jpeg 768w, https:\/\/www.radiopiu.net\/wordpress\/wp-content\/uploads\/2025\/12\/presentazione-bbc-veneta-fisi-veneto-verona-12-dicembre-2025-1536x1024.jpeg 1536w, https:\/\/www.radiopiu.net\/wordpress\/wp-content\/uploads\/2025\/12\/presentazione-bbc-veneta-fisi-veneto-verona-12-dicembre-2025.jpeg 1600w\" sizes=\"auto, (max-width: 197px) 100vw, 197px\" \/><\/a>Nell\u2019anno Olimpico, il Comitato Regionale Veneto della FISI rafforza il proprio impegno per gli sport invernali con oltre 200 gare programmate e pi\u00f9 di 16mila tesserati, confermandosi la prima regione italiana per iscritti. Centrale l\u2019attenzione verso i pi\u00f9 giovani: circa 1.700 sono atleti under 10. In questo contesto si inserisce la collaborazione con BCC Veneta, ufficializzata a Casa Verona, a sostegno del \u201cProgetto Giovani Talenti\u201d. Il Comitato segue dieci discipline, coinvolgendo 155 club, duemila operatori sportivi, 80 giudici e oltre mille famiglie ogni fine settimana di gara. Il progetto dedica un percorso mirato a 170 ragazze e ragazzi, con investimenti su formazione, scuola e preparazione tecnica, valorizzando l\u2019eredit\u00e0 di Milano-Cortina 2026.<\/p>\n<p>&nbsp;<\/p>\n<p><span style=\"color: #0000ff;\"><strong>VOLLEY<\/strong><\/span><\/p>\n<blockquote>\n<h3>VOLLEY CLUB AGORDINO UNDER 14: TERZO POSTO E STAGIONE IN CRESCITA<\/h3>\n<\/blockquote>\n<p><a class=\"dt-pswp-item\" href=\"https:\/\/www.radiopiu.net\/wordpress\/wp-content\/uploads\/2022\/04\/VOLLEY-CLUB-AGORDINO.jpg\" data-dt-img-description=\"\" data-large_image_width=\"500\" data-large_image_height=\"512\"><img loading=\"lazy\" decoding=\"async\" class=\" wp-image-268787 alignleft\" src=\"https:\/\/www.radiopiu.net\/wordpress\/wp-content\/uploads\/2022\/04\/VOLLEY-CLUB-AGORDINO-293x300.jpg\" alt=\"\" width=\"110\" height=\"113\" srcset=\"https:\/\/www.radiopiu.net\/wordpress\/wp-content\/uploads\/2022\/04\/VOLLEY-CLUB-AGORDINO-293x300.jpg 293w, https:\/\/www.radiopiu.net\/wordpress\/wp-content\/uploads\/2022\/04\/VOLLEY-CLUB-AGORDINO.jpg 500w\" sizes=\"auto, (max-width: 110px) 100vw, 110px\" \/><\/a>Il Volley Club Agordino Under 14 continua a dimostrare solidit\u00e0 e grande crescita nel campionato, confermandosi al terzo posto in classifica con 18 punti. Nell\u2019ultima gara disputata sabato 13 dicembre, le ragazze agordine hanno superato con autorit\u00e0 la Farm Dolomiti Sedico con un netto 3-0, imponendo il proprio gioco fin dai primi scambi. Una prestazione convincente, fatta di attenzione, continuit\u00e0 e spirito di squadra, che conferma il buon lavoro svolto in palestra. Il gruppo mostra miglioramenti costanti sia sul piano tecnico che caratteriale, affrontando ogni partita con determinazione. La classifica premia l\u2019impegno e alimenta entusiasmo in vista dei prossimi appuntamenti stagionali.<\/p>\n<p>&nbsp;<\/p>\n<div class=\"page-title-head hgroup\">\n<h1 class=\"entry-title\">WINTER RUN: OLTRE 500 BABBI NATALE IN CORSA A BELLUNO<\/h1>\n<\/div>\n<div class=\"page-title-breadcrumbs\">\n<p><strong class=\"photoswipe-wrapper\"><a class=\"dt-pswp-item pspw-wrap-ready\" href=\"https:\/\/www.radiopiu.net\/wordpress\/wp-content\/uploads\/2025\/12\/Screenshot-2025-12-15-050709.png\" data-dt-img-description=\"\" data-large_image_width=\"276\" data-large_image_height=\"165\"><img loading=\"lazy\" decoding=\"async\" class=\"size-full wp-image-485951 aligncenter\" src=\"https:\/\/www.radiopiu.net\/wordpress\/wp-content\/uploads\/2025\/12\/Screenshot-2025-12-15-050709.png\" alt=\"\" width=\"276\" height=\"165\" \/><\/a>BELLUNO<\/strong><\/p>\n<p>Oltre 500 partecipanti per la terza edizione della Winter Run, la corsa dei Babbi Natale che ha animato il centro di Belluno tra musica, colori e grande entusiasmo. Partenze affollate per la 3 e la 9 chilometri, con pubblico numeroso lungo il percorso tra piazza dei Martiri e le vie della citt\u00e0.<br data-start=\"360\" data-end=\"363\" \/>Nella prova lunga vittoria allo sprint di Mihail Sirbu su Abdoullah Bamoussa; tra le donne trionfa Manuela Bulf. L\u2019organizzazione parla di numeri \u201coltre ogni\u00a0<strong class=\"photoswipe-wrapper\"><a class=\"dt-pswp-item pspw-wrap-ready\" href=\"https:\/\/www.radiopiu.net\/wordpress\/wp-content\/uploads\/2023\/05\/MANUELA-BULF.jpeg\" data-dt-img-description=\"\" data-large_image_width=\"1120\" data-large_image_height=\"850\"><img loading=\"lazy\" decoding=\"async\" class=\" wp-image-334710 alignleft\" src=\"https:\/\/www.radiopiu.net\/wordpress\/wp-content\/uploads\/2023\/05\/MANUELA-BULF-300x228.jpeg\" sizes=\"auto, (max-width: 228px) 100vw, 228px\" srcset=\"https:\/\/www.radiopiu.net\/wordpress\/wp-content\/uploads\/2023\/05\/MANUELA-BULF-300x228.jpeg 300w, https:\/\/www.radiopiu.net\/wordpress\/wp-content\/uploads\/2023\/05\/MANUELA-BULF-1024x777.jpeg 1024w, https:\/\/www.radiopiu.net\/wordpress\/wp-content\/uploads\/2023\/05\/MANUELA-BULF-768x583.jpeg 768w, https:\/\/www.radiopiu.net\/wordpress\/wp-content\/uploads\/2023\/05\/MANUELA-BULF.jpeg 1120w\" alt=\"\" width=\"228\" height=\"173\" \/><\/a><\/strong>aspettativa\u201d, con pettorali esauriti e grande partecipazione di famiglie e bambini.<\/p>\n<div class=\"articlePlainText\"><strong>Classifiche<\/strong><\/div>\n<div class=\"articlePlainText\">3km Maschile:\u00a01. Trevisson Jacopo 09.41 2. Bogo Riccardo 09.50 3. Somacal Daniel 09.52 4. Boito Alessandro 10.38 5. Bianchet Leonardo 10.38.<\/div>\n<div class=\"articlePlainText\">3 km femminile:\u00a01 Esci Matilde 10.38 2. Uberti Letizia 11.01 3.De Nardo Chiara 11.12 4.Paluselli Sara 11.25 5. Zampieri Beatrice 11.27.<\/div>\n<div class=\"articlePlainText\">9 km maschile:\u00a01 Sirbu Mihail 27.33 2. Bamoussa Abdoullah 27.36 3. Zanella Osvaldo 28.52 4. De Vettori Lorenzo 29.37 5. Gerardini Tommaso 29.57.<\/div>\n<div class=\"articlePlainText\">9 km femminile: Bulf Manuela (FOTO) 32.59 2. Comiotto Francesca 35.13 3. Piccoli Letizia 35.22 4. Boldrin Sabrina 35.27 5. Campigotto Sara in 35.51. \u2014<\/div>\n<\/div>\n<div><\/div>\n<div><\/div>\n<div><\/div>\n<div><\/div>\n<div><\/div>\n<div><\/div>\n<div><\/div>\n<div><\/div>\n<div>\n<hr \/>\n<\/div>\n<p>&nbsp;<\/p>\n<p>&nbsp;<\/p>\n","protected":false},"excerpt":{"rendered":"<p>******** &nbsp; LA NUOVA\u00a0 APP \u00a0 LA\u00a0 APP PER IOS-IPHONE di Nicola Vettorello https:\/\/apps.apple.com\/it\/app\/radio-pi%C3%B9-emittente-agordina\/id1515939845 LA\u00a0 APP RADIO\u00a0 PER ANDROID di Nicola Vettorello https:\/\/play.google.com\/store\/apps\/details?id=net.radiopiu.iniko\u00a0\u00a0\u00a0\u00a0\u00a0 &nbsp; &nbsp; &nbsp; &nbsp; OGGI SU RADIOPI\u00d9: MUSICA, informazione\u00a0 e dirette\u00a0\u00a0 ALLE 8.05 LA RASSEGNA STAMPA LOCALE 8.25 PIU SIAMO&#8230;. DI MARINA DONA&#8217;\u00a0 940 OGGI COME IERI CON SILVIA BALDO 9.50 I&hellip;<\/p>\n","protected":false},"author":4,"featured_media":485890,"comment_status":"closed","ping_status":"closed","sticky":false,"template":"","format":"standard","meta":{"_monsterinsights_skip_tracking":false,"_monsterinsights_sitenote_active":false,"_monsterinsights_sitenote_note":"","_monsterinsights_sitenote_category":0,"footnotes":""},"categories":[51,86,49],"tags":[],"class_list":["post-485747","post","type-post","status-publish","format-standard","has-post-thumbnail","hentry","category-evidenza-top","category-gr","category-news-18","category-51","category-86","category-49","description-off"],"img_url":"https:\/\/www.radiopiu.net\/wordpress\/wp-content\/uploads\/2025\/12\/6d65d7bf-92ca-46b6-b45c-2fdd5d4234e2.jpg","_links":{"self":[{"href":"https:\/\/www.radiopiu.net\/wordpress\/wp-json\/wp\/v2\/posts\/485747","targetHints":{"allow":["GET"]}}],"collection":[{"href":"https:\/\/www.radiopiu.net\/wordpress\/wp-json\/wp\/v2\/posts"}],"about":[{"href":"https:\/\/www.radiopiu.net\/wordpress\/wp-json\/wp\/v2\/types\/post"}],"author":[{"embeddable":true,"href":"https:\/\/www.radiopiu.net\/wordpress\/wp-json\/wp\/v2\/users\/4"}],"replies":[{"embeddable":true,"href":"https:\/\/www.radiopiu.net\/wordpress\/wp-json\/wp\/v2\/comments?post=485747"}],"version-history":[{"count":38,"href":"https:\/\/www.radiopiu.net\/wordpress\/wp-json\/wp\/v2\/posts\/485747\/revisions"}],"predecessor-version":[{"id":485963,"href":"https:\/\/www.radiopiu.net\/wordpress\/wp-json\/wp\/v2\/posts\/485747\/revisions\/485963"}],"wp:featuredmedia":[{"embeddable":true,"href":"https:\/\/www.radiopiu.net\/wordpress\/wp-json\/wp\/v2\/media\/485890"}],"wp:attachment":[{"href":"https:\/\/www.radiopiu.net\/wordpress\/wp-json\/wp\/v2\/media?parent=485747"}],"wp:term":[{"taxonomy":"category","embeddable":true,"href":"https:\/\/www.radiopiu.net\/wordpress\/wp-json\/wp\/v2\/categories?post=485747"},{"taxonomy":"post_tag","embeddable":true,"href":"https:\/\/www.radiopiu.net\/wordpress\/wp-json\/wp\/v2\/tags?post=485747"}],"curies":[{"name":"wp","href":"https:\/\/api.w.org\/{rel}","templated":true}]}}