{"id":485791,"date":"2025-12-15T05:32:07","date_gmt":"2025-12-15T04:32:07","guid":{"rendered":"https:\/\/www.radiopiu.net\/wordpress\/?p=485791"},"modified":"2025-12-15T05:40:33","modified_gmt":"2025-12-15T04:40:33","slug":"giunta-regionale-padrin-bond-porti-in-alto-le-istanze-del-bellunese","status":"publish","type":"post","link":"https:\/\/www.radiopiu.net\/wordpress\/giunta-regionale-padrin-bond-porti-in-alto-le-istanze-del-bellunese\/","title":{"rendered":"GIUNTA REGIONALE, PADRIN: \u201cBOND PORTI IN ALTO LE ISTANZE DEL BELLUNESE\u201d"},"content":{"rendered":"<p>*********<\/p>\n<p>&nbsp;<\/p>\n<p><strong><a class=\"dt-pswp-item\" href=\"https:\/\/www.radiopiu.net\/wordpress\/wp-content\/uploads\/2025\/12\/PALAZZO-FERRO-FINI.jpg\" data-dt-img-description=\"\" data-large_image_width=\"640\" data-large_image_height=\"480\"><img loading=\"lazy\" decoding=\"async\" class=\" wp-image-485792 alignleft\" src=\"https:\/\/www.radiopiu.net\/wordpress\/wp-content\/uploads\/2025\/12\/PALAZZO-FERRO-FINI-300x225.jpg\" alt=\"\" width=\"224\" height=\"168\" srcset=\"https:\/\/www.radiopiu.net\/wordpress\/wp-content\/uploads\/2025\/12\/PALAZZO-FERRO-FINI-300x225.jpg 300w, https:\/\/www.radiopiu.net\/wordpress\/wp-content\/uploads\/2025\/12\/PALAZZO-FERRO-FINI.jpg 640w\" sizes=\"auto, (max-width: 224px) 100vw, 224px\" \/><\/a>BELLUNO <\/strong>Belluno guarda con favore alla nuova Giunta regionale e alla nomina di Dario Bond come assessore. A poche ore dall\u2019annuncio ufficiale, il presidente della Provincia di Belluno, Roberto Padrin, esprime soddisfazione per la conferma di un rappresentante bellunese nell\u2019esecutivo veneto. \u00ab\u00c8 un\u2019ottima notizia per il nostro territorio \u2013 sottolinea Padrin \u2013 che ha esigenze particolari e grandi potenzialit\u00e0. Bond conosce bene la realt\u00e0 bellunese e sapr\u00e0 rappresentarla con competenza nei tavoli regionali\u00bb. Padrin evidenzia l\u2019esperienza amministrativa maturata da Bond negli anni e il valore aggiunto dell\u2019Assessorato alla montagna, ringraziando il presidente della Regione, Alberto Stefani, per la sensibilit\u00e0 dimostrata. Un augurio di buon lavoro viene rivolto anche a Silvia Calligaro, neo consigliera regionale, e ad Alessandro Del Bianco, chiamati a contribuire, da ruoli diversi, al bene della provincia. Sulla stessa linea Lorraine Berton, presidente di Confindustria Belluno Dolomiti, che accoglie positivamente l\u2019istituzione di un referato per le terre alte. \u00abLa montagna ha bisogno di una cabina di regia \u2013 afferma \u2013 soprattutto in vista delle Olimpiadi Milano Cortina 2026\u00bb. La nomina di Bond rappresenta, secondo Berton, \u00abun primo passo concreto\u00bb verso una nuova fase di programmazione e responsabilit\u00e0 per il futuro del territorio.<\/p>\n<p>&nbsp;<\/p>\n<p>&nbsp;<\/p>\n<p>&nbsp;<\/p>\n<p>&nbsp;<\/p>\n<p>********<\/p>\n","protected":false},"excerpt":{"rendered":"<p>********* &nbsp; BELLUNO Belluno guarda con favore alla nuova Giunta regionale e alla nomina di Dario Bond come assessore. A poche ore dall\u2019annuncio ufficiale, il presidente della Provincia di Belluno, Roberto Padrin, esprime soddisfazione per la conferma di un rappresentante bellunese nell\u2019esecutivo veneto. \u00ab\u00c8 un\u2019ottima notizia per il nostro territorio \u2013 sottolinea Padrin \u2013 che&hellip;<\/p>\n","protected":false},"author":4,"featured_media":485792,"comment_status":"closed","ping_status":"closed","sticky":false,"template":"","format":"standard","meta":{"_monsterinsights_skip_tracking":false,"_monsterinsights_sitenote_active":false,"_monsterinsights_sitenote_note":"","_monsterinsights_sitenote_category":0,"footnotes":""},"categories":[51,49],"tags":[],"class_list":["post-485791","post","type-post","status-publish","format-standard","has-post-thumbnail","hentry","category-evidenza-top","category-news-18","category-51","category-49","description-off"],"img_url":"https:\/\/www.radiopiu.net\/wordpress\/wp-content\/uploads\/2025\/12\/PALAZZO-FERRO-FINI.jpg","_links":{"self":[{"href":"https:\/\/www.radiopiu.net\/wordpress\/wp-json\/wp\/v2\/posts\/485791","targetHints":{"allow":["GET"]}}],"collection":[{"href":"https:\/\/www.radiopiu.net\/wordpress\/wp-json\/wp\/v2\/posts"}],"about":[{"href":"https:\/\/www.radiopiu.net\/wordpress\/wp-json\/wp\/v2\/types\/post"}],"author":[{"embeddable":true,"href":"https:\/\/www.radiopiu.net\/wordpress\/wp-json\/wp\/v2\/users\/4"}],"replies":[{"embeddable":true,"href":"https:\/\/www.radiopiu.net\/wordpress\/wp-json\/wp\/v2\/comments?post=485791"}],"version-history":[{"count":1,"href":"https:\/\/www.radiopiu.net\/wordpress\/wp-json\/wp\/v2\/posts\/485791\/revisions"}],"predecessor-version":[{"id":485793,"href":"https:\/\/www.radiopiu.net\/wordpress\/wp-json\/wp\/v2\/posts\/485791\/revisions\/485793"}],"wp:featuredmedia":[{"embeddable":true,"href":"https:\/\/www.radiopiu.net\/wordpress\/wp-json\/wp\/v2\/media\/485792"}],"wp:attachment":[{"href":"https:\/\/www.radiopiu.net\/wordpress\/wp-json\/wp\/v2\/media?parent=485791"}],"wp:term":[{"taxonomy":"category","embeddable":true,"href":"https:\/\/www.radiopiu.net\/wordpress\/wp-json\/wp\/v2\/categories?post=485791"},{"taxonomy":"post_tag","embeddable":true,"href":"https:\/\/www.radiopiu.net\/wordpress\/wp-json\/wp\/v2\/tags?post=485791"}],"curies":[{"name":"wp","href":"https:\/\/api.w.org\/{rel}","templated":true}]}}