{"id":485797,"date":"2025-12-13T19:05:44","date_gmt":"2025-12-13T18:05:44","guid":{"rendered":"https:\/\/www.radiopiu.net\/wordpress\/?p=485797"},"modified":"2025-12-13T19:05:44","modified_gmt":"2025-12-13T18:05:44","slug":"poche-emozioni-a-cortina-per-le-snowboarder-bellunesi","status":"publish","type":"post","link":"https:\/\/www.radiopiu.net\/wordpress\/poche-emozioni-a-cortina-per-le-snowboarder-bellunesi\/","title":{"rendered":"POCHE EMOZIONI A CORTINA PER LE SNOWBOARDER BELLUNESI"},"content":{"rendered":"<p>********<\/p>\n<p>&nbsp;<\/p>\n<p><strong><a class=\"dt-pswp-item\" href=\"https:\/\/www.radiopiu.net\/wordpress\/wp-content\/uploads\/2023\/02\/Dalmasso-Bakuriani-19-2-2023-1068x584-1.jpg\" data-dt-img-description=\"\" data-large_image_width=\"1068\" data-large_image_height=\"584\"><img loading=\"lazy\" decoding=\"async\" class=\" wp-image-323003 alignleft\" src=\"https:\/\/www.radiopiu.net\/wordpress\/wp-content\/uploads\/2023\/02\/Dalmasso-Bakuriani-19-2-2023-1068x584-1-300x164.jpg\" alt=\"\" width=\"185\" height=\"101\" srcset=\"https:\/\/www.radiopiu.net\/wordpress\/wp-content\/uploads\/2023\/02\/Dalmasso-Bakuriani-19-2-2023-1068x584-1-300x164.jpg 300w, https:\/\/www.radiopiu.net\/wordpress\/wp-content\/uploads\/2023\/02\/Dalmasso-Bakuriani-19-2-2023-1068x584-1-1024x560.jpg 1024w, https:\/\/www.radiopiu.net\/wordpress\/wp-content\/uploads\/2023\/02\/Dalmasso-Bakuriani-19-2-2023-1068x584-1-768x420.jpg 768w, https:\/\/www.radiopiu.net\/wordpress\/wp-content\/uploads\/2023\/02\/Dalmasso-Bakuriani-19-2-2023-1068x584-1.jpg 1068w\" sizes=\"auto, (max-width: 185px) 100vw, 185px\" \/><\/a>CORTINA<\/strong> A Cortina d\u2019Ampezzo si \u00e8 svolta una giornata intensa di snowboard gigante parallelo, con buoni risultati e qualche rammarico per le atlete azzurre. Lucia Dalmasso ha chiuso la sua prova agli ottavi di finale dopo una qualifica molto positiva, conclusa al settimo posto. Un piazzamento che lasciava ben sperare, ma nella fase a eliminazione diretta l\u2019atleta non \u00e8 riuscita a confermarsi, uscendo di scena contro un\u2019avversaria solida e determinata. Percorso simile per Elisa Cafont, protagonista di un\u2019ottima qualifica chiusa al secondo posto. Nei quarti di finale, per\u00f2, la snowboarder non \u00e8 riuscita a mantenere il ritmo mostrato in precedenza ed \u00e8 stata eliminata. Resta comunque una prestazione complessiva incoraggiante in vista dei prossimi appuntamenti stagionali.<\/p>\n<p>&nbsp;<\/p>\n<p>&nbsp;<\/p>\n<p>*********<\/p>\n","protected":false},"excerpt":{"rendered":"<p>******** &nbsp; CORTINA A Cortina d\u2019Ampezzo si \u00e8 svolta una giornata intensa di snowboard gigante parallelo, con buoni risultati e qualche rammarico per le atlete azzurre. Lucia Dalmasso ha chiuso la sua prova agli ottavi di finale dopo una qualifica molto positiva, conclusa al settimo posto. Un piazzamento che lasciava ben sperare, ma nella fase&hellip;<\/p>\n","protected":false},"author":4,"featured_media":323003,"comment_status":"closed","ping_status":"closed","sticky":false,"template":"","format":"standard","meta":{"_monsterinsights_skip_tracking":false,"_monsterinsights_sitenote_active":false,"_monsterinsights_sitenote_note":"","_monsterinsights_sitenote_category":0,"footnotes":""},"categories":[51,49],"tags":[],"class_list":["post-485797","post","type-post","status-publish","format-standard","has-post-thumbnail","hentry","category-evidenza-top","category-news-18","category-51","category-49","description-off"],"img_url":"https:\/\/www.radiopiu.net\/wordpress\/wp-content\/uploads\/2023\/02\/Dalmasso-Bakuriani-19-2-2023-1068x584-1.jpg","_links":{"self":[{"href":"https:\/\/www.radiopiu.net\/wordpress\/wp-json\/wp\/v2\/posts\/485797","targetHints":{"allow":["GET"]}}],"collection":[{"href":"https:\/\/www.radiopiu.net\/wordpress\/wp-json\/wp\/v2\/posts"}],"about":[{"href":"https:\/\/www.radiopiu.net\/wordpress\/wp-json\/wp\/v2\/types\/post"}],"author":[{"embeddable":true,"href":"https:\/\/www.radiopiu.net\/wordpress\/wp-json\/wp\/v2\/users\/4"}],"replies":[{"embeddable":true,"href":"https:\/\/www.radiopiu.net\/wordpress\/wp-json\/wp\/v2\/comments?post=485797"}],"version-history":[{"count":1,"href":"https:\/\/www.radiopiu.net\/wordpress\/wp-json\/wp\/v2\/posts\/485797\/revisions"}],"predecessor-version":[{"id":485798,"href":"https:\/\/www.radiopiu.net\/wordpress\/wp-json\/wp\/v2\/posts\/485797\/revisions\/485798"}],"wp:featuredmedia":[{"embeddable":true,"href":"https:\/\/www.radiopiu.net\/wordpress\/wp-json\/wp\/v2\/media\/323003"}],"wp:attachment":[{"href":"https:\/\/www.radiopiu.net\/wordpress\/wp-json\/wp\/v2\/media?parent=485797"}],"wp:term":[{"taxonomy":"category","embeddable":true,"href":"https:\/\/www.radiopiu.net\/wordpress\/wp-json\/wp\/v2\/categories?post=485797"},{"taxonomy":"post_tag","embeddable":true,"href":"https:\/\/www.radiopiu.net\/wordpress\/wp-json\/wp\/v2\/tags?post=485797"}],"curies":[{"name":"wp","href":"https:\/\/api.w.org\/{rel}","templated":true}]}}