{"id":485861,"date":"2025-12-15T05:30:12","date_gmt":"2025-12-15T04:30:12","guid":{"rendered":"https:\/\/www.radiopiu.net\/wordpress\/?p=485861"},"modified":"2025-12-15T05:41:16","modified_gmt":"2025-12-15T04:41:16","slug":"20-anni-dal-restauro-della-chiesa-di-san-michele-arcangelo","status":"publish","type":"post","link":"https:\/\/www.radiopiu.net\/wordpress\/20-anni-dal-restauro-della-chiesa-di-san-michele-arcangelo\/","title":{"rendered":"20 ANNI DAL RESTAURO DELLA CHIESA DI SAN MICHELE ARCANGELO"},"content":{"rendered":"<p>********<\/p>\n<p>&nbsp;<\/p>\n<p><strong>DI TIZIANO DE COL<\/strong><\/p>\n<p>In occasione del ventennale del restauro della Chiesa di San Michele Arcangelo (2005\u20132025), viene proposto un momento di memoria e valorizzazione di un intervento che ha segnato profondamente la comunit\u00e0. I lavori, conclusi nel 2005, hanno restituito alla chiesa il suo splendore originario, salvaguardando un patrimonio storico, artistico e spirituale di grande valore. Per celebrare l\u2019anniversario, \u00e8 stata allestita una rassegna stampa che raccoglie alcuni articoli pubblicati nel corso degli anni, testimoniando le fasi, le difficolt\u00e0 e l\u2019importanza del restauro. L\u2019esposizione \u00e8 arricchita da fotografie degli interni, scattate durante e dopo i lavori, che documentano con forza visiva la rinascita della chiesa. Un\u2019occasione per riscoprire storia, impegno e identit\u00e0 condivisa.<\/p>\n<p><strong>IL COMUNICATO DI PASQUA 2005<\/strong><\/p>\n<p><a class=\"dt-pswp-item\" href=\"https:\/\/www.radiopiu.net\/wordpress\/wp-content\/uploads\/2025\/12\/SCR-20251214-kfqd.png\" data-dt-img-description=\"\" data-large_image_width=\"760\" data-large_image_height=\"1160\"><img loading=\"lazy\" decoding=\"async\" class=\" wp-image-485862 alignleft\" src=\"https:\/\/www.radiopiu.net\/wordpress\/wp-content\/uploads\/2025\/12\/SCR-20251214-kfqd-197x300.png\" alt=\"\" width=\"146\" height=\"222\" srcset=\"https:\/\/www.radiopiu.net\/wordpress\/wp-content\/uploads\/2025\/12\/SCR-20251214-kfqd-197x300.png 197w, https:\/\/www.radiopiu.net\/wordpress\/wp-content\/uploads\/2025\/12\/SCR-20251214-kfqd-671x1024.png 671w, https:\/\/www.radiopiu.net\/wordpress\/wp-content\/uploads\/2025\/12\/SCR-20251214-kfqd.png 760w\" sizes=\"auto, (max-width: 146px) 100vw, 146px\" \/><\/a>La Chiesa di San Michele Arcangelo sar\u00e0 resa parzialmente agibile per il giorno di Pasqua. Infatti, i lavori di restauro, progettati e coordinati dall\u2019Arch. Marino Baldin lasciano libera la restaurata volta dell\u2019ampia navata della Chiesa. E\u2019 infatti stata tolta la grande impalcatura centrale che, insieme alle due imponenti impalcature laterali (ancora in essere per consentire il restauro delle pareti), sosteneva l\u2019impalcato in tavole posto all\u2019altezza della volta, il quale consentiva ai restauratori dell\u2019 Impresa De Cian, di ben operare per il restauro della volta. Fatto notevole per la Comunit\u00e0 Lavallese \u00e8 dato dalla partecipazione al restauro, all\u2019 interno dell\u2019equipe dei restauratori coordinata dall\u2019 Arch. Marino Baldin, anche di una giovane restauratrice Lavallese, Stefania De Zorzi. Il restauro, oltre che far onore a tutta la Parrocchia ed ai Parrocchiani di San Michele Arcangelo di La Valle, premia la caparbiet\u00e0 di un parrocco, Don Cesare Vazza che, talvolta remando controcorrente rispetto a idee ritenute predominanti nel paese, ma alla fine dimostratesi solamente disfattiste, \u00e8 riuscito a portare avanti, per gradi, in pieno accordo con la Curia e la Sovrintendenza, prima il livello progettuale dell\u2019opera, poi, progetto alla mano ha bussato alle porte di Regione Veneto, Curia, Fondazione Cariverona per ottenere le risorse necessarie per il finanziamento dell\u2019opera di restauro. Unitamente a queste, moltissimi fedeli hanno dato sostegno all\u2019iniziativa del restauro, dimostrando una unit\u00e0 parrocchiale che per taluni sembrava scemata. Scorrendo la relazione dell\u2019Arch.Baldin si legge del grande sforzo, spinto dalla devozione, che i Regolieri\u00a0 della Val e Parrocchiani di San Michele Arcangelo (La Regola divenuta poi Comune ha sempre coinciso con i confini della Parrocchia) fecero, nei primi anni del 1700 per erigere ed adornare questa bella e possente Chiesa, eretta al posto (ma in altro luogo) della precedente trecentesca, distrutta dalla B\u00f2a del 1701. Nella relazione spiccano alcuni importanti passaggi, quali la possanza della Chiesa e del suo campanile alto circa 35 metri e con la muratura di base avente uno spessore di 1,5 metri, praticamente una torre, con tetto a guglia molto spiovente come quello della Chiesa e l\u2019ampiezza della navata centrale, insolitamente ampia rispetto alle coeve strutture nei paesi circostanti, tanto ampia che Giovanni Foppa, il suo costruttore, temendone il crollo, abbandon\u00f2 il paese senza ritirare il compenso patuito, tuttavia ritorn\u00f2 nel 1719 per la costruzione del campanile. (Disegno Architetto Marino Baldin)<\/p>\n<p><strong>IL COMUNICATO DI NOVEMBRE 2005<\/strong><\/p>\n<p>Domenica 14 novembre sono stati inaugurati e benedetti i restaurati affreschi della Chiesa di San Michele Arcangelo in La Valle Agordina. Il restauro ha interessato anchele parti lignee de presbiterio e l\u2019intero impianto di illuminazione della Chiesa. Inoltre, approfittando dei concomitanti lavori di sistemazione della Piazza esterna alla Chiesa, svolti\u00a0 a cura dell\u2019Amministrazione Comunale, sono stati eseguiti i drenaggi esterni per impedire il risalire dell\u2019umidit\u00e0 lungo i muri della Chiesa e la sua penetrazione all\u2019interno della stessa. Grande la soddisfazione del Parroco, Don Cesare Vazza e della intera Comunit\u00e0 Lavallese per il risultato raggiunto. Infatti,\u00a0 la navata centrale, insolita tra le Chiese Agordine per la sua ampiezza, \u00e8 stata completamente ripulita dalla polvere e dai fumi prodotti dal secolare fumo delle candele e dall\u2019impianto di riscaldamento. L\u2019opera di pulitura ha fatto venire alla luce ben due strati di pittura recente, sovrapposti alla tinteggiatura del Segusini risalente al 1861-1862. I due strati pi\u00f9 recenti, che avevano incupito la Chiesa, sono stati accuratamente rimossi riportando alla luce la pi\u00f9 chiara struttura tardo ottocentesca. Questa operazione, eseguita su tutta la navata, ha ridato grande luminosit\u00e0 alla Chiesa ed ampliato la percezione di maestosit\u00e0 della navata stessa. Per eseguire questi lavori, l\u2019 Impresa De Cian, guidata dall\u2019 Arch. Marino Baldin e dalla dott.ssa Rotondo della Sopraintendenza del Veneto, ha dovuto realizzare un grande impalcato in legno della stessa superficie della navata, posto in sommit\u00e0 alle pareti della Chiesa e sorretto da\u00a0 da due grandi impalcature laterali e da una centrale. Lo stesso sistema \u00e8 stato utilizzato per il restauro del Presbiterio. La popolazione di La Valle Agordina ha avuto la soddisfazione di vedere ben operare, con ampia stima delle maestraze e della direzione lavori, anche una lavallese, Stefania De Zorzi, restauratrice. Visti gli alti costi per la protezione dell\u2019Altar Maggiore, \u00e8 stato deciso di anticipare il suo restauro,previsto pi\u00f9 in l\u00e0 nel tempo, quindi di smontarlo e portarlo in laboratorio per i lavori. Ora , l\u2019Altare restaurato, realizzato dal Brustolon, fa bella mostra di s\u00e9 nella sua originaria bellezza, contornato dalle restaurate parti lignee del Presbiterio. Durante il discorso, Don Cesare Vazza ha ringraziato quanti hanno contribuito economicamente e con il lavoro volontario al restauro, in particolare la Fondazione Cariverona, la Regione Veneto nella persona dell\u2019 ex Assessore Pra (che il Parroco ha definito \u201c il nostro Floriano Pra\u201d), e la CEI (Conferenza Episcopale Italiana), che sono stati tra i pi\u00f9 importanti finanziatori dell\u2019opera insieme a tutti i fedeli di La Valle che non hanno lesinato le offerte per il restauro della loro Chiesa. Nel suo saluto, il Sindaco Tiziano De Col, ha ringraziato e salutato i partecipanti alla cerimonia ed ai restauri, ha rimarcato la necessit\u00e0 di aiuto che avr\u00e0 la comunit\u00e0 lavallese nei prossimi anni per completare il restauro esterno prima del 2008, anno in cui cade il trecentesimo della dedicazione della Chiesa e per questo ha invocato un ulteriore particolare aiuto da parte della Regione Veneto. Ha fatto quindi notare che, ora che il contenitore \u00e8 rinnovato, bisogna lavorare insieme, come da sempre accaduto nel passato del paese, tra Comune e Parrocchia, tra Parroco e Sindaco, tra Consiglio Comunale e Consiglio Parrocchiale in modo da poter continuare a rinnovare e migliorare, oltre che la Chiesa, anche la Comunit\u00e0 Lavallese.<\/p>\n<p><strong>LA DESCRIZIONE DELLA CHIESA 2006<\/strong><\/p>\n<p>Agosto ricorda la dedicazione della Chiesa a San Michele Arcangelo in La Valle Agordina avvenuta il 5 Agosto 1708. La Chiesa quest\u2019anno \u00e8 anche inserita nel circuito \u201cTesori d\u2019arte nelle Chiese dell\u2019Agordino\u201d oggetto anche delle pubblicazione di un volume e di un cd. All\u2019interno della Chiesa, a navata unica, restaurata dal Segusini nella seconda met\u00e0 del secolo 19\u00b0, insolitamente grande e dalle corrette proporzioni,\u00a0 trovano posto diverse opere artistiche di particolare interesse. L\u2019altar maggiore, opera dello scultore Valentino Panciera Besarel, realizzato nella seconda met\u00e0 del secolo 19\u00b0, con inserito un tabernacolo del Brustolon appartenente all\u2019altar maggiore della vecchia Chiesa distrutta da una frana nel 1701. Il tabernacolo \u00e8 stato realizzato nel 1697 appunto dal Brustolon. L\u2019altare \u00e8 stato ristrutturato come tutta l\u2019abside e l\u2019interno della Chiesa (a parte gli altri altari) lo scorso anno. A tergo dell\u2019 altar maggiore \u00e8 posta una pala del Fossa (1706) in una cornice sempre del Besarel, rappresentante San Michele Arcangelo. Negli altri quattro altari, due in stile neoclassico e altri due in stile tardo roccocc\u00f2, trovano posto una statua di San Giuseppe realizzata da Besarel padre alla met\u00e0 del 19\u00b0 secolo, una pala del Lazzarini del 1708 raffigurante San Antonio Abate e San Francesco, una pala del Ridolfi del 1708 raffigurante San Domenico Guzman, una pala del Fossa del\u00a0 1706, commissionata all\u2019autore da\u00a0 Pietro Mamani \u201cper sua divotione\u201d, ora posizionata sull\u2019altare delle Anime o dei \u201cCareghete\u201d (seggiolai) appartenente al vecchio altare di San Gregorio Magno. I dipinti dell\u2019abside sono stati eseguiti dal Licini nel 1942. La grande volta centrale della Chiesa, realizzata dal Foppa nel 1712 aveva destato qualche perplessit\u00e0 di stabilit\u00e0 da parte dello stesso realizzatore, tanto che la tradizione paesana vuole che si fosse allontanato dal paese senza ricevere il compenso per la paura che la volta cedesse; ritorn\u00f2 cinque anni dopo, forse tranquillizzato, per la realizzazione della possente torre campanaria, alta 35 metri i cui muri alla base hanno uno spessore di 1,20 metri.<\/p>\n<p><strong>LE FOTO DALL&#8217;ARCHIVIO DI TIZIANO DE COL<\/strong><\/p>\n\n\t\t\t<style type='text\/css'>\n\t\t\t\t#gallery-1 {\n\t\t\t\t\tmargin: auto;\n\t\t\t\t}\n\t\t\t\t#gallery-1 .gallery-item {\n\t\t\t\t\tfloat: left;\n\t\t\t\t\tmargin-top: 10px;\n\t\t\t\t\ttext-align: center;\n\t\t\t\t\twidth: 20%;\n\t\t\t\t}\n\t\t\t\t#gallery-1 img {\n\t\t\t\t\tborder: 2px solid #cfcfcf;\n\t\t\t\t}\n\t\t\t\t#gallery-1 .gallery-caption {\n\t\t\t\t\tmargin-left: 0;\n\t\t\t\t}\n\t\t\t\t\/* see gallery_shortcode() in wp-includes\/media.php *\/\n\t\t\t<\/style>\n\t\t<div id='gallery-1' class='dt-gallery-container gallery galleryid-485861 gallery-columns-5 gallery-size-thumbnail'><dl class='gallery-item'>\n\t\t\t\t<dt class='gallery-icon landscape'>\n\t\t\t\t\t<a class=\"rollover rollover-zoom dt-pswp-item\" title=\"2d12ccf5-deb7-48e0-9d06-d7acc814aca4\" data-dt-img-description=\"\" data-large_image_width=\"1600\" data-large_image_height=\"1200\"href='https:\/\/www.radiopiu.net\/wordpress\/wp-content\/uploads\/2025\/12\/2d12ccf5-deb7-48e0-9d06-d7acc814aca4.jpg'><img loading=\"lazy\" decoding=\"async\" width=\"150\" height=\"150\" src=\"https:\/\/www.radiopiu.net\/wordpress\/wp-content\/uploads\/2025\/12\/2d12ccf5-deb7-48e0-9d06-d7acc814aca4-150x150.jpg\" class=\"attachment-thumbnail size-thumbnail\" alt=\"\" \/><\/a>\n\t\t\t\t<\/dt><\/dl><dl class='gallery-item'>\n\t\t\t\t<dt class='gallery-icon portrait'>\n\t\t\t\t\t<a class=\"rollover rollover-zoom dt-pswp-item\" title=\"84213a56-f5e5-4176-833c-fbbdfe0adef4\" data-dt-img-description=\"\" data-large_image_width=\"1200\" data-large_image_height=\"1600\"href='https:\/\/www.radiopiu.net\/wordpress\/wp-content\/uploads\/2025\/12\/84213a56-f5e5-4176-833c-fbbdfe0adef4.jpg'><img loading=\"lazy\" decoding=\"async\" width=\"150\" height=\"150\" src=\"https:\/\/www.radiopiu.net\/wordpress\/wp-content\/uploads\/2025\/12\/84213a56-f5e5-4176-833c-fbbdfe0adef4-150x150.jpg\" class=\"attachment-thumbnail size-thumbnail\" alt=\"\" \/><\/a>\n\t\t\t\t<\/dt><\/dl><dl class='gallery-item'>\n\t\t\t\t<dt class='gallery-icon portrait'>\n\t\t\t\t\t<a class=\"rollover rollover-zoom dt-pswp-item\" title=\"ac0e39c9-2b30-4a75-a4d1-d1949f3b38ca\" data-dt-img-description=\"\" data-large_image_width=\"1200\" data-large_image_height=\"1600\"href='https:\/\/www.radiopiu.net\/wordpress\/wp-content\/uploads\/2025\/12\/ac0e39c9-2b30-4a75-a4d1-d1949f3b38ca.jpg'><img loading=\"lazy\" decoding=\"async\" width=\"150\" height=\"150\" src=\"https:\/\/www.radiopiu.net\/wordpress\/wp-content\/uploads\/2025\/12\/ac0e39c9-2b30-4a75-a4d1-d1949f3b38ca-150x150.jpg\" class=\"attachment-thumbnail size-thumbnail\" alt=\"\" \/><\/a>\n\t\t\t\t<\/dt><\/dl><dl class='gallery-item'>\n\t\t\t\t<dt class='gallery-icon landscape'>\n\t\t\t\t\t<a class=\"rollover rollover-zoom dt-pswp-item\" title=\"0fb709c3-ad3e-4a54-8868-301e18aa0d86\" data-dt-img-description=\"\" data-large_image_width=\"1600\" data-large_image_height=\"1200\"href='https:\/\/www.radiopiu.net\/wordpress\/wp-content\/uploads\/2025\/12\/0fb709c3-ad3e-4a54-8868-301e18aa0d86.jpg'><img loading=\"lazy\" decoding=\"async\" width=\"150\" height=\"150\" src=\"https:\/\/www.radiopiu.net\/wordpress\/wp-content\/uploads\/2025\/12\/0fb709c3-ad3e-4a54-8868-301e18aa0d86-150x150.jpg\" class=\"attachment-thumbnail size-thumbnail\" alt=\"\" \/><\/a>\n\t\t\t\t<\/dt><\/dl><dl class='gallery-item'>\n\t\t\t\t<dt class='gallery-icon portrait'>\n\t\t\t\t\t<a class=\"rollover rollover-zoom dt-pswp-item\" title=\"0e3c5528-44af-40cc-9856-ec74cd90ec03\" data-dt-img-description=\"\" data-large_image_width=\"1200\" data-large_image_height=\"1600\"href='https:\/\/www.radiopiu.net\/wordpress\/wp-content\/uploads\/2025\/12\/0e3c5528-44af-40cc-9856-ec74cd90ec03.jpg'><img loading=\"lazy\" decoding=\"async\" width=\"150\" height=\"150\" src=\"https:\/\/www.radiopiu.net\/wordpress\/wp-content\/uploads\/2025\/12\/0e3c5528-44af-40cc-9856-ec74cd90ec03-150x150.jpg\" class=\"attachment-thumbnail size-thumbnail\" alt=\"\" \/><\/a>\n\t\t\t\t<\/dt><\/dl><br style=\"clear: both\" \/><dl class='gallery-item'>\n\t\t\t\t<dt class='gallery-icon landscape'>\n\t\t\t\t\t<a class=\"rollover rollover-zoom dt-pswp-item\" title=\"4d9d4c2f-3a47-439e-9015-3bd795d256c3\" data-dt-img-description=\"\" data-large_image_width=\"1600\" data-large_image_height=\"1200\"href='https:\/\/www.radiopiu.net\/wordpress\/wp-content\/uploads\/2025\/12\/4d9d4c2f-3a47-439e-9015-3bd795d256c3.jpg'><img loading=\"lazy\" decoding=\"async\" width=\"150\" height=\"150\" src=\"https:\/\/www.radiopiu.net\/wordpress\/wp-content\/uploads\/2025\/12\/4d9d4c2f-3a47-439e-9015-3bd795d256c3-150x150.jpg\" class=\"attachment-thumbnail size-thumbnail\" alt=\"\" \/><\/a>\n\t\t\t\t<\/dt><\/dl><dl class='gallery-item'>\n\t\t\t\t<dt class='gallery-icon portrait'>\n\t\t\t\t\t<a class=\"rollover rollover-zoom dt-pswp-item\" title=\"631eb578-467a-4733-9594-9f3ce901cfac\" data-dt-img-description=\"\" data-large_image_width=\"1200\" data-large_image_height=\"1600\"href='https:\/\/www.radiopiu.net\/wordpress\/wp-content\/uploads\/2025\/12\/631eb578-467a-4733-9594-9f3ce901cfac.jpg'><img loading=\"lazy\" decoding=\"async\" width=\"150\" height=\"150\" src=\"https:\/\/www.radiopiu.net\/wordpress\/wp-content\/uploads\/2025\/12\/631eb578-467a-4733-9594-9f3ce901cfac-150x150.jpg\" class=\"attachment-thumbnail size-thumbnail\" alt=\"\" \/><\/a>\n\t\t\t\t<\/dt><\/dl><dl class='gallery-item'>\n\t\t\t\t<dt class='gallery-icon portrait'>\n\t\t\t\t\t<a class=\"rollover rollover-zoom dt-pswp-item\" title=\"0017ec89-c3b2-4051-8cf8-5b01ace0c441\" data-dt-img-description=\"\" data-large_image_width=\"1200\" data-large_image_height=\"1600\"href='https:\/\/www.radiopiu.net\/wordpress\/wp-content\/uploads\/2025\/12\/0017ec89-c3b2-4051-8cf8-5b01ace0c441.jpg'><img loading=\"lazy\" decoding=\"async\" width=\"150\" height=\"150\" src=\"https:\/\/www.radiopiu.net\/wordpress\/wp-content\/uploads\/2025\/12\/0017ec89-c3b2-4051-8cf8-5b01ace0c441-150x150.jpg\" class=\"attachment-thumbnail size-thumbnail\" alt=\"\" \/><\/a>\n\t\t\t\t<\/dt><\/dl><dl class='gallery-item'>\n\t\t\t\t<dt class='gallery-icon portrait'>\n\t\t\t\t\t<a class=\"rollover rollover-zoom dt-pswp-item\" title=\"3d9422b2-b156-4db2-8011-a524b52f4aca\" data-dt-img-description=\"\" data-large_image_width=\"1200\" data-large_image_height=\"1600\"href='https:\/\/www.radiopiu.net\/wordpress\/wp-content\/uploads\/2025\/12\/3d9422b2-b156-4db2-8011-a524b52f4aca.jpg'><img loading=\"lazy\" decoding=\"async\" width=\"150\" height=\"150\" src=\"https:\/\/www.radiopiu.net\/wordpress\/wp-content\/uploads\/2025\/12\/3d9422b2-b156-4db2-8011-a524b52f4aca-150x150.jpg\" class=\"attachment-thumbnail size-thumbnail\" alt=\"\" \/><\/a>\n\t\t\t\t<\/dt><\/dl><dl class='gallery-item'>\n\t\t\t\t<dt class='gallery-icon portrait'>\n\t\t\t\t\t<a class=\"rollover rollover-zoom dt-pswp-item\" title=\"4feea1c4-887c-4fa9-830b-3ac6d6a58958\" data-dt-img-description=\"\" data-large_image_width=\"1200\" data-large_image_height=\"1600\"href='https:\/\/www.radiopiu.net\/wordpress\/wp-content\/uploads\/2025\/12\/4feea1c4-887c-4fa9-830b-3ac6d6a58958.jpg'><img loading=\"lazy\" decoding=\"async\" width=\"150\" height=\"150\" src=\"https:\/\/www.radiopiu.net\/wordpress\/wp-content\/uploads\/2025\/12\/4feea1c4-887c-4fa9-830b-3ac6d6a58958-150x150.jpg\" class=\"attachment-thumbnail size-thumbnail\" alt=\"\" \/><\/a>\n\t\t\t\t<\/dt><\/dl><br style=\"clear: both\" \/><dl class='gallery-item'>\n\t\t\t\t<dt class='gallery-icon portrait'>\n\t\t\t\t\t<a class=\"rollover rollover-zoom dt-pswp-item\" title=\"87a74987-9f18-49e0-9532-8f957a2d803d\" data-dt-img-description=\"\" data-large_image_width=\"1200\" data-large_image_height=\"1600\"href='https:\/\/www.radiopiu.net\/wordpress\/wp-content\/uploads\/2025\/12\/87a74987-9f18-49e0-9532-8f957a2d803d.jpg'><img loading=\"lazy\" decoding=\"async\" width=\"150\" height=\"150\" src=\"https:\/\/www.radiopiu.net\/wordpress\/wp-content\/uploads\/2025\/12\/87a74987-9f18-49e0-9532-8f957a2d803d-150x150.jpg\" class=\"attachment-thumbnail size-thumbnail\" alt=\"\" \/><\/a>\n\t\t\t\t<\/dt><\/dl><dl class='gallery-item'>\n\t\t\t\t<dt class='gallery-icon landscape'>\n\t\t\t\t\t<a class=\"rollover rollover-zoom dt-pswp-item\" title=\"4d01597f-db18-4c3f-9faf-7d16872b2071\" data-dt-img-description=\"\" data-large_image_width=\"1600\" data-large_image_height=\"1200\"href='https:\/\/www.radiopiu.net\/wordpress\/wp-content\/uploads\/2025\/12\/4d01597f-db18-4c3f-9faf-7d16872b2071.jpg'><img loading=\"lazy\" decoding=\"async\" width=\"150\" height=\"150\" src=\"https:\/\/www.radiopiu.net\/wordpress\/wp-content\/uploads\/2025\/12\/4d01597f-db18-4c3f-9faf-7d16872b2071-150x150.jpg\" class=\"attachment-thumbnail size-thumbnail\" alt=\"\" \/><\/a>\n\t\t\t\t<\/dt><\/dl><dl class='gallery-item'>\n\t\t\t\t<dt class='gallery-icon portrait'>\n\t\t\t\t\t<a class=\"rollover rollover-zoom dt-pswp-item\" title=\"fba9e269-b098-44fd-b0f7-9f1660937034\" data-dt-img-description=\"\" data-large_image_width=\"1200\" data-large_image_height=\"1600\"href='https:\/\/www.radiopiu.net\/wordpress\/wp-content\/uploads\/2025\/12\/fba9e269-b098-44fd-b0f7-9f1660937034.jpg'><img loading=\"lazy\" decoding=\"async\" width=\"150\" height=\"150\" src=\"https:\/\/www.radiopiu.net\/wordpress\/wp-content\/uploads\/2025\/12\/fba9e269-b098-44fd-b0f7-9f1660937034-150x150.jpg\" class=\"attachment-thumbnail size-thumbnail\" alt=\"\" \/><\/a>\n\t\t\t\t<\/dt><\/dl><dl class='gallery-item'>\n\t\t\t\t<dt class='gallery-icon portrait'>\n\t\t\t\t\t<a class=\"rollover rollover-zoom dt-pswp-item\" title=\"30f3affa-6f5f-48f7-a8fe-532ce3493766\" data-dt-img-description=\"\" data-large_image_width=\"1200\" data-large_image_height=\"1600\"href='https:\/\/www.radiopiu.net\/wordpress\/wp-content\/uploads\/2025\/12\/30f3affa-6f5f-48f7-a8fe-532ce3493766.jpg'><img loading=\"lazy\" decoding=\"async\" width=\"150\" height=\"150\" src=\"https:\/\/www.radiopiu.net\/wordpress\/wp-content\/uploads\/2025\/12\/30f3affa-6f5f-48f7-a8fe-532ce3493766-150x150.jpg\" class=\"attachment-thumbnail size-thumbnail\" alt=\"\" \/><\/a>\n\t\t\t\t<\/dt><\/dl><dl class='gallery-item'>\n\t\t\t\t<dt class='gallery-icon portrait'>\n\t\t\t\t\t<a class=\"rollover rollover-zoom dt-pswp-item\" title=\"5c000307-ee8d-448f-8989-9cc9b9d5c8cd\" data-dt-img-description=\"\" data-large_image_width=\"1200\" data-large_image_height=\"1600\"href='https:\/\/www.radiopiu.net\/wordpress\/wp-content\/uploads\/2025\/12\/5c000307-ee8d-448f-8989-9cc9b9d5c8cd.jpg'><img loading=\"lazy\" decoding=\"async\" width=\"150\" height=\"150\" src=\"https:\/\/www.radiopiu.net\/wordpress\/wp-content\/uploads\/2025\/12\/5c000307-ee8d-448f-8989-9cc9b9d5c8cd-150x150.jpg\" class=\"attachment-thumbnail size-thumbnail\" alt=\"\" \/><\/a>\n\t\t\t\t<\/dt><\/dl><br style=\"clear: both\" \/><dl class='gallery-item'>\n\t\t\t\t<dt class='gallery-icon landscape'>\n\t\t\t\t\t<a class=\"rollover rollover-zoom dt-pswp-item\" title=\"0dd5381d-7ec9-43fd-ac38-dfedfd82fa2d\" data-dt-img-description=\"\" data-large_image_width=\"1600\" data-large_image_height=\"1200\"href='https:\/\/www.radiopiu.net\/wordpress\/wp-content\/uploads\/2025\/12\/0dd5381d-7ec9-43fd-ac38-dfedfd82fa2d.jpg'><img loading=\"lazy\" decoding=\"async\" width=\"150\" height=\"150\" src=\"https:\/\/www.radiopiu.net\/wordpress\/wp-content\/uploads\/2025\/12\/0dd5381d-7ec9-43fd-ac38-dfedfd82fa2d-150x150.jpg\" class=\"attachment-thumbnail size-thumbnail\" alt=\"\" \/><\/a>\n\t\t\t\t<\/dt><\/dl><dl class='gallery-item'>\n\t\t\t\t<dt class='gallery-icon portrait'>\n\t\t\t\t\t<a class=\"rollover rollover-zoom dt-pswp-item\" title=\"4683b04f-f4aa-4293-9300-15a929747579\" data-dt-img-description=\"\" data-large_image_width=\"1200\" data-large_image_height=\"1600\"href='https:\/\/www.radiopiu.net\/wordpress\/wp-content\/uploads\/2025\/12\/4683b04f-f4aa-4293-9300-15a929747579.jpg'><img loading=\"lazy\" decoding=\"async\" width=\"150\" height=\"150\" src=\"https:\/\/www.radiopiu.net\/wordpress\/wp-content\/uploads\/2025\/12\/4683b04f-f4aa-4293-9300-15a929747579-150x150.jpg\" class=\"attachment-thumbnail size-thumbnail\" alt=\"\" \/><\/a>\n\t\t\t\t<\/dt><\/dl><dl class='gallery-item'>\n\t\t\t\t<dt class='gallery-icon landscape'>\n\t\t\t\t\t<a class=\"rollover rollover-zoom dt-pswp-item\" title=\"0194de86-43f7-4380-9770-484e7ddaff52\" data-dt-img-description=\"\" data-large_image_width=\"1600\" data-large_image_height=\"1200\"href='https:\/\/www.radiopiu.net\/wordpress\/wp-content\/uploads\/2025\/12\/0194de86-43f7-4380-9770-484e7ddaff52.jpg'><img loading=\"lazy\" decoding=\"async\" width=\"150\" height=\"150\" src=\"https:\/\/www.radiopiu.net\/wordpress\/wp-content\/uploads\/2025\/12\/0194de86-43f7-4380-9770-484e7ddaff52-150x150.jpg\" class=\"attachment-thumbnail size-thumbnail\" alt=\"\" \/><\/a>\n\t\t\t\t<\/dt><\/dl><dl class='gallery-item'>\n\t\t\t\t<dt class='gallery-icon portrait'>\n\t\t\t\t\t<a class=\"rollover rollover-zoom dt-pswp-item\" title=\"bf04fbe5-e682-4c1f-941c-57599baf20da\" data-dt-img-description=\"\" data-large_image_width=\"1200\" data-large_image_height=\"1600\"href='https:\/\/www.radiopiu.net\/wordpress\/wp-content\/uploads\/2025\/12\/bf04fbe5-e682-4c1f-941c-57599baf20da.jpg'><img loading=\"lazy\" decoding=\"async\" width=\"150\" height=\"150\" src=\"https:\/\/www.radiopiu.net\/wordpress\/wp-content\/uploads\/2025\/12\/bf04fbe5-e682-4c1f-941c-57599baf20da-150x150.jpg\" class=\"attachment-thumbnail size-thumbnail\" alt=\"\" \/><\/a>\n\t\t\t\t<\/dt><\/dl>\n\t\t\t\t<br style='clear: both' \/>\n\t\t\t<\/div>\n\n<p>&nbsp;<\/p>\n<p>&nbsp;<\/p>\n<p>&nbsp;<\/p>\n<p>***********<\/p>\n","protected":false},"excerpt":{"rendered":"<p>******** &nbsp; DI TIZIANO DE COL In occasione del ventennale del restauro della Chiesa di San Michele Arcangelo (2005\u20132025), viene proposto un momento di memoria e valorizzazione di un intervento che ha segnato profondamente la comunit\u00e0. I lavori, conclusi nel 2005, hanno restituito alla chiesa il suo splendore originario, salvaguardando un patrimonio storico, artistico e&hellip;<\/p>\n","protected":false},"author":4,"featured_media":485881,"comment_status":"closed","ping_status":"closed","sticky":false,"template":"","format":"standard","meta":{"_monsterinsights_skip_tracking":false,"_monsterinsights_sitenote_active":false,"_monsterinsights_sitenote_note":"","_monsterinsights_sitenote_category":0,"footnotes":""},"categories":[51,49],"tags":[],"class_list":["post-485861","post","type-post","status-publish","format-standard","has-post-thumbnail","hentry","category-evidenza-top","category-news-18","category-51","category-49","description-off"],"img_url":"https:\/\/www.radiopiu.net\/wordpress\/wp-content\/uploads\/2025\/12\/2d12ccf5-deb7-48e0-9d06-d7acc814aca4.jpg","_links":{"self":[{"href":"https:\/\/www.radiopiu.net\/wordpress\/wp-json\/wp\/v2\/posts\/485861","targetHints":{"allow":["GET"]}}],"collection":[{"href":"https:\/\/www.radiopiu.net\/wordpress\/wp-json\/wp\/v2\/posts"}],"about":[{"href":"https:\/\/www.radiopiu.net\/wordpress\/wp-json\/wp\/v2\/types\/post"}],"author":[{"embeddable":true,"href":"https:\/\/www.radiopiu.net\/wordpress\/wp-json\/wp\/v2\/users\/4"}],"replies":[{"embeddable":true,"href":"https:\/\/www.radiopiu.net\/wordpress\/wp-json\/wp\/v2\/comments?post=485861"}],"version-history":[{"count":4,"href":"https:\/\/www.radiopiu.net\/wordpress\/wp-json\/wp\/v2\/posts\/485861\/revisions"}],"predecessor-version":[{"id":485894,"href":"https:\/\/www.radiopiu.net\/wordpress\/wp-json\/wp\/v2\/posts\/485861\/revisions\/485894"}],"wp:featuredmedia":[{"embeddable":true,"href":"https:\/\/www.radiopiu.net\/wordpress\/wp-json\/wp\/v2\/media\/485881"}],"wp:attachment":[{"href":"https:\/\/www.radiopiu.net\/wordpress\/wp-json\/wp\/v2\/media?parent=485861"}],"wp:term":[{"taxonomy":"category","embeddable":true,"href":"https:\/\/www.radiopiu.net\/wordpress\/wp-json\/wp\/v2\/categories?post=485861"},{"taxonomy":"post_tag","embeddable":true,"href":"https:\/\/www.radiopiu.net\/wordpress\/wp-json\/wp\/v2\/tags?post=485861"}],"curies":[{"name":"wp","href":"https:\/\/api.w.org\/{rel}","templated":true}]}}