{"id":485884,"date":"2025-12-15T13:27:09","date_gmt":"2025-12-15T12:27:09","guid":{"rendered":"https:\/\/www.radiopiu.net\/wordpress\/?p=485884"},"modified":"2025-12-14T22:07:55","modified_gmt":"2025-12-14T21:07:55","slug":"i-racconti-di-paolo-soppelsa-puntata-306","status":"publish","type":"post","link":"https:\/\/www.radiopiu.net\/wordpress\/i-racconti-di-paolo-soppelsa-puntata-306\/","title":{"rendered":"I RACCONTI DI PAOLO SOPPELSA &#8211; PUNTATA 306"},"content":{"rendered":"<p>********<\/p>\n<p>&nbsp;<\/p>\n<p><strong>TEMPO D&#8217;INVERNO (PENSIERI A CASO)<\/strong><\/p>\n<p><strong>AUDIO<\/strong><\/p>\n<audio class=\"wp-audio-shortcode\" id=\"audio-485884-1\" preload=\"none\" style=\"width: 100%;\" controls=\"controls\"><source type=\"audio\/mpeg\" src=\"https:\/\/www.radiopiu.net\/wordpress\/wp-content\/uploads\/2025\/12\/PAOLOS-1.mp3?_=1\" \/><a href=\"https:\/\/www.radiopiu.net\/wordpress\/wp-content\/uploads\/2025\/12\/PAOLOS-1.mp3\">https:\/\/www.radiopiu.net\/wordpress\/wp-content\/uploads\/2025\/12\/PAOLOS-1.mp3<\/a><\/audio>\n<p>&nbsp;<\/p>\n<p><a class=\"dt-pswp-item\" href=\"https:\/\/www.radiopiu.net\/wordpress\/wp-content\/uploads\/2025\/12\/10fcc601-0002-4b93-b8d0-c1888ecb3a12.jpg\" data-dt-img-description=\"\" data-large_image_width=\"1080\" data-large_image_height=\"810\"><img loading=\"lazy\" decoding=\"async\" class=\" wp-image-485886 alignleft\" src=\"https:\/\/www.radiopiu.net\/wordpress\/wp-content\/uploads\/2025\/12\/10fcc601-0002-4b93-b8d0-c1888ecb3a12-300x225.jpg\" alt=\"\" width=\"177\" height=\"133\" srcset=\"https:\/\/www.radiopiu.net\/wordpress\/wp-content\/uploads\/2025\/12\/10fcc601-0002-4b93-b8d0-c1888ecb3a12-300x225.jpg 300w, https:\/\/www.radiopiu.net\/wordpress\/wp-content\/uploads\/2025\/12\/10fcc601-0002-4b93-b8d0-c1888ecb3a12-1024x768.jpg 1024w, https:\/\/www.radiopiu.net\/wordpress\/wp-content\/uploads\/2025\/12\/10fcc601-0002-4b93-b8d0-c1888ecb3a12-768x576.jpg 768w, https:\/\/www.radiopiu.net\/wordpress\/wp-content\/uploads\/2025\/12\/10fcc601-0002-4b93-b8d0-c1888ecb3a12.jpg 1080w\" sizes=\"auto, (max-width: 177px) 100vw, 177px\" \/><\/a>Di quelle lontane domeniche d&#8217;inizio dicembre ricordo il freddo, le albe lente e i tramonti improvvisi. E poi i silenzi che vivevo di fronte al Pelsa carico della prima neve. Se penso a quei giorni gelidi e brevi d&#8217;inizio inverno sento sulla pelle il pizzicare delle dolcevite acriliche, il profumo di gomma degli stivali blu ed il frusciare della pesante giacca a vento rossa e nera. Di quei tempi di quasi Natale rammento i cieli grigi che chiamavano neve, le righe di luminarie intermittenti che adornavano i profili di tetti e terrazzi, e poi l&#8217;acqua gelata delle fontane e la neve sporca di ghiaino ammucchiata sotto i guardrail. Di quelle lunghe sere di montagna ricordo la porta azzurra della cantina e le infinite stelle sopra lo Spiz de Medod\u00ec. La luce fioca della lampadina e l\u2019ingrigire dei salami appesi da poco ai bastoni. Rammento le mani di pap\u00e0 che tastavano quei salami costati freddo e fatica di fine novembre, ricordo il ronzio monotono del congelatore colmo fino al coperchio di carne nuova. Memoria dei sedili beige della Ritmo che correva lungo la 203 in direzione San Tomaso, ricordi della neve che si incontrava appena superato il Ponte dei Castei. Ricordi del cielo colorato di un azzurro stinto durante le giornate serene, presagio di notti gelide. Di quei corti pomeriggi di met\u00e0 dicembre rammento lo scricchiolare del ghiaccio lungo la scalinata che conduceva di fronte alla porta della stalla, ricordo l\u2019afferrare la ringhiera di legno che aiutava a mantenere l&#8217;equilibrio su quel ghiaccio severo e lucente. Poi la porta bianca della cucina, con i due vetri zigrinati sulla meta superiore, e il calore potente che ci accoglieva e ristorava appena entrati. La Fiesta che mi offriva la nonna, che poi diventavano due Fieste, il bicchiere di bianco che il nonno offriva a pap\u00e0. Rammento il timido gocciolare del mezzogiorno della neve sul tetto del tabi\u00e0, ricordo i ghiaccioli lunghi e puntuti che si formavano mentre la sera scendeva sulla valle. E poi il calore pesante sprigionato dal fornel, il manico nodoso e annerito della forca a due denti, quella che al mattino spingeva i fas\u00ecn all&#8217;interno della bocca vorace del fornel. Rammento quel caldo forte che entrava nella schiena e sgelava le dita gelate dai giochi con la neve, ricordo le parole in dialetto e i saluti di quando era giunta l&#8217;ora di fare ritorno in citt\u00e0. Profumo di minestra che bolliva sul gas mentre noi eravamo con le borse in mano pronti a partire. E poi, appena usciti fuori casa, il buio profondo delle sere d&#8217;inverno e aldil\u00e0 della valle il brillare delle due Stelle del Pelsa. Quaranta minuti scarsi di viaggio, e poi quel sentore malinconico di fine settimana finito e profumo di un&#8217;altra minestra cucinata su di un gas di citt\u00e0. Novantesimo Minuto, la schedina del Tototocalcio, le quote popolari e il pensiero per loro rimasti lass\u00f9, che a quell&#8217;ora erano gi\u00e0 a letto mentre il fuoco lentamente moriva. Parole, gesti e neve, freddo e silenzi. Calore di fuoco e di affetti, viaggi in macchina e profumo di salami nuovi. E poi stelle d&#8217;inverno e abiti pesanti, guanti e berretti e boschi addormentati.<br \/>\nDi quel tempo ormai andato \u00e8 rimasto tutto, nulla \u00e8 andato perduto.<\/p>\n<p>&nbsp;<\/p>\n<p>&nbsp;<\/p>\n<p>&nbsp;<\/p>\n<p>&nbsp;<\/p>\n<p>**********<\/p>\n","protected":false},"excerpt":{"rendered":"<p>******** &nbsp; TEMPO D&#8217;INVERNO (PENSIERI A CASO) AUDIO &nbsp; Di quelle lontane domeniche d&#8217;inizio dicembre ricordo il freddo, le albe lente e i tramonti improvvisi. E poi i silenzi che vivevo di fronte al Pelsa carico della prima neve. Se penso a quei giorni gelidi e brevi d&#8217;inizio inverno sento sulla pelle il pizzicare delle&hellip;<\/p>\n","protected":false},"author":4,"featured_media":485886,"comment_status":"closed","ping_status":"closed","sticky":false,"template":"","format":"standard","meta":{"_monsterinsights_skip_tracking":false,"_monsterinsights_sitenote_active":false,"_monsterinsights_sitenote_note":"","_monsterinsights_sitenote_category":0,"footnotes":""},"categories":[104,49,112],"tags":[],"class_list":["post-485884","post","type-post","status-publish","format-standard","has-post-thumbnail","hentry","category-evidenza_3","category-news-18","category-racconti-soppelsa","category-104","category-49","category-112","description-off"],"img_url":"https:\/\/www.radiopiu.net\/wordpress\/wp-content\/uploads\/2025\/12\/10fcc601-0002-4b93-b8d0-c1888ecb3a12.jpg","_links":{"self":[{"href":"https:\/\/www.radiopiu.net\/wordpress\/wp-json\/wp\/v2\/posts\/485884","targetHints":{"allow":["GET"]}}],"collection":[{"href":"https:\/\/www.radiopiu.net\/wordpress\/wp-json\/wp\/v2\/posts"}],"about":[{"href":"https:\/\/www.radiopiu.net\/wordpress\/wp-json\/wp\/v2\/types\/post"}],"author":[{"embeddable":true,"href":"https:\/\/www.radiopiu.net\/wordpress\/wp-json\/wp\/v2\/users\/4"}],"replies":[{"embeddable":true,"href":"https:\/\/www.radiopiu.net\/wordpress\/wp-json\/wp\/v2\/comments?post=485884"}],"version-history":[{"count":1,"href":"https:\/\/www.radiopiu.net\/wordpress\/wp-json\/wp\/v2\/posts\/485884\/revisions"}],"predecessor-version":[{"id":485887,"href":"https:\/\/www.radiopiu.net\/wordpress\/wp-json\/wp\/v2\/posts\/485884\/revisions\/485887"}],"wp:featuredmedia":[{"embeddable":true,"href":"https:\/\/www.radiopiu.net\/wordpress\/wp-json\/wp\/v2\/media\/485886"}],"wp:attachment":[{"href":"https:\/\/www.radiopiu.net\/wordpress\/wp-json\/wp\/v2\/media?parent=485884"}],"wp:term":[{"taxonomy":"category","embeddable":true,"href":"https:\/\/www.radiopiu.net\/wordpress\/wp-json\/wp\/v2\/categories?post=485884"},{"taxonomy":"post_tag","embeddable":true,"href":"https:\/\/www.radiopiu.net\/wordpress\/wp-json\/wp\/v2\/tags?post=485884"}],"curies":[{"name":"wp","href":"https:\/\/api.w.org\/{rel}","templated":true}]}}